{"id":31891,"date":"2016-07-12T20:48:48","date_gmt":"2016-07-12T19:18:48","guid":{"rendered":"http:\/\/candas365.es\/noticias\/?p=31891"},"modified":"2016-07-12T20:48:48","modified_gmt":"2016-07-12T19:18:48","slug":"el-brasileno-douglas-costa-se-perdera-los-juegos-en-rio-por-lesion","status":"publish","type":"post","link":"https:\/\/candas365.es\/noticias\/el-brasileno-douglas-costa-se-perdera-los-juegos-en-rio-por-lesion\/","title":{"rendered":"El brasile\u00f1o Douglas Costa se perder\u00e1 los Juegos en R\u00edo por lesi\u00f3n"},"content":{"rendered":"<p>M\u00fanich, 12 jul (dpa) &#8211; El Bayern M\u00fanich no dar\u00e1 permiso al brasile\u00f1o Douglas Costa para participar en los Juegos Ol\u00edmpicos de R\u00edo de Janeiro debido a una lesi\u00f3n, seg\u00fan comunic\u00f3 el lunes el club de f\u00fatbol alem\u00e1n.<\/p>\n<p>El delantero no se ha recuperado del todo de una lesi\u00f3n que arrastra en el muslo izquierdo, se\u00f1al\u00f3 el club al inicio de sus entrenamientos de pretemporada.<\/p>\n<p>Por ello, \u00abel Bayern M\u00fanich ha informado a la federaci\u00f3n brasile\u00f1a que no puede poner a Costa a disposici\u00f3n\u00bb, agreg\u00f3.<\/p>\n<p>\u00abLo lamento mucho\u00bb, se\u00f1al\u00f3 el presidente del club germano, Karl-Heinz Rummenigge, en el comunicado. \u00abTodos dese\u00e1bamos que Douglas participe en los Juegos Ol\u00edmpicos en su pa\u00eds. Pero la salud del jugador es primero\u00bb, argument\u00f3 Rummenigge.<\/p>\n<p>Costa fue examinado este lunes por los m\u00e9dicos del Bayern. El delantero se quedar\u00e1 en las pr\u00f3ximas semanas en M\u00fanich para seguir con su recuperaci\u00f3n, seg\u00fan el club.<\/p>\n<p>Los Juegos, los primeros celebrados en Sudam\u00e9rica, empezar\u00e1n en poco m\u00e1s de tres semanas (del 5 al 21 de agosto). La selecci\u00f3n brasile\u00f1a aspira a obtener ah\u00ed el primer oro ol\u00edmpico de su historia, el \u00fanico gran trofeo que le falta.<\/p>\n<p>Costa estaba llamado a liderar a la \u00abcanarinha\u00bb en los Juegos junto con la estrella del Barcelona Neymar. El pentacampe\u00f3n del mundo pasa actualmente por una de las peores crisis futbol\u00edsticas de su historia, fuera de los puestos de clasificaci\u00f3n para Rusia 2018 en las eliminatorias sudamericanas y eliminado en la fase de grupos de la Copa Am\u00e9rica, situaci\u00f3n que le cost\u00f3 el puesto al entrenador Dunga.<\/p>\n","protected":false},"excerpt":{"rendered":"<p>M\u00fanich, 12 jul (dpa) &#8211; El Bayern M\u00fanich no dar\u00e1 permiso al brasile\u00f1o Douglas Costa para participar en los Juegos Ol\u00edmpicos de R\u00edo de Janeiro debido a una lesi\u00f3n, seg\u00fan comunic\u00f3 el lunes el club de f\u00fatbol alem\u00e1n. El delantero no se ha recuperado del todo de una lesi\u00f3n que arrastra en el muslo izquierdo,<\/p>\n","protected":false},"author":1,"featured_media":16457,"comment_status":"closed","ping_status":"closed","sticky":false,"template":"","format":"standard","meta":{"footnotes":""},"categories":[343],"tags":[],"class_list":{"0":"post-31891","1":"post","2":"type-post","3":"status-publish","4":"format-standard","5":"has-post-thumbnail","7":"category-actualidad"},"aioseo_notices":[],"aioseo_head":"\n\t\t<!-- All in One SEO Pro 4.9.6.2 - aioseo.com -->\n\t<meta name=\"description\" content=\"M\u00fanich, 12 jul (dpa) - El Bayern M\u00fanich no dar\u00e1 permiso al brasile\u00f1o Douglas Costa para participar en los Juegos Ol\u00edmpicos de R\u00edo de Janeiro debido a una lesi\u00f3n, seg\u00fan comunic\u00f3 el lunes el club de f\u00fatbol alem\u00e1n. El delantero no se ha recuperado del todo de una lesi\u00f3n que arrastra en el muslo izquierdo,\" \/>\n\t<meta name=\"robots\" content=\"max-image-preview:large\" \/>\n\t<meta name=\"author\" content=\"Cand\u00e1s 365\"\/>\n\t<meta name=\"google-site-verification\" content=\"UA-32230408-1\" \/>\n\t<meta name=\"msvalidate.01\" content=\"354F3CDFB2DA171B47FBE9ABF1F88D5\" \/>\n\t<meta name=\"keywords\" content=\"actualidad\" \/>\n\t<link rel=\"canonical\" href=\"https:\/\/candas365.es\/noticias\/el-brasileno-douglas-costa-se-perdera-los-juegos-en-rio-por-lesion\/\" \/>\n\t<meta name=\"generator\" content=\"All in One SEO Pro (AIOSEO) 4.9.6.2\" \/>\n\t\t<meta property=\"og:locale\" content=\"es_ES\" \/>\n\t\t<meta property=\"og:site_name\" content=\"Cand\u00e1s 365\" \/>\n\t\t<meta property=\"og:type\" content=\"article\" \/>\n\t\t<meta property=\"og:title\" content=\"El brasile\u00f1o Douglas Costa se perder\u00e1 los Juegos en R\u00edo por lesi\u00f3n | Cand\u00e1s 365\" \/>\n\t\t<meta property=\"og:description\" content=\"M\u00fanich, 12 jul (dpa) - El Bayern M\u00fanich no dar\u00e1 permiso al brasile\u00f1o Douglas Costa para participar en los Juegos Ol\u00edmpicos de R\u00edo de Janeiro debido a una lesi\u00f3n, seg\u00fan comunic\u00f3 el lunes el club de f\u00fatbol alem\u00e1n. El delantero no se ha recuperado del todo de una lesi\u00f3n que arrastra en el muslo izquierdo,\" \/>\n\t\t<meta property=\"og:url\" content=\"https:\/\/candas365.es\/noticias\/el-brasileno-douglas-costa-se-perdera-los-juegos-en-rio-por-lesion\/\" \/>\n\t\t<meta property=\"og:image\" content=\"https:\/\/candas365.es\/noticias\/wp-content\/uploads\/2015\/09\/c365noticias.jpg\" \/>\n\t\t<meta property=\"og:image:secure_url\" content=\"https:\/\/candas365.es\/noticias\/wp-content\/uploads\/2015\/09\/c365noticias.jpg\" \/>\n\t\t<meta property=\"og:image:width\" content=\"655\" \/>\n\t\t<meta property=\"og:image:height\" content=\"360\" \/>\n\t\t<meta property=\"article:published_time\" content=\"2016-07-12T19:18:48+00:00\" \/>\n\t\t<meta property=\"article:modified_time\" content=\"2016-07-12T19:18:48+00:00\" \/>\n\t\t<meta property=\"article:publisher\" content=\"https:\/\/www.facebook.com\/Nachofdezber\" \/>\n\t\t<meta property=\"article:author\" content=\"https:\/\/www.facebook.com\/carrenoactualidad\" \/>\n\t\t<meta name=\"twitter:card\" content=\"summary_large_image\" \/>\n\t\t<meta name=\"twitter:site\" content=\"@NabercoDigital\" \/>\n\t\t<meta name=\"twitter:title\" content=\"El brasile\u00f1o Douglas Costa se perder\u00e1 los Juegos en R\u00edo por lesi\u00f3n | Cand\u00e1s 365\" \/>\n\t\t<meta name=\"twitter:description\" content=\"M\u00fanich, 12 jul (dpa) - El Bayern M\u00fanich no dar\u00e1 permiso al brasile\u00f1o Douglas Costa para participar en los Juegos Ol\u00edmpicos de R\u00edo de Janeiro debido a una lesi\u00f3n, seg\u00fan comunic\u00f3 el lunes el club de f\u00fatbol alem\u00e1n. El delantero no se ha recuperado del todo de una lesi\u00f3n que arrastra en el muslo izquierdo,\" \/>\n\t\t<meta name=\"twitter:creator\" content=\"@nbasturias\" \/>\n\t\t<meta name=\"twitter:image\" content=\"https:\/\/candas365.es\/noticias\/wp-content\/uploads\/2015\/09\/c365noticias.jpg\" \/>\n\t\t<meta name=\"twitter:label1\" content=\"Escrito por\" \/>\n\t\t<meta name=\"twitter:data1\" content=\"Cand\u00e1s 365\" \/>\n\t\t<meta name=\"twitter:label2\" content=\"Tiempo de lectura estimado\" \/>\n\t\t<meta name=\"twitter:data2\" content=\"1 minuto\" \/>\n\t\t<script type=\"application\/ld+json\" class=\"aioseo-schema\">\n\t\t\t{\"@context\":\"https:\\\/\\\/schema.org\",\"@graph\":[{\"@type\":\"BreadcrumbList\",\"@id\":\"https:\\\/\\\/candas365.es\\\/noticias\\\/el-brasileno-douglas-costa-se-perdera-los-juegos-en-rio-por-lesion\\\/#breadcrumblist\",\"itemListElement\":[{\"@type\":\"ListItem\",\"@id\":\"https:\\\/\\\/candas365.es\\\/noticias#listItem\",\"position\":1,\"name\":\"Home\",\"item\":\"https:\\\/\\\/candas365.es\\\/noticias\",\"nextItem\":{\"@type\":\"ListItem\",\"@id\":\"https:\\\/\\\/candas365.es\\\/noticias\\\/category\\\/actualidad\\\/#listItem\",\"name\":\"Actualidad\"}},{\"@type\":\"ListItem\",\"@id\":\"https:\\\/\\\/candas365.es\\\/noticias\\\/category\\\/actualidad\\\/#listItem\",\"position\":2,\"name\":\"Actualidad\",\"item\":\"https:\\\/\\\/candas365.es\\\/noticias\\\/category\\\/actualidad\\\/\",\"nextItem\":{\"@type\":\"ListItem\",\"@id\":\"https:\\\/\\\/candas365.es\\\/noticias\\\/el-brasileno-douglas-costa-se-perdera-los-juegos-en-rio-por-lesion\\\/#listItem\",\"name\":\"El brasile\\u00f1o Douglas Costa se perder\\u00e1 los Juegos en R\\u00edo por lesi\\u00f3n\"},\"previousItem\":{\"@type\":\"ListItem\",\"@id\":\"https:\\\/\\\/candas365.es\\\/noticias#listItem\",\"name\":\"Home\"}},{\"@type\":\"ListItem\",\"@id\":\"https:\\\/\\\/candas365.es\\\/noticias\\\/el-brasileno-douglas-costa-se-perdera-los-juegos-en-rio-por-lesion\\\/#listItem\",\"position\":3,\"name\":\"El brasile\\u00f1o Douglas Costa se perder\\u00e1 los Juegos en R\\u00edo por lesi\\u00f3n\",\"previousItem\":{\"@type\":\"ListItem\",\"@id\":\"https:\\\/\\\/candas365.es\\\/noticias\\\/category\\\/actualidad\\\/#listItem\",\"name\":\"Actualidad\"}}]},{\"@type\":\"NewsArticle\",\"@id\":\"https:\\\/\\\/candas365.es\\\/noticias\\\/el-brasileno-douglas-costa-se-perdera-los-juegos-en-rio-por-lesion\\\/#newsarticle\",\"name\":\"El brasile\\u00f1o Douglas Costa se perder\\u00e1 los Juegos en R\\u00edo por lesi\\u00f3n | Cand\\u00e1s 365\",\"headline\":\"El brasile\\u00f1o Douglas Costa se perder\\u00e1 los Juegos en R\\u00edo por lesi\\u00f3n\",\"author\":{\"@id\":\"https:\\\/\\\/candas365.es\\\/noticias\\\/author\\\/admin\\\/#author\"},\"publisher\":{\"@id\":\"https:\\\/\\\/candas365.es\\\/noticias\\\/#organization\"},\"image\":{\"@type\":\"ImageObject\",\"url\":\"https:\\\/\\\/candas365.es\\\/noticias\\\/wp-content\\\/uploads\\\/2015\\\/09\\\/c365noticias.jpg\",\"width\":655,\"height\":360},\"datePublished\":\"2016-07-12T20:48:48+02:00\",\"dateModified\":\"2016-07-12T20:48:48+02:00\",\"inLanguage\":\"es-ES\",\"mainEntityOfPage\":{\"@id\":\"https:\\\/\\\/candas365.es\\\/noticias\\\/el-brasileno-douglas-costa-se-perdera-los-juegos-en-rio-por-lesion\\\/#webpage\"},\"isPartOf\":{\"@id\":\"https:\\\/\\\/candas365.es\\\/noticias\\\/el-brasileno-douglas-costa-se-perdera-los-juegos-en-rio-por-lesion\\\/#webpage\"},\"articleSection\":\"Actualidad\",\"dateline\":\"Publicado el julio 12, 2016.\"},{\"@type\":\"Organization\",\"@id\":\"https:\\\/\\\/candas365.es\\\/noticias\\\/#organization\",\"name\":\"Cand\\u00e1s 365\",\"description\":\"Cand\\u00e1s 365 es un diario digital independiente, fundado en 2012, con base en Asturias. Informamos con rigor sobre actualidad, sociedad, cultura y ocio, con una mirada local y global.\",\"url\":\"https:\\\/\\\/candas365.es\\\/noticias\\\/\",\"email\":\"info@candas365.es\",\"telephone\":\"+34652131393\",\"foundingDate\":\"2012-06-10\",\"logo\":{\"@type\":\"ImageObject\",\"url\":\"https:\\\/\\\/candas365.es\\\/noticias\\\/wp-content\\\/uploads\\\/2024\\\/09\\\/Candas-365-Redes.jpg\",\"@id\":\"https:\\\/\\\/candas365.es\\\/noticias\\\/el-brasileno-douglas-costa-se-perdera-los-juegos-en-rio-por-lesion\\\/#organizationLogo\",\"width\":1152,\"height\":864,\"caption\":\"Cand\\u00e1s 365 Redes\"},\"image\":{\"@id\":\"https:\\\/\\\/candas365.es\\\/noticias\\\/el-brasileno-douglas-costa-se-perdera-los-juegos-en-rio-por-lesion\\\/#organizationLogo\"},\"sameAs\":[\"https:\\\/\\\/www.facebook.com\\\/Nachofdezber\",\"https:\\\/\\\/x.com\\\/NabercoDigital\",\"https:\\\/\\\/www.instagram.com\\\/nachofdezber\\\/\",\"https:\\\/\\\/www.youtube.com\\\/channel\\\/UCZP-2wLEB9Rv6erhFmqVnvg\"],\"address\":{\"@id\":\"https:\\\/\\\/candas365.es\\\/noticias\\\/#postaladdress\",\"@type\":\"PostalAddress\",\"streetAddress\":\"san antonio 4, san antonio 4\",\"postalCode\":\"33430\",\"addressLocality\":\"Cand\\u00e1s\",\"addressRegion\":\"Asturias\",\"addressCountry\":\"ES\"}},{\"@type\":\"Person\",\"@id\":\"https:\\\/\\\/candas365.es\\\/noticias\\\/author\\\/admin\\\/#author\",\"url\":\"https:\\\/\\\/candas365.es\\\/noticias\\\/author\\\/admin\\\/\",\"name\":\"Cand\\u00e1s 365\",\"image\":{\"@type\":\"ImageObject\",\"@id\":\"https:\\\/\\\/candas365.es\\\/noticias\\\/el-brasileno-douglas-costa-se-perdera-los-juegos-en-rio-por-lesion\\\/#authorImage\",\"url\":\"https:\\\/\\\/secure.gravatar.com\\\/avatar\\\/496a8e03d0c493ede1718b7934145dbdf8d89be1036b0eec9544e1094c9de390?s=96&d=mm&r=g\",\"width\":96,\"height\":96,\"caption\":\"Cand\\u00e1s 365\"},\"sameAs\":[\"https:\\\/\\\/www.facebook.com\\\/carrenoactualidad\",\"https:\\\/\\\/twitter.com\\\/nbasturias\",\"https:\\\/\\\/www.instagram.com\\\/nachofdezber\\\/\",\"https:\\\/\\\/www.youtube.com\\\/channel\\\/UCZP-2wLEB9Rv6erhFmqVnvg\"]},{\"@type\":\"WebPage\",\"@id\":\"https:\\\/\\\/candas365.es\\\/noticias\\\/el-brasileno-douglas-costa-se-perdera-los-juegos-en-rio-por-lesion\\\/#webpage\",\"url\":\"https:\\\/\\\/candas365.es\\\/noticias\\\/el-brasileno-douglas-costa-se-perdera-los-juegos-en-rio-por-lesion\\\/\",\"name\":\"El brasile\\u00f1o Douglas Costa se perder\\u00e1 los Juegos en R\\u00edo por lesi\\u00f3n | Cand\\u00e1s 365\",\"description\":\"M\\u00fanich, 12 jul (dpa) - El Bayern M\\u00fanich no dar\\u00e1 permiso al brasile\\u00f1o Douglas Costa para participar en los Juegos Ol\\u00edmpicos de R\\u00edo de Janeiro debido a una lesi\\u00f3n, seg\\u00fan comunic\\u00f3 el lunes el club de f\\u00fatbol alem\\u00e1n. El delantero no se ha recuperado del todo de una lesi\\u00f3n que arrastra en el muslo izquierdo,\",\"inLanguage\":\"es-ES\",\"isPartOf\":{\"@id\":\"https:\\\/\\\/candas365.es\\\/noticias\\\/#website\"},\"breadcrumb\":{\"@id\":\"https:\\\/\\\/candas365.es\\\/noticias\\\/el-brasileno-douglas-costa-se-perdera-los-juegos-en-rio-por-lesion\\\/#breadcrumblist\"},\"author\":{\"@id\":\"https:\\\/\\\/candas365.es\\\/noticias\\\/author\\\/admin\\\/#author\"},\"creator\":{\"@id\":\"https:\\\/\\\/candas365.es\\\/noticias\\\/author\\\/admin\\\/#author\"},\"image\":{\"@type\":\"ImageObject\",\"url\":\"https:\\\/\\\/candas365.es\\\/noticias\\\/wp-content\\\/uploads\\\/2015\\\/09\\\/c365noticias.jpg\",\"@id\":\"https:\\\/\\\/candas365.es\\\/noticias\\\/el-brasileno-douglas-costa-se-perdera-los-juegos-en-rio-por-lesion\\\/#mainImage\",\"width\":655,\"height\":360},\"primaryImageOfPage\":{\"@id\":\"https:\\\/\\\/candas365.es\\\/noticias\\\/el-brasileno-douglas-costa-se-perdera-los-juegos-en-rio-por-lesion\\\/#mainImage\"},\"datePublished\":\"2016-07-12T20:48:48+02:00\",\"dateModified\":\"2016-07-12T20:48:48+02:00\"},{\"@type\":\"WebSite\",\"@id\":\"https:\\\/\\\/candas365.es\\\/noticias\\\/#website\",\"url\":\"https:\\\/\\\/candas365.es\\\/noticias\\\/\",\"name\":\"Cand\\u00e1s 365\",\"alternateName\":\"Cand\\u00e1s 365 Noticias\",\"description\":\"Actualidad desde Carre\\u00f1o para el mundo\",\"inLanguage\":\"es-ES\",\"publisher\":{\"@id\":\"https:\\\/\\\/candas365.es\\\/noticias\\\/#organization\"}}]}\n\t\t<\/script>\n\t\t<!-- All in One SEO Pro -->\r\n\t\t<title>El brasile\u00f1o Douglas Costa se perder\u00e1 los Juegos en R\u00edo por lesi\u00f3n | Cand\u00e1s 365<\/title>\n\n","aioseo_head_json":{"title":"El brasile\u00f1o Douglas Costa se perder\u00e1 los Juegos en R\u00edo por lesi\u00f3n | Cand\u00e1s 365","description":"M\u00fanich, 12 jul (dpa) - El Bayern M\u00fanich no dar\u00e1 permiso al brasile\u00f1o Douglas Costa para participar en los Juegos Ol\u00edmpicos de R\u00edo de Janeiro debido a una lesi\u00f3n, seg\u00fan comunic\u00f3 el lunes el club de f\u00fatbol alem\u00e1n. El delantero no se ha recuperado del todo de una lesi\u00f3n que arrastra en el muslo izquierdo,","canonical_url":"https:\/\/candas365.es\/noticias\/el-brasileno-douglas-costa-se-perdera-los-juegos-en-rio-por-lesion\/","robots":"max-image-preview:large","keywords":"actualidad","webmasterTools":{"google-site-verification":"UA-32230408-1","msvalidate.01":"354F3CDFB2DA171B47FBE9ABF1F88D5","miscellaneous":""},"schema":{"@context":"https:\/\/schema.org","@graph":[{"@type":"BreadcrumbList","@id":"https:\/\/candas365.es\/noticias\/el-brasileno-douglas-costa-se-perdera-los-juegos-en-rio-por-lesion\/#breadcrumblist","itemListElement":[{"@type":"ListItem","@id":"https:\/\/candas365.es\/noticias#listItem","position":1,"name":"Home","item":"https:\/\/candas365.es\/noticias","nextItem":{"@type":"ListItem","@id":"https:\/\/candas365.es\/noticias\/category\/actualidad\/#listItem","name":"Actualidad"}},{"@type":"ListItem","@id":"https:\/\/candas365.es\/noticias\/category\/actualidad\/#listItem","position":2,"name":"Actualidad","item":"https:\/\/candas365.es\/noticias\/category\/actualidad\/","nextItem":{"@type":"ListItem","@id":"https:\/\/candas365.es\/noticias\/el-brasileno-douglas-costa-se-perdera-los-juegos-en-rio-por-lesion\/#listItem","name":"El brasile\u00f1o Douglas Costa se perder\u00e1 los Juegos en R\u00edo por lesi\u00f3n"},"previousItem":{"@type":"ListItem","@id":"https:\/\/candas365.es\/noticias#listItem","name":"Home"}},{"@type":"ListItem","@id":"https:\/\/candas365.es\/noticias\/el-brasileno-douglas-costa-se-perdera-los-juegos-en-rio-por-lesion\/#listItem","position":3,"name":"El brasile\u00f1o Douglas Costa se perder\u00e1 los Juegos en R\u00edo por lesi\u00f3n","previousItem":{"@type":"ListItem","@id":"https:\/\/candas365.es\/noticias\/category\/actualidad\/#listItem","name":"Actualidad"}}]},{"@type":"NewsArticle","@id":"https:\/\/candas365.es\/noticias\/el-brasileno-douglas-costa-se-perdera-los-juegos-en-rio-por-lesion\/#newsarticle","name":"El brasile\u00f1o Douglas Costa se perder\u00e1 los Juegos en R\u00edo por lesi\u00f3n | Cand\u00e1s 365","headline":"El brasile\u00f1o Douglas Costa se perder\u00e1 los Juegos en R\u00edo por lesi\u00f3n","author":{"@id":"https:\/\/candas365.es\/noticias\/author\/admin\/#author"},"publisher":{"@id":"https:\/\/candas365.es\/noticias\/#organization"},"image":{"@type":"ImageObject","url":"https:\/\/candas365.es\/noticias\/wp-content\/uploads\/2015\/09\/c365noticias.jpg","width":655,"height":360},"datePublished":"2016-07-12T20:48:48+02:00","dateModified":"2016-07-12T20:48:48+02:00","inLanguage":"es-ES","mainEntityOfPage":{"@id":"https:\/\/candas365.es\/noticias\/el-brasileno-douglas-costa-se-perdera-los-juegos-en-rio-por-lesion\/#webpage"},"isPartOf":{"@id":"https:\/\/candas365.es\/noticias\/el-brasileno-douglas-costa-se-perdera-los-juegos-en-rio-por-lesion\/#webpage"},"articleSection":"Actualidad","dateline":"Publicado el julio 12, 2016."},{"@type":"Organization","@id":"https:\/\/candas365.es\/noticias\/#organization","name":"Cand\u00e1s 365","description":"Cand\u00e1s 365 es un diario digital independiente, fundado en 2012, con base en Asturias. Informamos con rigor sobre actualidad, sociedad, cultura y ocio, con una mirada local y global.","url":"https:\/\/candas365.es\/noticias\/","email":"info@candas365.es","telephone":"+34652131393","foundingDate":"2012-06-10","logo":{"@type":"ImageObject","url":"https:\/\/candas365.es\/noticias\/wp-content\/uploads\/2024\/09\/Candas-365-Redes.jpg","@id":"https:\/\/candas365.es\/noticias\/el-brasileno-douglas-costa-se-perdera-los-juegos-en-rio-por-lesion\/#organizationLogo","width":1152,"height":864,"caption":"Cand\u00e1s 365 Redes"},"image":{"@id":"https:\/\/candas365.es\/noticias\/el-brasileno-douglas-costa-se-perdera-los-juegos-en-rio-por-lesion\/#organizationLogo"},"sameAs":["https:\/\/www.facebook.com\/Nachofdezber","https:\/\/x.com\/NabercoDigital","https:\/\/www.instagram.com\/nachofdezber\/","https:\/\/www.youtube.com\/channel\/UCZP-2wLEB9Rv6erhFmqVnvg"],"address":{"@id":"https:\/\/candas365.es\/noticias\/#postaladdress","@type":"PostalAddress","streetAddress":"san antonio 4, san antonio 4","postalCode":"33430","addressLocality":"Cand\u00e1s","addressRegion":"Asturias","addressCountry":"ES"}},{"@type":"Person","@id":"https:\/\/candas365.es\/noticias\/author\/admin\/#author","url":"https:\/\/candas365.es\/noticias\/author\/admin\/","name":"Cand\u00e1s 365","image":{"@type":"ImageObject","@id":"https:\/\/candas365.es\/noticias\/el-brasileno-douglas-costa-se-perdera-los-juegos-en-rio-por-lesion\/#authorImage","url":"https:\/\/secure.gravatar.com\/avatar\/496a8e03d0c493ede1718b7934145dbdf8d89be1036b0eec9544e1094c9de390?s=96&d=mm&r=g","width":96,"height":96,"caption":"Cand\u00e1s 365"},"sameAs":["https:\/\/www.facebook.com\/carrenoactualidad","https:\/\/twitter.com\/nbasturias","https:\/\/www.instagram.com\/nachofdezber\/","https:\/\/www.youtube.com\/channel\/UCZP-2wLEB9Rv6erhFmqVnvg"]},{"@type":"WebPage","@id":"https:\/\/candas365.es\/noticias\/el-brasileno-douglas-costa-se-perdera-los-juegos-en-rio-por-lesion\/#webpage","url":"https:\/\/candas365.es\/noticias\/el-brasileno-douglas-costa-se-perdera-los-juegos-en-rio-por-lesion\/","name":"El brasile\u00f1o Douglas Costa se perder\u00e1 los Juegos en R\u00edo por lesi\u00f3n | Cand\u00e1s 365","description":"M\u00fanich, 12 jul (dpa) - El Bayern M\u00fanich no dar\u00e1 permiso al brasile\u00f1o Douglas Costa para participar en los Juegos Ol\u00edmpicos de R\u00edo de Janeiro debido a una lesi\u00f3n, seg\u00fan comunic\u00f3 el lunes el club de f\u00fatbol alem\u00e1n. El delantero no se ha recuperado del todo de una lesi\u00f3n que arrastra en el muslo izquierdo,","inLanguage":"es-ES","isPartOf":{"@id":"https:\/\/candas365.es\/noticias\/#website"},"breadcrumb":{"@id":"https:\/\/candas365.es\/noticias\/el-brasileno-douglas-costa-se-perdera-los-juegos-en-rio-por-lesion\/#breadcrumblist"},"author":{"@id":"https:\/\/candas365.es\/noticias\/author\/admin\/#author"},"creator":{"@id":"https:\/\/candas365.es\/noticias\/author\/admin\/#author"},"image":{"@type":"ImageObject","url":"https:\/\/candas365.es\/noticias\/wp-content\/uploads\/2015\/09\/c365noticias.jpg","@id":"https:\/\/candas365.es\/noticias\/el-brasileno-douglas-costa-se-perdera-los-juegos-en-rio-por-lesion\/#mainImage","width":655,"height":360},"primaryImageOfPage":{"@id":"https:\/\/candas365.es\/noticias\/el-brasileno-douglas-costa-se-perdera-los-juegos-en-rio-por-lesion\/#mainImage"},"datePublished":"2016-07-12T20:48:48+02:00","dateModified":"2016-07-12T20:48:48+02:00"},{"@type":"WebSite","@id":"https:\/\/candas365.es\/noticias\/#website","url":"https:\/\/candas365.es\/noticias\/","name":"Cand\u00e1s 365","alternateName":"Cand\u00e1s 365 Noticias","description":"Actualidad desde Carre\u00f1o para el mundo","inLanguage":"es-ES","publisher":{"@id":"https:\/\/candas365.es\/noticias\/#organization"}}]},"og:locale":"es_ES","og:site_name":"Cand\u00e1s 365","og:type":"article","og:title":"El brasile\u00f1o Douglas Costa se perder\u00e1 los Juegos en R\u00edo por lesi\u00f3n | Cand\u00e1s 365","og:description":"M\u00fanich, 12 jul (dpa) - El Bayern M\u00fanich no dar\u00e1 permiso al brasile\u00f1o Douglas Costa para participar en los Juegos Ol\u00edmpicos de R\u00edo de Janeiro debido a una lesi\u00f3n, seg\u00fan comunic\u00f3 el lunes el club de f\u00fatbol alem\u00e1n. El delantero no se ha recuperado del todo de una lesi\u00f3n que arrastra en el muslo izquierdo,","og:url":"https:\/\/candas365.es\/noticias\/el-brasileno-douglas-costa-se-perdera-los-juegos-en-rio-por-lesion\/","og:image":"https:\/\/candas365.es\/noticias\/wp-content\/uploads\/2015\/09\/c365noticias.jpg","og:image:secure_url":"https:\/\/candas365.es\/noticias\/wp-content\/uploads\/2015\/09\/c365noticias.jpg","og:image:width":655,"og:image:height":360,"article:published_time":"2016-07-12T19:18:48+00:00","article:modified_time":"2016-07-12T19:18:48+00:00","article:publisher":"https:\/\/www.facebook.com\/Nachofdezber","article:author":"https:\/\/www.facebook.com\/carrenoactualidad","twitter:card":"summary_large_image","twitter:site":"@NabercoDigital","twitter:title":"El brasile\u00f1o Douglas Costa se perder\u00e1 los Juegos en R\u00edo por lesi\u00f3n | Cand\u00e1s 365","twitter:description":"M\u00fanich, 12 jul (dpa) - El Bayern M\u00fanich no dar\u00e1 permiso al brasile\u00f1o Douglas Costa para participar en los Juegos Ol\u00edmpicos de R\u00edo de Janeiro debido a una lesi\u00f3n, seg\u00fan comunic\u00f3 el lunes el club de f\u00fatbol alem\u00e1n. El delantero no se ha recuperado del todo de una lesi\u00f3n que arrastra en el muslo izquierdo,","twitter:creator":"@nbasturias","twitter:image":"https:\/\/candas365.es\/noticias\/wp-content\/uploads\/2015\/09\/c365noticias.jpg","twitter:label1":"Escrito por","twitter:data1":"Cand\u00e1s 365","twitter:label2":"Tiempo de lectura estimado","twitter:data2":"1 minuto"},"aioseo_meta_data":{"post_id":"31891","title":null,"description":null,"keywords":null,"keyphrases":null,"primary_term":null,"canonical_url":null,"og_title":null,"og_description":null,"og_object_type":"default","og_image_type":"default","og_image_url":null,"og_image_width":null,"og_image_height":null,"og_image_custom_url":null,"og_image_custom_fields":null,"og_video":null,"og_custom_url":null,"og_article_section":null,"og_article_tags":null,"twitter_use_og":false,"twitter_card":"default","twitter_image_type":"default","twitter_image_url":null,"twitter_image_custom_url":null,"twitter_image_custom_fields":null,"twitter_title":null,"twitter_description":null,"schema":{"blockGraphs":[],"customGraphs":[],"default":{"data":{"Article":[],"Course":[],"Dataset":[],"FAQPage":[],"Movie":[],"Person":[],"Product":[],"ProductReview":[],"Car":[],"Recipe":[],"Service":[],"SoftwareApplication":[],"WebPage":[]},"graphName":"","isEnabled":true},"graphs":[]},"schema_type":null,"schema_type_options":null,"pillar_content":false,"robots_default":true,"robots_noindex":false,"robots_noarchive":false,"robots_nosnippet":false,"robots_nofollow":false,"robots_noimageindex":false,"robots_noodp":false,"robots_notranslate":false,"robots_max_snippet":null,"robots_max_videopreview":null,"robots_max_imagepreview":"large","priority":null,"frequency":null,"location":null,"local_seo":null,"seo_analyzer_scan_date":"2025-08-24 14:34:10","breadcrumb_settings":null,"limit_modified_date":false,"reviewed_by":null,"open_ai":null,"ai":null,"created":"2020-12-21 13:02:03","updated":"2025-08-24 14:34:10"},"aioseo_breadcrumb":"<div class=\"aioseo-breadcrumbs\"><span class=\"aioseo-breadcrumb\">\n\t<a href=\"https:\/\/candas365.es\/noticias\" title=\"Home\">Home<\/a>\n<\/span><span class=\"aioseo-breadcrumb-separator\">&ndash;<\/span><span class=\"aioseo-breadcrumb\">\n\t<a href=\"https:\/\/candas365.es\/noticias\/category\/actualidad\/\" title=\"Actualidad\">Actualidad<\/a>\n<\/span><span class=\"aioseo-breadcrumb-separator\">&ndash;<\/span><span class=\"aioseo-breadcrumb\">\n\tEl brasile\u00f1o Douglas Costa se perder\u00e1 los Juegos en R\u00edo por lesi\u00f3n\n<\/span><\/div>","aioseo_breadcrumb_json":[{"label":"Home","link":"https:\/\/candas365.es\/noticias"},{"label":"Actualidad","link":"https:\/\/candas365.es\/noticias\/category\/actualidad\/"},{"label":"El brasile\u00f1o Douglas Costa se perder\u00e1 los Juegos en R\u00edo por lesi\u00f3n","link":"https:\/\/candas365.es\/noticias\/el-brasileno-douglas-costa-se-perdera-los-juegos-en-rio-por-lesion\/"}],"_links":{"self":[{"href":"https:\/\/candas365.es\/noticias\/wp-json\/wp\/v2\/posts\/31891","targetHints":{"allow":["GET"]}}],"collection":[{"href":"https:\/\/candas365.es\/noticias\/wp-json\/wp\/v2\/posts"}],"about":[{"href":"https:\/\/candas365.es\/noticias\/wp-json\/wp\/v2\/types\/post"}],"author":[{"embeddable":true,"href":"https:\/\/candas365.es\/noticias\/wp-json\/wp\/v2\/users\/1"}],"replies":[{"embeddable":true,"href":"https:\/\/candas365.es\/noticias\/wp-json\/wp\/v2\/comments?post=31891"}],"version-history":[{"count":0,"href":"https:\/\/candas365.es\/noticias\/wp-json\/wp\/v2\/posts\/31891\/revisions"}],"wp:featuredmedia":[{"embeddable":true,"href":"https:\/\/candas365.es\/noticias\/wp-json\/wp\/v2\/media\/16457"}],"wp:attachment":[{"href":"https:\/\/candas365.es\/noticias\/wp-json\/wp\/v2\/media?parent=31891"}],"wp:term":[{"taxonomy":"category","embeddable":true,"href":"https:\/\/candas365.es\/noticias\/wp-json\/wp\/v2\/categories?post=31891"},{"taxonomy":"post_tag","embeddable":true,"href":"https:\/\/candas365.es\/noticias\/wp-json\/wp\/v2\/tags?post=31891"}],"curies":[{"name":"wp","href":"https:\/\/api.w.org\/{rel}","templated":true}]}}