{"id":31887,"date":"2016-07-12T20:46:52","date_gmt":"2016-07-12T19:16:52","guid":{"rendered":"http:\/\/candas365.es\/noticias\/?p=31887"},"modified":"2016-07-12T20:46:52","modified_gmt":"2016-07-12T19:16:52","slug":"mercedes-acepta-la-penalizacion-a-rosberg-y-no-apelara-la-medida","status":"publish","type":"post","link":"https:\/\/candas365.es\/noticias\/mercedes-acepta-la-penalizacion-a-rosberg-y-no-apelara-la-medida\/","title":{"rendered":"Mercedes acepta la penalizaci\u00f3n a Rosberg y no apelar\u00e1 la medida"},"content":{"rendered":"<p>Brackley (Reino Unido), 12 jul (dpa) &#8211; El equipo Mercedes de F\u00f3rmula 1 decidi\u00f3 el lunes no apelar la sanci\u00f3n que sufri\u00f3 el domingo su piloto Nico Rosberg en el Gran Premio de Gran Breta\u00f1a en Silverstone.<\/p>\n<p>A trav\u00e9s de un comunicado, la escuder\u00eda asegur\u00f3 que acept\u00f3 \u00abla interpretaci\u00f3n de las normas por parte de los comisarios de la carrera, la decisi\u00f3n y el consiguiente castigo\u00bb.<\/p>\n<p>Rosberg, que hab\u00eda terminado la competencia en la segunda posici\u00f3n detr\u00e1s de su compa\u00f1ero de equipo, Lewis Hamilton, sufri\u00f3 una penalizaci\u00f3n de diez segundos por haber recibido ayuda de Mercedes a trav\u00e9s de la radio, algo que s\u00f3lo est\u00e1 permitido en determinadas ocasiones en la categor\u00eda.<\/p>\n<p>Cerca del final de la carrera, los ingenieros de Mercedes detectaron un problema en la caja de cambios del auto de Rosberg y le avisaron por radio del inconveniente.<\/p>\n<p>\u00abNo coloques la s\u00e9ptima marcha\u00bb, le advirtieron de la escuder\u00eda a su piloto, situaci\u00f3n que los comisarios encuadraron dentro del art\u00edculo 27.1 del reglamento, que dice que \u00abel piloto debe conducir el auto solo y sin ayuda\u00bb. En esta temporada aumentaron las limitaciones para los contactos por radio entre los equipos y los corredores.<\/p>\n<p>Por esa sanci\u00f3n, el alem\u00e1n cay\u00f3 a la tercera posici\u00f3n, detr\u00e1s del holand\u00e9s Max Verstappen, y perdi\u00f3 puntos fundamentales en su pelea con Hamilton por el t\u00edtulo del mundo. Tras la carrera de Silverstone, Rosberg lidera el torneo con apenas una unidad de ventaja sobre el brit\u00e1nico, con diez pruebas disputadas.<\/p>\n<p>A pesar de aceptar la sanci\u00f3n, Mercedes critic\u00f3 la decisi\u00f3n en su comunicado al asegurar que hay un \u00abexceso de regulaci\u00f3n del deporte\u00bb y prometi\u00f3 que en el futuro hablar\u00e1 de esa situaci\u00f3n con las autoridades de la categor\u00eda.<\/p>\n<p>&nbsp;<\/p>\n","protected":false},"excerpt":{"rendered":"<p>Brackley (Reino Unido), 12 jul (dpa) &#8211; El equipo Mercedes de F\u00f3rmula 1 decidi\u00f3 el lunes no apelar la sanci\u00f3n que sufri\u00f3 el domingo su piloto Nico Rosberg en el Gran Premio de Gran Breta\u00f1a en Silverstone. A trav\u00e9s de un comunicado, la escuder\u00eda asegur\u00f3 que acept\u00f3 \u00abla interpretaci\u00f3n de las normas por parte de<\/p>\n","protected":false},"author":1,"featured_media":31822,"comment_status":"closed","ping_status":"closed","sticky":false,"template":"","format":"standard","meta":{"footnotes":""},"categories":[343],"tags":[],"class_list":{"0":"post-31887","1":"post","2":"type-post","3":"status-publish","4":"format-standard","5":"has-post-thumbnail","7":"category-actualidad"},"aioseo_notices":[],"aioseo_head":"\n\t\t<!-- All in One SEO Pro 4.9.6.2 - aioseo.com -->\n\t<meta name=\"description\" content=\"Brackley (Reino Unido), 12 jul (dpa) - El equipo Mercedes de F\u00f3rmula 1 decidi\u00f3 el lunes no apelar la sanci\u00f3n que sufri\u00f3 el domingo su piloto Nico Rosberg en el Gran Premio de Gran Breta\u00f1a en Silverstone. A trav\u00e9s de un comunicado, la escuder\u00eda asegur\u00f3 que acept\u00f3 &quot;la interpretaci\u00f3n de las normas por parte de\" \/>\n\t<meta name=\"robots\" content=\"max-image-preview:large\" \/>\n\t<meta name=\"author\" content=\"Cand\u00e1s 365\"\/>\n\t<meta name=\"google-site-verification\" content=\"UA-32230408-1\" \/>\n\t<meta name=\"msvalidate.01\" content=\"354F3CDFB2DA171B47FBE9ABF1F88D5\" \/>\n\t<meta name=\"keywords\" content=\"actualidad\" \/>\n\t<link rel=\"canonical\" href=\"https:\/\/candas365.es\/noticias\/mercedes-acepta-la-penalizacion-a-rosberg-y-no-apelara-la-medida\/\" \/>\n\t<meta name=\"generator\" content=\"All in One SEO Pro (AIOSEO) 4.9.6.2\" \/>\n\t\t<meta property=\"og:locale\" content=\"es_ES\" \/>\n\t\t<meta property=\"og:site_name\" content=\"Cand\u00e1s 365\" \/>\n\t\t<meta property=\"og:type\" content=\"article\" \/>\n\t\t<meta property=\"og:title\" content=\"Mercedes acepta la penalizaci\u00f3n a Rosberg y no apelar\u00e1 la medida | Cand\u00e1s 365\" \/>\n\t\t<meta property=\"og:description\" content=\"Brackley (Reino Unido), 12 jul (dpa) - El equipo Mercedes de F\u00f3rmula 1 decidi\u00f3 el lunes no apelar la sanci\u00f3n que sufri\u00f3 el domingo su piloto Nico Rosberg en el Gran Premio de Gran Breta\u00f1a en Silverstone. A trav\u00e9s de un comunicado, la escuder\u00eda asegur\u00f3 que acept\u00f3 &quot;la interpretaci\u00f3n de las normas por parte de\" \/>\n\t\t<meta property=\"og:url\" content=\"https:\/\/candas365.es\/noticias\/mercedes-acepta-la-penalizacion-a-rosberg-y-no-apelara-la-medida\/\" \/>\n\t\t<meta property=\"og:image\" content=\"https:\/\/candas365.es\/noticias\/wp-content\/uploads\/2016\/07\/Rosberg.jpg\" \/>\n\t\t<meta property=\"og:image:secure_url\" content=\"https:\/\/candas365.es\/noticias\/wp-content\/uploads\/2016\/07\/Rosberg.jpg\" \/>\n\t\t<meta property=\"og:image:width\" content=\"655\" \/>\n\t\t<meta property=\"og:image:height\" content=\"360\" \/>\n\t\t<meta property=\"article:published_time\" content=\"2016-07-12T19:16:52+00:00\" \/>\n\t\t<meta property=\"article:modified_time\" content=\"2016-07-12T19:16:52+00:00\" \/>\n\t\t<meta property=\"article:publisher\" content=\"https:\/\/www.facebook.com\/Nachofdezber\" \/>\n\t\t<meta property=\"article:author\" content=\"https:\/\/www.facebook.com\/carrenoactualidad\" \/>\n\t\t<meta name=\"twitter:card\" content=\"summary_large_image\" \/>\n\t\t<meta name=\"twitter:site\" content=\"@NabercoDigital\" \/>\n\t\t<meta name=\"twitter:title\" content=\"Mercedes acepta la penalizaci\u00f3n a Rosberg y no apelar\u00e1 la medida | Cand\u00e1s 365\" \/>\n\t\t<meta name=\"twitter:description\" content=\"Brackley (Reino Unido), 12 jul (dpa) - El equipo Mercedes de F\u00f3rmula 1 decidi\u00f3 el lunes no apelar la sanci\u00f3n que sufri\u00f3 el domingo su piloto Nico Rosberg en el Gran Premio de Gran Breta\u00f1a en Silverstone. A trav\u00e9s de un comunicado, la escuder\u00eda asegur\u00f3 que acept\u00f3 &quot;la interpretaci\u00f3n de las normas por parte de\" \/>\n\t\t<meta name=\"twitter:creator\" content=\"@nbasturias\" \/>\n\t\t<meta name=\"twitter:image\" content=\"https:\/\/candas365.es\/noticias\/wp-content\/uploads\/2016\/07\/Rosberg.jpg\" \/>\n\t\t<meta name=\"twitter:label1\" content=\"Escrito por\" \/>\n\t\t<meta name=\"twitter:data1\" content=\"Cand\u00e1s 365\" \/>\n\t\t<meta name=\"twitter:label2\" content=\"Tiempo de lectura estimado\" \/>\n\t\t<meta name=\"twitter:data2\" content=\"2 minutos\" \/>\n\t\t<script type=\"application\/ld+json\" class=\"aioseo-schema\">\n\t\t\t{\"@context\":\"https:\\\/\\\/schema.org\",\"@graph\":[{\"@type\":\"BreadcrumbList\",\"@id\":\"https:\\\/\\\/candas365.es\\\/noticias\\\/mercedes-acepta-la-penalizacion-a-rosberg-y-no-apelara-la-medida\\\/#breadcrumblist\",\"itemListElement\":[{\"@type\":\"ListItem\",\"@id\":\"https:\\\/\\\/candas365.es\\\/noticias#listItem\",\"position\":1,\"name\":\"Home\",\"item\":\"https:\\\/\\\/candas365.es\\\/noticias\",\"nextItem\":{\"@type\":\"ListItem\",\"@id\":\"https:\\\/\\\/candas365.es\\\/noticias\\\/category\\\/actualidad\\\/#listItem\",\"name\":\"Actualidad\"}},{\"@type\":\"ListItem\",\"@id\":\"https:\\\/\\\/candas365.es\\\/noticias\\\/category\\\/actualidad\\\/#listItem\",\"position\":2,\"name\":\"Actualidad\",\"item\":\"https:\\\/\\\/candas365.es\\\/noticias\\\/category\\\/actualidad\\\/\",\"nextItem\":{\"@type\":\"ListItem\",\"@id\":\"https:\\\/\\\/candas365.es\\\/noticias\\\/mercedes-acepta-la-penalizacion-a-rosberg-y-no-apelara-la-medida\\\/#listItem\",\"name\":\"Mercedes acepta la penalizaci\\u00f3n a Rosberg y no apelar\\u00e1 la medida\"},\"previousItem\":{\"@type\":\"ListItem\",\"@id\":\"https:\\\/\\\/candas365.es\\\/noticias#listItem\",\"name\":\"Home\"}},{\"@type\":\"ListItem\",\"@id\":\"https:\\\/\\\/candas365.es\\\/noticias\\\/mercedes-acepta-la-penalizacion-a-rosberg-y-no-apelara-la-medida\\\/#listItem\",\"position\":3,\"name\":\"Mercedes acepta la penalizaci\\u00f3n a Rosberg y no apelar\\u00e1 la medida\",\"previousItem\":{\"@type\":\"ListItem\",\"@id\":\"https:\\\/\\\/candas365.es\\\/noticias\\\/category\\\/actualidad\\\/#listItem\",\"name\":\"Actualidad\"}}]},{\"@type\":\"NewsArticle\",\"@id\":\"https:\\\/\\\/candas365.es\\\/noticias\\\/mercedes-acepta-la-penalizacion-a-rosberg-y-no-apelara-la-medida\\\/#newsarticle\",\"name\":\"Mercedes acepta la penalizaci\\u00f3n a Rosberg y no apelar\\u00e1 la medida | Cand\\u00e1s 365\",\"headline\":\"Mercedes acepta la penalizaci\\u00f3n a Rosberg y no apelar\\u00e1 la medida\",\"author\":{\"@id\":\"https:\\\/\\\/candas365.es\\\/noticias\\\/author\\\/admin\\\/#author\"},\"publisher\":{\"@id\":\"https:\\\/\\\/candas365.es\\\/noticias\\\/#organization\"},\"image\":{\"@type\":\"ImageObject\",\"url\":\"https:\\\/\\\/candas365.es\\\/noticias\\\/wp-content\\\/uploads\\\/2016\\\/07\\\/Rosberg.jpg\",\"width\":655,\"height\":360},\"datePublished\":\"2016-07-12T20:46:52+02:00\",\"dateModified\":\"2016-07-12T20:46:52+02:00\",\"inLanguage\":\"es-ES\",\"mainEntityOfPage\":{\"@id\":\"https:\\\/\\\/candas365.es\\\/noticias\\\/mercedes-acepta-la-penalizacion-a-rosberg-y-no-apelara-la-medida\\\/#webpage\"},\"isPartOf\":{\"@id\":\"https:\\\/\\\/candas365.es\\\/noticias\\\/mercedes-acepta-la-penalizacion-a-rosberg-y-no-apelara-la-medida\\\/#webpage\"},\"articleSection\":\"Actualidad\",\"dateline\":\"Publicado el julio 12, 2016.\"},{\"@type\":\"Organization\",\"@id\":\"https:\\\/\\\/candas365.es\\\/noticias\\\/#organization\",\"name\":\"Cand\\u00e1s 365\",\"description\":\"Cand\\u00e1s 365 es un diario digital independiente, fundado en 2012, con base en Asturias. Informamos con rigor sobre actualidad, sociedad, cultura y ocio, con una mirada local y global.\",\"url\":\"https:\\\/\\\/candas365.es\\\/noticias\\\/\",\"email\":\"info@candas365.es\",\"telephone\":\"+34652131393\",\"foundingDate\":\"2012-06-10\",\"logo\":{\"@type\":\"ImageObject\",\"url\":\"https:\\\/\\\/candas365.es\\\/noticias\\\/wp-content\\\/uploads\\\/2024\\\/09\\\/Candas-365-Redes.jpg\",\"@id\":\"https:\\\/\\\/candas365.es\\\/noticias\\\/mercedes-acepta-la-penalizacion-a-rosberg-y-no-apelara-la-medida\\\/#organizationLogo\",\"width\":1152,\"height\":864,\"caption\":\"Cand\\u00e1s 365 Redes\"},\"image\":{\"@id\":\"https:\\\/\\\/candas365.es\\\/noticias\\\/mercedes-acepta-la-penalizacion-a-rosberg-y-no-apelara-la-medida\\\/#organizationLogo\"},\"sameAs\":[\"https:\\\/\\\/www.facebook.com\\\/Nachofdezber\",\"https:\\\/\\\/x.com\\\/NabercoDigital\",\"https:\\\/\\\/www.instagram.com\\\/nachofdezber\\\/\",\"https:\\\/\\\/www.youtube.com\\\/channel\\\/UCZP-2wLEB9Rv6erhFmqVnvg\"],\"address\":{\"@id\":\"https:\\\/\\\/candas365.es\\\/noticias\\\/#postaladdress\",\"@type\":\"PostalAddress\",\"streetAddress\":\"san antonio 4, san antonio 4\",\"postalCode\":\"33430\",\"addressLocality\":\"Cand\\u00e1s\",\"addressRegion\":\"Asturias\",\"addressCountry\":\"ES\"}},{\"@type\":\"Person\",\"@id\":\"https:\\\/\\\/candas365.es\\\/noticias\\\/author\\\/admin\\\/#author\",\"url\":\"https:\\\/\\\/candas365.es\\\/noticias\\\/author\\\/admin\\\/\",\"name\":\"Cand\\u00e1s 365\",\"image\":{\"@type\":\"ImageObject\",\"@id\":\"https:\\\/\\\/candas365.es\\\/noticias\\\/mercedes-acepta-la-penalizacion-a-rosberg-y-no-apelara-la-medida\\\/#authorImage\",\"url\":\"https:\\\/\\\/secure.gravatar.com\\\/avatar\\\/496a8e03d0c493ede1718b7934145dbdf8d89be1036b0eec9544e1094c9de390?s=96&d=mm&r=g\",\"width\":96,\"height\":96,\"caption\":\"Cand\\u00e1s 365\"},\"sameAs\":[\"https:\\\/\\\/www.facebook.com\\\/carrenoactualidad\",\"https:\\\/\\\/twitter.com\\\/nbasturias\",\"https:\\\/\\\/www.instagram.com\\\/nachofdezber\\\/\",\"https:\\\/\\\/www.youtube.com\\\/channel\\\/UCZP-2wLEB9Rv6erhFmqVnvg\"]},{\"@type\":\"WebPage\",\"@id\":\"https:\\\/\\\/candas365.es\\\/noticias\\\/mercedes-acepta-la-penalizacion-a-rosberg-y-no-apelara-la-medida\\\/#webpage\",\"url\":\"https:\\\/\\\/candas365.es\\\/noticias\\\/mercedes-acepta-la-penalizacion-a-rosberg-y-no-apelara-la-medida\\\/\",\"name\":\"Mercedes acepta la penalizaci\\u00f3n a Rosberg y no apelar\\u00e1 la medida | Cand\\u00e1s 365\",\"description\":\"Brackley (Reino Unido), 12 jul (dpa) - El equipo Mercedes de F\\u00f3rmula 1 decidi\\u00f3 el lunes no apelar la sanci\\u00f3n que sufri\\u00f3 el domingo su piloto Nico Rosberg en el Gran Premio de Gran Breta\\u00f1a en Silverstone. A trav\\u00e9s de un comunicado, la escuder\\u00eda asegur\\u00f3 que acept\\u00f3 \\\"la interpretaci\\u00f3n de las normas por parte de\",\"inLanguage\":\"es-ES\",\"isPartOf\":{\"@id\":\"https:\\\/\\\/candas365.es\\\/noticias\\\/#website\"},\"breadcrumb\":{\"@id\":\"https:\\\/\\\/candas365.es\\\/noticias\\\/mercedes-acepta-la-penalizacion-a-rosberg-y-no-apelara-la-medida\\\/#breadcrumblist\"},\"author\":{\"@id\":\"https:\\\/\\\/candas365.es\\\/noticias\\\/author\\\/admin\\\/#author\"},\"creator\":{\"@id\":\"https:\\\/\\\/candas365.es\\\/noticias\\\/author\\\/admin\\\/#author\"},\"image\":{\"@type\":\"ImageObject\",\"url\":\"https:\\\/\\\/candas365.es\\\/noticias\\\/wp-content\\\/uploads\\\/2016\\\/07\\\/Rosberg.jpg\",\"@id\":\"https:\\\/\\\/candas365.es\\\/noticias\\\/mercedes-acepta-la-penalizacion-a-rosberg-y-no-apelara-la-medida\\\/#mainImage\",\"width\":655,\"height\":360},\"primaryImageOfPage\":{\"@id\":\"https:\\\/\\\/candas365.es\\\/noticias\\\/mercedes-acepta-la-penalizacion-a-rosberg-y-no-apelara-la-medida\\\/#mainImage\"},\"datePublished\":\"2016-07-12T20:46:52+02:00\",\"dateModified\":\"2016-07-12T20:46:52+02:00\"},{\"@type\":\"WebSite\",\"@id\":\"https:\\\/\\\/candas365.es\\\/noticias\\\/#website\",\"url\":\"https:\\\/\\\/candas365.es\\\/noticias\\\/\",\"name\":\"Cand\\u00e1s 365\",\"alternateName\":\"Cand\\u00e1s 365 Noticias\",\"description\":\"Actualidad desde Carre\\u00f1o para el mundo\",\"inLanguage\":\"es-ES\",\"publisher\":{\"@id\":\"https:\\\/\\\/candas365.es\\\/noticias\\\/#organization\"}}]}\n\t\t<\/script>\n\t\t<!-- All in One SEO Pro -->\r\n\t\t<title>Mercedes acepta la penalizaci\u00f3n a Rosberg y no apelar\u00e1 la medida | Cand\u00e1s 365<\/title>\n\n","aioseo_head_json":{"title":"Mercedes acepta la penalizaci\u00f3n a Rosberg y no apelar\u00e1 la medida | Cand\u00e1s 365","description":"Brackley (Reino Unido), 12 jul (dpa) - El equipo Mercedes de F\u00f3rmula 1 decidi\u00f3 el lunes no apelar la sanci\u00f3n que sufri\u00f3 el domingo su piloto Nico Rosberg en el Gran Premio de Gran Breta\u00f1a en Silverstone. A trav\u00e9s de un comunicado, la escuder\u00eda asegur\u00f3 que acept\u00f3 \"la interpretaci\u00f3n de las normas por parte de","canonical_url":"https:\/\/candas365.es\/noticias\/mercedes-acepta-la-penalizacion-a-rosberg-y-no-apelara-la-medida\/","robots":"max-image-preview:large","keywords":"actualidad","webmasterTools":{"google-site-verification":"UA-32230408-1","msvalidate.01":"354F3CDFB2DA171B47FBE9ABF1F88D5","miscellaneous":""},"schema":{"@context":"https:\/\/schema.org","@graph":[{"@type":"BreadcrumbList","@id":"https:\/\/candas365.es\/noticias\/mercedes-acepta-la-penalizacion-a-rosberg-y-no-apelara-la-medida\/#breadcrumblist","itemListElement":[{"@type":"ListItem","@id":"https:\/\/candas365.es\/noticias#listItem","position":1,"name":"Home","item":"https:\/\/candas365.es\/noticias","nextItem":{"@type":"ListItem","@id":"https:\/\/candas365.es\/noticias\/category\/actualidad\/#listItem","name":"Actualidad"}},{"@type":"ListItem","@id":"https:\/\/candas365.es\/noticias\/category\/actualidad\/#listItem","position":2,"name":"Actualidad","item":"https:\/\/candas365.es\/noticias\/category\/actualidad\/","nextItem":{"@type":"ListItem","@id":"https:\/\/candas365.es\/noticias\/mercedes-acepta-la-penalizacion-a-rosberg-y-no-apelara-la-medida\/#listItem","name":"Mercedes acepta la penalizaci\u00f3n a Rosberg y no apelar\u00e1 la medida"},"previousItem":{"@type":"ListItem","@id":"https:\/\/candas365.es\/noticias#listItem","name":"Home"}},{"@type":"ListItem","@id":"https:\/\/candas365.es\/noticias\/mercedes-acepta-la-penalizacion-a-rosberg-y-no-apelara-la-medida\/#listItem","position":3,"name":"Mercedes acepta la penalizaci\u00f3n a Rosberg y no apelar\u00e1 la medida","previousItem":{"@type":"ListItem","@id":"https:\/\/candas365.es\/noticias\/category\/actualidad\/#listItem","name":"Actualidad"}}]},{"@type":"NewsArticle","@id":"https:\/\/candas365.es\/noticias\/mercedes-acepta-la-penalizacion-a-rosberg-y-no-apelara-la-medida\/#newsarticle","name":"Mercedes acepta la penalizaci\u00f3n a Rosberg y no apelar\u00e1 la medida | Cand\u00e1s 365","headline":"Mercedes acepta la penalizaci\u00f3n a Rosberg y no apelar\u00e1 la medida","author":{"@id":"https:\/\/candas365.es\/noticias\/author\/admin\/#author"},"publisher":{"@id":"https:\/\/candas365.es\/noticias\/#organization"},"image":{"@type":"ImageObject","url":"https:\/\/candas365.es\/noticias\/wp-content\/uploads\/2016\/07\/Rosberg.jpg","width":655,"height":360},"datePublished":"2016-07-12T20:46:52+02:00","dateModified":"2016-07-12T20:46:52+02:00","inLanguage":"es-ES","mainEntityOfPage":{"@id":"https:\/\/candas365.es\/noticias\/mercedes-acepta-la-penalizacion-a-rosberg-y-no-apelara-la-medida\/#webpage"},"isPartOf":{"@id":"https:\/\/candas365.es\/noticias\/mercedes-acepta-la-penalizacion-a-rosberg-y-no-apelara-la-medida\/#webpage"},"articleSection":"Actualidad","dateline":"Publicado el julio 12, 2016."},{"@type":"Organization","@id":"https:\/\/candas365.es\/noticias\/#organization","name":"Cand\u00e1s 365","description":"Cand\u00e1s 365 es un diario digital independiente, fundado en 2012, con base en Asturias. Informamos con rigor sobre actualidad, sociedad, cultura y ocio, con una mirada local y global.","url":"https:\/\/candas365.es\/noticias\/","email":"info@candas365.es","telephone":"+34652131393","foundingDate":"2012-06-10","logo":{"@type":"ImageObject","url":"https:\/\/candas365.es\/noticias\/wp-content\/uploads\/2024\/09\/Candas-365-Redes.jpg","@id":"https:\/\/candas365.es\/noticias\/mercedes-acepta-la-penalizacion-a-rosberg-y-no-apelara-la-medida\/#organizationLogo","width":1152,"height":864,"caption":"Cand\u00e1s 365 Redes"},"image":{"@id":"https:\/\/candas365.es\/noticias\/mercedes-acepta-la-penalizacion-a-rosberg-y-no-apelara-la-medida\/#organizationLogo"},"sameAs":["https:\/\/www.facebook.com\/Nachofdezber","https:\/\/x.com\/NabercoDigital","https:\/\/www.instagram.com\/nachofdezber\/","https:\/\/www.youtube.com\/channel\/UCZP-2wLEB9Rv6erhFmqVnvg"],"address":{"@id":"https:\/\/candas365.es\/noticias\/#postaladdress","@type":"PostalAddress","streetAddress":"san antonio 4, san antonio 4","postalCode":"33430","addressLocality":"Cand\u00e1s","addressRegion":"Asturias","addressCountry":"ES"}},{"@type":"Person","@id":"https:\/\/candas365.es\/noticias\/author\/admin\/#author","url":"https:\/\/candas365.es\/noticias\/author\/admin\/","name":"Cand\u00e1s 365","image":{"@type":"ImageObject","@id":"https:\/\/candas365.es\/noticias\/mercedes-acepta-la-penalizacion-a-rosberg-y-no-apelara-la-medida\/#authorImage","url":"https:\/\/secure.gravatar.com\/avatar\/496a8e03d0c493ede1718b7934145dbdf8d89be1036b0eec9544e1094c9de390?s=96&d=mm&r=g","width":96,"height":96,"caption":"Cand\u00e1s 365"},"sameAs":["https:\/\/www.facebook.com\/carrenoactualidad","https:\/\/twitter.com\/nbasturias","https:\/\/www.instagram.com\/nachofdezber\/","https:\/\/www.youtube.com\/channel\/UCZP-2wLEB9Rv6erhFmqVnvg"]},{"@type":"WebPage","@id":"https:\/\/candas365.es\/noticias\/mercedes-acepta-la-penalizacion-a-rosberg-y-no-apelara-la-medida\/#webpage","url":"https:\/\/candas365.es\/noticias\/mercedes-acepta-la-penalizacion-a-rosberg-y-no-apelara-la-medida\/","name":"Mercedes acepta la penalizaci\u00f3n a Rosberg y no apelar\u00e1 la medida | Cand\u00e1s 365","description":"Brackley (Reino Unido), 12 jul (dpa) - El equipo Mercedes de F\u00f3rmula 1 decidi\u00f3 el lunes no apelar la sanci\u00f3n que sufri\u00f3 el domingo su piloto Nico Rosberg en el Gran Premio de Gran Breta\u00f1a en Silverstone. A trav\u00e9s de un comunicado, la escuder\u00eda asegur\u00f3 que acept\u00f3 \"la interpretaci\u00f3n de las normas por parte de","inLanguage":"es-ES","isPartOf":{"@id":"https:\/\/candas365.es\/noticias\/#website"},"breadcrumb":{"@id":"https:\/\/candas365.es\/noticias\/mercedes-acepta-la-penalizacion-a-rosberg-y-no-apelara-la-medida\/#breadcrumblist"},"author":{"@id":"https:\/\/candas365.es\/noticias\/author\/admin\/#author"},"creator":{"@id":"https:\/\/candas365.es\/noticias\/author\/admin\/#author"},"image":{"@type":"ImageObject","url":"https:\/\/candas365.es\/noticias\/wp-content\/uploads\/2016\/07\/Rosberg.jpg","@id":"https:\/\/candas365.es\/noticias\/mercedes-acepta-la-penalizacion-a-rosberg-y-no-apelara-la-medida\/#mainImage","width":655,"height":360},"primaryImageOfPage":{"@id":"https:\/\/candas365.es\/noticias\/mercedes-acepta-la-penalizacion-a-rosberg-y-no-apelara-la-medida\/#mainImage"},"datePublished":"2016-07-12T20:46:52+02:00","dateModified":"2016-07-12T20:46:52+02:00"},{"@type":"WebSite","@id":"https:\/\/candas365.es\/noticias\/#website","url":"https:\/\/candas365.es\/noticias\/","name":"Cand\u00e1s 365","alternateName":"Cand\u00e1s 365 Noticias","description":"Actualidad desde Carre\u00f1o para el mundo","inLanguage":"es-ES","publisher":{"@id":"https:\/\/candas365.es\/noticias\/#organization"}}]},"og:locale":"es_ES","og:site_name":"Cand\u00e1s 365","og:type":"article","og:title":"Mercedes acepta la penalizaci\u00f3n a Rosberg y no apelar\u00e1 la medida | Cand\u00e1s 365","og:description":"Brackley (Reino Unido), 12 jul (dpa) - El equipo Mercedes de F\u00f3rmula 1 decidi\u00f3 el lunes no apelar la sanci\u00f3n que sufri\u00f3 el domingo su piloto Nico Rosberg en el Gran Premio de Gran Breta\u00f1a en Silverstone. A trav\u00e9s de un comunicado, la escuder\u00eda asegur\u00f3 que acept\u00f3 &quot;la interpretaci\u00f3n de las normas por parte de","og:url":"https:\/\/candas365.es\/noticias\/mercedes-acepta-la-penalizacion-a-rosberg-y-no-apelara-la-medida\/","og:image":"https:\/\/candas365.es\/noticias\/wp-content\/uploads\/2016\/07\/Rosberg.jpg","og:image:secure_url":"https:\/\/candas365.es\/noticias\/wp-content\/uploads\/2016\/07\/Rosberg.jpg","og:image:width":655,"og:image:height":360,"article:published_time":"2016-07-12T19:16:52+00:00","article:modified_time":"2016-07-12T19:16:52+00:00","article:publisher":"https:\/\/www.facebook.com\/Nachofdezber","article:author":"https:\/\/www.facebook.com\/carrenoactualidad","twitter:card":"summary_large_image","twitter:site":"@NabercoDigital","twitter:title":"Mercedes acepta la penalizaci\u00f3n a Rosberg y no apelar\u00e1 la medida | Cand\u00e1s 365","twitter:description":"Brackley (Reino Unido), 12 jul (dpa) - El equipo Mercedes de F\u00f3rmula 1 decidi\u00f3 el lunes no apelar la sanci\u00f3n que sufri\u00f3 el domingo su piloto Nico Rosberg en el Gran Premio de Gran Breta\u00f1a en Silverstone. A trav\u00e9s de un comunicado, la escuder\u00eda asegur\u00f3 que acept\u00f3 &quot;la interpretaci\u00f3n de las normas por parte de","twitter:creator":"@nbasturias","twitter:image":"https:\/\/candas365.es\/noticias\/wp-content\/uploads\/2016\/07\/Rosberg.jpg","twitter:label1":"Escrito por","twitter:data1":"Cand\u00e1s 365","twitter:label2":"Tiempo de lectura estimado","twitter:data2":"2 minutos"},"aioseo_meta_data":{"post_id":"31887","title":null,"description":null,"keywords":null,"keyphrases":null,"primary_term":null,"canonical_url":null,"og_title":null,"og_description":null,"og_object_type":"default","og_image_type":"default","og_image_url":null,"og_image_width":null,"og_image_height":null,"og_image_custom_url":null,"og_image_custom_fields":null,"og_video":null,"og_custom_url":null,"og_article_section":null,"og_article_tags":null,"twitter_use_og":false,"twitter_card":"default","twitter_image_type":"default","twitter_image_url":null,"twitter_image_custom_url":null,"twitter_image_custom_fields":null,"twitter_title":null,"twitter_description":null,"schema":{"blockGraphs":[],"customGraphs":[],"default":{"data":{"Article":[],"Course":[],"Dataset":[],"FAQPage":[],"Movie":[],"Person":[],"Product":[],"ProductReview":[],"Car":[],"Recipe":[],"Service":[],"SoftwareApplication":[],"WebPage":[]},"graphName":"","isEnabled":true},"graphs":[]},"schema_type":null,"schema_type_options":null,"pillar_content":false,"robots_default":true,"robots_noindex":false,"robots_noarchive":false,"robots_nosnippet":false,"robots_nofollow":false,"robots_noimageindex":false,"robots_noodp":false,"robots_notranslate":false,"robots_max_snippet":null,"robots_max_videopreview":null,"robots_max_imagepreview":"large","priority":null,"frequency":null,"location":null,"local_seo":null,"seo_analyzer_scan_date":"2025-08-24 14:33:24","breadcrumb_settings":null,"limit_modified_date":false,"reviewed_by":null,"open_ai":null,"ai":null,"created":"2020-12-21 13:02:03","updated":"2025-08-24 14:33:24"},"aioseo_breadcrumb":"<div class=\"aioseo-breadcrumbs\"><span class=\"aioseo-breadcrumb\">\n\t<a href=\"https:\/\/candas365.es\/noticias\" title=\"Home\">Home<\/a>\n<\/span><span class=\"aioseo-breadcrumb-separator\">&ndash;<\/span><span class=\"aioseo-breadcrumb\">\n\t<a href=\"https:\/\/candas365.es\/noticias\/category\/actualidad\/\" title=\"Actualidad\">Actualidad<\/a>\n<\/span><span class=\"aioseo-breadcrumb-separator\">&ndash;<\/span><span class=\"aioseo-breadcrumb\">\n\tMercedes acepta la penalizaci\u00f3n a Rosberg y no apelar\u00e1 la medida\n<\/span><\/div>","aioseo_breadcrumb_json":[{"label":"Home","link":"https:\/\/candas365.es\/noticias"},{"label":"Actualidad","link":"https:\/\/candas365.es\/noticias\/category\/actualidad\/"},{"label":"Mercedes acepta la penalizaci\u00f3n a Rosberg y no apelar\u00e1 la medida","link":"https:\/\/candas365.es\/noticias\/mercedes-acepta-la-penalizacion-a-rosberg-y-no-apelara-la-medida\/"}],"_links":{"self":[{"href":"https:\/\/candas365.es\/noticias\/wp-json\/wp\/v2\/posts\/31887","targetHints":{"allow":["GET"]}}],"collection":[{"href":"https:\/\/candas365.es\/noticias\/wp-json\/wp\/v2\/posts"}],"about":[{"href":"https:\/\/candas365.es\/noticias\/wp-json\/wp\/v2\/types\/post"}],"author":[{"embeddable":true,"href":"https:\/\/candas365.es\/noticias\/wp-json\/wp\/v2\/users\/1"}],"replies":[{"embeddable":true,"href":"https:\/\/candas365.es\/noticias\/wp-json\/wp\/v2\/comments?post=31887"}],"version-history":[{"count":0,"href":"https:\/\/candas365.es\/noticias\/wp-json\/wp\/v2\/posts\/31887\/revisions"}],"wp:featuredmedia":[{"embeddable":true,"href":"https:\/\/candas365.es\/noticias\/wp-json\/wp\/v2\/media\/31822"}],"wp:attachment":[{"href":"https:\/\/candas365.es\/noticias\/wp-json\/wp\/v2\/media?parent=31887"}],"wp:term":[{"taxonomy":"category","embeddable":true,"href":"https:\/\/candas365.es\/noticias\/wp-json\/wp\/v2\/categories?post=31887"},{"taxonomy":"post_tag","embeddable":true,"href":"https:\/\/candas365.es\/noticias\/wp-json\/wp\/v2\/tags?post=31887"}],"curies":[{"name":"wp","href":"https:\/\/api.w.org\/{rel}","templated":true}]}}