{"id":31857,"date":"2016-07-11T23:03:28","date_gmt":"2016-07-11T21:33:28","guid":{"rendered":"http:\/\/candas365.es\/noticias\/?p=31857"},"modified":"2016-07-11T23:03:28","modified_gmt":"2016-07-11T21:33:28","slug":"laboral-cineteca-lanza-el-programa-cortometrajes","status":"publish","type":"post","link":"https:\/\/candas365.es\/noticias\/laboral-cineteca-lanza-el-programa-cortometrajes\/","title":{"rendered":"Laboral Cineteca lanza el programa \u201cCortometrajes\u00bb"},"content":{"rendered":"<p><img fetchpriority=\"high\" decoding=\"async\" class=\"alignleft size-medium wp-image-4928\" src=\"https:\/\/candas365.es\/noticias\/wp-content\/uploads\/2014\/11\/Laboral-360x269.jpg\" alt=\"Laboral\" width=\"360\" height=\"269\" srcset=\"https:\/\/candas365.es\/noticias\/wp-content\/uploads\/2014\/11\/Laboral.jpg 360w, https:\/\/candas365.es\/noticias\/wp-content\/uploads\/2014\/11\/Laboral-150x112.jpg 150w, https:\/\/candas365.es\/noticias\/wp-content\/uploads\/2014\/11\/Laboral-80x60.jpg 80w, https:\/\/candas365.es\/noticias\/wp-content\/uploads\/2014\/11\/Laboral-265x198.jpg 265w, https:\/\/candas365.es\/noticias\/wp-content\/uploads\/2014\/11\/Laboral-90x67.jpg 90w\" sizes=\"(max-width: 360px) 100vw, 360px\" \/>Laboral Cineteca abre la convocatoria del nuevo programa Cortometrajes Laboral Cineteca, una iniciativa dirigida a los creadores cinematogr\u00e1ficos asturianos o con residencia en el Principado de Asturias. El objetivo es servir de plataforma para promocionar y distribuir la producci\u00f3n regional de cortos en cert\u00e1menes cinematogr\u00e1ficos nacionales e internacionales.<\/p>\n<p>Laboral Cineteca realizar\u00e1 una selecci\u00f3n especializada de las obras recibidas y, durante un a\u00f1o, se encargar\u00e1 de la inscripci\u00f3n y presentaci\u00f3n cuidada y personalizada de los cortos elegidos en los festivales y eventos audiovisuales m\u00e1s destacados, tanto de la escena nacional como del \u00e1mbito internacional. Los cortometrajes podr\u00e1n acudir a relevantes cert\u00e1menes que se celebran en Espa\u00f1a, como los festivales internacionales de cine de Alcal\u00e1 de Henares (Alcine) y Zaragoza, el Festival Internacional de Cortometrajes de Aguilar de Campoo o Almer\u00eda en Corto, y a citas internacionales, como el Toronto International Film Festival, Tampere International Film Festival o el Festival Internacional de Cortometrajes de Medell\u00edn.<\/p>\n<p>Adem\u00e1s, Laboral Cineteca editar\u00e1 un cat\u00e1logo que recoger\u00e1 la selecci\u00f3n anual de cortometrajes asturianos. Los trabajos incluidos en esta publicaci\u00f3n ser\u00e1n exhibidos en centros culturales, festivales de cine y otros espacios con fines promocionales, y Laboral Cineteca asumir\u00e1 el coste del tr\u00e1fico de copias y materiales de las obras.<\/p>\n<p>La inscripci\u00f3n a Cortometrajes Laboral Cineteca permanecer\u00e1 abierta todo el a\u00f1o. Los trabajos que se reciban hasta el 31 de julio ser\u00e1n valorados para su presentaci\u00f3n a aquellos festivales cuyos cierres de inscripci\u00f3n o celebraci\u00f3n est\u00e9n m\u00e1s pr\u00f3ximos cronol\u00f3gicamente.<\/p>\n<p>La inscripci\u00f3n deber\u00e1 realizarse a trav\u00e9s del formulario oficial disponible en la web de Laboral Cineteca (www.laboralcineteca.es). No se admitir\u00e1 la recepci\u00f3n de materiales por correo postal ni en formato f\u00edsico.<\/p>\n<p><strong>Requisitos<\/strong><\/p>\n<p>Podr\u00e1n concurrir a la presente convocatoria las obras que cumplan los siguientes requisitos:<\/p>\n<ul>\n<li>La fecha de producci\u00f3n debe ser posterior al 1 de enero del 2016.<\/li>\n<li>La duraci\u00f3n m\u00e1xima del cortometraje no debe ser superior a 50 minutos (cr\u00e9ditos incluidos).<\/li>\n<li>En las obras deber\u00e1 figurar el t\u00edtulo y su(s) autor(es) (o en su caso, la entidad participante en la misma).<\/li>\n<li>Puede haber sido rodado en cualquier formato.<\/li>\n<li>El g\u00e9nero y el tema son libres.<\/li>\n<li>El cortometraje puede estar realizado en cualquier idioma, o bien carecer de di\u00e1logos.<\/li>\n<\/ul>\n<p><strong>Los autores del cortometraje deber\u00e1n cumplir una de las siguientes condiciones<\/strong>:<\/p>\n<ul>\n<li>El director o productor debe estar empadronado en el Principado de Asturias desde al menos un a\u00f1o antes de la fecha de publicaci\u00f3n de la presente convocatoria, o bien haber nacido en la Comunidad Aut\u00f3noma y haber residido en ella de manera continuada durante al menos 5 a\u00f1os, o de forma discontinua al menos durante 10 a\u00f1os.<\/li>\n<li>El productor o la empresa productora debe estar ubicada en el Principado de Asturias un m\u00ednimo 6 meses antes de la publicaci\u00f3n de la convocatoria. En el caso de coproducciones entre varias empresas, el productor de la Comunidad Aut\u00f3noma de Asturias debe ser el socio mayoritario.<\/li>\n<li>Los cortos que se presenten no deben haber sido estrenados comercialmente, se llevar\u00e1n a evaluaci\u00f3n aquellos cortometrajes que hayan sido emitidos o difundidos por televisi\u00f3n, internet y\/o cualquier otra plataforma p\u00fablica.<\/li>\n<li>Pueden presentarse cortometrajes cuya post-producci\u00f3n no est\u00e9 finalizada, siempre y cuando el contenido y la duraci\u00f3n sean definitivos. En caso de que un proyecto sin terminar resulte seleccionado, sus autores deber\u00e1n comprometerse a entregarlo finalizado en un plazo m\u00e1ximo de 1 mes desde la fecha de comunicaci\u00f3n de su selecci\u00f3n.<\/li>\n<\/ul>\n<p><strong>Criterios de selecci\u00f3n<\/strong><\/p>\n<p>En la selecci\u00f3n de cortometrajes que se incluir\u00e1n en el cat\u00e1logo de Laboral Cineteca se valorar\u00e1n la originalidad y el riesgo de la propuesta y la participaci\u00f3n significativa de equipo t\u00e9cnico y actores asturianos. Asimismo, se tendr\u00e1 en cuenta la calidad art\u00edstica y t\u00e9cnica del trabajo.<\/p>\n<p>La selecci\u00f3n de un trabajo en el programa Cortometrajes Laboral Cineteca implica su presencia en exclusividad en dicho cat\u00e1logo, no pudiendo estar presente en ning\u00fan otro cat\u00e1logo p\u00fablico de difusi\u00f3n de cortos.<\/p>\n<p>La documentaci\u00f3n y materiales requeridos, as\u00ed como las bases completas de la presente convocatoria est\u00e1n disponibles en la web de <span style=\"color: #000000;\"><strong><a style=\"color: #000000;\" href=\"http:\/\/www.laboralcineteca.es\/es\/16\/cineteca-cortos.html\" target=\"_blank\">Laboral Cineteca<\/a><\/strong><\/span>: .<\/p>\n<p>Laboral Cineteca es una iniciativa promovida por la Consejer\u00eda de Educaci\u00f3n y Cultura, a trav\u00e9s de la Sociedad P\u00fablica de Gesti\u00f3n y Promoci\u00f3n Tur\u00edstica y Cultural del Principado de Asturias que pretende estimular el conocimiento del arte cinematogr\u00e1fico, mediante cuidados programas de proyecciones f\u00edlmicas, seminarios, actividades educativas y otras iniciativas especiales. Adem\u00e1s, este proyecto constituye un servicio p\u00fablico para el sector creativo cinematogr\u00e1fico y audiovisual asturiano a trav\u00e9s de la Film Commission, Cineteca distribuidora y Cineteca cortos.<\/p>\n<p>&nbsp;<\/p>\n","protected":false},"excerpt":{"rendered":"<p>Laboral Cineteca abre la convocatoria del nuevo programa Cortometrajes Laboral Cineteca, una iniciativa dirigida a los creadores cinematogr\u00e1ficos asturianos o con residencia en el Principado de Asturias. El objetivo es servir de plataforma para promocionar y distribuir la producci\u00f3n regional de cortos en cert\u00e1menes cinematogr\u00e1ficos nacionales e internacionales. Laboral Cineteca realizar\u00e1 una selecci\u00f3n especializada de<\/p>\n","protected":false},"author":1,"featured_media":18980,"comment_status":"closed","ping_status":"closed","sticky":false,"template":"","format":"standard","meta":{"footnotes":""},"categories":[343],"tags":[],"class_list":{"0":"post-31857","1":"post","2":"type-post","3":"status-publish","4":"format-standard","5":"has-post-thumbnail","7":"category-actualidad"},"aioseo_notices":[],"aioseo_head":"\n\t\t<!-- All in One SEO Pro 4.9.6.2 - aioseo.com -->\n\t<meta name=\"description\" content=\"Laboral Cineteca abre la convocatoria del nuevo programa Cortometrajes Laboral Cineteca, una iniciativa dirigida a los creadores cinematogr\u00e1ficos asturianos o con residencia en el Principado de Asturias. El objetivo es servir de plataforma para promocionar y distribuir la producci\u00f3n regional de cortos en cert\u00e1menes cinematogr\u00e1ficos nacionales e internacionales. Laboral Cineteca realizar\u00e1 una selecci\u00f3n especializada de\" \/>\n\t<meta name=\"robots\" content=\"max-image-preview:large\" \/>\n\t<meta name=\"author\" content=\"Cand\u00e1s 365\"\/>\n\t<meta name=\"google-site-verification\" content=\"UA-32230408-1\" \/>\n\t<meta name=\"msvalidate.01\" content=\"354F3CDFB2DA171B47FBE9ABF1F88D5\" \/>\n\t<meta name=\"keywords\" content=\"actualidad\" \/>\n\t<link rel=\"canonical\" href=\"https:\/\/candas365.es\/noticias\/laboral-cineteca-lanza-el-programa-cortometrajes\/\" \/>\n\t<meta name=\"generator\" content=\"All in One SEO Pro (AIOSEO) 4.9.6.2\" \/>\n\t\t<meta property=\"og:locale\" content=\"es_ES\" \/>\n\t\t<meta property=\"og:site_name\" content=\"Cand\u00e1s 365\" \/>\n\t\t<meta property=\"og:type\" content=\"article\" \/>\n\t\t<meta property=\"og:title\" content=\"Laboral Cineteca lanza el programa \u201cCortometrajes\u00bb | Cand\u00e1s 365\" \/>\n\t\t<meta property=\"og:description\" content=\"Laboral Cineteca abre la convocatoria del nuevo programa Cortometrajes Laboral Cineteca, una iniciativa dirigida a los creadores cinematogr\u00e1ficos asturianos o con residencia en el Principado de Asturias. El objetivo es servir de plataforma para promocionar y distribuir la producci\u00f3n regional de cortos en cert\u00e1menes cinematogr\u00e1ficos nacionales e internacionales. Laboral Cineteca realizar\u00e1 una selecci\u00f3n especializada de\" \/>\n\t\t<meta property=\"og:url\" content=\"https:\/\/candas365.es\/noticias\/laboral-cineteca-lanza-el-programa-cortometrajes\/\" \/>\n\t\t<meta property=\"og:image\" content=\"https:\/\/candas365.es\/noticias\/wp-content\/uploads\/2015\/11\/Grada-cine.jpg\" \/>\n\t\t<meta property=\"og:image:secure_url\" content=\"https:\/\/candas365.es\/noticias\/wp-content\/uploads\/2015\/11\/Grada-cine.jpg\" \/>\n\t\t<meta property=\"og:image:width\" content=\"655\" \/>\n\t\t<meta property=\"og:image:height\" content=\"360\" \/>\n\t\t<meta property=\"article:published_time\" content=\"2016-07-11T21:33:28+00:00\" \/>\n\t\t<meta property=\"article:modified_time\" content=\"2016-07-11T21:33:28+00:00\" \/>\n\t\t<meta property=\"article:publisher\" content=\"https:\/\/www.facebook.com\/Nachofdezber\" \/>\n\t\t<meta property=\"article:author\" content=\"https:\/\/www.facebook.com\/carrenoactualidad\" \/>\n\t\t<meta name=\"twitter:card\" content=\"summary_large_image\" \/>\n\t\t<meta name=\"twitter:site\" content=\"@NabercoDigital\" \/>\n\t\t<meta name=\"twitter:title\" content=\"Laboral Cineteca lanza el programa \u201cCortometrajes\u00bb | Cand\u00e1s 365\" \/>\n\t\t<meta name=\"twitter:description\" content=\"Laboral Cineteca abre la convocatoria del nuevo programa Cortometrajes Laboral Cineteca, una iniciativa dirigida a los creadores cinematogr\u00e1ficos asturianos o con residencia en el Principado de Asturias. El objetivo es servir de plataforma para promocionar y distribuir la producci\u00f3n regional de cortos en cert\u00e1menes cinematogr\u00e1ficos nacionales e internacionales. Laboral Cineteca realizar\u00e1 una selecci\u00f3n especializada de\" \/>\n\t\t<meta name=\"twitter:creator\" content=\"@nbasturias\" \/>\n\t\t<meta name=\"twitter:image\" content=\"https:\/\/candas365.es\/noticias\/wp-content\/uploads\/2015\/11\/Grada-cine.jpg\" \/>\n\t\t<meta name=\"twitter:label1\" content=\"Escrito por\" \/>\n\t\t<meta name=\"twitter:data1\" content=\"Cand\u00e1s 365\" \/>\n\t\t<meta name=\"twitter:label2\" content=\"Tiempo de lectura estimado\" \/>\n\t\t<meta name=\"twitter:data2\" content=\"4 minutos\" \/>\n\t\t<script type=\"application\/ld+json\" class=\"aioseo-schema\">\n\t\t\t{\"@context\":\"https:\\\/\\\/schema.org\",\"@graph\":[{\"@type\":\"BreadcrumbList\",\"@id\":\"https:\\\/\\\/candas365.es\\\/noticias\\\/laboral-cineteca-lanza-el-programa-cortometrajes\\\/#breadcrumblist\",\"itemListElement\":[{\"@type\":\"ListItem\",\"@id\":\"https:\\\/\\\/candas365.es\\\/noticias#listItem\",\"position\":1,\"name\":\"Home\",\"item\":\"https:\\\/\\\/candas365.es\\\/noticias\",\"nextItem\":{\"@type\":\"ListItem\",\"@id\":\"https:\\\/\\\/candas365.es\\\/noticias\\\/category\\\/actualidad\\\/#listItem\",\"name\":\"Actualidad\"}},{\"@type\":\"ListItem\",\"@id\":\"https:\\\/\\\/candas365.es\\\/noticias\\\/category\\\/actualidad\\\/#listItem\",\"position\":2,\"name\":\"Actualidad\",\"item\":\"https:\\\/\\\/candas365.es\\\/noticias\\\/category\\\/actualidad\\\/\",\"nextItem\":{\"@type\":\"ListItem\",\"@id\":\"https:\\\/\\\/candas365.es\\\/noticias\\\/laboral-cineteca-lanza-el-programa-cortometrajes\\\/#listItem\",\"name\":\"Laboral Cineteca lanza el programa \\u201cCortometrajes\\u00bb\"},\"previousItem\":{\"@type\":\"ListItem\",\"@id\":\"https:\\\/\\\/candas365.es\\\/noticias#listItem\",\"name\":\"Home\"}},{\"@type\":\"ListItem\",\"@id\":\"https:\\\/\\\/candas365.es\\\/noticias\\\/laboral-cineteca-lanza-el-programa-cortometrajes\\\/#listItem\",\"position\":3,\"name\":\"Laboral Cineteca lanza el programa \\u201cCortometrajes\\u00bb\",\"previousItem\":{\"@type\":\"ListItem\",\"@id\":\"https:\\\/\\\/candas365.es\\\/noticias\\\/category\\\/actualidad\\\/#listItem\",\"name\":\"Actualidad\"}}]},{\"@type\":\"NewsArticle\",\"@id\":\"https:\\\/\\\/candas365.es\\\/noticias\\\/laboral-cineteca-lanza-el-programa-cortometrajes\\\/#newsarticle\",\"name\":\"Laboral Cineteca lanza el programa \\u201cCortometrajes\\u00bb | Cand\\u00e1s 365\",\"headline\":\"Laboral Cineteca lanza el programa \\u201cCortometrajes\\u00bb\",\"author\":{\"@id\":\"https:\\\/\\\/candas365.es\\\/noticias\\\/author\\\/admin\\\/#author\"},\"publisher\":{\"@id\":\"https:\\\/\\\/candas365.es\\\/noticias\\\/#organization\"},\"image\":{\"@type\":\"ImageObject\",\"url\":\"https:\\\/\\\/candas365.es\\\/noticias\\\/wp-content\\\/uploads\\\/2015\\\/11\\\/Grada-cine.jpg\",\"width\":655,\"height\":360},\"datePublished\":\"2016-07-11T23:03:28+02:00\",\"dateModified\":\"2016-07-11T23:03:28+02:00\",\"inLanguage\":\"es-ES\",\"mainEntityOfPage\":{\"@id\":\"https:\\\/\\\/candas365.es\\\/noticias\\\/laboral-cineteca-lanza-el-programa-cortometrajes\\\/#webpage\"},\"isPartOf\":{\"@id\":\"https:\\\/\\\/candas365.es\\\/noticias\\\/laboral-cineteca-lanza-el-programa-cortometrajes\\\/#webpage\"},\"articleSection\":\"Actualidad\",\"dateline\":\"Publicado el julio 11, 2016.\"},{\"@type\":\"Organization\",\"@id\":\"https:\\\/\\\/candas365.es\\\/noticias\\\/#organization\",\"name\":\"Cand\\u00e1s 365\",\"description\":\"Cand\\u00e1s 365 es un diario digital independiente, fundado en 2012, con base en Asturias. Informamos con rigor sobre actualidad, sociedad, cultura y ocio, con una mirada local y global.\",\"url\":\"https:\\\/\\\/candas365.es\\\/noticias\\\/\",\"email\":\"info@candas365.es\",\"telephone\":\"+34652131393\",\"foundingDate\":\"2012-06-10\",\"logo\":{\"@type\":\"ImageObject\",\"url\":\"https:\\\/\\\/candas365.es\\\/noticias\\\/wp-content\\\/uploads\\\/2024\\\/09\\\/Candas-365-Redes.jpg\",\"@id\":\"https:\\\/\\\/candas365.es\\\/noticias\\\/laboral-cineteca-lanza-el-programa-cortometrajes\\\/#organizationLogo\",\"width\":1152,\"height\":864,\"caption\":\"Cand\\u00e1s 365 Redes\"},\"image\":{\"@id\":\"https:\\\/\\\/candas365.es\\\/noticias\\\/laboral-cineteca-lanza-el-programa-cortometrajes\\\/#organizationLogo\"},\"sameAs\":[\"https:\\\/\\\/www.facebook.com\\\/Nachofdezber\",\"https:\\\/\\\/x.com\\\/NabercoDigital\",\"https:\\\/\\\/www.instagram.com\\\/nachofdezber\\\/\",\"https:\\\/\\\/www.youtube.com\\\/channel\\\/UCZP-2wLEB9Rv6erhFmqVnvg\"],\"address\":{\"@id\":\"https:\\\/\\\/candas365.es\\\/noticias\\\/#postaladdress\",\"@type\":\"PostalAddress\",\"streetAddress\":\"san antonio 4, san antonio 4\",\"postalCode\":\"33430\",\"addressLocality\":\"Cand\\u00e1s\",\"addressRegion\":\"Asturias\",\"addressCountry\":\"ES\"}},{\"@type\":\"Person\",\"@id\":\"https:\\\/\\\/candas365.es\\\/noticias\\\/author\\\/admin\\\/#author\",\"url\":\"https:\\\/\\\/candas365.es\\\/noticias\\\/author\\\/admin\\\/\",\"name\":\"Cand\\u00e1s 365\",\"image\":{\"@type\":\"ImageObject\",\"@id\":\"https:\\\/\\\/candas365.es\\\/noticias\\\/laboral-cineteca-lanza-el-programa-cortometrajes\\\/#authorImage\",\"url\":\"https:\\\/\\\/secure.gravatar.com\\\/avatar\\\/496a8e03d0c493ede1718b7934145dbdf8d89be1036b0eec9544e1094c9de390?s=96&d=mm&r=g\",\"width\":96,\"height\":96,\"caption\":\"Cand\\u00e1s 365\"},\"sameAs\":[\"https:\\\/\\\/www.facebook.com\\\/carrenoactualidad\",\"https:\\\/\\\/twitter.com\\\/nbasturias\",\"https:\\\/\\\/www.instagram.com\\\/nachofdezber\\\/\",\"https:\\\/\\\/www.youtube.com\\\/channel\\\/UCZP-2wLEB9Rv6erhFmqVnvg\"]},{\"@type\":\"WebPage\",\"@id\":\"https:\\\/\\\/candas365.es\\\/noticias\\\/laboral-cineteca-lanza-el-programa-cortometrajes\\\/#webpage\",\"url\":\"https:\\\/\\\/candas365.es\\\/noticias\\\/laboral-cineteca-lanza-el-programa-cortometrajes\\\/\",\"name\":\"Laboral Cineteca lanza el programa \\u201cCortometrajes\\u00bb | Cand\\u00e1s 365\",\"description\":\"Laboral Cineteca abre la convocatoria del nuevo programa Cortometrajes Laboral Cineteca, una iniciativa dirigida a los creadores cinematogr\\u00e1ficos asturianos o con residencia en el Principado de Asturias. El objetivo es servir de plataforma para promocionar y distribuir la producci\\u00f3n regional de cortos en cert\\u00e1menes cinematogr\\u00e1ficos nacionales e internacionales. Laboral Cineteca realizar\\u00e1 una selecci\\u00f3n especializada de\",\"inLanguage\":\"es-ES\",\"isPartOf\":{\"@id\":\"https:\\\/\\\/candas365.es\\\/noticias\\\/#website\"},\"breadcrumb\":{\"@id\":\"https:\\\/\\\/candas365.es\\\/noticias\\\/laboral-cineteca-lanza-el-programa-cortometrajes\\\/#breadcrumblist\"},\"author\":{\"@id\":\"https:\\\/\\\/candas365.es\\\/noticias\\\/author\\\/admin\\\/#author\"},\"creator\":{\"@id\":\"https:\\\/\\\/candas365.es\\\/noticias\\\/author\\\/admin\\\/#author\"},\"image\":{\"@type\":\"ImageObject\",\"url\":\"https:\\\/\\\/candas365.es\\\/noticias\\\/wp-content\\\/uploads\\\/2015\\\/11\\\/Grada-cine.jpg\",\"@id\":\"https:\\\/\\\/candas365.es\\\/noticias\\\/laboral-cineteca-lanza-el-programa-cortometrajes\\\/#mainImage\",\"width\":655,\"height\":360},\"primaryImageOfPage\":{\"@id\":\"https:\\\/\\\/candas365.es\\\/noticias\\\/laboral-cineteca-lanza-el-programa-cortometrajes\\\/#mainImage\"},\"datePublished\":\"2016-07-11T23:03:28+02:00\",\"dateModified\":\"2016-07-11T23:03:28+02:00\"},{\"@type\":\"WebSite\",\"@id\":\"https:\\\/\\\/candas365.es\\\/noticias\\\/#website\",\"url\":\"https:\\\/\\\/candas365.es\\\/noticias\\\/\",\"name\":\"Cand\\u00e1s 365\",\"alternateName\":\"Cand\\u00e1s 365 Noticias\",\"description\":\"Actualidad desde Carre\\u00f1o para el mundo\",\"inLanguage\":\"es-ES\",\"publisher\":{\"@id\":\"https:\\\/\\\/candas365.es\\\/noticias\\\/#organization\"}}]}\n\t\t<\/script>\n\t\t<!-- All in One SEO Pro -->\r\n\t\t<title>Laboral Cineteca lanza el programa \u201cCortometrajes\u00bb | Cand\u00e1s 365<\/title>\n\n","aioseo_head_json":{"title":"Laboral Cineteca lanza el programa \u201cCortometrajes\u00bb | Cand\u00e1s 365","description":"Laboral Cineteca abre la convocatoria del nuevo programa Cortometrajes Laboral Cineteca, una iniciativa dirigida a los creadores cinematogr\u00e1ficos asturianos o con residencia en el Principado de Asturias. El objetivo es servir de plataforma para promocionar y distribuir la producci\u00f3n regional de cortos en cert\u00e1menes cinematogr\u00e1ficos nacionales e internacionales. Laboral Cineteca realizar\u00e1 una selecci\u00f3n especializada de","canonical_url":"https:\/\/candas365.es\/noticias\/laboral-cineteca-lanza-el-programa-cortometrajes\/","robots":"max-image-preview:large","keywords":"actualidad","webmasterTools":{"google-site-verification":"UA-32230408-1","msvalidate.01":"354F3CDFB2DA171B47FBE9ABF1F88D5","miscellaneous":""},"schema":{"@context":"https:\/\/schema.org","@graph":[{"@type":"BreadcrumbList","@id":"https:\/\/candas365.es\/noticias\/laboral-cineteca-lanza-el-programa-cortometrajes\/#breadcrumblist","itemListElement":[{"@type":"ListItem","@id":"https:\/\/candas365.es\/noticias#listItem","position":1,"name":"Home","item":"https:\/\/candas365.es\/noticias","nextItem":{"@type":"ListItem","@id":"https:\/\/candas365.es\/noticias\/category\/actualidad\/#listItem","name":"Actualidad"}},{"@type":"ListItem","@id":"https:\/\/candas365.es\/noticias\/category\/actualidad\/#listItem","position":2,"name":"Actualidad","item":"https:\/\/candas365.es\/noticias\/category\/actualidad\/","nextItem":{"@type":"ListItem","@id":"https:\/\/candas365.es\/noticias\/laboral-cineteca-lanza-el-programa-cortometrajes\/#listItem","name":"Laboral Cineteca lanza el programa \u201cCortometrajes\u00bb"},"previousItem":{"@type":"ListItem","@id":"https:\/\/candas365.es\/noticias#listItem","name":"Home"}},{"@type":"ListItem","@id":"https:\/\/candas365.es\/noticias\/laboral-cineteca-lanza-el-programa-cortometrajes\/#listItem","position":3,"name":"Laboral Cineteca lanza el programa \u201cCortometrajes\u00bb","previousItem":{"@type":"ListItem","@id":"https:\/\/candas365.es\/noticias\/category\/actualidad\/#listItem","name":"Actualidad"}}]},{"@type":"NewsArticle","@id":"https:\/\/candas365.es\/noticias\/laboral-cineteca-lanza-el-programa-cortometrajes\/#newsarticle","name":"Laboral Cineteca lanza el programa \u201cCortometrajes\u00bb | Cand\u00e1s 365","headline":"Laboral Cineteca lanza el programa \u201cCortometrajes\u00bb","author":{"@id":"https:\/\/candas365.es\/noticias\/author\/admin\/#author"},"publisher":{"@id":"https:\/\/candas365.es\/noticias\/#organization"},"image":{"@type":"ImageObject","url":"https:\/\/candas365.es\/noticias\/wp-content\/uploads\/2015\/11\/Grada-cine.jpg","width":655,"height":360},"datePublished":"2016-07-11T23:03:28+02:00","dateModified":"2016-07-11T23:03:28+02:00","inLanguage":"es-ES","mainEntityOfPage":{"@id":"https:\/\/candas365.es\/noticias\/laboral-cineteca-lanza-el-programa-cortometrajes\/#webpage"},"isPartOf":{"@id":"https:\/\/candas365.es\/noticias\/laboral-cineteca-lanza-el-programa-cortometrajes\/#webpage"},"articleSection":"Actualidad","dateline":"Publicado el julio 11, 2016."},{"@type":"Organization","@id":"https:\/\/candas365.es\/noticias\/#organization","name":"Cand\u00e1s 365","description":"Cand\u00e1s 365 es un diario digital independiente, fundado en 2012, con base en Asturias. Informamos con rigor sobre actualidad, sociedad, cultura y ocio, con una mirada local y global.","url":"https:\/\/candas365.es\/noticias\/","email":"info@candas365.es","telephone":"+34652131393","foundingDate":"2012-06-10","logo":{"@type":"ImageObject","url":"https:\/\/candas365.es\/noticias\/wp-content\/uploads\/2024\/09\/Candas-365-Redes.jpg","@id":"https:\/\/candas365.es\/noticias\/laboral-cineteca-lanza-el-programa-cortometrajes\/#organizationLogo","width":1152,"height":864,"caption":"Cand\u00e1s 365 Redes"},"image":{"@id":"https:\/\/candas365.es\/noticias\/laboral-cineteca-lanza-el-programa-cortometrajes\/#organizationLogo"},"sameAs":["https:\/\/www.facebook.com\/Nachofdezber","https:\/\/x.com\/NabercoDigital","https:\/\/www.instagram.com\/nachofdezber\/","https:\/\/www.youtube.com\/channel\/UCZP-2wLEB9Rv6erhFmqVnvg"],"address":{"@id":"https:\/\/candas365.es\/noticias\/#postaladdress","@type":"PostalAddress","streetAddress":"san antonio 4, san antonio 4","postalCode":"33430","addressLocality":"Cand\u00e1s","addressRegion":"Asturias","addressCountry":"ES"}},{"@type":"Person","@id":"https:\/\/candas365.es\/noticias\/author\/admin\/#author","url":"https:\/\/candas365.es\/noticias\/author\/admin\/","name":"Cand\u00e1s 365","image":{"@type":"ImageObject","@id":"https:\/\/candas365.es\/noticias\/laboral-cineteca-lanza-el-programa-cortometrajes\/#authorImage","url":"https:\/\/secure.gravatar.com\/avatar\/496a8e03d0c493ede1718b7934145dbdf8d89be1036b0eec9544e1094c9de390?s=96&d=mm&r=g","width":96,"height":96,"caption":"Cand\u00e1s 365"},"sameAs":["https:\/\/www.facebook.com\/carrenoactualidad","https:\/\/twitter.com\/nbasturias","https:\/\/www.instagram.com\/nachofdezber\/","https:\/\/www.youtube.com\/channel\/UCZP-2wLEB9Rv6erhFmqVnvg"]},{"@type":"WebPage","@id":"https:\/\/candas365.es\/noticias\/laboral-cineteca-lanza-el-programa-cortometrajes\/#webpage","url":"https:\/\/candas365.es\/noticias\/laboral-cineteca-lanza-el-programa-cortometrajes\/","name":"Laboral Cineteca lanza el programa \u201cCortometrajes\u00bb | Cand\u00e1s 365","description":"Laboral Cineteca abre la convocatoria del nuevo programa Cortometrajes Laboral Cineteca, una iniciativa dirigida a los creadores cinematogr\u00e1ficos asturianos o con residencia en el Principado de Asturias. El objetivo es servir de plataforma para promocionar y distribuir la producci\u00f3n regional de cortos en cert\u00e1menes cinematogr\u00e1ficos nacionales e internacionales. Laboral Cineteca realizar\u00e1 una selecci\u00f3n especializada de","inLanguage":"es-ES","isPartOf":{"@id":"https:\/\/candas365.es\/noticias\/#website"},"breadcrumb":{"@id":"https:\/\/candas365.es\/noticias\/laboral-cineteca-lanza-el-programa-cortometrajes\/#breadcrumblist"},"author":{"@id":"https:\/\/candas365.es\/noticias\/author\/admin\/#author"},"creator":{"@id":"https:\/\/candas365.es\/noticias\/author\/admin\/#author"},"image":{"@type":"ImageObject","url":"https:\/\/candas365.es\/noticias\/wp-content\/uploads\/2015\/11\/Grada-cine.jpg","@id":"https:\/\/candas365.es\/noticias\/laboral-cineteca-lanza-el-programa-cortometrajes\/#mainImage","width":655,"height":360},"primaryImageOfPage":{"@id":"https:\/\/candas365.es\/noticias\/laboral-cineteca-lanza-el-programa-cortometrajes\/#mainImage"},"datePublished":"2016-07-11T23:03:28+02:00","dateModified":"2016-07-11T23:03:28+02:00"},{"@type":"WebSite","@id":"https:\/\/candas365.es\/noticias\/#website","url":"https:\/\/candas365.es\/noticias\/","name":"Cand\u00e1s 365","alternateName":"Cand\u00e1s 365 Noticias","description":"Actualidad desde Carre\u00f1o para el mundo","inLanguage":"es-ES","publisher":{"@id":"https:\/\/candas365.es\/noticias\/#organization"}}]},"og:locale":"es_ES","og:site_name":"Cand\u00e1s 365","og:type":"article","og:title":"Laboral Cineteca lanza el programa \u201cCortometrajes\u00bb | Cand\u00e1s 365","og:description":"Laboral Cineteca abre la convocatoria del nuevo programa Cortometrajes Laboral Cineteca, una iniciativa dirigida a los creadores cinematogr\u00e1ficos asturianos o con residencia en el Principado de Asturias. El objetivo es servir de plataforma para promocionar y distribuir la producci\u00f3n regional de cortos en cert\u00e1menes cinematogr\u00e1ficos nacionales e internacionales. Laboral Cineteca realizar\u00e1 una selecci\u00f3n especializada de","og:url":"https:\/\/candas365.es\/noticias\/laboral-cineteca-lanza-el-programa-cortometrajes\/","og:image":"https:\/\/candas365.es\/noticias\/wp-content\/uploads\/2015\/11\/Grada-cine.jpg","og:image:secure_url":"https:\/\/candas365.es\/noticias\/wp-content\/uploads\/2015\/11\/Grada-cine.jpg","og:image:width":655,"og:image:height":360,"article:published_time":"2016-07-11T21:33:28+00:00","article:modified_time":"2016-07-11T21:33:28+00:00","article:publisher":"https:\/\/www.facebook.com\/Nachofdezber","article:author":"https:\/\/www.facebook.com\/carrenoactualidad","twitter:card":"summary_large_image","twitter:site":"@NabercoDigital","twitter:title":"Laboral Cineteca lanza el programa \u201cCortometrajes\u00bb | Cand\u00e1s 365","twitter:description":"Laboral Cineteca abre la convocatoria del nuevo programa Cortometrajes Laboral Cineteca, una iniciativa dirigida a los creadores cinematogr\u00e1ficos asturianos o con residencia en el Principado de Asturias. El objetivo es servir de plataforma para promocionar y distribuir la producci\u00f3n regional de cortos en cert\u00e1menes cinematogr\u00e1ficos nacionales e internacionales. Laboral Cineteca realizar\u00e1 una selecci\u00f3n especializada de","twitter:creator":"@nbasturias","twitter:image":"https:\/\/candas365.es\/noticias\/wp-content\/uploads\/2015\/11\/Grada-cine.jpg","twitter:label1":"Escrito por","twitter:data1":"Cand\u00e1s 365","twitter:label2":"Tiempo de lectura estimado","twitter:data2":"4 minutos"},"aioseo_meta_data":{"post_id":"31857","title":null,"description":null,"keywords":null,"keyphrases":null,"primary_term":null,"canonical_url":null,"og_title":null,"og_description":null,"og_object_type":"default","og_image_type":"default","og_image_url":null,"og_image_width":null,"og_image_height":null,"og_image_custom_url":null,"og_image_custom_fields":null,"og_video":null,"og_custom_url":null,"og_article_section":null,"og_article_tags":null,"twitter_use_og":false,"twitter_card":"default","twitter_image_type":"default","twitter_image_url":null,"twitter_image_custom_url":null,"twitter_image_custom_fields":null,"twitter_title":null,"twitter_description":null,"schema":{"blockGraphs":[],"customGraphs":[],"default":{"data":{"Article":[],"Course":[],"Dataset":[],"FAQPage":[],"Movie":[],"Person":[],"Product":[],"ProductReview":[],"Car":[],"Recipe":[],"Service":[],"SoftwareApplication":[],"WebPage":[]},"graphName":"","isEnabled":true},"graphs":[]},"schema_type":null,"schema_type_options":null,"pillar_content":false,"robots_default":true,"robots_noindex":false,"robots_noarchive":false,"robots_nosnippet":false,"robots_nofollow":false,"robots_noimageindex":false,"robots_noodp":false,"robots_notranslate":false,"robots_max_snippet":null,"robots_max_videopreview":null,"robots_max_imagepreview":"large","priority":null,"frequency":null,"location":null,"local_seo":null,"seo_analyzer_scan_date":"2025-08-24 14:31:07","breadcrumb_settings":null,"limit_modified_date":false,"reviewed_by":null,"open_ai":null,"ai":null,"created":"2020-12-21 13:02:03","updated":"2025-08-24 14:31:07"},"aioseo_breadcrumb":"<div class=\"aioseo-breadcrumbs\"><span class=\"aioseo-breadcrumb\">\n\t<a href=\"https:\/\/candas365.es\/noticias\" title=\"Home\">Home<\/a>\n<\/span><span class=\"aioseo-breadcrumb-separator\">&ndash;<\/span><span class=\"aioseo-breadcrumb\">\n\t<a href=\"https:\/\/candas365.es\/noticias\/category\/actualidad\/\" title=\"Actualidad\">Actualidad<\/a>\n<\/span><span class=\"aioseo-breadcrumb-separator\">&ndash;<\/span><span class=\"aioseo-breadcrumb\">\n\tLaboral Cineteca lanza el programa \u201cCortometrajes\u00bb\n<\/span><\/div>","aioseo_breadcrumb_json":[{"label":"Home","link":"https:\/\/candas365.es\/noticias"},{"label":"Actualidad","link":"https:\/\/candas365.es\/noticias\/category\/actualidad\/"},{"label":"Laboral Cineteca lanza el programa \u201cCortometrajes\u00bb","link":"https:\/\/candas365.es\/noticias\/laboral-cineteca-lanza-el-programa-cortometrajes\/"}],"_links":{"self":[{"href":"https:\/\/candas365.es\/noticias\/wp-json\/wp\/v2\/posts\/31857","targetHints":{"allow":["GET"]}}],"collection":[{"href":"https:\/\/candas365.es\/noticias\/wp-json\/wp\/v2\/posts"}],"about":[{"href":"https:\/\/candas365.es\/noticias\/wp-json\/wp\/v2\/types\/post"}],"author":[{"embeddable":true,"href":"https:\/\/candas365.es\/noticias\/wp-json\/wp\/v2\/users\/1"}],"replies":[{"embeddable":true,"href":"https:\/\/candas365.es\/noticias\/wp-json\/wp\/v2\/comments?post=31857"}],"version-history":[{"count":0,"href":"https:\/\/candas365.es\/noticias\/wp-json\/wp\/v2\/posts\/31857\/revisions"}],"wp:featuredmedia":[{"embeddable":true,"href":"https:\/\/candas365.es\/noticias\/wp-json\/wp\/v2\/media\/18980"}],"wp:attachment":[{"href":"https:\/\/candas365.es\/noticias\/wp-json\/wp\/v2\/media?parent=31857"}],"wp:term":[{"taxonomy":"category","embeddable":true,"href":"https:\/\/candas365.es\/noticias\/wp-json\/wp\/v2\/categories?post=31857"},{"taxonomy":"post_tag","embeddable":true,"href":"https:\/\/candas365.es\/noticias\/wp-json\/wp\/v2\/tags?post=31857"}],"curies":[{"name":"wp","href":"https:\/\/api.w.org\/{rel}","templated":true}]}}