{"id":31840,"date":"2016-07-11T22:28:00","date_gmt":"2016-07-11T20:58:00","guid":{"rendered":"http:\/\/candas365.es\/noticias\/?p=31840"},"modified":"2016-07-11T22:28:00","modified_gmt":"2016-07-11T20:58:00","slug":"querella-por-inhumacion-de-100-presos-politicos-en-colonia-dignidad","status":"publish","type":"post","link":"https:\/\/candas365.es\/noticias\/querella-por-inhumacion-de-100-presos-politicos-en-colonia-dignidad\/","title":{"rendered":"Querella por inhumaci\u00f3n de 100 presos pol\u00edticos en Colonia Dignidad"},"content":{"rendered":"<p>Santiago de Chile, 11 jul (dpa) &#8211; Una querella en contra de los culpables de \u00abla inhumaci\u00f3n ilegal de al menos 100 cuerpos de prisioneros pol\u00edticos\u00bb present\u00f3 hoy la Asociaci\u00f3n por la Memoria y los Derechos Humanos Colonia Dignidad.<\/p>\n<p>La entidad interpel\u00f3, asimismo, \u00abal Estado chileno y al Estado Alem\u00e1n para que, en el marco de la visita oficial a nuestro pa\u00eds del presidente de Alemania Joachim Gauck\u00bb ambos pa\u00edses definan junto a organismos de la sociedad civil \u00ablas v\u00edas de trabajo bilateral necesarias para enfrentar estos cr\u00edmenes de manera integral\u00bb.<\/p>\n<p>Gauck llega esta noche a Santiago para iniciar ma\u00f1ana una visita oficial durante la cual se entrevistar\u00e1 con la presidenta Michelle Bachelet.<\/p>\n<p>La interpelaci\u00f3n a ambos gobiernos apunta a la b\u00fasqueda de \u00abdocumentos que a\u00fan puedan encontrarse al interior de la Colonia Dignidad\u00bb que ayuden a aclarar lo sucedido all\u00ed con los presos pol\u00edticos durante la dictadura de Augusto Pinochet (1973-1990).<\/p>\n<p>La Colonia Dignidad, hoy rebautizada como Villa Baviera, funciona en Linares, 300 kil\u00f3metros al sur de Santiago. Fue fundada a principios de la d\u00e9cada de 1960 por colonos alemanes encabezados por el fallecido Paul Schaefer. Durante la dictadura de Pinochet funcion\u00f3 como un centro de detenci\u00f3n y torturas clandestino.<\/p>\n<p>La Asociaci\u00f3n defini\u00f3 a la Colonia Dignidad como \u00abex centro de secuestro, tortura, exterminio y desaparici\u00f3n de opositores pol\u00edticos a la dictadura c\u00edvico militar\u00bb que encabez\u00f3 Pinochet.<\/p>\n<p>Margarita Romero, presidenta de la Asociaci\u00f3n querellante, dijo a dpa que el pr\u00f3ximo mi\u00e9rcoles participar\u00e1n en un encuentro que sostendr\u00e1n los representantes de la sociedad civil, en el Museo de la Memoria de Santiago, con el presidente Gauck.<\/p>\n<p>La querella presentada hoy se bas\u00f3 en la revisi\u00f3n de numerosas fichas, en idioma alem\u00e1n y espa\u00f1ol, encontradas al interior de la Colonia, explic\u00f3 el abogado Roberto Celed\u00f3n.<\/p>\n<p>Seg\u00fan la Asociaci\u00f3n, esas fichas confirman \u00abla existencia de dos operaciones de exterminio comandadas por el Ej\u00e9rcito chileno con la colaboraci\u00f3n de los jerarcas del enclave en Colonia Dignidad, con el fin de exterminar a prisioneros pol\u00edticos\u00bb.<\/p>\n<p>Estas operaciones se efectuaron en diciembre del a\u00f1o 1973 y otra entre el 15 y 16 de marzo de 1974.<\/p>\n<p>\u00abSe movilizaron 400 soldados en una operaci\u00f3n criminal muy grave\u00bb, afirm\u00f3 Celed\u00f3n.<\/p>\n<p>Agreg\u00f3 que en las fichas revisadas antes de presentar la querella \u00abhay nombres concretos de personas detenidas en lugares cercanos a Linares y luego desaparecidas\u00bb.<\/p>\n<p>&nbsp;<\/p>\n","protected":false},"excerpt":{"rendered":"<p>Santiago de Chile, 11 jul (dpa) &#8211; Una querella en contra de los culpables de \u00abla inhumaci\u00f3n ilegal de al menos 100 cuerpos de prisioneros pol\u00edticos\u00bb present\u00f3 hoy la Asociaci\u00f3n por la Memoria y los Derechos Humanos Colonia Dignidad. La entidad interpel\u00f3, asimismo, \u00abal Estado chileno y al Estado Alem\u00e1n para que, en el marco<\/p>\n","protected":false},"author":1,"featured_media":16457,"comment_status":"closed","ping_status":"closed","sticky":false,"template":"","format":"standard","meta":{"footnotes":""},"categories":[343],"tags":[],"class_list":{"0":"post-31840","1":"post","2":"type-post","3":"status-publish","4":"format-standard","5":"has-post-thumbnail","7":"category-actualidad"},"aioseo_notices":[],"aioseo_head":"\n\t\t<!-- All in One SEO Pro 4.9.6.2 - aioseo.com -->\n\t<meta name=\"description\" content=\"Santiago de Chile, 11 jul (dpa) - Una querella en contra de los culpables de &quot;la inhumaci\u00f3n ilegal de al menos 100 cuerpos de prisioneros pol\u00edticos&quot; present\u00f3 hoy la Asociaci\u00f3n por la Memoria y los Derechos Humanos Colonia Dignidad. La entidad interpel\u00f3, asimismo, &quot;al Estado chileno y al Estado Alem\u00e1n para que, en el marco\" \/>\n\t<meta name=\"robots\" content=\"max-image-preview:large\" \/>\n\t<meta name=\"author\" content=\"Cand\u00e1s 365\"\/>\n\t<meta name=\"google-site-verification\" content=\"UA-32230408-1\" \/>\n\t<meta name=\"msvalidate.01\" content=\"354F3CDFB2DA171B47FBE9ABF1F88D5\" \/>\n\t<meta name=\"keywords\" content=\"actualidad\" \/>\n\t<link rel=\"canonical\" href=\"https:\/\/candas365.es\/noticias\/querella-por-inhumacion-de-100-presos-politicos-en-colonia-dignidad\/\" \/>\n\t<meta name=\"generator\" content=\"All in One SEO Pro (AIOSEO) 4.9.6.2\" \/>\n\t\t<meta property=\"og:locale\" content=\"es_ES\" \/>\n\t\t<meta property=\"og:site_name\" content=\"Cand\u00e1s 365\" \/>\n\t\t<meta property=\"og:type\" content=\"article\" \/>\n\t\t<meta property=\"og:title\" content=\"Querella por inhumaci\u00f3n de 100 presos pol\u00edticos en Colonia Dignidad | Cand\u00e1s 365\" \/>\n\t\t<meta property=\"og:description\" content=\"Santiago de Chile, 11 jul (dpa) - Una querella en contra de los culpables de &quot;la inhumaci\u00f3n ilegal de al menos 100 cuerpos de prisioneros pol\u00edticos&quot; present\u00f3 hoy la Asociaci\u00f3n por la Memoria y los Derechos Humanos Colonia Dignidad. La entidad interpel\u00f3, asimismo, &quot;al Estado chileno y al Estado Alem\u00e1n para que, en el marco\" \/>\n\t\t<meta property=\"og:url\" content=\"https:\/\/candas365.es\/noticias\/querella-por-inhumacion-de-100-presos-politicos-en-colonia-dignidad\/\" \/>\n\t\t<meta property=\"og:image\" content=\"https:\/\/candas365.es\/noticias\/wp-content\/uploads\/2015\/09\/c365noticias.jpg\" \/>\n\t\t<meta property=\"og:image:secure_url\" content=\"https:\/\/candas365.es\/noticias\/wp-content\/uploads\/2015\/09\/c365noticias.jpg\" \/>\n\t\t<meta property=\"og:image:width\" content=\"655\" \/>\n\t\t<meta property=\"og:image:height\" content=\"360\" \/>\n\t\t<meta property=\"article:published_time\" content=\"2016-07-11T20:58:00+00:00\" \/>\n\t\t<meta property=\"article:modified_time\" content=\"2016-07-11T20:58:00+00:00\" \/>\n\t\t<meta property=\"article:publisher\" content=\"https:\/\/www.facebook.com\/Nachofdezber\" \/>\n\t\t<meta property=\"article:author\" content=\"https:\/\/www.facebook.com\/carrenoactualidad\" \/>\n\t\t<meta name=\"twitter:card\" content=\"summary_large_image\" \/>\n\t\t<meta name=\"twitter:site\" content=\"@NabercoDigital\" \/>\n\t\t<meta name=\"twitter:title\" content=\"Querella por inhumaci\u00f3n de 100 presos pol\u00edticos en Colonia Dignidad | Cand\u00e1s 365\" \/>\n\t\t<meta name=\"twitter:description\" content=\"Santiago de Chile, 11 jul (dpa) - Una querella en contra de los culpables de &quot;la inhumaci\u00f3n ilegal de al menos 100 cuerpos de prisioneros pol\u00edticos&quot; present\u00f3 hoy la Asociaci\u00f3n por la Memoria y los Derechos Humanos Colonia Dignidad. La entidad interpel\u00f3, asimismo, &quot;al Estado chileno y al Estado Alem\u00e1n para que, en el marco\" \/>\n\t\t<meta name=\"twitter:creator\" content=\"@nbasturias\" \/>\n\t\t<meta name=\"twitter:image\" content=\"https:\/\/candas365.es\/noticias\/wp-content\/uploads\/2015\/09\/c365noticias.jpg\" \/>\n\t\t<meta name=\"twitter:label1\" content=\"Escrito por\" \/>\n\t\t<meta name=\"twitter:data1\" content=\"Cand\u00e1s 365\" \/>\n\t\t<meta name=\"twitter:label2\" content=\"Tiempo de lectura estimado\" \/>\n\t\t<meta name=\"twitter:data2\" content=\"2 minutos\" \/>\n\t\t<script type=\"application\/ld+json\" class=\"aioseo-schema\">\n\t\t\t{\"@context\":\"https:\\\/\\\/schema.org\",\"@graph\":[{\"@type\":\"BreadcrumbList\",\"@id\":\"https:\\\/\\\/candas365.es\\\/noticias\\\/querella-por-inhumacion-de-100-presos-politicos-en-colonia-dignidad\\\/#breadcrumblist\",\"itemListElement\":[{\"@type\":\"ListItem\",\"@id\":\"https:\\\/\\\/candas365.es\\\/noticias#listItem\",\"position\":1,\"name\":\"Home\",\"item\":\"https:\\\/\\\/candas365.es\\\/noticias\",\"nextItem\":{\"@type\":\"ListItem\",\"@id\":\"https:\\\/\\\/candas365.es\\\/noticias\\\/category\\\/actualidad\\\/#listItem\",\"name\":\"Actualidad\"}},{\"@type\":\"ListItem\",\"@id\":\"https:\\\/\\\/candas365.es\\\/noticias\\\/category\\\/actualidad\\\/#listItem\",\"position\":2,\"name\":\"Actualidad\",\"item\":\"https:\\\/\\\/candas365.es\\\/noticias\\\/category\\\/actualidad\\\/\",\"nextItem\":{\"@type\":\"ListItem\",\"@id\":\"https:\\\/\\\/candas365.es\\\/noticias\\\/querella-por-inhumacion-de-100-presos-politicos-en-colonia-dignidad\\\/#listItem\",\"name\":\"Querella por inhumaci\\u00f3n de 100 presos pol\\u00edticos en Colonia Dignidad\"},\"previousItem\":{\"@type\":\"ListItem\",\"@id\":\"https:\\\/\\\/candas365.es\\\/noticias#listItem\",\"name\":\"Home\"}},{\"@type\":\"ListItem\",\"@id\":\"https:\\\/\\\/candas365.es\\\/noticias\\\/querella-por-inhumacion-de-100-presos-politicos-en-colonia-dignidad\\\/#listItem\",\"position\":3,\"name\":\"Querella por inhumaci\\u00f3n de 100 presos pol\\u00edticos en Colonia Dignidad\",\"previousItem\":{\"@type\":\"ListItem\",\"@id\":\"https:\\\/\\\/candas365.es\\\/noticias\\\/category\\\/actualidad\\\/#listItem\",\"name\":\"Actualidad\"}}]},{\"@type\":\"NewsArticle\",\"@id\":\"https:\\\/\\\/candas365.es\\\/noticias\\\/querella-por-inhumacion-de-100-presos-politicos-en-colonia-dignidad\\\/#newsarticle\",\"name\":\"Querella por inhumaci\\u00f3n de 100 presos pol\\u00edticos en Colonia Dignidad | Cand\\u00e1s 365\",\"headline\":\"Querella por inhumaci\\u00f3n de 100 presos pol\\u00edticos en Colonia Dignidad\",\"author\":{\"@id\":\"https:\\\/\\\/candas365.es\\\/noticias\\\/author\\\/admin\\\/#author\"},\"publisher\":{\"@id\":\"https:\\\/\\\/candas365.es\\\/noticias\\\/#organization\"},\"image\":{\"@type\":\"ImageObject\",\"url\":\"https:\\\/\\\/candas365.es\\\/noticias\\\/wp-content\\\/uploads\\\/2015\\\/09\\\/c365noticias.jpg\",\"width\":655,\"height\":360},\"datePublished\":\"2016-07-11T22:28:00+02:00\",\"dateModified\":\"2016-07-11T22:28:00+02:00\",\"inLanguage\":\"es-ES\",\"mainEntityOfPage\":{\"@id\":\"https:\\\/\\\/candas365.es\\\/noticias\\\/querella-por-inhumacion-de-100-presos-politicos-en-colonia-dignidad\\\/#webpage\"},\"isPartOf\":{\"@id\":\"https:\\\/\\\/candas365.es\\\/noticias\\\/querella-por-inhumacion-de-100-presos-politicos-en-colonia-dignidad\\\/#webpage\"},\"articleSection\":\"Actualidad\",\"dateline\":\"Publicado el julio 11, 2016.\"},{\"@type\":\"Organization\",\"@id\":\"https:\\\/\\\/candas365.es\\\/noticias\\\/#organization\",\"name\":\"Cand\\u00e1s 365\",\"description\":\"Cand\\u00e1s 365 es un diario digital independiente, fundado en 2012, con base en Asturias. Informamos con rigor sobre actualidad, sociedad, cultura y ocio, con una mirada local y global.\",\"url\":\"https:\\\/\\\/candas365.es\\\/noticias\\\/\",\"email\":\"info@candas365.es\",\"telephone\":\"+34652131393\",\"foundingDate\":\"2012-06-10\",\"logo\":{\"@type\":\"ImageObject\",\"url\":\"https:\\\/\\\/candas365.es\\\/noticias\\\/wp-content\\\/uploads\\\/2024\\\/09\\\/Candas-365-Redes.jpg\",\"@id\":\"https:\\\/\\\/candas365.es\\\/noticias\\\/querella-por-inhumacion-de-100-presos-politicos-en-colonia-dignidad\\\/#organizationLogo\",\"width\":1152,\"height\":864,\"caption\":\"Cand\\u00e1s 365 Redes\"},\"image\":{\"@id\":\"https:\\\/\\\/candas365.es\\\/noticias\\\/querella-por-inhumacion-de-100-presos-politicos-en-colonia-dignidad\\\/#organizationLogo\"},\"sameAs\":[\"https:\\\/\\\/www.facebook.com\\\/Nachofdezber\",\"https:\\\/\\\/x.com\\\/NabercoDigital\",\"https:\\\/\\\/www.instagram.com\\\/nachofdezber\\\/\",\"https:\\\/\\\/www.youtube.com\\\/channel\\\/UCZP-2wLEB9Rv6erhFmqVnvg\"],\"address\":{\"@id\":\"https:\\\/\\\/candas365.es\\\/noticias\\\/#postaladdress\",\"@type\":\"PostalAddress\",\"streetAddress\":\"san antonio 4, san antonio 4\",\"postalCode\":\"33430\",\"addressLocality\":\"Cand\\u00e1s\",\"addressRegion\":\"Asturias\",\"addressCountry\":\"ES\"}},{\"@type\":\"Person\",\"@id\":\"https:\\\/\\\/candas365.es\\\/noticias\\\/author\\\/admin\\\/#author\",\"url\":\"https:\\\/\\\/candas365.es\\\/noticias\\\/author\\\/admin\\\/\",\"name\":\"Cand\\u00e1s 365\",\"image\":{\"@type\":\"ImageObject\",\"@id\":\"https:\\\/\\\/candas365.es\\\/noticias\\\/querella-por-inhumacion-de-100-presos-politicos-en-colonia-dignidad\\\/#authorImage\",\"url\":\"https:\\\/\\\/secure.gravatar.com\\\/avatar\\\/496a8e03d0c493ede1718b7934145dbdf8d89be1036b0eec9544e1094c9de390?s=96&d=mm&r=g\",\"width\":96,\"height\":96,\"caption\":\"Cand\\u00e1s 365\"},\"sameAs\":[\"https:\\\/\\\/www.facebook.com\\\/carrenoactualidad\",\"https:\\\/\\\/twitter.com\\\/nbasturias\",\"https:\\\/\\\/www.instagram.com\\\/nachofdezber\\\/\",\"https:\\\/\\\/www.youtube.com\\\/channel\\\/UCZP-2wLEB9Rv6erhFmqVnvg\"]},{\"@type\":\"WebPage\",\"@id\":\"https:\\\/\\\/candas365.es\\\/noticias\\\/querella-por-inhumacion-de-100-presos-politicos-en-colonia-dignidad\\\/#webpage\",\"url\":\"https:\\\/\\\/candas365.es\\\/noticias\\\/querella-por-inhumacion-de-100-presos-politicos-en-colonia-dignidad\\\/\",\"name\":\"Querella por inhumaci\\u00f3n de 100 presos pol\\u00edticos en Colonia Dignidad | Cand\\u00e1s 365\",\"description\":\"Santiago de Chile, 11 jul (dpa) - Una querella en contra de los culpables de \\\"la inhumaci\\u00f3n ilegal de al menos 100 cuerpos de prisioneros pol\\u00edticos\\\" present\\u00f3 hoy la Asociaci\\u00f3n por la Memoria y los Derechos Humanos Colonia Dignidad. La entidad interpel\\u00f3, asimismo, \\\"al Estado chileno y al Estado Alem\\u00e1n para que, en el marco\",\"inLanguage\":\"es-ES\",\"isPartOf\":{\"@id\":\"https:\\\/\\\/candas365.es\\\/noticias\\\/#website\"},\"breadcrumb\":{\"@id\":\"https:\\\/\\\/candas365.es\\\/noticias\\\/querella-por-inhumacion-de-100-presos-politicos-en-colonia-dignidad\\\/#breadcrumblist\"},\"author\":{\"@id\":\"https:\\\/\\\/candas365.es\\\/noticias\\\/author\\\/admin\\\/#author\"},\"creator\":{\"@id\":\"https:\\\/\\\/candas365.es\\\/noticias\\\/author\\\/admin\\\/#author\"},\"image\":{\"@type\":\"ImageObject\",\"url\":\"https:\\\/\\\/candas365.es\\\/noticias\\\/wp-content\\\/uploads\\\/2015\\\/09\\\/c365noticias.jpg\",\"@id\":\"https:\\\/\\\/candas365.es\\\/noticias\\\/querella-por-inhumacion-de-100-presos-politicos-en-colonia-dignidad\\\/#mainImage\",\"width\":655,\"height\":360},\"primaryImageOfPage\":{\"@id\":\"https:\\\/\\\/candas365.es\\\/noticias\\\/querella-por-inhumacion-de-100-presos-politicos-en-colonia-dignidad\\\/#mainImage\"},\"datePublished\":\"2016-07-11T22:28:00+02:00\",\"dateModified\":\"2016-07-11T22:28:00+02:00\"},{\"@type\":\"WebSite\",\"@id\":\"https:\\\/\\\/candas365.es\\\/noticias\\\/#website\",\"url\":\"https:\\\/\\\/candas365.es\\\/noticias\\\/\",\"name\":\"Cand\\u00e1s 365\",\"alternateName\":\"Cand\\u00e1s 365 Noticias\",\"description\":\"Actualidad desde Carre\\u00f1o para el mundo\",\"inLanguage\":\"es-ES\",\"publisher\":{\"@id\":\"https:\\\/\\\/candas365.es\\\/noticias\\\/#organization\"}}]}\n\t\t<\/script>\n\t\t<!-- All in One SEO Pro -->\r\n\t\t<title>Querella por inhumaci\u00f3n de 100 presos pol\u00edticos en Colonia Dignidad | Cand\u00e1s 365<\/title>\n\n","aioseo_head_json":{"title":"Querella por inhumaci\u00f3n de 100 presos pol\u00edticos en Colonia Dignidad | Cand\u00e1s 365","description":"Santiago de Chile, 11 jul (dpa) - Una querella en contra de los culpables de \"la inhumaci\u00f3n ilegal de al menos 100 cuerpos de prisioneros pol\u00edticos\" present\u00f3 hoy la Asociaci\u00f3n por la Memoria y los Derechos Humanos Colonia Dignidad. La entidad interpel\u00f3, asimismo, \"al Estado chileno y al Estado Alem\u00e1n para que, en el marco","canonical_url":"https:\/\/candas365.es\/noticias\/querella-por-inhumacion-de-100-presos-politicos-en-colonia-dignidad\/","robots":"max-image-preview:large","keywords":"actualidad","webmasterTools":{"google-site-verification":"UA-32230408-1","msvalidate.01":"354F3CDFB2DA171B47FBE9ABF1F88D5","miscellaneous":""},"schema":{"@context":"https:\/\/schema.org","@graph":[{"@type":"BreadcrumbList","@id":"https:\/\/candas365.es\/noticias\/querella-por-inhumacion-de-100-presos-politicos-en-colonia-dignidad\/#breadcrumblist","itemListElement":[{"@type":"ListItem","@id":"https:\/\/candas365.es\/noticias#listItem","position":1,"name":"Home","item":"https:\/\/candas365.es\/noticias","nextItem":{"@type":"ListItem","@id":"https:\/\/candas365.es\/noticias\/category\/actualidad\/#listItem","name":"Actualidad"}},{"@type":"ListItem","@id":"https:\/\/candas365.es\/noticias\/category\/actualidad\/#listItem","position":2,"name":"Actualidad","item":"https:\/\/candas365.es\/noticias\/category\/actualidad\/","nextItem":{"@type":"ListItem","@id":"https:\/\/candas365.es\/noticias\/querella-por-inhumacion-de-100-presos-politicos-en-colonia-dignidad\/#listItem","name":"Querella por inhumaci\u00f3n de 100 presos pol\u00edticos en Colonia Dignidad"},"previousItem":{"@type":"ListItem","@id":"https:\/\/candas365.es\/noticias#listItem","name":"Home"}},{"@type":"ListItem","@id":"https:\/\/candas365.es\/noticias\/querella-por-inhumacion-de-100-presos-politicos-en-colonia-dignidad\/#listItem","position":3,"name":"Querella por inhumaci\u00f3n de 100 presos pol\u00edticos en Colonia Dignidad","previousItem":{"@type":"ListItem","@id":"https:\/\/candas365.es\/noticias\/category\/actualidad\/#listItem","name":"Actualidad"}}]},{"@type":"NewsArticle","@id":"https:\/\/candas365.es\/noticias\/querella-por-inhumacion-de-100-presos-politicos-en-colonia-dignidad\/#newsarticle","name":"Querella por inhumaci\u00f3n de 100 presos pol\u00edticos en Colonia Dignidad | Cand\u00e1s 365","headline":"Querella por inhumaci\u00f3n de 100 presos pol\u00edticos en Colonia Dignidad","author":{"@id":"https:\/\/candas365.es\/noticias\/author\/admin\/#author"},"publisher":{"@id":"https:\/\/candas365.es\/noticias\/#organization"},"image":{"@type":"ImageObject","url":"https:\/\/candas365.es\/noticias\/wp-content\/uploads\/2015\/09\/c365noticias.jpg","width":655,"height":360},"datePublished":"2016-07-11T22:28:00+02:00","dateModified":"2016-07-11T22:28:00+02:00","inLanguage":"es-ES","mainEntityOfPage":{"@id":"https:\/\/candas365.es\/noticias\/querella-por-inhumacion-de-100-presos-politicos-en-colonia-dignidad\/#webpage"},"isPartOf":{"@id":"https:\/\/candas365.es\/noticias\/querella-por-inhumacion-de-100-presos-politicos-en-colonia-dignidad\/#webpage"},"articleSection":"Actualidad","dateline":"Publicado el julio 11, 2016."},{"@type":"Organization","@id":"https:\/\/candas365.es\/noticias\/#organization","name":"Cand\u00e1s 365","description":"Cand\u00e1s 365 es un diario digital independiente, fundado en 2012, con base en Asturias. Informamos con rigor sobre actualidad, sociedad, cultura y ocio, con una mirada local y global.","url":"https:\/\/candas365.es\/noticias\/","email":"info@candas365.es","telephone":"+34652131393","foundingDate":"2012-06-10","logo":{"@type":"ImageObject","url":"https:\/\/candas365.es\/noticias\/wp-content\/uploads\/2024\/09\/Candas-365-Redes.jpg","@id":"https:\/\/candas365.es\/noticias\/querella-por-inhumacion-de-100-presos-politicos-en-colonia-dignidad\/#organizationLogo","width":1152,"height":864,"caption":"Cand\u00e1s 365 Redes"},"image":{"@id":"https:\/\/candas365.es\/noticias\/querella-por-inhumacion-de-100-presos-politicos-en-colonia-dignidad\/#organizationLogo"},"sameAs":["https:\/\/www.facebook.com\/Nachofdezber","https:\/\/x.com\/NabercoDigital","https:\/\/www.instagram.com\/nachofdezber\/","https:\/\/www.youtube.com\/channel\/UCZP-2wLEB9Rv6erhFmqVnvg"],"address":{"@id":"https:\/\/candas365.es\/noticias\/#postaladdress","@type":"PostalAddress","streetAddress":"san antonio 4, san antonio 4","postalCode":"33430","addressLocality":"Cand\u00e1s","addressRegion":"Asturias","addressCountry":"ES"}},{"@type":"Person","@id":"https:\/\/candas365.es\/noticias\/author\/admin\/#author","url":"https:\/\/candas365.es\/noticias\/author\/admin\/","name":"Cand\u00e1s 365","image":{"@type":"ImageObject","@id":"https:\/\/candas365.es\/noticias\/querella-por-inhumacion-de-100-presos-politicos-en-colonia-dignidad\/#authorImage","url":"https:\/\/secure.gravatar.com\/avatar\/496a8e03d0c493ede1718b7934145dbdf8d89be1036b0eec9544e1094c9de390?s=96&d=mm&r=g","width":96,"height":96,"caption":"Cand\u00e1s 365"},"sameAs":["https:\/\/www.facebook.com\/carrenoactualidad","https:\/\/twitter.com\/nbasturias","https:\/\/www.instagram.com\/nachofdezber\/","https:\/\/www.youtube.com\/channel\/UCZP-2wLEB9Rv6erhFmqVnvg"]},{"@type":"WebPage","@id":"https:\/\/candas365.es\/noticias\/querella-por-inhumacion-de-100-presos-politicos-en-colonia-dignidad\/#webpage","url":"https:\/\/candas365.es\/noticias\/querella-por-inhumacion-de-100-presos-politicos-en-colonia-dignidad\/","name":"Querella por inhumaci\u00f3n de 100 presos pol\u00edticos en Colonia Dignidad | Cand\u00e1s 365","description":"Santiago de Chile, 11 jul (dpa) - Una querella en contra de los culpables de \"la inhumaci\u00f3n ilegal de al menos 100 cuerpos de prisioneros pol\u00edticos\" present\u00f3 hoy la Asociaci\u00f3n por la Memoria y los Derechos Humanos Colonia Dignidad. La entidad interpel\u00f3, asimismo, \"al Estado chileno y al Estado Alem\u00e1n para que, en el marco","inLanguage":"es-ES","isPartOf":{"@id":"https:\/\/candas365.es\/noticias\/#website"},"breadcrumb":{"@id":"https:\/\/candas365.es\/noticias\/querella-por-inhumacion-de-100-presos-politicos-en-colonia-dignidad\/#breadcrumblist"},"author":{"@id":"https:\/\/candas365.es\/noticias\/author\/admin\/#author"},"creator":{"@id":"https:\/\/candas365.es\/noticias\/author\/admin\/#author"},"image":{"@type":"ImageObject","url":"https:\/\/candas365.es\/noticias\/wp-content\/uploads\/2015\/09\/c365noticias.jpg","@id":"https:\/\/candas365.es\/noticias\/querella-por-inhumacion-de-100-presos-politicos-en-colonia-dignidad\/#mainImage","width":655,"height":360},"primaryImageOfPage":{"@id":"https:\/\/candas365.es\/noticias\/querella-por-inhumacion-de-100-presos-politicos-en-colonia-dignidad\/#mainImage"},"datePublished":"2016-07-11T22:28:00+02:00","dateModified":"2016-07-11T22:28:00+02:00"},{"@type":"WebSite","@id":"https:\/\/candas365.es\/noticias\/#website","url":"https:\/\/candas365.es\/noticias\/","name":"Cand\u00e1s 365","alternateName":"Cand\u00e1s 365 Noticias","description":"Actualidad desde Carre\u00f1o para el mundo","inLanguage":"es-ES","publisher":{"@id":"https:\/\/candas365.es\/noticias\/#organization"}}]},"og:locale":"es_ES","og:site_name":"Cand\u00e1s 365","og:type":"article","og:title":"Querella por inhumaci\u00f3n de 100 presos pol\u00edticos en Colonia Dignidad | Cand\u00e1s 365","og:description":"Santiago de Chile, 11 jul (dpa) - Una querella en contra de los culpables de &quot;la inhumaci\u00f3n ilegal de al menos 100 cuerpos de prisioneros pol\u00edticos&quot; present\u00f3 hoy la Asociaci\u00f3n por la Memoria y los Derechos Humanos Colonia Dignidad. La entidad interpel\u00f3, asimismo, &quot;al Estado chileno y al Estado Alem\u00e1n para que, en el marco","og:url":"https:\/\/candas365.es\/noticias\/querella-por-inhumacion-de-100-presos-politicos-en-colonia-dignidad\/","og:image":"https:\/\/candas365.es\/noticias\/wp-content\/uploads\/2015\/09\/c365noticias.jpg","og:image:secure_url":"https:\/\/candas365.es\/noticias\/wp-content\/uploads\/2015\/09\/c365noticias.jpg","og:image:width":655,"og:image:height":360,"article:published_time":"2016-07-11T20:58:00+00:00","article:modified_time":"2016-07-11T20:58:00+00:00","article:publisher":"https:\/\/www.facebook.com\/Nachofdezber","article:author":"https:\/\/www.facebook.com\/carrenoactualidad","twitter:card":"summary_large_image","twitter:site":"@NabercoDigital","twitter:title":"Querella por inhumaci\u00f3n de 100 presos pol\u00edticos en Colonia Dignidad | Cand\u00e1s 365","twitter:description":"Santiago de Chile, 11 jul (dpa) - Una querella en contra de los culpables de &quot;la inhumaci\u00f3n ilegal de al menos 100 cuerpos de prisioneros pol\u00edticos&quot; present\u00f3 hoy la Asociaci\u00f3n por la Memoria y los Derechos Humanos Colonia Dignidad. La entidad interpel\u00f3, asimismo, &quot;al Estado chileno y al Estado Alem\u00e1n para que, en el marco","twitter:creator":"@nbasturias","twitter:image":"https:\/\/candas365.es\/noticias\/wp-content\/uploads\/2015\/09\/c365noticias.jpg","twitter:label1":"Escrito por","twitter:data1":"Cand\u00e1s 365","twitter:label2":"Tiempo de lectura estimado","twitter:data2":"2 minutos"},"aioseo_meta_data":{"post_id":"31840","title":null,"description":null,"keywords":null,"keyphrases":null,"primary_term":null,"canonical_url":null,"og_title":null,"og_description":null,"og_object_type":"default","og_image_type":"default","og_image_url":null,"og_image_width":null,"og_image_height":null,"og_image_custom_url":null,"og_image_custom_fields":null,"og_video":null,"og_custom_url":null,"og_article_section":null,"og_article_tags":null,"twitter_use_og":false,"twitter_card":"default","twitter_image_type":"default","twitter_image_url":null,"twitter_image_custom_url":null,"twitter_image_custom_fields":null,"twitter_title":null,"twitter_description":null,"schema":{"blockGraphs":[],"customGraphs":[],"default":{"data":{"Article":[],"Course":[],"Dataset":[],"FAQPage":[],"Movie":[],"Person":[],"Product":[],"ProductReview":[],"Car":[],"Recipe":[],"Service":[],"SoftwareApplication":[],"WebPage":[]},"graphName":"","isEnabled":true},"graphs":[],"defaultGraph":"","defaultPostTypeGraph":""},"schema_type":null,"schema_type_options":null,"pillar_content":false,"robots_default":true,"robots_noindex":false,"robots_noarchive":false,"robots_nosnippet":false,"robots_nofollow":false,"robots_noimageindex":false,"robots_noodp":false,"robots_notranslate":false,"robots_max_snippet":null,"robots_max_videopreview":null,"robots_max_imagepreview":"large","priority":null,"frequency":null,"location":null,"local_seo":null,"seo_analyzer_scan_date":"2025-08-24 14:29:14","breadcrumb_settings":null,"limit_modified_date":false,"reviewed_by":null,"open_ai":null,"ai":null,"created":"2020-12-21 13:02:03","updated":"2025-08-24 14:29:14"},"aioseo_breadcrumb":"<div class=\"aioseo-breadcrumbs\"><span class=\"aioseo-breadcrumb\">\n\t<a href=\"https:\/\/candas365.es\/noticias\" title=\"Home\">Home<\/a>\n<\/span><span class=\"aioseo-breadcrumb-separator\">&ndash;<\/span><span class=\"aioseo-breadcrumb\">\n\t<a href=\"https:\/\/candas365.es\/noticias\/category\/actualidad\/\" title=\"Actualidad\">Actualidad<\/a>\n<\/span><span class=\"aioseo-breadcrumb-separator\">&ndash;<\/span><span class=\"aioseo-breadcrumb\">\n\tQuerella por inhumaci\u00f3n de 100 presos pol\u00edticos en Colonia Dignidad\n<\/span><\/div>","aioseo_breadcrumb_json":[{"label":"Home","link":"https:\/\/candas365.es\/noticias"},{"label":"Actualidad","link":"https:\/\/candas365.es\/noticias\/category\/actualidad\/"},{"label":"Querella por inhumaci\u00f3n de 100 presos pol\u00edticos en Colonia Dignidad","link":"https:\/\/candas365.es\/noticias\/querella-por-inhumacion-de-100-presos-politicos-en-colonia-dignidad\/"}],"_links":{"self":[{"href":"https:\/\/candas365.es\/noticias\/wp-json\/wp\/v2\/posts\/31840","targetHints":{"allow":["GET"]}}],"collection":[{"href":"https:\/\/candas365.es\/noticias\/wp-json\/wp\/v2\/posts"}],"about":[{"href":"https:\/\/candas365.es\/noticias\/wp-json\/wp\/v2\/types\/post"}],"author":[{"embeddable":true,"href":"https:\/\/candas365.es\/noticias\/wp-json\/wp\/v2\/users\/1"}],"replies":[{"embeddable":true,"href":"https:\/\/candas365.es\/noticias\/wp-json\/wp\/v2\/comments?post=31840"}],"version-history":[{"count":0,"href":"https:\/\/candas365.es\/noticias\/wp-json\/wp\/v2\/posts\/31840\/revisions"}],"wp:featuredmedia":[{"embeddable":true,"href":"https:\/\/candas365.es\/noticias\/wp-json\/wp\/v2\/media\/16457"}],"wp:attachment":[{"href":"https:\/\/candas365.es\/noticias\/wp-json\/wp\/v2\/media?parent=31840"}],"wp:term":[{"taxonomy":"category","embeddable":true,"href":"https:\/\/candas365.es\/noticias\/wp-json\/wp\/v2\/categories?post=31840"},{"taxonomy":"post_tag","embeddable":true,"href":"https:\/\/candas365.es\/noticias\/wp-json\/wp\/v2\/tags?post=31840"}],"curies":[{"name":"wp","href":"https:\/\/api.w.org\/{rel}","templated":true}]}}