{"id":31836,"date":"2016-07-11T22:26:16","date_gmt":"2016-07-11T20:56:16","guid":{"rendered":"http:\/\/candas365.es\/noticias\/?p=31836"},"modified":"2016-07-11T22:26:16","modified_gmt":"2016-07-11T20:56:16","slug":"las-grandes-ciudades-de-alemania-estudian-prohibir-la-entrada-de-vehiculos-diesel","status":"publish","type":"post","link":"https:\/\/candas365.es\/noticias\/las-grandes-ciudades-de-alemania-estudian-prohibir-la-entrada-de-vehiculos-diesel\/","title":{"rendered":"Las grandes ciudades de Alemania estudian prohibir la entrada de veh\u00edculos di\u00e9sel"},"content":{"rendered":"<p><img fetchpriority=\"high\" decoding=\"async\" class=\"alignleft size-medium wp-image-11776\" src=\"https:\/\/candas365.es\/noticias\/wp-content\/uploads\/2015\/06\/carretera-360x198.jpg\" alt=\"carretera\" width=\"360\" height=\"198\" srcset=\"https:\/\/candas365.es\/noticias\/wp-content\/uploads\/2015\/06\/carretera-360x198.jpg 360w, https:\/\/candas365.es\/noticias\/wp-content\/uploads\/2015\/06\/carretera-650x357.jpg 650w, https:\/\/candas365.es\/noticias\/wp-content\/uploads\/2015\/06\/carretera-150x82.jpg 150w, https:\/\/candas365.es\/noticias\/wp-content\/uploads\/2015\/06\/carretera-450x247.jpg 450w, https:\/\/candas365.es\/noticias\/wp-content\/uploads\/2015\/06\/carretera.jpg 655w\" sizes=\"(max-width: 360px) 100vw, 360px\" \/>Berl\u00edn, 11 jul (dpa) &#8211; Las grandes ciudades de Alemania estudian la posibilidad de prohibir la entrada de veh\u00edculos di\u00e9sel, por ser considerados especialmente contaminantes.<\/p>\n<p>Una de las posibilidades para llevar a cabo esta prohibici\u00f3n en ciudades como Berl\u00edn, M\u00fanich, Bremen o Suttgart ser\u00eda la introducci\u00f3n de una pegatina azul medioambiental, seg\u00fan una encuesta elaborada por dpa.<\/p>\n<p>Con esta pegatina se podr\u00eda evitar que autom\u00f3viles que emiten una elevada cantidad de gases contaminantes entren en las ciudades y en las zonas de gran aglomeraci\u00f3n, donde actualmente se sobrepasa con frecuencia el l\u00edmite m\u00e1ximo de contaminaci\u00f3n atmosf\u00e9rica.<\/p>\n<p>Sin embargo, las grandes ciudades advirtieron que falta hasta el momento la base legal suficiente para introducir este tipo de pegatina. Por ello, Bremen no cree que se pueda introducir antes de 2018.<\/p>\n<p>La pegatina medioambiental fue puesta sobre la mesa por la ministra de Medio Ambiente, Barbara Hendricks, en la primavera boreal. Esta propuesta desencaden\u00f3 fuertes cr\u00edticas, sobre todo de la plana conservadora y de las asociaciones de fabricantes de autom\u00f3viles.<\/p>\n<p>El Ministerio de Medio Ambiente espera llegar a un acuerdo sobre la introducci\u00f3n de la pegatina en el oto\u00f1o boreal. El secretario de Medio Ambiente, Jochen Flasbarth, declar\u00f3 a dpa que esperan poder llegar a un acuerdo para entonces, para lo que ya cuentan con un grupo de trabajo.<\/p>\n<p>Los ministros regionales de medio ambiente de los estados federados alemanes reclamaron ya en abril al Estado la introducci\u00f3n de las nuevas pegatinas para coches di\u00e9sel. S\u00f3lo autom\u00f3viles modernos que no emitan grandes cantidades de gases contaminantes recibir\u00e1n la pegatina. Los coches sin la pegatina azul no podr\u00e1n circular en zonas muy pobladas.<\/p>\n<p>\u00abNecesitamos una soluci\u00f3n para el interior de las ciudades con mal aire\u00bb, indic\u00f3 Flasbarth. Tan pronto como el Estado apruebe la base legal para la pegatina azul, los municipios especialmente contaminados podr\u00e1n establecer prohibiciones de circulaci\u00f3n si lo desean.<\/p>\n<p>Ciudades como M\u00fanich o Berl\u00edn alertaron de la \u00abresistencia social\u00bb a esta medida. Sin embargo, se establecer\u00e1n excepciones para veh\u00edculos de residentes o de negocios.<\/p>\n<p>&nbsp;<\/p>\n","protected":false},"excerpt":{"rendered":"<p>Berl\u00edn, 11 jul (dpa) &#8211; Las grandes ciudades de Alemania estudian la posibilidad de prohibir la entrada de veh\u00edculos di\u00e9sel, por ser considerados especialmente contaminantes. Una de las posibilidades para llevar a cabo esta prohibici\u00f3n en ciudades como Berl\u00edn, M\u00fanich, Bremen o Suttgart ser\u00eda la introducci\u00f3n de una pegatina azul medioambiental, seg\u00fan una encuesta elaborada<\/p>\n","protected":false},"author":1,"featured_media":11776,"comment_status":"closed","ping_status":"closed","sticky":false,"template":"","format":"standard","meta":{"footnotes":""},"categories":[343],"tags":[],"class_list":{"0":"post-31836","1":"post","2":"type-post","3":"status-publish","4":"format-standard","5":"has-post-thumbnail","7":"category-actualidad"},"aioseo_notices":[],"aioseo_head":"\n\t\t<!-- All in One SEO Pro 4.9.6.2 - aioseo.com -->\n\t<meta name=\"description\" content=\"Berl\u00edn, 11 jul (dpa) - Las grandes ciudades de Alemania estudian la posibilidad de prohibir la entrada de veh\u00edculos di\u00e9sel, por ser considerados especialmente contaminantes. Una de las posibilidades para llevar a cabo esta prohibici\u00f3n en ciudades como Berl\u00edn, M\u00fanich, Bremen o Suttgart ser\u00eda la introducci\u00f3n de una pegatina azul medioambiental, seg\u00fan una encuesta elaborada\" \/>\n\t<meta name=\"robots\" content=\"max-image-preview:large\" \/>\n\t<meta name=\"author\" content=\"Cand\u00e1s 365\"\/>\n\t<meta name=\"google-site-verification\" content=\"UA-32230408-1\" \/>\n\t<meta name=\"msvalidate.01\" content=\"354F3CDFB2DA171B47FBE9ABF1F88D5\" \/>\n\t<meta name=\"keywords\" content=\"actualidad\" \/>\n\t<link rel=\"canonical\" href=\"https:\/\/candas365.es\/noticias\/las-grandes-ciudades-de-alemania-estudian-prohibir-la-entrada-de-vehiculos-diesel\/\" \/>\n\t<meta name=\"generator\" content=\"All in One SEO Pro (AIOSEO) 4.9.6.2\" \/>\n\t\t<meta property=\"og:locale\" content=\"es_ES\" \/>\n\t\t<meta property=\"og:site_name\" content=\"Cand\u00e1s 365\" \/>\n\t\t<meta property=\"og:type\" content=\"article\" \/>\n\t\t<meta property=\"og:title\" content=\"Las grandes ciudades de Alemania estudian prohibir la entrada de veh\u00edculos di\u00e9sel | Cand\u00e1s 365\" \/>\n\t\t<meta property=\"og:description\" content=\"Berl\u00edn, 11 jul (dpa) - Las grandes ciudades de Alemania estudian la posibilidad de prohibir la entrada de veh\u00edculos di\u00e9sel, por ser considerados especialmente contaminantes. Una de las posibilidades para llevar a cabo esta prohibici\u00f3n en ciudades como Berl\u00edn, M\u00fanich, Bremen o Suttgart ser\u00eda la introducci\u00f3n de una pegatina azul medioambiental, seg\u00fan una encuesta elaborada\" \/>\n\t\t<meta property=\"og:url\" content=\"https:\/\/candas365.es\/noticias\/las-grandes-ciudades-de-alemania-estudian-prohibir-la-entrada-de-vehiculos-diesel\/\" \/>\n\t\t<meta property=\"og:image\" content=\"https:\/\/candas365.es\/noticias\/wp-content\/uploads\/2015\/06\/carretera.jpg\" \/>\n\t\t<meta property=\"og:image:secure_url\" content=\"https:\/\/candas365.es\/noticias\/wp-content\/uploads\/2015\/06\/carretera.jpg\" \/>\n\t\t<meta property=\"og:image:width\" content=\"655\" \/>\n\t\t<meta property=\"og:image:height\" content=\"360\" \/>\n\t\t<meta property=\"article:published_time\" content=\"2016-07-11T20:56:16+00:00\" \/>\n\t\t<meta property=\"article:modified_time\" content=\"2016-07-11T20:56:16+00:00\" \/>\n\t\t<meta property=\"article:publisher\" content=\"https:\/\/www.facebook.com\/Nachofdezber\" \/>\n\t\t<meta property=\"article:author\" content=\"https:\/\/www.facebook.com\/carrenoactualidad\" \/>\n\t\t<meta name=\"twitter:card\" content=\"summary_large_image\" \/>\n\t\t<meta name=\"twitter:site\" content=\"@NabercoDigital\" \/>\n\t\t<meta name=\"twitter:title\" content=\"Las grandes ciudades de Alemania estudian prohibir la entrada de veh\u00edculos di\u00e9sel | Cand\u00e1s 365\" \/>\n\t\t<meta name=\"twitter:description\" content=\"Berl\u00edn, 11 jul (dpa) - Las grandes ciudades de Alemania estudian la posibilidad de prohibir la entrada de veh\u00edculos di\u00e9sel, por ser considerados especialmente contaminantes. Una de las posibilidades para llevar a cabo esta prohibici\u00f3n en ciudades como Berl\u00edn, M\u00fanich, Bremen o Suttgart ser\u00eda la introducci\u00f3n de una pegatina azul medioambiental, seg\u00fan una encuesta elaborada\" \/>\n\t\t<meta name=\"twitter:creator\" content=\"@nbasturias\" \/>\n\t\t<meta name=\"twitter:image\" content=\"https:\/\/candas365.es\/noticias\/wp-content\/uploads\/2015\/06\/carretera.jpg\" \/>\n\t\t<meta name=\"twitter:label1\" content=\"Escrito por\" \/>\n\t\t<meta name=\"twitter:data1\" content=\"Cand\u00e1s 365\" \/>\n\t\t<meta name=\"twitter:label2\" content=\"Tiempo de lectura estimado\" \/>\n\t\t<meta name=\"twitter:data2\" content=\"2 minutos\" \/>\n\t\t<script type=\"application\/ld+json\" class=\"aioseo-schema\">\n\t\t\t{\"@context\":\"https:\\\/\\\/schema.org\",\"@graph\":[{\"@type\":\"BreadcrumbList\",\"@id\":\"https:\\\/\\\/candas365.es\\\/noticias\\\/las-grandes-ciudades-de-alemania-estudian-prohibir-la-entrada-de-vehiculos-diesel\\\/#breadcrumblist\",\"itemListElement\":[{\"@type\":\"ListItem\",\"@id\":\"https:\\\/\\\/candas365.es\\\/noticias#listItem\",\"position\":1,\"name\":\"Home\",\"item\":\"https:\\\/\\\/candas365.es\\\/noticias\",\"nextItem\":{\"@type\":\"ListItem\",\"@id\":\"https:\\\/\\\/candas365.es\\\/noticias\\\/category\\\/actualidad\\\/#listItem\",\"name\":\"Actualidad\"}},{\"@type\":\"ListItem\",\"@id\":\"https:\\\/\\\/candas365.es\\\/noticias\\\/category\\\/actualidad\\\/#listItem\",\"position\":2,\"name\":\"Actualidad\",\"item\":\"https:\\\/\\\/candas365.es\\\/noticias\\\/category\\\/actualidad\\\/\",\"nextItem\":{\"@type\":\"ListItem\",\"@id\":\"https:\\\/\\\/candas365.es\\\/noticias\\\/las-grandes-ciudades-de-alemania-estudian-prohibir-la-entrada-de-vehiculos-diesel\\\/#listItem\",\"name\":\"Las grandes ciudades de Alemania estudian prohibir la entrada de veh\\u00edculos di\\u00e9sel\"},\"previousItem\":{\"@type\":\"ListItem\",\"@id\":\"https:\\\/\\\/candas365.es\\\/noticias#listItem\",\"name\":\"Home\"}},{\"@type\":\"ListItem\",\"@id\":\"https:\\\/\\\/candas365.es\\\/noticias\\\/las-grandes-ciudades-de-alemania-estudian-prohibir-la-entrada-de-vehiculos-diesel\\\/#listItem\",\"position\":3,\"name\":\"Las grandes ciudades de Alemania estudian prohibir la entrada de veh\\u00edculos di\\u00e9sel\",\"previousItem\":{\"@type\":\"ListItem\",\"@id\":\"https:\\\/\\\/candas365.es\\\/noticias\\\/category\\\/actualidad\\\/#listItem\",\"name\":\"Actualidad\"}}]},{\"@type\":\"NewsArticle\",\"@id\":\"https:\\\/\\\/candas365.es\\\/noticias\\\/las-grandes-ciudades-de-alemania-estudian-prohibir-la-entrada-de-vehiculos-diesel\\\/#newsarticle\",\"name\":\"Las grandes ciudades de Alemania estudian prohibir la entrada de veh\\u00edculos di\\u00e9sel | Cand\\u00e1s 365\",\"headline\":\"Las grandes ciudades de Alemania estudian prohibir la entrada de veh\\u00edculos di\\u00e9sel\",\"author\":{\"@id\":\"https:\\\/\\\/candas365.es\\\/noticias\\\/author\\\/admin\\\/#author\"},\"publisher\":{\"@id\":\"https:\\\/\\\/candas365.es\\\/noticias\\\/#organization\"},\"image\":{\"@type\":\"ImageObject\",\"url\":\"https:\\\/\\\/candas365.es\\\/noticias\\\/wp-content\\\/uploads\\\/2015\\\/06\\\/carretera.jpg\",\"width\":655,\"height\":360},\"datePublished\":\"2016-07-11T22:26:16+02:00\",\"dateModified\":\"2016-07-11T22:26:16+02:00\",\"inLanguage\":\"es-ES\",\"mainEntityOfPage\":{\"@id\":\"https:\\\/\\\/candas365.es\\\/noticias\\\/las-grandes-ciudades-de-alemania-estudian-prohibir-la-entrada-de-vehiculos-diesel\\\/#webpage\"},\"isPartOf\":{\"@id\":\"https:\\\/\\\/candas365.es\\\/noticias\\\/las-grandes-ciudades-de-alemania-estudian-prohibir-la-entrada-de-vehiculos-diesel\\\/#webpage\"},\"articleSection\":\"Actualidad\",\"dateline\":\"Publicado el julio 11, 2016.\"},{\"@type\":\"Organization\",\"@id\":\"https:\\\/\\\/candas365.es\\\/noticias\\\/#organization\",\"name\":\"Cand\\u00e1s 365\",\"description\":\"Cand\\u00e1s 365 es un diario digital independiente, fundado en 2012, con base en Asturias. Informamos con rigor sobre actualidad, sociedad, cultura y ocio, con una mirada local y global.\",\"url\":\"https:\\\/\\\/candas365.es\\\/noticias\\\/\",\"email\":\"info@candas365.es\",\"telephone\":\"+34652131393\",\"foundingDate\":\"2012-06-10\",\"logo\":{\"@type\":\"ImageObject\",\"url\":\"https:\\\/\\\/candas365.es\\\/noticias\\\/wp-content\\\/uploads\\\/2024\\\/09\\\/Candas-365-Redes.jpg\",\"@id\":\"https:\\\/\\\/candas365.es\\\/noticias\\\/las-grandes-ciudades-de-alemania-estudian-prohibir-la-entrada-de-vehiculos-diesel\\\/#organizationLogo\",\"width\":1152,\"height\":864,\"caption\":\"Cand\\u00e1s 365 Redes\"},\"image\":{\"@id\":\"https:\\\/\\\/candas365.es\\\/noticias\\\/las-grandes-ciudades-de-alemania-estudian-prohibir-la-entrada-de-vehiculos-diesel\\\/#organizationLogo\"},\"sameAs\":[\"https:\\\/\\\/www.facebook.com\\\/Nachofdezber\",\"https:\\\/\\\/x.com\\\/NabercoDigital\",\"https:\\\/\\\/www.instagram.com\\\/nachofdezber\\\/\",\"https:\\\/\\\/www.youtube.com\\\/channel\\\/UCZP-2wLEB9Rv6erhFmqVnvg\"],\"address\":{\"@id\":\"https:\\\/\\\/candas365.es\\\/noticias\\\/#postaladdress\",\"@type\":\"PostalAddress\",\"streetAddress\":\"san antonio 4, san antonio 4\",\"postalCode\":\"33430\",\"addressLocality\":\"Cand\\u00e1s\",\"addressRegion\":\"Asturias\",\"addressCountry\":\"ES\"}},{\"@type\":\"Person\",\"@id\":\"https:\\\/\\\/candas365.es\\\/noticias\\\/author\\\/admin\\\/#author\",\"url\":\"https:\\\/\\\/candas365.es\\\/noticias\\\/author\\\/admin\\\/\",\"name\":\"Cand\\u00e1s 365\",\"image\":{\"@type\":\"ImageObject\",\"@id\":\"https:\\\/\\\/candas365.es\\\/noticias\\\/las-grandes-ciudades-de-alemania-estudian-prohibir-la-entrada-de-vehiculos-diesel\\\/#authorImage\",\"url\":\"https:\\\/\\\/secure.gravatar.com\\\/avatar\\\/496a8e03d0c493ede1718b7934145dbdf8d89be1036b0eec9544e1094c9de390?s=96&d=mm&r=g\",\"width\":96,\"height\":96,\"caption\":\"Cand\\u00e1s 365\"},\"sameAs\":[\"https:\\\/\\\/www.facebook.com\\\/carrenoactualidad\",\"https:\\\/\\\/twitter.com\\\/nbasturias\",\"https:\\\/\\\/www.instagram.com\\\/nachofdezber\\\/\",\"https:\\\/\\\/www.youtube.com\\\/channel\\\/UCZP-2wLEB9Rv6erhFmqVnvg\"]},{\"@type\":\"WebPage\",\"@id\":\"https:\\\/\\\/candas365.es\\\/noticias\\\/las-grandes-ciudades-de-alemania-estudian-prohibir-la-entrada-de-vehiculos-diesel\\\/#webpage\",\"url\":\"https:\\\/\\\/candas365.es\\\/noticias\\\/las-grandes-ciudades-de-alemania-estudian-prohibir-la-entrada-de-vehiculos-diesel\\\/\",\"name\":\"Las grandes ciudades de Alemania estudian prohibir la entrada de veh\\u00edculos di\\u00e9sel | Cand\\u00e1s 365\",\"description\":\"Berl\\u00edn, 11 jul (dpa) - Las grandes ciudades de Alemania estudian la posibilidad de prohibir la entrada de veh\\u00edculos di\\u00e9sel, por ser considerados especialmente contaminantes. Una de las posibilidades para llevar a cabo esta prohibici\\u00f3n en ciudades como Berl\\u00edn, M\\u00fanich, Bremen o Suttgart ser\\u00eda la introducci\\u00f3n de una pegatina azul medioambiental, seg\\u00fan una encuesta elaborada\",\"inLanguage\":\"es-ES\",\"isPartOf\":{\"@id\":\"https:\\\/\\\/candas365.es\\\/noticias\\\/#website\"},\"breadcrumb\":{\"@id\":\"https:\\\/\\\/candas365.es\\\/noticias\\\/las-grandes-ciudades-de-alemania-estudian-prohibir-la-entrada-de-vehiculos-diesel\\\/#breadcrumblist\"},\"author\":{\"@id\":\"https:\\\/\\\/candas365.es\\\/noticias\\\/author\\\/admin\\\/#author\"},\"creator\":{\"@id\":\"https:\\\/\\\/candas365.es\\\/noticias\\\/author\\\/admin\\\/#author\"},\"image\":{\"@type\":\"ImageObject\",\"url\":\"https:\\\/\\\/candas365.es\\\/noticias\\\/wp-content\\\/uploads\\\/2015\\\/06\\\/carretera.jpg\",\"@id\":\"https:\\\/\\\/candas365.es\\\/noticias\\\/las-grandes-ciudades-de-alemania-estudian-prohibir-la-entrada-de-vehiculos-diesel\\\/#mainImage\",\"width\":655,\"height\":360},\"primaryImageOfPage\":{\"@id\":\"https:\\\/\\\/candas365.es\\\/noticias\\\/las-grandes-ciudades-de-alemania-estudian-prohibir-la-entrada-de-vehiculos-diesel\\\/#mainImage\"},\"datePublished\":\"2016-07-11T22:26:16+02:00\",\"dateModified\":\"2016-07-11T22:26:16+02:00\"},{\"@type\":\"WebSite\",\"@id\":\"https:\\\/\\\/candas365.es\\\/noticias\\\/#website\",\"url\":\"https:\\\/\\\/candas365.es\\\/noticias\\\/\",\"name\":\"Cand\\u00e1s 365\",\"alternateName\":\"Cand\\u00e1s 365 Noticias\",\"description\":\"Actualidad desde Carre\\u00f1o para el mundo\",\"inLanguage\":\"es-ES\",\"publisher\":{\"@id\":\"https:\\\/\\\/candas365.es\\\/noticias\\\/#organization\"}}]}\n\t\t<\/script>\n\t\t<!-- All in One SEO Pro -->\r\n\t\t<title>Las grandes ciudades de Alemania estudian prohibir la entrada de veh\u00edculos di\u00e9sel | Cand\u00e1s 365<\/title>\n\n","aioseo_head_json":{"title":"Las grandes ciudades de Alemania estudian prohibir la entrada de veh\u00edculos di\u00e9sel | Cand\u00e1s 365","description":"Berl\u00edn, 11 jul (dpa) - Las grandes ciudades de Alemania estudian la posibilidad de prohibir la entrada de veh\u00edculos di\u00e9sel, por ser considerados especialmente contaminantes. Una de las posibilidades para llevar a cabo esta prohibici\u00f3n en ciudades como Berl\u00edn, M\u00fanich, Bremen o Suttgart ser\u00eda la introducci\u00f3n de una pegatina azul medioambiental, seg\u00fan una encuesta elaborada","canonical_url":"https:\/\/candas365.es\/noticias\/las-grandes-ciudades-de-alemania-estudian-prohibir-la-entrada-de-vehiculos-diesel\/","robots":"max-image-preview:large","keywords":"actualidad","webmasterTools":{"google-site-verification":"UA-32230408-1","msvalidate.01":"354F3CDFB2DA171B47FBE9ABF1F88D5","miscellaneous":""},"schema":{"@context":"https:\/\/schema.org","@graph":[{"@type":"BreadcrumbList","@id":"https:\/\/candas365.es\/noticias\/las-grandes-ciudades-de-alemania-estudian-prohibir-la-entrada-de-vehiculos-diesel\/#breadcrumblist","itemListElement":[{"@type":"ListItem","@id":"https:\/\/candas365.es\/noticias#listItem","position":1,"name":"Home","item":"https:\/\/candas365.es\/noticias","nextItem":{"@type":"ListItem","@id":"https:\/\/candas365.es\/noticias\/category\/actualidad\/#listItem","name":"Actualidad"}},{"@type":"ListItem","@id":"https:\/\/candas365.es\/noticias\/category\/actualidad\/#listItem","position":2,"name":"Actualidad","item":"https:\/\/candas365.es\/noticias\/category\/actualidad\/","nextItem":{"@type":"ListItem","@id":"https:\/\/candas365.es\/noticias\/las-grandes-ciudades-de-alemania-estudian-prohibir-la-entrada-de-vehiculos-diesel\/#listItem","name":"Las grandes ciudades de Alemania estudian prohibir la entrada de veh\u00edculos di\u00e9sel"},"previousItem":{"@type":"ListItem","@id":"https:\/\/candas365.es\/noticias#listItem","name":"Home"}},{"@type":"ListItem","@id":"https:\/\/candas365.es\/noticias\/las-grandes-ciudades-de-alemania-estudian-prohibir-la-entrada-de-vehiculos-diesel\/#listItem","position":3,"name":"Las grandes ciudades de Alemania estudian prohibir la entrada de veh\u00edculos di\u00e9sel","previousItem":{"@type":"ListItem","@id":"https:\/\/candas365.es\/noticias\/category\/actualidad\/#listItem","name":"Actualidad"}}]},{"@type":"NewsArticle","@id":"https:\/\/candas365.es\/noticias\/las-grandes-ciudades-de-alemania-estudian-prohibir-la-entrada-de-vehiculos-diesel\/#newsarticle","name":"Las grandes ciudades de Alemania estudian prohibir la entrada de veh\u00edculos di\u00e9sel | Cand\u00e1s 365","headline":"Las grandes ciudades de Alemania estudian prohibir la entrada de veh\u00edculos di\u00e9sel","author":{"@id":"https:\/\/candas365.es\/noticias\/author\/admin\/#author"},"publisher":{"@id":"https:\/\/candas365.es\/noticias\/#organization"},"image":{"@type":"ImageObject","url":"https:\/\/candas365.es\/noticias\/wp-content\/uploads\/2015\/06\/carretera.jpg","width":655,"height":360},"datePublished":"2016-07-11T22:26:16+02:00","dateModified":"2016-07-11T22:26:16+02:00","inLanguage":"es-ES","mainEntityOfPage":{"@id":"https:\/\/candas365.es\/noticias\/las-grandes-ciudades-de-alemania-estudian-prohibir-la-entrada-de-vehiculos-diesel\/#webpage"},"isPartOf":{"@id":"https:\/\/candas365.es\/noticias\/las-grandes-ciudades-de-alemania-estudian-prohibir-la-entrada-de-vehiculos-diesel\/#webpage"},"articleSection":"Actualidad","dateline":"Publicado el julio 11, 2016."},{"@type":"Organization","@id":"https:\/\/candas365.es\/noticias\/#organization","name":"Cand\u00e1s 365","description":"Cand\u00e1s 365 es un diario digital independiente, fundado en 2012, con base en Asturias. Informamos con rigor sobre actualidad, sociedad, cultura y ocio, con una mirada local y global.","url":"https:\/\/candas365.es\/noticias\/","email":"info@candas365.es","telephone":"+34652131393","foundingDate":"2012-06-10","logo":{"@type":"ImageObject","url":"https:\/\/candas365.es\/noticias\/wp-content\/uploads\/2024\/09\/Candas-365-Redes.jpg","@id":"https:\/\/candas365.es\/noticias\/las-grandes-ciudades-de-alemania-estudian-prohibir-la-entrada-de-vehiculos-diesel\/#organizationLogo","width":1152,"height":864,"caption":"Cand\u00e1s 365 Redes"},"image":{"@id":"https:\/\/candas365.es\/noticias\/las-grandes-ciudades-de-alemania-estudian-prohibir-la-entrada-de-vehiculos-diesel\/#organizationLogo"},"sameAs":["https:\/\/www.facebook.com\/Nachofdezber","https:\/\/x.com\/NabercoDigital","https:\/\/www.instagram.com\/nachofdezber\/","https:\/\/www.youtube.com\/channel\/UCZP-2wLEB9Rv6erhFmqVnvg"],"address":{"@id":"https:\/\/candas365.es\/noticias\/#postaladdress","@type":"PostalAddress","streetAddress":"san antonio 4, san antonio 4","postalCode":"33430","addressLocality":"Cand\u00e1s","addressRegion":"Asturias","addressCountry":"ES"}},{"@type":"Person","@id":"https:\/\/candas365.es\/noticias\/author\/admin\/#author","url":"https:\/\/candas365.es\/noticias\/author\/admin\/","name":"Cand\u00e1s 365","image":{"@type":"ImageObject","@id":"https:\/\/candas365.es\/noticias\/las-grandes-ciudades-de-alemania-estudian-prohibir-la-entrada-de-vehiculos-diesel\/#authorImage","url":"https:\/\/secure.gravatar.com\/avatar\/496a8e03d0c493ede1718b7934145dbdf8d89be1036b0eec9544e1094c9de390?s=96&d=mm&r=g","width":96,"height":96,"caption":"Cand\u00e1s 365"},"sameAs":["https:\/\/www.facebook.com\/carrenoactualidad","https:\/\/twitter.com\/nbasturias","https:\/\/www.instagram.com\/nachofdezber\/","https:\/\/www.youtube.com\/channel\/UCZP-2wLEB9Rv6erhFmqVnvg"]},{"@type":"WebPage","@id":"https:\/\/candas365.es\/noticias\/las-grandes-ciudades-de-alemania-estudian-prohibir-la-entrada-de-vehiculos-diesel\/#webpage","url":"https:\/\/candas365.es\/noticias\/las-grandes-ciudades-de-alemania-estudian-prohibir-la-entrada-de-vehiculos-diesel\/","name":"Las grandes ciudades de Alemania estudian prohibir la entrada de veh\u00edculos di\u00e9sel | Cand\u00e1s 365","description":"Berl\u00edn, 11 jul (dpa) - Las grandes ciudades de Alemania estudian la posibilidad de prohibir la entrada de veh\u00edculos di\u00e9sel, por ser considerados especialmente contaminantes. Una de las posibilidades para llevar a cabo esta prohibici\u00f3n en ciudades como Berl\u00edn, M\u00fanich, Bremen o Suttgart ser\u00eda la introducci\u00f3n de una pegatina azul medioambiental, seg\u00fan una encuesta elaborada","inLanguage":"es-ES","isPartOf":{"@id":"https:\/\/candas365.es\/noticias\/#website"},"breadcrumb":{"@id":"https:\/\/candas365.es\/noticias\/las-grandes-ciudades-de-alemania-estudian-prohibir-la-entrada-de-vehiculos-diesel\/#breadcrumblist"},"author":{"@id":"https:\/\/candas365.es\/noticias\/author\/admin\/#author"},"creator":{"@id":"https:\/\/candas365.es\/noticias\/author\/admin\/#author"},"image":{"@type":"ImageObject","url":"https:\/\/candas365.es\/noticias\/wp-content\/uploads\/2015\/06\/carretera.jpg","@id":"https:\/\/candas365.es\/noticias\/las-grandes-ciudades-de-alemania-estudian-prohibir-la-entrada-de-vehiculos-diesel\/#mainImage","width":655,"height":360},"primaryImageOfPage":{"@id":"https:\/\/candas365.es\/noticias\/las-grandes-ciudades-de-alemania-estudian-prohibir-la-entrada-de-vehiculos-diesel\/#mainImage"},"datePublished":"2016-07-11T22:26:16+02:00","dateModified":"2016-07-11T22:26:16+02:00"},{"@type":"WebSite","@id":"https:\/\/candas365.es\/noticias\/#website","url":"https:\/\/candas365.es\/noticias\/","name":"Cand\u00e1s 365","alternateName":"Cand\u00e1s 365 Noticias","description":"Actualidad desde Carre\u00f1o para el mundo","inLanguage":"es-ES","publisher":{"@id":"https:\/\/candas365.es\/noticias\/#organization"}}]},"og:locale":"es_ES","og:site_name":"Cand\u00e1s 365","og:type":"article","og:title":"Las grandes ciudades de Alemania estudian prohibir la entrada de veh\u00edculos di\u00e9sel | Cand\u00e1s 365","og:description":"Berl\u00edn, 11 jul (dpa) - Las grandes ciudades de Alemania estudian la posibilidad de prohibir la entrada de veh\u00edculos di\u00e9sel, por ser considerados especialmente contaminantes. Una de las posibilidades para llevar a cabo esta prohibici\u00f3n en ciudades como Berl\u00edn, M\u00fanich, Bremen o Suttgart ser\u00eda la introducci\u00f3n de una pegatina azul medioambiental, seg\u00fan una encuesta elaborada","og:url":"https:\/\/candas365.es\/noticias\/las-grandes-ciudades-de-alemania-estudian-prohibir-la-entrada-de-vehiculos-diesel\/","og:image":"https:\/\/candas365.es\/noticias\/wp-content\/uploads\/2015\/06\/carretera.jpg","og:image:secure_url":"https:\/\/candas365.es\/noticias\/wp-content\/uploads\/2015\/06\/carretera.jpg","og:image:width":655,"og:image:height":360,"article:published_time":"2016-07-11T20:56:16+00:00","article:modified_time":"2016-07-11T20:56:16+00:00","article:publisher":"https:\/\/www.facebook.com\/Nachofdezber","article:author":"https:\/\/www.facebook.com\/carrenoactualidad","twitter:card":"summary_large_image","twitter:site":"@NabercoDigital","twitter:title":"Las grandes ciudades de Alemania estudian prohibir la entrada de veh\u00edculos di\u00e9sel | Cand\u00e1s 365","twitter:description":"Berl\u00edn, 11 jul (dpa) - Las grandes ciudades de Alemania estudian la posibilidad de prohibir la entrada de veh\u00edculos di\u00e9sel, por ser considerados especialmente contaminantes. Una de las posibilidades para llevar a cabo esta prohibici\u00f3n en ciudades como Berl\u00edn, M\u00fanich, Bremen o Suttgart ser\u00eda la introducci\u00f3n de una pegatina azul medioambiental, seg\u00fan una encuesta elaborada","twitter:creator":"@nbasturias","twitter:image":"https:\/\/candas365.es\/noticias\/wp-content\/uploads\/2015\/06\/carretera.jpg","twitter:label1":"Escrito por","twitter:data1":"Cand\u00e1s 365","twitter:label2":"Tiempo de lectura estimado","twitter:data2":"2 minutos"},"aioseo_meta_data":{"post_id":"31836","title":null,"description":null,"keywords":null,"keyphrases":null,"primary_term":null,"canonical_url":null,"og_title":null,"og_description":null,"og_object_type":"default","og_image_type":"default","og_image_url":null,"og_image_width":null,"og_image_height":null,"og_image_custom_url":null,"og_image_custom_fields":null,"og_video":null,"og_custom_url":null,"og_article_section":null,"og_article_tags":null,"twitter_use_og":false,"twitter_card":"default","twitter_image_type":"default","twitter_image_url":null,"twitter_image_custom_url":null,"twitter_image_custom_fields":null,"twitter_title":null,"twitter_description":null,"schema":{"blockGraphs":[],"customGraphs":[],"default":{"data":{"Article":[],"Course":[],"Dataset":[],"FAQPage":[],"Movie":[],"Person":[],"Product":[],"ProductReview":[],"Car":[],"Recipe":[],"Service":[],"SoftwareApplication":[],"WebPage":[]},"graphName":"","isEnabled":true},"graphs":[],"defaultGraph":"","defaultPostTypeGraph":""},"schema_type":null,"schema_type_options":null,"pillar_content":false,"robots_default":true,"robots_noindex":false,"robots_noarchive":false,"robots_nosnippet":false,"robots_nofollow":false,"robots_noimageindex":false,"robots_noodp":false,"robots_notranslate":false,"robots_max_snippet":null,"robots_max_videopreview":null,"robots_max_imagepreview":"large","priority":null,"frequency":null,"location":null,"local_seo":null,"seo_analyzer_scan_date":"2025-08-24 14:29:11","breadcrumb_settings":null,"limit_modified_date":false,"reviewed_by":null,"open_ai":null,"ai":null,"created":"2020-12-21 13:02:03","updated":"2025-08-24 14:29:11"},"aioseo_breadcrumb":"<div class=\"aioseo-breadcrumbs\"><span class=\"aioseo-breadcrumb\">\n\t<a href=\"https:\/\/candas365.es\/noticias\" title=\"Home\">Home<\/a>\n<\/span><span class=\"aioseo-breadcrumb-separator\">&ndash;<\/span><span class=\"aioseo-breadcrumb\">\n\t<a href=\"https:\/\/candas365.es\/noticias\/category\/actualidad\/\" title=\"Actualidad\">Actualidad<\/a>\n<\/span><span class=\"aioseo-breadcrumb-separator\">&ndash;<\/span><span class=\"aioseo-breadcrumb\">\n\tLas grandes ciudades de Alemania estudian prohibir la entrada de veh\u00edculos di\u00e9sel\n<\/span><\/div>","aioseo_breadcrumb_json":[{"label":"Home","link":"https:\/\/candas365.es\/noticias"},{"label":"Actualidad","link":"https:\/\/candas365.es\/noticias\/category\/actualidad\/"},{"label":"Las grandes ciudades de Alemania estudian prohibir la entrada de veh\u00edculos di\u00e9sel","link":"https:\/\/candas365.es\/noticias\/las-grandes-ciudades-de-alemania-estudian-prohibir-la-entrada-de-vehiculos-diesel\/"}],"_links":{"self":[{"href":"https:\/\/candas365.es\/noticias\/wp-json\/wp\/v2\/posts\/31836","targetHints":{"allow":["GET"]}}],"collection":[{"href":"https:\/\/candas365.es\/noticias\/wp-json\/wp\/v2\/posts"}],"about":[{"href":"https:\/\/candas365.es\/noticias\/wp-json\/wp\/v2\/types\/post"}],"author":[{"embeddable":true,"href":"https:\/\/candas365.es\/noticias\/wp-json\/wp\/v2\/users\/1"}],"replies":[{"embeddable":true,"href":"https:\/\/candas365.es\/noticias\/wp-json\/wp\/v2\/comments?post=31836"}],"version-history":[{"count":0,"href":"https:\/\/candas365.es\/noticias\/wp-json\/wp\/v2\/posts\/31836\/revisions"}],"wp:featuredmedia":[{"embeddable":true,"href":"https:\/\/candas365.es\/noticias\/wp-json\/wp\/v2\/media\/11776"}],"wp:attachment":[{"href":"https:\/\/candas365.es\/noticias\/wp-json\/wp\/v2\/media?parent=31836"}],"wp:term":[{"taxonomy":"category","embeddable":true,"href":"https:\/\/candas365.es\/noticias\/wp-json\/wp\/v2\/categories?post=31836"},{"taxonomy":"post_tag","embeddable":true,"href":"https:\/\/candas365.es\/noticias\/wp-json\/wp\/v2\/tags?post=31836"}],"curies":[{"name":"wp","href":"https:\/\/api.w.org\/{rel}","templated":true}]}}