{"id":31834,"date":"2016-07-11T22:24:30","date_gmt":"2016-07-11T20:54:30","guid":{"rendered":"http:\/\/candas365.es\/noticias\/?p=31834"},"modified":"2016-07-11T22:24:30","modified_gmt":"2016-07-11T20:54:30","slug":"ancelotti-no-hara-ninguna-revolucion-en-el-bayern","status":"publish","type":"post","link":"https:\/\/candas365.es\/noticias\/ancelotti-no-hara-ninguna-revolucion-en-el-bayern\/","title":{"rendered":"Ancelotti: \u00abNo har\u00e1 ninguna revoluci\u00f3n en el Bayern\u00bb"},"content":{"rendered":"<p>M\u00fanich, 11 jul (dpa) &#8211; El italiano Carlo Ancelotti asegur\u00f3 hoy que su intenci\u00f3n es continuar con el trabajo emprendido por el espa\u00f1ol Josep Guardiola al frente del Bayern M\u00fanich.<\/p>\n<p>\u00abNo estoy aqu\u00ed para hacer una revoluci\u00f3n\u00bb, declar\u00f3 en su presentaci\u00f3n oficial en la capital b\u00e1vara, donde comenz\u00f3 en alem\u00e1n para luego admitir que a\u00fan no se siente preparado para dar toda la rueda de prensa en ese idioma y que en principio tendr\u00e1 que hablar en ingl\u00e9s o en italiano. \u00abEspero mejorar mi alem\u00e1n los pr\u00f3ximos meses\u00bb, agreg\u00f3.<\/p>\n<p>El nuevo entrenador del campe\u00f3n alem\u00e1n, que ocupa el hueco dejado por Guardiola tras abandonar el club al final de la temporada para tomar las riendas del Manchester City, asegur\u00f3 estar muy feliz de su nueva etapa en Alemania. \u00abMe siento muy bien por estar en uno de los clubes m\u00e1s grandes del mundo\u00bb, indic\u00f3.<\/p>\n<p>\u00abIntentaremos ser fuertes en todas las competiciones y ganarlas. Queremos lograr el m\u00e1ximo nivel. Ese es nuestro objetivo\u00bb, afirm\u00f3 el t\u00e9cnico de 57 a\u00f1os, con contrato para tres temporadas. Sin embargo, no se lanz\u00f3 a prometer que tambi\u00e9n ganar\u00edan la ansiada Liga de Campeones. \u00abLos entrenadores no pueden controlar el resultado. Ser\u00eda un mago\u00bb, asegur\u00f3.<\/p>\n<p>Tras su paso por el Milan, el Chelsea, el Paris St. Germain y el Real Madrid puede lidiar bien con las elevadas expectativas sobre su trabajo. \u00abHe tenido la suerte de entrenar siempre equipos de gran categor\u00eda. Sinceramente, no siento mucho la presi\u00f3n\u00bb, dijo.<\/p>\n<p>Al italiano le result\u00f3 f\u00e1cil tomar la decisi\u00f3n de mudarse a M\u00fanich. \u00abFue un acuerdo r\u00e1pido\u00bb, record\u00f3 sobre las negociaciones con el club.<\/p>\n<p>Mientras, el jefe de la junta directiva del Bayern, Karl-Heinz Rummenigge, calific\u00f3 a Ancelotti como \u00abel entrenador correcto para el momento y lugar correctos\u00bb.<\/p>\n<p>El nuevo estratega del Bayern se mostr\u00f3 contento con la calidad de su equipo, al que dirigir\u00e1 hoy en su primer entrenamiento. Sin embargo, Rummenigge adelant\u00f3 que no se ha cerrado la puerta \u00abcompletamente\u00bb a nuevas incorporaciones.<\/p>\n<p>El campe\u00f3n alem\u00e1n ha fichado hasta el momento a Mats Hummels y al internacional portugu\u00e9s Renato Sanches. \u00abEs un buen refuerzo. Ya se ha visto en la Eurocopa\u00bb, afirm\u00f3 el directivo b\u00e1varo.<\/p>\n<p>Respecto a una posible salida de Mario G\u00f6tze y Medhi Benatia todo sigue en el aire. Mientras, el dan\u00e9s Pierre-Emile H\u00f8jbjerg cambiar\u00e1 por el club ingl\u00e9s Southampton.<\/p>\n<p>&nbsp;<\/p>\n","protected":false},"excerpt":{"rendered":"<p>M\u00fanich, 11 jul (dpa) &#8211; El italiano Carlo Ancelotti asegur\u00f3 hoy que su intenci\u00f3n es continuar con el trabajo emprendido por el espa\u00f1ol Josep Guardiola al frente del Bayern M\u00fanich. \u00abNo estoy aqu\u00ed para hacer una revoluci\u00f3n\u00bb, declar\u00f3 en su presentaci\u00f3n oficial en la capital b\u00e1vara, donde comenz\u00f3 en alem\u00e1n para luego admitir que a\u00fan<\/p>\n","protected":false},"author":1,"featured_media":21654,"comment_status":"closed","ping_status":"closed","sticky":false,"template":"","format":"standard","meta":{"footnotes":""},"categories":[343],"tags":[],"class_list":{"0":"post-31834","1":"post","2":"type-post","3":"status-publish","4":"format-standard","5":"has-post-thumbnail","7":"category-actualidad"},"aioseo_notices":[],"aioseo_head":"\n\t\t<!-- All in One SEO Pro 4.9.6.2 - aioseo.com -->\n\t<meta name=\"description\" content=\"M\u00fanich, 11 jul (dpa) - El italiano Carlo Ancelotti asegur\u00f3 hoy que su intenci\u00f3n es continuar con el trabajo emprendido por el espa\u00f1ol Josep Guardiola al frente del Bayern M\u00fanich. &quot;No estoy aqu\u00ed para hacer una revoluci\u00f3n&quot;, declar\u00f3 en su presentaci\u00f3n oficial en la capital b\u00e1vara, donde comenz\u00f3 en alem\u00e1n para luego admitir que a\u00fan\" \/>\n\t<meta name=\"robots\" content=\"max-image-preview:large\" \/>\n\t<meta name=\"author\" content=\"Cand\u00e1s 365\"\/>\n\t<meta name=\"google-site-verification\" content=\"UA-32230408-1\" \/>\n\t<meta name=\"msvalidate.01\" content=\"354F3CDFB2DA171B47FBE9ABF1F88D5\" \/>\n\t<meta name=\"keywords\" content=\"actualidad\" \/>\n\t<link rel=\"canonical\" href=\"https:\/\/candas365.es\/noticias\/ancelotti-no-hara-ninguna-revolucion-en-el-bayern\/\" \/>\n\t<meta name=\"generator\" content=\"All in One SEO Pro (AIOSEO) 4.9.6.2\" \/>\n\t\t<meta property=\"og:locale\" content=\"es_ES\" \/>\n\t\t<meta property=\"og:site_name\" content=\"Cand\u00e1s 365\" \/>\n\t\t<meta property=\"og:type\" content=\"article\" \/>\n\t\t<meta property=\"og:title\" content=\"Ancelotti: \u00abNo har\u00e1 ninguna revoluci\u00f3n en el Bayern\u00bb | Cand\u00e1s 365\" \/>\n\t\t<meta property=\"og:description\" content=\"M\u00fanich, 11 jul (dpa) - El italiano Carlo Ancelotti asegur\u00f3 hoy que su intenci\u00f3n es continuar con el trabajo emprendido por el espa\u00f1ol Josep Guardiola al frente del Bayern M\u00fanich. &quot;No estoy aqu\u00ed para hacer una revoluci\u00f3n&quot;, declar\u00f3 en su presentaci\u00f3n oficial en la capital b\u00e1vara, donde comenz\u00f3 en alem\u00e1n para luego admitir que a\u00fan\" \/>\n\t\t<meta property=\"og:url\" content=\"https:\/\/candas365.es\/noticias\/ancelotti-no-hara-ninguna-revolucion-en-el-bayern\/\" \/>\n\t\t<meta property=\"og:image\" content=\"https:\/\/candas365.es\/noticias\/wp-content\/uploads\/2015\/12\/bayern.jpg\" \/>\n\t\t<meta property=\"og:image:secure_url\" content=\"https:\/\/candas365.es\/noticias\/wp-content\/uploads\/2015\/12\/bayern.jpg\" \/>\n\t\t<meta property=\"og:image:width\" content=\"655\" \/>\n\t\t<meta property=\"og:image:height\" content=\"360\" \/>\n\t\t<meta property=\"article:published_time\" content=\"2016-07-11T20:54:30+00:00\" \/>\n\t\t<meta property=\"article:modified_time\" content=\"2016-07-11T20:54:30+00:00\" \/>\n\t\t<meta property=\"article:publisher\" content=\"https:\/\/www.facebook.com\/Nachofdezber\" \/>\n\t\t<meta property=\"article:author\" content=\"https:\/\/www.facebook.com\/carrenoactualidad\" \/>\n\t\t<meta name=\"twitter:card\" content=\"summary_large_image\" \/>\n\t\t<meta name=\"twitter:site\" content=\"@NabercoDigital\" \/>\n\t\t<meta name=\"twitter:title\" content=\"Ancelotti: \u00abNo har\u00e1 ninguna revoluci\u00f3n en el Bayern\u00bb | Cand\u00e1s 365\" \/>\n\t\t<meta name=\"twitter:description\" content=\"M\u00fanich, 11 jul (dpa) - El italiano Carlo Ancelotti asegur\u00f3 hoy que su intenci\u00f3n es continuar con el trabajo emprendido por el espa\u00f1ol Josep Guardiola al frente del Bayern M\u00fanich. &quot;No estoy aqu\u00ed para hacer una revoluci\u00f3n&quot;, declar\u00f3 en su presentaci\u00f3n oficial en la capital b\u00e1vara, donde comenz\u00f3 en alem\u00e1n para luego admitir que a\u00fan\" \/>\n\t\t<meta name=\"twitter:creator\" content=\"@nbasturias\" \/>\n\t\t<meta name=\"twitter:image\" content=\"https:\/\/candas365.es\/noticias\/wp-content\/uploads\/2015\/12\/bayern.jpg\" \/>\n\t\t<meta name=\"twitter:label1\" content=\"Escrito por\" \/>\n\t\t<meta name=\"twitter:data1\" content=\"Cand\u00e1s 365\" \/>\n\t\t<meta name=\"twitter:label2\" content=\"Tiempo de lectura estimado\" \/>\n\t\t<meta name=\"twitter:data2\" content=\"2 minutos\" \/>\n\t\t<script type=\"application\/ld+json\" class=\"aioseo-schema\">\n\t\t\t{\"@context\":\"https:\\\/\\\/schema.org\",\"@graph\":[{\"@type\":\"BreadcrumbList\",\"@id\":\"https:\\\/\\\/candas365.es\\\/noticias\\\/ancelotti-no-hara-ninguna-revolucion-en-el-bayern\\\/#breadcrumblist\",\"itemListElement\":[{\"@type\":\"ListItem\",\"@id\":\"https:\\\/\\\/candas365.es\\\/noticias#listItem\",\"position\":1,\"name\":\"Home\",\"item\":\"https:\\\/\\\/candas365.es\\\/noticias\",\"nextItem\":{\"@type\":\"ListItem\",\"@id\":\"https:\\\/\\\/candas365.es\\\/noticias\\\/category\\\/actualidad\\\/#listItem\",\"name\":\"Actualidad\"}},{\"@type\":\"ListItem\",\"@id\":\"https:\\\/\\\/candas365.es\\\/noticias\\\/category\\\/actualidad\\\/#listItem\",\"position\":2,\"name\":\"Actualidad\",\"item\":\"https:\\\/\\\/candas365.es\\\/noticias\\\/category\\\/actualidad\\\/\",\"nextItem\":{\"@type\":\"ListItem\",\"@id\":\"https:\\\/\\\/candas365.es\\\/noticias\\\/ancelotti-no-hara-ninguna-revolucion-en-el-bayern\\\/#listItem\",\"name\":\"Ancelotti: \\u00abNo har\\u00e1 ninguna revoluci\\u00f3n en el Bayern\\u00bb\"},\"previousItem\":{\"@type\":\"ListItem\",\"@id\":\"https:\\\/\\\/candas365.es\\\/noticias#listItem\",\"name\":\"Home\"}},{\"@type\":\"ListItem\",\"@id\":\"https:\\\/\\\/candas365.es\\\/noticias\\\/ancelotti-no-hara-ninguna-revolucion-en-el-bayern\\\/#listItem\",\"position\":3,\"name\":\"Ancelotti: \\u00abNo har\\u00e1 ninguna revoluci\\u00f3n en el Bayern\\u00bb\",\"previousItem\":{\"@type\":\"ListItem\",\"@id\":\"https:\\\/\\\/candas365.es\\\/noticias\\\/category\\\/actualidad\\\/#listItem\",\"name\":\"Actualidad\"}}]},{\"@type\":\"NewsArticle\",\"@id\":\"https:\\\/\\\/candas365.es\\\/noticias\\\/ancelotti-no-hara-ninguna-revolucion-en-el-bayern\\\/#newsarticle\",\"name\":\"Ancelotti: \\u00abNo har\\u00e1 ninguna revoluci\\u00f3n en el Bayern\\u00bb | Cand\\u00e1s 365\",\"headline\":\"Ancelotti: \\u00abNo har\\u00e1 ninguna revoluci\\u00f3n en el Bayern\\u00bb\",\"author\":{\"@id\":\"https:\\\/\\\/candas365.es\\\/noticias\\\/author\\\/admin\\\/#author\"},\"publisher\":{\"@id\":\"https:\\\/\\\/candas365.es\\\/noticias\\\/#organization\"},\"image\":{\"@type\":\"ImageObject\",\"url\":\"https:\\\/\\\/candas365.es\\\/noticias\\\/wp-content\\\/uploads\\\/2015\\\/12\\\/bayern.jpg\",\"width\":655,\"height\":360},\"datePublished\":\"2016-07-11T22:24:30+02:00\",\"dateModified\":\"2016-07-11T22:24:30+02:00\",\"inLanguage\":\"es-ES\",\"mainEntityOfPage\":{\"@id\":\"https:\\\/\\\/candas365.es\\\/noticias\\\/ancelotti-no-hara-ninguna-revolucion-en-el-bayern\\\/#webpage\"},\"isPartOf\":{\"@id\":\"https:\\\/\\\/candas365.es\\\/noticias\\\/ancelotti-no-hara-ninguna-revolucion-en-el-bayern\\\/#webpage\"},\"articleSection\":\"Actualidad\",\"dateline\":\"Publicado el julio 11, 2016.\"},{\"@type\":\"Organization\",\"@id\":\"https:\\\/\\\/candas365.es\\\/noticias\\\/#organization\",\"name\":\"Cand\\u00e1s 365\",\"description\":\"Cand\\u00e1s 365 es un diario digital independiente, fundado en 2012, con base en Asturias. Informamos con rigor sobre actualidad, sociedad, cultura y ocio, con una mirada local y global.\",\"url\":\"https:\\\/\\\/candas365.es\\\/noticias\\\/\",\"email\":\"info@candas365.es\",\"telephone\":\"+34652131393\",\"foundingDate\":\"2012-06-10\",\"logo\":{\"@type\":\"ImageObject\",\"url\":\"https:\\\/\\\/candas365.es\\\/noticias\\\/wp-content\\\/uploads\\\/2024\\\/09\\\/Candas-365-Redes.jpg\",\"@id\":\"https:\\\/\\\/candas365.es\\\/noticias\\\/ancelotti-no-hara-ninguna-revolucion-en-el-bayern\\\/#organizationLogo\",\"width\":1152,\"height\":864,\"caption\":\"Cand\\u00e1s 365 Redes\"},\"image\":{\"@id\":\"https:\\\/\\\/candas365.es\\\/noticias\\\/ancelotti-no-hara-ninguna-revolucion-en-el-bayern\\\/#organizationLogo\"},\"sameAs\":[\"https:\\\/\\\/www.facebook.com\\\/Nachofdezber\",\"https:\\\/\\\/x.com\\\/NabercoDigital\",\"https:\\\/\\\/www.instagram.com\\\/nachofdezber\\\/\",\"https:\\\/\\\/www.youtube.com\\\/channel\\\/UCZP-2wLEB9Rv6erhFmqVnvg\"],\"address\":{\"@id\":\"https:\\\/\\\/candas365.es\\\/noticias\\\/#postaladdress\",\"@type\":\"PostalAddress\",\"streetAddress\":\"san antonio 4, san antonio 4\",\"postalCode\":\"33430\",\"addressLocality\":\"Cand\\u00e1s\",\"addressRegion\":\"Asturias\",\"addressCountry\":\"ES\"}},{\"@type\":\"Person\",\"@id\":\"https:\\\/\\\/candas365.es\\\/noticias\\\/author\\\/admin\\\/#author\",\"url\":\"https:\\\/\\\/candas365.es\\\/noticias\\\/author\\\/admin\\\/\",\"name\":\"Cand\\u00e1s 365\",\"image\":{\"@type\":\"ImageObject\",\"@id\":\"https:\\\/\\\/candas365.es\\\/noticias\\\/ancelotti-no-hara-ninguna-revolucion-en-el-bayern\\\/#authorImage\",\"url\":\"https:\\\/\\\/secure.gravatar.com\\\/avatar\\\/496a8e03d0c493ede1718b7934145dbdf8d89be1036b0eec9544e1094c9de390?s=96&d=mm&r=g\",\"width\":96,\"height\":96,\"caption\":\"Cand\\u00e1s 365\"},\"sameAs\":[\"https:\\\/\\\/www.facebook.com\\\/carrenoactualidad\",\"https:\\\/\\\/twitter.com\\\/nbasturias\",\"https:\\\/\\\/www.instagram.com\\\/nachofdezber\\\/\",\"https:\\\/\\\/www.youtube.com\\\/channel\\\/UCZP-2wLEB9Rv6erhFmqVnvg\"]},{\"@type\":\"WebPage\",\"@id\":\"https:\\\/\\\/candas365.es\\\/noticias\\\/ancelotti-no-hara-ninguna-revolucion-en-el-bayern\\\/#webpage\",\"url\":\"https:\\\/\\\/candas365.es\\\/noticias\\\/ancelotti-no-hara-ninguna-revolucion-en-el-bayern\\\/\",\"name\":\"Ancelotti: \\u00abNo har\\u00e1 ninguna revoluci\\u00f3n en el Bayern\\u00bb | Cand\\u00e1s 365\",\"description\":\"M\\u00fanich, 11 jul (dpa) - El italiano Carlo Ancelotti asegur\\u00f3 hoy que su intenci\\u00f3n es continuar con el trabajo emprendido por el espa\\u00f1ol Josep Guardiola al frente del Bayern M\\u00fanich. \\\"No estoy aqu\\u00ed para hacer una revoluci\\u00f3n\\\", declar\\u00f3 en su presentaci\\u00f3n oficial en la capital b\\u00e1vara, donde comenz\\u00f3 en alem\\u00e1n para luego admitir que a\\u00fan\",\"inLanguage\":\"es-ES\",\"isPartOf\":{\"@id\":\"https:\\\/\\\/candas365.es\\\/noticias\\\/#website\"},\"breadcrumb\":{\"@id\":\"https:\\\/\\\/candas365.es\\\/noticias\\\/ancelotti-no-hara-ninguna-revolucion-en-el-bayern\\\/#breadcrumblist\"},\"author\":{\"@id\":\"https:\\\/\\\/candas365.es\\\/noticias\\\/author\\\/admin\\\/#author\"},\"creator\":{\"@id\":\"https:\\\/\\\/candas365.es\\\/noticias\\\/author\\\/admin\\\/#author\"},\"image\":{\"@type\":\"ImageObject\",\"url\":\"https:\\\/\\\/candas365.es\\\/noticias\\\/wp-content\\\/uploads\\\/2015\\\/12\\\/bayern.jpg\",\"@id\":\"https:\\\/\\\/candas365.es\\\/noticias\\\/ancelotti-no-hara-ninguna-revolucion-en-el-bayern\\\/#mainImage\",\"width\":655,\"height\":360},\"primaryImageOfPage\":{\"@id\":\"https:\\\/\\\/candas365.es\\\/noticias\\\/ancelotti-no-hara-ninguna-revolucion-en-el-bayern\\\/#mainImage\"},\"datePublished\":\"2016-07-11T22:24:30+02:00\",\"dateModified\":\"2016-07-11T22:24:30+02:00\"},{\"@type\":\"WebSite\",\"@id\":\"https:\\\/\\\/candas365.es\\\/noticias\\\/#website\",\"url\":\"https:\\\/\\\/candas365.es\\\/noticias\\\/\",\"name\":\"Cand\\u00e1s 365\",\"alternateName\":\"Cand\\u00e1s 365 Noticias\",\"description\":\"Actualidad desde Carre\\u00f1o para el mundo\",\"inLanguage\":\"es-ES\",\"publisher\":{\"@id\":\"https:\\\/\\\/candas365.es\\\/noticias\\\/#organization\"}}]}\n\t\t<\/script>\n\t\t<!-- All in One SEO Pro -->\r\n\t\t<title>Ancelotti: \u00abNo har\u00e1 ninguna revoluci\u00f3n en el Bayern\u00bb | Cand\u00e1s 365<\/title>\n\n","aioseo_head_json":{"title":"Ancelotti: \u00abNo har\u00e1 ninguna revoluci\u00f3n en el Bayern\u00bb | Cand\u00e1s 365","description":"M\u00fanich, 11 jul (dpa) - El italiano Carlo Ancelotti asegur\u00f3 hoy que su intenci\u00f3n es continuar con el trabajo emprendido por el espa\u00f1ol Josep Guardiola al frente del Bayern M\u00fanich. \"No estoy aqu\u00ed para hacer una revoluci\u00f3n\", declar\u00f3 en su presentaci\u00f3n oficial en la capital b\u00e1vara, donde comenz\u00f3 en alem\u00e1n para luego admitir que a\u00fan","canonical_url":"https:\/\/candas365.es\/noticias\/ancelotti-no-hara-ninguna-revolucion-en-el-bayern\/","robots":"max-image-preview:large","keywords":"actualidad","webmasterTools":{"google-site-verification":"UA-32230408-1","msvalidate.01":"354F3CDFB2DA171B47FBE9ABF1F88D5","miscellaneous":""},"schema":{"@context":"https:\/\/schema.org","@graph":[{"@type":"BreadcrumbList","@id":"https:\/\/candas365.es\/noticias\/ancelotti-no-hara-ninguna-revolucion-en-el-bayern\/#breadcrumblist","itemListElement":[{"@type":"ListItem","@id":"https:\/\/candas365.es\/noticias#listItem","position":1,"name":"Home","item":"https:\/\/candas365.es\/noticias","nextItem":{"@type":"ListItem","@id":"https:\/\/candas365.es\/noticias\/category\/actualidad\/#listItem","name":"Actualidad"}},{"@type":"ListItem","@id":"https:\/\/candas365.es\/noticias\/category\/actualidad\/#listItem","position":2,"name":"Actualidad","item":"https:\/\/candas365.es\/noticias\/category\/actualidad\/","nextItem":{"@type":"ListItem","@id":"https:\/\/candas365.es\/noticias\/ancelotti-no-hara-ninguna-revolucion-en-el-bayern\/#listItem","name":"Ancelotti: \u00abNo har\u00e1 ninguna revoluci\u00f3n en el Bayern\u00bb"},"previousItem":{"@type":"ListItem","@id":"https:\/\/candas365.es\/noticias#listItem","name":"Home"}},{"@type":"ListItem","@id":"https:\/\/candas365.es\/noticias\/ancelotti-no-hara-ninguna-revolucion-en-el-bayern\/#listItem","position":3,"name":"Ancelotti: \u00abNo har\u00e1 ninguna revoluci\u00f3n en el Bayern\u00bb","previousItem":{"@type":"ListItem","@id":"https:\/\/candas365.es\/noticias\/category\/actualidad\/#listItem","name":"Actualidad"}}]},{"@type":"NewsArticle","@id":"https:\/\/candas365.es\/noticias\/ancelotti-no-hara-ninguna-revolucion-en-el-bayern\/#newsarticle","name":"Ancelotti: \u00abNo har\u00e1 ninguna revoluci\u00f3n en el Bayern\u00bb | Cand\u00e1s 365","headline":"Ancelotti: \u00abNo har\u00e1 ninguna revoluci\u00f3n en el Bayern\u00bb","author":{"@id":"https:\/\/candas365.es\/noticias\/author\/admin\/#author"},"publisher":{"@id":"https:\/\/candas365.es\/noticias\/#organization"},"image":{"@type":"ImageObject","url":"https:\/\/candas365.es\/noticias\/wp-content\/uploads\/2015\/12\/bayern.jpg","width":655,"height":360},"datePublished":"2016-07-11T22:24:30+02:00","dateModified":"2016-07-11T22:24:30+02:00","inLanguage":"es-ES","mainEntityOfPage":{"@id":"https:\/\/candas365.es\/noticias\/ancelotti-no-hara-ninguna-revolucion-en-el-bayern\/#webpage"},"isPartOf":{"@id":"https:\/\/candas365.es\/noticias\/ancelotti-no-hara-ninguna-revolucion-en-el-bayern\/#webpage"},"articleSection":"Actualidad","dateline":"Publicado el julio 11, 2016."},{"@type":"Organization","@id":"https:\/\/candas365.es\/noticias\/#organization","name":"Cand\u00e1s 365","description":"Cand\u00e1s 365 es un diario digital independiente, fundado en 2012, con base en Asturias. Informamos con rigor sobre actualidad, sociedad, cultura y ocio, con una mirada local y global.","url":"https:\/\/candas365.es\/noticias\/","email":"info@candas365.es","telephone":"+34652131393","foundingDate":"2012-06-10","logo":{"@type":"ImageObject","url":"https:\/\/candas365.es\/noticias\/wp-content\/uploads\/2024\/09\/Candas-365-Redes.jpg","@id":"https:\/\/candas365.es\/noticias\/ancelotti-no-hara-ninguna-revolucion-en-el-bayern\/#organizationLogo","width":1152,"height":864,"caption":"Cand\u00e1s 365 Redes"},"image":{"@id":"https:\/\/candas365.es\/noticias\/ancelotti-no-hara-ninguna-revolucion-en-el-bayern\/#organizationLogo"},"sameAs":["https:\/\/www.facebook.com\/Nachofdezber","https:\/\/x.com\/NabercoDigital","https:\/\/www.instagram.com\/nachofdezber\/","https:\/\/www.youtube.com\/channel\/UCZP-2wLEB9Rv6erhFmqVnvg"],"address":{"@id":"https:\/\/candas365.es\/noticias\/#postaladdress","@type":"PostalAddress","streetAddress":"san antonio 4, san antonio 4","postalCode":"33430","addressLocality":"Cand\u00e1s","addressRegion":"Asturias","addressCountry":"ES"}},{"@type":"Person","@id":"https:\/\/candas365.es\/noticias\/author\/admin\/#author","url":"https:\/\/candas365.es\/noticias\/author\/admin\/","name":"Cand\u00e1s 365","image":{"@type":"ImageObject","@id":"https:\/\/candas365.es\/noticias\/ancelotti-no-hara-ninguna-revolucion-en-el-bayern\/#authorImage","url":"https:\/\/secure.gravatar.com\/avatar\/496a8e03d0c493ede1718b7934145dbdf8d89be1036b0eec9544e1094c9de390?s=96&d=mm&r=g","width":96,"height":96,"caption":"Cand\u00e1s 365"},"sameAs":["https:\/\/www.facebook.com\/carrenoactualidad","https:\/\/twitter.com\/nbasturias","https:\/\/www.instagram.com\/nachofdezber\/","https:\/\/www.youtube.com\/channel\/UCZP-2wLEB9Rv6erhFmqVnvg"]},{"@type":"WebPage","@id":"https:\/\/candas365.es\/noticias\/ancelotti-no-hara-ninguna-revolucion-en-el-bayern\/#webpage","url":"https:\/\/candas365.es\/noticias\/ancelotti-no-hara-ninguna-revolucion-en-el-bayern\/","name":"Ancelotti: \u00abNo har\u00e1 ninguna revoluci\u00f3n en el Bayern\u00bb | Cand\u00e1s 365","description":"M\u00fanich, 11 jul (dpa) - El italiano Carlo Ancelotti asegur\u00f3 hoy que su intenci\u00f3n es continuar con el trabajo emprendido por el espa\u00f1ol Josep Guardiola al frente del Bayern M\u00fanich. \"No estoy aqu\u00ed para hacer una revoluci\u00f3n\", declar\u00f3 en su presentaci\u00f3n oficial en la capital b\u00e1vara, donde comenz\u00f3 en alem\u00e1n para luego admitir que a\u00fan","inLanguage":"es-ES","isPartOf":{"@id":"https:\/\/candas365.es\/noticias\/#website"},"breadcrumb":{"@id":"https:\/\/candas365.es\/noticias\/ancelotti-no-hara-ninguna-revolucion-en-el-bayern\/#breadcrumblist"},"author":{"@id":"https:\/\/candas365.es\/noticias\/author\/admin\/#author"},"creator":{"@id":"https:\/\/candas365.es\/noticias\/author\/admin\/#author"},"image":{"@type":"ImageObject","url":"https:\/\/candas365.es\/noticias\/wp-content\/uploads\/2015\/12\/bayern.jpg","@id":"https:\/\/candas365.es\/noticias\/ancelotti-no-hara-ninguna-revolucion-en-el-bayern\/#mainImage","width":655,"height":360},"primaryImageOfPage":{"@id":"https:\/\/candas365.es\/noticias\/ancelotti-no-hara-ninguna-revolucion-en-el-bayern\/#mainImage"},"datePublished":"2016-07-11T22:24:30+02:00","dateModified":"2016-07-11T22:24:30+02:00"},{"@type":"WebSite","@id":"https:\/\/candas365.es\/noticias\/#website","url":"https:\/\/candas365.es\/noticias\/","name":"Cand\u00e1s 365","alternateName":"Cand\u00e1s 365 Noticias","description":"Actualidad desde Carre\u00f1o para el mundo","inLanguage":"es-ES","publisher":{"@id":"https:\/\/candas365.es\/noticias\/#organization"}}]},"og:locale":"es_ES","og:site_name":"Cand\u00e1s 365","og:type":"article","og:title":"Ancelotti: \u00abNo har\u00e1 ninguna revoluci\u00f3n en el Bayern\u00bb | Cand\u00e1s 365","og:description":"M\u00fanich, 11 jul (dpa) - El italiano Carlo Ancelotti asegur\u00f3 hoy que su intenci\u00f3n es continuar con el trabajo emprendido por el espa\u00f1ol Josep Guardiola al frente del Bayern M\u00fanich. &quot;No estoy aqu\u00ed para hacer una revoluci\u00f3n&quot;, declar\u00f3 en su presentaci\u00f3n oficial en la capital b\u00e1vara, donde comenz\u00f3 en alem\u00e1n para luego admitir que a\u00fan","og:url":"https:\/\/candas365.es\/noticias\/ancelotti-no-hara-ninguna-revolucion-en-el-bayern\/","og:image":"https:\/\/candas365.es\/noticias\/wp-content\/uploads\/2015\/12\/bayern.jpg","og:image:secure_url":"https:\/\/candas365.es\/noticias\/wp-content\/uploads\/2015\/12\/bayern.jpg","og:image:width":655,"og:image:height":360,"article:published_time":"2016-07-11T20:54:30+00:00","article:modified_time":"2016-07-11T20:54:30+00:00","article:publisher":"https:\/\/www.facebook.com\/Nachofdezber","article:author":"https:\/\/www.facebook.com\/carrenoactualidad","twitter:card":"summary_large_image","twitter:site":"@NabercoDigital","twitter:title":"Ancelotti: \u00abNo har\u00e1 ninguna revoluci\u00f3n en el Bayern\u00bb | Cand\u00e1s 365","twitter:description":"M\u00fanich, 11 jul (dpa) - El italiano Carlo Ancelotti asegur\u00f3 hoy que su intenci\u00f3n es continuar con el trabajo emprendido por el espa\u00f1ol Josep Guardiola al frente del Bayern M\u00fanich. &quot;No estoy aqu\u00ed para hacer una revoluci\u00f3n&quot;, declar\u00f3 en su presentaci\u00f3n oficial en la capital b\u00e1vara, donde comenz\u00f3 en alem\u00e1n para luego admitir que a\u00fan","twitter:creator":"@nbasturias","twitter:image":"https:\/\/candas365.es\/noticias\/wp-content\/uploads\/2015\/12\/bayern.jpg","twitter:label1":"Escrito por","twitter:data1":"Cand\u00e1s 365","twitter:label2":"Tiempo de lectura estimado","twitter:data2":"2 minutos"},"aioseo_meta_data":{"post_id":"31834","title":null,"description":null,"keywords":null,"keyphrases":null,"primary_term":null,"canonical_url":null,"og_title":null,"og_description":null,"og_object_type":"default","og_image_type":"default","og_image_url":null,"og_image_width":null,"og_image_height":null,"og_image_custom_url":null,"og_image_custom_fields":null,"og_video":null,"og_custom_url":null,"og_article_section":null,"og_article_tags":null,"twitter_use_og":false,"twitter_card":"default","twitter_image_type":"default","twitter_image_url":null,"twitter_image_custom_url":null,"twitter_image_custom_fields":null,"twitter_title":null,"twitter_description":null,"schema":{"blockGraphs":[],"customGraphs":[],"default":{"data":{"Article":[],"Course":[],"Dataset":[],"FAQPage":[],"Movie":[],"Person":[],"Product":[],"ProductReview":[],"Car":[],"Recipe":[],"Service":[],"SoftwareApplication":[],"WebPage":[]},"graphName":"","isEnabled":true},"graphs":[],"defaultGraph":"","defaultPostTypeGraph":""},"schema_type":null,"schema_type_options":null,"pillar_content":false,"robots_default":true,"robots_noindex":false,"robots_noarchive":false,"robots_nosnippet":false,"robots_nofollow":false,"robots_noimageindex":false,"robots_noodp":false,"robots_notranslate":false,"robots_max_snippet":null,"robots_max_videopreview":null,"robots_max_imagepreview":"large","priority":null,"frequency":null,"location":null,"local_seo":null,"seo_analyzer_scan_date":"2025-08-24 14:29:10","breadcrumb_settings":null,"limit_modified_date":false,"reviewed_by":null,"open_ai":null,"ai":null,"created":"2020-12-21 13:02:03","updated":"2025-08-24 14:29:10"},"aioseo_breadcrumb":"<div class=\"aioseo-breadcrumbs\"><span class=\"aioseo-breadcrumb\">\n\t<a href=\"https:\/\/candas365.es\/noticias\" title=\"Home\">Home<\/a>\n<\/span><span class=\"aioseo-breadcrumb-separator\">&ndash;<\/span><span class=\"aioseo-breadcrumb\">\n\t<a href=\"https:\/\/candas365.es\/noticias\/category\/actualidad\/\" title=\"Actualidad\">Actualidad<\/a>\n<\/span><span class=\"aioseo-breadcrumb-separator\">&ndash;<\/span><span class=\"aioseo-breadcrumb\">\n\tAncelotti: \u00abNo har\u00e1 ninguna revoluci\u00f3n en el Bayern\u00bb\n<\/span><\/div>","aioseo_breadcrumb_json":[{"label":"Home","link":"https:\/\/candas365.es\/noticias"},{"label":"Actualidad","link":"https:\/\/candas365.es\/noticias\/category\/actualidad\/"},{"label":"Ancelotti: \u00abNo har\u00e1 ninguna revoluci\u00f3n en el Bayern\u00bb","link":"https:\/\/candas365.es\/noticias\/ancelotti-no-hara-ninguna-revolucion-en-el-bayern\/"}],"_links":{"self":[{"href":"https:\/\/candas365.es\/noticias\/wp-json\/wp\/v2\/posts\/31834","targetHints":{"allow":["GET"]}}],"collection":[{"href":"https:\/\/candas365.es\/noticias\/wp-json\/wp\/v2\/posts"}],"about":[{"href":"https:\/\/candas365.es\/noticias\/wp-json\/wp\/v2\/types\/post"}],"author":[{"embeddable":true,"href":"https:\/\/candas365.es\/noticias\/wp-json\/wp\/v2\/users\/1"}],"replies":[{"embeddable":true,"href":"https:\/\/candas365.es\/noticias\/wp-json\/wp\/v2\/comments?post=31834"}],"version-history":[{"count":0,"href":"https:\/\/candas365.es\/noticias\/wp-json\/wp\/v2\/posts\/31834\/revisions"}],"wp:featuredmedia":[{"embeddable":true,"href":"https:\/\/candas365.es\/noticias\/wp-json\/wp\/v2\/media\/21654"}],"wp:attachment":[{"href":"https:\/\/candas365.es\/noticias\/wp-json\/wp\/v2\/media?parent=31834"}],"wp:term":[{"taxonomy":"category","embeddable":true,"href":"https:\/\/candas365.es\/noticias\/wp-json\/wp\/v2\/categories?post=31834"},{"taxonomy":"post_tag","embeddable":true,"href":"https:\/\/candas365.es\/noticias\/wp-json\/wp\/v2\/tags?post=31834"}],"curies":[{"name":"wp","href":"https:\/\/api.w.org\/{rel}","templated":true}]}}