{"id":31826,"date":"2016-07-11T22:19:34","date_gmt":"2016-07-11T20:49:34","guid":{"rendered":"http:\/\/candas365.es\/noticias\/?p=31826"},"modified":"2016-07-11T22:19:34","modified_gmt":"2016-07-11T20:49:34","slug":"guardiola-le-desea-mucha-suerte-a-carlo-ancelotti","status":"publish","type":"post","link":"https:\/\/candas365.es\/noticias\/guardiola-le-desea-mucha-suerte-a-carlo-ancelotti\/","title":{"rendered":"Guardiola le desea \u00abmucha suerte\u00bb a Carlo Ancelotti"},"content":{"rendered":"<p><img fetchpriority=\"high\" decoding=\"async\" class=\"alignleft size-medium wp-image-22445\" src=\"https:\/\/candas365.es\/noticias\/wp-content\/uploads\/2015\/12\/guardiola-360x180.jpg\" alt=\"guardiola\" width=\"360\" height=\"180\" srcset=\"https:\/\/candas365.es\/noticias\/wp-content\/uploads\/2015\/12\/guardiola-360x180.jpg 360w, https:\/\/candas365.es\/noticias\/wp-content\/uploads\/2015\/12\/guardiola-650x325.jpg 650w, https:\/\/candas365.es\/noticias\/wp-content\/uploads\/2015\/12\/guardiola-150x75.jpg 150w, https:\/\/candas365.es\/noticias\/wp-content\/uploads\/2015\/12\/guardiola-450x225.jpg 450w, https:\/\/candas365.es\/noticias\/wp-content\/uploads\/2015\/12\/guardiola.jpg 655w\" sizes=\"(max-width: 360px) 100vw, 360px\" \/>M\u00fanich, 11 jul (dpa) &#8211; El t\u00e9cnico espa\u00f1ol Josep Guardiola le dese\u00f3 \u00abmucha suerte\u00bb a su sucesor al frente del Bayern M\u00fanich, Carlo Ancelotti, con un cartel colgado en italiano en la oficina del campe\u00f3n alem\u00e1n.<\/p>\n<p>\u00abMucha suerte. Lo escribi\u00f3 en letras grandes en italiano en la pared. Me pareci\u00f3 muy amable. Tenemos una buena relaci\u00f3n\u00bb, afirm\u00f3 Ancelotti en una entrevista publicada hoy en el diario alem\u00e1n \u00abBild\u00bb sobre su antecesor en el puesto que abandon\u00f3 M\u00fanich a finales de temporada para hacerse cargo del Manchester City.<\/p>\n<p>Sin embargo, reconoce que no necesita hablar con Guardiola para tomar las riendas del club b\u00e1varo. \u00abNo tengo que hacerlo. No hay secreto alguno sobre el Bayern M\u00fanich. No hay secreto alguno en el f\u00fatbol\u00bb, indic\u00f3.<\/p>\n<p>El italiano, que hoy ser\u00e1 presentado oficialmente como entrenador del Bayern, anunci\u00f3 que Philipp Lahm continuar\u00e1 siendo el capit\u00e1n del equipo.<\/p>\n<p>\u00abNo tengo raz\u00f3n alguna para cambiarlo. Creo que es un buen capit\u00e1n. Es importante conocer el ambiente en el vestuario. All\u00ed hay muchos jugadores con cualidades de liderazgo. Lahm. (Manuel) Neuer. (Arturo) Vidal. Arturo Vidal tiene una fuerte personalidad en el campo. Tambi\u00e9n Xabi Alonso. (Thomas) M\u00fcller. Robert Lewandowski. No tendremos problema alguno para encontrar l\u00edderes\u00bb, anunci\u00f3.<\/p>\n<p>Asimismo, Ancelotti alab\u00f3 la calidad como jugador de Alonso, a quien ya dirigi\u00f3 durante su etapa como entrenador del Real Madrid. \u00abTengo mucha confianza en Alonso. No estuve contento cuando dej\u00f3 el Real Madrid en 2014 para irse al Bayern. Sin embargo, lo entend\u00ed y lo permit\u00ed\u00bb, afirm\u00f3.<\/p>\n<p>\u00abAlonso es el tipo de jugador que me gusta. Quiz\u00e1 porque yo jugu\u00e9 en su posici\u00f3n. Es un jugador realmente bueno, fuerte t\u00e9cnica y t\u00e1cticamente. Y es un jugador de equipo. Me gustan los jugadores de equipo\u00bb, agreg\u00f3.<\/p>\n<p>&nbsp;<\/p>\n","protected":false},"excerpt":{"rendered":"<p>M\u00fanich, 11 jul (dpa) &#8211; El t\u00e9cnico espa\u00f1ol Josep Guardiola le dese\u00f3 \u00abmucha suerte\u00bb a su sucesor al frente del Bayern M\u00fanich, Carlo Ancelotti, con un cartel colgado en italiano en la oficina del campe\u00f3n alem\u00e1n. \u00abMucha suerte. Lo escribi\u00f3 en letras grandes en italiano en la pared. Me pareci\u00f3 muy amable. Tenemos una buena<\/p>\n","protected":false},"author":1,"featured_media":22445,"comment_status":"closed","ping_status":"closed","sticky":false,"template":"","format":"standard","meta":{"footnotes":""},"categories":[343],"tags":[],"class_list":{"0":"post-31826","1":"post","2":"type-post","3":"status-publish","4":"format-standard","5":"has-post-thumbnail","7":"category-actualidad"},"aioseo_notices":[],"aioseo_head":"\n\t\t<!-- All in One SEO Pro 4.9.6.2 - aioseo.com -->\n\t<meta name=\"description\" content=\"M\u00fanich, 11 jul (dpa) - El t\u00e9cnico espa\u00f1ol Josep Guardiola le dese\u00f3 &quot;mucha suerte&quot; a su sucesor al frente del Bayern M\u00fanich, Carlo Ancelotti, con un cartel colgado en italiano en la oficina del campe\u00f3n alem\u00e1n. &quot;Mucha suerte. Lo escribi\u00f3 en letras grandes en italiano en la pared. Me pareci\u00f3 muy amable. Tenemos una buena\" \/>\n\t<meta name=\"robots\" content=\"max-image-preview:large\" \/>\n\t<meta name=\"author\" content=\"Cand\u00e1s 365\"\/>\n\t<meta name=\"google-site-verification\" content=\"UA-32230408-1\" \/>\n\t<meta name=\"msvalidate.01\" content=\"354F3CDFB2DA171B47FBE9ABF1F88D5\" \/>\n\t<meta name=\"keywords\" content=\"actualidad\" \/>\n\t<link rel=\"canonical\" href=\"https:\/\/candas365.es\/noticias\/guardiola-le-desea-mucha-suerte-a-carlo-ancelotti\/\" \/>\n\t<meta name=\"generator\" content=\"All in One SEO Pro (AIOSEO) 4.9.6.2\" \/>\n\t\t<meta property=\"og:locale\" content=\"es_ES\" \/>\n\t\t<meta property=\"og:site_name\" content=\"Cand\u00e1s 365\" \/>\n\t\t<meta property=\"og:type\" content=\"article\" \/>\n\t\t<meta property=\"og:title\" content=\"Guardiola le desea \u00abmucha suerte\u00bb a Carlo Ancelotti | Cand\u00e1s 365\" \/>\n\t\t<meta property=\"og:description\" content=\"M\u00fanich, 11 jul (dpa) - El t\u00e9cnico espa\u00f1ol Josep Guardiola le dese\u00f3 &quot;mucha suerte&quot; a su sucesor al frente del Bayern M\u00fanich, Carlo Ancelotti, con un cartel colgado en italiano en la oficina del campe\u00f3n alem\u00e1n. &quot;Mucha suerte. Lo escribi\u00f3 en letras grandes en italiano en la pared. Me pareci\u00f3 muy amable. Tenemos una buena\" \/>\n\t\t<meta property=\"og:url\" content=\"https:\/\/candas365.es\/noticias\/guardiola-le-desea-mucha-suerte-a-carlo-ancelotti\/\" \/>\n\t\t<meta property=\"og:image\" content=\"https:\/\/candas365.es\/noticias\/wp-content\/uploads\/2015\/12\/guardiola.jpg\" \/>\n\t\t<meta property=\"og:image:secure_url\" content=\"https:\/\/candas365.es\/noticias\/wp-content\/uploads\/2015\/12\/guardiola.jpg\" \/>\n\t\t<meta property=\"og:image:width\" content=\"655\" \/>\n\t\t<meta property=\"og:image:height\" content=\"328\" \/>\n\t\t<meta property=\"article:published_time\" content=\"2016-07-11T20:49:34+00:00\" \/>\n\t\t<meta property=\"article:modified_time\" content=\"2016-07-11T20:49:34+00:00\" \/>\n\t\t<meta property=\"article:publisher\" content=\"https:\/\/www.facebook.com\/Nachofdezber\" \/>\n\t\t<meta property=\"article:author\" content=\"https:\/\/www.facebook.com\/carrenoactualidad\" \/>\n\t\t<meta name=\"twitter:card\" content=\"summary_large_image\" \/>\n\t\t<meta name=\"twitter:site\" content=\"@NabercoDigital\" \/>\n\t\t<meta name=\"twitter:title\" content=\"Guardiola le desea \u00abmucha suerte\u00bb a Carlo Ancelotti | Cand\u00e1s 365\" \/>\n\t\t<meta name=\"twitter:description\" content=\"M\u00fanich, 11 jul (dpa) - El t\u00e9cnico espa\u00f1ol Josep Guardiola le dese\u00f3 &quot;mucha suerte&quot; a su sucesor al frente del Bayern M\u00fanich, Carlo Ancelotti, con un cartel colgado en italiano en la oficina del campe\u00f3n alem\u00e1n. &quot;Mucha suerte. Lo escribi\u00f3 en letras grandes en italiano en la pared. Me pareci\u00f3 muy amable. Tenemos una buena\" \/>\n\t\t<meta name=\"twitter:creator\" content=\"@nbasturias\" \/>\n\t\t<meta name=\"twitter:image\" content=\"https:\/\/candas365.es\/noticias\/wp-content\/uploads\/2015\/12\/guardiola.jpg\" \/>\n\t\t<meta name=\"twitter:label1\" content=\"Escrito por\" \/>\n\t\t<meta name=\"twitter:data1\" content=\"Cand\u00e1s 365\" \/>\n\t\t<meta name=\"twitter:label2\" content=\"Tiempo de lectura estimado\" \/>\n\t\t<meta name=\"twitter:data2\" content=\"2 minutos\" \/>\n\t\t<script type=\"application\/ld+json\" class=\"aioseo-schema\">\n\t\t\t{\"@context\":\"https:\\\/\\\/schema.org\",\"@graph\":[{\"@type\":\"BreadcrumbList\",\"@id\":\"https:\\\/\\\/candas365.es\\\/noticias\\\/guardiola-le-desea-mucha-suerte-a-carlo-ancelotti\\\/#breadcrumblist\",\"itemListElement\":[{\"@type\":\"ListItem\",\"@id\":\"https:\\\/\\\/candas365.es\\\/noticias#listItem\",\"position\":1,\"name\":\"Home\",\"item\":\"https:\\\/\\\/candas365.es\\\/noticias\",\"nextItem\":{\"@type\":\"ListItem\",\"@id\":\"https:\\\/\\\/candas365.es\\\/noticias\\\/category\\\/actualidad\\\/#listItem\",\"name\":\"Actualidad\"}},{\"@type\":\"ListItem\",\"@id\":\"https:\\\/\\\/candas365.es\\\/noticias\\\/category\\\/actualidad\\\/#listItem\",\"position\":2,\"name\":\"Actualidad\",\"item\":\"https:\\\/\\\/candas365.es\\\/noticias\\\/category\\\/actualidad\\\/\",\"nextItem\":{\"@type\":\"ListItem\",\"@id\":\"https:\\\/\\\/candas365.es\\\/noticias\\\/guardiola-le-desea-mucha-suerte-a-carlo-ancelotti\\\/#listItem\",\"name\":\"Guardiola le desea \\u00abmucha suerte\\u00bb a Carlo Ancelotti\"},\"previousItem\":{\"@type\":\"ListItem\",\"@id\":\"https:\\\/\\\/candas365.es\\\/noticias#listItem\",\"name\":\"Home\"}},{\"@type\":\"ListItem\",\"@id\":\"https:\\\/\\\/candas365.es\\\/noticias\\\/guardiola-le-desea-mucha-suerte-a-carlo-ancelotti\\\/#listItem\",\"position\":3,\"name\":\"Guardiola le desea \\u00abmucha suerte\\u00bb a Carlo Ancelotti\",\"previousItem\":{\"@type\":\"ListItem\",\"@id\":\"https:\\\/\\\/candas365.es\\\/noticias\\\/category\\\/actualidad\\\/#listItem\",\"name\":\"Actualidad\"}}]},{\"@type\":\"NewsArticle\",\"@id\":\"https:\\\/\\\/candas365.es\\\/noticias\\\/guardiola-le-desea-mucha-suerte-a-carlo-ancelotti\\\/#newsarticle\",\"name\":\"Guardiola le desea \\u00abmucha suerte\\u00bb a Carlo Ancelotti | Cand\\u00e1s 365\",\"headline\":\"Guardiola le desea \\u00abmucha suerte\\u00bb a Carlo Ancelotti\",\"author\":{\"@id\":\"https:\\\/\\\/candas365.es\\\/noticias\\\/author\\\/admin\\\/#author\"},\"publisher\":{\"@id\":\"https:\\\/\\\/candas365.es\\\/noticias\\\/#organization\"},\"image\":{\"@type\":\"ImageObject\",\"url\":\"https:\\\/\\\/candas365.es\\\/noticias\\\/wp-content\\\/uploads\\\/2015\\\/12\\\/guardiola.jpg\",\"width\":655,\"height\":328},\"datePublished\":\"2016-07-11T22:19:34+02:00\",\"dateModified\":\"2016-07-11T22:19:34+02:00\",\"inLanguage\":\"es-ES\",\"mainEntityOfPage\":{\"@id\":\"https:\\\/\\\/candas365.es\\\/noticias\\\/guardiola-le-desea-mucha-suerte-a-carlo-ancelotti\\\/#webpage\"},\"isPartOf\":{\"@id\":\"https:\\\/\\\/candas365.es\\\/noticias\\\/guardiola-le-desea-mucha-suerte-a-carlo-ancelotti\\\/#webpage\"},\"articleSection\":\"Actualidad\",\"dateline\":\"Publicado el julio 11, 2016.\"},{\"@type\":\"Organization\",\"@id\":\"https:\\\/\\\/candas365.es\\\/noticias\\\/#organization\",\"name\":\"Cand\\u00e1s 365\",\"description\":\"Cand\\u00e1s 365 es un diario digital independiente, fundado en 2012, con base en Asturias. Informamos con rigor sobre actualidad, sociedad, cultura y ocio, con una mirada local y global.\",\"url\":\"https:\\\/\\\/candas365.es\\\/noticias\\\/\",\"email\":\"info@candas365.es\",\"telephone\":\"+34652131393\",\"foundingDate\":\"2012-06-10\",\"logo\":{\"@type\":\"ImageObject\",\"url\":\"https:\\\/\\\/candas365.es\\\/noticias\\\/wp-content\\\/uploads\\\/2024\\\/09\\\/Candas-365-Redes.jpg\",\"@id\":\"https:\\\/\\\/candas365.es\\\/noticias\\\/guardiola-le-desea-mucha-suerte-a-carlo-ancelotti\\\/#organizationLogo\",\"width\":1152,\"height\":864,\"caption\":\"Cand\\u00e1s 365 Redes\"},\"image\":{\"@id\":\"https:\\\/\\\/candas365.es\\\/noticias\\\/guardiola-le-desea-mucha-suerte-a-carlo-ancelotti\\\/#organizationLogo\"},\"sameAs\":[\"https:\\\/\\\/www.facebook.com\\\/Nachofdezber\",\"https:\\\/\\\/x.com\\\/NabercoDigital\",\"https:\\\/\\\/www.instagram.com\\\/nachofdezber\\\/\",\"https:\\\/\\\/www.youtube.com\\\/channel\\\/UCZP-2wLEB9Rv6erhFmqVnvg\"],\"address\":{\"@id\":\"https:\\\/\\\/candas365.es\\\/noticias\\\/#postaladdress\",\"@type\":\"PostalAddress\",\"streetAddress\":\"san antonio 4, san antonio 4\",\"postalCode\":\"33430\",\"addressLocality\":\"Cand\\u00e1s\",\"addressRegion\":\"Asturias\",\"addressCountry\":\"ES\"}},{\"@type\":\"Person\",\"@id\":\"https:\\\/\\\/candas365.es\\\/noticias\\\/author\\\/admin\\\/#author\",\"url\":\"https:\\\/\\\/candas365.es\\\/noticias\\\/author\\\/admin\\\/\",\"name\":\"Cand\\u00e1s 365\",\"image\":{\"@type\":\"ImageObject\",\"@id\":\"https:\\\/\\\/candas365.es\\\/noticias\\\/guardiola-le-desea-mucha-suerte-a-carlo-ancelotti\\\/#authorImage\",\"url\":\"https:\\\/\\\/secure.gravatar.com\\\/avatar\\\/496a8e03d0c493ede1718b7934145dbdf8d89be1036b0eec9544e1094c9de390?s=96&d=mm&r=g\",\"width\":96,\"height\":96,\"caption\":\"Cand\\u00e1s 365\"},\"sameAs\":[\"https:\\\/\\\/www.facebook.com\\\/carrenoactualidad\",\"https:\\\/\\\/twitter.com\\\/nbasturias\",\"https:\\\/\\\/www.instagram.com\\\/nachofdezber\\\/\",\"https:\\\/\\\/www.youtube.com\\\/channel\\\/UCZP-2wLEB9Rv6erhFmqVnvg\"]},{\"@type\":\"WebPage\",\"@id\":\"https:\\\/\\\/candas365.es\\\/noticias\\\/guardiola-le-desea-mucha-suerte-a-carlo-ancelotti\\\/#webpage\",\"url\":\"https:\\\/\\\/candas365.es\\\/noticias\\\/guardiola-le-desea-mucha-suerte-a-carlo-ancelotti\\\/\",\"name\":\"Guardiola le desea \\u00abmucha suerte\\u00bb a Carlo Ancelotti | Cand\\u00e1s 365\",\"description\":\"M\\u00fanich, 11 jul (dpa) - El t\\u00e9cnico espa\\u00f1ol Josep Guardiola le dese\\u00f3 \\\"mucha suerte\\\" a su sucesor al frente del Bayern M\\u00fanich, Carlo Ancelotti, con un cartel colgado en italiano en la oficina del campe\\u00f3n alem\\u00e1n. \\\"Mucha suerte. Lo escribi\\u00f3 en letras grandes en italiano en la pared. Me pareci\\u00f3 muy amable. Tenemos una buena\",\"inLanguage\":\"es-ES\",\"isPartOf\":{\"@id\":\"https:\\\/\\\/candas365.es\\\/noticias\\\/#website\"},\"breadcrumb\":{\"@id\":\"https:\\\/\\\/candas365.es\\\/noticias\\\/guardiola-le-desea-mucha-suerte-a-carlo-ancelotti\\\/#breadcrumblist\"},\"author\":{\"@id\":\"https:\\\/\\\/candas365.es\\\/noticias\\\/author\\\/admin\\\/#author\"},\"creator\":{\"@id\":\"https:\\\/\\\/candas365.es\\\/noticias\\\/author\\\/admin\\\/#author\"},\"image\":{\"@type\":\"ImageObject\",\"url\":\"https:\\\/\\\/candas365.es\\\/noticias\\\/wp-content\\\/uploads\\\/2015\\\/12\\\/guardiola.jpg\",\"@id\":\"https:\\\/\\\/candas365.es\\\/noticias\\\/guardiola-le-desea-mucha-suerte-a-carlo-ancelotti\\\/#mainImage\",\"width\":655,\"height\":328},\"primaryImageOfPage\":{\"@id\":\"https:\\\/\\\/candas365.es\\\/noticias\\\/guardiola-le-desea-mucha-suerte-a-carlo-ancelotti\\\/#mainImage\"},\"datePublished\":\"2016-07-11T22:19:34+02:00\",\"dateModified\":\"2016-07-11T22:19:34+02:00\"},{\"@type\":\"WebSite\",\"@id\":\"https:\\\/\\\/candas365.es\\\/noticias\\\/#website\",\"url\":\"https:\\\/\\\/candas365.es\\\/noticias\\\/\",\"name\":\"Cand\\u00e1s 365\",\"alternateName\":\"Cand\\u00e1s 365 Noticias\",\"description\":\"Actualidad desde Carre\\u00f1o para el mundo\",\"inLanguage\":\"es-ES\",\"publisher\":{\"@id\":\"https:\\\/\\\/candas365.es\\\/noticias\\\/#organization\"}}]}\n\t\t<\/script>\n\t\t<!-- All in One SEO Pro -->\r\n\t\t<title>Guardiola le desea \u00abmucha suerte\u00bb a Carlo Ancelotti | Cand\u00e1s 365<\/title>\n\n","aioseo_head_json":{"title":"Guardiola le desea \u00abmucha suerte\u00bb a Carlo Ancelotti | Cand\u00e1s 365","description":"M\u00fanich, 11 jul (dpa) - El t\u00e9cnico espa\u00f1ol Josep Guardiola le dese\u00f3 \"mucha suerte\" a su sucesor al frente del Bayern M\u00fanich, Carlo Ancelotti, con un cartel colgado en italiano en la oficina del campe\u00f3n alem\u00e1n. \"Mucha suerte. Lo escribi\u00f3 en letras grandes en italiano en la pared. Me pareci\u00f3 muy amable. Tenemos una buena","canonical_url":"https:\/\/candas365.es\/noticias\/guardiola-le-desea-mucha-suerte-a-carlo-ancelotti\/","robots":"max-image-preview:large","keywords":"actualidad","webmasterTools":{"google-site-verification":"UA-32230408-1","msvalidate.01":"354F3CDFB2DA171B47FBE9ABF1F88D5","miscellaneous":""},"schema":{"@context":"https:\/\/schema.org","@graph":[{"@type":"BreadcrumbList","@id":"https:\/\/candas365.es\/noticias\/guardiola-le-desea-mucha-suerte-a-carlo-ancelotti\/#breadcrumblist","itemListElement":[{"@type":"ListItem","@id":"https:\/\/candas365.es\/noticias#listItem","position":1,"name":"Home","item":"https:\/\/candas365.es\/noticias","nextItem":{"@type":"ListItem","@id":"https:\/\/candas365.es\/noticias\/category\/actualidad\/#listItem","name":"Actualidad"}},{"@type":"ListItem","@id":"https:\/\/candas365.es\/noticias\/category\/actualidad\/#listItem","position":2,"name":"Actualidad","item":"https:\/\/candas365.es\/noticias\/category\/actualidad\/","nextItem":{"@type":"ListItem","@id":"https:\/\/candas365.es\/noticias\/guardiola-le-desea-mucha-suerte-a-carlo-ancelotti\/#listItem","name":"Guardiola le desea \u00abmucha suerte\u00bb a Carlo Ancelotti"},"previousItem":{"@type":"ListItem","@id":"https:\/\/candas365.es\/noticias#listItem","name":"Home"}},{"@type":"ListItem","@id":"https:\/\/candas365.es\/noticias\/guardiola-le-desea-mucha-suerte-a-carlo-ancelotti\/#listItem","position":3,"name":"Guardiola le desea \u00abmucha suerte\u00bb a Carlo Ancelotti","previousItem":{"@type":"ListItem","@id":"https:\/\/candas365.es\/noticias\/category\/actualidad\/#listItem","name":"Actualidad"}}]},{"@type":"NewsArticle","@id":"https:\/\/candas365.es\/noticias\/guardiola-le-desea-mucha-suerte-a-carlo-ancelotti\/#newsarticle","name":"Guardiola le desea \u00abmucha suerte\u00bb a Carlo Ancelotti | Cand\u00e1s 365","headline":"Guardiola le desea \u00abmucha suerte\u00bb a Carlo Ancelotti","author":{"@id":"https:\/\/candas365.es\/noticias\/author\/admin\/#author"},"publisher":{"@id":"https:\/\/candas365.es\/noticias\/#organization"},"image":{"@type":"ImageObject","url":"https:\/\/candas365.es\/noticias\/wp-content\/uploads\/2015\/12\/guardiola.jpg","width":655,"height":328},"datePublished":"2016-07-11T22:19:34+02:00","dateModified":"2016-07-11T22:19:34+02:00","inLanguage":"es-ES","mainEntityOfPage":{"@id":"https:\/\/candas365.es\/noticias\/guardiola-le-desea-mucha-suerte-a-carlo-ancelotti\/#webpage"},"isPartOf":{"@id":"https:\/\/candas365.es\/noticias\/guardiola-le-desea-mucha-suerte-a-carlo-ancelotti\/#webpage"},"articleSection":"Actualidad","dateline":"Publicado el julio 11, 2016."},{"@type":"Organization","@id":"https:\/\/candas365.es\/noticias\/#organization","name":"Cand\u00e1s 365","description":"Cand\u00e1s 365 es un diario digital independiente, fundado en 2012, con base en Asturias. Informamos con rigor sobre actualidad, sociedad, cultura y ocio, con una mirada local y global.","url":"https:\/\/candas365.es\/noticias\/","email":"info@candas365.es","telephone":"+34652131393","foundingDate":"2012-06-10","logo":{"@type":"ImageObject","url":"https:\/\/candas365.es\/noticias\/wp-content\/uploads\/2024\/09\/Candas-365-Redes.jpg","@id":"https:\/\/candas365.es\/noticias\/guardiola-le-desea-mucha-suerte-a-carlo-ancelotti\/#organizationLogo","width":1152,"height":864,"caption":"Cand\u00e1s 365 Redes"},"image":{"@id":"https:\/\/candas365.es\/noticias\/guardiola-le-desea-mucha-suerte-a-carlo-ancelotti\/#organizationLogo"},"sameAs":["https:\/\/www.facebook.com\/Nachofdezber","https:\/\/x.com\/NabercoDigital","https:\/\/www.instagram.com\/nachofdezber\/","https:\/\/www.youtube.com\/channel\/UCZP-2wLEB9Rv6erhFmqVnvg"],"address":{"@id":"https:\/\/candas365.es\/noticias\/#postaladdress","@type":"PostalAddress","streetAddress":"san antonio 4, san antonio 4","postalCode":"33430","addressLocality":"Cand\u00e1s","addressRegion":"Asturias","addressCountry":"ES"}},{"@type":"Person","@id":"https:\/\/candas365.es\/noticias\/author\/admin\/#author","url":"https:\/\/candas365.es\/noticias\/author\/admin\/","name":"Cand\u00e1s 365","image":{"@type":"ImageObject","@id":"https:\/\/candas365.es\/noticias\/guardiola-le-desea-mucha-suerte-a-carlo-ancelotti\/#authorImage","url":"https:\/\/secure.gravatar.com\/avatar\/496a8e03d0c493ede1718b7934145dbdf8d89be1036b0eec9544e1094c9de390?s=96&d=mm&r=g","width":96,"height":96,"caption":"Cand\u00e1s 365"},"sameAs":["https:\/\/www.facebook.com\/carrenoactualidad","https:\/\/twitter.com\/nbasturias","https:\/\/www.instagram.com\/nachofdezber\/","https:\/\/www.youtube.com\/channel\/UCZP-2wLEB9Rv6erhFmqVnvg"]},{"@type":"WebPage","@id":"https:\/\/candas365.es\/noticias\/guardiola-le-desea-mucha-suerte-a-carlo-ancelotti\/#webpage","url":"https:\/\/candas365.es\/noticias\/guardiola-le-desea-mucha-suerte-a-carlo-ancelotti\/","name":"Guardiola le desea \u00abmucha suerte\u00bb a Carlo Ancelotti | Cand\u00e1s 365","description":"M\u00fanich, 11 jul (dpa) - El t\u00e9cnico espa\u00f1ol Josep Guardiola le dese\u00f3 \"mucha suerte\" a su sucesor al frente del Bayern M\u00fanich, Carlo Ancelotti, con un cartel colgado en italiano en la oficina del campe\u00f3n alem\u00e1n. \"Mucha suerte. Lo escribi\u00f3 en letras grandes en italiano en la pared. Me pareci\u00f3 muy amable. Tenemos una buena","inLanguage":"es-ES","isPartOf":{"@id":"https:\/\/candas365.es\/noticias\/#website"},"breadcrumb":{"@id":"https:\/\/candas365.es\/noticias\/guardiola-le-desea-mucha-suerte-a-carlo-ancelotti\/#breadcrumblist"},"author":{"@id":"https:\/\/candas365.es\/noticias\/author\/admin\/#author"},"creator":{"@id":"https:\/\/candas365.es\/noticias\/author\/admin\/#author"},"image":{"@type":"ImageObject","url":"https:\/\/candas365.es\/noticias\/wp-content\/uploads\/2015\/12\/guardiola.jpg","@id":"https:\/\/candas365.es\/noticias\/guardiola-le-desea-mucha-suerte-a-carlo-ancelotti\/#mainImage","width":655,"height":328},"primaryImageOfPage":{"@id":"https:\/\/candas365.es\/noticias\/guardiola-le-desea-mucha-suerte-a-carlo-ancelotti\/#mainImage"},"datePublished":"2016-07-11T22:19:34+02:00","dateModified":"2016-07-11T22:19:34+02:00"},{"@type":"WebSite","@id":"https:\/\/candas365.es\/noticias\/#website","url":"https:\/\/candas365.es\/noticias\/","name":"Cand\u00e1s 365","alternateName":"Cand\u00e1s 365 Noticias","description":"Actualidad desde Carre\u00f1o para el mundo","inLanguage":"es-ES","publisher":{"@id":"https:\/\/candas365.es\/noticias\/#organization"}}]},"og:locale":"es_ES","og:site_name":"Cand\u00e1s 365","og:type":"article","og:title":"Guardiola le desea \u00abmucha suerte\u00bb a Carlo Ancelotti | Cand\u00e1s 365","og:description":"M\u00fanich, 11 jul (dpa) - El t\u00e9cnico espa\u00f1ol Josep Guardiola le dese\u00f3 &quot;mucha suerte&quot; a su sucesor al frente del Bayern M\u00fanich, Carlo Ancelotti, con un cartel colgado en italiano en la oficina del campe\u00f3n alem\u00e1n. &quot;Mucha suerte. Lo escribi\u00f3 en letras grandes en italiano en la pared. Me pareci\u00f3 muy amable. Tenemos una buena","og:url":"https:\/\/candas365.es\/noticias\/guardiola-le-desea-mucha-suerte-a-carlo-ancelotti\/","og:image":"https:\/\/candas365.es\/noticias\/wp-content\/uploads\/2015\/12\/guardiola.jpg","og:image:secure_url":"https:\/\/candas365.es\/noticias\/wp-content\/uploads\/2015\/12\/guardiola.jpg","og:image:width":655,"og:image:height":328,"article:published_time":"2016-07-11T20:49:34+00:00","article:modified_time":"2016-07-11T20:49:34+00:00","article:publisher":"https:\/\/www.facebook.com\/Nachofdezber","article:author":"https:\/\/www.facebook.com\/carrenoactualidad","twitter:card":"summary_large_image","twitter:site":"@NabercoDigital","twitter:title":"Guardiola le desea \u00abmucha suerte\u00bb a Carlo Ancelotti | Cand\u00e1s 365","twitter:description":"M\u00fanich, 11 jul (dpa) - El t\u00e9cnico espa\u00f1ol Josep Guardiola le dese\u00f3 &quot;mucha suerte&quot; a su sucesor al frente del Bayern M\u00fanich, Carlo Ancelotti, con un cartel colgado en italiano en la oficina del campe\u00f3n alem\u00e1n. &quot;Mucha suerte. Lo escribi\u00f3 en letras grandes en italiano en la pared. Me pareci\u00f3 muy amable. Tenemos una buena","twitter:creator":"@nbasturias","twitter:image":"https:\/\/candas365.es\/noticias\/wp-content\/uploads\/2015\/12\/guardiola.jpg","twitter:label1":"Escrito por","twitter:data1":"Cand\u00e1s 365","twitter:label2":"Tiempo de lectura estimado","twitter:data2":"2 minutos"},"aioseo_meta_data":{"post_id":"31826","title":null,"description":null,"keywords":null,"keyphrases":null,"primary_term":null,"canonical_url":null,"og_title":null,"og_description":null,"og_object_type":"default","og_image_type":"default","og_image_url":null,"og_image_width":null,"og_image_height":null,"og_image_custom_url":null,"og_image_custom_fields":null,"og_video":null,"og_custom_url":null,"og_article_section":null,"og_article_tags":null,"twitter_use_og":false,"twitter_card":"default","twitter_image_type":"default","twitter_image_url":null,"twitter_image_custom_url":null,"twitter_image_custom_fields":null,"twitter_title":null,"twitter_description":null,"schema":{"blockGraphs":[],"customGraphs":[],"default":{"data":{"Article":[],"Course":[],"Dataset":[],"FAQPage":[],"Movie":[],"Person":[],"Product":[],"ProductReview":[],"Car":[],"Recipe":[],"Service":[],"SoftwareApplication":[],"WebPage":[]},"graphName":"","isEnabled":true},"graphs":[],"defaultGraph":"","defaultPostTypeGraph":""},"schema_type":null,"schema_type_options":null,"pillar_content":false,"robots_default":true,"robots_noindex":false,"robots_noarchive":false,"robots_nosnippet":false,"robots_nofollow":false,"robots_noimageindex":false,"robots_noodp":false,"robots_notranslate":false,"robots_max_snippet":null,"robots_max_videopreview":null,"robots_max_imagepreview":"large","priority":null,"frequency":null,"location":null,"local_seo":null,"seo_analyzer_scan_date":"2025-08-24 14:27:16","breadcrumb_settings":null,"limit_modified_date":false,"reviewed_by":null,"open_ai":null,"ai":null,"created":"2020-12-21 13:02:03","updated":"2025-08-24 14:27:16"},"aioseo_breadcrumb":"<div class=\"aioseo-breadcrumbs\"><span class=\"aioseo-breadcrumb\">\n\t<a href=\"https:\/\/candas365.es\/noticias\" title=\"Home\">Home<\/a>\n<\/span><span class=\"aioseo-breadcrumb-separator\">&ndash;<\/span><span class=\"aioseo-breadcrumb\">\n\t<a href=\"https:\/\/candas365.es\/noticias\/category\/actualidad\/\" title=\"Actualidad\">Actualidad<\/a>\n<\/span><span class=\"aioseo-breadcrumb-separator\">&ndash;<\/span><span class=\"aioseo-breadcrumb\">\n\tGuardiola le desea \u00abmucha suerte\u00bb a Carlo Ancelotti\n<\/span><\/div>","aioseo_breadcrumb_json":[{"label":"Home","link":"https:\/\/candas365.es\/noticias"},{"label":"Actualidad","link":"https:\/\/candas365.es\/noticias\/category\/actualidad\/"},{"label":"Guardiola le desea \u00abmucha suerte\u00bb a Carlo Ancelotti","link":"https:\/\/candas365.es\/noticias\/guardiola-le-desea-mucha-suerte-a-carlo-ancelotti\/"}],"_links":{"self":[{"href":"https:\/\/candas365.es\/noticias\/wp-json\/wp\/v2\/posts\/31826","targetHints":{"allow":["GET"]}}],"collection":[{"href":"https:\/\/candas365.es\/noticias\/wp-json\/wp\/v2\/posts"}],"about":[{"href":"https:\/\/candas365.es\/noticias\/wp-json\/wp\/v2\/types\/post"}],"author":[{"embeddable":true,"href":"https:\/\/candas365.es\/noticias\/wp-json\/wp\/v2\/users\/1"}],"replies":[{"embeddable":true,"href":"https:\/\/candas365.es\/noticias\/wp-json\/wp\/v2\/comments?post=31826"}],"version-history":[{"count":0,"href":"https:\/\/candas365.es\/noticias\/wp-json\/wp\/v2\/posts\/31826\/revisions"}],"wp:featuredmedia":[{"embeddable":true,"href":"https:\/\/candas365.es\/noticias\/wp-json\/wp\/v2\/media\/22445"}],"wp:attachment":[{"href":"https:\/\/candas365.es\/noticias\/wp-json\/wp\/v2\/media?parent=31826"}],"wp:term":[{"taxonomy":"category","embeddable":true,"href":"https:\/\/candas365.es\/noticias\/wp-json\/wp\/v2\/categories?post=31826"},{"taxonomy":"post_tag","embeddable":true,"href":"https:\/\/candas365.es\/noticias\/wp-json\/wp\/v2\/tags?post=31826"}],"curies":[{"name":"wp","href":"https:\/\/api.w.org\/{rel}","templated":true}]}}