{"id":31824,"date":"2016-07-11T22:18:25","date_gmt":"2016-07-11T20:48:25","guid":{"rendered":"http:\/\/candas365.es\/noticias\/?p=31824"},"modified":"2016-07-11T22:18:25","modified_gmt":"2016-07-11T20:48:25","slug":"merkel-cita-a-espana-como-ejemplo-de-que-las-reformas-funcionan","status":"publish","type":"post","link":"https:\/\/candas365.es\/noticias\/merkel-cita-a-espana-como-ejemplo-de-que-las-reformas-funcionan\/","title":{"rendered":"Merkel cita a Espa\u00f1a como ejemplo de que las reformas funcionan"},"content":{"rendered":"<p><img fetchpriority=\"high\" decoding=\"async\" class=\"alignleft size-medium wp-image-14622\" src=\"https:\/\/candas365.es\/noticias\/wp-content\/uploads\/2015\/08\/merkel-360x198.jpg\" alt=\"merkel\" width=\"360\" height=\"198\" srcset=\"https:\/\/candas365.es\/noticias\/wp-content\/uploads\/2015\/08\/merkel-360x198.jpg 360w, https:\/\/candas365.es\/noticias\/wp-content\/uploads\/2015\/08\/merkel-650x357.jpg 650w, https:\/\/candas365.es\/noticias\/wp-content\/uploads\/2015\/08\/merkel-150x82.jpg 150w, https:\/\/candas365.es\/noticias\/wp-content\/uploads\/2015\/08\/merkel-450x247.jpg 450w, https:\/\/candas365.es\/noticias\/wp-content\/uploads\/2015\/08\/merkel.jpg 655w\" sizes=\"(max-width: 360px) 100vw, 360px\" \/>Berl\u00edn, 11 jul (dpa) &#8211; La canciller alemana Angela Merkel defendi\u00f3 el domingo la idoneidad de las pol\u00edticas de austeridad impulsadas en los \u00faltimos a\u00f1os en la Uni\u00f3n Europea (UE), y cit\u00f3 a Espa\u00f1a como un ejemplo que demuestra los efectos positivos de la aplicaci\u00f3n de reformas estructurales en la econom\u00eda.<\/p>\n<p>\u00abMe gustar\u00eda recordar que Espa\u00f1a ha tenido este verano por primera vez cifras de empleo que son mejores a las registradas antes del a\u00f1o 2009, es decir, antes de la crisis, lo que demuestra que las reformas ayudan cuando se hacen\u00bb, declar\u00f3 la mandataria durante la tradicional entrevista de verano que concede anualmente a la televisi\u00f3n p\u00fablica ZDF antes de las vacaciones estivales.<\/p>\n<p>Merkel insisti\u00f3 en que en Europa es necesario combinar una pol\u00edtica orientada hacia el crecimiento con unos presupuestos s\u00f3lidos y equilibrados, para que la situaci\u00f3n vivida durante la crisis del euro no se repita.<\/p>\n<p>\u00abSe han logrado cosas pero no es suficiente\u00bb, dijo la canciller alemana al ser preguntada por la situaci\u00f3n econ\u00f3mica en la eurozona, y destac\u00f3 que el desempleo juvenil todav\u00eda sigue siendo muy elevado en varios pa\u00edses comunitarios, entre ellos Espa\u00f1a.<\/p>\n<p>No obstante, rechaz\u00f3 que sus pol\u00edticas de austeridad hayan contribuido a generar euroescepticismo en la UE o hayan tenido influencia en el resultado del plebiscito brit\u00e1nico.<\/p>\n<p>A su entender, el aspecto clave que inclin\u00f3 la balanza a favor de la salida de Reino Unido de la Uni\u00f3n Europea fue la libre circulaci\u00f3n de trabajadores y no la pol\u00edtica econ\u00f3mica europea que se ha impulsado desde Bruselas en los \u00faltimos a\u00f1os.<\/p>\n<p>Angela Merkel reconoci\u00f3 durante la entrevista que el \u00faltimo a\u00f1o ha sido \u00abmuy intenso\u00bb, pero evit\u00f3 desvelar si repetir\u00e1 como candidata del partido dem\u00f3crata-cristiano en las elecciones generales del pr\u00f3ximo a\u00f1o.<\/p>\n<p>\u00abSobre esa cuesti\u00f3n me pronunciar\u00e9 cuando llegue el momento y ahora toca esperar, lo dir\u00e9 cuando sea necesario\u00bb, zanj\u00f3.<\/p>\n<p>&nbsp;<\/p>\n","protected":false},"excerpt":{"rendered":"<p>Berl\u00edn, 11 jul (dpa) &#8211; La canciller alemana Angela Merkel defendi\u00f3 el domingo la idoneidad de las pol\u00edticas de austeridad impulsadas en los \u00faltimos a\u00f1os en la Uni\u00f3n Europea (UE), y cit\u00f3 a Espa\u00f1a como un ejemplo que demuestra los efectos positivos de la aplicaci\u00f3n de reformas estructurales en la econom\u00eda. \u00abMe gustar\u00eda recordar que<\/p>\n","protected":false},"author":1,"featured_media":14622,"comment_status":"closed","ping_status":"closed","sticky":false,"template":"","format":"standard","meta":{"footnotes":""},"categories":[343],"tags":[],"class_list":{"0":"post-31824","1":"post","2":"type-post","3":"status-publish","4":"format-standard","5":"has-post-thumbnail","7":"category-actualidad"},"aioseo_notices":[],"aioseo_head":"\n\t\t<!-- All in One SEO Pro 4.9.6.2 - aioseo.com -->\n\t<meta name=\"description\" content=\"Berl\u00edn, 11 jul (dpa) - La canciller alemana Angela Merkel defendi\u00f3 el domingo la idoneidad de las pol\u00edticas de austeridad impulsadas en los \u00faltimos a\u00f1os en la Uni\u00f3n Europea (UE), y cit\u00f3 a Espa\u00f1a como un ejemplo que demuestra los efectos positivos de la aplicaci\u00f3n de reformas estructurales en la econom\u00eda. &quot;Me gustar\u00eda recordar que\" \/>\n\t<meta name=\"robots\" content=\"max-image-preview:large\" \/>\n\t<meta name=\"author\" content=\"Cand\u00e1s 365\"\/>\n\t<meta name=\"google-site-verification\" content=\"UA-32230408-1\" \/>\n\t<meta name=\"msvalidate.01\" content=\"354F3CDFB2DA171B47FBE9ABF1F88D5\" \/>\n\t<meta name=\"keywords\" content=\"actualidad\" \/>\n\t<link rel=\"canonical\" href=\"https:\/\/candas365.es\/noticias\/merkel-cita-a-espana-como-ejemplo-de-que-las-reformas-funcionan\/\" \/>\n\t<meta name=\"generator\" content=\"All in One SEO Pro (AIOSEO) 4.9.6.2\" \/>\n\t\t<meta property=\"og:locale\" content=\"es_ES\" \/>\n\t\t<meta property=\"og:site_name\" content=\"Cand\u00e1s 365\" \/>\n\t\t<meta property=\"og:type\" content=\"article\" \/>\n\t\t<meta property=\"og:title\" content=\"Merkel cita a Espa\u00f1a como ejemplo de que las reformas funcionan | Cand\u00e1s 365\" \/>\n\t\t<meta property=\"og:description\" content=\"Berl\u00edn, 11 jul (dpa) - La canciller alemana Angela Merkel defendi\u00f3 el domingo la idoneidad de las pol\u00edticas de austeridad impulsadas en los \u00faltimos a\u00f1os en la Uni\u00f3n Europea (UE), y cit\u00f3 a Espa\u00f1a como un ejemplo que demuestra los efectos positivos de la aplicaci\u00f3n de reformas estructurales en la econom\u00eda. &quot;Me gustar\u00eda recordar que\" \/>\n\t\t<meta property=\"og:url\" content=\"https:\/\/candas365.es\/noticias\/merkel-cita-a-espana-como-ejemplo-de-que-las-reformas-funcionan\/\" \/>\n\t\t<meta property=\"og:image\" content=\"https:\/\/candas365.es\/noticias\/wp-content\/uploads\/2015\/08\/merkel.jpg\" \/>\n\t\t<meta property=\"og:image:secure_url\" content=\"https:\/\/candas365.es\/noticias\/wp-content\/uploads\/2015\/08\/merkel.jpg\" \/>\n\t\t<meta property=\"og:image:width\" content=\"655\" \/>\n\t\t<meta property=\"og:image:height\" content=\"360\" \/>\n\t\t<meta property=\"article:published_time\" content=\"2016-07-11T20:48:25+00:00\" \/>\n\t\t<meta property=\"article:modified_time\" content=\"2016-07-11T20:48:25+00:00\" \/>\n\t\t<meta property=\"article:publisher\" content=\"https:\/\/www.facebook.com\/Nachofdezber\" \/>\n\t\t<meta property=\"article:author\" content=\"https:\/\/www.facebook.com\/carrenoactualidad\" \/>\n\t\t<meta name=\"twitter:card\" content=\"summary_large_image\" \/>\n\t\t<meta name=\"twitter:site\" content=\"@NabercoDigital\" \/>\n\t\t<meta name=\"twitter:title\" content=\"Merkel cita a Espa\u00f1a como ejemplo de que las reformas funcionan | Cand\u00e1s 365\" \/>\n\t\t<meta name=\"twitter:description\" content=\"Berl\u00edn, 11 jul (dpa) - La canciller alemana Angela Merkel defendi\u00f3 el domingo la idoneidad de las pol\u00edticas de austeridad impulsadas en los \u00faltimos a\u00f1os en la Uni\u00f3n Europea (UE), y cit\u00f3 a Espa\u00f1a como un ejemplo que demuestra los efectos positivos de la aplicaci\u00f3n de reformas estructurales en la econom\u00eda. &quot;Me gustar\u00eda recordar que\" \/>\n\t\t<meta name=\"twitter:creator\" content=\"@nbasturias\" \/>\n\t\t<meta name=\"twitter:image\" content=\"https:\/\/candas365.es\/noticias\/wp-content\/uploads\/2015\/08\/merkel.jpg\" \/>\n\t\t<meta name=\"twitter:label1\" content=\"Escrito por\" \/>\n\t\t<meta name=\"twitter:data1\" content=\"Cand\u00e1s 365\" \/>\n\t\t<meta name=\"twitter:label2\" content=\"Tiempo de lectura estimado\" \/>\n\t\t<meta name=\"twitter:data2\" content=\"2 minutos\" \/>\n\t\t<script type=\"application\/ld+json\" class=\"aioseo-schema\">\n\t\t\t{\"@context\":\"https:\\\/\\\/schema.org\",\"@graph\":[{\"@type\":\"BreadcrumbList\",\"@id\":\"https:\\\/\\\/candas365.es\\\/noticias\\\/merkel-cita-a-espana-como-ejemplo-de-que-las-reformas-funcionan\\\/#breadcrumblist\",\"itemListElement\":[{\"@type\":\"ListItem\",\"@id\":\"https:\\\/\\\/candas365.es\\\/noticias#listItem\",\"position\":1,\"name\":\"Home\",\"item\":\"https:\\\/\\\/candas365.es\\\/noticias\",\"nextItem\":{\"@type\":\"ListItem\",\"@id\":\"https:\\\/\\\/candas365.es\\\/noticias\\\/category\\\/actualidad\\\/#listItem\",\"name\":\"Actualidad\"}},{\"@type\":\"ListItem\",\"@id\":\"https:\\\/\\\/candas365.es\\\/noticias\\\/category\\\/actualidad\\\/#listItem\",\"position\":2,\"name\":\"Actualidad\",\"item\":\"https:\\\/\\\/candas365.es\\\/noticias\\\/category\\\/actualidad\\\/\",\"nextItem\":{\"@type\":\"ListItem\",\"@id\":\"https:\\\/\\\/candas365.es\\\/noticias\\\/merkel-cita-a-espana-como-ejemplo-de-que-las-reformas-funcionan\\\/#listItem\",\"name\":\"Merkel cita a Espa\\u00f1a como ejemplo de que las reformas funcionan\"},\"previousItem\":{\"@type\":\"ListItem\",\"@id\":\"https:\\\/\\\/candas365.es\\\/noticias#listItem\",\"name\":\"Home\"}},{\"@type\":\"ListItem\",\"@id\":\"https:\\\/\\\/candas365.es\\\/noticias\\\/merkel-cita-a-espana-como-ejemplo-de-que-las-reformas-funcionan\\\/#listItem\",\"position\":3,\"name\":\"Merkel cita a Espa\\u00f1a como ejemplo de que las reformas funcionan\",\"previousItem\":{\"@type\":\"ListItem\",\"@id\":\"https:\\\/\\\/candas365.es\\\/noticias\\\/category\\\/actualidad\\\/#listItem\",\"name\":\"Actualidad\"}}]},{\"@type\":\"NewsArticle\",\"@id\":\"https:\\\/\\\/candas365.es\\\/noticias\\\/merkel-cita-a-espana-como-ejemplo-de-que-las-reformas-funcionan\\\/#newsarticle\",\"name\":\"Merkel cita a Espa\\u00f1a como ejemplo de que las reformas funcionan | Cand\\u00e1s 365\",\"headline\":\"Merkel cita a Espa\\u00f1a como ejemplo de que las reformas funcionan\",\"author\":{\"@id\":\"https:\\\/\\\/candas365.es\\\/noticias\\\/author\\\/admin\\\/#author\"},\"publisher\":{\"@id\":\"https:\\\/\\\/candas365.es\\\/noticias\\\/#organization\"},\"image\":{\"@type\":\"ImageObject\",\"url\":\"https:\\\/\\\/candas365.es\\\/noticias\\\/wp-content\\\/uploads\\\/2015\\\/08\\\/merkel.jpg\",\"width\":655,\"height\":360},\"datePublished\":\"2016-07-11T22:18:25+02:00\",\"dateModified\":\"2016-07-11T22:18:25+02:00\",\"inLanguage\":\"es-ES\",\"mainEntityOfPage\":{\"@id\":\"https:\\\/\\\/candas365.es\\\/noticias\\\/merkel-cita-a-espana-como-ejemplo-de-que-las-reformas-funcionan\\\/#webpage\"},\"isPartOf\":{\"@id\":\"https:\\\/\\\/candas365.es\\\/noticias\\\/merkel-cita-a-espana-como-ejemplo-de-que-las-reformas-funcionan\\\/#webpage\"},\"articleSection\":\"Actualidad\",\"dateline\":\"Publicado el julio 11, 2016.\"},{\"@type\":\"Organization\",\"@id\":\"https:\\\/\\\/candas365.es\\\/noticias\\\/#organization\",\"name\":\"Cand\\u00e1s 365\",\"description\":\"Cand\\u00e1s 365 es un diario digital independiente, fundado en 2012, con base en Asturias. Informamos con rigor sobre actualidad, sociedad, cultura y ocio, con una mirada local y global.\",\"url\":\"https:\\\/\\\/candas365.es\\\/noticias\\\/\",\"email\":\"info@candas365.es\",\"telephone\":\"+34652131393\",\"foundingDate\":\"2012-06-10\",\"logo\":{\"@type\":\"ImageObject\",\"url\":\"https:\\\/\\\/candas365.es\\\/noticias\\\/wp-content\\\/uploads\\\/2024\\\/09\\\/Candas-365-Redes.jpg\",\"@id\":\"https:\\\/\\\/candas365.es\\\/noticias\\\/merkel-cita-a-espana-como-ejemplo-de-que-las-reformas-funcionan\\\/#organizationLogo\",\"width\":1152,\"height\":864,\"caption\":\"Cand\\u00e1s 365 Redes\"},\"image\":{\"@id\":\"https:\\\/\\\/candas365.es\\\/noticias\\\/merkel-cita-a-espana-como-ejemplo-de-que-las-reformas-funcionan\\\/#organizationLogo\"},\"sameAs\":[\"https:\\\/\\\/www.facebook.com\\\/Nachofdezber\",\"https:\\\/\\\/x.com\\\/NabercoDigital\",\"https:\\\/\\\/www.instagram.com\\\/nachofdezber\\\/\",\"https:\\\/\\\/www.youtube.com\\\/channel\\\/UCZP-2wLEB9Rv6erhFmqVnvg\"],\"address\":{\"@id\":\"https:\\\/\\\/candas365.es\\\/noticias\\\/#postaladdress\",\"@type\":\"PostalAddress\",\"streetAddress\":\"san antonio 4, san antonio 4\",\"postalCode\":\"33430\",\"addressLocality\":\"Cand\\u00e1s\",\"addressRegion\":\"Asturias\",\"addressCountry\":\"ES\"}},{\"@type\":\"Person\",\"@id\":\"https:\\\/\\\/candas365.es\\\/noticias\\\/author\\\/admin\\\/#author\",\"url\":\"https:\\\/\\\/candas365.es\\\/noticias\\\/author\\\/admin\\\/\",\"name\":\"Cand\\u00e1s 365\",\"image\":{\"@type\":\"ImageObject\",\"@id\":\"https:\\\/\\\/candas365.es\\\/noticias\\\/merkel-cita-a-espana-como-ejemplo-de-que-las-reformas-funcionan\\\/#authorImage\",\"url\":\"https:\\\/\\\/secure.gravatar.com\\\/avatar\\\/496a8e03d0c493ede1718b7934145dbdf8d89be1036b0eec9544e1094c9de390?s=96&d=mm&r=g\",\"width\":96,\"height\":96,\"caption\":\"Cand\\u00e1s 365\"},\"sameAs\":[\"https:\\\/\\\/www.facebook.com\\\/carrenoactualidad\",\"https:\\\/\\\/twitter.com\\\/nbasturias\",\"https:\\\/\\\/www.instagram.com\\\/nachofdezber\\\/\",\"https:\\\/\\\/www.youtube.com\\\/channel\\\/UCZP-2wLEB9Rv6erhFmqVnvg\"]},{\"@type\":\"WebPage\",\"@id\":\"https:\\\/\\\/candas365.es\\\/noticias\\\/merkel-cita-a-espana-como-ejemplo-de-que-las-reformas-funcionan\\\/#webpage\",\"url\":\"https:\\\/\\\/candas365.es\\\/noticias\\\/merkel-cita-a-espana-como-ejemplo-de-que-las-reformas-funcionan\\\/\",\"name\":\"Merkel cita a Espa\\u00f1a como ejemplo de que las reformas funcionan | Cand\\u00e1s 365\",\"description\":\"Berl\\u00edn, 11 jul (dpa) - La canciller alemana Angela Merkel defendi\\u00f3 el domingo la idoneidad de las pol\\u00edticas de austeridad impulsadas en los \\u00faltimos a\\u00f1os en la Uni\\u00f3n Europea (UE), y cit\\u00f3 a Espa\\u00f1a como un ejemplo que demuestra los efectos positivos de la aplicaci\\u00f3n de reformas estructurales en la econom\\u00eda. \\\"Me gustar\\u00eda recordar que\",\"inLanguage\":\"es-ES\",\"isPartOf\":{\"@id\":\"https:\\\/\\\/candas365.es\\\/noticias\\\/#website\"},\"breadcrumb\":{\"@id\":\"https:\\\/\\\/candas365.es\\\/noticias\\\/merkel-cita-a-espana-como-ejemplo-de-que-las-reformas-funcionan\\\/#breadcrumblist\"},\"author\":{\"@id\":\"https:\\\/\\\/candas365.es\\\/noticias\\\/author\\\/admin\\\/#author\"},\"creator\":{\"@id\":\"https:\\\/\\\/candas365.es\\\/noticias\\\/author\\\/admin\\\/#author\"},\"image\":{\"@type\":\"ImageObject\",\"url\":\"https:\\\/\\\/candas365.es\\\/noticias\\\/wp-content\\\/uploads\\\/2015\\\/08\\\/merkel.jpg\",\"@id\":\"https:\\\/\\\/candas365.es\\\/noticias\\\/merkel-cita-a-espana-como-ejemplo-de-que-las-reformas-funcionan\\\/#mainImage\",\"width\":655,\"height\":360},\"primaryImageOfPage\":{\"@id\":\"https:\\\/\\\/candas365.es\\\/noticias\\\/merkel-cita-a-espana-como-ejemplo-de-que-las-reformas-funcionan\\\/#mainImage\"},\"datePublished\":\"2016-07-11T22:18:25+02:00\",\"dateModified\":\"2016-07-11T22:18:25+02:00\"},{\"@type\":\"WebSite\",\"@id\":\"https:\\\/\\\/candas365.es\\\/noticias\\\/#website\",\"url\":\"https:\\\/\\\/candas365.es\\\/noticias\\\/\",\"name\":\"Cand\\u00e1s 365\",\"alternateName\":\"Cand\\u00e1s 365 Noticias\",\"description\":\"Actualidad desde Carre\\u00f1o para el mundo\",\"inLanguage\":\"es-ES\",\"publisher\":{\"@id\":\"https:\\\/\\\/candas365.es\\\/noticias\\\/#organization\"}}]}\n\t\t<\/script>\n\t\t<!-- All in One SEO Pro -->\r\n\t\t<title>Merkel cita a Espa\u00f1a como ejemplo de que las reformas funcionan | Cand\u00e1s 365<\/title>\n\n","aioseo_head_json":{"title":"Merkel cita a Espa\u00f1a como ejemplo de que las reformas funcionan | Cand\u00e1s 365","description":"Berl\u00edn, 11 jul (dpa) - La canciller alemana Angela Merkel defendi\u00f3 el domingo la idoneidad de las pol\u00edticas de austeridad impulsadas en los \u00faltimos a\u00f1os en la Uni\u00f3n Europea (UE), y cit\u00f3 a Espa\u00f1a como un ejemplo que demuestra los efectos positivos de la aplicaci\u00f3n de reformas estructurales en la econom\u00eda. \"Me gustar\u00eda recordar que","canonical_url":"https:\/\/candas365.es\/noticias\/merkel-cita-a-espana-como-ejemplo-de-que-las-reformas-funcionan\/","robots":"max-image-preview:large","keywords":"actualidad","webmasterTools":{"google-site-verification":"UA-32230408-1","msvalidate.01":"354F3CDFB2DA171B47FBE9ABF1F88D5","miscellaneous":""},"schema":{"@context":"https:\/\/schema.org","@graph":[{"@type":"BreadcrumbList","@id":"https:\/\/candas365.es\/noticias\/merkel-cita-a-espana-como-ejemplo-de-que-las-reformas-funcionan\/#breadcrumblist","itemListElement":[{"@type":"ListItem","@id":"https:\/\/candas365.es\/noticias#listItem","position":1,"name":"Home","item":"https:\/\/candas365.es\/noticias","nextItem":{"@type":"ListItem","@id":"https:\/\/candas365.es\/noticias\/category\/actualidad\/#listItem","name":"Actualidad"}},{"@type":"ListItem","@id":"https:\/\/candas365.es\/noticias\/category\/actualidad\/#listItem","position":2,"name":"Actualidad","item":"https:\/\/candas365.es\/noticias\/category\/actualidad\/","nextItem":{"@type":"ListItem","@id":"https:\/\/candas365.es\/noticias\/merkel-cita-a-espana-como-ejemplo-de-que-las-reformas-funcionan\/#listItem","name":"Merkel cita a Espa\u00f1a como ejemplo de que las reformas funcionan"},"previousItem":{"@type":"ListItem","@id":"https:\/\/candas365.es\/noticias#listItem","name":"Home"}},{"@type":"ListItem","@id":"https:\/\/candas365.es\/noticias\/merkel-cita-a-espana-como-ejemplo-de-que-las-reformas-funcionan\/#listItem","position":3,"name":"Merkel cita a Espa\u00f1a como ejemplo de que las reformas funcionan","previousItem":{"@type":"ListItem","@id":"https:\/\/candas365.es\/noticias\/category\/actualidad\/#listItem","name":"Actualidad"}}]},{"@type":"NewsArticle","@id":"https:\/\/candas365.es\/noticias\/merkel-cita-a-espana-como-ejemplo-de-que-las-reformas-funcionan\/#newsarticle","name":"Merkel cita a Espa\u00f1a como ejemplo de que las reformas funcionan | Cand\u00e1s 365","headline":"Merkel cita a Espa\u00f1a como ejemplo de que las reformas funcionan","author":{"@id":"https:\/\/candas365.es\/noticias\/author\/admin\/#author"},"publisher":{"@id":"https:\/\/candas365.es\/noticias\/#organization"},"image":{"@type":"ImageObject","url":"https:\/\/candas365.es\/noticias\/wp-content\/uploads\/2015\/08\/merkel.jpg","width":655,"height":360},"datePublished":"2016-07-11T22:18:25+02:00","dateModified":"2016-07-11T22:18:25+02:00","inLanguage":"es-ES","mainEntityOfPage":{"@id":"https:\/\/candas365.es\/noticias\/merkel-cita-a-espana-como-ejemplo-de-que-las-reformas-funcionan\/#webpage"},"isPartOf":{"@id":"https:\/\/candas365.es\/noticias\/merkel-cita-a-espana-como-ejemplo-de-que-las-reformas-funcionan\/#webpage"},"articleSection":"Actualidad","dateline":"Publicado el julio 11, 2016."},{"@type":"Organization","@id":"https:\/\/candas365.es\/noticias\/#organization","name":"Cand\u00e1s 365","description":"Cand\u00e1s 365 es un diario digital independiente, fundado en 2012, con base en Asturias. Informamos con rigor sobre actualidad, sociedad, cultura y ocio, con una mirada local y global.","url":"https:\/\/candas365.es\/noticias\/","email":"info@candas365.es","telephone":"+34652131393","foundingDate":"2012-06-10","logo":{"@type":"ImageObject","url":"https:\/\/candas365.es\/noticias\/wp-content\/uploads\/2024\/09\/Candas-365-Redes.jpg","@id":"https:\/\/candas365.es\/noticias\/merkel-cita-a-espana-como-ejemplo-de-que-las-reformas-funcionan\/#organizationLogo","width":1152,"height":864,"caption":"Cand\u00e1s 365 Redes"},"image":{"@id":"https:\/\/candas365.es\/noticias\/merkel-cita-a-espana-como-ejemplo-de-que-las-reformas-funcionan\/#organizationLogo"},"sameAs":["https:\/\/www.facebook.com\/Nachofdezber","https:\/\/x.com\/NabercoDigital","https:\/\/www.instagram.com\/nachofdezber\/","https:\/\/www.youtube.com\/channel\/UCZP-2wLEB9Rv6erhFmqVnvg"],"address":{"@id":"https:\/\/candas365.es\/noticias\/#postaladdress","@type":"PostalAddress","streetAddress":"san antonio 4, san antonio 4","postalCode":"33430","addressLocality":"Cand\u00e1s","addressRegion":"Asturias","addressCountry":"ES"}},{"@type":"Person","@id":"https:\/\/candas365.es\/noticias\/author\/admin\/#author","url":"https:\/\/candas365.es\/noticias\/author\/admin\/","name":"Cand\u00e1s 365","image":{"@type":"ImageObject","@id":"https:\/\/candas365.es\/noticias\/merkel-cita-a-espana-como-ejemplo-de-que-las-reformas-funcionan\/#authorImage","url":"https:\/\/secure.gravatar.com\/avatar\/496a8e03d0c493ede1718b7934145dbdf8d89be1036b0eec9544e1094c9de390?s=96&d=mm&r=g","width":96,"height":96,"caption":"Cand\u00e1s 365"},"sameAs":["https:\/\/www.facebook.com\/carrenoactualidad","https:\/\/twitter.com\/nbasturias","https:\/\/www.instagram.com\/nachofdezber\/","https:\/\/www.youtube.com\/channel\/UCZP-2wLEB9Rv6erhFmqVnvg"]},{"@type":"WebPage","@id":"https:\/\/candas365.es\/noticias\/merkel-cita-a-espana-como-ejemplo-de-que-las-reformas-funcionan\/#webpage","url":"https:\/\/candas365.es\/noticias\/merkel-cita-a-espana-como-ejemplo-de-que-las-reformas-funcionan\/","name":"Merkel cita a Espa\u00f1a como ejemplo de que las reformas funcionan | Cand\u00e1s 365","description":"Berl\u00edn, 11 jul (dpa) - La canciller alemana Angela Merkel defendi\u00f3 el domingo la idoneidad de las pol\u00edticas de austeridad impulsadas en los \u00faltimos a\u00f1os en la Uni\u00f3n Europea (UE), y cit\u00f3 a Espa\u00f1a como un ejemplo que demuestra los efectos positivos de la aplicaci\u00f3n de reformas estructurales en la econom\u00eda. \"Me gustar\u00eda recordar que","inLanguage":"es-ES","isPartOf":{"@id":"https:\/\/candas365.es\/noticias\/#website"},"breadcrumb":{"@id":"https:\/\/candas365.es\/noticias\/merkel-cita-a-espana-como-ejemplo-de-que-las-reformas-funcionan\/#breadcrumblist"},"author":{"@id":"https:\/\/candas365.es\/noticias\/author\/admin\/#author"},"creator":{"@id":"https:\/\/candas365.es\/noticias\/author\/admin\/#author"},"image":{"@type":"ImageObject","url":"https:\/\/candas365.es\/noticias\/wp-content\/uploads\/2015\/08\/merkel.jpg","@id":"https:\/\/candas365.es\/noticias\/merkel-cita-a-espana-como-ejemplo-de-que-las-reformas-funcionan\/#mainImage","width":655,"height":360},"primaryImageOfPage":{"@id":"https:\/\/candas365.es\/noticias\/merkel-cita-a-espana-como-ejemplo-de-que-las-reformas-funcionan\/#mainImage"},"datePublished":"2016-07-11T22:18:25+02:00","dateModified":"2016-07-11T22:18:25+02:00"},{"@type":"WebSite","@id":"https:\/\/candas365.es\/noticias\/#website","url":"https:\/\/candas365.es\/noticias\/","name":"Cand\u00e1s 365","alternateName":"Cand\u00e1s 365 Noticias","description":"Actualidad desde Carre\u00f1o para el mundo","inLanguage":"es-ES","publisher":{"@id":"https:\/\/candas365.es\/noticias\/#organization"}}]},"og:locale":"es_ES","og:site_name":"Cand\u00e1s 365","og:type":"article","og:title":"Merkel cita a Espa\u00f1a como ejemplo de que las reformas funcionan | Cand\u00e1s 365","og:description":"Berl\u00edn, 11 jul (dpa) - La canciller alemana Angela Merkel defendi\u00f3 el domingo la idoneidad de las pol\u00edticas de austeridad impulsadas en los \u00faltimos a\u00f1os en la Uni\u00f3n Europea (UE), y cit\u00f3 a Espa\u00f1a como un ejemplo que demuestra los efectos positivos de la aplicaci\u00f3n de reformas estructurales en la econom\u00eda. &quot;Me gustar\u00eda recordar que","og:url":"https:\/\/candas365.es\/noticias\/merkel-cita-a-espana-como-ejemplo-de-que-las-reformas-funcionan\/","og:image":"https:\/\/candas365.es\/noticias\/wp-content\/uploads\/2015\/08\/merkel.jpg","og:image:secure_url":"https:\/\/candas365.es\/noticias\/wp-content\/uploads\/2015\/08\/merkel.jpg","og:image:width":655,"og:image:height":360,"article:published_time":"2016-07-11T20:48:25+00:00","article:modified_time":"2016-07-11T20:48:25+00:00","article:publisher":"https:\/\/www.facebook.com\/Nachofdezber","article:author":"https:\/\/www.facebook.com\/carrenoactualidad","twitter:card":"summary_large_image","twitter:site":"@NabercoDigital","twitter:title":"Merkel cita a Espa\u00f1a como ejemplo de que las reformas funcionan | Cand\u00e1s 365","twitter:description":"Berl\u00edn, 11 jul (dpa) - La canciller alemana Angela Merkel defendi\u00f3 el domingo la idoneidad de las pol\u00edticas de austeridad impulsadas en los \u00faltimos a\u00f1os en la Uni\u00f3n Europea (UE), y cit\u00f3 a Espa\u00f1a como un ejemplo que demuestra los efectos positivos de la aplicaci\u00f3n de reformas estructurales en la econom\u00eda. &quot;Me gustar\u00eda recordar que","twitter:creator":"@nbasturias","twitter:image":"https:\/\/candas365.es\/noticias\/wp-content\/uploads\/2015\/08\/merkel.jpg","twitter:label1":"Escrito por","twitter:data1":"Cand\u00e1s 365","twitter:label2":"Tiempo de lectura estimado","twitter:data2":"2 minutos"},"aioseo_meta_data":{"post_id":"31824","title":null,"description":null,"keywords":null,"keyphrases":null,"primary_term":null,"canonical_url":null,"og_title":null,"og_description":null,"og_object_type":"default","og_image_type":"default","og_image_url":null,"og_image_width":null,"og_image_height":null,"og_image_custom_url":null,"og_image_custom_fields":null,"og_video":null,"og_custom_url":null,"og_article_section":null,"og_article_tags":null,"twitter_use_og":false,"twitter_card":"default","twitter_image_type":"default","twitter_image_url":null,"twitter_image_custom_url":null,"twitter_image_custom_fields":null,"twitter_title":null,"twitter_description":null,"schema":{"blockGraphs":[],"customGraphs":[],"default":{"data":{"Article":[],"Course":[],"Dataset":[],"FAQPage":[],"Movie":[],"Person":[],"Product":[],"ProductReview":[],"Car":[],"Recipe":[],"Service":[],"SoftwareApplication":[],"WebPage":[]},"graphName":"","isEnabled":true},"graphs":[],"defaultGraph":"","defaultPostTypeGraph":""},"schema_type":null,"schema_type_options":null,"pillar_content":false,"robots_default":true,"robots_noindex":false,"robots_noarchive":false,"robots_nosnippet":false,"robots_nofollow":false,"robots_noimageindex":false,"robots_noodp":false,"robots_notranslate":false,"robots_max_snippet":null,"robots_max_videopreview":null,"robots_max_imagepreview":"large","priority":null,"frequency":null,"location":null,"local_seo":null,"seo_analyzer_scan_date":"2025-08-24 14:27:15","breadcrumb_settings":null,"limit_modified_date":false,"reviewed_by":null,"open_ai":null,"ai":null,"created":"2020-12-21 13:02:02","updated":"2025-08-24 14:27:15"},"aioseo_breadcrumb":"<div class=\"aioseo-breadcrumbs\"><span class=\"aioseo-breadcrumb\">\n\t<a href=\"https:\/\/candas365.es\/noticias\" title=\"Home\">Home<\/a>\n<\/span><span class=\"aioseo-breadcrumb-separator\">&ndash;<\/span><span class=\"aioseo-breadcrumb\">\n\t<a href=\"https:\/\/candas365.es\/noticias\/category\/actualidad\/\" title=\"Actualidad\">Actualidad<\/a>\n<\/span><span class=\"aioseo-breadcrumb-separator\">&ndash;<\/span><span class=\"aioseo-breadcrumb\">\n\tMerkel cita a Espa\u00f1a como ejemplo de que las reformas funcionan\n<\/span><\/div>","aioseo_breadcrumb_json":[{"label":"Home","link":"https:\/\/candas365.es\/noticias"},{"label":"Actualidad","link":"https:\/\/candas365.es\/noticias\/category\/actualidad\/"},{"label":"Merkel cita a Espa\u00f1a como ejemplo de que las reformas funcionan","link":"https:\/\/candas365.es\/noticias\/merkel-cita-a-espana-como-ejemplo-de-que-las-reformas-funcionan\/"}],"_links":{"self":[{"href":"https:\/\/candas365.es\/noticias\/wp-json\/wp\/v2\/posts\/31824","targetHints":{"allow":["GET"]}}],"collection":[{"href":"https:\/\/candas365.es\/noticias\/wp-json\/wp\/v2\/posts"}],"about":[{"href":"https:\/\/candas365.es\/noticias\/wp-json\/wp\/v2\/types\/post"}],"author":[{"embeddable":true,"href":"https:\/\/candas365.es\/noticias\/wp-json\/wp\/v2\/users\/1"}],"replies":[{"embeddable":true,"href":"https:\/\/candas365.es\/noticias\/wp-json\/wp\/v2\/comments?post=31824"}],"version-history":[{"count":0,"href":"https:\/\/candas365.es\/noticias\/wp-json\/wp\/v2\/posts\/31824\/revisions"}],"wp:featuredmedia":[{"embeddable":true,"href":"https:\/\/candas365.es\/noticias\/wp-json\/wp\/v2\/media\/14622"}],"wp:attachment":[{"href":"https:\/\/candas365.es\/noticias\/wp-json\/wp\/v2\/media?parent=31824"}],"wp:term":[{"taxonomy":"category","embeddable":true,"href":"https:\/\/candas365.es\/noticias\/wp-json\/wp\/v2\/categories?post=31824"},{"taxonomy":"post_tag","embeddable":true,"href":"https:\/\/candas365.es\/noticias\/wp-json\/wp\/v2\/tags?post=31824"}],"curies":[{"name":"wp","href":"https:\/\/api.w.org\/{rel}","templated":true}]}}