{"id":31763,"date":"2016-07-10T19:48:25","date_gmt":"2016-07-10T18:18:25","guid":{"rendered":"http:\/\/candas365.es\/noticias\/?p=31763"},"modified":"2016-07-10T19:48:25","modified_gmt":"2016-07-10T18:18:25","slug":"economista-jefe-de-bundesbank-a-favor-de-recapitalizar-banca-europea","status":"publish","type":"post","link":"https:\/\/candas365.es\/noticias\/economista-jefe-de-bundesbank-a-favor-de-recapitalizar-banca-europea\/","title":{"rendered":"Economista jefe de Bundesbank, a favor de recapitalizar banca europea"},"content":{"rendered":"<p>Fr\u00e1ncfort, 10 jul (dpa) &#8211; En un momento en que la situaci\u00f3n de la banca italiana genera preocupaci\u00f3n en la eurozona, el economista jefe del Banco Central de Alemania (Bundesbank), David Folkerts-Landau, propone una recapitalizaci\u00f3n de la banca europea, inform\u00f3 hoy el peri\u00f3dico \u00abBild am Sonntag\u00bb. <\/p>\n<p>\u00abCon 150.000 millones de euros se pueden recapitalizar los bancos europeos\u00bb, se\u00f1al\u00f3. <\/p>\n<p>En opini\u00f3n de Folkerts-Landau, en caso necesario deber\u00eda aceptarse incluso un incumplimiento de las reglas europeas en lo que se refiere a rescates bancarios. <\/p>\n<p>No en vano, todo el sector est\u00e1 en estos momentos sometido a gran presi\u00f3n, aunque las miradas se centran especialmente en las entidades financieras italianas. <\/p>\n<p>All\u00ed, los bancos necesitar\u00edan una inyecci\u00f3n de capital de unos 40.000 millones de euros, dada la gran cantidad de activos dudosos que poseen las entidades del pa\u00eds. Adem\u00e1s, desde comienzos de a\u00f1o los principales bancos han perdido gran parte de su valor en Bolsa. <\/p>\n<p>No en vano, el viernes, el gobernador del Banco Central de Italia, Ignacio Visco, reconoci\u00f3 que la banca del pa\u00eds necesitar\u00eda un \u00abrespaldo p\u00fablico\u00bb para ahuyentar los riesgos y garantizar la estabilidad financiera. <\/p>\n<p>Desde que los ciudadanos brit\u00e1nicos decidieron en refer\u00e9ndum apostar por la salida de Reino Unido de la Uni\u00f3n Europea, los bancos italianos se han convertido en el foco de todas las miradas en la eurozona. <\/p>\n<p>As\u00ed pues, tras el \u00abBrexit\u00bb, el hist\u00f3rico \u00abMonte dei Paschi di Siena\u00bb, el banco m\u00e1s antiguo del mundo, registr\u00f3 su mayor ca\u00edda en la Bolsa. <\/p>\n","protected":false},"excerpt":{"rendered":"<p>Fr\u00e1ncfort, 10 jul (dpa) &#8211; En un momento en que la situaci\u00f3n de la banca italiana genera preocupaci\u00f3n en la eurozona, el economista jefe del Banco Central de Alemania (Bundesbank), David Folkerts-Landau, propone una recapitalizaci\u00f3n de la banca europea, inform\u00f3 hoy el peri\u00f3dico \u00abBild am Sonntag\u00bb. \u00abCon 150.000 millones de euros se pueden recapitalizar los<\/p>\n","protected":false},"author":1,"featured_media":16457,"comment_status":"closed","ping_status":"closed","sticky":false,"template":"","format":"standard","meta":{"footnotes":""},"categories":[343],"tags":[],"class_list":{"0":"post-31763","1":"post","2":"type-post","3":"status-publish","4":"format-standard","5":"has-post-thumbnail","7":"category-actualidad"},"aioseo_notices":[],"aioseo_head":"\n\t\t<!-- All in One SEO Pro 4.9.6.2 - aioseo.com -->\n\t<meta name=\"description\" content=\"Fr\u00e1ncfort, 10 jul (dpa) - En un momento en que la situaci\u00f3n de la banca italiana genera preocupaci\u00f3n en la eurozona, el economista jefe del Banco Central de Alemania (Bundesbank), David Folkerts-Landau, propone una recapitalizaci\u00f3n de la banca europea, inform\u00f3 hoy el peri\u00f3dico &quot;Bild am Sonntag&quot;. &quot;Con 150.000 millones de euros se pueden recapitalizar los\" \/>\n\t<meta name=\"robots\" content=\"max-image-preview:large\" \/>\n\t<meta name=\"author\" content=\"Cand\u00e1s 365\"\/>\n\t<meta name=\"google-site-verification\" content=\"UA-32230408-1\" \/>\n\t<meta name=\"msvalidate.01\" content=\"354F3CDFB2DA171B47FBE9ABF1F88D5\" \/>\n\t<meta name=\"keywords\" content=\"actualidad\" \/>\n\t<link rel=\"canonical\" href=\"https:\/\/candas365.es\/noticias\/economista-jefe-de-bundesbank-a-favor-de-recapitalizar-banca-europea\/\" \/>\n\t<meta name=\"generator\" content=\"All in One SEO Pro (AIOSEO) 4.9.6.2\" \/>\n\t\t<meta property=\"og:locale\" content=\"es_ES\" \/>\n\t\t<meta property=\"og:site_name\" content=\"Cand\u00e1s 365\" \/>\n\t\t<meta property=\"og:type\" content=\"article\" \/>\n\t\t<meta property=\"og:title\" content=\"Economista jefe de Bundesbank, a favor de recapitalizar banca europea | Cand\u00e1s 365\" \/>\n\t\t<meta property=\"og:description\" content=\"Fr\u00e1ncfort, 10 jul (dpa) - En un momento en que la situaci\u00f3n de la banca italiana genera preocupaci\u00f3n en la eurozona, el economista jefe del Banco Central de Alemania (Bundesbank), David Folkerts-Landau, propone una recapitalizaci\u00f3n de la banca europea, inform\u00f3 hoy el peri\u00f3dico &quot;Bild am Sonntag&quot;. &quot;Con 150.000 millones de euros se pueden recapitalizar los\" \/>\n\t\t<meta property=\"og:url\" content=\"https:\/\/candas365.es\/noticias\/economista-jefe-de-bundesbank-a-favor-de-recapitalizar-banca-europea\/\" \/>\n\t\t<meta property=\"og:image\" content=\"https:\/\/candas365.es\/noticias\/wp-content\/uploads\/2015\/09\/c365noticias.jpg\" \/>\n\t\t<meta property=\"og:image:secure_url\" content=\"https:\/\/candas365.es\/noticias\/wp-content\/uploads\/2015\/09\/c365noticias.jpg\" \/>\n\t\t<meta property=\"og:image:width\" content=\"655\" \/>\n\t\t<meta property=\"og:image:height\" content=\"360\" \/>\n\t\t<meta property=\"article:published_time\" content=\"2016-07-10T18:18:25+00:00\" \/>\n\t\t<meta property=\"article:modified_time\" content=\"2016-07-10T18:18:25+00:00\" \/>\n\t\t<meta property=\"article:publisher\" content=\"https:\/\/www.facebook.com\/Nachofdezber\" \/>\n\t\t<meta property=\"article:author\" content=\"https:\/\/www.facebook.com\/carrenoactualidad\" \/>\n\t\t<meta name=\"twitter:card\" content=\"summary_large_image\" \/>\n\t\t<meta name=\"twitter:site\" content=\"@NabercoDigital\" \/>\n\t\t<meta name=\"twitter:title\" content=\"Economista jefe de Bundesbank, a favor de recapitalizar banca europea | Cand\u00e1s 365\" \/>\n\t\t<meta name=\"twitter:description\" content=\"Fr\u00e1ncfort, 10 jul (dpa) - En un momento en que la situaci\u00f3n de la banca italiana genera preocupaci\u00f3n en la eurozona, el economista jefe del Banco Central de Alemania (Bundesbank), David Folkerts-Landau, propone una recapitalizaci\u00f3n de la banca europea, inform\u00f3 hoy el peri\u00f3dico &quot;Bild am Sonntag&quot;. &quot;Con 150.000 millones de euros se pueden recapitalizar los\" \/>\n\t\t<meta name=\"twitter:creator\" content=\"@nbasturias\" \/>\n\t\t<meta name=\"twitter:image\" content=\"https:\/\/candas365.es\/noticias\/wp-content\/uploads\/2015\/09\/c365noticias.jpg\" \/>\n\t\t<meta name=\"twitter:label1\" content=\"Escrito por\" \/>\n\t\t<meta name=\"twitter:data1\" content=\"Cand\u00e1s 365\" \/>\n\t\t<meta name=\"twitter:label2\" content=\"Tiempo de lectura estimado\" \/>\n\t\t<meta name=\"twitter:data2\" content=\"1 minuto\" \/>\n\t\t<script type=\"application\/ld+json\" class=\"aioseo-schema\">\n\t\t\t{\"@context\":\"https:\\\/\\\/schema.org\",\"@graph\":[{\"@type\":\"BreadcrumbList\",\"@id\":\"https:\\\/\\\/candas365.es\\\/noticias\\\/economista-jefe-de-bundesbank-a-favor-de-recapitalizar-banca-europea\\\/#breadcrumblist\",\"itemListElement\":[{\"@type\":\"ListItem\",\"@id\":\"https:\\\/\\\/candas365.es\\\/noticias#listItem\",\"position\":1,\"name\":\"Home\",\"item\":\"https:\\\/\\\/candas365.es\\\/noticias\",\"nextItem\":{\"@type\":\"ListItem\",\"@id\":\"https:\\\/\\\/candas365.es\\\/noticias\\\/category\\\/actualidad\\\/#listItem\",\"name\":\"Actualidad\"}},{\"@type\":\"ListItem\",\"@id\":\"https:\\\/\\\/candas365.es\\\/noticias\\\/category\\\/actualidad\\\/#listItem\",\"position\":2,\"name\":\"Actualidad\",\"item\":\"https:\\\/\\\/candas365.es\\\/noticias\\\/category\\\/actualidad\\\/\",\"nextItem\":{\"@type\":\"ListItem\",\"@id\":\"https:\\\/\\\/candas365.es\\\/noticias\\\/economista-jefe-de-bundesbank-a-favor-de-recapitalizar-banca-europea\\\/#listItem\",\"name\":\"Economista jefe de Bundesbank, a favor de recapitalizar banca europea\"},\"previousItem\":{\"@type\":\"ListItem\",\"@id\":\"https:\\\/\\\/candas365.es\\\/noticias#listItem\",\"name\":\"Home\"}},{\"@type\":\"ListItem\",\"@id\":\"https:\\\/\\\/candas365.es\\\/noticias\\\/economista-jefe-de-bundesbank-a-favor-de-recapitalizar-banca-europea\\\/#listItem\",\"position\":3,\"name\":\"Economista jefe de Bundesbank, a favor de recapitalizar banca europea\",\"previousItem\":{\"@type\":\"ListItem\",\"@id\":\"https:\\\/\\\/candas365.es\\\/noticias\\\/category\\\/actualidad\\\/#listItem\",\"name\":\"Actualidad\"}}]},{\"@type\":\"NewsArticle\",\"@id\":\"https:\\\/\\\/candas365.es\\\/noticias\\\/economista-jefe-de-bundesbank-a-favor-de-recapitalizar-banca-europea\\\/#newsarticle\",\"name\":\"Economista jefe de Bundesbank, a favor de recapitalizar banca europea | Cand\\u00e1s 365\",\"headline\":\"Economista jefe de Bundesbank, a favor de recapitalizar banca europea\",\"author\":{\"@id\":\"https:\\\/\\\/candas365.es\\\/noticias\\\/author\\\/admin\\\/#author\"},\"publisher\":{\"@id\":\"https:\\\/\\\/candas365.es\\\/noticias\\\/#organization\"},\"image\":{\"@type\":\"ImageObject\",\"url\":\"https:\\\/\\\/candas365.es\\\/noticias\\\/wp-content\\\/uploads\\\/2015\\\/09\\\/c365noticias.jpg\",\"width\":655,\"height\":360},\"datePublished\":\"2016-07-10T19:48:25+02:00\",\"dateModified\":\"2016-07-10T19:48:25+02:00\",\"inLanguage\":\"es-ES\",\"mainEntityOfPage\":{\"@id\":\"https:\\\/\\\/candas365.es\\\/noticias\\\/economista-jefe-de-bundesbank-a-favor-de-recapitalizar-banca-europea\\\/#webpage\"},\"isPartOf\":{\"@id\":\"https:\\\/\\\/candas365.es\\\/noticias\\\/economista-jefe-de-bundesbank-a-favor-de-recapitalizar-banca-europea\\\/#webpage\"},\"articleSection\":\"Actualidad\",\"dateline\":\"Publicado el julio 10, 2016.\"},{\"@type\":\"Organization\",\"@id\":\"https:\\\/\\\/candas365.es\\\/noticias\\\/#organization\",\"name\":\"Cand\\u00e1s 365\",\"description\":\"Cand\\u00e1s 365 es un diario digital independiente, fundado en 2012, con base en Asturias. Informamos con rigor sobre actualidad, sociedad, cultura y ocio, con una mirada local y global.\",\"url\":\"https:\\\/\\\/candas365.es\\\/noticias\\\/\",\"email\":\"info@candas365.es\",\"telephone\":\"+34652131393\",\"foundingDate\":\"2012-06-10\",\"logo\":{\"@type\":\"ImageObject\",\"url\":\"https:\\\/\\\/candas365.es\\\/noticias\\\/wp-content\\\/uploads\\\/2024\\\/09\\\/Candas-365-Redes.jpg\",\"@id\":\"https:\\\/\\\/candas365.es\\\/noticias\\\/economista-jefe-de-bundesbank-a-favor-de-recapitalizar-banca-europea\\\/#organizationLogo\",\"width\":1152,\"height\":864,\"caption\":\"Cand\\u00e1s 365 Redes\"},\"image\":{\"@id\":\"https:\\\/\\\/candas365.es\\\/noticias\\\/economista-jefe-de-bundesbank-a-favor-de-recapitalizar-banca-europea\\\/#organizationLogo\"},\"sameAs\":[\"https:\\\/\\\/www.facebook.com\\\/Nachofdezber\",\"https:\\\/\\\/x.com\\\/NabercoDigital\",\"https:\\\/\\\/www.instagram.com\\\/nachofdezber\\\/\",\"https:\\\/\\\/www.youtube.com\\\/channel\\\/UCZP-2wLEB9Rv6erhFmqVnvg\"],\"address\":{\"@id\":\"https:\\\/\\\/candas365.es\\\/noticias\\\/#postaladdress\",\"@type\":\"PostalAddress\",\"streetAddress\":\"san antonio 4, san antonio 4\",\"postalCode\":\"33430\",\"addressLocality\":\"Cand\\u00e1s\",\"addressRegion\":\"Asturias\",\"addressCountry\":\"ES\"}},{\"@type\":\"Person\",\"@id\":\"https:\\\/\\\/candas365.es\\\/noticias\\\/author\\\/admin\\\/#author\",\"url\":\"https:\\\/\\\/candas365.es\\\/noticias\\\/author\\\/admin\\\/\",\"name\":\"Cand\\u00e1s 365\",\"image\":{\"@type\":\"ImageObject\",\"@id\":\"https:\\\/\\\/candas365.es\\\/noticias\\\/economista-jefe-de-bundesbank-a-favor-de-recapitalizar-banca-europea\\\/#authorImage\",\"url\":\"https:\\\/\\\/secure.gravatar.com\\\/avatar\\\/496a8e03d0c493ede1718b7934145dbdf8d89be1036b0eec9544e1094c9de390?s=96&d=mm&r=g\",\"width\":96,\"height\":96,\"caption\":\"Cand\\u00e1s 365\"},\"sameAs\":[\"https:\\\/\\\/www.facebook.com\\\/carrenoactualidad\",\"https:\\\/\\\/twitter.com\\\/nbasturias\",\"https:\\\/\\\/www.instagram.com\\\/nachofdezber\\\/\",\"https:\\\/\\\/www.youtube.com\\\/channel\\\/UCZP-2wLEB9Rv6erhFmqVnvg\"]},{\"@type\":\"WebPage\",\"@id\":\"https:\\\/\\\/candas365.es\\\/noticias\\\/economista-jefe-de-bundesbank-a-favor-de-recapitalizar-banca-europea\\\/#webpage\",\"url\":\"https:\\\/\\\/candas365.es\\\/noticias\\\/economista-jefe-de-bundesbank-a-favor-de-recapitalizar-banca-europea\\\/\",\"name\":\"Economista jefe de Bundesbank, a favor de recapitalizar banca europea | Cand\\u00e1s 365\",\"description\":\"Fr\\u00e1ncfort, 10 jul (dpa) - En un momento en que la situaci\\u00f3n de la banca italiana genera preocupaci\\u00f3n en la eurozona, el economista jefe del Banco Central de Alemania (Bundesbank), David Folkerts-Landau, propone una recapitalizaci\\u00f3n de la banca europea, inform\\u00f3 hoy el peri\\u00f3dico \\\"Bild am Sonntag\\\". \\\"Con 150.000 millones de euros se pueden recapitalizar los\",\"inLanguage\":\"es-ES\",\"isPartOf\":{\"@id\":\"https:\\\/\\\/candas365.es\\\/noticias\\\/#website\"},\"breadcrumb\":{\"@id\":\"https:\\\/\\\/candas365.es\\\/noticias\\\/economista-jefe-de-bundesbank-a-favor-de-recapitalizar-banca-europea\\\/#breadcrumblist\"},\"author\":{\"@id\":\"https:\\\/\\\/candas365.es\\\/noticias\\\/author\\\/admin\\\/#author\"},\"creator\":{\"@id\":\"https:\\\/\\\/candas365.es\\\/noticias\\\/author\\\/admin\\\/#author\"},\"image\":{\"@type\":\"ImageObject\",\"url\":\"https:\\\/\\\/candas365.es\\\/noticias\\\/wp-content\\\/uploads\\\/2015\\\/09\\\/c365noticias.jpg\",\"@id\":\"https:\\\/\\\/candas365.es\\\/noticias\\\/economista-jefe-de-bundesbank-a-favor-de-recapitalizar-banca-europea\\\/#mainImage\",\"width\":655,\"height\":360},\"primaryImageOfPage\":{\"@id\":\"https:\\\/\\\/candas365.es\\\/noticias\\\/economista-jefe-de-bundesbank-a-favor-de-recapitalizar-banca-europea\\\/#mainImage\"},\"datePublished\":\"2016-07-10T19:48:25+02:00\",\"dateModified\":\"2016-07-10T19:48:25+02:00\"},{\"@type\":\"WebSite\",\"@id\":\"https:\\\/\\\/candas365.es\\\/noticias\\\/#website\",\"url\":\"https:\\\/\\\/candas365.es\\\/noticias\\\/\",\"name\":\"Cand\\u00e1s 365\",\"alternateName\":\"Cand\\u00e1s 365 Noticias\",\"description\":\"Actualidad desde Carre\\u00f1o para el mundo\",\"inLanguage\":\"es-ES\",\"publisher\":{\"@id\":\"https:\\\/\\\/candas365.es\\\/noticias\\\/#organization\"}}]}\n\t\t<\/script>\n\t\t<!-- All in One SEO Pro -->\r\n\t\t<title>Economista jefe de Bundesbank, a favor de recapitalizar banca europea | Cand\u00e1s 365<\/title>\n\n","aioseo_head_json":{"title":"Economista jefe de Bundesbank, a favor de recapitalizar banca europea | Cand\u00e1s 365","description":"Fr\u00e1ncfort, 10 jul (dpa) - En un momento en que la situaci\u00f3n de la banca italiana genera preocupaci\u00f3n en la eurozona, el economista jefe del Banco Central de Alemania (Bundesbank), David Folkerts-Landau, propone una recapitalizaci\u00f3n de la banca europea, inform\u00f3 hoy el peri\u00f3dico \"Bild am Sonntag\". \"Con 150.000 millones de euros se pueden recapitalizar los","canonical_url":"https:\/\/candas365.es\/noticias\/economista-jefe-de-bundesbank-a-favor-de-recapitalizar-banca-europea\/","robots":"max-image-preview:large","keywords":"actualidad","webmasterTools":{"google-site-verification":"UA-32230408-1","msvalidate.01":"354F3CDFB2DA171B47FBE9ABF1F88D5","miscellaneous":""},"schema":{"@context":"https:\/\/schema.org","@graph":[{"@type":"BreadcrumbList","@id":"https:\/\/candas365.es\/noticias\/economista-jefe-de-bundesbank-a-favor-de-recapitalizar-banca-europea\/#breadcrumblist","itemListElement":[{"@type":"ListItem","@id":"https:\/\/candas365.es\/noticias#listItem","position":1,"name":"Home","item":"https:\/\/candas365.es\/noticias","nextItem":{"@type":"ListItem","@id":"https:\/\/candas365.es\/noticias\/category\/actualidad\/#listItem","name":"Actualidad"}},{"@type":"ListItem","@id":"https:\/\/candas365.es\/noticias\/category\/actualidad\/#listItem","position":2,"name":"Actualidad","item":"https:\/\/candas365.es\/noticias\/category\/actualidad\/","nextItem":{"@type":"ListItem","@id":"https:\/\/candas365.es\/noticias\/economista-jefe-de-bundesbank-a-favor-de-recapitalizar-banca-europea\/#listItem","name":"Economista jefe de Bundesbank, a favor de recapitalizar banca europea"},"previousItem":{"@type":"ListItem","@id":"https:\/\/candas365.es\/noticias#listItem","name":"Home"}},{"@type":"ListItem","@id":"https:\/\/candas365.es\/noticias\/economista-jefe-de-bundesbank-a-favor-de-recapitalizar-banca-europea\/#listItem","position":3,"name":"Economista jefe de Bundesbank, a favor de recapitalizar banca europea","previousItem":{"@type":"ListItem","@id":"https:\/\/candas365.es\/noticias\/category\/actualidad\/#listItem","name":"Actualidad"}}]},{"@type":"NewsArticle","@id":"https:\/\/candas365.es\/noticias\/economista-jefe-de-bundesbank-a-favor-de-recapitalizar-banca-europea\/#newsarticle","name":"Economista jefe de Bundesbank, a favor de recapitalizar banca europea | Cand\u00e1s 365","headline":"Economista jefe de Bundesbank, a favor de recapitalizar banca europea","author":{"@id":"https:\/\/candas365.es\/noticias\/author\/admin\/#author"},"publisher":{"@id":"https:\/\/candas365.es\/noticias\/#organization"},"image":{"@type":"ImageObject","url":"https:\/\/candas365.es\/noticias\/wp-content\/uploads\/2015\/09\/c365noticias.jpg","width":655,"height":360},"datePublished":"2016-07-10T19:48:25+02:00","dateModified":"2016-07-10T19:48:25+02:00","inLanguage":"es-ES","mainEntityOfPage":{"@id":"https:\/\/candas365.es\/noticias\/economista-jefe-de-bundesbank-a-favor-de-recapitalizar-banca-europea\/#webpage"},"isPartOf":{"@id":"https:\/\/candas365.es\/noticias\/economista-jefe-de-bundesbank-a-favor-de-recapitalizar-banca-europea\/#webpage"},"articleSection":"Actualidad","dateline":"Publicado el julio 10, 2016."},{"@type":"Organization","@id":"https:\/\/candas365.es\/noticias\/#organization","name":"Cand\u00e1s 365","description":"Cand\u00e1s 365 es un diario digital independiente, fundado en 2012, con base en Asturias. Informamos con rigor sobre actualidad, sociedad, cultura y ocio, con una mirada local y global.","url":"https:\/\/candas365.es\/noticias\/","email":"info@candas365.es","telephone":"+34652131393","foundingDate":"2012-06-10","logo":{"@type":"ImageObject","url":"https:\/\/candas365.es\/noticias\/wp-content\/uploads\/2024\/09\/Candas-365-Redes.jpg","@id":"https:\/\/candas365.es\/noticias\/economista-jefe-de-bundesbank-a-favor-de-recapitalizar-banca-europea\/#organizationLogo","width":1152,"height":864,"caption":"Cand\u00e1s 365 Redes"},"image":{"@id":"https:\/\/candas365.es\/noticias\/economista-jefe-de-bundesbank-a-favor-de-recapitalizar-banca-europea\/#organizationLogo"},"sameAs":["https:\/\/www.facebook.com\/Nachofdezber","https:\/\/x.com\/NabercoDigital","https:\/\/www.instagram.com\/nachofdezber\/","https:\/\/www.youtube.com\/channel\/UCZP-2wLEB9Rv6erhFmqVnvg"],"address":{"@id":"https:\/\/candas365.es\/noticias\/#postaladdress","@type":"PostalAddress","streetAddress":"san antonio 4, san antonio 4","postalCode":"33430","addressLocality":"Cand\u00e1s","addressRegion":"Asturias","addressCountry":"ES"}},{"@type":"Person","@id":"https:\/\/candas365.es\/noticias\/author\/admin\/#author","url":"https:\/\/candas365.es\/noticias\/author\/admin\/","name":"Cand\u00e1s 365","image":{"@type":"ImageObject","@id":"https:\/\/candas365.es\/noticias\/economista-jefe-de-bundesbank-a-favor-de-recapitalizar-banca-europea\/#authorImage","url":"https:\/\/secure.gravatar.com\/avatar\/496a8e03d0c493ede1718b7934145dbdf8d89be1036b0eec9544e1094c9de390?s=96&d=mm&r=g","width":96,"height":96,"caption":"Cand\u00e1s 365"},"sameAs":["https:\/\/www.facebook.com\/carrenoactualidad","https:\/\/twitter.com\/nbasturias","https:\/\/www.instagram.com\/nachofdezber\/","https:\/\/www.youtube.com\/channel\/UCZP-2wLEB9Rv6erhFmqVnvg"]},{"@type":"WebPage","@id":"https:\/\/candas365.es\/noticias\/economista-jefe-de-bundesbank-a-favor-de-recapitalizar-banca-europea\/#webpage","url":"https:\/\/candas365.es\/noticias\/economista-jefe-de-bundesbank-a-favor-de-recapitalizar-banca-europea\/","name":"Economista jefe de Bundesbank, a favor de recapitalizar banca europea | Cand\u00e1s 365","description":"Fr\u00e1ncfort, 10 jul (dpa) - En un momento en que la situaci\u00f3n de la banca italiana genera preocupaci\u00f3n en la eurozona, el economista jefe del Banco Central de Alemania (Bundesbank), David Folkerts-Landau, propone una recapitalizaci\u00f3n de la banca europea, inform\u00f3 hoy el peri\u00f3dico \"Bild am Sonntag\". \"Con 150.000 millones de euros se pueden recapitalizar los","inLanguage":"es-ES","isPartOf":{"@id":"https:\/\/candas365.es\/noticias\/#website"},"breadcrumb":{"@id":"https:\/\/candas365.es\/noticias\/economista-jefe-de-bundesbank-a-favor-de-recapitalizar-banca-europea\/#breadcrumblist"},"author":{"@id":"https:\/\/candas365.es\/noticias\/author\/admin\/#author"},"creator":{"@id":"https:\/\/candas365.es\/noticias\/author\/admin\/#author"},"image":{"@type":"ImageObject","url":"https:\/\/candas365.es\/noticias\/wp-content\/uploads\/2015\/09\/c365noticias.jpg","@id":"https:\/\/candas365.es\/noticias\/economista-jefe-de-bundesbank-a-favor-de-recapitalizar-banca-europea\/#mainImage","width":655,"height":360},"primaryImageOfPage":{"@id":"https:\/\/candas365.es\/noticias\/economista-jefe-de-bundesbank-a-favor-de-recapitalizar-banca-europea\/#mainImage"},"datePublished":"2016-07-10T19:48:25+02:00","dateModified":"2016-07-10T19:48:25+02:00"},{"@type":"WebSite","@id":"https:\/\/candas365.es\/noticias\/#website","url":"https:\/\/candas365.es\/noticias\/","name":"Cand\u00e1s 365","alternateName":"Cand\u00e1s 365 Noticias","description":"Actualidad desde Carre\u00f1o para el mundo","inLanguage":"es-ES","publisher":{"@id":"https:\/\/candas365.es\/noticias\/#organization"}}]},"og:locale":"es_ES","og:site_name":"Cand\u00e1s 365","og:type":"article","og:title":"Economista jefe de Bundesbank, a favor de recapitalizar banca europea | Cand\u00e1s 365","og:description":"Fr\u00e1ncfort, 10 jul (dpa) - En un momento en que la situaci\u00f3n de la banca italiana genera preocupaci\u00f3n en la eurozona, el economista jefe del Banco Central de Alemania (Bundesbank), David Folkerts-Landau, propone una recapitalizaci\u00f3n de la banca europea, inform\u00f3 hoy el peri\u00f3dico &quot;Bild am Sonntag&quot;. &quot;Con 150.000 millones de euros se pueden recapitalizar los","og:url":"https:\/\/candas365.es\/noticias\/economista-jefe-de-bundesbank-a-favor-de-recapitalizar-banca-europea\/","og:image":"https:\/\/candas365.es\/noticias\/wp-content\/uploads\/2015\/09\/c365noticias.jpg","og:image:secure_url":"https:\/\/candas365.es\/noticias\/wp-content\/uploads\/2015\/09\/c365noticias.jpg","og:image:width":655,"og:image:height":360,"article:published_time":"2016-07-10T18:18:25+00:00","article:modified_time":"2016-07-10T18:18:25+00:00","article:publisher":"https:\/\/www.facebook.com\/Nachofdezber","article:author":"https:\/\/www.facebook.com\/carrenoactualidad","twitter:card":"summary_large_image","twitter:site":"@NabercoDigital","twitter:title":"Economista jefe de Bundesbank, a favor de recapitalizar banca europea | Cand\u00e1s 365","twitter:description":"Fr\u00e1ncfort, 10 jul (dpa) - En un momento en que la situaci\u00f3n de la banca italiana genera preocupaci\u00f3n en la eurozona, el economista jefe del Banco Central de Alemania (Bundesbank), David Folkerts-Landau, propone una recapitalizaci\u00f3n de la banca europea, inform\u00f3 hoy el peri\u00f3dico &quot;Bild am Sonntag&quot;. &quot;Con 150.000 millones de euros se pueden recapitalizar los","twitter:creator":"@nbasturias","twitter:image":"https:\/\/candas365.es\/noticias\/wp-content\/uploads\/2015\/09\/c365noticias.jpg","twitter:label1":"Escrito por","twitter:data1":"Cand\u00e1s 365","twitter:label2":"Tiempo de lectura estimado","twitter:data2":"1 minuto"},"aioseo_meta_data":{"post_id":"31763","title":null,"description":null,"keywords":null,"keyphrases":null,"primary_term":null,"canonical_url":null,"og_title":null,"og_description":null,"og_object_type":"default","og_image_type":"default","og_image_url":null,"og_image_width":null,"og_image_height":null,"og_image_custom_url":null,"og_image_custom_fields":null,"og_video":null,"og_custom_url":null,"og_article_section":null,"og_article_tags":null,"twitter_use_og":false,"twitter_card":"default","twitter_image_type":"default","twitter_image_url":null,"twitter_image_custom_url":null,"twitter_image_custom_fields":null,"twitter_title":null,"twitter_description":null,"schema":{"blockGraphs":[],"customGraphs":[],"default":{"data":{"Article":[],"Course":[],"Dataset":[],"FAQPage":[],"Movie":[],"Person":[],"Product":[],"ProductReview":[],"Car":[],"Recipe":[],"Service":[],"SoftwareApplication":[],"WebPage":[]},"graphName":"","isEnabled":true},"graphs":[],"defaultGraph":"","defaultPostTypeGraph":""},"schema_type":null,"schema_type_options":null,"pillar_content":false,"robots_default":true,"robots_noindex":false,"robots_noarchive":false,"robots_nosnippet":false,"robots_nofollow":false,"robots_noimageindex":false,"robots_noodp":false,"robots_notranslate":false,"robots_max_snippet":null,"robots_max_videopreview":null,"robots_max_imagepreview":"large","priority":null,"frequency":null,"location":null,"local_seo":null,"seo_analyzer_scan_date":"2025-08-24 14:23:08","breadcrumb_settings":null,"limit_modified_date":false,"reviewed_by":null,"open_ai":null,"ai":null,"created":"2020-12-21 13:01:46","updated":"2025-08-24 14:23:08"},"aioseo_breadcrumb":"<div class=\"aioseo-breadcrumbs\"><span class=\"aioseo-breadcrumb\">\n\t<a href=\"https:\/\/candas365.es\/noticias\" title=\"Home\">Home<\/a>\n<\/span><span class=\"aioseo-breadcrumb-separator\">&ndash;<\/span><span class=\"aioseo-breadcrumb\">\n\t<a href=\"https:\/\/candas365.es\/noticias\/category\/actualidad\/\" title=\"Actualidad\">Actualidad<\/a>\n<\/span><span class=\"aioseo-breadcrumb-separator\">&ndash;<\/span><span class=\"aioseo-breadcrumb\">\n\tEconomista jefe de Bundesbank, a favor de recapitalizar banca europea\n<\/span><\/div>","aioseo_breadcrumb_json":[{"label":"Home","link":"https:\/\/candas365.es\/noticias"},{"label":"Actualidad","link":"https:\/\/candas365.es\/noticias\/category\/actualidad\/"},{"label":"Economista jefe de Bundesbank, a favor de recapitalizar banca europea","link":"https:\/\/candas365.es\/noticias\/economista-jefe-de-bundesbank-a-favor-de-recapitalizar-banca-europea\/"}],"_links":{"self":[{"href":"https:\/\/candas365.es\/noticias\/wp-json\/wp\/v2\/posts\/31763","targetHints":{"allow":["GET"]}}],"collection":[{"href":"https:\/\/candas365.es\/noticias\/wp-json\/wp\/v2\/posts"}],"about":[{"href":"https:\/\/candas365.es\/noticias\/wp-json\/wp\/v2\/types\/post"}],"author":[{"embeddable":true,"href":"https:\/\/candas365.es\/noticias\/wp-json\/wp\/v2\/users\/1"}],"replies":[{"embeddable":true,"href":"https:\/\/candas365.es\/noticias\/wp-json\/wp\/v2\/comments?post=31763"}],"version-history":[{"count":0,"href":"https:\/\/candas365.es\/noticias\/wp-json\/wp\/v2\/posts\/31763\/revisions"}],"wp:featuredmedia":[{"embeddable":true,"href":"https:\/\/candas365.es\/noticias\/wp-json\/wp\/v2\/media\/16457"}],"wp:attachment":[{"href":"https:\/\/candas365.es\/noticias\/wp-json\/wp\/v2\/media?parent=31763"}],"wp:term":[{"taxonomy":"category","embeddable":true,"href":"https:\/\/candas365.es\/noticias\/wp-json\/wp\/v2\/categories?post=31763"},{"taxonomy":"post_tag","embeddable":true,"href":"https:\/\/candas365.es\/noticias\/wp-json\/wp\/v2\/tags?post=31763"}],"curies":[{"name":"wp","href":"https:\/\/api.w.org\/{rel}","templated":true}]}}