{"id":31761,"date":"2016-07-10T19:47:53","date_gmt":"2016-07-10T18:17:53","guid":{"rendered":"http:\/\/candas365.es\/noticias\/?p=31761"},"modified":"2016-07-10T19:47:53","modified_gmt":"2016-07-10T18:17:53","slug":"empleados-de-tren-en-alemania-usaran-camaras-de-video-para-protegerse","status":"publish","type":"post","link":"https:\/\/candas365.es\/noticias\/empleados-de-tren-en-alemania-usaran-camaras-de-video-para-protegerse\/","title":{"rendered":"Empleados de tren en Alemania usar\u00e1n c\u00e1maras de v\u00eddeo para protegerse"},"content":{"rendered":"<p>Berl\u00edn, 10 jul (dpa) &#8211; Como respuesta al incremento de agresiones que los empleados de tren han sufrido en los \u00faltimos tiempos en Alemania, la empresa de ferrocarriles Deutsche Bahn (DB) est\u00e1 probando el uso de c\u00e1maras de v\u00eddeo para proteger la integridad de sus trabajadores, inform\u00f3 hoy el peri\u00f3dico \u00abBild am Sonntag\u00bb. <\/p>\n<p>Seg\u00fan la publicaci\u00f3n, en la primera mitad del a\u00f1o, el personal de DB sufri\u00f3 950 ataques, lo que supone un incremento de un diez por ciento con respecto al mismo per\u00edodo del a\u00f1o pasado. <\/p>\n<p>Los trabajadores m\u00e1s afectados por las agresiones ser\u00edan los vigilantes de seguridad, por lo que la empresa ha decidido equipar a algunos de ellos con minic\u00e1maras que van instaladas en sus chaquetas y retransmiten en directo en un monitor la imagen que capturan, inform\u00f3 el peri\u00f3dico. <\/p>\n<p>\u00abLas primeras pruebas muestran que el uso de las c\u00e1maras asusta a los atacantes\u00bb, declar\u00f3 el jefe de seguridad de Deutsche Bahn, Hans-Hilmar Rischke, a la publicaci\u00f3n. <\/p>\n<p>En un primer momento, seg\u00fan \u00abBild am Sonntag\u00bb, las c\u00e1maras se probar\u00e1n en diferentes estaciones de tren de Berl\u00edn para posteriormente continuar con los tests en otros lugares del pa\u00eds. <\/p>\n<p>Los trabajadores de la empresa de ferrocarriles alemanes que porten una de estas c\u00e1maras de vigilancia deber\u00e1n indicarlo de forma que los viajeros o posibles atacantes sean conscientes de que est\u00e1n siendo grabados. <\/p>\n<p>Recientemente, los ministros del Interior de los estados federados de Alemania acordaron actuar de forma coordinada en la protecci\u00f3n de los agentes de polic\u00eda ante agresiones y decidieron tambi\u00e9n utilizar c\u00e1maras de vigilancia para tal fin. <\/p>\n<p>El objetivo es disuadir a los atacantes y contar con pruebas en caso de que puedan ser necesarias en un futuro. Algunas regiones ya han probado la utilizaci\u00f3n de videovigilancia y se han mostrado satisfechas con los resultados logrados. <\/p>\n","protected":false},"excerpt":{"rendered":"<p>Berl\u00edn, 10 jul (dpa) &#8211; Como respuesta al incremento de agresiones que los empleados de tren han sufrido en los \u00faltimos tiempos en Alemania, la empresa de ferrocarriles Deutsche Bahn (DB) est\u00e1 probando el uso de c\u00e1maras de v\u00eddeo para proteger la integridad de sus trabajadores, inform\u00f3 hoy el peri\u00f3dico \u00abBild am Sonntag\u00bb. Seg\u00fan la<\/p>\n","protected":false},"author":1,"featured_media":16457,"comment_status":"closed","ping_status":"closed","sticky":false,"template":"","format":"standard","meta":{"footnotes":""},"categories":[343],"tags":[],"class_list":{"0":"post-31761","1":"post","2":"type-post","3":"status-publish","4":"format-standard","5":"has-post-thumbnail","7":"category-actualidad"},"aioseo_notices":[],"aioseo_head":"\n\t\t<!-- All in One SEO Pro 4.9.6.2 - aioseo.com -->\n\t<meta name=\"description\" content=\"Berl\u00edn, 10 jul (dpa) - Como respuesta al incremento de agresiones que los empleados de tren han sufrido en los \u00faltimos tiempos en Alemania, la empresa de ferrocarriles Deutsche Bahn (DB) est\u00e1 probando el uso de c\u00e1maras de v\u00eddeo para proteger la integridad de sus trabajadores, inform\u00f3 hoy el peri\u00f3dico &quot;Bild am Sonntag&quot;. Seg\u00fan la\" \/>\n\t<meta name=\"robots\" content=\"max-image-preview:large\" \/>\n\t<meta name=\"author\" content=\"Cand\u00e1s 365\"\/>\n\t<meta name=\"google-site-verification\" content=\"UA-32230408-1\" \/>\n\t<meta name=\"msvalidate.01\" content=\"354F3CDFB2DA171B47FBE9ABF1F88D5\" \/>\n\t<meta name=\"keywords\" content=\"actualidad\" \/>\n\t<link rel=\"canonical\" href=\"https:\/\/candas365.es\/noticias\/empleados-de-tren-en-alemania-usaran-camaras-de-video-para-protegerse\/\" \/>\n\t<meta name=\"generator\" content=\"All in One SEO Pro (AIOSEO) 4.9.6.2\" \/>\n\t\t<meta property=\"og:locale\" content=\"es_ES\" \/>\n\t\t<meta property=\"og:site_name\" content=\"Cand\u00e1s 365\" \/>\n\t\t<meta property=\"og:type\" content=\"article\" \/>\n\t\t<meta property=\"og:title\" content=\"Empleados de tren en Alemania usar\u00e1n c\u00e1maras de v\u00eddeo para protegerse | Cand\u00e1s 365\" \/>\n\t\t<meta property=\"og:description\" content=\"Berl\u00edn, 10 jul (dpa) - Como respuesta al incremento de agresiones que los empleados de tren han sufrido en los \u00faltimos tiempos en Alemania, la empresa de ferrocarriles Deutsche Bahn (DB) est\u00e1 probando el uso de c\u00e1maras de v\u00eddeo para proteger la integridad de sus trabajadores, inform\u00f3 hoy el peri\u00f3dico &quot;Bild am Sonntag&quot;. Seg\u00fan la\" \/>\n\t\t<meta property=\"og:url\" content=\"https:\/\/candas365.es\/noticias\/empleados-de-tren-en-alemania-usaran-camaras-de-video-para-protegerse\/\" \/>\n\t\t<meta property=\"og:image\" content=\"https:\/\/candas365.es\/noticias\/wp-content\/uploads\/2015\/09\/c365noticias.jpg\" \/>\n\t\t<meta property=\"og:image:secure_url\" content=\"https:\/\/candas365.es\/noticias\/wp-content\/uploads\/2015\/09\/c365noticias.jpg\" \/>\n\t\t<meta property=\"og:image:width\" content=\"655\" \/>\n\t\t<meta property=\"og:image:height\" content=\"360\" \/>\n\t\t<meta property=\"article:published_time\" content=\"2016-07-10T18:17:53+00:00\" \/>\n\t\t<meta property=\"article:modified_time\" content=\"2016-07-10T18:17:53+00:00\" \/>\n\t\t<meta property=\"article:publisher\" content=\"https:\/\/www.facebook.com\/Nachofdezber\" \/>\n\t\t<meta property=\"article:author\" content=\"https:\/\/www.facebook.com\/carrenoactualidad\" \/>\n\t\t<meta name=\"twitter:card\" content=\"summary_large_image\" \/>\n\t\t<meta name=\"twitter:site\" content=\"@NabercoDigital\" \/>\n\t\t<meta name=\"twitter:title\" content=\"Empleados de tren en Alemania usar\u00e1n c\u00e1maras de v\u00eddeo para protegerse | Cand\u00e1s 365\" \/>\n\t\t<meta name=\"twitter:description\" content=\"Berl\u00edn, 10 jul (dpa) - Como respuesta al incremento de agresiones que los empleados de tren han sufrido en los \u00faltimos tiempos en Alemania, la empresa de ferrocarriles Deutsche Bahn (DB) est\u00e1 probando el uso de c\u00e1maras de v\u00eddeo para proteger la integridad de sus trabajadores, inform\u00f3 hoy el peri\u00f3dico &quot;Bild am Sonntag&quot;. Seg\u00fan la\" \/>\n\t\t<meta name=\"twitter:creator\" content=\"@nbasturias\" \/>\n\t\t<meta name=\"twitter:image\" content=\"https:\/\/candas365.es\/noticias\/wp-content\/uploads\/2015\/09\/c365noticias.jpg\" \/>\n\t\t<meta name=\"twitter:label1\" content=\"Escrito por\" \/>\n\t\t<meta name=\"twitter:data1\" content=\"Cand\u00e1s 365\" \/>\n\t\t<meta name=\"twitter:label2\" content=\"Tiempo de lectura estimado\" \/>\n\t\t<meta name=\"twitter:data2\" content=\"2 minutos\" \/>\n\t\t<script type=\"application\/ld+json\" class=\"aioseo-schema\">\n\t\t\t{\"@context\":\"https:\\\/\\\/schema.org\",\"@graph\":[{\"@type\":\"BreadcrumbList\",\"@id\":\"https:\\\/\\\/candas365.es\\\/noticias\\\/empleados-de-tren-en-alemania-usaran-camaras-de-video-para-protegerse\\\/#breadcrumblist\",\"itemListElement\":[{\"@type\":\"ListItem\",\"@id\":\"https:\\\/\\\/candas365.es\\\/noticias#listItem\",\"position\":1,\"name\":\"Home\",\"item\":\"https:\\\/\\\/candas365.es\\\/noticias\",\"nextItem\":{\"@type\":\"ListItem\",\"@id\":\"https:\\\/\\\/candas365.es\\\/noticias\\\/category\\\/actualidad\\\/#listItem\",\"name\":\"Actualidad\"}},{\"@type\":\"ListItem\",\"@id\":\"https:\\\/\\\/candas365.es\\\/noticias\\\/category\\\/actualidad\\\/#listItem\",\"position\":2,\"name\":\"Actualidad\",\"item\":\"https:\\\/\\\/candas365.es\\\/noticias\\\/category\\\/actualidad\\\/\",\"nextItem\":{\"@type\":\"ListItem\",\"@id\":\"https:\\\/\\\/candas365.es\\\/noticias\\\/empleados-de-tren-en-alemania-usaran-camaras-de-video-para-protegerse\\\/#listItem\",\"name\":\"Empleados de tren en Alemania usar\\u00e1n c\\u00e1maras de v\\u00eddeo para protegerse\"},\"previousItem\":{\"@type\":\"ListItem\",\"@id\":\"https:\\\/\\\/candas365.es\\\/noticias#listItem\",\"name\":\"Home\"}},{\"@type\":\"ListItem\",\"@id\":\"https:\\\/\\\/candas365.es\\\/noticias\\\/empleados-de-tren-en-alemania-usaran-camaras-de-video-para-protegerse\\\/#listItem\",\"position\":3,\"name\":\"Empleados de tren en Alemania usar\\u00e1n c\\u00e1maras de v\\u00eddeo para protegerse\",\"previousItem\":{\"@type\":\"ListItem\",\"@id\":\"https:\\\/\\\/candas365.es\\\/noticias\\\/category\\\/actualidad\\\/#listItem\",\"name\":\"Actualidad\"}}]},{\"@type\":\"NewsArticle\",\"@id\":\"https:\\\/\\\/candas365.es\\\/noticias\\\/empleados-de-tren-en-alemania-usaran-camaras-de-video-para-protegerse\\\/#newsarticle\",\"name\":\"Empleados de tren en Alemania usar\\u00e1n c\\u00e1maras de v\\u00eddeo para protegerse | Cand\\u00e1s 365\",\"headline\":\"Empleados de tren en Alemania usar\\u00e1n c\\u00e1maras de v\\u00eddeo para protegerse\",\"author\":{\"@id\":\"https:\\\/\\\/candas365.es\\\/noticias\\\/author\\\/admin\\\/#author\"},\"publisher\":{\"@id\":\"https:\\\/\\\/candas365.es\\\/noticias\\\/#organization\"},\"image\":{\"@type\":\"ImageObject\",\"url\":\"https:\\\/\\\/candas365.es\\\/noticias\\\/wp-content\\\/uploads\\\/2015\\\/09\\\/c365noticias.jpg\",\"width\":655,\"height\":360},\"datePublished\":\"2016-07-10T19:47:53+02:00\",\"dateModified\":\"2016-07-10T19:47:53+02:00\",\"inLanguage\":\"es-ES\",\"mainEntityOfPage\":{\"@id\":\"https:\\\/\\\/candas365.es\\\/noticias\\\/empleados-de-tren-en-alemania-usaran-camaras-de-video-para-protegerse\\\/#webpage\"},\"isPartOf\":{\"@id\":\"https:\\\/\\\/candas365.es\\\/noticias\\\/empleados-de-tren-en-alemania-usaran-camaras-de-video-para-protegerse\\\/#webpage\"},\"articleSection\":\"Actualidad\",\"dateline\":\"Publicado el julio 10, 2016.\"},{\"@type\":\"Organization\",\"@id\":\"https:\\\/\\\/candas365.es\\\/noticias\\\/#organization\",\"name\":\"Cand\\u00e1s 365\",\"description\":\"Cand\\u00e1s 365 es un diario digital independiente, fundado en 2012, con base en Asturias. Informamos con rigor sobre actualidad, sociedad, cultura y ocio, con una mirada local y global.\",\"url\":\"https:\\\/\\\/candas365.es\\\/noticias\\\/\",\"email\":\"info@candas365.es\",\"telephone\":\"+34652131393\",\"foundingDate\":\"2012-06-10\",\"logo\":{\"@type\":\"ImageObject\",\"url\":\"https:\\\/\\\/candas365.es\\\/noticias\\\/wp-content\\\/uploads\\\/2024\\\/09\\\/Candas-365-Redes.jpg\",\"@id\":\"https:\\\/\\\/candas365.es\\\/noticias\\\/empleados-de-tren-en-alemania-usaran-camaras-de-video-para-protegerse\\\/#organizationLogo\",\"width\":1152,\"height\":864,\"caption\":\"Cand\\u00e1s 365 Redes\"},\"image\":{\"@id\":\"https:\\\/\\\/candas365.es\\\/noticias\\\/empleados-de-tren-en-alemania-usaran-camaras-de-video-para-protegerse\\\/#organizationLogo\"},\"sameAs\":[\"https:\\\/\\\/www.facebook.com\\\/Nachofdezber\",\"https:\\\/\\\/x.com\\\/NabercoDigital\",\"https:\\\/\\\/www.instagram.com\\\/nachofdezber\\\/\",\"https:\\\/\\\/www.youtube.com\\\/channel\\\/UCZP-2wLEB9Rv6erhFmqVnvg\"],\"address\":{\"@id\":\"https:\\\/\\\/candas365.es\\\/noticias\\\/#postaladdress\",\"@type\":\"PostalAddress\",\"streetAddress\":\"san antonio 4, san antonio 4\",\"postalCode\":\"33430\",\"addressLocality\":\"Cand\\u00e1s\",\"addressRegion\":\"Asturias\",\"addressCountry\":\"ES\"}},{\"@type\":\"Person\",\"@id\":\"https:\\\/\\\/candas365.es\\\/noticias\\\/author\\\/admin\\\/#author\",\"url\":\"https:\\\/\\\/candas365.es\\\/noticias\\\/author\\\/admin\\\/\",\"name\":\"Cand\\u00e1s 365\",\"image\":{\"@type\":\"ImageObject\",\"@id\":\"https:\\\/\\\/candas365.es\\\/noticias\\\/empleados-de-tren-en-alemania-usaran-camaras-de-video-para-protegerse\\\/#authorImage\",\"url\":\"https:\\\/\\\/secure.gravatar.com\\\/avatar\\\/496a8e03d0c493ede1718b7934145dbdf8d89be1036b0eec9544e1094c9de390?s=96&d=mm&r=g\",\"width\":96,\"height\":96,\"caption\":\"Cand\\u00e1s 365\"},\"sameAs\":[\"https:\\\/\\\/www.facebook.com\\\/carrenoactualidad\",\"https:\\\/\\\/twitter.com\\\/nbasturias\",\"https:\\\/\\\/www.instagram.com\\\/nachofdezber\\\/\",\"https:\\\/\\\/www.youtube.com\\\/channel\\\/UCZP-2wLEB9Rv6erhFmqVnvg\"]},{\"@type\":\"WebPage\",\"@id\":\"https:\\\/\\\/candas365.es\\\/noticias\\\/empleados-de-tren-en-alemania-usaran-camaras-de-video-para-protegerse\\\/#webpage\",\"url\":\"https:\\\/\\\/candas365.es\\\/noticias\\\/empleados-de-tren-en-alemania-usaran-camaras-de-video-para-protegerse\\\/\",\"name\":\"Empleados de tren en Alemania usar\\u00e1n c\\u00e1maras de v\\u00eddeo para protegerse | Cand\\u00e1s 365\",\"description\":\"Berl\\u00edn, 10 jul (dpa) - Como respuesta al incremento de agresiones que los empleados de tren han sufrido en los \\u00faltimos tiempos en Alemania, la empresa de ferrocarriles Deutsche Bahn (DB) est\\u00e1 probando el uso de c\\u00e1maras de v\\u00eddeo para proteger la integridad de sus trabajadores, inform\\u00f3 hoy el peri\\u00f3dico \\\"Bild am Sonntag\\\". Seg\\u00fan la\",\"inLanguage\":\"es-ES\",\"isPartOf\":{\"@id\":\"https:\\\/\\\/candas365.es\\\/noticias\\\/#website\"},\"breadcrumb\":{\"@id\":\"https:\\\/\\\/candas365.es\\\/noticias\\\/empleados-de-tren-en-alemania-usaran-camaras-de-video-para-protegerse\\\/#breadcrumblist\"},\"author\":{\"@id\":\"https:\\\/\\\/candas365.es\\\/noticias\\\/author\\\/admin\\\/#author\"},\"creator\":{\"@id\":\"https:\\\/\\\/candas365.es\\\/noticias\\\/author\\\/admin\\\/#author\"},\"image\":{\"@type\":\"ImageObject\",\"url\":\"https:\\\/\\\/candas365.es\\\/noticias\\\/wp-content\\\/uploads\\\/2015\\\/09\\\/c365noticias.jpg\",\"@id\":\"https:\\\/\\\/candas365.es\\\/noticias\\\/empleados-de-tren-en-alemania-usaran-camaras-de-video-para-protegerse\\\/#mainImage\",\"width\":655,\"height\":360},\"primaryImageOfPage\":{\"@id\":\"https:\\\/\\\/candas365.es\\\/noticias\\\/empleados-de-tren-en-alemania-usaran-camaras-de-video-para-protegerse\\\/#mainImage\"},\"datePublished\":\"2016-07-10T19:47:53+02:00\",\"dateModified\":\"2016-07-10T19:47:53+02:00\"},{\"@type\":\"WebSite\",\"@id\":\"https:\\\/\\\/candas365.es\\\/noticias\\\/#website\",\"url\":\"https:\\\/\\\/candas365.es\\\/noticias\\\/\",\"name\":\"Cand\\u00e1s 365\",\"alternateName\":\"Cand\\u00e1s 365 Noticias\",\"description\":\"Actualidad desde Carre\\u00f1o para el mundo\",\"inLanguage\":\"es-ES\",\"publisher\":{\"@id\":\"https:\\\/\\\/candas365.es\\\/noticias\\\/#organization\"}}]}\n\t\t<\/script>\n\t\t<!-- All in One SEO Pro -->\r\n\t\t<title>Empleados de tren en Alemania usar\u00e1n c\u00e1maras de v\u00eddeo para protegerse | Cand\u00e1s 365<\/title>\n\n","aioseo_head_json":{"title":"Empleados de tren en Alemania usar\u00e1n c\u00e1maras de v\u00eddeo para protegerse | Cand\u00e1s 365","description":"Berl\u00edn, 10 jul (dpa) - Como respuesta al incremento de agresiones que los empleados de tren han sufrido en los \u00faltimos tiempos en Alemania, la empresa de ferrocarriles Deutsche Bahn (DB) est\u00e1 probando el uso de c\u00e1maras de v\u00eddeo para proteger la integridad de sus trabajadores, inform\u00f3 hoy el peri\u00f3dico \"Bild am Sonntag\". Seg\u00fan la","canonical_url":"https:\/\/candas365.es\/noticias\/empleados-de-tren-en-alemania-usaran-camaras-de-video-para-protegerse\/","robots":"max-image-preview:large","keywords":"actualidad","webmasterTools":{"google-site-verification":"UA-32230408-1","msvalidate.01":"354F3CDFB2DA171B47FBE9ABF1F88D5","miscellaneous":""},"schema":{"@context":"https:\/\/schema.org","@graph":[{"@type":"BreadcrumbList","@id":"https:\/\/candas365.es\/noticias\/empleados-de-tren-en-alemania-usaran-camaras-de-video-para-protegerse\/#breadcrumblist","itemListElement":[{"@type":"ListItem","@id":"https:\/\/candas365.es\/noticias#listItem","position":1,"name":"Home","item":"https:\/\/candas365.es\/noticias","nextItem":{"@type":"ListItem","@id":"https:\/\/candas365.es\/noticias\/category\/actualidad\/#listItem","name":"Actualidad"}},{"@type":"ListItem","@id":"https:\/\/candas365.es\/noticias\/category\/actualidad\/#listItem","position":2,"name":"Actualidad","item":"https:\/\/candas365.es\/noticias\/category\/actualidad\/","nextItem":{"@type":"ListItem","@id":"https:\/\/candas365.es\/noticias\/empleados-de-tren-en-alemania-usaran-camaras-de-video-para-protegerse\/#listItem","name":"Empleados de tren en Alemania usar\u00e1n c\u00e1maras de v\u00eddeo para protegerse"},"previousItem":{"@type":"ListItem","@id":"https:\/\/candas365.es\/noticias#listItem","name":"Home"}},{"@type":"ListItem","@id":"https:\/\/candas365.es\/noticias\/empleados-de-tren-en-alemania-usaran-camaras-de-video-para-protegerse\/#listItem","position":3,"name":"Empleados de tren en Alemania usar\u00e1n c\u00e1maras de v\u00eddeo para protegerse","previousItem":{"@type":"ListItem","@id":"https:\/\/candas365.es\/noticias\/category\/actualidad\/#listItem","name":"Actualidad"}}]},{"@type":"NewsArticle","@id":"https:\/\/candas365.es\/noticias\/empleados-de-tren-en-alemania-usaran-camaras-de-video-para-protegerse\/#newsarticle","name":"Empleados de tren en Alemania usar\u00e1n c\u00e1maras de v\u00eddeo para protegerse | Cand\u00e1s 365","headline":"Empleados de tren en Alemania usar\u00e1n c\u00e1maras de v\u00eddeo para protegerse","author":{"@id":"https:\/\/candas365.es\/noticias\/author\/admin\/#author"},"publisher":{"@id":"https:\/\/candas365.es\/noticias\/#organization"},"image":{"@type":"ImageObject","url":"https:\/\/candas365.es\/noticias\/wp-content\/uploads\/2015\/09\/c365noticias.jpg","width":655,"height":360},"datePublished":"2016-07-10T19:47:53+02:00","dateModified":"2016-07-10T19:47:53+02:00","inLanguage":"es-ES","mainEntityOfPage":{"@id":"https:\/\/candas365.es\/noticias\/empleados-de-tren-en-alemania-usaran-camaras-de-video-para-protegerse\/#webpage"},"isPartOf":{"@id":"https:\/\/candas365.es\/noticias\/empleados-de-tren-en-alemania-usaran-camaras-de-video-para-protegerse\/#webpage"},"articleSection":"Actualidad","dateline":"Publicado el julio 10, 2016."},{"@type":"Organization","@id":"https:\/\/candas365.es\/noticias\/#organization","name":"Cand\u00e1s 365","description":"Cand\u00e1s 365 es un diario digital independiente, fundado en 2012, con base en Asturias. Informamos con rigor sobre actualidad, sociedad, cultura y ocio, con una mirada local y global.","url":"https:\/\/candas365.es\/noticias\/","email":"info@candas365.es","telephone":"+34652131393","foundingDate":"2012-06-10","logo":{"@type":"ImageObject","url":"https:\/\/candas365.es\/noticias\/wp-content\/uploads\/2024\/09\/Candas-365-Redes.jpg","@id":"https:\/\/candas365.es\/noticias\/empleados-de-tren-en-alemania-usaran-camaras-de-video-para-protegerse\/#organizationLogo","width":1152,"height":864,"caption":"Cand\u00e1s 365 Redes"},"image":{"@id":"https:\/\/candas365.es\/noticias\/empleados-de-tren-en-alemania-usaran-camaras-de-video-para-protegerse\/#organizationLogo"},"sameAs":["https:\/\/www.facebook.com\/Nachofdezber","https:\/\/x.com\/NabercoDigital","https:\/\/www.instagram.com\/nachofdezber\/","https:\/\/www.youtube.com\/channel\/UCZP-2wLEB9Rv6erhFmqVnvg"],"address":{"@id":"https:\/\/candas365.es\/noticias\/#postaladdress","@type":"PostalAddress","streetAddress":"san antonio 4, san antonio 4","postalCode":"33430","addressLocality":"Cand\u00e1s","addressRegion":"Asturias","addressCountry":"ES"}},{"@type":"Person","@id":"https:\/\/candas365.es\/noticias\/author\/admin\/#author","url":"https:\/\/candas365.es\/noticias\/author\/admin\/","name":"Cand\u00e1s 365","image":{"@type":"ImageObject","@id":"https:\/\/candas365.es\/noticias\/empleados-de-tren-en-alemania-usaran-camaras-de-video-para-protegerse\/#authorImage","url":"https:\/\/secure.gravatar.com\/avatar\/496a8e03d0c493ede1718b7934145dbdf8d89be1036b0eec9544e1094c9de390?s=96&d=mm&r=g","width":96,"height":96,"caption":"Cand\u00e1s 365"},"sameAs":["https:\/\/www.facebook.com\/carrenoactualidad","https:\/\/twitter.com\/nbasturias","https:\/\/www.instagram.com\/nachofdezber\/","https:\/\/www.youtube.com\/channel\/UCZP-2wLEB9Rv6erhFmqVnvg"]},{"@type":"WebPage","@id":"https:\/\/candas365.es\/noticias\/empleados-de-tren-en-alemania-usaran-camaras-de-video-para-protegerse\/#webpage","url":"https:\/\/candas365.es\/noticias\/empleados-de-tren-en-alemania-usaran-camaras-de-video-para-protegerse\/","name":"Empleados de tren en Alemania usar\u00e1n c\u00e1maras de v\u00eddeo para protegerse | Cand\u00e1s 365","description":"Berl\u00edn, 10 jul (dpa) - Como respuesta al incremento de agresiones que los empleados de tren han sufrido en los \u00faltimos tiempos en Alemania, la empresa de ferrocarriles Deutsche Bahn (DB) est\u00e1 probando el uso de c\u00e1maras de v\u00eddeo para proteger la integridad de sus trabajadores, inform\u00f3 hoy el peri\u00f3dico \"Bild am Sonntag\". Seg\u00fan la","inLanguage":"es-ES","isPartOf":{"@id":"https:\/\/candas365.es\/noticias\/#website"},"breadcrumb":{"@id":"https:\/\/candas365.es\/noticias\/empleados-de-tren-en-alemania-usaran-camaras-de-video-para-protegerse\/#breadcrumblist"},"author":{"@id":"https:\/\/candas365.es\/noticias\/author\/admin\/#author"},"creator":{"@id":"https:\/\/candas365.es\/noticias\/author\/admin\/#author"},"image":{"@type":"ImageObject","url":"https:\/\/candas365.es\/noticias\/wp-content\/uploads\/2015\/09\/c365noticias.jpg","@id":"https:\/\/candas365.es\/noticias\/empleados-de-tren-en-alemania-usaran-camaras-de-video-para-protegerse\/#mainImage","width":655,"height":360},"primaryImageOfPage":{"@id":"https:\/\/candas365.es\/noticias\/empleados-de-tren-en-alemania-usaran-camaras-de-video-para-protegerse\/#mainImage"},"datePublished":"2016-07-10T19:47:53+02:00","dateModified":"2016-07-10T19:47:53+02:00"},{"@type":"WebSite","@id":"https:\/\/candas365.es\/noticias\/#website","url":"https:\/\/candas365.es\/noticias\/","name":"Cand\u00e1s 365","alternateName":"Cand\u00e1s 365 Noticias","description":"Actualidad desde Carre\u00f1o para el mundo","inLanguage":"es-ES","publisher":{"@id":"https:\/\/candas365.es\/noticias\/#organization"}}]},"og:locale":"es_ES","og:site_name":"Cand\u00e1s 365","og:type":"article","og:title":"Empleados de tren en Alemania usar\u00e1n c\u00e1maras de v\u00eddeo para protegerse | Cand\u00e1s 365","og:description":"Berl\u00edn, 10 jul (dpa) - Como respuesta al incremento de agresiones que los empleados de tren han sufrido en los \u00faltimos tiempos en Alemania, la empresa de ferrocarriles Deutsche Bahn (DB) est\u00e1 probando el uso de c\u00e1maras de v\u00eddeo para proteger la integridad de sus trabajadores, inform\u00f3 hoy el peri\u00f3dico &quot;Bild am Sonntag&quot;. Seg\u00fan la","og:url":"https:\/\/candas365.es\/noticias\/empleados-de-tren-en-alemania-usaran-camaras-de-video-para-protegerse\/","og:image":"https:\/\/candas365.es\/noticias\/wp-content\/uploads\/2015\/09\/c365noticias.jpg","og:image:secure_url":"https:\/\/candas365.es\/noticias\/wp-content\/uploads\/2015\/09\/c365noticias.jpg","og:image:width":655,"og:image:height":360,"article:published_time":"2016-07-10T18:17:53+00:00","article:modified_time":"2016-07-10T18:17:53+00:00","article:publisher":"https:\/\/www.facebook.com\/Nachofdezber","article:author":"https:\/\/www.facebook.com\/carrenoactualidad","twitter:card":"summary_large_image","twitter:site":"@NabercoDigital","twitter:title":"Empleados de tren en Alemania usar\u00e1n c\u00e1maras de v\u00eddeo para protegerse | Cand\u00e1s 365","twitter:description":"Berl\u00edn, 10 jul (dpa) - Como respuesta al incremento de agresiones que los empleados de tren han sufrido en los \u00faltimos tiempos en Alemania, la empresa de ferrocarriles Deutsche Bahn (DB) est\u00e1 probando el uso de c\u00e1maras de v\u00eddeo para proteger la integridad de sus trabajadores, inform\u00f3 hoy el peri\u00f3dico &quot;Bild am Sonntag&quot;. Seg\u00fan la","twitter:creator":"@nbasturias","twitter:image":"https:\/\/candas365.es\/noticias\/wp-content\/uploads\/2015\/09\/c365noticias.jpg","twitter:label1":"Escrito por","twitter:data1":"Cand\u00e1s 365","twitter:label2":"Tiempo de lectura estimado","twitter:data2":"2 minutos"},"aioseo_meta_data":{"post_id":"31761","title":null,"description":null,"keywords":null,"keyphrases":null,"primary_term":null,"canonical_url":null,"og_title":null,"og_description":null,"og_object_type":"default","og_image_type":"default","og_image_url":null,"og_image_width":null,"og_image_height":null,"og_image_custom_url":null,"og_image_custom_fields":null,"og_video":null,"og_custom_url":null,"og_article_section":null,"og_article_tags":null,"twitter_use_og":false,"twitter_card":"default","twitter_image_type":"default","twitter_image_url":null,"twitter_image_custom_url":null,"twitter_image_custom_fields":null,"twitter_title":null,"twitter_description":null,"schema":{"blockGraphs":[],"customGraphs":[],"default":{"data":{"Article":[],"Course":[],"Dataset":[],"FAQPage":[],"Movie":[],"Person":[],"Product":[],"ProductReview":[],"Car":[],"Recipe":[],"Service":[],"SoftwareApplication":[],"WebPage":[]},"graphName":"","isEnabled":true},"graphs":[],"defaultGraph":"","defaultPostTypeGraph":""},"schema_type":null,"schema_type_options":null,"pillar_content":false,"robots_default":true,"robots_noindex":false,"robots_noarchive":false,"robots_nosnippet":false,"robots_nofollow":false,"robots_noimageindex":false,"robots_noodp":false,"robots_notranslate":false,"robots_max_snippet":null,"robots_max_videopreview":null,"robots_max_imagepreview":"large","priority":null,"frequency":null,"location":null,"local_seo":null,"seo_analyzer_scan_date":"2025-08-24 14:23:07","breadcrumb_settings":null,"limit_modified_date":false,"reviewed_by":null,"open_ai":null,"ai":null,"created":"2020-12-21 13:01:46","updated":"2025-08-24 14:23:07"},"aioseo_breadcrumb":"<div class=\"aioseo-breadcrumbs\"><span class=\"aioseo-breadcrumb\">\n\t<a href=\"https:\/\/candas365.es\/noticias\" title=\"Home\">Home<\/a>\n<\/span><span class=\"aioseo-breadcrumb-separator\">&ndash;<\/span><span class=\"aioseo-breadcrumb\">\n\t<a href=\"https:\/\/candas365.es\/noticias\/category\/actualidad\/\" title=\"Actualidad\">Actualidad<\/a>\n<\/span><span class=\"aioseo-breadcrumb-separator\">&ndash;<\/span><span class=\"aioseo-breadcrumb\">\n\tEmpleados de tren en Alemania usar\u00e1n c\u00e1maras de v\u00eddeo para protegerse\n<\/span><\/div>","aioseo_breadcrumb_json":[{"label":"Home","link":"https:\/\/candas365.es\/noticias"},{"label":"Actualidad","link":"https:\/\/candas365.es\/noticias\/category\/actualidad\/"},{"label":"Empleados de tren en Alemania usar\u00e1n c\u00e1maras de v\u00eddeo para protegerse","link":"https:\/\/candas365.es\/noticias\/empleados-de-tren-en-alemania-usaran-camaras-de-video-para-protegerse\/"}],"_links":{"self":[{"href":"https:\/\/candas365.es\/noticias\/wp-json\/wp\/v2\/posts\/31761","targetHints":{"allow":["GET"]}}],"collection":[{"href":"https:\/\/candas365.es\/noticias\/wp-json\/wp\/v2\/posts"}],"about":[{"href":"https:\/\/candas365.es\/noticias\/wp-json\/wp\/v2\/types\/post"}],"author":[{"embeddable":true,"href":"https:\/\/candas365.es\/noticias\/wp-json\/wp\/v2\/users\/1"}],"replies":[{"embeddable":true,"href":"https:\/\/candas365.es\/noticias\/wp-json\/wp\/v2\/comments?post=31761"}],"version-history":[{"count":0,"href":"https:\/\/candas365.es\/noticias\/wp-json\/wp\/v2\/posts\/31761\/revisions"}],"wp:featuredmedia":[{"embeddable":true,"href":"https:\/\/candas365.es\/noticias\/wp-json\/wp\/v2\/media\/16457"}],"wp:attachment":[{"href":"https:\/\/candas365.es\/noticias\/wp-json\/wp\/v2\/media?parent=31761"}],"wp:term":[{"taxonomy":"category","embeddable":true,"href":"https:\/\/candas365.es\/noticias\/wp-json\/wp\/v2\/categories?post=31761"},{"taxonomy":"post_tag","embeddable":true,"href":"https:\/\/candas365.es\/noticias\/wp-json\/wp\/v2\/tags?post=31761"}],"curies":[{"name":"wp","href":"https:\/\/api.w.org\/{rel}","templated":true}]}}