{"id":31757,"date":"2016-07-10T19:46:30","date_gmt":"2016-07-10T18:16:30","guid":{"rendered":"http:\/\/candas365.es\/noticias\/?p=31757"},"modified":"2016-07-10T19:46:30","modified_gmt":"2016-07-10T18:16:30","slug":"vicepresidente-de-bundestag-pide-mas-peso-del-aleman-en-la-ue","status":"publish","type":"post","link":"https:\/\/candas365.es\/noticias\/vicepresidente-de-bundestag-pide-mas-peso-del-aleman-en-la-ue\/","title":{"rendered":"Vicepresidente de Bundestag pide m\u00e1s peso del alem\u00e1n en la UE"},"content":{"rendered":"<p>Berl\u00edn, 10 jul (dpa) &#8211; El vicepresidente de la C\u00e1mara Baja del Parlamento alem\u00e1n (Bundestag), Johannes Sinhammer, pidi\u00f3 el s\u00e1bado un mayor peso de la lengua alemana en seno de la Uni\u00f3n Europea (UE) en detrimento del ingl\u00e9s, tras la decisi\u00f3n de los brit\u00e1nicos de abandonar el grupo comunitario.<\/p>\n<p>En declaraciones al semanario \u00abDer Spiegel\u00bb, el pol\u00edtico de la CSU b\u00e1vara, el partido hermano de la CDU de Angela Merkel, se\u00f1al\u00f3 que tras el \u00abBrexit\u00bb deber\u00eda darse un impulso al alem\u00e1n o al franc\u00e9s como lenguas procedimentales en Europa, en detrimento del ingl\u00e9s. <\/p>\n<p>\u00abSi Reino Unido abandona la UE no existe ninguna raz\u00f3n para seguir discriminando al alem\u00e1n o al franc\u00e9s como lenguas vehiculares\u00bb, se\u00f1al\u00f3. <\/p>\n<p>En este sentido, apunt\u00f3 que la Comisi\u00f3n Europea deber\u00eda \u00abahorrar\u00bb en el departamento de traducci\u00f3n de ingl\u00e9s, que cuenta con unos 130 trabajadores, en vez de reducir el n\u00famero de traductores del servicio de lengua alemana. <\/p>\n<p>Singhammer lament\u00f3 que las traducciones al alem\u00e1n de leyes importantes se demoren y, en este sentido, cit\u00f3 el caso de los textos relativos a la liberalizaci\u00f3n de visados para los ciudadanos turcos que, seg\u00fan precis\u00f3, llegaron al Bundestag con un retraso de entre cuatro y cinco semanas. <\/p>\n<p>\u00abDebido a la larga duraci\u00f3n de las traducciones, se complican notablemente las deliberaciones en el Parlamento alem\u00e1n\u00bb, lament\u00f3 el pol\u00edtico conservador. <\/p>\n","protected":false},"excerpt":{"rendered":"<p>Berl\u00edn, 10 jul (dpa) &#8211; El vicepresidente de la C\u00e1mara Baja del Parlamento alem\u00e1n (Bundestag), Johannes Sinhammer, pidi\u00f3 el s\u00e1bado un mayor peso de la lengua alemana en seno de la Uni\u00f3n Europea (UE) en detrimento del ingl\u00e9s, tras la decisi\u00f3n de los brit\u00e1nicos de abandonar el grupo comunitario. En declaraciones al semanario \u00abDer Spiegel\u00bb,<\/p>\n","protected":false},"author":1,"featured_media":16457,"comment_status":"closed","ping_status":"closed","sticky":false,"template":"","format":"standard","meta":{"footnotes":""},"categories":[343],"tags":[],"class_list":{"0":"post-31757","1":"post","2":"type-post","3":"status-publish","4":"format-standard","5":"has-post-thumbnail","7":"category-actualidad"},"aioseo_notices":[],"aioseo_head":"\n\t\t<!-- All in One SEO Pro 4.9.6.2 - aioseo.com -->\n\t<meta name=\"description\" content=\"Berl\u00edn, 10 jul (dpa) - El vicepresidente de la C\u00e1mara Baja del Parlamento alem\u00e1n (Bundestag), Johannes Sinhammer, pidi\u00f3 el s\u00e1bado un mayor peso de la lengua alemana en seno de la Uni\u00f3n Europea (UE) en detrimento del ingl\u00e9s, tras la decisi\u00f3n de los brit\u00e1nicos de abandonar el grupo comunitario. En declaraciones al semanario &quot;Der Spiegel&quot;,\" \/>\n\t<meta name=\"robots\" content=\"max-image-preview:large\" \/>\n\t<meta name=\"author\" content=\"Cand\u00e1s 365\"\/>\n\t<meta name=\"google-site-verification\" content=\"UA-32230408-1\" \/>\n\t<meta name=\"msvalidate.01\" content=\"354F3CDFB2DA171B47FBE9ABF1F88D5\" \/>\n\t<meta name=\"keywords\" content=\"actualidad\" \/>\n\t<link rel=\"canonical\" href=\"https:\/\/candas365.es\/noticias\/vicepresidente-de-bundestag-pide-mas-peso-del-aleman-en-la-ue\/\" \/>\n\t<meta name=\"generator\" content=\"All in One SEO Pro (AIOSEO) 4.9.6.2\" \/>\n\t\t<meta property=\"og:locale\" content=\"es_ES\" \/>\n\t\t<meta property=\"og:site_name\" content=\"Cand\u00e1s 365\" \/>\n\t\t<meta property=\"og:type\" content=\"article\" \/>\n\t\t<meta property=\"og:title\" content=\"Vicepresidente de Bundestag pide m\u00e1s peso del alem\u00e1n en la UE | Cand\u00e1s 365\" \/>\n\t\t<meta property=\"og:description\" content=\"Berl\u00edn, 10 jul (dpa) - El vicepresidente de la C\u00e1mara Baja del Parlamento alem\u00e1n (Bundestag), Johannes Sinhammer, pidi\u00f3 el s\u00e1bado un mayor peso de la lengua alemana en seno de la Uni\u00f3n Europea (UE) en detrimento del ingl\u00e9s, tras la decisi\u00f3n de los brit\u00e1nicos de abandonar el grupo comunitario. En declaraciones al semanario &quot;Der Spiegel&quot;,\" \/>\n\t\t<meta property=\"og:url\" content=\"https:\/\/candas365.es\/noticias\/vicepresidente-de-bundestag-pide-mas-peso-del-aleman-en-la-ue\/\" \/>\n\t\t<meta property=\"og:image\" content=\"https:\/\/candas365.es\/noticias\/wp-content\/uploads\/2015\/09\/c365noticias.jpg\" \/>\n\t\t<meta property=\"og:image:secure_url\" content=\"https:\/\/candas365.es\/noticias\/wp-content\/uploads\/2015\/09\/c365noticias.jpg\" \/>\n\t\t<meta property=\"og:image:width\" content=\"655\" \/>\n\t\t<meta property=\"og:image:height\" content=\"360\" \/>\n\t\t<meta property=\"article:published_time\" content=\"2016-07-10T18:16:30+00:00\" \/>\n\t\t<meta property=\"article:modified_time\" content=\"2016-07-10T18:16:30+00:00\" \/>\n\t\t<meta property=\"article:publisher\" content=\"https:\/\/www.facebook.com\/Nachofdezber\" \/>\n\t\t<meta property=\"article:author\" content=\"https:\/\/www.facebook.com\/carrenoactualidad\" \/>\n\t\t<meta name=\"twitter:card\" content=\"summary_large_image\" \/>\n\t\t<meta name=\"twitter:site\" content=\"@NabercoDigital\" \/>\n\t\t<meta name=\"twitter:title\" content=\"Vicepresidente de Bundestag pide m\u00e1s peso del alem\u00e1n en la UE | Cand\u00e1s 365\" \/>\n\t\t<meta name=\"twitter:description\" content=\"Berl\u00edn, 10 jul (dpa) - El vicepresidente de la C\u00e1mara Baja del Parlamento alem\u00e1n (Bundestag), Johannes Sinhammer, pidi\u00f3 el s\u00e1bado un mayor peso de la lengua alemana en seno de la Uni\u00f3n Europea (UE) en detrimento del ingl\u00e9s, tras la decisi\u00f3n de los brit\u00e1nicos de abandonar el grupo comunitario. En declaraciones al semanario &quot;Der Spiegel&quot;,\" \/>\n\t\t<meta name=\"twitter:creator\" content=\"@nbasturias\" \/>\n\t\t<meta name=\"twitter:image\" content=\"https:\/\/candas365.es\/noticias\/wp-content\/uploads\/2015\/09\/c365noticias.jpg\" \/>\n\t\t<meta name=\"twitter:label1\" content=\"Escrito por\" \/>\n\t\t<meta name=\"twitter:data1\" content=\"Cand\u00e1s 365\" \/>\n\t\t<meta name=\"twitter:label2\" content=\"Tiempo de lectura estimado\" \/>\n\t\t<meta name=\"twitter:data2\" content=\"1 minuto\" \/>\n\t\t<script type=\"application\/ld+json\" class=\"aioseo-schema\">\n\t\t\t{\"@context\":\"https:\\\/\\\/schema.org\",\"@graph\":[{\"@type\":\"BreadcrumbList\",\"@id\":\"https:\\\/\\\/candas365.es\\\/noticias\\\/vicepresidente-de-bundestag-pide-mas-peso-del-aleman-en-la-ue\\\/#breadcrumblist\",\"itemListElement\":[{\"@type\":\"ListItem\",\"@id\":\"https:\\\/\\\/candas365.es\\\/noticias#listItem\",\"position\":1,\"name\":\"Home\",\"item\":\"https:\\\/\\\/candas365.es\\\/noticias\",\"nextItem\":{\"@type\":\"ListItem\",\"@id\":\"https:\\\/\\\/candas365.es\\\/noticias\\\/category\\\/actualidad\\\/#listItem\",\"name\":\"Actualidad\"}},{\"@type\":\"ListItem\",\"@id\":\"https:\\\/\\\/candas365.es\\\/noticias\\\/category\\\/actualidad\\\/#listItem\",\"position\":2,\"name\":\"Actualidad\",\"item\":\"https:\\\/\\\/candas365.es\\\/noticias\\\/category\\\/actualidad\\\/\",\"nextItem\":{\"@type\":\"ListItem\",\"@id\":\"https:\\\/\\\/candas365.es\\\/noticias\\\/vicepresidente-de-bundestag-pide-mas-peso-del-aleman-en-la-ue\\\/#listItem\",\"name\":\"Vicepresidente de Bundestag pide m\\u00e1s peso del alem\\u00e1n en la UE\"},\"previousItem\":{\"@type\":\"ListItem\",\"@id\":\"https:\\\/\\\/candas365.es\\\/noticias#listItem\",\"name\":\"Home\"}},{\"@type\":\"ListItem\",\"@id\":\"https:\\\/\\\/candas365.es\\\/noticias\\\/vicepresidente-de-bundestag-pide-mas-peso-del-aleman-en-la-ue\\\/#listItem\",\"position\":3,\"name\":\"Vicepresidente de Bundestag pide m\\u00e1s peso del alem\\u00e1n en la UE\",\"previousItem\":{\"@type\":\"ListItem\",\"@id\":\"https:\\\/\\\/candas365.es\\\/noticias\\\/category\\\/actualidad\\\/#listItem\",\"name\":\"Actualidad\"}}]},{\"@type\":\"NewsArticle\",\"@id\":\"https:\\\/\\\/candas365.es\\\/noticias\\\/vicepresidente-de-bundestag-pide-mas-peso-del-aleman-en-la-ue\\\/#newsarticle\",\"name\":\"Vicepresidente de Bundestag pide m\\u00e1s peso del alem\\u00e1n en la UE | Cand\\u00e1s 365\",\"headline\":\"Vicepresidente de Bundestag pide m\\u00e1s peso del alem\\u00e1n en la UE\",\"author\":{\"@id\":\"https:\\\/\\\/candas365.es\\\/noticias\\\/author\\\/admin\\\/#author\"},\"publisher\":{\"@id\":\"https:\\\/\\\/candas365.es\\\/noticias\\\/#organization\"},\"image\":{\"@type\":\"ImageObject\",\"url\":\"https:\\\/\\\/candas365.es\\\/noticias\\\/wp-content\\\/uploads\\\/2015\\\/09\\\/c365noticias.jpg\",\"width\":655,\"height\":360},\"datePublished\":\"2016-07-10T19:46:30+02:00\",\"dateModified\":\"2016-07-10T19:46:30+02:00\",\"inLanguage\":\"es-ES\",\"mainEntityOfPage\":{\"@id\":\"https:\\\/\\\/candas365.es\\\/noticias\\\/vicepresidente-de-bundestag-pide-mas-peso-del-aleman-en-la-ue\\\/#webpage\"},\"isPartOf\":{\"@id\":\"https:\\\/\\\/candas365.es\\\/noticias\\\/vicepresidente-de-bundestag-pide-mas-peso-del-aleman-en-la-ue\\\/#webpage\"},\"articleSection\":\"Actualidad\",\"dateline\":\"Publicado el julio 10, 2016.\"},{\"@type\":\"Organization\",\"@id\":\"https:\\\/\\\/candas365.es\\\/noticias\\\/#organization\",\"name\":\"Cand\\u00e1s 365\",\"description\":\"Cand\\u00e1s 365 es un diario digital independiente, fundado en 2012, con base en Asturias. Informamos con rigor sobre actualidad, sociedad, cultura y ocio, con una mirada local y global.\",\"url\":\"https:\\\/\\\/candas365.es\\\/noticias\\\/\",\"email\":\"info@candas365.es\",\"telephone\":\"+34652131393\",\"foundingDate\":\"2012-06-10\",\"logo\":{\"@type\":\"ImageObject\",\"url\":\"https:\\\/\\\/candas365.es\\\/noticias\\\/wp-content\\\/uploads\\\/2024\\\/09\\\/Candas-365-Redes.jpg\",\"@id\":\"https:\\\/\\\/candas365.es\\\/noticias\\\/vicepresidente-de-bundestag-pide-mas-peso-del-aleman-en-la-ue\\\/#organizationLogo\",\"width\":1152,\"height\":864,\"caption\":\"Cand\\u00e1s 365 Redes\"},\"image\":{\"@id\":\"https:\\\/\\\/candas365.es\\\/noticias\\\/vicepresidente-de-bundestag-pide-mas-peso-del-aleman-en-la-ue\\\/#organizationLogo\"},\"sameAs\":[\"https:\\\/\\\/www.facebook.com\\\/Nachofdezber\",\"https:\\\/\\\/x.com\\\/NabercoDigital\",\"https:\\\/\\\/www.instagram.com\\\/nachofdezber\\\/\",\"https:\\\/\\\/www.youtube.com\\\/channel\\\/UCZP-2wLEB9Rv6erhFmqVnvg\"],\"address\":{\"@id\":\"https:\\\/\\\/candas365.es\\\/noticias\\\/#postaladdress\",\"@type\":\"PostalAddress\",\"streetAddress\":\"san antonio 4, san antonio 4\",\"postalCode\":\"33430\",\"addressLocality\":\"Cand\\u00e1s\",\"addressRegion\":\"Asturias\",\"addressCountry\":\"ES\"}},{\"@type\":\"Person\",\"@id\":\"https:\\\/\\\/candas365.es\\\/noticias\\\/author\\\/admin\\\/#author\",\"url\":\"https:\\\/\\\/candas365.es\\\/noticias\\\/author\\\/admin\\\/\",\"name\":\"Cand\\u00e1s 365\",\"image\":{\"@type\":\"ImageObject\",\"@id\":\"https:\\\/\\\/candas365.es\\\/noticias\\\/vicepresidente-de-bundestag-pide-mas-peso-del-aleman-en-la-ue\\\/#authorImage\",\"url\":\"https:\\\/\\\/secure.gravatar.com\\\/avatar\\\/496a8e03d0c493ede1718b7934145dbdf8d89be1036b0eec9544e1094c9de390?s=96&d=mm&r=g\",\"width\":96,\"height\":96,\"caption\":\"Cand\\u00e1s 365\"},\"sameAs\":[\"https:\\\/\\\/www.facebook.com\\\/carrenoactualidad\",\"https:\\\/\\\/twitter.com\\\/nbasturias\",\"https:\\\/\\\/www.instagram.com\\\/nachofdezber\\\/\",\"https:\\\/\\\/www.youtube.com\\\/channel\\\/UCZP-2wLEB9Rv6erhFmqVnvg\"]},{\"@type\":\"WebPage\",\"@id\":\"https:\\\/\\\/candas365.es\\\/noticias\\\/vicepresidente-de-bundestag-pide-mas-peso-del-aleman-en-la-ue\\\/#webpage\",\"url\":\"https:\\\/\\\/candas365.es\\\/noticias\\\/vicepresidente-de-bundestag-pide-mas-peso-del-aleman-en-la-ue\\\/\",\"name\":\"Vicepresidente de Bundestag pide m\\u00e1s peso del alem\\u00e1n en la UE | Cand\\u00e1s 365\",\"description\":\"Berl\\u00edn, 10 jul (dpa) - El vicepresidente de la C\\u00e1mara Baja del Parlamento alem\\u00e1n (Bundestag), Johannes Sinhammer, pidi\\u00f3 el s\\u00e1bado un mayor peso de la lengua alemana en seno de la Uni\\u00f3n Europea (UE) en detrimento del ingl\\u00e9s, tras la decisi\\u00f3n de los brit\\u00e1nicos de abandonar el grupo comunitario. En declaraciones al semanario \\\"Der Spiegel\\\",\",\"inLanguage\":\"es-ES\",\"isPartOf\":{\"@id\":\"https:\\\/\\\/candas365.es\\\/noticias\\\/#website\"},\"breadcrumb\":{\"@id\":\"https:\\\/\\\/candas365.es\\\/noticias\\\/vicepresidente-de-bundestag-pide-mas-peso-del-aleman-en-la-ue\\\/#breadcrumblist\"},\"author\":{\"@id\":\"https:\\\/\\\/candas365.es\\\/noticias\\\/author\\\/admin\\\/#author\"},\"creator\":{\"@id\":\"https:\\\/\\\/candas365.es\\\/noticias\\\/author\\\/admin\\\/#author\"},\"image\":{\"@type\":\"ImageObject\",\"url\":\"https:\\\/\\\/candas365.es\\\/noticias\\\/wp-content\\\/uploads\\\/2015\\\/09\\\/c365noticias.jpg\",\"@id\":\"https:\\\/\\\/candas365.es\\\/noticias\\\/vicepresidente-de-bundestag-pide-mas-peso-del-aleman-en-la-ue\\\/#mainImage\",\"width\":655,\"height\":360},\"primaryImageOfPage\":{\"@id\":\"https:\\\/\\\/candas365.es\\\/noticias\\\/vicepresidente-de-bundestag-pide-mas-peso-del-aleman-en-la-ue\\\/#mainImage\"},\"datePublished\":\"2016-07-10T19:46:30+02:00\",\"dateModified\":\"2016-07-10T19:46:30+02:00\"},{\"@type\":\"WebSite\",\"@id\":\"https:\\\/\\\/candas365.es\\\/noticias\\\/#website\",\"url\":\"https:\\\/\\\/candas365.es\\\/noticias\\\/\",\"name\":\"Cand\\u00e1s 365\",\"alternateName\":\"Cand\\u00e1s 365 Noticias\",\"description\":\"Actualidad desde Carre\\u00f1o para el mundo\",\"inLanguage\":\"es-ES\",\"publisher\":{\"@id\":\"https:\\\/\\\/candas365.es\\\/noticias\\\/#organization\"}}]}\n\t\t<\/script>\n\t\t<!-- All in One SEO Pro -->\r\n\t\t<title>Vicepresidente de Bundestag pide m\u00e1s peso del alem\u00e1n en la UE | Cand\u00e1s 365<\/title>\n\n","aioseo_head_json":{"title":"Vicepresidente de Bundestag pide m\u00e1s peso del alem\u00e1n en la UE | Cand\u00e1s 365","description":"Berl\u00edn, 10 jul (dpa) - El vicepresidente de la C\u00e1mara Baja del Parlamento alem\u00e1n (Bundestag), Johannes Sinhammer, pidi\u00f3 el s\u00e1bado un mayor peso de la lengua alemana en seno de la Uni\u00f3n Europea (UE) en detrimento del ingl\u00e9s, tras la decisi\u00f3n de los brit\u00e1nicos de abandonar el grupo comunitario. En declaraciones al semanario \"Der Spiegel\",","canonical_url":"https:\/\/candas365.es\/noticias\/vicepresidente-de-bundestag-pide-mas-peso-del-aleman-en-la-ue\/","robots":"max-image-preview:large","keywords":"actualidad","webmasterTools":{"google-site-verification":"UA-32230408-1","msvalidate.01":"354F3CDFB2DA171B47FBE9ABF1F88D5","miscellaneous":""},"schema":{"@context":"https:\/\/schema.org","@graph":[{"@type":"BreadcrumbList","@id":"https:\/\/candas365.es\/noticias\/vicepresidente-de-bundestag-pide-mas-peso-del-aleman-en-la-ue\/#breadcrumblist","itemListElement":[{"@type":"ListItem","@id":"https:\/\/candas365.es\/noticias#listItem","position":1,"name":"Home","item":"https:\/\/candas365.es\/noticias","nextItem":{"@type":"ListItem","@id":"https:\/\/candas365.es\/noticias\/category\/actualidad\/#listItem","name":"Actualidad"}},{"@type":"ListItem","@id":"https:\/\/candas365.es\/noticias\/category\/actualidad\/#listItem","position":2,"name":"Actualidad","item":"https:\/\/candas365.es\/noticias\/category\/actualidad\/","nextItem":{"@type":"ListItem","@id":"https:\/\/candas365.es\/noticias\/vicepresidente-de-bundestag-pide-mas-peso-del-aleman-en-la-ue\/#listItem","name":"Vicepresidente de Bundestag pide m\u00e1s peso del alem\u00e1n en la UE"},"previousItem":{"@type":"ListItem","@id":"https:\/\/candas365.es\/noticias#listItem","name":"Home"}},{"@type":"ListItem","@id":"https:\/\/candas365.es\/noticias\/vicepresidente-de-bundestag-pide-mas-peso-del-aleman-en-la-ue\/#listItem","position":3,"name":"Vicepresidente de Bundestag pide m\u00e1s peso del alem\u00e1n en la UE","previousItem":{"@type":"ListItem","@id":"https:\/\/candas365.es\/noticias\/category\/actualidad\/#listItem","name":"Actualidad"}}]},{"@type":"NewsArticle","@id":"https:\/\/candas365.es\/noticias\/vicepresidente-de-bundestag-pide-mas-peso-del-aleman-en-la-ue\/#newsarticle","name":"Vicepresidente de Bundestag pide m\u00e1s peso del alem\u00e1n en la UE | Cand\u00e1s 365","headline":"Vicepresidente de Bundestag pide m\u00e1s peso del alem\u00e1n en la UE","author":{"@id":"https:\/\/candas365.es\/noticias\/author\/admin\/#author"},"publisher":{"@id":"https:\/\/candas365.es\/noticias\/#organization"},"image":{"@type":"ImageObject","url":"https:\/\/candas365.es\/noticias\/wp-content\/uploads\/2015\/09\/c365noticias.jpg","width":655,"height":360},"datePublished":"2016-07-10T19:46:30+02:00","dateModified":"2016-07-10T19:46:30+02:00","inLanguage":"es-ES","mainEntityOfPage":{"@id":"https:\/\/candas365.es\/noticias\/vicepresidente-de-bundestag-pide-mas-peso-del-aleman-en-la-ue\/#webpage"},"isPartOf":{"@id":"https:\/\/candas365.es\/noticias\/vicepresidente-de-bundestag-pide-mas-peso-del-aleman-en-la-ue\/#webpage"},"articleSection":"Actualidad","dateline":"Publicado el julio 10, 2016."},{"@type":"Organization","@id":"https:\/\/candas365.es\/noticias\/#organization","name":"Cand\u00e1s 365","description":"Cand\u00e1s 365 es un diario digital independiente, fundado en 2012, con base en Asturias. Informamos con rigor sobre actualidad, sociedad, cultura y ocio, con una mirada local y global.","url":"https:\/\/candas365.es\/noticias\/","email":"info@candas365.es","telephone":"+34652131393","foundingDate":"2012-06-10","logo":{"@type":"ImageObject","url":"https:\/\/candas365.es\/noticias\/wp-content\/uploads\/2024\/09\/Candas-365-Redes.jpg","@id":"https:\/\/candas365.es\/noticias\/vicepresidente-de-bundestag-pide-mas-peso-del-aleman-en-la-ue\/#organizationLogo","width":1152,"height":864,"caption":"Cand\u00e1s 365 Redes"},"image":{"@id":"https:\/\/candas365.es\/noticias\/vicepresidente-de-bundestag-pide-mas-peso-del-aleman-en-la-ue\/#organizationLogo"},"sameAs":["https:\/\/www.facebook.com\/Nachofdezber","https:\/\/x.com\/NabercoDigital","https:\/\/www.instagram.com\/nachofdezber\/","https:\/\/www.youtube.com\/channel\/UCZP-2wLEB9Rv6erhFmqVnvg"],"address":{"@id":"https:\/\/candas365.es\/noticias\/#postaladdress","@type":"PostalAddress","streetAddress":"san antonio 4, san antonio 4","postalCode":"33430","addressLocality":"Cand\u00e1s","addressRegion":"Asturias","addressCountry":"ES"}},{"@type":"Person","@id":"https:\/\/candas365.es\/noticias\/author\/admin\/#author","url":"https:\/\/candas365.es\/noticias\/author\/admin\/","name":"Cand\u00e1s 365","image":{"@type":"ImageObject","@id":"https:\/\/candas365.es\/noticias\/vicepresidente-de-bundestag-pide-mas-peso-del-aleman-en-la-ue\/#authorImage","url":"https:\/\/secure.gravatar.com\/avatar\/496a8e03d0c493ede1718b7934145dbdf8d89be1036b0eec9544e1094c9de390?s=96&d=mm&r=g","width":96,"height":96,"caption":"Cand\u00e1s 365"},"sameAs":["https:\/\/www.facebook.com\/carrenoactualidad","https:\/\/twitter.com\/nbasturias","https:\/\/www.instagram.com\/nachofdezber\/","https:\/\/www.youtube.com\/channel\/UCZP-2wLEB9Rv6erhFmqVnvg"]},{"@type":"WebPage","@id":"https:\/\/candas365.es\/noticias\/vicepresidente-de-bundestag-pide-mas-peso-del-aleman-en-la-ue\/#webpage","url":"https:\/\/candas365.es\/noticias\/vicepresidente-de-bundestag-pide-mas-peso-del-aleman-en-la-ue\/","name":"Vicepresidente de Bundestag pide m\u00e1s peso del alem\u00e1n en la UE | Cand\u00e1s 365","description":"Berl\u00edn, 10 jul (dpa) - El vicepresidente de la C\u00e1mara Baja del Parlamento alem\u00e1n (Bundestag), Johannes Sinhammer, pidi\u00f3 el s\u00e1bado un mayor peso de la lengua alemana en seno de la Uni\u00f3n Europea (UE) en detrimento del ingl\u00e9s, tras la decisi\u00f3n de los brit\u00e1nicos de abandonar el grupo comunitario. En declaraciones al semanario \"Der Spiegel\",","inLanguage":"es-ES","isPartOf":{"@id":"https:\/\/candas365.es\/noticias\/#website"},"breadcrumb":{"@id":"https:\/\/candas365.es\/noticias\/vicepresidente-de-bundestag-pide-mas-peso-del-aleman-en-la-ue\/#breadcrumblist"},"author":{"@id":"https:\/\/candas365.es\/noticias\/author\/admin\/#author"},"creator":{"@id":"https:\/\/candas365.es\/noticias\/author\/admin\/#author"},"image":{"@type":"ImageObject","url":"https:\/\/candas365.es\/noticias\/wp-content\/uploads\/2015\/09\/c365noticias.jpg","@id":"https:\/\/candas365.es\/noticias\/vicepresidente-de-bundestag-pide-mas-peso-del-aleman-en-la-ue\/#mainImage","width":655,"height":360},"primaryImageOfPage":{"@id":"https:\/\/candas365.es\/noticias\/vicepresidente-de-bundestag-pide-mas-peso-del-aleman-en-la-ue\/#mainImage"},"datePublished":"2016-07-10T19:46:30+02:00","dateModified":"2016-07-10T19:46:30+02:00"},{"@type":"WebSite","@id":"https:\/\/candas365.es\/noticias\/#website","url":"https:\/\/candas365.es\/noticias\/","name":"Cand\u00e1s 365","alternateName":"Cand\u00e1s 365 Noticias","description":"Actualidad desde Carre\u00f1o para el mundo","inLanguage":"es-ES","publisher":{"@id":"https:\/\/candas365.es\/noticias\/#organization"}}]},"og:locale":"es_ES","og:site_name":"Cand\u00e1s 365","og:type":"article","og:title":"Vicepresidente de Bundestag pide m\u00e1s peso del alem\u00e1n en la UE | Cand\u00e1s 365","og:description":"Berl\u00edn, 10 jul (dpa) - El vicepresidente de la C\u00e1mara Baja del Parlamento alem\u00e1n (Bundestag), Johannes Sinhammer, pidi\u00f3 el s\u00e1bado un mayor peso de la lengua alemana en seno de la Uni\u00f3n Europea (UE) en detrimento del ingl\u00e9s, tras la decisi\u00f3n de los brit\u00e1nicos de abandonar el grupo comunitario. En declaraciones al semanario &quot;Der Spiegel&quot;,","og:url":"https:\/\/candas365.es\/noticias\/vicepresidente-de-bundestag-pide-mas-peso-del-aleman-en-la-ue\/","og:image":"https:\/\/candas365.es\/noticias\/wp-content\/uploads\/2015\/09\/c365noticias.jpg","og:image:secure_url":"https:\/\/candas365.es\/noticias\/wp-content\/uploads\/2015\/09\/c365noticias.jpg","og:image:width":655,"og:image:height":360,"article:published_time":"2016-07-10T18:16:30+00:00","article:modified_time":"2016-07-10T18:16:30+00:00","article:publisher":"https:\/\/www.facebook.com\/Nachofdezber","article:author":"https:\/\/www.facebook.com\/carrenoactualidad","twitter:card":"summary_large_image","twitter:site":"@NabercoDigital","twitter:title":"Vicepresidente de Bundestag pide m\u00e1s peso del alem\u00e1n en la UE | Cand\u00e1s 365","twitter:description":"Berl\u00edn, 10 jul (dpa) - El vicepresidente de la C\u00e1mara Baja del Parlamento alem\u00e1n (Bundestag), Johannes Sinhammer, pidi\u00f3 el s\u00e1bado un mayor peso de la lengua alemana en seno de la Uni\u00f3n Europea (UE) en detrimento del ingl\u00e9s, tras la decisi\u00f3n de los brit\u00e1nicos de abandonar el grupo comunitario. En declaraciones al semanario &quot;Der Spiegel&quot;,","twitter:creator":"@nbasturias","twitter:image":"https:\/\/candas365.es\/noticias\/wp-content\/uploads\/2015\/09\/c365noticias.jpg","twitter:label1":"Escrito por","twitter:data1":"Cand\u00e1s 365","twitter:label2":"Tiempo de lectura estimado","twitter:data2":"1 minuto"},"aioseo_meta_data":{"post_id":"31757","title":null,"description":null,"keywords":null,"keyphrases":null,"primary_term":null,"canonical_url":null,"og_title":null,"og_description":null,"og_object_type":"default","og_image_type":"default","og_image_url":null,"og_image_width":null,"og_image_height":null,"og_image_custom_url":null,"og_image_custom_fields":null,"og_video":null,"og_custom_url":null,"og_article_section":null,"og_article_tags":null,"twitter_use_og":false,"twitter_card":"default","twitter_image_type":"default","twitter_image_url":null,"twitter_image_custom_url":null,"twitter_image_custom_fields":null,"twitter_title":null,"twitter_description":null,"schema":{"blockGraphs":[],"customGraphs":[],"default":{"data":{"Article":[],"Course":[],"Dataset":[],"FAQPage":[],"Movie":[],"Person":[],"Product":[],"ProductReview":[],"Car":[],"Recipe":[],"Service":[],"SoftwareApplication":[],"WebPage":[]},"graphName":"","isEnabled":true},"graphs":[],"defaultGraph":"","defaultPostTypeGraph":""},"schema_type":null,"schema_type_options":null,"pillar_content":false,"robots_default":true,"robots_noindex":false,"robots_noarchive":false,"robots_nosnippet":false,"robots_nofollow":false,"robots_noimageindex":false,"robots_noodp":false,"robots_notranslate":false,"robots_max_snippet":null,"robots_max_videopreview":null,"robots_max_imagepreview":"large","priority":null,"frequency":null,"location":null,"local_seo":null,"seo_analyzer_scan_date":"2025-08-24 14:21:14","breadcrumb_settings":null,"limit_modified_date":false,"reviewed_by":null,"open_ai":null,"ai":null,"created":"2020-12-21 13:01:46","updated":"2025-08-24 14:21:14"},"aioseo_breadcrumb":"<div class=\"aioseo-breadcrumbs\"><span class=\"aioseo-breadcrumb\">\n\t<a href=\"https:\/\/candas365.es\/noticias\" title=\"Home\">Home<\/a>\n<\/span><span class=\"aioseo-breadcrumb-separator\">&ndash;<\/span><span class=\"aioseo-breadcrumb\">\n\t<a href=\"https:\/\/candas365.es\/noticias\/category\/actualidad\/\" title=\"Actualidad\">Actualidad<\/a>\n<\/span><span class=\"aioseo-breadcrumb-separator\">&ndash;<\/span><span class=\"aioseo-breadcrumb\">\n\tVicepresidente de Bundestag pide m\u00e1s peso del alem\u00e1n en la UE\n<\/span><\/div>","aioseo_breadcrumb_json":[{"label":"Home","link":"https:\/\/candas365.es\/noticias"},{"label":"Actualidad","link":"https:\/\/candas365.es\/noticias\/category\/actualidad\/"},{"label":"Vicepresidente de Bundestag pide m\u00e1s peso del alem\u00e1n en la UE","link":"https:\/\/candas365.es\/noticias\/vicepresidente-de-bundestag-pide-mas-peso-del-aleman-en-la-ue\/"}],"_links":{"self":[{"href":"https:\/\/candas365.es\/noticias\/wp-json\/wp\/v2\/posts\/31757","targetHints":{"allow":["GET"]}}],"collection":[{"href":"https:\/\/candas365.es\/noticias\/wp-json\/wp\/v2\/posts"}],"about":[{"href":"https:\/\/candas365.es\/noticias\/wp-json\/wp\/v2\/types\/post"}],"author":[{"embeddable":true,"href":"https:\/\/candas365.es\/noticias\/wp-json\/wp\/v2\/users\/1"}],"replies":[{"embeddable":true,"href":"https:\/\/candas365.es\/noticias\/wp-json\/wp\/v2\/comments?post=31757"}],"version-history":[{"count":0,"href":"https:\/\/candas365.es\/noticias\/wp-json\/wp\/v2\/posts\/31757\/revisions"}],"wp:featuredmedia":[{"embeddable":true,"href":"https:\/\/candas365.es\/noticias\/wp-json\/wp\/v2\/media\/16457"}],"wp:attachment":[{"href":"https:\/\/candas365.es\/noticias\/wp-json\/wp\/v2\/media?parent=31757"}],"wp:term":[{"taxonomy":"category","embeddable":true,"href":"https:\/\/candas365.es\/noticias\/wp-json\/wp\/v2\/categories?post=31757"},{"taxonomy":"post_tag","embeddable":true,"href":"https:\/\/candas365.es\/noticias\/wp-json\/wp\/v2\/tags?post=31757"}],"curies":[{"name":"wp","href":"https:\/\/api.w.org\/{rel}","templated":true}]}}