{"id":31753,"date":"2016-07-10T19:44:41","date_gmt":"2016-07-10T18:14:41","guid":{"rendered":"http:\/\/candas365.es\/noticias\/?p=31753"},"modified":"2016-07-10T19:44:41","modified_gmt":"2016-07-10T18:14:41","slug":"partido-derechista-aleman-afd-cae-a-su-minimo-nivel-segun-encuestas","status":"publish","type":"post","link":"https:\/\/candas365.es\/noticias\/partido-derechista-aleman-afd-cae-a-su-minimo-nivel-segun-encuestas\/","title":{"rendered":"Partido derechista alem\u00e1n AfD cae a su m\u00ednimo nivel, seg\u00fan encuestas"},"content":{"rendered":"<p>Berl\u00edn, 10 jul (dpa) &#8211; El partido de derecha populista y euroesc\u00e9ptico Alternativa para Alemania (AfD) cae a su m\u00ednimo nivel de apoyo desde enero, en un momento en el que la formaci\u00f3n se ve afectada por luchas de poder y disputas internas, indic\u00f3 hoy una encuesta. <\/p>\n<p>Seg\u00fan el sondeo, realizado por el Instituto Demosc\u00f3pico Emnid para el peri\u00f3dico \u00abBild am Sonntag\u00bb, de celebrarse las elecciones este domingo, AfD lograr\u00eda una intenci\u00f3n de voto del diez por ciento, lo que supone un punto porcentual menos que la semana pasada. <\/p>\n<p>El partido liderado por Frauke Petry registra su peor marca en lo que va de a\u00f1o la misma semana en que la formaci\u00f3n se ha visto envuelta en un cisma que termin\u00f3 con la escisi\u00f3n del grupo parlamentario en el estado de Baden-W\u00fcrttemberg. <\/p>\n<p>All\u00ed, el l\u00edder de AfD en la regi\u00f3n, J\u00f6rg Meuthen, dimiti\u00f3 y decidi\u00f3 junto con 13 de los 23 diputados de la fracci\u00f3n crear un nuevo partido pol\u00edtico. El origen de la escisi\u00f3n fueron los comentarios antisemitas de su compa\u00f1ero de filas Wolfgang Gedeon.<\/p>\n<p>Tras la revoluci\u00f3n creada, la l\u00edder del partido, Frauke Petry, hizo un llamamiento a la unidad y decidi\u00f3 enterrar las diferencias que le separan con Meuthen y seguir dirigiendo con \u00e9l de forma conjunta la formaci\u00f3n populista de derechas. <\/p>\n<p>Desde hace meses, Meuthen y Petry llevaban enzarzados en intrigas y luchas de poder por el liderazgo de AfD de cara a las elecciones generales que se celebrar\u00e1n el pr\u00f3ximo a\u00f1o en Alemania. <\/p>\n","protected":false},"excerpt":{"rendered":"<p>Berl\u00edn, 10 jul (dpa) &#8211; El partido de derecha populista y euroesc\u00e9ptico Alternativa para Alemania (AfD) cae a su m\u00ednimo nivel de apoyo desde enero, en un momento en el que la formaci\u00f3n se ve afectada por luchas de poder y disputas internas, indic\u00f3 hoy una encuesta. Seg\u00fan el sondeo, realizado por el Instituto Demosc\u00f3pico<\/p>\n","protected":false},"author":1,"featured_media":16457,"comment_status":"closed","ping_status":"closed","sticky":false,"template":"","format":"standard","meta":{"footnotes":""},"categories":[343],"tags":[],"class_list":{"0":"post-31753","1":"post","2":"type-post","3":"status-publish","4":"format-standard","5":"has-post-thumbnail","7":"category-actualidad"},"aioseo_notices":[],"aioseo_head":"\n\t\t<!-- All in One SEO Pro 4.9.6.2 - aioseo.com -->\n\t<meta name=\"description\" content=\"Berl\u00edn, 10 jul (dpa) - El partido de derecha populista y euroesc\u00e9ptico Alternativa para Alemania (AfD) cae a su m\u00ednimo nivel de apoyo desde enero, en un momento en el que la formaci\u00f3n se ve afectada por luchas de poder y disputas internas, indic\u00f3 hoy una encuesta. Seg\u00fan el sondeo, realizado por el Instituto Demosc\u00f3pico\" \/>\n\t<meta name=\"robots\" content=\"max-image-preview:large\" \/>\n\t<meta name=\"author\" content=\"Cand\u00e1s 365\"\/>\n\t<meta name=\"google-site-verification\" content=\"UA-32230408-1\" \/>\n\t<meta name=\"msvalidate.01\" content=\"354F3CDFB2DA171B47FBE9ABF1F88D5\" \/>\n\t<meta name=\"keywords\" content=\"actualidad\" \/>\n\t<link rel=\"canonical\" href=\"https:\/\/candas365.es\/noticias\/partido-derechista-aleman-afd-cae-a-su-minimo-nivel-segun-encuestas\/\" \/>\n\t<meta name=\"generator\" content=\"All in One SEO Pro (AIOSEO) 4.9.6.2\" \/>\n\t\t<meta property=\"og:locale\" content=\"es_ES\" \/>\n\t\t<meta property=\"og:site_name\" content=\"Cand\u00e1s 365\" \/>\n\t\t<meta property=\"og:type\" content=\"article\" \/>\n\t\t<meta property=\"og:title\" content=\"Partido derechista alem\u00e1n AfD cae a su m\u00ednimo nivel, seg\u00fan encuestas | Cand\u00e1s 365\" \/>\n\t\t<meta property=\"og:description\" content=\"Berl\u00edn, 10 jul (dpa) - El partido de derecha populista y euroesc\u00e9ptico Alternativa para Alemania (AfD) cae a su m\u00ednimo nivel de apoyo desde enero, en un momento en el que la formaci\u00f3n se ve afectada por luchas de poder y disputas internas, indic\u00f3 hoy una encuesta. Seg\u00fan el sondeo, realizado por el Instituto Demosc\u00f3pico\" \/>\n\t\t<meta property=\"og:url\" content=\"https:\/\/candas365.es\/noticias\/partido-derechista-aleman-afd-cae-a-su-minimo-nivel-segun-encuestas\/\" \/>\n\t\t<meta property=\"og:image\" content=\"https:\/\/candas365.es\/noticias\/wp-content\/uploads\/2015\/09\/c365noticias.jpg\" \/>\n\t\t<meta property=\"og:image:secure_url\" content=\"https:\/\/candas365.es\/noticias\/wp-content\/uploads\/2015\/09\/c365noticias.jpg\" \/>\n\t\t<meta property=\"og:image:width\" content=\"655\" \/>\n\t\t<meta property=\"og:image:height\" content=\"360\" \/>\n\t\t<meta property=\"article:published_time\" content=\"2016-07-10T18:14:41+00:00\" \/>\n\t\t<meta property=\"article:modified_time\" content=\"2016-07-10T18:14:41+00:00\" \/>\n\t\t<meta property=\"article:publisher\" content=\"https:\/\/www.facebook.com\/Nachofdezber\" \/>\n\t\t<meta property=\"article:author\" content=\"https:\/\/www.facebook.com\/carrenoactualidad\" \/>\n\t\t<meta name=\"twitter:card\" content=\"summary_large_image\" \/>\n\t\t<meta name=\"twitter:site\" content=\"@NabercoDigital\" \/>\n\t\t<meta name=\"twitter:title\" content=\"Partido derechista alem\u00e1n AfD cae a su m\u00ednimo nivel, seg\u00fan encuestas | Cand\u00e1s 365\" \/>\n\t\t<meta name=\"twitter:description\" content=\"Berl\u00edn, 10 jul (dpa) - El partido de derecha populista y euroesc\u00e9ptico Alternativa para Alemania (AfD) cae a su m\u00ednimo nivel de apoyo desde enero, en un momento en el que la formaci\u00f3n se ve afectada por luchas de poder y disputas internas, indic\u00f3 hoy una encuesta. Seg\u00fan el sondeo, realizado por el Instituto Demosc\u00f3pico\" \/>\n\t\t<meta name=\"twitter:creator\" content=\"@nbasturias\" \/>\n\t\t<meta name=\"twitter:image\" content=\"https:\/\/candas365.es\/noticias\/wp-content\/uploads\/2015\/09\/c365noticias.jpg\" \/>\n\t\t<meta name=\"twitter:label1\" content=\"Escrito por\" \/>\n\t\t<meta name=\"twitter:data1\" content=\"Cand\u00e1s 365\" \/>\n\t\t<meta name=\"twitter:label2\" content=\"Tiempo de lectura estimado\" \/>\n\t\t<meta name=\"twitter:data2\" content=\"1 minuto\" \/>\n\t\t<script type=\"application\/ld+json\" class=\"aioseo-schema\">\n\t\t\t{\"@context\":\"https:\\\/\\\/schema.org\",\"@graph\":[{\"@type\":\"BreadcrumbList\",\"@id\":\"https:\\\/\\\/candas365.es\\\/noticias\\\/partido-derechista-aleman-afd-cae-a-su-minimo-nivel-segun-encuestas\\\/#breadcrumblist\",\"itemListElement\":[{\"@type\":\"ListItem\",\"@id\":\"https:\\\/\\\/candas365.es\\\/noticias#listItem\",\"position\":1,\"name\":\"Home\",\"item\":\"https:\\\/\\\/candas365.es\\\/noticias\",\"nextItem\":{\"@type\":\"ListItem\",\"@id\":\"https:\\\/\\\/candas365.es\\\/noticias\\\/category\\\/actualidad\\\/#listItem\",\"name\":\"Actualidad\"}},{\"@type\":\"ListItem\",\"@id\":\"https:\\\/\\\/candas365.es\\\/noticias\\\/category\\\/actualidad\\\/#listItem\",\"position\":2,\"name\":\"Actualidad\",\"item\":\"https:\\\/\\\/candas365.es\\\/noticias\\\/category\\\/actualidad\\\/\",\"nextItem\":{\"@type\":\"ListItem\",\"@id\":\"https:\\\/\\\/candas365.es\\\/noticias\\\/partido-derechista-aleman-afd-cae-a-su-minimo-nivel-segun-encuestas\\\/#listItem\",\"name\":\"Partido derechista alem\\u00e1n AfD cae a su m\\u00ednimo nivel, seg\\u00fan encuestas\"},\"previousItem\":{\"@type\":\"ListItem\",\"@id\":\"https:\\\/\\\/candas365.es\\\/noticias#listItem\",\"name\":\"Home\"}},{\"@type\":\"ListItem\",\"@id\":\"https:\\\/\\\/candas365.es\\\/noticias\\\/partido-derechista-aleman-afd-cae-a-su-minimo-nivel-segun-encuestas\\\/#listItem\",\"position\":3,\"name\":\"Partido derechista alem\\u00e1n AfD cae a su m\\u00ednimo nivel, seg\\u00fan encuestas\",\"previousItem\":{\"@type\":\"ListItem\",\"@id\":\"https:\\\/\\\/candas365.es\\\/noticias\\\/category\\\/actualidad\\\/#listItem\",\"name\":\"Actualidad\"}}]},{\"@type\":\"NewsArticle\",\"@id\":\"https:\\\/\\\/candas365.es\\\/noticias\\\/partido-derechista-aleman-afd-cae-a-su-minimo-nivel-segun-encuestas\\\/#newsarticle\",\"name\":\"Partido derechista alem\\u00e1n AfD cae a su m\\u00ednimo nivel, seg\\u00fan encuestas | Cand\\u00e1s 365\",\"headline\":\"Partido derechista alem\\u00e1n AfD cae a su m\\u00ednimo nivel, seg\\u00fan encuestas\",\"author\":{\"@id\":\"https:\\\/\\\/candas365.es\\\/noticias\\\/author\\\/admin\\\/#author\"},\"publisher\":{\"@id\":\"https:\\\/\\\/candas365.es\\\/noticias\\\/#organization\"},\"image\":{\"@type\":\"ImageObject\",\"url\":\"https:\\\/\\\/candas365.es\\\/noticias\\\/wp-content\\\/uploads\\\/2015\\\/09\\\/c365noticias.jpg\",\"width\":655,\"height\":360},\"datePublished\":\"2016-07-10T19:44:41+02:00\",\"dateModified\":\"2016-07-10T19:44:41+02:00\",\"inLanguage\":\"es-ES\",\"mainEntityOfPage\":{\"@id\":\"https:\\\/\\\/candas365.es\\\/noticias\\\/partido-derechista-aleman-afd-cae-a-su-minimo-nivel-segun-encuestas\\\/#webpage\"},\"isPartOf\":{\"@id\":\"https:\\\/\\\/candas365.es\\\/noticias\\\/partido-derechista-aleman-afd-cae-a-su-minimo-nivel-segun-encuestas\\\/#webpage\"},\"articleSection\":\"Actualidad\",\"dateline\":\"Publicado el julio 10, 2016.\"},{\"@type\":\"Organization\",\"@id\":\"https:\\\/\\\/candas365.es\\\/noticias\\\/#organization\",\"name\":\"Cand\\u00e1s 365\",\"description\":\"Cand\\u00e1s 365 es un diario digital independiente, fundado en 2012, con base en Asturias. Informamos con rigor sobre actualidad, sociedad, cultura y ocio, con una mirada local y global.\",\"url\":\"https:\\\/\\\/candas365.es\\\/noticias\\\/\",\"email\":\"info@candas365.es\",\"telephone\":\"+34652131393\",\"foundingDate\":\"2012-06-10\",\"logo\":{\"@type\":\"ImageObject\",\"url\":\"https:\\\/\\\/candas365.es\\\/noticias\\\/wp-content\\\/uploads\\\/2024\\\/09\\\/Candas-365-Redes.jpg\",\"@id\":\"https:\\\/\\\/candas365.es\\\/noticias\\\/partido-derechista-aleman-afd-cae-a-su-minimo-nivel-segun-encuestas\\\/#organizationLogo\",\"width\":1152,\"height\":864,\"caption\":\"Cand\\u00e1s 365 Redes\"},\"image\":{\"@id\":\"https:\\\/\\\/candas365.es\\\/noticias\\\/partido-derechista-aleman-afd-cae-a-su-minimo-nivel-segun-encuestas\\\/#organizationLogo\"},\"sameAs\":[\"https:\\\/\\\/www.facebook.com\\\/Nachofdezber\",\"https:\\\/\\\/x.com\\\/NabercoDigital\",\"https:\\\/\\\/www.instagram.com\\\/nachofdezber\\\/\",\"https:\\\/\\\/www.youtube.com\\\/channel\\\/UCZP-2wLEB9Rv6erhFmqVnvg\"],\"address\":{\"@id\":\"https:\\\/\\\/candas365.es\\\/noticias\\\/#postaladdress\",\"@type\":\"PostalAddress\",\"streetAddress\":\"san antonio 4, san antonio 4\",\"postalCode\":\"33430\",\"addressLocality\":\"Cand\\u00e1s\",\"addressRegion\":\"Asturias\",\"addressCountry\":\"ES\"}},{\"@type\":\"Person\",\"@id\":\"https:\\\/\\\/candas365.es\\\/noticias\\\/author\\\/admin\\\/#author\",\"url\":\"https:\\\/\\\/candas365.es\\\/noticias\\\/author\\\/admin\\\/\",\"name\":\"Cand\\u00e1s 365\",\"image\":{\"@type\":\"ImageObject\",\"@id\":\"https:\\\/\\\/candas365.es\\\/noticias\\\/partido-derechista-aleman-afd-cae-a-su-minimo-nivel-segun-encuestas\\\/#authorImage\",\"url\":\"https:\\\/\\\/secure.gravatar.com\\\/avatar\\\/496a8e03d0c493ede1718b7934145dbdf8d89be1036b0eec9544e1094c9de390?s=96&d=mm&r=g\",\"width\":96,\"height\":96,\"caption\":\"Cand\\u00e1s 365\"},\"sameAs\":[\"https:\\\/\\\/www.facebook.com\\\/carrenoactualidad\",\"https:\\\/\\\/twitter.com\\\/nbasturias\",\"https:\\\/\\\/www.instagram.com\\\/nachofdezber\\\/\",\"https:\\\/\\\/www.youtube.com\\\/channel\\\/UCZP-2wLEB9Rv6erhFmqVnvg\"]},{\"@type\":\"WebPage\",\"@id\":\"https:\\\/\\\/candas365.es\\\/noticias\\\/partido-derechista-aleman-afd-cae-a-su-minimo-nivel-segun-encuestas\\\/#webpage\",\"url\":\"https:\\\/\\\/candas365.es\\\/noticias\\\/partido-derechista-aleman-afd-cae-a-su-minimo-nivel-segun-encuestas\\\/\",\"name\":\"Partido derechista alem\\u00e1n AfD cae a su m\\u00ednimo nivel, seg\\u00fan encuestas | Cand\\u00e1s 365\",\"description\":\"Berl\\u00edn, 10 jul (dpa) - El partido de derecha populista y euroesc\\u00e9ptico Alternativa para Alemania (AfD) cae a su m\\u00ednimo nivel de apoyo desde enero, en un momento en el que la formaci\\u00f3n se ve afectada por luchas de poder y disputas internas, indic\\u00f3 hoy una encuesta. Seg\\u00fan el sondeo, realizado por el Instituto Demosc\\u00f3pico\",\"inLanguage\":\"es-ES\",\"isPartOf\":{\"@id\":\"https:\\\/\\\/candas365.es\\\/noticias\\\/#website\"},\"breadcrumb\":{\"@id\":\"https:\\\/\\\/candas365.es\\\/noticias\\\/partido-derechista-aleman-afd-cae-a-su-minimo-nivel-segun-encuestas\\\/#breadcrumblist\"},\"author\":{\"@id\":\"https:\\\/\\\/candas365.es\\\/noticias\\\/author\\\/admin\\\/#author\"},\"creator\":{\"@id\":\"https:\\\/\\\/candas365.es\\\/noticias\\\/author\\\/admin\\\/#author\"},\"image\":{\"@type\":\"ImageObject\",\"url\":\"https:\\\/\\\/candas365.es\\\/noticias\\\/wp-content\\\/uploads\\\/2015\\\/09\\\/c365noticias.jpg\",\"@id\":\"https:\\\/\\\/candas365.es\\\/noticias\\\/partido-derechista-aleman-afd-cae-a-su-minimo-nivel-segun-encuestas\\\/#mainImage\",\"width\":655,\"height\":360},\"primaryImageOfPage\":{\"@id\":\"https:\\\/\\\/candas365.es\\\/noticias\\\/partido-derechista-aleman-afd-cae-a-su-minimo-nivel-segun-encuestas\\\/#mainImage\"},\"datePublished\":\"2016-07-10T19:44:41+02:00\",\"dateModified\":\"2016-07-10T19:44:41+02:00\"},{\"@type\":\"WebSite\",\"@id\":\"https:\\\/\\\/candas365.es\\\/noticias\\\/#website\",\"url\":\"https:\\\/\\\/candas365.es\\\/noticias\\\/\",\"name\":\"Cand\\u00e1s 365\",\"alternateName\":\"Cand\\u00e1s 365 Noticias\",\"description\":\"Actualidad desde Carre\\u00f1o para el mundo\",\"inLanguage\":\"es-ES\",\"publisher\":{\"@id\":\"https:\\\/\\\/candas365.es\\\/noticias\\\/#organization\"}}]}\n\t\t<\/script>\n\t\t<!-- All in One SEO Pro -->\r\n\t\t<title>Partido derechista alem\u00e1n AfD cae a su m\u00ednimo nivel, seg\u00fan encuestas | Cand\u00e1s 365<\/title>\n\n","aioseo_head_json":{"title":"Partido derechista alem\u00e1n AfD cae a su m\u00ednimo nivel, seg\u00fan encuestas | Cand\u00e1s 365","description":"Berl\u00edn, 10 jul (dpa) - El partido de derecha populista y euroesc\u00e9ptico Alternativa para Alemania (AfD) cae a su m\u00ednimo nivel de apoyo desde enero, en un momento en el que la formaci\u00f3n se ve afectada por luchas de poder y disputas internas, indic\u00f3 hoy una encuesta. Seg\u00fan el sondeo, realizado por el Instituto Demosc\u00f3pico","canonical_url":"https:\/\/candas365.es\/noticias\/partido-derechista-aleman-afd-cae-a-su-minimo-nivel-segun-encuestas\/","robots":"max-image-preview:large","keywords":"actualidad","webmasterTools":{"google-site-verification":"UA-32230408-1","msvalidate.01":"354F3CDFB2DA171B47FBE9ABF1F88D5","miscellaneous":""},"schema":{"@context":"https:\/\/schema.org","@graph":[{"@type":"BreadcrumbList","@id":"https:\/\/candas365.es\/noticias\/partido-derechista-aleman-afd-cae-a-su-minimo-nivel-segun-encuestas\/#breadcrumblist","itemListElement":[{"@type":"ListItem","@id":"https:\/\/candas365.es\/noticias#listItem","position":1,"name":"Home","item":"https:\/\/candas365.es\/noticias","nextItem":{"@type":"ListItem","@id":"https:\/\/candas365.es\/noticias\/category\/actualidad\/#listItem","name":"Actualidad"}},{"@type":"ListItem","@id":"https:\/\/candas365.es\/noticias\/category\/actualidad\/#listItem","position":2,"name":"Actualidad","item":"https:\/\/candas365.es\/noticias\/category\/actualidad\/","nextItem":{"@type":"ListItem","@id":"https:\/\/candas365.es\/noticias\/partido-derechista-aleman-afd-cae-a-su-minimo-nivel-segun-encuestas\/#listItem","name":"Partido derechista alem\u00e1n AfD cae a su m\u00ednimo nivel, seg\u00fan encuestas"},"previousItem":{"@type":"ListItem","@id":"https:\/\/candas365.es\/noticias#listItem","name":"Home"}},{"@type":"ListItem","@id":"https:\/\/candas365.es\/noticias\/partido-derechista-aleman-afd-cae-a-su-minimo-nivel-segun-encuestas\/#listItem","position":3,"name":"Partido derechista alem\u00e1n AfD cae a su m\u00ednimo nivel, seg\u00fan encuestas","previousItem":{"@type":"ListItem","@id":"https:\/\/candas365.es\/noticias\/category\/actualidad\/#listItem","name":"Actualidad"}}]},{"@type":"NewsArticle","@id":"https:\/\/candas365.es\/noticias\/partido-derechista-aleman-afd-cae-a-su-minimo-nivel-segun-encuestas\/#newsarticle","name":"Partido derechista alem\u00e1n AfD cae a su m\u00ednimo nivel, seg\u00fan encuestas | Cand\u00e1s 365","headline":"Partido derechista alem\u00e1n AfD cae a su m\u00ednimo nivel, seg\u00fan encuestas","author":{"@id":"https:\/\/candas365.es\/noticias\/author\/admin\/#author"},"publisher":{"@id":"https:\/\/candas365.es\/noticias\/#organization"},"image":{"@type":"ImageObject","url":"https:\/\/candas365.es\/noticias\/wp-content\/uploads\/2015\/09\/c365noticias.jpg","width":655,"height":360},"datePublished":"2016-07-10T19:44:41+02:00","dateModified":"2016-07-10T19:44:41+02:00","inLanguage":"es-ES","mainEntityOfPage":{"@id":"https:\/\/candas365.es\/noticias\/partido-derechista-aleman-afd-cae-a-su-minimo-nivel-segun-encuestas\/#webpage"},"isPartOf":{"@id":"https:\/\/candas365.es\/noticias\/partido-derechista-aleman-afd-cae-a-su-minimo-nivel-segun-encuestas\/#webpage"},"articleSection":"Actualidad","dateline":"Publicado el julio 10, 2016."},{"@type":"Organization","@id":"https:\/\/candas365.es\/noticias\/#organization","name":"Cand\u00e1s 365","description":"Cand\u00e1s 365 es un diario digital independiente, fundado en 2012, con base en Asturias. Informamos con rigor sobre actualidad, sociedad, cultura y ocio, con una mirada local y global.","url":"https:\/\/candas365.es\/noticias\/","email":"info@candas365.es","telephone":"+34652131393","foundingDate":"2012-06-10","logo":{"@type":"ImageObject","url":"https:\/\/candas365.es\/noticias\/wp-content\/uploads\/2024\/09\/Candas-365-Redes.jpg","@id":"https:\/\/candas365.es\/noticias\/partido-derechista-aleman-afd-cae-a-su-minimo-nivel-segun-encuestas\/#organizationLogo","width":1152,"height":864,"caption":"Cand\u00e1s 365 Redes"},"image":{"@id":"https:\/\/candas365.es\/noticias\/partido-derechista-aleman-afd-cae-a-su-minimo-nivel-segun-encuestas\/#organizationLogo"},"sameAs":["https:\/\/www.facebook.com\/Nachofdezber","https:\/\/x.com\/NabercoDigital","https:\/\/www.instagram.com\/nachofdezber\/","https:\/\/www.youtube.com\/channel\/UCZP-2wLEB9Rv6erhFmqVnvg"],"address":{"@id":"https:\/\/candas365.es\/noticias\/#postaladdress","@type":"PostalAddress","streetAddress":"san antonio 4, san antonio 4","postalCode":"33430","addressLocality":"Cand\u00e1s","addressRegion":"Asturias","addressCountry":"ES"}},{"@type":"Person","@id":"https:\/\/candas365.es\/noticias\/author\/admin\/#author","url":"https:\/\/candas365.es\/noticias\/author\/admin\/","name":"Cand\u00e1s 365","image":{"@type":"ImageObject","@id":"https:\/\/candas365.es\/noticias\/partido-derechista-aleman-afd-cae-a-su-minimo-nivel-segun-encuestas\/#authorImage","url":"https:\/\/secure.gravatar.com\/avatar\/496a8e03d0c493ede1718b7934145dbdf8d89be1036b0eec9544e1094c9de390?s=96&d=mm&r=g","width":96,"height":96,"caption":"Cand\u00e1s 365"},"sameAs":["https:\/\/www.facebook.com\/carrenoactualidad","https:\/\/twitter.com\/nbasturias","https:\/\/www.instagram.com\/nachofdezber\/","https:\/\/www.youtube.com\/channel\/UCZP-2wLEB9Rv6erhFmqVnvg"]},{"@type":"WebPage","@id":"https:\/\/candas365.es\/noticias\/partido-derechista-aleman-afd-cae-a-su-minimo-nivel-segun-encuestas\/#webpage","url":"https:\/\/candas365.es\/noticias\/partido-derechista-aleman-afd-cae-a-su-minimo-nivel-segun-encuestas\/","name":"Partido derechista alem\u00e1n AfD cae a su m\u00ednimo nivel, seg\u00fan encuestas | Cand\u00e1s 365","description":"Berl\u00edn, 10 jul (dpa) - El partido de derecha populista y euroesc\u00e9ptico Alternativa para Alemania (AfD) cae a su m\u00ednimo nivel de apoyo desde enero, en un momento en el que la formaci\u00f3n se ve afectada por luchas de poder y disputas internas, indic\u00f3 hoy una encuesta. Seg\u00fan el sondeo, realizado por el Instituto Demosc\u00f3pico","inLanguage":"es-ES","isPartOf":{"@id":"https:\/\/candas365.es\/noticias\/#website"},"breadcrumb":{"@id":"https:\/\/candas365.es\/noticias\/partido-derechista-aleman-afd-cae-a-su-minimo-nivel-segun-encuestas\/#breadcrumblist"},"author":{"@id":"https:\/\/candas365.es\/noticias\/author\/admin\/#author"},"creator":{"@id":"https:\/\/candas365.es\/noticias\/author\/admin\/#author"},"image":{"@type":"ImageObject","url":"https:\/\/candas365.es\/noticias\/wp-content\/uploads\/2015\/09\/c365noticias.jpg","@id":"https:\/\/candas365.es\/noticias\/partido-derechista-aleman-afd-cae-a-su-minimo-nivel-segun-encuestas\/#mainImage","width":655,"height":360},"primaryImageOfPage":{"@id":"https:\/\/candas365.es\/noticias\/partido-derechista-aleman-afd-cae-a-su-minimo-nivel-segun-encuestas\/#mainImage"},"datePublished":"2016-07-10T19:44:41+02:00","dateModified":"2016-07-10T19:44:41+02:00"},{"@type":"WebSite","@id":"https:\/\/candas365.es\/noticias\/#website","url":"https:\/\/candas365.es\/noticias\/","name":"Cand\u00e1s 365","alternateName":"Cand\u00e1s 365 Noticias","description":"Actualidad desde Carre\u00f1o para el mundo","inLanguage":"es-ES","publisher":{"@id":"https:\/\/candas365.es\/noticias\/#organization"}}]},"og:locale":"es_ES","og:site_name":"Cand\u00e1s 365","og:type":"article","og:title":"Partido derechista alem\u00e1n AfD cae a su m\u00ednimo nivel, seg\u00fan encuestas | Cand\u00e1s 365","og:description":"Berl\u00edn, 10 jul (dpa) - El partido de derecha populista y euroesc\u00e9ptico Alternativa para Alemania (AfD) cae a su m\u00ednimo nivel de apoyo desde enero, en un momento en el que la formaci\u00f3n se ve afectada por luchas de poder y disputas internas, indic\u00f3 hoy una encuesta. Seg\u00fan el sondeo, realizado por el Instituto Demosc\u00f3pico","og:url":"https:\/\/candas365.es\/noticias\/partido-derechista-aleman-afd-cae-a-su-minimo-nivel-segun-encuestas\/","og:image":"https:\/\/candas365.es\/noticias\/wp-content\/uploads\/2015\/09\/c365noticias.jpg","og:image:secure_url":"https:\/\/candas365.es\/noticias\/wp-content\/uploads\/2015\/09\/c365noticias.jpg","og:image:width":655,"og:image:height":360,"article:published_time":"2016-07-10T18:14:41+00:00","article:modified_time":"2016-07-10T18:14:41+00:00","article:publisher":"https:\/\/www.facebook.com\/Nachofdezber","article:author":"https:\/\/www.facebook.com\/carrenoactualidad","twitter:card":"summary_large_image","twitter:site":"@NabercoDigital","twitter:title":"Partido derechista alem\u00e1n AfD cae a su m\u00ednimo nivel, seg\u00fan encuestas | Cand\u00e1s 365","twitter:description":"Berl\u00edn, 10 jul (dpa) - El partido de derecha populista y euroesc\u00e9ptico Alternativa para Alemania (AfD) cae a su m\u00ednimo nivel de apoyo desde enero, en un momento en el que la formaci\u00f3n se ve afectada por luchas de poder y disputas internas, indic\u00f3 hoy una encuesta. Seg\u00fan el sondeo, realizado por el Instituto Demosc\u00f3pico","twitter:creator":"@nbasturias","twitter:image":"https:\/\/candas365.es\/noticias\/wp-content\/uploads\/2015\/09\/c365noticias.jpg","twitter:label1":"Escrito por","twitter:data1":"Cand\u00e1s 365","twitter:label2":"Tiempo de lectura estimado","twitter:data2":"1 minuto"},"aioseo_meta_data":{"post_id":"31753","title":null,"description":null,"keywords":null,"keyphrases":null,"primary_term":null,"canonical_url":null,"og_title":null,"og_description":null,"og_object_type":"default","og_image_type":"default","og_image_url":null,"og_image_width":null,"og_image_height":null,"og_image_custom_url":null,"og_image_custom_fields":null,"og_video":null,"og_custom_url":null,"og_article_section":null,"og_article_tags":null,"twitter_use_og":false,"twitter_card":"default","twitter_image_type":"default","twitter_image_url":null,"twitter_image_custom_url":null,"twitter_image_custom_fields":null,"twitter_title":null,"twitter_description":null,"schema":{"blockGraphs":[],"customGraphs":[],"default":{"data":{"Article":[],"Course":[],"Dataset":[],"FAQPage":[],"Movie":[],"Person":[],"Product":[],"ProductReview":[],"Car":[],"Recipe":[],"Service":[],"SoftwareApplication":[],"WebPage":[]},"graphName":"","isEnabled":true},"graphs":[]},"schema_type":null,"schema_type_options":null,"pillar_content":false,"robots_default":true,"robots_noindex":false,"robots_noarchive":false,"robots_nosnippet":false,"robots_nofollow":false,"robots_noimageindex":false,"robots_noodp":false,"robots_notranslate":false,"robots_max_snippet":null,"robots_max_videopreview":null,"robots_max_imagepreview":"large","priority":null,"frequency":null,"location":null,"local_seo":null,"seo_analyzer_scan_date":"2025-08-24 14:21:12","breadcrumb_settings":null,"limit_modified_date":false,"reviewed_by":null,"open_ai":null,"ai":null,"created":"2020-12-21 13:01:46","updated":"2025-08-24 14:21:12"},"aioseo_breadcrumb":"<div class=\"aioseo-breadcrumbs\"><span class=\"aioseo-breadcrumb\">\n\t<a href=\"https:\/\/candas365.es\/noticias\" title=\"Home\">Home<\/a>\n<\/span><span class=\"aioseo-breadcrumb-separator\">&ndash;<\/span><span class=\"aioseo-breadcrumb\">\n\t<a href=\"https:\/\/candas365.es\/noticias\/category\/actualidad\/\" title=\"Actualidad\">Actualidad<\/a>\n<\/span><span class=\"aioseo-breadcrumb-separator\">&ndash;<\/span><span class=\"aioseo-breadcrumb\">\n\tPartido derechista alem\u00e1n AfD cae a su m\u00ednimo nivel, seg\u00fan encuestas\n<\/span><\/div>","aioseo_breadcrumb_json":[{"label":"Home","link":"https:\/\/candas365.es\/noticias"},{"label":"Actualidad","link":"https:\/\/candas365.es\/noticias\/category\/actualidad\/"},{"label":"Partido derechista alem\u00e1n AfD cae a su m\u00ednimo nivel, seg\u00fan encuestas","link":"https:\/\/candas365.es\/noticias\/partido-derechista-aleman-afd-cae-a-su-minimo-nivel-segun-encuestas\/"}],"_links":{"self":[{"href":"https:\/\/candas365.es\/noticias\/wp-json\/wp\/v2\/posts\/31753","targetHints":{"allow":["GET"]}}],"collection":[{"href":"https:\/\/candas365.es\/noticias\/wp-json\/wp\/v2\/posts"}],"about":[{"href":"https:\/\/candas365.es\/noticias\/wp-json\/wp\/v2\/types\/post"}],"author":[{"embeddable":true,"href":"https:\/\/candas365.es\/noticias\/wp-json\/wp\/v2\/users\/1"}],"replies":[{"embeddable":true,"href":"https:\/\/candas365.es\/noticias\/wp-json\/wp\/v2\/comments?post=31753"}],"version-history":[{"count":0,"href":"https:\/\/candas365.es\/noticias\/wp-json\/wp\/v2\/posts\/31753\/revisions"}],"wp:featuredmedia":[{"embeddable":true,"href":"https:\/\/candas365.es\/noticias\/wp-json\/wp\/v2\/media\/16457"}],"wp:attachment":[{"href":"https:\/\/candas365.es\/noticias\/wp-json\/wp\/v2\/media?parent=31753"}],"wp:term":[{"taxonomy":"category","embeddable":true,"href":"https:\/\/candas365.es\/noticias\/wp-json\/wp\/v2\/categories?post=31753"},{"taxonomy":"post_tag","embeddable":true,"href":"https:\/\/candas365.es\/noticias\/wp-json\/wp\/v2\/tags?post=31753"}],"curies":[{"name":"wp","href":"https:\/\/api.w.org\/{rel}","templated":true}]}}