{"id":31714,"date":"2016-07-10T00:38:29","date_gmt":"2016-07-09T23:08:29","guid":{"rendered":"http:\/\/candas365.es\/noticias\/?p=31714"},"modified":"2016-07-10T00:38:29","modified_gmt":"2016-07-09T23:08:29","slug":"vettel-pierde-cinco-lugares-y-hamilton-marca-el-tiempo-mas-rapido","status":"publish","type":"post","link":"https:\/\/candas365.es\/noticias\/vettel-pierde-cinco-lugares-y-hamilton-marca-el-tiempo-mas-rapido\/","title":{"rendered":"Vettel pierde cinco lugares y Hamilton marca el tiempo m\u00e1s r\u00e1pido"},"content":{"rendered":"<p>Silverstone (R. Unido), 9 jul (dpa) &#8211; El alem\u00e1n Sebastian Vettel fue penalizado hoy con el retraso de cinco posiciones en la parrilla de salida del Gran Premio de F\u00f3rmula Uno en Silverstone, en Reino Unido, por un reemplazo de la caja de cambios no permitido.<\/p>\n<p>Antes de la clasificaci\u00f3n para la carrera de ma\u00f1ana, la organizaci\u00f3n inform\u00f3 que el piloto de Ferrari deber\u00e1 largar cinco puestos detr\u00e1s de su posici\u00f3n en la tanda de clasificaci\u00f3n como consecuencia de la modificaci\u00f3n que se realiz\u00f3 en su auto.<\/p>\n<p>Por su parte, el brit\u00e1nico Lewis Hamilton largar\u00e1 en la primera posici\u00f3n, despu\u00e9s de marcar hoy el tiempo m\u00e1s r\u00e1pido en la tanda de clasificaci\u00f3n.<\/p>\n<p>Hamilton, que busca su tercer triunfo seguido en casa, complet\u00f3 su vuelta m\u00e1s veloz en 1:29,287 minutos y adelant\u00f3 por 0,319 segundos a su compa\u00f1ero de equipo en Mercedes y gran rival por el t\u00edtulo, el alem\u00e1n Nico Rosberg.<\/p>\n<p>Para el vigente campe\u00f3n del mundo, ganador de la \u00faltima competencia en Austria, fue la pole position n\u00famero 55 de su carrera y ma\u00f1ana buscar\u00e1 recortar a\u00fan m\u00e1s la distancia de 11 puntos que lo separa de Rosberg, l\u00edder del campeonato mundial.<\/p>\n<p>Detr\u00e1s de los dos Mercedes se ubicaron los Red Bull del holand\u00e9s Max Verstappen y el australiano Daniel Ricciardo, mientras que las Ferrari del finland\u00e9s Kimi Raikkonen y el alem\u00e1n Sebastian Vettel quedaron quintas y sextas, de manera que el cuatro veces campe\u00f3n del mundo tendr\u00e1 que largar und\u00e9cimo debido a la penalizaci\u00f3n sufrida.<\/p>\n","protected":false},"excerpt":{"rendered":"<p>Silverstone (R. Unido), 9 jul (dpa) &#8211; El alem\u00e1n Sebastian Vettel fue penalizado hoy con el retraso de cinco posiciones en la parrilla de salida del Gran Premio de F\u00f3rmula Uno en Silverstone, en Reino Unido, por un reemplazo de la caja de cambios no permitido. Antes de la clasificaci\u00f3n para la carrera de ma\u00f1ana,<\/p>\n","protected":false},"author":1,"featured_media":745,"comment_status":"closed","ping_status":"closed","sticky":false,"template":"","format":"standard","meta":{"footnotes":""},"categories":[343],"tags":[],"class_list":{"0":"post-31714","1":"post","2":"type-post","3":"status-publish","4":"format-standard","5":"has-post-thumbnail","7":"category-actualidad"},"aioseo_notices":[],"aioseo_head":"\n\t\t<!-- All in One SEO Pro 4.9.6.2 - aioseo.com -->\n\t<meta name=\"description\" content=\"Silverstone (R. Unido), 9 jul (dpa) - El alem\u00e1n Sebastian Vettel fue penalizado hoy con el retraso de cinco posiciones en la parrilla de salida del Gran Premio de F\u00f3rmula Uno en Silverstone, en Reino Unido, por un reemplazo de la caja de cambios no permitido. Antes de la clasificaci\u00f3n para la carrera de ma\u00f1ana,\" \/>\n\t<meta name=\"robots\" content=\"max-image-preview:large\" \/>\n\t<meta name=\"author\" content=\"Cand\u00e1s 365\"\/>\n\t<meta name=\"google-site-verification\" content=\"UA-32230408-1\" \/>\n\t<meta name=\"msvalidate.01\" content=\"354F3CDFB2DA171B47FBE9ABF1F88D5\" \/>\n\t<meta name=\"keywords\" content=\"actualidad\" \/>\n\t<link rel=\"canonical\" href=\"https:\/\/candas365.es\/noticias\/vettel-pierde-cinco-lugares-y-hamilton-marca-el-tiempo-mas-rapido\/\" \/>\n\t<meta name=\"generator\" content=\"All in One SEO Pro (AIOSEO) 4.9.6.2\" \/>\n\t\t<meta property=\"og:locale\" content=\"es_ES\" \/>\n\t\t<meta property=\"og:site_name\" content=\"Cand\u00e1s 365\" \/>\n\t\t<meta property=\"og:type\" content=\"article\" \/>\n\t\t<meta property=\"og:title\" content=\"Vettel pierde cinco lugares y Hamilton marca el tiempo m\u00e1s r\u00e1pido | Cand\u00e1s 365\" \/>\n\t\t<meta property=\"og:description\" content=\"Silverstone (R. Unido), 9 jul (dpa) - El alem\u00e1n Sebastian Vettel fue penalizado hoy con el retraso de cinco posiciones en la parrilla de salida del Gran Premio de F\u00f3rmula Uno en Silverstone, en Reino Unido, por un reemplazo de la caja de cambios no permitido. Antes de la clasificaci\u00f3n para la carrera de ma\u00f1ana,\" \/>\n\t\t<meta property=\"og:url\" content=\"https:\/\/candas365.es\/noticias\/vettel-pierde-cinco-lugares-y-hamilton-marca-el-tiempo-mas-rapido\/\" \/>\n\t\t<meta property=\"og:image\" content=\"https:\/\/candas365.es\/noticias\/wp-content\/uploads\/2014\/09\/hamilton.jpg\" \/>\n\t\t<meta property=\"og:image:secure_url\" content=\"https:\/\/candas365.es\/noticias\/wp-content\/uploads\/2014\/09\/hamilton.jpg\" \/>\n\t\t<meta property=\"og:image:width\" content=\"360\" \/>\n\t\t<meta property=\"og:image:height\" content=\"259\" \/>\n\t\t<meta property=\"article:published_time\" content=\"2016-07-09T23:08:29+00:00\" \/>\n\t\t<meta property=\"article:modified_time\" content=\"2016-07-09T23:08:29+00:00\" \/>\n\t\t<meta property=\"article:publisher\" content=\"https:\/\/www.facebook.com\/Nachofdezber\" \/>\n\t\t<meta property=\"article:author\" content=\"https:\/\/www.facebook.com\/carrenoactualidad\" \/>\n\t\t<meta name=\"twitter:card\" content=\"summary_large_image\" \/>\n\t\t<meta name=\"twitter:site\" content=\"@NabercoDigital\" \/>\n\t\t<meta name=\"twitter:title\" content=\"Vettel pierde cinco lugares y Hamilton marca el tiempo m\u00e1s r\u00e1pido | Cand\u00e1s 365\" \/>\n\t\t<meta name=\"twitter:description\" content=\"Silverstone (R. Unido), 9 jul (dpa) - El alem\u00e1n Sebastian Vettel fue penalizado hoy con el retraso de cinco posiciones en la parrilla de salida del Gran Premio de F\u00f3rmula Uno en Silverstone, en Reino Unido, por un reemplazo de la caja de cambios no permitido. Antes de la clasificaci\u00f3n para la carrera de ma\u00f1ana,\" \/>\n\t\t<meta name=\"twitter:creator\" content=\"@nbasturias\" \/>\n\t\t<meta name=\"twitter:image\" content=\"https:\/\/candas365.es\/noticias\/wp-content\/uploads\/2014\/09\/hamilton.jpg\" \/>\n\t\t<meta name=\"twitter:label1\" content=\"Escrito por\" \/>\n\t\t<meta name=\"twitter:data1\" content=\"Cand\u00e1s 365\" \/>\n\t\t<meta name=\"twitter:label2\" content=\"Tiempo de lectura estimado\" \/>\n\t\t<meta name=\"twitter:data2\" content=\"1 minuto\" \/>\n\t\t<script type=\"application\/ld+json\" class=\"aioseo-schema\">\n\t\t\t{\"@context\":\"https:\\\/\\\/schema.org\",\"@graph\":[{\"@type\":\"BreadcrumbList\",\"@id\":\"https:\\\/\\\/candas365.es\\\/noticias\\\/vettel-pierde-cinco-lugares-y-hamilton-marca-el-tiempo-mas-rapido\\\/#breadcrumblist\",\"itemListElement\":[{\"@type\":\"ListItem\",\"@id\":\"https:\\\/\\\/candas365.es\\\/noticias#listItem\",\"position\":1,\"name\":\"Home\",\"item\":\"https:\\\/\\\/candas365.es\\\/noticias\",\"nextItem\":{\"@type\":\"ListItem\",\"@id\":\"https:\\\/\\\/candas365.es\\\/noticias\\\/category\\\/actualidad\\\/#listItem\",\"name\":\"Actualidad\"}},{\"@type\":\"ListItem\",\"@id\":\"https:\\\/\\\/candas365.es\\\/noticias\\\/category\\\/actualidad\\\/#listItem\",\"position\":2,\"name\":\"Actualidad\",\"item\":\"https:\\\/\\\/candas365.es\\\/noticias\\\/category\\\/actualidad\\\/\",\"nextItem\":{\"@type\":\"ListItem\",\"@id\":\"https:\\\/\\\/candas365.es\\\/noticias\\\/vettel-pierde-cinco-lugares-y-hamilton-marca-el-tiempo-mas-rapido\\\/#listItem\",\"name\":\"Vettel pierde cinco lugares y Hamilton marca el tiempo m\\u00e1s r\\u00e1pido\"},\"previousItem\":{\"@type\":\"ListItem\",\"@id\":\"https:\\\/\\\/candas365.es\\\/noticias#listItem\",\"name\":\"Home\"}},{\"@type\":\"ListItem\",\"@id\":\"https:\\\/\\\/candas365.es\\\/noticias\\\/vettel-pierde-cinco-lugares-y-hamilton-marca-el-tiempo-mas-rapido\\\/#listItem\",\"position\":3,\"name\":\"Vettel pierde cinco lugares y Hamilton marca el tiempo m\\u00e1s r\\u00e1pido\",\"previousItem\":{\"@type\":\"ListItem\",\"@id\":\"https:\\\/\\\/candas365.es\\\/noticias\\\/category\\\/actualidad\\\/#listItem\",\"name\":\"Actualidad\"}}]},{\"@type\":\"NewsArticle\",\"@id\":\"https:\\\/\\\/candas365.es\\\/noticias\\\/vettel-pierde-cinco-lugares-y-hamilton-marca-el-tiempo-mas-rapido\\\/#newsarticle\",\"name\":\"Vettel pierde cinco lugares y Hamilton marca el tiempo m\\u00e1s r\\u00e1pido | Cand\\u00e1s 365\",\"headline\":\"Vettel pierde cinco lugares y Hamilton marca el tiempo m\\u00e1s r\\u00e1pido\",\"author\":{\"@id\":\"https:\\\/\\\/candas365.es\\\/noticias\\\/author\\\/admin\\\/#author\"},\"publisher\":{\"@id\":\"https:\\\/\\\/candas365.es\\\/noticias\\\/#organization\"},\"image\":{\"@type\":\"ImageObject\",\"url\":\"https:\\\/\\\/candas365.es\\\/noticias\\\/wp-content\\\/uploads\\\/2014\\\/09\\\/hamilton.jpg\",\"width\":360,\"height\":259},\"datePublished\":\"2016-07-10T00:38:29+02:00\",\"dateModified\":\"2016-07-10T00:38:29+02:00\",\"inLanguage\":\"es-ES\",\"mainEntityOfPage\":{\"@id\":\"https:\\\/\\\/candas365.es\\\/noticias\\\/vettel-pierde-cinco-lugares-y-hamilton-marca-el-tiempo-mas-rapido\\\/#webpage\"},\"isPartOf\":{\"@id\":\"https:\\\/\\\/candas365.es\\\/noticias\\\/vettel-pierde-cinco-lugares-y-hamilton-marca-el-tiempo-mas-rapido\\\/#webpage\"},\"articleSection\":\"Actualidad\",\"dateline\":\"Publicado el julio 10, 2016.\"},{\"@type\":\"Organization\",\"@id\":\"https:\\\/\\\/candas365.es\\\/noticias\\\/#organization\",\"name\":\"Cand\\u00e1s 365\",\"description\":\"Cand\\u00e1s 365 es un diario digital independiente, fundado en 2012, con base en Asturias. Informamos con rigor sobre actualidad, sociedad, cultura y ocio, con una mirada local y global.\",\"url\":\"https:\\\/\\\/candas365.es\\\/noticias\\\/\",\"email\":\"info@candas365.es\",\"telephone\":\"+34652131393\",\"foundingDate\":\"2012-06-10\",\"logo\":{\"@type\":\"ImageObject\",\"url\":\"https:\\\/\\\/candas365.es\\\/noticias\\\/wp-content\\\/uploads\\\/2024\\\/09\\\/Candas-365-Redes.jpg\",\"@id\":\"https:\\\/\\\/candas365.es\\\/noticias\\\/vettel-pierde-cinco-lugares-y-hamilton-marca-el-tiempo-mas-rapido\\\/#organizationLogo\",\"width\":1152,\"height\":864,\"caption\":\"Cand\\u00e1s 365 Redes\"},\"image\":{\"@id\":\"https:\\\/\\\/candas365.es\\\/noticias\\\/vettel-pierde-cinco-lugares-y-hamilton-marca-el-tiempo-mas-rapido\\\/#organizationLogo\"},\"sameAs\":[\"https:\\\/\\\/www.facebook.com\\\/Nachofdezber\",\"https:\\\/\\\/x.com\\\/NabercoDigital\",\"https:\\\/\\\/www.instagram.com\\\/nachofdezber\\\/\",\"https:\\\/\\\/www.youtube.com\\\/channel\\\/UCZP-2wLEB9Rv6erhFmqVnvg\"],\"address\":{\"@id\":\"https:\\\/\\\/candas365.es\\\/noticias\\\/#postaladdress\",\"@type\":\"PostalAddress\",\"streetAddress\":\"san antonio 4, san antonio 4\",\"postalCode\":\"33430\",\"addressLocality\":\"Cand\\u00e1s\",\"addressRegion\":\"Asturias\",\"addressCountry\":\"ES\"}},{\"@type\":\"Person\",\"@id\":\"https:\\\/\\\/candas365.es\\\/noticias\\\/author\\\/admin\\\/#author\",\"url\":\"https:\\\/\\\/candas365.es\\\/noticias\\\/author\\\/admin\\\/\",\"name\":\"Cand\\u00e1s 365\",\"image\":{\"@type\":\"ImageObject\",\"@id\":\"https:\\\/\\\/candas365.es\\\/noticias\\\/vettel-pierde-cinco-lugares-y-hamilton-marca-el-tiempo-mas-rapido\\\/#authorImage\",\"url\":\"https:\\\/\\\/secure.gravatar.com\\\/avatar\\\/496a8e03d0c493ede1718b7934145dbdf8d89be1036b0eec9544e1094c9de390?s=96&d=mm&r=g\",\"width\":96,\"height\":96,\"caption\":\"Cand\\u00e1s 365\"},\"sameAs\":[\"https:\\\/\\\/www.facebook.com\\\/carrenoactualidad\",\"https:\\\/\\\/twitter.com\\\/nbasturias\",\"https:\\\/\\\/www.instagram.com\\\/nachofdezber\\\/\",\"https:\\\/\\\/www.youtube.com\\\/channel\\\/UCZP-2wLEB9Rv6erhFmqVnvg\"]},{\"@type\":\"WebPage\",\"@id\":\"https:\\\/\\\/candas365.es\\\/noticias\\\/vettel-pierde-cinco-lugares-y-hamilton-marca-el-tiempo-mas-rapido\\\/#webpage\",\"url\":\"https:\\\/\\\/candas365.es\\\/noticias\\\/vettel-pierde-cinco-lugares-y-hamilton-marca-el-tiempo-mas-rapido\\\/\",\"name\":\"Vettel pierde cinco lugares y Hamilton marca el tiempo m\\u00e1s r\\u00e1pido | Cand\\u00e1s 365\",\"description\":\"Silverstone (R. Unido), 9 jul (dpa) - El alem\\u00e1n Sebastian Vettel fue penalizado hoy con el retraso de cinco posiciones en la parrilla de salida del Gran Premio de F\\u00f3rmula Uno en Silverstone, en Reino Unido, por un reemplazo de la caja de cambios no permitido. Antes de la clasificaci\\u00f3n para la carrera de ma\\u00f1ana,\",\"inLanguage\":\"es-ES\",\"isPartOf\":{\"@id\":\"https:\\\/\\\/candas365.es\\\/noticias\\\/#website\"},\"breadcrumb\":{\"@id\":\"https:\\\/\\\/candas365.es\\\/noticias\\\/vettel-pierde-cinco-lugares-y-hamilton-marca-el-tiempo-mas-rapido\\\/#breadcrumblist\"},\"author\":{\"@id\":\"https:\\\/\\\/candas365.es\\\/noticias\\\/author\\\/admin\\\/#author\"},\"creator\":{\"@id\":\"https:\\\/\\\/candas365.es\\\/noticias\\\/author\\\/admin\\\/#author\"},\"image\":{\"@type\":\"ImageObject\",\"url\":\"https:\\\/\\\/candas365.es\\\/noticias\\\/wp-content\\\/uploads\\\/2014\\\/09\\\/hamilton.jpg\",\"@id\":\"https:\\\/\\\/candas365.es\\\/noticias\\\/vettel-pierde-cinco-lugares-y-hamilton-marca-el-tiempo-mas-rapido\\\/#mainImage\",\"width\":360,\"height\":259},\"primaryImageOfPage\":{\"@id\":\"https:\\\/\\\/candas365.es\\\/noticias\\\/vettel-pierde-cinco-lugares-y-hamilton-marca-el-tiempo-mas-rapido\\\/#mainImage\"},\"datePublished\":\"2016-07-10T00:38:29+02:00\",\"dateModified\":\"2016-07-10T00:38:29+02:00\"},{\"@type\":\"WebSite\",\"@id\":\"https:\\\/\\\/candas365.es\\\/noticias\\\/#website\",\"url\":\"https:\\\/\\\/candas365.es\\\/noticias\\\/\",\"name\":\"Cand\\u00e1s 365\",\"alternateName\":\"Cand\\u00e1s 365 Noticias\",\"description\":\"Actualidad desde Carre\\u00f1o para el mundo\",\"inLanguage\":\"es-ES\",\"publisher\":{\"@id\":\"https:\\\/\\\/candas365.es\\\/noticias\\\/#organization\"}}]}\n\t\t<\/script>\n\t\t<!-- All in One SEO Pro -->\r\n\t\t<title>Vettel pierde cinco lugares y Hamilton marca el tiempo m\u00e1s r\u00e1pido | Cand\u00e1s 365<\/title>\n\n","aioseo_head_json":{"title":"Vettel pierde cinco lugares y Hamilton marca el tiempo m\u00e1s r\u00e1pido | Cand\u00e1s 365","description":"Silverstone (R. Unido), 9 jul (dpa) - El alem\u00e1n Sebastian Vettel fue penalizado hoy con el retraso de cinco posiciones en la parrilla de salida del Gran Premio de F\u00f3rmula Uno en Silverstone, en Reino Unido, por un reemplazo de la caja de cambios no permitido. Antes de la clasificaci\u00f3n para la carrera de ma\u00f1ana,","canonical_url":"https:\/\/candas365.es\/noticias\/vettel-pierde-cinco-lugares-y-hamilton-marca-el-tiempo-mas-rapido\/","robots":"max-image-preview:large","keywords":"actualidad","webmasterTools":{"google-site-verification":"UA-32230408-1","msvalidate.01":"354F3CDFB2DA171B47FBE9ABF1F88D5","miscellaneous":""},"schema":{"@context":"https:\/\/schema.org","@graph":[{"@type":"BreadcrumbList","@id":"https:\/\/candas365.es\/noticias\/vettel-pierde-cinco-lugares-y-hamilton-marca-el-tiempo-mas-rapido\/#breadcrumblist","itemListElement":[{"@type":"ListItem","@id":"https:\/\/candas365.es\/noticias#listItem","position":1,"name":"Home","item":"https:\/\/candas365.es\/noticias","nextItem":{"@type":"ListItem","@id":"https:\/\/candas365.es\/noticias\/category\/actualidad\/#listItem","name":"Actualidad"}},{"@type":"ListItem","@id":"https:\/\/candas365.es\/noticias\/category\/actualidad\/#listItem","position":2,"name":"Actualidad","item":"https:\/\/candas365.es\/noticias\/category\/actualidad\/","nextItem":{"@type":"ListItem","@id":"https:\/\/candas365.es\/noticias\/vettel-pierde-cinco-lugares-y-hamilton-marca-el-tiempo-mas-rapido\/#listItem","name":"Vettel pierde cinco lugares y Hamilton marca el tiempo m\u00e1s r\u00e1pido"},"previousItem":{"@type":"ListItem","@id":"https:\/\/candas365.es\/noticias#listItem","name":"Home"}},{"@type":"ListItem","@id":"https:\/\/candas365.es\/noticias\/vettel-pierde-cinco-lugares-y-hamilton-marca-el-tiempo-mas-rapido\/#listItem","position":3,"name":"Vettel pierde cinco lugares y Hamilton marca el tiempo m\u00e1s r\u00e1pido","previousItem":{"@type":"ListItem","@id":"https:\/\/candas365.es\/noticias\/category\/actualidad\/#listItem","name":"Actualidad"}}]},{"@type":"NewsArticle","@id":"https:\/\/candas365.es\/noticias\/vettel-pierde-cinco-lugares-y-hamilton-marca-el-tiempo-mas-rapido\/#newsarticle","name":"Vettel pierde cinco lugares y Hamilton marca el tiempo m\u00e1s r\u00e1pido | Cand\u00e1s 365","headline":"Vettel pierde cinco lugares y Hamilton marca el tiempo m\u00e1s r\u00e1pido","author":{"@id":"https:\/\/candas365.es\/noticias\/author\/admin\/#author"},"publisher":{"@id":"https:\/\/candas365.es\/noticias\/#organization"},"image":{"@type":"ImageObject","url":"https:\/\/candas365.es\/noticias\/wp-content\/uploads\/2014\/09\/hamilton.jpg","width":360,"height":259},"datePublished":"2016-07-10T00:38:29+02:00","dateModified":"2016-07-10T00:38:29+02:00","inLanguage":"es-ES","mainEntityOfPage":{"@id":"https:\/\/candas365.es\/noticias\/vettel-pierde-cinco-lugares-y-hamilton-marca-el-tiempo-mas-rapido\/#webpage"},"isPartOf":{"@id":"https:\/\/candas365.es\/noticias\/vettel-pierde-cinco-lugares-y-hamilton-marca-el-tiempo-mas-rapido\/#webpage"},"articleSection":"Actualidad","dateline":"Publicado el julio 10, 2016."},{"@type":"Organization","@id":"https:\/\/candas365.es\/noticias\/#organization","name":"Cand\u00e1s 365","description":"Cand\u00e1s 365 es un diario digital independiente, fundado en 2012, con base en Asturias. Informamos con rigor sobre actualidad, sociedad, cultura y ocio, con una mirada local y global.","url":"https:\/\/candas365.es\/noticias\/","email":"info@candas365.es","telephone":"+34652131393","foundingDate":"2012-06-10","logo":{"@type":"ImageObject","url":"https:\/\/candas365.es\/noticias\/wp-content\/uploads\/2024\/09\/Candas-365-Redes.jpg","@id":"https:\/\/candas365.es\/noticias\/vettel-pierde-cinco-lugares-y-hamilton-marca-el-tiempo-mas-rapido\/#organizationLogo","width":1152,"height":864,"caption":"Cand\u00e1s 365 Redes"},"image":{"@id":"https:\/\/candas365.es\/noticias\/vettel-pierde-cinco-lugares-y-hamilton-marca-el-tiempo-mas-rapido\/#organizationLogo"},"sameAs":["https:\/\/www.facebook.com\/Nachofdezber","https:\/\/x.com\/NabercoDigital","https:\/\/www.instagram.com\/nachofdezber\/","https:\/\/www.youtube.com\/channel\/UCZP-2wLEB9Rv6erhFmqVnvg"],"address":{"@id":"https:\/\/candas365.es\/noticias\/#postaladdress","@type":"PostalAddress","streetAddress":"san antonio 4, san antonio 4","postalCode":"33430","addressLocality":"Cand\u00e1s","addressRegion":"Asturias","addressCountry":"ES"}},{"@type":"Person","@id":"https:\/\/candas365.es\/noticias\/author\/admin\/#author","url":"https:\/\/candas365.es\/noticias\/author\/admin\/","name":"Cand\u00e1s 365","image":{"@type":"ImageObject","@id":"https:\/\/candas365.es\/noticias\/vettel-pierde-cinco-lugares-y-hamilton-marca-el-tiempo-mas-rapido\/#authorImage","url":"https:\/\/secure.gravatar.com\/avatar\/496a8e03d0c493ede1718b7934145dbdf8d89be1036b0eec9544e1094c9de390?s=96&d=mm&r=g","width":96,"height":96,"caption":"Cand\u00e1s 365"},"sameAs":["https:\/\/www.facebook.com\/carrenoactualidad","https:\/\/twitter.com\/nbasturias","https:\/\/www.instagram.com\/nachofdezber\/","https:\/\/www.youtube.com\/channel\/UCZP-2wLEB9Rv6erhFmqVnvg"]},{"@type":"WebPage","@id":"https:\/\/candas365.es\/noticias\/vettel-pierde-cinco-lugares-y-hamilton-marca-el-tiempo-mas-rapido\/#webpage","url":"https:\/\/candas365.es\/noticias\/vettel-pierde-cinco-lugares-y-hamilton-marca-el-tiempo-mas-rapido\/","name":"Vettel pierde cinco lugares y Hamilton marca el tiempo m\u00e1s r\u00e1pido | Cand\u00e1s 365","description":"Silverstone (R. Unido), 9 jul (dpa) - El alem\u00e1n Sebastian Vettel fue penalizado hoy con el retraso de cinco posiciones en la parrilla de salida del Gran Premio de F\u00f3rmula Uno en Silverstone, en Reino Unido, por un reemplazo de la caja de cambios no permitido. Antes de la clasificaci\u00f3n para la carrera de ma\u00f1ana,","inLanguage":"es-ES","isPartOf":{"@id":"https:\/\/candas365.es\/noticias\/#website"},"breadcrumb":{"@id":"https:\/\/candas365.es\/noticias\/vettel-pierde-cinco-lugares-y-hamilton-marca-el-tiempo-mas-rapido\/#breadcrumblist"},"author":{"@id":"https:\/\/candas365.es\/noticias\/author\/admin\/#author"},"creator":{"@id":"https:\/\/candas365.es\/noticias\/author\/admin\/#author"},"image":{"@type":"ImageObject","url":"https:\/\/candas365.es\/noticias\/wp-content\/uploads\/2014\/09\/hamilton.jpg","@id":"https:\/\/candas365.es\/noticias\/vettel-pierde-cinco-lugares-y-hamilton-marca-el-tiempo-mas-rapido\/#mainImage","width":360,"height":259},"primaryImageOfPage":{"@id":"https:\/\/candas365.es\/noticias\/vettel-pierde-cinco-lugares-y-hamilton-marca-el-tiempo-mas-rapido\/#mainImage"},"datePublished":"2016-07-10T00:38:29+02:00","dateModified":"2016-07-10T00:38:29+02:00"},{"@type":"WebSite","@id":"https:\/\/candas365.es\/noticias\/#website","url":"https:\/\/candas365.es\/noticias\/","name":"Cand\u00e1s 365","alternateName":"Cand\u00e1s 365 Noticias","description":"Actualidad desde Carre\u00f1o para el mundo","inLanguage":"es-ES","publisher":{"@id":"https:\/\/candas365.es\/noticias\/#organization"}}]},"og:locale":"es_ES","og:site_name":"Cand\u00e1s 365","og:type":"article","og:title":"Vettel pierde cinco lugares y Hamilton marca el tiempo m\u00e1s r\u00e1pido | Cand\u00e1s 365","og:description":"Silverstone (R. Unido), 9 jul (dpa) - El alem\u00e1n Sebastian Vettel fue penalizado hoy con el retraso de cinco posiciones en la parrilla de salida del Gran Premio de F\u00f3rmula Uno en Silverstone, en Reino Unido, por un reemplazo de la caja de cambios no permitido. Antes de la clasificaci\u00f3n para la carrera de ma\u00f1ana,","og:url":"https:\/\/candas365.es\/noticias\/vettel-pierde-cinco-lugares-y-hamilton-marca-el-tiempo-mas-rapido\/","og:image":"https:\/\/candas365.es\/noticias\/wp-content\/uploads\/2014\/09\/hamilton.jpg","og:image:secure_url":"https:\/\/candas365.es\/noticias\/wp-content\/uploads\/2014\/09\/hamilton.jpg","og:image:width":360,"og:image:height":259,"article:published_time":"2016-07-09T23:08:29+00:00","article:modified_time":"2016-07-09T23:08:29+00:00","article:publisher":"https:\/\/www.facebook.com\/Nachofdezber","article:author":"https:\/\/www.facebook.com\/carrenoactualidad","twitter:card":"summary_large_image","twitter:site":"@NabercoDigital","twitter:title":"Vettel pierde cinco lugares y Hamilton marca el tiempo m\u00e1s r\u00e1pido | Cand\u00e1s 365","twitter:description":"Silverstone (R. Unido), 9 jul (dpa) - El alem\u00e1n Sebastian Vettel fue penalizado hoy con el retraso de cinco posiciones en la parrilla de salida del Gran Premio de F\u00f3rmula Uno en Silverstone, en Reino Unido, por un reemplazo de la caja de cambios no permitido. Antes de la clasificaci\u00f3n para la carrera de ma\u00f1ana,","twitter:creator":"@nbasturias","twitter:image":"https:\/\/candas365.es\/noticias\/wp-content\/uploads\/2014\/09\/hamilton.jpg","twitter:label1":"Escrito por","twitter:data1":"Cand\u00e1s 365","twitter:label2":"Tiempo de lectura estimado","twitter:data2":"1 minuto"},"aioseo_meta_data":{"post_id":"31714","title":null,"description":null,"keywords":null,"keyphrases":null,"primary_term":null,"canonical_url":null,"og_title":null,"og_description":null,"og_object_type":"default","og_image_type":"default","og_image_url":null,"og_image_width":null,"og_image_height":null,"og_image_custom_url":null,"og_image_custom_fields":null,"og_video":null,"og_custom_url":null,"og_article_section":null,"og_article_tags":null,"twitter_use_og":false,"twitter_card":"default","twitter_image_type":"default","twitter_image_url":null,"twitter_image_custom_url":null,"twitter_image_custom_fields":null,"twitter_title":null,"twitter_description":null,"schema":{"blockGraphs":[],"customGraphs":[],"default":{"data":{"Article":[],"Course":[],"Dataset":[],"FAQPage":[],"Movie":[],"Person":[],"Product":[],"ProductReview":[],"Car":[],"Recipe":[],"Service":[],"SoftwareApplication":[],"WebPage":[]},"graphName":"","isEnabled":true},"graphs":[],"defaultGraph":"","defaultPostTypeGraph":""},"schema_type":null,"schema_type_options":null,"pillar_content":false,"robots_default":true,"robots_noindex":false,"robots_noarchive":false,"robots_nosnippet":false,"robots_nofollow":false,"robots_noimageindex":false,"robots_noodp":false,"robots_notranslate":false,"robots_max_snippet":null,"robots_max_videopreview":null,"robots_max_imagepreview":"large","priority":null,"frequency":null,"location":null,"local_seo":null,"seo_analyzer_scan_date":"2025-08-24 14:17:09","breadcrumb_settings":null,"limit_modified_date":false,"reviewed_by":null,"open_ai":null,"ai":null,"created":"2020-12-21 13:01:46","updated":"2025-08-24 14:17:09"},"aioseo_breadcrumb":"<div class=\"aioseo-breadcrumbs\"><span class=\"aioseo-breadcrumb\">\n\t<a href=\"https:\/\/candas365.es\/noticias\" title=\"Home\">Home<\/a>\n<\/span><span class=\"aioseo-breadcrumb-separator\">&ndash;<\/span><span class=\"aioseo-breadcrumb\">\n\t<a href=\"https:\/\/candas365.es\/noticias\/category\/actualidad\/\" title=\"Actualidad\">Actualidad<\/a>\n<\/span><span class=\"aioseo-breadcrumb-separator\">&ndash;<\/span><span class=\"aioseo-breadcrumb\">\n\tVettel pierde cinco lugares y Hamilton marca el tiempo m\u00e1s r\u00e1pido\n<\/span><\/div>","aioseo_breadcrumb_json":[{"label":"Home","link":"https:\/\/candas365.es\/noticias"},{"label":"Actualidad","link":"https:\/\/candas365.es\/noticias\/category\/actualidad\/"},{"label":"Vettel pierde cinco lugares y Hamilton marca el tiempo m\u00e1s r\u00e1pido","link":"https:\/\/candas365.es\/noticias\/vettel-pierde-cinco-lugares-y-hamilton-marca-el-tiempo-mas-rapido\/"}],"_links":{"self":[{"href":"https:\/\/candas365.es\/noticias\/wp-json\/wp\/v2\/posts\/31714","targetHints":{"allow":["GET"]}}],"collection":[{"href":"https:\/\/candas365.es\/noticias\/wp-json\/wp\/v2\/posts"}],"about":[{"href":"https:\/\/candas365.es\/noticias\/wp-json\/wp\/v2\/types\/post"}],"author":[{"embeddable":true,"href":"https:\/\/candas365.es\/noticias\/wp-json\/wp\/v2\/users\/1"}],"replies":[{"embeddable":true,"href":"https:\/\/candas365.es\/noticias\/wp-json\/wp\/v2\/comments?post=31714"}],"version-history":[{"count":0,"href":"https:\/\/candas365.es\/noticias\/wp-json\/wp\/v2\/posts\/31714\/revisions"}],"wp:featuredmedia":[{"embeddable":true,"href":"https:\/\/candas365.es\/noticias\/wp-json\/wp\/v2\/media\/745"}],"wp:attachment":[{"href":"https:\/\/candas365.es\/noticias\/wp-json\/wp\/v2\/media?parent=31714"}],"wp:term":[{"taxonomy":"category","embeddable":true,"href":"https:\/\/candas365.es\/noticias\/wp-json\/wp\/v2\/categories?post=31714"},{"taxonomy":"post_tag","embeddable":true,"href":"https:\/\/candas365.es\/noticias\/wp-json\/wp\/v2\/tags?post=31714"}],"curies":[{"name":"wp","href":"https:\/\/api.w.org\/{rel}","templated":true}]}}