{"id":31702,"date":"2016-07-10T00:34:17","date_gmt":"2016-07-09T23:04:17","guid":{"rendered":"http:\/\/candas365.es\/noticias\/?p=31702"},"modified":"2016-07-10T00:34:17","modified_gmt":"2016-07-09T23:04:17","slug":"experimentar-la-utopia-barenboim-ultima-su-academia-en-berlin","status":"publish","type":"post","link":"https:\/\/candas365.es\/noticias\/experimentar-la-utopia-barenboim-ultima-su-academia-en-berlin\/","title":{"rendered":"\u00abExperimentar la utop\u00eda\u00bb: Barenboim ultima su academia en Berl\u00edn"},"content":{"rendered":"<p>Berl\u00edn, 9 jul (dpa) &#8211; El argentino israel\u00ed Daniel Barenboim ultima su academia en Berl\u00edn en la que pronto j\u00f3venes m\u00fasicos \u00e1rabes e israel\u00edes podr\u00e1n estudiar juntos en lo que es visto por el prestigioso director de orquesta y pianista como \u00abexperimentar la utop\u00eda\u00bb.<\/p>\n<p>En la Academia Barenboim-Said ser\u00e1n formados lejos de la guerra y las crisis como \u00abembajadores de la paz\u00bb, coment\u00f3 el viernes Barenboim durante una visita a las obras de la academia ubicada en un edificio anexo al de la \u00d3pera Estatal de Berl\u00edn (Staatsoper Unter den Linden) de la que es director. <\/p>\n<p>La escuela, en el centro de la capital alemana, eleva a una nueva dimensi\u00f3n la idea de la m\u00fasica como veh\u00edculo de entendimiento que Barenboim ya proyect\u00f3 al mundo con su orquesta West Eastern Divan, cofundada con el ya fallecido intelectual palestino-estadounidense Edward Said.<\/p>\n<p>En un mundo ideal la academia estar\u00eda en el Cercano Oriente. La vida de las personas all\u00ed sigue a\u00fan marcada por el sufrimiento y la injusticia, indic\u00f3. <\/p>\n<p>La ocupaci\u00f3n de Palestina a manos de Israel no ha aportado nada a nadie, se\u00f1al\u00f3 Barenboim, cr\u00edtico con la pol\u00edtica del Gobierno israel\u00ed. La academia es el intento de establecer la paz a trav\u00e9s de la m\u00fasica, agreg\u00f3. <\/p>\n<p>El Estado se encarga del coste de funcionamiento del proyecto y el Ministerio de Exteriores de las becas. Alemania quiere contribuir as\u00ed al proceso de paz en Cercano Oriente, explic\u00f3 la secretaria de Cultura alemana, Monika Gr\u00fctters.<\/p>\n<p>En la segunda mitad de este a\u00f1o comenzar\u00e1n los cursos para los primeros 30 estudiantes. A partir de 2018\/2019 habr\u00e1 hasta 90 estudiantes en la escuela de m\u00fasica. Los alumnos ser\u00e1n acogidos en periodos de cuatro a\u00f1os para estudiar un instrumento, pero tambi\u00e9n m\u00fasica o filosof\u00eda. <\/p>\n<p>El edificio con 21 salas de ensayo y un auditorio para 622 espectadores fue dise\u00f1ado por el prestigioso arquitecto estadounidense Frank Gehry.<\/p>\n<p>Para los costes de funcionamiento la academia recibir\u00e1 a partir de 2017 en un primer lugar 5,5 millones de euros al a\u00f1o (6,07 millones de d\u00f3lares) y a partir de 2019 esta cantidad se incrementar\u00e1 hasta los siete millones de euros anuales. <\/p>\n<p>El proyecto tiene un costo de 33,7 millones de euros, de los que el Estado alem\u00e1n aportar\u00e1 unos 20 millones. El resto ser\u00e1 financiado por donantes privados. <\/p>\n","protected":false},"excerpt":{"rendered":"<p>Berl\u00edn, 9 jul (dpa) &#8211; El argentino israel\u00ed Daniel Barenboim ultima su academia en Berl\u00edn en la que pronto j\u00f3venes m\u00fasicos \u00e1rabes e israel\u00edes podr\u00e1n estudiar juntos en lo que es visto por el prestigioso director de orquesta y pianista como \u00abexperimentar la utop\u00eda\u00bb. En la Academia Barenboim-Said ser\u00e1n formados lejos de la guerra y<\/p>\n","protected":false},"author":1,"featured_media":16457,"comment_status":"closed","ping_status":"closed","sticky":false,"template":"","format":"standard","meta":{"footnotes":""},"categories":[343],"tags":[],"class_list":{"0":"post-31702","1":"post","2":"type-post","3":"status-publish","4":"format-standard","5":"has-post-thumbnail","7":"category-actualidad"},"aioseo_notices":[],"aioseo_head":"\n\t\t<!-- All in One SEO Pro 4.9.6.2 - aioseo.com -->\n\t<meta name=\"description\" content=\"Berl\u00edn, 9 jul (dpa) - El argentino israel\u00ed Daniel Barenboim ultima su academia en Berl\u00edn en la que pronto j\u00f3venes m\u00fasicos \u00e1rabes e israel\u00edes podr\u00e1n estudiar juntos en lo que es visto por el prestigioso director de orquesta y pianista como &quot;experimentar la utop\u00eda&quot;. En la Academia Barenboim-Said ser\u00e1n formados lejos de la guerra y\" \/>\n\t<meta name=\"robots\" content=\"max-image-preview:large\" \/>\n\t<meta name=\"author\" content=\"Cand\u00e1s 365\"\/>\n\t<meta name=\"google-site-verification\" content=\"UA-32230408-1\" \/>\n\t<meta name=\"msvalidate.01\" content=\"354F3CDFB2DA171B47FBE9ABF1F88D5\" \/>\n\t<meta name=\"keywords\" content=\"actualidad\" \/>\n\t<link rel=\"canonical\" href=\"https:\/\/candas365.es\/noticias\/experimentar-la-utopia-barenboim-ultima-su-academia-en-berlin\/\" \/>\n\t<meta name=\"generator\" content=\"All in One SEO Pro (AIOSEO) 4.9.6.2\" \/>\n\t\t<meta property=\"og:locale\" content=\"es_ES\" \/>\n\t\t<meta property=\"og:site_name\" content=\"Cand\u00e1s 365\" \/>\n\t\t<meta property=\"og:type\" content=\"article\" \/>\n\t\t<meta property=\"og:title\" content=\"\u00abExperimentar la utop\u00eda\u00bb: Barenboim ultima su academia en Berl\u00edn | Cand\u00e1s 365\" \/>\n\t\t<meta property=\"og:description\" content=\"Berl\u00edn, 9 jul (dpa) - El argentino israel\u00ed Daniel Barenboim ultima su academia en Berl\u00edn en la que pronto j\u00f3venes m\u00fasicos \u00e1rabes e israel\u00edes podr\u00e1n estudiar juntos en lo que es visto por el prestigioso director de orquesta y pianista como &quot;experimentar la utop\u00eda&quot;. En la Academia Barenboim-Said ser\u00e1n formados lejos de la guerra y\" \/>\n\t\t<meta property=\"og:url\" content=\"https:\/\/candas365.es\/noticias\/experimentar-la-utopia-barenboim-ultima-su-academia-en-berlin\/\" \/>\n\t\t<meta property=\"og:image\" content=\"https:\/\/candas365.es\/noticias\/wp-content\/uploads\/2015\/09\/c365noticias.jpg\" \/>\n\t\t<meta property=\"og:image:secure_url\" content=\"https:\/\/candas365.es\/noticias\/wp-content\/uploads\/2015\/09\/c365noticias.jpg\" \/>\n\t\t<meta property=\"og:image:width\" content=\"655\" \/>\n\t\t<meta property=\"og:image:height\" content=\"360\" \/>\n\t\t<meta property=\"article:published_time\" content=\"2016-07-09T23:04:17+00:00\" \/>\n\t\t<meta property=\"article:modified_time\" content=\"2016-07-09T23:04:17+00:00\" \/>\n\t\t<meta property=\"article:publisher\" content=\"https:\/\/www.facebook.com\/Nachofdezber\" \/>\n\t\t<meta property=\"article:author\" content=\"https:\/\/www.facebook.com\/carrenoactualidad\" \/>\n\t\t<meta name=\"twitter:card\" content=\"summary_large_image\" \/>\n\t\t<meta name=\"twitter:site\" content=\"@NabercoDigital\" \/>\n\t\t<meta name=\"twitter:title\" content=\"\u00abExperimentar la utop\u00eda\u00bb: Barenboim ultima su academia en Berl\u00edn | Cand\u00e1s 365\" \/>\n\t\t<meta name=\"twitter:description\" content=\"Berl\u00edn, 9 jul (dpa) - El argentino israel\u00ed Daniel Barenboim ultima su academia en Berl\u00edn en la que pronto j\u00f3venes m\u00fasicos \u00e1rabes e israel\u00edes podr\u00e1n estudiar juntos en lo que es visto por el prestigioso director de orquesta y pianista como &quot;experimentar la utop\u00eda&quot;. En la Academia Barenboim-Said ser\u00e1n formados lejos de la guerra y\" \/>\n\t\t<meta name=\"twitter:creator\" content=\"@nbasturias\" \/>\n\t\t<meta name=\"twitter:image\" content=\"https:\/\/candas365.es\/noticias\/wp-content\/uploads\/2015\/09\/c365noticias.jpg\" \/>\n\t\t<meta name=\"twitter:label1\" content=\"Escrito por\" \/>\n\t\t<meta name=\"twitter:data1\" content=\"Cand\u00e1s 365\" \/>\n\t\t<meta name=\"twitter:label2\" content=\"Tiempo de lectura estimado\" \/>\n\t\t<meta name=\"twitter:data2\" content=\"2 minutos\" \/>\n\t\t<script type=\"application\/ld+json\" class=\"aioseo-schema\">\n\t\t\t{\"@context\":\"https:\\\/\\\/schema.org\",\"@graph\":[{\"@type\":\"BreadcrumbList\",\"@id\":\"https:\\\/\\\/candas365.es\\\/noticias\\\/experimentar-la-utopia-barenboim-ultima-su-academia-en-berlin\\\/#breadcrumblist\",\"itemListElement\":[{\"@type\":\"ListItem\",\"@id\":\"https:\\\/\\\/candas365.es\\\/noticias#listItem\",\"position\":1,\"name\":\"Home\",\"item\":\"https:\\\/\\\/candas365.es\\\/noticias\",\"nextItem\":{\"@type\":\"ListItem\",\"@id\":\"https:\\\/\\\/candas365.es\\\/noticias\\\/category\\\/actualidad\\\/#listItem\",\"name\":\"Actualidad\"}},{\"@type\":\"ListItem\",\"@id\":\"https:\\\/\\\/candas365.es\\\/noticias\\\/category\\\/actualidad\\\/#listItem\",\"position\":2,\"name\":\"Actualidad\",\"item\":\"https:\\\/\\\/candas365.es\\\/noticias\\\/category\\\/actualidad\\\/\",\"nextItem\":{\"@type\":\"ListItem\",\"@id\":\"https:\\\/\\\/candas365.es\\\/noticias\\\/experimentar-la-utopia-barenboim-ultima-su-academia-en-berlin\\\/#listItem\",\"name\":\"\\u00abExperimentar la utop\\u00eda\\u00bb: Barenboim ultima su academia en Berl\\u00edn\"},\"previousItem\":{\"@type\":\"ListItem\",\"@id\":\"https:\\\/\\\/candas365.es\\\/noticias#listItem\",\"name\":\"Home\"}},{\"@type\":\"ListItem\",\"@id\":\"https:\\\/\\\/candas365.es\\\/noticias\\\/experimentar-la-utopia-barenboim-ultima-su-academia-en-berlin\\\/#listItem\",\"position\":3,\"name\":\"\\u00abExperimentar la utop\\u00eda\\u00bb: Barenboim ultima su academia en Berl\\u00edn\",\"previousItem\":{\"@type\":\"ListItem\",\"@id\":\"https:\\\/\\\/candas365.es\\\/noticias\\\/category\\\/actualidad\\\/#listItem\",\"name\":\"Actualidad\"}}]},{\"@type\":\"NewsArticle\",\"@id\":\"https:\\\/\\\/candas365.es\\\/noticias\\\/experimentar-la-utopia-barenboim-ultima-su-academia-en-berlin\\\/#newsarticle\",\"name\":\"\\u00abExperimentar la utop\\u00eda\\u00bb: Barenboim ultima su academia en Berl\\u00edn | Cand\\u00e1s 365\",\"headline\":\"\\u00abExperimentar la utop\\u00eda\\u00bb: Barenboim ultima su academia en Berl\\u00edn\",\"author\":{\"@id\":\"https:\\\/\\\/candas365.es\\\/noticias\\\/author\\\/admin\\\/#author\"},\"publisher\":{\"@id\":\"https:\\\/\\\/candas365.es\\\/noticias\\\/#organization\"},\"image\":{\"@type\":\"ImageObject\",\"url\":\"https:\\\/\\\/candas365.es\\\/noticias\\\/wp-content\\\/uploads\\\/2015\\\/09\\\/c365noticias.jpg\",\"width\":655,\"height\":360},\"datePublished\":\"2016-07-10T00:34:17+02:00\",\"dateModified\":\"2016-07-10T00:34:17+02:00\",\"inLanguage\":\"es-ES\",\"mainEntityOfPage\":{\"@id\":\"https:\\\/\\\/candas365.es\\\/noticias\\\/experimentar-la-utopia-barenboim-ultima-su-academia-en-berlin\\\/#webpage\"},\"isPartOf\":{\"@id\":\"https:\\\/\\\/candas365.es\\\/noticias\\\/experimentar-la-utopia-barenboim-ultima-su-academia-en-berlin\\\/#webpage\"},\"articleSection\":\"Actualidad\",\"dateline\":\"Publicado el julio 10, 2016.\"},{\"@type\":\"Organization\",\"@id\":\"https:\\\/\\\/candas365.es\\\/noticias\\\/#organization\",\"name\":\"Cand\\u00e1s 365\",\"description\":\"Cand\\u00e1s 365 es un diario digital independiente, fundado en 2012, con base en Asturias. Informamos con rigor sobre actualidad, sociedad, cultura y ocio, con una mirada local y global.\",\"url\":\"https:\\\/\\\/candas365.es\\\/noticias\\\/\",\"email\":\"info@candas365.es\",\"telephone\":\"+34652131393\",\"foundingDate\":\"2012-06-10\",\"logo\":{\"@type\":\"ImageObject\",\"url\":\"https:\\\/\\\/candas365.es\\\/noticias\\\/wp-content\\\/uploads\\\/2024\\\/09\\\/Candas-365-Redes.jpg\",\"@id\":\"https:\\\/\\\/candas365.es\\\/noticias\\\/experimentar-la-utopia-barenboim-ultima-su-academia-en-berlin\\\/#organizationLogo\",\"width\":1152,\"height\":864,\"caption\":\"Cand\\u00e1s 365 Redes\"},\"image\":{\"@id\":\"https:\\\/\\\/candas365.es\\\/noticias\\\/experimentar-la-utopia-barenboim-ultima-su-academia-en-berlin\\\/#organizationLogo\"},\"sameAs\":[\"https:\\\/\\\/www.facebook.com\\\/Nachofdezber\",\"https:\\\/\\\/x.com\\\/NabercoDigital\",\"https:\\\/\\\/www.instagram.com\\\/nachofdezber\\\/\",\"https:\\\/\\\/www.youtube.com\\\/channel\\\/UCZP-2wLEB9Rv6erhFmqVnvg\"],\"address\":{\"@id\":\"https:\\\/\\\/candas365.es\\\/noticias\\\/#postaladdress\",\"@type\":\"PostalAddress\",\"streetAddress\":\"san antonio 4, san antonio 4\",\"postalCode\":\"33430\",\"addressLocality\":\"Cand\\u00e1s\",\"addressRegion\":\"Asturias\",\"addressCountry\":\"ES\"}},{\"@type\":\"Person\",\"@id\":\"https:\\\/\\\/candas365.es\\\/noticias\\\/author\\\/admin\\\/#author\",\"url\":\"https:\\\/\\\/candas365.es\\\/noticias\\\/author\\\/admin\\\/\",\"name\":\"Cand\\u00e1s 365\",\"image\":{\"@type\":\"ImageObject\",\"@id\":\"https:\\\/\\\/candas365.es\\\/noticias\\\/experimentar-la-utopia-barenboim-ultima-su-academia-en-berlin\\\/#authorImage\",\"url\":\"https:\\\/\\\/secure.gravatar.com\\\/avatar\\\/496a8e03d0c493ede1718b7934145dbdf8d89be1036b0eec9544e1094c9de390?s=96&d=mm&r=g\",\"width\":96,\"height\":96,\"caption\":\"Cand\\u00e1s 365\"},\"sameAs\":[\"https:\\\/\\\/www.facebook.com\\\/carrenoactualidad\",\"https:\\\/\\\/twitter.com\\\/nbasturias\",\"https:\\\/\\\/www.instagram.com\\\/nachofdezber\\\/\",\"https:\\\/\\\/www.youtube.com\\\/channel\\\/UCZP-2wLEB9Rv6erhFmqVnvg\"]},{\"@type\":\"WebPage\",\"@id\":\"https:\\\/\\\/candas365.es\\\/noticias\\\/experimentar-la-utopia-barenboim-ultima-su-academia-en-berlin\\\/#webpage\",\"url\":\"https:\\\/\\\/candas365.es\\\/noticias\\\/experimentar-la-utopia-barenboim-ultima-su-academia-en-berlin\\\/\",\"name\":\"\\u00abExperimentar la utop\\u00eda\\u00bb: Barenboim ultima su academia en Berl\\u00edn | Cand\\u00e1s 365\",\"description\":\"Berl\\u00edn, 9 jul (dpa) - El argentino israel\\u00ed Daniel Barenboim ultima su academia en Berl\\u00edn en la que pronto j\\u00f3venes m\\u00fasicos \\u00e1rabes e israel\\u00edes podr\\u00e1n estudiar juntos en lo que es visto por el prestigioso director de orquesta y pianista como \\\"experimentar la utop\\u00eda\\\". En la Academia Barenboim-Said ser\\u00e1n formados lejos de la guerra y\",\"inLanguage\":\"es-ES\",\"isPartOf\":{\"@id\":\"https:\\\/\\\/candas365.es\\\/noticias\\\/#website\"},\"breadcrumb\":{\"@id\":\"https:\\\/\\\/candas365.es\\\/noticias\\\/experimentar-la-utopia-barenboim-ultima-su-academia-en-berlin\\\/#breadcrumblist\"},\"author\":{\"@id\":\"https:\\\/\\\/candas365.es\\\/noticias\\\/author\\\/admin\\\/#author\"},\"creator\":{\"@id\":\"https:\\\/\\\/candas365.es\\\/noticias\\\/author\\\/admin\\\/#author\"},\"image\":{\"@type\":\"ImageObject\",\"url\":\"https:\\\/\\\/candas365.es\\\/noticias\\\/wp-content\\\/uploads\\\/2015\\\/09\\\/c365noticias.jpg\",\"@id\":\"https:\\\/\\\/candas365.es\\\/noticias\\\/experimentar-la-utopia-barenboim-ultima-su-academia-en-berlin\\\/#mainImage\",\"width\":655,\"height\":360},\"primaryImageOfPage\":{\"@id\":\"https:\\\/\\\/candas365.es\\\/noticias\\\/experimentar-la-utopia-barenboim-ultima-su-academia-en-berlin\\\/#mainImage\"},\"datePublished\":\"2016-07-10T00:34:17+02:00\",\"dateModified\":\"2016-07-10T00:34:17+02:00\"},{\"@type\":\"WebSite\",\"@id\":\"https:\\\/\\\/candas365.es\\\/noticias\\\/#website\",\"url\":\"https:\\\/\\\/candas365.es\\\/noticias\\\/\",\"name\":\"Cand\\u00e1s 365\",\"alternateName\":\"Cand\\u00e1s 365 Noticias\",\"description\":\"Actualidad desde Carre\\u00f1o para el mundo\",\"inLanguage\":\"es-ES\",\"publisher\":{\"@id\":\"https:\\\/\\\/candas365.es\\\/noticias\\\/#organization\"}}]}\n\t\t<\/script>\n\t\t<!-- All in One SEO Pro -->\r\n\t\t<title>\u00abExperimentar la utop\u00eda\u00bb: Barenboim ultima su academia en Berl\u00edn | Cand\u00e1s 365<\/title>\n\n","aioseo_head_json":{"title":"\u00abExperimentar la utop\u00eda\u00bb: Barenboim ultima su academia en Berl\u00edn | Cand\u00e1s 365","description":"Berl\u00edn, 9 jul (dpa) - El argentino israel\u00ed Daniel Barenboim ultima su academia en Berl\u00edn en la que pronto j\u00f3venes m\u00fasicos \u00e1rabes e israel\u00edes podr\u00e1n estudiar juntos en lo que es visto por el prestigioso director de orquesta y pianista como \"experimentar la utop\u00eda\". En la Academia Barenboim-Said ser\u00e1n formados lejos de la guerra y","canonical_url":"https:\/\/candas365.es\/noticias\/experimentar-la-utopia-barenboim-ultima-su-academia-en-berlin\/","robots":"max-image-preview:large","keywords":"actualidad","webmasterTools":{"google-site-verification":"UA-32230408-1","msvalidate.01":"354F3CDFB2DA171B47FBE9ABF1F88D5","miscellaneous":""},"schema":{"@context":"https:\/\/schema.org","@graph":[{"@type":"BreadcrumbList","@id":"https:\/\/candas365.es\/noticias\/experimentar-la-utopia-barenboim-ultima-su-academia-en-berlin\/#breadcrumblist","itemListElement":[{"@type":"ListItem","@id":"https:\/\/candas365.es\/noticias#listItem","position":1,"name":"Home","item":"https:\/\/candas365.es\/noticias","nextItem":{"@type":"ListItem","@id":"https:\/\/candas365.es\/noticias\/category\/actualidad\/#listItem","name":"Actualidad"}},{"@type":"ListItem","@id":"https:\/\/candas365.es\/noticias\/category\/actualidad\/#listItem","position":2,"name":"Actualidad","item":"https:\/\/candas365.es\/noticias\/category\/actualidad\/","nextItem":{"@type":"ListItem","@id":"https:\/\/candas365.es\/noticias\/experimentar-la-utopia-barenboim-ultima-su-academia-en-berlin\/#listItem","name":"\u00abExperimentar la utop\u00eda\u00bb: Barenboim ultima su academia en Berl\u00edn"},"previousItem":{"@type":"ListItem","@id":"https:\/\/candas365.es\/noticias#listItem","name":"Home"}},{"@type":"ListItem","@id":"https:\/\/candas365.es\/noticias\/experimentar-la-utopia-barenboim-ultima-su-academia-en-berlin\/#listItem","position":3,"name":"\u00abExperimentar la utop\u00eda\u00bb: Barenboim ultima su academia en Berl\u00edn","previousItem":{"@type":"ListItem","@id":"https:\/\/candas365.es\/noticias\/category\/actualidad\/#listItem","name":"Actualidad"}}]},{"@type":"NewsArticle","@id":"https:\/\/candas365.es\/noticias\/experimentar-la-utopia-barenboim-ultima-su-academia-en-berlin\/#newsarticle","name":"\u00abExperimentar la utop\u00eda\u00bb: Barenboim ultima su academia en Berl\u00edn | Cand\u00e1s 365","headline":"\u00abExperimentar la utop\u00eda\u00bb: Barenboim ultima su academia en Berl\u00edn","author":{"@id":"https:\/\/candas365.es\/noticias\/author\/admin\/#author"},"publisher":{"@id":"https:\/\/candas365.es\/noticias\/#organization"},"image":{"@type":"ImageObject","url":"https:\/\/candas365.es\/noticias\/wp-content\/uploads\/2015\/09\/c365noticias.jpg","width":655,"height":360},"datePublished":"2016-07-10T00:34:17+02:00","dateModified":"2016-07-10T00:34:17+02:00","inLanguage":"es-ES","mainEntityOfPage":{"@id":"https:\/\/candas365.es\/noticias\/experimentar-la-utopia-barenboim-ultima-su-academia-en-berlin\/#webpage"},"isPartOf":{"@id":"https:\/\/candas365.es\/noticias\/experimentar-la-utopia-barenboim-ultima-su-academia-en-berlin\/#webpage"},"articleSection":"Actualidad","dateline":"Publicado el julio 10, 2016."},{"@type":"Organization","@id":"https:\/\/candas365.es\/noticias\/#organization","name":"Cand\u00e1s 365","description":"Cand\u00e1s 365 es un diario digital independiente, fundado en 2012, con base en Asturias. Informamos con rigor sobre actualidad, sociedad, cultura y ocio, con una mirada local y global.","url":"https:\/\/candas365.es\/noticias\/","email":"info@candas365.es","telephone":"+34652131393","foundingDate":"2012-06-10","logo":{"@type":"ImageObject","url":"https:\/\/candas365.es\/noticias\/wp-content\/uploads\/2024\/09\/Candas-365-Redes.jpg","@id":"https:\/\/candas365.es\/noticias\/experimentar-la-utopia-barenboim-ultima-su-academia-en-berlin\/#organizationLogo","width":1152,"height":864,"caption":"Cand\u00e1s 365 Redes"},"image":{"@id":"https:\/\/candas365.es\/noticias\/experimentar-la-utopia-barenboim-ultima-su-academia-en-berlin\/#organizationLogo"},"sameAs":["https:\/\/www.facebook.com\/Nachofdezber","https:\/\/x.com\/NabercoDigital","https:\/\/www.instagram.com\/nachofdezber\/","https:\/\/www.youtube.com\/channel\/UCZP-2wLEB9Rv6erhFmqVnvg"],"address":{"@id":"https:\/\/candas365.es\/noticias\/#postaladdress","@type":"PostalAddress","streetAddress":"san antonio 4, san antonio 4","postalCode":"33430","addressLocality":"Cand\u00e1s","addressRegion":"Asturias","addressCountry":"ES"}},{"@type":"Person","@id":"https:\/\/candas365.es\/noticias\/author\/admin\/#author","url":"https:\/\/candas365.es\/noticias\/author\/admin\/","name":"Cand\u00e1s 365","image":{"@type":"ImageObject","@id":"https:\/\/candas365.es\/noticias\/experimentar-la-utopia-barenboim-ultima-su-academia-en-berlin\/#authorImage","url":"https:\/\/secure.gravatar.com\/avatar\/496a8e03d0c493ede1718b7934145dbdf8d89be1036b0eec9544e1094c9de390?s=96&d=mm&r=g","width":96,"height":96,"caption":"Cand\u00e1s 365"},"sameAs":["https:\/\/www.facebook.com\/carrenoactualidad","https:\/\/twitter.com\/nbasturias","https:\/\/www.instagram.com\/nachofdezber\/","https:\/\/www.youtube.com\/channel\/UCZP-2wLEB9Rv6erhFmqVnvg"]},{"@type":"WebPage","@id":"https:\/\/candas365.es\/noticias\/experimentar-la-utopia-barenboim-ultima-su-academia-en-berlin\/#webpage","url":"https:\/\/candas365.es\/noticias\/experimentar-la-utopia-barenboim-ultima-su-academia-en-berlin\/","name":"\u00abExperimentar la utop\u00eda\u00bb: Barenboim ultima su academia en Berl\u00edn | Cand\u00e1s 365","description":"Berl\u00edn, 9 jul (dpa) - El argentino israel\u00ed Daniel Barenboim ultima su academia en Berl\u00edn en la que pronto j\u00f3venes m\u00fasicos \u00e1rabes e israel\u00edes podr\u00e1n estudiar juntos en lo que es visto por el prestigioso director de orquesta y pianista como \"experimentar la utop\u00eda\". En la Academia Barenboim-Said ser\u00e1n formados lejos de la guerra y","inLanguage":"es-ES","isPartOf":{"@id":"https:\/\/candas365.es\/noticias\/#website"},"breadcrumb":{"@id":"https:\/\/candas365.es\/noticias\/experimentar-la-utopia-barenboim-ultima-su-academia-en-berlin\/#breadcrumblist"},"author":{"@id":"https:\/\/candas365.es\/noticias\/author\/admin\/#author"},"creator":{"@id":"https:\/\/candas365.es\/noticias\/author\/admin\/#author"},"image":{"@type":"ImageObject","url":"https:\/\/candas365.es\/noticias\/wp-content\/uploads\/2015\/09\/c365noticias.jpg","@id":"https:\/\/candas365.es\/noticias\/experimentar-la-utopia-barenboim-ultima-su-academia-en-berlin\/#mainImage","width":655,"height":360},"primaryImageOfPage":{"@id":"https:\/\/candas365.es\/noticias\/experimentar-la-utopia-barenboim-ultima-su-academia-en-berlin\/#mainImage"},"datePublished":"2016-07-10T00:34:17+02:00","dateModified":"2016-07-10T00:34:17+02:00"},{"@type":"WebSite","@id":"https:\/\/candas365.es\/noticias\/#website","url":"https:\/\/candas365.es\/noticias\/","name":"Cand\u00e1s 365","alternateName":"Cand\u00e1s 365 Noticias","description":"Actualidad desde Carre\u00f1o para el mundo","inLanguage":"es-ES","publisher":{"@id":"https:\/\/candas365.es\/noticias\/#organization"}}]},"og:locale":"es_ES","og:site_name":"Cand\u00e1s 365","og:type":"article","og:title":"\u00abExperimentar la utop\u00eda\u00bb: Barenboim ultima su academia en Berl\u00edn | Cand\u00e1s 365","og:description":"Berl\u00edn, 9 jul (dpa) - El argentino israel\u00ed Daniel Barenboim ultima su academia en Berl\u00edn en la que pronto j\u00f3venes m\u00fasicos \u00e1rabes e israel\u00edes podr\u00e1n estudiar juntos en lo que es visto por el prestigioso director de orquesta y pianista como &quot;experimentar la utop\u00eda&quot;. En la Academia Barenboim-Said ser\u00e1n formados lejos de la guerra y","og:url":"https:\/\/candas365.es\/noticias\/experimentar-la-utopia-barenboim-ultima-su-academia-en-berlin\/","og:image":"https:\/\/candas365.es\/noticias\/wp-content\/uploads\/2015\/09\/c365noticias.jpg","og:image:secure_url":"https:\/\/candas365.es\/noticias\/wp-content\/uploads\/2015\/09\/c365noticias.jpg","og:image:width":655,"og:image:height":360,"article:published_time":"2016-07-09T23:04:17+00:00","article:modified_time":"2016-07-09T23:04:17+00:00","article:publisher":"https:\/\/www.facebook.com\/Nachofdezber","article:author":"https:\/\/www.facebook.com\/carrenoactualidad","twitter:card":"summary_large_image","twitter:site":"@NabercoDigital","twitter:title":"\u00abExperimentar la utop\u00eda\u00bb: Barenboim ultima su academia en Berl\u00edn | Cand\u00e1s 365","twitter:description":"Berl\u00edn, 9 jul (dpa) - El argentino israel\u00ed Daniel Barenboim ultima su academia en Berl\u00edn en la que pronto j\u00f3venes m\u00fasicos \u00e1rabes e israel\u00edes podr\u00e1n estudiar juntos en lo que es visto por el prestigioso director de orquesta y pianista como &quot;experimentar la utop\u00eda&quot;. En la Academia Barenboim-Said ser\u00e1n formados lejos de la guerra y","twitter:creator":"@nbasturias","twitter:image":"https:\/\/candas365.es\/noticias\/wp-content\/uploads\/2015\/09\/c365noticias.jpg","twitter:label1":"Escrito por","twitter:data1":"Cand\u00e1s 365","twitter:label2":"Tiempo de lectura estimado","twitter:data2":"2 minutos"},"aioseo_meta_data":{"post_id":"31702","title":null,"description":null,"keywords":null,"keyphrases":null,"primary_term":null,"canonical_url":null,"og_title":null,"og_description":null,"og_object_type":"default","og_image_type":"default","og_image_url":null,"og_image_width":null,"og_image_height":null,"og_image_custom_url":null,"og_image_custom_fields":null,"og_video":null,"og_custom_url":null,"og_article_section":null,"og_article_tags":null,"twitter_use_og":false,"twitter_card":"default","twitter_image_type":"default","twitter_image_url":null,"twitter_image_custom_url":null,"twitter_image_custom_fields":null,"twitter_title":null,"twitter_description":null,"schema":{"blockGraphs":[],"customGraphs":[],"default":{"data":{"Article":[],"Course":[],"Dataset":[],"FAQPage":[],"Movie":[],"Person":[],"Product":[],"ProductReview":[],"Car":[],"Recipe":[],"Service":[],"SoftwareApplication":[],"WebPage":[]},"graphName":"","isEnabled":true},"graphs":[],"defaultGraph":"","defaultPostTypeGraph":""},"schema_type":null,"schema_type_options":null,"pillar_content":false,"robots_default":true,"robots_noindex":false,"robots_noarchive":false,"robots_nosnippet":false,"robots_nofollow":false,"robots_noimageindex":false,"robots_noodp":false,"robots_notranslate":false,"robots_max_snippet":null,"robots_max_videopreview":null,"robots_max_imagepreview":"large","priority":null,"frequency":null,"location":null,"local_seo":null,"seo_analyzer_scan_date":"2025-08-24 14:16:13","breadcrumb_settings":null,"limit_modified_date":false,"reviewed_by":null,"open_ai":null,"ai":null,"created":"2020-12-21 13:01:46","updated":"2025-08-24 14:16:13"},"aioseo_breadcrumb":"<div class=\"aioseo-breadcrumbs\"><span class=\"aioseo-breadcrumb\">\n\t<a href=\"https:\/\/candas365.es\/noticias\" title=\"Home\">Home<\/a>\n<\/span><span class=\"aioseo-breadcrumb-separator\">&ndash;<\/span><span class=\"aioseo-breadcrumb\">\n\t<a href=\"https:\/\/candas365.es\/noticias\/category\/actualidad\/\" title=\"Actualidad\">Actualidad<\/a>\n<\/span><span class=\"aioseo-breadcrumb-separator\">&ndash;<\/span><span class=\"aioseo-breadcrumb\">\n\t\u00abExperimentar la utop\u00eda\u00bb: Barenboim ultima su academia en Berl\u00edn\n<\/span><\/div>","aioseo_breadcrumb_json":[{"label":"Home","link":"https:\/\/candas365.es\/noticias"},{"label":"Actualidad","link":"https:\/\/candas365.es\/noticias\/category\/actualidad\/"},{"label":"\u00abExperimentar la utop\u00eda\u00bb: Barenboim ultima su academia en Berl\u00edn","link":"https:\/\/candas365.es\/noticias\/experimentar-la-utopia-barenboim-ultima-su-academia-en-berlin\/"}],"_links":{"self":[{"href":"https:\/\/candas365.es\/noticias\/wp-json\/wp\/v2\/posts\/31702","targetHints":{"allow":["GET"]}}],"collection":[{"href":"https:\/\/candas365.es\/noticias\/wp-json\/wp\/v2\/posts"}],"about":[{"href":"https:\/\/candas365.es\/noticias\/wp-json\/wp\/v2\/types\/post"}],"author":[{"embeddable":true,"href":"https:\/\/candas365.es\/noticias\/wp-json\/wp\/v2\/users\/1"}],"replies":[{"embeddable":true,"href":"https:\/\/candas365.es\/noticias\/wp-json\/wp\/v2\/comments?post=31702"}],"version-history":[{"count":0,"href":"https:\/\/candas365.es\/noticias\/wp-json\/wp\/v2\/posts\/31702\/revisions"}],"wp:featuredmedia":[{"embeddable":true,"href":"https:\/\/candas365.es\/noticias\/wp-json\/wp\/v2\/media\/16457"}],"wp:attachment":[{"href":"https:\/\/candas365.es\/noticias\/wp-json\/wp\/v2\/media?parent=31702"}],"wp:term":[{"taxonomy":"category","embeddable":true,"href":"https:\/\/candas365.es\/noticias\/wp-json\/wp\/v2\/categories?post=31702"},{"taxonomy":"post_tag","embeddable":true,"href":"https:\/\/candas365.es\/noticias\/wp-json\/wp\/v2\/tags?post=31702"}],"curies":[{"name":"wp","href":"https:\/\/api.w.org\/{rel}","templated":true}]}}