{"id":31667,"date":"2016-07-08T23:18:52","date_gmt":"2016-07-08T21:48:52","guid":{"rendered":"http:\/\/candas365.es\/noticias\/?p=31667"},"modified":"2016-07-08T23:18:52","modified_gmt":"2016-07-08T21:48:52","slug":"alemania-sufre-de-lo-mismo-que-espana-falta-de-gol","status":"publish","type":"post","link":"https:\/\/candas365.es\/noticias\/alemania-sufre-de-lo-mismo-que-espana-falta-de-gol\/","title":{"rendered":"Alemania sufre de lo mismo que Espa\u00f1a: falta de gol"},"content":{"rendered":"<p>Marsella (Francia), 8 jul (dpa) &#8211; Sin goles de los delanteros no se puede. Alemania sufre del mismo problema que Espa\u00f1a: domina los partidos, apabulla en la posesi\u00f3n, pero le falta efectividad ante el arco contrario.<\/p>\n<p>El \u00fanico acierto total en la derrota por 2-0 ante Francia en las semifinales de la Eurocopa de f\u00fatbol de Francia lo tuvo el jueves Mats Hummels en su an\u00e1lisis del partido.<\/p>\n<p>\u00bfA qui\u00e9n ech\u00f3 m\u00e1s en falta el equipo -le preguntaron al defensa, que no jug\u00f3 por sanci\u00f3n, en las catacumbas del estadio de Masella-, a \u00e9l o al lesionado Mario G\u00f3mez?<\/p>\n<p>\u00ab\u00a1A Mario!\u00bb, respondi\u00f3 sin dudar. \u00abDefensivamente no hicimos un mal trabajo. Nos ha faltado sobre todo alguien que meta el bal\u00f3n dentro\u00bb.<\/p>\n<p>La falta de gol fue el problema principal del campe\u00f3n del mundo en las semifinales, pero no s\u00f3lo en ese partido: siete goles en seis duelos son muy poco para ganar la Eurocopa. <\/p>\n<p>Mucha posesi\u00f3n, muchos ataques y suficientes ocasiones, pero ning\u00fan resultado. Una deficiencia con la que convive Espa\u00f1a, uno de los principales ejemplos sobre los que Joachim L\u00f6w construy\u00f3 su nueva Alemania, desde hace tiempo.<\/p>\n<p>\u00abNo dir\u00eda que es incapacidad. Tuvimos algo de mala suerte ante el arco\u00bb, dijo el arquero Manuel Neuer. \u00abSi algo podemos reprocharnos -a\u00f1adi\u00f3 el centrocampista Toni Kroos- es no haber sido tan fr\u00edos y no haber aprovechado nuestras oportunidades como hace dos a\u00f1os (en el Mundial)\u00bb.<\/p>\n<p>En Brasil, Alemania logr\u00f3 18 goles en siete partidos, 13 de los delanteros, de los que cinco fueron de Thomas M\u00fcller. El delantero del Bayern M\u00fanich, sin embargo, no pudo cubrir la ausencia de Gomez ante Francia y termin\u00f3 el torneo sin romper la \u00abmaldici\u00f3n\u00bb en las Eurocopas, donde no ha marcado ning\u00fan gol en dos ediciones.<\/p>\n<p>La falta de efectividad afecta al equipo desde la fase de clasificaci\u00f3n al torneo europeo, algo de lo que L\u00f6w se quej\u00f3 repetidamente. Una de sus principales tareas camino de Rusia 2018 ser\u00e1 mejorar eso. <\/p>\n<p>\u00abPero no s\u00e9 muy bien c\u00f3mo se puede entrenar algo as\u00ed\u00bb, admiti\u00f3 Hummels.<\/p>\n<p>Se trata tambi\u00e9n de una cuesti\u00f3n de sistema y elecci\u00f3n de jugadores. La Eurocopa demostr\u00f3 que delanteros centro como G\u00f3mez siguen siendo insustituibles. El falso nueve con Mario G\u00f6tze no funciona m\u00e1s ante las grandes selecciones. <\/p>\n<p>\u00abCuando los equipos se encierran tanto atr\u00e1s, alguien como Mario, que irradia potencia f\u00edsica, presencia y juego a\u00e9reo, viene muy bien\u00bb, insisti\u00f3 Hummels. \u00abAhora nos vamos a casa y en dos a\u00f1os lo intentaremos de nuevo\u00bb.<\/p>\n<p>Por Klaus Bergmann <\/p>\n","protected":false},"excerpt":{"rendered":"<p>Marsella (Francia), 8 jul (dpa) &#8211; Sin goles de los delanteros no se puede. Alemania sufre del mismo problema que Espa\u00f1a: domina los partidos, apabulla en la posesi\u00f3n, pero le falta efectividad ante el arco contrario. El \u00fanico acierto total en la derrota por 2-0 ante Francia en las semifinales de la Eurocopa de f\u00fatbol<\/p>\n","protected":false},"author":1,"featured_media":29884,"comment_status":"closed","ping_status":"closed","sticky":false,"template":"","format":"standard","meta":{"footnotes":""},"categories":[343],"tags":[],"class_list":{"0":"post-31667","1":"post","2":"type-post","3":"status-publish","4":"format-standard","5":"has-post-thumbnail","7":"category-actualidad"},"aioseo_notices":[],"aioseo_head":"\n\t\t<!-- All in One SEO Pro 4.9.6.2 - aioseo.com -->\n\t<meta name=\"description\" content=\"Marsella (Francia), 8 jul (dpa) - Sin goles de los delanteros no se puede. Alemania sufre del mismo problema que Espa\u00f1a: domina los partidos, apabulla en la posesi\u00f3n, pero le falta efectividad ante el arco contrario. El \u00fanico acierto total en la derrota por 2-0 ante Francia en las semifinales de la Eurocopa de f\u00fatbol\" \/>\n\t<meta name=\"robots\" content=\"max-image-preview:large\" \/>\n\t<meta name=\"author\" content=\"Cand\u00e1s 365\"\/>\n\t<meta name=\"google-site-verification\" content=\"UA-32230408-1\" \/>\n\t<meta name=\"msvalidate.01\" content=\"354F3CDFB2DA171B47FBE9ABF1F88D5\" \/>\n\t<meta name=\"keywords\" content=\"actualidad\" \/>\n\t<link rel=\"canonical\" href=\"https:\/\/candas365.es\/noticias\/alemania-sufre-de-lo-mismo-que-espana-falta-de-gol\/\" \/>\n\t<meta name=\"generator\" content=\"All in One SEO Pro (AIOSEO) 4.9.6.2\" \/>\n\t\t<meta property=\"og:locale\" content=\"es_ES\" \/>\n\t\t<meta property=\"og:site_name\" content=\"Cand\u00e1s 365\" \/>\n\t\t<meta property=\"og:type\" content=\"article\" \/>\n\t\t<meta property=\"og:title\" content=\"Alemania sufre de lo mismo que Espa\u00f1a: falta de gol | Cand\u00e1s 365\" \/>\n\t\t<meta property=\"og:description\" content=\"Marsella (Francia), 8 jul (dpa) - Sin goles de los delanteros no se puede. Alemania sufre del mismo problema que Espa\u00f1a: domina los partidos, apabulla en la posesi\u00f3n, pero le falta efectividad ante el arco contrario. El \u00fanico acierto total en la derrota por 2-0 ante Francia en las semifinales de la Eurocopa de f\u00fatbol\" \/>\n\t\t<meta property=\"og:url\" content=\"https:\/\/candas365.es\/noticias\/alemania-sufre-de-lo-mismo-que-espana-falta-de-gol\/\" \/>\n\t\t<meta property=\"og:image\" content=\"https:\/\/candas365.es\/noticias\/wp-content\/uploads\/2016\/06\/euro2016.jpg\" \/>\n\t\t<meta property=\"og:image:secure_url\" content=\"https:\/\/candas365.es\/noticias\/wp-content\/uploads\/2016\/06\/euro2016.jpg\" \/>\n\t\t<meta property=\"og:image:width\" content=\"800\" \/>\n\t\t<meta property=\"og:image:height\" content=\"478\" \/>\n\t\t<meta property=\"article:published_time\" content=\"2016-07-08T21:48:52+00:00\" \/>\n\t\t<meta property=\"article:modified_time\" content=\"2016-07-08T21:48:52+00:00\" \/>\n\t\t<meta property=\"article:publisher\" content=\"https:\/\/www.facebook.com\/Nachofdezber\" \/>\n\t\t<meta property=\"article:author\" content=\"https:\/\/www.facebook.com\/carrenoactualidad\" \/>\n\t\t<meta name=\"twitter:card\" content=\"summary_large_image\" \/>\n\t\t<meta name=\"twitter:site\" content=\"@NabercoDigital\" \/>\n\t\t<meta name=\"twitter:title\" content=\"Alemania sufre de lo mismo que Espa\u00f1a: falta de gol | Cand\u00e1s 365\" \/>\n\t\t<meta name=\"twitter:description\" content=\"Marsella (Francia), 8 jul (dpa) - Sin goles de los delanteros no se puede. Alemania sufre del mismo problema que Espa\u00f1a: domina los partidos, apabulla en la posesi\u00f3n, pero le falta efectividad ante el arco contrario. El \u00fanico acierto total en la derrota por 2-0 ante Francia en las semifinales de la Eurocopa de f\u00fatbol\" \/>\n\t\t<meta name=\"twitter:creator\" content=\"@nbasturias\" \/>\n\t\t<meta name=\"twitter:image\" content=\"https:\/\/candas365.es\/noticias\/wp-content\/uploads\/2016\/06\/euro2016.jpg\" \/>\n\t\t<meta name=\"twitter:label1\" content=\"Escrito por\" \/>\n\t\t<meta name=\"twitter:data1\" content=\"Cand\u00e1s 365\" \/>\n\t\t<meta name=\"twitter:label2\" content=\"Tiempo de lectura estimado\" \/>\n\t\t<meta name=\"twitter:data2\" content=\"2 minutos\" \/>\n\t\t<script type=\"application\/ld+json\" class=\"aioseo-schema\">\n\t\t\t{\"@context\":\"https:\\\/\\\/schema.org\",\"@graph\":[{\"@type\":\"BreadcrumbList\",\"@id\":\"https:\\\/\\\/candas365.es\\\/noticias\\\/alemania-sufre-de-lo-mismo-que-espana-falta-de-gol\\\/#breadcrumblist\",\"itemListElement\":[{\"@type\":\"ListItem\",\"@id\":\"https:\\\/\\\/candas365.es\\\/noticias#listItem\",\"position\":1,\"name\":\"Home\",\"item\":\"https:\\\/\\\/candas365.es\\\/noticias\",\"nextItem\":{\"@type\":\"ListItem\",\"@id\":\"https:\\\/\\\/candas365.es\\\/noticias\\\/category\\\/actualidad\\\/#listItem\",\"name\":\"Actualidad\"}},{\"@type\":\"ListItem\",\"@id\":\"https:\\\/\\\/candas365.es\\\/noticias\\\/category\\\/actualidad\\\/#listItem\",\"position\":2,\"name\":\"Actualidad\",\"item\":\"https:\\\/\\\/candas365.es\\\/noticias\\\/category\\\/actualidad\\\/\",\"nextItem\":{\"@type\":\"ListItem\",\"@id\":\"https:\\\/\\\/candas365.es\\\/noticias\\\/alemania-sufre-de-lo-mismo-que-espana-falta-de-gol\\\/#listItem\",\"name\":\"Alemania sufre de lo mismo que Espa\\u00f1a: falta de gol\"},\"previousItem\":{\"@type\":\"ListItem\",\"@id\":\"https:\\\/\\\/candas365.es\\\/noticias#listItem\",\"name\":\"Home\"}},{\"@type\":\"ListItem\",\"@id\":\"https:\\\/\\\/candas365.es\\\/noticias\\\/alemania-sufre-de-lo-mismo-que-espana-falta-de-gol\\\/#listItem\",\"position\":3,\"name\":\"Alemania sufre de lo mismo que Espa\\u00f1a: falta de gol\",\"previousItem\":{\"@type\":\"ListItem\",\"@id\":\"https:\\\/\\\/candas365.es\\\/noticias\\\/category\\\/actualidad\\\/#listItem\",\"name\":\"Actualidad\"}}]},{\"@type\":\"NewsArticle\",\"@id\":\"https:\\\/\\\/candas365.es\\\/noticias\\\/alemania-sufre-de-lo-mismo-que-espana-falta-de-gol\\\/#newsarticle\",\"name\":\"Alemania sufre de lo mismo que Espa\\u00f1a: falta de gol | Cand\\u00e1s 365\",\"headline\":\"Alemania sufre de lo mismo que Espa\\u00f1a: falta de gol\",\"author\":{\"@id\":\"https:\\\/\\\/candas365.es\\\/noticias\\\/author\\\/admin\\\/#author\"},\"publisher\":{\"@id\":\"https:\\\/\\\/candas365.es\\\/noticias\\\/#organization\"},\"image\":{\"@type\":\"ImageObject\",\"url\":\"https:\\\/\\\/candas365.es\\\/noticias\\\/wp-content\\\/uploads\\\/2016\\\/06\\\/euro2016.jpg\",\"width\":800,\"height\":478},\"datePublished\":\"2016-07-08T23:18:52+02:00\",\"dateModified\":\"2016-07-08T23:18:52+02:00\",\"inLanguage\":\"es-ES\",\"mainEntityOfPage\":{\"@id\":\"https:\\\/\\\/candas365.es\\\/noticias\\\/alemania-sufre-de-lo-mismo-que-espana-falta-de-gol\\\/#webpage\"},\"isPartOf\":{\"@id\":\"https:\\\/\\\/candas365.es\\\/noticias\\\/alemania-sufre-de-lo-mismo-que-espana-falta-de-gol\\\/#webpage\"},\"articleSection\":\"Actualidad\",\"dateline\":\"Publicado el julio 8, 2016.\"},{\"@type\":\"Organization\",\"@id\":\"https:\\\/\\\/candas365.es\\\/noticias\\\/#organization\",\"name\":\"Cand\\u00e1s 365\",\"description\":\"Cand\\u00e1s 365 es un diario digital independiente, fundado en 2012, con base en Asturias. Informamos con rigor sobre actualidad, sociedad, cultura y ocio, con una mirada local y global.\",\"url\":\"https:\\\/\\\/candas365.es\\\/noticias\\\/\",\"email\":\"info@candas365.es\",\"telephone\":\"+34652131393\",\"foundingDate\":\"2012-06-10\",\"logo\":{\"@type\":\"ImageObject\",\"url\":\"https:\\\/\\\/candas365.es\\\/noticias\\\/wp-content\\\/uploads\\\/2024\\\/09\\\/Candas-365-Redes.jpg\",\"@id\":\"https:\\\/\\\/candas365.es\\\/noticias\\\/alemania-sufre-de-lo-mismo-que-espana-falta-de-gol\\\/#organizationLogo\",\"width\":1152,\"height\":864,\"caption\":\"Cand\\u00e1s 365 Redes\"},\"image\":{\"@id\":\"https:\\\/\\\/candas365.es\\\/noticias\\\/alemania-sufre-de-lo-mismo-que-espana-falta-de-gol\\\/#organizationLogo\"},\"sameAs\":[\"https:\\\/\\\/www.facebook.com\\\/Nachofdezber\",\"https:\\\/\\\/x.com\\\/NabercoDigital\",\"https:\\\/\\\/www.instagram.com\\\/nachofdezber\\\/\",\"https:\\\/\\\/www.youtube.com\\\/channel\\\/UCZP-2wLEB9Rv6erhFmqVnvg\"],\"address\":{\"@id\":\"https:\\\/\\\/candas365.es\\\/noticias\\\/#postaladdress\",\"@type\":\"PostalAddress\",\"streetAddress\":\"san antonio 4, san antonio 4\",\"postalCode\":\"33430\",\"addressLocality\":\"Cand\\u00e1s\",\"addressRegion\":\"Asturias\",\"addressCountry\":\"ES\"}},{\"@type\":\"Person\",\"@id\":\"https:\\\/\\\/candas365.es\\\/noticias\\\/author\\\/admin\\\/#author\",\"url\":\"https:\\\/\\\/candas365.es\\\/noticias\\\/author\\\/admin\\\/\",\"name\":\"Cand\\u00e1s 365\",\"image\":{\"@type\":\"ImageObject\",\"@id\":\"https:\\\/\\\/candas365.es\\\/noticias\\\/alemania-sufre-de-lo-mismo-que-espana-falta-de-gol\\\/#authorImage\",\"url\":\"https:\\\/\\\/secure.gravatar.com\\\/avatar\\\/496a8e03d0c493ede1718b7934145dbdf8d89be1036b0eec9544e1094c9de390?s=96&d=mm&r=g\",\"width\":96,\"height\":96,\"caption\":\"Cand\\u00e1s 365\"},\"sameAs\":[\"https:\\\/\\\/www.facebook.com\\\/carrenoactualidad\",\"https:\\\/\\\/twitter.com\\\/nbasturias\",\"https:\\\/\\\/www.instagram.com\\\/nachofdezber\\\/\",\"https:\\\/\\\/www.youtube.com\\\/channel\\\/UCZP-2wLEB9Rv6erhFmqVnvg\"]},{\"@type\":\"WebPage\",\"@id\":\"https:\\\/\\\/candas365.es\\\/noticias\\\/alemania-sufre-de-lo-mismo-que-espana-falta-de-gol\\\/#webpage\",\"url\":\"https:\\\/\\\/candas365.es\\\/noticias\\\/alemania-sufre-de-lo-mismo-que-espana-falta-de-gol\\\/\",\"name\":\"Alemania sufre de lo mismo que Espa\\u00f1a: falta de gol | Cand\\u00e1s 365\",\"description\":\"Marsella (Francia), 8 jul (dpa) - Sin goles de los delanteros no se puede. Alemania sufre del mismo problema que Espa\\u00f1a: domina los partidos, apabulla en la posesi\\u00f3n, pero le falta efectividad ante el arco contrario. El \\u00fanico acierto total en la derrota por 2-0 ante Francia en las semifinales de la Eurocopa de f\\u00fatbol\",\"inLanguage\":\"es-ES\",\"isPartOf\":{\"@id\":\"https:\\\/\\\/candas365.es\\\/noticias\\\/#website\"},\"breadcrumb\":{\"@id\":\"https:\\\/\\\/candas365.es\\\/noticias\\\/alemania-sufre-de-lo-mismo-que-espana-falta-de-gol\\\/#breadcrumblist\"},\"author\":{\"@id\":\"https:\\\/\\\/candas365.es\\\/noticias\\\/author\\\/admin\\\/#author\"},\"creator\":{\"@id\":\"https:\\\/\\\/candas365.es\\\/noticias\\\/author\\\/admin\\\/#author\"},\"image\":{\"@type\":\"ImageObject\",\"url\":\"https:\\\/\\\/candas365.es\\\/noticias\\\/wp-content\\\/uploads\\\/2016\\\/06\\\/euro2016.jpg\",\"@id\":\"https:\\\/\\\/candas365.es\\\/noticias\\\/alemania-sufre-de-lo-mismo-que-espana-falta-de-gol\\\/#mainImage\",\"width\":800,\"height\":478},\"primaryImageOfPage\":{\"@id\":\"https:\\\/\\\/candas365.es\\\/noticias\\\/alemania-sufre-de-lo-mismo-que-espana-falta-de-gol\\\/#mainImage\"},\"datePublished\":\"2016-07-08T23:18:52+02:00\",\"dateModified\":\"2016-07-08T23:18:52+02:00\"},{\"@type\":\"WebSite\",\"@id\":\"https:\\\/\\\/candas365.es\\\/noticias\\\/#website\",\"url\":\"https:\\\/\\\/candas365.es\\\/noticias\\\/\",\"name\":\"Cand\\u00e1s 365\",\"alternateName\":\"Cand\\u00e1s 365 Noticias\",\"description\":\"Actualidad desde Carre\\u00f1o para el mundo\",\"inLanguage\":\"es-ES\",\"publisher\":{\"@id\":\"https:\\\/\\\/candas365.es\\\/noticias\\\/#organization\"}}]}\n\t\t<\/script>\n\t\t<!-- All in One SEO Pro -->\r\n\t\t<title>Alemania sufre de lo mismo que Espa\u00f1a: falta de gol | Cand\u00e1s 365<\/title>\n\n","aioseo_head_json":{"title":"Alemania sufre de lo mismo que Espa\u00f1a: falta de gol | Cand\u00e1s 365","description":"Marsella (Francia), 8 jul (dpa) - Sin goles de los delanteros no se puede. Alemania sufre del mismo problema que Espa\u00f1a: domina los partidos, apabulla en la posesi\u00f3n, pero le falta efectividad ante el arco contrario. El \u00fanico acierto total en la derrota por 2-0 ante Francia en las semifinales de la Eurocopa de f\u00fatbol","canonical_url":"https:\/\/candas365.es\/noticias\/alemania-sufre-de-lo-mismo-que-espana-falta-de-gol\/","robots":"max-image-preview:large","keywords":"actualidad","webmasterTools":{"google-site-verification":"UA-32230408-1","msvalidate.01":"354F3CDFB2DA171B47FBE9ABF1F88D5","miscellaneous":""},"schema":{"@context":"https:\/\/schema.org","@graph":[{"@type":"BreadcrumbList","@id":"https:\/\/candas365.es\/noticias\/alemania-sufre-de-lo-mismo-que-espana-falta-de-gol\/#breadcrumblist","itemListElement":[{"@type":"ListItem","@id":"https:\/\/candas365.es\/noticias#listItem","position":1,"name":"Home","item":"https:\/\/candas365.es\/noticias","nextItem":{"@type":"ListItem","@id":"https:\/\/candas365.es\/noticias\/category\/actualidad\/#listItem","name":"Actualidad"}},{"@type":"ListItem","@id":"https:\/\/candas365.es\/noticias\/category\/actualidad\/#listItem","position":2,"name":"Actualidad","item":"https:\/\/candas365.es\/noticias\/category\/actualidad\/","nextItem":{"@type":"ListItem","@id":"https:\/\/candas365.es\/noticias\/alemania-sufre-de-lo-mismo-que-espana-falta-de-gol\/#listItem","name":"Alemania sufre de lo mismo que Espa\u00f1a: falta de gol"},"previousItem":{"@type":"ListItem","@id":"https:\/\/candas365.es\/noticias#listItem","name":"Home"}},{"@type":"ListItem","@id":"https:\/\/candas365.es\/noticias\/alemania-sufre-de-lo-mismo-que-espana-falta-de-gol\/#listItem","position":3,"name":"Alemania sufre de lo mismo que Espa\u00f1a: falta de gol","previousItem":{"@type":"ListItem","@id":"https:\/\/candas365.es\/noticias\/category\/actualidad\/#listItem","name":"Actualidad"}}]},{"@type":"NewsArticle","@id":"https:\/\/candas365.es\/noticias\/alemania-sufre-de-lo-mismo-que-espana-falta-de-gol\/#newsarticle","name":"Alemania sufre de lo mismo que Espa\u00f1a: falta de gol | Cand\u00e1s 365","headline":"Alemania sufre de lo mismo que Espa\u00f1a: falta de gol","author":{"@id":"https:\/\/candas365.es\/noticias\/author\/admin\/#author"},"publisher":{"@id":"https:\/\/candas365.es\/noticias\/#organization"},"image":{"@type":"ImageObject","url":"https:\/\/candas365.es\/noticias\/wp-content\/uploads\/2016\/06\/euro2016.jpg","width":800,"height":478},"datePublished":"2016-07-08T23:18:52+02:00","dateModified":"2016-07-08T23:18:52+02:00","inLanguage":"es-ES","mainEntityOfPage":{"@id":"https:\/\/candas365.es\/noticias\/alemania-sufre-de-lo-mismo-que-espana-falta-de-gol\/#webpage"},"isPartOf":{"@id":"https:\/\/candas365.es\/noticias\/alemania-sufre-de-lo-mismo-que-espana-falta-de-gol\/#webpage"},"articleSection":"Actualidad","dateline":"Publicado el julio 8, 2016."},{"@type":"Organization","@id":"https:\/\/candas365.es\/noticias\/#organization","name":"Cand\u00e1s 365","description":"Cand\u00e1s 365 es un diario digital independiente, fundado en 2012, con base en Asturias. Informamos con rigor sobre actualidad, sociedad, cultura y ocio, con una mirada local y global.","url":"https:\/\/candas365.es\/noticias\/","email":"info@candas365.es","telephone":"+34652131393","foundingDate":"2012-06-10","logo":{"@type":"ImageObject","url":"https:\/\/candas365.es\/noticias\/wp-content\/uploads\/2024\/09\/Candas-365-Redes.jpg","@id":"https:\/\/candas365.es\/noticias\/alemania-sufre-de-lo-mismo-que-espana-falta-de-gol\/#organizationLogo","width":1152,"height":864,"caption":"Cand\u00e1s 365 Redes"},"image":{"@id":"https:\/\/candas365.es\/noticias\/alemania-sufre-de-lo-mismo-que-espana-falta-de-gol\/#organizationLogo"},"sameAs":["https:\/\/www.facebook.com\/Nachofdezber","https:\/\/x.com\/NabercoDigital","https:\/\/www.instagram.com\/nachofdezber\/","https:\/\/www.youtube.com\/channel\/UCZP-2wLEB9Rv6erhFmqVnvg"],"address":{"@id":"https:\/\/candas365.es\/noticias\/#postaladdress","@type":"PostalAddress","streetAddress":"san antonio 4, san antonio 4","postalCode":"33430","addressLocality":"Cand\u00e1s","addressRegion":"Asturias","addressCountry":"ES"}},{"@type":"Person","@id":"https:\/\/candas365.es\/noticias\/author\/admin\/#author","url":"https:\/\/candas365.es\/noticias\/author\/admin\/","name":"Cand\u00e1s 365","image":{"@type":"ImageObject","@id":"https:\/\/candas365.es\/noticias\/alemania-sufre-de-lo-mismo-que-espana-falta-de-gol\/#authorImage","url":"https:\/\/secure.gravatar.com\/avatar\/496a8e03d0c493ede1718b7934145dbdf8d89be1036b0eec9544e1094c9de390?s=96&d=mm&r=g","width":96,"height":96,"caption":"Cand\u00e1s 365"},"sameAs":["https:\/\/www.facebook.com\/carrenoactualidad","https:\/\/twitter.com\/nbasturias","https:\/\/www.instagram.com\/nachofdezber\/","https:\/\/www.youtube.com\/channel\/UCZP-2wLEB9Rv6erhFmqVnvg"]},{"@type":"WebPage","@id":"https:\/\/candas365.es\/noticias\/alemania-sufre-de-lo-mismo-que-espana-falta-de-gol\/#webpage","url":"https:\/\/candas365.es\/noticias\/alemania-sufre-de-lo-mismo-que-espana-falta-de-gol\/","name":"Alemania sufre de lo mismo que Espa\u00f1a: falta de gol | Cand\u00e1s 365","description":"Marsella (Francia), 8 jul (dpa) - Sin goles de los delanteros no se puede. Alemania sufre del mismo problema que Espa\u00f1a: domina los partidos, apabulla en la posesi\u00f3n, pero le falta efectividad ante el arco contrario. El \u00fanico acierto total en la derrota por 2-0 ante Francia en las semifinales de la Eurocopa de f\u00fatbol","inLanguage":"es-ES","isPartOf":{"@id":"https:\/\/candas365.es\/noticias\/#website"},"breadcrumb":{"@id":"https:\/\/candas365.es\/noticias\/alemania-sufre-de-lo-mismo-que-espana-falta-de-gol\/#breadcrumblist"},"author":{"@id":"https:\/\/candas365.es\/noticias\/author\/admin\/#author"},"creator":{"@id":"https:\/\/candas365.es\/noticias\/author\/admin\/#author"},"image":{"@type":"ImageObject","url":"https:\/\/candas365.es\/noticias\/wp-content\/uploads\/2016\/06\/euro2016.jpg","@id":"https:\/\/candas365.es\/noticias\/alemania-sufre-de-lo-mismo-que-espana-falta-de-gol\/#mainImage","width":800,"height":478},"primaryImageOfPage":{"@id":"https:\/\/candas365.es\/noticias\/alemania-sufre-de-lo-mismo-que-espana-falta-de-gol\/#mainImage"},"datePublished":"2016-07-08T23:18:52+02:00","dateModified":"2016-07-08T23:18:52+02:00"},{"@type":"WebSite","@id":"https:\/\/candas365.es\/noticias\/#website","url":"https:\/\/candas365.es\/noticias\/","name":"Cand\u00e1s 365","alternateName":"Cand\u00e1s 365 Noticias","description":"Actualidad desde Carre\u00f1o para el mundo","inLanguage":"es-ES","publisher":{"@id":"https:\/\/candas365.es\/noticias\/#organization"}}]},"og:locale":"es_ES","og:site_name":"Cand\u00e1s 365","og:type":"article","og:title":"Alemania sufre de lo mismo que Espa\u00f1a: falta de gol | Cand\u00e1s 365","og:description":"Marsella (Francia), 8 jul (dpa) - Sin goles de los delanteros no se puede. Alemania sufre del mismo problema que Espa\u00f1a: domina los partidos, apabulla en la posesi\u00f3n, pero le falta efectividad ante el arco contrario. El \u00fanico acierto total en la derrota por 2-0 ante Francia en las semifinales de la Eurocopa de f\u00fatbol","og:url":"https:\/\/candas365.es\/noticias\/alemania-sufre-de-lo-mismo-que-espana-falta-de-gol\/","og:image":"https:\/\/candas365.es\/noticias\/wp-content\/uploads\/2016\/06\/euro2016.jpg","og:image:secure_url":"https:\/\/candas365.es\/noticias\/wp-content\/uploads\/2016\/06\/euro2016.jpg","og:image:width":800,"og:image:height":478,"article:published_time":"2016-07-08T21:48:52+00:00","article:modified_time":"2016-07-08T21:48:52+00:00","article:publisher":"https:\/\/www.facebook.com\/Nachofdezber","article:author":"https:\/\/www.facebook.com\/carrenoactualidad","twitter:card":"summary_large_image","twitter:site":"@NabercoDigital","twitter:title":"Alemania sufre de lo mismo que Espa\u00f1a: falta de gol | Cand\u00e1s 365","twitter:description":"Marsella (Francia), 8 jul (dpa) - Sin goles de los delanteros no se puede. Alemania sufre del mismo problema que Espa\u00f1a: domina los partidos, apabulla en la posesi\u00f3n, pero le falta efectividad ante el arco contrario. El \u00fanico acierto total en la derrota por 2-0 ante Francia en las semifinales de la Eurocopa de f\u00fatbol","twitter:creator":"@nbasturias","twitter:image":"https:\/\/candas365.es\/noticias\/wp-content\/uploads\/2016\/06\/euro2016.jpg","twitter:label1":"Escrito por","twitter:data1":"Cand\u00e1s 365","twitter:label2":"Tiempo de lectura estimado","twitter:data2":"2 minutos"},"aioseo_meta_data":{"post_id":"31667","title":null,"description":null,"keywords":null,"keyphrases":null,"primary_term":null,"canonical_url":null,"og_title":null,"og_description":null,"og_object_type":"default","og_image_type":"default","og_image_url":null,"og_image_width":null,"og_image_height":null,"og_image_custom_url":null,"og_image_custom_fields":null,"og_video":null,"og_custom_url":null,"og_article_section":null,"og_article_tags":null,"twitter_use_og":false,"twitter_card":"default","twitter_image_type":"default","twitter_image_url":null,"twitter_image_custom_url":null,"twitter_image_custom_fields":null,"twitter_title":null,"twitter_description":null,"schema":{"blockGraphs":[],"customGraphs":[],"default":{"data":{"Article":[],"Course":[],"Dataset":[],"FAQPage":[],"Movie":[],"Person":[],"Product":[],"ProductReview":[],"Car":[],"Recipe":[],"Service":[],"SoftwareApplication":[],"WebPage":[]},"graphName":"","isEnabled":true},"graphs":[]},"schema_type":null,"schema_type_options":null,"pillar_content":false,"robots_default":true,"robots_noindex":false,"robots_noarchive":false,"robots_nosnippet":false,"robots_nofollow":false,"robots_noimageindex":false,"robots_noodp":false,"robots_notranslate":false,"robots_max_snippet":null,"robots_max_videopreview":null,"robots_max_imagepreview":"large","priority":null,"frequency":null,"location":null,"local_seo":null,"seo_analyzer_scan_date":"2025-08-24 14:12:19","breadcrumb_settings":null,"limit_modified_date":false,"reviewed_by":null,"open_ai":null,"ai":null,"created":"2020-12-21 13:01:31","updated":"2025-08-24 14:12:19"},"aioseo_breadcrumb":"<div class=\"aioseo-breadcrumbs\"><span class=\"aioseo-breadcrumb\">\n\t<a href=\"https:\/\/candas365.es\/noticias\" title=\"Home\">Home<\/a>\n<\/span><span class=\"aioseo-breadcrumb-separator\">&ndash;<\/span><span class=\"aioseo-breadcrumb\">\n\t<a href=\"https:\/\/candas365.es\/noticias\/category\/actualidad\/\" title=\"Actualidad\">Actualidad<\/a>\n<\/span><span class=\"aioseo-breadcrumb-separator\">&ndash;<\/span><span class=\"aioseo-breadcrumb\">\n\tAlemania sufre de lo mismo que Espa\u00f1a: falta de gol\n<\/span><\/div>","aioseo_breadcrumb_json":[{"label":"Home","link":"https:\/\/candas365.es\/noticias"},{"label":"Actualidad","link":"https:\/\/candas365.es\/noticias\/category\/actualidad\/"},{"label":"Alemania sufre de lo mismo que Espa\u00f1a: falta de gol","link":"https:\/\/candas365.es\/noticias\/alemania-sufre-de-lo-mismo-que-espana-falta-de-gol\/"}],"_links":{"self":[{"href":"https:\/\/candas365.es\/noticias\/wp-json\/wp\/v2\/posts\/31667","targetHints":{"allow":["GET"]}}],"collection":[{"href":"https:\/\/candas365.es\/noticias\/wp-json\/wp\/v2\/posts"}],"about":[{"href":"https:\/\/candas365.es\/noticias\/wp-json\/wp\/v2\/types\/post"}],"author":[{"embeddable":true,"href":"https:\/\/candas365.es\/noticias\/wp-json\/wp\/v2\/users\/1"}],"replies":[{"embeddable":true,"href":"https:\/\/candas365.es\/noticias\/wp-json\/wp\/v2\/comments?post=31667"}],"version-history":[{"count":0,"href":"https:\/\/candas365.es\/noticias\/wp-json\/wp\/v2\/posts\/31667\/revisions"}],"wp:featuredmedia":[{"embeddable":true,"href":"https:\/\/candas365.es\/noticias\/wp-json\/wp\/v2\/media\/29884"}],"wp:attachment":[{"href":"https:\/\/candas365.es\/noticias\/wp-json\/wp\/v2\/media?parent=31667"}],"wp:term":[{"taxonomy":"category","embeddable":true,"href":"https:\/\/candas365.es\/noticias\/wp-json\/wp\/v2\/categories?post=31667"},{"taxonomy":"post_tag","embeddable":true,"href":"https:\/\/candas365.es\/noticias\/wp-json\/wp\/v2\/tags?post=31667"}],"curies":[{"name":"wp","href":"https:\/\/api.w.org\/{rel}","templated":true}]}}