{"id":31661,"date":"2016-07-08T23:15:31","date_gmt":"2016-07-08T21:45:31","guid":{"rendered":"http:\/\/candas365.es\/noticias\/?p=31661"},"modified":"2016-07-08T23:15:31","modified_gmt":"2016-07-08T21:45:31","slug":"la-audiencia-nacional-espanola-imputa-a-volkwagen-alemania","status":"publish","type":"post","link":"https:\/\/candas365.es\/noticias\/la-audiencia-nacional-espanola-imputa-a-volkwagen-alemania\/","title":{"rendered":"La Audiencia Nacional espa\u00f1ola imputa a Volkwagen Alemania"},"content":{"rendered":"<p>Madrid, 8 jul (dpa) &#8211; La Audiencia Nacional espa\u00f1ola imput\u00f3 hoy a Volkswagen Alemania por la presunta manipulaci\u00f3n de determinados motores di\u00e9sel cuatro cilindros.<\/p>\n<p>El juez Ismael Moreno decidi\u00f3, a petici\u00f3n de la Fiscal\u00eda, declarar como investigada a la mayor automotriz europea por \u00abdelito de defraudaci\u00f3n que causa perjuicio a una generalidad de personas\u00bb, as\u00ed como \u00abfraude de las subvenciones\u00bb y \u00abdelito contra el medio ambiente\u00bb. <\/p>\n<p>La filial espa\u00f1ola ya hab\u00eda sido imputada por el mismo tribunal el a\u00f1o pasado.<\/p>\n<p>Sin embargo, el informe presentado por el fiscal del caso incluye numerosos elementos que apuntan a que la matriz es la responsable de las pr\u00e1cticas fraudulentas. En declaraciones ante el juez a finales del a\u00f1o pasado, el representante de Volkswagen-Audi Espa\u00f1a asegur\u00f3 que los motores usados en los modelos espa\u00f1oles se fabricaron en Alemania y no en Espa\u00f1a.<\/p>\n<p>El juez de la Audiencia Nacional dict\u00f3 un auto en el que ordena notificar a la c\u00fapula del grupo automotor la existencia del procedimiento penal para que designe ya a un representante legal as\u00ed como abogado y procurador.<\/p>\n<p>El proceso se interpuso tras las querellas interpuestas poco despu\u00e9s de que estallara el caso de los motores di\u00e9sel trucados, entre ellas las de la Asociaci\u00f3n Internacional Antifraude para la Defensa de Afectados por Motores Volkswagen y la del sindicato Manos Limpias.<\/p>\n<p>Volkswagen reconoci\u00f3 haber manipulado a gran escala las pruebas de emisi\u00f3n de gases de sus veh\u00edculos. Para ello instal\u00f3 un software en 11 millones de coches de todo el mundo, -8,5 millones en Europa-, que rebajaba las emisiones de los veh\u00edculos durante las pruebas. <\/p>\n<p>A finales de junio se acord\u00f3 que s\u00f3lo en Estados Unidos la automotriz alemana tendr\u00e1 que asumir costes por unos 14.700 millones de d\u00f3lares (13.300 millones de euros) en concepto de indemnizaciones.<\/p>\n<p>Hasta ahora, la empresa se hab\u00eda reservado 16.200 millones de euros para pagar los costes derivados del esc\u00e1ndalo en todo el mundo.<\/p>\n","protected":false},"excerpt":{"rendered":"<p>Madrid, 8 jul (dpa) &#8211; La Audiencia Nacional espa\u00f1ola imput\u00f3 hoy a Volkswagen Alemania por la presunta manipulaci\u00f3n de determinados motores di\u00e9sel cuatro cilindros. El juez Ismael Moreno decidi\u00f3, a petici\u00f3n de la Fiscal\u00eda, declarar como investigada a la mayor automotriz europea por \u00abdelito de defraudaci\u00f3n que causa perjuicio a una generalidad de personas\u00bb, as\u00ed<\/p>\n","protected":false},"author":1,"featured_media":11776,"comment_status":"closed","ping_status":"closed","sticky":false,"template":"","format":"standard","meta":{"footnotes":""},"categories":[343],"tags":[],"class_list":{"0":"post-31661","1":"post","2":"type-post","3":"status-publish","4":"format-standard","5":"has-post-thumbnail","7":"category-actualidad"},"aioseo_notices":[],"aioseo_head":"\n\t\t<!-- All in One SEO Pro 4.9.6.2 - aioseo.com -->\n\t<meta name=\"description\" content=\"Madrid, 8 jul (dpa) - La Audiencia Nacional espa\u00f1ola imput\u00f3 hoy a Volkswagen Alemania por la presunta manipulaci\u00f3n de determinados motores di\u00e9sel cuatro cilindros. El juez Ismael Moreno decidi\u00f3, a petici\u00f3n de la Fiscal\u00eda, declarar como investigada a la mayor automotriz europea por &quot;delito de defraudaci\u00f3n que causa perjuicio a una generalidad de personas&quot;, as\u00ed\" \/>\n\t<meta name=\"robots\" content=\"max-image-preview:large\" \/>\n\t<meta name=\"author\" content=\"Cand\u00e1s 365\"\/>\n\t<meta name=\"google-site-verification\" content=\"UA-32230408-1\" \/>\n\t<meta name=\"msvalidate.01\" content=\"354F3CDFB2DA171B47FBE9ABF1F88D5\" \/>\n\t<meta name=\"keywords\" content=\"actualidad\" \/>\n\t<link rel=\"canonical\" href=\"https:\/\/candas365.es\/noticias\/la-audiencia-nacional-espanola-imputa-a-volkwagen-alemania\/\" \/>\n\t<meta name=\"generator\" content=\"All in One SEO Pro (AIOSEO) 4.9.6.2\" \/>\n\t\t<meta property=\"og:locale\" content=\"es_ES\" \/>\n\t\t<meta property=\"og:site_name\" content=\"Cand\u00e1s 365\" \/>\n\t\t<meta property=\"og:type\" content=\"article\" \/>\n\t\t<meta property=\"og:title\" content=\"La Audiencia Nacional espa\u00f1ola imputa a Volkwagen Alemania | Cand\u00e1s 365\" \/>\n\t\t<meta property=\"og:description\" content=\"Madrid, 8 jul (dpa) - La Audiencia Nacional espa\u00f1ola imput\u00f3 hoy a Volkswagen Alemania por la presunta manipulaci\u00f3n de determinados motores di\u00e9sel cuatro cilindros. El juez Ismael Moreno decidi\u00f3, a petici\u00f3n de la Fiscal\u00eda, declarar como investigada a la mayor automotriz europea por &quot;delito de defraudaci\u00f3n que causa perjuicio a una generalidad de personas&quot;, as\u00ed\" \/>\n\t\t<meta property=\"og:url\" content=\"https:\/\/candas365.es\/noticias\/la-audiencia-nacional-espanola-imputa-a-volkwagen-alemania\/\" \/>\n\t\t<meta property=\"og:image\" content=\"https:\/\/candas365.es\/noticias\/wp-content\/uploads\/2015\/06\/carretera.jpg\" \/>\n\t\t<meta property=\"og:image:secure_url\" content=\"https:\/\/candas365.es\/noticias\/wp-content\/uploads\/2015\/06\/carretera.jpg\" \/>\n\t\t<meta property=\"og:image:width\" content=\"655\" \/>\n\t\t<meta property=\"og:image:height\" content=\"360\" \/>\n\t\t<meta property=\"article:published_time\" content=\"2016-07-08T21:45:31+00:00\" \/>\n\t\t<meta property=\"article:modified_time\" content=\"2016-07-08T21:45:31+00:00\" \/>\n\t\t<meta property=\"article:publisher\" content=\"https:\/\/www.facebook.com\/Nachofdezber\" \/>\n\t\t<meta property=\"article:author\" content=\"https:\/\/www.facebook.com\/carrenoactualidad\" \/>\n\t\t<meta name=\"twitter:card\" content=\"summary_large_image\" \/>\n\t\t<meta name=\"twitter:site\" content=\"@NabercoDigital\" \/>\n\t\t<meta name=\"twitter:title\" content=\"La Audiencia Nacional espa\u00f1ola imputa a Volkwagen Alemania | Cand\u00e1s 365\" \/>\n\t\t<meta name=\"twitter:description\" content=\"Madrid, 8 jul (dpa) - La Audiencia Nacional espa\u00f1ola imput\u00f3 hoy a Volkswagen Alemania por la presunta manipulaci\u00f3n de determinados motores di\u00e9sel cuatro cilindros. El juez Ismael Moreno decidi\u00f3, a petici\u00f3n de la Fiscal\u00eda, declarar como investigada a la mayor automotriz europea por &quot;delito de defraudaci\u00f3n que causa perjuicio a una generalidad de personas&quot;, as\u00ed\" \/>\n\t\t<meta name=\"twitter:creator\" content=\"@nbasturias\" \/>\n\t\t<meta name=\"twitter:image\" content=\"https:\/\/candas365.es\/noticias\/wp-content\/uploads\/2015\/06\/carretera.jpg\" \/>\n\t\t<meta name=\"twitter:label1\" content=\"Escrito por\" \/>\n\t\t<meta name=\"twitter:data1\" content=\"Cand\u00e1s 365\" \/>\n\t\t<meta name=\"twitter:label2\" content=\"Tiempo de lectura estimado\" \/>\n\t\t<meta name=\"twitter:data2\" content=\"2 minutos\" \/>\n\t\t<script type=\"application\/ld+json\" class=\"aioseo-schema\">\n\t\t\t{\"@context\":\"https:\\\/\\\/schema.org\",\"@graph\":[{\"@type\":\"BreadcrumbList\",\"@id\":\"https:\\\/\\\/candas365.es\\\/noticias\\\/la-audiencia-nacional-espanola-imputa-a-volkwagen-alemania\\\/#breadcrumblist\",\"itemListElement\":[{\"@type\":\"ListItem\",\"@id\":\"https:\\\/\\\/candas365.es\\\/noticias#listItem\",\"position\":1,\"name\":\"Home\",\"item\":\"https:\\\/\\\/candas365.es\\\/noticias\",\"nextItem\":{\"@type\":\"ListItem\",\"@id\":\"https:\\\/\\\/candas365.es\\\/noticias\\\/category\\\/actualidad\\\/#listItem\",\"name\":\"Actualidad\"}},{\"@type\":\"ListItem\",\"@id\":\"https:\\\/\\\/candas365.es\\\/noticias\\\/category\\\/actualidad\\\/#listItem\",\"position\":2,\"name\":\"Actualidad\",\"item\":\"https:\\\/\\\/candas365.es\\\/noticias\\\/category\\\/actualidad\\\/\",\"nextItem\":{\"@type\":\"ListItem\",\"@id\":\"https:\\\/\\\/candas365.es\\\/noticias\\\/la-audiencia-nacional-espanola-imputa-a-volkwagen-alemania\\\/#listItem\",\"name\":\"La Audiencia Nacional espa\\u00f1ola imputa a Volkwagen Alemania\"},\"previousItem\":{\"@type\":\"ListItem\",\"@id\":\"https:\\\/\\\/candas365.es\\\/noticias#listItem\",\"name\":\"Home\"}},{\"@type\":\"ListItem\",\"@id\":\"https:\\\/\\\/candas365.es\\\/noticias\\\/la-audiencia-nacional-espanola-imputa-a-volkwagen-alemania\\\/#listItem\",\"position\":3,\"name\":\"La Audiencia Nacional espa\\u00f1ola imputa a Volkwagen Alemania\",\"previousItem\":{\"@type\":\"ListItem\",\"@id\":\"https:\\\/\\\/candas365.es\\\/noticias\\\/category\\\/actualidad\\\/#listItem\",\"name\":\"Actualidad\"}}]},{\"@type\":\"NewsArticle\",\"@id\":\"https:\\\/\\\/candas365.es\\\/noticias\\\/la-audiencia-nacional-espanola-imputa-a-volkwagen-alemania\\\/#newsarticle\",\"name\":\"La Audiencia Nacional espa\\u00f1ola imputa a Volkwagen Alemania | Cand\\u00e1s 365\",\"headline\":\"La Audiencia Nacional espa\\u00f1ola imputa a Volkwagen Alemania\",\"author\":{\"@id\":\"https:\\\/\\\/candas365.es\\\/noticias\\\/author\\\/admin\\\/#author\"},\"publisher\":{\"@id\":\"https:\\\/\\\/candas365.es\\\/noticias\\\/#organization\"},\"image\":{\"@type\":\"ImageObject\",\"url\":\"https:\\\/\\\/candas365.es\\\/noticias\\\/wp-content\\\/uploads\\\/2015\\\/06\\\/carretera.jpg\",\"width\":655,\"height\":360},\"datePublished\":\"2016-07-08T23:15:31+02:00\",\"dateModified\":\"2016-07-08T23:15:31+02:00\",\"inLanguage\":\"es-ES\",\"mainEntityOfPage\":{\"@id\":\"https:\\\/\\\/candas365.es\\\/noticias\\\/la-audiencia-nacional-espanola-imputa-a-volkwagen-alemania\\\/#webpage\"},\"isPartOf\":{\"@id\":\"https:\\\/\\\/candas365.es\\\/noticias\\\/la-audiencia-nacional-espanola-imputa-a-volkwagen-alemania\\\/#webpage\"},\"articleSection\":\"Actualidad\",\"dateline\":\"Publicado el julio 8, 2016.\"},{\"@type\":\"Organization\",\"@id\":\"https:\\\/\\\/candas365.es\\\/noticias\\\/#organization\",\"name\":\"Cand\\u00e1s 365\",\"description\":\"Cand\\u00e1s 365 es un diario digital independiente, fundado en 2012, con base en Asturias. Informamos con rigor sobre actualidad, sociedad, cultura y ocio, con una mirada local y global.\",\"url\":\"https:\\\/\\\/candas365.es\\\/noticias\\\/\",\"email\":\"info@candas365.es\",\"telephone\":\"+34652131393\",\"foundingDate\":\"2012-06-10\",\"logo\":{\"@type\":\"ImageObject\",\"url\":\"https:\\\/\\\/candas365.es\\\/noticias\\\/wp-content\\\/uploads\\\/2024\\\/09\\\/Candas-365-Redes.jpg\",\"@id\":\"https:\\\/\\\/candas365.es\\\/noticias\\\/la-audiencia-nacional-espanola-imputa-a-volkwagen-alemania\\\/#organizationLogo\",\"width\":1152,\"height\":864,\"caption\":\"Cand\\u00e1s 365 Redes\"},\"image\":{\"@id\":\"https:\\\/\\\/candas365.es\\\/noticias\\\/la-audiencia-nacional-espanola-imputa-a-volkwagen-alemania\\\/#organizationLogo\"},\"sameAs\":[\"https:\\\/\\\/www.facebook.com\\\/Nachofdezber\",\"https:\\\/\\\/x.com\\\/NabercoDigital\",\"https:\\\/\\\/www.instagram.com\\\/nachofdezber\\\/\",\"https:\\\/\\\/www.youtube.com\\\/channel\\\/UCZP-2wLEB9Rv6erhFmqVnvg\"],\"address\":{\"@id\":\"https:\\\/\\\/candas365.es\\\/noticias\\\/#postaladdress\",\"@type\":\"PostalAddress\",\"streetAddress\":\"san antonio 4, san antonio 4\",\"postalCode\":\"33430\",\"addressLocality\":\"Cand\\u00e1s\",\"addressRegion\":\"Asturias\",\"addressCountry\":\"ES\"}},{\"@type\":\"Person\",\"@id\":\"https:\\\/\\\/candas365.es\\\/noticias\\\/author\\\/admin\\\/#author\",\"url\":\"https:\\\/\\\/candas365.es\\\/noticias\\\/author\\\/admin\\\/\",\"name\":\"Cand\\u00e1s 365\",\"image\":{\"@type\":\"ImageObject\",\"@id\":\"https:\\\/\\\/candas365.es\\\/noticias\\\/la-audiencia-nacional-espanola-imputa-a-volkwagen-alemania\\\/#authorImage\",\"url\":\"https:\\\/\\\/secure.gravatar.com\\\/avatar\\\/496a8e03d0c493ede1718b7934145dbdf8d89be1036b0eec9544e1094c9de390?s=96&d=mm&r=g\",\"width\":96,\"height\":96,\"caption\":\"Cand\\u00e1s 365\"},\"sameAs\":[\"https:\\\/\\\/www.facebook.com\\\/carrenoactualidad\",\"https:\\\/\\\/twitter.com\\\/nbasturias\",\"https:\\\/\\\/www.instagram.com\\\/nachofdezber\\\/\",\"https:\\\/\\\/www.youtube.com\\\/channel\\\/UCZP-2wLEB9Rv6erhFmqVnvg\"]},{\"@type\":\"WebPage\",\"@id\":\"https:\\\/\\\/candas365.es\\\/noticias\\\/la-audiencia-nacional-espanola-imputa-a-volkwagen-alemania\\\/#webpage\",\"url\":\"https:\\\/\\\/candas365.es\\\/noticias\\\/la-audiencia-nacional-espanola-imputa-a-volkwagen-alemania\\\/\",\"name\":\"La Audiencia Nacional espa\\u00f1ola imputa a Volkwagen Alemania | Cand\\u00e1s 365\",\"description\":\"Madrid, 8 jul (dpa) - La Audiencia Nacional espa\\u00f1ola imput\\u00f3 hoy a Volkswagen Alemania por la presunta manipulaci\\u00f3n de determinados motores di\\u00e9sel cuatro cilindros. El juez Ismael Moreno decidi\\u00f3, a petici\\u00f3n de la Fiscal\\u00eda, declarar como investigada a la mayor automotriz europea por \\\"delito de defraudaci\\u00f3n que causa perjuicio a una generalidad de personas\\\", as\\u00ed\",\"inLanguage\":\"es-ES\",\"isPartOf\":{\"@id\":\"https:\\\/\\\/candas365.es\\\/noticias\\\/#website\"},\"breadcrumb\":{\"@id\":\"https:\\\/\\\/candas365.es\\\/noticias\\\/la-audiencia-nacional-espanola-imputa-a-volkwagen-alemania\\\/#breadcrumblist\"},\"author\":{\"@id\":\"https:\\\/\\\/candas365.es\\\/noticias\\\/author\\\/admin\\\/#author\"},\"creator\":{\"@id\":\"https:\\\/\\\/candas365.es\\\/noticias\\\/author\\\/admin\\\/#author\"},\"image\":{\"@type\":\"ImageObject\",\"url\":\"https:\\\/\\\/candas365.es\\\/noticias\\\/wp-content\\\/uploads\\\/2015\\\/06\\\/carretera.jpg\",\"@id\":\"https:\\\/\\\/candas365.es\\\/noticias\\\/la-audiencia-nacional-espanola-imputa-a-volkwagen-alemania\\\/#mainImage\",\"width\":655,\"height\":360},\"primaryImageOfPage\":{\"@id\":\"https:\\\/\\\/candas365.es\\\/noticias\\\/la-audiencia-nacional-espanola-imputa-a-volkwagen-alemania\\\/#mainImage\"},\"datePublished\":\"2016-07-08T23:15:31+02:00\",\"dateModified\":\"2016-07-08T23:15:31+02:00\"},{\"@type\":\"WebSite\",\"@id\":\"https:\\\/\\\/candas365.es\\\/noticias\\\/#website\",\"url\":\"https:\\\/\\\/candas365.es\\\/noticias\\\/\",\"name\":\"Cand\\u00e1s 365\",\"alternateName\":\"Cand\\u00e1s 365 Noticias\",\"description\":\"Actualidad desde Carre\\u00f1o para el mundo\",\"inLanguage\":\"es-ES\",\"publisher\":{\"@id\":\"https:\\\/\\\/candas365.es\\\/noticias\\\/#organization\"}}]}\n\t\t<\/script>\n\t\t<!-- All in One SEO Pro -->\r\n\t\t<title>La Audiencia Nacional espa\u00f1ola imputa a Volkwagen Alemania | Cand\u00e1s 365<\/title>\n\n","aioseo_head_json":{"title":"La Audiencia Nacional espa\u00f1ola imputa a Volkwagen Alemania | Cand\u00e1s 365","description":"Madrid, 8 jul (dpa) - La Audiencia Nacional espa\u00f1ola imput\u00f3 hoy a Volkswagen Alemania por la presunta manipulaci\u00f3n de determinados motores di\u00e9sel cuatro cilindros. El juez Ismael Moreno decidi\u00f3, a petici\u00f3n de la Fiscal\u00eda, declarar como investigada a la mayor automotriz europea por \"delito de defraudaci\u00f3n que causa perjuicio a una generalidad de personas\", as\u00ed","canonical_url":"https:\/\/candas365.es\/noticias\/la-audiencia-nacional-espanola-imputa-a-volkwagen-alemania\/","robots":"max-image-preview:large","keywords":"actualidad","webmasterTools":{"google-site-verification":"UA-32230408-1","msvalidate.01":"354F3CDFB2DA171B47FBE9ABF1F88D5","miscellaneous":""},"schema":{"@context":"https:\/\/schema.org","@graph":[{"@type":"BreadcrumbList","@id":"https:\/\/candas365.es\/noticias\/la-audiencia-nacional-espanola-imputa-a-volkwagen-alemania\/#breadcrumblist","itemListElement":[{"@type":"ListItem","@id":"https:\/\/candas365.es\/noticias#listItem","position":1,"name":"Home","item":"https:\/\/candas365.es\/noticias","nextItem":{"@type":"ListItem","@id":"https:\/\/candas365.es\/noticias\/category\/actualidad\/#listItem","name":"Actualidad"}},{"@type":"ListItem","@id":"https:\/\/candas365.es\/noticias\/category\/actualidad\/#listItem","position":2,"name":"Actualidad","item":"https:\/\/candas365.es\/noticias\/category\/actualidad\/","nextItem":{"@type":"ListItem","@id":"https:\/\/candas365.es\/noticias\/la-audiencia-nacional-espanola-imputa-a-volkwagen-alemania\/#listItem","name":"La Audiencia Nacional espa\u00f1ola imputa a Volkwagen Alemania"},"previousItem":{"@type":"ListItem","@id":"https:\/\/candas365.es\/noticias#listItem","name":"Home"}},{"@type":"ListItem","@id":"https:\/\/candas365.es\/noticias\/la-audiencia-nacional-espanola-imputa-a-volkwagen-alemania\/#listItem","position":3,"name":"La Audiencia Nacional espa\u00f1ola imputa a Volkwagen Alemania","previousItem":{"@type":"ListItem","@id":"https:\/\/candas365.es\/noticias\/category\/actualidad\/#listItem","name":"Actualidad"}}]},{"@type":"NewsArticle","@id":"https:\/\/candas365.es\/noticias\/la-audiencia-nacional-espanola-imputa-a-volkwagen-alemania\/#newsarticle","name":"La Audiencia Nacional espa\u00f1ola imputa a Volkwagen Alemania | Cand\u00e1s 365","headline":"La Audiencia Nacional espa\u00f1ola imputa a Volkwagen Alemania","author":{"@id":"https:\/\/candas365.es\/noticias\/author\/admin\/#author"},"publisher":{"@id":"https:\/\/candas365.es\/noticias\/#organization"},"image":{"@type":"ImageObject","url":"https:\/\/candas365.es\/noticias\/wp-content\/uploads\/2015\/06\/carretera.jpg","width":655,"height":360},"datePublished":"2016-07-08T23:15:31+02:00","dateModified":"2016-07-08T23:15:31+02:00","inLanguage":"es-ES","mainEntityOfPage":{"@id":"https:\/\/candas365.es\/noticias\/la-audiencia-nacional-espanola-imputa-a-volkwagen-alemania\/#webpage"},"isPartOf":{"@id":"https:\/\/candas365.es\/noticias\/la-audiencia-nacional-espanola-imputa-a-volkwagen-alemania\/#webpage"},"articleSection":"Actualidad","dateline":"Publicado el julio 8, 2016."},{"@type":"Organization","@id":"https:\/\/candas365.es\/noticias\/#organization","name":"Cand\u00e1s 365","description":"Cand\u00e1s 365 es un diario digital independiente, fundado en 2012, con base en Asturias. Informamos con rigor sobre actualidad, sociedad, cultura y ocio, con una mirada local y global.","url":"https:\/\/candas365.es\/noticias\/","email":"info@candas365.es","telephone":"+34652131393","foundingDate":"2012-06-10","logo":{"@type":"ImageObject","url":"https:\/\/candas365.es\/noticias\/wp-content\/uploads\/2024\/09\/Candas-365-Redes.jpg","@id":"https:\/\/candas365.es\/noticias\/la-audiencia-nacional-espanola-imputa-a-volkwagen-alemania\/#organizationLogo","width":1152,"height":864,"caption":"Cand\u00e1s 365 Redes"},"image":{"@id":"https:\/\/candas365.es\/noticias\/la-audiencia-nacional-espanola-imputa-a-volkwagen-alemania\/#organizationLogo"},"sameAs":["https:\/\/www.facebook.com\/Nachofdezber","https:\/\/x.com\/NabercoDigital","https:\/\/www.instagram.com\/nachofdezber\/","https:\/\/www.youtube.com\/channel\/UCZP-2wLEB9Rv6erhFmqVnvg"],"address":{"@id":"https:\/\/candas365.es\/noticias\/#postaladdress","@type":"PostalAddress","streetAddress":"san antonio 4, san antonio 4","postalCode":"33430","addressLocality":"Cand\u00e1s","addressRegion":"Asturias","addressCountry":"ES"}},{"@type":"Person","@id":"https:\/\/candas365.es\/noticias\/author\/admin\/#author","url":"https:\/\/candas365.es\/noticias\/author\/admin\/","name":"Cand\u00e1s 365","image":{"@type":"ImageObject","@id":"https:\/\/candas365.es\/noticias\/la-audiencia-nacional-espanola-imputa-a-volkwagen-alemania\/#authorImage","url":"https:\/\/secure.gravatar.com\/avatar\/496a8e03d0c493ede1718b7934145dbdf8d89be1036b0eec9544e1094c9de390?s=96&d=mm&r=g","width":96,"height":96,"caption":"Cand\u00e1s 365"},"sameAs":["https:\/\/www.facebook.com\/carrenoactualidad","https:\/\/twitter.com\/nbasturias","https:\/\/www.instagram.com\/nachofdezber\/","https:\/\/www.youtube.com\/channel\/UCZP-2wLEB9Rv6erhFmqVnvg"]},{"@type":"WebPage","@id":"https:\/\/candas365.es\/noticias\/la-audiencia-nacional-espanola-imputa-a-volkwagen-alemania\/#webpage","url":"https:\/\/candas365.es\/noticias\/la-audiencia-nacional-espanola-imputa-a-volkwagen-alemania\/","name":"La Audiencia Nacional espa\u00f1ola imputa a Volkwagen Alemania | Cand\u00e1s 365","description":"Madrid, 8 jul (dpa) - La Audiencia Nacional espa\u00f1ola imput\u00f3 hoy a Volkswagen Alemania por la presunta manipulaci\u00f3n de determinados motores di\u00e9sel cuatro cilindros. El juez Ismael Moreno decidi\u00f3, a petici\u00f3n de la Fiscal\u00eda, declarar como investigada a la mayor automotriz europea por \"delito de defraudaci\u00f3n que causa perjuicio a una generalidad de personas\", as\u00ed","inLanguage":"es-ES","isPartOf":{"@id":"https:\/\/candas365.es\/noticias\/#website"},"breadcrumb":{"@id":"https:\/\/candas365.es\/noticias\/la-audiencia-nacional-espanola-imputa-a-volkwagen-alemania\/#breadcrumblist"},"author":{"@id":"https:\/\/candas365.es\/noticias\/author\/admin\/#author"},"creator":{"@id":"https:\/\/candas365.es\/noticias\/author\/admin\/#author"},"image":{"@type":"ImageObject","url":"https:\/\/candas365.es\/noticias\/wp-content\/uploads\/2015\/06\/carretera.jpg","@id":"https:\/\/candas365.es\/noticias\/la-audiencia-nacional-espanola-imputa-a-volkwagen-alemania\/#mainImage","width":655,"height":360},"primaryImageOfPage":{"@id":"https:\/\/candas365.es\/noticias\/la-audiencia-nacional-espanola-imputa-a-volkwagen-alemania\/#mainImage"},"datePublished":"2016-07-08T23:15:31+02:00","dateModified":"2016-07-08T23:15:31+02:00"},{"@type":"WebSite","@id":"https:\/\/candas365.es\/noticias\/#website","url":"https:\/\/candas365.es\/noticias\/","name":"Cand\u00e1s 365","alternateName":"Cand\u00e1s 365 Noticias","description":"Actualidad desde Carre\u00f1o para el mundo","inLanguage":"es-ES","publisher":{"@id":"https:\/\/candas365.es\/noticias\/#organization"}}]},"og:locale":"es_ES","og:site_name":"Cand\u00e1s 365","og:type":"article","og:title":"La Audiencia Nacional espa\u00f1ola imputa a Volkwagen Alemania | Cand\u00e1s 365","og:description":"Madrid, 8 jul (dpa) - La Audiencia Nacional espa\u00f1ola imput\u00f3 hoy a Volkswagen Alemania por la presunta manipulaci\u00f3n de determinados motores di\u00e9sel cuatro cilindros. El juez Ismael Moreno decidi\u00f3, a petici\u00f3n de la Fiscal\u00eda, declarar como investigada a la mayor automotriz europea por &quot;delito de defraudaci\u00f3n que causa perjuicio a una generalidad de personas&quot;, as\u00ed","og:url":"https:\/\/candas365.es\/noticias\/la-audiencia-nacional-espanola-imputa-a-volkwagen-alemania\/","og:image":"https:\/\/candas365.es\/noticias\/wp-content\/uploads\/2015\/06\/carretera.jpg","og:image:secure_url":"https:\/\/candas365.es\/noticias\/wp-content\/uploads\/2015\/06\/carretera.jpg","og:image:width":655,"og:image:height":360,"article:published_time":"2016-07-08T21:45:31+00:00","article:modified_time":"2016-07-08T21:45:31+00:00","article:publisher":"https:\/\/www.facebook.com\/Nachofdezber","article:author":"https:\/\/www.facebook.com\/carrenoactualidad","twitter:card":"summary_large_image","twitter:site":"@NabercoDigital","twitter:title":"La Audiencia Nacional espa\u00f1ola imputa a Volkwagen Alemania | Cand\u00e1s 365","twitter:description":"Madrid, 8 jul (dpa) - La Audiencia Nacional espa\u00f1ola imput\u00f3 hoy a Volkswagen Alemania por la presunta manipulaci\u00f3n de determinados motores di\u00e9sel cuatro cilindros. El juez Ismael Moreno decidi\u00f3, a petici\u00f3n de la Fiscal\u00eda, declarar como investigada a la mayor automotriz europea por &quot;delito de defraudaci\u00f3n que causa perjuicio a una generalidad de personas&quot;, as\u00ed","twitter:creator":"@nbasturias","twitter:image":"https:\/\/candas365.es\/noticias\/wp-content\/uploads\/2015\/06\/carretera.jpg","twitter:label1":"Escrito por","twitter:data1":"Cand\u00e1s 365","twitter:label2":"Tiempo de lectura estimado","twitter:data2":"2 minutos"},"aioseo_meta_data":{"post_id":"31661","title":null,"description":null,"keywords":null,"keyphrases":null,"primary_term":null,"canonical_url":null,"og_title":null,"og_description":null,"og_object_type":"default","og_image_type":"default","og_image_url":null,"og_image_width":null,"og_image_height":null,"og_image_custom_url":null,"og_image_custom_fields":null,"og_video":null,"og_custom_url":null,"og_article_section":null,"og_article_tags":null,"twitter_use_og":false,"twitter_card":"default","twitter_image_type":"default","twitter_image_url":null,"twitter_image_custom_url":null,"twitter_image_custom_fields":null,"twitter_title":null,"twitter_description":null,"schema":{"blockGraphs":[],"customGraphs":[],"default":{"data":{"Article":[],"Course":[],"Dataset":[],"FAQPage":[],"Movie":[],"Person":[],"Product":[],"ProductReview":[],"Car":[],"Recipe":[],"Service":[],"SoftwareApplication":[],"WebPage":[]},"graphName":"","isEnabled":true},"graphs":[],"defaultGraph":"","defaultPostTypeGraph":""},"schema_type":null,"schema_type_options":null,"pillar_content":false,"robots_default":true,"robots_noindex":false,"robots_noarchive":false,"robots_nosnippet":false,"robots_nofollow":false,"robots_noimageindex":false,"robots_noodp":false,"robots_notranslate":false,"robots_max_snippet":null,"robots_max_videopreview":null,"robots_max_imagepreview":"large","priority":null,"frequency":null,"location":null,"local_seo":null,"seo_analyzer_scan_date":"2025-08-24 14:12:15","breadcrumb_settings":null,"limit_modified_date":false,"reviewed_by":null,"open_ai":null,"ai":null,"created":"2020-12-21 13:01:31","updated":"2025-08-24 14:12:15"},"aioseo_breadcrumb":"<div class=\"aioseo-breadcrumbs\"><span class=\"aioseo-breadcrumb\">\n\t<a href=\"https:\/\/candas365.es\/noticias\" title=\"Home\">Home<\/a>\n<\/span><span class=\"aioseo-breadcrumb-separator\">&ndash;<\/span><span class=\"aioseo-breadcrumb\">\n\t<a href=\"https:\/\/candas365.es\/noticias\/category\/actualidad\/\" title=\"Actualidad\">Actualidad<\/a>\n<\/span><span class=\"aioseo-breadcrumb-separator\">&ndash;<\/span><span class=\"aioseo-breadcrumb\">\n\tLa Audiencia Nacional espa\u00f1ola imputa a Volkwagen Alemania\n<\/span><\/div>","aioseo_breadcrumb_json":[{"label":"Home","link":"https:\/\/candas365.es\/noticias"},{"label":"Actualidad","link":"https:\/\/candas365.es\/noticias\/category\/actualidad\/"},{"label":"La Audiencia Nacional espa\u00f1ola imputa a Volkwagen Alemania","link":"https:\/\/candas365.es\/noticias\/la-audiencia-nacional-espanola-imputa-a-volkwagen-alemania\/"}],"_links":{"self":[{"href":"https:\/\/candas365.es\/noticias\/wp-json\/wp\/v2\/posts\/31661","targetHints":{"allow":["GET"]}}],"collection":[{"href":"https:\/\/candas365.es\/noticias\/wp-json\/wp\/v2\/posts"}],"about":[{"href":"https:\/\/candas365.es\/noticias\/wp-json\/wp\/v2\/types\/post"}],"author":[{"embeddable":true,"href":"https:\/\/candas365.es\/noticias\/wp-json\/wp\/v2\/users\/1"}],"replies":[{"embeddable":true,"href":"https:\/\/candas365.es\/noticias\/wp-json\/wp\/v2\/comments?post=31661"}],"version-history":[{"count":0,"href":"https:\/\/candas365.es\/noticias\/wp-json\/wp\/v2\/posts\/31661\/revisions"}],"wp:featuredmedia":[{"embeddable":true,"href":"https:\/\/candas365.es\/noticias\/wp-json\/wp\/v2\/media\/11776"}],"wp:attachment":[{"href":"https:\/\/candas365.es\/noticias\/wp-json\/wp\/v2\/media?parent=31661"}],"wp:term":[{"taxonomy":"category","embeddable":true,"href":"https:\/\/candas365.es\/noticias\/wp-json\/wp\/v2\/categories?post=31661"},{"taxonomy":"post_tag","embeddable":true,"href":"https:\/\/candas365.es\/noticias\/wp-json\/wp\/v2\/tags?post=31661"}],"curies":[{"name":"wp","href":"https:\/\/api.w.org\/{rel}","templated":true}]}}