{"id":31659,"date":"2016-07-08T23:14:26","date_gmt":"2016-07-08T21:44:26","guid":{"rendered":"http:\/\/candas365.es\/noticias\/?p=31659"},"modified":"2016-07-08T23:14:26","modified_gmt":"2016-07-08T21:44:26","slug":"vicecanciller-aleman-reclama-a-r-unido-una-solicitud-rapida-de-salida","status":"publish","type":"post","link":"https:\/\/candas365.es\/noticias\/vicecanciller-aleman-reclama-a-r-unido-una-solicitud-rapida-de-salida\/","title":{"rendered":"Vicecanciller alem\u00e1n reclama a R.Unido una solicitud r\u00e1pida de salida"},"content":{"rendered":"<p>Berl\u00edn, 8 jul (dpa) &#8211; El vicecanciller alem\u00e1n y ministro de Econom\u00eda, Sigmar Gabriel, reclam\u00f3 al Gobierno brit\u00e1nico que presente r\u00e1pidamente la solicitud para comenzar el proceso para la salida de Reino Unido de la Uni\u00f3n Europea (UE) tras el refer\u00e9ndum, en declaraciones publicadas hoy en el diario alem\u00e1n \u00abRuhr Nachrichten\u00bb. <\/p>\n<p>\u00abLa llamada a la prudencia, que se escucha ahora todo el tiempo, no debe esconder excusa alguna para no hacer nada. Puesto que este juego de los conservadores brit\u00e1nicos lleva realmente a los miembros de la UE que quedan a seguir tirando hacia delante igualmente\u00bb, declar\u00f3 el socio de la canciller Angela Merkel. \u00abAl final cada uno impone su ego\u00edsmo y se destruye la UE\u00bb, agreg\u00f3. <\/p>\n<p>\u00abSin embargo, los j\u00f3venes en Reino Unido, que decidieron hasta un 75 por ciento seguir en Europa, me dan esperanza. Ellos sab\u00edan mejor que la clase pol\u00edtica &#8216;snobizada&#8217; que se trata del futuro y no de un juego de poder del presente\u00bb, indic\u00f3. <\/p>\n<p>Gabriel acusa a Merkel y al ministro de Finanzas, Wolfgang Sch\u00e4uble, ambos de la Uni\u00f3n Cristianodem\u00f3crata (CDU), de haber cometido graves errores en pol\u00edtica europea al hablar siempre s\u00f3lo de recortar los salarios, las pensiones y el presupuesto en educaci\u00f3n, declar\u00f3. Esto ha dividido a Europa entre los ricos del norte y los pobres del sur, afirm\u00f3. \u00abDebemos desintoxicar Europa\u00bb, reclam\u00f3. <\/p>\n<p>Asimismo, el ministro de Econom\u00eda solicit\u00f3 una revisi\u00f3n del gasto de la UE. \u00abEn el presupuesto de la UE se debe analizar, por ejemplo, si todav\u00eda tiene sentido dedicar el 40 por ciento de los medios a pol\u00edtica agr\u00edcola, mientras investigaci\u00f3n, innovaci\u00f3n o formaci\u00f3n reciben significativamente menos dinero\u00bb, record\u00f3 en el diario \u00abPassauer Neue Presse\u00bb. Adem\u00e1s, hay grandes objetivos a largo plazo como, por ejemplo, un Ej\u00e9rcito europeo com\u00fan.<\/p>\n","protected":false},"excerpt":{"rendered":"<p>Berl\u00edn, 8 jul (dpa) &#8211; El vicecanciller alem\u00e1n y ministro de Econom\u00eda, Sigmar Gabriel, reclam\u00f3 al Gobierno brit\u00e1nico que presente r\u00e1pidamente la solicitud para comenzar el proceso para la salida de Reino Unido de la Uni\u00f3n Europea (UE) tras el refer\u00e9ndum, en declaraciones publicadas hoy en el diario alem\u00e1n \u00abRuhr Nachrichten\u00bb. \u00abLa llamada a la<\/p>\n","protected":false},"author":1,"featured_media":16457,"comment_status":"closed","ping_status":"closed","sticky":false,"template":"","format":"standard","meta":{"footnotes":""},"categories":[343],"tags":[],"class_list":{"0":"post-31659","1":"post","2":"type-post","3":"status-publish","4":"format-standard","5":"has-post-thumbnail","7":"category-actualidad"},"aioseo_notices":[],"aioseo_head":"\n\t\t<!-- All in One SEO Pro 4.9.6.2 - aioseo.com -->\n\t<meta name=\"description\" content=\"Berl\u00edn, 8 jul (dpa) - El vicecanciller alem\u00e1n y ministro de Econom\u00eda, Sigmar Gabriel, reclam\u00f3 al Gobierno brit\u00e1nico que presente r\u00e1pidamente la solicitud para comenzar el proceso para la salida de Reino Unido de la Uni\u00f3n Europea (UE) tras el refer\u00e9ndum, en declaraciones publicadas hoy en el diario alem\u00e1n &quot;Ruhr Nachrichten&quot;. &quot;La llamada a la\" \/>\n\t<meta name=\"robots\" content=\"max-image-preview:large\" \/>\n\t<meta name=\"author\" content=\"Cand\u00e1s 365\"\/>\n\t<meta name=\"google-site-verification\" content=\"UA-32230408-1\" \/>\n\t<meta name=\"msvalidate.01\" content=\"354F3CDFB2DA171B47FBE9ABF1F88D5\" \/>\n\t<meta name=\"keywords\" content=\"actualidad\" \/>\n\t<link rel=\"canonical\" href=\"https:\/\/candas365.es\/noticias\/vicecanciller-aleman-reclama-a-r-unido-una-solicitud-rapida-de-salida\/\" \/>\n\t<meta name=\"generator\" content=\"All in One SEO Pro (AIOSEO) 4.9.6.2\" \/>\n\t\t<meta property=\"og:locale\" content=\"es_ES\" \/>\n\t\t<meta property=\"og:site_name\" content=\"Cand\u00e1s 365\" \/>\n\t\t<meta property=\"og:type\" content=\"article\" \/>\n\t\t<meta property=\"og:title\" content=\"Vicecanciller alem\u00e1n reclama a R.Unido una solicitud r\u00e1pida de salida | Cand\u00e1s 365\" \/>\n\t\t<meta property=\"og:description\" content=\"Berl\u00edn, 8 jul (dpa) - El vicecanciller alem\u00e1n y ministro de Econom\u00eda, Sigmar Gabriel, reclam\u00f3 al Gobierno brit\u00e1nico que presente r\u00e1pidamente la solicitud para comenzar el proceso para la salida de Reino Unido de la Uni\u00f3n Europea (UE) tras el refer\u00e9ndum, en declaraciones publicadas hoy en el diario alem\u00e1n &quot;Ruhr Nachrichten&quot;. &quot;La llamada a la\" \/>\n\t\t<meta property=\"og:url\" content=\"https:\/\/candas365.es\/noticias\/vicecanciller-aleman-reclama-a-r-unido-una-solicitud-rapida-de-salida\/\" \/>\n\t\t<meta property=\"og:image\" content=\"https:\/\/candas365.es\/noticias\/wp-content\/uploads\/2015\/09\/c365noticias.jpg\" \/>\n\t\t<meta property=\"og:image:secure_url\" content=\"https:\/\/candas365.es\/noticias\/wp-content\/uploads\/2015\/09\/c365noticias.jpg\" \/>\n\t\t<meta property=\"og:image:width\" content=\"655\" \/>\n\t\t<meta property=\"og:image:height\" content=\"360\" \/>\n\t\t<meta property=\"article:published_time\" content=\"2016-07-08T21:44:26+00:00\" \/>\n\t\t<meta property=\"article:modified_time\" content=\"2016-07-08T21:44:26+00:00\" \/>\n\t\t<meta property=\"article:publisher\" content=\"https:\/\/www.facebook.com\/Nachofdezber\" \/>\n\t\t<meta property=\"article:author\" content=\"https:\/\/www.facebook.com\/carrenoactualidad\" \/>\n\t\t<meta name=\"twitter:card\" content=\"summary_large_image\" \/>\n\t\t<meta name=\"twitter:site\" content=\"@NabercoDigital\" \/>\n\t\t<meta name=\"twitter:title\" content=\"Vicecanciller alem\u00e1n reclama a R.Unido una solicitud r\u00e1pida de salida | Cand\u00e1s 365\" \/>\n\t\t<meta name=\"twitter:description\" content=\"Berl\u00edn, 8 jul (dpa) - El vicecanciller alem\u00e1n y ministro de Econom\u00eda, Sigmar Gabriel, reclam\u00f3 al Gobierno brit\u00e1nico que presente r\u00e1pidamente la solicitud para comenzar el proceso para la salida de Reino Unido de la Uni\u00f3n Europea (UE) tras el refer\u00e9ndum, en declaraciones publicadas hoy en el diario alem\u00e1n &quot;Ruhr Nachrichten&quot;. &quot;La llamada a la\" \/>\n\t\t<meta name=\"twitter:creator\" content=\"@nbasturias\" \/>\n\t\t<meta name=\"twitter:image\" content=\"https:\/\/candas365.es\/noticias\/wp-content\/uploads\/2015\/09\/c365noticias.jpg\" \/>\n\t\t<meta name=\"twitter:label1\" content=\"Escrito por\" \/>\n\t\t<meta name=\"twitter:data1\" content=\"Cand\u00e1s 365\" \/>\n\t\t<meta name=\"twitter:label2\" content=\"Tiempo de lectura estimado\" \/>\n\t\t<meta name=\"twitter:data2\" content=\"2 minutos\" \/>\n\t\t<script type=\"application\/ld+json\" class=\"aioseo-schema\">\n\t\t\t{\"@context\":\"https:\\\/\\\/schema.org\",\"@graph\":[{\"@type\":\"BreadcrumbList\",\"@id\":\"https:\\\/\\\/candas365.es\\\/noticias\\\/vicecanciller-aleman-reclama-a-r-unido-una-solicitud-rapida-de-salida\\\/#breadcrumblist\",\"itemListElement\":[{\"@type\":\"ListItem\",\"@id\":\"https:\\\/\\\/candas365.es\\\/noticias#listItem\",\"position\":1,\"name\":\"Home\",\"item\":\"https:\\\/\\\/candas365.es\\\/noticias\",\"nextItem\":{\"@type\":\"ListItem\",\"@id\":\"https:\\\/\\\/candas365.es\\\/noticias\\\/category\\\/actualidad\\\/#listItem\",\"name\":\"Actualidad\"}},{\"@type\":\"ListItem\",\"@id\":\"https:\\\/\\\/candas365.es\\\/noticias\\\/category\\\/actualidad\\\/#listItem\",\"position\":2,\"name\":\"Actualidad\",\"item\":\"https:\\\/\\\/candas365.es\\\/noticias\\\/category\\\/actualidad\\\/\",\"nextItem\":{\"@type\":\"ListItem\",\"@id\":\"https:\\\/\\\/candas365.es\\\/noticias\\\/vicecanciller-aleman-reclama-a-r-unido-una-solicitud-rapida-de-salida\\\/#listItem\",\"name\":\"Vicecanciller alem\\u00e1n reclama a R.Unido una solicitud r\\u00e1pida de salida\"},\"previousItem\":{\"@type\":\"ListItem\",\"@id\":\"https:\\\/\\\/candas365.es\\\/noticias#listItem\",\"name\":\"Home\"}},{\"@type\":\"ListItem\",\"@id\":\"https:\\\/\\\/candas365.es\\\/noticias\\\/vicecanciller-aleman-reclama-a-r-unido-una-solicitud-rapida-de-salida\\\/#listItem\",\"position\":3,\"name\":\"Vicecanciller alem\\u00e1n reclama a R.Unido una solicitud r\\u00e1pida de salida\",\"previousItem\":{\"@type\":\"ListItem\",\"@id\":\"https:\\\/\\\/candas365.es\\\/noticias\\\/category\\\/actualidad\\\/#listItem\",\"name\":\"Actualidad\"}}]},{\"@type\":\"NewsArticle\",\"@id\":\"https:\\\/\\\/candas365.es\\\/noticias\\\/vicecanciller-aleman-reclama-a-r-unido-una-solicitud-rapida-de-salida\\\/#newsarticle\",\"name\":\"Vicecanciller alem\\u00e1n reclama a R.Unido una solicitud r\\u00e1pida de salida | Cand\\u00e1s 365\",\"headline\":\"Vicecanciller alem\\u00e1n reclama a R.Unido una solicitud r\\u00e1pida de salida\",\"author\":{\"@id\":\"https:\\\/\\\/candas365.es\\\/noticias\\\/author\\\/admin\\\/#author\"},\"publisher\":{\"@id\":\"https:\\\/\\\/candas365.es\\\/noticias\\\/#organization\"},\"image\":{\"@type\":\"ImageObject\",\"url\":\"https:\\\/\\\/candas365.es\\\/noticias\\\/wp-content\\\/uploads\\\/2015\\\/09\\\/c365noticias.jpg\",\"width\":655,\"height\":360},\"datePublished\":\"2016-07-08T23:14:26+02:00\",\"dateModified\":\"2016-07-08T23:14:26+02:00\",\"inLanguage\":\"es-ES\",\"mainEntityOfPage\":{\"@id\":\"https:\\\/\\\/candas365.es\\\/noticias\\\/vicecanciller-aleman-reclama-a-r-unido-una-solicitud-rapida-de-salida\\\/#webpage\"},\"isPartOf\":{\"@id\":\"https:\\\/\\\/candas365.es\\\/noticias\\\/vicecanciller-aleman-reclama-a-r-unido-una-solicitud-rapida-de-salida\\\/#webpage\"},\"articleSection\":\"Actualidad\",\"dateline\":\"Publicado el julio 8, 2016.\"},{\"@type\":\"Organization\",\"@id\":\"https:\\\/\\\/candas365.es\\\/noticias\\\/#organization\",\"name\":\"Cand\\u00e1s 365\",\"description\":\"Cand\\u00e1s 365 es un diario digital independiente, fundado en 2012, con base en Asturias. Informamos con rigor sobre actualidad, sociedad, cultura y ocio, con una mirada local y global.\",\"url\":\"https:\\\/\\\/candas365.es\\\/noticias\\\/\",\"email\":\"info@candas365.es\",\"telephone\":\"+34652131393\",\"foundingDate\":\"2012-06-10\",\"logo\":{\"@type\":\"ImageObject\",\"url\":\"https:\\\/\\\/candas365.es\\\/noticias\\\/wp-content\\\/uploads\\\/2024\\\/09\\\/Candas-365-Redes.jpg\",\"@id\":\"https:\\\/\\\/candas365.es\\\/noticias\\\/vicecanciller-aleman-reclama-a-r-unido-una-solicitud-rapida-de-salida\\\/#organizationLogo\",\"width\":1152,\"height\":864,\"caption\":\"Cand\\u00e1s 365 Redes\"},\"image\":{\"@id\":\"https:\\\/\\\/candas365.es\\\/noticias\\\/vicecanciller-aleman-reclama-a-r-unido-una-solicitud-rapida-de-salida\\\/#organizationLogo\"},\"sameAs\":[\"https:\\\/\\\/www.facebook.com\\\/Nachofdezber\",\"https:\\\/\\\/x.com\\\/NabercoDigital\",\"https:\\\/\\\/www.instagram.com\\\/nachofdezber\\\/\",\"https:\\\/\\\/www.youtube.com\\\/channel\\\/UCZP-2wLEB9Rv6erhFmqVnvg\"],\"address\":{\"@id\":\"https:\\\/\\\/candas365.es\\\/noticias\\\/#postaladdress\",\"@type\":\"PostalAddress\",\"streetAddress\":\"san antonio 4, san antonio 4\",\"postalCode\":\"33430\",\"addressLocality\":\"Cand\\u00e1s\",\"addressRegion\":\"Asturias\",\"addressCountry\":\"ES\"}},{\"@type\":\"Person\",\"@id\":\"https:\\\/\\\/candas365.es\\\/noticias\\\/author\\\/admin\\\/#author\",\"url\":\"https:\\\/\\\/candas365.es\\\/noticias\\\/author\\\/admin\\\/\",\"name\":\"Cand\\u00e1s 365\",\"image\":{\"@type\":\"ImageObject\",\"@id\":\"https:\\\/\\\/candas365.es\\\/noticias\\\/vicecanciller-aleman-reclama-a-r-unido-una-solicitud-rapida-de-salida\\\/#authorImage\",\"url\":\"https:\\\/\\\/secure.gravatar.com\\\/avatar\\\/496a8e03d0c493ede1718b7934145dbdf8d89be1036b0eec9544e1094c9de390?s=96&d=mm&r=g\",\"width\":96,\"height\":96,\"caption\":\"Cand\\u00e1s 365\"},\"sameAs\":[\"https:\\\/\\\/www.facebook.com\\\/carrenoactualidad\",\"https:\\\/\\\/twitter.com\\\/nbasturias\",\"https:\\\/\\\/www.instagram.com\\\/nachofdezber\\\/\",\"https:\\\/\\\/www.youtube.com\\\/channel\\\/UCZP-2wLEB9Rv6erhFmqVnvg\"]},{\"@type\":\"WebPage\",\"@id\":\"https:\\\/\\\/candas365.es\\\/noticias\\\/vicecanciller-aleman-reclama-a-r-unido-una-solicitud-rapida-de-salida\\\/#webpage\",\"url\":\"https:\\\/\\\/candas365.es\\\/noticias\\\/vicecanciller-aleman-reclama-a-r-unido-una-solicitud-rapida-de-salida\\\/\",\"name\":\"Vicecanciller alem\\u00e1n reclama a R.Unido una solicitud r\\u00e1pida de salida | Cand\\u00e1s 365\",\"description\":\"Berl\\u00edn, 8 jul (dpa) - El vicecanciller alem\\u00e1n y ministro de Econom\\u00eda, Sigmar Gabriel, reclam\\u00f3 al Gobierno brit\\u00e1nico que presente r\\u00e1pidamente la solicitud para comenzar el proceso para la salida de Reino Unido de la Uni\\u00f3n Europea (UE) tras el refer\\u00e9ndum, en declaraciones publicadas hoy en el diario alem\\u00e1n \\\"Ruhr Nachrichten\\\". \\\"La llamada a la\",\"inLanguage\":\"es-ES\",\"isPartOf\":{\"@id\":\"https:\\\/\\\/candas365.es\\\/noticias\\\/#website\"},\"breadcrumb\":{\"@id\":\"https:\\\/\\\/candas365.es\\\/noticias\\\/vicecanciller-aleman-reclama-a-r-unido-una-solicitud-rapida-de-salida\\\/#breadcrumblist\"},\"author\":{\"@id\":\"https:\\\/\\\/candas365.es\\\/noticias\\\/author\\\/admin\\\/#author\"},\"creator\":{\"@id\":\"https:\\\/\\\/candas365.es\\\/noticias\\\/author\\\/admin\\\/#author\"},\"image\":{\"@type\":\"ImageObject\",\"url\":\"https:\\\/\\\/candas365.es\\\/noticias\\\/wp-content\\\/uploads\\\/2015\\\/09\\\/c365noticias.jpg\",\"@id\":\"https:\\\/\\\/candas365.es\\\/noticias\\\/vicecanciller-aleman-reclama-a-r-unido-una-solicitud-rapida-de-salida\\\/#mainImage\",\"width\":655,\"height\":360},\"primaryImageOfPage\":{\"@id\":\"https:\\\/\\\/candas365.es\\\/noticias\\\/vicecanciller-aleman-reclama-a-r-unido-una-solicitud-rapida-de-salida\\\/#mainImage\"},\"datePublished\":\"2016-07-08T23:14:26+02:00\",\"dateModified\":\"2016-07-08T23:14:26+02:00\"},{\"@type\":\"WebSite\",\"@id\":\"https:\\\/\\\/candas365.es\\\/noticias\\\/#website\",\"url\":\"https:\\\/\\\/candas365.es\\\/noticias\\\/\",\"name\":\"Cand\\u00e1s 365\",\"alternateName\":\"Cand\\u00e1s 365 Noticias\",\"description\":\"Actualidad desde Carre\\u00f1o para el mundo\",\"inLanguage\":\"es-ES\",\"publisher\":{\"@id\":\"https:\\\/\\\/candas365.es\\\/noticias\\\/#organization\"}}]}\n\t\t<\/script>\n\t\t<!-- All in One SEO Pro -->\r\n\t\t<title>Vicecanciller alem\u00e1n reclama a R.Unido una solicitud r\u00e1pida de salida | Cand\u00e1s 365<\/title>\n\n","aioseo_head_json":{"title":"Vicecanciller alem\u00e1n reclama a R.Unido una solicitud r\u00e1pida de salida | Cand\u00e1s 365","description":"Berl\u00edn, 8 jul (dpa) - El vicecanciller alem\u00e1n y ministro de Econom\u00eda, Sigmar Gabriel, reclam\u00f3 al Gobierno brit\u00e1nico que presente r\u00e1pidamente la solicitud para comenzar el proceso para la salida de Reino Unido de la Uni\u00f3n Europea (UE) tras el refer\u00e9ndum, en declaraciones publicadas hoy en el diario alem\u00e1n \"Ruhr Nachrichten\". \"La llamada a la","canonical_url":"https:\/\/candas365.es\/noticias\/vicecanciller-aleman-reclama-a-r-unido-una-solicitud-rapida-de-salida\/","robots":"max-image-preview:large","keywords":"actualidad","webmasterTools":{"google-site-verification":"UA-32230408-1","msvalidate.01":"354F3CDFB2DA171B47FBE9ABF1F88D5","miscellaneous":""},"schema":{"@context":"https:\/\/schema.org","@graph":[{"@type":"BreadcrumbList","@id":"https:\/\/candas365.es\/noticias\/vicecanciller-aleman-reclama-a-r-unido-una-solicitud-rapida-de-salida\/#breadcrumblist","itemListElement":[{"@type":"ListItem","@id":"https:\/\/candas365.es\/noticias#listItem","position":1,"name":"Home","item":"https:\/\/candas365.es\/noticias","nextItem":{"@type":"ListItem","@id":"https:\/\/candas365.es\/noticias\/category\/actualidad\/#listItem","name":"Actualidad"}},{"@type":"ListItem","@id":"https:\/\/candas365.es\/noticias\/category\/actualidad\/#listItem","position":2,"name":"Actualidad","item":"https:\/\/candas365.es\/noticias\/category\/actualidad\/","nextItem":{"@type":"ListItem","@id":"https:\/\/candas365.es\/noticias\/vicecanciller-aleman-reclama-a-r-unido-una-solicitud-rapida-de-salida\/#listItem","name":"Vicecanciller alem\u00e1n reclama a R.Unido una solicitud r\u00e1pida de salida"},"previousItem":{"@type":"ListItem","@id":"https:\/\/candas365.es\/noticias#listItem","name":"Home"}},{"@type":"ListItem","@id":"https:\/\/candas365.es\/noticias\/vicecanciller-aleman-reclama-a-r-unido-una-solicitud-rapida-de-salida\/#listItem","position":3,"name":"Vicecanciller alem\u00e1n reclama a R.Unido una solicitud r\u00e1pida de salida","previousItem":{"@type":"ListItem","@id":"https:\/\/candas365.es\/noticias\/category\/actualidad\/#listItem","name":"Actualidad"}}]},{"@type":"NewsArticle","@id":"https:\/\/candas365.es\/noticias\/vicecanciller-aleman-reclama-a-r-unido-una-solicitud-rapida-de-salida\/#newsarticle","name":"Vicecanciller alem\u00e1n reclama a R.Unido una solicitud r\u00e1pida de salida | Cand\u00e1s 365","headline":"Vicecanciller alem\u00e1n reclama a R.Unido una solicitud r\u00e1pida de salida","author":{"@id":"https:\/\/candas365.es\/noticias\/author\/admin\/#author"},"publisher":{"@id":"https:\/\/candas365.es\/noticias\/#organization"},"image":{"@type":"ImageObject","url":"https:\/\/candas365.es\/noticias\/wp-content\/uploads\/2015\/09\/c365noticias.jpg","width":655,"height":360},"datePublished":"2016-07-08T23:14:26+02:00","dateModified":"2016-07-08T23:14:26+02:00","inLanguage":"es-ES","mainEntityOfPage":{"@id":"https:\/\/candas365.es\/noticias\/vicecanciller-aleman-reclama-a-r-unido-una-solicitud-rapida-de-salida\/#webpage"},"isPartOf":{"@id":"https:\/\/candas365.es\/noticias\/vicecanciller-aleman-reclama-a-r-unido-una-solicitud-rapida-de-salida\/#webpage"},"articleSection":"Actualidad","dateline":"Publicado el julio 8, 2016."},{"@type":"Organization","@id":"https:\/\/candas365.es\/noticias\/#organization","name":"Cand\u00e1s 365","description":"Cand\u00e1s 365 es un diario digital independiente, fundado en 2012, con base en Asturias. Informamos con rigor sobre actualidad, sociedad, cultura y ocio, con una mirada local y global.","url":"https:\/\/candas365.es\/noticias\/","email":"info@candas365.es","telephone":"+34652131393","foundingDate":"2012-06-10","logo":{"@type":"ImageObject","url":"https:\/\/candas365.es\/noticias\/wp-content\/uploads\/2024\/09\/Candas-365-Redes.jpg","@id":"https:\/\/candas365.es\/noticias\/vicecanciller-aleman-reclama-a-r-unido-una-solicitud-rapida-de-salida\/#organizationLogo","width":1152,"height":864,"caption":"Cand\u00e1s 365 Redes"},"image":{"@id":"https:\/\/candas365.es\/noticias\/vicecanciller-aleman-reclama-a-r-unido-una-solicitud-rapida-de-salida\/#organizationLogo"},"sameAs":["https:\/\/www.facebook.com\/Nachofdezber","https:\/\/x.com\/NabercoDigital","https:\/\/www.instagram.com\/nachofdezber\/","https:\/\/www.youtube.com\/channel\/UCZP-2wLEB9Rv6erhFmqVnvg"],"address":{"@id":"https:\/\/candas365.es\/noticias\/#postaladdress","@type":"PostalAddress","streetAddress":"san antonio 4, san antonio 4","postalCode":"33430","addressLocality":"Cand\u00e1s","addressRegion":"Asturias","addressCountry":"ES"}},{"@type":"Person","@id":"https:\/\/candas365.es\/noticias\/author\/admin\/#author","url":"https:\/\/candas365.es\/noticias\/author\/admin\/","name":"Cand\u00e1s 365","image":{"@type":"ImageObject","@id":"https:\/\/candas365.es\/noticias\/vicecanciller-aleman-reclama-a-r-unido-una-solicitud-rapida-de-salida\/#authorImage","url":"https:\/\/secure.gravatar.com\/avatar\/496a8e03d0c493ede1718b7934145dbdf8d89be1036b0eec9544e1094c9de390?s=96&d=mm&r=g","width":96,"height":96,"caption":"Cand\u00e1s 365"},"sameAs":["https:\/\/www.facebook.com\/carrenoactualidad","https:\/\/twitter.com\/nbasturias","https:\/\/www.instagram.com\/nachofdezber\/","https:\/\/www.youtube.com\/channel\/UCZP-2wLEB9Rv6erhFmqVnvg"]},{"@type":"WebPage","@id":"https:\/\/candas365.es\/noticias\/vicecanciller-aleman-reclama-a-r-unido-una-solicitud-rapida-de-salida\/#webpage","url":"https:\/\/candas365.es\/noticias\/vicecanciller-aleman-reclama-a-r-unido-una-solicitud-rapida-de-salida\/","name":"Vicecanciller alem\u00e1n reclama a R.Unido una solicitud r\u00e1pida de salida | Cand\u00e1s 365","description":"Berl\u00edn, 8 jul (dpa) - El vicecanciller alem\u00e1n y ministro de Econom\u00eda, Sigmar Gabriel, reclam\u00f3 al Gobierno brit\u00e1nico que presente r\u00e1pidamente la solicitud para comenzar el proceso para la salida de Reino Unido de la Uni\u00f3n Europea (UE) tras el refer\u00e9ndum, en declaraciones publicadas hoy en el diario alem\u00e1n \"Ruhr Nachrichten\". \"La llamada a la","inLanguage":"es-ES","isPartOf":{"@id":"https:\/\/candas365.es\/noticias\/#website"},"breadcrumb":{"@id":"https:\/\/candas365.es\/noticias\/vicecanciller-aleman-reclama-a-r-unido-una-solicitud-rapida-de-salida\/#breadcrumblist"},"author":{"@id":"https:\/\/candas365.es\/noticias\/author\/admin\/#author"},"creator":{"@id":"https:\/\/candas365.es\/noticias\/author\/admin\/#author"},"image":{"@type":"ImageObject","url":"https:\/\/candas365.es\/noticias\/wp-content\/uploads\/2015\/09\/c365noticias.jpg","@id":"https:\/\/candas365.es\/noticias\/vicecanciller-aleman-reclama-a-r-unido-una-solicitud-rapida-de-salida\/#mainImage","width":655,"height":360},"primaryImageOfPage":{"@id":"https:\/\/candas365.es\/noticias\/vicecanciller-aleman-reclama-a-r-unido-una-solicitud-rapida-de-salida\/#mainImage"},"datePublished":"2016-07-08T23:14:26+02:00","dateModified":"2016-07-08T23:14:26+02:00"},{"@type":"WebSite","@id":"https:\/\/candas365.es\/noticias\/#website","url":"https:\/\/candas365.es\/noticias\/","name":"Cand\u00e1s 365","alternateName":"Cand\u00e1s 365 Noticias","description":"Actualidad desde Carre\u00f1o para el mundo","inLanguage":"es-ES","publisher":{"@id":"https:\/\/candas365.es\/noticias\/#organization"}}]},"og:locale":"es_ES","og:site_name":"Cand\u00e1s 365","og:type":"article","og:title":"Vicecanciller alem\u00e1n reclama a R.Unido una solicitud r\u00e1pida de salida | Cand\u00e1s 365","og:description":"Berl\u00edn, 8 jul (dpa) - El vicecanciller alem\u00e1n y ministro de Econom\u00eda, Sigmar Gabriel, reclam\u00f3 al Gobierno brit\u00e1nico que presente r\u00e1pidamente la solicitud para comenzar el proceso para la salida de Reino Unido de la Uni\u00f3n Europea (UE) tras el refer\u00e9ndum, en declaraciones publicadas hoy en el diario alem\u00e1n &quot;Ruhr Nachrichten&quot;. &quot;La llamada a la","og:url":"https:\/\/candas365.es\/noticias\/vicecanciller-aleman-reclama-a-r-unido-una-solicitud-rapida-de-salida\/","og:image":"https:\/\/candas365.es\/noticias\/wp-content\/uploads\/2015\/09\/c365noticias.jpg","og:image:secure_url":"https:\/\/candas365.es\/noticias\/wp-content\/uploads\/2015\/09\/c365noticias.jpg","og:image:width":655,"og:image:height":360,"article:published_time":"2016-07-08T21:44:26+00:00","article:modified_time":"2016-07-08T21:44:26+00:00","article:publisher":"https:\/\/www.facebook.com\/Nachofdezber","article:author":"https:\/\/www.facebook.com\/carrenoactualidad","twitter:card":"summary_large_image","twitter:site":"@NabercoDigital","twitter:title":"Vicecanciller alem\u00e1n reclama a R.Unido una solicitud r\u00e1pida de salida | Cand\u00e1s 365","twitter:description":"Berl\u00edn, 8 jul (dpa) - El vicecanciller alem\u00e1n y ministro de Econom\u00eda, Sigmar Gabriel, reclam\u00f3 al Gobierno brit\u00e1nico que presente r\u00e1pidamente la solicitud para comenzar el proceso para la salida de Reino Unido de la Uni\u00f3n Europea (UE) tras el refer\u00e9ndum, en declaraciones publicadas hoy en el diario alem\u00e1n &quot;Ruhr Nachrichten&quot;. &quot;La llamada a la","twitter:creator":"@nbasturias","twitter:image":"https:\/\/candas365.es\/noticias\/wp-content\/uploads\/2015\/09\/c365noticias.jpg","twitter:label1":"Escrito por","twitter:data1":"Cand\u00e1s 365","twitter:label2":"Tiempo de lectura estimado","twitter:data2":"2 minutos"},"aioseo_meta_data":{"post_id":"31659","title":null,"description":null,"keywords":null,"keyphrases":null,"primary_term":null,"canonical_url":null,"og_title":null,"og_description":null,"og_object_type":"default","og_image_type":"default","og_image_url":null,"og_image_width":null,"og_image_height":null,"og_image_custom_url":null,"og_image_custom_fields":null,"og_video":null,"og_custom_url":null,"og_article_section":null,"og_article_tags":null,"twitter_use_og":false,"twitter_card":"default","twitter_image_type":"default","twitter_image_url":null,"twitter_image_custom_url":null,"twitter_image_custom_fields":null,"twitter_title":null,"twitter_description":null,"schema":{"blockGraphs":[],"customGraphs":[],"default":{"data":{"Article":[],"Course":[],"Dataset":[],"FAQPage":[],"Movie":[],"Person":[],"Product":[],"ProductReview":[],"Car":[],"Recipe":[],"Service":[],"SoftwareApplication":[],"WebPage":[]},"graphName":"","isEnabled":true},"graphs":[],"defaultGraph":"","defaultPostTypeGraph":""},"schema_type":null,"schema_type_options":null,"pillar_content":false,"robots_default":true,"robots_noindex":false,"robots_noarchive":false,"robots_nosnippet":false,"robots_nofollow":false,"robots_noimageindex":false,"robots_noodp":false,"robots_notranslate":false,"robots_max_snippet":null,"robots_max_videopreview":null,"robots_max_imagepreview":"large","priority":null,"frequency":null,"location":null,"local_seo":null,"seo_analyzer_scan_date":"2025-08-24 14:12:13","breadcrumb_settings":null,"limit_modified_date":false,"reviewed_by":null,"open_ai":null,"ai":null,"created":"2020-12-21 13:01:31","updated":"2025-08-24 14:12:13"},"aioseo_breadcrumb":"<div class=\"aioseo-breadcrumbs\"><span class=\"aioseo-breadcrumb\">\n\t<a href=\"https:\/\/candas365.es\/noticias\" title=\"Home\">Home<\/a>\n<\/span><span class=\"aioseo-breadcrumb-separator\">&ndash;<\/span><span class=\"aioseo-breadcrumb\">\n\t<a href=\"https:\/\/candas365.es\/noticias\/category\/actualidad\/\" title=\"Actualidad\">Actualidad<\/a>\n<\/span><span class=\"aioseo-breadcrumb-separator\">&ndash;<\/span><span class=\"aioseo-breadcrumb\">\n\tVicecanciller alem\u00e1n reclama a R.Unido una solicitud r\u00e1pida de salida\n<\/span><\/div>","aioseo_breadcrumb_json":[{"label":"Home","link":"https:\/\/candas365.es\/noticias"},{"label":"Actualidad","link":"https:\/\/candas365.es\/noticias\/category\/actualidad\/"},{"label":"Vicecanciller alem\u00e1n reclama a R.Unido una solicitud r\u00e1pida de salida","link":"https:\/\/candas365.es\/noticias\/vicecanciller-aleman-reclama-a-r-unido-una-solicitud-rapida-de-salida\/"}],"_links":{"self":[{"href":"https:\/\/candas365.es\/noticias\/wp-json\/wp\/v2\/posts\/31659","targetHints":{"allow":["GET"]}}],"collection":[{"href":"https:\/\/candas365.es\/noticias\/wp-json\/wp\/v2\/posts"}],"about":[{"href":"https:\/\/candas365.es\/noticias\/wp-json\/wp\/v2\/types\/post"}],"author":[{"embeddable":true,"href":"https:\/\/candas365.es\/noticias\/wp-json\/wp\/v2\/users\/1"}],"replies":[{"embeddable":true,"href":"https:\/\/candas365.es\/noticias\/wp-json\/wp\/v2\/comments?post=31659"}],"version-history":[{"count":0,"href":"https:\/\/candas365.es\/noticias\/wp-json\/wp\/v2\/posts\/31659\/revisions"}],"wp:featuredmedia":[{"embeddable":true,"href":"https:\/\/candas365.es\/noticias\/wp-json\/wp\/v2\/media\/16457"}],"wp:attachment":[{"href":"https:\/\/candas365.es\/noticias\/wp-json\/wp\/v2\/media?parent=31659"}],"wp:term":[{"taxonomy":"category","embeddable":true,"href":"https:\/\/candas365.es\/noticias\/wp-json\/wp\/v2\/categories?post=31659"},{"taxonomy":"post_tag","embeddable":true,"href":"https:\/\/candas365.es\/noticias\/wp-json\/wp\/v2\/tags?post=31659"}],"curies":[{"name":"wp","href":"https:\/\/api.w.org\/{rel}","templated":true}]}}