{"id":31653,"date":"2016-07-08T23:10:13","date_gmt":"2016-07-08T21:40:13","guid":{"rendered":"http:\/\/candas365.es\/noticias\/?p=31653"},"modified":"2016-07-08T23:10:13","modified_gmt":"2016-07-08T21:40:13","slug":"prensa-alemana-lamenta-la-derrota-y-el-desacierto-de-schweinsteiger","status":"publish","type":"post","link":"https:\/\/candas365.es\/noticias\/prensa-alemana-lamenta-la-derrota-y-el-desacierto-de-schweinsteiger\/","title":{"rendered":"Prensa alemana lamenta la derrota y el \u00abdesacierto\u00bb de Schweinsteiger"},"content":{"rendered":"<p>Berl\u00edn, 8 jul (dpa) &#8211; La prensa alemana lament\u00f3 hoy la derrota ante Francia en semifinales de la Eurocopa y en especial el \u00abdesacierto\u00bb de su capit\u00e1n, Bastian Schweinsteiger, que les cost\u00f3 el primer tanto del encuentro. <\/p>\n<p>\u00abSe acab\u00f3 el sue\u00f1o\u00bb, titul\u00f3 el diario \u00abFrankfurter Allgemeine Zeitung\u00bb, junto con un comentario con el t\u00edtulo \u00abUn desacierto alem\u00e1n con consecuencias\u00bb sobre la mano de Schweinsteiger que provoc\u00f3 un penal convertido en el 1-0 por el franc\u00e9s Antoine Griezmann poco antes de la pausa. <\/p>\n<p>\u00abEl sue\u00f1o alem\u00e1n de ganar el t\u00edtulo muri\u00f3 en una apasionada noche futbol\u00edstica francesa\u00bb, agreg\u00f3 el rotativo. \u00abLa semifinal en Marsella fue un gran partido en el que el campe\u00f3n del mundo se neg\u00f3 a aceptar la derrota hasta el pitido final. Lo intentaron todo y dieron todo de s\u00ed, pero al final, tras los dos goles de Antoine Griezmann, se convirtieron en el desconsolado y desafortunado perdedor\u00bb, escribi\u00f3. <\/p>\n<p>\u00abWeini\u00bb rotul\u00f3 en portada el diario m\u00e1s le\u00eddo de Alemania, \u00abBild\u00bb, en un juego de palabras entre \u00abweinen\u00bb, que significa llorar en alem\u00e1n, y \u00abSchweini\u00bb, el diminutivo con el que se conoce al capit\u00e1n, sobre una foto del jugador con cara de tristeza. <\/p>\n<p>\u00ab\u00a1Precisamente Schweinsteiger! \u00a1Precisamente nuestro capit\u00e1n!\u00bb, se lament\u00f3 el rotativo. \u00abMano, penal, caer en semifinales ante Francia. Schweini, \u00a1sufrimos contigo!\u00bb, agreg\u00f3 en la portada. <\/p>\n<p>En las p\u00e1ginas interiores, el \u00abBild\u00bb titul\u00f3 su secci\u00f3n de deportes con \u00abManos arriba, estamos fuera\u00bb sobre la foto de la jugada en la que Schweinsteiger intenta evitar el cabezazo de Patrice Evra. <\/p>\n<p>\u00abSchweinsteiger provoc\u00f3 el penal que nos cost\u00f3 la final\u00bb, subtitul\u00f3 el diario que calific\u00f3 el partido que acab\u00f3 2-0 como la \u00abderrota m\u00e1s amarga desde hace tiempo\u00bb. \u00abAl principio fuimos mejores y nos hab\u00edamos ganado el derecho a estar en la final el domingo\u00bb, escribi\u00f3. <\/p>\n<p>\u00abSin embargo, la mano de nuestro capit\u00e1n lo cambi\u00f3 todo. Ahora juega Francia la final ante Portugal y nosotros tenemos que hacer la maleta\u00bb, indic\u00f3. <\/p>\n<p>Por su parte, la revista \u00abDer Spiegel\u00bb se\u00f1al\u00f3 que \u00abAlemania domin\u00f3 ante Francia, pero a pesar de ello est\u00e1 fuera. Es decepcionante, sobre todo, para los jugadores\u00bb. Mientras, el \u00abS\u00fcddeutsche Zeitung\u00bb, tambi\u00e9n destac\u00f3 el \u00abespectacular\u00bb juego de la \u00abMannschaft\u00bb. <\/p>\n<p>\u00abControl del juego, formaci\u00f3n dominante y ofensiva. Alemania estaba muy por delante de Francia, excepto en los goles. Desgraciadamente esto no es suficiente para una final\u00bb, agreg\u00f3 el diario. <\/p>\n","protected":false},"excerpt":{"rendered":"<p>Berl\u00edn, 8 jul (dpa) &#8211; La prensa alemana lament\u00f3 hoy la derrota ante Francia en semifinales de la Eurocopa y en especial el \u00abdesacierto\u00bb de su capit\u00e1n, Bastian Schweinsteiger, que les cost\u00f3 el primer tanto del encuentro. \u00abSe acab\u00f3 el sue\u00f1o\u00bb, titul\u00f3 el diario \u00abFrankfurter Allgemeine Zeitung\u00bb, junto con un comentario con el t\u00edtulo \u00abUn<\/p>\n","protected":false},"author":1,"featured_media":29884,"comment_status":"closed","ping_status":"closed","sticky":false,"template":"","format":"standard","meta":{"footnotes":""},"categories":[343],"tags":[],"class_list":{"0":"post-31653","1":"post","2":"type-post","3":"status-publish","4":"format-standard","5":"has-post-thumbnail","7":"category-actualidad"},"aioseo_notices":[],"aioseo_head":"\n\t\t<!-- All in One SEO Pro 4.9.6.2 - aioseo.com -->\n\t<meta name=\"description\" content=\"Berl\u00edn, 8 jul (dpa) - La prensa alemana lament\u00f3 hoy la derrota ante Francia en semifinales de la Eurocopa y en especial el &quot;desacierto&quot; de su capit\u00e1n, Bastian Schweinsteiger, que les cost\u00f3 el primer tanto del encuentro. &quot;Se acab\u00f3 el sue\u00f1o&quot;, titul\u00f3 el diario &quot;Frankfurter Allgemeine Zeitung&quot;, junto con un comentario con el t\u00edtulo &quot;Un\" \/>\n\t<meta name=\"robots\" content=\"max-image-preview:large\" \/>\n\t<meta name=\"author\" content=\"Cand\u00e1s 365\"\/>\n\t<meta name=\"google-site-verification\" content=\"UA-32230408-1\" \/>\n\t<meta name=\"msvalidate.01\" content=\"354F3CDFB2DA171B47FBE9ABF1F88D5\" \/>\n\t<meta name=\"keywords\" content=\"actualidad\" \/>\n\t<link rel=\"canonical\" href=\"https:\/\/candas365.es\/noticias\/prensa-alemana-lamenta-la-derrota-y-el-desacierto-de-schweinsteiger\/\" \/>\n\t<meta name=\"generator\" content=\"All in One SEO Pro (AIOSEO) 4.9.6.2\" \/>\n\t\t<meta property=\"og:locale\" content=\"es_ES\" \/>\n\t\t<meta property=\"og:site_name\" content=\"Cand\u00e1s 365\" \/>\n\t\t<meta property=\"og:type\" content=\"article\" \/>\n\t\t<meta property=\"og:title\" content=\"Prensa alemana lamenta la derrota y el \u00abdesacierto\u00bb de Schweinsteiger | Cand\u00e1s 365\" \/>\n\t\t<meta property=\"og:description\" content=\"Berl\u00edn, 8 jul (dpa) - La prensa alemana lament\u00f3 hoy la derrota ante Francia en semifinales de la Eurocopa y en especial el &quot;desacierto&quot; de su capit\u00e1n, Bastian Schweinsteiger, que les cost\u00f3 el primer tanto del encuentro. &quot;Se acab\u00f3 el sue\u00f1o&quot;, titul\u00f3 el diario &quot;Frankfurter Allgemeine Zeitung&quot;, junto con un comentario con el t\u00edtulo &quot;Un\" \/>\n\t\t<meta property=\"og:url\" content=\"https:\/\/candas365.es\/noticias\/prensa-alemana-lamenta-la-derrota-y-el-desacierto-de-schweinsteiger\/\" \/>\n\t\t<meta property=\"og:image\" content=\"https:\/\/candas365.es\/noticias\/wp-content\/uploads\/2016\/06\/euro2016.jpg\" \/>\n\t\t<meta property=\"og:image:secure_url\" content=\"https:\/\/candas365.es\/noticias\/wp-content\/uploads\/2016\/06\/euro2016.jpg\" \/>\n\t\t<meta property=\"og:image:width\" content=\"800\" \/>\n\t\t<meta property=\"og:image:height\" content=\"478\" \/>\n\t\t<meta property=\"article:published_time\" content=\"2016-07-08T21:40:13+00:00\" \/>\n\t\t<meta property=\"article:modified_time\" content=\"2016-07-08T21:40:13+00:00\" \/>\n\t\t<meta property=\"article:publisher\" content=\"https:\/\/www.facebook.com\/Nachofdezber\" \/>\n\t\t<meta property=\"article:author\" content=\"https:\/\/www.facebook.com\/carrenoactualidad\" \/>\n\t\t<meta name=\"twitter:card\" content=\"summary_large_image\" \/>\n\t\t<meta name=\"twitter:site\" content=\"@NabercoDigital\" \/>\n\t\t<meta name=\"twitter:title\" content=\"Prensa alemana lamenta la derrota y el \u00abdesacierto\u00bb de Schweinsteiger | Cand\u00e1s 365\" \/>\n\t\t<meta name=\"twitter:description\" content=\"Berl\u00edn, 8 jul (dpa) - La prensa alemana lament\u00f3 hoy la derrota ante Francia en semifinales de la Eurocopa y en especial el &quot;desacierto&quot; de su capit\u00e1n, Bastian Schweinsteiger, que les cost\u00f3 el primer tanto del encuentro. &quot;Se acab\u00f3 el sue\u00f1o&quot;, titul\u00f3 el diario &quot;Frankfurter Allgemeine Zeitung&quot;, junto con un comentario con el t\u00edtulo &quot;Un\" \/>\n\t\t<meta name=\"twitter:creator\" content=\"@nbasturias\" \/>\n\t\t<meta name=\"twitter:image\" content=\"https:\/\/candas365.es\/noticias\/wp-content\/uploads\/2016\/06\/euro2016.jpg\" \/>\n\t\t<meta name=\"twitter:label1\" content=\"Escrito por\" \/>\n\t\t<meta name=\"twitter:data1\" content=\"Cand\u00e1s 365\" \/>\n\t\t<meta name=\"twitter:label2\" content=\"Tiempo de lectura estimado\" \/>\n\t\t<meta name=\"twitter:data2\" content=\"2 minutos\" \/>\n\t\t<script type=\"application\/ld+json\" class=\"aioseo-schema\">\n\t\t\t{\"@context\":\"https:\\\/\\\/schema.org\",\"@graph\":[{\"@type\":\"BreadcrumbList\",\"@id\":\"https:\\\/\\\/candas365.es\\\/noticias\\\/prensa-alemana-lamenta-la-derrota-y-el-desacierto-de-schweinsteiger\\\/#breadcrumblist\",\"itemListElement\":[{\"@type\":\"ListItem\",\"@id\":\"https:\\\/\\\/candas365.es\\\/noticias#listItem\",\"position\":1,\"name\":\"Home\",\"item\":\"https:\\\/\\\/candas365.es\\\/noticias\",\"nextItem\":{\"@type\":\"ListItem\",\"@id\":\"https:\\\/\\\/candas365.es\\\/noticias\\\/category\\\/actualidad\\\/#listItem\",\"name\":\"Actualidad\"}},{\"@type\":\"ListItem\",\"@id\":\"https:\\\/\\\/candas365.es\\\/noticias\\\/category\\\/actualidad\\\/#listItem\",\"position\":2,\"name\":\"Actualidad\",\"item\":\"https:\\\/\\\/candas365.es\\\/noticias\\\/category\\\/actualidad\\\/\",\"nextItem\":{\"@type\":\"ListItem\",\"@id\":\"https:\\\/\\\/candas365.es\\\/noticias\\\/prensa-alemana-lamenta-la-derrota-y-el-desacierto-de-schweinsteiger\\\/#listItem\",\"name\":\"Prensa alemana lamenta la derrota y el \\u00abdesacierto\\u00bb de Schweinsteiger\"},\"previousItem\":{\"@type\":\"ListItem\",\"@id\":\"https:\\\/\\\/candas365.es\\\/noticias#listItem\",\"name\":\"Home\"}},{\"@type\":\"ListItem\",\"@id\":\"https:\\\/\\\/candas365.es\\\/noticias\\\/prensa-alemana-lamenta-la-derrota-y-el-desacierto-de-schweinsteiger\\\/#listItem\",\"position\":3,\"name\":\"Prensa alemana lamenta la derrota y el \\u00abdesacierto\\u00bb de Schweinsteiger\",\"previousItem\":{\"@type\":\"ListItem\",\"@id\":\"https:\\\/\\\/candas365.es\\\/noticias\\\/category\\\/actualidad\\\/#listItem\",\"name\":\"Actualidad\"}}]},{\"@type\":\"NewsArticle\",\"@id\":\"https:\\\/\\\/candas365.es\\\/noticias\\\/prensa-alemana-lamenta-la-derrota-y-el-desacierto-de-schweinsteiger\\\/#newsarticle\",\"name\":\"Prensa alemana lamenta la derrota y el \\u00abdesacierto\\u00bb de Schweinsteiger | Cand\\u00e1s 365\",\"headline\":\"Prensa alemana lamenta la derrota y el \\u00abdesacierto\\u00bb de Schweinsteiger\",\"author\":{\"@id\":\"https:\\\/\\\/candas365.es\\\/noticias\\\/author\\\/admin\\\/#author\"},\"publisher\":{\"@id\":\"https:\\\/\\\/candas365.es\\\/noticias\\\/#organization\"},\"image\":{\"@type\":\"ImageObject\",\"url\":\"https:\\\/\\\/candas365.es\\\/noticias\\\/wp-content\\\/uploads\\\/2016\\\/06\\\/euro2016.jpg\",\"width\":800,\"height\":478},\"datePublished\":\"2016-07-08T23:10:13+02:00\",\"dateModified\":\"2016-07-08T23:10:13+02:00\",\"inLanguage\":\"es-ES\",\"mainEntityOfPage\":{\"@id\":\"https:\\\/\\\/candas365.es\\\/noticias\\\/prensa-alemana-lamenta-la-derrota-y-el-desacierto-de-schweinsteiger\\\/#webpage\"},\"isPartOf\":{\"@id\":\"https:\\\/\\\/candas365.es\\\/noticias\\\/prensa-alemana-lamenta-la-derrota-y-el-desacierto-de-schweinsteiger\\\/#webpage\"},\"articleSection\":\"Actualidad\",\"dateline\":\"Publicado el julio 8, 2016.\"},{\"@type\":\"Organization\",\"@id\":\"https:\\\/\\\/candas365.es\\\/noticias\\\/#organization\",\"name\":\"Cand\\u00e1s 365\",\"description\":\"Cand\\u00e1s 365 es un diario digital independiente, fundado en 2012, con base en Asturias. Informamos con rigor sobre actualidad, sociedad, cultura y ocio, con una mirada local y global.\",\"url\":\"https:\\\/\\\/candas365.es\\\/noticias\\\/\",\"email\":\"info@candas365.es\",\"telephone\":\"+34652131393\",\"foundingDate\":\"2012-06-10\",\"logo\":{\"@type\":\"ImageObject\",\"url\":\"https:\\\/\\\/candas365.es\\\/noticias\\\/wp-content\\\/uploads\\\/2024\\\/09\\\/Candas-365-Redes.jpg\",\"@id\":\"https:\\\/\\\/candas365.es\\\/noticias\\\/prensa-alemana-lamenta-la-derrota-y-el-desacierto-de-schweinsteiger\\\/#organizationLogo\",\"width\":1152,\"height\":864,\"caption\":\"Cand\\u00e1s 365 Redes\"},\"image\":{\"@id\":\"https:\\\/\\\/candas365.es\\\/noticias\\\/prensa-alemana-lamenta-la-derrota-y-el-desacierto-de-schweinsteiger\\\/#organizationLogo\"},\"sameAs\":[\"https:\\\/\\\/www.facebook.com\\\/Nachofdezber\",\"https:\\\/\\\/x.com\\\/NabercoDigital\",\"https:\\\/\\\/www.instagram.com\\\/nachofdezber\\\/\",\"https:\\\/\\\/www.youtube.com\\\/channel\\\/UCZP-2wLEB9Rv6erhFmqVnvg\"],\"address\":{\"@id\":\"https:\\\/\\\/candas365.es\\\/noticias\\\/#postaladdress\",\"@type\":\"PostalAddress\",\"streetAddress\":\"san antonio 4, san antonio 4\",\"postalCode\":\"33430\",\"addressLocality\":\"Cand\\u00e1s\",\"addressRegion\":\"Asturias\",\"addressCountry\":\"ES\"}},{\"@type\":\"Person\",\"@id\":\"https:\\\/\\\/candas365.es\\\/noticias\\\/author\\\/admin\\\/#author\",\"url\":\"https:\\\/\\\/candas365.es\\\/noticias\\\/author\\\/admin\\\/\",\"name\":\"Cand\\u00e1s 365\",\"image\":{\"@type\":\"ImageObject\",\"@id\":\"https:\\\/\\\/candas365.es\\\/noticias\\\/prensa-alemana-lamenta-la-derrota-y-el-desacierto-de-schweinsteiger\\\/#authorImage\",\"url\":\"https:\\\/\\\/secure.gravatar.com\\\/avatar\\\/496a8e03d0c493ede1718b7934145dbdf8d89be1036b0eec9544e1094c9de390?s=96&d=mm&r=g\",\"width\":96,\"height\":96,\"caption\":\"Cand\\u00e1s 365\"},\"sameAs\":[\"https:\\\/\\\/www.facebook.com\\\/carrenoactualidad\",\"https:\\\/\\\/twitter.com\\\/nbasturias\",\"https:\\\/\\\/www.instagram.com\\\/nachofdezber\\\/\",\"https:\\\/\\\/www.youtube.com\\\/channel\\\/UCZP-2wLEB9Rv6erhFmqVnvg\"]},{\"@type\":\"WebPage\",\"@id\":\"https:\\\/\\\/candas365.es\\\/noticias\\\/prensa-alemana-lamenta-la-derrota-y-el-desacierto-de-schweinsteiger\\\/#webpage\",\"url\":\"https:\\\/\\\/candas365.es\\\/noticias\\\/prensa-alemana-lamenta-la-derrota-y-el-desacierto-de-schweinsteiger\\\/\",\"name\":\"Prensa alemana lamenta la derrota y el \\u00abdesacierto\\u00bb de Schweinsteiger | Cand\\u00e1s 365\",\"description\":\"Berl\\u00edn, 8 jul (dpa) - La prensa alemana lament\\u00f3 hoy la derrota ante Francia en semifinales de la Eurocopa y en especial el \\\"desacierto\\\" de su capit\\u00e1n, Bastian Schweinsteiger, que les cost\\u00f3 el primer tanto del encuentro. \\\"Se acab\\u00f3 el sue\\u00f1o\\\", titul\\u00f3 el diario \\\"Frankfurter Allgemeine Zeitung\\\", junto con un comentario con el t\\u00edtulo \\\"Un\",\"inLanguage\":\"es-ES\",\"isPartOf\":{\"@id\":\"https:\\\/\\\/candas365.es\\\/noticias\\\/#website\"},\"breadcrumb\":{\"@id\":\"https:\\\/\\\/candas365.es\\\/noticias\\\/prensa-alemana-lamenta-la-derrota-y-el-desacierto-de-schweinsteiger\\\/#breadcrumblist\"},\"author\":{\"@id\":\"https:\\\/\\\/candas365.es\\\/noticias\\\/author\\\/admin\\\/#author\"},\"creator\":{\"@id\":\"https:\\\/\\\/candas365.es\\\/noticias\\\/author\\\/admin\\\/#author\"},\"image\":{\"@type\":\"ImageObject\",\"url\":\"https:\\\/\\\/candas365.es\\\/noticias\\\/wp-content\\\/uploads\\\/2016\\\/06\\\/euro2016.jpg\",\"@id\":\"https:\\\/\\\/candas365.es\\\/noticias\\\/prensa-alemana-lamenta-la-derrota-y-el-desacierto-de-schweinsteiger\\\/#mainImage\",\"width\":800,\"height\":478},\"primaryImageOfPage\":{\"@id\":\"https:\\\/\\\/candas365.es\\\/noticias\\\/prensa-alemana-lamenta-la-derrota-y-el-desacierto-de-schweinsteiger\\\/#mainImage\"},\"datePublished\":\"2016-07-08T23:10:13+02:00\",\"dateModified\":\"2016-07-08T23:10:13+02:00\"},{\"@type\":\"WebSite\",\"@id\":\"https:\\\/\\\/candas365.es\\\/noticias\\\/#website\",\"url\":\"https:\\\/\\\/candas365.es\\\/noticias\\\/\",\"name\":\"Cand\\u00e1s 365\",\"alternateName\":\"Cand\\u00e1s 365 Noticias\",\"description\":\"Actualidad desde Carre\\u00f1o para el mundo\",\"inLanguage\":\"es-ES\",\"publisher\":{\"@id\":\"https:\\\/\\\/candas365.es\\\/noticias\\\/#organization\"}}]}\n\t\t<\/script>\n\t\t<!-- All in One SEO Pro -->\r\n\t\t<title>Prensa alemana lamenta la derrota y el \u00abdesacierto\u00bb de Schweinsteiger | Cand\u00e1s 365<\/title>\n\n","aioseo_head_json":{"title":"Prensa alemana lamenta la derrota y el \u00abdesacierto\u00bb de Schweinsteiger | Cand\u00e1s 365","description":"Berl\u00edn, 8 jul (dpa) - La prensa alemana lament\u00f3 hoy la derrota ante Francia en semifinales de la Eurocopa y en especial el \"desacierto\" de su capit\u00e1n, Bastian Schweinsteiger, que les cost\u00f3 el primer tanto del encuentro. \"Se acab\u00f3 el sue\u00f1o\", titul\u00f3 el diario \"Frankfurter Allgemeine Zeitung\", junto con un comentario con el t\u00edtulo \"Un","canonical_url":"https:\/\/candas365.es\/noticias\/prensa-alemana-lamenta-la-derrota-y-el-desacierto-de-schweinsteiger\/","robots":"max-image-preview:large","keywords":"actualidad","webmasterTools":{"google-site-verification":"UA-32230408-1","msvalidate.01":"354F3CDFB2DA171B47FBE9ABF1F88D5","miscellaneous":""},"schema":{"@context":"https:\/\/schema.org","@graph":[{"@type":"BreadcrumbList","@id":"https:\/\/candas365.es\/noticias\/prensa-alemana-lamenta-la-derrota-y-el-desacierto-de-schweinsteiger\/#breadcrumblist","itemListElement":[{"@type":"ListItem","@id":"https:\/\/candas365.es\/noticias#listItem","position":1,"name":"Home","item":"https:\/\/candas365.es\/noticias","nextItem":{"@type":"ListItem","@id":"https:\/\/candas365.es\/noticias\/category\/actualidad\/#listItem","name":"Actualidad"}},{"@type":"ListItem","@id":"https:\/\/candas365.es\/noticias\/category\/actualidad\/#listItem","position":2,"name":"Actualidad","item":"https:\/\/candas365.es\/noticias\/category\/actualidad\/","nextItem":{"@type":"ListItem","@id":"https:\/\/candas365.es\/noticias\/prensa-alemana-lamenta-la-derrota-y-el-desacierto-de-schweinsteiger\/#listItem","name":"Prensa alemana lamenta la derrota y el \u00abdesacierto\u00bb de Schweinsteiger"},"previousItem":{"@type":"ListItem","@id":"https:\/\/candas365.es\/noticias#listItem","name":"Home"}},{"@type":"ListItem","@id":"https:\/\/candas365.es\/noticias\/prensa-alemana-lamenta-la-derrota-y-el-desacierto-de-schweinsteiger\/#listItem","position":3,"name":"Prensa alemana lamenta la derrota y el \u00abdesacierto\u00bb de Schweinsteiger","previousItem":{"@type":"ListItem","@id":"https:\/\/candas365.es\/noticias\/category\/actualidad\/#listItem","name":"Actualidad"}}]},{"@type":"NewsArticle","@id":"https:\/\/candas365.es\/noticias\/prensa-alemana-lamenta-la-derrota-y-el-desacierto-de-schweinsteiger\/#newsarticle","name":"Prensa alemana lamenta la derrota y el \u00abdesacierto\u00bb de Schweinsteiger | Cand\u00e1s 365","headline":"Prensa alemana lamenta la derrota y el \u00abdesacierto\u00bb de Schweinsteiger","author":{"@id":"https:\/\/candas365.es\/noticias\/author\/admin\/#author"},"publisher":{"@id":"https:\/\/candas365.es\/noticias\/#organization"},"image":{"@type":"ImageObject","url":"https:\/\/candas365.es\/noticias\/wp-content\/uploads\/2016\/06\/euro2016.jpg","width":800,"height":478},"datePublished":"2016-07-08T23:10:13+02:00","dateModified":"2016-07-08T23:10:13+02:00","inLanguage":"es-ES","mainEntityOfPage":{"@id":"https:\/\/candas365.es\/noticias\/prensa-alemana-lamenta-la-derrota-y-el-desacierto-de-schweinsteiger\/#webpage"},"isPartOf":{"@id":"https:\/\/candas365.es\/noticias\/prensa-alemana-lamenta-la-derrota-y-el-desacierto-de-schweinsteiger\/#webpage"},"articleSection":"Actualidad","dateline":"Publicado el julio 8, 2016."},{"@type":"Organization","@id":"https:\/\/candas365.es\/noticias\/#organization","name":"Cand\u00e1s 365","description":"Cand\u00e1s 365 es un diario digital independiente, fundado en 2012, con base en Asturias. Informamos con rigor sobre actualidad, sociedad, cultura y ocio, con una mirada local y global.","url":"https:\/\/candas365.es\/noticias\/","email":"info@candas365.es","telephone":"+34652131393","foundingDate":"2012-06-10","logo":{"@type":"ImageObject","url":"https:\/\/candas365.es\/noticias\/wp-content\/uploads\/2024\/09\/Candas-365-Redes.jpg","@id":"https:\/\/candas365.es\/noticias\/prensa-alemana-lamenta-la-derrota-y-el-desacierto-de-schweinsteiger\/#organizationLogo","width":1152,"height":864,"caption":"Cand\u00e1s 365 Redes"},"image":{"@id":"https:\/\/candas365.es\/noticias\/prensa-alemana-lamenta-la-derrota-y-el-desacierto-de-schweinsteiger\/#organizationLogo"},"sameAs":["https:\/\/www.facebook.com\/Nachofdezber","https:\/\/x.com\/NabercoDigital","https:\/\/www.instagram.com\/nachofdezber\/","https:\/\/www.youtube.com\/channel\/UCZP-2wLEB9Rv6erhFmqVnvg"],"address":{"@id":"https:\/\/candas365.es\/noticias\/#postaladdress","@type":"PostalAddress","streetAddress":"san antonio 4, san antonio 4","postalCode":"33430","addressLocality":"Cand\u00e1s","addressRegion":"Asturias","addressCountry":"ES"}},{"@type":"Person","@id":"https:\/\/candas365.es\/noticias\/author\/admin\/#author","url":"https:\/\/candas365.es\/noticias\/author\/admin\/","name":"Cand\u00e1s 365","image":{"@type":"ImageObject","@id":"https:\/\/candas365.es\/noticias\/prensa-alemana-lamenta-la-derrota-y-el-desacierto-de-schweinsteiger\/#authorImage","url":"https:\/\/secure.gravatar.com\/avatar\/496a8e03d0c493ede1718b7934145dbdf8d89be1036b0eec9544e1094c9de390?s=96&d=mm&r=g","width":96,"height":96,"caption":"Cand\u00e1s 365"},"sameAs":["https:\/\/www.facebook.com\/carrenoactualidad","https:\/\/twitter.com\/nbasturias","https:\/\/www.instagram.com\/nachofdezber\/","https:\/\/www.youtube.com\/channel\/UCZP-2wLEB9Rv6erhFmqVnvg"]},{"@type":"WebPage","@id":"https:\/\/candas365.es\/noticias\/prensa-alemana-lamenta-la-derrota-y-el-desacierto-de-schweinsteiger\/#webpage","url":"https:\/\/candas365.es\/noticias\/prensa-alemana-lamenta-la-derrota-y-el-desacierto-de-schweinsteiger\/","name":"Prensa alemana lamenta la derrota y el \u00abdesacierto\u00bb de Schweinsteiger | Cand\u00e1s 365","description":"Berl\u00edn, 8 jul (dpa) - La prensa alemana lament\u00f3 hoy la derrota ante Francia en semifinales de la Eurocopa y en especial el \"desacierto\" de su capit\u00e1n, Bastian Schweinsteiger, que les cost\u00f3 el primer tanto del encuentro. \"Se acab\u00f3 el sue\u00f1o\", titul\u00f3 el diario \"Frankfurter Allgemeine Zeitung\", junto con un comentario con el t\u00edtulo \"Un","inLanguage":"es-ES","isPartOf":{"@id":"https:\/\/candas365.es\/noticias\/#website"},"breadcrumb":{"@id":"https:\/\/candas365.es\/noticias\/prensa-alemana-lamenta-la-derrota-y-el-desacierto-de-schweinsteiger\/#breadcrumblist"},"author":{"@id":"https:\/\/candas365.es\/noticias\/author\/admin\/#author"},"creator":{"@id":"https:\/\/candas365.es\/noticias\/author\/admin\/#author"},"image":{"@type":"ImageObject","url":"https:\/\/candas365.es\/noticias\/wp-content\/uploads\/2016\/06\/euro2016.jpg","@id":"https:\/\/candas365.es\/noticias\/prensa-alemana-lamenta-la-derrota-y-el-desacierto-de-schweinsteiger\/#mainImage","width":800,"height":478},"primaryImageOfPage":{"@id":"https:\/\/candas365.es\/noticias\/prensa-alemana-lamenta-la-derrota-y-el-desacierto-de-schweinsteiger\/#mainImage"},"datePublished":"2016-07-08T23:10:13+02:00","dateModified":"2016-07-08T23:10:13+02:00"},{"@type":"WebSite","@id":"https:\/\/candas365.es\/noticias\/#website","url":"https:\/\/candas365.es\/noticias\/","name":"Cand\u00e1s 365","alternateName":"Cand\u00e1s 365 Noticias","description":"Actualidad desde Carre\u00f1o para el mundo","inLanguage":"es-ES","publisher":{"@id":"https:\/\/candas365.es\/noticias\/#organization"}}]},"og:locale":"es_ES","og:site_name":"Cand\u00e1s 365","og:type":"article","og:title":"Prensa alemana lamenta la derrota y el \u00abdesacierto\u00bb de Schweinsteiger | Cand\u00e1s 365","og:description":"Berl\u00edn, 8 jul (dpa) - La prensa alemana lament\u00f3 hoy la derrota ante Francia en semifinales de la Eurocopa y en especial el &quot;desacierto&quot; de su capit\u00e1n, Bastian Schweinsteiger, que les cost\u00f3 el primer tanto del encuentro. &quot;Se acab\u00f3 el sue\u00f1o&quot;, titul\u00f3 el diario &quot;Frankfurter Allgemeine Zeitung&quot;, junto con un comentario con el t\u00edtulo &quot;Un","og:url":"https:\/\/candas365.es\/noticias\/prensa-alemana-lamenta-la-derrota-y-el-desacierto-de-schweinsteiger\/","og:image":"https:\/\/candas365.es\/noticias\/wp-content\/uploads\/2016\/06\/euro2016.jpg","og:image:secure_url":"https:\/\/candas365.es\/noticias\/wp-content\/uploads\/2016\/06\/euro2016.jpg","og:image:width":800,"og:image:height":478,"article:published_time":"2016-07-08T21:40:13+00:00","article:modified_time":"2016-07-08T21:40:13+00:00","article:publisher":"https:\/\/www.facebook.com\/Nachofdezber","article:author":"https:\/\/www.facebook.com\/carrenoactualidad","twitter:card":"summary_large_image","twitter:site":"@NabercoDigital","twitter:title":"Prensa alemana lamenta la derrota y el \u00abdesacierto\u00bb de Schweinsteiger | Cand\u00e1s 365","twitter:description":"Berl\u00edn, 8 jul (dpa) - La prensa alemana lament\u00f3 hoy la derrota ante Francia en semifinales de la Eurocopa y en especial el &quot;desacierto&quot; de su capit\u00e1n, Bastian Schweinsteiger, que les cost\u00f3 el primer tanto del encuentro. &quot;Se acab\u00f3 el sue\u00f1o&quot;, titul\u00f3 el diario &quot;Frankfurter Allgemeine Zeitung&quot;, junto con un comentario con el t\u00edtulo &quot;Un","twitter:creator":"@nbasturias","twitter:image":"https:\/\/candas365.es\/noticias\/wp-content\/uploads\/2016\/06\/euro2016.jpg","twitter:label1":"Escrito por","twitter:data1":"Cand\u00e1s 365","twitter:label2":"Tiempo de lectura estimado","twitter:data2":"2 minutos"},"aioseo_meta_data":{"post_id":"31653","title":null,"description":null,"keywords":null,"keyphrases":null,"primary_term":null,"canonical_url":null,"og_title":null,"og_description":null,"og_object_type":"default","og_image_type":"default","og_image_url":null,"og_image_width":null,"og_image_height":null,"og_image_custom_url":null,"og_image_custom_fields":null,"og_video":null,"og_custom_url":null,"og_article_section":null,"og_article_tags":null,"twitter_use_og":false,"twitter_card":"default","twitter_image_type":"default","twitter_image_url":null,"twitter_image_custom_url":null,"twitter_image_custom_fields":null,"twitter_title":null,"twitter_description":null,"schema":{"blockGraphs":[],"customGraphs":[],"default":{"data":{"Article":[],"Course":[],"Dataset":[],"FAQPage":[],"Movie":[],"Person":[],"Product":[],"ProductReview":[],"Car":[],"Recipe":[],"Service":[],"SoftwareApplication":[],"WebPage":[]},"graphName":"","isEnabled":true},"graphs":[],"defaultGraph":"","defaultPostTypeGraph":""},"schema_type":null,"schema_type_options":null,"pillar_content":false,"robots_default":true,"robots_noindex":false,"robots_noarchive":false,"robots_nosnippet":false,"robots_nofollow":false,"robots_noimageindex":false,"robots_noodp":false,"robots_notranslate":false,"robots_max_snippet":null,"robots_max_videopreview":null,"robots_max_imagepreview":"large","priority":null,"frequency":null,"location":null,"local_seo":null,"seo_analyzer_scan_date":"2025-08-24 14:11:14","breadcrumb_settings":null,"limit_modified_date":false,"reviewed_by":null,"open_ai":null,"ai":null,"created":"2020-12-21 13:01:31","updated":"2025-08-24 14:11:14"},"aioseo_breadcrumb":"<div class=\"aioseo-breadcrumbs\"><span class=\"aioseo-breadcrumb\">\n\t<a href=\"https:\/\/candas365.es\/noticias\" title=\"Home\">Home<\/a>\n<\/span><span class=\"aioseo-breadcrumb-separator\">&ndash;<\/span><span class=\"aioseo-breadcrumb\">\n\t<a href=\"https:\/\/candas365.es\/noticias\/category\/actualidad\/\" title=\"Actualidad\">Actualidad<\/a>\n<\/span><span class=\"aioseo-breadcrumb-separator\">&ndash;<\/span><span class=\"aioseo-breadcrumb\">\n\tPrensa alemana lamenta la derrota y el \u00abdesacierto\u00bb de Schweinsteiger\n<\/span><\/div>","aioseo_breadcrumb_json":[{"label":"Home","link":"https:\/\/candas365.es\/noticias"},{"label":"Actualidad","link":"https:\/\/candas365.es\/noticias\/category\/actualidad\/"},{"label":"Prensa alemana lamenta la derrota y el \u00abdesacierto\u00bb de Schweinsteiger","link":"https:\/\/candas365.es\/noticias\/prensa-alemana-lamenta-la-derrota-y-el-desacierto-de-schweinsteiger\/"}],"_links":{"self":[{"href":"https:\/\/candas365.es\/noticias\/wp-json\/wp\/v2\/posts\/31653","targetHints":{"allow":["GET"]}}],"collection":[{"href":"https:\/\/candas365.es\/noticias\/wp-json\/wp\/v2\/posts"}],"about":[{"href":"https:\/\/candas365.es\/noticias\/wp-json\/wp\/v2\/types\/post"}],"author":[{"embeddable":true,"href":"https:\/\/candas365.es\/noticias\/wp-json\/wp\/v2\/users\/1"}],"replies":[{"embeddable":true,"href":"https:\/\/candas365.es\/noticias\/wp-json\/wp\/v2\/comments?post=31653"}],"version-history":[{"count":0,"href":"https:\/\/candas365.es\/noticias\/wp-json\/wp\/v2\/posts\/31653\/revisions"}],"wp:featuredmedia":[{"embeddable":true,"href":"https:\/\/candas365.es\/noticias\/wp-json\/wp\/v2\/media\/29884"}],"wp:attachment":[{"href":"https:\/\/candas365.es\/noticias\/wp-json\/wp\/v2\/media?parent=31653"}],"wp:term":[{"taxonomy":"category","embeddable":true,"href":"https:\/\/candas365.es\/noticias\/wp-json\/wp\/v2\/categories?post=31653"},{"taxonomy":"post_tag","embeddable":true,"href":"https:\/\/candas365.es\/noticias\/wp-json\/wp\/v2\/tags?post=31653"}],"curies":[{"name":"wp","href":"https:\/\/api.w.org\/{rel}","templated":true}]}}