{"id":31651,"date":"2016-07-08T23:09:05","date_gmt":"2016-07-08T21:39:05","guid":{"rendered":"http:\/\/candas365.es\/noticias\/?p=31651"},"modified":"2016-07-08T23:09:05","modified_gmt":"2016-07-08T21:39:05","slug":"tribunal-decide-que-la-marca-neuschwanstein-pertenece-a-baviera","status":"publish","type":"post","link":"https:\/\/candas365.es\/noticias\/tribunal-decide-que-la-marca-neuschwanstein-pertenece-a-baviera\/","title":{"rendered":"Tribunal decide que la marca \u00abNeuschwanstein\u00bb pertenece a Baviera"},"content":{"rendered":"<p>Luxemburgo, 8 jul (dpa) &#8211; El estado federado alem\u00e1n de Baviera puede mantener su marca \u00abNeuschwanstein\u00bb tras la decisi\u00f3n adoptada esta semana en Luxemburgo por el Tribunal de Justicia de la Uni\u00f3n Europea (TJUE), que recus\u00f3 una demanda presentada por la asociaci\u00f3n alemana de fabricantes y comerciantes de souvenirs, regalos y premios (BSGE, por sus siglas en alem\u00e1n).<\/p>\n<p>La asociaci\u00f3n BSGE defend\u00eda el argumento de que el t\u00e9rmino \u00abNeuschwanstein\u00bb describe un origen geogr\u00e1fico y no puede ser, por consiguiente, protegido como marca registrada.<\/p>\n<p>Los jueces consideraron, sin embargo, que el castillo no es un lugar en el que se produzcan art\u00edculos determinados o se presten servicios y por ello no se puede considerar al nombre como denominaci\u00f3n de origen.<\/p>\n<p>El \u00abcastillo de cuento de hadas\u00bb construido por el rey Luis II de Baviera (1845-1886) est\u00e1 ubicado en un paraje id\u00edlico de las monta\u00f1as de Schwangau, en el sur de Alemania. Su construcci\u00f3n se inici\u00f3 en 1869 y se finaliz\u00f3 en 1892.<\/p>\n<p>Sus interiores est\u00e1n lujosamente adornados con representaciones de sagas alemanas como escenas de Tannh\u00e4user, Lohengrin, Trist\u00e1n e Isolda y El cantar de los nibelungos o escenas de la vida del Minnes\u00e4nger o trovador medieval, Walter von der Vogelweide.<\/p>\n<p>El castillo de Neuschwanstein es una de las mayores atracciones tur\u00edsticas de Alemania. En 2015 lo visitaron m\u00e1s de 1,5 millones de personas provenientes de todo el mundo.<\/p>\n<p>El estado de Baviera se asegur\u00f3 el registro del nombre del castillo como marca, entre otras cosas, para perfumes, cuchillos, cajas de m\u00fasica, servicios de telecomunicaciones y productos de belleza.<\/p>\n<p>Contra esta sentencia es posible presentar recursos legales ante el Tribunal de Justicia de la Uni\u00f3n Europea.<\/p>\n","protected":false},"excerpt":{"rendered":"<p>Luxemburgo, 8 jul (dpa) &#8211; El estado federado alem\u00e1n de Baviera puede mantener su marca \u00abNeuschwanstein\u00bb tras la decisi\u00f3n adoptada esta semana en Luxemburgo por el Tribunal de Justicia de la Uni\u00f3n Europea (TJUE), que recus\u00f3 una demanda presentada por la asociaci\u00f3n alemana de fabricantes y comerciantes de souvenirs, regalos y premios (BSGE, por sus<\/p>\n","protected":false},"author":1,"featured_media":16457,"comment_status":"closed","ping_status":"closed","sticky":false,"template":"","format":"standard","meta":{"footnotes":""},"categories":[343],"tags":[],"class_list":{"0":"post-31651","1":"post","2":"type-post","3":"status-publish","4":"format-standard","5":"has-post-thumbnail","7":"category-actualidad"},"aioseo_notices":[],"aioseo_head":"\n\t\t<!-- All in One SEO Pro 4.9.6.2 - aioseo.com -->\n\t<meta name=\"description\" content=\"Luxemburgo, 8 jul (dpa) - El estado federado alem\u00e1n de Baviera puede mantener su marca &quot;Neuschwanstein&quot; tras la decisi\u00f3n adoptada esta semana en Luxemburgo por el Tribunal de Justicia de la Uni\u00f3n Europea (TJUE), que recus\u00f3 una demanda presentada por la asociaci\u00f3n alemana de fabricantes y comerciantes de souvenirs, regalos y premios (BSGE, por sus\" \/>\n\t<meta name=\"robots\" content=\"max-image-preview:large\" \/>\n\t<meta name=\"author\" content=\"Cand\u00e1s 365\"\/>\n\t<meta name=\"google-site-verification\" content=\"UA-32230408-1\" \/>\n\t<meta name=\"msvalidate.01\" content=\"354F3CDFB2DA171B47FBE9ABF1F88D5\" \/>\n\t<meta name=\"keywords\" content=\"actualidad\" \/>\n\t<link rel=\"canonical\" href=\"https:\/\/candas365.es\/noticias\/tribunal-decide-que-la-marca-neuschwanstein-pertenece-a-baviera\/\" \/>\n\t<meta name=\"generator\" content=\"All in One SEO Pro (AIOSEO) 4.9.6.2\" \/>\n\t\t<meta property=\"og:locale\" content=\"es_ES\" \/>\n\t\t<meta property=\"og:site_name\" content=\"Cand\u00e1s 365\" \/>\n\t\t<meta property=\"og:type\" content=\"article\" \/>\n\t\t<meta property=\"og:title\" content=\"Tribunal decide que la marca \u00abNeuschwanstein\u00bb pertenece a Baviera | Cand\u00e1s 365\" \/>\n\t\t<meta property=\"og:description\" content=\"Luxemburgo, 8 jul (dpa) - El estado federado alem\u00e1n de Baviera puede mantener su marca &quot;Neuschwanstein&quot; tras la decisi\u00f3n adoptada esta semana en Luxemburgo por el Tribunal de Justicia de la Uni\u00f3n Europea (TJUE), que recus\u00f3 una demanda presentada por la asociaci\u00f3n alemana de fabricantes y comerciantes de souvenirs, regalos y premios (BSGE, por sus\" \/>\n\t\t<meta property=\"og:url\" content=\"https:\/\/candas365.es\/noticias\/tribunal-decide-que-la-marca-neuschwanstein-pertenece-a-baviera\/\" \/>\n\t\t<meta property=\"og:image\" content=\"https:\/\/candas365.es\/noticias\/wp-content\/uploads\/2015\/09\/c365noticias.jpg\" \/>\n\t\t<meta property=\"og:image:secure_url\" content=\"https:\/\/candas365.es\/noticias\/wp-content\/uploads\/2015\/09\/c365noticias.jpg\" \/>\n\t\t<meta property=\"og:image:width\" content=\"655\" \/>\n\t\t<meta property=\"og:image:height\" content=\"360\" \/>\n\t\t<meta property=\"article:published_time\" content=\"2016-07-08T21:39:05+00:00\" \/>\n\t\t<meta property=\"article:modified_time\" content=\"2016-07-08T21:39:05+00:00\" \/>\n\t\t<meta property=\"article:publisher\" content=\"https:\/\/www.facebook.com\/Nachofdezber\" \/>\n\t\t<meta property=\"article:author\" content=\"https:\/\/www.facebook.com\/carrenoactualidad\" \/>\n\t\t<meta name=\"twitter:card\" content=\"summary_large_image\" \/>\n\t\t<meta name=\"twitter:site\" content=\"@NabercoDigital\" \/>\n\t\t<meta name=\"twitter:title\" content=\"Tribunal decide que la marca \u00abNeuschwanstein\u00bb pertenece a Baviera | Cand\u00e1s 365\" \/>\n\t\t<meta name=\"twitter:description\" content=\"Luxemburgo, 8 jul (dpa) - El estado federado alem\u00e1n de Baviera puede mantener su marca &quot;Neuschwanstein&quot; tras la decisi\u00f3n adoptada esta semana en Luxemburgo por el Tribunal de Justicia de la Uni\u00f3n Europea (TJUE), que recus\u00f3 una demanda presentada por la asociaci\u00f3n alemana de fabricantes y comerciantes de souvenirs, regalos y premios (BSGE, por sus\" \/>\n\t\t<meta name=\"twitter:creator\" content=\"@nbasturias\" \/>\n\t\t<meta name=\"twitter:image\" content=\"https:\/\/candas365.es\/noticias\/wp-content\/uploads\/2015\/09\/c365noticias.jpg\" \/>\n\t\t<meta name=\"twitter:label1\" content=\"Escrito por\" \/>\n\t\t<meta name=\"twitter:data1\" content=\"Cand\u00e1s 365\" \/>\n\t\t<meta name=\"twitter:label2\" content=\"Tiempo de lectura estimado\" \/>\n\t\t<meta name=\"twitter:data2\" content=\"1 minuto\" \/>\n\t\t<script type=\"application\/ld+json\" class=\"aioseo-schema\">\n\t\t\t{\"@context\":\"https:\\\/\\\/schema.org\",\"@graph\":[{\"@type\":\"BreadcrumbList\",\"@id\":\"https:\\\/\\\/candas365.es\\\/noticias\\\/tribunal-decide-que-la-marca-neuschwanstein-pertenece-a-baviera\\\/#breadcrumblist\",\"itemListElement\":[{\"@type\":\"ListItem\",\"@id\":\"https:\\\/\\\/candas365.es\\\/noticias#listItem\",\"position\":1,\"name\":\"Home\",\"item\":\"https:\\\/\\\/candas365.es\\\/noticias\",\"nextItem\":{\"@type\":\"ListItem\",\"@id\":\"https:\\\/\\\/candas365.es\\\/noticias\\\/category\\\/actualidad\\\/#listItem\",\"name\":\"Actualidad\"}},{\"@type\":\"ListItem\",\"@id\":\"https:\\\/\\\/candas365.es\\\/noticias\\\/category\\\/actualidad\\\/#listItem\",\"position\":2,\"name\":\"Actualidad\",\"item\":\"https:\\\/\\\/candas365.es\\\/noticias\\\/category\\\/actualidad\\\/\",\"nextItem\":{\"@type\":\"ListItem\",\"@id\":\"https:\\\/\\\/candas365.es\\\/noticias\\\/tribunal-decide-que-la-marca-neuschwanstein-pertenece-a-baviera\\\/#listItem\",\"name\":\"Tribunal decide que la marca \\u00abNeuschwanstein\\u00bb pertenece a Baviera\"},\"previousItem\":{\"@type\":\"ListItem\",\"@id\":\"https:\\\/\\\/candas365.es\\\/noticias#listItem\",\"name\":\"Home\"}},{\"@type\":\"ListItem\",\"@id\":\"https:\\\/\\\/candas365.es\\\/noticias\\\/tribunal-decide-que-la-marca-neuschwanstein-pertenece-a-baviera\\\/#listItem\",\"position\":3,\"name\":\"Tribunal decide que la marca \\u00abNeuschwanstein\\u00bb pertenece a Baviera\",\"previousItem\":{\"@type\":\"ListItem\",\"@id\":\"https:\\\/\\\/candas365.es\\\/noticias\\\/category\\\/actualidad\\\/#listItem\",\"name\":\"Actualidad\"}}]},{\"@type\":\"NewsArticle\",\"@id\":\"https:\\\/\\\/candas365.es\\\/noticias\\\/tribunal-decide-que-la-marca-neuschwanstein-pertenece-a-baviera\\\/#newsarticle\",\"name\":\"Tribunal decide que la marca \\u00abNeuschwanstein\\u00bb pertenece a Baviera | Cand\\u00e1s 365\",\"headline\":\"Tribunal decide que la marca \\u00abNeuschwanstein\\u00bb pertenece a Baviera\",\"author\":{\"@id\":\"https:\\\/\\\/candas365.es\\\/noticias\\\/author\\\/admin\\\/#author\"},\"publisher\":{\"@id\":\"https:\\\/\\\/candas365.es\\\/noticias\\\/#organization\"},\"image\":{\"@type\":\"ImageObject\",\"url\":\"https:\\\/\\\/candas365.es\\\/noticias\\\/wp-content\\\/uploads\\\/2015\\\/09\\\/c365noticias.jpg\",\"width\":655,\"height\":360},\"datePublished\":\"2016-07-08T23:09:05+02:00\",\"dateModified\":\"2016-07-08T23:09:05+02:00\",\"inLanguage\":\"es-ES\",\"mainEntityOfPage\":{\"@id\":\"https:\\\/\\\/candas365.es\\\/noticias\\\/tribunal-decide-que-la-marca-neuschwanstein-pertenece-a-baviera\\\/#webpage\"},\"isPartOf\":{\"@id\":\"https:\\\/\\\/candas365.es\\\/noticias\\\/tribunal-decide-que-la-marca-neuschwanstein-pertenece-a-baviera\\\/#webpage\"},\"articleSection\":\"Actualidad\",\"dateline\":\"Publicado el julio 8, 2016.\"},{\"@type\":\"Organization\",\"@id\":\"https:\\\/\\\/candas365.es\\\/noticias\\\/#organization\",\"name\":\"Cand\\u00e1s 365\",\"description\":\"Cand\\u00e1s 365 es un diario digital independiente, fundado en 2012, con base en Asturias. Informamos con rigor sobre actualidad, sociedad, cultura y ocio, con una mirada local y global.\",\"url\":\"https:\\\/\\\/candas365.es\\\/noticias\\\/\",\"email\":\"info@candas365.es\",\"telephone\":\"+34652131393\",\"foundingDate\":\"2012-06-10\",\"logo\":{\"@type\":\"ImageObject\",\"url\":\"https:\\\/\\\/candas365.es\\\/noticias\\\/wp-content\\\/uploads\\\/2024\\\/09\\\/Candas-365-Redes.jpg\",\"@id\":\"https:\\\/\\\/candas365.es\\\/noticias\\\/tribunal-decide-que-la-marca-neuschwanstein-pertenece-a-baviera\\\/#organizationLogo\",\"width\":1152,\"height\":864,\"caption\":\"Cand\\u00e1s 365 Redes\"},\"image\":{\"@id\":\"https:\\\/\\\/candas365.es\\\/noticias\\\/tribunal-decide-que-la-marca-neuschwanstein-pertenece-a-baviera\\\/#organizationLogo\"},\"sameAs\":[\"https:\\\/\\\/www.facebook.com\\\/Nachofdezber\",\"https:\\\/\\\/x.com\\\/NabercoDigital\",\"https:\\\/\\\/www.instagram.com\\\/nachofdezber\\\/\",\"https:\\\/\\\/www.youtube.com\\\/channel\\\/UCZP-2wLEB9Rv6erhFmqVnvg\"],\"address\":{\"@id\":\"https:\\\/\\\/candas365.es\\\/noticias\\\/#postaladdress\",\"@type\":\"PostalAddress\",\"streetAddress\":\"san antonio 4, san antonio 4\",\"postalCode\":\"33430\",\"addressLocality\":\"Cand\\u00e1s\",\"addressRegion\":\"Asturias\",\"addressCountry\":\"ES\"}},{\"@type\":\"Person\",\"@id\":\"https:\\\/\\\/candas365.es\\\/noticias\\\/author\\\/admin\\\/#author\",\"url\":\"https:\\\/\\\/candas365.es\\\/noticias\\\/author\\\/admin\\\/\",\"name\":\"Cand\\u00e1s 365\",\"image\":{\"@type\":\"ImageObject\",\"@id\":\"https:\\\/\\\/candas365.es\\\/noticias\\\/tribunal-decide-que-la-marca-neuschwanstein-pertenece-a-baviera\\\/#authorImage\",\"url\":\"https:\\\/\\\/secure.gravatar.com\\\/avatar\\\/496a8e03d0c493ede1718b7934145dbdf8d89be1036b0eec9544e1094c9de390?s=96&d=mm&r=g\",\"width\":96,\"height\":96,\"caption\":\"Cand\\u00e1s 365\"},\"sameAs\":[\"https:\\\/\\\/www.facebook.com\\\/carrenoactualidad\",\"https:\\\/\\\/twitter.com\\\/nbasturias\",\"https:\\\/\\\/www.instagram.com\\\/nachofdezber\\\/\",\"https:\\\/\\\/www.youtube.com\\\/channel\\\/UCZP-2wLEB9Rv6erhFmqVnvg\"]},{\"@type\":\"WebPage\",\"@id\":\"https:\\\/\\\/candas365.es\\\/noticias\\\/tribunal-decide-que-la-marca-neuschwanstein-pertenece-a-baviera\\\/#webpage\",\"url\":\"https:\\\/\\\/candas365.es\\\/noticias\\\/tribunal-decide-que-la-marca-neuschwanstein-pertenece-a-baviera\\\/\",\"name\":\"Tribunal decide que la marca \\u00abNeuschwanstein\\u00bb pertenece a Baviera | Cand\\u00e1s 365\",\"description\":\"Luxemburgo, 8 jul (dpa) - El estado federado alem\\u00e1n de Baviera puede mantener su marca \\\"Neuschwanstein\\\" tras la decisi\\u00f3n adoptada esta semana en Luxemburgo por el Tribunal de Justicia de la Uni\\u00f3n Europea (TJUE), que recus\\u00f3 una demanda presentada por la asociaci\\u00f3n alemana de fabricantes y comerciantes de souvenirs, regalos y premios (BSGE, por sus\",\"inLanguage\":\"es-ES\",\"isPartOf\":{\"@id\":\"https:\\\/\\\/candas365.es\\\/noticias\\\/#website\"},\"breadcrumb\":{\"@id\":\"https:\\\/\\\/candas365.es\\\/noticias\\\/tribunal-decide-que-la-marca-neuschwanstein-pertenece-a-baviera\\\/#breadcrumblist\"},\"author\":{\"@id\":\"https:\\\/\\\/candas365.es\\\/noticias\\\/author\\\/admin\\\/#author\"},\"creator\":{\"@id\":\"https:\\\/\\\/candas365.es\\\/noticias\\\/author\\\/admin\\\/#author\"},\"image\":{\"@type\":\"ImageObject\",\"url\":\"https:\\\/\\\/candas365.es\\\/noticias\\\/wp-content\\\/uploads\\\/2015\\\/09\\\/c365noticias.jpg\",\"@id\":\"https:\\\/\\\/candas365.es\\\/noticias\\\/tribunal-decide-que-la-marca-neuschwanstein-pertenece-a-baviera\\\/#mainImage\",\"width\":655,\"height\":360},\"primaryImageOfPage\":{\"@id\":\"https:\\\/\\\/candas365.es\\\/noticias\\\/tribunal-decide-que-la-marca-neuschwanstein-pertenece-a-baviera\\\/#mainImage\"},\"datePublished\":\"2016-07-08T23:09:05+02:00\",\"dateModified\":\"2016-07-08T23:09:05+02:00\"},{\"@type\":\"WebSite\",\"@id\":\"https:\\\/\\\/candas365.es\\\/noticias\\\/#website\",\"url\":\"https:\\\/\\\/candas365.es\\\/noticias\\\/\",\"name\":\"Cand\\u00e1s 365\",\"alternateName\":\"Cand\\u00e1s 365 Noticias\",\"description\":\"Actualidad desde Carre\\u00f1o para el mundo\",\"inLanguage\":\"es-ES\",\"publisher\":{\"@id\":\"https:\\\/\\\/candas365.es\\\/noticias\\\/#organization\"}}]}\n\t\t<\/script>\n\t\t<!-- All in One SEO Pro -->\r\n\t\t<title>Tribunal decide que la marca \u00abNeuschwanstein\u00bb pertenece a Baviera | Cand\u00e1s 365<\/title>\n\n","aioseo_head_json":{"title":"Tribunal decide que la marca \u00abNeuschwanstein\u00bb pertenece a Baviera | Cand\u00e1s 365","description":"Luxemburgo, 8 jul (dpa) - El estado federado alem\u00e1n de Baviera puede mantener su marca \"Neuschwanstein\" tras la decisi\u00f3n adoptada esta semana en Luxemburgo por el Tribunal de Justicia de la Uni\u00f3n Europea (TJUE), que recus\u00f3 una demanda presentada por la asociaci\u00f3n alemana de fabricantes y comerciantes de souvenirs, regalos y premios (BSGE, por sus","canonical_url":"https:\/\/candas365.es\/noticias\/tribunal-decide-que-la-marca-neuschwanstein-pertenece-a-baviera\/","robots":"max-image-preview:large","keywords":"actualidad","webmasterTools":{"google-site-verification":"UA-32230408-1","msvalidate.01":"354F3CDFB2DA171B47FBE9ABF1F88D5","miscellaneous":""},"schema":{"@context":"https:\/\/schema.org","@graph":[{"@type":"BreadcrumbList","@id":"https:\/\/candas365.es\/noticias\/tribunal-decide-que-la-marca-neuschwanstein-pertenece-a-baviera\/#breadcrumblist","itemListElement":[{"@type":"ListItem","@id":"https:\/\/candas365.es\/noticias#listItem","position":1,"name":"Home","item":"https:\/\/candas365.es\/noticias","nextItem":{"@type":"ListItem","@id":"https:\/\/candas365.es\/noticias\/category\/actualidad\/#listItem","name":"Actualidad"}},{"@type":"ListItem","@id":"https:\/\/candas365.es\/noticias\/category\/actualidad\/#listItem","position":2,"name":"Actualidad","item":"https:\/\/candas365.es\/noticias\/category\/actualidad\/","nextItem":{"@type":"ListItem","@id":"https:\/\/candas365.es\/noticias\/tribunal-decide-que-la-marca-neuschwanstein-pertenece-a-baviera\/#listItem","name":"Tribunal decide que la marca \u00abNeuschwanstein\u00bb pertenece a Baviera"},"previousItem":{"@type":"ListItem","@id":"https:\/\/candas365.es\/noticias#listItem","name":"Home"}},{"@type":"ListItem","@id":"https:\/\/candas365.es\/noticias\/tribunal-decide-que-la-marca-neuschwanstein-pertenece-a-baviera\/#listItem","position":3,"name":"Tribunal decide que la marca \u00abNeuschwanstein\u00bb pertenece a Baviera","previousItem":{"@type":"ListItem","@id":"https:\/\/candas365.es\/noticias\/category\/actualidad\/#listItem","name":"Actualidad"}}]},{"@type":"NewsArticle","@id":"https:\/\/candas365.es\/noticias\/tribunal-decide-que-la-marca-neuschwanstein-pertenece-a-baviera\/#newsarticle","name":"Tribunal decide que la marca \u00abNeuschwanstein\u00bb pertenece a Baviera | Cand\u00e1s 365","headline":"Tribunal decide que la marca \u00abNeuschwanstein\u00bb pertenece a Baviera","author":{"@id":"https:\/\/candas365.es\/noticias\/author\/admin\/#author"},"publisher":{"@id":"https:\/\/candas365.es\/noticias\/#organization"},"image":{"@type":"ImageObject","url":"https:\/\/candas365.es\/noticias\/wp-content\/uploads\/2015\/09\/c365noticias.jpg","width":655,"height":360},"datePublished":"2016-07-08T23:09:05+02:00","dateModified":"2016-07-08T23:09:05+02:00","inLanguage":"es-ES","mainEntityOfPage":{"@id":"https:\/\/candas365.es\/noticias\/tribunal-decide-que-la-marca-neuschwanstein-pertenece-a-baviera\/#webpage"},"isPartOf":{"@id":"https:\/\/candas365.es\/noticias\/tribunal-decide-que-la-marca-neuschwanstein-pertenece-a-baviera\/#webpage"},"articleSection":"Actualidad","dateline":"Publicado el julio 8, 2016."},{"@type":"Organization","@id":"https:\/\/candas365.es\/noticias\/#organization","name":"Cand\u00e1s 365","description":"Cand\u00e1s 365 es un diario digital independiente, fundado en 2012, con base en Asturias. Informamos con rigor sobre actualidad, sociedad, cultura y ocio, con una mirada local y global.","url":"https:\/\/candas365.es\/noticias\/","email":"info@candas365.es","telephone":"+34652131393","foundingDate":"2012-06-10","logo":{"@type":"ImageObject","url":"https:\/\/candas365.es\/noticias\/wp-content\/uploads\/2024\/09\/Candas-365-Redes.jpg","@id":"https:\/\/candas365.es\/noticias\/tribunal-decide-que-la-marca-neuschwanstein-pertenece-a-baviera\/#organizationLogo","width":1152,"height":864,"caption":"Cand\u00e1s 365 Redes"},"image":{"@id":"https:\/\/candas365.es\/noticias\/tribunal-decide-que-la-marca-neuschwanstein-pertenece-a-baviera\/#organizationLogo"},"sameAs":["https:\/\/www.facebook.com\/Nachofdezber","https:\/\/x.com\/NabercoDigital","https:\/\/www.instagram.com\/nachofdezber\/","https:\/\/www.youtube.com\/channel\/UCZP-2wLEB9Rv6erhFmqVnvg"],"address":{"@id":"https:\/\/candas365.es\/noticias\/#postaladdress","@type":"PostalAddress","streetAddress":"san antonio 4, san antonio 4","postalCode":"33430","addressLocality":"Cand\u00e1s","addressRegion":"Asturias","addressCountry":"ES"}},{"@type":"Person","@id":"https:\/\/candas365.es\/noticias\/author\/admin\/#author","url":"https:\/\/candas365.es\/noticias\/author\/admin\/","name":"Cand\u00e1s 365","image":{"@type":"ImageObject","@id":"https:\/\/candas365.es\/noticias\/tribunal-decide-que-la-marca-neuschwanstein-pertenece-a-baviera\/#authorImage","url":"https:\/\/secure.gravatar.com\/avatar\/496a8e03d0c493ede1718b7934145dbdf8d89be1036b0eec9544e1094c9de390?s=96&d=mm&r=g","width":96,"height":96,"caption":"Cand\u00e1s 365"},"sameAs":["https:\/\/www.facebook.com\/carrenoactualidad","https:\/\/twitter.com\/nbasturias","https:\/\/www.instagram.com\/nachofdezber\/","https:\/\/www.youtube.com\/channel\/UCZP-2wLEB9Rv6erhFmqVnvg"]},{"@type":"WebPage","@id":"https:\/\/candas365.es\/noticias\/tribunal-decide-que-la-marca-neuschwanstein-pertenece-a-baviera\/#webpage","url":"https:\/\/candas365.es\/noticias\/tribunal-decide-que-la-marca-neuschwanstein-pertenece-a-baviera\/","name":"Tribunal decide que la marca \u00abNeuschwanstein\u00bb pertenece a Baviera | Cand\u00e1s 365","description":"Luxemburgo, 8 jul (dpa) - El estado federado alem\u00e1n de Baviera puede mantener su marca \"Neuschwanstein\" tras la decisi\u00f3n adoptada esta semana en Luxemburgo por el Tribunal de Justicia de la Uni\u00f3n Europea (TJUE), que recus\u00f3 una demanda presentada por la asociaci\u00f3n alemana de fabricantes y comerciantes de souvenirs, regalos y premios (BSGE, por sus","inLanguage":"es-ES","isPartOf":{"@id":"https:\/\/candas365.es\/noticias\/#website"},"breadcrumb":{"@id":"https:\/\/candas365.es\/noticias\/tribunal-decide-que-la-marca-neuschwanstein-pertenece-a-baviera\/#breadcrumblist"},"author":{"@id":"https:\/\/candas365.es\/noticias\/author\/admin\/#author"},"creator":{"@id":"https:\/\/candas365.es\/noticias\/author\/admin\/#author"},"image":{"@type":"ImageObject","url":"https:\/\/candas365.es\/noticias\/wp-content\/uploads\/2015\/09\/c365noticias.jpg","@id":"https:\/\/candas365.es\/noticias\/tribunal-decide-que-la-marca-neuschwanstein-pertenece-a-baviera\/#mainImage","width":655,"height":360},"primaryImageOfPage":{"@id":"https:\/\/candas365.es\/noticias\/tribunal-decide-que-la-marca-neuschwanstein-pertenece-a-baviera\/#mainImage"},"datePublished":"2016-07-08T23:09:05+02:00","dateModified":"2016-07-08T23:09:05+02:00"},{"@type":"WebSite","@id":"https:\/\/candas365.es\/noticias\/#website","url":"https:\/\/candas365.es\/noticias\/","name":"Cand\u00e1s 365","alternateName":"Cand\u00e1s 365 Noticias","description":"Actualidad desde Carre\u00f1o para el mundo","inLanguage":"es-ES","publisher":{"@id":"https:\/\/candas365.es\/noticias\/#organization"}}]},"og:locale":"es_ES","og:site_name":"Cand\u00e1s 365","og:type":"article","og:title":"Tribunal decide que la marca \u00abNeuschwanstein\u00bb pertenece a Baviera | Cand\u00e1s 365","og:description":"Luxemburgo, 8 jul (dpa) - El estado federado alem\u00e1n de Baviera puede mantener su marca &quot;Neuschwanstein&quot; tras la decisi\u00f3n adoptada esta semana en Luxemburgo por el Tribunal de Justicia de la Uni\u00f3n Europea (TJUE), que recus\u00f3 una demanda presentada por la asociaci\u00f3n alemana de fabricantes y comerciantes de souvenirs, regalos y premios (BSGE, por sus","og:url":"https:\/\/candas365.es\/noticias\/tribunal-decide-que-la-marca-neuschwanstein-pertenece-a-baviera\/","og:image":"https:\/\/candas365.es\/noticias\/wp-content\/uploads\/2015\/09\/c365noticias.jpg","og:image:secure_url":"https:\/\/candas365.es\/noticias\/wp-content\/uploads\/2015\/09\/c365noticias.jpg","og:image:width":655,"og:image:height":360,"article:published_time":"2016-07-08T21:39:05+00:00","article:modified_time":"2016-07-08T21:39:05+00:00","article:publisher":"https:\/\/www.facebook.com\/Nachofdezber","article:author":"https:\/\/www.facebook.com\/carrenoactualidad","twitter:card":"summary_large_image","twitter:site":"@NabercoDigital","twitter:title":"Tribunal decide que la marca \u00abNeuschwanstein\u00bb pertenece a Baviera | Cand\u00e1s 365","twitter:description":"Luxemburgo, 8 jul (dpa) - El estado federado alem\u00e1n de Baviera puede mantener su marca &quot;Neuschwanstein&quot; tras la decisi\u00f3n adoptada esta semana en Luxemburgo por el Tribunal de Justicia de la Uni\u00f3n Europea (TJUE), que recus\u00f3 una demanda presentada por la asociaci\u00f3n alemana de fabricantes y comerciantes de souvenirs, regalos y premios (BSGE, por sus","twitter:creator":"@nbasturias","twitter:image":"https:\/\/candas365.es\/noticias\/wp-content\/uploads\/2015\/09\/c365noticias.jpg","twitter:label1":"Escrito por","twitter:data1":"Cand\u00e1s 365","twitter:label2":"Tiempo de lectura estimado","twitter:data2":"1 minuto"},"aioseo_meta_data":{"post_id":"31651","title":null,"description":null,"keywords":null,"keyphrases":null,"primary_term":null,"canonical_url":null,"og_title":null,"og_description":null,"og_object_type":"default","og_image_type":"default","og_image_url":null,"og_image_width":null,"og_image_height":null,"og_image_custom_url":null,"og_image_custom_fields":null,"og_video":null,"og_custom_url":null,"og_article_section":null,"og_article_tags":null,"twitter_use_og":false,"twitter_card":"default","twitter_image_type":"default","twitter_image_url":null,"twitter_image_custom_url":null,"twitter_image_custom_fields":null,"twitter_title":null,"twitter_description":null,"schema":{"blockGraphs":[],"customGraphs":[],"default":{"data":{"Article":[],"Course":[],"Dataset":[],"FAQPage":[],"Movie":[],"Person":[],"Product":[],"ProductReview":[],"Car":[],"Recipe":[],"Service":[],"SoftwareApplication":[],"WebPage":[]},"graphName":"","isEnabled":true},"graphs":[],"defaultGraph":"","defaultPostTypeGraph":""},"schema_type":null,"schema_type_options":null,"pillar_content":false,"robots_default":true,"robots_noindex":false,"robots_noarchive":false,"robots_nosnippet":false,"robots_nofollow":false,"robots_noimageindex":false,"robots_noodp":false,"robots_notranslate":false,"robots_max_snippet":null,"robots_max_videopreview":null,"robots_max_imagepreview":"large","priority":null,"frequency":null,"location":null,"local_seo":null,"seo_analyzer_scan_date":"2025-08-24 14:11:13","breadcrumb_settings":null,"limit_modified_date":false,"reviewed_by":null,"open_ai":null,"ai":null,"created":"2020-12-21 13:01:31","updated":"2025-08-24 14:11:13"},"aioseo_breadcrumb":"<div class=\"aioseo-breadcrumbs\"><span class=\"aioseo-breadcrumb\">\n\t<a href=\"https:\/\/candas365.es\/noticias\" title=\"Home\">Home<\/a>\n<\/span><span class=\"aioseo-breadcrumb-separator\">&ndash;<\/span><span class=\"aioseo-breadcrumb\">\n\t<a href=\"https:\/\/candas365.es\/noticias\/category\/actualidad\/\" title=\"Actualidad\">Actualidad<\/a>\n<\/span><span class=\"aioseo-breadcrumb-separator\">&ndash;<\/span><span class=\"aioseo-breadcrumb\">\n\tTribunal decide que la marca \u00abNeuschwanstein\u00bb pertenece a Baviera\n<\/span><\/div>","aioseo_breadcrumb_json":[{"label":"Home","link":"https:\/\/candas365.es\/noticias"},{"label":"Actualidad","link":"https:\/\/candas365.es\/noticias\/category\/actualidad\/"},{"label":"Tribunal decide que la marca \u00abNeuschwanstein\u00bb pertenece a Baviera","link":"https:\/\/candas365.es\/noticias\/tribunal-decide-que-la-marca-neuschwanstein-pertenece-a-baviera\/"}],"_links":{"self":[{"href":"https:\/\/candas365.es\/noticias\/wp-json\/wp\/v2\/posts\/31651","targetHints":{"allow":["GET"]}}],"collection":[{"href":"https:\/\/candas365.es\/noticias\/wp-json\/wp\/v2\/posts"}],"about":[{"href":"https:\/\/candas365.es\/noticias\/wp-json\/wp\/v2\/types\/post"}],"author":[{"embeddable":true,"href":"https:\/\/candas365.es\/noticias\/wp-json\/wp\/v2\/users\/1"}],"replies":[{"embeddable":true,"href":"https:\/\/candas365.es\/noticias\/wp-json\/wp\/v2\/comments?post=31651"}],"version-history":[{"count":0,"href":"https:\/\/candas365.es\/noticias\/wp-json\/wp\/v2\/posts\/31651\/revisions"}],"wp:featuredmedia":[{"embeddable":true,"href":"https:\/\/candas365.es\/noticias\/wp-json\/wp\/v2\/media\/16457"}],"wp:attachment":[{"href":"https:\/\/candas365.es\/noticias\/wp-json\/wp\/v2\/media?parent=31651"}],"wp:term":[{"taxonomy":"category","embeddable":true,"href":"https:\/\/candas365.es\/noticias\/wp-json\/wp\/v2\/categories?post=31651"},{"taxonomy":"post_tag","embeddable":true,"href":"https:\/\/candas365.es\/noticias\/wp-json\/wp\/v2\/tags?post=31651"}],"curies":[{"name":"wp","href":"https:\/\/api.w.org\/{rel}","templated":true}]}}