{"id":31649,"date":"2016-07-08T23:07:02","date_gmt":"2016-07-08T21:37:02","guid":{"rendered":"http:\/\/candas365.es\/noticias\/?p=31649"},"modified":"2016-07-08T23:07:02","modified_gmt":"2016-07-08T21:37:02","slug":"low-todos-estamos-tremendamente-decepcionados","status":"publish","type":"post","link":"https:\/\/candas365.es\/noticias\/low-todos-estamos-tremendamente-decepcionados\/","title":{"rendered":"L\u00f6w: \u00abTodos estamos tremendamente decepcionados\u00bb"},"content":{"rendered":"<p>Marsella (Francia), 8 jul (dpa) &#8211; El seleccionador alem\u00e1n de f\u00fatbol, Joachim L\u00f6w, asegur\u00f3 el jueves que sus jugadores est\u00e1n profundamente decepcionados por la eliminaci\u00f3n en la Eurocopa, aunque destac\u00f3 que su equipo realiz\u00f3 un gran partido ante Francia en semifinales.<\/p>\n<p>\u00abTodos estamos tremendamente decepcionados, pero a pesar de todo hemos jugado un buen torneo, con mucha pasi\u00f3n. Hemos hecho un gran partido y lo hemos dominado claramente\u00bb, lament\u00f3 L\u00f6w despu\u00e9s de que Alemania cayera 2-0 ante la anfitriona en Marsella.<\/p>\n<p>\u00abHemos jugado con valent\u00eda, con fuerza y con confianza, pero no hemos hecho ning\u00fan gol. No podemos echar la culpa a nadie\u00bb, agreg\u00f3 el t\u00e9cnico.<\/p>\n<p>El centrocampista Toni Kroos indic\u00f3 que el resultado de la semifinal fue muy injusto: \u00abHemos jugado el mejor partido de la Eurocopa, aunque suene est\u00fapido tras una derrota. Es amargo. Hemos tenido buenas oportunidades y hemos jugado un partido enorme\u00bb.<\/p>\n<p>Alemania fue la due\u00f1a de la pelota durante el encuentro, pero no fue capaz de trasladar ese dominio en goles.<\/p>\n<p>\u00abEl 2-0 no es un resultado justo. No se ha visto mucho de Francia en la primera parte\u00bb, a\u00f1adi\u00f3 el portero Manuel Neuer. \u00abHemos jugado una gran Eurocopa, pero estamos eliminados. Es amargo, siempre es amargo perder una semifinal de una Eurocopa\u00bb.<\/p>\n","protected":false},"excerpt":{"rendered":"<p>Marsella (Francia), 8 jul (dpa) &#8211; El seleccionador alem\u00e1n de f\u00fatbol, Joachim L\u00f6w, asegur\u00f3 el jueves que sus jugadores est\u00e1n profundamente decepcionados por la eliminaci\u00f3n en la Eurocopa, aunque destac\u00f3 que su equipo realiz\u00f3 un gran partido ante Francia en semifinales. \u00abTodos estamos tremendamente decepcionados, pero a pesar de todo hemos jugado un buen torneo,<\/p>\n","protected":false},"author":1,"featured_media":29884,"comment_status":"closed","ping_status":"closed","sticky":false,"template":"","format":"standard","meta":{"footnotes":""},"categories":[343],"tags":[],"class_list":{"0":"post-31649","1":"post","2":"type-post","3":"status-publish","4":"format-standard","5":"has-post-thumbnail","7":"category-actualidad"},"aioseo_notices":[],"aioseo_head":"\n\t\t<!-- All in One SEO Pro 4.9.6.2 - aioseo.com -->\n\t<meta name=\"description\" content=\"Marsella (Francia), 8 jul (dpa) - El seleccionador alem\u00e1n de f\u00fatbol, Joachim L\u00f6w, asegur\u00f3 el jueves que sus jugadores est\u00e1n profundamente decepcionados por la eliminaci\u00f3n en la Eurocopa, aunque destac\u00f3 que su equipo realiz\u00f3 un gran partido ante Francia en semifinales. &quot;Todos estamos tremendamente decepcionados, pero a pesar de todo hemos jugado un buen torneo,\" \/>\n\t<meta name=\"robots\" content=\"max-image-preview:large\" \/>\n\t<meta name=\"author\" content=\"Cand\u00e1s 365\"\/>\n\t<meta name=\"google-site-verification\" content=\"UA-32230408-1\" \/>\n\t<meta name=\"msvalidate.01\" content=\"354F3CDFB2DA171B47FBE9ABF1F88D5\" \/>\n\t<meta name=\"keywords\" content=\"actualidad\" \/>\n\t<link rel=\"canonical\" href=\"https:\/\/candas365.es\/noticias\/low-todos-estamos-tremendamente-decepcionados\/\" \/>\n\t<meta name=\"generator\" content=\"All in One SEO Pro (AIOSEO) 4.9.6.2\" \/>\n\t\t<meta property=\"og:locale\" content=\"es_ES\" \/>\n\t\t<meta property=\"og:site_name\" content=\"Cand\u00e1s 365\" \/>\n\t\t<meta property=\"og:type\" content=\"article\" \/>\n\t\t<meta property=\"og:title\" content=\"L\u00f6w: \u00abTodos estamos tremendamente decepcionados\u00bb | Cand\u00e1s 365\" \/>\n\t\t<meta property=\"og:description\" content=\"Marsella (Francia), 8 jul (dpa) - El seleccionador alem\u00e1n de f\u00fatbol, Joachim L\u00f6w, asegur\u00f3 el jueves que sus jugadores est\u00e1n profundamente decepcionados por la eliminaci\u00f3n en la Eurocopa, aunque destac\u00f3 que su equipo realiz\u00f3 un gran partido ante Francia en semifinales. &quot;Todos estamos tremendamente decepcionados, pero a pesar de todo hemos jugado un buen torneo,\" \/>\n\t\t<meta property=\"og:url\" content=\"https:\/\/candas365.es\/noticias\/low-todos-estamos-tremendamente-decepcionados\/\" \/>\n\t\t<meta property=\"og:image\" content=\"https:\/\/candas365.es\/noticias\/wp-content\/uploads\/2016\/06\/euro2016.jpg\" \/>\n\t\t<meta property=\"og:image:secure_url\" content=\"https:\/\/candas365.es\/noticias\/wp-content\/uploads\/2016\/06\/euro2016.jpg\" \/>\n\t\t<meta property=\"og:image:width\" content=\"800\" \/>\n\t\t<meta property=\"og:image:height\" content=\"478\" \/>\n\t\t<meta property=\"article:published_time\" content=\"2016-07-08T21:37:02+00:00\" \/>\n\t\t<meta property=\"article:modified_time\" content=\"2016-07-08T21:37:02+00:00\" \/>\n\t\t<meta property=\"article:publisher\" content=\"https:\/\/www.facebook.com\/Nachofdezber\" \/>\n\t\t<meta property=\"article:author\" content=\"https:\/\/www.facebook.com\/carrenoactualidad\" \/>\n\t\t<meta name=\"twitter:card\" content=\"summary_large_image\" \/>\n\t\t<meta name=\"twitter:site\" content=\"@NabercoDigital\" \/>\n\t\t<meta name=\"twitter:title\" content=\"L\u00f6w: \u00abTodos estamos tremendamente decepcionados\u00bb | Cand\u00e1s 365\" \/>\n\t\t<meta name=\"twitter:description\" content=\"Marsella (Francia), 8 jul (dpa) - El seleccionador alem\u00e1n de f\u00fatbol, Joachim L\u00f6w, asegur\u00f3 el jueves que sus jugadores est\u00e1n profundamente decepcionados por la eliminaci\u00f3n en la Eurocopa, aunque destac\u00f3 que su equipo realiz\u00f3 un gran partido ante Francia en semifinales. &quot;Todos estamos tremendamente decepcionados, pero a pesar de todo hemos jugado un buen torneo,\" \/>\n\t\t<meta name=\"twitter:creator\" content=\"@nbasturias\" \/>\n\t\t<meta name=\"twitter:image\" content=\"https:\/\/candas365.es\/noticias\/wp-content\/uploads\/2016\/06\/euro2016.jpg\" \/>\n\t\t<meta name=\"twitter:label1\" content=\"Escrito por\" \/>\n\t\t<meta name=\"twitter:data1\" content=\"Cand\u00e1s 365\" \/>\n\t\t<meta name=\"twitter:label2\" content=\"Tiempo de lectura estimado\" \/>\n\t\t<meta name=\"twitter:data2\" content=\"1 minuto\" \/>\n\t\t<script type=\"application\/ld+json\" class=\"aioseo-schema\">\n\t\t\t{\"@context\":\"https:\\\/\\\/schema.org\",\"@graph\":[{\"@type\":\"BreadcrumbList\",\"@id\":\"https:\\\/\\\/candas365.es\\\/noticias\\\/low-todos-estamos-tremendamente-decepcionados\\\/#breadcrumblist\",\"itemListElement\":[{\"@type\":\"ListItem\",\"@id\":\"https:\\\/\\\/candas365.es\\\/noticias#listItem\",\"position\":1,\"name\":\"Home\",\"item\":\"https:\\\/\\\/candas365.es\\\/noticias\",\"nextItem\":{\"@type\":\"ListItem\",\"@id\":\"https:\\\/\\\/candas365.es\\\/noticias\\\/category\\\/actualidad\\\/#listItem\",\"name\":\"Actualidad\"}},{\"@type\":\"ListItem\",\"@id\":\"https:\\\/\\\/candas365.es\\\/noticias\\\/category\\\/actualidad\\\/#listItem\",\"position\":2,\"name\":\"Actualidad\",\"item\":\"https:\\\/\\\/candas365.es\\\/noticias\\\/category\\\/actualidad\\\/\",\"nextItem\":{\"@type\":\"ListItem\",\"@id\":\"https:\\\/\\\/candas365.es\\\/noticias\\\/low-todos-estamos-tremendamente-decepcionados\\\/#listItem\",\"name\":\"L\\u00f6w: \\u00abTodos estamos tremendamente decepcionados\\u00bb\"},\"previousItem\":{\"@type\":\"ListItem\",\"@id\":\"https:\\\/\\\/candas365.es\\\/noticias#listItem\",\"name\":\"Home\"}},{\"@type\":\"ListItem\",\"@id\":\"https:\\\/\\\/candas365.es\\\/noticias\\\/low-todos-estamos-tremendamente-decepcionados\\\/#listItem\",\"position\":3,\"name\":\"L\\u00f6w: \\u00abTodos estamos tremendamente decepcionados\\u00bb\",\"previousItem\":{\"@type\":\"ListItem\",\"@id\":\"https:\\\/\\\/candas365.es\\\/noticias\\\/category\\\/actualidad\\\/#listItem\",\"name\":\"Actualidad\"}}]},{\"@type\":\"NewsArticle\",\"@id\":\"https:\\\/\\\/candas365.es\\\/noticias\\\/low-todos-estamos-tremendamente-decepcionados\\\/#newsarticle\",\"name\":\"L\\u00f6w: \\u00abTodos estamos tremendamente decepcionados\\u00bb | Cand\\u00e1s 365\",\"headline\":\"L\\u00f6w: \\u00abTodos estamos tremendamente decepcionados\\u00bb\",\"author\":{\"@id\":\"https:\\\/\\\/candas365.es\\\/noticias\\\/author\\\/admin\\\/#author\"},\"publisher\":{\"@id\":\"https:\\\/\\\/candas365.es\\\/noticias\\\/#organization\"},\"image\":{\"@type\":\"ImageObject\",\"url\":\"https:\\\/\\\/candas365.es\\\/noticias\\\/wp-content\\\/uploads\\\/2016\\\/06\\\/euro2016.jpg\",\"width\":800,\"height\":478},\"datePublished\":\"2016-07-08T23:07:02+02:00\",\"dateModified\":\"2016-07-08T23:07:02+02:00\",\"inLanguage\":\"es-ES\",\"mainEntityOfPage\":{\"@id\":\"https:\\\/\\\/candas365.es\\\/noticias\\\/low-todos-estamos-tremendamente-decepcionados\\\/#webpage\"},\"isPartOf\":{\"@id\":\"https:\\\/\\\/candas365.es\\\/noticias\\\/low-todos-estamos-tremendamente-decepcionados\\\/#webpage\"},\"articleSection\":\"Actualidad\",\"dateline\":\"Publicado el julio 8, 2016.\"},{\"@type\":\"Organization\",\"@id\":\"https:\\\/\\\/candas365.es\\\/noticias\\\/#organization\",\"name\":\"Cand\\u00e1s 365\",\"description\":\"Cand\\u00e1s 365 es un diario digital independiente, fundado en 2012, con base en Asturias. Informamos con rigor sobre actualidad, sociedad, cultura y ocio, con una mirada local y global.\",\"url\":\"https:\\\/\\\/candas365.es\\\/noticias\\\/\",\"email\":\"info@candas365.es\",\"telephone\":\"+34652131393\",\"foundingDate\":\"2012-06-10\",\"logo\":{\"@type\":\"ImageObject\",\"url\":\"https:\\\/\\\/candas365.es\\\/noticias\\\/wp-content\\\/uploads\\\/2024\\\/09\\\/Candas-365-Redes.jpg\",\"@id\":\"https:\\\/\\\/candas365.es\\\/noticias\\\/low-todos-estamos-tremendamente-decepcionados\\\/#organizationLogo\",\"width\":1152,\"height\":864,\"caption\":\"Cand\\u00e1s 365 Redes\"},\"image\":{\"@id\":\"https:\\\/\\\/candas365.es\\\/noticias\\\/low-todos-estamos-tremendamente-decepcionados\\\/#organizationLogo\"},\"sameAs\":[\"https:\\\/\\\/www.facebook.com\\\/Nachofdezber\",\"https:\\\/\\\/x.com\\\/NabercoDigital\",\"https:\\\/\\\/www.instagram.com\\\/nachofdezber\\\/\",\"https:\\\/\\\/www.youtube.com\\\/channel\\\/UCZP-2wLEB9Rv6erhFmqVnvg\"],\"address\":{\"@id\":\"https:\\\/\\\/candas365.es\\\/noticias\\\/#postaladdress\",\"@type\":\"PostalAddress\",\"streetAddress\":\"san antonio 4, san antonio 4\",\"postalCode\":\"33430\",\"addressLocality\":\"Cand\\u00e1s\",\"addressRegion\":\"Asturias\",\"addressCountry\":\"ES\"}},{\"@type\":\"Person\",\"@id\":\"https:\\\/\\\/candas365.es\\\/noticias\\\/author\\\/admin\\\/#author\",\"url\":\"https:\\\/\\\/candas365.es\\\/noticias\\\/author\\\/admin\\\/\",\"name\":\"Cand\\u00e1s 365\",\"image\":{\"@type\":\"ImageObject\",\"@id\":\"https:\\\/\\\/candas365.es\\\/noticias\\\/low-todos-estamos-tremendamente-decepcionados\\\/#authorImage\",\"url\":\"https:\\\/\\\/secure.gravatar.com\\\/avatar\\\/496a8e03d0c493ede1718b7934145dbdf8d89be1036b0eec9544e1094c9de390?s=96&d=mm&r=g\",\"width\":96,\"height\":96,\"caption\":\"Cand\\u00e1s 365\"},\"sameAs\":[\"https:\\\/\\\/www.facebook.com\\\/carrenoactualidad\",\"https:\\\/\\\/twitter.com\\\/nbasturias\",\"https:\\\/\\\/www.instagram.com\\\/nachofdezber\\\/\",\"https:\\\/\\\/www.youtube.com\\\/channel\\\/UCZP-2wLEB9Rv6erhFmqVnvg\"]},{\"@type\":\"WebPage\",\"@id\":\"https:\\\/\\\/candas365.es\\\/noticias\\\/low-todos-estamos-tremendamente-decepcionados\\\/#webpage\",\"url\":\"https:\\\/\\\/candas365.es\\\/noticias\\\/low-todos-estamos-tremendamente-decepcionados\\\/\",\"name\":\"L\\u00f6w: \\u00abTodos estamos tremendamente decepcionados\\u00bb | Cand\\u00e1s 365\",\"description\":\"Marsella (Francia), 8 jul (dpa) - El seleccionador alem\\u00e1n de f\\u00fatbol, Joachim L\\u00f6w, asegur\\u00f3 el jueves que sus jugadores est\\u00e1n profundamente decepcionados por la eliminaci\\u00f3n en la Eurocopa, aunque destac\\u00f3 que su equipo realiz\\u00f3 un gran partido ante Francia en semifinales. \\\"Todos estamos tremendamente decepcionados, pero a pesar de todo hemos jugado un buen torneo,\",\"inLanguage\":\"es-ES\",\"isPartOf\":{\"@id\":\"https:\\\/\\\/candas365.es\\\/noticias\\\/#website\"},\"breadcrumb\":{\"@id\":\"https:\\\/\\\/candas365.es\\\/noticias\\\/low-todos-estamos-tremendamente-decepcionados\\\/#breadcrumblist\"},\"author\":{\"@id\":\"https:\\\/\\\/candas365.es\\\/noticias\\\/author\\\/admin\\\/#author\"},\"creator\":{\"@id\":\"https:\\\/\\\/candas365.es\\\/noticias\\\/author\\\/admin\\\/#author\"},\"image\":{\"@type\":\"ImageObject\",\"url\":\"https:\\\/\\\/candas365.es\\\/noticias\\\/wp-content\\\/uploads\\\/2016\\\/06\\\/euro2016.jpg\",\"@id\":\"https:\\\/\\\/candas365.es\\\/noticias\\\/low-todos-estamos-tremendamente-decepcionados\\\/#mainImage\",\"width\":800,\"height\":478},\"primaryImageOfPage\":{\"@id\":\"https:\\\/\\\/candas365.es\\\/noticias\\\/low-todos-estamos-tremendamente-decepcionados\\\/#mainImage\"},\"datePublished\":\"2016-07-08T23:07:02+02:00\",\"dateModified\":\"2016-07-08T23:07:02+02:00\"},{\"@type\":\"WebSite\",\"@id\":\"https:\\\/\\\/candas365.es\\\/noticias\\\/#website\",\"url\":\"https:\\\/\\\/candas365.es\\\/noticias\\\/\",\"name\":\"Cand\\u00e1s 365\",\"alternateName\":\"Cand\\u00e1s 365 Noticias\",\"description\":\"Actualidad desde Carre\\u00f1o para el mundo\",\"inLanguage\":\"es-ES\",\"publisher\":{\"@id\":\"https:\\\/\\\/candas365.es\\\/noticias\\\/#organization\"}}]}\n\t\t<\/script>\n\t\t<!-- All in One SEO Pro -->\r\n\t\t<title>L\u00f6w: \u00abTodos estamos tremendamente decepcionados\u00bb | Cand\u00e1s 365<\/title>\n\n","aioseo_head_json":{"title":"L\u00f6w: \u00abTodos estamos tremendamente decepcionados\u00bb | Cand\u00e1s 365","description":"Marsella (Francia), 8 jul (dpa) - El seleccionador alem\u00e1n de f\u00fatbol, Joachim L\u00f6w, asegur\u00f3 el jueves que sus jugadores est\u00e1n profundamente decepcionados por la eliminaci\u00f3n en la Eurocopa, aunque destac\u00f3 que su equipo realiz\u00f3 un gran partido ante Francia en semifinales. \"Todos estamos tremendamente decepcionados, pero a pesar de todo hemos jugado un buen torneo,","canonical_url":"https:\/\/candas365.es\/noticias\/low-todos-estamos-tremendamente-decepcionados\/","robots":"max-image-preview:large","keywords":"actualidad","webmasterTools":{"google-site-verification":"UA-32230408-1","msvalidate.01":"354F3CDFB2DA171B47FBE9ABF1F88D5","miscellaneous":""},"schema":{"@context":"https:\/\/schema.org","@graph":[{"@type":"BreadcrumbList","@id":"https:\/\/candas365.es\/noticias\/low-todos-estamos-tremendamente-decepcionados\/#breadcrumblist","itemListElement":[{"@type":"ListItem","@id":"https:\/\/candas365.es\/noticias#listItem","position":1,"name":"Home","item":"https:\/\/candas365.es\/noticias","nextItem":{"@type":"ListItem","@id":"https:\/\/candas365.es\/noticias\/category\/actualidad\/#listItem","name":"Actualidad"}},{"@type":"ListItem","@id":"https:\/\/candas365.es\/noticias\/category\/actualidad\/#listItem","position":2,"name":"Actualidad","item":"https:\/\/candas365.es\/noticias\/category\/actualidad\/","nextItem":{"@type":"ListItem","@id":"https:\/\/candas365.es\/noticias\/low-todos-estamos-tremendamente-decepcionados\/#listItem","name":"L\u00f6w: \u00abTodos estamos tremendamente decepcionados\u00bb"},"previousItem":{"@type":"ListItem","@id":"https:\/\/candas365.es\/noticias#listItem","name":"Home"}},{"@type":"ListItem","@id":"https:\/\/candas365.es\/noticias\/low-todos-estamos-tremendamente-decepcionados\/#listItem","position":3,"name":"L\u00f6w: \u00abTodos estamos tremendamente decepcionados\u00bb","previousItem":{"@type":"ListItem","@id":"https:\/\/candas365.es\/noticias\/category\/actualidad\/#listItem","name":"Actualidad"}}]},{"@type":"NewsArticle","@id":"https:\/\/candas365.es\/noticias\/low-todos-estamos-tremendamente-decepcionados\/#newsarticle","name":"L\u00f6w: \u00abTodos estamos tremendamente decepcionados\u00bb | Cand\u00e1s 365","headline":"L\u00f6w: \u00abTodos estamos tremendamente decepcionados\u00bb","author":{"@id":"https:\/\/candas365.es\/noticias\/author\/admin\/#author"},"publisher":{"@id":"https:\/\/candas365.es\/noticias\/#organization"},"image":{"@type":"ImageObject","url":"https:\/\/candas365.es\/noticias\/wp-content\/uploads\/2016\/06\/euro2016.jpg","width":800,"height":478},"datePublished":"2016-07-08T23:07:02+02:00","dateModified":"2016-07-08T23:07:02+02:00","inLanguage":"es-ES","mainEntityOfPage":{"@id":"https:\/\/candas365.es\/noticias\/low-todos-estamos-tremendamente-decepcionados\/#webpage"},"isPartOf":{"@id":"https:\/\/candas365.es\/noticias\/low-todos-estamos-tremendamente-decepcionados\/#webpage"},"articleSection":"Actualidad","dateline":"Publicado el julio 8, 2016."},{"@type":"Organization","@id":"https:\/\/candas365.es\/noticias\/#organization","name":"Cand\u00e1s 365","description":"Cand\u00e1s 365 es un diario digital independiente, fundado en 2012, con base en Asturias. Informamos con rigor sobre actualidad, sociedad, cultura y ocio, con una mirada local y global.","url":"https:\/\/candas365.es\/noticias\/","email":"info@candas365.es","telephone":"+34652131393","foundingDate":"2012-06-10","logo":{"@type":"ImageObject","url":"https:\/\/candas365.es\/noticias\/wp-content\/uploads\/2024\/09\/Candas-365-Redes.jpg","@id":"https:\/\/candas365.es\/noticias\/low-todos-estamos-tremendamente-decepcionados\/#organizationLogo","width":1152,"height":864,"caption":"Cand\u00e1s 365 Redes"},"image":{"@id":"https:\/\/candas365.es\/noticias\/low-todos-estamos-tremendamente-decepcionados\/#organizationLogo"},"sameAs":["https:\/\/www.facebook.com\/Nachofdezber","https:\/\/x.com\/NabercoDigital","https:\/\/www.instagram.com\/nachofdezber\/","https:\/\/www.youtube.com\/channel\/UCZP-2wLEB9Rv6erhFmqVnvg"],"address":{"@id":"https:\/\/candas365.es\/noticias\/#postaladdress","@type":"PostalAddress","streetAddress":"san antonio 4, san antonio 4","postalCode":"33430","addressLocality":"Cand\u00e1s","addressRegion":"Asturias","addressCountry":"ES"}},{"@type":"Person","@id":"https:\/\/candas365.es\/noticias\/author\/admin\/#author","url":"https:\/\/candas365.es\/noticias\/author\/admin\/","name":"Cand\u00e1s 365","image":{"@type":"ImageObject","@id":"https:\/\/candas365.es\/noticias\/low-todos-estamos-tremendamente-decepcionados\/#authorImage","url":"https:\/\/secure.gravatar.com\/avatar\/496a8e03d0c493ede1718b7934145dbdf8d89be1036b0eec9544e1094c9de390?s=96&d=mm&r=g","width":96,"height":96,"caption":"Cand\u00e1s 365"},"sameAs":["https:\/\/www.facebook.com\/carrenoactualidad","https:\/\/twitter.com\/nbasturias","https:\/\/www.instagram.com\/nachofdezber\/","https:\/\/www.youtube.com\/channel\/UCZP-2wLEB9Rv6erhFmqVnvg"]},{"@type":"WebPage","@id":"https:\/\/candas365.es\/noticias\/low-todos-estamos-tremendamente-decepcionados\/#webpage","url":"https:\/\/candas365.es\/noticias\/low-todos-estamos-tremendamente-decepcionados\/","name":"L\u00f6w: \u00abTodos estamos tremendamente decepcionados\u00bb | Cand\u00e1s 365","description":"Marsella (Francia), 8 jul (dpa) - El seleccionador alem\u00e1n de f\u00fatbol, Joachim L\u00f6w, asegur\u00f3 el jueves que sus jugadores est\u00e1n profundamente decepcionados por la eliminaci\u00f3n en la Eurocopa, aunque destac\u00f3 que su equipo realiz\u00f3 un gran partido ante Francia en semifinales. \"Todos estamos tremendamente decepcionados, pero a pesar de todo hemos jugado un buen torneo,","inLanguage":"es-ES","isPartOf":{"@id":"https:\/\/candas365.es\/noticias\/#website"},"breadcrumb":{"@id":"https:\/\/candas365.es\/noticias\/low-todos-estamos-tremendamente-decepcionados\/#breadcrumblist"},"author":{"@id":"https:\/\/candas365.es\/noticias\/author\/admin\/#author"},"creator":{"@id":"https:\/\/candas365.es\/noticias\/author\/admin\/#author"},"image":{"@type":"ImageObject","url":"https:\/\/candas365.es\/noticias\/wp-content\/uploads\/2016\/06\/euro2016.jpg","@id":"https:\/\/candas365.es\/noticias\/low-todos-estamos-tremendamente-decepcionados\/#mainImage","width":800,"height":478},"primaryImageOfPage":{"@id":"https:\/\/candas365.es\/noticias\/low-todos-estamos-tremendamente-decepcionados\/#mainImage"},"datePublished":"2016-07-08T23:07:02+02:00","dateModified":"2016-07-08T23:07:02+02:00"},{"@type":"WebSite","@id":"https:\/\/candas365.es\/noticias\/#website","url":"https:\/\/candas365.es\/noticias\/","name":"Cand\u00e1s 365","alternateName":"Cand\u00e1s 365 Noticias","description":"Actualidad desde Carre\u00f1o para el mundo","inLanguage":"es-ES","publisher":{"@id":"https:\/\/candas365.es\/noticias\/#organization"}}]},"og:locale":"es_ES","og:site_name":"Cand\u00e1s 365","og:type":"article","og:title":"L\u00f6w: \u00abTodos estamos tremendamente decepcionados\u00bb | Cand\u00e1s 365","og:description":"Marsella (Francia), 8 jul (dpa) - El seleccionador alem\u00e1n de f\u00fatbol, Joachim L\u00f6w, asegur\u00f3 el jueves que sus jugadores est\u00e1n profundamente decepcionados por la eliminaci\u00f3n en la Eurocopa, aunque destac\u00f3 que su equipo realiz\u00f3 un gran partido ante Francia en semifinales. &quot;Todos estamos tremendamente decepcionados, pero a pesar de todo hemos jugado un buen torneo,","og:url":"https:\/\/candas365.es\/noticias\/low-todos-estamos-tremendamente-decepcionados\/","og:image":"https:\/\/candas365.es\/noticias\/wp-content\/uploads\/2016\/06\/euro2016.jpg","og:image:secure_url":"https:\/\/candas365.es\/noticias\/wp-content\/uploads\/2016\/06\/euro2016.jpg","og:image:width":800,"og:image:height":478,"article:published_time":"2016-07-08T21:37:02+00:00","article:modified_time":"2016-07-08T21:37:02+00:00","article:publisher":"https:\/\/www.facebook.com\/Nachofdezber","article:author":"https:\/\/www.facebook.com\/carrenoactualidad","twitter:card":"summary_large_image","twitter:site":"@NabercoDigital","twitter:title":"L\u00f6w: \u00abTodos estamos tremendamente decepcionados\u00bb | Cand\u00e1s 365","twitter:description":"Marsella (Francia), 8 jul (dpa) - El seleccionador alem\u00e1n de f\u00fatbol, Joachim L\u00f6w, asegur\u00f3 el jueves que sus jugadores est\u00e1n profundamente decepcionados por la eliminaci\u00f3n en la Eurocopa, aunque destac\u00f3 que su equipo realiz\u00f3 un gran partido ante Francia en semifinales. &quot;Todos estamos tremendamente decepcionados, pero a pesar de todo hemos jugado un buen torneo,","twitter:creator":"@nbasturias","twitter:image":"https:\/\/candas365.es\/noticias\/wp-content\/uploads\/2016\/06\/euro2016.jpg","twitter:label1":"Escrito por","twitter:data1":"Cand\u00e1s 365","twitter:label2":"Tiempo de lectura estimado","twitter:data2":"1 minuto"},"aioseo_meta_data":{"post_id":"31649","title":null,"description":null,"keywords":null,"keyphrases":null,"primary_term":null,"canonical_url":null,"og_title":null,"og_description":null,"og_object_type":"default","og_image_type":"default","og_image_url":null,"og_image_width":null,"og_image_height":null,"og_image_custom_url":null,"og_image_custom_fields":null,"og_video":null,"og_custom_url":null,"og_article_section":null,"og_article_tags":null,"twitter_use_og":false,"twitter_card":"default","twitter_image_type":"default","twitter_image_url":null,"twitter_image_custom_url":null,"twitter_image_custom_fields":null,"twitter_title":null,"twitter_description":null,"schema":{"blockGraphs":[],"customGraphs":[],"default":{"data":{"Article":[],"Course":[],"Dataset":[],"FAQPage":[],"Movie":[],"Person":[],"Product":[],"ProductReview":[],"Car":[],"Recipe":[],"Service":[],"SoftwareApplication":[],"WebPage":[]},"graphName":"","isEnabled":true},"graphs":[],"defaultGraph":"","defaultPostTypeGraph":""},"schema_type":null,"schema_type_options":null,"pillar_content":false,"robots_default":true,"robots_noindex":false,"robots_noarchive":false,"robots_nosnippet":false,"robots_nofollow":false,"robots_noimageindex":false,"robots_noodp":false,"robots_notranslate":false,"robots_max_snippet":null,"robots_max_videopreview":null,"robots_max_imagepreview":"large","priority":null,"frequency":null,"location":null,"local_seo":null,"seo_analyzer_scan_date":"2025-08-24 14:11:12","breadcrumb_settings":null,"limit_modified_date":false,"reviewed_by":null,"open_ai":null,"ai":null,"created":"2020-12-21 13:01:31","updated":"2025-08-24 14:11:12"},"aioseo_breadcrumb":"<div class=\"aioseo-breadcrumbs\"><span class=\"aioseo-breadcrumb\">\n\t<a href=\"https:\/\/candas365.es\/noticias\" title=\"Home\">Home<\/a>\n<\/span><span class=\"aioseo-breadcrumb-separator\">&ndash;<\/span><span class=\"aioseo-breadcrumb\">\n\t<a href=\"https:\/\/candas365.es\/noticias\/category\/actualidad\/\" title=\"Actualidad\">Actualidad<\/a>\n<\/span><span class=\"aioseo-breadcrumb-separator\">&ndash;<\/span><span class=\"aioseo-breadcrumb\">\n\tL\u00f6w: \u00abTodos estamos tremendamente decepcionados\u00bb\n<\/span><\/div>","aioseo_breadcrumb_json":[{"label":"Home","link":"https:\/\/candas365.es\/noticias"},{"label":"Actualidad","link":"https:\/\/candas365.es\/noticias\/category\/actualidad\/"},{"label":"L\u00f6w: \u00abTodos estamos tremendamente decepcionados\u00bb","link":"https:\/\/candas365.es\/noticias\/low-todos-estamos-tremendamente-decepcionados\/"}],"_links":{"self":[{"href":"https:\/\/candas365.es\/noticias\/wp-json\/wp\/v2\/posts\/31649","targetHints":{"allow":["GET"]}}],"collection":[{"href":"https:\/\/candas365.es\/noticias\/wp-json\/wp\/v2\/posts"}],"about":[{"href":"https:\/\/candas365.es\/noticias\/wp-json\/wp\/v2\/types\/post"}],"author":[{"embeddable":true,"href":"https:\/\/candas365.es\/noticias\/wp-json\/wp\/v2\/users\/1"}],"replies":[{"embeddable":true,"href":"https:\/\/candas365.es\/noticias\/wp-json\/wp\/v2\/comments?post=31649"}],"version-history":[{"count":0,"href":"https:\/\/candas365.es\/noticias\/wp-json\/wp\/v2\/posts\/31649\/revisions"}],"wp:featuredmedia":[{"embeddable":true,"href":"https:\/\/candas365.es\/noticias\/wp-json\/wp\/v2\/media\/29884"}],"wp:attachment":[{"href":"https:\/\/candas365.es\/noticias\/wp-json\/wp\/v2\/media?parent=31649"}],"wp:term":[{"taxonomy":"category","embeddable":true,"href":"https:\/\/candas365.es\/noticias\/wp-json\/wp\/v2\/categories?post=31649"},{"taxonomy":"post_tag","embeddable":true,"href":"https:\/\/candas365.es\/noticias\/wp-json\/wp\/v2\/tags?post=31649"}],"curies":[{"name":"wp","href":"https:\/\/api.w.org\/{rel}","templated":true}]}}