{"id":31630,"date":"2016-07-08T22:49:53","date_gmt":"2016-07-08T21:19:53","guid":{"rendered":"http:\/\/candas365.es\/noticias\/?p=31630"},"modified":"2016-07-08T22:49:53","modified_gmt":"2016-07-08T21:19:53","slug":"no-significa-no-alemania-aprueba-reforma-de-ley-violencia-sexual","status":"publish","type":"post","link":"https:\/\/candas365.es\/noticias\/no-significa-no-alemania-aprueba-reforma-de-ley-violencia-sexual\/","title":{"rendered":"\u00abNo significa no\u00bb: Alemania aprueba reforma de ley violencia sexual"},"content":{"rendered":"<p>Berl\u00edn, 7 jul (dpa) &#8211; Las violaciones y agresiones sexuales sin uso o amenaza de violencia ser\u00e1n castigadas en Alemania bajo el principio de un \u00abno significa no\u00bb, seg\u00fan la reforma de la ley sobre violencia sexual aprobada hoy por unanimidad por el Parlamento alem\u00e1n.<\/p>\n<p>De esta manera, Alemania refuerza los derechos de las v\u00edctimas de delitos sexuales. La nueva ley contempla sanciones de hasta cinco a\u00f1os en circunstancias determinadas aun cuando el hombre no haya hecho uso de la violencia ni amenazado con emplearla. A partir de ahora un \u00abno\u00bb expresado con claridad ser\u00e1 suficiente para considerarlo delito.<\/p>\n<p>El ministro de Justicia alem\u00e1n, Heiko Maas, calific\u00f3 la nueva ley de \u00abpaso fundamental\u00bb en la defensa de las mujeres en Alemania. \u00abEstar\u00e1n en un futuro mejor protegidas de la violencia sexual\u00bb, afirm\u00f3 a dpa.<\/p>\n<p>En su opini\u00f3n, la reforma era \u00aburgentemente necesaria para cerrar agujeros evidentes\u00bb que exist\u00edan en la ley contra la violencia sexual.<\/p>\n<p>\u00abSi los delincuentes no pueden ser penados esto significa para la v\u00edctima una segunda amarga humillaci\u00f3n\u00bb, indic\u00f3 el pol\u00edtico socialdem\u00f3crata.<\/p>\n<p>Dentro de la nueva ley, que est\u00e1 previsto que entre en vigor en el oto\u00f1o boreal despu\u00e9s de su paso por el Bundesrat (C\u00e1mara Alta), se incluye tambi\u00e9n el conocido como \u00abel p\u00e1rrafo del manoseo\u00bb. En \u00e9l se establece que tocamientos indeseados como en el pecho o en el trasero podr\u00e1n ser penados con hasta dos a\u00f1os de c\u00e1rcel o una multa.<\/p>\n<p>Asimismo, la ley incluye un nuevo art\u00edculo sobre \u00abdelitos en grupo\u00bb. En un futuro se podr\u00e1 penar a todos los miembros de un grupo por el delito sexual cometido por uno solo de ellos. Esto significa que si un grupo de cinco hombres est\u00e1n por la calle y uno de ellos mete mano a una mujer se podr\u00e1 exigir responsabilidades a todos los miembros del grupo.<\/p>\n<p>Este p\u00e1rrafo es una reacci\u00f3n a los ataques en grupo que se vivieron en Nochevieja en Colonia, en el oeste de Alemania, y que conmocionaron a Alemania.<\/p>\n<p>La nueva ley no cont\u00f3 con ning\u00fan voto en contra, pero Los Verdes y La Izquierda decidieron abstenerse como muestra de su rechazo al p\u00e1rrafo de \u00abdelitos en grupo\u00bb que consideran \u00abanticonstitucional\u00bb.<\/p>\n<p>En Alemania se denuncian unos 8.000 casos de violaci\u00f3n por a\u00f1o. Los expertos calculan que s\u00f3lo una de cada diez v\u00edctimas acude a la Polic\u00eda y s\u00f3lo uno de cada diez sospechosos es castigado.<\/p>\n","protected":false},"excerpt":{"rendered":"<p>Berl\u00edn, 7 jul (dpa) &#8211; Las violaciones y agresiones sexuales sin uso o amenaza de violencia ser\u00e1n castigadas en Alemania bajo el principio de un \u00abno significa no\u00bb, seg\u00fan la reforma de la ley sobre violencia sexual aprobada hoy por unanimidad por el Parlamento alem\u00e1n. De esta manera, Alemania refuerza los derechos de las v\u00edctimas<\/p>\n","protected":false},"author":1,"featured_media":16457,"comment_status":"closed","ping_status":"closed","sticky":false,"template":"","format":"standard","meta":{"footnotes":""},"categories":[343],"tags":[],"class_list":{"0":"post-31630","1":"post","2":"type-post","3":"status-publish","4":"format-standard","5":"has-post-thumbnail","7":"category-actualidad"},"aioseo_notices":[],"aioseo_head":"\n\t\t<!-- All in One SEO Pro 4.9.6.2 - aioseo.com -->\n\t<meta name=\"description\" content=\"Berl\u00edn, 7 jul (dpa) - Las violaciones y agresiones sexuales sin uso o amenaza de violencia ser\u00e1n castigadas en Alemania bajo el principio de un &quot;no significa no&quot;, seg\u00fan la reforma de la ley sobre violencia sexual aprobada hoy por unanimidad por el Parlamento alem\u00e1n. De esta manera, Alemania refuerza los derechos de las v\u00edctimas\" \/>\n\t<meta name=\"robots\" content=\"max-image-preview:large\" \/>\n\t<meta name=\"author\" content=\"Cand\u00e1s 365\"\/>\n\t<meta name=\"google-site-verification\" content=\"UA-32230408-1\" \/>\n\t<meta name=\"msvalidate.01\" content=\"354F3CDFB2DA171B47FBE9ABF1F88D5\" \/>\n\t<meta name=\"keywords\" content=\"actualidad\" \/>\n\t<link rel=\"canonical\" href=\"https:\/\/candas365.es\/noticias\/no-significa-no-alemania-aprueba-reforma-de-ley-violencia-sexual\/\" \/>\n\t<meta name=\"generator\" content=\"All in One SEO Pro (AIOSEO) 4.9.6.2\" \/>\n\t\t<meta property=\"og:locale\" content=\"es_ES\" \/>\n\t\t<meta property=\"og:site_name\" content=\"Cand\u00e1s 365\" \/>\n\t\t<meta property=\"og:type\" content=\"article\" \/>\n\t\t<meta property=\"og:title\" content=\"\u00abNo significa no\u00bb: Alemania aprueba reforma de ley violencia sexual | Cand\u00e1s 365\" \/>\n\t\t<meta property=\"og:description\" content=\"Berl\u00edn, 7 jul (dpa) - Las violaciones y agresiones sexuales sin uso o amenaza de violencia ser\u00e1n castigadas en Alemania bajo el principio de un &quot;no significa no&quot;, seg\u00fan la reforma de la ley sobre violencia sexual aprobada hoy por unanimidad por el Parlamento alem\u00e1n. De esta manera, Alemania refuerza los derechos de las v\u00edctimas\" \/>\n\t\t<meta property=\"og:url\" content=\"https:\/\/candas365.es\/noticias\/no-significa-no-alemania-aprueba-reforma-de-ley-violencia-sexual\/\" \/>\n\t\t<meta property=\"og:image\" content=\"https:\/\/candas365.es\/noticias\/wp-content\/uploads\/2015\/09\/c365noticias.jpg\" \/>\n\t\t<meta property=\"og:image:secure_url\" content=\"https:\/\/candas365.es\/noticias\/wp-content\/uploads\/2015\/09\/c365noticias.jpg\" \/>\n\t\t<meta property=\"og:image:width\" content=\"655\" \/>\n\t\t<meta property=\"og:image:height\" content=\"360\" \/>\n\t\t<meta property=\"article:published_time\" content=\"2016-07-08T21:19:53+00:00\" \/>\n\t\t<meta property=\"article:modified_time\" content=\"2016-07-08T21:19:53+00:00\" \/>\n\t\t<meta property=\"article:publisher\" content=\"https:\/\/www.facebook.com\/Nachofdezber\" \/>\n\t\t<meta property=\"article:author\" content=\"https:\/\/www.facebook.com\/carrenoactualidad\" \/>\n\t\t<meta name=\"twitter:card\" content=\"summary_large_image\" \/>\n\t\t<meta name=\"twitter:site\" content=\"@NabercoDigital\" \/>\n\t\t<meta name=\"twitter:title\" content=\"\u00abNo significa no\u00bb: Alemania aprueba reforma de ley violencia sexual | Cand\u00e1s 365\" \/>\n\t\t<meta name=\"twitter:description\" content=\"Berl\u00edn, 7 jul (dpa) - Las violaciones y agresiones sexuales sin uso o amenaza de violencia ser\u00e1n castigadas en Alemania bajo el principio de un &quot;no significa no&quot;, seg\u00fan la reforma de la ley sobre violencia sexual aprobada hoy por unanimidad por el Parlamento alem\u00e1n. De esta manera, Alemania refuerza los derechos de las v\u00edctimas\" \/>\n\t\t<meta name=\"twitter:creator\" content=\"@nbasturias\" \/>\n\t\t<meta name=\"twitter:image\" content=\"https:\/\/candas365.es\/noticias\/wp-content\/uploads\/2015\/09\/c365noticias.jpg\" \/>\n\t\t<meta name=\"twitter:label1\" content=\"Escrito por\" \/>\n\t\t<meta name=\"twitter:data1\" content=\"Cand\u00e1s 365\" \/>\n\t\t<meta name=\"twitter:label2\" content=\"Tiempo de lectura estimado\" \/>\n\t\t<meta name=\"twitter:data2\" content=\"2 minutos\" \/>\n\t\t<script type=\"application\/ld+json\" class=\"aioseo-schema\">\n\t\t\t{\"@context\":\"https:\\\/\\\/schema.org\",\"@graph\":[{\"@type\":\"BreadcrumbList\",\"@id\":\"https:\\\/\\\/candas365.es\\\/noticias\\\/no-significa-no-alemania-aprueba-reforma-de-ley-violencia-sexual\\\/#breadcrumblist\",\"itemListElement\":[{\"@type\":\"ListItem\",\"@id\":\"https:\\\/\\\/candas365.es\\\/noticias#listItem\",\"position\":1,\"name\":\"Home\",\"item\":\"https:\\\/\\\/candas365.es\\\/noticias\",\"nextItem\":{\"@type\":\"ListItem\",\"@id\":\"https:\\\/\\\/candas365.es\\\/noticias\\\/category\\\/actualidad\\\/#listItem\",\"name\":\"Actualidad\"}},{\"@type\":\"ListItem\",\"@id\":\"https:\\\/\\\/candas365.es\\\/noticias\\\/category\\\/actualidad\\\/#listItem\",\"position\":2,\"name\":\"Actualidad\",\"item\":\"https:\\\/\\\/candas365.es\\\/noticias\\\/category\\\/actualidad\\\/\",\"nextItem\":{\"@type\":\"ListItem\",\"@id\":\"https:\\\/\\\/candas365.es\\\/noticias\\\/no-significa-no-alemania-aprueba-reforma-de-ley-violencia-sexual\\\/#listItem\",\"name\":\"\\u00abNo significa no\\u00bb: Alemania aprueba reforma de ley violencia sexual\"},\"previousItem\":{\"@type\":\"ListItem\",\"@id\":\"https:\\\/\\\/candas365.es\\\/noticias#listItem\",\"name\":\"Home\"}},{\"@type\":\"ListItem\",\"@id\":\"https:\\\/\\\/candas365.es\\\/noticias\\\/no-significa-no-alemania-aprueba-reforma-de-ley-violencia-sexual\\\/#listItem\",\"position\":3,\"name\":\"\\u00abNo significa no\\u00bb: Alemania aprueba reforma de ley violencia sexual\",\"previousItem\":{\"@type\":\"ListItem\",\"@id\":\"https:\\\/\\\/candas365.es\\\/noticias\\\/category\\\/actualidad\\\/#listItem\",\"name\":\"Actualidad\"}}]},{\"@type\":\"NewsArticle\",\"@id\":\"https:\\\/\\\/candas365.es\\\/noticias\\\/no-significa-no-alemania-aprueba-reforma-de-ley-violencia-sexual\\\/#newsarticle\",\"name\":\"\\u00abNo significa no\\u00bb: Alemania aprueba reforma de ley violencia sexual | Cand\\u00e1s 365\",\"headline\":\"\\u00abNo significa no\\u00bb: Alemania aprueba reforma de ley violencia sexual\",\"author\":{\"@id\":\"https:\\\/\\\/candas365.es\\\/noticias\\\/author\\\/admin\\\/#author\"},\"publisher\":{\"@id\":\"https:\\\/\\\/candas365.es\\\/noticias\\\/#organization\"},\"image\":{\"@type\":\"ImageObject\",\"url\":\"https:\\\/\\\/candas365.es\\\/noticias\\\/wp-content\\\/uploads\\\/2015\\\/09\\\/c365noticias.jpg\",\"width\":655,\"height\":360},\"datePublished\":\"2016-07-08T22:49:53+02:00\",\"dateModified\":\"2016-07-08T22:49:53+02:00\",\"inLanguage\":\"es-ES\",\"mainEntityOfPage\":{\"@id\":\"https:\\\/\\\/candas365.es\\\/noticias\\\/no-significa-no-alemania-aprueba-reforma-de-ley-violencia-sexual\\\/#webpage\"},\"isPartOf\":{\"@id\":\"https:\\\/\\\/candas365.es\\\/noticias\\\/no-significa-no-alemania-aprueba-reforma-de-ley-violencia-sexual\\\/#webpage\"},\"articleSection\":\"Actualidad\",\"dateline\":\"Publicado el julio 8, 2016.\"},{\"@type\":\"Organization\",\"@id\":\"https:\\\/\\\/candas365.es\\\/noticias\\\/#organization\",\"name\":\"Cand\\u00e1s 365\",\"description\":\"Cand\\u00e1s 365 es un diario digital independiente, fundado en 2012, con base en Asturias. Informamos con rigor sobre actualidad, sociedad, cultura y ocio, con una mirada local y global.\",\"url\":\"https:\\\/\\\/candas365.es\\\/noticias\\\/\",\"email\":\"info@candas365.es\",\"telephone\":\"+34652131393\",\"foundingDate\":\"2012-06-10\",\"logo\":{\"@type\":\"ImageObject\",\"url\":\"https:\\\/\\\/candas365.es\\\/noticias\\\/wp-content\\\/uploads\\\/2024\\\/09\\\/Candas-365-Redes.jpg\",\"@id\":\"https:\\\/\\\/candas365.es\\\/noticias\\\/no-significa-no-alemania-aprueba-reforma-de-ley-violencia-sexual\\\/#organizationLogo\",\"width\":1152,\"height\":864,\"caption\":\"Cand\\u00e1s 365 Redes\"},\"image\":{\"@id\":\"https:\\\/\\\/candas365.es\\\/noticias\\\/no-significa-no-alemania-aprueba-reforma-de-ley-violencia-sexual\\\/#organizationLogo\"},\"sameAs\":[\"https:\\\/\\\/www.facebook.com\\\/Nachofdezber\",\"https:\\\/\\\/x.com\\\/NabercoDigital\",\"https:\\\/\\\/www.instagram.com\\\/nachofdezber\\\/\",\"https:\\\/\\\/www.youtube.com\\\/channel\\\/UCZP-2wLEB9Rv6erhFmqVnvg\"],\"address\":{\"@id\":\"https:\\\/\\\/candas365.es\\\/noticias\\\/#postaladdress\",\"@type\":\"PostalAddress\",\"streetAddress\":\"san antonio 4, san antonio 4\",\"postalCode\":\"33430\",\"addressLocality\":\"Cand\\u00e1s\",\"addressRegion\":\"Asturias\",\"addressCountry\":\"ES\"}},{\"@type\":\"Person\",\"@id\":\"https:\\\/\\\/candas365.es\\\/noticias\\\/author\\\/admin\\\/#author\",\"url\":\"https:\\\/\\\/candas365.es\\\/noticias\\\/author\\\/admin\\\/\",\"name\":\"Cand\\u00e1s 365\",\"image\":{\"@type\":\"ImageObject\",\"@id\":\"https:\\\/\\\/candas365.es\\\/noticias\\\/no-significa-no-alemania-aprueba-reforma-de-ley-violencia-sexual\\\/#authorImage\",\"url\":\"https:\\\/\\\/secure.gravatar.com\\\/avatar\\\/496a8e03d0c493ede1718b7934145dbdf8d89be1036b0eec9544e1094c9de390?s=96&d=mm&r=g\",\"width\":96,\"height\":96,\"caption\":\"Cand\\u00e1s 365\"},\"sameAs\":[\"https:\\\/\\\/www.facebook.com\\\/carrenoactualidad\",\"https:\\\/\\\/twitter.com\\\/nbasturias\",\"https:\\\/\\\/www.instagram.com\\\/nachofdezber\\\/\",\"https:\\\/\\\/www.youtube.com\\\/channel\\\/UCZP-2wLEB9Rv6erhFmqVnvg\"]},{\"@type\":\"WebPage\",\"@id\":\"https:\\\/\\\/candas365.es\\\/noticias\\\/no-significa-no-alemania-aprueba-reforma-de-ley-violencia-sexual\\\/#webpage\",\"url\":\"https:\\\/\\\/candas365.es\\\/noticias\\\/no-significa-no-alemania-aprueba-reforma-de-ley-violencia-sexual\\\/\",\"name\":\"\\u00abNo significa no\\u00bb: Alemania aprueba reforma de ley violencia sexual | Cand\\u00e1s 365\",\"description\":\"Berl\\u00edn, 7 jul (dpa) - Las violaciones y agresiones sexuales sin uso o amenaza de violencia ser\\u00e1n castigadas en Alemania bajo el principio de un \\\"no significa no\\\", seg\\u00fan la reforma de la ley sobre violencia sexual aprobada hoy por unanimidad por el Parlamento alem\\u00e1n. De esta manera, Alemania refuerza los derechos de las v\\u00edctimas\",\"inLanguage\":\"es-ES\",\"isPartOf\":{\"@id\":\"https:\\\/\\\/candas365.es\\\/noticias\\\/#website\"},\"breadcrumb\":{\"@id\":\"https:\\\/\\\/candas365.es\\\/noticias\\\/no-significa-no-alemania-aprueba-reforma-de-ley-violencia-sexual\\\/#breadcrumblist\"},\"author\":{\"@id\":\"https:\\\/\\\/candas365.es\\\/noticias\\\/author\\\/admin\\\/#author\"},\"creator\":{\"@id\":\"https:\\\/\\\/candas365.es\\\/noticias\\\/author\\\/admin\\\/#author\"},\"image\":{\"@type\":\"ImageObject\",\"url\":\"https:\\\/\\\/candas365.es\\\/noticias\\\/wp-content\\\/uploads\\\/2015\\\/09\\\/c365noticias.jpg\",\"@id\":\"https:\\\/\\\/candas365.es\\\/noticias\\\/no-significa-no-alemania-aprueba-reforma-de-ley-violencia-sexual\\\/#mainImage\",\"width\":655,\"height\":360},\"primaryImageOfPage\":{\"@id\":\"https:\\\/\\\/candas365.es\\\/noticias\\\/no-significa-no-alemania-aprueba-reforma-de-ley-violencia-sexual\\\/#mainImage\"},\"datePublished\":\"2016-07-08T22:49:53+02:00\",\"dateModified\":\"2016-07-08T22:49:53+02:00\"},{\"@type\":\"WebSite\",\"@id\":\"https:\\\/\\\/candas365.es\\\/noticias\\\/#website\",\"url\":\"https:\\\/\\\/candas365.es\\\/noticias\\\/\",\"name\":\"Cand\\u00e1s 365\",\"alternateName\":\"Cand\\u00e1s 365 Noticias\",\"description\":\"Actualidad desde Carre\\u00f1o para el mundo\",\"inLanguage\":\"es-ES\",\"publisher\":{\"@id\":\"https:\\\/\\\/candas365.es\\\/noticias\\\/#organization\"}}]}\n\t\t<\/script>\n\t\t<!-- All in One SEO Pro -->\r\n\t\t<title>\u00abNo significa no\u00bb: Alemania aprueba reforma de ley violencia sexual | Cand\u00e1s 365<\/title>\n\n","aioseo_head_json":{"title":"\u00abNo significa no\u00bb: Alemania aprueba reforma de ley violencia sexual | Cand\u00e1s 365","description":"Berl\u00edn, 7 jul (dpa) - Las violaciones y agresiones sexuales sin uso o amenaza de violencia ser\u00e1n castigadas en Alemania bajo el principio de un \"no significa no\", seg\u00fan la reforma de la ley sobre violencia sexual aprobada hoy por unanimidad por el Parlamento alem\u00e1n. De esta manera, Alemania refuerza los derechos de las v\u00edctimas","canonical_url":"https:\/\/candas365.es\/noticias\/no-significa-no-alemania-aprueba-reforma-de-ley-violencia-sexual\/","robots":"max-image-preview:large","keywords":"actualidad","webmasterTools":{"google-site-verification":"UA-32230408-1","msvalidate.01":"354F3CDFB2DA171B47FBE9ABF1F88D5","miscellaneous":""},"schema":{"@context":"https:\/\/schema.org","@graph":[{"@type":"BreadcrumbList","@id":"https:\/\/candas365.es\/noticias\/no-significa-no-alemania-aprueba-reforma-de-ley-violencia-sexual\/#breadcrumblist","itemListElement":[{"@type":"ListItem","@id":"https:\/\/candas365.es\/noticias#listItem","position":1,"name":"Home","item":"https:\/\/candas365.es\/noticias","nextItem":{"@type":"ListItem","@id":"https:\/\/candas365.es\/noticias\/category\/actualidad\/#listItem","name":"Actualidad"}},{"@type":"ListItem","@id":"https:\/\/candas365.es\/noticias\/category\/actualidad\/#listItem","position":2,"name":"Actualidad","item":"https:\/\/candas365.es\/noticias\/category\/actualidad\/","nextItem":{"@type":"ListItem","@id":"https:\/\/candas365.es\/noticias\/no-significa-no-alemania-aprueba-reforma-de-ley-violencia-sexual\/#listItem","name":"\u00abNo significa no\u00bb: Alemania aprueba reforma de ley violencia sexual"},"previousItem":{"@type":"ListItem","@id":"https:\/\/candas365.es\/noticias#listItem","name":"Home"}},{"@type":"ListItem","@id":"https:\/\/candas365.es\/noticias\/no-significa-no-alemania-aprueba-reforma-de-ley-violencia-sexual\/#listItem","position":3,"name":"\u00abNo significa no\u00bb: Alemania aprueba reforma de ley violencia sexual","previousItem":{"@type":"ListItem","@id":"https:\/\/candas365.es\/noticias\/category\/actualidad\/#listItem","name":"Actualidad"}}]},{"@type":"NewsArticle","@id":"https:\/\/candas365.es\/noticias\/no-significa-no-alemania-aprueba-reforma-de-ley-violencia-sexual\/#newsarticle","name":"\u00abNo significa no\u00bb: Alemania aprueba reforma de ley violencia sexual | Cand\u00e1s 365","headline":"\u00abNo significa no\u00bb: Alemania aprueba reforma de ley violencia sexual","author":{"@id":"https:\/\/candas365.es\/noticias\/author\/admin\/#author"},"publisher":{"@id":"https:\/\/candas365.es\/noticias\/#organization"},"image":{"@type":"ImageObject","url":"https:\/\/candas365.es\/noticias\/wp-content\/uploads\/2015\/09\/c365noticias.jpg","width":655,"height":360},"datePublished":"2016-07-08T22:49:53+02:00","dateModified":"2016-07-08T22:49:53+02:00","inLanguage":"es-ES","mainEntityOfPage":{"@id":"https:\/\/candas365.es\/noticias\/no-significa-no-alemania-aprueba-reforma-de-ley-violencia-sexual\/#webpage"},"isPartOf":{"@id":"https:\/\/candas365.es\/noticias\/no-significa-no-alemania-aprueba-reforma-de-ley-violencia-sexual\/#webpage"},"articleSection":"Actualidad","dateline":"Publicado el julio 8, 2016."},{"@type":"Organization","@id":"https:\/\/candas365.es\/noticias\/#organization","name":"Cand\u00e1s 365","description":"Cand\u00e1s 365 es un diario digital independiente, fundado en 2012, con base en Asturias. Informamos con rigor sobre actualidad, sociedad, cultura y ocio, con una mirada local y global.","url":"https:\/\/candas365.es\/noticias\/","email":"info@candas365.es","telephone":"+34652131393","foundingDate":"2012-06-10","logo":{"@type":"ImageObject","url":"https:\/\/candas365.es\/noticias\/wp-content\/uploads\/2024\/09\/Candas-365-Redes.jpg","@id":"https:\/\/candas365.es\/noticias\/no-significa-no-alemania-aprueba-reforma-de-ley-violencia-sexual\/#organizationLogo","width":1152,"height":864,"caption":"Cand\u00e1s 365 Redes"},"image":{"@id":"https:\/\/candas365.es\/noticias\/no-significa-no-alemania-aprueba-reforma-de-ley-violencia-sexual\/#organizationLogo"},"sameAs":["https:\/\/www.facebook.com\/Nachofdezber","https:\/\/x.com\/NabercoDigital","https:\/\/www.instagram.com\/nachofdezber\/","https:\/\/www.youtube.com\/channel\/UCZP-2wLEB9Rv6erhFmqVnvg"],"address":{"@id":"https:\/\/candas365.es\/noticias\/#postaladdress","@type":"PostalAddress","streetAddress":"san antonio 4, san antonio 4","postalCode":"33430","addressLocality":"Cand\u00e1s","addressRegion":"Asturias","addressCountry":"ES"}},{"@type":"Person","@id":"https:\/\/candas365.es\/noticias\/author\/admin\/#author","url":"https:\/\/candas365.es\/noticias\/author\/admin\/","name":"Cand\u00e1s 365","image":{"@type":"ImageObject","@id":"https:\/\/candas365.es\/noticias\/no-significa-no-alemania-aprueba-reforma-de-ley-violencia-sexual\/#authorImage","url":"https:\/\/secure.gravatar.com\/avatar\/496a8e03d0c493ede1718b7934145dbdf8d89be1036b0eec9544e1094c9de390?s=96&d=mm&r=g","width":96,"height":96,"caption":"Cand\u00e1s 365"},"sameAs":["https:\/\/www.facebook.com\/carrenoactualidad","https:\/\/twitter.com\/nbasturias","https:\/\/www.instagram.com\/nachofdezber\/","https:\/\/www.youtube.com\/channel\/UCZP-2wLEB9Rv6erhFmqVnvg"]},{"@type":"WebPage","@id":"https:\/\/candas365.es\/noticias\/no-significa-no-alemania-aprueba-reforma-de-ley-violencia-sexual\/#webpage","url":"https:\/\/candas365.es\/noticias\/no-significa-no-alemania-aprueba-reforma-de-ley-violencia-sexual\/","name":"\u00abNo significa no\u00bb: Alemania aprueba reforma de ley violencia sexual | Cand\u00e1s 365","description":"Berl\u00edn, 7 jul (dpa) - Las violaciones y agresiones sexuales sin uso o amenaza de violencia ser\u00e1n castigadas en Alemania bajo el principio de un \"no significa no\", seg\u00fan la reforma de la ley sobre violencia sexual aprobada hoy por unanimidad por el Parlamento alem\u00e1n. De esta manera, Alemania refuerza los derechos de las v\u00edctimas","inLanguage":"es-ES","isPartOf":{"@id":"https:\/\/candas365.es\/noticias\/#website"},"breadcrumb":{"@id":"https:\/\/candas365.es\/noticias\/no-significa-no-alemania-aprueba-reforma-de-ley-violencia-sexual\/#breadcrumblist"},"author":{"@id":"https:\/\/candas365.es\/noticias\/author\/admin\/#author"},"creator":{"@id":"https:\/\/candas365.es\/noticias\/author\/admin\/#author"},"image":{"@type":"ImageObject","url":"https:\/\/candas365.es\/noticias\/wp-content\/uploads\/2015\/09\/c365noticias.jpg","@id":"https:\/\/candas365.es\/noticias\/no-significa-no-alemania-aprueba-reforma-de-ley-violencia-sexual\/#mainImage","width":655,"height":360},"primaryImageOfPage":{"@id":"https:\/\/candas365.es\/noticias\/no-significa-no-alemania-aprueba-reforma-de-ley-violencia-sexual\/#mainImage"},"datePublished":"2016-07-08T22:49:53+02:00","dateModified":"2016-07-08T22:49:53+02:00"},{"@type":"WebSite","@id":"https:\/\/candas365.es\/noticias\/#website","url":"https:\/\/candas365.es\/noticias\/","name":"Cand\u00e1s 365","alternateName":"Cand\u00e1s 365 Noticias","description":"Actualidad desde Carre\u00f1o para el mundo","inLanguage":"es-ES","publisher":{"@id":"https:\/\/candas365.es\/noticias\/#organization"}}]},"og:locale":"es_ES","og:site_name":"Cand\u00e1s 365","og:type":"article","og:title":"\u00abNo significa no\u00bb: Alemania aprueba reforma de ley violencia sexual | Cand\u00e1s 365","og:description":"Berl\u00edn, 7 jul (dpa) - Las violaciones y agresiones sexuales sin uso o amenaza de violencia ser\u00e1n castigadas en Alemania bajo el principio de un &quot;no significa no&quot;, seg\u00fan la reforma de la ley sobre violencia sexual aprobada hoy por unanimidad por el Parlamento alem\u00e1n. De esta manera, Alemania refuerza los derechos de las v\u00edctimas","og:url":"https:\/\/candas365.es\/noticias\/no-significa-no-alemania-aprueba-reforma-de-ley-violencia-sexual\/","og:image":"https:\/\/candas365.es\/noticias\/wp-content\/uploads\/2015\/09\/c365noticias.jpg","og:image:secure_url":"https:\/\/candas365.es\/noticias\/wp-content\/uploads\/2015\/09\/c365noticias.jpg","og:image:width":655,"og:image:height":360,"article:published_time":"2016-07-08T21:19:53+00:00","article:modified_time":"2016-07-08T21:19:53+00:00","article:publisher":"https:\/\/www.facebook.com\/Nachofdezber","article:author":"https:\/\/www.facebook.com\/carrenoactualidad","twitter:card":"summary_large_image","twitter:site":"@NabercoDigital","twitter:title":"\u00abNo significa no\u00bb: Alemania aprueba reforma de ley violencia sexual | Cand\u00e1s 365","twitter:description":"Berl\u00edn, 7 jul (dpa) - Las violaciones y agresiones sexuales sin uso o amenaza de violencia ser\u00e1n castigadas en Alemania bajo el principio de un &quot;no significa no&quot;, seg\u00fan la reforma de la ley sobre violencia sexual aprobada hoy por unanimidad por el Parlamento alem\u00e1n. De esta manera, Alemania refuerza los derechos de las v\u00edctimas","twitter:creator":"@nbasturias","twitter:image":"https:\/\/candas365.es\/noticias\/wp-content\/uploads\/2015\/09\/c365noticias.jpg","twitter:label1":"Escrito por","twitter:data1":"Cand\u00e1s 365","twitter:label2":"Tiempo de lectura estimado","twitter:data2":"2 minutos"},"aioseo_meta_data":{"post_id":"31630","title":null,"description":null,"keywords":null,"keyphrases":null,"primary_term":null,"canonical_url":null,"og_title":null,"og_description":null,"og_object_type":"default","og_image_type":"default","og_image_url":null,"og_image_width":null,"og_image_height":null,"og_image_custom_url":null,"og_image_custom_fields":null,"og_video":null,"og_custom_url":null,"og_article_section":null,"og_article_tags":null,"twitter_use_og":false,"twitter_card":"default","twitter_image_type":"default","twitter_image_url":null,"twitter_image_custom_url":null,"twitter_image_custom_fields":null,"twitter_title":null,"twitter_description":null,"schema":{"blockGraphs":[],"customGraphs":[],"default":{"data":{"Article":[],"Course":[],"Dataset":[],"FAQPage":[],"Movie":[],"Person":[],"Product":[],"ProductReview":[],"Car":[],"Recipe":[],"Service":[],"SoftwareApplication":[],"WebPage":[]},"graphName":"","isEnabled":true},"graphs":[],"defaultGraph":"","defaultPostTypeGraph":""},"schema_type":null,"schema_type_options":null,"pillar_content":false,"robots_default":true,"robots_noindex":false,"robots_noarchive":false,"robots_nosnippet":false,"robots_nofollow":false,"robots_noimageindex":false,"robots_noodp":false,"robots_notranslate":false,"robots_max_snippet":null,"robots_max_videopreview":null,"robots_max_imagepreview":"large","priority":null,"frequency":null,"location":null,"local_seo":null,"seo_analyzer_scan_date":"2025-08-24 14:09:15","breadcrumb_settings":null,"limit_modified_date":false,"reviewed_by":null,"open_ai":null,"ai":null,"created":"2020-12-21 13:01:30","updated":"2025-08-24 14:09:15"},"aioseo_breadcrumb":"<div class=\"aioseo-breadcrumbs\"><span class=\"aioseo-breadcrumb\">\n\t<a href=\"https:\/\/candas365.es\/noticias\" title=\"Home\">Home<\/a>\n<\/span><span class=\"aioseo-breadcrumb-separator\">&ndash;<\/span><span class=\"aioseo-breadcrumb\">\n\t<a href=\"https:\/\/candas365.es\/noticias\/category\/actualidad\/\" title=\"Actualidad\">Actualidad<\/a>\n<\/span><span class=\"aioseo-breadcrumb-separator\">&ndash;<\/span><span class=\"aioseo-breadcrumb\">\n\t\u00abNo significa no\u00bb: Alemania aprueba reforma de ley violencia sexual\n<\/span><\/div>","aioseo_breadcrumb_json":[{"label":"Home","link":"https:\/\/candas365.es\/noticias"},{"label":"Actualidad","link":"https:\/\/candas365.es\/noticias\/category\/actualidad\/"},{"label":"\u00abNo significa no\u00bb: Alemania aprueba reforma de ley violencia sexual","link":"https:\/\/candas365.es\/noticias\/no-significa-no-alemania-aprueba-reforma-de-ley-violencia-sexual\/"}],"_links":{"self":[{"href":"https:\/\/candas365.es\/noticias\/wp-json\/wp\/v2\/posts\/31630","targetHints":{"allow":["GET"]}}],"collection":[{"href":"https:\/\/candas365.es\/noticias\/wp-json\/wp\/v2\/posts"}],"about":[{"href":"https:\/\/candas365.es\/noticias\/wp-json\/wp\/v2\/types\/post"}],"author":[{"embeddable":true,"href":"https:\/\/candas365.es\/noticias\/wp-json\/wp\/v2\/users\/1"}],"replies":[{"embeddable":true,"href":"https:\/\/candas365.es\/noticias\/wp-json\/wp\/v2\/comments?post=31630"}],"version-history":[{"count":0,"href":"https:\/\/candas365.es\/noticias\/wp-json\/wp\/v2\/posts\/31630\/revisions"}],"wp:featuredmedia":[{"embeddable":true,"href":"https:\/\/candas365.es\/noticias\/wp-json\/wp\/v2\/media\/16457"}],"wp:attachment":[{"href":"https:\/\/candas365.es\/noticias\/wp-json\/wp\/v2\/media?parent=31630"}],"wp:term":[{"taxonomy":"category","embeddable":true,"href":"https:\/\/candas365.es\/noticias\/wp-json\/wp\/v2\/categories?post=31630"},{"taxonomy":"post_tag","embeddable":true,"href":"https:\/\/candas365.es\/noticias\/wp-json\/wp\/v2\/tags?post=31630"}],"curies":[{"name":"wp","href":"https:\/\/api.w.org\/{rel}","templated":true}]}}