{"id":31628,"date":"2016-07-08T22:48:46","date_gmt":"2016-07-08T21:18:46","guid":{"rendered":"http:\/\/candas365.es\/noticias\/?p=31628"},"modified":"2016-07-08T22:48:46","modified_gmt":"2016-07-08T21:18:46","slug":"merkel-defiende-el-envio-de-tropas-de-la-otan-al-este-de-europa","status":"publish","type":"post","link":"https:\/\/candas365.es\/noticias\/merkel-defiende-el-envio-de-tropas-de-la-otan-al-este-de-europa\/","title":{"rendered":"Merkel defiende el env\u00edo de tropas de la OTAN al este de Europa"},"content":{"rendered":"<p>Berl\u00edn, 7 jul (dpa) &#8211; La canciller alemana, Angela Merkel, defendi\u00f3 hoy el previsto env\u00edo de tropas de la OTAN a los pa\u00edses miembros de la Alianza Atl\u00e1ntica en el este de Europa en respuesta al comportamiento de Rusia, al mismo tiempo que se mostr\u00f3 partidaria a mantener abierta la v\u00eda del di\u00e1logo con Mosc\u00fa.<\/p>\n<p>En su declaraci\u00f3n de Gobierno en el Parlamento alem\u00e1n previa a la cumbre de la OTAN, que tendr\u00e1 lugar ma\u00f1ana y el s\u00e1bado en Varsovia, la l\u00edder germana indic\u00f3 que no es suficiente poder disponer r\u00e1pidamente de soldados en situaciones de crisis. La Alianza debe mostrar una presencia m\u00e1s fuerte en el B\u00e1ltico y en Polonia, recomend\u00f3.<\/p>\n<p>La OTAN quiere acordar en el encuentro en Varsovia el env\u00edo de cuatro batallones de cerca mil soldados cada uno a los tres pa\u00edses del B\u00e1ltico y Polonia. El Ej\u00e9rcito alem\u00e1n enviar\u00e1 varios centenares de soldados al batall\u00f3n de Lituania.<\/p>\n<p>\u00abAlemania contribuye sustancialmente a estas medidas\u00bb, declar\u00f3 Merkel al mismo tiempo que defendi\u00f3 el principio de la intimidaci\u00f3n. \u00abEs un concepto profundamente defensivo\u00bb, agreg\u00f3.<\/p>\n<p>Al mismo tiempo, Merkel abog\u00f3 por mantener las conversaciones entre la OTAN y Rusia. Sin embargo, critic\u00f3 que Mosc\u00fa rechazara un encuentro antes de la cumbre que finalmente tendr\u00e1 lugar el 13 de julio.<\/p>\n<p>La relaci\u00f3n entre Rusia y la OTAN lleva a\u00f1os en crisis, sobre todo, debido a la crisis en el este de Ucrania. El Gobierno en Mosc\u00fa ve los planes de la OTAN de instalar un escudo antimisiles en el este de Europa como una amenaza para su seguridad. Mientras, la Alianza critica la concentraci\u00f3n de tropas en el oeste de Rusia.<\/p>\n<p>\u00abEstamos de acuerdo en que la seguridad permanente en Europa s\u00f3lo se logra con Rusia y no contra Rusia\u00bb, afirm\u00f3, pero insisti\u00f3 en que la intimidaci\u00f3n y el di\u00e1logo \u00abno son contradictorios, sino que van inseparablemente unidos\u00bb.<\/p>\n<p>Merkel ve responsable a Rusia de la p\u00e9rdida de confianza debido al conflicto en Ucrania. Los socios de la OTAN en el este de Europa, como Polonia, se sienten \u00abprofundamente inseguros\u00bb por el comportamiento de Rusia, critic\u00f3 la mandataria alemana. \u00abPor ello necesitan un claro respaldo de la Alianza\u00bb, agreg\u00f3.<\/p>\n<p>Cuando el principio b\u00e1sico de \u00abinvariabilidad de las fronteras\u00bb es puesto en duda por Rusia \u00aba trav\u00e9s de las palabras y los hechos\u00bb, entonces se produce una \u00abp\u00e9rdida de confianza\u00bb, indic\u00f3.<\/p>\n<p>Asimismo, durante su comparecencia ante los diputados la l\u00edder cristianodem\u00f3crata defendi\u00f3 la intenci\u00f3n de la OTAN de mandar aviones de control y vigilancia a\u00e9rea Awacs para participar en la lucha contra la milicia terrorista Estado Isl\u00e1mico (EI).<\/p>\n<p>\u00abCon los Awacs de la OTAN podremos complementar de manera \u00fatil la misi\u00f3n de nuestros aviones de reconocimiento Tornados en la base a\u00e9rea de Incirlik, en Turqu\u00eda\u00bb, declar\u00f3.<\/p>\n<p>\u00abLos Awacs podr\u00edan garantizar que el espacio a\u00e9reo est\u00e9 coordinado y vigilado y proporcionar as\u00ed una mayor seguridad\u00bb, agreg\u00f3.<\/p>\n<p>La postura de Merkel contrasta con la del Ministerio de Exteriores alem\u00e1n, que hace tiempo hab\u00eda dejado clara su postura en contra de la participaci\u00f3n de la OTAN en la coalici\u00f3n liderada por Estados Unidos para luchar contra el EI. En su opini\u00f3n, una participaci\u00f3n de la alianza podr\u00eda entorpecer los esfuerzos de paz en el conflicto sirio.<\/p>\n<p>Tras la comparecencia de Merkel, el ministro de Exteriores alem\u00e1n, Frank-Walter Steinmeier, advirti\u00f3 de un nuevo empeoramiento de las relaciones con Rusia. \u00abNo debemos permitir una reca\u00edda en una nueva, vieja confrontaci\u00f3n\u00bb, explic\u00f3 a los diarios del grupo medi\u00e1tico Funke.<\/p>\n<p>\u00abLas medidas de la Alianza en el este y la disposici\u00f3n al di\u00e1logo son dos caras de una misma moneda\u00bb, indic\u00f3. La una no se puede dar sin la otra, agreg\u00f3.<\/p>\n<p>Polonia y los Estados B\u00e1lticos se sienten amenazados por el comportamiento de Rusia en Ucrania y esperan que en la Cumbre de la OTAN se de una fuerte se\u00f1al intimidatoria.<\/p>\n","protected":false},"excerpt":{"rendered":"<p>Berl\u00edn, 7 jul (dpa) &#8211; La canciller alemana, Angela Merkel, defendi\u00f3 hoy el previsto env\u00edo de tropas de la OTAN a los pa\u00edses miembros de la Alianza Atl\u00e1ntica en el este de Europa en respuesta al comportamiento de Rusia, al mismo tiempo que se mostr\u00f3 partidaria a mantener abierta la v\u00eda del di\u00e1logo con Mosc\u00fa.<\/p>\n","protected":false},"author":1,"featured_media":14622,"comment_status":"closed","ping_status":"closed","sticky":false,"template":"","format":"standard","meta":{"footnotes":""},"categories":[343],"tags":[],"class_list":{"0":"post-31628","1":"post","2":"type-post","3":"status-publish","4":"format-standard","5":"has-post-thumbnail","7":"category-actualidad"},"aioseo_notices":[],"aioseo_head":"\n\t\t<!-- All in One SEO Pro 4.9.6.2 - aioseo.com -->\n\t<meta name=\"description\" content=\"Berl\u00edn, 7 jul (dpa) - La canciller alemana, Angela Merkel, defendi\u00f3 hoy el previsto env\u00edo de tropas de la OTAN a los pa\u00edses miembros de la Alianza Atl\u00e1ntica en el este de Europa en respuesta al comportamiento de Rusia, al mismo tiempo que se mostr\u00f3 partidaria a mantener abierta la v\u00eda del di\u00e1logo con Mosc\u00fa.\" \/>\n\t<meta name=\"robots\" content=\"max-image-preview:large\" \/>\n\t<meta name=\"author\" content=\"Cand\u00e1s 365\"\/>\n\t<meta name=\"google-site-verification\" content=\"UA-32230408-1\" \/>\n\t<meta name=\"msvalidate.01\" content=\"354F3CDFB2DA171B47FBE9ABF1F88D5\" \/>\n\t<meta name=\"keywords\" content=\"actualidad\" \/>\n\t<link rel=\"canonical\" href=\"https:\/\/candas365.es\/noticias\/merkel-defiende-el-envio-de-tropas-de-la-otan-al-este-de-europa\/\" \/>\n\t<meta name=\"generator\" content=\"All in One SEO Pro (AIOSEO) 4.9.6.2\" \/>\n\t\t<meta property=\"og:locale\" content=\"es_ES\" \/>\n\t\t<meta property=\"og:site_name\" content=\"Cand\u00e1s 365\" \/>\n\t\t<meta property=\"og:type\" content=\"article\" \/>\n\t\t<meta property=\"og:title\" content=\"Merkel defiende el env\u00edo de tropas de la OTAN al este de Europa | Cand\u00e1s 365\" \/>\n\t\t<meta property=\"og:description\" content=\"Berl\u00edn, 7 jul (dpa) - La canciller alemana, Angela Merkel, defendi\u00f3 hoy el previsto env\u00edo de tropas de la OTAN a los pa\u00edses miembros de la Alianza Atl\u00e1ntica en el este de Europa en respuesta al comportamiento de Rusia, al mismo tiempo que se mostr\u00f3 partidaria a mantener abierta la v\u00eda del di\u00e1logo con Mosc\u00fa.\" \/>\n\t\t<meta property=\"og:url\" content=\"https:\/\/candas365.es\/noticias\/merkel-defiende-el-envio-de-tropas-de-la-otan-al-este-de-europa\/\" \/>\n\t\t<meta property=\"og:image\" content=\"https:\/\/candas365.es\/noticias\/wp-content\/uploads\/2015\/08\/merkel.jpg\" \/>\n\t\t<meta property=\"og:image:secure_url\" content=\"https:\/\/candas365.es\/noticias\/wp-content\/uploads\/2015\/08\/merkel.jpg\" \/>\n\t\t<meta property=\"og:image:width\" content=\"655\" \/>\n\t\t<meta property=\"og:image:height\" content=\"360\" \/>\n\t\t<meta property=\"article:published_time\" content=\"2016-07-08T21:18:46+00:00\" \/>\n\t\t<meta property=\"article:modified_time\" content=\"2016-07-08T21:18:46+00:00\" \/>\n\t\t<meta property=\"article:publisher\" content=\"https:\/\/www.facebook.com\/Nachofdezber\" \/>\n\t\t<meta property=\"article:author\" content=\"https:\/\/www.facebook.com\/carrenoactualidad\" \/>\n\t\t<meta name=\"twitter:card\" content=\"summary_large_image\" \/>\n\t\t<meta name=\"twitter:site\" content=\"@NabercoDigital\" \/>\n\t\t<meta name=\"twitter:title\" content=\"Merkel defiende el env\u00edo de tropas de la OTAN al este de Europa | Cand\u00e1s 365\" \/>\n\t\t<meta name=\"twitter:description\" content=\"Berl\u00edn, 7 jul (dpa) - La canciller alemana, Angela Merkel, defendi\u00f3 hoy el previsto env\u00edo de tropas de la OTAN a los pa\u00edses miembros de la Alianza Atl\u00e1ntica en el este de Europa en respuesta al comportamiento de Rusia, al mismo tiempo que se mostr\u00f3 partidaria a mantener abierta la v\u00eda del di\u00e1logo con Mosc\u00fa.\" \/>\n\t\t<meta name=\"twitter:creator\" content=\"@nbasturias\" \/>\n\t\t<meta name=\"twitter:image\" content=\"https:\/\/candas365.es\/noticias\/wp-content\/uploads\/2015\/08\/merkel.jpg\" \/>\n\t\t<meta name=\"twitter:label1\" content=\"Escrito por\" \/>\n\t\t<meta name=\"twitter:data1\" content=\"Cand\u00e1s 365\" \/>\n\t\t<meta name=\"twitter:label2\" content=\"Tiempo de lectura estimado\" \/>\n\t\t<meta name=\"twitter:data2\" content=\"3 minutos\" \/>\n\t\t<script type=\"application\/ld+json\" class=\"aioseo-schema\">\n\t\t\t{\"@context\":\"https:\\\/\\\/schema.org\",\"@graph\":[{\"@type\":\"BreadcrumbList\",\"@id\":\"https:\\\/\\\/candas365.es\\\/noticias\\\/merkel-defiende-el-envio-de-tropas-de-la-otan-al-este-de-europa\\\/#breadcrumblist\",\"itemListElement\":[{\"@type\":\"ListItem\",\"@id\":\"https:\\\/\\\/candas365.es\\\/noticias#listItem\",\"position\":1,\"name\":\"Home\",\"item\":\"https:\\\/\\\/candas365.es\\\/noticias\",\"nextItem\":{\"@type\":\"ListItem\",\"@id\":\"https:\\\/\\\/candas365.es\\\/noticias\\\/category\\\/actualidad\\\/#listItem\",\"name\":\"Actualidad\"}},{\"@type\":\"ListItem\",\"@id\":\"https:\\\/\\\/candas365.es\\\/noticias\\\/category\\\/actualidad\\\/#listItem\",\"position\":2,\"name\":\"Actualidad\",\"item\":\"https:\\\/\\\/candas365.es\\\/noticias\\\/category\\\/actualidad\\\/\",\"nextItem\":{\"@type\":\"ListItem\",\"@id\":\"https:\\\/\\\/candas365.es\\\/noticias\\\/merkel-defiende-el-envio-de-tropas-de-la-otan-al-este-de-europa\\\/#listItem\",\"name\":\"Merkel defiende el env\\u00edo de tropas de la OTAN al este de Europa\"},\"previousItem\":{\"@type\":\"ListItem\",\"@id\":\"https:\\\/\\\/candas365.es\\\/noticias#listItem\",\"name\":\"Home\"}},{\"@type\":\"ListItem\",\"@id\":\"https:\\\/\\\/candas365.es\\\/noticias\\\/merkel-defiende-el-envio-de-tropas-de-la-otan-al-este-de-europa\\\/#listItem\",\"position\":3,\"name\":\"Merkel defiende el env\\u00edo de tropas de la OTAN al este de Europa\",\"previousItem\":{\"@type\":\"ListItem\",\"@id\":\"https:\\\/\\\/candas365.es\\\/noticias\\\/category\\\/actualidad\\\/#listItem\",\"name\":\"Actualidad\"}}]},{\"@type\":\"NewsArticle\",\"@id\":\"https:\\\/\\\/candas365.es\\\/noticias\\\/merkel-defiende-el-envio-de-tropas-de-la-otan-al-este-de-europa\\\/#newsarticle\",\"name\":\"Merkel defiende el env\\u00edo de tropas de la OTAN al este de Europa | Cand\\u00e1s 365\",\"headline\":\"Merkel defiende el env\\u00edo de tropas de la OTAN al este de Europa\",\"author\":{\"@id\":\"https:\\\/\\\/candas365.es\\\/noticias\\\/author\\\/admin\\\/#author\"},\"publisher\":{\"@id\":\"https:\\\/\\\/candas365.es\\\/noticias\\\/#organization\"},\"image\":{\"@type\":\"ImageObject\",\"url\":\"https:\\\/\\\/candas365.es\\\/noticias\\\/wp-content\\\/uploads\\\/2015\\\/08\\\/merkel.jpg\",\"width\":655,\"height\":360},\"datePublished\":\"2016-07-08T22:48:46+02:00\",\"dateModified\":\"2016-07-08T22:48:46+02:00\",\"inLanguage\":\"es-ES\",\"mainEntityOfPage\":{\"@id\":\"https:\\\/\\\/candas365.es\\\/noticias\\\/merkel-defiende-el-envio-de-tropas-de-la-otan-al-este-de-europa\\\/#webpage\"},\"isPartOf\":{\"@id\":\"https:\\\/\\\/candas365.es\\\/noticias\\\/merkel-defiende-el-envio-de-tropas-de-la-otan-al-este-de-europa\\\/#webpage\"},\"articleSection\":\"Actualidad\",\"dateline\":\"Publicado el julio 8, 2016.\"},{\"@type\":\"Organization\",\"@id\":\"https:\\\/\\\/candas365.es\\\/noticias\\\/#organization\",\"name\":\"Cand\\u00e1s 365\",\"description\":\"Cand\\u00e1s 365 es un diario digital independiente, fundado en 2012, con base en Asturias. Informamos con rigor sobre actualidad, sociedad, cultura y ocio, con una mirada local y global.\",\"url\":\"https:\\\/\\\/candas365.es\\\/noticias\\\/\",\"email\":\"info@candas365.es\",\"telephone\":\"+34652131393\",\"foundingDate\":\"2012-06-10\",\"logo\":{\"@type\":\"ImageObject\",\"url\":\"https:\\\/\\\/candas365.es\\\/noticias\\\/wp-content\\\/uploads\\\/2024\\\/09\\\/Candas-365-Redes.jpg\",\"@id\":\"https:\\\/\\\/candas365.es\\\/noticias\\\/merkel-defiende-el-envio-de-tropas-de-la-otan-al-este-de-europa\\\/#organizationLogo\",\"width\":1152,\"height\":864,\"caption\":\"Cand\\u00e1s 365 Redes\"},\"image\":{\"@id\":\"https:\\\/\\\/candas365.es\\\/noticias\\\/merkel-defiende-el-envio-de-tropas-de-la-otan-al-este-de-europa\\\/#organizationLogo\"},\"sameAs\":[\"https:\\\/\\\/www.facebook.com\\\/Nachofdezber\",\"https:\\\/\\\/x.com\\\/NabercoDigital\",\"https:\\\/\\\/www.instagram.com\\\/nachofdezber\\\/\",\"https:\\\/\\\/www.youtube.com\\\/channel\\\/UCZP-2wLEB9Rv6erhFmqVnvg\"],\"address\":{\"@id\":\"https:\\\/\\\/candas365.es\\\/noticias\\\/#postaladdress\",\"@type\":\"PostalAddress\",\"streetAddress\":\"san antonio 4, san antonio 4\",\"postalCode\":\"33430\",\"addressLocality\":\"Cand\\u00e1s\",\"addressRegion\":\"Asturias\",\"addressCountry\":\"ES\"}},{\"@type\":\"Person\",\"@id\":\"https:\\\/\\\/candas365.es\\\/noticias\\\/author\\\/admin\\\/#author\",\"url\":\"https:\\\/\\\/candas365.es\\\/noticias\\\/author\\\/admin\\\/\",\"name\":\"Cand\\u00e1s 365\",\"image\":{\"@type\":\"ImageObject\",\"@id\":\"https:\\\/\\\/candas365.es\\\/noticias\\\/merkel-defiende-el-envio-de-tropas-de-la-otan-al-este-de-europa\\\/#authorImage\",\"url\":\"https:\\\/\\\/secure.gravatar.com\\\/avatar\\\/496a8e03d0c493ede1718b7934145dbdf8d89be1036b0eec9544e1094c9de390?s=96&d=mm&r=g\",\"width\":96,\"height\":96,\"caption\":\"Cand\\u00e1s 365\"},\"sameAs\":[\"https:\\\/\\\/www.facebook.com\\\/carrenoactualidad\",\"https:\\\/\\\/twitter.com\\\/nbasturias\",\"https:\\\/\\\/www.instagram.com\\\/nachofdezber\\\/\",\"https:\\\/\\\/www.youtube.com\\\/channel\\\/UCZP-2wLEB9Rv6erhFmqVnvg\"]},{\"@type\":\"WebPage\",\"@id\":\"https:\\\/\\\/candas365.es\\\/noticias\\\/merkel-defiende-el-envio-de-tropas-de-la-otan-al-este-de-europa\\\/#webpage\",\"url\":\"https:\\\/\\\/candas365.es\\\/noticias\\\/merkel-defiende-el-envio-de-tropas-de-la-otan-al-este-de-europa\\\/\",\"name\":\"Merkel defiende el env\\u00edo de tropas de la OTAN al este de Europa | Cand\\u00e1s 365\",\"description\":\"Berl\\u00edn, 7 jul (dpa) - La canciller alemana, Angela Merkel, defendi\\u00f3 hoy el previsto env\\u00edo de tropas de la OTAN a los pa\\u00edses miembros de la Alianza Atl\\u00e1ntica en el este de Europa en respuesta al comportamiento de Rusia, al mismo tiempo que se mostr\\u00f3 partidaria a mantener abierta la v\\u00eda del di\\u00e1logo con Mosc\\u00fa.\",\"inLanguage\":\"es-ES\",\"isPartOf\":{\"@id\":\"https:\\\/\\\/candas365.es\\\/noticias\\\/#website\"},\"breadcrumb\":{\"@id\":\"https:\\\/\\\/candas365.es\\\/noticias\\\/merkel-defiende-el-envio-de-tropas-de-la-otan-al-este-de-europa\\\/#breadcrumblist\"},\"author\":{\"@id\":\"https:\\\/\\\/candas365.es\\\/noticias\\\/author\\\/admin\\\/#author\"},\"creator\":{\"@id\":\"https:\\\/\\\/candas365.es\\\/noticias\\\/author\\\/admin\\\/#author\"},\"image\":{\"@type\":\"ImageObject\",\"url\":\"https:\\\/\\\/candas365.es\\\/noticias\\\/wp-content\\\/uploads\\\/2015\\\/08\\\/merkel.jpg\",\"@id\":\"https:\\\/\\\/candas365.es\\\/noticias\\\/merkel-defiende-el-envio-de-tropas-de-la-otan-al-este-de-europa\\\/#mainImage\",\"width\":655,\"height\":360},\"primaryImageOfPage\":{\"@id\":\"https:\\\/\\\/candas365.es\\\/noticias\\\/merkel-defiende-el-envio-de-tropas-de-la-otan-al-este-de-europa\\\/#mainImage\"},\"datePublished\":\"2016-07-08T22:48:46+02:00\",\"dateModified\":\"2016-07-08T22:48:46+02:00\"},{\"@type\":\"WebSite\",\"@id\":\"https:\\\/\\\/candas365.es\\\/noticias\\\/#website\",\"url\":\"https:\\\/\\\/candas365.es\\\/noticias\\\/\",\"name\":\"Cand\\u00e1s 365\",\"alternateName\":\"Cand\\u00e1s 365 Noticias\",\"description\":\"Actualidad desde Carre\\u00f1o para el mundo\",\"inLanguage\":\"es-ES\",\"publisher\":{\"@id\":\"https:\\\/\\\/candas365.es\\\/noticias\\\/#organization\"}}]}\n\t\t<\/script>\n\t\t<!-- All in One SEO Pro -->\r\n\t\t<title>Merkel defiende el env\u00edo de tropas de la OTAN al este de Europa | Cand\u00e1s 365<\/title>\n\n","aioseo_head_json":{"title":"Merkel defiende el env\u00edo de tropas de la OTAN al este de Europa | Cand\u00e1s 365","description":"Berl\u00edn, 7 jul (dpa) - La canciller alemana, Angela Merkel, defendi\u00f3 hoy el previsto env\u00edo de tropas de la OTAN a los pa\u00edses miembros de la Alianza Atl\u00e1ntica en el este de Europa en respuesta al comportamiento de Rusia, al mismo tiempo que se mostr\u00f3 partidaria a mantener abierta la v\u00eda del di\u00e1logo con Mosc\u00fa.","canonical_url":"https:\/\/candas365.es\/noticias\/merkel-defiende-el-envio-de-tropas-de-la-otan-al-este-de-europa\/","robots":"max-image-preview:large","keywords":"actualidad","webmasterTools":{"google-site-verification":"UA-32230408-1","msvalidate.01":"354F3CDFB2DA171B47FBE9ABF1F88D5","miscellaneous":""},"schema":{"@context":"https:\/\/schema.org","@graph":[{"@type":"BreadcrumbList","@id":"https:\/\/candas365.es\/noticias\/merkel-defiende-el-envio-de-tropas-de-la-otan-al-este-de-europa\/#breadcrumblist","itemListElement":[{"@type":"ListItem","@id":"https:\/\/candas365.es\/noticias#listItem","position":1,"name":"Home","item":"https:\/\/candas365.es\/noticias","nextItem":{"@type":"ListItem","@id":"https:\/\/candas365.es\/noticias\/category\/actualidad\/#listItem","name":"Actualidad"}},{"@type":"ListItem","@id":"https:\/\/candas365.es\/noticias\/category\/actualidad\/#listItem","position":2,"name":"Actualidad","item":"https:\/\/candas365.es\/noticias\/category\/actualidad\/","nextItem":{"@type":"ListItem","@id":"https:\/\/candas365.es\/noticias\/merkel-defiende-el-envio-de-tropas-de-la-otan-al-este-de-europa\/#listItem","name":"Merkel defiende el env\u00edo de tropas de la OTAN al este de Europa"},"previousItem":{"@type":"ListItem","@id":"https:\/\/candas365.es\/noticias#listItem","name":"Home"}},{"@type":"ListItem","@id":"https:\/\/candas365.es\/noticias\/merkel-defiende-el-envio-de-tropas-de-la-otan-al-este-de-europa\/#listItem","position":3,"name":"Merkel defiende el env\u00edo de tropas de la OTAN al este de Europa","previousItem":{"@type":"ListItem","@id":"https:\/\/candas365.es\/noticias\/category\/actualidad\/#listItem","name":"Actualidad"}}]},{"@type":"NewsArticle","@id":"https:\/\/candas365.es\/noticias\/merkel-defiende-el-envio-de-tropas-de-la-otan-al-este-de-europa\/#newsarticle","name":"Merkel defiende el env\u00edo de tropas de la OTAN al este de Europa | Cand\u00e1s 365","headline":"Merkel defiende el env\u00edo de tropas de la OTAN al este de Europa","author":{"@id":"https:\/\/candas365.es\/noticias\/author\/admin\/#author"},"publisher":{"@id":"https:\/\/candas365.es\/noticias\/#organization"},"image":{"@type":"ImageObject","url":"https:\/\/candas365.es\/noticias\/wp-content\/uploads\/2015\/08\/merkel.jpg","width":655,"height":360},"datePublished":"2016-07-08T22:48:46+02:00","dateModified":"2016-07-08T22:48:46+02:00","inLanguage":"es-ES","mainEntityOfPage":{"@id":"https:\/\/candas365.es\/noticias\/merkel-defiende-el-envio-de-tropas-de-la-otan-al-este-de-europa\/#webpage"},"isPartOf":{"@id":"https:\/\/candas365.es\/noticias\/merkel-defiende-el-envio-de-tropas-de-la-otan-al-este-de-europa\/#webpage"},"articleSection":"Actualidad","dateline":"Publicado el julio 8, 2016."},{"@type":"Organization","@id":"https:\/\/candas365.es\/noticias\/#organization","name":"Cand\u00e1s 365","description":"Cand\u00e1s 365 es un diario digital independiente, fundado en 2012, con base en Asturias. Informamos con rigor sobre actualidad, sociedad, cultura y ocio, con una mirada local y global.","url":"https:\/\/candas365.es\/noticias\/","email":"info@candas365.es","telephone":"+34652131393","foundingDate":"2012-06-10","logo":{"@type":"ImageObject","url":"https:\/\/candas365.es\/noticias\/wp-content\/uploads\/2024\/09\/Candas-365-Redes.jpg","@id":"https:\/\/candas365.es\/noticias\/merkel-defiende-el-envio-de-tropas-de-la-otan-al-este-de-europa\/#organizationLogo","width":1152,"height":864,"caption":"Cand\u00e1s 365 Redes"},"image":{"@id":"https:\/\/candas365.es\/noticias\/merkel-defiende-el-envio-de-tropas-de-la-otan-al-este-de-europa\/#organizationLogo"},"sameAs":["https:\/\/www.facebook.com\/Nachofdezber","https:\/\/x.com\/NabercoDigital","https:\/\/www.instagram.com\/nachofdezber\/","https:\/\/www.youtube.com\/channel\/UCZP-2wLEB9Rv6erhFmqVnvg"],"address":{"@id":"https:\/\/candas365.es\/noticias\/#postaladdress","@type":"PostalAddress","streetAddress":"san antonio 4, san antonio 4","postalCode":"33430","addressLocality":"Cand\u00e1s","addressRegion":"Asturias","addressCountry":"ES"}},{"@type":"Person","@id":"https:\/\/candas365.es\/noticias\/author\/admin\/#author","url":"https:\/\/candas365.es\/noticias\/author\/admin\/","name":"Cand\u00e1s 365","image":{"@type":"ImageObject","@id":"https:\/\/candas365.es\/noticias\/merkel-defiende-el-envio-de-tropas-de-la-otan-al-este-de-europa\/#authorImage","url":"https:\/\/secure.gravatar.com\/avatar\/496a8e03d0c493ede1718b7934145dbdf8d89be1036b0eec9544e1094c9de390?s=96&d=mm&r=g","width":96,"height":96,"caption":"Cand\u00e1s 365"},"sameAs":["https:\/\/www.facebook.com\/carrenoactualidad","https:\/\/twitter.com\/nbasturias","https:\/\/www.instagram.com\/nachofdezber\/","https:\/\/www.youtube.com\/channel\/UCZP-2wLEB9Rv6erhFmqVnvg"]},{"@type":"WebPage","@id":"https:\/\/candas365.es\/noticias\/merkel-defiende-el-envio-de-tropas-de-la-otan-al-este-de-europa\/#webpage","url":"https:\/\/candas365.es\/noticias\/merkel-defiende-el-envio-de-tropas-de-la-otan-al-este-de-europa\/","name":"Merkel defiende el env\u00edo de tropas de la OTAN al este de Europa | Cand\u00e1s 365","description":"Berl\u00edn, 7 jul (dpa) - La canciller alemana, Angela Merkel, defendi\u00f3 hoy el previsto env\u00edo de tropas de la OTAN a los pa\u00edses miembros de la Alianza Atl\u00e1ntica en el este de Europa en respuesta al comportamiento de Rusia, al mismo tiempo que se mostr\u00f3 partidaria a mantener abierta la v\u00eda del di\u00e1logo con Mosc\u00fa.","inLanguage":"es-ES","isPartOf":{"@id":"https:\/\/candas365.es\/noticias\/#website"},"breadcrumb":{"@id":"https:\/\/candas365.es\/noticias\/merkel-defiende-el-envio-de-tropas-de-la-otan-al-este-de-europa\/#breadcrumblist"},"author":{"@id":"https:\/\/candas365.es\/noticias\/author\/admin\/#author"},"creator":{"@id":"https:\/\/candas365.es\/noticias\/author\/admin\/#author"},"image":{"@type":"ImageObject","url":"https:\/\/candas365.es\/noticias\/wp-content\/uploads\/2015\/08\/merkel.jpg","@id":"https:\/\/candas365.es\/noticias\/merkel-defiende-el-envio-de-tropas-de-la-otan-al-este-de-europa\/#mainImage","width":655,"height":360},"primaryImageOfPage":{"@id":"https:\/\/candas365.es\/noticias\/merkel-defiende-el-envio-de-tropas-de-la-otan-al-este-de-europa\/#mainImage"},"datePublished":"2016-07-08T22:48:46+02:00","dateModified":"2016-07-08T22:48:46+02:00"},{"@type":"WebSite","@id":"https:\/\/candas365.es\/noticias\/#website","url":"https:\/\/candas365.es\/noticias\/","name":"Cand\u00e1s 365","alternateName":"Cand\u00e1s 365 Noticias","description":"Actualidad desde Carre\u00f1o para el mundo","inLanguage":"es-ES","publisher":{"@id":"https:\/\/candas365.es\/noticias\/#organization"}}]},"og:locale":"es_ES","og:site_name":"Cand\u00e1s 365","og:type":"article","og:title":"Merkel defiende el env\u00edo de tropas de la OTAN al este de Europa | Cand\u00e1s 365","og:description":"Berl\u00edn, 7 jul (dpa) - La canciller alemana, Angela Merkel, defendi\u00f3 hoy el previsto env\u00edo de tropas de la OTAN a los pa\u00edses miembros de la Alianza Atl\u00e1ntica en el este de Europa en respuesta al comportamiento de Rusia, al mismo tiempo que se mostr\u00f3 partidaria a mantener abierta la v\u00eda del di\u00e1logo con Mosc\u00fa.","og:url":"https:\/\/candas365.es\/noticias\/merkel-defiende-el-envio-de-tropas-de-la-otan-al-este-de-europa\/","og:image":"https:\/\/candas365.es\/noticias\/wp-content\/uploads\/2015\/08\/merkel.jpg","og:image:secure_url":"https:\/\/candas365.es\/noticias\/wp-content\/uploads\/2015\/08\/merkel.jpg","og:image:width":655,"og:image:height":360,"article:published_time":"2016-07-08T21:18:46+00:00","article:modified_time":"2016-07-08T21:18:46+00:00","article:publisher":"https:\/\/www.facebook.com\/Nachofdezber","article:author":"https:\/\/www.facebook.com\/carrenoactualidad","twitter:card":"summary_large_image","twitter:site":"@NabercoDigital","twitter:title":"Merkel defiende el env\u00edo de tropas de la OTAN al este de Europa | Cand\u00e1s 365","twitter:description":"Berl\u00edn, 7 jul (dpa) - La canciller alemana, Angela Merkel, defendi\u00f3 hoy el previsto env\u00edo de tropas de la OTAN a los pa\u00edses miembros de la Alianza Atl\u00e1ntica en el este de Europa en respuesta al comportamiento de Rusia, al mismo tiempo que se mostr\u00f3 partidaria a mantener abierta la v\u00eda del di\u00e1logo con Mosc\u00fa.","twitter:creator":"@nbasturias","twitter:image":"https:\/\/candas365.es\/noticias\/wp-content\/uploads\/2015\/08\/merkel.jpg","twitter:label1":"Escrito por","twitter:data1":"Cand\u00e1s 365","twitter:label2":"Tiempo de lectura estimado","twitter:data2":"3 minutos"},"aioseo_meta_data":{"post_id":"31628","title":null,"description":null,"keywords":null,"keyphrases":null,"primary_term":null,"canonical_url":null,"og_title":null,"og_description":null,"og_object_type":"default","og_image_type":"default","og_image_url":null,"og_image_width":null,"og_image_height":null,"og_image_custom_url":null,"og_image_custom_fields":null,"og_video":null,"og_custom_url":null,"og_article_section":null,"og_article_tags":null,"twitter_use_og":false,"twitter_card":"default","twitter_image_type":"default","twitter_image_url":null,"twitter_image_custom_url":null,"twitter_image_custom_fields":null,"twitter_title":null,"twitter_description":null,"schema":{"blockGraphs":[],"customGraphs":[],"default":{"data":{"Article":[],"Course":[],"Dataset":[],"FAQPage":[],"Movie":[],"Person":[],"Product":[],"ProductReview":[],"Car":[],"Recipe":[],"Service":[],"SoftwareApplication":[],"WebPage":[]},"graphName":"","isEnabled":true},"graphs":[],"defaultGraph":"","defaultPostTypeGraph":""},"schema_type":null,"schema_type_options":null,"pillar_content":false,"robots_default":true,"robots_noindex":false,"robots_noarchive":false,"robots_nosnippet":false,"robots_nofollow":false,"robots_noimageindex":false,"robots_noodp":false,"robots_notranslate":false,"robots_max_snippet":null,"robots_max_videopreview":null,"robots_max_imagepreview":"large","priority":null,"frequency":null,"location":null,"local_seo":null,"seo_analyzer_scan_date":"2025-08-24 14:09:14","breadcrumb_settings":null,"limit_modified_date":false,"reviewed_by":null,"open_ai":null,"ai":null,"created":"2020-12-21 13:01:30","updated":"2025-08-24 14:09:14"},"aioseo_breadcrumb":"<div class=\"aioseo-breadcrumbs\"><span class=\"aioseo-breadcrumb\">\n\t<a href=\"https:\/\/candas365.es\/noticias\" title=\"Home\">Home<\/a>\n<\/span><span class=\"aioseo-breadcrumb-separator\">&ndash;<\/span><span class=\"aioseo-breadcrumb\">\n\t<a href=\"https:\/\/candas365.es\/noticias\/category\/actualidad\/\" title=\"Actualidad\">Actualidad<\/a>\n<\/span><span class=\"aioseo-breadcrumb-separator\">&ndash;<\/span><span class=\"aioseo-breadcrumb\">\n\tMerkel defiende el env\u00edo de tropas de la OTAN al este de Europa\n<\/span><\/div>","aioseo_breadcrumb_json":[{"label":"Home","link":"https:\/\/candas365.es\/noticias"},{"label":"Actualidad","link":"https:\/\/candas365.es\/noticias\/category\/actualidad\/"},{"label":"Merkel defiende el env\u00edo de tropas de la OTAN al este de Europa","link":"https:\/\/candas365.es\/noticias\/merkel-defiende-el-envio-de-tropas-de-la-otan-al-este-de-europa\/"}],"_links":{"self":[{"href":"https:\/\/candas365.es\/noticias\/wp-json\/wp\/v2\/posts\/31628","targetHints":{"allow":["GET"]}}],"collection":[{"href":"https:\/\/candas365.es\/noticias\/wp-json\/wp\/v2\/posts"}],"about":[{"href":"https:\/\/candas365.es\/noticias\/wp-json\/wp\/v2\/types\/post"}],"author":[{"embeddable":true,"href":"https:\/\/candas365.es\/noticias\/wp-json\/wp\/v2\/users\/1"}],"replies":[{"embeddable":true,"href":"https:\/\/candas365.es\/noticias\/wp-json\/wp\/v2\/comments?post=31628"}],"version-history":[{"count":0,"href":"https:\/\/candas365.es\/noticias\/wp-json\/wp\/v2\/posts\/31628\/revisions"}],"wp:featuredmedia":[{"embeddable":true,"href":"https:\/\/candas365.es\/noticias\/wp-json\/wp\/v2\/media\/14622"}],"wp:attachment":[{"href":"https:\/\/candas365.es\/noticias\/wp-json\/wp\/v2\/media?parent=31628"}],"wp:term":[{"taxonomy":"category","embeddable":true,"href":"https:\/\/candas365.es\/noticias\/wp-json\/wp\/v2\/categories?post=31628"},{"taxonomy":"post_tag","embeddable":true,"href":"https:\/\/candas365.es\/noticias\/wp-json\/wp\/v2\/tags?post=31628"}],"curies":[{"name":"wp","href":"https:\/\/api.w.org\/{rel}","templated":true}]}}