{"id":31626,"date":"2016-07-08T22:48:02","date_gmt":"2016-07-08T21:18:02","guid":{"rendered":"http:\/\/candas365.es\/noticias\/?p=31626"},"modified":"2016-07-08T22:48:02","modified_gmt":"2016-07-08T21:18:02","slug":"barbara-una-artista-callejera-anonima-causa-furor-en-alemania","status":"publish","type":"post","link":"https:\/\/candas365.es\/noticias\/barbara-una-artista-callejera-anonima-causa-furor-en-alemania\/","title":{"rendered":"\u00abBarbara.\u00bb, una artista callejera an\u00f3nima, causa furor en Alemania"},"content":{"rendered":"<p>Berl\u00edn, 7 jul (dpa) &#8211; Gana premios y no deja de recibir elogios pero nadie sabe qui\u00e9n es. \u00abBarbara.\u00bb es como firma sus obras que tienen una legi\u00f3n de seguidores en Alemania.<\/p>\n<p>Transforma carteles de tr\u00e1fico y hace de prohibiciones mensajes alegres, algunas veces serios. \u00abBarbara.\u00bb -seg\u00fan su firma oficial- se ha convertido en los dos \u00faltimos a\u00f1os quiz\u00e1 en la artista callejera m\u00e1s seguida del pa\u00eds. Su identidad es un misterio y as\u00ed debe seguir.<\/p>\n<p>Su especialidad: adaptar carteles y provocar reacciones. Se hizo famosa con el mensaje \u00abEste tono da mando da\u00f1a mis sentimientos\u00bb, que colg\u00f3 debajo de un letrero donde se pod\u00eda leer \u00abProhibido pegar\u00bb.<\/p>\n<p>Letras blancas sobre fondo negro es su se\u00f1a de identidad. Algunas veces los pega encima de los letreros oficiales. En lugar del supuesto \u00ab\u00a1Prohibida la entrada! \u00a1Peligro de muerte!\u00bb se lee \u00ab\u00a1Prohibido vivir! \u00a1Peligro de muerte!\u00bb.<\/p>\n<p>Recientemente una exposici\u00f3n al aire libre mostr\u00f3 cerca de 100 de sus obras cr\u00edticas con la sociedad en la conocida Boxhagener Platz, en el popular barrio de Friedrichshain, en el este de Berl\u00edn. La entrada en su perfil de Facebook hac\u00eda pensar que estar\u00eda all\u00ed, pero c\u00f3mo reconocerla entre todos los presentes. \u00bfQui\u00e9n se esconde detr\u00e1s del seud\u00f3nimo? \u00bfUna mujer? \u00bfUn hombre? \u00bfO quiz\u00e1 un colectivo? S\u00f3lo hay indicios sobre su identidad.<\/p>\n<p>De acuerdo con el diario berlin\u00e9s \u00abTagesspiegel\u00bb, un grupo de sintecho observ\u00f3 a una mujer de unos cuarenta a\u00f1os con pelo corto, rubio y rizado c\u00f3mo el d\u00eda antes de la exposici\u00f3n llevaba los carteles al parque. M\u00e1ximo 1,65 metros de altura y buen aspecto, escribi\u00f3 el rotativo.<\/p>\n<p>Barbara quiere permanecer en el anonimato para poder seguir movi\u00e9ndose libremente. Las entrevistas con ella son escasas y cuando tienen lugar no son ni en persona, ni por tel\u00e9fono, sino a trav\u00e9s del chat de Facebook.<\/p>\n<p>Seg\u00fan el \u00abTagesspiegel\u00bb, vive entretanto en Heidelberg, pero se queda tambi\u00e9n con frecuencia en Berl\u00edn. Sobre su sexo se declara \u00abpersona\u00bb. \u00bfEdad? \u00abSoy m\u00e1s joven que (la canciller alemana) Angela Merkel, pero mayor que Justin Bieber\u00bb, es decir, entre los 22 y los 61.<\/p>\n<p>El hecho de que supuestamente ni su c\u00edrculo de amigos sepa de su pasi\u00f3n secreta encaja con su imagen. \u00abDebo prestar atenci\u00f3n a no caer en datos contradictorios sobre c\u00f3mo paso el tiempo\u00bb, asegur\u00f3 la artista en la nueva edici\u00f3n de la revista \u00abGrazia\u00bb.<\/p>\n<p>Cuando recibi\u00f3 recientemente el prestigioso premio Grimme-Online circularon informaciones sobre si acudir\u00eda personalmente a la gala, pero la artista envi\u00f3 a una representante.<\/p>\n<p>Tampoco en la editorial de Colonia Bastei L\u00fcbbe que public\u00f3 un libro recopilatorio de sus obras nadie sabe qui\u00e9n es realmente Barbara. \u00abTodo tuvo lugar de inc\u00f3gnito\u00bb, comenta una de las trabajadores de la editorial Sarah Fusshoeller. Las comunicaciones se hicieron a trav\u00e9s de un intermediario, agreg\u00f3. En octubre saldr\u00e1 un nuevo libro.<\/p>\n<p>El pasi\u00f3n de Barbara tiene su origen en su infancia. En un paseo su abuelo le explic\u00f3 lo que significaba una cruz gamada pintada en la pared. Cuando no pudo eliminarla con ayuda de un pa\u00f1uelo y saliva, en el siguiente paseo peg\u00f3 sencillamente encima del s\u00edmbolo nazi un papel con un sol sonriente, record\u00f3 la artista.<\/p>\n<p>Barbara se ha convertido en un \u00e9xito en Internet. Cerca de 460.000 personas siguen su perfil de Facebook. Tambi\u00e9n tiene una cuenta en Instagram. Sus temas est\u00e1n orientados hacia la protecci\u00f3n del medio ambiente y de la izquierda. Sus obras se alzan contra la homofobia y los hooligans, y denuncian tambi\u00e9n irregularidades en pol\u00edtica agr\u00edcola.<\/p>\n<p>Sin embargo, sus mensajes se centran en luchar contra la xenofobia y el populismo de derecha. \u00abEncuentro espantoso que tantas personas no hayan aprendido de la historia y se dejen envenenar por toscos esl\u00f3ganes xen\u00f3fobos\u00bb, afirm\u00f3 Barbara a \u00abGrazia\u00bb.<\/p>\n<p>Por Markus Pl\u00fcm <\/p>\n","protected":false},"excerpt":{"rendered":"<p>Berl\u00edn, 7 jul (dpa) &#8211; Gana premios y no deja de recibir elogios pero nadie sabe qui\u00e9n es. \u00abBarbara.\u00bb es como firma sus obras que tienen una legi\u00f3n de seguidores en Alemania. Transforma carteles de tr\u00e1fico y hace de prohibiciones mensajes alegres, algunas veces serios. \u00abBarbara.\u00bb -seg\u00fan su firma oficial- se ha convertido en los<\/p>\n","protected":false},"author":1,"featured_media":16457,"comment_status":"closed","ping_status":"closed","sticky":false,"template":"","format":"standard","meta":{"footnotes":""},"categories":[343],"tags":[],"class_list":{"0":"post-31626","1":"post","2":"type-post","3":"status-publish","4":"format-standard","5":"has-post-thumbnail","7":"category-actualidad"},"aioseo_notices":[],"aioseo_head":"\n\t\t<!-- All in One SEO Pro 4.9.6.2 - aioseo.com -->\n\t<meta name=\"description\" content=\"Berl\u00edn, 7 jul (dpa) - Gana premios y no deja de recibir elogios pero nadie sabe qui\u00e9n es. &quot;Barbara.&quot; es como firma sus obras que tienen una legi\u00f3n de seguidores en Alemania. Transforma carteles de tr\u00e1fico y hace de prohibiciones mensajes alegres, algunas veces serios. &quot;Barbara.&quot; -seg\u00fan su firma oficial- se ha convertido en los\" \/>\n\t<meta name=\"robots\" content=\"max-image-preview:large\" \/>\n\t<meta name=\"author\" content=\"Cand\u00e1s 365\"\/>\n\t<meta name=\"google-site-verification\" content=\"UA-32230408-1\" \/>\n\t<meta name=\"msvalidate.01\" content=\"354F3CDFB2DA171B47FBE9ABF1F88D5\" \/>\n\t<meta name=\"keywords\" content=\"actualidad\" \/>\n\t<link rel=\"canonical\" href=\"https:\/\/candas365.es\/noticias\/barbara-una-artista-callejera-anonima-causa-furor-en-alemania\/\" \/>\n\t<meta name=\"generator\" content=\"All in One SEO Pro (AIOSEO) 4.9.6.2\" \/>\n\t\t<meta property=\"og:locale\" content=\"es_ES\" \/>\n\t\t<meta property=\"og:site_name\" content=\"Cand\u00e1s 365\" \/>\n\t\t<meta property=\"og:type\" content=\"article\" \/>\n\t\t<meta property=\"og:title\" content=\"\u00abBarbara.\u00bb, una artista callejera an\u00f3nima, causa furor en Alemania | Cand\u00e1s 365\" \/>\n\t\t<meta property=\"og:description\" content=\"Berl\u00edn, 7 jul (dpa) - Gana premios y no deja de recibir elogios pero nadie sabe qui\u00e9n es. &quot;Barbara.&quot; es como firma sus obras que tienen una legi\u00f3n de seguidores en Alemania. Transforma carteles de tr\u00e1fico y hace de prohibiciones mensajes alegres, algunas veces serios. &quot;Barbara.&quot; -seg\u00fan su firma oficial- se ha convertido en los\" \/>\n\t\t<meta property=\"og:url\" content=\"https:\/\/candas365.es\/noticias\/barbara-una-artista-callejera-anonima-causa-furor-en-alemania\/\" \/>\n\t\t<meta property=\"og:image\" content=\"https:\/\/candas365.es\/noticias\/wp-content\/uploads\/2015\/09\/c365noticias.jpg\" \/>\n\t\t<meta property=\"og:image:secure_url\" content=\"https:\/\/candas365.es\/noticias\/wp-content\/uploads\/2015\/09\/c365noticias.jpg\" \/>\n\t\t<meta property=\"og:image:width\" content=\"655\" \/>\n\t\t<meta property=\"og:image:height\" content=\"360\" \/>\n\t\t<meta property=\"article:published_time\" content=\"2016-07-08T21:18:02+00:00\" \/>\n\t\t<meta property=\"article:modified_time\" content=\"2016-07-08T21:18:02+00:00\" \/>\n\t\t<meta property=\"article:publisher\" content=\"https:\/\/www.facebook.com\/Nachofdezber\" \/>\n\t\t<meta property=\"article:author\" content=\"https:\/\/www.facebook.com\/carrenoactualidad\" \/>\n\t\t<meta name=\"twitter:card\" content=\"summary_large_image\" \/>\n\t\t<meta name=\"twitter:site\" content=\"@NabercoDigital\" \/>\n\t\t<meta name=\"twitter:title\" content=\"\u00abBarbara.\u00bb, una artista callejera an\u00f3nima, causa furor en Alemania | Cand\u00e1s 365\" \/>\n\t\t<meta name=\"twitter:description\" content=\"Berl\u00edn, 7 jul (dpa) - Gana premios y no deja de recibir elogios pero nadie sabe qui\u00e9n es. &quot;Barbara.&quot; es como firma sus obras que tienen una legi\u00f3n de seguidores en Alemania. Transforma carteles de tr\u00e1fico y hace de prohibiciones mensajes alegres, algunas veces serios. &quot;Barbara.&quot; -seg\u00fan su firma oficial- se ha convertido en los\" \/>\n\t\t<meta name=\"twitter:creator\" content=\"@nbasturias\" \/>\n\t\t<meta name=\"twitter:image\" content=\"https:\/\/candas365.es\/noticias\/wp-content\/uploads\/2015\/09\/c365noticias.jpg\" \/>\n\t\t<meta name=\"twitter:label1\" content=\"Escrito por\" \/>\n\t\t<meta name=\"twitter:data1\" content=\"Cand\u00e1s 365\" \/>\n\t\t<meta name=\"twitter:label2\" content=\"Tiempo de lectura estimado\" \/>\n\t\t<meta name=\"twitter:data2\" content=\"3 minutos\" \/>\n\t\t<script type=\"application\/ld+json\" class=\"aioseo-schema\">\n\t\t\t{\"@context\":\"https:\\\/\\\/schema.org\",\"@graph\":[{\"@type\":\"BreadcrumbList\",\"@id\":\"https:\\\/\\\/candas365.es\\\/noticias\\\/barbara-una-artista-callejera-anonima-causa-furor-en-alemania\\\/#breadcrumblist\",\"itemListElement\":[{\"@type\":\"ListItem\",\"@id\":\"https:\\\/\\\/candas365.es\\\/noticias#listItem\",\"position\":1,\"name\":\"Home\",\"item\":\"https:\\\/\\\/candas365.es\\\/noticias\",\"nextItem\":{\"@type\":\"ListItem\",\"@id\":\"https:\\\/\\\/candas365.es\\\/noticias\\\/category\\\/actualidad\\\/#listItem\",\"name\":\"Actualidad\"}},{\"@type\":\"ListItem\",\"@id\":\"https:\\\/\\\/candas365.es\\\/noticias\\\/category\\\/actualidad\\\/#listItem\",\"position\":2,\"name\":\"Actualidad\",\"item\":\"https:\\\/\\\/candas365.es\\\/noticias\\\/category\\\/actualidad\\\/\",\"nextItem\":{\"@type\":\"ListItem\",\"@id\":\"https:\\\/\\\/candas365.es\\\/noticias\\\/barbara-una-artista-callejera-anonima-causa-furor-en-alemania\\\/#listItem\",\"name\":\"\\u00abBarbara.\\u00bb, una artista callejera an\\u00f3nima, causa furor en Alemania\"},\"previousItem\":{\"@type\":\"ListItem\",\"@id\":\"https:\\\/\\\/candas365.es\\\/noticias#listItem\",\"name\":\"Home\"}},{\"@type\":\"ListItem\",\"@id\":\"https:\\\/\\\/candas365.es\\\/noticias\\\/barbara-una-artista-callejera-anonima-causa-furor-en-alemania\\\/#listItem\",\"position\":3,\"name\":\"\\u00abBarbara.\\u00bb, una artista callejera an\\u00f3nima, causa furor en Alemania\",\"previousItem\":{\"@type\":\"ListItem\",\"@id\":\"https:\\\/\\\/candas365.es\\\/noticias\\\/category\\\/actualidad\\\/#listItem\",\"name\":\"Actualidad\"}}]},{\"@type\":\"NewsArticle\",\"@id\":\"https:\\\/\\\/candas365.es\\\/noticias\\\/barbara-una-artista-callejera-anonima-causa-furor-en-alemania\\\/#newsarticle\",\"name\":\"\\u00abBarbara.\\u00bb, una artista callejera an\\u00f3nima, causa furor en Alemania | Cand\\u00e1s 365\",\"headline\":\"\\u00abBarbara.\\u00bb, una artista callejera an\\u00f3nima, causa furor en Alemania\",\"author\":{\"@id\":\"https:\\\/\\\/candas365.es\\\/noticias\\\/author\\\/admin\\\/#author\"},\"publisher\":{\"@id\":\"https:\\\/\\\/candas365.es\\\/noticias\\\/#organization\"},\"image\":{\"@type\":\"ImageObject\",\"url\":\"https:\\\/\\\/candas365.es\\\/noticias\\\/wp-content\\\/uploads\\\/2015\\\/09\\\/c365noticias.jpg\",\"width\":655,\"height\":360},\"datePublished\":\"2016-07-08T22:48:02+02:00\",\"dateModified\":\"2016-07-08T22:48:02+02:00\",\"inLanguage\":\"es-ES\",\"mainEntityOfPage\":{\"@id\":\"https:\\\/\\\/candas365.es\\\/noticias\\\/barbara-una-artista-callejera-anonima-causa-furor-en-alemania\\\/#webpage\"},\"isPartOf\":{\"@id\":\"https:\\\/\\\/candas365.es\\\/noticias\\\/barbara-una-artista-callejera-anonima-causa-furor-en-alemania\\\/#webpage\"},\"articleSection\":\"Actualidad\",\"dateline\":\"Publicado el julio 8, 2016.\"},{\"@type\":\"Organization\",\"@id\":\"https:\\\/\\\/candas365.es\\\/noticias\\\/#organization\",\"name\":\"Cand\\u00e1s 365\",\"description\":\"Cand\\u00e1s 365 es un diario digital independiente, fundado en 2012, con base en Asturias. Informamos con rigor sobre actualidad, sociedad, cultura y ocio, con una mirada local y global.\",\"url\":\"https:\\\/\\\/candas365.es\\\/noticias\\\/\",\"email\":\"info@candas365.es\",\"telephone\":\"+34652131393\",\"foundingDate\":\"2012-06-10\",\"logo\":{\"@type\":\"ImageObject\",\"url\":\"https:\\\/\\\/candas365.es\\\/noticias\\\/wp-content\\\/uploads\\\/2024\\\/09\\\/Candas-365-Redes.jpg\",\"@id\":\"https:\\\/\\\/candas365.es\\\/noticias\\\/barbara-una-artista-callejera-anonima-causa-furor-en-alemania\\\/#organizationLogo\",\"width\":1152,\"height\":864,\"caption\":\"Cand\\u00e1s 365 Redes\"},\"image\":{\"@id\":\"https:\\\/\\\/candas365.es\\\/noticias\\\/barbara-una-artista-callejera-anonima-causa-furor-en-alemania\\\/#organizationLogo\"},\"sameAs\":[\"https:\\\/\\\/www.facebook.com\\\/Nachofdezber\",\"https:\\\/\\\/x.com\\\/NabercoDigital\",\"https:\\\/\\\/www.instagram.com\\\/nachofdezber\\\/\",\"https:\\\/\\\/www.youtube.com\\\/channel\\\/UCZP-2wLEB9Rv6erhFmqVnvg\"],\"address\":{\"@id\":\"https:\\\/\\\/candas365.es\\\/noticias\\\/#postaladdress\",\"@type\":\"PostalAddress\",\"streetAddress\":\"san antonio 4, san antonio 4\",\"postalCode\":\"33430\",\"addressLocality\":\"Cand\\u00e1s\",\"addressRegion\":\"Asturias\",\"addressCountry\":\"ES\"}},{\"@type\":\"Person\",\"@id\":\"https:\\\/\\\/candas365.es\\\/noticias\\\/author\\\/admin\\\/#author\",\"url\":\"https:\\\/\\\/candas365.es\\\/noticias\\\/author\\\/admin\\\/\",\"name\":\"Cand\\u00e1s 365\",\"image\":{\"@type\":\"ImageObject\",\"@id\":\"https:\\\/\\\/candas365.es\\\/noticias\\\/barbara-una-artista-callejera-anonima-causa-furor-en-alemania\\\/#authorImage\",\"url\":\"https:\\\/\\\/secure.gravatar.com\\\/avatar\\\/496a8e03d0c493ede1718b7934145dbdf8d89be1036b0eec9544e1094c9de390?s=96&d=mm&r=g\",\"width\":96,\"height\":96,\"caption\":\"Cand\\u00e1s 365\"},\"sameAs\":[\"https:\\\/\\\/www.facebook.com\\\/carrenoactualidad\",\"https:\\\/\\\/twitter.com\\\/nbasturias\",\"https:\\\/\\\/www.instagram.com\\\/nachofdezber\\\/\",\"https:\\\/\\\/www.youtube.com\\\/channel\\\/UCZP-2wLEB9Rv6erhFmqVnvg\"]},{\"@type\":\"WebPage\",\"@id\":\"https:\\\/\\\/candas365.es\\\/noticias\\\/barbara-una-artista-callejera-anonima-causa-furor-en-alemania\\\/#webpage\",\"url\":\"https:\\\/\\\/candas365.es\\\/noticias\\\/barbara-una-artista-callejera-anonima-causa-furor-en-alemania\\\/\",\"name\":\"\\u00abBarbara.\\u00bb, una artista callejera an\\u00f3nima, causa furor en Alemania | Cand\\u00e1s 365\",\"description\":\"Berl\\u00edn, 7 jul (dpa) - Gana premios y no deja de recibir elogios pero nadie sabe qui\\u00e9n es. \\\"Barbara.\\\" es como firma sus obras que tienen una legi\\u00f3n de seguidores en Alemania. Transforma carteles de tr\\u00e1fico y hace de prohibiciones mensajes alegres, algunas veces serios. \\\"Barbara.\\\" -seg\\u00fan su firma oficial- se ha convertido en los\",\"inLanguage\":\"es-ES\",\"isPartOf\":{\"@id\":\"https:\\\/\\\/candas365.es\\\/noticias\\\/#website\"},\"breadcrumb\":{\"@id\":\"https:\\\/\\\/candas365.es\\\/noticias\\\/barbara-una-artista-callejera-anonima-causa-furor-en-alemania\\\/#breadcrumblist\"},\"author\":{\"@id\":\"https:\\\/\\\/candas365.es\\\/noticias\\\/author\\\/admin\\\/#author\"},\"creator\":{\"@id\":\"https:\\\/\\\/candas365.es\\\/noticias\\\/author\\\/admin\\\/#author\"},\"image\":{\"@type\":\"ImageObject\",\"url\":\"https:\\\/\\\/candas365.es\\\/noticias\\\/wp-content\\\/uploads\\\/2015\\\/09\\\/c365noticias.jpg\",\"@id\":\"https:\\\/\\\/candas365.es\\\/noticias\\\/barbara-una-artista-callejera-anonima-causa-furor-en-alemania\\\/#mainImage\",\"width\":655,\"height\":360},\"primaryImageOfPage\":{\"@id\":\"https:\\\/\\\/candas365.es\\\/noticias\\\/barbara-una-artista-callejera-anonima-causa-furor-en-alemania\\\/#mainImage\"},\"datePublished\":\"2016-07-08T22:48:02+02:00\",\"dateModified\":\"2016-07-08T22:48:02+02:00\"},{\"@type\":\"WebSite\",\"@id\":\"https:\\\/\\\/candas365.es\\\/noticias\\\/#website\",\"url\":\"https:\\\/\\\/candas365.es\\\/noticias\\\/\",\"name\":\"Cand\\u00e1s 365\",\"alternateName\":\"Cand\\u00e1s 365 Noticias\",\"description\":\"Actualidad desde Carre\\u00f1o para el mundo\",\"inLanguage\":\"es-ES\",\"publisher\":{\"@id\":\"https:\\\/\\\/candas365.es\\\/noticias\\\/#organization\"}}]}\n\t\t<\/script>\n\t\t<!-- All in One SEO Pro -->\r\n\t\t<title>\u00abBarbara.\u00bb, una artista callejera an\u00f3nima, causa furor en Alemania | Cand\u00e1s 365<\/title>\n\n","aioseo_head_json":{"title":"\u00abBarbara.\u00bb, una artista callejera an\u00f3nima, causa furor en Alemania | Cand\u00e1s 365","description":"Berl\u00edn, 7 jul (dpa) - Gana premios y no deja de recibir elogios pero nadie sabe qui\u00e9n es. \"Barbara.\" es como firma sus obras que tienen una legi\u00f3n de seguidores en Alemania. Transforma carteles de tr\u00e1fico y hace de prohibiciones mensajes alegres, algunas veces serios. \"Barbara.\" -seg\u00fan su firma oficial- se ha convertido en los","canonical_url":"https:\/\/candas365.es\/noticias\/barbara-una-artista-callejera-anonima-causa-furor-en-alemania\/","robots":"max-image-preview:large","keywords":"actualidad","webmasterTools":{"google-site-verification":"UA-32230408-1","msvalidate.01":"354F3CDFB2DA171B47FBE9ABF1F88D5","miscellaneous":""},"schema":{"@context":"https:\/\/schema.org","@graph":[{"@type":"BreadcrumbList","@id":"https:\/\/candas365.es\/noticias\/barbara-una-artista-callejera-anonima-causa-furor-en-alemania\/#breadcrumblist","itemListElement":[{"@type":"ListItem","@id":"https:\/\/candas365.es\/noticias#listItem","position":1,"name":"Home","item":"https:\/\/candas365.es\/noticias","nextItem":{"@type":"ListItem","@id":"https:\/\/candas365.es\/noticias\/category\/actualidad\/#listItem","name":"Actualidad"}},{"@type":"ListItem","@id":"https:\/\/candas365.es\/noticias\/category\/actualidad\/#listItem","position":2,"name":"Actualidad","item":"https:\/\/candas365.es\/noticias\/category\/actualidad\/","nextItem":{"@type":"ListItem","@id":"https:\/\/candas365.es\/noticias\/barbara-una-artista-callejera-anonima-causa-furor-en-alemania\/#listItem","name":"\u00abBarbara.\u00bb, una artista callejera an\u00f3nima, causa furor en Alemania"},"previousItem":{"@type":"ListItem","@id":"https:\/\/candas365.es\/noticias#listItem","name":"Home"}},{"@type":"ListItem","@id":"https:\/\/candas365.es\/noticias\/barbara-una-artista-callejera-anonima-causa-furor-en-alemania\/#listItem","position":3,"name":"\u00abBarbara.\u00bb, una artista callejera an\u00f3nima, causa furor en Alemania","previousItem":{"@type":"ListItem","@id":"https:\/\/candas365.es\/noticias\/category\/actualidad\/#listItem","name":"Actualidad"}}]},{"@type":"NewsArticle","@id":"https:\/\/candas365.es\/noticias\/barbara-una-artista-callejera-anonima-causa-furor-en-alemania\/#newsarticle","name":"\u00abBarbara.\u00bb, una artista callejera an\u00f3nima, causa furor en Alemania | Cand\u00e1s 365","headline":"\u00abBarbara.\u00bb, una artista callejera an\u00f3nima, causa furor en Alemania","author":{"@id":"https:\/\/candas365.es\/noticias\/author\/admin\/#author"},"publisher":{"@id":"https:\/\/candas365.es\/noticias\/#organization"},"image":{"@type":"ImageObject","url":"https:\/\/candas365.es\/noticias\/wp-content\/uploads\/2015\/09\/c365noticias.jpg","width":655,"height":360},"datePublished":"2016-07-08T22:48:02+02:00","dateModified":"2016-07-08T22:48:02+02:00","inLanguage":"es-ES","mainEntityOfPage":{"@id":"https:\/\/candas365.es\/noticias\/barbara-una-artista-callejera-anonima-causa-furor-en-alemania\/#webpage"},"isPartOf":{"@id":"https:\/\/candas365.es\/noticias\/barbara-una-artista-callejera-anonima-causa-furor-en-alemania\/#webpage"},"articleSection":"Actualidad","dateline":"Publicado el julio 8, 2016."},{"@type":"Organization","@id":"https:\/\/candas365.es\/noticias\/#organization","name":"Cand\u00e1s 365","description":"Cand\u00e1s 365 es un diario digital independiente, fundado en 2012, con base en Asturias. Informamos con rigor sobre actualidad, sociedad, cultura y ocio, con una mirada local y global.","url":"https:\/\/candas365.es\/noticias\/","email":"info@candas365.es","telephone":"+34652131393","foundingDate":"2012-06-10","logo":{"@type":"ImageObject","url":"https:\/\/candas365.es\/noticias\/wp-content\/uploads\/2024\/09\/Candas-365-Redes.jpg","@id":"https:\/\/candas365.es\/noticias\/barbara-una-artista-callejera-anonima-causa-furor-en-alemania\/#organizationLogo","width":1152,"height":864,"caption":"Cand\u00e1s 365 Redes"},"image":{"@id":"https:\/\/candas365.es\/noticias\/barbara-una-artista-callejera-anonima-causa-furor-en-alemania\/#organizationLogo"},"sameAs":["https:\/\/www.facebook.com\/Nachofdezber","https:\/\/x.com\/NabercoDigital","https:\/\/www.instagram.com\/nachofdezber\/","https:\/\/www.youtube.com\/channel\/UCZP-2wLEB9Rv6erhFmqVnvg"],"address":{"@id":"https:\/\/candas365.es\/noticias\/#postaladdress","@type":"PostalAddress","streetAddress":"san antonio 4, san antonio 4","postalCode":"33430","addressLocality":"Cand\u00e1s","addressRegion":"Asturias","addressCountry":"ES"}},{"@type":"Person","@id":"https:\/\/candas365.es\/noticias\/author\/admin\/#author","url":"https:\/\/candas365.es\/noticias\/author\/admin\/","name":"Cand\u00e1s 365","image":{"@type":"ImageObject","@id":"https:\/\/candas365.es\/noticias\/barbara-una-artista-callejera-anonima-causa-furor-en-alemania\/#authorImage","url":"https:\/\/secure.gravatar.com\/avatar\/496a8e03d0c493ede1718b7934145dbdf8d89be1036b0eec9544e1094c9de390?s=96&d=mm&r=g","width":96,"height":96,"caption":"Cand\u00e1s 365"},"sameAs":["https:\/\/www.facebook.com\/carrenoactualidad","https:\/\/twitter.com\/nbasturias","https:\/\/www.instagram.com\/nachofdezber\/","https:\/\/www.youtube.com\/channel\/UCZP-2wLEB9Rv6erhFmqVnvg"]},{"@type":"WebPage","@id":"https:\/\/candas365.es\/noticias\/barbara-una-artista-callejera-anonima-causa-furor-en-alemania\/#webpage","url":"https:\/\/candas365.es\/noticias\/barbara-una-artista-callejera-anonima-causa-furor-en-alemania\/","name":"\u00abBarbara.\u00bb, una artista callejera an\u00f3nima, causa furor en Alemania | Cand\u00e1s 365","description":"Berl\u00edn, 7 jul (dpa) - Gana premios y no deja de recibir elogios pero nadie sabe qui\u00e9n es. \"Barbara.\" es como firma sus obras que tienen una legi\u00f3n de seguidores en Alemania. Transforma carteles de tr\u00e1fico y hace de prohibiciones mensajes alegres, algunas veces serios. \"Barbara.\" -seg\u00fan su firma oficial- se ha convertido en los","inLanguage":"es-ES","isPartOf":{"@id":"https:\/\/candas365.es\/noticias\/#website"},"breadcrumb":{"@id":"https:\/\/candas365.es\/noticias\/barbara-una-artista-callejera-anonima-causa-furor-en-alemania\/#breadcrumblist"},"author":{"@id":"https:\/\/candas365.es\/noticias\/author\/admin\/#author"},"creator":{"@id":"https:\/\/candas365.es\/noticias\/author\/admin\/#author"},"image":{"@type":"ImageObject","url":"https:\/\/candas365.es\/noticias\/wp-content\/uploads\/2015\/09\/c365noticias.jpg","@id":"https:\/\/candas365.es\/noticias\/barbara-una-artista-callejera-anonima-causa-furor-en-alemania\/#mainImage","width":655,"height":360},"primaryImageOfPage":{"@id":"https:\/\/candas365.es\/noticias\/barbara-una-artista-callejera-anonima-causa-furor-en-alemania\/#mainImage"},"datePublished":"2016-07-08T22:48:02+02:00","dateModified":"2016-07-08T22:48:02+02:00"},{"@type":"WebSite","@id":"https:\/\/candas365.es\/noticias\/#website","url":"https:\/\/candas365.es\/noticias\/","name":"Cand\u00e1s 365","alternateName":"Cand\u00e1s 365 Noticias","description":"Actualidad desde Carre\u00f1o para el mundo","inLanguage":"es-ES","publisher":{"@id":"https:\/\/candas365.es\/noticias\/#organization"}}]},"og:locale":"es_ES","og:site_name":"Cand\u00e1s 365","og:type":"article","og:title":"\u00abBarbara.\u00bb, una artista callejera an\u00f3nima, causa furor en Alemania | Cand\u00e1s 365","og:description":"Berl\u00edn, 7 jul (dpa) - Gana premios y no deja de recibir elogios pero nadie sabe qui\u00e9n es. &quot;Barbara.&quot; es como firma sus obras que tienen una legi\u00f3n de seguidores en Alemania. Transforma carteles de tr\u00e1fico y hace de prohibiciones mensajes alegres, algunas veces serios. &quot;Barbara.&quot; -seg\u00fan su firma oficial- se ha convertido en los","og:url":"https:\/\/candas365.es\/noticias\/barbara-una-artista-callejera-anonima-causa-furor-en-alemania\/","og:image":"https:\/\/candas365.es\/noticias\/wp-content\/uploads\/2015\/09\/c365noticias.jpg","og:image:secure_url":"https:\/\/candas365.es\/noticias\/wp-content\/uploads\/2015\/09\/c365noticias.jpg","og:image:width":655,"og:image:height":360,"article:published_time":"2016-07-08T21:18:02+00:00","article:modified_time":"2016-07-08T21:18:02+00:00","article:publisher":"https:\/\/www.facebook.com\/Nachofdezber","article:author":"https:\/\/www.facebook.com\/carrenoactualidad","twitter:card":"summary_large_image","twitter:site":"@NabercoDigital","twitter:title":"\u00abBarbara.\u00bb, una artista callejera an\u00f3nima, causa furor en Alemania | Cand\u00e1s 365","twitter:description":"Berl\u00edn, 7 jul (dpa) - Gana premios y no deja de recibir elogios pero nadie sabe qui\u00e9n es. &quot;Barbara.&quot; es como firma sus obras que tienen una legi\u00f3n de seguidores en Alemania. Transforma carteles de tr\u00e1fico y hace de prohibiciones mensajes alegres, algunas veces serios. &quot;Barbara.&quot; -seg\u00fan su firma oficial- se ha convertido en los","twitter:creator":"@nbasturias","twitter:image":"https:\/\/candas365.es\/noticias\/wp-content\/uploads\/2015\/09\/c365noticias.jpg","twitter:label1":"Escrito por","twitter:data1":"Cand\u00e1s 365","twitter:label2":"Tiempo de lectura estimado","twitter:data2":"3 minutos"},"aioseo_meta_data":{"post_id":"31626","title":null,"description":null,"keywords":null,"keyphrases":null,"primary_term":null,"canonical_url":null,"og_title":null,"og_description":null,"og_object_type":"default","og_image_type":"default","og_image_url":null,"og_image_width":null,"og_image_height":null,"og_image_custom_url":null,"og_image_custom_fields":null,"og_video":null,"og_custom_url":null,"og_article_section":null,"og_article_tags":null,"twitter_use_og":false,"twitter_card":"default","twitter_image_type":"default","twitter_image_url":null,"twitter_image_custom_url":null,"twitter_image_custom_fields":null,"twitter_title":null,"twitter_description":null,"schema":{"blockGraphs":[],"customGraphs":[],"default":{"data":{"Article":[],"Course":[],"Dataset":[],"FAQPage":[],"Movie":[],"Person":[],"Product":[],"ProductReview":[],"Car":[],"Recipe":[],"Service":[],"SoftwareApplication":[],"WebPage":[]},"graphName":"","isEnabled":true},"graphs":[],"defaultGraph":"","defaultPostTypeGraph":""},"schema_type":null,"schema_type_options":null,"pillar_content":false,"robots_default":true,"robots_noindex":false,"robots_noarchive":false,"robots_nosnippet":false,"robots_nofollow":false,"robots_noimageindex":false,"robots_noodp":false,"robots_notranslate":false,"robots_max_snippet":null,"robots_max_videopreview":null,"robots_max_imagepreview":"large","priority":null,"frequency":null,"location":null,"local_seo":null,"seo_analyzer_scan_date":"2025-08-24 14:09:13","breadcrumb_settings":null,"limit_modified_date":false,"reviewed_by":null,"open_ai":null,"ai":null,"created":"2020-12-21 13:01:30","updated":"2025-08-24 14:09:13"},"aioseo_breadcrumb":"<div class=\"aioseo-breadcrumbs\"><span class=\"aioseo-breadcrumb\">\n\t<a href=\"https:\/\/candas365.es\/noticias\" title=\"Home\">Home<\/a>\n<\/span><span class=\"aioseo-breadcrumb-separator\">&ndash;<\/span><span class=\"aioseo-breadcrumb\">\n\t<a href=\"https:\/\/candas365.es\/noticias\/category\/actualidad\/\" title=\"Actualidad\">Actualidad<\/a>\n<\/span><span class=\"aioseo-breadcrumb-separator\">&ndash;<\/span><span class=\"aioseo-breadcrumb\">\n\t\u00abBarbara.\u00bb, una artista callejera an\u00f3nima, causa furor en Alemania\n<\/span><\/div>","aioseo_breadcrumb_json":[{"label":"Home","link":"https:\/\/candas365.es\/noticias"},{"label":"Actualidad","link":"https:\/\/candas365.es\/noticias\/category\/actualidad\/"},{"label":"\u00abBarbara.\u00bb, una artista callejera an\u00f3nima, causa furor en Alemania","link":"https:\/\/candas365.es\/noticias\/barbara-una-artista-callejera-anonima-causa-furor-en-alemania\/"}],"_links":{"self":[{"href":"https:\/\/candas365.es\/noticias\/wp-json\/wp\/v2\/posts\/31626","targetHints":{"allow":["GET"]}}],"collection":[{"href":"https:\/\/candas365.es\/noticias\/wp-json\/wp\/v2\/posts"}],"about":[{"href":"https:\/\/candas365.es\/noticias\/wp-json\/wp\/v2\/types\/post"}],"author":[{"embeddable":true,"href":"https:\/\/candas365.es\/noticias\/wp-json\/wp\/v2\/users\/1"}],"replies":[{"embeddable":true,"href":"https:\/\/candas365.es\/noticias\/wp-json\/wp\/v2\/comments?post=31626"}],"version-history":[{"count":0,"href":"https:\/\/candas365.es\/noticias\/wp-json\/wp\/v2\/posts\/31626\/revisions"}],"wp:featuredmedia":[{"embeddable":true,"href":"https:\/\/candas365.es\/noticias\/wp-json\/wp\/v2\/media\/16457"}],"wp:attachment":[{"href":"https:\/\/candas365.es\/noticias\/wp-json\/wp\/v2\/media?parent=31626"}],"wp:term":[{"taxonomy":"category","embeddable":true,"href":"https:\/\/candas365.es\/noticias\/wp-json\/wp\/v2\/categories?post=31626"},{"taxonomy":"post_tag","embeddable":true,"href":"https:\/\/candas365.es\/noticias\/wp-json\/wp\/v2\/tags?post=31626"}],"curies":[{"name":"wp","href":"https:\/\/api.w.org\/{rel}","templated":true}]}}