{"id":31622,"date":"2016-07-08T22:46:38","date_gmt":"2016-07-08T21:16:38","guid":{"rendered":"http:\/\/candas365.es\/noticias\/?p=31622"},"modified":"2016-07-08T22:46:38","modified_gmt":"2016-07-08T21:16:38","slug":"cornelia-funke-desea-pasaporte-como-ciudadana-del-mundo","status":"publish","type":"post","link":"https:\/\/candas365.es\/noticias\/cornelia-funke-desea-pasaporte-como-ciudadana-del-mundo\/","title":{"rendered":"Cornelia Funke desea pasaporte como \u00abciudadana del mundo\u00bb"},"content":{"rendered":"<p>Hamburgo (Alemania), 7 jul (dpa) &#8211; La escritora alemana Cornelia Funke, famosa por sus libros para j\u00f3venes y ni\u00f1os como \u00abMundo del espejo\u00bb o \u00abCoraz\u00f3n de tinta\u00bb, conoce de primera mano lo que es sentir nostalgia de su pa\u00eds y sentirse extranjero en su propia tierra, por eso desea un pasaporte como \u00abciudadana del mundo\u00bb.<\/p>\n<p>\u00abSoy una convencida y decidida ciudadana del mundo (desear\u00eda que hubiera un pasaporte para ello)&#8230;\u00bb, coment\u00f3 la escritora de bestsellers, de 57 a\u00f1os, en declaraciones publicadas ayer en el diario alem\u00e1n \u00abHamburger Abendblatt\u00bb.<\/p>\n<p>La alemana, que en su nuevo libro infantil \u00abFabers Schatz\u00bb incluye los sentimientos que genera en una persona el hecho de vivir mucho tiempo fuera de su pa\u00eds, record\u00f3 que ella sabe lo que es vivir en una cultura diferente a la que se ha crecido.<\/p>\n<p>Funke vivi\u00f3 en Hamburgo hasta que se traslad\u00f3 a Estados Unidos en el a\u00f1o 2005. Sin embargo ella considera que en la mayor\u00eda de las veces es un sentimiento enriquecedor e inspirador.<\/p>\n<p>\u00abDebe ser mucho m\u00e1s diferente cuando la violencia, el hambre y la represi\u00f3n te obligan a dejar tu pa\u00eds\u00bb, declar\u00f3.<\/p>\n<p>La escritora reconoci\u00f3 que todos los pa\u00edses a los que viaja la reciben con los brazos abiertos.<\/p>\n<p>\u00ab\u00a1C\u00f3mo de diferente es cuando en realidad te gustar\u00eda quedarte en casa, pero no puedes! \u00bfC\u00f3mo es posible llegar con el dolor a alg\u00fan lado y tener que sentirte de nuevo en casa? Esto s\u00f3lo funciona con personas que exploran lo extranjero\u00bb, afirm\u00f3.<\/p>\n","protected":false},"excerpt":{"rendered":"<p>Hamburgo (Alemania), 7 jul (dpa) &#8211; La escritora alemana Cornelia Funke, famosa por sus libros para j\u00f3venes y ni\u00f1os como \u00abMundo del espejo\u00bb o \u00abCoraz\u00f3n de tinta\u00bb, conoce de primera mano lo que es sentir nostalgia de su pa\u00eds y sentirse extranjero en su propia tierra, por eso desea un pasaporte como \u00abciudadana del mundo\u00bb.<\/p>\n","protected":false},"author":1,"featured_media":22984,"comment_status":"closed","ping_status":"closed","sticky":false,"template":"","format":"standard","meta":{"footnotes":""},"categories":[343],"tags":[],"class_list":{"0":"post-31622","1":"post","2":"type-post","3":"status-publish","4":"format-standard","5":"has-post-thumbnail","7":"category-actualidad"},"aioseo_notices":[],"aioseo_head":"\n\t\t<!-- All in One SEO Pro 4.9.6.2 - aioseo.com -->\n\t<meta name=\"description\" content=\"Hamburgo (Alemania), 7 jul (dpa) - La escritora alemana Cornelia Funke, famosa por sus libros para j\u00f3venes y ni\u00f1os como &quot;Mundo del espejo&quot; o &quot;Coraz\u00f3n de tinta&quot;, conoce de primera mano lo que es sentir nostalgia de su pa\u00eds y sentirse extranjero en su propia tierra, por eso desea un pasaporte como &quot;ciudadana del mundo&quot;.\" \/>\n\t<meta name=\"robots\" content=\"max-image-preview:large\" \/>\n\t<meta name=\"author\" content=\"Cand\u00e1s 365\"\/>\n\t<meta name=\"google-site-verification\" content=\"UA-32230408-1\" \/>\n\t<meta name=\"msvalidate.01\" content=\"354F3CDFB2DA171B47FBE9ABF1F88D5\" \/>\n\t<meta name=\"keywords\" content=\"actualidad\" \/>\n\t<link rel=\"canonical\" href=\"https:\/\/candas365.es\/noticias\/cornelia-funke-desea-pasaporte-como-ciudadana-del-mundo\/\" \/>\n\t<meta name=\"generator\" content=\"All in One SEO Pro (AIOSEO) 4.9.6.2\" \/>\n\t\t<meta property=\"og:locale\" content=\"es_ES\" \/>\n\t\t<meta property=\"og:site_name\" content=\"Cand\u00e1s 365\" \/>\n\t\t<meta property=\"og:type\" content=\"article\" \/>\n\t\t<meta property=\"og:title\" content=\"Cornelia Funke desea pasaporte como \u00abciudadana del mundo\u00bb | Cand\u00e1s 365\" \/>\n\t\t<meta property=\"og:description\" content=\"Hamburgo (Alemania), 7 jul (dpa) - La escritora alemana Cornelia Funke, famosa por sus libros para j\u00f3venes y ni\u00f1os como &quot;Mundo del espejo&quot; o &quot;Coraz\u00f3n de tinta&quot;, conoce de primera mano lo que es sentir nostalgia de su pa\u00eds y sentirse extranjero en su propia tierra, por eso desea un pasaporte como &quot;ciudadana del mundo&quot;.\" \/>\n\t\t<meta property=\"og:url\" content=\"https:\/\/candas365.es\/noticias\/cornelia-funke-desea-pasaporte-como-ciudadana-del-mundo\/\" \/>\n\t\t<meta property=\"og:image\" content=\"https:\/\/candas365.es\/noticias\/wp-content\/uploads\/2015\/12\/libro1.jpg\" \/>\n\t\t<meta property=\"og:image:secure_url\" content=\"https:\/\/candas365.es\/noticias\/wp-content\/uploads\/2015\/12\/libro1.jpg\" \/>\n\t\t<meta property=\"og:image:width\" content=\"655\" \/>\n\t\t<meta property=\"og:image:height\" content=\"360\" \/>\n\t\t<meta property=\"article:published_time\" content=\"2016-07-08T21:16:38+00:00\" \/>\n\t\t<meta property=\"article:modified_time\" content=\"2016-07-08T21:16:38+00:00\" \/>\n\t\t<meta property=\"article:publisher\" content=\"https:\/\/www.facebook.com\/Nachofdezber\" \/>\n\t\t<meta property=\"article:author\" content=\"https:\/\/www.facebook.com\/carrenoactualidad\" \/>\n\t\t<meta name=\"twitter:card\" content=\"summary_large_image\" \/>\n\t\t<meta name=\"twitter:site\" content=\"@NabercoDigital\" \/>\n\t\t<meta name=\"twitter:title\" content=\"Cornelia Funke desea pasaporte como \u00abciudadana del mundo\u00bb | Cand\u00e1s 365\" \/>\n\t\t<meta name=\"twitter:description\" content=\"Hamburgo (Alemania), 7 jul (dpa) - La escritora alemana Cornelia Funke, famosa por sus libros para j\u00f3venes y ni\u00f1os como &quot;Mundo del espejo&quot; o &quot;Coraz\u00f3n de tinta&quot;, conoce de primera mano lo que es sentir nostalgia de su pa\u00eds y sentirse extranjero en su propia tierra, por eso desea un pasaporte como &quot;ciudadana del mundo&quot;.\" \/>\n\t\t<meta name=\"twitter:creator\" content=\"@nbasturias\" \/>\n\t\t<meta name=\"twitter:image\" content=\"https:\/\/candas365.es\/noticias\/wp-content\/uploads\/2015\/12\/libro1.jpg\" \/>\n\t\t<meta name=\"twitter:label1\" content=\"Escrito por\" \/>\n\t\t<meta name=\"twitter:data1\" content=\"Cand\u00e1s 365\" \/>\n\t\t<meta name=\"twitter:label2\" content=\"Tiempo de lectura estimado\" \/>\n\t\t<meta name=\"twitter:data2\" content=\"1 minuto\" \/>\n\t\t<script type=\"application\/ld+json\" class=\"aioseo-schema\">\n\t\t\t{\"@context\":\"https:\\\/\\\/schema.org\",\"@graph\":[{\"@type\":\"BreadcrumbList\",\"@id\":\"https:\\\/\\\/candas365.es\\\/noticias\\\/cornelia-funke-desea-pasaporte-como-ciudadana-del-mundo\\\/#breadcrumblist\",\"itemListElement\":[{\"@type\":\"ListItem\",\"@id\":\"https:\\\/\\\/candas365.es\\\/noticias#listItem\",\"position\":1,\"name\":\"Home\",\"item\":\"https:\\\/\\\/candas365.es\\\/noticias\",\"nextItem\":{\"@type\":\"ListItem\",\"@id\":\"https:\\\/\\\/candas365.es\\\/noticias\\\/category\\\/actualidad\\\/#listItem\",\"name\":\"Actualidad\"}},{\"@type\":\"ListItem\",\"@id\":\"https:\\\/\\\/candas365.es\\\/noticias\\\/category\\\/actualidad\\\/#listItem\",\"position\":2,\"name\":\"Actualidad\",\"item\":\"https:\\\/\\\/candas365.es\\\/noticias\\\/category\\\/actualidad\\\/\",\"nextItem\":{\"@type\":\"ListItem\",\"@id\":\"https:\\\/\\\/candas365.es\\\/noticias\\\/cornelia-funke-desea-pasaporte-como-ciudadana-del-mundo\\\/#listItem\",\"name\":\"Cornelia Funke desea pasaporte como \\u00abciudadana del mundo\\u00bb\"},\"previousItem\":{\"@type\":\"ListItem\",\"@id\":\"https:\\\/\\\/candas365.es\\\/noticias#listItem\",\"name\":\"Home\"}},{\"@type\":\"ListItem\",\"@id\":\"https:\\\/\\\/candas365.es\\\/noticias\\\/cornelia-funke-desea-pasaporte-como-ciudadana-del-mundo\\\/#listItem\",\"position\":3,\"name\":\"Cornelia Funke desea pasaporte como \\u00abciudadana del mundo\\u00bb\",\"previousItem\":{\"@type\":\"ListItem\",\"@id\":\"https:\\\/\\\/candas365.es\\\/noticias\\\/category\\\/actualidad\\\/#listItem\",\"name\":\"Actualidad\"}}]},{\"@type\":\"NewsArticle\",\"@id\":\"https:\\\/\\\/candas365.es\\\/noticias\\\/cornelia-funke-desea-pasaporte-como-ciudadana-del-mundo\\\/#newsarticle\",\"name\":\"Cornelia Funke desea pasaporte como \\u00abciudadana del mundo\\u00bb | Cand\\u00e1s 365\",\"headline\":\"Cornelia Funke desea pasaporte como \\u00abciudadana del mundo\\u00bb\",\"author\":{\"@id\":\"https:\\\/\\\/candas365.es\\\/noticias\\\/author\\\/admin\\\/#author\"},\"publisher\":{\"@id\":\"https:\\\/\\\/candas365.es\\\/noticias\\\/#organization\"},\"image\":{\"@type\":\"ImageObject\",\"url\":\"https:\\\/\\\/candas365.es\\\/noticias\\\/wp-content\\\/uploads\\\/2015\\\/12\\\/libro1.jpg\",\"width\":655,\"height\":360},\"datePublished\":\"2016-07-08T22:46:38+02:00\",\"dateModified\":\"2016-07-08T22:46:38+02:00\",\"inLanguage\":\"es-ES\",\"mainEntityOfPage\":{\"@id\":\"https:\\\/\\\/candas365.es\\\/noticias\\\/cornelia-funke-desea-pasaporte-como-ciudadana-del-mundo\\\/#webpage\"},\"isPartOf\":{\"@id\":\"https:\\\/\\\/candas365.es\\\/noticias\\\/cornelia-funke-desea-pasaporte-como-ciudadana-del-mundo\\\/#webpage\"},\"articleSection\":\"Actualidad\",\"dateline\":\"Publicado el julio 8, 2016.\"},{\"@type\":\"Organization\",\"@id\":\"https:\\\/\\\/candas365.es\\\/noticias\\\/#organization\",\"name\":\"Cand\\u00e1s 365\",\"description\":\"Cand\\u00e1s 365 es un diario digital independiente, fundado en 2012, con base en Asturias. Informamos con rigor sobre actualidad, sociedad, cultura y ocio, con una mirada local y global.\",\"url\":\"https:\\\/\\\/candas365.es\\\/noticias\\\/\",\"email\":\"info@candas365.es\",\"telephone\":\"+34652131393\",\"foundingDate\":\"2012-06-10\",\"logo\":{\"@type\":\"ImageObject\",\"url\":\"https:\\\/\\\/candas365.es\\\/noticias\\\/wp-content\\\/uploads\\\/2024\\\/09\\\/Candas-365-Redes.jpg\",\"@id\":\"https:\\\/\\\/candas365.es\\\/noticias\\\/cornelia-funke-desea-pasaporte-como-ciudadana-del-mundo\\\/#organizationLogo\",\"width\":1152,\"height\":864,\"caption\":\"Cand\\u00e1s 365 Redes\"},\"image\":{\"@id\":\"https:\\\/\\\/candas365.es\\\/noticias\\\/cornelia-funke-desea-pasaporte-como-ciudadana-del-mundo\\\/#organizationLogo\"},\"sameAs\":[\"https:\\\/\\\/www.facebook.com\\\/Nachofdezber\",\"https:\\\/\\\/x.com\\\/NabercoDigital\",\"https:\\\/\\\/www.instagram.com\\\/nachofdezber\\\/\",\"https:\\\/\\\/www.youtube.com\\\/channel\\\/UCZP-2wLEB9Rv6erhFmqVnvg\"],\"address\":{\"@id\":\"https:\\\/\\\/candas365.es\\\/noticias\\\/#postaladdress\",\"@type\":\"PostalAddress\",\"streetAddress\":\"san antonio 4, san antonio 4\",\"postalCode\":\"33430\",\"addressLocality\":\"Cand\\u00e1s\",\"addressRegion\":\"Asturias\",\"addressCountry\":\"ES\"}},{\"@type\":\"Person\",\"@id\":\"https:\\\/\\\/candas365.es\\\/noticias\\\/author\\\/admin\\\/#author\",\"url\":\"https:\\\/\\\/candas365.es\\\/noticias\\\/author\\\/admin\\\/\",\"name\":\"Cand\\u00e1s 365\",\"image\":{\"@type\":\"ImageObject\",\"@id\":\"https:\\\/\\\/candas365.es\\\/noticias\\\/cornelia-funke-desea-pasaporte-como-ciudadana-del-mundo\\\/#authorImage\",\"url\":\"https:\\\/\\\/secure.gravatar.com\\\/avatar\\\/496a8e03d0c493ede1718b7934145dbdf8d89be1036b0eec9544e1094c9de390?s=96&d=mm&r=g\",\"width\":96,\"height\":96,\"caption\":\"Cand\\u00e1s 365\"},\"sameAs\":[\"https:\\\/\\\/www.facebook.com\\\/carrenoactualidad\",\"https:\\\/\\\/twitter.com\\\/nbasturias\",\"https:\\\/\\\/www.instagram.com\\\/nachofdezber\\\/\",\"https:\\\/\\\/www.youtube.com\\\/channel\\\/UCZP-2wLEB9Rv6erhFmqVnvg\"]},{\"@type\":\"WebPage\",\"@id\":\"https:\\\/\\\/candas365.es\\\/noticias\\\/cornelia-funke-desea-pasaporte-como-ciudadana-del-mundo\\\/#webpage\",\"url\":\"https:\\\/\\\/candas365.es\\\/noticias\\\/cornelia-funke-desea-pasaporte-como-ciudadana-del-mundo\\\/\",\"name\":\"Cornelia Funke desea pasaporte como \\u00abciudadana del mundo\\u00bb | Cand\\u00e1s 365\",\"description\":\"Hamburgo (Alemania), 7 jul (dpa) - La escritora alemana Cornelia Funke, famosa por sus libros para j\\u00f3venes y ni\\u00f1os como \\\"Mundo del espejo\\\" o \\\"Coraz\\u00f3n de tinta\\\", conoce de primera mano lo que es sentir nostalgia de su pa\\u00eds y sentirse extranjero en su propia tierra, por eso desea un pasaporte como \\\"ciudadana del mundo\\\".\",\"inLanguage\":\"es-ES\",\"isPartOf\":{\"@id\":\"https:\\\/\\\/candas365.es\\\/noticias\\\/#website\"},\"breadcrumb\":{\"@id\":\"https:\\\/\\\/candas365.es\\\/noticias\\\/cornelia-funke-desea-pasaporte-como-ciudadana-del-mundo\\\/#breadcrumblist\"},\"author\":{\"@id\":\"https:\\\/\\\/candas365.es\\\/noticias\\\/author\\\/admin\\\/#author\"},\"creator\":{\"@id\":\"https:\\\/\\\/candas365.es\\\/noticias\\\/author\\\/admin\\\/#author\"},\"image\":{\"@type\":\"ImageObject\",\"url\":\"https:\\\/\\\/candas365.es\\\/noticias\\\/wp-content\\\/uploads\\\/2015\\\/12\\\/libro1.jpg\",\"@id\":\"https:\\\/\\\/candas365.es\\\/noticias\\\/cornelia-funke-desea-pasaporte-como-ciudadana-del-mundo\\\/#mainImage\",\"width\":655,\"height\":360},\"primaryImageOfPage\":{\"@id\":\"https:\\\/\\\/candas365.es\\\/noticias\\\/cornelia-funke-desea-pasaporte-como-ciudadana-del-mundo\\\/#mainImage\"},\"datePublished\":\"2016-07-08T22:46:38+02:00\",\"dateModified\":\"2016-07-08T22:46:38+02:00\"},{\"@type\":\"WebSite\",\"@id\":\"https:\\\/\\\/candas365.es\\\/noticias\\\/#website\",\"url\":\"https:\\\/\\\/candas365.es\\\/noticias\\\/\",\"name\":\"Cand\\u00e1s 365\",\"alternateName\":\"Cand\\u00e1s 365 Noticias\",\"description\":\"Actualidad desde Carre\\u00f1o para el mundo\",\"inLanguage\":\"es-ES\",\"publisher\":{\"@id\":\"https:\\\/\\\/candas365.es\\\/noticias\\\/#organization\"}}]}\n\t\t<\/script>\n\t\t<!-- All in One SEO Pro -->\r\n\t\t<title>Cornelia Funke desea pasaporte como \u00abciudadana del mundo\u00bb | Cand\u00e1s 365<\/title>\n\n","aioseo_head_json":{"title":"Cornelia Funke desea pasaporte como \u00abciudadana del mundo\u00bb | Cand\u00e1s 365","description":"Hamburgo (Alemania), 7 jul (dpa) - La escritora alemana Cornelia Funke, famosa por sus libros para j\u00f3venes y ni\u00f1os como \"Mundo del espejo\" o \"Coraz\u00f3n de tinta\", conoce de primera mano lo que es sentir nostalgia de su pa\u00eds y sentirse extranjero en su propia tierra, por eso desea un pasaporte como \"ciudadana del mundo\".","canonical_url":"https:\/\/candas365.es\/noticias\/cornelia-funke-desea-pasaporte-como-ciudadana-del-mundo\/","robots":"max-image-preview:large","keywords":"actualidad","webmasterTools":{"google-site-verification":"UA-32230408-1","msvalidate.01":"354F3CDFB2DA171B47FBE9ABF1F88D5","miscellaneous":""},"schema":{"@context":"https:\/\/schema.org","@graph":[{"@type":"BreadcrumbList","@id":"https:\/\/candas365.es\/noticias\/cornelia-funke-desea-pasaporte-como-ciudadana-del-mundo\/#breadcrumblist","itemListElement":[{"@type":"ListItem","@id":"https:\/\/candas365.es\/noticias#listItem","position":1,"name":"Home","item":"https:\/\/candas365.es\/noticias","nextItem":{"@type":"ListItem","@id":"https:\/\/candas365.es\/noticias\/category\/actualidad\/#listItem","name":"Actualidad"}},{"@type":"ListItem","@id":"https:\/\/candas365.es\/noticias\/category\/actualidad\/#listItem","position":2,"name":"Actualidad","item":"https:\/\/candas365.es\/noticias\/category\/actualidad\/","nextItem":{"@type":"ListItem","@id":"https:\/\/candas365.es\/noticias\/cornelia-funke-desea-pasaporte-como-ciudadana-del-mundo\/#listItem","name":"Cornelia Funke desea pasaporte como \u00abciudadana del mundo\u00bb"},"previousItem":{"@type":"ListItem","@id":"https:\/\/candas365.es\/noticias#listItem","name":"Home"}},{"@type":"ListItem","@id":"https:\/\/candas365.es\/noticias\/cornelia-funke-desea-pasaporte-como-ciudadana-del-mundo\/#listItem","position":3,"name":"Cornelia Funke desea pasaporte como \u00abciudadana del mundo\u00bb","previousItem":{"@type":"ListItem","@id":"https:\/\/candas365.es\/noticias\/category\/actualidad\/#listItem","name":"Actualidad"}}]},{"@type":"NewsArticle","@id":"https:\/\/candas365.es\/noticias\/cornelia-funke-desea-pasaporte-como-ciudadana-del-mundo\/#newsarticle","name":"Cornelia Funke desea pasaporte como \u00abciudadana del mundo\u00bb | Cand\u00e1s 365","headline":"Cornelia Funke desea pasaporte como \u00abciudadana del mundo\u00bb","author":{"@id":"https:\/\/candas365.es\/noticias\/author\/admin\/#author"},"publisher":{"@id":"https:\/\/candas365.es\/noticias\/#organization"},"image":{"@type":"ImageObject","url":"https:\/\/candas365.es\/noticias\/wp-content\/uploads\/2015\/12\/libro1.jpg","width":655,"height":360},"datePublished":"2016-07-08T22:46:38+02:00","dateModified":"2016-07-08T22:46:38+02:00","inLanguage":"es-ES","mainEntityOfPage":{"@id":"https:\/\/candas365.es\/noticias\/cornelia-funke-desea-pasaporte-como-ciudadana-del-mundo\/#webpage"},"isPartOf":{"@id":"https:\/\/candas365.es\/noticias\/cornelia-funke-desea-pasaporte-como-ciudadana-del-mundo\/#webpage"},"articleSection":"Actualidad","dateline":"Publicado el julio 8, 2016."},{"@type":"Organization","@id":"https:\/\/candas365.es\/noticias\/#organization","name":"Cand\u00e1s 365","description":"Cand\u00e1s 365 es un diario digital independiente, fundado en 2012, con base en Asturias. Informamos con rigor sobre actualidad, sociedad, cultura y ocio, con una mirada local y global.","url":"https:\/\/candas365.es\/noticias\/","email":"info@candas365.es","telephone":"+34652131393","foundingDate":"2012-06-10","logo":{"@type":"ImageObject","url":"https:\/\/candas365.es\/noticias\/wp-content\/uploads\/2024\/09\/Candas-365-Redes.jpg","@id":"https:\/\/candas365.es\/noticias\/cornelia-funke-desea-pasaporte-como-ciudadana-del-mundo\/#organizationLogo","width":1152,"height":864,"caption":"Cand\u00e1s 365 Redes"},"image":{"@id":"https:\/\/candas365.es\/noticias\/cornelia-funke-desea-pasaporte-como-ciudadana-del-mundo\/#organizationLogo"},"sameAs":["https:\/\/www.facebook.com\/Nachofdezber","https:\/\/x.com\/NabercoDigital","https:\/\/www.instagram.com\/nachofdezber\/","https:\/\/www.youtube.com\/channel\/UCZP-2wLEB9Rv6erhFmqVnvg"],"address":{"@id":"https:\/\/candas365.es\/noticias\/#postaladdress","@type":"PostalAddress","streetAddress":"san antonio 4, san antonio 4","postalCode":"33430","addressLocality":"Cand\u00e1s","addressRegion":"Asturias","addressCountry":"ES"}},{"@type":"Person","@id":"https:\/\/candas365.es\/noticias\/author\/admin\/#author","url":"https:\/\/candas365.es\/noticias\/author\/admin\/","name":"Cand\u00e1s 365","image":{"@type":"ImageObject","@id":"https:\/\/candas365.es\/noticias\/cornelia-funke-desea-pasaporte-como-ciudadana-del-mundo\/#authorImage","url":"https:\/\/secure.gravatar.com\/avatar\/496a8e03d0c493ede1718b7934145dbdf8d89be1036b0eec9544e1094c9de390?s=96&d=mm&r=g","width":96,"height":96,"caption":"Cand\u00e1s 365"},"sameAs":["https:\/\/www.facebook.com\/carrenoactualidad","https:\/\/twitter.com\/nbasturias","https:\/\/www.instagram.com\/nachofdezber\/","https:\/\/www.youtube.com\/channel\/UCZP-2wLEB9Rv6erhFmqVnvg"]},{"@type":"WebPage","@id":"https:\/\/candas365.es\/noticias\/cornelia-funke-desea-pasaporte-como-ciudadana-del-mundo\/#webpage","url":"https:\/\/candas365.es\/noticias\/cornelia-funke-desea-pasaporte-como-ciudadana-del-mundo\/","name":"Cornelia Funke desea pasaporte como \u00abciudadana del mundo\u00bb | Cand\u00e1s 365","description":"Hamburgo (Alemania), 7 jul (dpa) - La escritora alemana Cornelia Funke, famosa por sus libros para j\u00f3venes y ni\u00f1os como \"Mundo del espejo\" o \"Coraz\u00f3n de tinta\", conoce de primera mano lo que es sentir nostalgia de su pa\u00eds y sentirse extranjero en su propia tierra, por eso desea un pasaporte como \"ciudadana del mundo\".","inLanguage":"es-ES","isPartOf":{"@id":"https:\/\/candas365.es\/noticias\/#website"},"breadcrumb":{"@id":"https:\/\/candas365.es\/noticias\/cornelia-funke-desea-pasaporte-como-ciudadana-del-mundo\/#breadcrumblist"},"author":{"@id":"https:\/\/candas365.es\/noticias\/author\/admin\/#author"},"creator":{"@id":"https:\/\/candas365.es\/noticias\/author\/admin\/#author"},"image":{"@type":"ImageObject","url":"https:\/\/candas365.es\/noticias\/wp-content\/uploads\/2015\/12\/libro1.jpg","@id":"https:\/\/candas365.es\/noticias\/cornelia-funke-desea-pasaporte-como-ciudadana-del-mundo\/#mainImage","width":655,"height":360},"primaryImageOfPage":{"@id":"https:\/\/candas365.es\/noticias\/cornelia-funke-desea-pasaporte-como-ciudadana-del-mundo\/#mainImage"},"datePublished":"2016-07-08T22:46:38+02:00","dateModified":"2016-07-08T22:46:38+02:00"},{"@type":"WebSite","@id":"https:\/\/candas365.es\/noticias\/#website","url":"https:\/\/candas365.es\/noticias\/","name":"Cand\u00e1s 365","alternateName":"Cand\u00e1s 365 Noticias","description":"Actualidad desde Carre\u00f1o para el mundo","inLanguage":"es-ES","publisher":{"@id":"https:\/\/candas365.es\/noticias\/#organization"}}]},"og:locale":"es_ES","og:site_name":"Cand\u00e1s 365","og:type":"article","og:title":"Cornelia Funke desea pasaporte como \u00abciudadana del mundo\u00bb | Cand\u00e1s 365","og:description":"Hamburgo (Alemania), 7 jul (dpa) - La escritora alemana Cornelia Funke, famosa por sus libros para j\u00f3venes y ni\u00f1os como &quot;Mundo del espejo&quot; o &quot;Coraz\u00f3n de tinta&quot;, conoce de primera mano lo que es sentir nostalgia de su pa\u00eds y sentirse extranjero en su propia tierra, por eso desea un pasaporte como &quot;ciudadana del mundo&quot;.","og:url":"https:\/\/candas365.es\/noticias\/cornelia-funke-desea-pasaporte-como-ciudadana-del-mundo\/","og:image":"https:\/\/candas365.es\/noticias\/wp-content\/uploads\/2015\/12\/libro1.jpg","og:image:secure_url":"https:\/\/candas365.es\/noticias\/wp-content\/uploads\/2015\/12\/libro1.jpg","og:image:width":655,"og:image:height":360,"article:published_time":"2016-07-08T21:16:38+00:00","article:modified_time":"2016-07-08T21:16:38+00:00","article:publisher":"https:\/\/www.facebook.com\/Nachofdezber","article:author":"https:\/\/www.facebook.com\/carrenoactualidad","twitter:card":"summary_large_image","twitter:site":"@NabercoDigital","twitter:title":"Cornelia Funke desea pasaporte como \u00abciudadana del mundo\u00bb | Cand\u00e1s 365","twitter:description":"Hamburgo (Alemania), 7 jul (dpa) - La escritora alemana Cornelia Funke, famosa por sus libros para j\u00f3venes y ni\u00f1os como &quot;Mundo del espejo&quot; o &quot;Coraz\u00f3n de tinta&quot;, conoce de primera mano lo que es sentir nostalgia de su pa\u00eds y sentirse extranjero en su propia tierra, por eso desea un pasaporte como &quot;ciudadana del mundo&quot;.","twitter:creator":"@nbasturias","twitter:image":"https:\/\/candas365.es\/noticias\/wp-content\/uploads\/2015\/12\/libro1.jpg","twitter:label1":"Escrito por","twitter:data1":"Cand\u00e1s 365","twitter:label2":"Tiempo de lectura estimado","twitter:data2":"1 minuto"},"aioseo_meta_data":{"post_id":"31622","title":null,"description":null,"keywords":null,"keyphrases":null,"primary_term":null,"canonical_url":null,"og_title":null,"og_description":null,"og_object_type":"default","og_image_type":"default","og_image_url":null,"og_image_width":null,"og_image_height":null,"og_image_custom_url":null,"og_image_custom_fields":null,"og_video":null,"og_custom_url":null,"og_article_section":null,"og_article_tags":null,"twitter_use_og":false,"twitter_card":"default","twitter_image_type":"default","twitter_image_url":null,"twitter_image_custom_url":null,"twitter_image_custom_fields":null,"twitter_title":null,"twitter_description":null,"schema":{"blockGraphs":[],"customGraphs":[],"default":{"data":{"Article":[],"Course":[],"Dataset":[],"FAQPage":[],"Movie":[],"Person":[],"Product":[],"ProductReview":[],"Car":[],"Recipe":[],"Service":[],"SoftwareApplication":[],"WebPage":[]},"graphName":"","isEnabled":true},"graphs":[],"defaultGraph":"","defaultPostTypeGraph":""},"schema_type":null,"schema_type_options":null,"pillar_content":false,"robots_default":true,"robots_noindex":false,"robots_noarchive":false,"robots_nosnippet":false,"robots_nofollow":false,"robots_noimageindex":false,"robots_noodp":false,"robots_notranslate":false,"robots_max_snippet":null,"robots_max_videopreview":null,"robots_max_imagepreview":"large","priority":null,"frequency":null,"location":null,"local_seo":null,"seo_analyzer_scan_date":"2025-08-24 14:09:10","breadcrumb_settings":null,"limit_modified_date":false,"reviewed_by":null,"open_ai":null,"ai":null,"created":"2020-12-21 13:01:30","updated":"2025-08-24 14:09:10"},"aioseo_breadcrumb":"<div class=\"aioseo-breadcrumbs\"><span class=\"aioseo-breadcrumb\">\n\t<a href=\"https:\/\/candas365.es\/noticias\" title=\"Home\">Home<\/a>\n<\/span><span class=\"aioseo-breadcrumb-separator\">&ndash;<\/span><span class=\"aioseo-breadcrumb\">\n\t<a href=\"https:\/\/candas365.es\/noticias\/category\/actualidad\/\" title=\"Actualidad\">Actualidad<\/a>\n<\/span><span class=\"aioseo-breadcrumb-separator\">&ndash;<\/span><span class=\"aioseo-breadcrumb\">\n\tCornelia Funke desea pasaporte como \u00abciudadana del mundo\u00bb\n<\/span><\/div>","aioseo_breadcrumb_json":[{"label":"Home","link":"https:\/\/candas365.es\/noticias"},{"label":"Actualidad","link":"https:\/\/candas365.es\/noticias\/category\/actualidad\/"},{"label":"Cornelia Funke desea pasaporte como \u00abciudadana del mundo\u00bb","link":"https:\/\/candas365.es\/noticias\/cornelia-funke-desea-pasaporte-como-ciudadana-del-mundo\/"}],"_links":{"self":[{"href":"https:\/\/candas365.es\/noticias\/wp-json\/wp\/v2\/posts\/31622","targetHints":{"allow":["GET"]}}],"collection":[{"href":"https:\/\/candas365.es\/noticias\/wp-json\/wp\/v2\/posts"}],"about":[{"href":"https:\/\/candas365.es\/noticias\/wp-json\/wp\/v2\/types\/post"}],"author":[{"embeddable":true,"href":"https:\/\/candas365.es\/noticias\/wp-json\/wp\/v2\/users\/1"}],"replies":[{"embeddable":true,"href":"https:\/\/candas365.es\/noticias\/wp-json\/wp\/v2\/comments?post=31622"}],"version-history":[{"count":0,"href":"https:\/\/candas365.es\/noticias\/wp-json\/wp\/v2\/posts\/31622\/revisions"}],"wp:featuredmedia":[{"embeddable":true,"href":"https:\/\/candas365.es\/noticias\/wp-json\/wp\/v2\/media\/22984"}],"wp:attachment":[{"href":"https:\/\/candas365.es\/noticias\/wp-json\/wp\/v2\/media?parent=31622"}],"wp:term":[{"taxonomy":"category","embeddable":true,"href":"https:\/\/candas365.es\/noticias\/wp-json\/wp\/v2\/categories?post=31622"},{"taxonomy":"post_tag","embeddable":true,"href":"https:\/\/candas365.es\/noticias\/wp-json\/wp\/v2\/tags?post=31622"}],"curies":[{"name":"wp","href":"https:\/\/api.w.org\/{rel}","templated":true}]}}