{"id":31618,"date":"2016-07-08T22:45:18","date_gmt":"2016-07-08T21:15:18","guid":{"rendered":"http:\/\/candas365.es\/noticias\/?p=31618"},"modified":"2016-07-08T22:45:18","modified_gmt":"2016-07-08T21:15:18","slug":"macri-obtiene-respaldo-oficial-de-alemania-e-interes-de-empresarios","status":"publish","type":"post","link":"https:\/\/candas365.es\/noticias\/macri-obtiene-respaldo-oficial-de-alemania-e-interes-de-empresarios\/","title":{"rendered":"Macri obtiene respaldo oficial de Alemania e inter\u00e9s de empresarios"},"content":{"rendered":"<p>Berl\u00edn, 7 jul (dpa) &#8211; El presidente de Argentina, Mauricio Macri, puso ayer fin a una visita oficial de dos d\u00edas a Alemania en la que recibi\u00f3 el respaldo del Gobierno germano y concit\u00f3 un renovado inter\u00e9s del empresariado en su pol\u00edtica hacia una mayor cooperaci\u00f3n comercial y de inversiones extranjeras.<\/p>\n<p>Tras obtener el martes el apoyo de la canciller alemana, Angela Merkel, con quien comparti\u00f3 un almuerzo de trabajo, el jefe de Estado argentino mantuvo en su segundo y \u00faltimo d\u00eda reuniones con altos ejecutivos de empresas l\u00edderes en Alemania, que se comprometieron a aumentar sus inversiones en Argentina.<\/p>\n<p>Macri fue hu\u00e9sped en Berl\u00edn del responsable de producci\u00f3n de camionetas tipo van de la automotriz Mercedes-Benz, Volker Mornhinweg, y posteriormente se cit\u00f3 con el miembro de la junta directiva de Volkswagen y responsable de la marca hom\u00f3nima, Herbert Diess.<\/p>\n<p>Tras los encuentros, el mandatario anunci\u00f3 que Mercedes Benz invertir\u00e1 150 millones de d\u00f3lares en Argentina e instalar\u00e1 en Buenos Aires la sede de comercializaci\u00f3n de camionetas van en Am\u00e9rica Latina. Tambi\u00e9n inform\u00f3 que Volskwagen destinar\u00e1 otros 100 millones de d\u00f3lares a su producci\u00f3n en Argentina.<\/p>\n<p>Tambi\u00e9n la mayor empresa de software de Europa, la alemana SAP, anunci\u00f3 el lanzamiento en agosto pr\u00f3ximo de un programa para start ups con el objetivo de promover en el pa\u00eds el desarrollo de empresas innovadoras de base tecnol\u00f3gica.<\/p>\n<p>El l\u00edder de la alianza de centroderecha Cambiemos tambi\u00e9n visit\u00f3 el Parlamento alem\u00e1n, ubicado en el imponente edificio del Reichstag, donde se entrevist\u00f3 con su presidente, el democristiano Norbert Lammert.<\/p>\n<p>En su caminata hasta el Parlamento pas\u00f3 por la emblem\u00e1tica Puerta de Brandemburgo y recibi\u00f3 muestras de cari\u00f1o de algunos connacionales que contrastaron con las protestas que lo acompa\u00f1aron el d\u00eda anterior, en la que le gritaron \u00abcorrupto\u00bb y \u00abvendepatria\u00bb.<\/p>\n<p>Macri fue el principal orador de una comida de honor ante unos 200 empresarios alemanes, a los que llam\u00f3 a volver a creer en su pa\u00eds tras a\u00f1os de una aislamiento autoimpuesto, seg\u00fan sus palabras. \u00abHoy vine ac\u00e1 a decirles que las puertas de Argentina est\u00e1n nuevamente abiertas\u00bb.<\/p>\n<p>Asimismo se entusiasm\u00f3 con el apoyo recabado en sus encuentros con el sector econ\u00f3mico. \u00abLas empresas de aqu\u00ed me han dado la alegr\u00eda de decir que reconfirman su intenci\u00f3n de estar y de invertir en Argentina\u00bb.<\/p>\n<p>Prueba de ello fue una cena con la que fue agasajado el martes por la noche en la residencia de hu\u00e9spedes del ministerio alem\u00e1n de Relaciones Exteriores por su titular, Frank-Walter Steinmeier, y que cont\u00f3 con la asistencia de ejecutivos de empresas como Winterfalls, Deutsche Bank, Hamburg S\u00fcd y Herrenknecht.<\/p>\n<p>Macri destac\u00f3 el papel de las compa\u00f1\u00edas privadas en la generaci\u00f3n de empleo en su pa\u00eds, donde un 30 por ciento vive bajo la l\u00ednea de pobreza y entre un 40 y 45 por ciento trabaja en la econom\u00eda informal. \u00abTenemos claro que la tarea de progreso es conjunta entre el sector p\u00fablico y el sector privado\u00bb.<\/p>\n<p>La ministra argentina de Asuntos Exteriores, Susana Malcorra, tambi\u00e9n traz\u00f3 un balance positivo de la visita. \u00abEl eco que estamos encontrando muestra que m\u00e1s all\u00e1 de las aguas tumultuosas en el mundo, nuestro pa\u00eds y nuestra regi\u00f3n representan una oportunidad\u00bb, se\u00f1al\u00f3 en un Foro Econ\u00f3mico Germano-Argentino organizado ayer por las C\u00e1maras de Comercio e Industria.<\/p>\n<p>El f\u00fatbol no pod\u00eda faltar en la visita del ex presidente del club Boca Juniors al pa\u00eds del actual campe\u00f3n del mundo. En la \u00faltima etapa de su apretada agenda, Macri inspeccion\u00f3 un centro de capacitaci\u00f3n t\u00e9cnica del gigante tecnol\u00f3gico Siemens junto con el presidente ejecutivo de la multinacional, Joe Kaeser.<\/p>\n<p>El ejecutivo germano le obsequi\u00f3 una r\u00e9plica de pl\u00e1stico de la Copa del Mundo imprimida por una impresora tridimensional de Siemens que pudo admirar Macri junto a unos aprendices argentinos y espa\u00f1oles. \u00abEs para el pr\u00f3ximo Mundial\u00bb, brome\u00f3 Kaeser en alusi\u00f3n a la final del Mundial de Brasil que los alemanes ganaron a Argentina, mientras Macri levantaba el trofeo.<\/p>\n<p>Por Mar\u00eda Laura Ar\u00e1oz <\/p>\n","protected":false},"excerpt":{"rendered":"<p>Berl\u00edn, 7 jul (dpa) &#8211; El presidente de Argentina, Mauricio Macri, puso ayer fin a una visita oficial de dos d\u00edas a Alemania en la que recibi\u00f3 el respaldo del Gobierno germano y concit\u00f3 un renovado inter\u00e9s del empresariado en su pol\u00edtica hacia una mayor cooperaci\u00f3n comercial y de inversiones extranjeras. Tras obtener el martes<\/p>\n","protected":false},"author":1,"featured_media":16457,"comment_status":"closed","ping_status":"closed","sticky":false,"template":"","format":"standard","meta":{"footnotes":""},"categories":[343],"tags":[],"class_list":{"0":"post-31618","1":"post","2":"type-post","3":"status-publish","4":"format-standard","5":"has-post-thumbnail","7":"category-actualidad"},"aioseo_notices":[],"aioseo_head":"\n\t\t<!-- All in One SEO Pro 4.9.6.2 - aioseo.com -->\n\t<meta name=\"description\" content=\"Berl\u00edn, 7 jul (dpa) - El presidente de Argentina, Mauricio Macri, puso ayer fin a una visita oficial de dos d\u00edas a Alemania en la que recibi\u00f3 el respaldo del Gobierno germano y concit\u00f3 un renovado inter\u00e9s del empresariado en su pol\u00edtica hacia una mayor cooperaci\u00f3n comercial y de inversiones extranjeras. Tras obtener el martes\" \/>\n\t<meta name=\"robots\" content=\"max-image-preview:large\" \/>\n\t<meta name=\"author\" content=\"Cand\u00e1s 365\"\/>\n\t<meta name=\"google-site-verification\" content=\"UA-32230408-1\" \/>\n\t<meta name=\"msvalidate.01\" content=\"354F3CDFB2DA171B47FBE9ABF1F88D5\" \/>\n\t<meta name=\"keywords\" content=\"actualidad\" \/>\n\t<link rel=\"canonical\" href=\"https:\/\/candas365.es\/noticias\/macri-obtiene-respaldo-oficial-de-alemania-e-interes-de-empresarios\/\" \/>\n\t<meta name=\"generator\" content=\"All in One SEO Pro (AIOSEO) 4.9.6.2\" \/>\n\t\t<meta property=\"og:locale\" content=\"es_ES\" \/>\n\t\t<meta property=\"og:site_name\" content=\"Cand\u00e1s 365\" \/>\n\t\t<meta property=\"og:type\" content=\"article\" \/>\n\t\t<meta property=\"og:title\" content=\"Macri obtiene respaldo oficial de Alemania e inter\u00e9s de empresarios | Cand\u00e1s 365\" \/>\n\t\t<meta property=\"og:description\" content=\"Berl\u00edn, 7 jul (dpa) - El presidente de Argentina, Mauricio Macri, puso ayer fin a una visita oficial de dos d\u00edas a Alemania en la que recibi\u00f3 el respaldo del Gobierno germano y concit\u00f3 un renovado inter\u00e9s del empresariado en su pol\u00edtica hacia una mayor cooperaci\u00f3n comercial y de inversiones extranjeras. Tras obtener el martes\" \/>\n\t\t<meta property=\"og:url\" content=\"https:\/\/candas365.es\/noticias\/macri-obtiene-respaldo-oficial-de-alemania-e-interes-de-empresarios\/\" \/>\n\t\t<meta property=\"og:image\" content=\"https:\/\/candas365.es\/noticias\/wp-content\/uploads\/2015\/09\/c365noticias.jpg\" \/>\n\t\t<meta property=\"og:image:secure_url\" content=\"https:\/\/candas365.es\/noticias\/wp-content\/uploads\/2015\/09\/c365noticias.jpg\" \/>\n\t\t<meta property=\"og:image:width\" content=\"655\" \/>\n\t\t<meta property=\"og:image:height\" content=\"360\" \/>\n\t\t<meta property=\"article:published_time\" content=\"2016-07-08T21:15:18+00:00\" \/>\n\t\t<meta property=\"article:modified_time\" content=\"2016-07-08T21:15:18+00:00\" \/>\n\t\t<meta property=\"article:publisher\" content=\"https:\/\/www.facebook.com\/Nachofdezber\" \/>\n\t\t<meta property=\"article:author\" content=\"https:\/\/www.facebook.com\/carrenoactualidad\" \/>\n\t\t<meta name=\"twitter:card\" content=\"summary_large_image\" \/>\n\t\t<meta name=\"twitter:site\" content=\"@NabercoDigital\" \/>\n\t\t<meta name=\"twitter:title\" content=\"Macri obtiene respaldo oficial de Alemania e inter\u00e9s de empresarios | Cand\u00e1s 365\" \/>\n\t\t<meta name=\"twitter:description\" content=\"Berl\u00edn, 7 jul (dpa) - El presidente de Argentina, Mauricio Macri, puso ayer fin a una visita oficial de dos d\u00edas a Alemania en la que recibi\u00f3 el respaldo del Gobierno germano y concit\u00f3 un renovado inter\u00e9s del empresariado en su pol\u00edtica hacia una mayor cooperaci\u00f3n comercial y de inversiones extranjeras. Tras obtener el martes\" \/>\n\t\t<meta name=\"twitter:creator\" content=\"@nbasturias\" \/>\n\t\t<meta name=\"twitter:image\" content=\"https:\/\/candas365.es\/noticias\/wp-content\/uploads\/2015\/09\/c365noticias.jpg\" \/>\n\t\t<meta name=\"twitter:label1\" content=\"Escrito por\" \/>\n\t\t<meta name=\"twitter:data1\" content=\"Cand\u00e1s 365\" \/>\n\t\t<meta name=\"twitter:label2\" content=\"Tiempo de lectura estimado\" \/>\n\t\t<meta name=\"twitter:data2\" content=\"4 minutos\" \/>\n\t\t<script type=\"application\/ld+json\" class=\"aioseo-schema\">\n\t\t\t{\"@context\":\"https:\\\/\\\/schema.org\",\"@graph\":[{\"@type\":\"BreadcrumbList\",\"@id\":\"https:\\\/\\\/candas365.es\\\/noticias\\\/macri-obtiene-respaldo-oficial-de-alemania-e-interes-de-empresarios\\\/#breadcrumblist\",\"itemListElement\":[{\"@type\":\"ListItem\",\"@id\":\"https:\\\/\\\/candas365.es\\\/noticias#listItem\",\"position\":1,\"name\":\"Home\",\"item\":\"https:\\\/\\\/candas365.es\\\/noticias\",\"nextItem\":{\"@type\":\"ListItem\",\"@id\":\"https:\\\/\\\/candas365.es\\\/noticias\\\/category\\\/actualidad\\\/#listItem\",\"name\":\"Actualidad\"}},{\"@type\":\"ListItem\",\"@id\":\"https:\\\/\\\/candas365.es\\\/noticias\\\/category\\\/actualidad\\\/#listItem\",\"position\":2,\"name\":\"Actualidad\",\"item\":\"https:\\\/\\\/candas365.es\\\/noticias\\\/category\\\/actualidad\\\/\",\"nextItem\":{\"@type\":\"ListItem\",\"@id\":\"https:\\\/\\\/candas365.es\\\/noticias\\\/macri-obtiene-respaldo-oficial-de-alemania-e-interes-de-empresarios\\\/#listItem\",\"name\":\"Macri obtiene respaldo oficial de Alemania e inter\\u00e9s de empresarios\"},\"previousItem\":{\"@type\":\"ListItem\",\"@id\":\"https:\\\/\\\/candas365.es\\\/noticias#listItem\",\"name\":\"Home\"}},{\"@type\":\"ListItem\",\"@id\":\"https:\\\/\\\/candas365.es\\\/noticias\\\/macri-obtiene-respaldo-oficial-de-alemania-e-interes-de-empresarios\\\/#listItem\",\"position\":3,\"name\":\"Macri obtiene respaldo oficial de Alemania e inter\\u00e9s de empresarios\",\"previousItem\":{\"@type\":\"ListItem\",\"@id\":\"https:\\\/\\\/candas365.es\\\/noticias\\\/category\\\/actualidad\\\/#listItem\",\"name\":\"Actualidad\"}}]},{\"@type\":\"NewsArticle\",\"@id\":\"https:\\\/\\\/candas365.es\\\/noticias\\\/macri-obtiene-respaldo-oficial-de-alemania-e-interes-de-empresarios\\\/#newsarticle\",\"name\":\"Macri obtiene respaldo oficial de Alemania e inter\\u00e9s de empresarios | Cand\\u00e1s 365\",\"headline\":\"Macri obtiene respaldo oficial de Alemania e inter\\u00e9s de empresarios\",\"author\":{\"@id\":\"https:\\\/\\\/candas365.es\\\/noticias\\\/author\\\/admin\\\/#author\"},\"publisher\":{\"@id\":\"https:\\\/\\\/candas365.es\\\/noticias\\\/#organization\"},\"image\":{\"@type\":\"ImageObject\",\"url\":\"https:\\\/\\\/candas365.es\\\/noticias\\\/wp-content\\\/uploads\\\/2015\\\/09\\\/c365noticias.jpg\",\"width\":655,\"height\":360},\"datePublished\":\"2016-07-08T22:45:18+02:00\",\"dateModified\":\"2016-07-08T22:45:18+02:00\",\"inLanguage\":\"es-ES\",\"mainEntityOfPage\":{\"@id\":\"https:\\\/\\\/candas365.es\\\/noticias\\\/macri-obtiene-respaldo-oficial-de-alemania-e-interes-de-empresarios\\\/#webpage\"},\"isPartOf\":{\"@id\":\"https:\\\/\\\/candas365.es\\\/noticias\\\/macri-obtiene-respaldo-oficial-de-alemania-e-interes-de-empresarios\\\/#webpage\"},\"articleSection\":\"Actualidad\",\"dateline\":\"Publicado el julio 8, 2016.\"},{\"@type\":\"Organization\",\"@id\":\"https:\\\/\\\/candas365.es\\\/noticias\\\/#organization\",\"name\":\"Cand\\u00e1s 365\",\"description\":\"Cand\\u00e1s 365 es un diario digital independiente, fundado en 2012, con base en Asturias. Informamos con rigor sobre actualidad, sociedad, cultura y ocio, con una mirada local y global.\",\"url\":\"https:\\\/\\\/candas365.es\\\/noticias\\\/\",\"email\":\"info@candas365.es\",\"telephone\":\"+34652131393\",\"foundingDate\":\"2012-06-10\",\"logo\":{\"@type\":\"ImageObject\",\"url\":\"https:\\\/\\\/candas365.es\\\/noticias\\\/wp-content\\\/uploads\\\/2024\\\/09\\\/Candas-365-Redes.jpg\",\"@id\":\"https:\\\/\\\/candas365.es\\\/noticias\\\/macri-obtiene-respaldo-oficial-de-alemania-e-interes-de-empresarios\\\/#organizationLogo\",\"width\":1152,\"height\":864,\"caption\":\"Cand\\u00e1s 365 Redes\"},\"image\":{\"@id\":\"https:\\\/\\\/candas365.es\\\/noticias\\\/macri-obtiene-respaldo-oficial-de-alemania-e-interes-de-empresarios\\\/#organizationLogo\"},\"sameAs\":[\"https:\\\/\\\/www.facebook.com\\\/Nachofdezber\",\"https:\\\/\\\/x.com\\\/NabercoDigital\",\"https:\\\/\\\/www.instagram.com\\\/nachofdezber\\\/\",\"https:\\\/\\\/www.youtube.com\\\/channel\\\/UCZP-2wLEB9Rv6erhFmqVnvg\"],\"address\":{\"@id\":\"https:\\\/\\\/candas365.es\\\/noticias\\\/#postaladdress\",\"@type\":\"PostalAddress\",\"streetAddress\":\"san antonio 4, san antonio 4\",\"postalCode\":\"33430\",\"addressLocality\":\"Cand\\u00e1s\",\"addressRegion\":\"Asturias\",\"addressCountry\":\"ES\"}},{\"@type\":\"Person\",\"@id\":\"https:\\\/\\\/candas365.es\\\/noticias\\\/author\\\/admin\\\/#author\",\"url\":\"https:\\\/\\\/candas365.es\\\/noticias\\\/author\\\/admin\\\/\",\"name\":\"Cand\\u00e1s 365\",\"image\":{\"@type\":\"ImageObject\",\"@id\":\"https:\\\/\\\/candas365.es\\\/noticias\\\/macri-obtiene-respaldo-oficial-de-alemania-e-interes-de-empresarios\\\/#authorImage\",\"url\":\"https:\\\/\\\/secure.gravatar.com\\\/avatar\\\/496a8e03d0c493ede1718b7934145dbdf8d89be1036b0eec9544e1094c9de390?s=96&d=mm&r=g\",\"width\":96,\"height\":96,\"caption\":\"Cand\\u00e1s 365\"},\"sameAs\":[\"https:\\\/\\\/www.facebook.com\\\/carrenoactualidad\",\"https:\\\/\\\/twitter.com\\\/nbasturias\",\"https:\\\/\\\/www.instagram.com\\\/nachofdezber\\\/\",\"https:\\\/\\\/www.youtube.com\\\/channel\\\/UCZP-2wLEB9Rv6erhFmqVnvg\"]},{\"@type\":\"WebPage\",\"@id\":\"https:\\\/\\\/candas365.es\\\/noticias\\\/macri-obtiene-respaldo-oficial-de-alemania-e-interes-de-empresarios\\\/#webpage\",\"url\":\"https:\\\/\\\/candas365.es\\\/noticias\\\/macri-obtiene-respaldo-oficial-de-alemania-e-interes-de-empresarios\\\/\",\"name\":\"Macri obtiene respaldo oficial de Alemania e inter\\u00e9s de empresarios | Cand\\u00e1s 365\",\"description\":\"Berl\\u00edn, 7 jul (dpa) - El presidente de Argentina, Mauricio Macri, puso ayer fin a una visita oficial de dos d\\u00edas a Alemania en la que recibi\\u00f3 el respaldo del Gobierno germano y concit\\u00f3 un renovado inter\\u00e9s del empresariado en su pol\\u00edtica hacia una mayor cooperaci\\u00f3n comercial y de inversiones extranjeras. Tras obtener el martes\",\"inLanguage\":\"es-ES\",\"isPartOf\":{\"@id\":\"https:\\\/\\\/candas365.es\\\/noticias\\\/#website\"},\"breadcrumb\":{\"@id\":\"https:\\\/\\\/candas365.es\\\/noticias\\\/macri-obtiene-respaldo-oficial-de-alemania-e-interes-de-empresarios\\\/#breadcrumblist\"},\"author\":{\"@id\":\"https:\\\/\\\/candas365.es\\\/noticias\\\/author\\\/admin\\\/#author\"},\"creator\":{\"@id\":\"https:\\\/\\\/candas365.es\\\/noticias\\\/author\\\/admin\\\/#author\"},\"image\":{\"@type\":\"ImageObject\",\"url\":\"https:\\\/\\\/candas365.es\\\/noticias\\\/wp-content\\\/uploads\\\/2015\\\/09\\\/c365noticias.jpg\",\"@id\":\"https:\\\/\\\/candas365.es\\\/noticias\\\/macri-obtiene-respaldo-oficial-de-alemania-e-interes-de-empresarios\\\/#mainImage\",\"width\":655,\"height\":360},\"primaryImageOfPage\":{\"@id\":\"https:\\\/\\\/candas365.es\\\/noticias\\\/macri-obtiene-respaldo-oficial-de-alemania-e-interes-de-empresarios\\\/#mainImage\"},\"datePublished\":\"2016-07-08T22:45:18+02:00\",\"dateModified\":\"2016-07-08T22:45:18+02:00\"},{\"@type\":\"WebSite\",\"@id\":\"https:\\\/\\\/candas365.es\\\/noticias\\\/#website\",\"url\":\"https:\\\/\\\/candas365.es\\\/noticias\\\/\",\"name\":\"Cand\\u00e1s 365\",\"alternateName\":\"Cand\\u00e1s 365 Noticias\",\"description\":\"Actualidad desde Carre\\u00f1o para el mundo\",\"inLanguage\":\"es-ES\",\"publisher\":{\"@id\":\"https:\\\/\\\/candas365.es\\\/noticias\\\/#organization\"}}]}\n\t\t<\/script>\n\t\t<!-- All in One SEO Pro -->\r\n\t\t<title>Macri obtiene respaldo oficial de Alemania e inter\u00e9s de empresarios | Cand\u00e1s 365<\/title>\n\n","aioseo_head_json":{"title":"Macri obtiene respaldo oficial de Alemania e inter\u00e9s de empresarios | Cand\u00e1s 365","description":"Berl\u00edn, 7 jul (dpa) - El presidente de Argentina, Mauricio Macri, puso ayer fin a una visita oficial de dos d\u00edas a Alemania en la que recibi\u00f3 el respaldo del Gobierno germano y concit\u00f3 un renovado inter\u00e9s del empresariado en su pol\u00edtica hacia una mayor cooperaci\u00f3n comercial y de inversiones extranjeras. Tras obtener el martes","canonical_url":"https:\/\/candas365.es\/noticias\/macri-obtiene-respaldo-oficial-de-alemania-e-interes-de-empresarios\/","robots":"max-image-preview:large","keywords":"actualidad","webmasterTools":{"google-site-verification":"UA-32230408-1","msvalidate.01":"354F3CDFB2DA171B47FBE9ABF1F88D5","miscellaneous":""},"schema":{"@context":"https:\/\/schema.org","@graph":[{"@type":"BreadcrumbList","@id":"https:\/\/candas365.es\/noticias\/macri-obtiene-respaldo-oficial-de-alemania-e-interes-de-empresarios\/#breadcrumblist","itemListElement":[{"@type":"ListItem","@id":"https:\/\/candas365.es\/noticias#listItem","position":1,"name":"Home","item":"https:\/\/candas365.es\/noticias","nextItem":{"@type":"ListItem","@id":"https:\/\/candas365.es\/noticias\/category\/actualidad\/#listItem","name":"Actualidad"}},{"@type":"ListItem","@id":"https:\/\/candas365.es\/noticias\/category\/actualidad\/#listItem","position":2,"name":"Actualidad","item":"https:\/\/candas365.es\/noticias\/category\/actualidad\/","nextItem":{"@type":"ListItem","@id":"https:\/\/candas365.es\/noticias\/macri-obtiene-respaldo-oficial-de-alemania-e-interes-de-empresarios\/#listItem","name":"Macri obtiene respaldo oficial de Alemania e inter\u00e9s de empresarios"},"previousItem":{"@type":"ListItem","@id":"https:\/\/candas365.es\/noticias#listItem","name":"Home"}},{"@type":"ListItem","@id":"https:\/\/candas365.es\/noticias\/macri-obtiene-respaldo-oficial-de-alemania-e-interes-de-empresarios\/#listItem","position":3,"name":"Macri obtiene respaldo oficial de Alemania e inter\u00e9s de empresarios","previousItem":{"@type":"ListItem","@id":"https:\/\/candas365.es\/noticias\/category\/actualidad\/#listItem","name":"Actualidad"}}]},{"@type":"NewsArticle","@id":"https:\/\/candas365.es\/noticias\/macri-obtiene-respaldo-oficial-de-alemania-e-interes-de-empresarios\/#newsarticle","name":"Macri obtiene respaldo oficial de Alemania e inter\u00e9s de empresarios | Cand\u00e1s 365","headline":"Macri obtiene respaldo oficial de Alemania e inter\u00e9s de empresarios","author":{"@id":"https:\/\/candas365.es\/noticias\/author\/admin\/#author"},"publisher":{"@id":"https:\/\/candas365.es\/noticias\/#organization"},"image":{"@type":"ImageObject","url":"https:\/\/candas365.es\/noticias\/wp-content\/uploads\/2015\/09\/c365noticias.jpg","width":655,"height":360},"datePublished":"2016-07-08T22:45:18+02:00","dateModified":"2016-07-08T22:45:18+02:00","inLanguage":"es-ES","mainEntityOfPage":{"@id":"https:\/\/candas365.es\/noticias\/macri-obtiene-respaldo-oficial-de-alemania-e-interes-de-empresarios\/#webpage"},"isPartOf":{"@id":"https:\/\/candas365.es\/noticias\/macri-obtiene-respaldo-oficial-de-alemania-e-interes-de-empresarios\/#webpage"},"articleSection":"Actualidad","dateline":"Publicado el julio 8, 2016."},{"@type":"Organization","@id":"https:\/\/candas365.es\/noticias\/#organization","name":"Cand\u00e1s 365","description":"Cand\u00e1s 365 es un diario digital independiente, fundado en 2012, con base en Asturias. Informamos con rigor sobre actualidad, sociedad, cultura y ocio, con una mirada local y global.","url":"https:\/\/candas365.es\/noticias\/","email":"info@candas365.es","telephone":"+34652131393","foundingDate":"2012-06-10","logo":{"@type":"ImageObject","url":"https:\/\/candas365.es\/noticias\/wp-content\/uploads\/2024\/09\/Candas-365-Redes.jpg","@id":"https:\/\/candas365.es\/noticias\/macri-obtiene-respaldo-oficial-de-alemania-e-interes-de-empresarios\/#organizationLogo","width":1152,"height":864,"caption":"Cand\u00e1s 365 Redes"},"image":{"@id":"https:\/\/candas365.es\/noticias\/macri-obtiene-respaldo-oficial-de-alemania-e-interes-de-empresarios\/#organizationLogo"},"sameAs":["https:\/\/www.facebook.com\/Nachofdezber","https:\/\/x.com\/NabercoDigital","https:\/\/www.instagram.com\/nachofdezber\/","https:\/\/www.youtube.com\/channel\/UCZP-2wLEB9Rv6erhFmqVnvg"],"address":{"@id":"https:\/\/candas365.es\/noticias\/#postaladdress","@type":"PostalAddress","streetAddress":"san antonio 4, san antonio 4","postalCode":"33430","addressLocality":"Cand\u00e1s","addressRegion":"Asturias","addressCountry":"ES"}},{"@type":"Person","@id":"https:\/\/candas365.es\/noticias\/author\/admin\/#author","url":"https:\/\/candas365.es\/noticias\/author\/admin\/","name":"Cand\u00e1s 365","image":{"@type":"ImageObject","@id":"https:\/\/candas365.es\/noticias\/macri-obtiene-respaldo-oficial-de-alemania-e-interes-de-empresarios\/#authorImage","url":"https:\/\/secure.gravatar.com\/avatar\/496a8e03d0c493ede1718b7934145dbdf8d89be1036b0eec9544e1094c9de390?s=96&d=mm&r=g","width":96,"height":96,"caption":"Cand\u00e1s 365"},"sameAs":["https:\/\/www.facebook.com\/carrenoactualidad","https:\/\/twitter.com\/nbasturias","https:\/\/www.instagram.com\/nachofdezber\/","https:\/\/www.youtube.com\/channel\/UCZP-2wLEB9Rv6erhFmqVnvg"]},{"@type":"WebPage","@id":"https:\/\/candas365.es\/noticias\/macri-obtiene-respaldo-oficial-de-alemania-e-interes-de-empresarios\/#webpage","url":"https:\/\/candas365.es\/noticias\/macri-obtiene-respaldo-oficial-de-alemania-e-interes-de-empresarios\/","name":"Macri obtiene respaldo oficial de Alemania e inter\u00e9s de empresarios | Cand\u00e1s 365","description":"Berl\u00edn, 7 jul (dpa) - El presidente de Argentina, Mauricio Macri, puso ayer fin a una visita oficial de dos d\u00edas a Alemania en la que recibi\u00f3 el respaldo del Gobierno germano y concit\u00f3 un renovado inter\u00e9s del empresariado en su pol\u00edtica hacia una mayor cooperaci\u00f3n comercial y de inversiones extranjeras. Tras obtener el martes","inLanguage":"es-ES","isPartOf":{"@id":"https:\/\/candas365.es\/noticias\/#website"},"breadcrumb":{"@id":"https:\/\/candas365.es\/noticias\/macri-obtiene-respaldo-oficial-de-alemania-e-interes-de-empresarios\/#breadcrumblist"},"author":{"@id":"https:\/\/candas365.es\/noticias\/author\/admin\/#author"},"creator":{"@id":"https:\/\/candas365.es\/noticias\/author\/admin\/#author"},"image":{"@type":"ImageObject","url":"https:\/\/candas365.es\/noticias\/wp-content\/uploads\/2015\/09\/c365noticias.jpg","@id":"https:\/\/candas365.es\/noticias\/macri-obtiene-respaldo-oficial-de-alemania-e-interes-de-empresarios\/#mainImage","width":655,"height":360},"primaryImageOfPage":{"@id":"https:\/\/candas365.es\/noticias\/macri-obtiene-respaldo-oficial-de-alemania-e-interes-de-empresarios\/#mainImage"},"datePublished":"2016-07-08T22:45:18+02:00","dateModified":"2016-07-08T22:45:18+02:00"},{"@type":"WebSite","@id":"https:\/\/candas365.es\/noticias\/#website","url":"https:\/\/candas365.es\/noticias\/","name":"Cand\u00e1s 365","alternateName":"Cand\u00e1s 365 Noticias","description":"Actualidad desde Carre\u00f1o para el mundo","inLanguage":"es-ES","publisher":{"@id":"https:\/\/candas365.es\/noticias\/#organization"}}]},"og:locale":"es_ES","og:site_name":"Cand\u00e1s 365","og:type":"article","og:title":"Macri obtiene respaldo oficial de Alemania e inter\u00e9s de empresarios | Cand\u00e1s 365","og:description":"Berl\u00edn, 7 jul (dpa) - El presidente de Argentina, Mauricio Macri, puso ayer fin a una visita oficial de dos d\u00edas a Alemania en la que recibi\u00f3 el respaldo del Gobierno germano y concit\u00f3 un renovado inter\u00e9s del empresariado en su pol\u00edtica hacia una mayor cooperaci\u00f3n comercial y de inversiones extranjeras. Tras obtener el martes","og:url":"https:\/\/candas365.es\/noticias\/macri-obtiene-respaldo-oficial-de-alemania-e-interes-de-empresarios\/","og:image":"https:\/\/candas365.es\/noticias\/wp-content\/uploads\/2015\/09\/c365noticias.jpg","og:image:secure_url":"https:\/\/candas365.es\/noticias\/wp-content\/uploads\/2015\/09\/c365noticias.jpg","og:image:width":655,"og:image:height":360,"article:published_time":"2016-07-08T21:15:18+00:00","article:modified_time":"2016-07-08T21:15:18+00:00","article:publisher":"https:\/\/www.facebook.com\/Nachofdezber","article:author":"https:\/\/www.facebook.com\/carrenoactualidad","twitter:card":"summary_large_image","twitter:site":"@NabercoDigital","twitter:title":"Macri obtiene respaldo oficial de Alemania e inter\u00e9s de empresarios | Cand\u00e1s 365","twitter:description":"Berl\u00edn, 7 jul (dpa) - El presidente de Argentina, Mauricio Macri, puso ayer fin a una visita oficial de dos d\u00edas a Alemania en la que recibi\u00f3 el respaldo del Gobierno germano y concit\u00f3 un renovado inter\u00e9s del empresariado en su pol\u00edtica hacia una mayor cooperaci\u00f3n comercial y de inversiones extranjeras. Tras obtener el martes","twitter:creator":"@nbasturias","twitter:image":"https:\/\/candas365.es\/noticias\/wp-content\/uploads\/2015\/09\/c365noticias.jpg","twitter:label1":"Escrito por","twitter:data1":"Cand\u00e1s 365","twitter:label2":"Tiempo de lectura estimado","twitter:data2":"4 minutos"},"aioseo_meta_data":{"post_id":"31618","title":null,"description":null,"keywords":null,"keyphrases":null,"primary_term":null,"canonical_url":null,"og_title":null,"og_description":null,"og_object_type":"default","og_image_type":"default","og_image_url":null,"og_image_width":null,"og_image_height":null,"og_image_custom_url":null,"og_image_custom_fields":null,"og_video":null,"og_custom_url":null,"og_article_section":null,"og_article_tags":null,"twitter_use_og":false,"twitter_card":"default","twitter_image_type":"default","twitter_image_url":null,"twitter_image_custom_url":null,"twitter_image_custom_fields":null,"twitter_title":null,"twitter_description":null,"schema":{"blockGraphs":[],"customGraphs":[],"default":{"data":{"Article":[],"Course":[],"Dataset":[],"FAQPage":[],"Movie":[],"Person":[],"Product":[],"ProductReview":[],"Car":[],"Recipe":[],"Service":[],"SoftwareApplication":[],"WebPage":[]},"graphName":"","isEnabled":true},"graphs":[]},"schema_type":null,"schema_type_options":null,"pillar_content":false,"robots_default":true,"robots_noindex":false,"robots_noarchive":false,"robots_nosnippet":false,"robots_nofollow":false,"robots_noimageindex":false,"robots_noodp":false,"robots_notranslate":false,"robots_max_snippet":null,"robots_max_videopreview":null,"robots_max_imagepreview":"large","priority":null,"frequency":null,"location":null,"local_seo":null,"seo_analyzer_scan_date":"2025-08-24 14:07:15","breadcrumb_settings":null,"limit_modified_date":false,"reviewed_by":null,"open_ai":null,"ai":null,"created":"2020-12-21 13:01:30","updated":"2025-08-24 14:07:15"},"aioseo_breadcrumb":"<div class=\"aioseo-breadcrumbs\"><span class=\"aioseo-breadcrumb\">\n\t<a href=\"https:\/\/candas365.es\/noticias\" title=\"Home\">Home<\/a>\n<\/span><span class=\"aioseo-breadcrumb-separator\">&ndash;<\/span><span class=\"aioseo-breadcrumb\">\n\t<a href=\"https:\/\/candas365.es\/noticias\/category\/actualidad\/\" title=\"Actualidad\">Actualidad<\/a>\n<\/span><span class=\"aioseo-breadcrumb-separator\">&ndash;<\/span><span class=\"aioseo-breadcrumb\">\n\tMacri obtiene respaldo oficial de Alemania e inter\u00e9s de empresarios\n<\/span><\/div>","aioseo_breadcrumb_json":[{"label":"Home","link":"https:\/\/candas365.es\/noticias"},{"label":"Actualidad","link":"https:\/\/candas365.es\/noticias\/category\/actualidad\/"},{"label":"Macri obtiene respaldo oficial de Alemania e inter\u00e9s de empresarios","link":"https:\/\/candas365.es\/noticias\/macri-obtiene-respaldo-oficial-de-alemania-e-interes-de-empresarios\/"}],"_links":{"self":[{"href":"https:\/\/candas365.es\/noticias\/wp-json\/wp\/v2\/posts\/31618","targetHints":{"allow":["GET"]}}],"collection":[{"href":"https:\/\/candas365.es\/noticias\/wp-json\/wp\/v2\/posts"}],"about":[{"href":"https:\/\/candas365.es\/noticias\/wp-json\/wp\/v2\/types\/post"}],"author":[{"embeddable":true,"href":"https:\/\/candas365.es\/noticias\/wp-json\/wp\/v2\/users\/1"}],"replies":[{"embeddable":true,"href":"https:\/\/candas365.es\/noticias\/wp-json\/wp\/v2\/comments?post=31618"}],"version-history":[{"count":0,"href":"https:\/\/candas365.es\/noticias\/wp-json\/wp\/v2\/posts\/31618\/revisions"}],"wp:featuredmedia":[{"embeddable":true,"href":"https:\/\/candas365.es\/noticias\/wp-json\/wp\/v2\/media\/16457"}],"wp:attachment":[{"href":"https:\/\/candas365.es\/noticias\/wp-json\/wp\/v2\/media?parent=31618"}],"wp:term":[{"taxonomy":"category","embeddable":true,"href":"https:\/\/candas365.es\/noticias\/wp-json\/wp\/v2\/categories?post=31618"},{"taxonomy":"post_tag","embeddable":true,"href":"https:\/\/candas365.es\/noticias\/wp-json\/wp\/v2\/tags?post=31618"}],"curies":[{"name":"wp","href":"https:\/\/api.w.org\/{rel}","templated":true}]}}