{"id":31577,"date":"2016-06-30T07:39:32","date_gmt":"2016-06-30T06:09:32","guid":{"rendered":"http:\/\/candas365.es\/noticias\/?p=31577"},"modified":"2016-06-30T07:39:32","modified_gmt":"2016-06-30T06:09:32","slug":"la-asociacion-salvar-el-archivo-de-salamanca-luchara-hasta-que-la-generalitat-devuelva-todos-los-documentos","status":"publish","type":"post","link":"https:\/\/candas365.es\/noticias\/la-asociacion-salvar-el-archivo-de-salamanca-luchara-hasta-que-la-generalitat-devuelva-todos-los-documentos\/","title":{"rendered":"La asociaci\u00f3n Salvar el Archivo de Salamanca \u00abluchar\u00e1\u00bb hasta que la Generalitat devuelva todos los documentos"},"content":{"rendered":"<p><img fetchpriority=\"high\" decoding=\"async\" class=\"alignleft size-medium wp-image-31578\" src=\"https:\/\/candas365.es\/noticias\/wp-content\/uploads\/2016\/06\/fotonoticia_20160629132134_800-360x270.jpg\" alt=\"fotonoticia_20160629132134_800\" width=\"360\" height=\"270\" srcset=\"https:\/\/candas365.es\/noticias\/wp-content\/uploads\/2016\/06\/fotonoticia_20160629132134_800-360x270.jpg 360w, https:\/\/candas365.es\/noticias\/wp-content\/uploads\/2016\/06\/fotonoticia_20160629132134_800-640x480.jpg 640w, https:\/\/candas365.es\/noticias\/wp-content\/uploads\/2016\/06\/fotonoticia_20160629132134_800-768x576.jpg 768w, https:\/\/candas365.es\/noticias\/wp-content\/uploads\/2016\/06\/fotonoticia_20160629132134_800-150x113.jpg 150w, https:\/\/candas365.es\/noticias\/wp-content\/uploads\/2016\/06\/fotonoticia_20160629132134_800-450x338.jpg 450w, https:\/\/candas365.es\/noticias\/wp-content\/uploads\/2016\/06\/fotonoticia_20160629132134_800-80x60.jpg 80w, https:\/\/candas365.es\/noticias\/wp-content\/uploads\/2016\/06\/fotonoticia_20160629132134_800-265x198.jpg 265w, https:\/\/candas365.es\/noticias\/wp-content\/uploads\/2016\/06\/fotonoticia_20160629132134_800-696x522.jpg 696w, https:\/\/candas365.es\/noticias\/wp-content\/uploads\/2016\/06\/fotonoticia_20160629132134_800-560x420.jpg 560w, https:\/\/candas365.es\/noticias\/wp-content\/uploads\/2016\/06\/fotonoticia_20160629132134_800-90x67.jpg 90w, https:\/\/candas365.es\/noticias\/wp-content\/uploads\/2016\/06\/fotonoticia_20160629132134_800.jpg 800w\" sizes=\"(max-width: 360px) 100vw, 360px\" \/>El presidente de la asociaci\u00f3n Salvar el Archivo de Salamanca, Policarpo S\u00e1nchez, ha asegurado que la labor de este colectivo \u00abno va a cesar un solo momento en su esfuerzo hasta que la Generalitat de Catalu\u00f1a devuelva hasta el \u00faltimo documento que mantiene ilegalmente en su poder\u00bb.<\/p>\n<p>Policarpo S\u00e1nchez ha indicado que la Administraci\u00f3n catalana \u00abse ha visto obligada\u00bb hasta el momento a devolver un total de 426 documentos, una recuperaci\u00f3n que ha atribuido a la \u00ablucha\u00bb de la asociaci\u00f3n salmantina.<\/p>\n<p>Esos 426 legajos, ya en manos del fondo estatal, corresponden a documentaci\u00f3n de tres familias de Madrid, una de Cantabria y del Partido Socialista de Asturias, ha explicado en rueda de prensa junto al secretario de Salvar el Archivo de Salamanca, Jos\u00e9 Luis Ingelmo.<\/p>\n<p>No obstante, a pesar de ese regreso, el investigador habla de \u00abcientos de miles\u00bb de legajos que contin\u00faan \u00abindebidamente\u00bb en manos de la Generalitat, de ah\u00ed que haya anunciado que la asociaci\u00f3n sigue adelante con sus acciones sociales, pol\u00edticas y judiciales.<\/p>\n<p>A nivel pol\u00edtico, Policarpo S\u00e1nchez ha anunciado que la senadora de Foro Asturias, Rosa Dom\u00ednguez de Posada, volver\u00e1 a presentar en la C\u00e1mara Alta una moci\u00f3n para instar al Gobierno a que muestre \u00absu m\u00e1s firme apoyo a la integridad del Archivo de la Guerra Civil Espa\u00f1ola\u00bb y que exija a la Generalitat \u00abel cumplimiento del ordenamiento jur\u00eddico\u00bb.<\/p>\n<p>Asimismo, el presidente ha indicado que la europarlamentaria Beatriz Becerra llevar\u00e1 este asunto a Bruselas, una acci\u00f3n que se sumar\u00e1 a la recogida de firmas que ya est\u00e1 llevando a cabo la asociaci\u00f3n.<\/p>\n<p>FIRMAS Y JUZGADOS<\/p>\n<p>Salvar el Archivo de Salamanca aglutina r\u00fabricas a trav\u00e9s de las plataformas hazteoir.org y change.org para pedir a la Generalitat que \u00abdevuelva\u00bb la documentaci\u00f3n, en las que ya suma 33.923 y 25.121, respectivamente.<\/p>\n<p>En cuanto a las actuaciones judiciales, Policarpo S\u00e1nchez ha remarcado que su demanda \u00abcontin\u00faa su curso\u00bb y ha adelantado que \u00abuna entidad de \u00e1mbito estatal\u00bb tambi\u00e9n est\u00e1 trabajando para poner una querella contra responsables a nivel estatal de la salida de documentos de Salamanca.<\/p>\n<p>&nbsp;<\/p>\n","protected":false},"excerpt":{"rendered":"<p>El presidente de la asociaci\u00f3n Salvar el Archivo de Salamanca, Policarpo S\u00e1nchez, ha asegurado que la labor de este colectivo \u00abno va a cesar un solo momento en su esfuerzo hasta que la Generalitat de Catalu\u00f1a devuelva hasta el \u00faltimo documento que mantiene ilegalmente en su poder\u00bb. Policarpo S\u00e1nchez ha indicado que la Administraci\u00f3n catalana<\/p>\n","protected":false},"author":1,"featured_media":31578,"comment_status":"closed","ping_status":"closed","sticky":false,"template":"","format":"standard","meta":{"footnotes":""},"categories":[343],"tags":[],"class_list":{"0":"post-31577","1":"post","2":"type-post","3":"status-publish","4":"format-standard","5":"has-post-thumbnail","7":"category-actualidad"},"aioseo_notices":[],"aioseo_head":"\n\t\t<!-- All in One SEO Pro 4.9.6.2 - aioseo.com -->\n\t<meta name=\"description\" content=\"El presidente de la asociaci\u00f3n Salvar el Archivo de Salamanca, Policarpo S\u00e1nchez, ha asegurado que la labor de este colectivo &quot;no va a cesar un solo momento en su esfuerzo hasta que la Generalitat de Catalu\u00f1a devuelva hasta el \u00faltimo documento que mantiene ilegalmente en su poder&quot;. Policarpo S\u00e1nchez ha indicado que la Administraci\u00f3n catalana\" \/>\n\t<meta name=\"robots\" content=\"max-image-preview:large\" \/>\n\t<meta name=\"author\" content=\"Cand\u00e1s 365\"\/>\n\t<meta name=\"google-site-verification\" content=\"UA-32230408-1\" \/>\n\t<meta name=\"msvalidate.01\" content=\"354F3CDFB2DA171B47FBE9ABF1F88D5\" \/>\n\t<meta name=\"keywords\" content=\"actualidad\" \/>\n\t<link rel=\"canonical\" href=\"https:\/\/candas365.es\/noticias\/la-asociacion-salvar-el-archivo-de-salamanca-luchara-hasta-que-la-generalitat-devuelva-todos-los-documentos\/\" \/>\n\t<meta name=\"generator\" content=\"All in One SEO Pro (AIOSEO) 4.9.6.2\" \/>\n\t\t<meta property=\"og:locale\" content=\"es_ES\" \/>\n\t\t<meta property=\"og:site_name\" content=\"Cand\u00e1s 365\" \/>\n\t\t<meta property=\"og:type\" content=\"article\" \/>\n\t\t<meta property=\"og:title\" content=\"La asociaci\u00f3n Salvar el Archivo de Salamanca \u00abluchar\u00e1\u00bb hasta que la Generalitat devuelva todos los documentos | Cand\u00e1s 365\" \/>\n\t\t<meta property=\"og:description\" content=\"El presidente de la asociaci\u00f3n Salvar el Archivo de Salamanca, Policarpo S\u00e1nchez, ha asegurado que la labor de este colectivo &quot;no va a cesar un solo momento en su esfuerzo hasta que la Generalitat de Catalu\u00f1a devuelva hasta el \u00faltimo documento que mantiene ilegalmente en su poder&quot;. Policarpo S\u00e1nchez ha indicado que la Administraci\u00f3n catalana\" \/>\n\t\t<meta property=\"og:url\" content=\"https:\/\/candas365.es\/noticias\/la-asociacion-salvar-el-archivo-de-salamanca-luchara-hasta-que-la-generalitat-devuelva-todos-los-documentos\/\" \/>\n\t\t<meta property=\"og:image\" content=\"https:\/\/candas365.es\/noticias\/wp-content\/uploads\/2016\/06\/fotonoticia_20160629132134_800.jpg\" \/>\n\t\t<meta property=\"og:image:secure_url\" content=\"https:\/\/candas365.es\/noticias\/wp-content\/uploads\/2016\/06\/fotonoticia_20160629132134_800.jpg\" \/>\n\t\t<meta property=\"og:image:width\" content=\"800\" \/>\n\t\t<meta property=\"og:image:height\" content=\"600\" \/>\n\t\t<meta property=\"article:published_time\" content=\"2016-06-30T06:09:32+00:00\" \/>\n\t\t<meta property=\"article:modified_time\" content=\"2016-06-30T06:09:32+00:00\" \/>\n\t\t<meta property=\"article:publisher\" content=\"https:\/\/www.facebook.com\/Nachofdezber\" \/>\n\t\t<meta property=\"article:author\" content=\"https:\/\/www.facebook.com\/carrenoactualidad\" \/>\n\t\t<meta name=\"twitter:card\" content=\"summary_large_image\" \/>\n\t\t<meta name=\"twitter:site\" content=\"@NabercoDigital\" \/>\n\t\t<meta name=\"twitter:title\" content=\"La asociaci\u00f3n Salvar el Archivo de Salamanca \u00abluchar\u00e1\u00bb hasta que la Generalitat devuelva todos los documentos | Cand\u00e1s 365\" \/>\n\t\t<meta name=\"twitter:description\" content=\"El presidente de la asociaci\u00f3n Salvar el Archivo de Salamanca, Policarpo S\u00e1nchez, ha asegurado que la labor de este colectivo &quot;no va a cesar un solo momento en su esfuerzo hasta que la Generalitat de Catalu\u00f1a devuelva hasta el \u00faltimo documento que mantiene ilegalmente en su poder&quot;. Policarpo S\u00e1nchez ha indicado que la Administraci\u00f3n catalana\" \/>\n\t\t<meta name=\"twitter:creator\" content=\"@nbasturias\" \/>\n\t\t<meta name=\"twitter:image\" content=\"https:\/\/candas365.es\/noticias\/wp-content\/uploads\/2016\/06\/fotonoticia_20160629132134_800.jpg\" \/>\n\t\t<meta name=\"twitter:label1\" content=\"Escrito por\" \/>\n\t\t<meta name=\"twitter:data1\" content=\"Cand\u00e1s 365\" \/>\n\t\t<meta name=\"twitter:label2\" content=\"Tiempo de lectura estimado\" \/>\n\t\t<meta name=\"twitter:data2\" content=\"2 minutos\" \/>\n\t\t<script type=\"application\/ld+json\" class=\"aioseo-schema\">\n\t\t\t{\"@context\":\"https:\\\/\\\/schema.org\",\"@graph\":[{\"@type\":\"BreadcrumbList\",\"@id\":\"https:\\\/\\\/candas365.es\\\/noticias\\\/la-asociacion-salvar-el-archivo-de-salamanca-luchara-hasta-que-la-generalitat-devuelva-todos-los-documentos\\\/#breadcrumblist\",\"itemListElement\":[{\"@type\":\"ListItem\",\"@id\":\"https:\\\/\\\/candas365.es\\\/noticias#listItem\",\"position\":1,\"name\":\"Home\",\"item\":\"https:\\\/\\\/candas365.es\\\/noticias\",\"nextItem\":{\"@type\":\"ListItem\",\"@id\":\"https:\\\/\\\/candas365.es\\\/noticias\\\/category\\\/actualidad\\\/#listItem\",\"name\":\"Actualidad\"}},{\"@type\":\"ListItem\",\"@id\":\"https:\\\/\\\/candas365.es\\\/noticias\\\/category\\\/actualidad\\\/#listItem\",\"position\":2,\"name\":\"Actualidad\",\"item\":\"https:\\\/\\\/candas365.es\\\/noticias\\\/category\\\/actualidad\\\/\",\"nextItem\":{\"@type\":\"ListItem\",\"@id\":\"https:\\\/\\\/candas365.es\\\/noticias\\\/la-asociacion-salvar-el-archivo-de-salamanca-luchara-hasta-que-la-generalitat-devuelva-todos-los-documentos\\\/#listItem\",\"name\":\"La asociaci\\u00f3n Salvar el Archivo de Salamanca \\u00abluchar\\u00e1\\u00bb hasta que la Generalitat devuelva todos los documentos\"},\"previousItem\":{\"@type\":\"ListItem\",\"@id\":\"https:\\\/\\\/candas365.es\\\/noticias#listItem\",\"name\":\"Home\"}},{\"@type\":\"ListItem\",\"@id\":\"https:\\\/\\\/candas365.es\\\/noticias\\\/la-asociacion-salvar-el-archivo-de-salamanca-luchara-hasta-que-la-generalitat-devuelva-todos-los-documentos\\\/#listItem\",\"position\":3,\"name\":\"La asociaci\\u00f3n Salvar el Archivo de Salamanca \\u00abluchar\\u00e1\\u00bb hasta que la Generalitat devuelva todos los documentos\",\"previousItem\":{\"@type\":\"ListItem\",\"@id\":\"https:\\\/\\\/candas365.es\\\/noticias\\\/category\\\/actualidad\\\/#listItem\",\"name\":\"Actualidad\"}}]},{\"@type\":\"NewsArticle\",\"@id\":\"https:\\\/\\\/candas365.es\\\/noticias\\\/la-asociacion-salvar-el-archivo-de-salamanca-luchara-hasta-que-la-generalitat-devuelva-todos-los-documentos\\\/#newsarticle\",\"name\":\"La asociaci\\u00f3n Salvar el Archivo de Salamanca \\u00abluchar\\u00e1\\u00bb hasta que la Generalitat devuelva todos los documentos | Cand\\u00e1s 365\",\"headline\":\"La asociaci\\u00f3n Salvar el Archivo de Salamanca \\u00abluchar\\u00e1\\u00bb hasta que la Generalitat devuelva todos los documentos\",\"author\":{\"@id\":\"https:\\\/\\\/candas365.es\\\/noticias\\\/author\\\/admin\\\/#author\"},\"publisher\":{\"@id\":\"https:\\\/\\\/candas365.es\\\/noticias\\\/#organization\"},\"image\":{\"@type\":\"ImageObject\",\"url\":\"https:\\\/\\\/candas365.es\\\/noticias\\\/wp-content\\\/uploads\\\/2016\\\/06\\\/fotonoticia_20160629132134_800.jpg\",\"width\":800,\"height\":600},\"datePublished\":\"2016-06-30T07:39:32+02:00\",\"dateModified\":\"2016-06-30T07:39:32+02:00\",\"inLanguage\":\"es-ES\",\"mainEntityOfPage\":{\"@id\":\"https:\\\/\\\/candas365.es\\\/noticias\\\/la-asociacion-salvar-el-archivo-de-salamanca-luchara-hasta-que-la-generalitat-devuelva-todos-los-documentos\\\/#webpage\"},\"isPartOf\":{\"@id\":\"https:\\\/\\\/candas365.es\\\/noticias\\\/la-asociacion-salvar-el-archivo-de-salamanca-luchara-hasta-que-la-generalitat-devuelva-todos-los-documentos\\\/#webpage\"},\"articleSection\":\"Actualidad\",\"dateline\":\"Publicado el junio 30, 2016.\"},{\"@type\":\"Organization\",\"@id\":\"https:\\\/\\\/candas365.es\\\/noticias\\\/#organization\",\"name\":\"Cand\\u00e1s 365\",\"description\":\"Cand\\u00e1s 365 es un diario digital independiente, fundado en 2012, con base en Asturias. Informamos con rigor sobre actualidad, sociedad, cultura y ocio, con una mirada local y global.\",\"url\":\"https:\\\/\\\/candas365.es\\\/noticias\\\/\",\"email\":\"info@candas365.es\",\"telephone\":\"+34652131393\",\"foundingDate\":\"2012-06-10\",\"logo\":{\"@type\":\"ImageObject\",\"url\":\"https:\\\/\\\/candas365.es\\\/noticias\\\/wp-content\\\/uploads\\\/2024\\\/09\\\/Candas-365-Redes.jpg\",\"@id\":\"https:\\\/\\\/candas365.es\\\/noticias\\\/la-asociacion-salvar-el-archivo-de-salamanca-luchara-hasta-que-la-generalitat-devuelva-todos-los-documentos\\\/#organizationLogo\",\"width\":1152,\"height\":864,\"caption\":\"Cand\\u00e1s 365 Redes\"},\"image\":{\"@id\":\"https:\\\/\\\/candas365.es\\\/noticias\\\/la-asociacion-salvar-el-archivo-de-salamanca-luchara-hasta-que-la-generalitat-devuelva-todos-los-documentos\\\/#organizationLogo\"},\"sameAs\":[\"https:\\\/\\\/www.facebook.com\\\/Nachofdezber\",\"https:\\\/\\\/x.com\\\/NabercoDigital\",\"https:\\\/\\\/www.instagram.com\\\/nachofdezber\\\/\",\"https:\\\/\\\/www.youtube.com\\\/channel\\\/UCZP-2wLEB9Rv6erhFmqVnvg\"],\"address\":{\"@id\":\"https:\\\/\\\/candas365.es\\\/noticias\\\/#postaladdress\",\"@type\":\"PostalAddress\",\"streetAddress\":\"san antonio 4, san antonio 4\",\"postalCode\":\"33430\",\"addressLocality\":\"Cand\\u00e1s\",\"addressRegion\":\"Asturias\",\"addressCountry\":\"ES\"}},{\"@type\":\"Person\",\"@id\":\"https:\\\/\\\/candas365.es\\\/noticias\\\/author\\\/admin\\\/#author\",\"url\":\"https:\\\/\\\/candas365.es\\\/noticias\\\/author\\\/admin\\\/\",\"name\":\"Cand\\u00e1s 365\",\"image\":{\"@type\":\"ImageObject\",\"@id\":\"https:\\\/\\\/candas365.es\\\/noticias\\\/la-asociacion-salvar-el-archivo-de-salamanca-luchara-hasta-que-la-generalitat-devuelva-todos-los-documentos\\\/#authorImage\",\"url\":\"https:\\\/\\\/secure.gravatar.com\\\/avatar\\\/496a8e03d0c493ede1718b7934145dbdf8d89be1036b0eec9544e1094c9de390?s=96&d=mm&r=g\",\"width\":96,\"height\":96,\"caption\":\"Cand\\u00e1s 365\"},\"sameAs\":[\"https:\\\/\\\/www.facebook.com\\\/carrenoactualidad\",\"https:\\\/\\\/twitter.com\\\/nbasturias\",\"https:\\\/\\\/www.instagram.com\\\/nachofdezber\\\/\",\"https:\\\/\\\/www.youtube.com\\\/channel\\\/UCZP-2wLEB9Rv6erhFmqVnvg\"]},{\"@type\":\"WebPage\",\"@id\":\"https:\\\/\\\/candas365.es\\\/noticias\\\/la-asociacion-salvar-el-archivo-de-salamanca-luchara-hasta-que-la-generalitat-devuelva-todos-los-documentos\\\/#webpage\",\"url\":\"https:\\\/\\\/candas365.es\\\/noticias\\\/la-asociacion-salvar-el-archivo-de-salamanca-luchara-hasta-que-la-generalitat-devuelva-todos-los-documentos\\\/\",\"name\":\"La asociaci\\u00f3n Salvar el Archivo de Salamanca \\u00abluchar\\u00e1\\u00bb hasta que la Generalitat devuelva todos los documentos | Cand\\u00e1s 365\",\"description\":\"El presidente de la asociaci\\u00f3n Salvar el Archivo de Salamanca, Policarpo S\\u00e1nchez, ha asegurado que la labor de este colectivo \\\"no va a cesar un solo momento en su esfuerzo hasta que la Generalitat de Catalu\\u00f1a devuelva hasta el \\u00faltimo documento que mantiene ilegalmente en su poder\\\". Policarpo S\\u00e1nchez ha indicado que la Administraci\\u00f3n catalana\",\"inLanguage\":\"es-ES\",\"isPartOf\":{\"@id\":\"https:\\\/\\\/candas365.es\\\/noticias\\\/#website\"},\"breadcrumb\":{\"@id\":\"https:\\\/\\\/candas365.es\\\/noticias\\\/la-asociacion-salvar-el-archivo-de-salamanca-luchara-hasta-que-la-generalitat-devuelva-todos-los-documentos\\\/#breadcrumblist\"},\"author\":{\"@id\":\"https:\\\/\\\/candas365.es\\\/noticias\\\/author\\\/admin\\\/#author\"},\"creator\":{\"@id\":\"https:\\\/\\\/candas365.es\\\/noticias\\\/author\\\/admin\\\/#author\"},\"image\":{\"@type\":\"ImageObject\",\"url\":\"https:\\\/\\\/candas365.es\\\/noticias\\\/wp-content\\\/uploads\\\/2016\\\/06\\\/fotonoticia_20160629132134_800.jpg\",\"@id\":\"https:\\\/\\\/candas365.es\\\/noticias\\\/la-asociacion-salvar-el-archivo-de-salamanca-luchara-hasta-que-la-generalitat-devuelva-todos-los-documentos\\\/#mainImage\",\"width\":800,\"height\":600},\"primaryImageOfPage\":{\"@id\":\"https:\\\/\\\/candas365.es\\\/noticias\\\/la-asociacion-salvar-el-archivo-de-salamanca-luchara-hasta-que-la-generalitat-devuelva-todos-los-documentos\\\/#mainImage\"},\"datePublished\":\"2016-06-30T07:39:32+02:00\",\"dateModified\":\"2016-06-30T07:39:32+02:00\"},{\"@type\":\"WebSite\",\"@id\":\"https:\\\/\\\/candas365.es\\\/noticias\\\/#website\",\"url\":\"https:\\\/\\\/candas365.es\\\/noticias\\\/\",\"name\":\"Cand\\u00e1s 365\",\"alternateName\":\"Cand\\u00e1s 365 Noticias\",\"description\":\"Actualidad desde Carre\\u00f1o para el mundo\",\"inLanguage\":\"es-ES\",\"publisher\":{\"@id\":\"https:\\\/\\\/candas365.es\\\/noticias\\\/#organization\"}}]}\n\t\t<\/script>\n\t\t<!-- All in One SEO Pro -->\r\n\t\t<title>La asociaci\u00f3n Salvar el Archivo de Salamanca \u00abluchar\u00e1\u00bb hasta que la Generalitat devuelva todos los documentos | Cand\u00e1s 365<\/title>\n\n","aioseo_head_json":{"title":"La asociaci\u00f3n Salvar el Archivo de Salamanca \u00abluchar\u00e1\u00bb hasta que la Generalitat devuelva todos los documentos | Cand\u00e1s 365","description":"El presidente de la asociaci\u00f3n Salvar el Archivo de Salamanca, Policarpo S\u00e1nchez, ha asegurado que la labor de este colectivo \"no va a cesar un solo momento en su esfuerzo hasta que la Generalitat de Catalu\u00f1a devuelva hasta el \u00faltimo documento que mantiene ilegalmente en su poder\". Policarpo S\u00e1nchez ha indicado que la Administraci\u00f3n catalana","canonical_url":"https:\/\/candas365.es\/noticias\/la-asociacion-salvar-el-archivo-de-salamanca-luchara-hasta-que-la-generalitat-devuelva-todos-los-documentos\/","robots":"max-image-preview:large","keywords":"actualidad","webmasterTools":{"google-site-verification":"UA-32230408-1","msvalidate.01":"354F3CDFB2DA171B47FBE9ABF1F88D5","miscellaneous":""},"schema":{"@context":"https:\/\/schema.org","@graph":[{"@type":"BreadcrumbList","@id":"https:\/\/candas365.es\/noticias\/la-asociacion-salvar-el-archivo-de-salamanca-luchara-hasta-que-la-generalitat-devuelva-todos-los-documentos\/#breadcrumblist","itemListElement":[{"@type":"ListItem","@id":"https:\/\/candas365.es\/noticias#listItem","position":1,"name":"Home","item":"https:\/\/candas365.es\/noticias","nextItem":{"@type":"ListItem","@id":"https:\/\/candas365.es\/noticias\/category\/actualidad\/#listItem","name":"Actualidad"}},{"@type":"ListItem","@id":"https:\/\/candas365.es\/noticias\/category\/actualidad\/#listItem","position":2,"name":"Actualidad","item":"https:\/\/candas365.es\/noticias\/category\/actualidad\/","nextItem":{"@type":"ListItem","@id":"https:\/\/candas365.es\/noticias\/la-asociacion-salvar-el-archivo-de-salamanca-luchara-hasta-que-la-generalitat-devuelva-todos-los-documentos\/#listItem","name":"La asociaci\u00f3n Salvar el Archivo de Salamanca \u00abluchar\u00e1\u00bb hasta que la Generalitat devuelva todos los documentos"},"previousItem":{"@type":"ListItem","@id":"https:\/\/candas365.es\/noticias#listItem","name":"Home"}},{"@type":"ListItem","@id":"https:\/\/candas365.es\/noticias\/la-asociacion-salvar-el-archivo-de-salamanca-luchara-hasta-que-la-generalitat-devuelva-todos-los-documentos\/#listItem","position":3,"name":"La asociaci\u00f3n Salvar el Archivo de Salamanca \u00abluchar\u00e1\u00bb hasta que la Generalitat devuelva todos los documentos","previousItem":{"@type":"ListItem","@id":"https:\/\/candas365.es\/noticias\/category\/actualidad\/#listItem","name":"Actualidad"}}]},{"@type":"NewsArticle","@id":"https:\/\/candas365.es\/noticias\/la-asociacion-salvar-el-archivo-de-salamanca-luchara-hasta-que-la-generalitat-devuelva-todos-los-documentos\/#newsarticle","name":"La asociaci\u00f3n Salvar el Archivo de Salamanca \u00abluchar\u00e1\u00bb hasta que la Generalitat devuelva todos los documentos | Cand\u00e1s 365","headline":"La asociaci\u00f3n Salvar el Archivo de Salamanca \u00abluchar\u00e1\u00bb hasta que la Generalitat devuelva todos los documentos","author":{"@id":"https:\/\/candas365.es\/noticias\/author\/admin\/#author"},"publisher":{"@id":"https:\/\/candas365.es\/noticias\/#organization"},"image":{"@type":"ImageObject","url":"https:\/\/candas365.es\/noticias\/wp-content\/uploads\/2016\/06\/fotonoticia_20160629132134_800.jpg","width":800,"height":600},"datePublished":"2016-06-30T07:39:32+02:00","dateModified":"2016-06-30T07:39:32+02:00","inLanguage":"es-ES","mainEntityOfPage":{"@id":"https:\/\/candas365.es\/noticias\/la-asociacion-salvar-el-archivo-de-salamanca-luchara-hasta-que-la-generalitat-devuelva-todos-los-documentos\/#webpage"},"isPartOf":{"@id":"https:\/\/candas365.es\/noticias\/la-asociacion-salvar-el-archivo-de-salamanca-luchara-hasta-que-la-generalitat-devuelva-todos-los-documentos\/#webpage"},"articleSection":"Actualidad","dateline":"Publicado el junio 30, 2016."},{"@type":"Organization","@id":"https:\/\/candas365.es\/noticias\/#organization","name":"Cand\u00e1s 365","description":"Cand\u00e1s 365 es un diario digital independiente, fundado en 2012, con base en Asturias. Informamos con rigor sobre actualidad, sociedad, cultura y ocio, con una mirada local y global.","url":"https:\/\/candas365.es\/noticias\/","email":"info@candas365.es","telephone":"+34652131393","foundingDate":"2012-06-10","logo":{"@type":"ImageObject","url":"https:\/\/candas365.es\/noticias\/wp-content\/uploads\/2024\/09\/Candas-365-Redes.jpg","@id":"https:\/\/candas365.es\/noticias\/la-asociacion-salvar-el-archivo-de-salamanca-luchara-hasta-que-la-generalitat-devuelva-todos-los-documentos\/#organizationLogo","width":1152,"height":864,"caption":"Cand\u00e1s 365 Redes"},"image":{"@id":"https:\/\/candas365.es\/noticias\/la-asociacion-salvar-el-archivo-de-salamanca-luchara-hasta-que-la-generalitat-devuelva-todos-los-documentos\/#organizationLogo"},"sameAs":["https:\/\/www.facebook.com\/Nachofdezber","https:\/\/x.com\/NabercoDigital","https:\/\/www.instagram.com\/nachofdezber\/","https:\/\/www.youtube.com\/channel\/UCZP-2wLEB9Rv6erhFmqVnvg"],"address":{"@id":"https:\/\/candas365.es\/noticias\/#postaladdress","@type":"PostalAddress","streetAddress":"san antonio 4, san antonio 4","postalCode":"33430","addressLocality":"Cand\u00e1s","addressRegion":"Asturias","addressCountry":"ES"}},{"@type":"Person","@id":"https:\/\/candas365.es\/noticias\/author\/admin\/#author","url":"https:\/\/candas365.es\/noticias\/author\/admin\/","name":"Cand\u00e1s 365","image":{"@type":"ImageObject","@id":"https:\/\/candas365.es\/noticias\/la-asociacion-salvar-el-archivo-de-salamanca-luchara-hasta-que-la-generalitat-devuelva-todos-los-documentos\/#authorImage","url":"https:\/\/secure.gravatar.com\/avatar\/496a8e03d0c493ede1718b7934145dbdf8d89be1036b0eec9544e1094c9de390?s=96&d=mm&r=g","width":96,"height":96,"caption":"Cand\u00e1s 365"},"sameAs":["https:\/\/www.facebook.com\/carrenoactualidad","https:\/\/twitter.com\/nbasturias","https:\/\/www.instagram.com\/nachofdezber\/","https:\/\/www.youtube.com\/channel\/UCZP-2wLEB9Rv6erhFmqVnvg"]},{"@type":"WebPage","@id":"https:\/\/candas365.es\/noticias\/la-asociacion-salvar-el-archivo-de-salamanca-luchara-hasta-que-la-generalitat-devuelva-todos-los-documentos\/#webpage","url":"https:\/\/candas365.es\/noticias\/la-asociacion-salvar-el-archivo-de-salamanca-luchara-hasta-que-la-generalitat-devuelva-todos-los-documentos\/","name":"La asociaci\u00f3n Salvar el Archivo de Salamanca \u00abluchar\u00e1\u00bb hasta que la Generalitat devuelva todos los documentos | Cand\u00e1s 365","description":"El presidente de la asociaci\u00f3n Salvar el Archivo de Salamanca, Policarpo S\u00e1nchez, ha asegurado que la labor de este colectivo \"no va a cesar un solo momento en su esfuerzo hasta que la Generalitat de Catalu\u00f1a devuelva hasta el \u00faltimo documento que mantiene ilegalmente en su poder\". Policarpo S\u00e1nchez ha indicado que la Administraci\u00f3n catalana","inLanguage":"es-ES","isPartOf":{"@id":"https:\/\/candas365.es\/noticias\/#website"},"breadcrumb":{"@id":"https:\/\/candas365.es\/noticias\/la-asociacion-salvar-el-archivo-de-salamanca-luchara-hasta-que-la-generalitat-devuelva-todos-los-documentos\/#breadcrumblist"},"author":{"@id":"https:\/\/candas365.es\/noticias\/author\/admin\/#author"},"creator":{"@id":"https:\/\/candas365.es\/noticias\/author\/admin\/#author"},"image":{"@type":"ImageObject","url":"https:\/\/candas365.es\/noticias\/wp-content\/uploads\/2016\/06\/fotonoticia_20160629132134_800.jpg","@id":"https:\/\/candas365.es\/noticias\/la-asociacion-salvar-el-archivo-de-salamanca-luchara-hasta-que-la-generalitat-devuelva-todos-los-documentos\/#mainImage","width":800,"height":600},"primaryImageOfPage":{"@id":"https:\/\/candas365.es\/noticias\/la-asociacion-salvar-el-archivo-de-salamanca-luchara-hasta-que-la-generalitat-devuelva-todos-los-documentos\/#mainImage"},"datePublished":"2016-06-30T07:39:32+02:00","dateModified":"2016-06-30T07:39:32+02:00"},{"@type":"WebSite","@id":"https:\/\/candas365.es\/noticias\/#website","url":"https:\/\/candas365.es\/noticias\/","name":"Cand\u00e1s 365","alternateName":"Cand\u00e1s 365 Noticias","description":"Actualidad desde Carre\u00f1o para el mundo","inLanguage":"es-ES","publisher":{"@id":"https:\/\/candas365.es\/noticias\/#organization"}}]},"og:locale":"es_ES","og:site_name":"Cand\u00e1s 365","og:type":"article","og:title":"La asociaci\u00f3n Salvar el Archivo de Salamanca \u00abluchar\u00e1\u00bb hasta que la Generalitat devuelva todos los documentos | Cand\u00e1s 365","og:description":"El presidente de la asociaci\u00f3n Salvar el Archivo de Salamanca, Policarpo S\u00e1nchez, ha asegurado que la labor de este colectivo &quot;no va a cesar un solo momento en su esfuerzo hasta que la Generalitat de Catalu\u00f1a devuelva hasta el \u00faltimo documento que mantiene ilegalmente en su poder&quot;. Policarpo S\u00e1nchez ha indicado que la Administraci\u00f3n catalana","og:url":"https:\/\/candas365.es\/noticias\/la-asociacion-salvar-el-archivo-de-salamanca-luchara-hasta-que-la-generalitat-devuelva-todos-los-documentos\/","og:image":"https:\/\/candas365.es\/noticias\/wp-content\/uploads\/2016\/06\/fotonoticia_20160629132134_800.jpg","og:image:secure_url":"https:\/\/candas365.es\/noticias\/wp-content\/uploads\/2016\/06\/fotonoticia_20160629132134_800.jpg","og:image:width":800,"og:image:height":600,"article:published_time":"2016-06-30T06:09:32+00:00","article:modified_time":"2016-06-30T06:09:32+00:00","article:publisher":"https:\/\/www.facebook.com\/Nachofdezber","article:author":"https:\/\/www.facebook.com\/carrenoactualidad","twitter:card":"summary_large_image","twitter:site":"@NabercoDigital","twitter:title":"La asociaci\u00f3n Salvar el Archivo de Salamanca \u00abluchar\u00e1\u00bb hasta que la Generalitat devuelva todos los documentos | Cand\u00e1s 365","twitter:description":"El presidente de la asociaci\u00f3n Salvar el Archivo de Salamanca, Policarpo S\u00e1nchez, ha asegurado que la labor de este colectivo &quot;no va a cesar un solo momento en su esfuerzo hasta que la Generalitat de Catalu\u00f1a devuelva hasta el \u00faltimo documento que mantiene ilegalmente en su poder&quot;. Policarpo S\u00e1nchez ha indicado que la Administraci\u00f3n catalana","twitter:creator":"@nbasturias","twitter:image":"https:\/\/candas365.es\/noticias\/wp-content\/uploads\/2016\/06\/fotonoticia_20160629132134_800.jpg","twitter:label1":"Escrito por","twitter:data1":"Cand\u00e1s 365","twitter:label2":"Tiempo de lectura estimado","twitter:data2":"2 minutos"},"aioseo_meta_data":{"post_id":"31577","title":null,"description":null,"keywords":null,"keyphrases":null,"primary_term":null,"canonical_url":null,"og_title":null,"og_description":null,"og_object_type":"default","og_image_type":"default","og_image_url":null,"og_image_width":null,"og_image_height":null,"og_image_custom_url":null,"og_image_custom_fields":null,"og_video":null,"og_custom_url":null,"og_article_section":null,"og_article_tags":null,"twitter_use_og":false,"twitter_card":"default","twitter_image_type":"default","twitter_image_url":null,"twitter_image_custom_url":null,"twitter_image_custom_fields":null,"twitter_title":null,"twitter_description":null,"schema":{"blockGraphs":[],"customGraphs":[],"default":{"data":{"Article":[],"Course":[],"Dataset":[],"FAQPage":[],"Movie":[],"Person":[],"Product":[],"ProductReview":[],"Car":[],"Recipe":[],"Service":[],"SoftwareApplication":[],"WebPage":[]},"graphName":"","isEnabled":true},"graphs":[]},"schema_type":null,"schema_type_options":null,"pillar_content":false,"robots_default":true,"robots_noindex":false,"robots_noarchive":false,"robots_nosnippet":false,"robots_nofollow":false,"robots_noimageindex":false,"robots_noodp":false,"robots_notranslate":false,"robots_max_snippet":null,"robots_max_videopreview":null,"robots_max_imagepreview":"large","priority":null,"frequency":null,"location":null,"local_seo":null,"seo_analyzer_scan_date":"2025-08-24 14:04:15","breadcrumb_settings":null,"limit_modified_date":false,"reviewed_by":null,"open_ai":null,"ai":null,"created":"2020-12-21 13:01:30","updated":"2025-08-24 14:04:15"},"aioseo_breadcrumb":"<div class=\"aioseo-breadcrumbs\"><span class=\"aioseo-breadcrumb\">\n\t<a href=\"https:\/\/candas365.es\/noticias\" title=\"Home\">Home<\/a>\n<\/span><span class=\"aioseo-breadcrumb-separator\">&ndash;<\/span><span class=\"aioseo-breadcrumb\">\n\t<a href=\"https:\/\/candas365.es\/noticias\/category\/actualidad\/\" title=\"Actualidad\">Actualidad<\/a>\n<\/span><span class=\"aioseo-breadcrumb-separator\">&ndash;<\/span><span class=\"aioseo-breadcrumb\">\n\tLa asociaci\u00f3n Salvar el Archivo de Salamanca \u00abluchar\u00e1\u00bb hasta que la Generalitat devuelva todos los documentos\n<\/span><\/div>","aioseo_breadcrumb_json":[{"label":"Home","link":"https:\/\/candas365.es\/noticias"},{"label":"Actualidad","link":"https:\/\/candas365.es\/noticias\/category\/actualidad\/"},{"label":"La asociaci\u00f3n Salvar el Archivo de Salamanca \u00abluchar\u00e1\u00bb hasta que la Generalitat devuelva todos los documentos","link":"https:\/\/candas365.es\/noticias\/la-asociacion-salvar-el-archivo-de-salamanca-luchara-hasta-que-la-generalitat-devuelva-todos-los-documentos\/"}],"_links":{"self":[{"href":"https:\/\/candas365.es\/noticias\/wp-json\/wp\/v2\/posts\/31577","targetHints":{"allow":["GET"]}}],"collection":[{"href":"https:\/\/candas365.es\/noticias\/wp-json\/wp\/v2\/posts"}],"about":[{"href":"https:\/\/candas365.es\/noticias\/wp-json\/wp\/v2\/types\/post"}],"author":[{"embeddable":true,"href":"https:\/\/candas365.es\/noticias\/wp-json\/wp\/v2\/users\/1"}],"replies":[{"embeddable":true,"href":"https:\/\/candas365.es\/noticias\/wp-json\/wp\/v2\/comments?post=31577"}],"version-history":[{"count":0,"href":"https:\/\/candas365.es\/noticias\/wp-json\/wp\/v2\/posts\/31577\/revisions"}],"wp:featuredmedia":[{"embeddable":true,"href":"https:\/\/candas365.es\/noticias\/wp-json\/wp\/v2\/media\/31578"}],"wp:attachment":[{"href":"https:\/\/candas365.es\/noticias\/wp-json\/wp\/v2\/media?parent=31577"}],"wp:term":[{"taxonomy":"category","embeddable":true,"href":"https:\/\/candas365.es\/noticias\/wp-json\/wp\/v2\/categories?post=31577"},{"taxonomy":"post_tag","embeddable":true,"href":"https:\/\/candas365.es\/noticias\/wp-json\/wp\/v2\/tags?post=31577"}],"curies":[{"name":"wp","href":"https:\/\/api.w.org\/{rel}","templated":true}]}}