{"id":31562,"date":"2016-06-30T07:31:12","date_gmt":"2016-06-30T06:01:12","guid":{"rendered":"http:\/\/candas365.es\/noticias\/?p=31562"},"modified":"2016-06-30T07:31:12","modified_gmt":"2016-06-30T06:01:12","slug":"dos-equipos-asturianos-participan-en-la-shell-eco-marathon-en-londres","status":"publish","type":"post","link":"https:\/\/candas365.es\/noticias\/dos-equipos-asturianos-participan-en-la-shell-eco-marathon-en-londres\/","title":{"rendered":"Dos equipos asturianos participan en la Shell Eco-marathon en Londres"},"content":{"rendered":"<p><img fetchpriority=\"high\" decoding=\"async\" class=\"alignleft size-medium wp-image-31563\" src=\"https:\/\/candas365.es\/noticias\/wp-content\/uploads\/2016\/06\/fotonoticia_20160629105918_800-360x245.jpg\" alt=\"fotonoticia_20160629105918_800\" width=\"360\" height=\"245\" srcset=\"https:\/\/candas365.es\/noticias\/wp-content\/uploads\/2016\/06\/fotonoticia_20160629105918_800-360x245.jpg 360w, https:\/\/candas365.es\/noticias\/wp-content\/uploads\/2016\/06\/fotonoticia_20160629105918_800-650x443.jpg 650w, https:\/\/candas365.es\/noticias\/wp-content\/uploads\/2016\/06\/fotonoticia_20160629105918_800-768x523.jpg 768w, https:\/\/candas365.es\/noticias\/wp-content\/uploads\/2016\/06\/fotonoticia_20160629105918_800-150x102.jpg 150w, https:\/\/candas365.es\/noticias\/wp-content\/uploads\/2016\/06\/fotonoticia_20160629105918_800-450x307.jpg 450w, https:\/\/candas365.es\/noticias\/wp-content\/uploads\/2016\/06\/fotonoticia_20160629105918_800-655x446.jpg 655w, https:\/\/candas365.es\/noticias\/wp-content\/uploads\/2016\/06\/fotonoticia_20160629105918_800-696x474.jpg 696w, https:\/\/candas365.es\/noticias\/wp-content\/uploads\/2016\/06\/fotonoticia_20160629105918_800-617x420.jpg 617w, https:\/\/candas365.es\/noticias\/wp-content\/uploads\/2016\/06\/fotonoticia_20160629105918_800.jpg 800w\" sizes=\"(max-width: 360px) 100vw, 360px\" \/>Dos equipos asturianos, con otros 13 equipos espa\u00f1oles m\u00e1s, participar\u00e1n en &#8216;Shell Eco-marathon 2016&#8217; que celebra su XXXI edici\u00f3n del 30 de junio al 3 de julio en Londres (Reino Unido) y que se celebrar\u00e1 simult\u00e1neamente con el &#8216;Make the Future&#8217;, un nuevo festival de cuatro d\u00edas en el que se celebran las buenas ideas y soluciones a los retos energ\u00e9ticos a los que se enfrenta el mundo actual.<\/p>\n<p>Una vez m\u00e1s, Espa\u00f1a ser\u00e1 uno de los pa\u00edses con m\u00e1s equipos participantes, seg\u00fan indican sus impulsores, con equipos procedentes de la Comunidad Valenciana (6), Murcia (3), Pa\u00eds Vasco (2), Asturias (2), Andaluc\u00eda (1) y Catalu\u00f1a (1). En total, en esta edici\u00f3n participan 229 equipos de 28 pa\u00edses europeos.<\/p>\n<p>&#8216;Shell Eco-marathon&#8217; invita a estudiantes a dise\u00f1ar y construir veh\u00edculos que viajen lo m\u00e1s lejos posible con un litro de combustible. La primera competici\u00f3n a nivel europeo se celebr\u00f3 en 1985, a\u00f1o en el que el ganador logr\u00f3 realizar 680 kil\u00f3metros con un solo litro de gasolina.<\/p>\n<p>A d\u00eda de hoy, los participantes utilizan diferentes m\u00e9todos, desde construir coches mediante impresoras 3D hasta utilizar energ\u00edas alternativas a modo de combustible. El r\u00e9cord se sit\u00faa en 3.771 kil\u00f3metros, que equivaldr\u00eda a un viaje de ida y vuelta desde Londres hasta Roma con un litro de combustible.<\/p>\n<p>La competici\u00f3n se ha trasladado desde R\u00f3terdam, lugar donde se llev\u00f3 a cabo durante los \u00faltimos cuatro a\u00f1os, y tendr\u00e1 lugar por primera vez en Londres, en el emblem\u00e1tico Queen Elizabeth Olympic Park, donde se celebraron los Juegos Ol\u00edmpicos de 2012.<\/p>\n<p>\u00abUn a\u00f1o m\u00e1s, &#8216;Shell Eco-marathon&#8217; pondr\u00e1 a prueba las mentes de los j\u00f3venes m\u00e1s brillantes para dise\u00f1ar y construir los veh\u00edculos m\u00e1s eficientes. Este evento proveer\u00e1 a los equipos participantes de una experiencia \u00fanica, animando a los j\u00f3venes a ser los cient\u00edficos e ingenieros del ma\u00f1ana\u00bb, ha afirmado la presidenta de Shell Espa\u00f1a, Natalia Latorre.<\/p>\n<p>Mientras, &#8216;Make the Future&#8217; es un festival de innovaci\u00f3n que apoya ideas en materia de energ\u00eda y que proporciona un espacio de innovaci\u00f3n, colaboraci\u00f3n y conversaci\u00f3n sobre el reto global de la energ\u00eda. El evento se celebrar\u00e1 del 30 de junio al 3 de julio, y tendr\u00e1 lugar en el Queen Elizabeth Olympic Park de Londres.<\/p>\n<p>&nbsp;<\/p>\n","protected":false},"excerpt":{"rendered":"<p>Dos equipos asturianos, con otros 13 equipos espa\u00f1oles m\u00e1s, participar\u00e1n en &#8216;Shell Eco-marathon 2016&#8217; que celebra su XXXI edici\u00f3n del 30 de junio al 3 de julio en Londres (Reino Unido) y que se celebrar\u00e1 simult\u00e1neamente con el &#8216;Make the Future&#8217;, un nuevo festival de cuatro d\u00edas en el que se celebran las buenas ideas<\/p>\n","protected":false},"author":1,"featured_media":31563,"comment_status":"closed","ping_status":"closed","sticky":false,"template":"","format":"standard","meta":{"footnotes":""},"categories":[343],"tags":[],"class_list":{"0":"post-31562","1":"post","2":"type-post","3":"status-publish","4":"format-standard","5":"has-post-thumbnail","7":"category-actualidad"},"aioseo_notices":[],"aioseo_head":"\n\t\t<!-- All in One SEO Pro 4.9.6.2 - aioseo.com -->\n\t<meta name=\"description\" content=\"Dos equipos asturianos, con otros 13 equipos espa\u00f1oles m\u00e1s, participar\u00e1n en &#039;Shell Eco-marathon 2016&#039; que celebra su XXXI edici\u00f3n del 30 de junio al 3 de julio en Londres (Reino Unido) y que se celebrar\u00e1 simult\u00e1neamente con el &#039;Make the Future&#039;, un nuevo festival de cuatro d\u00edas en el que se celebran las buenas ideas\" \/>\n\t<meta name=\"robots\" content=\"max-image-preview:large\" \/>\n\t<meta name=\"author\" content=\"Cand\u00e1s 365\"\/>\n\t<meta name=\"google-site-verification\" content=\"UA-32230408-1\" \/>\n\t<meta name=\"msvalidate.01\" content=\"354F3CDFB2DA171B47FBE9ABF1F88D5\" \/>\n\t<meta name=\"keywords\" content=\"actualidad\" \/>\n\t<link rel=\"canonical\" href=\"https:\/\/candas365.es\/noticias\/dos-equipos-asturianos-participan-en-la-shell-eco-marathon-en-londres\/\" \/>\n\t<meta name=\"generator\" content=\"All in One SEO Pro (AIOSEO) 4.9.6.2\" \/>\n\t\t<meta property=\"og:locale\" content=\"es_ES\" \/>\n\t\t<meta property=\"og:site_name\" content=\"Cand\u00e1s 365\" \/>\n\t\t<meta property=\"og:type\" content=\"article\" \/>\n\t\t<meta property=\"og:title\" content=\"Dos equipos asturianos participan en la Shell Eco-marathon en Londres | Cand\u00e1s 365\" \/>\n\t\t<meta property=\"og:description\" content=\"Dos equipos asturianos, con otros 13 equipos espa\u00f1oles m\u00e1s, participar\u00e1n en &#039;Shell Eco-marathon 2016&#039; que celebra su XXXI edici\u00f3n del 30 de junio al 3 de julio en Londres (Reino Unido) y que se celebrar\u00e1 simult\u00e1neamente con el &#039;Make the Future&#039;, un nuevo festival de cuatro d\u00edas en el que se celebran las buenas ideas\" \/>\n\t\t<meta property=\"og:url\" content=\"https:\/\/candas365.es\/noticias\/dos-equipos-asturianos-participan-en-la-shell-eco-marathon-en-londres\/\" \/>\n\t\t<meta property=\"og:image\" content=\"https:\/\/candas365.es\/noticias\/wp-content\/uploads\/2016\/06\/fotonoticia_20160629105918_800.jpg\" \/>\n\t\t<meta property=\"og:image:secure_url\" content=\"https:\/\/candas365.es\/noticias\/wp-content\/uploads\/2016\/06\/fotonoticia_20160629105918_800.jpg\" \/>\n\t\t<meta property=\"og:image:width\" content=\"800\" \/>\n\t\t<meta property=\"og:image:height\" content=\"545\" \/>\n\t\t<meta property=\"article:published_time\" content=\"2016-06-30T06:01:12+00:00\" \/>\n\t\t<meta property=\"article:modified_time\" content=\"2016-06-30T06:01:12+00:00\" \/>\n\t\t<meta property=\"article:publisher\" content=\"https:\/\/www.facebook.com\/Nachofdezber\" \/>\n\t\t<meta property=\"article:author\" content=\"https:\/\/www.facebook.com\/carrenoactualidad\" \/>\n\t\t<meta name=\"twitter:card\" content=\"summary_large_image\" \/>\n\t\t<meta name=\"twitter:site\" content=\"@NabercoDigital\" \/>\n\t\t<meta name=\"twitter:title\" content=\"Dos equipos asturianos participan en la Shell Eco-marathon en Londres | Cand\u00e1s 365\" \/>\n\t\t<meta name=\"twitter:description\" content=\"Dos equipos asturianos, con otros 13 equipos espa\u00f1oles m\u00e1s, participar\u00e1n en &#039;Shell Eco-marathon 2016&#039; que celebra su XXXI edici\u00f3n del 30 de junio al 3 de julio en Londres (Reino Unido) y que se celebrar\u00e1 simult\u00e1neamente con el &#039;Make the Future&#039;, un nuevo festival de cuatro d\u00edas en el que se celebran las buenas ideas\" \/>\n\t\t<meta name=\"twitter:creator\" content=\"@nbasturias\" \/>\n\t\t<meta name=\"twitter:image\" content=\"https:\/\/candas365.es\/noticias\/wp-content\/uploads\/2016\/06\/fotonoticia_20160629105918_800.jpg\" \/>\n\t\t<meta name=\"twitter:label1\" content=\"Escrito por\" \/>\n\t\t<meta name=\"twitter:data1\" content=\"Cand\u00e1s 365\" \/>\n\t\t<meta name=\"twitter:label2\" content=\"Tiempo de lectura estimado\" \/>\n\t\t<meta name=\"twitter:data2\" content=\"2 minutos\" \/>\n\t\t<script type=\"application\/ld+json\" class=\"aioseo-schema\">\n\t\t\t{\"@context\":\"https:\\\/\\\/schema.org\",\"@graph\":[{\"@type\":\"BreadcrumbList\",\"@id\":\"https:\\\/\\\/candas365.es\\\/noticias\\\/dos-equipos-asturianos-participan-en-la-shell-eco-marathon-en-londres\\\/#breadcrumblist\",\"itemListElement\":[{\"@type\":\"ListItem\",\"@id\":\"https:\\\/\\\/candas365.es\\\/noticias#listItem\",\"position\":1,\"name\":\"Home\",\"item\":\"https:\\\/\\\/candas365.es\\\/noticias\",\"nextItem\":{\"@type\":\"ListItem\",\"@id\":\"https:\\\/\\\/candas365.es\\\/noticias\\\/category\\\/actualidad\\\/#listItem\",\"name\":\"Actualidad\"}},{\"@type\":\"ListItem\",\"@id\":\"https:\\\/\\\/candas365.es\\\/noticias\\\/category\\\/actualidad\\\/#listItem\",\"position\":2,\"name\":\"Actualidad\",\"item\":\"https:\\\/\\\/candas365.es\\\/noticias\\\/category\\\/actualidad\\\/\",\"nextItem\":{\"@type\":\"ListItem\",\"@id\":\"https:\\\/\\\/candas365.es\\\/noticias\\\/dos-equipos-asturianos-participan-en-la-shell-eco-marathon-en-londres\\\/#listItem\",\"name\":\"Dos equipos asturianos participan en la Shell Eco-marathon en Londres\"},\"previousItem\":{\"@type\":\"ListItem\",\"@id\":\"https:\\\/\\\/candas365.es\\\/noticias#listItem\",\"name\":\"Home\"}},{\"@type\":\"ListItem\",\"@id\":\"https:\\\/\\\/candas365.es\\\/noticias\\\/dos-equipos-asturianos-participan-en-la-shell-eco-marathon-en-londres\\\/#listItem\",\"position\":3,\"name\":\"Dos equipos asturianos participan en la Shell Eco-marathon en Londres\",\"previousItem\":{\"@type\":\"ListItem\",\"@id\":\"https:\\\/\\\/candas365.es\\\/noticias\\\/category\\\/actualidad\\\/#listItem\",\"name\":\"Actualidad\"}}]},{\"@type\":\"NewsArticle\",\"@id\":\"https:\\\/\\\/candas365.es\\\/noticias\\\/dos-equipos-asturianos-participan-en-la-shell-eco-marathon-en-londres\\\/#newsarticle\",\"name\":\"Dos equipos asturianos participan en la Shell Eco-marathon en Londres | Cand\\u00e1s 365\",\"headline\":\"Dos equipos asturianos participan en la Shell Eco-marathon en Londres\",\"author\":{\"@id\":\"https:\\\/\\\/candas365.es\\\/noticias\\\/author\\\/admin\\\/#author\"},\"publisher\":{\"@id\":\"https:\\\/\\\/candas365.es\\\/noticias\\\/#organization\"},\"image\":{\"@type\":\"ImageObject\",\"url\":\"https:\\\/\\\/candas365.es\\\/noticias\\\/wp-content\\\/uploads\\\/2016\\\/06\\\/fotonoticia_20160629105918_800.jpg\",\"width\":800,\"height\":545},\"datePublished\":\"2016-06-30T07:31:12+02:00\",\"dateModified\":\"2016-06-30T07:31:12+02:00\",\"inLanguage\":\"es-ES\",\"mainEntityOfPage\":{\"@id\":\"https:\\\/\\\/candas365.es\\\/noticias\\\/dos-equipos-asturianos-participan-en-la-shell-eco-marathon-en-londres\\\/#webpage\"},\"isPartOf\":{\"@id\":\"https:\\\/\\\/candas365.es\\\/noticias\\\/dos-equipos-asturianos-participan-en-la-shell-eco-marathon-en-londres\\\/#webpage\"},\"articleSection\":\"Actualidad\",\"dateline\":\"Publicado el junio 30, 2016.\"},{\"@type\":\"Organization\",\"@id\":\"https:\\\/\\\/candas365.es\\\/noticias\\\/#organization\",\"name\":\"Cand\\u00e1s 365\",\"description\":\"Cand\\u00e1s 365 es un diario digital independiente, fundado en 2012, con base en Asturias. Informamos con rigor sobre actualidad, sociedad, cultura y ocio, con una mirada local y global.\",\"url\":\"https:\\\/\\\/candas365.es\\\/noticias\\\/\",\"email\":\"info@candas365.es\",\"telephone\":\"+34652131393\",\"foundingDate\":\"2012-06-10\",\"logo\":{\"@type\":\"ImageObject\",\"url\":\"https:\\\/\\\/candas365.es\\\/noticias\\\/wp-content\\\/uploads\\\/2024\\\/09\\\/Candas-365-Redes.jpg\",\"@id\":\"https:\\\/\\\/candas365.es\\\/noticias\\\/dos-equipos-asturianos-participan-en-la-shell-eco-marathon-en-londres\\\/#organizationLogo\",\"width\":1152,\"height\":864,\"caption\":\"Cand\\u00e1s 365 Redes\"},\"image\":{\"@id\":\"https:\\\/\\\/candas365.es\\\/noticias\\\/dos-equipos-asturianos-participan-en-la-shell-eco-marathon-en-londres\\\/#organizationLogo\"},\"sameAs\":[\"https:\\\/\\\/www.facebook.com\\\/Nachofdezber\",\"https:\\\/\\\/x.com\\\/NabercoDigital\",\"https:\\\/\\\/www.instagram.com\\\/nachofdezber\\\/\",\"https:\\\/\\\/www.youtube.com\\\/channel\\\/UCZP-2wLEB9Rv6erhFmqVnvg\"],\"address\":{\"@id\":\"https:\\\/\\\/candas365.es\\\/noticias\\\/#postaladdress\",\"@type\":\"PostalAddress\",\"streetAddress\":\"san antonio 4, san antonio 4\",\"postalCode\":\"33430\",\"addressLocality\":\"Cand\\u00e1s\",\"addressRegion\":\"Asturias\",\"addressCountry\":\"ES\"}},{\"@type\":\"Person\",\"@id\":\"https:\\\/\\\/candas365.es\\\/noticias\\\/author\\\/admin\\\/#author\",\"url\":\"https:\\\/\\\/candas365.es\\\/noticias\\\/author\\\/admin\\\/\",\"name\":\"Cand\\u00e1s 365\",\"image\":{\"@type\":\"ImageObject\",\"@id\":\"https:\\\/\\\/candas365.es\\\/noticias\\\/dos-equipos-asturianos-participan-en-la-shell-eco-marathon-en-londres\\\/#authorImage\",\"url\":\"https:\\\/\\\/secure.gravatar.com\\\/avatar\\\/496a8e03d0c493ede1718b7934145dbdf8d89be1036b0eec9544e1094c9de390?s=96&d=mm&r=g\",\"width\":96,\"height\":96,\"caption\":\"Cand\\u00e1s 365\"},\"sameAs\":[\"https:\\\/\\\/www.facebook.com\\\/carrenoactualidad\",\"https:\\\/\\\/twitter.com\\\/nbasturias\",\"https:\\\/\\\/www.instagram.com\\\/nachofdezber\\\/\",\"https:\\\/\\\/www.youtube.com\\\/channel\\\/UCZP-2wLEB9Rv6erhFmqVnvg\"]},{\"@type\":\"WebPage\",\"@id\":\"https:\\\/\\\/candas365.es\\\/noticias\\\/dos-equipos-asturianos-participan-en-la-shell-eco-marathon-en-londres\\\/#webpage\",\"url\":\"https:\\\/\\\/candas365.es\\\/noticias\\\/dos-equipos-asturianos-participan-en-la-shell-eco-marathon-en-londres\\\/\",\"name\":\"Dos equipos asturianos participan en la Shell Eco-marathon en Londres | Cand\\u00e1s 365\",\"description\":\"Dos equipos asturianos, con otros 13 equipos espa\\u00f1oles m\\u00e1s, participar\\u00e1n en 'Shell Eco-marathon 2016' que celebra su XXXI edici\\u00f3n del 30 de junio al 3 de julio en Londres (Reino Unido) y que se celebrar\\u00e1 simult\\u00e1neamente con el 'Make the Future', un nuevo festival de cuatro d\\u00edas en el que se celebran las buenas ideas\",\"inLanguage\":\"es-ES\",\"isPartOf\":{\"@id\":\"https:\\\/\\\/candas365.es\\\/noticias\\\/#website\"},\"breadcrumb\":{\"@id\":\"https:\\\/\\\/candas365.es\\\/noticias\\\/dos-equipos-asturianos-participan-en-la-shell-eco-marathon-en-londres\\\/#breadcrumblist\"},\"author\":{\"@id\":\"https:\\\/\\\/candas365.es\\\/noticias\\\/author\\\/admin\\\/#author\"},\"creator\":{\"@id\":\"https:\\\/\\\/candas365.es\\\/noticias\\\/author\\\/admin\\\/#author\"},\"image\":{\"@type\":\"ImageObject\",\"url\":\"https:\\\/\\\/candas365.es\\\/noticias\\\/wp-content\\\/uploads\\\/2016\\\/06\\\/fotonoticia_20160629105918_800.jpg\",\"@id\":\"https:\\\/\\\/candas365.es\\\/noticias\\\/dos-equipos-asturianos-participan-en-la-shell-eco-marathon-en-londres\\\/#mainImage\",\"width\":800,\"height\":545},\"primaryImageOfPage\":{\"@id\":\"https:\\\/\\\/candas365.es\\\/noticias\\\/dos-equipos-asturianos-participan-en-la-shell-eco-marathon-en-londres\\\/#mainImage\"},\"datePublished\":\"2016-06-30T07:31:12+02:00\",\"dateModified\":\"2016-06-30T07:31:12+02:00\"},{\"@type\":\"WebSite\",\"@id\":\"https:\\\/\\\/candas365.es\\\/noticias\\\/#website\",\"url\":\"https:\\\/\\\/candas365.es\\\/noticias\\\/\",\"name\":\"Cand\\u00e1s 365\",\"alternateName\":\"Cand\\u00e1s 365 Noticias\",\"description\":\"Actualidad desde Carre\\u00f1o para el mundo\",\"inLanguage\":\"es-ES\",\"publisher\":{\"@id\":\"https:\\\/\\\/candas365.es\\\/noticias\\\/#organization\"}}]}\n\t\t<\/script>\n\t\t<!-- All in One SEO Pro -->\r\n\t\t<title>Dos equipos asturianos participan en la Shell Eco-marathon en Londres | Cand\u00e1s 365<\/title>\n\n","aioseo_head_json":{"title":"Dos equipos asturianos participan en la Shell Eco-marathon en Londres | Cand\u00e1s 365","description":"Dos equipos asturianos, con otros 13 equipos espa\u00f1oles m\u00e1s, participar\u00e1n en 'Shell Eco-marathon 2016' que celebra su XXXI edici\u00f3n del 30 de junio al 3 de julio en Londres (Reino Unido) y que se celebrar\u00e1 simult\u00e1neamente con el 'Make the Future', un nuevo festival de cuatro d\u00edas en el que se celebran las buenas ideas","canonical_url":"https:\/\/candas365.es\/noticias\/dos-equipos-asturianos-participan-en-la-shell-eco-marathon-en-londres\/","robots":"max-image-preview:large","keywords":"actualidad","webmasterTools":{"google-site-verification":"UA-32230408-1","msvalidate.01":"354F3CDFB2DA171B47FBE9ABF1F88D5","miscellaneous":""},"schema":{"@context":"https:\/\/schema.org","@graph":[{"@type":"BreadcrumbList","@id":"https:\/\/candas365.es\/noticias\/dos-equipos-asturianos-participan-en-la-shell-eco-marathon-en-londres\/#breadcrumblist","itemListElement":[{"@type":"ListItem","@id":"https:\/\/candas365.es\/noticias#listItem","position":1,"name":"Home","item":"https:\/\/candas365.es\/noticias","nextItem":{"@type":"ListItem","@id":"https:\/\/candas365.es\/noticias\/category\/actualidad\/#listItem","name":"Actualidad"}},{"@type":"ListItem","@id":"https:\/\/candas365.es\/noticias\/category\/actualidad\/#listItem","position":2,"name":"Actualidad","item":"https:\/\/candas365.es\/noticias\/category\/actualidad\/","nextItem":{"@type":"ListItem","@id":"https:\/\/candas365.es\/noticias\/dos-equipos-asturianos-participan-en-la-shell-eco-marathon-en-londres\/#listItem","name":"Dos equipos asturianos participan en la Shell Eco-marathon en Londres"},"previousItem":{"@type":"ListItem","@id":"https:\/\/candas365.es\/noticias#listItem","name":"Home"}},{"@type":"ListItem","@id":"https:\/\/candas365.es\/noticias\/dos-equipos-asturianos-participan-en-la-shell-eco-marathon-en-londres\/#listItem","position":3,"name":"Dos equipos asturianos participan en la Shell Eco-marathon en Londres","previousItem":{"@type":"ListItem","@id":"https:\/\/candas365.es\/noticias\/category\/actualidad\/#listItem","name":"Actualidad"}}]},{"@type":"NewsArticle","@id":"https:\/\/candas365.es\/noticias\/dos-equipos-asturianos-participan-en-la-shell-eco-marathon-en-londres\/#newsarticle","name":"Dos equipos asturianos participan en la Shell Eco-marathon en Londres | Cand\u00e1s 365","headline":"Dos equipos asturianos participan en la Shell Eco-marathon en Londres","author":{"@id":"https:\/\/candas365.es\/noticias\/author\/admin\/#author"},"publisher":{"@id":"https:\/\/candas365.es\/noticias\/#organization"},"image":{"@type":"ImageObject","url":"https:\/\/candas365.es\/noticias\/wp-content\/uploads\/2016\/06\/fotonoticia_20160629105918_800.jpg","width":800,"height":545},"datePublished":"2016-06-30T07:31:12+02:00","dateModified":"2016-06-30T07:31:12+02:00","inLanguage":"es-ES","mainEntityOfPage":{"@id":"https:\/\/candas365.es\/noticias\/dos-equipos-asturianos-participan-en-la-shell-eco-marathon-en-londres\/#webpage"},"isPartOf":{"@id":"https:\/\/candas365.es\/noticias\/dos-equipos-asturianos-participan-en-la-shell-eco-marathon-en-londres\/#webpage"},"articleSection":"Actualidad","dateline":"Publicado el junio 30, 2016."},{"@type":"Organization","@id":"https:\/\/candas365.es\/noticias\/#organization","name":"Cand\u00e1s 365","description":"Cand\u00e1s 365 es un diario digital independiente, fundado en 2012, con base en Asturias. Informamos con rigor sobre actualidad, sociedad, cultura y ocio, con una mirada local y global.","url":"https:\/\/candas365.es\/noticias\/","email":"info@candas365.es","telephone":"+34652131393","foundingDate":"2012-06-10","logo":{"@type":"ImageObject","url":"https:\/\/candas365.es\/noticias\/wp-content\/uploads\/2024\/09\/Candas-365-Redes.jpg","@id":"https:\/\/candas365.es\/noticias\/dos-equipos-asturianos-participan-en-la-shell-eco-marathon-en-londres\/#organizationLogo","width":1152,"height":864,"caption":"Cand\u00e1s 365 Redes"},"image":{"@id":"https:\/\/candas365.es\/noticias\/dos-equipos-asturianos-participan-en-la-shell-eco-marathon-en-londres\/#organizationLogo"},"sameAs":["https:\/\/www.facebook.com\/Nachofdezber","https:\/\/x.com\/NabercoDigital","https:\/\/www.instagram.com\/nachofdezber\/","https:\/\/www.youtube.com\/channel\/UCZP-2wLEB9Rv6erhFmqVnvg"],"address":{"@id":"https:\/\/candas365.es\/noticias\/#postaladdress","@type":"PostalAddress","streetAddress":"san antonio 4, san antonio 4","postalCode":"33430","addressLocality":"Cand\u00e1s","addressRegion":"Asturias","addressCountry":"ES"}},{"@type":"Person","@id":"https:\/\/candas365.es\/noticias\/author\/admin\/#author","url":"https:\/\/candas365.es\/noticias\/author\/admin\/","name":"Cand\u00e1s 365","image":{"@type":"ImageObject","@id":"https:\/\/candas365.es\/noticias\/dos-equipos-asturianos-participan-en-la-shell-eco-marathon-en-londres\/#authorImage","url":"https:\/\/secure.gravatar.com\/avatar\/496a8e03d0c493ede1718b7934145dbdf8d89be1036b0eec9544e1094c9de390?s=96&d=mm&r=g","width":96,"height":96,"caption":"Cand\u00e1s 365"},"sameAs":["https:\/\/www.facebook.com\/carrenoactualidad","https:\/\/twitter.com\/nbasturias","https:\/\/www.instagram.com\/nachofdezber\/","https:\/\/www.youtube.com\/channel\/UCZP-2wLEB9Rv6erhFmqVnvg"]},{"@type":"WebPage","@id":"https:\/\/candas365.es\/noticias\/dos-equipos-asturianos-participan-en-la-shell-eco-marathon-en-londres\/#webpage","url":"https:\/\/candas365.es\/noticias\/dos-equipos-asturianos-participan-en-la-shell-eco-marathon-en-londres\/","name":"Dos equipos asturianos participan en la Shell Eco-marathon en Londres | Cand\u00e1s 365","description":"Dos equipos asturianos, con otros 13 equipos espa\u00f1oles m\u00e1s, participar\u00e1n en 'Shell Eco-marathon 2016' que celebra su XXXI edici\u00f3n del 30 de junio al 3 de julio en Londres (Reino Unido) y que se celebrar\u00e1 simult\u00e1neamente con el 'Make the Future', un nuevo festival de cuatro d\u00edas en el que se celebran las buenas ideas","inLanguage":"es-ES","isPartOf":{"@id":"https:\/\/candas365.es\/noticias\/#website"},"breadcrumb":{"@id":"https:\/\/candas365.es\/noticias\/dos-equipos-asturianos-participan-en-la-shell-eco-marathon-en-londres\/#breadcrumblist"},"author":{"@id":"https:\/\/candas365.es\/noticias\/author\/admin\/#author"},"creator":{"@id":"https:\/\/candas365.es\/noticias\/author\/admin\/#author"},"image":{"@type":"ImageObject","url":"https:\/\/candas365.es\/noticias\/wp-content\/uploads\/2016\/06\/fotonoticia_20160629105918_800.jpg","@id":"https:\/\/candas365.es\/noticias\/dos-equipos-asturianos-participan-en-la-shell-eco-marathon-en-londres\/#mainImage","width":800,"height":545},"primaryImageOfPage":{"@id":"https:\/\/candas365.es\/noticias\/dos-equipos-asturianos-participan-en-la-shell-eco-marathon-en-londres\/#mainImage"},"datePublished":"2016-06-30T07:31:12+02:00","dateModified":"2016-06-30T07:31:12+02:00"},{"@type":"WebSite","@id":"https:\/\/candas365.es\/noticias\/#website","url":"https:\/\/candas365.es\/noticias\/","name":"Cand\u00e1s 365","alternateName":"Cand\u00e1s 365 Noticias","description":"Actualidad desde Carre\u00f1o para el mundo","inLanguage":"es-ES","publisher":{"@id":"https:\/\/candas365.es\/noticias\/#organization"}}]},"og:locale":"es_ES","og:site_name":"Cand\u00e1s 365","og:type":"article","og:title":"Dos equipos asturianos participan en la Shell Eco-marathon en Londres | Cand\u00e1s 365","og:description":"Dos equipos asturianos, con otros 13 equipos espa\u00f1oles m\u00e1s, participar\u00e1n en 'Shell Eco-marathon 2016' que celebra su XXXI edici\u00f3n del 30 de junio al 3 de julio en Londres (Reino Unido) y que se celebrar\u00e1 simult\u00e1neamente con el 'Make the Future', un nuevo festival de cuatro d\u00edas en el que se celebran las buenas ideas","og:url":"https:\/\/candas365.es\/noticias\/dos-equipos-asturianos-participan-en-la-shell-eco-marathon-en-londres\/","og:image":"https:\/\/candas365.es\/noticias\/wp-content\/uploads\/2016\/06\/fotonoticia_20160629105918_800.jpg","og:image:secure_url":"https:\/\/candas365.es\/noticias\/wp-content\/uploads\/2016\/06\/fotonoticia_20160629105918_800.jpg","og:image:width":800,"og:image:height":545,"article:published_time":"2016-06-30T06:01:12+00:00","article:modified_time":"2016-06-30T06:01:12+00:00","article:publisher":"https:\/\/www.facebook.com\/Nachofdezber","article:author":"https:\/\/www.facebook.com\/carrenoactualidad","twitter:card":"summary_large_image","twitter:site":"@NabercoDigital","twitter:title":"Dos equipos asturianos participan en la Shell Eco-marathon en Londres | Cand\u00e1s 365","twitter:description":"Dos equipos asturianos, con otros 13 equipos espa\u00f1oles m\u00e1s, participar\u00e1n en 'Shell Eco-marathon 2016' que celebra su XXXI edici\u00f3n del 30 de junio al 3 de julio en Londres (Reino Unido) y que se celebrar\u00e1 simult\u00e1neamente con el 'Make the Future', un nuevo festival de cuatro d\u00edas en el que se celebran las buenas ideas","twitter:creator":"@nbasturias","twitter:image":"https:\/\/candas365.es\/noticias\/wp-content\/uploads\/2016\/06\/fotonoticia_20160629105918_800.jpg","twitter:label1":"Escrito por","twitter:data1":"Cand\u00e1s 365","twitter:label2":"Tiempo de lectura estimado","twitter:data2":"2 minutos"},"aioseo_meta_data":{"post_id":"31562","title":null,"description":null,"keywords":null,"keyphrases":null,"primary_term":null,"canonical_url":null,"og_title":null,"og_description":null,"og_object_type":"default","og_image_type":"default","og_image_url":null,"og_image_width":null,"og_image_height":null,"og_image_custom_url":null,"og_image_custom_fields":null,"og_video":null,"og_custom_url":null,"og_article_section":null,"og_article_tags":null,"twitter_use_og":false,"twitter_card":"default","twitter_image_type":"default","twitter_image_url":null,"twitter_image_custom_url":null,"twitter_image_custom_fields":null,"twitter_title":null,"twitter_description":null,"schema":{"blockGraphs":[],"customGraphs":[],"default":{"data":{"Article":[],"Course":[],"Dataset":[],"FAQPage":[],"Movie":[],"Person":[],"Product":[],"ProductReview":[],"Car":[],"Recipe":[],"Service":[],"SoftwareApplication":[],"WebPage":[]},"graphName":"","isEnabled":true},"graphs":[],"defaultGraph":"","defaultPostTypeGraph":""},"schema_type":null,"schema_type_options":null,"pillar_content":false,"robots_default":true,"robots_noindex":false,"robots_noarchive":false,"robots_nosnippet":false,"robots_nofollow":false,"robots_noimageindex":false,"robots_noodp":false,"robots_notranslate":false,"robots_max_snippet":null,"robots_max_videopreview":null,"robots_max_imagepreview":"large","priority":null,"frequency":null,"location":null,"local_seo":null,"seo_analyzer_scan_date":"2025-08-24 14:04:09","breadcrumb_settings":null,"limit_modified_date":false,"reviewed_by":null,"open_ai":null,"ai":null,"created":"2020-12-21 13:01:29","updated":"2025-08-24 14:04:09"},"aioseo_breadcrumb":"<div class=\"aioseo-breadcrumbs\"><span class=\"aioseo-breadcrumb\">\n\t<a href=\"https:\/\/candas365.es\/noticias\" title=\"Home\">Home<\/a>\n<\/span><span class=\"aioseo-breadcrumb-separator\">&ndash;<\/span><span class=\"aioseo-breadcrumb\">\n\t<a href=\"https:\/\/candas365.es\/noticias\/category\/actualidad\/\" title=\"Actualidad\">Actualidad<\/a>\n<\/span><span class=\"aioseo-breadcrumb-separator\">&ndash;<\/span><span class=\"aioseo-breadcrumb\">\n\tDos equipos asturianos participan en la Shell Eco-marathon en Londres\n<\/span><\/div>","aioseo_breadcrumb_json":[{"label":"Home","link":"https:\/\/candas365.es\/noticias"},{"label":"Actualidad","link":"https:\/\/candas365.es\/noticias\/category\/actualidad\/"},{"label":"Dos equipos asturianos participan en la Shell Eco-marathon en Londres","link":"https:\/\/candas365.es\/noticias\/dos-equipos-asturianos-participan-en-la-shell-eco-marathon-en-londres\/"}],"_links":{"self":[{"href":"https:\/\/candas365.es\/noticias\/wp-json\/wp\/v2\/posts\/31562","targetHints":{"allow":["GET"]}}],"collection":[{"href":"https:\/\/candas365.es\/noticias\/wp-json\/wp\/v2\/posts"}],"about":[{"href":"https:\/\/candas365.es\/noticias\/wp-json\/wp\/v2\/types\/post"}],"author":[{"embeddable":true,"href":"https:\/\/candas365.es\/noticias\/wp-json\/wp\/v2\/users\/1"}],"replies":[{"embeddable":true,"href":"https:\/\/candas365.es\/noticias\/wp-json\/wp\/v2\/comments?post=31562"}],"version-history":[{"count":0,"href":"https:\/\/candas365.es\/noticias\/wp-json\/wp\/v2\/posts\/31562\/revisions"}],"wp:featuredmedia":[{"embeddable":true,"href":"https:\/\/candas365.es\/noticias\/wp-json\/wp\/v2\/media\/31563"}],"wp:attachment":[{"href":"https:\/\/candas365.es\/noticias\/wp-json\/wp\/v2\/media?parent=31562"}],"wp:term":[{"taxonomy":"category","embeddable":true,"href":"https:\/\/candas365.es\/noticias\/wp-json\/wp\/v2\/categories?post=31562"},{"taxonomy":"post_tag","embeddable":true,"href":"https:\/\/candas365.es\/noticias\/wp-json\/wp\/v2\/tags?post=31562"}],"curies":[{"name":"wp","href":"https:\/\/api.w.org\/{rel}","templated":true}]}}