{"id":31454,"date":"2016-06-27T22:48:26","date_gmt":"2016-06-27T21:18:26","guid":{"rendered":"http:\/\/candas365.es\/noticias\/?p=31454"},"modified":"2016-06-27T22:48:26","modified_gmt":"2016-06-27T21:18:26","slug":"seis-formaciones-tienen-garantizado-grupo-en-el-congreso","status":"publish","type":"post","link":"https:\/\/candas365.es\/noticias\/seis-formaciones-tienen-garantizado-grupo-en-el-congreso\/","title":{"rendered":"Seis formaciones tienen garantizado grupo en el Congreso"},"content":{"rendered":"<p><img fetchpriority=\"high\" decoding=\"async\" class=\"alignleft size-medium wp-image-31455\" src=\"https:\/\/candas365.es\/noticias\/wp-content\/uploads\/2016\/06\/congreso-360x198.jpg\" alt=\"congreso\" width=\"360\" height=\"198\" srcset=\"https:\/\/candas365.es\/noticias\/wp-content\/uploads\/2016\/06\/congreso-360x198.jpg 360w, https:\/\/candas365.es\/noticias\/wp-content\/uploads\/2016\/06\/congreso-650x357.jpg 650w, https:\/\/candas365.es\/noticias\/wp-content\/uploads\/2016\/06\/congreso-150x82.jpg 150w, https:\/\/candas365.es\/noticias\/wp-content\/uploads\/2016\/06\/congreso-450x247.jpg 450w, https:\/\/candas365.es\/noticias\/wp-content\/uploads\/2016\/06\/congreso.jpg 655w\" sizes=\"(max-width: 360px) 100vw, 360px\" \/>Seis formaciones &#8211;PP, PSOE, Unidos Podemos y sus confluencias, Ciudadanos, ERC y el PNV&#8211; tienen ya garantizado contar con grupo propio en el Congreso durante la XII Legislatura gracias a los resultados que obtuvieron en las elecciones de este domingo. Sin embargo, por primera vez desde la Transici\u00f3n, Converg\u00e8ncia Democr\u00e1tica de Catalunya (CDC) podr\u00eda recalar en el Grupo Mixto porque, de entrada, no re\u00fane los requisitos m\u00ednimos para constituir grupo propio.<\/p>\n<p>Los partidos contar\u00e1n con cinco d\u00edas h\u00e1biles desde la constituci\u00f3n de las Cortes Generales (19 de julio) para crear sus grupos parlamentarios en el Congreso y en el Senado, es decir, hasta el lunes 25 de julio, siempre y cuando las Mesas de ambas C\u00e1maras no ampl\u00eden ese plazo si los consideran oportuno.<\/p>\n<p>Seg\u00fan los resultados obtenidos por las distintas candidaturas, en el nuevo Congreso funcionar\u00edan siete grupos parlamentarios, uno menos que en la anterior legislatura.<\/p>\n<p>El Mixto, donde acaban los diputados que no se adscriben a ning\u00fan grupo, podr\u00eda acoger a 15 parlamentarios de seis formaciones: dos Uni\u00f3n del Pueblo Navarro y uno de Foro Asturias (partidos que compitieron en coalici\u00f3n con el PP en sus respectivos territorios) uno de Nueva Canarias (que hizo lo propio con el PSOE), dos EH Bildu, una Coalici\u00f3n Canaria y, en su caso, los ocho de CDC). Tendr\u00eda un partido y un diputado menos que en el periodo anterior, cuando reuni\u00f3 a 14 parlamentarios de siete organizaciones.<\/p>\n<p>DOS V\u00cdAS POSIBLES<\/p>\n<p>El Reglamento establece que todos los partidos que tengan 15 o m\u00e1s esca\u00f1os podr\u00e1n constituir grupo parlamentario, requisito que cumplen el PP, el PSOE, Unidos Podemos y sus confluencias y Ciudadanos.<\/p>\n<p>Pero hay una segunda v\u00eda para constituir grupo propio: superar los cinco diputados y el 5% de los votos en todo el pa\u00eds o el 15% en todas las circunscripciones en las que se concurre. Esta f\u00f3rmula le vale al PNV que, aunque ha perdido un esca\u00f1o ha llegado a los cinco, y rebasa el 15% de los votos en las tres provincias vascas.<\/p>\n<p>Tambi\u00e9n se aseguran grupo con estos requisitos los independentistas de Esquerra Republicana, que han renovado sus 9 esca\u00f1os y superan ese m\u00ednimo del 15% en las cuatro provincias catalanas.<\/p>\n<p>En la anterior legislatura, ERC y CDC (que entonces se present\u00f3 con el nombre de Democr\u00e0cia y Llibertat) sacaron 9 y 8 esca\u00f1os respectivamente, pero no llegaron al 15% en todas las circunscripciones catalanas. No obstante, la Mesa del Congreso, con la anuencia de PP y PSOE, les permiti\u00f3 tener sus propios grupos por haber sumado m\u00e1s del 15% de todos votos en toda Catalu\u00f1a.<\/p>\n<p>NO SUPERA EL 15% EN TODA CATALU\u00d1A<\/p>\n<p>Sin embargo, la p\u00e9rdida de los m\u00e1s de 88.000 votos que ha sufrido CDC en estas elecciones puede acarrearle la p\u00e9rdida del grupo parlamentario con el que los nacionalistas catalanes siempre han funcionado en el Congreso en esta etapa democr\u00e1tica.<\/p>\n<p>Y es que, aunque ha logrado conservar los 8 diputados que sum\u00f3 en diciembre, CDC ya no llega al 15% en toda Catalu\u00f1a (se ha quedado 13,92%). De hecho, s\u00f3lo supera ese umbral en Girona (23,24%) y Lleida (22,64), pero no lo alcanza ni en Tarragona (13,72%) ni en Barcelona (12,20%). Con este escenario, si la Mesa del Congreso aplica estrictamente el Reglamento, CDC tendr\u00eda que compartir espacio, tiempo y recursos con otros cinco partidos del Mixto.<\/p>\n<p>En la anterior legislatura tambi\u00e9n formaron parte del Mixto los cuatro diputados de Comprom\u00eds que decidieron no entrar en el grupo que crearon Podemos y sus confluencias, y los dos que Izquierda Unida-Unidad Popular sac\u00f3 en Madrid el pasado mes de diciembre.<\/p>\n<p>UNIDOS PODEMOS Y CONFLUENCIAS<\/p>\n<p>Ahora Izquierda Unida ha concurrido en coalici\u00f3n con Podemos en toda Espa\u00f1a y se han reeditado tambi\u00e9n las coaliciones territoriales del partido morado (En Com\u00fa Podem, A la Valenciana y En Marea). En la anterior legislatura estas confluencias intentaron construir cada una su propio grupo pero se toparon con las reticencias de PSOE, PP y Ciudadanos y finalmente optaron por crear el denominado grupo confederal del que se quedaron fuera los cuatro diputados de Comprom\u00eds.<\/p>\n<p>Como en diciembre, las confluencias catalana, valenciana y gallega tambi\u00e9n suman m\u00e1s de cinco diputados y superan el 15% en sus respectivas comunidades. Sin embargo, y tal y como esgrimieron los mayoritarios en enero, ese art\u00edculo 23 del Reglamento impide que diputados de un mismo partido puedan formar grupos separados (medida que se tom\u00f3 para acabar con la multiplicaci\u00f3n de grupos socialistas territoriales en la Transici\u00f3n) y se creen grupos con diputados de formaciones pol\u00edticas que no se hayan enfrentado ante el electorado (prevenci\u00f3n contra el transfuguismo).<\/p>\n<p>ERC SE ASEGURA GRUPO EN EL SENADO<\/p>\n<p>Los resultados no variar\u00e1n demasiado la organizaci\u00f3n de los grupos parlamentarios en el pr\u00f3ximo Senado. El PP volver\u00e1 a ser el mayoritario (151 esca\u00f1os entre electos y auton\u00f3micos) seguido por el PSOE, con 63 componentes (43 electos y 20 senadores auton\u00f3micos). Unidos Podemos tambi\u00e9n podr\u00e1 formar su propio grupo junto a sus confluencias, si as\u00ed lo vuelven a decidir y como ya hicieron en la pasada legislatura. En total sumar\u00e1n 23 senadores.<\/p>\n<p>En la C\u00e1mara Alta, el Reglamento exige contar con diez senadores para poder formar grupo propio y es habitual que los mayoritarios presten senadores a los peque\u00f1os para permitirles llegar a ese m\u00ednimo. Una vez que arranca el periodo de sesiones, los parlamentarios cedidos vuelven a su grupo original. Es lo que le ocurri\u00f3 por ejemplo a ERC en la pasada legislatura, aunque ahora ya no necesitar\u00e1 ayuda porque ha logrado 10 senadores electos, que sumar\u00e1 a sus dos auton\u00f3micos y tendr\u00e1 un grupo de 12 parlamentarios.<\/p>\n<p>Como e n anteriores legislaturas, el PNV deber\u00e1 recurrir de nuevo a ese pr\u00e9stamo de senadores pues tendr\u00e1 ahora 6 senadores y necesitar\u00e1 otros cuatro para formar grupo propio. M\u00e1s complicado lo tendr\u00e1 CDC, que ha pasado de seis a dos esca\u00f1os; cuenta con otros dos senadores auton\u00f3micos, por lo que sumar\u00e1 en total cuatro y tendr\u00eda que recibir seis parlamentarios cedidos.<\/p>\n<p>El resto, pasar\u00e1n al Grupo Mixto, que a priori estar\u00e1 compuesto por tres senadores auton\u00f3micos de Ciudadano, un senador de Coalici\u00f3n Canaria, otro de Agrupaci\u00f3n Socialista Gomera y otro auton\u00f3mico de Bildu.<\/p>\n<p>VENTAJAS POL\u00cdTICAS Y ECON\u00d3MICAS<\/p>\n<p>Tener grupo propio supone grandes ventajas pol\u00edticas, econ\u00f3micas y de medios. Quien lo constituye tiene garantizada su representaci\u00f3n en todas las comisiones parlamentarias, en la Diputaci\u00f3n Permanente y voz propia en la Junta de Portavoces y capacidad para intervenir en todos los debates en igualdad de condiciones; mientras que dentro del Grupo Mixto hay que repartirse tiempos de intervenci\u00f3n y asientos en las comisiones.<\/p>\n<p>En las sesiones de control, tener grupo propio posibilita entrar en los cupos de preguntas e interpelaciones al Gobierno, as\u00ed como ventajas a la hora de incluir sus proposiciones no de ley en los plenos, pero en el Grupo Mixto todo ese &#8216;pedazo de tarta&#8217; debe distribuirse a partes iguales.<\/p>\n<p>En el plano econ\u00f3mico, por ejemplo, durante la anterior legislatura las fuerzas pol\u00edticas que se constituyeron en grupo recibieron en el Congreso una subvenci\u00f3n fija de 28.597,08 euros mensuales y otra variable, en funci\u00f3n del n\u00famero de diputados compon\u00edan el grupo, que ascend\u00eda a unos 1.645,49 euros mensuales por esca\u00f1o. El sistema en el Senado es id\u00e9ntico, aunque var\u00edan las cantidades.<\/p>\n<p>Adem\u00e1s, s\u00f3lo habiendo conseguido grupo parlamentario propio se puede acceder al cobro de las subvenciones por env\u00edo gratuito de propaganda electoral durante la campa\u00f1a. Y las ventajas se prolongan para las siguientes elecciones, porque los que ahora lo consigan tendr\u00e1n opci\u00f3n a presencia en los futuros debates electorales y planes de cobertura informativa de los medios p\u00fablicos.<\/p>\n","protected":false},"excerpt":{"rendered":"<p>Seis formaciones &#8211;PP, PSOE, Unidos Podemos y sus confluencias, Ciudadanos, ERC y el PNV&#8211; tienen ya garantizado contar con grupo propio en el Congreso durante la XII Legislatura gracias a los resultados que obtuvieron en las elecciones de este domingo. Sin embargo, por primera vez desde la Transici\u00f3n, Converg\u00e8ncia Democr\u00e1tica de Catalunya (CDC) podr\u00eda recalar<\/p>\n","protected":false},"author":1,"featured_media":31455,"comment_status":"closed","ping_status":"closed","sticky":false,"template":"","format":"standard","meta":{"footnotes":""},"categories":[343],"tags":[],"class_list":{"0":"post-31454","1":"post","2":"type-post","3":"status-publish","4":"format-standard","5":"has-post-thumbnail","7":"category-actualidad"},"aioseo_notices":[],"aioseo_head":"\n\t\t<!-- All in One SEO Pro 4.9.6.2 - aioseo.com -->\n\t<meta name=\"description\" content=\"Seis formaciones --PP, PSOE, Unidos Podemos y sus confluencias, Ciudadanos, ERC y el PNV-- tienen ya garantizado contar con grupo propio en el Congreso durante la XII Legislatura gracias a los resultados que obtuvieron en las elecciones de este domingo. Sin embargo, por primera vez desde la Transici\u00f3n, Converg\u00e8ncia Democr\u00e1tica de Catalunya (CDC) podr\u00eda recalar\" \/>\n\t<meta name=\"robots\" content=\"max-image-preview:large\" \/>\n\t<meta name=\"author\" content=\"Cand\u00e1s 365\"\/>\n\t<meta name=\"google-site-verification\" content=\"UA-32230408-1\" \/>\n\t<meta name=\"msvalidate.01\" content=\"354F3CDFB2DA171B47FBE9ABF1F88D5\" \/>\n\t<meta name=\"keywords\" content=\"actualidad\" \/>\n\t<link rel=\"canonical\" href=\"https:\/\/candas365.es\/noticias\/seis-formaciones-tienen-garantizado-grupo-en-el-congreso\/\" \/>\n\t<meta name=\"generator\" content=\"All in One SEO Pro (AIOSEO) 4.9.6.2\" \/>\n\t\t<meta property=\"og:locale\" content=\"es_ES\" \/>\n\t\t<meta property=\"og:site_name\" content=\"Cand\u00e1s 365\" \/>\n\t\t<meta property=\"og:type\" content=\"article\" \/>\n\t\t<meta property=\"og:title\" content=\"Seis formaciones tienen garantizado grupo en el Congreso | Cand\u00e1s 365\" \/>\n\t\t<meta property=\"og:description\" content=\"Seis formaciones --PP, PSOE, Unidos Podemos y sus confluencias, Ciudadanos, ERC y el PNV-- tienen ya garantizado contar con grupo propio en el Congreso durante la XII Legislatura gracias a los resultados que obtuvieron en las elecciones de este domingo. Sin embargo, por primera vez desde la Transici\u00f3n, Converg\u00e8ncia Democr\u00e1tica de Catalunya (CDC) podr\u00eda recalar\" \/>\n\t\t<meta property=\"og:url\" content=\"https:\/\/candas365.es\/noticias\/seis-formaciones-tienen-garantizado-grupo-en-el-congreso\/\" \/>\n\t\t<meta property=\"og:image\" content=\"https:\/\/candas365.es\/noticias\/wp-content\/uploads\/2016\/06\/congreso.jpg\" \/>\n\t\t<meta property=\"og:image:secure_url\" content=\"https:\/\/candas365.es\/noticias\/wp-content\/uploads\/2016\/06\/congreso.jpg\" \/>\n\t\t<meta property=\"og:image:width\" content=\"655\" \/>\n\t\t<meta property=\"og:image:height\" content=\"360\" \/>\n\t\t<meta property=\"article:published_time\" content=\"2016-06-27T21:18:26+00:00\" \/>\n\t\t<meta property=\"article:modified_time\" content=\"2016-06-27T21:18:26+00:00\" \/>\n\t\t<meta property=\"article:publisher\" content=\"https:\/\/www.facebook.com\/Nachofdezber\" \/>\n\t\t<meta property=\"article:author\" content=\"https:\/\/www.facebook.com\/carrenoactualidad\" \/>\n\t\t<meta name=\"twitter:card\" content=\"summary_large_image\" \/>\n\t\t<meta name=\"twitter:site\" content=\"@NabercoDigital\" \/>\n\t\t<meta name=\"twitter:title\" content=\"Seis formaciones tienen garantizado grupo en el Congreso | Cand\u00e1s 365\" \/>\n\t\t<meta name=\"twitter:description\" content=\"Seis formaciones --PP, PSOE, Unidos Podemos y sus confluencias, Ciudadanos, ERC y el PNV-- tienen ya garantizado contar con grupo propio en el Congreso durante la XII Legislatura gracias a los resultados que obtuvieron en las elecciones de este domingo. Sin embargo, por primera vez desde la Transici\u00f3n, Converg\u00e8ncia Democr\u00e1tica de Catalunya (CDC) podr\u00eda recalar\" \/>\n\t\t<meta name=\"twitter:creator\" content=\"@nbasturias\" \/>\n\t\t<meta name=\"twitter:image\" content=\"https:\/\/candas365.es\/noticias\/wp-content\/uploads\/2016\/06\/congreso.jpg\" \/>\n\t\t<meta name=\"twitter:label1\" content=\"Escrito por\" \/>\n\t\t<meta name=\"twitter:data1\" content=\"Cand\u00e1s 365\" \/>\n\t\t<meta name=\"twitter:label2\" content=\"Tiempo de lectura estimado\" \/>\n\t\t<meta name=\"twitter:data2\" content=\"7 minutos\" \/>\n\t\t<script type=\"application\/ld+json\" class=\"aioseo-schema\">\n\t\t\t{\"@context\":\"https:\\\/\\\/schema.org\",\"@graph\":[{\"@type\":\"BreadcrumbList\",\"@id\":\"https:\\\/\\\/candas365.es\\\/noticias\\\/seis-formaciones-tienen-garantizado-grupo-en-el-congreso\\\/#breadcrumblist\",\"itemListElement\":[{\"@type\":\"ListItem\",\"@id\":\"https:\\\/\\\/candas365.es\\\/noticias#listItem\",\"position\":1,\"name\":\"Home\",\"item\":\"https:\\\/\\\/candas365.es\\\/noticias\",\"nextItem\":{\"@type\":\"ListItem\",\"@id\":\"https:\\\/\\\/candas365.es\\\/noticias\\\/category\\\/actualidad\\\/#listItem\",\"name\":\"Actualidad\"}},{\"@type\":\"ListItem\",\"@id\":\"https:\\\/\\\/candas365.es\\\/noticias\\\/category\\\/actualidad\\\/#listItem\",\"position\":2,\"name\":\"Actualidad\",\"item\":\"https:\\\/\\\/candas365.es\\\/noticias\\\/category\\\/actualidad\\\/\",\"nextItem\":{\"@type\":\"ListItem\",\"@id\":\"https:\\\/\\\/candas365.es\\\/noticias\\\/seis-formaciones-tienen-garantizado-grupo-en-el-congreso\\\/#listItem\",\"name\":\"Seis formaciones tienen garantizado grupo en el Congreso\"},\"previousItem\":{\"@type\":\"ListItem\",\"@id\":\"https:\\\/\\\/candas365.es\\\/noticias#listItem\",\"name\":\"Home\"}},{\"@type\":\"ListItem\",\"@id\":\"https:\\\/\\\/candas365.es\\\/noticias\\\/seis-formaciones-tienen-garantizado-grupo-en-el-congreso\\\/#listItem\",\"position\":3,\"name\":\"Seis formaciones tienen garantizado grupo en el Congreso\",\"previousItem\":{\"@type\":\"ListItem\",\"@id\":\"https:\\\/\\\/candas365.es\\\/noticias\\\/category\\\/actualidad\\\/#listItem\",\"name\":\"Actualidad\"}}]},{\"@type\":\"NewsArticle\",\"@id\":\"https:\\\/\\\/candas365.es\\\/noticias\\\/seis-formaciones-tienen-garantizado-grupo-en-el-congreso\\\/#newsarticle\",\"name\":\"Seis formaciones tienen garantizado grupo en el Congreso | Cand\\u00e1s 365\",\"headline\":\"Seis formaciones tienen garantizado grupo en el Congreso\",\"author\":{\"@id\":\"https:\\\/\\\/candas365.es\\\/noticias\\\/author\\\/admin\\\/#author\"},\"publisher\":{\"@id\":\"https:\\\/\\\/candas365.es\\\/noticias\\\/#organization\"},\"image\":{\"@type\":\"ImageObject\",\"url\":\"https:\\\/\\\/candas365.es\\\/noticias\\\/wp-content\\\/uploads\\\/2016\\\/06\\\/congreso.jpg\",\"width\":655,\"height\":360},\"datePublished\":\"2016-06-27T22:48:26+02:00\",\"dateModified\":\"2016-06-27T22:48:26+02:00\",\"inLanguage\":\"es-ES\",\"mainEntityOfPage\":{\"@id\":\"https:\\\/\\\/candas365.es\\\/noticias\\\/seis-formaciones-tienen-garantizado-grupo-en-el-congreso\\\/#webpage\"},\"isPartOf\":{\"@id\":\"https:\\\/\\\/candas365.es\\\/noticias\\\/seis-formaciones-tienen-garantizado-grupo-en-el-congreso\\\/#webpage\"},\"articleSection\":\"Actualidad\",\"dateline\":\"Publicado el junio 27, 2016.\"},{\"@type\":\"Organization\",\"@id\":\"https:\\\/\\\/candas365.es\\\/noticias\\\/#organization\",\"name\":\"Cand\\u00e1s 365\",\"description\":\"Cand\\u00e1s 365 es un diario digital independiente, fundado en 2012, con base en Asturias. Informamos con rigor sobre actualidad, sociedad, cultura y ocio, con una mirada local y global.\",\"url\":\"https:\\\/\\\/candas365.es\\\/noticias\\\/\",\"email\":\"info@candas365.es\",\"telephone\":\"+34652131393\",\"foundingDate\":\"2012-06-10\",\"logo\":{\"@type\":\"ImageObject\",\"url\":\"https:\\\/\\\/candas365.es\\\/noticias\\\/wp-content\\\/uploads\\\/2024\\\/09\\\/Candas-365-Redes.jpg\",\"@id\":\"https:\\\/\\\/candas365.es\\\/noticias\\\/seis-formaciones-tienen-garantizado-grupo-en-el-congreso\\\/#organizationLogo\",\"width\":1152,\"height\":864,\"caption\":\"Cand\\u00e1s 365 Redes\"},\"image\":{\"@id\":\"https:\\\/\\\/candas365.es\\\/noticias\\\/seis-formaciones-tienen-garantizado-grupo-en-el-congreso\\\/#organizationLogo\"},\"sameAs\":[\"https:\\\/\\\/www.facebook.com\\\/Nachofdezber\",\"https:\\\/\\\/x.com\\\/NabercoDigital\",\"https:\\\/\\\/www.instagram.com\\\/nachofdezber\\\/\",\"https:\\\/\\\/www.youtube.com\\\/channel\\\/UCZP-2wLEB9Rv6erhFmqVnvg\"],\"address\":{\"@id\":\"https:\\\/\\\/candas365.es\\\/noticias\\\/#postaladdress\",\"@type\":\"PostalAddress\",\"streetAddress\":\"san antonio 4, san antonio 4\",\"postalCode\":\"33430\",\"addressLocality\":\"Cand\\u00e1s\",\"addressRegion\":\"Asturias\",\"addressCountry\":\"ES\"}},{\"@type\":\"Person\",\"@id\":\"https:\\\/\\\/candas365.es\\\/noticias\\\/author\\\/admin\\\/#author\",\"url\":\"https:\\\/\\\/candas365.es\\\/noticias\\\/author\\\/admin\\\/\",\"name\":\"Cand\\u00e1s 365\",\"image\":{\"@type\":\"ImageObject\",\"@id\":\"https:\\\/\\\/candas365.es\\\/noticias\\\/seis-formaciones-tienen-garantizado-grupo-en-el-congreso\\\/#authorImage\",\"url\":\"https:\\\/\\\/secure.gravatar.com\\\/avatar\\\/496a8e03d0c493ede1718b7934145dbdf8d89be1036b0eec9544e1094c9de390?s=96&d=mm&r=g\",\"width\":96,\"height\":96,\"caption\":\"Cand\\u00e1s 365\"},\"sameAs\":[\"https:\\\/\\\/www.facebook.com\\\/carrenoactualidad\",\"https:\\\/\\\/twitter.com\\\/nbasturias\",\"https:\\\/\\\/www.instagram.com\\\/nachofdezber\\\/\",\"https:\\\/\\\/www.youtube.com\\\/channel\\\/UCZP-2wLEB9Rv6erhFmqVnvg\"]},{\"@type\":\"WebPage\",\"@id\":\"https:\\\/\\\/candas365.es\\\/noticias\\\/seis-formaciones-tienen-garantizado-grupo-en-el-congreso\\\/#webpage\",\"url\":\"https:\\\/\\\/candas365.es\\\/noticias\\\/seis-formaciones-tienen-garantizado-grupo-en-el-congreso\\\/\",\"name\":\"Seis formaciones tienen garantizado grupo en el Congreso | Cand\\u00e1s 365\",\"description\":\"Seis formaciones --PP, PSOE, Unidos Podemos y sus confluencias, Ciudadanos, ERC y el PNV-- tienen ya garantizado contar con grupo propio en el Congreso durante la XII Legislatura gracias a los resultados que obtuvieron en las elecciones de este domingo. Sin embargo, por primera vez desde la Transici\\u00f3n, Converg\\u00e8ncia Democr\\u00e1tica de Catalunya (CDC) podr\\u00eda recalar\",\"inLanguage\":\"es-ES\",\"isPartOf\":{\"@id\":\"https:\\\/\\\/candas365.es\\\/noticias\\\/#website\"},\"breadcrumb\":{\"@id\":\"https:\\\/\\\/candas365.es\\\/noticias\\\/seis-formaciones-tienen-garantizado-grupo-en-el-congreso\\\/#breadcrumblist\"},\"author\":{\"@id\":\"https:\\\/\\\/candas365.es\\\/noticias\\\/author\\\/admin\\\/#author\"},\"creator\":{\"@id\":\"https:\\\/\\\/candas365.es\\\/noticias\\\/author\\\/admin\\\/#author\"},\"image\":{\"@type\":\"ImageObject\",\"url\":\"https:\\\/\\\/candas365.es\\\/noticias\\\/wp-content\\\/uploads\\\/2016\\\/06\\\/congreso.jpg\",\"@id\":\"https:\\\/\\\/candas365.es\\\/noticias\\\/seis-formaciones-tienen-garantizado-grupo-en-el-congreso\\\/#mainImage\",\"width\":655,\"height\":360},\"primaryImageOfPage\":{\"@id\":\"https:\\\/\\\/candas365.es\\\/noticias\\\/seis-formaciones-tienen-garantizado-grupo-en-el-congreso\\\/#mainImage\"},\"datePublished\":\"2016-06-27T22:48:26+02:00\",\"dateModified\":\"2016-06-27T22:48:26+02:00\"},{\"@type\":\"WebSite\",\"@id\":\"https:\\\/\\\/candas365.es\\\/noticias\\\/#website\",\"url\":\"https:\\\/\\\/candas365.es\\\/noticias\\\/\",\"name\":\"Cand\\u00e1s 365\",\"alternateName\":\"Cand\\u00e1s 365 Noticias\",\"description\":\"Actualidad desde Carre\\u00f1o para el mundo\",\"inLanguage\":\"es-ES\",\"publisher\":{\"@id\":\"https:\\\/\\\/candas365.es\\\/noticias\\\/#organization\"}}]}\n\t\t<\/script>\n\t\t<!-- All in One SEO Pro -->\r\n\t\t<title>Seis formaciones tienen garantizado grupo en el Congreso | Cand\u00e1s 365<\/title>\n\n","aioseo_head_json":{"title":"Seis formaciones tienen garantizado grupo en el Congreso | Cand\u00e1s 365","description":"Seis formaciones --PP, PSOE, Unidos Podemos y sus confluencias, Ciudadanos, ERC y el PNV-- tienen ya garantizado contar con grupo propio en el Congreso durante la XII Legislatura gracias a los resultados que obtuvieron en las elecciones de este domingo. Sin embargo, por primera vez desde la Transici\u00f3n, Converg\u00e8ncia Democr\u00e1tica de Catalunya (CDC) podr\u00eda recalar","canonical_url":"https:\/\/candas365.es\/noticias\/seis-formaciones-tienen-garantizado-grupo-en-el-congreso\/","robots":"max-image-preview:large","keywords":"actualidad","webmasterTools":{"google-site-verification":"UA-32230408-1","msvalidate.01":"354F3CDFB2DA171B47FBE9ABF1F88D5","miscellaneous":""},"schema":{"@context":"https:\/\/schema.org","@graph":[{"@type":"BreadcrumbList","@id":"https:\/\/candas365.es\/noticias\/seis-formaciones-tienen-garantizado-grupo-en-el-congreso\/#breadcrumblist","itemListElement":[{"@type":"ListItem","@id":"https:\/\/candas365.es\/noticias#listItem","position":1,"name":"Home","item":"https:\/\/candas365.es\/noticias","nextItem":{"@type":"ListItem","@id":"https:\/\/candas365.es\/noticias\/category\/actualidad\/#listItem","name":"Actualidad"}},{"@type":"ListItem","@id":"https:\/\/candas365.es\/noticias\/category\/actualidad\/#listItem","position":2,"name":"Actualidad","item":"https:\/\/candas365.es\/noticias\/category\/actualidad\/","nextItem":{"@type":"ListItem","@id":"https:\/\/candas365.es\/noticias\/seis-formaciones-tienen-garantizado-grupo-en-el-congreso\/#listItem","name":"Seis formaciones tienen garantizado grupo en el Congreso"},"previousItem":{"@type":"ListItem","@id":"https:\/\/candas365.es\/noticias#listItem","name":"Home"}},{"@type":"ListItem","@id":"https:\/\/candas365.es\/noticias\/seis-formaciones-tienen-garantizado-grupo-en-el-congreso\/#listItem","position":3,"name":"Seis formaciones tienen garantizado grupo en el Congreso","previousItem":{"@type":"ListItem","@id":"https:\/\/candas365.es\/noticias\/category\/actualidad\/#listItem","name":"Actualidad"}}]},{"@type":"NewsArticle","@id":"https:\/\/candas365.es\/noticias\/seis-formaciones-tienen-garantizado-grupo-en-el-congreso\/#newsarticle","name":"Seis formaciones tienen garantizado grupo en el Congreso | Cand\u00e1s 365","headline":"Seis formaciones tienen garantizado grupo en el Congreso","author":{"@id":"https:\/\/candas365.es\/noticias\/author\/admin\/#author"},"publisher":{"@id":"https:\/\/candas365.es\/noticias\/#organization"},"image":{"@type":"ImageObject","url":"https:\/\/candas365.es\/noticias\/wp-content\/uploads\/2016\/06\/congreso.jpg","width":655,"height":360},"datePublished":"2016-06-27T22:48:26+02:00","dateModified":"2016-06-27T22:48:26+02:00","inLanguage":"es-ES","mainEntityOfPage":{"@id":"https:\/\/candas365.es\/noticias\/seis-formaciones-tienen-garantizado-grupo-en-el-congreso\/#webpage"},"isPartOf":{"@id":"https:\/\/candas365.es\/noticias\/seis-formaciones-tienen-garantizado-grupo-en-el-congreso\/#webpage"},"articleSection":"Actualidad","dateline":"Publicado el junio 27, 2016."},{"@type":"Organization","@id":"https:\/\/candas365.es\/noticias\/#organization","name":"Cand\u00e1s 365","description":"Cand\u00e1s 365 es un diario digital independiente, fundado en 2012, con base en Asturias. Informamos con rigor sobre actualidad, sociedad, cultura y ocio, con una mirada local y global.","url":"https:\/\/candas365.es\/noticias\/","email":"info@candas365.es","telephone":"+34652131393","foundingDate":"2012-06-10","logo":{"@type":"ImageObject","url":"https:\/\/candas365.es\/noticias\/wp-content\/uploads\/2024\/09\/Candas-365-Redes.jpg","@id":"https:\/\/candas365.es\/noticias\/seis-formaciones-tienen-garantizado-grupo-en-el-congreso\/#organizationLogo","width":1152,"height":864,"caption":"Cand\u00e1s 365 Redes"},"image":{"@id":"https:\/\/candas365.es\/noticias\/seis-formaciones-tienen-garantizado-grupo-en-el-congreso\/#organizationLogo"},"sameAs":["https:\/\/www.facebook.com\/Nachofdezber","https:\/\/x.com\/NabercoDigital","https:\/\/www.instagram.com\/nachofdezber\/","https:\/\/www.youtube.com\/channel\/UCZP-2wLEB9Rv6erhFmqVnvg"],"address":{"@id":"https:\/\/candas365.es\/noticias\/#postaladdress","@type":"PostalAddress","streetAddress":"san antonio 4, san antonio 4","postalCode":"33430","addressLocality":"Cand\u00e1s","addressRegion":"Asturias","addressCountry":"ES"}},{"@type":"Person","@id":"https:\/\/candas365.es\/noticias\/author\/admin\/#author","url":"https:\/\/candas365.es\/noticias\/author\/admin\/","name":"Cand\u00e1s 365","image":{"@type":"ImageObject","@id":"https:\/\/candas365.es\/noticias\/seis-formaciones-tienen-garantizado-grupo-en-el-congreso\/#authorImage","url":"https:\/\/secure.gravatar.com\/avatar\/496a8e03d0c493ede1718b7934145dbdf8d89be1036b0eec9544e1094c9de390?s=96&d=mm&r=g","width":96,"height":96,"caption":"Cand\u00e1s 365"},"sameAs":["https:\/\/www.facebook.com\/carrenoactualidad","https:\/\/twitter.com\/nbasturias","https:\/\/www.instagram.com\/nachofdezber\/","https:\/\/www.youtube.com\/channel\/UCZP-2wLEB9Rv6erhFmqVnvg"]},{"@type":"WebPage","@id":"https:\/\/candas365.es\/noticias\/seis-formaciones-tienen-garantizado-grupo-en-el-congreso\/#webpage","url":"https:\/\/candas365.es\/noticias\/seis-formaciones-tienen-garantizado-grupo-en-el-congreso\/","name":"Seis formaciones tienen garantizado grupo en el Congreso | Cand\u00e1s 365","description":"Seis formaciones --PP, PSOE, Unidos Podemos y sus confluencias, Ciudadanos, ERC y el PNV-- tienen ya garantizado contar con grupo propio en el Congreso durante la XII Legislatura gracias a los resultados que obtuvieron en las elecciones de este domingo. Sin embargo, por primera vez desde la Transici\u00f3n, Converg\u00e8ncia Democr\u00e1tica de Catalunya (CDC) podr\u00eda recalar","inLanguage":"es-ES","isPartOf":{"@id":"https:\/\/candas365.es\/noticias\/#website"},"breadcrumb":{"@id":"https:\/\/candas365.es\/noticias\/seis-formaciones-tienen-garantizado-grupo-en-el-congreso\/#breadcrumblist"},"author":{"@id":"https:\/\/candas365.es\/noticias\/author\/admin\/#author"},"creator":{"@id":"https:\/\/candas365.es\/noticias\/author\/admin\/#author"},"image":{"@type":"ImageObject","url":"https:\/\/candas365.es\/noticias\/wp-content\/uploads\/2016\/06\/congreso.jpg","@id":"https:\/\/candas365.es\/noticias\/seis-formaciones-tienen-garantizado-grupo-en-el-congreso\/#mainImage","width":655,"height":360},"primaryImageOfPage":{"@id":"https:\/\/candas365.es\/noticias\/seis-formaciones-tienen-garantizado-grupo-en-el-congreso\/#mainImage"},"datePublished":"2016-06-27T22:48:26+02:00","dateModified":"2016-06-27T22:48:26+02:00"},{"@type":"WebSite","@id":"https:\/\/candas365.es\/noticias\/#website","url":"https:\/\/candas365.es\/noticias\/","name":"Cand\u00e1s 365","alternateName":"Cand\u00e1s 365 Noticias","description":"Actualidad desde Carre\u00f1o para el mundo","inLanguage":"es-ES","publisher":{"@id":"https:\/\/candas365.es\/noticias\/#organization"}}]},"og:locale":"es_ES","og:site_name":"Cand\u00e1s 365","og:type":"article","og:title":"Seis formaciones tienen garantizado grupo en el Congreso | Cand\u00e1s 365","og:description":"Seis formaciones --PP, PSOE, Unidos Podemos y sus confluencias, Ciudadanos, ERC y el PNV-- tienen ya garantizado contar con grupo propio en el Congreso durante la XII Legislatura gracias a los resultados que obtuvieron en las elecciones de este domingo. Sin embargo, por primera vez desde la Transici\u00f3n, Converg\u00e8ncia Democr\u00e1tica de Catalunya (CDC) podr\u00eda recalar","og:url":"https:\/\/candas365.es\/noticias\/seis-formaciones-tienen-garantizado-grupo-en-el-congreso\/","og:image":"https:\/\/candas365.es\/noticias\/wp-content\/uploads\/2016\/06\/congreso.jpg","og:image:secure_url":"https:\/\/candas365.es\/noticias\/wp-content\/uploads\/2016\/06\/congreso.jpg","og:image:width":655,"og:image:height":360,"article:published_time":"2016-06-27T21:18:26+00:00","article:modified_time":"2016-06-27T21:18:26+00:00","article:publisher":"https:\/\/www.facebook.com\/Nachofdezber","article:author":"https:\/\/www.facebook.com\/carrenoactualidad","twitter:card":"summary_large_image","twitter:site":"@NabercoDigital","twitter:title":"Seis formaciones tienen garantizado grupo en el Congreso | Cand\u00e1s 365","twitter:description":"Seis formaciones --PP, PSOE, Unidos Podemos y sus confluencias, Ciudadanos, ERC y el PNV-- tienen ya garantizado contar con grupo propio en el Congreso durante la XII Legislatura gracias a los resultados que obtuvieron en las elecciones de este domingo. Sin embargo, por primera vez desde la Transici\u00f3n, Converg\u00e8ncia Democr\u00e1tica de Catalunya (CDC) podr\u00eda recalar","twitter:creator":"@nbasturias","twitter:image":"https:\/\/candas365.es\/noticias\/wp-content\/uploads\/2016\/06\/congreso.jpg","twitter:label1":"Escrito por","twitter:data1":"Cand\u00e1s 365","twitter:label2":"Tiempo de lectura estimado","twitter:data2":"7 minutos"},"aioseo_meta_data":{"post_id":"31454","title":null,"description":null,"keywords":null,"keyphrases":null,"primary_term":null,"canonical_url":null,"og_title":null,"og_description":null,"og_object_type":"default","og_image_type":"default","og_image_url":null,"og_image_width":null,"og_image_height":null,"og_image_custom_url":null,"og_image_custom_fields":null,"og_video":null,"og_custom_url":null,"og_article_section":null,"og_article_tags":null,"twitter_use_og":false,"twitter_card":"default","twitter_image_type":"default","twitter_image_url":null,"twitter_image_custom_url":null,"twitter_image_custom_fields":null,"twitter_title":null,"twitter_description":null,"schema":{"blockGraphs":[],"customGraphs":[],"default":{"data":{"Article":[],"Course":[],"Dataset":[],"FAQPage":[],"Movie":[],"Person":[],"Product":[],"ProductReview":[],"Car":[],"Recipe":[],"Service":[],"SoftwareApplication":[],"WebPage":[]},"graphName":"","isEnabled":true},"graphs":[],"defaultGraph":"","defaultPostTypeGraph":""},"schema_type":null,"schema_type_options":null,"pillar_content":false,"robots_default":true,"robots_noindex":false,"robots_noarchive":false,"robots_nosnippet":false,"robots_nofollow":false,"robots_noimageindex":false,"robots_noodp":false,"robots_notranslate":false,"robots_max_snippet":null,"robots_max_videopreview":null,"robots_max_imagepreview":"large","priority":null,"frequency":null,"location":null,"local_seo":null,"seo_analyzer_scan_date":"2025-08-24 13:55:14","breadcrumb_settings":null,"limit_modified_date":false,"reviewed_by":null,"open_ai":null,"ai":null,"created":"2020-12-21 13:01:11","updated":"2025-08-24 13:55:14"},"aioseo_breadcrumb":"<div class=\"aioseo-breadcrumbs\"><span class=\"aioseo-breadcrumb\">\n\t<a href=\"https:\/\/candas365.es\/noticias\" title=\"Home\">Home<\/a>\n<\/span><span class=\"aioseo-breadcrumb-separator\">&ndash;<\/span><span class=\"aioseo-breadcrumb\">\n\t<a href=\"https:\/\/candas365.es\/noticias\/category\/actualidad\/\" title=\"Actualidad\">Actualidad<\/a>\n<\/span><span class=\"aioseo-breadcrumb-separator\">&ndash;<\/span><span class=\"aioseo-breadcrumb\">\n\tSeis formaciones tienen garantizado grupo en el Congreso\n<\/span><\/div>","aioseo_breadcrumb_json":[{"label":"Home","link":"https:\/\/candas365.es\/noticias"},{"label":"Actualidad","link":"https:\/\/candas365.es\/noticias\/category\/actualidad\/"},{"label":"Seis formaciones tienen garantizado grupo en el Congreso","link":"https:\/\/candas365.es\/noticias\/seis-formaciones-tienen-garantizado-grupo-en-el-congreso\/"}],"_links":{"self":[{"href":"https:\/\/candas365.es\/noticias\/wp-json\/wp\/v2\/posts\/31454","targetHints":{"allow":["GET"]}}],"collection":[{"href":"https:\/\/candas365.es\/noticias\/wp-json\/wp\/v2\/posts"}],"about":[{"href":"https:\/\/candas365.es\/noticias\/wp-json\/wp\/v2\/types\/post"}],"author":[{"embeddable":true,"href":"https:\/\/candas365.es\/noticias\/wp-json\/wp\/v2\/users\/1"}],"replies":[{"embeddable":true,"href":"https:\/\/candas365.es\/noticias\/wp-json\/wp\/v2\/comments?post=31454"}],"version-history":[{"count":0,"href":"https:\/\/candas365.es\/noticias\/wp-json\/wp\/v2\/posts\/31454\/revisions"}],"wp:featuredmedia":[{"embeddable":true,"href":"https:\/\/candas365.es\/noticias\/wp-json\/wp\/v2\/media\/31455"}],"wp:attachment":[{"href":"https:\/\/candas365.es\/noticias\/wp-json\/wp\/v2\/media?parent=31454"}],"wp:term":[{"taxonomy":"category","embeddable":true,"href":"https:\/\/candas365.es\/noticias\/wp-json\/wp\/v2\/categories?post=31454"},{"taxonomy":"post_tag","embeddable":true,"href":"https:\/\/candas365.es\/noticias\/wp-json\/wp\/v2\/tags?post=31454"}],"curies":[{"name":"wp","href":"https:\/\/api.w.org\/{rel}","templated":true}]}}