{"id":31452,"date":"2016-06-27T22:47:09","date_gmt":"2016-06-27T21:17:09","guid":{"rendered":"http:\/\/candas365.es\/noticias\/?p=31452"},"modified":"2016-06-27T22:47:09","modified_gmt":"2016-06-27T21:17:09","slug":"detenida-una-mujer-en-oviedo-por-robar-perfumes-valorados-en-800-euros","status":"publish","type":"post","link":"https:\/\/candas365.es\/noticias\/detenida-una-mujer-en-oviedo-por-robar-perfumes-valorados-en-800-euros\/","title":{"rendered":"Detenida una mujer en Oviedo por robar perfumes valorados en 800 euros"},"content":{"rendered":"<p><img fetchpriority=\"high\" decoding=\"async\" class=\"alignleft size-medium wp-image-301\" src=\"https:\/\/candas365.es\/noticias\/wp-content\/uploads\/2014\/09\/policia-360x239.jpg\" alt=\"policia\" width=\"360\" height=\"239\" srcset=\"https:\/\/candas365.es\/noticias\/wp-content\/uploads\/2014\/09\/policia.jpg 360w, https:\/\/candas365.es\/noticias\/wp-content\/uploads\/2014\/09\/policia-150x100.jpg 150w, https:\/\/candas365.es\/noticias\/wp-content\/uploads\/2014\/09\/policia-84x55.jpg 84w\" sizes=\"(max-width: 360px) 100vw, 360px\" \/>La Polic\u00eda Nacional de la Jefatura Superior de Polic\u00eda de Asturias, ha detenido a una mujer, con iniciales E.M.C.P. y de 31 a\u00f1os, por el hurto en dos comercios del centro de Oviedo de perfumes valorados en 800 euros.<\/p>\n<p>Los agentes del Grupo de Hurtos fueron avisados por la encargada de uno de los establecimientos de que una mujer \u00abacababa de hurtar varios perfumes en su comercio\u00bb. Los agentes lograron identificar a la sospechosa en las proximidades del local con tres perfumes del citado comercio valorados en 315 euros, han explicado desde Jefatura en una nota.<\/p>\n<p>La mujer qued\u00f3 en libertad tras ser identificada e incautados los perfumes. Mientras los agentes se encontraban realizando gestiones en el establecimiento sobre el primer hurto recibieron otro aviso sobre un establecimiento cercano donde estaba retenida una mujer por el hurto de perfumes valorados en 465 euros.<\/p>\n<p>Los agentes comprobaron que la mujer era la misma que hab\u00edan identificado y procedieron a su detenci\u00f3n por un delito de hurto.<\/p>\n<p>La detenida, junto con las diligencias practicadas, ya ha sido puesta a disposici\u00f3n del Juzgado de Instrucci\u00f3n en funciones de guardia.<\/p>\n","protected":false},"excerpt":{"rendered":"<p>La Polic\u00eda Nacional de la Jefatura Superior de Polic\u00eda de Asturias, ha detenido a una mujer, con iniciales E.M.C.P. y de 31 a\u00f1os, por el hurto en dos comercios del centro de Oviedo de perfumes valorados en 800 euros. Los agentes del Grupo de Hurtos fueron avisados por la encargada de uno de los establecimientos<\/p>\n","protected":false},"author":1,"featured_media":1337,"comment_status":"closed","ping_status":"closed","sticky":false,"template":"","format":"standard","meta":{"footnotes":""},"categories":[343],"tags":[],"class_list":{"0":"post-31452","1":"post","2":"type-post","3":"status-publish","4":"format-standard","5":"has-post-thumbnail","7":"category-actualidad"},"aioseo_notices":[],"aioseo_head":"\n\t\t<!-- All in One SEO Pro 4.9.6.2 - aioseo.com -->\n\t<meta name=\"description\" content=\"La Polic\u00eda Nacional de la Jefatura Superior de Polic\u00eda de Asturias, ha detenido a una mujer, con iniciales E.M.C.P. y de 31 a\u00f1os, por el hurto en dos comercios del centro de Oviedo de perfumes valorados en 800 euros. Los agentes del Grupo de Hurtos fueron avisados por la encargada de uno de los establecimientos\" \/>\n\t<meta name=\"robots\" content=\"max-image-preview:large\" \/>\n\t<meta name=\"author\" content=\"Cand\u00e1s 365\"\/>\n\t<meta name=\"google-site-verification\" content=\"UA-32230408-1\" \/>\n\t<meta name=\"msvalidate.01\" content=\"354F3CDFB2DA171B47FBE9ABF1F88D5\" \/>\n\t<meta name=\"keywords\" content=\"actualidad\" \/>\n\t<link rel=\"canonical\" href=\"https:\/\/candas365.es\/noticias\/detenida-una-mujer-en-oviedo-por-robar-perfumes-valorados-en-800-euros\/\" \/>\n\t<meta name=\"generator\" content=\"All in One SEO Pro (AIOSEO) 4.9.6.2\" \/>\n\t\t<meta property=\"og:locale\" content=\"es_ES\" \/>\n\t\t<meta property=\"og:site_name\" content=\"Cand\u00e1s 365\" \/>\n\t\t<meta property=\"og:type\" content=\"article\" \/>\n\t\t<meta property=\"og:title\" content=\"Detenida una mujer en Oviedo por robar perfumes valorados en 800 euros | Cand\u00e1s 365\" \/>\n\t\t<meta property=\"og:description\" content=\"La Polic\u00eda Nacional de la Jefatura Superior de Polic\u00eda de Asturias, ha detenido a una mujer, con iniciales E.M.C.P. y de 31 a\u00f1os, por el hurto en dos comercios del centro de Oviedo de perfumes valorados en 800 euros. Los agentes del Grupo de Hurtos fueron avisados por la encargada de uno de los establecimientos\" \/>\n\t\t<meta property=\"og:url\" content=\"https:\/\/candas365.es\/noticias\/detenida-una-mujer-en-oviedo-por-robar-perfumes-valorados-en-800-euros\/\" \/>\n\t\t<meta property=\"og:image\" content=\"https:\/\/candas365.es\/noticias\/wp-content\/uploads\/2014\/09\/policia1.jpg\" \/>\n\t\t<meta property=\"og:image:secure_url\" content=\"https:\/\/candas365.es\/noticias\/wp-content\/uploads\/2014\/09\/policia1.jpg\" \/>\n\t\t<meta property=\"og:image:width\" content=\"800\" \/>\n\t\t<meta property=\"og:image:height\" content=\"504\" \/>\n\t\t<meta property=\"article:published_time\" content=\"2016-06-27T21:17:09+00:00\" \/>\n\t\t<meta property=\"article:modified_time\" content=\"2016-06-27T21:17:09+00:00\" \/>\n\t\t<meta property=\"article:publisher\" content=\"https:\/\/www.facebook.com\/Nachofdezber\" \/>\n\t\t<meta property=\"article:author\" content=\"https:\/\/www.facebook.com\/carrenoactualidad\" \/>\n\t\t<meta name=\"twitter:card\" content=\"summary_large_image\" \/>\n\t\t<meta name=\"twitter:site\" content=\"@NabercoDigital\" \/>\n\t\t<meta name=\"twitter:title\" content=\"Detenida una mujer en Oviedo por robar perfumes valorados en 800 euros | Cand\u00e1s 365\" \/>\n\t\t<meta name=\"twitter:description\" content=\"La Polic\u00eda Nacional de la Jefatura Superior de Polic\u00eda de Asturias, ha detenido a una mujer, con iniciales E.M.C.P. y de 31 a\u00f1os, por el hurto en dos comercios del centro de Oviedo de perfumes valorados en 800 euros. Los agentes del Grupo de Hurtos fueron avisados por la encargada de uno de los establecimientos\" \/>\n\t\t<meta name=\"twitter:creator\" content=\"@nbasturias\" \/>\n\t\t<meta name=\"twitter:image\" content=\"https:\/\/candas365.es\/noticias\/wp-content\/uploads\/2014\/09\/policia1.jpg\" \/>\n\t\t<meta name=\"twitter:label1\" content=\"Escrito por\" \/>\n\t\t<meta name=\"twitter:data1\" content=\"Cand\u00e1s 365\" \/>\n\t\t<meta name=\"twitter:label2\" content=\"Tiempo de lectura estimado\" \/>\n\t\t<meta name=\"twitter:data2\" content=\"1 minuto\" \/>\n\t\t<script type=\"application\/ld+json\" class=\"aioseo-schema\">\n\t\t\t{\"@context\":\"https:\\\/\\\/schema.org\",\"@graph\":[{\"@type\":\"BreadcrumbList\",\"@id\":\"https:\\\/\\\/candas365.es\\\/noticias\\\/detenida-una-mujer-en-oviedo-por-robar-perfumes-valorados-en-800-euros\\\/#breadcrumblist\",\"itemListElement\":[{\"@type\":\"ListItem\",\"@id\":\"https:\\\/\\\/candas365.es\\\/noticias#listItem\",\"position\":1,\"name\":\"Home\",\"item\":\"https:\\\/\\\/candas365.es\\\/noticias\",\"nextItem\":{\"@type\":\"ListItem\",\"@id\":\"https:\\\/\\\/candas365.es\\\/noticias\\\/category\\\/actualidad\\\/#listItem\",\"name\":\"Actualidad\"}},{\"@type\":\"ListItem\",\"@id\":\"https:\\\/\\\/candas365.es\\\/noticias\\\/category\\\/actualidad\\\/#listItem\",\"position\":2,\"name\":\"Actualidad\",\"item\":\"https:\\\/\\\/candas365.es\\\/noticias\\\/category\\\/actualidad\\\/\",\"nextItem\":{\"@type\":\"ListItem\",\"@id\":\"https:\\\/\\\/candas365.es\\\/noticias\\\/detenida-una-mujer-en-oviedo-por-robar-perfumes-valorados-en-800-euros\\\/#listItem\",\"name\":\"Detenida una mujer en Oviedo por robar perfumes valorados en 800 euros\"},\"previousItem\":{\"@type\":\"ListItem\",\"@id\":\"https:\\\/\\\/candas365.es\\\/noticias#listItem\",\"name\":\"Home\"}},{\"@type\":\"ListItem\",\"@id\":\"https:\\\/\\\/candas365.es\\\/noticias\\\/detenida-una-mujer-en-oviedo-por-robar-perfumes-valorados-en-800-euros\\\/#listItem\",\"position\":3,\"name\":\"Detenida una mujer en Oviedo por robar perfumes valorados en 800 euros\",\"previousItem\":{\"@type\":\"ListItem\",\"@id\":\"https:\\\/\\\/candas365.es\\\/noticias\\\/category\\\/actualidad\\\/#listItem\",\"name\":\"Actualidad\"}}]},{\"@type\":\"NewsArticle\",\"@id\":\"https:\\\/\\\/candas365.es\\\/noticias\\\/detenida-una-mujer-en-oviedo-por-robar-perfumes-valorados-en-800-euros\\\/#newsarticle\",\"name\":\"Detenida una mujer en Oviedo por robar perfumes valorados en 800 euros | Cand\\u00e1s 365\",\"headline\":\"Detenida una mujer en Oviedo por robar perfumes valorados en 800 euros\",\"author\":{\"@id\":\"https:\\\/\\\/candas365.es\\\/noticias\\\/author\\\/admin\\\/#author\"},\"publisher\":{\"@id\":\"https:\\\/\\\/candas365.es\\\/noticias\\\/#organization\"},\"image\":{\"@type\":\"ImageObject\",\"url\":\"https:\\\/\\\/candas365.es\\\/noticias\\\/wp-content\\\/uploads\\\/2014\\\/09\\\/policia1.jpg\",\"width\":800,\"height\":504},\"datePublished\":\"2016-06-27T22:47:09+02:00\",\"dateModified\":\"2016-06-27T22:47:09+02:00\",\"inLanguage\":\"es-ES\",\"mainEntityOfPage\":{\"@id\":\"https:\\\/\\\/candas365.es\\\/noticias\\\/detenida-una-mujer-en-oviedo-por-robar-perfumes-valorados-en-800-euros\\\/#webpage\"},\"isPartOf\":{\"@id\":\"https:\\\/\\\/candas365.es\\\/noticias\\\/detenida-una-mujer-en-oviedo-por-robar-perfumes-valorados-en-800-euros\\\/#webpage\"},\"articleSection\":\"Actualidad\",\"dateline\":\"Publicado el junio 27, 2016.\"},{\"@type\":\"Organization\",\"@id\":\"https:\\\/\\\/candas365.es\\\/noticias\\\/#organization\",\"name\":\"Cand\\u00e1s 365\",\"description\":\"Cand\\u00e1s 365 es un diario digital independiente, fundado en 2012, con base en Asturias. Informamos con rigor sobre actualidad, sociedad, cultura y ocio, con una mirada local y global.\",\"url\":\"https:\\\/\\\/candas365.es\\\/noticias\\\/\",\"email\":\"info@candas365.es\",\"telephone\":\"+34652131393\",\"foundingDate\":\"2012-06-10\",\"logo\":{\"@type\":\"ImageObject\",\"url\":\"https:\\\/\\\/candas365.es\\\/noticias\\\/wp-content\\\/uploads\\\/2024\\\/09\\\/Candas-365-Redes.jpg\",\"@id\":\"https:\\\/\\\/candas365.es\\\/noticias\\\/detenida-una-mujer-en-oviedo-por-robar-perfumes-valorados-en-800-euros\\\/#organizationLogo\",\"width\":1152,\"height\":864,\"caption\":\"Cand\\u00e1s 365 Redes\"},\"image\":{\"@id\":\"https:\\\/\\\/candas365.es\\\/noticias\\\/detenida-una-mujer-en-oviedo-por-robar-perfumes-valorados-en-800-euros\\\/#organizationLogo\"},\"sameAs\":[\"https:\\\/\\\/www.facebook.com\\\/Nachofdezber\",\"https:\\\/\\\/x.com\\\/NabercoDigital\",\"https:\\\/\\\/www.instagram.com\\\/nachofdezber\\\/\",\"https:\\\/\\\/www.youtube.com\\\/channel\\\/UCZP-2wLEB9Rv6erhFmqVnvg\"],\"address\":{\"@id\":\"https:\\\/\\\/candas365.es\\\/noticias\\\/#postaladdress\",\"@type\":\"PostalAddress\",\"streetAddress\":\"san antonio 4, san antonio 4\",\"postalCode\":\"33430\",\"addressLocality\":\"Cand\\u00e1s\",\"addressRegion\":\"Asturias\",\"addressCountry\":\"ES\"}},{\"@type\":\"Person\",\"@id\":\"https:\\\/\\\/candas365.es\\\/noticias\\\/author\\\/admin\\\/#author\",\"url\":\"https:\\\/\\\/candas365.es\\\/noticias\\\/author\\\/admin\\\/\",\"name\":\"Cand\\u00e1s 365\",\"image\":{\"@type\":\"ImageObject\",\"@id\":\"https:\\\/\\\/candas365.es\\\/noticias\\\/detenida-una-mujer-en-oviedo-por-robar-perfumes-valorados-en-800-euros\\\/#authorImage\",\"url\":\"https:\\\/\\\/secure.gravatar.com\\\/avatar\\\/496a8e03d0c493ede1718b7934145dbdf8d89be1036b0eec9544e1094c9de390?s=96&d=mm&r=g\",\"width\":96,\"height\":96,\"caption\":\"Cand\\u00e1s 365\"},\"sameAs\":[\"https:\\\/\\\/www.facebook.com\\\/carrenoactualidad\",\"https:\\\/\\\/twitter.com\\\/nbasturias\",\"https:\\\/\\\/www.instagram.com\\\/nachofdezber\\\/\",\"https:\\\/\\\/www.youtube.com\\\/channel\\\/UCZP-2wLEB9Rv6erhFmqVnvg\"]},{\"@type\":\"WebPage\",\"@id\":\"https:\\\/\\\/candas365.es\\\/noticias\\\/detenida-una-mujer-en-oviedo-por-robar-perfumes-valorados-en-800-euros\\\/#webpage\",\"url\":\"https:\\\/\\\/candas365.es\\\/noticias\\\/detenida-una-mujer-en-oviedo-por-robar-perfumes-valorados-en-800-euros\\\/\",\"name\":\"Detenida una mujer en Oviedo por robar perfumes valorados en 800 euros | Cand\\u00e1s 365\",\"description\":\"La Polic\\u00eda Nacional de la Jefatura Superior de Polic\\u00eda de Asturias, ha detenido a una mujer, con iniciales E.M.C.P. y de 31 a\\u00f1os, por el hurto en dos comercios del centro de Oviedo de perfumes valorados en 800 euros. Los agentes del Grupo de Hurtos fueron avisados por la encargada de uno de los establecimientos\",\"inLanguage\":\"es-ES\",\"isPartOf\":{\"@id\":\"https:\\\/\\\/candas365.es\\\/noticias\\\/#website\"},\"breadcrumb\":{\"@id\":\"https:\\\/\\\/candas365.es\\\/noticias\\\/detenida-una-mujer-en-oviedo-por-robar-perfumes-valorados-en-800-euros\\\/#breadcrumblist\"},\"author\":{\"@id\":\"https:\\\/\\\/candas365.es\\\/noticias\\\/author\\\/admin\\\/#author\"},\"creator\":{\"@id\":\"https:\\\/\\\/candas365.es\\\/noticias\\\/author\\\/admin\\\/#author\"},\"image\":{\"@type\":\"ImageObject\",\"url\":\"https:\\\/\\\/candas365.es\\\/noticias\\\/wp-content\\\/uploads\\\/2014\\\/09\\\/policia1.jpg\",\"@id\":\"https:\\\/\\\/candas365.es\\\/noticias\\\/detenida-una-mujer-en-oviedo-por-robar-perfumes-valorados-en-800-euros\\\/#mainImage\",\"width\":800,\"height\":504},\"primaryImageOfPage\":{\"@id\":\"https:\\\/\\\/candas365.es\\\/noticias\\\/detenida-una-mujer-en-oviedo-por-robar-perfumes-valorados-en-800-euros\\\/#mainImage\"},\"datePublished\":\"2016-06-27T22:47:09+02:00\",\"dateModified\":\"2016-06-27T22:47:09+02:00\"},{\"@type\":\"WebSite\",\"@id\":\"https:\\\/\\\/candas365.es\\\/noticias\\\/#website\",\"url\":\"https:\\\/\\\/candas365.es\\\/noticias\\\/\",\"name\":\"Cand\\u00e1s 365\",\"alternateName\":\"Cand\\u00e1s 365 Noticias\",\"description\":\"Actualidad desde Carre\\u00f1o para el mundo\",\"inLanguage\":\"es-ES\",\"publisher\":{\"@id\":\"https:\\\/\\\/candas365.es\\\/noticias\\\/#organization\"}}]}\n\t\t<\/script>\n\t\t<!-- All in One SEO Pro -->\r\n\t\t<title>Detenida una mujer en Oviedo por robar perfumes valorados en 800 euros | Cand\u00e1s 365<\/title>\n\n","aioseo_head_json":{"title":"Detenida una mujer en Oviedo por robar perfumes valorados en 800 euros | Cand\u00e1s 365","description":"La Polic\u00eda Nacional de la Jefatura Superior de Polic\u00eda de Asturias, ha detenido a una mujer, con iniciales E.M.C.P. y de 31 a\u00f1os, por el hurto en dos comercios del centro de Oviedo de perfumes valorados en 800 euros. Los agentes del Grupo de Hurtos fueron avisados por la encargada de uno de los establecimientos","canonical_url":"https:\/\/candas365.es\/noticias\/detenida-una-mujer-en-oviedo-por-robar-perfumes-valorados-en-800-euros\/","robots":"max-image-preview:large","keywords":"actualidad","webmasterTools":{"google-site-verification":"UA-32230408-1","msvalidate.01":"354F3CDFB2DA171B47FBE9ABF1F88D5","miscellaneous":""},"schema":{"@context":"https:\/\/schema.org","@graph":[{"@type":"BreadcrumbList","@id":"https:\/\/candas365.es\/noticias\/detenida-una-mujer-en-oviedo-por-robar-perfumes-valorados-en-800-euros\/#breadcrumblist","itemListElement":[{"@type":"ListItem","@id":"https:\/\/candas365.es\/noticias#listItem","position":1,"name":"Home","item":"https:\/\/candas365.es\/noticias","nextItem":{"@type":"ListItem","@id":"https:\/\/candas365.es\/noticias\/category\/actualidad\/#listItem","name":"Actualidad"}},{"@type":"ListItem","@id":"https:\/\/candas365.es\/noticias\/category\/actualidad\/#listItem","position":2,"name":"Actualidad","item":"https:\/\/candas365.es\/noticias\/category\/actualidad\/","nextItem":{"@type":"ListItem","@id":"https:\/\/candas365.es\/noticias\/detenida-una-mujer-en-oviedo-por-robar-perfumes-valorados-en-800-euros\/#listItem","name":"Detenida una mujer en Oviedo por robar perfumes valorados en 800 euros"},"previousItem":{"@type":"ListItem","@id":"https:\/\/candas365.es\/noticias#listItem","name":"Home"}},{"@type":"ListItem","@id":"https:\/\/candas365.es\/noticias\/detenida-una-mujer-en-oviedo-por-robar-perfumes-valorados-en-800-euros\/#listItem","position":3,"name":"Detenida una mujer en Oviedo por robar perfumes valorados en 800 euros","previousItem":{"@type":"ListItem","@id":"https:\/\/candas365.es\/noticias\/category\/actualidad\/#listItem","name":"Actualidad"}}]},{"@type":"NewsArticle","@id":"https:\/\/candas365.es\/noticias\/detenida-una-mujer-en-oviedo-por-robar-perfumes-valorados-en-800-euros\/#newsarticle","name":"Detenida una mujer en Oviedo por robar perfumes valorados en 800 euros | Cand\u00e1s 365","headline":"Detenida una mujer en Oviedo por robar perfumes valorados en 800 euros","author":{"@id":"https:\/\/candas365.es\/noticias\/author\/admin\/#author"},"publisher":{"@id":"https:\/\/candas365.es\/noticias\/#organization"},"image":{"@type":"ImageObject","url":"https:\/\/candas365.es\/noticias\/wp-content\/uploads\/2014\/09\/policia1.jpg","width":800,"height":504},"datePublished":"2016-06-27T22:47:09+02:00","dateModified":"2016-06-27T22:47:09+02:00","inLanguage":"es-ES","mainEntityOfPage":{"@id":"https:\/\/candas365.es\/noticias\/detenida-una-mujer-en-oviedo-por-robar-perfumes-valorados-en-800-euros\/#webpage"},"isPartOf":{"@id":"https:\/\/candas365.es\/noticias\/detenida-una-mujer-en-oviedo-por-robar-perfumes-valorados-en-800-euros\/#webpage"},"articleSection":"Actualidad","dateline":"Publicado el junio 27, 2016."},{"@type":"Organization","@id":"https:\/\/candas365.es\/noticias\/#organization","name":"Cand\u00e1s 365","description":"Cand\u00e1s 365 es un diario digital independiente, fundado en 2012, con base en Asturias. Informamos con rigor sobre actualidad, sociedad, cultura y ocio, con una mirada local y global.","url":"https:\/\/candas365.es\/noticias\/","email":"info@candas365.es","telephone":"+34652131393","foundingDate":"2012-06-10","logo":{"@type":"ImageObject","url":"https:\/\/candas365.es\/noticias\/wp-content\/uploads\/2024\/09\/Candas-365-Redes.jpg","@id":"https:\/\/candas365.es\/noticias\/detenida-una-mujer-en-oviedo-por-robar-perfumes-valorados-en-800-euros\/#organizationLogo","width":1152,"height":864,"caption":"Cand\u00e1s 365 Redes"},"image":{"@id":"https:\/\/candas365.es\/noticias\/detenida-una-mujer-en-oviedo-por-robar-perfumes-valorados-en-800-euros\/#organizationLogo"},"sameAs":["https:\/\/www.facebook.com\/Nachofdezber","https:\/\/x.com\/NabercoDigital","https:\/\/www.instagram.com\/nachofdezber\/","https:\/\/www.youtube.com\/channel\/UCZP-2wLEB9Rv6erhFmqVnvg"],"address":{"@id":"https:\/\/candas365.es\/noticias\/#postaladdress","@type":"PostalAddress","streetAddress":"san antonio 4, san antonio 4","postalCode":"33430","addressLocality":"Cand\u00e1s","addressRegion":"Asturias","addressCountry":"ES"}},{"@type":"Person","@id":"https:\/\/candas365.es\/noticias\/author\/admin\/#author","url":"https:\/\/candas365.es\/noticias\/author\/admin\/","name":"Cand\u00e1s 365","image":{"@type":"ImageObject","@id":"https:\/\/candas365.es\/noticias\/detenida-una-mujer-en-oviedo-por-robar-perfumes-valorados-en-800-euros\/#authorImage","url":"https:\/\/secure.gravatar.com\/avatar\/496a8e03d0c493ede1718b7934145dbdf8d89be1036b0eec9544e1094c9de390?s=96&d=mm&r=g","width":96,"height":96,"caption":"Cand\u00e1s 365"},"sameAs":["https:\/\/www.facebook.com\/carrenoactualidad","https:\/\/twitter.com\/nbasturias","https:\/\/www.instagram.com\/nachofdezber\/","https:\/\/www.youtube.com\/channel\/UCZP-2wLEB9Rv6erhFmqVnvg"]},{"@type":"WebPage","@id":"https:\/\/candas365.es\/noticias\/detenida-una-mujer-en-oviedo-por-robar-perfumes-valorados-en-800-euros\/#webpage","url":"https:\/\/candas365.es\/noticias\/detenida-una-mujer-en-oviedo-por-robar-perfumes-valorados-en-800-euros\/","name":"Detenida una mujer en Oviedo por robar perfumes valorados en 800 euros | Cand\u00e1s 365","description":"La Polic\u00eda Nacional de la Jefatura Superior de Polic\u00eda de Asturias, ha detenido a una mujer, con iniciales E.M.C.P. y de 31 a\u00f1os, por el hurto en dos comercios del centro de Oviedo de perfumes valorados en 800 euros. Los agentes del Grupo de Hurtos fueron avisados por la encargada de uno de los establecimientos","inLanguage":"es-ES","isPartOf":{"@id":"https:\/\/candas365.es\/noticias\/#website"},"breadcrumb":{"@id":"https:\/\/candas365.es\/noticias\/detenida-una-mujer-en-oviedo-por-robar-perfumes-valorados-en-800-euros\/#breadcrumblist"},"author":{"@id":"https:\/\/candas365.es\/noticias\/author\/admin\/#author"},"creator":{"@id":"https:\/\/candas365.es\/noticias\/author\/admin\/#author"},"image":{"@type":"ImageObject","url":"https:\/\/candas365.es\/noticias\/wp-content\/uploads\/2014\/09\/policia1.jpg","@id":"https:\/\/candas365.es\/noticias\/detenida-una-mujer-en-oviedo-por-robar-perfumes-valorados-en-800-euros\/#mainImage","width":800,"height":504},"primaryImageOfPage":{"@id":"https:\/\/candas365.es\/noticias\/detenida-una-mujer-en-oviedo-por-robar-perfumes-valorados-en-800-euros\/#mainImage"},"datePublished":"2016-06-27T22:47:09+02:00","dateModified":"2016-06-27T22:47:09+02:00"},{"@type":"WebSite","@id":"https:\/\/candas365.es\/noticias\/#website","url":"https:\/\/candas365.es\/noticias\/","name":"Cand\u00e1s 365","alternateName":"Cand\u00e1s 365 Noticias","description":"Actualidad desde Carre\u00f1o para el mundo","inLanguage":"es-ES","publisher":{"@id":"https:\/\/candas365.es\/noticias\/#organization"}}]},"og:locale":"es_ES","og:site_name":"Cand\u00e1s 365","og:type":"article","og:title":"Detenida una mujer en Oviedo por robar perfumes valorados en 800 euros | Cand\u00e1s 365","og:description":"La Polic\u00eda Nacional de la Jefatura Superior de Polic\u00eda de Asturias, ha detenido a una mujer, con iniciales E.M.C.P. y de 31 a\u00f1os, por el hurto en dos comercios del centro de Oviedo de perfumes valorados en 800 euros. Los agentes del Grupo de Hurtos fueron avisados por la encargada de uno de los establecimientos","og:url":"https:\/\/candas365.es\/noticias\/detenida-una-mujer-en-oviedo-por-robar-perfumes-valorados-en-800-euros\/","og:image":"https:\/\/candas365.es\/noticias\/wp-content\/uploads\/2014\/09\/policia1.jpg","og:image:secure_url":"https:\/\/candas365.es\/noticias\/wp-content\/uploads\/2014\/09\/policia1.jpg","og:image:width":800,"og:image:height":504,"article:published_time":"2016-06-27T21:17:09+00:00","article:modified_time":"2016-06-27T21:17:09+00:00","article:publisher":"https:\/\/www.facebook.com\/Nachofdezber","article:author":"https:\/\/www.facebook.com\/carrenoactualidad","twitter:card":"summary_large_image","twitter:site":"@NabercoDigital","twitter:title":"Detenida una mujer en Oviedo por robar perfumes valorados en 800 euros | Cand\u00e1s 365","twitter:description":"La Polic\u00eda Nacional de la Jefatura Superior de Polic\u00eda de Asturias, ha detenido a una mujer, con iniciales E.M.C.P. y de 31 a\u00f1os, por el hurto en dos comercios del centro de Oviedo de perfumes valorados en 800 euros. Los agentes del Grupo de Hurtos fueron avisados por la encargada de uno de los establecimientos","twitter:creator":"@nbasturias","twitter:image":"https:\/\/candas365.es\/noticias\/wp-content\/uploads\/2014\/09\/policia1.jpg","twitter:label1":"Escrito por","twitter:data1":"Cand\u00e1s 365","twitter:label2":"Tiempo de lectura estimado","twitter:data2":"1 minuto"},"aioseo_meta_data":{"post_id":"31452","title":null,"description":null,"keywords":null,"keyphrases":null,"primary_term":null,"canonical_url":null,"og_title":null,"og_description":null,"og_object_type":"default","og_image_type":"default","og_image_url":null,"og_image_width":null,"og_image_height":null,"og_image_custom_url":null,"og_image_custom_fields":null,"og_video":null,"og_custom_url":null,"og_article_section":null,"og_article_tags":null,"twitter_use_og":false,"twitter_card":"default","twitter_image_type":"default","twitter_image_url":null,"twitter_image_custom_url":null,"twitter_image_custom_fields":null,"twitter_title":null,"twitter_description":null,"schema":{"blockGraphs":[],"customGraphs":[],"default":{"data":{"Article":[],"Course":[],"Dataset":[],"FAQPage":[],"Movie":[],"Person":[],"Product":[],"ProductReview":[],"Car":[],"Recipe":[],"Service":[],"SoftwareApplication":[],"WebPage":[]},"graphName":"","isEnabled":true},"graphs":[],"defaultGraph":"","defaultPostTypeGraph":""},"schema_type":null,"schema_type_options":null,"pillar_content":false,"robots_default":true,"robots_noindex":false,"robots_noarchive":false,"robots_nosnippet":false,"robots_nofollow":false,"robots_noimageindex":false,"robots_noodp":false,"robots_notranslate":false,"robots_max_snippet":null,"robots_max_videopreview":null,"robots_max_imagepreview":"large","priority":null,"frequency":null,"location":null,"local_seo":null,"seo_analyzer_scan_date":"2025-08-24 13:55:13","breadcrumb_settings":null,"limit_modified_date":false,"reviewed_by":null,"open_ai":null,"ai":null,"created":"2020-12-21 13:01:11","updated":"2025-08-24 13:55:13"},"aioseo_breadcrumb":"<div class=\"aioseo-breadcrumbs\"><span class=\"aioseo-breadcrumb\">\n\t<a href=\"https:\/\/candas365.es\/noticias\" title=\"Home\">Home<\/a>\n<\/span><span class=\"aioseo-breadcrumb-separator\">&ndash;<\/span><span class=\"aioseo-breadcrumb\">\n\t<a href=\"https:\/\/candas365.es\/noticias\/category\/actualidad\/\" title=\"Actualidad\">Actualidad<\/a>\n<\/span><span class=\"aioseo-breadcrumb-separator\">&ndash;<\/span><span class=\"aioseo-breadcrumb\">\n\tDetenida una mujer en Oviedo por robar perfumes valorados en 800 euros\n<\/span><\/div>","aioseo_breadcrumb_json":[{"label":"Home","link":"https:\/\/candas365.es\/noticias"},{"label":"Actualidad","link":"https:\/\/candas365.es\/noticias\/category\/actualidad\/"},{"label":"Detenida una mujer en Oviedo por robar perfumes valorados en 800 euros","link":"https:\/\/candas365.es\/noticias\/detenida-una-mujer-en-oviedo-por-robar-perfumes-valorados-en-800-euros\/"}],"_links":{"self":[{"href":"https:\/\/candas365.es\/noticias\/wp-json\/wp\/v2\/posts\/31452","targetHints":{"allow":["GET"]}}],"collection":[{"href":"https:\/\/candas365.es\/noticias\/wp-json\/wp\/v2\/posts"}],"about":[{"href":"https:\/\/candas365.es\/noticias\/wp-json\/wp\/v2\/types\/post"}],"author":[{"embeddable":true,"href":"https:\/\/candas365.es\/noticias\/wp-json\/wp\/v2\/users\/1"}],"replies":[{"embeddable":true,"href":"https:\/\/candas365.es\/noticias\/wp-json\/wp\/v2\/comments?post=31452"}],"version-history":[{"count":0,"href":"https:\/\/candas365.es\/noticias\/wp-json\/wp\/v2\/posts\/31452\/revisions"}],"wp:featuredmedia":[{"embeddable":true,"href":"https:\/\/candas365.es\/noticias\/wp-json\/wp\/v2\/media\/1337"}],"wp:attachment":[{"href":"https:\/\/candas365.es\/noticias\/wp-json\/wp\/v2\/media?parent=31452"}],"wp:term":[{"taxonomy":"category","embeddable":true,"href":"https:\/\/candas365.es\/noticias\/wp-json\/wp\/v2\/categories?post=31452"},{"taxonomy":"post_tag","embeddable":true,"href":"https:\/\/candas365.es\/noticias\/wp-json\/wp\/v2\/tags?post=31452"}],"curies":[{"name":"wp","href":"https:\/\/api.w.org\/{rel}","templated":true}]}}