{"id":31445,"date":"2016-06-27T22:43:25","date_gmt":"2016-06-27T21:13:25","guid":{"rendered":"http:\/\/candas365.es\/noticias\/?p=31445"},"modified":"2016-06-27T22:43:25","modified_gmt":"2016-06-27T21:13:25","slug":"italia-destroza-a-la-espana-de-del-bosque","status":"publish","type":"post","link":"https:\/\/candas365.es\/noticias\/italia-destroza-a-la-espana-de-del-bosque\/","title":{"rendered":"Italia destroza a la Espa\u00f1a de Del Bosque"},"content":{"rendered":"<p><img fetchpriority=\"high\" decoding=\"async\" class=\"alignleft size-medium wp-image-14432\" src=\"https:\/\/candas365.es\/noticias\/wp-content\/uploads\/2015\/08\/delbosque-360x270.jpg\" alt=\"delbosque\" width=\"360\" height=\"270\" srcset=\"https:\/\/candas365.es\/noticias\/wp-content\/uploads\/2015\/08\/delbosque-360x270.jpg 360w, https:\/\/candas365.es\/noticias\/wp-content\/uploads\/2015\/08\/delbosque-640x480.jpg 640w, https:\/\/candas365.es\/noticias\/wp-content\/uploads\/2015\/08\/delbosque-768x576.jpg 768w, https:\/\/candas365.es\/noticias\/wp-content\/uploads\/2015\/08\/delbosque-150x113.jpg 150w, https:\/\/candas365.es\/noticias\/wp-content\/uploads\/2015\/08\/delbosque-450x338.jpg 450w, https:\/\/candas365.es\/noticias\/wp-content\/uploads\/2015\/08\/delbosque-80x60.jpg 80w, https:\/\/candas365.es\/noticias\/wp-content\/uploads\/2015\/08\/delbosque-265x198.jpg 265w, https:\/\/candas365.es\/noticias\/wp-content\/uploads\/2015\/08\/delbosque-696x522.jpg 696w, https:\/\/candas365.es\/noticias\/wp-content\/uploads\/2015\/08\/delbosque-560x420.jpg 560w, https:\/\/candas365.es\/noticias\/wp-content\/uploads\/2015\/08\/delbosque-90x67.jpg 90w, https:\/\/candas365.es\/noticias\/wp-content\/uploads\/2015\/08\/delbosque.jpg 800w\" sizes=\"(max-width: 360px) 100vw, 360px\" \/>Italia quit\u00f3 la corona a una irreconocible Espa\u00f1a que no podr\u00e1 revalidar su t\u00edtulo en Francia 2016, tras caer (2-0) en el partido de los octavos de final, disputado en el estadio de Saint Denis, en las afueras de Par\u00eds, y puso fin a la exitosa &#8216;era Del Bosque&#8217;, con una Eurocopa y un Mundial en su curr\u00edculo.<\/p>\n<p>Los de Conte, muy superiores esta tarde, se enfrentar\u00e1n a Alemania el pr\u00f3ximo s\u00e1bado 2 de julio (21:00 horas) en Burdeos en los cuartos de final y se tomaron la revancha de la afrenta (4-0) de la final de la Eurocopa de la edici\u00f3n anterior, la de 2012, uno de los mejores encuentros de la videoteca nacional.<\/p>\n<p>Del Bosque sigui\u00f3 fiel a su librillo y repiti\u00f3 &#8216;once&#8217; por cuarta vez consecutiva. Un hecho de hemeroteca. Cuatro partidos, los mismos protagonistas. No le importaron al seleccionador el cansancio y las dudas que despertaron Croacia -ya fuera de concurso eliminada por la Portugal de Cristiano y Pepe- en la segunda parte del \u00faltimo encuentro de la primera fase. De Gea y los mismos diez de siempre en este campeonato.<\/p>\n<p>Y Espa\u00f1a parec\u00eda a\u00fan sumida en el letargo en el que le sumieron los balc\u00e1nicos. Con mucho menor ritmo que su rival, &#8216;La Roja&#8217; se vio superada en el arranque por el aluvi\u00f3n de agua y de juego que le cay\u00f3 encima. De Rossi andaba suelto en el centro del campo y distribu\u00eda a su antojo. El mundo al rev\u00e9s: Italia parec\u00eda Espa\u00f1a, y los de la piel de toro, acomplejados y arrinconados, su rival.<\/p>\n<p>Un remate de Eder y otro de Pell\u00e8 en una falta lanzada por Florenzi hicieron a De Gea achicar agua en la porter\u00eda hispana. Espa\u00f1a abusaba del bal\u00f3n largo hacia \u00c1lvaro Morata, incapaz de superar a los tres centrales italianos. No era capaz la campeona de hilvanar dos pases seguidos ante la presi\u00f3n que ahogaba su inexistente juego de toque.<\/p>\n<p>Tard\u00f3 casi 20 minutos para que Cesc chutara por vez primera a un in\u00e9dito Buffon, pero Chiellini se lanz\u00f3 a la hierba como el mismo \u00edmpetu que puso poco despu\u00e9s para anotar el primer tanto. Antes del mismo, Parolo cabece\u00f3 fuera un bal\u00f3n y Ramos estuvo cerca de meter en propia puerta un mal despeje.<\/p>\n<p>Una falta cometida por el central del Real Madrid fue el germen de lo que se avecinaba. Un chut poderoso de Eder y el rechace que no aciertan a despejarlo De Gea ni Piqu\u00e9 antes de que Chiellini pusiera en ventaja a los de Antonio Conte. Justo premio para el despliegue italiano antes del descanso.<\/p>\n<p>Incluso la brecha pudo a\u00fan sangrar m\u00e1s para una desconocida campeona si De Gea no alargara a\u00fan m\u00e1s sus enormes brazos para enviara a c\u00f3rner una contra culminada por Giaccherini, en el minuto 44. La mejor noticia para la campeona, desbordada y con Del Bosque fuera de s\u00ed tratando de achicar el agua, fue la marcha a la caseta.<\/p>\n<p>MEJOR IMAGEN Y DESPEDIDA<\/p>\n<p>Del Bosque movi\u00f3 sus piezas para cambiar el rumbo de un gui\u00f3n imprevisto. Nolito se qued\u00f3 en el vestuario y Espa\u00f1a jug\u00f3 con dos puntas falsos, con la salida de Aritz Aduriz y Morata por el flanco izquierdo, para mejorar el juego a\u00e9reo y fijar a\u00fan m\u00e1s a los centrales italianos, muy c\u00f3modos en los primeros 45 minutos.<\/p>\n<p>Morata y Piqu\u00e9 remataron en sendas faltas, y Cesc dispar\u00f3 de lejos para ilusionar un poco a la hinchada de la Roja, esta tarde de un blanco desconocido como lo era el juego de la campeona. Espa\u00f1a mejoraba su versi\u00f3n, pero los espacios eran muchos y cada p\u00e9rdida era un contragolpe peligroso de la &#8216;azzurra&#8217;.<\/p>\n<p>De Gea volvi\u00f3 a ser milagroso al neutralizar un mano a mano de Eder, con apenas 10 minutos de segunda mitad. Lucas V\u00e1zquez entr\u00f3 por Morata para tratar de desatascar el juego en ataque de una Espa\u00f1a que empezaba a acumular m\u00e9ritos para la igualada. Italia segu\u00eda aplicada en la presi\u00f3n, pero ya llegaba tarde.<\/p>\n<p>Iniesta pudo ser milagroso en una volea tras una asistencia de V\u00e1zquez. Pudo serlo Piqu\u00e9 como a los checos pero su disparo se estrell\u00f3 en Buffon. Las desgracias se acumulaban con la lesi\u00f3n de Aduriz, reemplazado por el reivindicativo Pedro.<\/p>\n<p>El arre\u00f3n final no bast\u00f3 a la campeona, que acab\u00f3 cediendo la corona. Espa\u00f1a no hab\u00eda derrotado a Italia en partido oficial en 74 a\u00f1os hasta que cambi\u00f3 su historia en aquella tanda de penaltis de los cuartos de la Eurocopa de 2008. Hoy la historia volvi\u00f3 a la senda de antes, Italia fue Espa\u00f1a, Espa\u00f1a fue Italia y acab\u00f3 con el ciclo de \u00e9xito de Del Bosque. Tambi\u00e9n de Casillas, que pudo despedirse de ese equipo al que tantas alegr\u00edas dio.<\/p>\n<p>FICHA T\u00c9CNICA.<\/p>\n<p>&#8211;RESULTADO: ITALIA, 2 &#8211; ESPA\u00d1A, 0 (1-0, al descanso).<\/p>\n<p>&#8211;EQUIPOS.<\/p>\n<p>ITALIA: Buffon; De Sciglio, Chiellini, Bonucci, Barzagli, Florenzi (Darmian, min. 84); Giaccherini, De Rossi (Motta, min. 54), Parolo; Eder (Insigne, min. 82) y Pell\u00e9.<\/p>\n<p>ESPA\u00d1A: De Gea; Alba, Ramos, Piqu\u00e9, Juanfran; Busquets; Silva, Cesc, Iniesta, Nolito (Aduriz, min. 46; Pedro, min. 81); y Morata (Lucas V\u00e1zquez, min. 70).<\/p>\n<p>&#8211;GOLES.<\/p>\n<p>1-0, min. 33: Chiellini, en el rechace de una falta lanzada por Eder.<\/p>\n<p>2-0, min. 91: Pell\u00e8 fusila a De Gea.<\/p>\n<p>&#8211;\u00c1RBITRO: Cuneyt \u00c7akir (Tur). Amonest\u00f3 a De Sciglio (min. 24), Pelle (min. 54), Motta (min. 89), por Italia. Y a Nolito (min. 41) y Busquets (min. 89) y Silva (min. 94), por Espa\u00f1a.<\/p>\n<p>&#8211;ESTADIO: Saint Denis. 77.000 espectadores.<\/p>\n","protected":false},"excerpt":{"rendered":"<p>Italia quit\u00f3 la corona a una irreconocible Espa\u00f1a que no podr\u00e1 revalidar su t\u00edtulo en Francia 2016, tras caer (2-0) en el partido de los octavos de final, disputado en el estadio de Saint Denis, en las afueras de Par\u00eds, y puso fin a la exitosa &#8216;era Del Bosque&#8217;, con una Eurocopa y un Mundial<\/p>\n","protected":false},"author":1,"featured_media":17293,"comment_status":"closed","ping_status":"closed","sticky":false,"template":"","format":"standard","meta":{"footnotes":""},"categories":[343],"tags":[],"class_list":{"0":"post-31445","1":"post","2":"type-post","3":"status-publish","4":"format-standard","5":"has-post-thumbnail","7":"category-actualidad"},"aioseo_notices":[],"aioseo_head":"\n\t\t<!-- All in One SEO Pro 4.9.6.2 - aioseo.com -->\n\t<meta name=\"description\" content=\"Italia quit\u00f3 la corona a una irreconocible Espa\u00f1a que no podr\u00e1 revalidar su t\u00edtulo en Francia 2016, tras caer (2-0) en el partido de los octavos de final, disputado en el estadio de Saint Denis, en las afueras de Par\u00eds, y puso fin a la exitosa &#039;era Del Bosque&#039;, con una Eurocopa y un Mundial\" \/>\n\t<meta name=\"robots\" content=\"max-image-preview:large\" \/>\n\t<meta name=\"author\" content=\"Cand\u00e1s 365\"\/>\n\t<meta name=\"google-site-verification\" content=\"UA-32230408-1\" \/>\n\t<meta name=\"msvalidate.01\" content=\"354F3CDFB2DA171B47FBE9ABF1F88D5\" \/>\n\t<meta name=\"keywords\" content=\"actualidad\" \/>\n\t<link rel=\"canonical\" href=\"https:\/\/candas365.es\/noticias\/italia-destroza-a-la-espana-de-del-bosque\/\" \/>\n\t<meta name=\"generator\" content=\"All in One SEO Pro (AIOSEO) 4.9.6.2\" \/>\n\t\t<meta property=\"og:locale\" content=\"es_ES\" \/>\n\t\t<meta property=\"og:site_name\" content=\"Cand\u00e1s 365\" \/>\n\t\t<meta property=\"og:type\" content=\"article\" \/>\n\t\t<meta property=\"og:title\" content=\"Italia destroza a la Espa\u00f1a de Del Bosque | Cand\u00e1s 365\" \/>\n\t\t<meta property=\"og:description\" content=\"Italia quit\u00f3 la corona a una irreconocible Espa\u00f1a que no podr\u00e1 revalidar su t\u00edtulo en Francia 2016, tras caer (2-0) en el partido de los octavos de final, disputado en el estadio de Saint Denis, en las afueras de Par\u00eds, y puso fin a la exitosa &#039;era Del Bosque&#039;, con una Eurocopa y un Mundial\" \/>\n\t\t<meta property=\"og:url\" content=\"https:\/\/candas365.es\/noticias\/italia-destroza-a-la-espana-de-del-bosque\/\" \/>\n\t\t<meta property=\"og:image\" content=\"https:\/\/candas365.es\/noticias\/wp-content\/uploads\/2015\/10\/del-bosque.jpg\" \/>\n\t\t<meta property=\"og:image:secure_url\" content=\"https:\/\/candas365.es\/noticias\/wp-content\/uploads\/2015\/10\/del-bosque.jpg\" \/>\n\t\t<meta property=\"og:image:width\" content=\"655\" \/>\n\t\t<meta property=\"og:image:height\" content=\"360\" \/>\n\t\t<meta property=\"article:published_time\" content=\"2016-06-27T21:13:25+00:00\" \/>\n\t\t<meta property=\"article:modified_time\" content=\"2016-06-27T21:13:25+00:00\" \/>\n\t\t<meta property=\"article:publisher\" content=\"https:\/\/www.facebook.com\/Nachofdezber\" \/>\n\t\t<meta property=\"article:author\" content=\"https:\/\/www.facebook.com\/carrenoactualidad\" \/>\n\t\t<meta name=\"twitter:card\" content=\"summary_large_image\" \/>\n\t\t<meta name=\"twitter:site\" content=\"@NabercoDigital\" \/>\n\t\t<meta name=\"twitter:title\" content=\"Italia destroza a la Espa\u00f1a de Del Bosque | Cand\u00e1s 365\" \/>\n\t\t<meta name=\"twitter:description\" content=\"Italia quit\u00f3 la corona a una irreconocible Espa\u00f1a que no podr\u00e1 revalidar su t\u00edtulo en Francia 2016, tras caer (2-0) en el partido de los octavos de final, disputado en el estadio de Saint Denis, en las afueras de Par\u00eds, y puso fin a la exitosa &#039;era Del Bosque&#039;, con una Eurocopa y un Mundial\" \/>\n\t\t<meta name=\"twitter:creator\" content=\"@nbasturias\" \/>\n\t\t<meta name=\"twitter:image\" content=\"https:\/\/candas365.es\/noticias\/wp-content\/uploads\/2015\/10\/del-bosque.jpg\" \/>\n\t\t<meta name=\"twitter:label1\" content=\"Escrito por\" \/>\n\t\t<meta name=\"twitter:data1\" content=\"Cand\u00e1s 365\" \/>\n\t\t<meta name=\"twitter:label2\" content=\"Tiempo de lectura estimado\" \/>\n\t\t<meta name=\"twitter:data2\" content=\"5 minutos\" \/>\n\t\t<script type=\"application\/ld+json\" class=\"aioseo-schema\">\n\t\t\t{\"@context\":\"https:\\\/\\\/schema.org\",\"@graph\":[{\"@type\":\"BreadcrumbList\",\"@id\":\"https:\\\/\\\/candas365.es\\\/noticias\\\/italia-destroza-a-la-espana-de-del-bosque\\\/#breadcrumblist\",\"itemListElement\":[{\"@type\":\"ListItem\",\"@id\":\"https:\\\/\\\/candas365.es\\\/noticias#listItem\",\"position\":1,\"name\":\"Home\",\"item\":\"https:\\\/\\\/candas365.es\\\/noticias\",\"nextItem\":{\"@type\":\"ListItem\",\"@id\":\"https:\\\/\\\/candas365.es\\\/noticias\\\/category\\\/actualidad\\\/#listItem\",\"name\":\"Actualidad\"}},{\"@type\":\"ListItem\",\"@id\":\"https:\\\/\\\/candas365.es\\\/noticias\\\/category\\\/actualidad\\\/#listItem\",\"position\":2,\"name\":\"Actualidad\",\"item\":\"https:\\\/\\\/candas365.es\\\/noticias\\\/category\\\/actualidad\\\/\",\"nextItem\":{\"@type\":\"ListItem\",\"@id\":\"https:\\\/\\\/candas365.es\\\/noticias\\\/italia-destroza-a-la-espana-de-del-bosque\\\/#listItem\",\"name\":\"Italia destroza a la Espa\\u00f1a de Del Bosque\"},\"previousItem\":{\"@type\":\"ListItem\",\"@id\":\"https:\\\/\\\/candas365.es\\\/noticias#listItem\",\"name\":\"Home\"}},{\"@type\":\"ListItem\",\"@id\":\"https:\\\/\\\/candas365.es\\\/noticias\\\/italia-destroza-a-la-espana-de-del-bosque\\\/#listItem\",\"position\":3,\"name\":\"Italia destroza a la Espa\\u00f1a de Del Bosque\",\"previousItem\":{\"@type\":\"ListItem\",\"@id\":\"https:\\\/\\\/candas365.es\\\/noticias\\\/category\\\/actualidad\\\/#listItem\",\"name\":\"Actualidad\"}}]},{\"@type\":\"NewsArticle\",\"@id\":\"https:\\\/\\\/candas365.es\\\/noticias\\\/italia-destroza-a-la-espana-de-del-bosque\\\/#newsarticle\",\"name\":\"Italia destroza a la Espa\\u00f1a de Del Bosque | Cand\\u00e1s 365\",\"headline\":\"Italia destroza a la Espa\\u00f1a de Del Bosque\",\"author\":{\"@id\":\"https:\\\/\\\/candas365.es\\\/noticias\\\/author\\\/admin\\\/#author\"},\"publisher\":{\"@id\":\"https:\\\/\\\/candas365.es\\\/noticias\\\/#organization\"},\"image\":{\"@type\":\"ImageObject\",\"url\":\"https:\\\/\\\/candas365.es\\\/noticias\\\/wp-content\\\/uploads\\\/2015\\\/10\\\/del-bosque.jpg\",\"width\":655,\"height\":360},\"datePublished\":\"2016-06-27T22:43:25+02:00\",\"dateModified\":\"2016-06-27T22:43:25+02:00\",\"inLanguage\":\"es-ES\",\"mainEntityOfPage\":{\"@id\":\"https:\\\/\\\/candas365.es\\\/noticias\\\/italia-destroza-a-la-espana-de-del-bosque\\\/#webpage\"},\"isPartOf\":{\"@id\":\"https:\\\/\\\/candas365.es\\\/noticias\\\/italia-destroza-a-la-espana-de-del-bosque\\\/#webpage\"},\"articleSection\":\"Actualidad\",\"dateline\":\"Publicado el junio 27, 2016.\"},{\"@type\":\"Organization\",\"@id\":\"https:\\\/\\\/candas365.es\\\/noticias\\\/#organization\",\"name\":\"Cand\\u00e1s 365\",\"description\":\"Cand\\u00e1s 365 es un diario digital independiente, fundado en 2012, con base en Asturias. Informamos con rigor sobre actualidad, sociedad, cultura y ocio, con una mirada local y global.\",\"url\":\"https:\\\/\\\/candas365.es\\\/noticias\\\/\",\"email\":\"info@candas365.es\",\"telephone\":\"+34652131393\",\"foundingDate\":\"2012-06-10\",\"logo\":{\"@type\":\"ImageObject\",\"url\":\"https:\\\/\\\/candas365.es\\\/noticias\\\/wp-content\\\/uploads\\\/2024\\\/09\\\/Candas-365-Redes.jpg\",\"@id\":\"https:\\\/\\\/candas365.es\\\/noticias\\\/italia-destroza-a-la-espana-de-del-bosque\\\/#organizationLogo\",\"width\":1152,\"height\":864,\"caption\":\"Cand\\u00e1s 365 Redes\"},\"image\":{\"@id\":\"https:\\\/\\\/candas365.es\\\/noticias\\\/italia-destroza-a-la-espana-de-del-bosque\\\/#organizationLogo\"},\"sameAs\":[\"https:\\\/\\\/www.facebook.com\\\/Nachofdezber\",\"https:\\\/\\\/x.com\\\/NabercoDigital\",\"https:\\\/\\\/www.instagram.com\\\/nachofdezber\\\/\",\"https:\\\/\\\/www.youtube.com\\\/channel\\\/UCZP-2wLEB9Rv6erhFmqVnvg\"],\"address\":{\"@id\":\"https:\\\/\\\/candas365.es\\\/noticias\\\/#postaladdress\",\"@type\":\"PostalAddress\",\"streetAddress\":\"san antonio 4, san antonio 4\",\"postalCode\":\"33430\",\"addressLocality\":\"Cand\\u00e1s\",\"addressRegion\":\"Asturias\",\"addressCountry\":\"ES\"}},{\"@type\":\"Person\",\"@id\":\"https:\\\/\\\/candas365.es\\\/noticias\\\/author\\\/admin\\\/#author\",\"url\":\"https:\\\/\\\/candas365.es\\\/noticias\\\/author\\\/admin\\\/\",\"name\":\"Cand\\u00e1s 365\",\"image\":{\"@type\":\"ImageObject\",\"@id\":\"https:\\\/\\\/candas365.es\\\/noticias\\\/italia-destroza-a-la-espana-de-del-bosque\\\/#authorImage\",\"url\":\"https:\\\/\\\/secure.gravatar.com\\\/avatar\\\/496a8e03d0c493ede1718b7934145dbdf8d89be1036b0eec9544e1094c9de390?s=96&d=mm&r=g\",\"width\":96,\"height\":96,\"caption\":\"Cand\\u00e1s 365\"},\"sameAs\":[\"https:\\\/\\\/www.facebook.com\\\/carrenoactualidad\",\"https:\\\/\\\/twitter.com\\\/nbasturias\",\"https:\\\/\\\/www.instagram.com\\\/nachofdezber\\\/\",\"https:\\\/\\\/www.youtube.com\\\/channel\\\/UCZP-2wLEB9Rv6erhFmqVnvg\"]},{\"@type\":\"WebPage\",\"@id\":\"https:\\\/\\\/candas365.es\\\/noticias\\\/italia-destroza-a-la-espana-de-del-bosque\\\/#webpage\",\"url\":\"https:\\\/\\\/candas365.es\\\/noticias\\\/italia-destroza-a-la-espana-de-del-bosque\\\/\",\"name\":\"Italia destroza a la Espa\\u00f1a de Del Bosque | Cand\\u00e1s 365\",\"description\":\"Italia quit\\u00f3 la corona a una irreconocible Espa\\u00f1a que no podr\\u00e1 revalidar su t\\u00edtulo en Francia 2016, tras caer (2-0) en el partido de los octavos de final, disputado en el estadio de Saint Denis, en las afueras de Par\\u00eds, y puso fin a la exitosa 'era Del Bosque', con una Eurocopa y un Mundial\",\"inLanguage\":\"es-ES\",\"isPartOf\":{\"@id\":\"https:\\\/\\\/candas365.es\\\/noticias\\\/#website\"},\"breadcrumb\":{\"@id\":\"https:\\\/\\\/candas365.es\\\/noticias\\\/italia-destroza-a-la-espana-de-del-bosque\\\/#breadcrumblist\"},\"author\":{\"@id\":\"https:\\\/\\\/candas365.es\\\/noticias\\\/author\\\/admin\\\/#author\"},\"creator\":{\"@id\":\"https:\\\/\\\/candas365.es\\\/noticias\\\/author\\\/admin\\\/#author\"},\"image\":{\"@type\":\"ImageObject\",\"url\":\"https:\\\/\\\/candas365.es\\\/noticias\\\/wp-content\\\/uploads\\\/2015\\\/10\\\/del-bosque.jpg\",\"@id\":\"https:\\\/\\\/candas365.es\\\/noticias\\\/italia-destroza-a-la-espana-de-del-bosque\\\/#mainImage\",\"width\":655,\"height\":360},\"primaryImageOfPage\":{\"@id\":\"https:\\\/\\\/candas365.es\\\/noticias\\\/italia-destroza-a-la-espana-de-del-bosque\\\/#mainImage\"},\"datePublished\":\"2016-06-27T22:43:25+02:00\",\"dateModified\":\"2016-06-27T22:43:25+02:00\"},{\"@type\":\"WebSite\",\"@id\":\"https:\\\/\\\/candas365.es\\\/noticias\\\/#website\",\"url\":\"https:\\\/\\\/candas365.es\\\/noticias\\\/\",\"name\":\"Cand\\u00e1s 365\",\"alternateName\":\"Cand\\u00e1s 365 Noticias\",\"description\":\"Actualidad desde Carre\\u00f1o para el mundo\",\"inLanguage\":\"es-ES\",\"publisher\":{\"@id\":\"https:\\\/\\\/candas365.es\\\/noticias\\\/#organization\"}}]}\n\t\t<\/script>\n\t\t<!-- All in One SEO Pro -->\r\n\t\t<title>Italia destroza a la Espa\u00f1a de Del Bosque | Cand\u00e1s 365<\/title>\n\n","aioseo_head_json":{"title":"Italia destroza a la Espa\u00f1a de Del Bosque | Cand\u00e1s 365","description":"Italia quit\u00f3 la corona a una irreconocible Espa\u00f1a que no podr\u00e1 revalidar su t\u00edtulo en Francia 2016, tras caer (2-0) en el partido de los octavos de final, disputado en el estadio de Saint Denis, en las afueras de Par\u00eds, y puso fin a la exitosa 'era Del Bosque', con una Eurocopa y un Mundial","canonical_url":"https:\/\/candas365.es\/noticias\/italia-destroza-a-la-espana-de-del-bosque\/","robots":"max-image-preview:large","keywords":"actualidad","webmasterTools":{"google-site-verification":"UA-32230408-1","msvalidate.01":"354F3CDFB2DA171B47FBE9ABF1F88D5","miscellaneous":""},"schema":{"@context":"https:\/\/schema.org","@graph":[{"@type":"BreadcrumbList","@id":"https:\/\/candas365.es\/noticias\/italia-destroza-a-la-espana-de-del-bosque\/#breadcrumblist","itemListElement":[{"@type":"ListItem","@id":"https:\/\/candas365.es\/noticias#listItem","position":1,"name":"Home","item":"https:\/\/candas365.es\/noticias","nextItem":{"@type":"ListItem","@id":"https:\/\/candas365.es\/noticias\/category\/actualidad\/#listItem","name":"Actualidad"}},{"@type":"ListItem","@id":"https:\/\/candas365.es\/noticias\/category\/actualidad\/#listItem","position":2,"name":"Actualidad","item":"https:\/\/candas365.es\/noticias\/category\/actualidad\/","nextItem":{"@type":"ListItem","@id":"https:\/\/candas365.es\/noticias\/italia-destroza-a-la-espana-de-del-bosque\/#listItem","name":"Italia destroza a la Espa\u00f1a de Del Bosque"},"previousItem":{"@type":"ListItem","@id":"https:\/\/candas365.es\/noticias#listItem","name":"Home"}},{"@type":"ListItem","@id":"https:\/\/candas365.es\/noticias\/italia-destroza-a-la-espana-de-del-bosque\/#listItem","position":3,"name":"Italia destroza a la Espa\u00f1a de Del Bosque","previousItem":{"@type":"ListItem","@id":"https:\/\/candas365.es\/noticias\/category\/actualidad\/#listItem","name":"Actualidad"}}]},{"@type":"NewsArticle","@id":"https:\/\/candas365.es\/noticias\/italia-destroza-a-la-espana-de-del-bosque\/#newsarticle","name":"Italia destroza a la Espa\u00f1a de Del Bosque | Cand\u00e1s 365","headline":"Italia destroza a la Espa\u00f1a de Del Bosque","author":{"@id":"https:\/\/candas365.es\/noticias\/author\/admin\/#author"},"publisher":{"@id":"https:\/\/candas365.es\/noticias\/#organization"},"image":{"@type":"ImageObject","url":"https:\/\/candas365.es\/noticias\/wp-content\/uploads\/2015\/10\/del-bosque.jpg","width":655,"height":360},"datePublished":"2016-06-27T22:43:25+02:00","dateModified":"2016-06-27T22:43:25+02:00","inLanguage":"es-ES","mainEntityOfPage":{"@id":"https:\/\/candas365.es\/noticias\/italia-destroza-a-la-espana-de-del-bosque\/#webpage"},"isPartOf":{"@id":"https:\/\/candas365.es\/noticias\/italia-destroza-a-la-espana-de-del-bosque\/#webpage"},"articleSection":"Actualidad","dateline":"Publicado el junio 27, 2016."},{"@type":"Organization","@id":"https:\/\/candas365.es\/noticias\/#organization","name":"Cand\u00e1s 365","description":"Cand\u00e1s 365 es un diario digital independiente, fundado en 2012, con base en Asturias. Informamos con rigor sobre actualidad, sociedad, cultura y ocio, con una mirada local y global.","url":"https:\/\/candas365.es\/noticias\/","email":"info@candas365.es","telephone":"+34652131393","foundingDate":"2012-06-10","logo":{"@type":"ImageObject","url":"https:\/\/candas365.es\/noticias\/wp-content\/uploads\/2024\/09\/Candas-365-Redes.jpg","@id":"https:\/\/candas365.es\/noticias\/italia-destroza-a-la-espana-de-del-bosque\/#organizationLogo","width":1152,"height":864,"caption":"Cand\u00e1s 365 Redes"},"image":{"@id":"https:\/\/candas365.es\/noticias\/italia-destroza-a-la-espana-de-del-bosque\/#organizationLogo"},"sameAs":["https:\/\/www.facebook.com\/Nachofdezber","https:\/\/x.com\/NabercoDigital","https:\/\/www.instagram.com\/nachofdezber\/","https:\/\/www.youtube.com\/channel\/UCZP-2wLEB9Rv6erhFmqVnvg"],"address":{"@id":"https:\/\/candas365.es\/noticias\/#postaladdress","@type":"PostalAddress","streetAddress":"san antonio 4, san antonio 4","postalCode":"33430","addressLocality":"Cand\u00e1s","addressRegion":"Asturias","addressCountry":"ES"}},{"@type":"Person","@id":"https:\/\/candas365.es\/noticias\/author\/admin\/#author","url":"https:\/\/candas365.es\/noticias\/author\/admin\/","name":"Cand\u00e1s 365","image":{"@type":"ImageObject","@id":"https:\/\/candas365.es\/noticias\/italia-destroza-a-la-espana-de-del-bosque\/#authorImage","url":"https:\/\/secure.gravatar.com\/avatar\/496a8e03d0c493ede1718b7934145dbdf8d89be1036b0eec9544e1094c9de390?s=96&d=mm&r=g","width":96,"height":96,"caption":"Cand\u00e1s 365"},"sameAs":["https:\/\/www.facebook.com\/carrenoactualidad","https:\/\/twitter.com\/nbasturias","https:\/\/www.instagram.com\/nachofdezber\/","https:\/\/www.youtube.com\/channel\/UCZP-2wLEB9Rv6erhFmqVnvg"]},{"@type":"WebPage","@id":"https:\/\/candas365.es\/noticias\/italia-destroza-a-la-espana-de-del-bosque\/#webpage","url":"https:\/\/candas365.es\/noticias\/italia-destroza-a-la-espana-de-del-bosque\/","name":"Italia destroza a la Espa\u00f1a de Del Bosque | Cand\u00e1s 365","description":"Italia quit\u00f3 la corona a una irreconocible Espa\u00f1a que no podr\u00e1 revalidar su t\u00edtulo en Francia 2016, tras caer (2-0) en el partido de los octavos de final, disputado en el estadio de Saint Denis, en las afueras de Par\u00eds, y puso fin a la exitosa 'era Del Bosque', con una Eurocopa y un Mundial","inLanguage":"es-ES","isPartOf":{"@id":"https:\/\/candas365.es\/noticias\/#website"},"breadcrumb":{"@id":"https:\/\/candas365.es\/noticias\/italia-destroza-a-la-espana-de-del-bosque\/#breadcrumblist"},"author":{"@id":"https:\/\/candas365.es\/noticias\/author\/admin\/#author"},"creator":{"@id":"https:\/\/candas365.es\/noticias\/author\/admin\/#author"},"image":{"@type":"ImageObject","url":"https:\/\/candas365.es\/noticias\/wp-content\/uploads\/2015\/10\/del-bosque.jpg","@id":"https:\/\/candas365.es\/noticias\/italia-destroza-a-la-espana-de-del-bosque\/#mainImage","width":655,"height":360},"primaryImageOfPage":{"@id":"https:\/\/candas365.es\/noticias\/italia-destroza-a-la-espana-de-del-bosque\/#mainImage"},"datePublished":"2016-06-27T22:43:25+02:00","dateModified":"2016-06-27T22:43:25+02:00"},{"@type":"WebSite","@id":"https:\/\/candas365.es\/noticias\/#website","url":"https:\/\/candas365.es\/noticias\/","name":"Cand\u00e1s 365","alternateName":"Cand\u00e1s 365 Noticias","description":"Actualidad desde Carre\u00f1o para el mundo","inLanguage":"es-ES","publisher":{"@id":"https:\/\/candas365.es\/noticias\/#organization"}}]},"og:locale":"es_ES","og:site_name":"Cand\u00e1s 365","og:type":"article","og:title":"Italia destroza a la Espa\u00f1a de Del Bosque | Cand\u00e1s 365","og:description":"Italia quit\u00f3 la corona a una irreconocible Espa\u00f1a que no podr\u00e1 revalidar su t\u00edtulo en Francia 2016, tras caer (2-0) en el partido de los octavos de final, disputado en el estadio de Saint Denis, en las afueras de Par\u00eds, y puso fin a la exitosa 'era Del Bosque', con una Eurocopa y un Mundial","og:url":"https:\/\/candas365.es\/noticias\/italia-destroza-a-la-espana-de-del-bosque\/","og:image":"https:\/\/candas365.es\/noticias\/wp-content\/uploads\/2015\/10\/del-bosque.jpg","og:image:secure_url":"https:\/\/candas365.es\/noticias\/wp-content\/uploads\/2015\/10\/del-bosque.jpg","og:image:width":655,"og:image:height":360,"article:published_time":"2016-06-27T21:13:25+00:00","article:modified_time":"2016-06-27T21:13:25+00:00","article:publisher":"https:\/\/www.facebook.com\/Nachofdezber","article:author":"https:\/\/www.facebook.com\/carrenoactualidad","twitter:card":"summary_large_image","twitter:site":"@NabercoDigital","twitter:title":"Italia destroza a la Espa\u00f1a de Del Bosque | Cand\u00e1s 365","twitter:description":"Italia quit\u00f3 la corona a una irreconocible Espa\u00f1a que no podr\u00e1 revalidar su t\u00edtulo en Francia 2016, tras caer (2-0) en el partido de los octavos de final, disputado en el estadio de Saint Denis, en las afueras de Par\u00eds, y puso fin a la exitosa 'era Del Bosque', con una Eurocopa y un Mundial","twitter:creator":"@nbasturias","twitter:image":"https:\/\/candas365.es\/noticias\/wp-content\/uploads\/2015\/10\/del-bosque.jpg","twitter:label1":"Escrito por","twitter:data1":"Cand\u00e1s 365","twitter:label2":"Tiempo de lectura estimado","twitter:data2":"5 minutos"},"aioseo_meta_data":{"post_id":"31445","title":null,"description":null,"keywords":null,"keyphrases":null,"primary_term":null,"canonical_url":null,"og_title":null,"og_description":null,"og_object_type":"default","og_image_type":"default","og_image_url":null,"og_image_width":null,"og_image_height":null,"og_image_custom_url":null,"og_image_custom_fields":null,"og_video":null,"og_custom_url":null,"og_article_section":null,"og_article_tags":null,"twitter_use_og":false,"twitter_card":"default","twitter_image_type":"default","twitter_image_url":null,"twitter_image_custom_url":null,"twitter_image_custom_fields":null,"twitter_title":null,"twitter_description":null,"schema":{"blockGraphs":[],"customGraphs":[],"default":{"data":{"Article":[],"Course":[],"Dataset":[],"FAQPage":[],"Movie":[],"Person":[],"Product":[],"ProductReview":[],"Car":[],"Recipe":[],"Service":[],"SoftwareApplication":[],"WebPage":[]},"graphName":"","isEnabled":true},"graphs":[],"defaultGraph":"","defaultPostTypeGraph":""},"schema_type":null,"schema_type_options":null,"pillar_content":false,"robots_default":true,"robots_noindex":false,"robots_noarchive":false,"robots_nosnippet":false,"robots_nofollow":false,"robots_noimageindex":false,"robots_noodp":false,"robots_notranslate":false,"robots_max_snippet":null,"robots_max_videopreview":null,"robots_max_imagepreview":"large","priority":null,"frequency":null,"location":null,"local_seo":null,"seo_analyzer_scan_date":"2025-08-24 13:54:12","breadcrumb_settings":null,"limit_modified_date":false,"reviewed_by":null,"open_ai":null,"ai":null,"created":"2020-12-21 13:01:10","updated":"2025-08-24 13:54:12"},"aioseo_breadcrumb":"<div class=\"aioseo-breadcrumbs\"><span class=\"aioseo-breadcrumb\">\n\t<a href=\"https:\/\/candas365.es\/noticias\" title=\"Home\">Home<\/a>\n<\/span><span class=\"aioseo-breadcrumb-separator\">&ndash;<\/span><span class=\"aioseo-breadcrumb\">\n\t<a href=\"https:\/\/candas365.es\/noticias\/category\/actualidad\/\" title=\"Actualidad\">Actualidad<\/a>\n<\/span><span class=\"aioseo-breadcrumb-separator\">&ndash;<\/span><span class=\"aioseo-breadcrumb\">\n\tItalia destroza a la Espa\u00f1a de Del Bosque\n<\/span><\/div>","aioseo_breadcrumb_json":[{"label":"Home","link":"https:\/\/candas365.es\/noticias"},{"label":"Actualidad","link":"https:\/\/candas365.es\/noticias\/category\/actualidad\/"},{"label":"Italia destroza a la Espa\u00f1a de Del Bosque","link":"https:\/\/candas365.es\/noticias\/italia-destroza-a-la-espana-de-del-bosque\/"}],"_links":{"self":[{"href":"https:\/\/candas365.es\/noticias\/wp-json\/wp\/v2\/posts\/31445","targetHints":{"allow":["GET"]}}],"collection":[{"href":"https:\/\/candas365.es\/noticias\/wp-json\/wp\/v2\/posts"}],"about":[{"href":"https:\/\/candas365.es\/noticias\/wp-json\/wp\/v2\/types\/post"}],"author":[{"embeddable":true,"href":"https:\/\/candas365.es\/noticias\/wp-json\/wp\/v2\/users\/1"}],"replies":[{"embeddable":true,"href":"https:\/\/candas365.es\/noticias\/wp-json\/wp\/v2\/comments?post=31445"}],"version-history":[{"count":0,"href":"https:\/\/candas365.es\/noticias\/wp-json\/wp\/v2\/posts\/31445\/revisions"}],"wp:featuredmedia":[{"embeddable":true,"href":"https:\/\/candas365.es\/noticias\/wp-json\/wp\/v2\/media\/17293"}],"wp:attachment":[{"href":"https:\/\/candas365.es\/noticias\/wp-json\/wp\/v2\/media?parent=31445"}],"wp:term":[{"taxonomy":"category","embeddable":true,"href":"https:\/\/candas365.es\/noticias\/wp-json\/wp\/v2\/categories?post=31445"},{"taxonomy":"post_tag","embeddable":true,"href":"https:\/\/candas365.es\/noticias\/wp-json\/wp\/v2\/tags?post=31445"}],"curies":[{"name":"wp","href":"https:\/\/api.w.org\/{rel}","templated":true}]}}