{"id":31443,"date":"2016-06-27T22:41:36","date_gmt":"2016-06-27T21:11:36","guid":{"rendered":"http:\/\/candas365.es\/noticias\/?p=31443"},"modified":"2016-06-27T22:41:36","modified_gmt":"2016-06-27T21:11:36","slug":"boateng-sigue-con-tratamientos-para-las-molestias-en-el-gemelo","status":"publish","type":"post","link":"https:\/\/candas365.es\/noticias\/boateng-sigue-con-tratamientos-para-las-molestias-en-el-gemelo\/","title":{"rendered":"Boateng sigue con tratamientos para las molestias en el gemelo"},"content":{"rendered":"<p>Evian-les Bains (Francia), 27 jun (dpa) &#8211; El defensa alem\u00e1n Jerome Boateng deber\u00e1 atenderse nuevamente de las molestias que sufre desde hace varios d\u00edas en el gemelo derecho, pero asegura que estar\u00e1 bien para los cuartos de final de la Eurocopa de f\u00fatbol.<\/p>\n<p>El autor del primer gol contra Eslovaquia el domingo tuvo que ser sustitu\u00eddo en el minuto 71 por precauci\u00f3n. Esta situaci\u00f3n ya se hab\u00eda registrado en el partido de la fase inicial contra Irlanda del Norte cuando empez\u00f3 a sentir molestias.<\/p>\n<p>\u00abTodav\u00eda hay tiempo. Creo que todo ir\u00e1 bien\u00bb, afirm\u00f3 el central, que quiere llegar a tiempo para enfrentarse a la ganadora del encuentro entre Italia y Espa\u00f1a por los octavos de final.<\/p>\n","protected":false},"excerpt":{"rendered":"<p>Evian-les Bains (Francia), 27 jun (dpa) &#8211; El defensa alem\u00e1n Jerome Boateng deber\u00e1 atenderse nuevamente de las molestias que sufre desde hace varios d\u00edas en el gemelo derecho, pero asegura que estar\u00e1 bien para los cuartos de final de la Eurocopa de f\u00fatbol. El autor del primer gol contra Eslovaquia el domingo tuvo que ser<\/p>\n","protected":false},"author":1,"featured_media":29884,"comment_status":"closed","ping_status":"closed","sticky":false,"template":"","format":"standard","meta":{"footnotes":""},"categories":[343],"tags":[],"class_list":{"0":"post-31443","1":"post","2":"type-post","3":"status-publish","4":"format-standard","5":"has-post-thumbnail","7":"category-actualidad"},"aioseo_notices":[],"aioseo_head":"\n\t\t<!-- All in One SEO Pro 4.9.6.2 - aioseo.com -->\n\t<meta name=\"description\" content=\"Evian-les Bains (Francia), 27 jun (dpa) - El defensa alem\u00e1n Jerome Boateng deber\u00e1 atenderse nuevamente de las molestias que sufre desde hace varios d\u00edas en el gemelo derecho, pero asegura que estar\u00e1 bien para los cuartos de final de la Eurocopa de f\u00fatbol. El autor del primer gol contra Eslovaquia el domingo tuvo que ser\" \/>\n\t<meta name=\"robots\" content=\"max-image-preview:large\" \/>\n\t<meta name=\"author\" content=\"Cand\u00e1s 365\"\/>\n\t<meta name=\"google-site-verification\" content=\"UA-32230408-1\" \/>\n\t<meta name=\"msvalidate.01\" content=\"354F3CDFB2DA171B47FBE9ABF1F88D5\" \/>\n\t<meta name=\"keywords\" content=\"actualidad\" \/>\n\t<link rel=\"canonical\" href=\"https:\/\/candas365.es\/noticias\/boateng-sigue-con-tratamientos-para-las-molestias-en-el-gemelo\/\" \/>\n\t<meta name=\"generator\" content=\"All in One SEO Pro (AIOSEO) 4.9.6.2\" \/>\n\t\t<meta property=\"og:locale\" content=\"es_ES\" \/>\n\t\t<meta property=\"og:site_name\" content=\"Cand\u00e1s 365\" \/>\n\t\t<meta property=\"og:type\" content=\"article\" \/>\n\t\t<meta property=\"og:title\" content=\"Boateng sigue con tratamientos para las molestias en el gemelo | Cand\u00e1s 365\" \/>\n\t\t<meta property=\"og:description\" content=\"Evian-les Bains (Francia), 27 jun (dpa) - El defensa alem\u00e1n Jerome Boateng deber\u00e1 atenderse nuevamente de las molestias que sufre desde hace varios d\u00edas en el gemelo derecho, pero asegura que estar\u00e1 bien para los cuartos de final de la Eurocopa de f\u00fatbol. El autor del primer gol contra Eslovaquia el domingo tuvo que ser\" \/>\n\t\t<meta property=\"og:url\" content=\"https:\/\/candas365.es\/noticias\/boateng-sigue-con-tratamientos-para-las-molestias-en-el-gemelo\/\" \/>\n\t\t<meta property=\"og:image\" content=\"https:\/\/candas365.es\/noticias\/wp-content\/uploads\/2016\/06\/euro2016.jpg\" \/>\n\t\t<meta property=\"og:image:secure_url\" content=\"https:\/\/candas365.es\/noticias\/wp-content\/uploads\/2016\/06\/euro2016.jpg\" \/>\n\t\t<meta property=\"og:image:width\" content=\"800\" \/>\n\t\t<meta property=\"og:image:height\" content=\"478\" \/>\n\t\t<meta property=\"article:published_time\" content=\"2016-06-27T21:11:36+00:00\" \/>\n\t\t<meta property=\"article:modified_time\" content=\"2016-06-27T21:11:36+00:00\" \/>\n\t\t<meta property=\"article:publisher\" content=\"https:\/\/www.facebook.com\/Nachofdezber\" \/>\n\t\t<meta property=\"article:author\" content=\"https:\/\/www.facebook.com\/carrenoactualidad\" \/>\n\t\t<meta name=\"twitter:card\" content=\"summary_large_image\" \/>\n\t\t<meta name=\"twitter:site\" content=\"@NabercoDigital\" \/>\n\t\t<meta name=\"twitter:title\" content=\"Boateng sigue con tratamientos para las molestias en el gemelo | Cand\u00e1s 365\" \/>\n\t\t<meta name=\"twitter:description\" content=\"Evian-les Bains (Francia), 27 jun (dpa) - El defensa alem\u00e1n Jerome Boateng deber\u00e1 atenderse nuevamente de las molestias que sufre desde hace varios d\u00edas en el gemelo derecho, pero asegura que estar\u00e1 bien para los cuartos de final de la Eurocopa de f\u00fatbol. El autor del primer gol contra Eslovaquia el domingo tuvo que ser\" \/>\n\t\t<meta name=\"twitter:creator\" content=\"@nbasturias\" \/>\n\t\t<meta name=\"twitter:image\" content=\"https:\/\/candas365.es\/noticias\/wp-content\/uploads\/2016\/06\/euro2016.jpg\" \/>\n\t\t<meta name=\"twitter:label1\" content=\"Escrito por\" \/>\n\t\t<meta name=\"twitter:data1\" content=\"Cand\u00e1s 365\" \/>\n\t\t<meta name=\"twitter:label2\" content=\"Tiempo de lectura estimado\" \/>\n\t\t<meta name=\"twitter:data2\" content=\"1 minuto\" \/>\n\t\t<script type=\"application\/ld+json\" class=\"aioseo-schema\">\n\t\t\t{\"@context\":\"https:\\\/\\\/schema.org\",\"@graph\":[{\"@type\":\"BreadcrumbList\",\"@id\":\"https:\\\/\\\/candas365.es\\\/noticias\\\/boateng-sigue-con-tratamientos-para-las-molestias-en-el-gemelo\\\/#breadcrumblist\",\"itemListElement\":[{\"@type\":\"ListItem\",\"@id\":\"https:\\\/\\\/candas365.es\\\/noticias#listItem\",\"position\":1,\"name\":\"Home\",\"item\":\"https:\\\/\\\/candas365.es\\\/noticias\",\"nextItem\":{\"@type\":\"ListItem\",\"@id\":\"https:\\\/\\\/candas365.es\\\/noticias\\\/category\\\/actualidad\\\/#listItem\",\"name\":\"Actualidad\"}},{\"@type\":\"ListItem\",\"@id\":\"https:\\\/\\\/candas365.es\\\/noticias\\\/category\\\/actualidad\\\/#listItem\",\"position\":2,\"name\":\"Actualidad\",\"item\":\"https:\\\/\\\/candas365.es\\\/noticias\\\/category\\\/actualidad\\\/\",\"nextItem\":{\"@type\":\"ListItem\",\"@id\":\"https:\\\/\\\/candas365.es\\\/noticias\\\/boateng-sigue-con-tratamientos-para-las-molestias-en-el-gemelo\\\/#listItem\",\"name\":\"Boateng sigue con tratamientos para las molestias en el gemelo\"},\"previousItem\":{\"@type\":\"ListItem\",\"@id\":\"https:\\\/\\\/candas365.es\\\/noticias#listItem\",\"name\":\"Home\"}},{\"@type\":\"ListItem\",\"@id\":\"https:\\\/\\\/candas365.es\\\/noticias\\\/boateng-sigue-con-tratamientos-para-las-molestias-en-el-gemelo\\\/#listItem\",\"position\":3,\"name\":\"Boateng sigue con tratamientos para las molestias en el gemelo\",\"previousItem\":{\"@type\":\"ListItem\",\"@id\":\"https:\\\/\\\/candas365.es\\\/noticias\\\/category\\\/actualidad\\\/#listItem\",\"name\":\"Actualidad\"}}]},{\"@type\":\"NewsArticle\",\"@id\":\"https:\\\/\\\/candas365.es\\\/noticias\\\/boateng-sigue-con-tratamientos-para-las-molestias-en-el-gemelo\\\/#newsarticle\",\"name\":\"Boateng sigue con tratamientos para las molestias en el gemelo | Cand\\u00e1s 365\",\"headline\":\"Boateng sigue con tratamientos para las molestias en el gemelo\",\"author\":{\"@id\":\"https:\\\/\\\/candas365.es\\\/noticias\\\/author\\\/admin\\\/#author\"},\"publisher\":{\"@id\":\"https:\\\/\\\/candas365.es\\\/noticias\\\/#organization\"},\"image\":{\"@type\":\"ImageObject\",\"url\":\"https:\\\/\\\/candas365.es\\\/noticias\\\/wp-content\\\/uploads\\\/2016\\\/06\\\/euro2016.jpg\",\"width\":800,\"height\":478},\"datePublished\":\"2016-06-27T22:41:36+02:00\",\"dateModified\":\"2016-06-27T22:41:36+02:00\",\"inLanguage\":\"es-ES\",\"mainEntityOfPage\":{\"@id\":\"https:\\\/\\\/candas365.es\\\/noticias\\\/boateng-sigue-con-tratamientos-para-las-molestias-en-el-gemelo\\\/#webpage\"},\"isPartOf\":{\"@id\":\"https:\\\/\\\/candas365.es\\\/noticias\\\/boateng-sigue-con-tratamientos-para-las-molestias-en-el-gemelo\\\/#webpage\"},\"articleSection\":\"Actualidad\",\"dateline\":\"Publicado el junio 27, 2016.\"},{\"@type\":\"Organization\",\"@id\":\"https:\\\/\\\/candas365.es\\\/noticias\\\/#organization\",\"name\":\"Cand\\u00e1s 365\",\"description\":\"Cand\\u00e1s 365 es un diario digital independiente, fundado en 2012, con base en Asturias. Informamos con rigor sobre actualidad, sociedad, cultura y ocio, con una mirada local y global.\",\"url\":\"https:\\\/\\\/candas365.es\\\/noticias\\\/\",\"email\":\"info@candas365.es\",\"telephone\":\"+34652131393\",\"foundingDate\":\"2012-06-10\",\"logo\":{\"@type\":\"ImageObject\",\"url\":\"https:\\\/\\\/candas365.es\\\/noticias\\\/wp-content\\\/uploads\\\/2024\\\/09\\\/Candas-365-Redes.jpg\",\"@id\":\"https:\\\/\\\/candas365.es\\\/noticias\\\/boateng-sigue-con-tratamientos-para-las-molestias-en-el-gemelo\\\/#organizationLogo\",\"width\":1152,\"height\":864,\"caption\":\"Cand\\u00e1s 365 Redes\"},\"image\":{\"@id\":\"https:\\\/\\\/candas365.es\\\/noticias\\\/boateng-sigue-con-tratamientos-para-las-molestias-en-el-gemelo\\\/#organizationLogo\"},\"sameAs\":[\"https:\\\/\\\/www.facebook.com\\\/Nachofdezber\",\"https:\\\/\\\/x.com\\\/NabercoDigital\",\"https:\\\/\\\/www.instagram.com\\\/nachofdezber\\\/\",\"https:\\\/\\\/www.youtube.com\\\/channel\\\/UCZP-2wLEB9Rv6erhFmqVnvg\"],\"address\":{\"@id\":\"https:\\\/\\\/candas365.es\\\/noticias\\\/#postaladdress\",\"@type\":\"PostalAddress\",\"streetAddress\":\"san antonio 4, san antonio 4\",\"postalCode\":\"33430\",\"addressLocality\":\"Cand\\u00e1s\",\"addressRegion\":\"Asturias\",\"addressCountry\":\"ES\"}},{\"@type\":\"Person\",\"@id\":\"https:\\\/\\\/candas365.es\\\/noticias\\\/author\\\/admin\\\/#author\",\"url\":\"https:\\\/\\\/candas365.es\\\/noticias\\\/author\\\/admin\\\/\",\"name\":\"Cand\\u00e1s 365\",\"image\":{\"@type\":\"ImageObject\",\"@id\":\"https:\\\/\\\/candas365.es\\\/noticias\\\/boateng-sigue-con-tratamientos-para-las-molestias-en-el-gemelo\\\/#authorImage\",\"url\":\"https:\\\/\\\/secure.gravatar.com\\\/avatar\\\/496a8e03d0c493ede1718b7934145dbdf8d89be1036b0eec9544e1094c9de390?s=96&d=mm&r=g\",\"width\":96,\"height\":96,\"caption\":\"Cand\\u00e1s 365\"},\"sameAs\":[\"https:\\\/\\\/www.facebook.com\\\/carrenoactualidad\",\"https:\\\/\\\/twitter.com\\\/nbasturias\",\"https:\\\/\\\/www.instagram.com\\\/nachofdezber\\\/\",\"https:\\\/\\\/www.youtube.com\\\/channel\\\/UCZP-2wLEB9Rv6erhFmqVnvg\"]},{\"@type\":\"WebPage\",\"@id\":\"https:\\\/\\\/candas365.es\\\/noticias\\\/boateng-sigue-con-tratamientos-para-las-molestias-en-el-gemelo\\\/#webpage\",\"url\":\"https:\\\/\\\/candas365.es\\\/noticias\\\/boateng-sigue-con-tratamientos-para-las-molestias-en-el-gemelo\\\/\",\"name\":\"Boateng sigue con tratamientos para las molestias en el gemelo | Cand\\u00e1s 365\",\"description\":\"Evian-les Bains (Francia), 27 jun (dpa) - El defensa alem\\u00e1n Jerome Boateng deber\\u00e1 atenderse nuevamente de las molestias que sufre desde hace varios d\\u00edas en el gemelo derecho, pero asegura que estar\\u00e1 bien para los cuartos de final de la Eurocopa de f\\u00fatbol. El autor del primer gol contra Eslovaquia el domingo tuvo que ser\",\"inLanguage\":\"es-ES\",\"isPartOf\":{\"@id\":\"https:\\\/\\\/candas365.es\\\/noticias\\\/#website\"},\"breadcrumb\":{\"@id\":\"https:\\\/\\\/candas365.es\\\/noticias\\\/boateng-sigue-con-tratamientos-para-las-molestias-en-el-gemelo\\\/#breadcrumblist\"},\"author\":{\"@id\":\"https:\\\/\\\/candas365.es\\\/noticias\\\/author\\\/admin\\\/#author\"},\"creator\":{\"@id\":\"https:\\\/\\\/candas365.es\\\/noticias\\\/author\\\/admin\\\/#author\"},\"image\":{\"@type\":\"ImageObject\",\"url\":\"https:\\\/\\\/candas365.es\\\/noticias\\\/wp-content\\\/uploads\\\/2016\\\/06\\\/euro2016.jpg\",\"@id\":\"https:\\\/\\\/candas365.es\\\/noticias\\\/boateng-sigue-con-tratamientos-para-las-molestias-en-el-gemelo\\\/#mainImage\",\"width\":800,\"height\":478},\"primaryImageOfPage\":{\"@id\":\"https:\\\/\\\/candas365.es\\\/noticias\\\/boateng-sigue-con-tratamientos-para-las-molestias-en-el-gemelo\\\/#mainImage\"},\"datePublished\":\"2016-06-27T22:41:36+02:00\",\"dateModified\":\"2016-06-27T22:41:36+02:00\"},{\"@type\":\"WebSite\",\"@id\":\"https:\\\/\\\/candas365.es\\\/noticias\\\/#website\",\"url\":\"https:\\\/\\\/candas365.es\\\/noticias\\\/\",\"name\":\"Cand\\u00e1s 365\",\"alternateName\":\"Cand\\u00e1s 365 Noticias\",\"description\":\"Actualidad desde Carre\\u00f1o para el mundo\",\"inLanguage\":\"es-ES\",\"publisher\":{\"@id\":\"https:\\\/\\\/candas365.es\\\/noticias\\\/#organization\"}}]}\n\t\t<\/script>\n\t\t<!-- All in One SEO Pro -->\r\n\t\t<title>Boateng sigue con tratamientos para las molestias en el gemelo | Cand\u00e1s 365<\/title>\n\n","aioseo_head_json":{"title":"Boateng sigue con tratamientos para las molestias en el gemelo | Cand\u00e1s 365","description":"Evian-les Bains (Francia), 27 jun (dpa) - El defensa alem\u00e1n Jerome Boateng deber\u00e1 atenderse nuevamente de las molestias que sufre desde hace varios d\u00edas en el gemelo derecho, pero asegura que estar\u00e1 bien para los cuartos de final de la Eurocopa de f\u00fatbol. El autor del primer gol contra Eslovaquia el domingo tuvo que ser","canonical_url":"https:\/\/candas365.es\/noticias\/boateng-sigue-con-tratamientos-para-las-molestias-en-el-gemelo\/","robots":"max-image-preview:large","keywords":"actualidad","webmasterTools":{"google-site-verification":"UA-32230408-1","msvalidate.01":"354F3CDFB2DA171B47FBE9ABF1F88D5","miscellaneous":""},"schema":{"@context":"https:\/\/schema.org","@graph":[{"@type":"BreadcrumbList","@id":"https:\/\/candas365.es\/noticias\/boateng-sigue-con-tratamientos-para-las-molestias-en-el-gemelo\/#breadcrumblist","itemListElement":[{"@type":"ListItem","@id":"https:\/\/candas365.es\/noticias#listItem","position":1,"name":"Home","item":"https:\/\/candas365.es\/noticias","nextItem":{"@type":"ListItem","@id":"https:\/\/candas365.es\/noticias\/category\/actualidad\/#listItem","name":"Actualidad"}},{"@type":"ListItem","@id":"https:\/\/candas365.es\/noticias\/category\/actualidad\/#listItem","position":2,"name":"Actualidad","item":"https:\/\/candas365.es\/noticias\/category\/actualidad\/","nextItem":{"@type":"ListItem","@id":"https:\/\/candas365.es\/noticias\/boateng-sigue-con-tratamientos-para-las-molestias-en-el-gemelo\/#listItem","name":"Boateng sigue con tratamientos para las molestias en el gemelo"},"previousItem":{"@type":"ListItem","@id":"https:\/\/candas365.es\/noticias#listItem","name":"Home"}},{"@type":"ListItem","@id":"https:\/\/candas365.es\/noticias\/boateng-sigue-con-tratamientos-para-las-molestias-en-el-gemelo\/#listItem","position":3,"name":"Boateng sigue con tratamientos para las molestias en el gemelo","previousItem":{"@type":"ListItem","@id":"https:\/\/candas365.es\/noticias\/category\/actualidad\/#listItem","name":"Actualidad"}}]},{"@type":"NewsArticle","@id":"https:\/\/candas365.es\/noticias\/boateng-sigue-con-tratamientos-para-las-molestias-en-el-gemelo\/#newsarticle","name":"Boateng sigue con tratamientos para las molestias en el gemelo | Cand\u00e1s 365","headline":"Boateng sigue con tratamientos para las molestias en el gemelo","author":{"@id":"https:\/\/candas365.es\/noticias\/author\/admin\/#author"},"publisher":{"@id":"https:\/\/candas365.es\/noticias\/#organization"},"image":{"@type":"ImageObject","url":"https:\/\/candas365.es\/noticias\/wp-content\/uploads\/2016\/06\/euro2016.jpg","width":800,"height":478},"datePublished":"2016-06-27T22:41:36+02:00","dateModified":"2016-06-27T22:41:36+02:00","inLanguage":"es-ES","mainEntityOfPage":{"@id":"https:\/\/candas365.es\/noticias\/boateng-sigue-con-tratamientos-para-las-molestias-en-el-gemelo\/#webpage"},"isPartOf":{"@id":"https:\/\/candas365.es\/noticias\/boateng-sigue-con-tratamientos-para-las-molestias-en-el-gemelo\/#webpage"},"articleSection":"Actualidad","dateline":"Publicado el junio 27, 2016."},{"@type":"Organization","@id":"https:\/\/candas365.es\/noticias\/#organization","name":"Cand\u00e1s 365","description":"Cand\u00e1s 365 es un diario digital independiente, fundado en 2012, con base en Asturias. Informamos con rigor sobre actualidad, sociedad, cultura y ocio, con una mirada local y global.","url":"https:\/\/candas365.es\/noticias\/","email":"info@candas365.es","telephone":"+34652131393","foundingDate":"2012-06-10","logo":{"@type":"ImageObject","url":"https:\/\/candas365.es\/noticias\/wp-content\/uploads\/2024\/09\/Candas-365-Redes.jpg","@id":"https:\/\/candas365.es\/noticias\/boateng-sigue-con-tratamientos-para-las-molestias-en-el-gemelo\/#organizationLogo","width":1152,"height":864,"caption":"Cand\u00e1s 365 Redes"},"image":{"@id":"https:\/\/candas365.es\/noticias\/boateng-sigue-con-tratamientos-para-las-molestias-en-el-gemelo\/#organizationLogo"},"sameAs":["https:\/\/www.facebook.com\/Nachofdezber","https:\/\/x.com\/NabercoDigital","https:\/\/www.instagram.com\/nachofdezber\/","https:\/\/www.youtube.com\/channel\/UCZP-2wLEB9Rv6erhFmqVnvg"],"address":{"@id":"https:\/\/candas365.es\/noticias\/#postaladdress","@type":"PostalAddress","streetAddress":"san antonio 4, san antonio 4","postalCode":"33430","addressLocality":"Cand\u00e1s","addressRegion":"Asturias","addressCountry":"ES"}},{"@type":"Person","@id":"https:\/\/candas365.es\/noticias\/author\/admin\/#author","url":"https:\/\/candas365.es\/noticias\/author\/admin\/","name":"Cand\u00e1s 365","image":{"@type":"ImageObject","@id":"https:\/\/candas365.es\/noticias\/boateng-sigue-con-tratamientos-para-las-molestias-en-el-gemelo\/#authorImage","url":"https:\/\/secure.gravatar.com\/avatar\/496a8e03d0c493ede1718b7934145dbdf8d89be1036b0eec9544e1094c9de390?s=96&d=mm&r=g","width":96,"height":96,"caption":"Cand\u00e1s 365"},"sameAs":["https:\/\/www.facebook.com\/carrenoactualidad","https:\/\/twitter.com\/nbasturias","https:\/\/www.instagram.com\/nachofdezber\/","https:\/\/www.youtube.com\/channel\/UCZP-2wLEB9Rv6erhFmqVnvg"]},{"@type":"WebPage","@id":"https:\/\/candas365.es\/noticias\/boateng-sigue-con-tratamientos-para-las-molestias-en-el-gemelo\/#webpage","url":"https:\/\/candas365.es\/noticias\/boateng-sigue-con-tratamientos-para-las-molestias-en-el-gemelo\/","name":"Boateng sigue con tratamientos para las molestias en el gemelo | Cand\u00e1s 365","description":"Evian-les Bains (Francia), 27 jun (dpa) - El defensa alem\u00e1n Jerome Boateng deber\u00e1 atenderse nuevamente de las molestias que sufre desde hace varios d\u00edas en el gemelo derecho, pero asegura que estar\u00e1 bien para los cuartos de final de la Eurocopa de f\u00fatbol. El autor del primer gol contra Eslovaquia el domingo tuvo que ser","inLanguage":"es-ES","isPartOf":{"@id":"https:\/\/candas365.es\/noticias\/#website"},"breadcrumb":{"@id":"https:\/\/candas365.es\/noticias\/boateng-sigue-con-tratamientos-para-las-molestias-en-el-gemelo\/#breadcrumblist"},"author":{"@id":"https:\/\/candas365.es\/noticias\/author\/admin\/#author"},"creator":{"@id":"https:\/\/candas365.es\/noticias\/author\/admin\/#author"},"image":{"@type":"ImageObject","url":"https:\/\/candas365.es\/noticias\/wp-content\/uploads\/2016\/06\/euro2016.jpg","@id":"https:\/\/candas365.es\/noticias\/boateng-sigue-con-tratamientos-para-las-molestias-en-el-gemelo\/#mainImage","width":800,"height":478},"primaryImageOfPage":{"@id":"https:\/\/candas365.es\/noticias\/boateng-sigue-con-tratamientos-para-las-molestias-en-el-gemelo\/#mainImage"},"datePublished":"2016-06-27T22:41:36+02:00","dateModified":"2016-06-27T22:41:36+02:00"},{"@type":"WebSite","@id":"https:\/\/candas365.es\/noticias\/#website","url":"https:\/\/candas365.es\/noticias\/","name":"Cand\u00e1s 365","alternateName":"Cand\u00e1s 365 Noticias","description":"Actualidad desde Carre\u00f1o para el mundo","inLanguage":"es-ES","publisher":{"@id":"https:\/\/candas365.es\/noticias\/#organization"}}]},"og:locale":"es_ES","og:site_name":"Cand\u00e1s 365","og:type":"article","og:title":"Boateng sigue con tratamientos para las molestias en el gemelo | Cand\u00e1s 365","og:description":"Evian-les Bains (Francia), 27 jun (dpa) - El defensa alem\u00e1n Jerome Boateng deber\u00e1 atenderse nuevamente de las molestias que sufre desde hace varios d\u00edas en el gemelo derecho, pero asegura que estar\u00e1 bien para los cuartos de final de la Eurocopa de f\u00fatbol. El autor del primer gol contra Eslovaquia el domingo tuvo que ser","og:url":"https:\/\/candas365.es\/noticias\/boateng-sigue-con-tratamientos-para-las-molestias-en-el-gemelo\/","og:image":"https:\/\/candas365.es\/noticias\/wp-content\/uploads\/2016\/06\/euro2016.jpg","og:image:secure_url":"https:\/\/candas365.es\/noticias\/wp-content\/uploads\/2016\/06\/euro2016.jpg","og:image:width":800,"og:image:height":478,"article:published_time":"2016-06-27T21:11:36+00:00","article:modified_time":"2016-06-27T21:11:36+00:00","article:publisher":"https:\/\/www.facebook.com\/Nachofdezber","article:author":"https:\/\/www.facebook.com\/carrenoactualidad","twitter:card":"summary_large_image","twitter:site":"@NabercoDigital","twitter:title":"Boateng sigue con tratamientos para las molestias en el gemelo | Cand\u00e1s 365","twitter:description":"Evian-les Bains (Francia), 27 jun (dpa) - El defensa alem\u00e1n Jerome Boateng deber\u00e1 atenderse nuevamente de las molestias que sufre desde hace varios d\u00edas en el gemelo derecho, pero asegura que estar\u00e1 bien para los cuartos de final de la Eurocopa de f\u00fatbol. El autor del primer gol contra Eslovaquia el domingo tuvo que ser","twitter:creator":"@nbasturias","twitter:image":"https:\/\/candas365.es\/noticias\/wp-content\/uploads\/2016\/06\/euro2016.jpg","twitter:label1":"Escrito por","twitter:data1":"Cand\u00e1s 365","twitter:label2":"Tiempo de lectura estimado","twitter:data2":"1 minuto"},"aioseo_meta_data":{"post_id":"31443","title":null,"description":null,"keywords":null,"keyphrases":null,"primary_term":null,"canonical_url":null,"og_title":null,"og_description":null,"og_object_type":"default","og_image_type":"default","og_image_url":null,"og_image_width":null,"og_image_height":null,"og_image_custom_url":null,"og_image_custom_fields":null,"og_video":null,"og_custom_url":null,"og_article_section":null,"og_article_tags":null,"twitter_use_og":false,"twitter_card":"default","twitter_image_type":"default","twitter_image_url":null,"twitter_image_custom_url":null,"twitter_image_custom_fields":null,"twitter_title":null,"twitter_description":null,"schema":{"blockGraphs":[],"customGraphs":[],"default":{"data":{"Article":[],"Course":[],"Dataset":[],"FAQPage":[],"Movie":[],"Person":[],"Product":[],"ProductReview":[],"Car":[],"Recipe":[],"Service":[],"SoftwareApplication":[],"WebPage":[]},"graphName":"","isEnabled":true},"graphs":[],"defaultGraph":"","defaultPostTypeGraph":""},"schema_type":null,"schema_type_options":null,"pillar_content":false,"robots_default":true,"robots_noindex":false,"robots_noarchive":false,"robots_nosnippet":false,"robots_nofollow":false,"robots_noimageindex":false,"robots_noodp":false,"robots_notranslate":false,"robots_max_snippet":null,"robots_max_videopreview":null,"robots_max_imagepreview":"large","priority":null,"frequency":null,"location":null,"local_seo":null,"seo_analyzer_scan_date":"2025-08-24 13:54:11","breadcrumb_settings":null,"limit_modified_date":false,"reviewed_by":null,"open_ai":null,"ai":null,"created":"2020-12-21 13:01:10","updated":"2025-08-24 13:54:11"},"aioseo_breadcrumb":"<div class=\"aioseo-breadcrumbs\"><span class=\"aioseo-breadcrumb\">\n\t<a href=\"https:\/\/candas365.es\/noticias\" title=\"Home\">Home<\/a>\n<\/span><span class=\"aioseo-breadcrumb-separator\">&ndash;<\/span><span class=\"aioseo-breadcrumb\">\n\t<a href=\"https:\/\/candas365.es\/noticias\/category\/actualidad\/\" title=\"Actualidad\">Actualidad<\/a>\n<\/span><span class=\"aioseo-breadcrumb-separator\">&ndash;<\/span><span class=\"aioseo-breadcrumb\">\n\tBoateng sigue con tratamientos para las molestias en el gemelo\n<\/span><\/div>","aioseo_breadcrumb_json":[{"label":"Home","link":"https:\/\/candas365.es\/noticias"},{"label":"Actualidad","link":"https:\/\/candas365.es\/noticias\/category\/actualidad\/"},{"label":"Boateng sigue con tratamientos para las molestias en el gemelo","link":"https:\/\/candas365.es\/noticias\/boateng-sigue-con-tratamientos-para-las-molestias-en-el-gemelo\/"}],"_links":{"self":[{"href":"https:\/\/candas365.es\/noticias\/wp-json\/wp\/v2\/posts\/31443","targetHints":{"allow":["GET"]}}],"collection":[{"href":"https:\/\/candas365.es\/noticias\/wp-json\/wp\/v2\/posts"}],"about":[{"href":"https:\/\/candas365.es\/noticias\/wp-json\/wp\/v2\/types\/post"}],"author":[{"embeddable":true,"href":"https:\/\/candas365.es\/noticias\/wp-json\/wp\/v2\/users\/1"}],"replies":[{"embeddable":true,"href":"https:\/\/candas365.es\/noticias\/wp-json\/wp\/v2\/comments?post=31443"}],"version-history":[{"count":0,"href":"https:\/\/candas365.es\/noticias\/wp-json\/wp\/v2\/posts\/31443\/revisions"}],"wp:featuredmedia":[{"embeddable":true,"href":"https:\/\/candas365.es\/noticias\/wp-json\/wp\/v2\/media\/29884"}],"wp:attachment":[{"href":"https:\/\/candas365.es\/noticias\/wp-json\/wp\/v2\/media?parent=31443"}],"wp:term":[{"taxonomy":"category","embeddable":true,"href":"https:\/\/candas365.es\/noticias\/wp-json\/wp\/v2\/categories?post=31443"},{"taxonomy":"post_tag","embeddable":true,"href":"https:\/\/candas365.es\/noticias\/wp-json\/wp\/v2\/tags?post=31443"}],"curies":[{"name":"wp","href":"https:\/\/api.w.org\/{rel}","templated":true}]}}