{"id":31434,"date":"2016-06-27T22:33:37","date_gmt":"2016-06-27T21:03:37","guid":{"rendered":"http:\/\/candas365.es\/noticias\/?p=31434"},"modified":"2016-06-27T22:33:37","modified_gmt":"2016-06-27T21:03:37","slug":"merkel-apremia-a-britanicos-y-descarta-contactos-informales","status":"publish","type":"post","link":"https:\/\/candas365.es\/noticias\/merkel-apremia-a-britanicos-y-descarta-contactos-informales\/","title":{"rendered":"Merkel apremia a brit\u00e1nicos y descarta contactos informales"},"content":{"rendered":"<p><img fetchpriority=\"high\" decoding=\"async\" class=\"alignleft size-medium wp-image-14622\" src=\"https:\/\/candas365.es\/noticias\/wp-content\/uploads\/2015\/08\/merkel-360x198.jpg\" alt=\"merkel\" width=\"360\" height=\"198\" srcset=\"https:\/\/candas365.es\/noticias\/wp-content\/uploads\/2015\/08\/merkel-360x198.jpg 360w, https:\/\/candas365.es\/noticias\/wp-content\/uploads\/2015\/08\/merkel-650x357.jpg 650w, https:\/\/candas365.es\/noticias\/wp-content\/uploads\/2015\/08\/merkel-150x82.jpg 150w, https:\/\/candas365.es\/noticias\/wp-content\/uploads\/2015\/08\/merkel-450x247.jpg 450w, https:\/\/candas365.es\/noticias\/wp-content\/uploads\/2015\/08\/merkel.jpg 655w\" sizes=\"(max-width: 360px) 100vw, 360px\" \/>Berl\u00edn, 27 jun (dpa) &#8211; La canciller alemana, Angela Merkel, apremi\u00f3 hoy al Gobierno del Reino Unido a iniciar pronto los tr\u00e1mites para solicitar la salida de la Uni\u00f3n Europea resuelta por la mayor\u00eda de los brit\u00e1nicos en el refer\u00e9ndum del 23 de junio.<\/p>\n<p>\u00abNo nos podemos permitir un periodo largo de indecisi\u00f3n\u00bb, argument\u00f3 la canciller alemana al t\u00e9rmino de una reuni\u00f3n en Berl\u00edn con el nuevo jefe de Gobierno de Ucrania, Vladimir Groisman.<\/p>\n<p>Merkel dijo que espera que Londres comunique la intenci\u00f3n de abandonar el bloque en virtud del art\u00edculo 50 de los Tratados Europeos y descart\u00f3 entablar contactos informales antes de que esto haya ocurrido.<\/p>\n<p>\u00abCreo que tenemos que respetar el orden. Primero tiene que ser enviada la carta por el Gobierno brit\u00e1nico\u00bb, sostuvo la canciller, repitiendo palabras pronunciadas poco antes por su portavoz.<\/p>\n<p>\u00abTiene que estar claro que no puede haber negociaciones informales\u00bb sin tener el comunicado de Reino Unido, insisti\u00f3. La mandataria tambi\u00e9n destac\u00f3 la necesidad de que los 27 miembros restantes trabajen juntos \u00abpara no fortalecer las fuerzas centr\u00edfugas\u00bb en la Uni\u00f3n Europea.<\/p>\n<p>Merkel pidi\u00f3 claridad al Ejecutivo brit\u00e1nico, que no parece estar dispuesto a que lo presionen y prefiere celebrar conversaciones antes de presentar la solicitud de forma oficial. \u00abNo hay prisa\u00bb, dijo el ex alcalde de Londres y l\u00edder de la campa\u00f1a separatista Boris Johnson.<\/p>\n<p>Tambi\u00e9n el ministro de Hacienda brit\u00e1nico, George Osborne, rechaz\u00f3 hoy la demanda de Bruselas de que se inicien a la brevedad posible las negociaciones sobre la salida de su pa\u00eds de la UE.<\/p>\n<p>Osborne dijo en un discurso en Londres que las negociaciones oficiales no deben iniciarse hasta despu\u00e9s de que haya asumido un nuevo primer ministro en sustituci\u00f3n de David Cameron, que hab\u00eda anunciado su dimisi\u00f3n para octubre, y cuando se tenga una idea clara de cu\u00e1l es el nuevo acuerdo que Londres quiera negociar con la UE.<\/p>\n","protected":false},"excerpt":{"rendered":"<p>Berl\u00edn, 27 jun (dpa) &#8211; La canciller alemana, Angela Merkel, apremi\u00f3 hoy al Gobierno del Reino Unido a iniciar pronto los tr\u00e1mites para solicitar la salida de la Uni\u00f3n Europea resuelta por la mayor\u00eda de los brit\u00e1nicos en el refer\u00e9ndum del 23 de junio. \u00abNo nos podemos permitir un periodo largo de indecisi\u00f3n\u00bb, argument\u00f3 la<\/p>\n","protected":false},"author":1,"featured_media":14622,"comment_status":"closed","ping_status":"closed","sticky":false,"template":"","format":"standard","meta":{"footnotes":""},"categories":[343],"tags":[],"class_list":{"0":"post-31434","1":"post","2":"type-post","3":"status-publish","4":"format-standard","5":"has-post-thumbnail","7":"category-actualidad"},"aioseo_notices":[],"aioseo_head":"\n\t\t<!-- All in One SEO Pro 4.9.6.2 - aioseo.com -->\n\t<meta name=\"description\" content=\"Berl\u00edn, 27 jun (dpa) - La canciller alemana, Angela Merkel, apremi\u00f3 hoy al Gobierno del Reino Unido a iniciar pronto los tr\u00e1mites para solicitar la salida de la Uni\u00f3n Europea resuelta por la mayor\u00eda de los brit\u00e1nicos en el refer\u00e9ndum del 23 de junio. &quot;No nos podemos permitir un periodo largo de indecisi\u00f3n&quot;, argument\u00f3 la\" \/>\n\t<meta name=\"robots\" content=\"max-image-preview:large\" \/>\n\t<meta name=\"author\" content=\"Cand\u00e1s 365\"\/>\n\t<meta name=\"google-site-verification\" content=\"UA-32230408-1\" \/>\n\t<meta name=\"msvalidate.01\" content=\"354F3CDFB2DA171B47FBE9ABF1F88D5\" \/>\n\t<meta name=\"keywords\" content=\"actualidad\" \/>\n\t<link rel=\"canonical\" href=\"https:\/\/candas365.es\/noticias\/merkel-apremia-a-britanicos-y-descarta-contactos-informales\/\" \/>\n\t<meta name=\"generator\" content=\"All in One SEO Pro (AIOSEO) 4.9.6.2\" \/>\n\t\t<meta property=\"og:locale\" content=\"es_ES\" \/>\n\t\t<meta property=\"og:site_name\" content=\"Cand\u00e1s 365\" \/>\n\t\t<meta property=\"og:type\" content=\"article\" \/>\n\t\t<meta property=\"og:title\" content=\"Merkel apremia a brit\u00e1nicos y descarta contactos informales | Cand\u00e1s 365\" \/>\n\t\t<meta property=\"og:description\" content=\"Berl\u00edn, 27 jun (dpa) - La canciller alemana, Angela Merkel, apremi\u00f3 hoy al Gobierno del Reino Unido a iniciar pronto los tr\u00e1mites para solicitar la salida de la Uni\u00f3n Europea resuelta por la mayor\u00eda de los brit\u00e1nicos en el refer\u00e9ndum del 23 de junio. &quot;No nos podemos permitir un periodo largo de indecisi\u00f3n&quot;, argument\u00f3 la\" \/>\n\t\t<meta property=\"og:url\" content=\"https:\/\/candas365.es\/noticias\/merkel-apremia-a-britanicos-y-descarta-contactos-informales\/\" \/>\n\t\t<meta property=\"og:image\" content=\"https:\/\/candas365.es\/noticias\/wp-content\/uploads\/2015\/08\/merkel.jpg\" \/>\n\t\t<meta property=\"og:image:secure_url\" content=\"https:\/\/candas365.es\/noticias\/wp-content\/uploads\/2015\/08\/merkel.jpg\" \/>\n\t\t<meta property=\"og:image:width\" content=\"655\" \/>\n\t\t<meta property=\"og:image:height\" content=\"360\" \/>\n\t\t<meta property=\"article:published_time\" content=\"2016-06-27T21:03:37+00:00\" \/>\n\t\t<meta property=\"article:modified_time\" content=\"2016-06-27T21:03:37+00:00\" \/>\n\t\t<meta property=\"article:publisher\" content=\"https:\/\/www.facebook.com\/Nachofdezber\" \/>\n\t\t<meta property=\"article:author\" content=\"https:\/\/www.facebook.com\/carrenoactualidad\" \/>\n\t\t<meta name=\"twitter:card\" content=\"summary_large_image\" \/>\n\t\t<meta name=\"twitter:site\" content=\"@NabercoDigital\" \/>\n\t\t<meta name=\"twitter:title\" content=\"Merkel apremia a brit\u00e1nicos y descarta contactos informales | Cand\u00e1s 365\" \/>\n\t\t<meta name=\"twitter:description\" content=\"Berl\u00edn, 27 jun (dpa) - La canciller alemana, Angela Merkel, apremi\u00f3 hoy al Gobierno del Reino Unido a iniciar pronto los tr\u00e1mites para solicitar la salida de la Uni\u00f3n Europea resuelta por la mayor\u00eda de los brit\u00e1nicos en el refer\u00e9ndum del 23 de junio. &quot;No nos podemos permitir un periodo largo de indecisi\u00f3n&quot;, argument\u00f3 la\" \/>\n\t\t<meta name=\"twitter:creator\" content=\"@nbasturias\" \/>\n\t\t<meta name=\"twitter:image\" content=\"https:\/\/candas365.es\/noticias\/wp-content\/uploads\/2015\/08\/merkel.jpg\" \/>\n\t\t<meta name=\"twitter:label1\" content=\"Escrito por\" \/>\n\t\t<meta name=\"twitter:data1\" content=\"Cand\u00e1s 365\" \/>\n\t\t<meta name=\"twitter:label2\" content=\"Tiempo de lectura estimado\" \/>\n\t\t<meta name=\"twitter:data2\" content=\"2 minutos\" \/>\n\t\t<script type=\"application\/ld+json\" class=\"aioseo-schema\">\n\t\t\t{\"@context\":\"https:\\\/\\\/schema.org\",\"@graph\":[{\"@type\":\"BreadcrumbList\",\"@id\":\"https:\\\/\\\/candas365.es\\\/noticias\\\/merkel-apremia-a-britanicos-y-descarta-contactos-informales\\\/#breadcrumblist\",\"itemListElement\":[{\"@type\":\"ListItem\",\"@id\":\"https:\\\/\\\/candas365.es\\\/noticias#listItem\",\"position\":1,\"name\":\"Home\",\"item\":\"https:\\\/\\\/candas365.es\\\/noticias\",\"nextItem\":{\"@type\":\"ListItem\",\"@id\":\"https:\\\/\\\/candas365.es\\\/noticias\\\/category\\\/actualidad\\\/#listItem\",\"name\":\"Actualidad\"}},{\"@type\":\"ListItem\",\"@id\":\"https:\\\/\\\/candas365.es\\\/noticias\\\/category\\\/actualidad\\\/#listItem\",\"position\":2,\"name\":\"Actualidad\",\"item\":\"https:\\\/\\\/candas365.es\\\/noticias\\\/category\\\/actualidad\\\/\",\"nextItem\":{\"@type\":\"ListItem\",\"@id\":\"https:\\\/\\\/candas365.es\\\/noticias\\\/merkel-apremia-a-britanicos-y-descarta-contactos-informales\\\/#listItem\",\"name\":\"Merkel apremia a brit\\u00e1nicos y descarta contactos informales\"},\"previousItem\":{\"@type\":\"ListItem\",\"@id\":\"https:\\\/\\\/candas365.es\\\/noticias#listItem\",\"name\":\"Home\"}},{\"@type\":\"ListItem\",\"@id\":\"https:\\\/\\\/candas365.es\\\/noticias\\\/merkel-apremia-a-britanicos-y-descarta-contactos-informales\\\/#listItem\",\"position\":3,\"name\":\"Merkel apremia a brit\\u00e1nicos y descarta contactos informales\",\"previousItem\":{\"@type\":\"ListItem\",\"@id\":\"https:\\\/\\\/candas365.es\\\/noticias\\\/category\\\/actualidad\\\/#listItem\",\"name\":\"Actualidad\"}}]},{\"@type\":\"NewsArticle\",\"@id\":\"https:\\\/\\\/candas365.es\\\/noticias\\\/merkel-apremia-a-britanicos-y-descarta-contactos-informales\\\/#newsarticle\",\"name\":\"Merkel apremia a brit\\u00e1nicos y descarta contactos informales | Cand\\u00e1s 365\",\"headline\":\"Merkel apremia a brit\\u00e1nicos y descarta contactos informales\",\"author\":{\"@id\":\"https:\\\/\\\/candas365.es\\\/noticias\\\/author\\\/admin\\\/#author\"},\"publisher\":{\"@id\":\"https:\\\/\\\/candas365.es\\\/noticias\\\/#organization\"},\"image\":{\"@type\":\"ImageObject\",\"url\":\"https:\\\/\\\/candas365.es\\\/noticias\\\/wp-content\\\/uploads\\\/2015\\\/08\\\/merkel.jpg\",\"width\":655,\"height\":360},\"datePublished\":\"2016-06-27T22:33:37+02:00\",\"dateModified\":\"2016-06-27T22:33:37+02:00\",\"inLanguage\":\"es-ES\",\"mainEntityOfPage\":{\"@id\":\"https:\\\/\\\/candas365.es\\\/noticias\\\/merkel-apremia-a-britanicos-y-descarta-contactos-informales\\\/#webpage\"},\"isPartOf\":{\"@id\":\"https:\\\/\\\/candas365.es\\\/noticias\\\/merkel-apremia-a-britanicos-y-descarta-contactos-informales\\\/#webpage\"},\"articleSection\":\"Actualidad\",\"dateline\":\"Publicado el junio 27, 2016.\"},{\"@type\":\"Organization\",\"@id\":\"https:\\\/\\\/candas365.es\\\/noticias\\\/#organization\",\"name\":\"Cand\\u00e1s 365\",\"description\":\"Cand\\u00e1s 365 es un diario digital independiente, fundado en 2012, con base en Asturias. Informamos con rigor sobre actualidad, sociedad, cultura y ocio, con una mirada local y global.\",\"url\":\"https:\\\/\\\/candas365.es\\\/noticias\\\/\",\"email\":\"info@candas365.es\",\"telephone\":\"+34652131393\",\"foundingDate\":\"2012-06-10\",\"logo\":{\"@type\":\"ImageObject\",\"url\":\"https:\\\/\\\/candas365.es\\\/noticias\\\/wp-content\\\/uploads\\\/2024\\\/09\\\/Candas-365-Redes.jpg\",\"@id\":\"https:\\\/\\\/candas365.es\\\/noticias\\\/merkel-apremia-a-britanicos-y-descarta-contactos-informales\\\/#organizationLogo\",\"width\":1152,\"height\":864,\"caption\":\"Cand\\u00e1s 365 Redes\"},\"image\":{\"@id\":\"https:\\\/\\\/candas365.es\\\/noticias\\\/merkel-apremia-a-britanicos-y-descarta-contactos-informales\\\/#organizationLogo\"},\"sameAs\":[\"https:\\\/\\\/www.facebook.com\\\/Nachofdezber\",\"https:\\\/\\\/x.com\\\/NabercoDigital\",\"https:\\\/\\\/www.instagram.com\\\/nachofdezber\\\/\",\"https:\\\/\\\/www.youtube.com\\\/channel\\\/UCZP-2wLEB9Rv6erhFmqVnvg\"],\"address\":{\"@id\":\"https:\\\/\\\/candas365.es\\\/noticias\\\/#postaladdress\",\"@type\":\"PostalAddress\",\"streetAddress\":\"san antonio 4, san antonio 4\",\"postalCode\":\"33430\",\"addressLocality\":\"Cand\\u00e1s\",\"addressRegion\":\"Asturias\",\"addressCountry\":\"ES\"}},{\"@type\":\"Person\",\"@id\":\"https:\\\/\\\/candas365.es\\\/noticias\\\/author\\\/admin\\\/#author\",\"url\":\"https:\\\/\\\/candas365.es\\\/noticias\\\/author\\\/admin\\\/\",\"name\":\"Cand\\u00e1s 365\",\"image\":{\"@type\":\"ImageObject\",\"@id\":\"https:\\\/\\\/candas365.es\\\/noticias\\\/merkel-apremia-a-britanicos-y-descarta-contactos-informales\\\/#authorImage\",\"url\":\"https:\\\/\\\/secure.gravatar.com\\\/avatar\\\/496a8e03d0c493ede1718b7934145dbdf8d89be1036b0eec9544e1094c9de390?s=96&d=mm&r=g\",\"width\":96,\"height\":96,\"caption\":\"Cand\\u00e1s 365\"},\"sameAs\":[\"https:\\\/\\\/www.facebook.com\\\/carrenoactualidad\",\"https:\\\/\\\/twitter.com\\\/nbasturias\",\"https:\\\/\\\/www.instagram.com\\\/nachofdezber\\\/\",\"https:\\\/\\\/www.youtube.com\\\/channel\\\/UCZP-2wLEB9Rv6erhFmqVnvg\"]},{\"@type\":\"WebPage\",\"@id\":\"https:\\\/\\\/candas365.es\\\/noticias\\\/merkel-apremia-a-britanicos-y-descarta-contactos-informales\\\/#webpage\",\"url\":\"https:\\\/\\\/candas365.es\\\/noticias\\\/merkel-apremia-a-britanicos-y-descarta-contactos-informales\\\/\",\"name\":\"Merkel apremia a brit\\u00e1nicos y descarta contactos informales | Cand\\u00e1s 365\",\"description\":\"Berl\\u00edn, 27 jun (dpa) - La canciller alemana, Angela Merkel, apremi\\u00f3 hoy al Gobierno del Reino Unido a iniciar pronto los tr\\u00e1mites para solicitar la salida de la Uni\\u00f3n Europea resuelta por la mayor\\u00eda de los brit\\u00e1nicos en el refer\\u00e9ndum del 23 de junio. \\\"No nos podemos permitir un periodo largo de indecisi\\u00f3n\\\", argument\\u00f3 la\",\"inLanguage\":\"es-ES\",\"isPartOf\":{\"@id\":\"https:\\\/\\\/candas365.es\\\/noticias\\\/#website\"},\"breadcrumb\":{\"@id\":\"https:\\\/\\\/candas365.es\\\/noticias\\\/merkel-apremia-a-britanicos-y-descarta-contactos-informales\\\/#breadcrumblist\"},\"author\":{\"@id\":\"https:\\\/\\\/candas365.es\\\/noticias\\\/author\\\/admin\\\/#author\"},\"creator\":{\"@id\":\"https:\\\/\\\/candas365.es\\\/noticias\\\/author\\\/admin\\\/#author\"},\"image\":{\"@type\":\"ImageObject\",\"url\":\"https:\\\/\\\/candas365.es\\\/noticias\\\/wp-content\\\/uploads\\\/2015\\\/08\\\/merkel.jpg\",\"@id\":\"https:\\\/\\\/candas365.es\\\/noticias\\\/merkel-apremia-a-britanicos-y-descarta-contactos-informales\\\/#mainImage\",\"width\":655,\"height\":360},\"primaryImageOfPage\":{\"@id\":\"https:\\\/\\\/candas365.es\\\/noticias\\\/merkel-apremia-a-britanicos-y-descarta-contactos-informales\\\/#mainImage\"},\"datePublished\":\"2016-06-27T22:33:37+02:00\",\"dateModified\":\"2016-06-27T22:33:37+02:00\"},{\"@type\":\"WebSite\",\"@id\":\"https:\\\/\\\/candas365.es\\\/noticias\\\/#website\",\"url\":\"https:\\\/\\\/candas365.es\\\/noticias\\\/\",\"name\":\"Cand\\u00e1s 365\",\"alternateName\":\"Cand\\u00e1s 365 Noticias\",\"description\":\"Actualidad desde Carre\\u00f1o para el mundo\",\"inLanguage\":\"es-ES\",\"publisher\":{\"@id\":\"https:\\\/\\\/candas365.es\\\/noticias\\\/#organization\"}}]}\n\t\t<\/script>\n\t\t<!-- All in One SEO Pro -->\r\n\t\t<title>Merkel apremia a brit\u00e1nicos y descarta contactos informales | Cand\u00e1s 365<\/title>\n\n","aioseo_head_json":{"title":"Merkel apremia a brit\u00e1nicos y descarta contactos informales | Cand\u00e1s 365","description":"Berl\u00edn, 27 jun (dpa) - La canciller alemana, Angela Merkel, apremi\u00f3 hoy al Gobierno del Reino Unido a iniciar pronto los tr\u00e1mites para solicitar la salida de la Uni\u00f3n Europea resuelta por la mayor\u00eda de los brit\u00e1nicos en el refer\u00e9ndum del 23 de junio. \"No nos podemos permitir un periodo largo de indecisi\u00f3n\", argument\u00f3 la","canonical_url":"https:\/\/candas365.es\/noticias\/merkel-apremia-a-britanicos-y-descarta-contactos-informales\/","robots":"max-image-preview:large","keywords":"actualidad","webmasterTools":{"google-site-verification":"UA-32230408-1","msvalidate.01":"354F3CDFB2DA171B47FBE9ABF1F88D5","miscellaneous":""},"schema":{"@context":"https:\/\/schema.org","@graph":[{"@type":"BreadcrumbList","@id":"https:\/\/candas365.es\/noticias\/merkel-apremia-a-britanicos-y-descarta-contactos-informales\/#breadcrumblist","itemListElement":[{"@type":"ListItem","@id":"https:\/\/candas365.es\/noticias#listItem","position":1,"name":"Home","item":"https:\/\/candas365.es\/noticias","nextItem":{"@type":"ListItem","@id":"https:\/\/candas365.es\/noticias\/category\/actualidad\/#listItem","name":"Actualidad"}},{"@type":"ListItem","@id":"https:\/\/candas365.es\/noticias\/category\/actualidad\/#listItem","position":2,"name":"Actualidad","item":"https:\/\/candas365.es\/noticias\/category\/actualidad\/","nextItem":{"@type":"ListItem","@id":"https:\/\/candas365.es\/noticias\/merkel-apremia-a-britanicos-y-descarta-contactos-informales\/#listItem","name":"Merkel apremia a brit\u00e1nicos y descarta contactos informales"},"previousItem":{"@type":"ListItem","@id":"https:\/\/candas365.es\/noticias#listItem","name":"Home"}},{"@type":"ListItem","@id":"https:\/\/candas365.es\/noticias\/merkel-apremia-a-britanicos-y-descarta-contactos-informales\/#listItem","position":3,"name":"Merkel apremia a brit\u00e1nicos y descarta contactos informales","previousItem":{"@type":"ListItem","@id":"https:\/\/candas365.es\/noticias\/category\/actualidad\/#listItem","name":"Actualidad"}}]},{"@type":"NewsArticle","@id":"https:\/\/candas365.es\/noticias\/merkel-apremia-a-britanicos-y-descarta-contactos-informales\/#newsarticle","name":"Merkel apremia a brit\u00e1nicos y descarta contactos informales | Cand\u00e1s 365","headline":"Merkel apremia a brit\u00e1nicos y descarta contactos informales","author":{"@id":"https:\/\/candas365.es\/noticias\/author\/admin\/#author"},"publisher":{"@id":"https:\/\/candas365.es\/noticias\/#organization"},"image":{"@type":"ImageObject","url":"https:\/\/candas365.es\/noticias\/wp-content\/uploads\/2015\/08\/merkel.jpg","width":655,"height":360},"datePublished":"2016-06-27T22:33:37+02:00","dateModified":"2016-06-27T22:33:37+02:00","inLanguage":"es-ES","mainEntityOfPage":{"@id":"https:\/\/candas365.es\/noticias\/merkel-apremia-a-britanicos-y-descarta-contactos-informales\/#webpage"},"isPartOf":{"@id":"https:\/\/candas365.es\/noticias\/merkel-apremia-a-britanicos-y-descarta-contactos-informales\/#webpage"},"articleSection":"Actualidad","dateline":"Publicado el junio 27, 2016."},{"@type":"Organization","@id":"https:\/\/candas365.es\/noticias\/#organization","name":"Cand\u00e1s 365","description":"Cand\u00e1s 365 es un diario digital independiente, fundado en 2012, con base en Asturias. Informamos con rigor sobre actualidad, sociedad, cultura y ocio, con una mirada local y global.","url":"https:\/\/candas365.es\/noticias\/","email":"info@candas365.es","telephone":"+34652131393","foundingDate":"2012-06-10","logo":{"@type":"ImageObject","url":"https:\/\/candas365.es\/noticias\/wp-content\/uploads\/2024\/09\/Candas-365-Redes.jpg","@id":"https:\/\/candas365.es\/noticias\/merkel-apremia-a-britanicos-y-descarta-contactos-informales\/#organizationLogo","width":1152,"height":864,"caption":"Cand\u00e1s 365 Redes"},"image":{"@id":"https:\/\/candas365.es\/noticias\/merkel-apremia-a-britanicos-y-descarta-contactos-informales\/#organizationLogo"},"sameAs":["https:\/\/www.facebook.com\/Nachofdezber","https:\/\/x.com\/NabercoDigital","https:\/\/www.instagram.com\/nachofdezber\/","https:\/\/www.youtube.com\/channel\/UCZP-2wLEB9Rv6erhFmqVnvg"],"address":{"@id":"https:\/\/candas365.es\/noticias\/#postaladdress","@type":"PostalAddress","streetAddress":"san antonio 4, san antonio 4","postalCode":"33430","addressLocality":"Cand\u00e1s","addressRegion":"Asturias","addressCountry":"ES"}},{"@type":"Person","@id":"https:\/\/candas365.es\/noticias\/author\/admin\/#author","url":"https:\/\/candas365.es\/noticias\/author\/admin\/","name":"Cand\u00e1s 365","image":{"@type":"ImageObject","@id":"https:\/\/candas365.es\/noticias\/merkel-apremia-a-britanicos-y-descarta-contactos-informales\/#authorImage","url":"https:\/\/secure.gravatar.com\/avatar\/496a8e03d0c493ede1718b7934145dbdf8d89be1036b0eec9544e1094c9de390?s=96&d=mm&r=g","width":96,"height":96,"caption":"Cand\u00e1s 365"},"sameAs":["https:\/\/www.facebook.com\/carrenoactualidad","https:\/\/twitter.com\/nbasturias","https:\/\/www.instagram.com\/nachofdezber\/","https:\/\/www.youtube.com\/channel\/UCZP-2wLEB9Rv6erhFmqVnvg"]},{"@type":"WebPage","@id":"https:\/\/candas365.es\/noticias\/merkel-apremia-a-britanicos-y-descarta-contactos-informales\/#webpage","url":"https:\/\/candas365.es\/noticias\/merkel-apremia-a-britanicos-y-descarta-contactos-informales\/","name":"Merkel apremia a brit\u00e1nicos y descarta contactos informales | Cand\u00e1s 365","description":"Berl\u00edn, 27 jun (dpa) - La canciller alemana, Angela Merkel, apremi\u00f3 hoy al Gobierno del Reino Unido a iniciar pronto los tr\u00e1mites para solicitar la salida de la Uni\u00f3n Europea resuelta por la mayor\u00eda de los brit\u00e1nicos en el refer\u00e9ndum del 23 de junio. \"No nos podemos permitir un periodo largo de indecisi\u00f3n\", argument\u00f3 la","inLanguage":"es-ES","isPartOf":{"@id":"https:\/\/candas365.es\/noticias\/#website"},"breadcrumb":{"@id":"https:\/\/candas365.es\/noticias\/merkel-apremia-a-britanicos-y-descarta-contactos-informales\/#breadcrumblist"},"author":{"@id":"https:\/\/candas365.es\/noticias\/author\/admin\/#author"},"creator":{"@id":"https:\/\/candas365.es\/noticias\/author\/admin\/#author"},"image":{"@type":"ImageObject","url":"https:\/\/candas365.es\/noticias\/wp-content\/uploads\/2015\/08\/merkel.jpg","@id":"https:\/\/candas365.es\/noticias\/merkel-apremia-a-britanicos-y-descarta-contactos-informales\/#mainImage","width":655,"height":360},"primaryImageOfPage":{"@id":"https:\/\/candas365.es\/noticias\/merkel-apremia-a-britanicos-y-descarta-contactos-informales\/#mainImage"},"datePublished":"2016-06-27T22:33:37+02:00","dateModified":"2016-06-27T22:33:37+02:00"},{"@type":"WebSite","@id":"https:\/\/candas365.es\/noticias\/#website","url":"https:\/\/candas365.es\/noticias\/","name":"Cand\u00e1s 365","alternateName":"Cand\u00e1s 365 Noticias","description":"Actualidad desde Carre\u00f1o para el mundo","inLanguage":"es-ES","publisher":{"@id":"https:\/\/candas365.es\/noticias\/#organization"}}]},"og:locale":"es_ES","og:site_name":"Cand\u00e1s 365","og:type":"article","og:title":"Merkel apremia a brit\u00e1nicos y descarta contactos informales | Cand\u00e1s 365","og:description":"Berl\u00edn, 27 jun (dpa) - La canciller alemana, Angela Merkel, apremi\u00f3 hoy al Gobierno del Reino Unido a iniciar pronto los tr\u00e1mites para solicitar la salida de la Uni\u00f3n Europea resuelta por la mayor\u00eda de los brit\u00e1nicos en el refer\u00e9ndum del 23 de junio. &quot;No nos podemos permitir un periodo largo de indecisi\u00f3n&quot;, argument\u00f3 la","og:url":"https:\/\/candas365.es\/noticias\/merkel-apremia-a-britanicos-y-descarta-contactos-informales\/","og:image":"https:\/\/candas365.es\/noticias\/wp-content\/uploads\/2015\/08\/merkel.jpg","og:image:secure_url":"https:\/\/candas365.es\/noticias\/wp-content\/uploads\/2015\/08\/merkel.jpg","og:image:width":655,"og:image:height":360,"article:published_time":"2016-06-27T21:03:37+00:00","article:modified_time":"2016-06-27T21:03:37+00:00","article:publisher":"https:\/\/www.facebook.com\/Nachofdezber","article:author":"https:\/\/www.facebook.com\/carrenoactualidad","twitter:card":"summary_large_image","twitter:site":"@NabercoDigital","twitter:title":"Merkel apremia a brit\u00e1nicos y descarta contactos informales | Cand\u00e1s 365","twitter:description":"Berl\u00edn, 27 jun (dpa) - La canciller alemana, Angela Merkel, apremi\u00f3 hoy al Gobierno del Reino Unido a iniciar pronto los tr\u00e1mites para solicitar la salida de la Uni\u00f3n Europea resuelta por la mayor\u00eda de los brit\u00e1nicos en el refer\u00e9ndum del 23 de junio. &quot;No nos podemos permitir un periodo largo de indecisi\u00f3n&quot;, argument\u00f3 la","twitter:creator":"@nbasturias","twitter:image":"https:\/\/candas365.es\/noticias\/wp-content\/uploads\/2015\/08\/merkel.jpg","twitter:label1":"Escrito por","twitter:data1":"Cand\u00e1s 365","twitter:label2":"Tiempo de lectura estimado","twitter:data2":"2 minutos"},"aioseo_meta_data":{"post_id":"31434","title":null,"description":null,"keywords":null,"keyphrases":null,"primary_term":null,"canonical_url":null,"og_title":null,"og_description":null,"og_object_type":"default","og_image_type":"default","og_image_url":null,"og_image_width":null,"og_image_height":null,"og_image_custom_url":null,"og_image_custom_fields":null,"og_video":null,"og_custom_url":null,"og_article_section":null,"og_article_tags":null,"twitter_use_og":false,"twitter_card":"default","twitter_image_type":"default","twitter_image_url":null,"twitter_image_custom_url":null,"twitter_image_custom_fields":null,"twitter_title":null,"twitter_description":null,"schema":{"blockGraphs":[],"customGraphs":[],"default":{"data":{"Article":[],"Course":[],"Dataset":[],"FAQPage":[],"Movie":[],"Person":[],"Product":[],"ProductReview":[],"Car":[],"Recipe":[],"Service":[],"SoftwareApplication":[],"WebPage":[]},"graphName":"","isEnabled":true},"graphs":[],"defaultGraph":"","defaultPostTypeGraph":""},"schema_type":null,"schema_type_options":null,"pillar_content":false,"robots_default":true,"robots_noindex":false,"robots_noarchive":false,"robots_nosnippet":false,"robots_nofollow":false,"robots_noimageindex":false,"robots_noodp":false,"robots_notranslate":false,"robots_max_snippet":null,"robots_max_videopreview":null,"robots_max_imagepreview":"large","priority":null,"frequency":null,"location":null,"local_seo":null,"seo_analyzer_scan_date":"2025-08-24 13:53:17","breadcrumb_settings":null,"limit_modified_date":false,"reviewed_by":null,"open_ai":null,"ai":null,"created":"2020-12-21 13:00:55","updated":"2025-08-24 13:53:17"},"aioseo_breadcrumb":"<div class=\"aioseo-breadcrumbs\"><span class=\"aioseo-breadcrumb\">\n\t<a href=\"https:\/\/candas365.es\/noticias\" title=\"Home\">Home<\/a>\n<\/span><span class=\"aioseo-breadcrumb-separator\">&ndash;<\/span><span class=\"aioseo-breadcrumb\">\n\t<a href=\"https:\/\/candas365.es\/noticias\/category\/actualidad\/\" title=\"Actualidad\">Actualidad<\/a>\n<\/span><span class=\"aioseo-breadcrumb-separator\">&ndash;<\/span><span class=\"aioseo-breadcrumb\">\n\tMerkel apremia a brit\u00e1nicos y descarta contactos informales\n<\/span><\/div>","aioseo_breadcrumb_json":[{"label":"Home","link":"https:\/\/candas365.es\/noticias"},{"label":"Actualidad","link":"https:\/\/candas365.es\/noticias\/category\/actualidad\/"},{"label":"Merkel apremia a brit\u00e1nicos y descarta contactos informales","link":"https:\/\/candas365.es\/noticias\/merkel-apremia-a-britanicos-y-descarta-contactos-informales\/"}],"_links":{"self":[{"href":"https:\/\/candas365.es\/noticias\/wp-json\/wp\/v2\/posts\/31434","targetHints":{"allow":["GET"]}}],"collection":[{"href":"https:\/\/candas365.es\/noticias\/wp-json\/wp\/v2\/posts"}],"about":[{"href":"https:\/\/candas365.es\/noticias\/wp-json\/wp\/v2\/types\/post"}],"author":[{"embeddable":true,"href":"https:\/\/candas365.es\/noticias\/wp-json\/wp\/v2\/users\/1"}],"replies":[{"embeddable":true,"href":"https:\/\/candas365.es\/noticias\/wp-json\/wp\/v2\/comments?post=31434"}],"version-history":[{"count":0,"href":"https:\/\/candas365.es\/noticias\/wp-json\/wp\/v2\/posts\/31434\/revisions"}],"wp:featuredmedia":[{"embeddable":true,"href":"https:\/\/candas365.es\/noticias\/wp-json\/wp\/v2\/media\/14622"}],"wp:attachment":[{"href":"https:\/\/candas365.es\/noticias\/wp-json\/wp\/v2\/media?parent=31434"}],"wp:term":[{"taxonomy":"category","embeddable":true,"href":"https:\/\/candas365.es\/noticias\/wp-json\/wp\/v2\/categories?post=31434"},{"taxonomy":"post_tag","embeddable":true,"href":"https:\/\/candas365.es\/noticias\/wp-json\/wp\/v2\/tags?post=31434"}],"curies":[{"name":"wp","href":"https:\/\/api.w.org\/{rel}","templated":true}]}}