{"id":31430,"date":"2016-06-27T22:23:54","date_gmt":"2016-06-27T20:53:54","guid":{"rendered":"http:\/\/candas365.es\/noticias\/?p=31430"},"modified":"2016-06-27T22:24:19","modified_gmt":"2016-06-27T20:54:19","slug":"alemania-se-entusiasma-con-seleccion-y-festeja-record-de-rating-tv","status":"publish","type":"post","link":"https:\/\/candas365.es\/noticias\/alemania-se-entusiasma-con-seleccion-y-festeja-record-de-rating-tv\/","title":{"rendered":"Alemania se entusiasma con selecci\u00f3n y festeja r\u00e9cord de rating tv"},"content":{"rendered":"<p><span class=\"dateline\">Berl\u00edn, 27 jun <span class=\"credit\">(dpa)<\/span> &#8211; <\/span>La clasificaci\u00f3n de Alemania a los cuartos de final de la Eurocopa de f\u00fatbol con un rotundo triunfo de 3-0 sobre Eslovaquia hizo so\u00f1ar a la prensa del pa\u00eds, que coincide en que el campe\u00f3n del mundo ahora s\u00ed es favorito para alzar el trofeo continental.<\/p>\n<p>\u00abJogi muestra a Europa lo que sabe hacer\u00bb, titula el diario de masas \u00abBild\u00bb. \u00abLos chicos de Jogi le est\u00e1n mostrando a toda Europa qui\u00e9n es el campe\u00f3n de mundo y que tambi\u00e9n son grandes favoritos para el t\u00edtulo de la Eurocopa 2016\u00bb.<\/p>\n<p>El \u00abFrankfurter Allgemeine Zeitung\u00bb opin\u00f3 que Alemania gan\u00f3 \u00abcon el estilo de un campe\u00f3n\u00bb, mientras que la p\u00e1gina web de la revista \u00abDer Spiegel\u00bb estim\u00f3 que los problemas que acusaba la defensa antes del torneo pertenecen al pasado al ser el once germano el \u00fanico equipo que no ha recibido goles.<\/p>\n<p>\u00abEso no significa que el equipo sea autom\u00e1ticamente favorito al t\u00edtulo de campe\u00f3n de Europa. Pero ciertamente, las posibilidades no son malas\u00bb, agreg\u00f3.<\/p>\n<p>El sitio electr\u00f3nico del semanario \u00abDie Zeit\u00bb catalog\u00f3 la victoria sobre Eslovaquia como el mejor partido jugado por los germanos en lo que va de la Eurocopa. \u00abDe repente, despu\u00e9s de unas actuaciones con baches se vuelve gran favorita al t\u00edtulo\u00bb.<\/p>\n<p>\u00abBild\u00bb sostuvo que \u00abtodo lo que ha tocado Joachim L\u00f6w se ha vuelto oro\u00bb en el certamen.<\/p>\n<p>El rotativo enumer\u00f3: Shkodran Mustafi reemplaz\u00f3 al lesionado Mats\u00a0Hummels y anot\u00f3 contra Ucrania, Bastian Schweinsteiger ingres\u00f3 a \u00faltimo momento para marcar un gol, Mario G\u00f3mez fue incluido en el once titular contra Irlanda del Norte y fue el autor del \u00fanico tanto y Julian Draxler fue escogido para comenzar el partido contra Eslovaquia en el que anot\u00f3 un gol y asisti\u00f3 otro.<\/p>\n<p>En su columna diaria en \u00abBild\u00bb, el legendario Franz Beckenbauer puso la mirada en los cuartos de final, donde espera a los alemanes el ganador del partido de esta tarde que dirimir\u00e1n Espa\u00f1a e Italia y confes\u00f3 que preferir\u00eda a Espa\u00f1a que a su \u00abbestia negra\u00bb, Italia.<\/p>\n<p>\u00abPero no importa quien venga. No le tenemos miedo a nadie en este torneo\u00bb, desafi\u00f3.<\/p>\n<p>El encuentro de octavos de final de los alemanes volvi\u00f3 a ser un im\u00e1n televisivo. Unos 28,11 millones de espectadores siguieron en vivo las instancias del cotejo disputado en Lille, el mayor n\u00famero en lo que va de la Eurocopa. La cuota de participaci\u00f3n de mercado fue de 81,2 por ciento. La cifra no incluye a todos los aficionados que se dieron cita ante pantallas gigantes al aire libre o en bares.<\/p>\n<p>&nbsp;<\/p>\n","protected":false},"excerpt":{"rendered":"<p>Berl\u00edn, 27 jun (dpa) &#8211; La clasificaci\u00f3n de Alemania a los cuartos de final de la Eurocopa de f\u00fatbol con un rotundo triunfo de 3-0 sobre Eslovaquia hizo so\u00f1ar a la prensa del pa\u00eds, que coincide en que el campe\u00f3n del mundo ahora s\u00ed es favorito para alzar el trofeo continental. \u00abJogi muestra a Europa<\/p>\n","protected":false},"author":1,"featured_media":29884,"comment_status":"closed","ping_status":"closed","sticky":false,"template":"","format":"standard","meta":{"footnotes":""},"categories":[343],"tags":[],"class_list":{"0":"post-31430","1":"post","2":"type-post","3":"status-publish","4":"format-standard","5":"has-post-thumbnail","7":"category-actualidad"},"aioseo_notices":[],"aioseo_head":"\n\t\t<!-- All in One SEO Pro 4.9.6.2 - aioseo.com -->\n\t<meta name=\"description\" content=\"Berl\u00edn, 27 jun (dpa) - La clasificaci\u00f3n de Alemania a los cuartos de final de la Eurocopa de f\u00fatbol con un rotundo triunfo de 3-0 sobre Eslovaquia hizo so\u00f1ar a la prensa del pa\u00eds, que coincide en que el campe\u00f3n del mundo ahora s\u00ed es favorito para alzar el trofeo continental. &quot;Jogi muestra a Europa\" \/>\n\t<meta name=\"robots\" content=\"max-image-preview:large\" \/>\n\t<meta name=\"author\" content=\"Cand\u00e1s 365\"\/>\n\t<meta name=\"google-site-verification\" content=\"UA-32230408-1\" \/>\n\t<meta name=\"msvalidate.01\" content=\"354F3CDFB2DA171B47FBE9ABF1F88D5\" \/>\n\t<meta name=\"keywords\" content=\"actualidad\" \/>\n\t<link rel=\"canonical\" href=\"https:\/\/candas365.es\/noticias\/alemania-se-entusiasma-con-seleccion-y-festeja-record-de-rating-tv\/\" \/>\n\t<meta name=\"generator\" content=\"All in One SEO Pro (AIOSEO) 4.9.6.2\" \/>\n\t\t<meta property=\"og:locale\" content=\"es_ES\" \/>\n\t\t<meta property=\"og:site_name\" content=\"Cand\u00e1s 365\" \/>\n\t\t<meta property=\"og:type\" content=\"article\" \/>\n\t\t<meta property=\"og:title\" content=\"Alemania se entusiasma con selecci\u00f3n y festeja r\u00e9cord de rating tv | Cand\u00e1s 365\" \/>\n\t\t<meta property=\"og:description\" content=\"Berl\u00edn, 27 jun (dpa) - La clasificaci\u00f3n de Alemania a los cuartos de final de la Eurocopa de f\u00fatbol con un rotundo triunfo de 3-0 sobre Eslovaquia hizo so\u00f1ar a la prensa del pa\u00eds, que coincide en que el campe\u00f3n del mundo ahora s\u00ed es favorito para alzar el trofeo continental. &quot;Jogi muestra a Europa\" \/>\n\t\t<meta property=\"og:url\" content=\"https:\/\/candas365.es\/noticias\/alemania-se-entusiasma-con-seleccion-y-festeja-record-de-rating-tv\/\" \/>\n\t\t<meta property=\"og:image\" content=\"https:\/\/candas365.es\/noticias\/wp-content\/uploads\/2016\/06\/euro2016.jpg\" \/>\n\t\t<meta property=\"og:image:secure_url\" content=\"https:\/\/candas365.es\/noticias\/wp-content\/uploads\/2016\/06\/euro2016.jpg\" \/>\n\t\t<meta property=\"og:image:width\" content=\"800\" \/>\n\t\t<meta property=\"og:image:height\" content=\"478\" \/>\n\t\t<meta property=\"article:published_time\" content=\"2016-06-27T20:53:54+00:00\" \/>\n\t\t<meta property=\"article:modified_time\" content=\"2016-06-27T20:54:19+00:00\" \/>\n\t\t<meta property=\"article:publisher\" content=\"https:\/\/www.facebook.com\/Nachofdezber\" \/>\n\t\t<meta property=\"article:author\" content=\"https:\/\/www.facebook.com\/carrenoactualidad\" \/>\n\t\t<meta name=\"twitter:card\" content=\"summary_large_image\" \/>\n\t\t<meta name=\"twitter:site\" content=\"@NabercoDigital\" \/>\n\t\t<meta name=\"twitter:title\" content=\"Alemania se entusiasma con selecci\u00f3n y festeja r\u00e9cord de rating tv | Cand\u00e1s 365\" \/>\n\t\t<meta name=\"twitter:description\" content=\"Berl\u00edn, 27 jun (dpa) - La clasificaci\u00f3n de Alemania a los cuartos de final de la Eurocopa de f\u00fatbol con un rotundo triunfo de 3-0 sobre Eslovaquia hizo so\u00f1ar a la prensa del pa\u00eds, que coincide en que el campe\u00f3n del mundo ahora s\u00ed es favorito para alzar el trofeo continental. &quot;Jogi muestra a Europa\" \/>\n\t\t<meta name=\"twitter:creator\" content=\"@nbasturias\" \/>\n\t\t<meta name=\"twitter:image\" content=\"https:\/\/candas365.es\/noticias\/wp-content\/uploads\/2016\/06\/euro2016.jpg\" \/>\n\t\t<meta name=\"twitter:label1\" content=\"Escrito por\" \/>\n\t\t<meta name=\"twitter:data1\" content=\"Cand\u00e1s 365\" \/>\n\t\t<meta name=\"twitter:label2\" content=\"Tiempo de lectura estimado\" \/>\n\t\t<meta name=\"twitter:data2\" content=\"2 minutos\" \/>\n\t\t<script type=\"application\/ld+json\" class=\"aioseo-schema\">\n\t\t\t{\"@context\":\"https:\\\/\\\/schema.org\",\"@graph\":[{\"@type\":\"BreadcrumbList\",\"@id\":\"https:\\\/\\\/candas365.es\\\/noticias\\\/alemania-se-entusiasma-con-seleccion-y-festeja-record-de-rating-tv\\\/#breadcrumblist\",\"itemListElement\":[{\"@type\":\"ListItem\",\"@id\":\"https:\\\/\\\/candas365.es\\\/noticias#listItem\",\"position\":1,\"name\":\"Home\",\"item\":\"https:\\\/\\\/candas365.es\\\/noticias\",\"nextItem\":{\"@type\":\"ListItem\",\"@id\":\"https:\\\/\\\/candas365.es\\\/noticias\\\/category\\\/actualidad\\\/#listItem\",\"name\":\"Actualidad\"}},{\"@type\":\"ListItem\",\"@id\":\"https:\\\/\\\/candas365.es\\\/noticias\\\/category\\\/actualidad\\\/#listItem\",\"position\":2,\"name\":\"Actualidad\",\"item\":\"https:\\\/\\\/candas365.es\\\/noticias\\\/category\\\/actualidad\\\/\",\"nextItem\":{\"@type\":\"ListItem\",\"@id\":\"https:\\\/\\\/candas365.es\\\/noticias\\\/alemania-se-entusiasma-con-seleccion-y-festeja-record-de-rating-tv\\\/#listItem\",\"name\":\"Alemania se entusiasma con selecci\\u00f3n y festeja r\\u00e9cord de rating tv\"},\"previousItem\":{\"@type\":\"ListItem\",\"@id\":\"https:\\\/\\\/candas365.es\\\/noticias#listItem\",\"name\":\"Home\"}},{\"@type\":\"ListItem\",\"@id\":\"https:\\\/\\\/candas365.es\\\/noticias\\\/alemania-se-entusiasma-con-seleccion-y-festeja-record-de-rating-tv\\\/#listItem\",\"position\":3,\"name\":\"Alemania se entusiasma con selecci\\u00f3n y festeja r\\u00e9cord de rating tv\",\"previousItem\":{\"@type\":\"ListItem\",\"@id\":\"https:\\\/\\\/candas365.es\\\/noticias\\\/category\\\/actualidad\\\/#listItem\",\"name\":\"Actualidad\"}}]},{\"@type\":\"NewsArticle\",\"@id\":\"https:\\\/\\\/candas365.es\\\/noticias\\\/alemania-se-entusiasma-con-seleccion-y-festeja-record-de-rating-tv\\\/#newsarticle\",\"name\":\"Alemania se entusiasma con selecci\\u00f3n y festeja r\\u00e9cord de rating tv | Cand\\u00e1s 365\",\"headline\":\"Alemania se entusiasma con selecci\\u00f3n y festeja r\\u00e9cord de rating tv\",\"author\":{\"@id\":\"https:\\\/\\\/candas365.es\\\/noticias\\\/author\\\/admin\\\/#author\"},\"publisher\":{\"@id\":\"https:\\\/\\\/candas365.es\\\/noticias\\\/#organization\"},\"image\":{\"@type\":\"ImageObject\",\"url\":\"https:\\\/\\\/candas365.es\\\/noticias\\\/wp-content\\\/uploads\\\/2016\\\/06\\\/euro2016.jpg\",\"width\":800,\"height\":478},\"datePublished\":\"2016-06-27T22:23:54+02:00\",\"dateModified\":\"2016-06-27T22:24:19+02:00\",\"inLanguage\":\"es-ES\",\"mainEntityOfPage\":{\"@id\":\"https:\\\/\\\/candas365.es\\\/noticias\\\/alemania-se-entusiasma-con-seleccion-y-festeja-record-de-rating-tv\\\/#webpage\"},\"isPartOf\":{\"@id\":\"https:\\\/\\\/candas365.es\\\/noticias\\\/alemania-se-entusiasma-con-seleccion-y-festeja-record-de-rating-tv\\\/#webpage\"},\"articleSection\":\"Actualidad\",\"dateline\":\"Publicado el junio 27, 2016.\"},{\"@type\":\"Organization\",\"@id\":\"https:\\\/\\\/candas365.es\\\/noticias\\\/#organization\",\"name\":\"Cand\\u00e1s 365\",\"description\":\"Cand\\u00e1s 365 es un diario digital independiente, fundado en 2012, con base en Asturias. Informamos con rigor sobre actualidad, sociedad, cultura y ocio, con una mirada local y global.\",\"url\":\"https:\\\/\\\/candas365.es\\\/noticias\\\/\",\"email\":\"info@candas365.es\",\"telephone\":\"+34652131393\",\"foundingDate\":\"2012-06-10\",\"logo\":{\"@type\":\"ImageObject\",\"url\":\"https:\\\/\\\/candas365.es\\\/noticias\\\/wp-content\\\/uploads\\\/2024\\\/09\\\/Candas-365-Redes.jpg\",\"@id\":\"https:\\\/\\\/candas365.es\\\/noticias\\\/alemania-se-entusiasma-con-seleccion-y-festeja-record-de-rating-tv\\\/#organizationLogo\",\"width\":1152,\"height\":864,\"caption\":\"Cand\\u00e1s 365 Redes\"},\"image\":{\"@id\":\"https:\\\/\\\/candas365.es\\\/noticias\\\/alemania-se-entusiasma-con-seleccion-y-festeja-record-de-rating-tv\\\/#organizationLogo\"},\"sameAs\":[\"https:\\\/\\\/www.facebook.com\\\/Nachofdezber\",\"https:\\\/\\\/x.com\\\/NabercoDigital\",\"https:\\\/\\\/www.instagram.com\\\/nachofdezber\\\/\",\"https:\\\/\\\/www.youtube.com\\\/channel\\\/UCZP-2wLEB9Rv6erhFmqVnvg\"],\"address\":{\"@id\":\"https:\\\/\\\/candas365.es\\\/noticias\\\/#postaladdress\",\"@type\":\"PostalAddress\",\"streetAddress\":\"san antonio 4, san antonio 4\",\"postalCode\":\"33430\",\"addressLocality\":\"Cand\\u00e1s\",\"addressRegion\":\"Asturias\",\"addressCountry\":\"ES\"}},{\"@type\":\"Person\",\"@id\":\"https:\\\/\\\/candas365.es\\\/noticias\\\/author\\\/admin\\\/#author\",\"url\":\"https:\\\/\\\/candas365.es\\\/noticias\\\/author\\\/admin\\\/\",\"name\":\"Cand\\u00e1s 365\",\"image\":{\"@type\":\"ImageObject\",\"@id\":\"https:\\\/\\\/candas365.es\\\/noticias\\\/alemania-se-entusiasma-con-seleccion-y-festeja-record-de-rating-tv\\\/#authorImage\",\"url\":\"https:\\\/\\\/secure.gravatar.com\\\/avatar\\\/496a8e03d0c493ede1718b7934145dbdf8d89be1036b0eec9544e1094c9de390?s=96&d=mm&r=g\",\"width\":96,\"height\":96,\"caption\":\"Cand\\u00e1s 365\"},\"sameAs\":[\"https:\\\/\\\/www.facebook.com\\\/carrenoactualidad\",\"https:\\\/\\\/twitter.com\\\/nbasturias\",\"https:\\\/\\\/www.instagram.com\\\/nachofdezber\\\/\",\"https:\\\/\\\/www.youtube.com\\\/channel\\\/UCZP-2wLEB9Rv6erhFmqVnvg\"]},{\"@type\":\"WebPage\",\"@id\":\"https:\\\/\\\/candas365.es\\\/noticias\\\/alemania-se-entusiasma-con-seleccion-y-festeja-record-de-rating-tv\\\/#webpage\",\"url\":\"https:\\\/\\\/candas365.es\\\/noticias\\\/alemania-se-entusiasma-con-seleccion-y-festeja-record-de-rating-tv\\\/\",\"name\":\"Alemania se entusiasma con selecci\\u00f3n y festeja r\\u00e9cord de rating tv | Cand\\u00e1s 365\",\"description\":\"Berl\\u00edn, 27 jun (dpa) - La clasificaci\\u00f3n de Alemania a los cuartos de final de la Eurocopa de f\\u00fatbol con un rotundo triunfo de 3-0 sobre Eslovaquia hizo so\\u00f1ar a la prensa del pa\\u00eds, que coincide en que el campe\\u00f3n del mundo ahora s\\u00ed es favorito para alzar el trofeo continental. \\\"Jogi muestra a Europa\",\"inLanguage\":\"es-ES\",\"isPartOf\":{\"@id\":\"https:\\\/\\\/candas365.es\\\/noticias\\\/#website\"},\"breadcrumb\":{\"@id\":\"https:\\\/\\\/candas365.es\\\/noticias\\\/alemania-se-entusiasma-con-seleccion-y-festeja-record-de-rating-tv\\\/#breadcrumblist\"},\"author\":{\"@id\":\"https:\\\/\\\/candas365.es\\\/noticias\\\/author\\\/admin\\\/#author\"},\"creator\":{\"@id\":\"https:\\\/\\\/candas365.es\\\/noticias\\\/author\\\/admin\\\/#author\"},\"image\":{\"@type\":\"ImageObject\",\"url\":\"https:\\\/\\\/candas365.es\\\/noticias\\\/wp-content\\\/uploads\\\/2016\\\/06\\\/euro2016.jpg\",\"@id\":\"https:\\\/\\\/candas365.es\\\/noticias\\\/alemania-se-entusiasma-con-seleccion-y-festeja-record-de-rating-tv\\\/#mainImage\",\"width\":800,\"height\":478},\"primaryImageOfPage\":{\"@id\":\"https:\\\/\\\/candas365.es\\\/noticias\\\/alemania-se-entusiasma-con-seleccion-y-festeja-record-de-rating-tv\\\/#mainImage\"},\"datePublished\":\"2016-06-27T22:23:54+02:00\",\"dateModified\":\"2016-06-27T22:24:19+02:00\"},{\"@type\":\"WebSite\",\"@id\":\"https:\\\/\\\/candas365.es\\\/noticias\\\/#website\",\"url\":\"https:\\\/\\\/candas365.es\\\/noticias\\\/\",\"name\":\"Cand\\u00e1s 365\",\"alternateName\":\"Cand\\u00e1s 365 Noticias\",\"description\":\"Actualidad desde Carre\\u00f1o para el mundo\",\"inLanguage\":\"es-ES\",\"publisher\":{\"@id\":\"https:\\\/\\\/candas365.es\\\/noticias\\\/#organization\"}}]}\n\t\t<\/script>\n\t\t<!-- All in One SEO Pro -->\r\n\t\t<title>Alemania se entusiasma con selecci\u00f3n y festeja r\u00e9cord de rating tv | Cand\u00e1s 365<\/title>\n\n","aioseo_head_json":{"title":"Alemania se entusiasma con selecci\u00f3n y festeja r\u00e9cord de rating tv | Cand\u00e1s 365","description":"Berl\u00edn, 27 jun (dpa) - La clasificaci\u00f3n de Alemania a los cuartos de final de la Eurocopa de f\u00fatbol con un rotundo triunfo de 3-0 sobre Eslovaquia hizo so\u00f1ar a la prensa del pa\u00eds, que coincide en que el campe\u00f3n del mundo ahora s\u00ed es favorito para alzar el trofeo continental. \"Jogi muestra a Europa","canonical_url":"https:\/\/candas365.es\/noticias\/alemania-se-entusiasma-con-seleccion-y-festeja-record-de-rating-tv\/","robots":"max-image-preview:large","keywords":"actualidad","webmasterTools":{"google-site-verification":"UA-32230408-1","msvalidate.01":"354F3CDFB2DA171B47FBE9ABF1F88D5","miscellaneous":""},"schema":{"@context":"https:\/\/schema.org","@graph":[{"@type":"BreadcrumbList","@id":"https:\/\/candas365.es\/noticias\/alemania-se-entusiasma-con-seleccion-y-festeja-record-de-rating-tv\/#breadcrumblist","itemListElement":[{"@type":"ListItem","@id":"https:\/\/candas365.es\/noticias#listItem","position":1,"name":"Home","item":"https:\/\/candas365.es\/noticias","nextItem":{"@type":"ListItem","@id":"https:\/\/candas365.es\/noticias\/category\/actualidad\/#listItem","name":"Actualidad"}},{"@type":"ListItem","@id":"https:\/\/candas365.es\/noticias\/category\/actualidad\/#listItem","position":2,"name":"Actualidad","item":"https:\/\/candas365.es\/noticias\/category\/actualidad\/","nextItem":{"@type":"ListItem","@id":"https:\/\/candas365.es\/noticias\/alemania-se-entusiasma-con-seleccion-y-festeja-record-de-rating-tv\/#listItem","name":"Alemania se entusiasma con selecci\u00f3n y festeja r\u00e9cord de rating tv"},"previousItem":{"@type":"ListItem","@id":"https:\/\/candas365.es\/noticias#listItem","name":"Home"}},{"@type":"ListItem","@id":"https:\/\/candas365.es\/noticias\/alemania-se-entusiasma-con-seleccion-y-festeja-record-de-rating-tv\/#listItem","position":3,"name":"Alemania se entusiasma con selecci\u00f3n y festeja r\u00e9cord de rating tv","previousItem":{"@type":"ListItem","@id":"https:\/\/candas365.es\/noticias\/category\/actualidad\/#listItem","name":"Actualidad"}}]},{"@type":"NewsArticle","@id":"https:\/\/candas365.es\/noticias\/alemania-se-entusiasma-con-seleccion-y-festeja-record-de-rating-tv\/#newsarticle","name":"Alemania se entusiasma con selecci\u00f3n y festeja r\u00e9cord de rating tv | Cand\u00e1s 365","headline":"Alemania se entusiasma con selecci\u00f3n y festeja r\u00e9cord de rating tv","author":{"@id":"https:\/\/candas365.es\/noticias\/author\/admin\/#author"},"publisher":{"@id":"https:\/\/candas365.es\/noticias\/#organization"},"image":{"@type":"ImageObject","url":"https:\/\/candas365.es\/noticias\/wp-content\/uploads\/2016\/06\/euro2016.jpg","width":800,"height":478},"datePublished":"2016-06-27T22:23:54+02:00","dateModified":"2016-06-27T22:24:19+02:00","inLanguage":"es-ES","mainEntityOfPage":{"@id":"https:\/\/candas365.es\/noticias\/alemania-se-entusiasma-con-seleccion-y-festeja-record-de-rating-tv\/#webpage"},"isPartOf":{"@id":"https:\/\/candas365.es\/noticias\/alemania-se-entusiasma-con-seleccion-y-festeja-record-de-rating-tv\/#webpage"},"articleSection":"Actualidad","dateline":"Publicado el junio 27, 2016."},{"@type":"Organization","@id":"https:\/\/candas365.es\/noticias\/#organization","name":"Cand\u00e1s 365","description":"Cand\u00e1s 365 es un diario digital independiente, fundado en 2012, con base en Asturias. Informamos con rigor sobre actualidad, sociedad, cultura y ocio, con una mirada local y global.","url":"https:\/\/candas365.es\/noticias\/","email":"info@candas365.es","telephone":"+34652131393","foundingDate":"2012-06-10","logo":{"@type":"ImageObject","url":"https:\/\/candas365.es\/noticias\/wp-content\/uploads\/2024\/09\/Candas-365-Redes.jpg","@id":"https:\/\/candas365.es\/noticias\/alemania-se-entusiasma-con-seleccion-y-festeja-record-de-rating-tv\/#organizationLogo","width":1152,"height":864,"caption":"Cand\u00e1s 365 Redes"},"image":{"@id":"https:\/\/candas365.es\/noticias\/alemania-se-entusiasma-con-seleccion-y-festeja-record-de-rating-tv\/#organizationLogo"},"sameAs":["https:\/\/www.facebook.com\/Nachofdezber","https:\/\/x.com\/NabercoDigital","https:\/\/www.instagram.com\/nachofdezber\/","https:\/\/www.youtube.com\/channel\/UCZP-2wLEB9Rv6erhFmqVnvg"],"address":{"@id":"https:\/\/candas365.es\/noticias\/#postaladdress","@type":"PostalAddress","streetAddress":"san antonio 4, san antonio 4","postalCode":"33430","addressLocality":"Cand\u00e1s","addressRegion":"Asturias","addressCountry":"ES"}},{"@type":"Person","@id":"https:\/\/candas365.es\/noticias\/author\/admin\/#author","url":"https:\/\/candas365.es\/noticias\/author\/admin\/","name":"Cand\u00e1s 365","image":{"@type":"ImageObject","@id":"https:\/\/candas365.es\/noticias\/alemania-se-entusiasma-con-seleccion-y-festeja-record-de-rating-tv\/#authorImage","url":"https:\/\/secure.gravatar.com\/avatar\/496a8e03d0c493ede1718b7934145dbdf8d89be1036b0eec9544e1094c9de390?s=96&d=mm&r=g","width":96,"height":96,"caption":"Cand\u00e1s 365"},"sameAs":["https:\/\/www.facebook.com\/carrenoactualidad","https:\/\/twitter.com\/nbasturias","https:\/\/www.instagram.com\/nachofdezber\/","https:\/\/www.youtube.com\/channel\/UCZP-2wLEB9Rv6erhFmqVnvg"]},{"@type":"WebPage","@id":"https:\/\/candas365.es\/noticias\/alemania-se-entusiasma-con-seleccion-y-festeja-record-de-rating-tv\/#webpage","url":"https:\/\/candas365.es\/noticias\/alemania-se-entusiasma-con-seleccion-y-festeja-record-de-rating-tv\/","name":"Alemania se entusiasma con selecci\u00f3n y festeja r\u00e9cord de rating tv | Cand\u00e1s 365","description":"Berl\u00edn, 27 jun (dpa) - La clasificaci\u00f3n de Alemania a los cuartos de final de la Eurocopa de f\u00fatbol con un rotundo triunfo de 3-0 sobre Eslovaquia hizo so\u00f1ar a la prensa del pa\u00eds, que coincide en que el campe\u00f3n del mundo ahora s\u00ed es favorito para alzar el trofeo continental. \"Jogi muestra a Europa","inLanguage":"es-ES","isPartOf":{"@id":"https:\/\/candas365.es\/noticias\/#website"},"breadcrumb":{"@id":"https:\/\/candas365.es\/noticias\/alemania-se-entusiasma-con-seleccion-y-festeja-record-de-rating-tv\/#breadcrumblist"},"author":{"@id":"https:\/\/candas365.es\/noticias\/author\/admin\/#author"},"creator":{"@id":"https:\/\/candas365.es\/noticias\/author\/admin\/#author"},"image":{"@type":"ImageObject","url":"https:\/\/candas365.es\/noticias\/wp-content\/uploads\/2016\/06\/euro2016.jpg","@id":"https:\/\/candas365.es\/noticias\/alemania-se-entusiasma-con-seleccion-y-festeja-record-de-rating-tv\/#mainImage","width":800,"height":478},"primaryImageOfPage":{"@id":"https:\/\/candas365.es\/noticias\/alemania-se-entusiasma-con-seleccion-y-festeja-record-de-rating-tv\/#mainImage"},"datePublished":"2016-06-27T22:23:54+02:00","dateModified":"2016-06-27T22:24:19+02:00"},{"@type":"WebSite","@id":"https:\/\/candas365.es\/noticias\/#website","url":"https:\/\/candas365.es\/noticias\/","name":"Cand\u00e1s 365","alternateName":"Cand\u00e1s 365 Noticias","description":"Actualidad desde Carre\u00f1o para el mundo","inLanguage":"es-ES","publisher":{"@id":"https:\/\/candas365.es\/noticias\/#organization"}}]},"og:locale":"es_ES","og:site_name":"Cand\u00e1s 365","og:type":"article","og:title":"Alemania se entusiasma con selecci\u00f3n y festeja r\u00e9cord de rating tv | Cand\u00e1s 365","og:description":"Berl\u00edn, 27 jun (dpa) - La clasificaci\u00f3n de Alemania a los cuartos de final de la Eurocopa de f\u00fatbol con un rotundo triunfo de 3-0 sobre Eslovaquia hizo so\u00f1ar a la prensa del pa\u00eds, que coincide en que el campe\u00f3n del mundo ahora s\u00ed es favorito para alzar el trofeo continental. &quot;Jogi muestra a Europa","og:url":"https:\/\/candas365.es\/noticias\/alemania-se-entusiasma-con-seleccion-y-festeja-record-de-rating-tv\/","og:image":"https:\/\/candas365.es\/noticias\/wp-content\/uploads\/2016\/06\/euro2016.jpg","og:image:secure_url":"https:\/\/candas365.es\/noticias\/wp-content\/uploads\/2016\/06\/euro2016.jpg","og:image:width":800,"og:image:height":478,"article:published_time":"2016-06-27T20:53:54+00:00","article:modified_time":"2016-06-27T20:54:19+00:00","article:publisher":"https:\/\/www.facebook.com\/Nachofdezber","article:author":"https:\/\/www.facebook.com\/carrenoactualidad","twitter:card":"summary_large_image","twitter:site":"@NabercoDigital","twitter:title":"Alemania se entusiasma con selecci\u00f3n y festeja r\u00e9cord de rating tv | Cand\u00e1s 365","twitter:description":"Berl\u00edn, 27 jun (dpa) - La clasificaci\u00f3n de Alemania a los cuartos de final de la Eurocopa de f\u00fatbol con un rotundo triunfo de 3-0 sobre Eslovaquia hizo so\u00f1ar a la prensa del pa\u00eds, que coincide en que el campe\u00f3n del mundo ahora s\u00ed es favorito para alzar el trofeo continental. &quot;Jogi muestra a Europa","twitter:creator":"@nbasturias","twitter:image":"https:\/\/candas365.es\/noticias\/wp-content\/uploads\/2016\/06\/euro2016.jpg","twitter:label1":"Escrito por","twitter:data1":"Cand\u00e1s 365","twitter:label2":"Tiempo de lectura estimado","twitter:data2":"2 minutos"},"aioseo_meta_data":{"post_id":"31430","title":null,"description":null,"keywords":null,"keyphrases":null,"primary_term":null,"canonical_url":null,"og_title":null,"og_description":null,"og_object_type":"default","og_image_type":"default","og_image_url":null,"og_image_width":null,"og_image_height":null,"og_image_custom_url":null,"og_image_custom_fields":null,"og_video":null,"og_custom_url":null,"og_article_section":null,"og_article_tags":null,"twitter_use_og":false,"twitter_card":"default","twitter_image_type":"default","twitter_image_url":null,"twitter_image_custom_url":null,"twitter_image_custom_fields":null,"twitter_title":null,"twitter_description":null,"schema":{"blockGraphs":[],"customGraphs":[],"default":{"data":{"Article":[],"Course":[],"Dataset":[],"FAQPage":[],"Movie":[],"Person":[],"Product":[],"ProductReview":[],"Car":[],"Recipe":[],"Service":[],"SoftwareApplication":[],"WebPage":[]},"graphName":"","isEnabled":true},"graphs":[],"defaultGraph":"","defaultPostTypeGraph":""},"schema_type":null,"schema_type_options":null,"pillar_content":false,"robots_default":true,"robots_noindex":false,"robots_noarchive":false,"robots_nosnippet":false,"robots_nofollow":false,"robots_noimageindex":false,"robots_noodp":false,"robots_notranslate":false,"robots_max_snippet":null,"robots_max_videopreview":null,"robots_max_imagepreview":"large","priority":null,"frequency":null,"location":null,"local_seo":null,"seo_analyzer_scan_date":"2025-08-24 13:53:15","breadcrumb_settings":null,"limit_modified_date":false,"reviewed_by":null,"open_ai":null,"ai":null,"created":"2020-12-21 13:00:55","updated":"2025-08-24 13:53:15"},"aioseo_breadcrumb":"<div class=\"aioseo-breadcrumbs\"><span class=\"aioseo-breadcrumb\">\n\t<a href=\"https:\/\/candas365.es\/noticias\" title=\"Home\">Home<\/a>\n<\/span><span class=\"aioseo-breadcrumb-separator\">&ndash;<\/span><span class=\"aioseo-breadcrumb\">\n\t<a href=\"https:\/\/candas365.es\/noticias\/category\/actualidad\/\" title=\"Actualidad\">Actualidad<\/a>\n<\/span><span class=\"aioseo-breadcrumb-separator\">&ndash;<\/span><span class=\"aioseo-breadcrumb\">\n\tAlemania se entusiasma con selecci\u00f3n y festeja r\u00e9cord de rating tv\n<\/span><\/div>","aioseo_breadcrumb_json":[{"label":"Home","link":"https:\/\/candas365.es\/noticias"},{"label":"Actualidad","link":"https:\/\/candas365.es\/noticias\/category\/actualidad\/"},{"label":"Alemania se entusiasma con selecci\u00f3n y festeja r\u00e9cord de rating tv","link":"https:\/\/candas365.es\/noticias\/alemania-se-entusiasma-con-seleccion-y-festeja-record-de-rating-tv\/"}],"_links":{"self":[{"href":"https:\/\/candas365.es\/noticias\/wp-json\/wp\/v2\/posts\/31430","targetHints":{"allow":["GET"]}}],"collection":[{"href":"https:\/\/candas365.es\/noticias\/wp-json\/wp\/v2\/posts"}],"about":[{"href":"https:\/\/candas365.es\/noticias\/wp-json\/wp\/v2\/types\/post"}],"author":[{"embeddable":true,"href":"https:\/\/candas365.es\/noticias\/wp-json\/wp\/v2\/users\/1"}],"replies":[{"embeddable":true,"href":"https:\/\/candas365.es\/noticias\/wp-json\/wp\/v2\/comments?post=31430"}],"version-history":[{"count":0,"href":"https:\/\/candas365.es\/noticias\/wp-json\/wp\/v2\/posts\/31430\/revisions"}],"wp:featuredmedia":[{"embeddable":true,"href":"https:\/\/candas365.es\/noticias\/wp-json\/wp\/v2\/media\/29884"}],"wp:attachment":[{"href":"https:\/\/candas365.es\/noticias\/wp-json\/wp\/v2\/media?parent=31430"}],"wp:term":[{"taxonomy":"category","embeddable":true,"href":"https:\/\/candas365.es\/noticias\/wp-json\/wp\/v2\/categories?post=31430"},{"taxonomy":"post_tag","embeddable":true,"href":"https:\/\/candas365.es\/noticias\/wp-json\/wp\/v2\/tags?post=31430"}],"curies":[{"name":"wp","href":"https:\/\/api.w.org\/{rel}","templated":true}]}}