{"id":31428,"date":"2016-06-27T22:22:54","date_gmt":"2016-06-27T20:52:54","guid":{"rendered":"http:\/\/candas365.es\/noticias\/?p=31428"},"modified":"2016-06-27T22:22:54","modified_gmt":"2016-06-27T20:52:54","slug":"berlin-espera-pronta-formacion-de-gobierno-en-espana","status":"publish","type":"post","link":"https:\/\/candas365.es\/noticias\/berlin-espera-pronta-formacion-de-gobierno-en-espana\/","title":{"rendered":"Berl\u00edn espera pronta formaci\u00f3n de gobierno en Espa\u00f1a"},"content":{"rendered":"<p><span class=\"dateline\">Berl\u00edn, 27 jun <span class=\"credit\">(dpa)<\/span> &#8211; <\/span>El Gobierno de Alemania expres\u00f3 hoy la esperanza de una pronta formaci\u00f3n de gobierno en Espa\u00f1a tras las elecciones parlamentarias del domingo, en las que sali\u00f3 reforzado el Partido Popular del jefe de Gobierno en funciones, Mariano Rajoy.<\/p>\n<p>\u00abEsperamos que las elecciones parlamentarias abran r\u00e1pidamente la puerta a la formaci\u00f3n de gobierno y que el buen camino de Espa\u00f1a de reformas, crecimiento y un desempleo menguante pueda ser continuado\u00bb, dijo el portavoz de la canciller Angela Merkel, Steffen Seibert.<\/p>\n<p>Al mismo tiempo, Seibert aclar\u00f3 que Merkel no felicitar\u00e1 a Rajoy hasta tanto no haya formado Gobierno, algo para lo que el l\u00edder conservador deber\u00e1 entablar conversaciones con otros partidos al no conseguir la mayor\u00eda absoluta.<\/p>\n<p>\u00abLa canciller entablar\u00e1 muy r\u00e1pidamente contacto con el presidente del Gobierno en funciones, Mariano Rajoy, para abordar tanto los desaf\u00edos europeos como los acontecimientos tras las elecciones parlamentarias en las que su partido consigui\u00f3 un buen resultado. Pero como es de costumbre, las felicitaciones las expresar\u00e1 despu\u00e9s de que se haya concretado la formaci\u00f3n de Gobierno en Madrid\u00bb, precis\u00f3.<\/p>\n<p>Seibert declin\u00f3 comentar los resultados de los comicios en Espa\u00f1a, como tampoco lo hizo el Gobierno alem\u00e1n sobre el voto mayoritario de los brit\u00e1nicos a favor de la salida de la Uni\u00f3n Europea.<\/p>\n<p>\u00abQuiz\u00e1s se pueda felicitar al pueblo espa\u00f1ol por el hecho de que todos los partidos de Espa\u00f1a se hayan comprometido con el destino europeo de su pa\u00eds. Esta es algo satisfactorio en estos d\u00edas\u00bb, se\u00f1al\u00f3 en alusi\u00f3n indirecta a la decisi\u00f3n a favor del \u00abBrexit\u00bb.<\/p>\n","protected":false},"excerpt":{"rendered":"<p>Berl\u00edn, 27 jun (dpa) &#8211; El Gobierno de Alemania expres\u00f3 hoy la esperanza de una pronta formaci\u00f3n de gobierno en Espa\u00f1a tras las elecciones parlamentarias del domingo, en las que sali\u00f3 reforzado el Partido Popular del jefe de Gobierno en funciones, Mariano Rajoy. \u00abEsperamos que las elecciones parlamentarias abran r\u00e1pidamente la puerta a la formaci\u00f3n<\/p>\n","protected":false},"author":1,"featured_media":31309,"comment_status":"closed","ping_status":"closed","sticky":false,"template":"","format":"standard","meta":{"footnotes":""},"categories":[343],"tags":[],"class_list":{"0":"post-31428","1":"post","2":"type-post","3":"status-publish","4":"format-standard","5":"has-post-thumbnail","7":"category-actualidad"},"aioseo_notices":[],"aioseo_head":"\n\t\t<!-- All in One SEO Pro 4.9.6.2 - aioseo.com -->\n\t<meta name=\"description\" content=\"Berl\u00edn, 27 jun (dpa) - El Gobierno de Alemania expres\u00f3 hoy la esperanza de una pronta formaci\u00f3n de gobierno en Espa\u00f1a tras las elecciones parlamentarias del domingo, en las que sali\u00f3 reforzado el Partido Popular del jefe de Gobierno en funciones, Mariano Rajoy. &quot;Esperamos que las elecciones parlamentarias abran r\u00e1pidamente la puerta a la formaci\u00f3n\" \/>\n\t<meta name=\"robots\" content=\"max-image-preview:large\" \/>\n\t<meta name=\"author\" content=\"Cand\u00e1s 365\"\/>\n\t<meta name=\"google-site-verification\" content=\"UA-32230408-1\" \/>\n\t<meta name=\"msvalidate.01\" content=\"354F3CDFB2DA171B47FBE9ABF1F88D5\" \/>\n\t<meta name=\"keywords\" content=\"actualidad\" \/>\n\t<link rel=\"canonical\" href=\"https:\/\/candas365.es\/noticias\/berlin-espera-pronta-formacion-de-gobierno-en-espana\/\" \/>\n\t<meta name=\"generator\" content=\"All in One SEO Pro (AIOSEO) 4.9.6.2\" \/>\n\t\t<meta property=\"og:locale\" content=\"es_ES\" \/>\n\t\t<meta property=\"og:site_name\" content=\"Cand\u00e1s 365\" \/>\n\t\t<meta property=\"og:type\" content=\"article\" \/>\n\t\t<meta property=\"og:title\" content=\"Berl\u00edn espera pronta formaci\u00f3n de gobierno en Espa\u00f1a | Cand\u00e1s 365\" \/>\n\t\t<meta property=\"og:description\" content=\"Berl\u00edn, 27 jun (dpa) - El Gobierno de Alemania expres\u00f3 hoy la esperanza de una pronta formaci\u00f3n de gobierno en Espa\u00f1a tras las elecciones parlamentarias del domingo, en las que sali\u00f3 reforzado el Partido Popular del jefe de Gobierno en funciones, Mariano Rajoy. &quot;Esperamos que las elecciones parlamentarias abran r\u00e1pidamente la puerta a la formaci\u00f3n\" \/>\n\t\t<meta property=\"og:url\" content=\"https:\/\/candas365.es\/noticias\/berlin-espera-pronta-formacion-de-gobierno-en-espana\/\" \/>\n\t\t<meta property=\"og:image\" content=\"https:\/\/candas365.es\/noticias\/wp-content\/uploads\/2016\/06\/fotonoticia_20160625191859_800.jpg\" \/>\n\t\t<meta property=\"og:image:secure_url\" content=\"https:\/\/candas365.es\/noticias\/wp-content\/uploads\/2016\/06\/fotonoticia_20160625191859_800.jpg\" \/>\n\t\t<meta property=\"og:image:width\" content=\"800\" \/>\n\t\t<meta property=\"og:image:height\" content=\"600\" \/>\n\t\t<meta property=\"article:published_time\" content=\"2016-06-27T20:52:54+00:00\" \/>\n\t\t<meta property=\"article:modified_time\" content=\"2016-06-27T20:52:54+00:00\" \/>\n\t\t<meta property=\"article:publisher\" content=\"https:\/\/www.facebook.com\/Nachofdezber\" \/>\n\t\t<meta property=\"article:author\" content=\"https:\/\/www.facebook.com\/carrenoactualidad\" \/>\n\t\t<meta name=\"twitter:card\" content=\"summary_large_image\" \/>\n\t\t<meta name=\"twitter:site\" content=\"@NabercoDigital\" \/>\n\t\t<meta name=\"twitter:title\" content=\"Berl\u00edn espera pronta formaci\u00f3n de gobierno en Espa\u00f1a | Cand\u00e1s 365\" \/>\n\t\t<meta name=\"twitter:description\" content=\"Berl\u00edn, 27 jun (dpa) - El Gobierno de Alemania expres\u00f3 hoy la esperanza de una pronta formaci\u00f3n de gobierno en Espa\u00f1a tras las elecciones parlamentarias del domingo, en las que sali\u00f3 reforzado el Partido Popular del jefe de Gobierno en funciones, Mariano Rajoy. &quot;Esperamos que las elecciones parlamentarias abran r\u00e1pidamente la puerta a la formaci\u00f3n\" \/>\n\t\t<meta name=\"twitter:creator\" content=\"@nbasturias\" \/>\n\t\t<meta name=\"twitter:image\" content=\"https:\/\/candas365.es\/noticias\/wp-content\/uploads\/2016\/06\/fotonoticia_20160625191859_800.jpg\" \/>\n\t\t<meta name=\"twitter:label1\" content=\"Escrito por\" \/>\n\t\t<meta name=\"twitter:data1\" content=\"Cand\u00e1s 365\" \/>\n\t\t<meta name=\"twitter:label2\" content=\"Tiempo de lectura estimado\" \/>\n\t\t<meta name=\"twitter:data2\" content=\"1 minuto\" \/>\n\t\t<script type=\"application\/ld+json\" class=\"aioseo-schema\">\n\t\t\t{\"@context\":\"https:\\\/\\\/schema.org\",\"@graph\":[{\"@type\":\"BreadcrumbList\",\"@id\":\"https:\\\/\\\/candas365.es\\\/noticias\\\/berlin-espera-pronta-formacion-de-gobierno-en-espana\\\/#breadcrumblist\",\"itemListElement\":[{\"@type\":\"ListItem\",\"@id\":\"https:\\\/\\\/candas365.es\\\/noticias#listItem\",\"position\":1,\"name\":\"Home\",\"item\":\"https:\\\/\\\/candas365.es\\\/noticias\",\"nextItem\":{\"@type\":\"ListItem\",\"@id\":\"https:\\\/\\\/candas365.es\\\/noticias\\\/category\\\/actualidad\\\/#listItem\",\"name\":\"Actualidad\"}},{\"@type\":\"ListItem\",\"@id\":\"https:\\\/\\\/candas365.es\\\/noticias\\\/category\\\/actualidad\\\/#listItem\",\"position\":2,\"name\":\"Actualidad\",\"item\":\"https:\\\/\\\/candas365.es\\\/noticias\\\/category\\\/actualidad\\\/\",\"nextItem\":{\"@type\":\"ListItem\",\"@id\":\"https:\\\/\\\/candas365.es\\\/noticias\\\/berlin-espera-pronta-formacion-de-gobierno-en-espana\\\/#listItem\",\"name\":\"Berl\\u00edn espera pronta formaci\\u00f3n de gobierno en Espa\\u00f1a\"},\"previousItem\":{\"@type\":\"ListItem\",\"@id\":\"https:\\\/\\\/candas365.es\\\/noticias#listItem\",\"name\":\"Home\"}},{\"@type\":\"ListItem\",\"@id\":\"https:\\\/\\\/candas365.es\\\/noticias\\\/berlin-espera-pronta-formacion-de-gobierno-en-espana\\\/#listItem\",\"position\":3,\"name\":\"Berl\\u00edn espera pronta formaci\\u00f3n de gobierno en Espa\\u00f1a\",\"previousItem\":{\"@type\":\"ListItem\",\"@id\":\"https:\\\/\\\/candas365.es\\\/noticias\\\/category\\\/actualidad\\\/#listItem\",\"name\":\"Actualidad\"}}]},{\"@type\":\"NewsArticle\",\"@id\":\"https:\\\/\\\/candas365.es\\\/noticias\\\/berlin-espera-pronta-formacion-de-gobierno-en-espana\\\/#newsarticle\",\"name\":\"Berl\\u00edn espera pronta formaci\\u00f3n de gobierno en Espa\\u00f1a | Cand\\u00e1s 365\",\"headline\":\"Berl\\u00edn espera pronta formaci\\u00f3n de gobierno en Espa\\u00f1a\",\"author\":{\"@id\":\"https:\\\/\\\/candas365.es\\\/noticias\\\/author\\\/admin\\\/#author\"},\"publisher\":{\"@id\":\"https:\\\/\\\/candas365.es\\\/noticias\\\/#organization\"},\"image\":{\"@type\":\"ImageObject\",\"url\":\"https:\\\/\\\/candas365.es\\\/noticias\\\/wp-content\\\/uploads\\\/2016\\\/06\\\/fotonoticia_20160625191859_800.jpg\",\"width\":800,\"height\":600},\"datePublished\":\"2016-06-27T22:22:54+02:00\",\"dateModified\":\"2016-06-27T22:22:54+02:00\",\"inLanguage\":\"es-ES\",\"mainEntityOfPage\":{\"@id\":\"https:\\\/\\\/candas365.es\\\/noticias\\\/berlin-espera-pronta-formacion-de-gobierno-en-espana\\\/#webpage\"},\"isPartOf\":{\"@id\":\"https:\\\/\\\/candas365.es\\\/noticias\\\/berlin-espera-pronta-formacion-de-gobierno-en-espana\\\/#webpage\"},\"articleSection\":\"Actualidad\",\"dateline\":\"Publicado el junio 27, 2016.\"},{\"@type\":\"Organization\",\"@id\":\"https:\\\/\\\/candas365.es\\\/noticias\\\/#organization\",\"name\":\"Cand\\u00e1s 365\",\"description\":\"Cand\\u00e1s 365 es un diario digital independiente, fundado en 2012, con base en Asturias. Informamos con rigor sobre actualidad, sociedad, cultura y ocio, con una mirada local y global.\",\"url\":\"https:\\\/\\\/candas365.es\\\/noticias\\\/\",\"email\":\"info@candas365.es\",\"telephone\":\"+34652131393\",\"foundingDate\":\"2012-06-10\",\"logo\":{\"@type\":\"ImageObject\",\"url\":\"https:\\\/\\\/candas365.es\\\/noticias\\\/wp-content\\\/uploads\\\/2024\\\/09\\\/Candas-365-Redes.jpg\",\"@id\":\"https:\\\/\\\/candas365.es\\\/noticias\\\/berlin-espera-pronta-formacion-de-gobierno-en-espana\\\/#organizationLogo\",\"width\":1152,\"height\":864,\"caption\":\"Cand\\u00e1s 365 Redes\"},\"image\":{\"@id\":\"https:\\\/\\\/candas365.es\\\/noticias\\\/berlin-espera-pronta-formacion-de-gobierno-en-espana\\\/#organizationLogo\"},\"sameAs\":[\"https:\\\/\\\/www.facebook.com\\\/Nachofdezber\",\"https:\\\/\\\/x.com\\\/NabercoDigital\",\"https:\\\/\\\/www.instagram.com\\\/nachofdezber\\\/\",\"https:\\\/\\\/www.youtube.com\\\/channel\\\/UCZP-2wLEB9Rv6erhFmqVnvg\"],\"address\":{\"@id\":\"https:\\\/\\\/candas365.es\\\/noticias\\\/#postaladdress\",\"@type\":\"PostalAddress\",\"streetAddress\":\"san antonio 4, san antonio 4\",\"postalCode\":\"33430\",\"addressLocality\":\"Cand\\u00e1s\",\"addressRegion\":\"Asturias\",\"addressCountry\":\"ES\"}},{\"@type\":\"Person\",\"@id\":\"https:\\\/\\\/candas365.es\\\/noticias\\\/author\\\/admin\\\/#author\",\"url\":\"https:\\\/\\\/candas365.es\\\/noticias\\\/author\\\/admin\\\/\",\"name\":\"Cand\\u00e1s 365\",\"image\":{\"@type\":\"ImageObject\",\"@id\":\"https:\\\/\\\/candas365.es\\\/noticias\\\/berlin-espera-pronta-formacion-de-gobierno-en-espana\\\/#authorImage\",\"url\":\"https:\\\/\\\/secure.gravatar.com\\\/avatar\\\/496a8e03d0c493ede1718b7934145dbdf8d89be1036b0eec9544e1094c9de390?s=96&d=mm&r=g\",\"width\":96,\"height\":96,\"caption\":\"Cand\\u00e1s 365\"},\"sameAs\":[\"https:\\\/\\\/www.facebook.com\\\/carrenoactualidad\",\"https:\\\/\\\/twitter.com\\\/nbasturias\",\"https:\\\/\\\/www.instagram.com\\\/nachofdezber\\\/\",\"https:\\\/\\\/www.youtube.com\\\/channel\\\/UCZP-2wLEB9Rv6erhFmqVnvg\"]},{\"@type\":\"WebPage\",\"@id\":\"https:\\\/\\\/candas365.es\\\/noticias\\\/berlin-espera-pronta-formacion-de-gobierno-en-espana\\\/#webpage\",\"url\":\"https:\\\/\\\/candas365.es\\\/noticias\\\/berlin-espera-pronta-formacion-de-gobierno-en-espana\\\/\",\"name\":\"Berl\\u00edn espera pronta formaci\\u00f3n de gobierno en Espa\\u00f1a | Cand\\u00e1s 365\",\"description\":\"Berl\\u00edn, 27 jun (dpa) - El Gobierno de Alemania expres\\u00f3 hoy la esperanza de una pronta formaci\\u00f3n de gobierno en Espa\\u00f1a tras las elecciones parlamentarias del domingo, en las que sali\\u00f3 reforzado el Partido Popular del jefe de Gobierno en funciones, Mariano Rajoy. \\\"Esperamos que las elecciones parlamentarias abran r\\u00e1pidamente la puerta a la formaci\\u00f3n\",\"inLanguage\":\"es-ES\",\"isPartOf\":{\"@id\":\"https:\\\/\\\/candas365.es\\\/noticias\\\/#website\"},\"breadcrumb\":{\"@id\":\"https:\\\/\\\/candas365.es\\\/noticias\\\/berlin-espera-pronta-formacion-de-gobierno-en-espana\\\/#breadcrumblist\"},\"author\":{\"@id\":\"https:\\\/\\\/candas365.es\\\/noticias\\\/author\\\/admin\\\/#author\"},\"creator\":{\"@id\":\"https:\\\/\\\/candas365.es\\\/noticias\\\/author\\\/admin\\\/#author\"},\"image\":{\"@type\":\"ImageObject\",\"url\":\"https:\\\/\\\/candas365.es\\\/noticias\\\/wp-content\\\/uploads\\\/2016\\\/06\\\/fotonoticia_20160625191859_800.jpg\",\"@id\":\"https:\\\/\\\/candas365.es\\\/noticias\\\/berlin-espera-pronta-formacion-de-gobierno-en-espana\\\/#mainImage\",\"width\":800,\"height\":600},\"primaryImageOfPage\":{\"@id\":\"https:\\\/\\\/candas365.es\\\/noticias\\\/berlin-espera-pronta-formacion-de-gobierno-en-espana\\\/#mainImage\"},\"datePublished\":\"2016-06-27T22:22:54+02:00\",\"dateModified\":\"2016-06-27T22:22:54+02:00\"},{\"@type\":\"WebSite\",\"@id\":\"https:\\\/\\\/candas365.es\\\/noticias\\\/#website\",\"url\":\"https:\\\/\\\/candas365.es\\\/noticias\\\/\",\"name\":\"Cand\\u00e1s 365\",\"alternateName\":\"Cand\\u00e1s 365 Noticias\",\"description\":\"Actualidad desde Carre\\u00f1o para el mundo\",\"inLanguage\":\"es-ES\",\"publisher\":{\"@id\":\"https:\\\/\\\/candas365.es\\\/noticias\\\/#organization\"}}]}\n\t\t<\/script>\n\t\t<!-- All in One SEO Pro -->\r\n\t\t<title>Berl\u00edn espera pronta formaci\u00f3n de gobierno en Espa\u00f1a | Cand\u00e1s 365<\/title>\n\n","aioseo_head_json":{"title":"Berl\u00edn espera pronta formaci\u00f3n de gobierno en Espa\u00f1a | Cand\u00e1s 365","description":"Berl\u00edn, 27 jun (dpa) - El Gobierno de Alemania expres\u00f3 hoy la esperanza de una pronta formaci\u00f3n de gobierno en Espa\u00f1a tras las elecciones parlamentarias del domingo, en las que sali\u00f3 reforzado el Partido Popular del jefe de Gobierno en funciones, Mariano Rajoy. \"Esperamos que las elecciones parlamentarias abran r\u00e1pidamente la puerta a la formaci\u00f3n","canonical_url":"https:\/\/candas365.es\/noticias\/berlin-espera-pronta-formacion-de-gobierno-en-espana\/","robots":"max-image-preview:large","keywords":"actualidad","webmasterTools":{"google-site-verification":"UA-32230408-1","msvalidate.01":"354F3CDFB2DA171B47FBE9ABF1F88D5","miscellaneous":""},"schema":{"@context":"https:\/\/schema.org","@graph":[{"@type":"BreadcrumbList","@id":"https:\/\/candas365.es\/noticias\/berlin-espera-pronta-formacion-de-gobierno-en-espana\/#breadcrumblist","itemListElement":[{"@type":"ListItem","@id":"https:\/\/candas365.es\/noticias#listItem","position":1,"name":"Home","item":"https:\/\/candas365.es\/noticias","nextItem":{"@type":"ListItem","@id":"https:\/\/candas365.es\/noticias\/category\/actualidad\/#listItem","name":"Actualidad"}},{"@type":"ListItem","@id":"https:\/\/candas365.es\/noticias\/category\/actualidad\/#listItem","position":2,"name":"Actualidad","item":"https:\/\/candas365.es\/noticias\/category\/actualidad\/","nextItem":{"@type":"ListItem","@id":"https:\/\/candas365.es\/noticias\/berlin-espera-pronta-formacion-de-gobierno-en-espana\/#listItem","name":"Berl\u00edn espera pronta formaci\u00f3n de gobierno en Espa\u00f1a"},"previousItem":{"@type":"ListItem","@id":"https:\/\/candas365.es\/noticias#listItem","name":"Home"}},{"@type":"ListItem","@id":"https:\/\/candas365.es\/noticias\/berlin-espera-pronta-formacion-de-gobierno-en-espana\/#listItem","position":3,"name":"Berl\u00edn espera pronta formaci\u00f3n de gobierno en Espa\u00f1a","previousItem":{"@type":"ListItem","@id":"https:\/\/candas365.es\/noticias\/category\/actualidad\/#listItem","name":"Actualidad"}}]},{"@type":"NewsArticle","@id":"https:\/\/candas365.es\/noticias\/berlin-espera-pronta-formacion-de-gobierno-en-espana\/#newsarticle","name":"Berl\u00edn espera pronta formaci\u00f3n de gobierno en Espa\u00f1a | Cand\u00e1s 365","headline":"Berl\u00edn espera pronta formaci\u00f3n de gobierno en Espa\u00f1a","author":{"@id":"https:\/\/candas365.es\/noticias\/author\/admin\/#author"},"publisher":{"@id":"https:\/\/candas365.es\/noticias\/#organization"},"image":{"@type":"ImageObject","url":"https:\/\/candas365.es\/noticias\/wp-content\/uploads\/2016\/06\/fotonoticia_20160625191859_800.jpg","width":800,"height":600},"datePublished":"2016-06-27T22:22:54+02:00","dateModified":"2016-06-27T22:22:54+02:00","inLanguage":"es-ES","mainEntityOfPage":{"@id":"https:\/\/candas365.es\/noticias\/berlin-espera-pronta-formacion-de-gobierno-en-espana\/#webpage"},"isPartOf":{"@id":"https:\/\/candas365.es\/noticias\/berlin-espera-pronta-formacion-de-gobierno-en-espana\/#webpage"},"articleSection":"Actualidad","dateline":"Publicado el junio 27, 2016."},{"@type":"Organization","@id":"https:\/\/candas365.es\/noticias\/#organization","name":"Cand\u00e1s 365","description":"Cand\u00e1s 365 es un diario digital independiente, fundado en 2012, con base en Asturias. Informamos con rigor sobre actualidad, sociedad, cultura y ocio, con una mirada local y global.","url":"https:\/\/candas365.es\/noticias\/","email":"info@candas365.es","telephone":"+34652131393","foundingDate":"2012-06-10","logo":{"@type":"ImageObject","url":"https:\/\/candas365.es\/noticias\/wp-content\/uploads\/2024\/09\/Candas-365-Redes.jpg","@id":"https:\/\/candas365.es\/noticias\/berlin-espera-pronta-formacion-de-gobierno-en-espana\/#organizationLogo","width":1152,"height":864,"caption":"Cand\u00e1s 365 Redes"},"image":{"@id":"https:\/\/candas365.es\/noticias\/berlin-espera-pronta-formacion-de-gobierno-en-espana\/#organizationLogo"},"sameAs":["https:\/\/www.facebook.com\/Nachofdezber","https:\/\/x.com\/NabercoDigital","https:\/\/www.instagram.com\/nachofdezber\/","https:\/\/www.youtube.com\/channel\/UCZP-2wLEB9Rv6erhFmqVnvg"],"address":{"@id":"https:\/\/candas365.es\/noticias\/#postaladdress","@type":"PostalAddress","streetAddress":"san antonio 4, san antonio 4","postalCode":"33430","addressLocality":"Cand\u00e1s","addressRegion":"Asturias","addressCountry":"ES"}},{"@type":"Person","@id":"https:\/\/candas365.es\/noticias\/author\/admin\/#author","url":"https:\/\/candas365.es\/noticias\/author\/admin\/","name":"Cand\u00e1s 365","image":{"@type":"ImageObject","@id":"https:\/\/candas365.es\/noticias\/berlin-espera-pronta-formacion-de-gobierno-en-espana\/#authorImage","url":"https:\/\/secure.gravatar.com\/avatar\/496a8e03d0c493ede1718b7934145dbdf8d89be1036b0eec9544e1094c9de390?s=96&d=mm&r=g","width":96,"height":96,"caption":"Cand\u00e1s 365"},"sameAs":["https:\/\/www.facebook.com\/carrenoactualidad","https:\/\/twitter.com\/nbasturias","https:\/\/www.instagram.com\/nachofdezber\/","https:\/\/www.youtube.com\/channel\/UCZP-2wLEB9Rv6erhFmqVnvg"]},{"@type":"WebPage","@id":"https:\/\/candas365.es\/noticias\/berlin-espera-pronta-formacion-de-gobierno-en-espana\/#webpage","url":"https:\/\/candas365.es\/noticias\/berlin-espera-pronta-formacion-de-gobierno-en-espana\/","name":"Berl\u00edn espera pronta formaci\u00f3n de gobierno en Espa\u00f1a | Cand\u00e1s 365","description":"Berl\u00edn, 27 jun (dpa) - El Gobierno de Alemania expres\u00f3 hoy la esperanza de una pronta formaci\u00f3n de gobierno en Espa\u00f1a tras las elecciones parlamentarias del domingo, en las que sali\u00f3 reforzado el Partido Popular del jefe de Gobierno en funciones, Mariano Rajoy. \"Esperamos que las elecciones parlamentarias abran r\u00e1pidamente la puerta a la formaci\u00f3n","inLanguage":"es-ES","isPartOf":{"@id":"https:\/\/candas365.es\/noticias\/#website"},"breadcrumb":{"@id":"https:\/\/candas365.es\/noticias\/berlin-espera-pronta-formacion-de-gobierno-en-espana\/#breadcrumblist"},"author":{"@id":"https:\/\/candas365.es\/noticias\/author\/admin\/#author"},"creator":{"@id":"https:\/\/candas365.es\/noticias\/author\/admin\/#author"},"image":{"@type":"ImageObject","url":"https:\/\/candas365.es\/noticias\/wp-content\/uploads\/2016\/06\/fotonoticia_20160625191859_800.jpg","@id":"https:\/\/candas365.es\/noticias\/berlin-espera-pronta-formacion-de-gobierno-en-espana\/#mainImage","width":800,"height":600},"primaryImageOfPage":{"@id":"https:\/\/candas365.es\/noticias\/berlin-espera-pronta-formacion-de-gobierno-en-espana\/#mainImage"},"datePublished":"2016-06-27T22:22:54+02:00","dateModified":"2016-06-27T22:22:54+02:00"},{"@type":"WebSite","@id":"https:\/\/candas365.es\/noticias\/#website","url":"https:\/\/candas365.es\/noticias\/","name":"Cand\u00e1s 365","alternateName":"Cand\u00e1s 365 Noticias","description":"Actualidad desde Carre\u00f1o para el mundo","inLanguage":"es-ES","publisher":{"@id":"https:\/\/candas365.es\/noticias\/#organization"}}]},"og:locale":"es_ES","og:site_name":"Cand\u00e1s 365","og:type":"article","og:title":"Berl\u00edn espera pronta formaci\u00f3n de gobierno en Espa\u00f1a | Cand\u00e1s 365","og:description":"Berl\u00edn, 27 jun (dpa) - El Gobierno de Alemania expres\u00f3 hoy la esperanza de una pronta formaci\u00f3n de gobierno en Espa\u00f1a tras las elecciones parlamentarias del domingo, en las que sali\u00f3 reforzado el Partido Popular del jefe de Gobierno en funciones, Mariano Rajoy. &quot;Esperamos que las elecciones parlamentarias abran r\u00e1pidamente la puerta a la formaci\u00f3n","og:url":"https:\/\/candas365.es\/noticias\/berlin-espera-pronta-formacion-de-gobierno-en-espana\/","og:image":"https:\/\/candas365.es\/noticias\/wp-content\/uploads\/2016\/06\/fotonoticia_20160625191859_800.jpg","og:image:secure_url":"https:\/\/candas365.es\/noticias\/wp-content\/uploads\/2016\/06\/fotonoticia_20160625191859_800.jpg","og:image:width":800,"og:image:height":600,"article:published_time":"2016-06-27T20:52:54+00:00","article:modified_time":"2016-06-27T20:52:54+00:00","article:publisher":"https:\/\/www.facebook.com\/Nachofdezber","article:author":"https:\/\/www.facebook.com\/carrenoactualidad","twitter:card":"summary_large_image","twitter:site":"@NabercoDigital","twitter:title":"Berl\u00edn espera pronta formaci\u00f3n de gobierno en Espa\u00f1a | Cand\u00e1s 365","twitter:description":"Berl\u00edn, 27 jun (dpa) - El Gobierno de Alemania expres\u00f3 hoy la esperanza de una pronta formaci\u00f3n de gobierno en Espa\u00f1a tras las elecciones parlamentarias del domingo, en las que sali\u00f3 reforzado el Partido Popular del jefe de Gobierno en funciones, Mariano Rajoy. &quot;Esperamos que las elecciones parlamentarias abran r\u00e1pidamente la puerta a la formaci\u00f3n","twitter:creator":"@nbasturias","twitter:image":"https:\/\/candas365.es\/noticias\/wp-content\/uploads\/2016\/06\/fotonoticia_20160625191859_800.jpg","twitter:label1":"Escrito por","twitter:data1":"Cand\u00e1s 365","twitter:label2":"Tiempo de lectura estimado","twitter:data2":"1 minuto"},"aioseo_meta_data":{"post_id":"31428","title":null,"description":null,"keywords":null,"keyphrases":null,"primary_term":null,"canonical_url":null,"og_title":null,"og_description":null,"og_object_type":"default","og_image_type":"default","og_image_url":null,"og_image_width":null,"og_image_height":null,"og_image_custom_url":null,"og_image_custom_fields":null,"og_video":null,"og_custom_url":null,"og_article_section":null,"og_article_tags":null,"twitter_use_og":false,"twitter_card":"default","twitter_image_type":"default","twitter_image_url":null,"twitter_image_custom_url":null,"twitter_image_custom_fields":null,"twitter_title":null,"twitter_description":null,"schema":{"blockGraphs":[],"customGraphs":[],"default":{"data":{"Article":[],"Course":[],"Dataset":[],"FAQPage":[],"Movie":[],"Person":[],"Product":[],"ProductReview":[],"Car":[],"Recipe":[],"Service":[],"SoftwareApplication":[],"WebPage":[]},"graphName":"","isEnabled":true},"graphs":[],"defaultGraph":"","defaultPostTypeGraph":""},"schema_type":null,"schema_type_options":null,"pillar_content":false,"robots_default":true,"robots_noindex":false,"robots_noarchive":false,"robots_nosnippet":false,"robots_nofollow":false,"robots_noimageindex":false,"robots_noodp":false,"robots_notranslate":false,"robots_max_snippet":null,"robots_max_videopreview":null,"robots_max_imagepreview":"large","priority":null,"frequency":null,"location":null,"local_seo":null,"seo_analyzer_scan_date":"2025-08-24 13:53:14","breadcrumb_settings":null,"limit_modified_date":false,"reviewed_by":null,"open_ai":null,"ai":null,"created":"2020-12-21 13:00:55","updated":"2025-08-24 13:53:14"},"aioseo_breadcrumb":"<div class=\"aioseo-breadcrumbs\"><span class=\"aioseo-breadcrumb\">\n\t<a href=\"https:\/\/candas365.es\/noticias\" title=\"Home\">Home<\/a>\n<\/span><span class=\"aioseo-breadcrumb-separator\">&ndash;<\/span><span class=\"aioseo-breadcrumb\">\n\t<a href=\"https:\/\/candas365.es\/noticias\/category\/actualidad\/\" title=\"Actualidad\">Actualidad<\/a>\n<\/span><span class=\"aioseo-breadcrumb-separator\">&ndash;<\/span><span class=\"aioseo-breadcrumb\">\n\tBerl\u00edn espera pronta formaci\u00f3n de gobierno en Espa\u00f1a\n<\/span><\/div>","aioseo_breadcrumb_json":[{"label":"Home","link":"https:\/\/candas365.es\/noticias"},{"label":"Actualidad","link":"https:\/\/candas365.es\/noticias\/category\/actualidad\/"},{"label":"Berl\u00edn espera pronta formaci\u00f3n de gobierno en Espa\u00f1a","link":"https:\/\/candas365.es\/noticias\/berlin-espera-pronta-formacion-de-gobierno-en-espana\/"}],"_links":{"self":[{"href":"https:\/\/candas365.es\/noticias\/wp-json\/wp\/v2\/posts\/31428","targetHints":{"allow":["GET"]}}],"collection":[{"href":"https:\/\/candas365.es\/noticias\/wp-json\/wp\/v2\/posts"}],"about":[{"href":"https:\/\/candas365.es\/noticias\/wp-json\/wp\/v2\/types\/post"}],"author":[{"embeddable":true,"href":"https:\/\/candas365.es\/noticias\/wp-json\/wp\/v2\/users\/1"}],"replies":[{"embeddable":true,"href":"https:\/\/candas365.es\/noticias\/wp-json\/wp\/v2\/comments?post=31428"}],"version-history":[{"count":0,"href":"https:\/\/candas365.es\/noticias\/wp-json\/wp\/v2\/posts\/31428\/revisions"}],"wp:featuredmedia":[{"embeddable":true,"href":"https:\/\/candas365.es\/noticias\/wp-json\/wp\/v2\/media\/31309"}],"wp:attachment":[{"href":"https:\/\/candas365.es\/noticias\/wp-json\/wp\/v2\/media?parent=31428"}],"wp:term":[{"taxonomy":"category","embeddable":true,"href":"https:\/\/candas365.es\/noticias\/wp-json\/wp\/v2\/categories?post=31428"},{"taxonomy":"post_tag","embeddable":true,"href":"https:\/\/candas365.es\/noticias\/wp-json\/wp\/v2\/tags?post=31428"}],"curies":[{"name":"wp","href":"https:\/\/api.w.org\/{rel}","templated":true}]}}