{"id":31404,"date":"2016-06-27T22:09:38","date_gmt":"2016-06-27T20:39:38","guid":{"rendered":"http:\/\/candas365.es\/noticias\/?p=31404"},"modified":"2016-06-27T22:09:38","modified_gmt":"2016-06-27T20:39:38","slug":"fallece-gotz-george-uno-de-los-actores-mas-populares-de-alemania","status":"publish","type":"post","link":"https:\/\/candas365.es\/noticias\/fallece-gotz-george-uno-de-los-actores-mas-populares-de-alemania\/","title":{"rendered":"Fallece G\u00f6tz George, uno de los actores m\u00e1s populares de Alemania"},"content":{"rendered":"<p>Berl\u00edn, 27 jun (dpa) &#8211; G\u00f6tz George, uno de los actores m\u00e1s populares de Alemania, y que actuara en la famosa serie policial \u00abTatort\u00bb (Escena del crimen) a lo largo de 32 a\u00f1os, muri\u00f3 a los 77 a\u00f1os, inform\u00f3 el domingo su agente en un comunicado.<\/p>\n<p>George muri\u00f3 el 19 de junio tras una breve enfermedad. \u00abG\u00f6tz George deseaba una despedida en el c\u00edrculo m\u00e1s estrecho\u00bb, indica el comunicado.<\/p>\n<p>El actor era conocido por el p\u00fablico alem\u00e1n por varios papeles, pero en especial por el del comisario Horst Schimanski de la c\u00e9lebre serie de TV, a quien interpret\u00f3 48 veces a lo largo de 32 a\u00f1os.<\/p>\n<p>\u00abTatort\u00bb, estrenada en 1970 por la cadena ARD, es la serie m\u00e1s longeva de la televisi\u00f3n alemana y se emite en otros pa\u00edses germanoparlantes como Austria y Suiza. Cada episodio es producido por uno de los estados federados alemanes y se rueda en su territorio. Cada cap\u00edtulo se centra en un caso y el grupo de polic\u00edas a cargo se ha repetido a lo largo de los a\u00f1os, con la participaci\u00f3n de famosos actores alemanes.<\/p>\n<p>En cine, uno de los papeles m\u00e1s famosos de George fue el de un asesino serial homosexual Fritz Haarmann en \u00abDer Totmacher\u00bb, de 1995. Tambi\u00e9n rod\u00f3 s\u00e1tiras en las que despleg\u00f3 su talento como comediante, como \u00abSchtonk!\u00bb -nominada al Oscar en 1993- o \u00abRossini\u00bb. <\/p>\n<p>En 1989 actu\u00f3 en la coproducci\u00f3n germano-estadounidense-argentina \u00abBlau\u00e4ugig\u00bb (\u00abOjos azules\u00bb), sobre la \u00faltima dictadura militar Argentina. En el film, que se rod\u00f3 en parte el pa\u00eds sudamericano, comparti\u00f3 cartel con actores argentinos como Miguel \u00c1ngel Sol\u00e1, Julio de Grazia, Emilia Mazer y Hayde\u00e9 Padilla.<\/p>\n<p>En 2013 interpret\u00f3 en el drama de televisi\u00f3n \u00abGeorge\u00bb a su padre Heinrich, una figura controvertida debido a sus a\u00f1os como actor en tiempos de nazismo. En 1999, interpret\u00f3 al m\u00e9dico nazi Josef Mengele en el film \u00abNichts als die Wahrheit\u00bb (Nada m\u00e1s que la verdad).<\/p>\n","protected":false},"excerpt":{"rendered":"<p>Berl\u00edn, 27 jun (dpa) &#8211; G\u00f6tz George, uno de los actores m\u00e1s populares de Alemania, y que actuara en la famosa serie policial \u00abTatort\u00bb (Escena del crimen) a lo largo de 32 a\u00f1os, muri\u00f3 a los 77 a\u00f1os, inform\u00f3 el domingo su agente en un comunicado. George muri\u00f3 el 19 de junio tras una breve<\/p>\n","protected":false},"author":1,"featured_media":16457,"comment_status":"closed","ping_status":"closed","sticky":false,"template":"","format":"standard","meta":{"footnotes":""},"categories":[343],"tags":[],"class_list":{"0":"post-31404","1":"post","2":"type-post","3":"status-publish","4":"format-standard","5":"has-post-thumbnail","7":"category-actualidad"},"aioseo_notices":[],"aioseo_head":"\n\t\t<!-- All in One SEO Pro 4.9.6.2 - aioseo.com -->\n\t<meta name=\"description\" content=\"Berl\u00edn, 27 jun (dpa) - G\u00f6tz George, uno de los actores m\u00e1s populares de Alemania, y que actuara en la famosa serie policial &quot;Tatort&quot; (Escena del crimen) a lo largo de 32 a\u00f1os, muri\u00f3 a los 77 a\u00f1os, inform\u00f3 el domingo su agente en un comunicado. George muri\u00f3 el 19 de junio tras una breve\" \/>\n\t<meta name=\"robots\" content=\"max-image-preview:large\" \/>\n\t<meta name=\"author\" content=\"Cand\u00e1s 365\"\/>\n\t<meta name=\"google-site-verification\" content=\"UA-32230408-1\" \/>\n\t<meta name=\"msvalidate.01\" content=\"354F3CDFB2DA171B47FBE9ABF1F88D5\" \/>\n\t<meta name=\"keywords\" content=\"actualidad\" \/>\n\t<link rel=\"canonical\" href=\"https:\/\/candas365.es\/noticias\/fallece-gotz-george-uno-de-los-actores-mas-populares-de-alemania\/\" \/>\n\t<meta name=\"generator\" content=\"All in One SEO Pro (AIOSEO) 4.9.6.2\" \/>\n\t\t<meta property=\"og:locale\" content=\"es_ES\" \/>\n\t\t<meta property=\"og:site_name\" content=\"Cand\u00e1s 365\" \/>\n\t\t<meta property=\"og:type\" content=\"article\" \/>\n\t\t<meta property=\"og:title\" content=\"Fallece G\u00f6tz George, uno de los actores m\u00e1s populares de Alemania | Cand\u00e1s 365\" \/>\n\t\t<meta property=\"og:description\" content=\"Berl\u00edn, 27 jun (dpa) - G\u00f6tz George, uno de los actores m\u00e1s populares de Alemania, y que actuara en la famosa serie policial &quot;Tatort&quot; (Escena del crimen) a lo largo de 32 a\u00f1os, muri\u00f3 a los 77 a\u00f1os, inform\u00f3 el domingo su agente en un comunicado. George muri\u00f3 el 19 de junio tras una breve\" \/>\n\t\t<meta property=\"og:url\" content=\"https:\/\/candas365.es\/noticias\/fallece-gotz-george-uno-de-los-actores-mas-populares-de-alemania\/\" \/>\n\t\t<meta property=\"og:image\" content=\"https:\/\/candas365.es\/noticias\/wp-content\/uploads\/2015\/09\/c365noticias.jpg\" \/>\n\t\t<meta property=\"og:image:secure_url\" content=\"https:\/\/candas365.es\/noticias\/wp-content\/uploads\/2015\/09\/c365noticias.jpg\" \/>\n\t\t<meta property=\"og:image:width\" content=\"655\" \/>\n\t\t<meta property=\"og:image:height\" content=\"360\" \/>\n\t\t<meta property=\"article:published_time\" content=\"2016-06-27T20:39:38+00:00\" \/>\n\t\t<meta property=\"article:modified_time\" content=\"2016-06-27T20:39:38+00:00\" \/>\n\t\t<meta property=\"article:publisher\" content=\"https:\/\/www.facebook.com\/Nachofdezber\" \/>\n\t\t<meta property=\"article:author\" content=\"https:\/\/www.facebook.com\/carrenoactualidad\" \/>\n\t\t<meta name=\"twitter:card\" content=\"summary_large_image\" \/>\n\t\t<meta name=\"twitter:site\" content=\"@NabercoDigital\" \/>\n\t\t<meta name=\"twitter:title\" content=\"Fallece G\u00f6tz George, uno de los actores m\u00e1s populares de Alemania | Cand\u00e1s 365\" \/>\n\t\t<meta name=\"twitter:description\" content=\"Berl\u00edn, 27 jun (dpa) - G\u00f6tz George, uno de los actores m\u00e1s populares de Alemania, y que actuara en la famosa serie policial &quot;Tatort&quot; (Escena del crimen) a lo largo de 32 a\u00f1os, muri\u00f3 a los 77 a\u00f1os, inform\u00f3 el domingo su agente en un comunicado. George muri\u00f3 el 19 de junio tras una breve\" \/>\n\t\t<meta name=\"twitter:creator\" content=\"@nbasturias\" \/>\n\t\t<meta name=\"twitter:image\" content=\"https:\/\/candas365.es\/noticias\/wp-content\/uploads\/2015\/09\/c365noticias.jpg\" \/>\n\t\t<meta name=\"twitter:label1\" content=\"Escrito por\" \/>\n\t\t<meta name=\"twitter:data1\" content=\"Cand\u00e1s 365\" \/>\n\t\t<meta name=\"twitter:label2\" content=\"Tiempo de lectura estimado\" \/>\n\t\t<meta name=\"twitter:data2\" content=\"2 minutos\" \/>\n\t\t<script type=\"application\/ld+json\" class=\"aioseo-schema\">\n\t\t\t{\"@context\":\"https:\\\/\\\/schema.org\",\"@graph\":[{\"@type\":\"BreadcrumbList\",\"@id\":\"https:\\\/\\\/candas365.es\\\/noticias\\\/fallece-gotz-george-uno-de-los-actores-mas-populares-de-alemania\\\/#breadcrumblist\",\"itemListElement\":[{\"@type\":\"ListItem\",\"@id\":\"https:\\\/\\\/candas365.es\\\/noticias#listItem\",\"position\":1,\"name\":\"Home\",\"item\":\"https:\\\/\\\/candas365.es\\\/noticias\",\"nextItem\":{\"@type\":\"ListItem\",\"@id\":\"https:\\\/\\\/candas365.es\\\/noticias\\\/category\\\/actualidad\\\/#listItem\",\"name\":\"Actualidad\"}},{\"@type\":\"ListItem\",\"@id\":\"https:\\\/\\\/candas365.es\\\/noticias\\\/category\\\/actualidad\\\/#listItem\",\"position\":2,\"name\":\"Actualidad\",\"item\":\"https:\\\/\\\/candas365.es\\\/noticias\\\/category\\\/actualidad\\\/\",\"nextItem\":{\"@type\":\"ListItem\",\"@id\":\"https:\\\/\\\/candas365.es\\\/noticias\\\/fallece-gotz-george-uno-de-los-actores-mas-populares-de-alemania\\\/#listItem\",\"name\":\"Fallece G\\u00f6tz George, uno de los actores m\\u00e1s populares de Alemania\"},\"previousItem\":{\"@type\":\"ListItem\",\"@id\":\"https:\\\/\\\/candas365.es\\\/noticias#listItem\",\"name\":\"Home\"}},{\"@type\":\"ListItem\",\"@id\":\"https:\\\/\\\/candas365.es\\\/noticias\\\/fallece-gotz-george-uno-de-los-actores-mas-populares-de-alemania\\\/#listItem\",\"position\":3,\"name\":\"Fallece G\\u00f6tz George, uno de los actores m\\u00e1s populares de Alemania\",\"previousItem\":{\"@type\":\"ListItem\",\"@id\":\"https:\\\/\\\/candas365.es\\\/noticias\\\/category\\\/actualidad\\\/#listItem\",\"name\":\"Actualidad\"}}]},{\"@type\":\"NewsArticle\",\"@id\":\"https:\\\/\\\/candas365.es\\\/noticias\\\/fallece-gotz-george-uno-de-los-actores-mas-populares-de-alemania\\\/#newsarticle\",\"name\":\"Fallece G\\u00f6tz George, uno de los actores m\\u00e1s populares de Alemania | Cand\\u00e1s 365\",\"headline\":\"Fallece G\\u00f6tz George, uno de los actores m\\u00e1s populares de Alemania\",\"author\":{\"@id\":\"https:\\\/\\\/candas365.es\\\/noticias\\\/author\\\/admin\\\/#author\"},\"publisher\":{\"@id\":\"https:\\\/\\\/candas365.es\\\/noticias\\\/#organization\"},\"image\":{\"@type\":\"ImageObject\",\"url\":\"https:\\\/\\\/candas365.es\\\/noticias\\\/wp-content\\\/uploads\\\/2015\\\/09\\\/c365noticias.jpg\",\"width\":655,\"height\":360},\"datePublished\":\"2016-06-27T22:09:38+02:00\",\"dateModified\":\"2016-06-27T22:09:38+02:00\",\"inLanguage\":\"es-ES\",\"mainEntityOfPage\":{\"@id\":\"https:\\\/\\\/candas365.es\\\/noticias\\\/fallece-gotz-george-uno-de-los-actores-mas-populares-de-alemania\\\/#webpage\"},\"isPartOf\":{\"@id\":\"https:\\\/\\\/candas365.es\\\/noticias\\\/fallece-gotz-george-uno-de-los-actores-mas-populares-de-alemania\\\/#webpage\"},\"articleSection\":\"Actualidad\",\"dateline\":\"Publicado el junio 27, 2016.\"},{\"@type\":\"Organization\",\"@id\":\"https:\\\/\\\/candas365.es\\\/noticias\\\/#organization\",\"name\":\"Cand\\u00e1s 365\",\"description\":\"Cand\\u00e1s 365 es un diario digital independiente, fundado en 2012, con base en Asturias. Informamos con rigor sobre actualidad, sociedad, cultura y ocio, con una mirada local y global.\",\"url\":\"https:\\\/\\\/candas365.es\\\/noticias\\\/\",\"email\":\"info@candas365.es\",\"telephone\":\"+34652131393\",\"foundingDate\":\"2012-06-10\",\"logo\":{\"@type\":\"ImageObject\",\"url\":\"https:\\\/\\\/candas365.es\\\/noticias\\\/wp-content\\\/uploads\\\/2024\\\/09\\\/Candas-365-Redes.jpg\",\"@id\":\"https:\\\/\\\/candas365.es\\\/noticias\\\/fallece-gotz-george-uno-de-los-actores-mas-populares-de-alemania\\\/#organizationLogo\",\"width\":1152,\"height\":864,\"caption\":\"Cand\\u00e1s 365 Redes\"},\"image\":{\"@id\":\"https:\\\/\\\/candas365.es\\\/noticias\\\/fallece-gotz-george-uno-de-los-actores-mas-populares-de-alemania\\\/#organizationLogo\"},\"sameAs\":[\"https:\\\/\\\/www.facebook.com\\\/Nachofdezber\",\"https:\\\/\\\/x.com\\\/NabercoDigital\",\"https:\\\/\\\/www.instagram.com\\\/nachofdezber\\\/\",\"https:\\\/\\\/www.youtube.com\\\/channel\\\/UCZP-2wLEB9Rv6erhFmqVnvg\"],\"address\":{\"@id\":\"https:\\\/\\\/candas365.es\\\/noticias\\\/#postaladdress\",\"@type\":\"PostalAddress\",\"streetAddress\":\"san antonio 4, san antonio 4\",\"postalCode\":\"33430\",\"addressLocality\":\"Cand\\u00e1s\",\"addressRegion\":\"Asturias\",\"addressCountry\":\"ES\"}},{\"@type\":\"Person\",\"@id\":\"https:\\\/\\\/candas365.es\\\/noticias\\\/author\\\/admin\\\/#author\",\"url\":\"https:\\\/\\\/candas365.es\\\/noticias\\\/author\\\/admin\\\/\",\"name\":\"Cand\\u00e1s 365\",\"image\":{\"@type\":\"ImageObject\",\"@id\":\"https:\\\/\\\/candas365.es\\\/noticias\\\/fallece-gotz-george-uno-de-los-actores-mas-populares-de-alemania\\\/#authorImage\",\"url\":\"https:\\\/\\\/secure.gravatar.com\\\/avatar\\\/496a8e03d0c493ede1718b7934145dbdf8d89be1036b0eec9544e1094c9de390?s=96&d=mm&r=g\",\"width\":96,\"height\":96,\"caption\":\"Cand\\u00e1s 365\"},\"sameAs\":[\"https:\\\/\\\/www.facebook.com\\\/carrenoactualidad\",\"https:\\\/\\\/twitter.com\\\/nbasturias\",\"https:\\\/\\\/www.instagram.com\\\/nachofdezber\\\/\",\"https:\\\/\\\/www.youtube.com\\\/channel\\\/UCZP-2wLEB9Rv6erhFmqVnvg\"]},{\"@type\":\"WebPage\",\"@id\":\"https:\\\/\\\/candas365.es\\\/noticias\\\/fallece-gotz-george-uno-de-los-actores-mas-populares-de-alemania\\\/#webpage\",\"url\":\"https:\\\/\\\/candas365.es\\\/noticias\\\/fallece-gotz-george-uno-de-los-actores-mas-populares-de-alemania\\\/\",\"name\":\"Fallece G\\u00f6tz George, uno de los actores m\\u00e1s populares de Alemania | Cand\\u00e1s 365\",\"description\":\"Berl\\u00edn, 27 jun (dpa) - G\\u00f6tz George, uno de los actores m\\u00e1s populares de Alemania, y que actuara en la famosa serie policial \\\"Tatort\\\" (Escena del crimen) a lo largo de 32 a\\u00f1os, muri\\u00f3 a los 77 a\\u00f1os, inform\\u00f3 el domingo su agente en un comunicado. George muri\\u00f3 el 19 de junio tras una breve\",\"inLanguage\":\"es-ES\",\"isPartOf\":{\"@id\":\"https:\\\/\\\/candas365.es\\\/noticias\\\/#website\"},\"breadcrumb\":{\"@id\":\"https:\\\/\\\/candas365.es\\\/noticias\\\/fallece-gotz-george-uno-de-los-actores-mas-populares-de-alemania\\\/#breadcrumblist\"},\"author\":{\"@id\":\"https:\\\/\\\/candas365.es\\\/noticias\\\/author\\\/admin\\\/#author\"},\"creator\":{\"@id\":\"https:\\\/\\\/candas365.es\\\/noticias\\\/author\\\/admin\\\/#author\"},\"image\":{\"@type\":\"ImageObject\",\"url\":\"https:\\\/\\\/candas365.es\\\/noticias\\\/wp-content\\\/uploads\\\/2015\\\/09\\\/c365noticias.jpg\",\"@id\":\"https:\\\/\\\/candas365.es\\\/noticias\\\/fallece-gotz-george-uno-de-los-actores-mas-populares-de-alemania\\\/#mainImage\",\"width\":655,\"height\":360},\"primaryImageOfPage\":{\"@id\":\"https:\\\/\\\/candas365.es\\\/noticias\\\/fallece-gotz-george-uno-de-los-actores-mas-populares-de-alemania\\\/#mainImage\"},\"datePublished\":\"2016-06-27T22:09:38+02:00\",\"dateModified\":\"2016-06-27T22:09:38+02:00\"},{\"@type\":\"WebSite\",\"@id\":\"https:\\\/\\\/candas365.es\\\/noticias\\\/#website\",\"url\":\"https:\\\/\\\/candas365.es\\\/noticias\\\/\",\"name\":\"Cand\\u00e1s 365\",\"alternateName\":\"Cand\\u00e1s 365 Noticias\",\"description\":\"Actualidad desde Carre\\u00f1o para el mundo\",\"inLanguage\":\"es-ES\",\"publisher\":{\"@id\":\"https:\\\/\\\/candas365.es\\\/noticias\\\/#organization\"}}]}\n\t\t<\/script>\n\t\t<!-- All in One SEO Pro -->\r\n\t\t<title>Fallece G\u00f6tz George, uno de los actores m\u00e1s populares de Alemania | Cand\u00e1s 365<\/title>\n\n","aioseo_head_json":{"title":"Fallece G\u00f6tz George, uno de los actores m\u00e1s populares de Alemania | Cand\u00e1s 365","description":"Berl\u00edn, 27 jun (dpa) - G\u00f6tz George, uno de los actores m\u00e1s populares de Alemania, y que actuara en la famosa serie policial \"Tatort\" (Escena del crimen) a lo largo de 32 a\u00f1os, muri\u00f3 a los 77 a\u00f1os, inform\u00f3 el domingo su agente en un comunicado. George muri\u00f3 el 19 de junio tras una breve","canonical_url":"https:\/\/candas365.es\/noticias\/fallece-gotz-george-uno-de-los-actores-mas-populares-de-alemania\/","robots":"max-image-preview:large","keywords":"actualidad","webmasterTools":{"google-site-verification":"UA-32230408-1","msvalidate.01":"354F3CDFB2DA171B47FBE9ABF1F88D5","miscellaneous":""},"schema":{"@context":"https:\/\/schema.org","@graph":[{"@type":"BreadcrumbList","@id":"https:\/\/candas365.es\/noticias\/fallece-gotz-george-uno-de-los-actores-mas-populares-de-alemania\/#breadcrumblist","itemListElement":[{"@type":"ListItem","@id":"https:\/\/candas365.es\/noticias#listItem","position":1,"name":"Home","item":"https:\/\/candas365.es\/noticias","nextItem":{"@type":"ListItem","@id":"https:\/\/candas365.es\/noticias\/category\/actualidad\/#listItem","name":"Actualidad"}},{"@type":"ListItem","@id":"https:\/\/candas365.es\/noticias\/category\/actualidad\/#listItem","position":2,"name":"Actualidad","item":"https:\/\/candas365.es\/noticias\/category\/actualidad\/","nextItem":{"@type":"ListItem","@id":"https:\/\/candas365.es\/noticias\/fallece-gotz-george-uno-de-los-actores-mas-populares-de-alemania\/#listItem","name":"Fallece G\u00f6tz George, uno de los actores m\u00e1s populares de Alemania"},"previousItem":{"@type":"ListItem","@id":"https:\/\/candas365.es\/noticias#listItem","name":"Home"}},{"@type":"ListItem","@id":"https:\/\/candas365.es\/noticias\/fallece-gotz-george-uno-de-los-actores-mas-populares-de-alemania\/#listItem","position":3,"name":"Fallece G\u00f6tz George, uno de los actores m\u00e1s populares de Alemania","previousItem":{"@type":"ListItem","@id":"https:\/\/candas365.es\/noticias\/category\/actualidad\/#listItem","name":"Actualidad"}}]},{"@type":"NewsArticle","@id":"https:\/\/candas365.es\/noticias\/fallece-gotz-george-uno-de-los-actores-mas-populares-de-alemania\/#newsarticle","name":"Fallece G\u00f6tz George, uno de los actores m\u00e1s populares de Alemania | Cand\u00e1s 365","headline":"Fallece G\u00f6tz George, uno de los actores m\u00e1s populares de Alemania","author":{"@id":"https:\/\/candas365.es\/noticias\/author\/admin\/#author"},"publisher":{"@id":"https:\/\/candas365.es\/noticias\/#organization"},"image":{"@type":"ImageObject","url":"https:\/\/candas365.es\/noticias\/wp-content\/uploads\/2015\/09\/c365noticias.jpg","width":655,"height":360},"datePublished":"2016-06-27T22:09:38+02:00","dateModified":"2016-06-27T22:09:38+02:00","inLanguage":"es-ES","mainEntityOfPage":{"@id":"https:\/\/candas365.es\/noticias\/fallece-gotz-george-uno-de-los-actores-mas-populares-de-alemania\/#webpage"},"isPartOf":{"@id":"https:\/\/candas365.es\/noticias\/fallece-gotz-george-uno-de-los-actores-mas-populares-de-alemania\/#webpage"},"articleSection":"Actualidad","dateline":"Publicado el junio 27, 2016."},{"@type":"Organization","@id":"https:\/\/candas365.es\/noticias\/#organization","name":"Cand\u00e1s 365","description":"Cand\u00e1s 365 es un diario digital independiente, fundado en 2012, con base en Asturias. Informamos con rigor sobre actualidad, sociedad, cultura y ocio, con una mirada local y global.","url":"https:\/\/candas365.es\/noticias\/","email":"info@candas365.es","telephone":"+34652131393","foundingDate":"2012-06-10","logo":{"@type":"ImageObject","url":"https:\/\/candas365.es\/noticias\/wp-content\/uploads\/2024\/09\/Candas-365-Redes.jpg","@id":"https:\/\/candas365.es\/noticias\/fallece-gotz-george-uno-de-los-actores-mas-populares-de-alemania\/#organizationLogo","width":1152,"height":864,"caption":"Cand\u00e1s 365 Redes"},"image":{"@id":"https:\/\/candas365.es\/noticias\/fallece-gotz-george-uno-de-los-actores-mas-populares-de-alemania\/#organizationLogo"},"sameAs":["https:\/\/www.facebook.com\/Nachofdezber","https:\/\/x.com\/NabercoDigital","https:\/\/www.instagram.com\/nachofdezber\/","https:\/\/www.youtube.com\/channel\/UCZP-2wLEB9Rv6erhFmqVnvg"],"address":{"@id":"https:\/\/candas365.es\/noticias\/#postaladdress","@type":"PostalAddress","streetAddress":"san antonio 4, san antonio 4","postalCode":"33430","addressLocality":"Cand\u00e1s","addressRegion":"Asturias","addressCountry":"ES"}},{"@type":"Person","@id":"https:\/\/candas365.es\/noticias\/author\/admin\/#author","url":"https:\/\/candas365.es\/noticias\/author\/admin\/","name":"Cand\u00e1s 365","image":{"@type":"ImageObject","@id":"https:\/\/candas365.es\/noticias\/fallece-gotz-george-uno-de-los-actores-mas-populares-de-alemania\/#authorImage","url":"https:\/\/secure.gravatar.com\/avatar\/496a8e03d0c493ede1718b7934145dbdf8d89be1036b0eec9544e1094c9de390?s=96&d=mm&r=g","width":96,"height":96,"caption":"Cand\u00e1s 365"},"sameAs":["https:\/\/www.facebook.com\/carrenoactualidad","https:\/\/twitter.com\/nbasturias","https:\/\/www.instagram.com\/nachofdezber\/","https:\/\/www.youtube.com\/channel\/UCZP-2wLEB9Rv6erhFmqVnvg"]},{"@type":"WebPage","@id":"https:\/\/candas365.es\/noticias\/fallece-gotz-george-uno-de-los-actores-mas-populares-de-alemania\/#webpage","url":"https:\/\/candas365.es\/noticias\/fallece-gotz-george-uno-de-los-actores-mas-populares-de-alemania\/","name":"Fallece G\u00f6tz George, uno de los actores m\u00e1s populares de Alemania | Cand\u00e1s 365","description":"Berl\u00edn, 27 jun (dpa) - G\u00f6tz George, uno de los actores m\u00e1s populares de Alemania, y que actuara en la famosa serie policial \"Tatort\" (Escena del crimen) a lo largo de 32 a\u00f1os, muri\u00f3 a los 77 a\u00f1os, inform\u00f3 el domingo su agente en un comunicado. George muri\u00f3 el 19 de junio tras una breve","inLanguage":"es-ES","isPartOf":{"@id":"https:\/\/candas365.es\/noticias\/#website"},"breadcrumb":{"@id":"https:\/\/candas365.es\/noticias\/fallece-gotz-george-uno-de-los-actores-mas-populares-de-alemania\/#breadcrumblist"},"author":{"@id":"https:\/\/candas365.es\/noticias\/author\/admin\/#author"},"creator":{"@id":"https:\/\/candas365.es\/noticias\/author\/admin\/#author"},"image":{"@type":"ImageObject","url":"https:\/\/candas365.es\/noticias\/wp-content\/uploads\/2015\/09\/c365noticias.jpg","@id":"https:\/\/candas365.es\/noticias\/fallece-gotz-george-uno-de-los-actores-mas-populares-de-alemania\/#mainImage","width":655,"height":360},"primaryImageOfPage":{"@id":"https:\/\/candas365.es\/noticias\/fallece-gotz-george-uno-de-los-actores-mas-populares-de-alemania\/#mainImage"},"datePublished":"2016-06-27T22:09:38+02:00","dateModified":"2016-06-27T22:09:38+02:00"},{"@type":"WebSite","@id":"https:\/\/candas365.es\/noticias\/#website","url":"https:\/\/candas365.es\/noticias\/","name":"Cand\u00e1s 365","alternateName":"Cand\u00e1s 365 Noticias","description":"Actualidad desde Carre\u00f1o para el mundo","inLanguage":"es-ES","publisher":{"@id":"https:\/\/candas365.es\/noticias\/#organization"}}]},"og:locale":"es_ES","og:site_name":"Cand\u00e1s 365","og:type":"article","og:title":"Fallece G\u00f6tz George, uno de los actores m\u00e1s populares de Alemania | Cand\u00e1s 365","og:description":"Berl\u00edn, 27 jun (dpa) - G\u00f6tz George, uno de los actores m\u00e1s populares de Alemania, y que actuara en la famosa serie policial &quot;Tatort&quot; (Escena del crimen) a lo largo de 32 a\u00f1os, muri\u00f3 a los 77 a\u00f1os, inform\u00f3 el domingo su agente en un comunicado. George muri\u00f3 el 19 de junio tras una breve","og:url":"https:\/\/candas365.es\/noticias\/fallece-gotz-george-uno-de-los-actores-mas-populares-de-alemania\/","og:image":"https:\/\/candas365.es\/noticias\/wp-content\/uploads\/2015\/09\/c365noticias.jpg","og:image:secure_url":"https:\/\/candas365.es\/noticias\/wp-content\/uploads\/2015\/09\/c365noticias.jpg","og:image:width":655,"og:image:height":360,"article:published_time":"2016-06-27T20:39:38+00:00","article:modified_time":"2016-06-27T20:39:38+00:00","article:publisher":"https:\/\/www.facebook.com\/Nachofdezber","article:author":"https:\/\/www.facebook.com\/carrenoactualidad","twitter:card":"summary_large_image","twitter:site":"@NabercoDigital","twitter:title":"Fallece G\u00f6tz George, uno de los actores m\u00e1s populares de Alemania | Cand\u00e1s 365","twitter:description":"Berl\u00edn, 27 jun (dpa) - G\u00f6tz George, uno de los actores m\u00e1s populares de Alemania, y que actuara en la famosa serie policial &quot;Tatort&quot; (Escena del crimen) a lo largo de 32 a\u00f1os, muri\u00f3 a los 77 a\u00f1os, inform\u00f3 el domingo su agente en un comunicado. George muri\u00f3 el 19 de junio tras una breve","twitter:creator":"@nbasturias","twitter:image":"https:\/\/candas365.es\/noticias\/wp-content\/uploads\/2015\/09\/c365noticias.jpg","twitter:label1":"Escrito por","twitter:data1":"Cand\u00e1s 365","twitter:label2":"Tiempo de lectura estimado","twitter:data2":"2 minutos"},"aioseo_meta_data":{"post_id":"31404","title":null,"description":null,"keywords":null,"keyphrases":null,"primary_term":null,"canonical_url":null,"og_title":null,"og_description":null,"og_object_type":"default","og_image_type":"default","og_image_url":null,"og_image_width":null,"og_image_height":null,"og_image_custom_url":null,"og_image_custom_fields":null,"og_video":null,"og_custom_url":null,"og_article_section":null,"og_article_tags":null,"twitter_use_og":false,"twitter_card":"default","twitter_image_type":"default","twitter_image_url":null,"twitter_image_custom_url":null,"twitter_image_custom_fields":null,"twitter_title":null,"twitter_description":null,"schema":{"blockGraphs":[],"customGraphs":[],"default":{"data":{"Article":[],"Course":[],"Dataset":[],"FAQPage":[],"Movie":[],"Person":[],"Product":[],"ProductReview":[],"Car":[],"Recipe":[],"Service":[],"SoftwareApplication":[],"WebPage":[]},"graphName":"","isEnabled":true},"graphs":[],"defaultGraph":"","defaultPostTypeGraph":""},"schema_type":null,"schema_type_options":null,"pillar_content":false,"robots_default":true,"robots_noindex":false,"robots_noarchive":false,"robots_nosnippet":false,"robots_nofollow":false,"robots_noimageindex":false,"robots_noodp":false,"robots_notranslate":false,"robots_max_snippet":null,"robots_max_videopreview":null,"robots_max_imagepreview":"large","priority":null,"frequency":null,"location":null,"local_seo":null,"seo_analyzer_scan_date":"2025-08-24 13:50:25","breadcrumb_settings":null,"limit_modified_date":false,"reviewed_by":null,"open_ai":null,"ai":null,"created":"2020-12-21 13:00:55","updated":"2025-08-24 13:50:25"},"aioseo_breadcrumb":"<div class=\"aioseo-breadcrumbs\"><span class=\"aioseo-breadcrumb\">\n\t<a href=\"https:\/\/candas365.es\/noticias\" title=\"Home\">Home<\/a>\n<\/span><span class=\"aioseo-breadcrumb-separator\">&ndash;<\/span><span class=\"aioseo-breadcrumb\">\n\t<a href=\"https:\/\/candas365.es\/noticias\/category\/actualidad\/\" title=\"Actualidad\">Actualidad<\/a>\n<\/span><span class=\"aioseo-breadcrumb-separator\">&ndash;<\/span><span class=\"aioseo-breadcrumb\">\n\tFallece G\u00f6tz George, uno de los actores m\u00e1s populares de Alemania\n<\/span><\/div>","aioseo_breadcrumb_json":[{"label":"Home","link":"https:\/\/candas365.es\/noticias"},{"label":"Actualidad","link":"https:\/\/candas365.es\/noticias\/category\/actualidad\/"},{"label":"Fallece G\u00f6tz George, uno de los actores m\u00e1s populares de Alemania","link":"https:\/\/candas365.es\/noticias\/fallece-gotz-george-uno-de-los-actores-mas-populares-de-alemania\/"}],"_links":{"self":[{"href":"https:\/\/candas365.es\/noticias\/wp-json\/wp\/v2\/posts\/31404","targetHints":{"allow":["GET"]}}],"collection":[{"href":"https:\/\/candas365.es\/noticias\/wp-json\/wp\/v2\/posts"}],"about":[{"href":"https:\/\/candas365.es\/noticias\/wp-json\/wp\/v2\/types\/post"}],"author":[{"embeddable":true,"href":"https:\/\/candas365.es\/noticias\/wp-json\/wp\/v2\/users\/1"}],"replies":[{"embeddable":true,"href":"https:\/\/candas365.es\/noticias\/wp-json\/wp\/v2\/comments?post=31404"}],"version-history":[{"count":0,"href":"https:\/\/candas365.es\/noticias\/wp-json\/wp\/v2\/posts\/31404\/revisions"}],"wp:featuredmedia":[{"embeddable":true,"href":"https:\/\/candas365.es\/noticias\/wp-json\/wp\/v2\/media\/16457"}],"wp:attachment":[{"href":"https:\/\/candas365.es\/noticias\/wp-json\/wp\/v2\/media?parent=31404"}],"wp:term":[{"taxonomy":"category","embeddable":true,"href":"https:\/\/candas365.es\/noticias\/wp-json\/wp\/v2\/categories?post=31404"},{"taxonomy":"post_tag","embeddable":true,"href":"https:\/\/candas365.es\/noticias\/wp-json\/wp\/v2\/tags?post=31404"}],"curies":[{"name":"wp","href":"https:\/\/api.w.org\/{rel}","templated":true}]}}