{"id":31378,"date":"2016-06-27T01:02:28","date_gmt":"2016-06-26T23:32:28","guid":{"rendered":"http:\/\/candas365.es\/noticias\/?p=31378"},"modified":"2016-06-27T01:02:28","modified_gmt":"2016-06-26T23:32:28","slug":"merkel-y-su-aliado-bavaro-liman-asperezas-de-cara-a-comicios-de-2017","status":"publish","type":"post","link":"https:\/\/candas365.es\/noticias\/merkel-y-su-aliado-bavaro-liman-asperezas-de-cara-a-comicios-de-2017\/","title":{"rendered":"Merkel y su aliado b\u00e1varo liman asperezas de cara a comicios de 2017"},"content":{"rendered":"<p><img fetchpriority=\"high\" decoding=\"async\" class=\"alignleft size-medium wp-image-14622\" src=\"https:\/\/candas365.es\/noticias\/wp-content\/uploads\/2015\/08\/merkel-360x198.jpg\" alt=\"merkel\" width=\"360\" height=\"198\" srcset=\"https:\/\/candas365.es\/noticias\/wp-content\/uploads\/2015\/08\/merkel-360x198.jpg 360w, https:\/\/candas365.es\/noticias\/wp-content\/uploads\/2015\/08\/merkel-650x357.jpg 650w, https:\/\/candas365.es\/noticias\/wp-content\/uploads\/2015\/08\/merkel-150x82.jpg 150w, https:\/\/candas365.es\/noticias\/wp-content\/uploads\/2015\/08\/merkel-450x247.jpg 450w, https:\/\/candas365.es\/noticias\/wp-content\/uploads\/2015\/08\/merkel.jpg 655w\" sizes=\"(max-width: 360px) 100vw, 360px\" \/>Potsdam (Alemania), 26 jun (dpa) &#8211; La canciller alemana, Angela Merkel, y Horst Seehofer, su aliado b\u00e1varo pero tambi\u00e9n su principal cr\u00edtico en la crisis de refugiados, limaron asperezas p\u00fablicamente este fin de semana para allanar el camino hacia las elecciones parlamentarias de 2017.<\/p>\n<p>La Uni\u00f3n Cristianodem\u00f3crata (CDU) de Merkel, y su versi\u00f3n b\u00e1vara, la Uni\u00f3n Cristianosocial (CSU) de Horst Seehofer, mantuvieron una reuni\u00f3n estrat\u00e9gica el fin de semana en la ciudad de Potsdam, cerca de Berl\u00edn, para acercar posturas. Sin embargo, ya hab\u00edan acordado de antemano que no abordar\u00edan sus desacuerdos sobre pol\u00edtica migratoria.<\/p>\n<p>La CDU y la CSU \u00abdeben guiar juntos a los alemanes en estos tiempos de cambios r\u00e1pidos y significativos\u00bb, asever\u00f3 la canciller al t\u00e9rmino del encuentro, que ambos calificaron de \u00abserio y constructivo\u00bb.<\/p>\n<p>Seg\u00fan Merkel, la gente en Alemania tiene que sentir que los pol\u00edticos se toman muy en serio sus preocupaciones, sus temores y esperanzas. Y ambos partidos quieren ofrecer soluciones conjuntas para garantizar el bienestar y la seguridad de los alemanes en el futuro, agreg\u00f3.<\/p>\n<p>Tambi\u00e9n el primer ministro de Baviera y jefe de la CSU, -que ha sido un cr\u00edtico f\u00e9rreo de la v\u00eda adoptada por la canciller en la crisis de refugiados y ha defendido pol\u00edticas m\u00e1s duras para frenar el flujo de inmigrantes-, hizo hincapi\u00e9 en los valores compartidos.<\/p>\n<p>Sin embargo, no quiso pronunciarse sobre un posible cuarto mandato de Merkel en 2017. \u00abQueda m\u00e1s de un a\u00f1o para las elecciones\u00bb, subray\u00f3.<\/p>\n<p>La l\u00edder democristiana todav\u00eda no ha comunicado si aspira a la reelecci\u00f3n para un cuarto mandato el a\u00f1o que viene.<\/p>\n<p>La CDU y la CSU necesitan recuperar la confianza del electorado. Su popularidad se ha hundido un 41,5 por ciento desde la formaci\u00f3n de Gobierno en 2013. Con la crisis de refugiados la ca\u00edda ha sido en picado.<\/p>\n<p>El partido b\u00e1varo, siempre aliado incondicional de Merkel, se convirti\u00f3 en un fuerte cr\u00edtico al denunciar continuamente la pol\u00edtica de asilo del Gobierno y pedir repetidamente a una reducci\u00f3n en el n\u00famero de migrantes que Alemania deber\u00eda aceptar. Se lleg\u00f3 a plantear incluso que pudiera entrar en la campa\u00f1a electoral con un programa separado.<\/p>\n<p>En Potsdam no se tomaron decisiones ni se cerraron acuerdos. Ambos partidos tendr\u00e1n que seguir negociando para igualar posturas hasta el a\u00f1o que viene. Tras su reuni\u00f3n, anunciaron que en los pr\u00f3ximos meses discutir\u00e1n con representantes de la sociedad civil asuntos clave como el papel de Europa despu\u00e9s del refer\u00e9ndum en Reino Unido, la crisis de refugiados, terrorismo, digitalizaci\u00f3n y cohesi\u00f3n social.<\/p>\n","protected":false},"excerpt":{"rendered":"<p>Potsdam (Alemania), 26 jun (dpa) &#8211; La canciller alemana, Angela Merkel, y Horst Seehofer, su aliado b\u00e1varo pero tambi\u00e9n su principal cr\u00edtico en la crisis de refugiados, limaron asperezas p\u00fablicamente este fin de semana para allanar el camino hacia las elecciones parlamentarias de 2017. La Uni\u00f3n Cristianodem\u00f3crata (CDU) de Merkel, y su versi\u00f3n b\u00e1vara, la<\/p>\n","protected":false},"author":1,"featured_media":14622,"comment_status":"closed","ping_status":"closed","sticky":false,"template":"","format":"standard","meta":{"footnotes":""},"categories":[343],"tags":[],"class_list":{"0":"post-31378","1":"post","2":"type-post","3":"status-publish","4":"format-standard","5":"has-post-thumbnail","7":"category-actualidad"},"aioseo_notices":[],"aioseo_head":"\n\t\t<!-- All in One SEO Pro 4.9.6.2 - aioseo.com -->\n\t<meta name=\"description\" content=\"Potsdam (Alemania), 26 jun (dpa) - La canciller alemana, Angela Merkel, y Horst Seehofer, su aliado b\u00e1varo pero tambi\u00e9n su principal cr\u00edtico en la crisis de refugiados, limaron asperezas p\u00fablicamente este fin de semana para allanar el camino hacia las elecciones parlamentarias de 2017. La Uni\u00f3n Cristianodem\u00f3crata (CDU) de Merkel, y su versi\u00f3n b\u00e1vara, la\" \/>\n\t<meta name=\"robots\" content=\"max-image-preview:large\" \/>\n\t<meta name=\"author\" content=\"Cand\u00e1s 365\"\/>\n\t<meta name=\"google-site-verification\" content=\"UA-32230408-1\" \/>\n\t<meta name=\"msvalidate.01\" content=\"354F3CDFB2DA171B47FBE9ABF1F88D5\" \/>\n\t<meta name=\"keywords\" content=\"actualidad\" \/>\n\t<link rel=\"canonical\" href=\"https:\/\/candas365.es\/noticias\/merkel-y-su-aliado-bavaro-liman-asperezas-de-cara-a-comicios-de-2017\/\" \/>\n\t<meta name=\"generator\" content=\"All in One SEO Pro (AIOSEO) 4.9.6.2\" \/>\n\t\t<meta property=\"og:locale\" content=\"es_ES\" \/>\n\t\t<meta property=\"og:site_name\" content=\"Cand\u00e1s 365\" \/>\n\t\t<meta property=\"og:type\" content=\"article\" \/>\n\t\t<meta property=\"og:title\" content=\"Merkel y su aliado b\u00e1varo liman asperezas de cara a comicios de 2017 | Cand\u00e1s 365\" \/>\n\t\t<meta property=\"og:description\" content=\"Potsdam (Alemania), 26 jun (dpa) - La canciller alemana, Angela Merkel, y Horst Seehofer, su aliado b\u00e1varo pero tambi\u00e9n su principal cr\u00edtico en la crisis de refugiados, limaron asperezas p\u00fablicamente este fin de semana para allanar el camino hacia las elecciones parlamentarias de 2017. La Uni\u00f3n Cristianodem\u00f3crata (CDU) de Merkel, y su versi\u00f3n b\u00e1vara, la\" \/>\n\t\t<meta property=\"og:url\" content=\"https:\/\/candas365.es\/noticias\/merkel-y-su-aliado-bavaro-liman-asperezas-de-cara-a-comicios-de-2017\/\" \/>\n\t\t<meta property=\"og:image\" content=\"https:\/\/candas365.es\/noticias\/wp-content\/uploads\/2015\/08\/merkel.jpg\" \/>\n\t\t<meta property=\"og:image:secure_url\" content=\"https:\/\/candas365.es\/noticias\/wp-content\/uploads\/2015\/08\/merkel.jpg\" \/>\n\t\t<meta property=\"og:image:width\" content=\"655\" \/>\n\t\t<meta property=\"og:image:height\" content=\"360\" \/>\n\t\t<meta property=\"article:published_time\" content=\"2016-06-26T23:32:28+00:00\" \/>\n\t\t<meta property=\"article:modified_time\" content=\"2016-06-26T23:32:28+00:00\" \/>\n\t\t<meta property=\"article:publisher\" content=\"https:\/\/www.facebook.com\/Nachofdezber\" \/>\n\t\t<meta property=\"article:author\" content=\"https:\/\/www.facebook.com\/carrenoactualidad\" \/>\n\t\t<meta name=\"twitter:card\" content=\"summary_large_image\" \/>\n\t\t<meta name=\"twitter:site\" content=\"@NabercoDigital\" \/>\n\t\t<meta name=\"twitter:title\" content=\"Merkel y su aliado b\u00e1varo liman asperezas de cara a comicios de 2017 | Cand\u00e1s 365\" \/>\n\t\t<meta name=\"twitter:description\" content=\"Potsdam (Alemania), 26 jun (dpa) - La canciller alemana, Angela Merkel, y Horst Seehofer, su aliado b\u00e1varo pero tambi\u00e9n su principal cr\u00edtico en la crisis de refugiados, limaron asperezas p\u00fablicamente este fin de semana para allanar el camino hacia las elecciones parlamentarias de 2017. La Uni\u00f3n Cristianodem\u00f3crata (CDU) de Merkel, y su versi\u00f3n b\u00e1vara, la\" \/>\n\t\t<meta name=\"twitter:creator\" content=\"@nbasturias\" \/>\n\t\t<meta name=\"twitter:image\" content=\"https:\/\/candas365.es\/noticias\/wp-content\/uploads\/2015\/08\/merkel.jpg\" \/>\n\t\t<meta name=\"twitter:label1\" content=\"Escrito por\" \/>\n\t\t<meta name=\"twitter:data1\" content=\"Cand\u00e1s 365\" \/>\n\t\t<meta name=\"twitter:label2\" content=\"Tiempo de lectura estimado\" \/>\n\t\t<meta name=\"twitter:data2\" content=\"2 minutos\" \/>\n\t\t<script type=\"application\/ld+json\" class=\"aioseo-schema\">\n\t\t\t{\"@context\":\"https:\\\/\\\/schema.org\",\"@graph\":[{\"@type\":\"BreadcrumbList\",\"@id\":\"https:\\\/\\\/candas365.es\\\/noticias\\\/merkel-y-su-aliado-bavaro-liman-asperezas-de-cara-a-comicios-de-2017\\\/#breadcrumblist\",\"itemListElement\":[{\"@type\":\"ListItem\",\"@id\":\"https:\\\/\\\/candas365.es\\\/noticias#listItem\",\"position\":1,\"name\":\"Home\",\"item\":\"https:\\\/\\\/candas365.es\\\/noticias\",\"nextItem\":{\"@type\":\"ListItem\",\"@id\":\"https:\\\/\\\/candas365.es\\\/noticias\\\/category\\\/actualidad\\\/#listItem\",\"name\":\"Actualidad\"}},{\"@type\":\"ListItem\",\"@id\":\"https:\\\/\\\/candas365.es\\\/noticias\\\/category\\\/actualidad\\\/#listItem\",\"position\":2,\"name\":\"Actualidad\",\"item\":\"https:\\\/\\\/candas365.es\\\/noticias\\\/category\\\/actualidad\\\/\",\"nextItem\":{\"@type\":\"ListItem\",\"@id\":\"https:\\\/\\\/candas365.es\\\/noticias\\\/merkel-y-su-aliado-bavaro-liman-asperezas-de-cara-a-comicios-de-2017\\\/#listItem\",\"name\":\"Merkel y su aliado b\\u00e1varo liman asperezas de cara a comicios de 2017\"},\"previousItem\":{\"@type\":\"ListItem\",\"@id\":\"https:\\\/\\\/candas365.es\\\/noticias#listItem\",\"name\":\"Home\"}},{\"@type\":\"ListItem\",\"@id\":\"https:\\\/\\\/candas365.es\\\/noticias\\\/merkel-y-su-aliado-bavaro-liman-asperezas-de-cara-a-comicios-de-2017\\\/#listItem\",\"position\":3,\"name\":\"Merkel y su aliado b\\u00e1varo liman asperezas de cara a comicios de 2017\",\"previousItem\":{\"@type\":\"ListItem\",\"@id\":\"https:\\\/\\\/candas365.es\\\/noticias\\\/category\\\/actualidad\\\/#listItem\",\"name\":\"Actualidad\"}}]},{\"@type\":\"NewsArticle\",\"@id\":\"https:\\\/\\\/candas365.es\\\/noticias\\\/merkel-y-su-aliado-bavaro-liman-asperezas-de-cara-a-comicios-de-2017\\\/#newsarticle\",\"name\":\"Merkel y su aliado b\\u00e1varo liman asperezas de cara a comicios de 2017 | Cand\\u00e1s 365\",\"headline\":\"Merkel y su aliado b\\u00e1varo liman asperezas de cara a comicios de 2017\",\"author\":{\"@id\":\"https:\\\/\\\/candas365.es\\\/noticias\\\/author\\\/admin\\\/#author\"},\"publisher\":{\"@id\":\"https:\\\/\\\/candas365.es\\\/noticias\\\/#organization\"},\"image\":{\"@type\":\"ImageObject\",\"url\":\"https:\\\/\\\/candas365.es\\\/noticias\\\/wp-content\\\/uploads\\\/2015\\\/08\\\/merkel.jpg\",\"width\":655,\"height\":360},\"datePublished\":\"2016-06-27T01:02:28+02:00\",\"dateModified\":\"2016-06-27T01:02:28+02:00\",\"inLanguage\":\"es-ES\",\"mainEntityOfPage\":{\"@id\":\"https:\\\/\\\/candas365.es\\\/noticias\\\/merkel-y-su-aliado-bavaro-liman-asperezas-de-cara-a-comicios-de-2017\\\/#webpage\"},\"isPartOf\":{\"@id\":\"https:\\\/\\\/candas365.es\\\/noticias\\\/merkel-y-su-aliado-bavaro-liman-asperezas-de-cara-a-comicios-de-2017\\\/#webpage\"},\"articleSection\":\"Actualidad\",\"dateline\":\"Publicado el junio 27, 2016.\"},{\"@type\":\"Organization\",\"@id\":\"https:\\\/\\\/candas365.es\\\/noticias\\\/#organization\",\"name\":\"Cand\\u00e1s 365\",\"description\":\"Cand\\u00e1s 365 es un diario digital independiente, fundado en 2012, con base en Asturias. Informamos con rigor sobre actualidad, sociedad, cultura y ocio, con una mirada local y global.\",\"url\":\"https:\\\/\\\/candas365.es\\\/noticias\\\/\",\"email\":\"info@candas365.es\",\"telephone\":\"+34652131393\",\"foundingDate\":\"2012-06-10\",\"logo\":{\"@type\":\"ImageObject\",\"url\":\"https:\\\/\\\/candas365.es\\\/noticias\\\/wp-content\\\/uploads\\\/2024\\\/09\\\/Candas-365-Redes.jpg\",\"@id\":\"https:\\\/\\\/candas365.es\\\/noticias\\\/merkel-y-su-aliado-bavaro-liman-asperezas-de-cara-a-comicios-de-2017\\\/#organizationLogo\",\"width\":1152,\"height\":864,\"caption\":\"Cand\\u00e1s 365 Redes\"},\"image\":{\"@id\":\"https:\\\/\\\/candas365.es\\\/noticias\\\/merkel-y-su-aliado-bavaro-liman-asperezas-de-cara-a-comicios-de-2017\\\/#organizationLogo\"},\"sameAs\":[\"https:\\\/\\\/www.facebook.com\\\/Nachofdezber\",\"https:\\\/\\\/x.com\\\/NabercoDigital\",\"https:\\\/\\\/www.instagram.com\\\/nachofdezber\\\/\",\"https:\\\/\\\/www.youtube.com\\\/channel\\\/UCZP-2wLEB9Rv6erhFmqVnvg\"],\"address\":{\"@id\":\"https:\\\/\\\/candas365.es\\\/noticias\\\/#postaladdress\",\"@type\":\"PostalAddress\",\"streetAddress\":\"san antonio 4, san antonio 4\",\"postalCode\":\"33430\",\"addressLocality\":\"Cand\\u00e1s\",\"addressRegion\":\"Asturias\",\"addressCountry\":\"ES\"}},{\"@type\":\"Person\",\"@id\":\"https:\\\/\\\/candas365.es\\\/noticias\\\/author\\\/admin\\\/#author\",\"url\":\"https:\\\/\\\/candas365.es\\\/noticias\\\/author\\\/admin\\\/\",\"name\":\"Cand\\u00e1s 365\",\"image\":{\"@type\":\"ImageObject\",\"@id\":\"https:\\\/\\\/candas365.es\\\/noticias\\\/merkel-y-su-aliado-bavaro-liman-asperezas-de-cara-a-comicios-de-2017\\\/#authorImage\",\"url\":\"https:\\\/\\\/secure.gravatar.com\\\/avatar\\\/496a8e03d0c493ede1718b7934145dbdf8d89be1036b0eec9544e1094c9de390?s=96&d=mm&r=g\",\"width\":96,\"height\":96,\"caption\":\"Cand\\u00e1s 365\"},\"sameAs\":[\"https:\\\/\\\/www.facebook.com\\\/carrenoactualidad\",\"https:\\\/\\\/twitter.com\\\/nbasturias\",\"https:\\\/\\\/www.instagram.com\\\/nachofdezber\\\/\",\"https:\\\/\\\/www.youtube.com\\\/channel\\\/UCZP-2wLEB9Rv6erhFmqVnvg\"]},{\"@type\":\"WebPage\",\"@id\":\"https:\\\/\\\/candas365.es\\\/noticias\\\/merkel-y-su-aliado-bavaro-liman-asperezas-de-cara-a-comicios-de-2017\\\/#webpage\",\"url\":\"https:\\\/\\\/candas365.es\\\/noticias\\\/merkel-y-su-aliado-bavaro-liman-asperezas-de-cara-a-comicios-de-2017\\\/\",\"name\":\"Merkel y su aliado b\\u00e1varo liman asperezas de cara a comicios de 2017 | Cand\\u00e1s 365\",\"description\":\"Potsdam (Alemania), 26 jun (dpa) - La canciller alemana, Angela Merkel, y Horst Seehofer, su aliado b\\u00e1varo pero tambi\\u00e9n su principal cr\\u00edtico en la crisis de refugiados, limaron asperezas p\\u00fablicamente este fin de semana para allanar el camino hacia las elecciones parlamentarias de 2017. La Uni\\u00f3n Cristianodem\\u00f3crata (CDU) de Merkel, y su versi\\u00f3n b\\u00e1vara, la\",\"inLanguage\":\"es-ES\",\"isPartOf\":{\"@id\":\"https:\\\/\\\/candas365.es\\\/noticias\\\/#website\"},\"breadcrumb\":{\"@id\":\"https:\\\/\\\/candas365.es\\\/noticias\\\/merkel-y-su-aliado-bavaro-liman-asperezas-de-cara-a-comicios-de-2017\\\/#breadcrumblist\"},\"author\":{\"@id\":\"https:\\\/\\\/candas365.es\\\/noticias\\\/author\\\/admin\\\/#author\"},\"creator\":{\"@id\":\"https:\\\/\\\/candas365.es\\\/noticias\\\/author\\\/admin\\\/#author\"},\"image\":{\"@type\":\"ImageObject\",\"url\":\"https:\\\/\\\/candas365.es\\\/noticias\\\/wp-content\\\/uploads\\\/2015\\\/08\\\/merkel.jpg\",\"@id\":\"https:\\\/\\\/candas365.es\\\/noticias\\\/merkel-y-su-aliado-bavaro-liman-asperezas-de-cara-a-comicios-de-2017\\\/#mainImage\",\"width\":655,\"height\":360},\"primaryImageOfPage\":{\"@id\":\"https:\\\/\\\/candas365.es\\\/noticias\\\/merkel-y-su-aliado-bavaro-liman-asperezas-de-cara-a-comicios-de-2017\\\/#mainImage\"},\"datePublished\":\"2016-06-27T01:02:28+02:00\",\"dateModified\":\"2016-06-27T01:02:28+02:00\"},{\"@type\":\"WebSite\",\"@id\":\"https:\\\/\\\/candas365.es\\\/noticias\\\/#website\",\"url\":\"https:\\\/\\\/candas365.es\\\/noticias\\\/\",\"name\":\"Cand\\u00e1s 365\",\"alternateName\":\"Cand\\u00e1s 365 Noticias\",\"description\":\"Actualidad desde Carre\\u00f1o para el mundo\",\"inLanguage\":\"es-ES\",\"publisher\":{\"@id\":\"https:\\\/\\\/candas365.es\\\/noticias\\\/#organization\"}}]}\n\t\t<\/script>\n\t\t<!-- All in One SEO Pro -->\r\n\t\t<title>Merkel y su aliado b\u00e1varo liman asperezas de cara a comicios de 2017 | Cand\u00e1s 365<\/title>\n\n","aioseo_head_json":{"title":"Merkel y su aliado b\u00e1varo liman asperezas de cara a comicios de 2017 | Cand\u00e1s 365","description":"Potsdam (Alemania), 26 jun (dpa) - La canciller alemana, Angela Merkel, y Horst Seehofer, su aliado b\u00e1varo pero tambi\u00e9n su principal cr\u00edtico en la crisis de refugiados, limaron asperezas p\u00fablicamente este fin de semana para allanar el camino hacia las elecciones parlamentarias de 2017. La Uni\u00f3n Cristianodem\u00f3crata (CDU) de Merkel, y su versi\u00f3n b\u00e1vara, la","canonical_url":"https:\/\/candas365.es\/noticias\/merkel-y-su-aliado-bavaro-liman-asperezas-de-cara-a-comicios-de-2017\/","robots":"max-image-preview:large","keywords":"actualidad","webmasterTools":{"google-site-verification":"UA-32230408-1","msvalidate.01":"354F3CDFB2DA171B47FBE9ABF1F88D5","miscellaneous":""},"schema":{"@context":"https:\/\/schema.org","@graph":[{"@type":"BreadcrumbList","@id":"https:\/\/candas365.es\/noticias\/merkel-y-su-aliado-bavaro-liman-asperezas-de-cara-a-comicios-de-2017\/#breadcrumblist","itemListElement":[{"@type":"ListItem","@id":"https:\/\/candas365.es\/noticias#listItem","position":1,"name":"Home","item":"https:\/\/candas365.es\/noticias","nextItem":{"@type":"ListItem","@id":"https:\/\/candas365.es\/noticias\/category\/actualidad\/#listItem","name":"Actualidad"}},{"@type":"ListItem","@id":"https:\/\/candas365.es\/noticias\/category\/actualidad\/#listItem","position":2,"name":"Actualidad","item":"https:\/\/candas365.es\/noticias\/category\/actualidad\/","nextItem":{"@type":"ListItem","@id":"https:\/\/candas365.es\/noticias\/merkel-y-su-aliado-bavaro-liman-asperezas-de-cara-a-comicios-de-2017\/#listItem","name":"Merkel y su aliado b\u00e1varo liman asperezas de cara a comicios de 2017"},"previousItem":{"@type":"ListItem","@id":"https:\/\/candas365.es\/noticias#listItem","name":"Home"}},{"@type":"ListItem","@id":"https:\/\/candas365.es\/noticias\/merkel-y-su-aliado-bavaro-liman-asperezas-de-cara-a-comicios-de-2017\/#listItem","position":3,"name":"Merkel y su aliado b\u00e1varo liman asperezas de cara a comicios de 2017","previousItem":{"@type":"ListItem","@id":"https:\/\/candas365.es\/noticias\/category\/actualidad\/#listItem","name":"Actualidad"}}]},{"@type":"NewsArticle","@id":"https:\/\/candas365.es\/noticias\/merkel-y-su-aliado-bavaro-liman-asperezas-de-cara-a-comicios-de-2017\/#newsarticle","name":"Merkel y su aliado b\u00e1varo liman asperezas de cara a comicios de 2017 | Cand\u00e1s 365","headline":"Merkel y su aliado b\u00e1varo liman asperezas de cara a comicios de 2017","author":{"@id":"https:\/\/candas365.es\/noticias\/author\/admin\/#author"},"publisher":{"@id":"https:\/\/candas365.es\/noticias\/#organization"},"image":{"@type":"ImageObject","url":"https:\/\/candas365.es\/noticias\/wp-content\/uploads\/2015\/08\/merkel.jpg","width":655,"height":360},"datePublished":"2016-06-27T01:02:28+02:00","dateModified":"2016-06-27T01:02:28+02:00","inLanguage":"es-ES","mainEntityOfPage":{"@id":"https:\/\/candas365.es\/noticias\/merkel-y-su-aliado-bavaro-liman-asperezas-de-cara-a-comicios-de-2017\/#webpage"},"isPartOf":{"@id":"https:\/\/candas365.es\/noticias\/merkel-y-su-aliado-bavaro-liman-asperezas-de-cara-a-comicios-de-2017\/#webpage"},"articleSection":"Actualidad","dateline":"Publicado el junio 27, 2016."},{"@type":"Organization","@id":"https:\/\/candas365.es\/noticias\/#organization","name":"Cand\u00e1s 365","description":"Cand\u00e1s 365 es un diario digital independiente, fundado en 2012, con base en Asturias. Informamos con rigor sobre actualidad, sociedad, cultura y ocio, con una mirada local y global.","url":"https:\/\/candas365.es\/noticias\/","email":"info@candas365.es","telephone":"+34652131393","foundingDate":"2012-06-10","logo":{"@type":"ImageObject","url":"https:\/\/candas365.es\/noticias\/wp-content\/uploads\/2024\/09\/Candas-365-Redes.jpg","@id":"https:\/\/candas365.es\/noticias\/merkel-y-su-aliado-bavaro-liman-asperezas-de-cara-a-comicios-de-2017\/#organizationLogo","width":1152,"height":864,"caption":"Cand\u00e1s 365 Redes"},"image":{"@id":"https:\/\/candas365.es\/noticias\/merkel-y-su-aliado-bavaro-liman-asperezas-de-cara-a-comicios-de-2017\/#organizationLogo"},"sameAs":["https:\/\/www.facebook.com\/Nachofdezber","https:\/\/x.com\/NabercoDigital","https:\/\/www.instagram.com\/nachofdezber\/","https:\/\/www.youtube.com\/channel\/UCZP-2wLEB9Rv6erhFmqVnvg"],"address":{"@id":"https:\/\/candas365.es\/noticias\/#postaladdress","@type":"PostalAddress","streetAddress":"san antonio 4, san antonio 4","postalCode":"33430","addressLocality":"Cand\u00e1s","addressRegion":"Asturias","addressCountry":"ES"}},{"@type":"Person","@id":"https:\/\/candas365.es\/noticias\/author\/admin\/#author","url":"https:\/\/candas365.es\/noticias\/author\/admin\/","name":"Cand\u00e1s 365","image":{"@type":"ImageObject","@id":"https:\/\/candas365.es\/noticias\/merkel-y-su-aliado-bavaro-liman-asperezas-de-cara-a-comicios-de-2017\/#authorImage","url":"https:\/\/secure.gravatar.com\/avatar\/496a8e03d0c493ede1718b7934145dbdf8d89be1036b0eec9544e1094c9de390?s=96&d=mm&r=g","width":96,"height":96,"caption":"Cand\u00e1s 365"},"sameAs":["https:\/\/www.facebook.com\/carrenoactualidad","https:\/\/twitter.com\/nbasturias","https:\/\/www.instagram.com\/nachofdezber\/","https:\/\/www.youtube.com\/channel\/UCZP-2wLEB9Rv6erhFmqVnvg"]},{"@type":"WebPage","@id":"https:\/\/candas365.es\/noticias\/merkel-y-su-aliado-bavaro-liman-asperezas-de-cara-a-comicios-de-2017\/#webpage","url":"https:\/\/candas365.es\/noticias\/merkel-y-su-aliado-bavaro-liman-asperezas-de-cara-a-comicios-de-2017\/","name":"Merkel y su aliado b\u00e1varo liman asperezas de cara a comicios de 2017 | Cand\u00e1s 365","description":"Potsdam (Alemania), 26 jun (dpa) - La canciller alemana, Angela Merkel, y Horst Seehofer, su aliado b\u00e1varo pero tambi\u00e9n su principal cr\u00edtico en la crisis de refugiados, limaron asperezas p\u00fablicamente este fin de semana para allanar el camino hacia las elecciones parlamentarias de 2017. La Uni\u00f3n Cristianodem\u00f3crata (CDU) de Merkel, y su versi\u00f3n b\u00e1vara, la","inLanguage":"es-ES","isPartOf":{"@id":"https:\/\/candas365.es\/noticias\/#website"},"breadcrumb":{"@id":"https:\/\/candas365.es\/noticias\/merkel-y-su-aliado-bavaro-liman-asperezas-de-cara-a-comicios-de-2017\/#breadcrumblist"},"author":{"@id":"https:\/\/candas365.es\/noticias\/author\/admin\/#author"},"creator":{"@id":"https:\/\/candas365.es\/noticias\/author\/admin\/#author"},"image":{"@type":"ImageObject","url":"https:\/\/candas365.es\/noticias\/wp-content\/uploads\/2015\/08\/merkel.jpg","@id":"https:\/\/candas365.es\/noticias\/merkel-y-su-aliado-bavaro-liman-asperezas-de-cara-a-comicios-de-2017\/#mainImage","width":655,"height":360},"primaryImageOfPage":{"@id":"https:\/\/candas365.es\/noticias\/merkel-y-su-aliado-bavaro-liman-asperezas-de-cara-a-comicios-de-2017\/#mainImage"},"datePublished":"2016-06-27T01:02:28+02:00","dateModified":"2016-06-27T01:02:28+02:00"},{"@type":"WebSite","@id":"https:\/\/candas365.es\/noticias\/#website","url":"https:\/\/candas365.es\/noticias\/","name":"Cand\u00e1s 365","alternateName":"Cand\u00e1s 365 Noticias","description":"Actualidad desde Carre\u00f1o para el mundo","inLanguage":"es-ES","publisher":{"@id":"https:\/\/candas365.es\/noticias\/#organization"}}]},"og:locale":"es_ES","og:site_name":"Cand\u00e1s 365","og:type":"article","og:title":"Merkel y su aliado b\u00e1varo liman asperezas de cara a comicios de 2017 | Cand\u00e1s 365","og:description":"Potsdam (Alemania), 26 jun (dpa) - La canciller alemana, Angela Merkel, y Horst Seehofer, su aliado b\u00e1varo pero tambi\u00e9n su principal cr\u00edtico en la crisis de refugiados, limaron asperezas p\u00fablicamente este fin de semana para allanar el camino hacia las elecciones parlamentarias de 2017. La Uni\u00f3n Cristianodem\u00f3crata (CDU) de Merkel, y su versi\u00f3n b\u00e1vara, la","og:url":"https:\/\/candas365.es\/noticias\/merkel-y-su-aliado-bavaro-liman-asperezas-de-cara-a-comicios-de-2017\/","og:image":"https:\/\/candas365.es\/noticias\/wp-content\/uploads\/2015\/08\/merkel.jpg","og:image:secure_url":"https:\/\/candas365.es\/noticias\/wp-content\/uploads\/2015\/08\/merkel.jpg","og:image:width":655,"og:image:height":360,"article:published_time":"2016-06-26T23:32:28+00:00","article:modified_time":"2016-06-26T23:32:28+00:00","article:publisher":"https:\/\/www.facebook.com\/Nachofdezber","article:author":"https:\/\/www.facebook.com\/carrenoactualidad","twitter:card":"summary_large_image","twitter:site":"@NabercoDigital","twitter:title":"Merkel y su aliado b\u00e1varo liman asperezas de cara a comicios de 2017 | Cand\u00e1s 365","twitter:description":"Potsdam (Alemania), 26 jun (dpa) - La canciller alemana, Angela Merkel, y Horst Seehofer, su aliado b\u00e1varo pero tambi\u00e9n su principal cr\u00edtico en la crisis de refugiados, limaron asperezas p\u00fablicamente este fin de semana para allanar el camino hacia las elecciones parlamentarias de 2017. La Uni\u00f3n Cristianodem\u00f3crata (CDU) de Merkel, y su versi\u00f3n b\u00e1vara, la","twitter:creator":"@nbasturias","twitter:image":"https:\/\/candas365.es\/noticias\/wp-content\/uploads\/2015\/08\/merkel.jpg","twitter:label1":"Escrito por","twitter:data1":"Cand\u00e1s 365","twitter:label2":"Tiempo de lectura estimado","twitter:data2":"2 minutos"},"aioseo_meta_data":{"post_id":"31378","title":null,"description":null,"keywords":null,"keyphrases":null,"primary_term":null,"canonical_url":null,"og_title":null,"og_description":null,"og_object_type":"default","og_image_type":"default","og_image_url":null,"og_image_width":null,"og_image_height":null,"og_image_custom_url":null,"og_image_custom_fields":null,"og_video":null,"og_custom_url":null,"og_article_section":null,"og_article_tags":null,"twitter_use_og":false,"twitter_card":"default","twitter_image_type":"default","twitter_image_url":null,"twitter_image_custom_url":null,"twitter_image_custom_fields":null,"twitter_title":null,"twitter_description":null,"schema":{"blockGraphs":[],"customGraphs":[],"default":{"data":{"Article":[],"Course":[],"Dataset":[],"FAQPage":[],"Movie":[],"Person":[],"Product":[],"ProductReview":[],"Car":[],"Recipe":[],"Service":[],"SoftwareApplication":[],"WebPage":[]},"graphName":"","isEnabled":true},"graphs":[],"defaultGraph":"","defaultPostTypeGraph":""},"schema_type":null,"schema_type_options":null,"pillar_content":false,"robots_default":true,"robots_noindex":false,"robots_noarchive":false,"robots_nosnippet":false,"robots_nofollow":false,"robots_noimageindex":false,"robots_noodp":false,"robots_notranslate":false,"robots_max_snippet":null,"robots_max_videopreview":null,"robots_max_imagepreview":"large","priority":null,"frequency":null,"location":null,"local_seo":null,"seo_analyzer_scan_date":"2025-08-24 13:48:16","breadcrumb_settings":null,"limit_modified_date":false,"reviewed_by":null,"open_ai":null,"ai":null,"created":"2020-12-21 13:00:54","updated":"2025-08-24 13:48:16"},"aioseo_breadcrumb":"<div class=\"aioseo-breadcrumbs\"><span class=\"aioseo-breadcrumb\">\n\t<a href=\"https:\/\/candas365.es\/noticias\" title=\"Home\">Home<\/a>\n<\/span><span class=\"aioseo-breadcrumb-separator\">&ndash;<\/span><span class=\"aioseo-breadcrumb\">\n\t<a href=\"https:\/\/candas365.es\/noticias\/category\/actualidad\/\" title=\"Actualidad\">Actualidad<\/a>\n<\/span><span class=\"aioseo-breadcrumb-separator\">&ndash;<\/span><span class=\"aioseo-breadcrumb\">\n\tMerkel y su aliado b\u00e1varo liman asperezas de cara a comicios de 2017\n<\/span><\/div>","aioseo_breadcrumb_json":[{"label":"Home","link":"https:\/\/candas365.es\/noticias"},{"label":"Actualidad","link":"https:\/\/candas365.es\/noticias\/category\/actualidad\/"},{"label":"Merkel y su aliado b\u00e1varo liman asperezas de cara a comicios de 2017","link":"https:\/\/candas365.es\/noticias\/merkel-y-su-aliado-bavaro-liman-asperezas-de-cara-a-comicios-de-2017\/"}],"_links":{"self":[{"href":"https:\/\/candas365.es\/noticias\/wp-json\/wp\/v2\/posts\/31378","targetHints":{"allow":["GET"]}}],"collection":[{"href":"https:\/\/candas365.es\/noticias\/wp-json\/wp\/v2\/posts"}],"about":[{"href":"https:\/\/candas365.es\/noticias\/wp-json\/wp\/v2\/types\/post"}],"author":[{"embeddable":true,"href":"https:\/\/candas365.es\/noticias\/wp-json\/wp\/v2\/users\/1"}],"replies":[{"embeddable":true,"href":"https:\/\/candas365.es\/noticias\/wp-json\/wp\/v2\/comments?post=31378"}],"version-history":[{"count":0,"href":"https:\/\/candas365.es\/noticias\/wp-json\/wp\/v2\/posts\/31378\/revisions"}],"wp:featuredmedia":[{"embeddable":true,"href":"https:\/\/candas365.es\/noticias\/wp-json\/wp\/v2\/media\/14622"}],"wp:attachment":[{"href":"https:\/\/candas365.es\/noticias\/wp-json\/wp\/v2\/media?parent=31378"}],"wp:term":[{"taxonomy":"category","embeddable":true,"href":"https:\/\/candas365.es\/noticias\/wp-json\/wp\/v2\/categories?post=31378"},{"taxonomy":"post_tag","embeddable":true,"href":"https:\/\/candas365.es\/noticias\/wp-json\/wp\/v2\/tags?post=31378"}],"curies":[{"name":"wp","href":"https:\/\/api.w.org\/{rel}","templated":true}]}}