{"id":31374,"date":"2016-06-27T01:00:48","date_gmt":"2016-06-26T23:30:48","guid":{"rendered":"http:\/\/candas365.es\/noticias\/?p=31374"},"modified":"2016-06-27T01:00:48","modified_gmt":"2016-06-26T23:30:48","slug":"con-una-ocupacion-total-en-espana-tui-se-concentra-en-turquia","status":"publish","type":"post","link":"https:\/\/candas365.es\/noticias\/con-una-ocupacion-total-en-espana-tui-se-concentra-en-turquia\/","title":{"rendered":"Con una ocupaci\u00f3n total en Espa\u00f1a, Tui se concentra en Turqu\u00eda"},"content":{"rendered":"<p>Berl\u00edn, 26 jun (dpa) &#8211; El operador tur\u00edstico alem\u00e1n Tui, el mayor del mundo, da por hecho que este a\u00f1o ser\u00e1 r\u00e9cord en Espa\u00f1a y ahora se concentra en intentar salvar el negocio en Turqu\u00eda, muy da\u00f1ado por los atentados terroristas, seg\u00fan se\u00f1al\u00f3 su presidente ejecutivo, Fritz Joussen, en entrevista con dpa.<\/p>\n<p>\u00abEn Espa\u00f1a tenemos todo completo. Ha merecido mucho la pena nuestro modelo de negocio integrado con hoteles propios, conexiones a\u00e9reas y canales de distribuci\u00f3n\u00bb, explic\u00f3. <\/p>\n<p>Tui dispone de numerosos hoteles en Espa\u00f1a, tanto en la pen\u00ednsula, como en las islas Canarias y Baleares. \u00abPara los Riu, por ejemplo, la demanda en la primera mitad del a\u00f1o fue tan alta que no hicimos ni descuentos\u00bb, dijo el directivo a dpa.<\/p>\n<p>\u00abLos precios alcanzados fueron un ocho por ciento m\u00e1s altos que hace un a\u00f1o. Eso apenas cambiar\u00e1 este verano\u00bb, a\u00f1adi\u00f3.<\/p>\n<p>El caso de Turqu\u00eda es muy diferente y est\u00e1 lastrando el resultado del grupo. Las reservas en ese pa\u00eds han ca\u00eddo alrededor de un 40 por ciento respecto a 2016 y la tendencia es muy marcada despu\u00e9s de los numerosos atentados desde principios de a\u00f1o.<\/p>\n<p>Sin embargo, el grupo se muestra optimista. \u00abPese a todas las dificultades, este a\u00f1o queremos aumentar al menos un 10 por ciento nuestro resultado operativo\u00bb, manifest\u00f3.<\/p>\n<p>El presidente del gigante de viajes alem\u00e1n confes\u00f3 no saber hasta qu\u00e9 punto puede salvarse el negocio en Turqu\u00eda este a\u00f1o pero reconoci\u00f3 que su esperanza est\u00e1 puesta en los viajes de \u00faltimo minuto.<\/p>\n<p>Los clientes saben que pueden conseguir una habitaci\u00f3n en un hotel aunque reserven sus vacaciones con poca antelaci\u00f3n. \u00abTurqu\u00eda ser\u00e1 seguramente el destino principal de los viajes de \u00faltimo minuto\u00bb, consider\u00f3.<\/p>\n<p>Despu\u00e9s de los atentados en Turqu\u00eda y en el Magreb, Tui reserv\u00f3 para esta temporada 26 millones de plazas adicionales en los centros tur\u00edsticos espa\u00f1oles. <\/p>\n<p>Sin embargo, anunci\u00f3 que no piensa abandonar las plazas tur\u00edsticas en pa\u00edses con una actualidad compleja, como Turqu\u00eda, T\u00fanez o Egipto. <\/p>\n","protected":false},"excerpt":{"rendered":"<p>Berl\u00edn, 26 jun (dpa) &#8211; El operador tur\u00edstico alem\u00e1n Tui, el mayor del mundo, da por hecho que este a\u00f1o ser\u00e1 r\u00e9cord en Espa\u00f1a y ahora se concentra en intentar salvar el negocio en Turqu\u00eda, muy da\u00f1ado por los atentados terroristas, seg\u00fan se\u00f1al\u00f3 su presidente ejecutivo, Fritz Joussen, en entrevista con dpa. \u00abEn Espa\u00f1a tenemos<\/p>\n","protected":false},"author":1,"featured_media":11946,"comment_status":"closed","ping_status":"closed","sticky":false,"template":"","format":"standard","meta":{"footnotes":""},"categories":[343],"tags":[],"class_list":{"0":"post-31374","1":"post","2":"type-post","3":"status-publish","4":"format-standard","5":"has-post-thumbnail","7":"category-actualidad"},"aioseo_notices":[],"aioseo_head":"\n\t\t<!-- All in One SEO Pro 4.9.6.2 - aioseo.com -->\n\t<meta name=\"description\" content=\"Berl\u00edn, 26 jun (dpa) - El operador tur\u00edstico alem\u00e1n Tui, el mayor del mundo, da por hecho que este a\u00f1o ser\u00e1 r\u00e9cord en Espa\u00f1a y ahora se concentra en intentar salvar el negocio en Turqu\u00eda, muy da\u00f1ado por los atentados terroristas, seg\u00fan se\u00f1al\u00f3 su presidente ejecutivo, Fritz Joussen, en entrevista con dpa. &quot;En Espa\u00f1a tenemos\" \/>\n\t<meta name=\"robots\" content=\"max-image-preview:large\" \/>\n\t<meta name=\"author\" content=\"Cand\u00e1s 365\"\/>\n\t<meta name=\"google-site-verification\" content=\"UA-32230408-1\" \/>\n\t<meta name=\"msvalidate.01\" content=\"354F3CDFB2DA171B47FBE9ABF1F88D5\" \/>\n\t<meta name=\"keywords\" content=\"actualidad\" \/>\n\t<link rel=\"canonical\" href=\"https:\/\/candas365.es\/noticias\/con-una-ocupacion-total-en-espana-tui-se-concentra-en-turquia\/\" \/>\n\t<meta name=\"generator\" content=\"All in One SEO Pro (AIOSEO) 4.9.6.2\" \/>\n\t\t<meta property=\"og:locale\" content=\"es_ES\" \/>\n\t\t<meta property=\"og:site_name\" content=\"Cand\u00e1s 365\" \/>\n\t\t<meta property=\"og:type\" content=\"article\" \/>\n\t\t<meta property=\"og:title\" content=\"Con una ocupaci\u00f3n total en Espa\u00f1a, Tui se concentra en Turqu\u00eda | Cand\u00e1s 365\" \/>\n\t\t<meta property=\"og:description\" content=\"Berl\u00edn, 26 jun (dpa) - El operador tur\u00edstico alem\u00e1n Tui, el mayor del mundo, da por hecho que este a\u00f1o ser\u00e1 r\u00e9cord en Espa\u00f1a y ahora se concentra en intentar salvar el negocio en Turqu\u00eda, muy da\u00f1ado por los atentados terroristas, seg\u00fan se\u00f1al\u00f3 su presidente ejecutivo, Fritz Joussen, en entrevista con dpa. &quot;En Espa\u00f1a tenemos\" \/>\n\t\t<meta property=\"og:url\" content=\"https:\/\/candas365.es\/noticias\/con-una-ocupacion-total-en-espana-tui-se-concentra-en-turquia\/\" \/>\n\t\t<meta property=\"og:image\" content=\"https:\/\/candas365.es\/noticias\/wp-content\/uploads\/2015\/06\/1433845462_pareja_en_la_playa_3b.jpg\" \/>\n\t\t<meta property=\"og:image:secure_url\" content=\"https:\/\/candas365.es\/noticias\/wp-content\/uploads\/2015\/06\/1433845462_pareja_en_la_playa_3b.jpg\" \/>\n\t\t<meta property=\"og:image:width\" content=\"1156\" \/>\n\t\t<meta property=\"og:image:height\" content=\"577\" \/>\n\t\t<meta property=\"article:published_time\" content=\"2016-06-26T23:30:48+00:00\" \/>\n\t\t<meta property=\"article:modified_time\" content=\"2016-06-26T23:30:48+00:00\" \/>\n\t\t<meta property=\"article:publisher\" content=\"https:\/\/www.facebook.com\/Nachofdezber\" \/>\n\t\t<meta property=\"article:author\" content=\"https:\/\/www.facebook.com\/carrenoactualidad\" \/>\n\t\t<meta name=\"twitter:card\" content=\"summary_large_image\" \/>\n\t\t<meta name=\"twitter:site\" content=\"@NabercoDigital\" \/>\n\t\t<meta name=\"twitter:title\" content=\"Con una ocupaci\u00f3n total en Espa\u00f1a, Tui se concentra en Turqu\u00eda | Cand\u00e1s 365\" \/>\n\t\t<meta name=\"twitter:description\" content=\"Berl\u00edn, 26 jun (dpa) - El operador tur\u00edstico alem\u00e1n Tui, el mayor del mundo, da por hecho que este a\u00f1o ser\u00e1 r\u00e9cord en Espa\u00f1a y ahora se concentra en intentar salvar el negocio en Turqu\u00eda, muy da\u00f1ado por los atentados terroristas, seg\u00fan se\u00f1al\u00f3 su presidente ejecutivo, Fritz Joussen, en entrevista con dpa. &quot;En Espa\u00f1a tenemos\" \/>\n\t\t<meta name=\"twitter:creator\" content=\"@nbasturias\" \/>\n\t\t<meta name=\"twitter:image\" content=\"https:\/\/candas365.es\/noticias\/wp-content\/uploads\/2015\/06\/1433845462_pareja_en_la_playa_3b.jpg\" \/>\n\t\t<meta name=\"twitter:label1\" content=\"Escrito por\" \/>\n\t\t<meta name=\"twitter:data1\" content=\"Cand\u00e1s 365\" \/>\n\t\t<meta name=\"twitter:label2\" content=\"Tiempo de lectura estimado\" \/>\n\t\t<meta name=\"twitter:data2\" content=\"2 minutos\" \/>\n\t\t<script type=\"application\/ld+json\" class=\"aioseo-schema\">\n\t\t\t{\"@context\":\"https:\\\/\\\/schema.org\",\"@graph\":[{\"@type\":\"BreadcrumbList\",\"@id\":\"https:\\\/\\\/candas365.es\\\/noticias\\\/con-una-ocupacion-total-en-espana-tui-se-concentra-en-turquia\\\/#breadcrumblist\",\"itemListElement\":[{\"@type\":\"ListItem\",\"@id\":\"https:\\\/\\\/candas365.es\\\/noticias#listItem\",\"position\":1,\"name\":\"Home\",\"item\":\"https:\\\/\\\/candas365.es\\\/noticias\",\"nextItem\":{\"@type\":\"ListItem\",\"@id\":\"https:\\\/\\\/candas365.es\\\/noticias\\\/category\\\/actualidad\\\/#listItem\",\"name\":\"Actualidad\"}},{\"@type\":\"ListItem\",\"@id\":\"https:\\\/\\\/candas365.es\\\/noticias\\\/category\\\/actualidad\\\/#listItem\",\"position\":2,\"name\":\"Actualidad\",\"item\":\"https:\\\/\\\/candas365.es\\\/noticias\\\/category\\\/actualidad\\\/\",\"nextItem\":{\"@type\":\"ListItem\",\"@id\":\"https:\\\/\\\/candas365.es\\\/noticias\\\/con-una-ocupacion-total-en-espana-tui-se-concentra-en-turquia\\\/#listItem\",\"name\":\"Con una ocupaci\\u00f3n total en Espa\\u00f1a, Tui se concentra en Turqu\\u00eda\"},\"previousItem\":{\"@type\":\"ListItem\",\"@id\":\"https:\\\/\\\/candas365.es\\\/noticias#listItem\",\"name\":\"Home\"}},{\"@type\":\"ListItem\",\"@id\":\"https:\\\/\\\/candas365.es\\\/noticias\\\/con-una-ocupacion-total-en-espana-tui-se-concentra-en-turquia\\\/#listItem\",\"position\":3,\"name\":\"Con una ocupaci\\u00f3n total en Espa\\u00f1a, Tui se concentra en Turqu\\u00eda\",\"previousItem\":{\"@type\":\"ListItem\",\"@id\":\"https:\\\/\\\/candas365.es\\\/noticias\\\/category\\\/actualidad\\\/#listItem\",\"name\":\"Actualidad\"}}]},{\"@type\":\"NewsArticle\",\"@id\":\"https:\\\/\\\/candas365.es\\\/noticias\\\/con-una-ocupacion-total-en-espana-tui-se-concentra-en-turquia\\\/#newsarticle\",\"name\":\"Con una ocupaci\\u00f3n total en Espa\\u00f1a, Tui se concentra en Turqu\\u00eda | Cand\\u00e1s 365\",\"headline\":\"Con una ocupaci\\u00f3n total en Espa\\u00f1a, Tui se concentra en Turqu\\u00eda\",\"author\":{\"@id\":\"https:\\\/\\\/candas365.es\\\/noticias\\\/author\\\/admin\\\/#author\"},\"publisher\":{\"@id\":\"https:\\\/\\\/candas365.es\\\/noticias\\\/#organization\"},\"image\":{\"@type\":\"ImageObject\",\"url\":\"https:\\\/\\\/candas365.es\\\/noticias\\\/wp-content\\\/uploads\\\/2015\\\/06\\\/1433845462_pareja_en_la_playa_3b.jpg\",\"width\":1156,\"height\":577},\"datePublished\":\"2016-06-27T01:00:48+02:00\",\"dateModified\":\"2016-06-27T01:00:48+02:00\",\"inLanguage\":\"es-ES\",\"mainEntityOfPage\":{\"@id\":\"https:\\\/\\\/candas365.es\\\/noticias\\\/con-una-ocupacion-total-en-espana-tui-se-concentra-en-turquia\\\/#webpage\"},\"isPartOf\":{\"@id\":\"https:\\\/\\\/candas365.es\\\/noticias\\\/con-una-ocupacion-total-en-espana-tui-se-concentra-en-turquia\\\/#webpage\"},\"articleSection\":\"Actualidad\",\"dateline\":\"Publicado el junio 27, 2016.\"},{\"@type\":\"Organization\",\"@id\":\"https:\\\/\\\/candas365.es\\\/noticias\\\/#organization\",\"name\":\"Cand\\u00e1s 365\",\"description\":\"Cand\\u00e1s 365 es un diario digital independiente, fundado en 2012, con base en Asturias. Informamos con rigor sobre actualidad, sociedad, cultura y ocio, con una mirada local y global.\",\"url\":\"https:\\\/\\\/candas365.es\\\/noticias\\\/\",\"email\":\"info@candas365.es\",\"telephone\":\"+34652131393\",\"foundingDate\":\"2012-06-10\",\"logo\":{\"@type\":\"ImageObject\",\"url\":\"https:\\\/\\\/candas365.es\\\/noticias\\\/wp-content\\\/uploads\\\/2024\\\/09\\\/Candas-365-Redes.jpg\",\"@id\":\"https:\\\/\\\/candas365.es\\\/noticias\\\/con-una-ocupacion-total-en-espana-tui-se-concentra-en-turquia\\\/#organizationLogo\",\"width\":1152,\"height\":864,\"caption\":\"Cand\\u00e1s 365 Redes\"},\"image\":{\"@id\":\"https:\\\/\\\/candas365.es\\\/noticias\\\/con-una-ocupacion-total-en-espana-tui-se-concentra-en-turquia\\\/#organizationLogo\"},\"sameAs\":[\"https:\\\/\\\/www.facebook.com\\\/Nachofdezber\",\"https:\\\/\\\/x.com\\\/NabercoDigital\",\"https:\\\/\\\/www.instagram.com\\\/nachofdezber\\\/\",\"https:\\\/\\\/www.youtube.com\\\/channel\\\/UCZP-2wLEB9Rv6erhFmqVnvg\"],\"address\":{\"@id\":\"https:\\\/\\\/candas365.es\\\/noticias\\\/#postaladdress\",\"@type\":\"PostalAddress\",\"streetAddress\":\"san antonio 4, san antonio 4\",\"postalCode\":\"33430\",\"addressLocality\":\"Cand\\u00e1s\",\"addressRegion\":\"Asturias\",\"addressCountry\":\"ES\"}},{\"@type\":\"Person\",\"@id\":\"https:\\\/\\\/candas365.es\\\/noticias\\\/author\\\/admin\\\/#author\",\"url\":\"https:\\\/\\\/candas365.es\\\/noticias\\\/author\\\/admin\\\/\",\"name\":\"Cand\\u00e1s 365\",\"image\":{\"@type\":\"ImageObject\",\"@id\":\"https:\\\/\\\/candas365.es\\\/noticias\\\/con-una-ocupacion-total-en-espana-tui-se-concentra-en-turquia\\\/#authorImage\",\"url\":\"https:\\\/\\\/secure.gravatar.com\\\/avatar\\\/496a8e03d0c493ede1718b7934145dbdf8d89be1036b0eec9544e1094c9de390?s=96&d=mm&r=g\",\"width\":96,\"height\":96,\"caption\":\"Cand\\u00e1s 365\"},\"sameAs\":[\"https:\\\/\\\/www.facebook.com\\\/carrenoactualidad\",\"https:\\\/\\\/twitter.com\\\/nbasturias\",\"https:\\\/\\\/www.instagram.com\\\/nachofdezber\\\/\",\"https:\\\/\\\/www.youtube.com\\\/channel\\\/UCZP-2wLEB9Rv6erhFmqVnvg\"]},{\"@type\":\"WebPage\",\"@id\":\"https:\\\/\\\/candas365.es\\\/noticias\\\/con-una-ocupacion-total-en-espana-tui-se-concentra-en-turquia\\\/#webpage\",\"url\":\"https:\\\/\\\/candas365.es\\\/noticias\\\/con-una-ocupacion-total-en-espana-tui-se-concentra-en-turquia\\\/\",\"name\":\"Con una ocupaci\\u00f3n total en Espa\\u00f1a, Tui se concentra en Turqu\\u00eda | Cand\\u00e1s 365\",\"description\":\"Berl\\u00edn, 26 jun (dpa) - El operador tur\\u00edstico alem\\u00e1n Tui, el mayor del mundo, da por hecho que este a\\u00f1o ser\\u00e1 r\\u00e9cord en Espa\\u00f1a y ahora se concentra en intentar salvar el negocio en Turqu\\u00eda, muy da\\u00f1ado por los atentados terroristas, seg\\u00fan se\\u00f1al\\u00f3 su presidente ejecutivo, Fritz Joussen, en entrevista con dpa. \\\"En Espa\\u00f1a tenemos\",\"inLanguage\":\"es-ES\",\"isPartOf\":{\"@id\":\"https:\\\/\\\/candas365.es\\\/noticias\\\/#website\"},\"breadcrumb\":{\"@id\":\"https:\\\/\\\/candas365.es\\\/noticias\\\/con-una-ocupacion-total-en-espana-tui-se-concentra-en-turquia\\\/#breadcrumblist\"},\"author\":{\"@id\":\"https:\\\/\\\/candas365.es\\\/noticias\\\/author\\\/admin\\\/#author\"},\"creator\":{\"@id\":\"https:\\\/\\\/candas365.es\\\/noticias\\\/author\\\/admin\\\/#author\"},\"image\":{\"@type\":\"ImageObject\",\"url\":\"https:\\\/\\\/candas365.es\\\/noticias\\\/wp-content\\\/uploads\\\/2015\\\/06\\\/1433845462_pareja_en_la_playa_3b.jpg\",\"@id\":\"https:\\\/\\\/candas365.es\\\/noticias\\\/con-una-ocupacion-total-en-espana-tui-se-concentra-en-turquia\\\/#mainImage\",\"width\":1156,\"height\":577},\"primaryImageOfPage\":{\"@id\":\"https:\\\/\\\/candas365.es\\\/noticias\\\/con-una-ocupacion-total-en-espana-tui-se-concentra-en-turquia\\\/#mainImage\"},\"datePublished\":\"2016-06-27T01:00:48+02:00\",\"dateModified\":\"2016-06-27T01:00:48+02:00\"},{\"@type\":\"WebSite\",\"@id\":\"https:\\\/\\\/candas365.es\\\/noticias\\\/#website\",\"url\":\"https:\\\/\\\/candas365.es\\\/noticias\\\/\",\"name\":\"Cand\\u00e1s 365\",\"alternateName\":\"Cand\\u00e1s 365 Noticias\",\"description\":\"Actualidad desde Carre\\u00f1o para el mundo\",\"inLanguage\":\"es-ES\",\"publisher\":{\"@id\":\"https:\\\/\\\/candas365.es\\\/noticias\\\/#organization\"}}]}\n\t\t<\/script>\n\t\t<!-- All in One SEO Pro -->\r\n\t\t<title>Con una ocupaci\u00f3n total en Espa\u00f1a, Tui se concentra en Turqu\u00eda | Cand\u00e1s 365<\/title>\n\n","aioseo_head_json":{"title":"Con una ocupaci\u00f3n total en Espa\u00f1a, Tui se concentra en Turqu\u00eda | Cand\u00e1s 365","description":"Berl\u00edn, 26 jun (dpa) - El operador tur\u00edstico alem\u00e1n Tui, el mayor del mundo, da por hecho que este a\u00f1o ser\u00e1 r\u00e9cord en Espa\u00f1a y ahora se concentra en intentar salvar el negocio en Turqu\u00eda, muy da\u00f1ado por los atentados terroristas, seg\u00fan se\u00f1al\u00f3 su presidente ejecutivo, Fritz Joussen, en entrevista con dpa. \"En Espa\u00f1a tenemos","canonical_url":"https:\/\/candas365.es\/noticias\/con-una-ocupacion-total-en-espana-tui-se-concentra-en-turquia\/","robots":"max-image-preview:large","keywords":"actualidad","webmasterTools":{"google-site-verification":"UA-32230408-1","msvalidate.01":"354F3CDFB2DA171B47FBE9ABF1F88D5","miscellaneous":""},"schema":{"@context":"https:\/\/schema.org","@graph":[{"@type":"BreadcrumbList","@id":"https:\/\/candas365.es\/noticias\/con-una-ocupacion-total-en-espana-tui-se-concentra-en-turquia\/#breadcrumblist","itemListElement":[{"@type":"ListItem","@id":"https:\/\/candas365.es\/noticias#listItem","position":1,"name":"Home","item":"https:\/\/candas365.es\/noticias","nextItem":{"@type":"ListItem","@id":"https:\/\/candas365.es\/noticias\/category\/actualidad\/#listItem","name":"Actualidad"}},{"@type":"ListItem","@id":"https:\/\/candas365.es\/noticias\/category\/actualidad\/#listItem","position":2,"name":"Actualidad","item":"https:\/\/candas365.es\/noticias\/category\/actualidad\/","nextItem":{"@type":"ListItem","@id":"https:\/\/candas365.es\/noticias\/con-una-ocupacion-total-en-espana-tui-se-concentra-en-turquia\/#listItem","name":"Con una ocupaci\u00f3n total en Espa\u00f1a, Tui se concentra en Turqu\u00eda"},"previousItem":{"@type":"ListItem","@id":"https:\/\/candas365.es\/noticias#listItem","name":"Home"}},{"@type":"ListItem","@id":"https:\/\/candas365.es\/noticias\/con-una-ocupacion-total-en-espana-tui-se-concentra-en-turquia\/#listItem","position":3,"name":"Con una ocupaci\u00f3n total en Espa\u00f1a, Tui se concentra en Turqu\u00eda","previousItem":{"@type":"ListItem","@id":"https:\/\/candas365.es\/noticias\/category\/actualidad\/#listItem","name":"Actualidad"}}]},{"@type":"NewsArticle","@id":"https:\/\/candas365.es\/noticias\/con-una-ocupacion-total-en-espana-tui-se-concentra-en-turquia\/#newsarticle","name":"Con una ocupaci\u00f3n total en Espa\u00f1a, Tui se concentra en Turqu\u00eda | Cand\u00e1s 365","headline":"Con una ocupaci\u00f3n total en Espa\u00f1a, Tui se concentra en Turqu\u00eda","author":{"@id":"https:\/\/candas365.es\/noticias\/author\/admin\/#author"},"publisher":{"@id":"https:\/\/candas365.es\/noticias\/#organization"},"image":{"@type":"ImageObject","url":"https:\/\/candas365.es\/noticias\/wp-content\/uploads\/2015\/06\/1433845462_pareja_en_la_playa_3b.jpg","width":1156,"height":577},"datePublished":"2016-06-27T01:00:48+02:00","dateModified":"2016-06-27T01:00:48+02:00","inLanguage":"es-ES","mainEntityOfPage":{"@id":"https:\/\/candas365.es\/noticias\/con-una-ocupacion-total-en-espana-tui-se-concentra-en-turquia\/#webpage"},"isPartOf":{"@id":"https:\/\/candas365.es\/noticias\/con-una-ocupacion-total-en-espana-tui-se-concentra-en-turquia\/#webpage"},"articleSection":"Actualidad","dateline":"Publicado el junio 27, 2016."},{"@type":"Organization","@id":"https:\/\/candas365.es\/noticias\/#organization","name":"Cand\u00e1s 365","description":"Cand\u00e1s 365 es un diario digital independiente, fundado en 2012, con base en Asturias. Informamos con rigor sobre actualidad, sociedad, cultura y ocio, con una mirada local y global.","url":"https:\/\/candas365.es\/noticias\/","email":"info@candas365.es","telephone":"+34652131393","foundingDate":"2012-06-10","logo":{"@type":"ImageObject","url":"https:\/\/candas365.es\/noticias\/wp-content\/uploads\/2024\/09\/Candas-365-Redes.jpg","@id":"https:\/\/candas365.es\/noticias\/con-una-ocupacion-total-en-espana-tui-se-concentra-en-turquia\/#organizationLogo","width":1152,"height":864,"caption":"Cand\u00e1s 365 Redes"},"image":{"@id":"https:\/\/candas365.es\/noticias\/con-una-ocupacion-total-en-espana-tui-se-concentra-en-turquia\/#organizationLogo"},"sameAs":["https:\/\/www.facebook.com\/Nachofdezber","https:\/\/x.com\/NabercoDigital","https:\/\/www.instagram.com\/nachofdezber\/","https:\/\/www.youtube.com\/channel\/UCZP-2wLEB9Rv6erhFmqVnvg"],"address":{"@id":"https:\/\/candas365.es\/noticias\/#postaladdress","@type":"PostalAddress","streetAddress":"san antonio 4, san antonio 4","postalCode":"33430","addressLocality":"Cand\u00e1s","addressRegion":"Asturias","addressCountry":"ES"}},{"@type":"Person","@id":"https:\/\/candas365.es\/noticias\/author\/admin\/#author","url":"https:\/\/candas365.es\/noticias\/author\/admin\/","name":"Cand\u00e1s 365","image":{"@type":"ImageObject","@id":"https:\/\/candas365.es\/noticias\/con-una-ocupacion-total-en-espana-tui-se-concentra-en-turquia\/#authorImage","url":"https:\/\/secure.gravatar.com\/avatar\/496a8e03d0c493ede1718b7934145dbdf8d89be1036b0eec9544e1094c9de390?s=96&d=mm&r=g","width":96,"height":96,"caption":"Cand\u00e1s 365"},"sameAs":["https:\/\/www.facebook.com\/carrenoactualidad","https:\/\/twitter.com\/nbasturias","https:\/\/www.instagram.com\/nachofdezber\/","https:\/\/www.youtube.com\/channel\/UCZP-2wLEB9Rv6erhFmqVnvg"]},{"@type":"WebPage","@id":"https:\/\/candas365.es\/noticias\/con-una-ocupacion-total-en-espana-tui-se-concentra-en-turquia\/#webpage","url":"https:\/\/candas365.es\/noticias\/con-una-ocupacion-total-en-espana-tui-se-concentra-en-turquia\/","name":"Con una ocupaci\u00f3n total en Espa\u00f1a, Tui se concentra en Turqu\u00eda | Cand\u00e1s 365","description":"Berl\u00edn, 26 jun (dpa) - El operador tur\u00edstico alem\u00e1n Tui, el mayor del mundo, da por hecho que este a\u00f1o ser\u00e1 r\u00e9cord en Espa\u00f1a y ahora se concentra en intentar salvar el negocio en Turqu\u00eda, muy da\u00f1ado por los atentados terroristas, seg\u00fan se\u00f1al\u00f3 su presidente ejecutivo, Fritz Joussen, en entrevista con dpa. \"En Espa\u00f1a tenemos","inLanguage":"es-ES","isPartOf":{"@id":"https:\/\/candas365.es\/noticias\/#website"},"breadcrumb":{"@id":"https:\/\/candas365.es\/noticias\/con-una-ocupacion-total-en-espana-tui-se-concentra-en-turquia\/#breadcrumblist"},"author":{"@id":"https:\/\/candas365.es\/noticias\/author\/admin\/#author"},"creator":{"@id":"https:\/\/candas365.es\/noticias\/author\/admin\/#author"},"image":{"@type":"ImageObject","url":"https:\/\/candas365.es\/noticias\/wp-content\/uploads\/2015\/06\/1433845462_pareja_en_la_playa_3b.jpg","@id":"https:\/\/candas365.es\/noticias\/con-una-ocupacion-total-en-espana-tui-se-concentra-en-turquia\/#mainImage","width":1156,"height":577},"primaryImageOfPage":{"@id":"https:\/\/candas365.es\/noticias\/con-una-ocupacion-total-en-espana-tui-se-concentra-en-turquia\/#mainImage"},"datePublished":"2016-06-27T01:00:48+02:00","dateModified":"2016-06-27T01:00:48+02:00"},{"@type":"WebSite","@id":"https:\/\/candas365.es\/noticias\/#website","url":"https:\/\/candas365.es\/noticias\/","name":"Cand\u00e1s 365","alternateName":"Cand\u00e1s 365 Noticias","description":"Actualidad desde Carre\u00f1o para el mundo","inLanguage":"es-ES","publisher":{"@id":"https:\/\/candas365.es\/noticias\/#organization"}}]},"og:locale":"es_ES","og:site_name":"Cand\u00e1s 365","og:type":"article","og:title":"Con una ocupaci\u00f3n total en Espa\u00f1a, Tui se concentra en Turqu\u00eda | Cand\u00e1s 365","og:description":"Berl\u00edn, 26 jun (dpa) - El operador tur\u00edstico alem\u00e1n Tui, el mayor del mundo, da por hecho que este a\u00f1o ser\u00e1 r\u00e9cord en Espa\u00f1a y ahora se concentra en intentar salvar el negocio en Turqu\u00eda, muy da\u00f1ado por los atentados terroristas, seg\u00fan se\u00f1al\u00f3 su presidente ejecutivo, Fritz Joussen, en entrevista con dpa. &quot;En Espa\u00f1a tenemos","og:url":"https:\/\/candas365.es\/noticias\/con-una-ocupacion-total-en-espana-tui-se-concentra-en-turquia\/","og:image":"https:\/\/candas365.es\/noticias\/wp-content\/uploads\/2015\/06\/1433845462_pareja_en_la_playa_3b.jpg","og:image:secure_url":"https:\/\/candas365.es\/noticias\/wp-content\/uploads\/2015\/06\/1433845462_pareja_en_la_playa_3b.jpg","og:image:width":1156,"og:image:height":577,"article:published_time":"2016-06-26T23:30:48+00:00","article:modified_time":"2016-06-26T23:30:48+00:00","article:publisher":"https:\/\/www.facebook.com\/Nachofdezber","article:author":"https:\/\/www.facebook.com\/carrenoactualidad","twitter:card":"summary_large_image","twitter:site":"@NabercoDigital","twitter:title":"Con una ocupaci\u00f3n total en Espa\u00f1a, Tui se concentra en Turqu\u00eda | Cand\u00e1s 365","twitter:description":"Berl\u00edn, 26 jun (dpa) - El operador tur\u00edstico alem\u00e1n Tui, el mayor del mundo, da por hecho que este a\u00f1o ser\u00e1 r\u00e9cord en Espa\u00f1a y ahora se concentra en intentar salvar el negocio en Turqu\u00eda, muy da\u00f1ado por los atentados terroristas, seg\u00fan se\u00f1al\u00f3 su presidente ejecutivo, Fritz Joussen, en entrevista con dpa. &quot;En Espa\u00f1a tenemos","twitter:creator":"@nbasturias","twitter:image":"https:\/\/candas365.es\/noticias\/wp-content\/uploads\/2015\/06\/1433845462_pareja_en_la_playa_3b.jpg","twitter:label1":"Escrito por","twitter:data1":"Cand\u00e1s 365","twitter:label2":"Tiempo de lectura estimado","twitter:data2":"2 minutos"},"aioseo_meta_data":{"post_id":"31374","title":null,"description":null,"keywords":null,"keyphrases":null,"primary_term":null,"canonical_url":null,"og_title":null,"og_description":null,"og_object_type":"default","og_image_type":"default","og_image_url":null,"og_image_width":null,"og_image_height":null,"og_image_custom_url":null,"og_image_custom_fields":null,"og_video":null,"og_custom_url":null,"og_article_section":null,"og_article_tags":null,"twitter_use_og":false,"twitter_card":"default","twitter_image_type":"default","twitter_image_url":null,"twitter_image_custom_url":null,"twitter_image_custom_fields":null,"twitter_title":null,"twitter_description":null,"schema":{"blockGraphs":[],"customGraphs":[],"default":{"data":{"Article":[],"Course":[],"Dataset":[],"FAQPage":[],"Movie":[],"Person":[],"Product":[],"ProductReview":[],"Car":[],"Recipe":[],"Service":[],"SoftwareApplication":[],"WebPage":[]},"graphName":"","isEnabled":true},"graphs":[],"defaultGraph":"","defaultPostTypeGraph":""},"schema_type":null,"schema_type_options":null,"pillar_content":false,"robots_default":true,"robots_noindex":false,"robots_noarchive":false,"robots_nosnippet":false,"robots_nofollow":false,"robots_noimageindex":false,"robots_noodp":false,"robots_notranslate":false,"robots_max_snippet":null,"robots_max_videopreview":null,"robots_max_imagepreview":"large","priority":null,"frequency":null,"location":null,"local_seo":null,"seo_analyzer_scan_date":"2025-08-24 13:48:14","breadcrumb_settings":null,"limit_modified_date":false,"reviewed_by":null,"open_ai":null,"ai":null,"created":"2020-12-21 13:00:54","updated":"2025-08-24 13:48:14"},"aioseo_breadcrumb":"<div class=\"aioseo-breadcrumbs\"><span class=\"aioseo-breadcrumb\">\n\t<a href=\"https:\/\/candas365.es\/noticias\" title=\"Home\">Home<\/a>\n<\/span><span class=\"aioseo-breadcrumb-separator\">&ndash;<\/span><span class=\"aioseo-breadcrumb\">\n\t<a href=\"https:\/\/candas365.es\/noticias\/category\/actualidad\/\" title=\"Actualidad\">Actualidad<\/a>\n<\/span><span class=\"aioseo-breadcrumb-separator\">&ndash;<\/span><span class=\"aioseo-breadcrumb\">\n\tCon una ocupaci\u00f3n total en Espa\u00f1a, Tui se concentra en Turqu\u00eda\n<\/span><\/div>","aioseo_breadcrumb_json":[{"label":"Home","link":"https:\/\/candas365.es\/noticias"},{"label":"Actualidad","link":"https:\/\/candas365.es\/noticias\/category\/actualidad\/"},{"label":"Con una ocupaci\u00f3n total en Espa\u00f1a, Tui se concentra en Turqu\u00eda","link":"https:\/\/candas365.es\/noticias\/con-una-ocupacion-total-en-espana-tui-se-concentra-en-turquia\/"}],"_links":{"self":[{"href":"https:\/\/candas365.es\/noticias\/wp-json\/wp\/v2\/posts\/31374","targetHints":{"allow":["GET"]}}],"collection":[{"href":"https:\/\/candas365.es\/noticias\/wp-json\/wp\/v2\/posts"}],"about":[{"href":"https:\/\/candas365.es\/noticias\/wp-json\/wp\/v2\/types\/post"}],"author":[{"embeddable":true,"href":"https:\/\/candas365.es\/noticias\/wp-json\/wp\/v2\/users\/1"}],"replies":[{"embeddable":true,"href":"https:\/\/candas365.es\/noticias\/wp-json\/wp\/v2\/comments?post=31374"}],"version-history":[{"count":0,"href":"https:\/\/candas365.es\/noticias\/wp-json\/wp\/v2\/posts\/31374\/revisions"}],"wp:featuredmedia":[{"embeddable":true,"href":"https:\/\/candas365.es\/noticias\/wp-json\/wp\/v2\/media\/11946"}],"wp:attachment":[{"href":"https:\/\/candas365.es\/noticias\/wp-json\/wp\/v2\/media?parent=31374"}],"wp:term":[{"taxonomy":"category","embeddable":true,"href":"https:\/\/candas365.es\/noticias\/wp-json\/wp\/v2\/categories?post=31374"},{"taxonomy":"post_tag","embeddable":true,"href":"https:\/\/candas365.es\/noticias\/wp-json\/wp\/v2\/tags?post=31374"}],"curies":[{"name":"wp","href":"https:\/\/api.w.org\/{rel}","templated":true}]}}