{"id":31370,"date":"2016-06-27T00:59:26","date_gmt":"2016-06-26T23:29:26","guid":{"rendered":"http:\/\/candas365.es\/noticias\/?p=31370"},"modified":"2016-06-27T00:59:26","modified_gmt":"2016-06-26T23:29:26","slug":"ministra-alemana-visitara-base-aerea-turca-pese-a-tension-con-ankara","status":"publish","type":"post","link":"https:\/\/candas365.es\/noticias\/ministra-alemana-visitara-base-aerea-turca-pese-a-tension-con-ankara\/","title":{"rendered":"Ministra alemana visitar\u00e1 base a\u00e9rea turca pese a tensi\u00f3n con Ankara"},"content":{"rendered":"<p>Berl\u00edn, 26 jun (dpa) &#8211; La ministra alemana de Defensa, Ursula von der Leyen, planea realizar en los pr\u00f3ximos d\u00edas una visita a las tropas alemanas destacadas en la base a\u00e9rea de Incirlik pese a la creciente tensi\u00f3n diplom\u00e1tica entre Ankara y Berl\u00edn, seg\u00fan asegur\u00f3 en una entrevista publicada hoy.<\/p>\n<p>\u00abEs una obviedad que la direcci\u00f3n del Ministerio de Defensa visite a los soldados alemanes en misiones\u00bb, dijo la cristianodem\u00f3crata al dominical \u00abBild am Sonntag\u00bb. <\/p>\n<p>La semana pasada, Ankara prohibi\u00f3 a una delegaci\u00f3n germana viajar a mediados de julio a la base de Incirlik, ubicada en el sur de Turqu\u00eda. La delegaci\u00f3n iba a estar encabezada por el secretario de Estado del Ministerio de Defensa y viceministro de Defensa alem\u00e1n, Ralf Brauksiepe. <\/p>\n<p>El ministro turco de Exteriores, Mevl\u00fct Cavusoglu, explic\u00f3 que no consideraba \u00abadecuada\u00bb la visita de pol\u00edticos a la base militar.<\/p>\n<p>Alemania tiene alrededor de 250 soldados y seis aviones de reconocimiento Tornado en esa base. Desde all\u00ed participa desde principios de a\u00f1o en la campa\u00f1a a\u00e9rea liderada por Estados Unidos contra el grupo terrorista Estado Isl\u00e1mico en Irak y Siria.<\/p>\n<p>La negativa de Ankara provoc\u00f3 un incidente m\u00e1s en una relaci\u00f3n muy tensa ya, y que ha ido empeorando desde que a principios de mes el Parlamento alem\u00e1n aprobara una resoluci\u00f3n que califica de \u00abgenocidio\u00bb la masacre perpetrada por el imperio otomano a los armenios hace 100 a\u00f1os.<\/p>\n","protected":false},"excerpt":{"rendered":"<p>Berl\u00edn, 26 jun (dpa) &#8211; La ministra alemana de Defensa, Ursula von der Leyen, planea realizar en los pr\u00f3ximos d\u00edas una visita a las tropas alemanas destacadas en la base a\u00e9rea de Incirlik pese a la creciente tensi\u00f3n diplom\u00e1tica entre Ankara y Berl\u00edn, seg\u00fan asegur\u00f3 en una entrevista publicada hoy. \u00abEs una obviedad que la<\/p>\n","protected":false},"author":1,"featured_media":16457,"comment_status":"closed","ping_status":"closed","sticky":false,"template":"","format":"standard","meta":{"footnotes":""},"categories":[343],"tags":[],"class_list":{"0":"post-31370","1":"post","2":"type-post","3":"status-publish","4":"format-standard","5":"has-post-thumbnail","7":"category-actualidad"},"aioseo_notices":[],"aioseo_head":"\n\t\t<!-- All in One SEO Pro 4.9.6.2 - aioseo.com -->\n\t<meta name=\"description\" content=\"Berl\u00edn, 26 jun (dpa) - La ministra alemana de Defensa, Ursula von der Leyen, planea realizar en los pr\u00f3ximos d\u00edas una visita a las tropas alemanas destacadas en la base a\u00e9rea de Incirlik pese a la creciente tensi\u00f3n diplom\u00e1tica entre Ankara y Berl\u00edn, seg\u00fan asegur\u00f3 en una entrevista publicada hoy. &quot;Es una obviedad que la\" \/>\n\t<meta name=\"robots\" content=\"max-image-preview:large\" \/>\n\t<meta name=\"author\" content=\"Cand\u00e1s 365\"\/>\n\t<meta name=\"google-site-verification\" content=\"UA-32230408-1\" \/>\n\t<meta name=\"msvalidate.01\" content=\"354F3CDFB2DA171B47FBE9ABF1F88D5\" \/>\n\t<meta name=\"keywords\" content=\"actualidad\" \/>\n\t<link rel=\"canonical\" href=\"https:\/\/candas365.es\/noticias\/ministra-alemana-visitara-base-aerea-turca-pese-a-tension-con-ankara\/\" \/>\n\t<meta name=\"generator\" content=\"All in One SEO Pro (AIOSEO) 4.9.6.2\" \/>\n\t\t<meta property=\"og:locale\" content=\"es_ES\" \/>\n\t\t<meta property=\"og:site_name\" content=\"Cand\u00e1s 365\" \/>\n\t\t<meta property=\"og:type\" content=\"article\" \/>\n\t\t<meta property=\"og:title\" content=\"Ministra alemana visitar\u00e1 base a\u00e9rea turca pese a tensi\u00f3n con Ankara | Cand\u00e1s 365\" \/>\n\t\t<meta property=\"og:description\" content=\"Berl\u00edn, 26 jun (dpa) - La ministra alemana de Defensa, Ursula von der Leyen, planea realizar en los pr\u00f3ximos d\u00edas una visita a las tropas alemanas destacadas en la base a\u00e9rea de Incirlik pese a la creciente tensi\u00f3n diplom\u00e1tica entre Ankara y Berl\u00edn, seg\u00fan asegur\u00f3 en una entrevista publicada hoy. &quot;Es una obviedad que la\" \/>\n\t\t<meta property=\"og:url\" content=\"https:\/\/candas365.es\/noticias\/ministra-alemana-visitara-base-aerea-turca-pese-a-tension-con-ankara\/\" \/>\n\t\t<meta property=\"og:image\" content=\"https:\/\/candas365.es\/noticias\/wp-content\/uploads\/2015\/09\/c365noticias.jpg\" \/>\n\t\t<meta property=\"og:image:secure_url\" content=\"https:\/\/candas365.es\/noticias\/wp-content\/uploads\/2015\/09\/c365noticias.jpg\" \/>\n\t\t<meta property=\"og:image:width\" content=\"655\" \/>\n\t\t<meta property=\"og:image:height\" content=\"360\" \/>\n\t\t<meta property=\"article:published_time\" content=\"2016-06-26T23:29:26+00:00\" \/>\n\t\t<meta property=\"article:modified_time\" content=\"2016-06-26T23:29:26+00:00\" \/>\n\t\t<meta property=\"article:publisher\" content=\"https:\/\/www.facebook.com\/Nachofdezber\" \/>\n\t\t<meta property=\"article:author\" content=\"https:\/\/www.facebook.com\/carrenoactualidad\" \/>\n\t\t<meta name=\"twitter:card\" content=\"summary_large_image\" \/>\n\t\t<meta name=\"twitter:site\" content=\"@NabercoDigital\" \/>\n\t\t<meta name=\"twitter:title\" content=\"Ministra alemana visitar\u00e1 base a\u00e9rea turca pese a tensi\u00f3n con Ankara | Cand\u00e1s 365\" \/>\n\t\t<meta name=\"twitter:description\" content=\"Berl\u00edn, 26 jun (dpa) - La ministra alemana de Defensa, Ursula von der Leyen, planea realizar en los pr\u00f3ximos d\u00edas una visita a las tropas alemanas destacadas en la base a\u00e9rea de Incirlik pese a la creciente tensi\u00f3n diplom\u00e1tica entre Ankara y Berl\u00edn, seg\u00fan asegur\u00f3 en una entrevista publicada hoy. &quot;Es una obviedad que la\" \/>\n\t\t<meta name=\"twitter:creator\" content=\"@nbasturias\" \/>\n\t\t<meta name=\"twitter:image\" content=\"https:\/\/candas365.es\/noticias\/wp-content\/uploads\/2015\/09\/c365noticias.jpg\" \/>\n\t\t<meta name=\"twitter:label1\" content=\"Escrito por\" \/>\n\t\t<meta name=\"twitter:data1\" content=\"Cand\u00e1s 365\" \/>\n\t\t<meta name=\"twitter:label2\" content=\"Tiempo de lectura estimado\" \/>\n\t\t<meta name=\"twitter:data2\" content=\"1 minuto\" \/>\n\t\t<script type=\"application\/ld+json\" class=\"aioseo-schema\">\n\t\t\t{\"@context\":\"https:\\\/\\\/schema.org\",\"@graph\":[{\"@type\":\"BreadcrumbList\",\"@id\":\"https:\\\/\\\/candas365.es\\\/noticias\\\/ministra-alemana-visitara-base-aerea-turca-pese-a-tension-con-ankara\\\/#breadcrumblist\",\"itemListElement\":[{\"@type\":\"ListItem\",\"@id\":\"https:\\\/\\\/candas365.es\\\/noticias#listItem\",\"position\":1,\"name\":\"Home\",\"item\":\"https:\\\/\\\/candas365.es\\\/noticias\",\"nextItem\":{\"@type\":\"ListItem\",\"@id\":\"https:\\\/\\\/candas365.es\\\/noticias\\\/category\\\/actualidad\\\/#listItem\",\"name\":\"Actualidad\"}},{\"@type\":\"ListItem\",\"@id\":\"https:\\\/\\\/candas365.es\\\/noticias\\\/category\\\/actualidad\\\/#listItem\",\"position\":2,\"name\":\"Actualidad\",\"item\":\"https:\\\/\\\/candas365.es\\\/noticias\\\/category\\\/actualidad\\\/\",\"nextItem\":{\"@type\":\"ListItem\",\"@id\":\"https:\\\/\\\/candas365.es\\\/noticias\\\/ministra-alemana-visitara-base-aerea-turca-pese-a-tension-con-ankara\\\/#listItem\",\"name\":\"Ministra alemana visitar\\u00e1 base a\\u00e9rea turca pese a tensi\\u00f3n con Ankara\"},\"previousItem\":{\"@type\":\"ListItem\",\"@id\":\"https:\\\/\\\/candas365.es\\\/noticias#listItem\",\"name\":\"Home\"}},{\"@type\":\"ListItem\",\"@id\":\"https:\\\/\\\/candas365.es\\\/noticias\\\/ministra-alemana-visitara-base-aerea-turca-pese-a-tension-con-ankara\\\/#listItem\",\"position\":3,\"name\":\"Ministra alemana visitar\\u00e1 base a\\u00e9rea turca pese a tensi\\u00f3n con Ankara\",\"previousItem\":{\"@type\":\"ListItem\",\"@id\":\"https:\\\/\\\/candas365.es\\\/noticias\\\/category\\\/actualidad\\\/#listItem\",\"name\":\"Actualidad\"}}]},{\"@type\":\"NewsArticle\",\"@id\":\"https:\\\/\\\/candas365.es\\\/noticias\\\/ministra-alemana-visitara-base-aerea-turca-pese-a-tension-con-ankara\\\/#newsarticle\",\"name\":\"Ministra alemana visitar\\u00e1 base a\\u00e9rea turca pese a tensi\\u00f3n con Ankara | Cand\\u00e1s 365\",\"headline\":\"Ministra alemana visitar\\u00e1 base a\\u00e9rea turca pese a tensi\\u00f3n con Ankara\",\"author\":{\"@id\":\"https:\\\/\\\/candas365.es\\\/noticias\\\/author\\\/admin\\\/#author\"},\"publisher\":{\"@id\":\"https:\\\/\\\/candas365.es\\\/noticias\\\/#organization\"},\"image\":{\"@type\":\"ImageObject\",\"url\":\"https:\\\/\\\/candas365.es\\\/noticias\\\/wp-content\\\/uploads\\\/2015\\\/09\\\/c365noticias.jpg\",\"width\":655,\"height\":360},\"datePublished\":\"2016-06-27T00:59:26+02:00\",\"dateModified\":\"2016-06-27T00:59:26+02:00\",\"inLanguage\":\"es-ES\",\"mainEntityOfPage\":{\"@id\":\"https:\\\/\\\/candas365.es\\\/noticias\\\/ministra-alemana-visitara-base-aerea-turca-pese-a-tension-con-ankara\\\/#webpage\"},\"isPartOf\":{\"@id\":\"https:\\\/\\\/candas365.es\\\/noticias\\\/ministra-alemana-visitara-base-aerea-turca-pese-a-tension-con-ankara\\\/#webpage\"},\"articleSection\":\"Actualidad\",\"dateline\":\"Publicado el junio 27, 2016.\"},{\"@type\":\"Organization\",\"@id\":\"https:\\\/\\\/candas365.es\\\/noticias\\\/#organization\",\"name\":\"Cand\\u00e1s 365\",\"description\":\"Cand\\u00e1s 365 es un diario digital independiente, fundado en 2012, con base en Asturias. Informamos con rigor sobre actualidad, sociedad, cultura y ocio, con una mirada local y global.\",\"url\":\"https:\\\/\\\/candas365.es\\\/noticias\\\/\",\"email\":\"info@candas365.es\",\"telephone\":\"+34652131393\",\"foundingDate\":\"2012-06-10\",\"logo\":{\"@type\":\"ImageObject\",\"url\":\"https:\\\/\\\/candas365.es\\\/noticias\\\/wp-content\\\/uploads\\\/2024\\\/09\\\/Candas-365-Redes.jpg\",\"@id\":\"https:\\\/\\\/candas365.es\\\/noticias\\\/ministra-alemana-visitara-base-aerea-turca-pese-a-tension-con-ankara\\\/#organizationLogo\",\"width\":1152,\"height\":864,\"caption\":\"Cand\\u00e1s 365 Redes\"},\"image\":{\"@id\":\"https:\\\/\\\/candas365.es\\\/noticias\\\/ministra-alemana-visitara-base-aerea-turca-pese-a-tension-con-ankara\\\/#organizationLogo\"},\"sameAs\":[\"https:\\\/\\\/www.facebook.com\\\/Nachofdezber\",\"https:\\\/\\\/x.com\\\/NabercoDigital\",\"https:\\\/\\\/www.instagram.com\\\/nachofdezber\\\/\",\"https:\\\/\\\/www.youtube.com\\\/channel\\\/UCZP-2wLEB9Rv6erhFmqVnvg\"],\"address\":{\"@id\":\"https:\\\/\\\/candas365.es\\\/noticias\\\/#postaladdress\",\"@type\":\"PostalAddress\",\"streetAddress\":\"san antonio 4, san antonio 4\",\"postalCode\":\"33430\",\"addressLocality\":\"Cand\\u00e1s\",\"addressRegion\":\"Asturias\",\"addressCountry\":\"ES\"}},{\"@type\":\"Person\",\"@id\":\"https:\\\/\\\/candas365.es\\\/noticias\\\/author\\\/admin\\\/#author\",\"url\":\"https:\\\/\\\/candas365.es\\\/noticias\\\/author\\\/admin\\\/\",\"name\":\"Cand\\u00e1s 365\",\"image\":{\"@type\":\"ImageObject\",\"@id\":\"https:\\\/\\\/candas365.es\\\/noticias\\\/ministra-alemana-visitara-base-aerea-turca-pese-a-tension-con-ankara\\\/#authorImage\",\"url\":\"https:\\\/\\\/secure.gravatar.com\\\/avatar\\\/496a8e03d0c493ede1718b7934145dbdf8d89be1036b0eec9544e1094c9de390?s=96&d=mm&r=g\",\"width\":96,\"height\":96,\"caption\":\"Cand\\u00e1s 365\"},\"sameAs\":[\"https:\\\/\\\/www.facebook.com\\\/carrenoactualidad\",\"https:\\\/\\\/twitter.com\\\/nbasturias\",\"https:\\\/\\\/www.instagram.com\\\/nachofdezber\\\/\",\"https:\\\/\\\/www.youtube.com\\\/channel\\\/UCZP-2wLEB9Rv6erhFmqVnvg\"]},{\"@type\":\"WebPage\",\"@id\":\"https:\\\/\\\/candas365.es\\\/noticias\\\/ministra-alemana-visitara-base-aerea-turca-pese-a-tension-con-ankara\\\/#webpage\",\"url\":\"https:\\\/\\\/candas365.es\\\/noticias\\\/ministra-alemana-visitara-base-aerea-turca-pese-a-tension-con-ankara\\\/\",\"name\":\"Ministra alemana visitar\\u00e1 base a\\u00e9rea turca pese a tensi\\u00f3n con Ankara | Cand\\u00e1s 365\",\"description\":\"Berl\\u00edn, 26 jun (dpa) - La ministra alemana de Defensa, Ursula von der Leyen, planea realizar en los pr\\u00f3ximos d\\u00edas una visita a las tropas alemanas destacadas en la base a\\u00e9rea de Incirlik pese a la creciente tensi\\u00f3n diplom\\u00e1tica entre Ankara y Berl\\u00edn, seg\\u00fan asegur\\u00f3 en una entrevista publicada hoy. \\\"Es una obviedad que la\",\"inLanguage\":\"es-ES\",\"isPartOf\":{\"@id\":\"https:\\\/\\\/candas365.es\\\/noticias\\\/#website\"},\"breadcrumb\":{\"@id\":\"https:\\\/\\\/candas365.es\\\/noticias\\\/ministra-alemana-visitara-base-aerea-turca-pese-a-tension-con-ankara\\\/#breadcrumblist\"},\"author\":{\"@id\":\"https:\\\/\\\/candas365.es\\\/noticias\\\/author\\\/admin\\\/#author\"},\"creator\":{\"@id\":\"https:\\\/\\\/candas365.es\\\/noticias\\\/author\\\/admin\\\/#author\"},\"image\":{\"@type\":\"ImageObject\",\"url\":\"https:\\\/\\\/candas365.es\\\/noticias\\\/wp-content\\\/uploads\\\/2015\\\/09\\\/c365noticias.jpg\",\"@id\":\"https:\\\/\\\/candas365.es\\\/noticias\\\/ministra-alemana-visitara-base-aerea-turca-pese-a-tension-con-ankara\\\/#mainImage\",\"width\":655,\"height\":360},\"primaryImageOfPage\":{\"@id\":\"https:\\\/\\\/candas365.es\\\/noticias\\\/ministra-alemana-visitara-base-aerea-turca-pese-a-tension-con-ankara\\\/#mainImage\"},\"datePublished\":\"2016-06-27T00:59:26+02:00\",\"dateModified\":\"2016-06-27T00:59:26+02:00\"},{\"@type\":\"WebSite\",\"@id\":\"https:\\\/\\\/candas365.es\\\/noticias\\\/#website\",\"url\":\"https:\\\/\\\/candas365.es\\\/noticias\\\/\",\"name\":\"Cand\\u00e1s 365\",\"alternateName\":\"Cand\\u00e1s 365 Noticias\",\"description\":\"Actualidad desde Carre\\u00f1o para el mundo\",\"inLanguage\":\"es-ES\",\"publisher\":{\"@id\":\"https:\\\/\\\/candas365.es\\\/noticias\\\/#organization\"}}]}\n\t\t<\/script>\n\t\t<!-- All in One SEO Pro -->\r\n\t\t<title>Ministra alemana visitar\u00e1 base a\u00e9rea turca pese a tensi\u00f3n con Ankara | Cand\u00e1s 365<\/title>\n\n","aioseo_head_json":{"title":"Ministra alemana visitar\u00e1 base a\u00e9rea turca pese a tensi\u00f3n con Ankara | Cand\u00e1s 365","description":"Berl\u00edn, 26 jun (dpa) - La ministra alemana de Defensa, Ursula von der Leyen, planea realizar en los pr\u00f3ximos d\u00edas una visita a las tropas alemanas destacadas en la base a\u00e9rea de Incirlik pese a la creciente tensi\u00f3n diplom\u00e1tica entre Ankara y Berl\u00edn, seg\u00fan asegur\u00f3 en una entrevista publicada hoy. \"Es una obviedad que la","canonical_url":"https:\/\/candas365.es\/noticias\/ministra-alemana-visitara-base-aerea-turca-pese-a-tension-con-ankara\/","robots":"max-image-preview:large","keywords":"actualidad","webmasterTools":{"google-site-verification":"UA-32230408-1","msvalidate.01":"354F3CDFB2DA171B47FBE9ABF1F88D5","miscellaneous":""},"schema":{"@context":"https:\/\/schema.org","@graph":[{"@type":"BreadcrumbList","@id":"https:\/\/candas365.es\/noticias\/ministra-alemana-visitara-base-aerea-turca-pese-a-tension-con-ankara\/#breadcrumblist","itemListElement":[{"@type":"ListItem","@id":"https:\/\/candas365.es\/noticias#listItem","position":1,"name":"Home","item":"https:\/\/candas365.es\/noticias","nextItem":{"@type":"ListItem","@id":"https:\/\/candas365.es\/noticias\/category\/actualidad\/#listItem","name":"Actualidad"}},{"@type":"ListItem","@id":"https:\/\/candas365.es\/noticias\/category\/actualidad\/#listItem","position":2,"name":"Actualidad","item":"https:\/\/candas365.es\/noticias\/category\/actualidad\/","nextItem":{"@type":"ListItem","@id":"https:\/\/candas365.es\/noticias\/ministra-alemana-visitara-base-aerea-turca-pese-a-tension-con-ankara\/#listItem","name":"Ministra alemana visitar\u00e1 base a\u00e9rea turca pese a tensi\u00f3n con Ankara"},"previousItem":{"@type":"ListItem","@id":"https:\/\/candas365.es\/noticias#listItem","name":"Home"}},{"@type":"ListItem","@id":"https:\/\/candas365.es\/noticias\/ministra-alemana-visitara-base-aerea-turca-pese-a-tension-con-ankara\/#listItem","position":3,"name":"Ministra alemana visitar\u00e1 base a\u00e9rea turca pese a tensi\u00f3n con Ankara","previousItem":{"@type":"ListItem","@id":"https:\/\/candas365.es\/noticias\/category\/actualidad\/#listItem","name":"Actualidad"}}]},{"@type":"NewsArticle","@id":"https:\/\/candas365.es\/noticias\/ministra-alemana-visitara-base-aerea-turca-pese-a-tension-con-ankara\/#newsarticle","name":"Ministra alemana visitar\u00e1 base a\u00e9rea turca pese a tensi\u00f3n con Ankara | Cand\u00e1s 365","headline":"Ministra alemana visitar\u00e1 base a\u00e9rea turca pese a tensi\u00f3n con Ankara","author":{"@id":"https:\/\/candas365.es\/noticias\/author\/admin\/#author"},"publisher":{"@id":"https:\/\/candas365.es\/noticias\/#organization"},"image":{"@type":"ImageObject","url":"https:\/\/candas365.es\/noticias\/wp-content\/uploads\/2015\/09\/c365noticias.jpg","width":655,"height":360},"datePublished":"2016-06-27T00:59:26+02:00","dateModified":"2016-06-27T00:59:26+02:00","inLanguage":"es-ES","mainEntityOfPage":{"@id":"https:\/\/candas365.es\/noticias\/ministra-alemana-visitara-base-aerea-turca-pese-a-tension-con-ankara\/#webpage"},"isPartOf":{"@id":"https:\/\/candas365.es\/noticias\/ministra-alemana-visitara-base-aerea-turca-pese-a-tension-con-ankara\/#webpage"},"articleSection":"Actualidad","dateline":"Publicado el junio 27, 2016."},{"@type":"Organization","@id":"https:\/\/candas365.es\/noticias\/#organization","name":"Cand\u00e1s 365","description":"Cand\u00e1s 365 es un diario digital independiente, fundado en 2012, con base en Asturias. Informamos con rigor sobre actualidad, sociedad, cultura y ocio, con una mirada local y global.","url":"https:\/\/candas365.es\/noticias\/","email":"info@candas365.es","telephone":"+34652131393","foundingDate":"2012-06-10","logo":{"@type":"ImageObject","url":"https:\/\/candas365.es\/noticias\/wp-content\/uploads\/2024\/09\/Candas-365-Redes.jpg","@id":"https:\/\/candas365.es\/noticias\/ministra-alemana-visitara-base-aerea-turca-pese-a-tension-con-ankara\/#organizationLogo","width":1152,"height":864,"caption":"Cand\u00e1s 365 Redes"},"image":{"@id":"https:\/\/candas365.es\/noticias\/ministra-alemana-visitara-base-aerea-turca-pese-a-tension-con-ankara\/#organizationLogo"},"sameAs":["https:\/\/www.facebook.com\/Nachofdezber","https:\/\/x.com\/NabercoDigital","https:\/\/www.instagram.com\/nachofdezber\/","https:\/\/www.youtube.com\/channel\/UCZP-2wLEB9Rv6erhFmqVnvg"],"address":{"@id":"https:\/\/candas365.es\/noticias\/#postaladdress","@type":"PostalAddress","streetAddress":"san antonio 4, san antonio 4","postalCode":"33430","addressLocality":"Cand\u00e1s","addressRegion":"Asturias","addressCountry":"ES"}},{"@type":"Person","@id":"https:\/\/candas365.es\/noticias\/author\/admin\/#author","url":"https:\/\/candas365.es\/noticias\/author\/admin\/","name":"Cand\u00e1s 365","image":{"@type":"ImageObject","@id":"https:\/\/candas365.es\/noticias\/ministra-alemana-visitara-base-aerea-turca-pese-a-tension-con-ankara\/#authorImage","url":"https:\/\/secure.gravatar.com\/avatar\/496a8e03d0c493ede1718b7934145dbdf8d89be1036b0eec9544e1094c9de390?s=96&d=mm&r=g","width":96,"height":96,"caption":"Cand\u00e1s 365"},"sameAs":["https:\/\/www.facebook.com\/carrenoactualidad","https:\/\/twitter.com\/nbasturias","https:\/\/www.instagram.com\/nachofdezber\/","https:\/\/www.youtube.com\/channel\/UCZP-2wLEB9Rv6erhFmqVnvg"]},{"@type":"WebPage","@id":"https:\/\/candas365.es\/noticias\/ministra-alemana-visitara-base-aerea-turca-pese-a-tension-con-ankara\/#webpage","url":"https:\/\/candas365.es\/noticias\/ministra-alemana-visitara-base-aerea-turca-pese-a-tension-con-ankara\/","name":"Ministra alemana visitar\u00e1 base a\u00e9rea turca pese a tensi\u00f3n con Ankara | Cand\u00e1s 365","description":"Berl\u00edn, 26 jun (dpa) - La ministra alemana de Defensa, Ursula von der Leyen, planea realizar en los pr\u00f3ximos d\u00edas una visita a las tropas alemanas destacadas en la base a\u00e9rea de Incirlik pese a la creciente tensi\u00f3n diplom\u00e1tica entre Ankara y Berl\u00edn, seg\u00fan asegur\u00f3 en una entrevista publicada hoy. \"Es una obviedad que la","inLanguage":"es-ES","isPartOf":{"@id":"https:\/\/candas365.es\/noticias\/#website"},"breadcrumb":{"@id":"https:\/\/candas365.es\/noticias\/ministra-alemana-visitara-base-aerea-turca-pese-a-tension-con-ankara\/#breadcrumblist"},"author":{"@id":"https:\/\/candas365.es\/noticias\/author\/admin\/#author"},"creator":{"@id":"https:\/\/candas365.es\/noticias\/author\/admin\/#author"},"image":{"@type":"ImageObject","url":"https:\/\/candas365.es\/noticias\/wp-content\/uploads\/2015\/09\/c365noticias.jpg","@id":"https:\/\/candas365.es\/noticias\/ministra-alemana-visitara-base-aerea-turca-pese-a-tension-con-ankara\/#mainImage","width":655,"height":360},"primaryImageOfPage":{"@id":"https:\/\/candas365.es\/noticias\/ministra-alemana-visitara-base-aerea-turca-pese-a-tension-con-ankara\/#mainImage"},"datePublished":"2016-06-27T00:59:26+02:00","dateModified":"2016-06-27T00:59:26+02:00"},{"@type":"WebSite","@id":"https:\/\/candas365.es\/noticias\/#website","url":"https:\/\/candas365.es\/noticias\/","name":"Cand\u00e1s 365","alternateName":"Cand\u00e1s 365 Noticias","description":"Actualidad desde Carre\u00f1o para el mundo","inLanguage":"es-ES","publisher":{"@id":"https:\/\/candas365.es\/noticias\/#organization"}}]},"og:locale":"es_ES","og:site_name":"Cand\u00e1s 365","og:type":"article","og:title":"Ministra alemana visitar\u00e1 base a\u00e9rea turca pese a tensi\u00f3n con Ankara | Cand\u00e1s 365","og:description":"Berl\u00edn, 26 jun (dpa) - La ministra alemana de Defensa, Ursula von der Leyen, planea realizar en los pr\u00f3ximos d\u00edas una visita a las tropas alemanas destacadas en la base a\u00e9rea de Incirlik pese a la creciente tensi\u00f3n diplom\u00e1tica entre Ankara y Berl\u00edn, seg\u00fan asegur\u00f3 en una entrevista publicada hoy. &quot;Es una obviedad que la","og:url":"https:\/\/candas365.es\/noticias\/ministra-alemana-visitara-base-aerea-turca-pese-a-tension-con-ankara\/","og:image":"https:\/\/candas365.es\/noticias\/wp-content\/uploads\/2015\/09\/c365noticias.jpg","og:image:secure_url":"https:\/\/candas365.es\/noticias\/wp-content\/uploads\/2015\/09\/c365noticias.jpg","og:image:width":655,"og:image:height":360,"article:published_time":"2016-06-26T23:29:26+00:00","article:modified_time":"2016-06-26T23:29:26+00:00","article:publisher":"https:\/\/www.facebook.com\/Nachofdezber","article:author":"https:\/\/www.facebook.com\/carrenoactualidad","twitter:card":"summary_large_image","twitter:site":"@NabercoDigital","twitter:title":"Ministra alemana visitar\u00e1 base a\u00e9rea turca pese a tensi\u00f3n con Ankara | Cand\u00e1s 365","twitter:description":"Berl\u00edn, 26 jun (dpa) - La ministra alemana de Defensa, Ursula von der Leyen, planea realizar en los pr\u00f3ximos d\u00edas una visita a las tropas alemanas destacadas en la base a\u00e9rea de Incirlik pese a la creciente tensi\u00f3n diplom\u00e1tica entre Ankara y Berl\u00edn, seg\u00fan asegur\u00f3 en una entrevista publicada hoy. &quot;Es una obviedad que la","twitter:creator":"@nbasturias","twitter:image":"https:\/\/candas365.es\/noticias\/wp-content\/uploads\/2015\/09\/c365noticias.jpg","twitter:label1":"Escrito por","twitter:data1":"Cand\u00e1s 365","twitter:label2":"Tiempo de lectura estimado","twitter:data2":"1 minuto"},"aioseo_meta_data":{"post_id":"31370","title":null,"description":null,"keywords":null,"keyphrases":null,"primary_term":null,"canonical_url":null,"og_title":null,"og_description":null,"og_object_type":"default","og_image_type":"default","og_image_url":null,"og_image_width":null,"og_image_height":null,"og_image_custom_url":null,"og_image_custom_fields":null,"og_video":null,"og_custom_url":null,"og_article_section":null,"og_article_tags":null,"twitter_use_og":false,"twitter_card":"default","twitter_image_type":"default","twitter_image_url":null,"twitter_image_custom_url":null,"twitter_image_custom_fields":null,"twitter_title":null,"twitter_description":null,"schema":{"blockGraphs":[],"customGraphs":[],"default":{"data":{"Article":[],"Course":[],"Dataset":[],"FAQPage":[],"Movie":[],"Person":[],"Product":[],"ProductReview":[],"Car":[],"Recipe":[],"Service":[],"SoftwareApplication":[],"WebPage":[]},"graphName":"","isEnabled":true},"graphs":[],"defaultGraph":"","defaultPostTypeGraph":""},"schema_type":null,"schema_type_options":null,"pillar_content":false,"robots_default":true,"robots_noindex":false,"robots_noarchive":false,"robots_nosnippet":false,"robots_nofollow":false,"robots_noimageindex":false,"robots_noodp":false,"robots_notranslate":false,"robots_max_snippet":null,"robots_max_videopreview":null,"robots_max_imagepreview":"large","priority":null,"frequency":null,"location":null,"local_seo":null,"seo_analyzer_scan_date":"2025-08-24 13:48:11","breadcrumb_settings":null,"limit_modified_date":false,"reviewed_by":null,"open_ai":null,"ai":null,"created":"2020-12-21 13:00:54","updated":"2025-08-24 13:48:11"},"aioseo_breadcrumb":"<div class=\"aioseo-breadcrumbs\"><span class=\"aioseo-breadcrumb\">\n\t<a href=\"https:\/\/candas365.es\/noticias\" title=\"Home\">Home<\/a>\n<\/span><span class=\"aioseo-breadcrumb-separator\">&ndash;<\/span><span class=\"aioseo-breadcrumb\">\n\t<a href=\"https:\/\/candas365.es\/noticias\/category\/actualidad\/\" title=\"Actualidad\">Actualidad<\/a>\n<\/span><span class=\"aioseo-breadcrumb-separator\">&ndash;<\/span><span class=\"aioseo-breadcrumb\">\n\tMinistra alemana visitar\u00e1 base a\u00e9rea turca pese a tensi\u00f3n con Ankara\n<\/span><\/div>","aioseo_breadcrumb_json":[{"label":"Home","link":"https:\/\/candas365.es\/noticias"},{"label":"Actualidad","link":"https:\/\/candas365.es\/noticias\/category\/actualidad\/"},{"label":"Ministra alemana visitar\u00e1 base a\u00e9rea turca pese a tensi\u00f3n con Ankara","link":"https:\/\/candas365.es\/noticias\/ministra-alemana-visitara-base-aerea-turca-pese-a-tension-con-ankara\/"}],"_links":{"self":[{"href":"https:\/\/candas365.es\/noticias\/wp-json\/wp\/v2\/posts\/31370","targetHints":{"allow":["GET"]}}],"collection":[{"href":"https:\/\/candas365.es\/noticias\/wp-json\/wp\/v2\/posts"}],"about":[{"href":"https:\/\/candas365.es\/noticias\/wp-json\/wp\/v2\/types\/post"}],"author":[{"embeddable":true,"href":"https:\/\/candas365.es\/noticias\/wp-json\/wp\/v2\/users\/1"}],"replies":[{"embeddable":true,"href":"https:\/\/candas365.es\/noticias\/wp-json\/wp\/v2\/comments?post=31370"}],"version-history":[{"count":0,"href":"https:\/\/candas365.es\/noticias\/wp-json\/wp\/v2\/posts\/31370\/revisions"}],"wp:featuredmedia":[{"embeddable":true,"href":"https:\/\/candas365.es\/noticias\/wp-json\/wp\/v2\/media\/16457"}],"wp:attachment":[{"href":"https:\/\/candas365.es\/noticias\/wp-json\/wp\/v2\/media?parent=31370"}],"wp:term":[{"taxonomy":"category","embeddable":true,"href":"https:\/\/candas365.es\/noticias\/wp-json\/wp\/v2\/categories?post=31370"},{"taxonomy":"post_tag","embeddable":true,"href":"https:\/\/candas365.es\/noticias\/wp-json\/wp\/v2\/tags?post=31370"}],"curies":[{"name":"wp","href":"https:\/\/api.w.org\/{rel}","templated":true}]}}