{"id":31353,"date":"2016-06-26T22:32:27","date_gmt":"2016-06-26T21:02:27","guid":{"rendered":"http:\/\/candas365.es\/noticias\/?p=31353"},"modified":"2016-06-26T22:33:35","modified_gmt":"2016-06-26T21:03:35","slug":"la-gladiator-race-llega-a-asturias-el-proximo-fin-de-semana","status":"publish","type":"post","link":"https:\/\/candas365.es\/noticias\/la-gladiator-race-llega-a-asturias-el-proximo-fin-de-semana\/","title":{"rendered":"La Gladiator Race llega a Asturias el pr\u00f3ximo fin de semana"},"content":{"rendered":"<p><img fetchpriority=\"high\" decoding=\"async\" class=\"alignleft size-medium wp-image-31354\" src=\"https:\/\/candas365.es\/noticias\/wp-content\/uploads\/2016\/06\/fotonoticia_20160626112951_800-360x188.jpg\" alt=\"fotonoticia_20160626112951_800\" width=\"360\" height=\"188\" srcset=\"https:\/\/candas365.es\/noticias\/wp-content\/uploads\/2016\/06\/fotonoticia_20160626112951_800-360x188.jpg 360w, https:\/\/candas365.es\/noticias\/wp-content\/uploads\/2016\/06\/fotonoticia_20160626112951_800-650x340.jpg 650w, https:\/\/candas365.es\/noticias\/wp-content\/uploads\/2016\/06\/fotonoticia_20160626112951_800-768x401.jpg 768w, https:\/\/candas365.es\/noticias\/wp-content\/uploads\/2016\/06\/fotonoticia_20160626112951_800-150x78.jpg 150w, https:\/\/candas365.es\/noticias\/wp-content\/uploads\/2016\/06\/fotonoticia_20160626112951_800-450x235.jpg 450w, https:\/\/candas365.es\/noticias\/wp-content\/uploads\/2016\/06\/fotonoticia_20160626112951_800-655x342.jpg 655w, https:\/\/candas365.es\/noticias\/wp-content\/uploads\/2016\/06\/fotonoticia_20160626112951_800-696x364.jpg 696w, https:\/\/candas365.es\/noticias\/wp-content\/uploads\/2016\/06\/fotonoticia_20160626112951_800.jpg 800w\" sizes=\"(max-width: 360px) 100vw, 360px\" \/>La carrera de obst\u00e1culos Gladiator Race llegar\u00e1 a Asturias el pr\u00f3ximo 2 de julio. La prueba se disputar\u00e1 en La Fresneda (Siero) y ya cuenta con cerca de 600 participantes confirmados. Las inscripciones contin\u00faan abiertas en su web oficial www.gladiatorrace.es hasta el martes 28 de junio.<\/p>\n<p>Seg\u00fan explica la organizaci\u00f3n en una nota de prensa, la carrera combina la pr\u00e1ctica del running con la superaci\u00f3n de diferentes obst\u00e1culos naturales y artificiales intercalados a lo largo del recorrido, tales como barro, agua, fuego, hielo o muros de madera.<\/p>\n<p>Se podr\u00e1 participar de forma individual o en equipos de al menos cinco personas y los participantes tomar\u00e1n la salida de forma escalonada en tandas de aproximadamente 150 personas. Se ofertar\u00e1n dos modalidades para adultos con dos niveles de dificultad y una versi\u00f3n mini para ni\u00f1os y ni\u00f1as de 4 a 12 a\u00f1os.<\/p>\n<p>Para los adultos, ser\u00e1n dos las modalidades. La primera pasa por un circuito que supera los 11 kil\u00f3metros y los 30 obst\u00e1culos; la segunda, m\u00e1s relajada, ofrece la posibilidad de participar en esta modalidad caracterizada por un circuito de 6 kil\u00f3metros y 20 obst\u00e1culos aproximadamente.<\/p>\n<p>Los ni\u00f1os participar\u00e1n en la versi\u00f3n infantil acompa\u00f1ados por su padre, madre o tutor en una prueba de entre 500 y 1000 metros en funci\u00f3n de la edad de los participantes: 4-6 a\u00f1os, 7-9 a\u00f1os y 10-12 a\u00f1os. En \u00e9l se intercalar\u00e1n tambi\u00e9n una serie de obst\u00e1culos.<\/p>\n<p>La Gladiator Race Asturias est\u00e1 organizada por Qualit\u00e9 Sport Events en colaboraci\u00f3n con el Ayuntamiento de Siero y el Club de Campo La Fresneda. La prueba del Principado se une a la ya celebrada el pasado 4 de junio en Pontevedra y a la prevista en Madrid el 22 de octubre. Todas ellas ser\u00e1n clasificatorias para la OCR European Championships, una competici\u00f3n que re\u00fane cada a\u00f1o a los mejores deportistas de las principales carreras de obst\u00e1culos de Europa.<\/p>\n","protected":false},"excerpt":{"rendered":"<p>La carrera de obst\u00e1culos Gladiator Race llegar\u00e1 a Asturias el pr\u00f3ximo 2 de julio. La prueba se disputar\u00e1 en La Fresneda (Siero) y ya cuenta con cerca de 600 participantes confirmados. Las inscripciones contin\u00faan abiertas en su web oficial www.gladiatorrace.es hasta el martes 28 de junio. Seg\u00fan explica la organizaci\u00f3n en una nota de prensa,<\/p>\n","protected":false},"author":1,"featured_media":31354,"comment_status":"closed","ping_status":"closed","sticky":false,"template":"","format":"standard","meta":{"footnotes":""},"categories":[343],"tags":[],"class_list":{"0":"post-31353","1":"post","2":"type-post","3":"status-publish","4":"format-standard","5":"has-post-thumbnail","7":"category-actualidad"},"aioseo_notices":[],"aioseo_head":"\n\t\t<!-- All in One SEO Pro 4.9.6.2 - aioseo.com -->\n\t<meta name=\"description\" content=\"La carrera de obst\u00e1culos Gladiator Race llegar\u00e1 a Asturias el pr\u00f3ximo 2 de julio. La prueba se disputar\u00e1 en La Fresneda (Siero) y ya cuenta con cerca de 600 participantes confirmados. Las inscripciones contin\u00faan abiertas en su web oficial www.gladiatorrace.es hasta el martes 28 de junio. Seg\u00fan explica la organizaci\u00f3n en una nota de prensa,\" \/>\n\t<meta name=\"robots\" content=\"max-image-preview:large\" \/>\n\t<meta name=\"author\" content=\"Cand\u00e1s 365\"\/>\n\t<meta name=\"google-site-verification\" content=\"UA-32230408-1\" \/>\n\t<meta name=\"msvalidate.01\" content=\"354F3CDFB2DA171B47FBE9ABF1F88D5\" \/>\n\t<meta name=\"keywords\" content=\"actualidad\" \/>\n\t<link rel=\"canonical\" href=\"https:\/\/candas365.es\/noticias\/la-gladiator-race-llega-a-asturias-el-proximo-fin-de-semana\/\" \/>\n\t<meta name=\"generator\" content=\"All in One SEO Pro (AIOSEO) 4.9.6.2\" \/>\n\t\t<meta property=\"og:locale\" content=\"es_ES\" \/>\n\t\t<meta property=\"og:site_name\" content=\"Cand\u00e1s 365\" \/>\n\t\t<meta property=\"og:type\" content=\"article\" \/>\n\t\t<meta property=\"og:title\" content=\"La Gladiator Race llega a Asturias el pr\u00f3ximo fin de semana | Cand\u00e1s 365\" \/>\n\t\t<meta property=\"og:description\" content=\"La carrera de obst\u00e1culos Gladiator Race llegar\u00e1 a Asturias el pr\u00f3ximo 2 de julio. La prueba se disputar\u00e1 en La Fresneda (Siero) y ya cuenta con cerca de 600 participantes confirmados. Las inscripciones contin\u00faan abiertas en su web oficial www.gladiatorrace.es hasta el martes 28 de junio. Seg\u00fan explica la organizaci\u00f3n en una nota de prensa,\" \/>\n\t\t<meta property=\"og:url\" content=\"https:\/\/candas365.es\/noticias\/la-gladiator-race-llega-a-asturias-el-proximo-fin-de-semana\/\" \/>\n\t\t<meta property=\"og:image\" content=\"https:\/\/candas365.es\/noticias\/wp-content\/uploads\/2016\/06\/fotonoticia_20160626112951_800.jpg\" \/>\n\t\t<meta property=\"og:image:secure_url\" content=\"https:\/\/candas365.es\/noticias\/wp-content\/uploads\/2016\/06\/fotonoticia_20160626112951_800.jpg\" \/>\n\t\t<meta property=\"og:image:width\" content=\"800\" \/>\n\t\t<meta property=\"og:image:height\" content=\"418\" \/>\n\t\t<meta property=\"article:published_time\" content=\"2016-06-26T21:02:27+00:00\" \/>\n\t\t<meta property=\"article:modified_time\" content=\"2016-06-26T21:03:35+00:00\" \/>\n\t\t<meta property=\"article:publisher\" content=\"https:\/\/www.facebook.com\/Nachofdezber\" \/>\n\t\t<meta property=\"article:author\" content=\"https:\/\/www.facebook.com\/carrenoactualidad\" \/>\n\t\t<meta name=\"twitter:card\" content=\"summary_large_image\" \/>\n\t\t<meta name=\"twitter:site\" content=\"@NabercoDigital\" \/>\n\t\t<meta name=\"twitter:title\" content=\"La Gladiator Race llega a Asturias el pr\u00f3ximo fin de semana | Cand\u00e1s 365\" \/>\n\t\t<meta name=\"twitter:description\" content=\"La carrera de obst\u00e1culos Gladiator Race llegar\u00e1 a Asturias el pr\u00f3ximo 2 de julio. La prueba se disputar\u00e1 en La Fresneda (Siero) y ya cuenta con cerca de 600 participantes confirmados. Las inscripciones contin\u00faan abiertas en su web oficial www.gladiatorrace.es hasta el martes 28 de junio. Seg\u00fan explica la organizaci\u00f3n en una nota de prensa,\" \/>\n\t\t<meta name=\"twitter:creator\" content=\"@nbasturias\" \/>\n\t\t<meta name=\"twitter:image\" content=\"https:\/\/candas365.es\/noticias\/wp-content\/uploads\/2016\/06\/fotonoticia_20160626112951_800.jpg\" \/>\n\t\t<meta name=\"twitter:label1\" content=\"Escrito por\" \/>\n\t\t<meta name=\"twitter:data1\" content=\"Cand\u00e1s 365\" \/>\n\t\t<meta name=\"twitter:label2\" content=\"Tiempo de lectura estimado\" \/>\n\t\t<meta name=\"twitter:data2\" content=\"2 minutos\" \/>\n\t\t<script type=\"application\/ld+json\" class=\"aioseo-schema\">\n\t\t\t{\"@context\":\"https:\\\/\\\/schema.org\",\"@graph\":[{\"@type\":\"BreadcrumbList\",\"@id\":\"https:\\\/\\\/candas365.es\\\/noticias\\\/la-gladiator-race-llega-a-asturias-el-proximo-fin-de-semana\\\/#breadcrumblist\",\"itemListElement\":[{\"@type\":\"ListItem\",\"@id\":\"https:\\\/\\\/candas365.es\\\/noticias#listItem\",\"position\":1,\"name\":\"Home\",\"item\":\"https:\\\/\\\/candas365.es\\\/noticias\",\"nextItem\":{\"@type\":\"ListItem\",\"@id\":\"https:\\\/\\\/candas365.es\\\/noticias\\\/category\\\/actualidad\\\/#listItem\",\"name\":\"Actualidad\"}},{\"@type\":\"ListItem\",\"@id\":\"https:\\\/\\\/candas365.es\\\/noticias\\\/category\\\/actualidad\\\/#listItem\",\"position\":2,\"name\":\"Actualidad\",\"item\":\"https:\\\/\\\/candas365.es\\\/noticias\\\/category\\\/actualidad\\\/\",\"nextItem\":{\"@type\":\"ListItem\",\"@id\":\"https:\\\/\\\/candas365.es\\\/noticias\\\/la-gladiator-race-llega-a-asturias-el-proximo-fin-de-semana\\\/#listItem\",\"name\":\"La Gladiator Race llega a Asturias el pr\\u00f3ximo fin de semana\"},\"previousItem\":{\"@type\":\"ListItem\",\"@id\":\"https:\\\/\\\/candas365.es\\\/noticias#listItem\",\"name\":\"Home\"}},{\"@type\":\"ListItem\",\"@id\":\"https:\\\/\\\/candas365.es\\\/noticias\\\/la-gladiator-race-llega-a-asturias-el-proximo-fin-de-semana\\\/#listItem\",\"position\":3,\"name\":\"La Gladiator Race llega a Asturias el pr\\u00f3ximo fin de semana\",\"previousItem\":{\"@type\":\"ListItem\",\"@id\":\"https:\\\/\\\/candas365.es\\\/noticias\\\/category\\\/actualidad\\\/#listItem\",\"name\":\"Actualidad\"}}]},{\"@type\":\"NewsArticle\",\"@id\":\"https:\\\/\\\/candas365.es\\\/noticias\\\/la-gladiator-race-llega-a-asturias-el-proximo-fin-de-semana\\\/#newsarticle\",\"name\":\"La Gladiator Race llega a Asturias el pr\\u00f3ximo fin de semana | Cand\\u00e1s 365\",\"headline\":\"La Gladiator Race llega a Asturias el pr\\u00f3ximo fin de semana\",\"author\":{\"@id\":\"https:\\\/\\\/candas365.es\\\/noticias\\\/author\\\/admin\\\/#author\"},\"publisher\":{\"@id\":\"https:\\\/\\\/candas365.es\\\/noticias\\\/#organization\"},\"image\":{\"@type\":\"ImageObject\",\"url\":\"https:\\\/\\\/candas365.es\\\/noticias\\\/wp-content\\\/uploads\\\/2016\\\/06\\\/fotonoticia_20160626112951_800.jpg\",\"width\":800,\"height\":418},\"datePublished\":\"2016-06-26T22:32:27+02:00\",\"dateModified\":\"2016-06-26T22:33:35+02:00\",\"inLanguage\":\"es-ES\",\"mainEntityOfPage\":{\"@id\":\"https:\\\/\\\/candas365.es\\\/noticias\\\/la-gladiator-race-llega-a-asturias-el-proximo-fin-de-semana\\\/#webpage\"},\"isPartOf\":{\"@id\":\"https:\\\/\\\/candas365.es\\\/noticias\\\/la-gladiator-race-llega-a-asturias-el-proximo-fin-de-semana\\\/#webpage\"},\"articleSection\":\"Actualidad\",\"dateline\":\"Publicado el junio 26, 2016.\"},{\"@type\":\"Organization\",\"@id\":\"https:\\\/\\\/candas365.es\\\/noticias\\\/#organization\",\"name\":\"Cand\\u00e1s 365\",\"description\":\"Cand\\u00e1s 365 es un diario digital independiente, fundado en 2012, con base en Asturias. Informamos con rigor sobre actualidad, sociedad, cultura y ocio, con una mirada local y global.\",\"url\":\"https:\\\/\\\/candas365.es\\\/noticias\\\/\",\"email\":\"info@candas365.es\",\"telephone\":\"+34652131393\",\"foundingDate\":\"2012-06-10\",\"logo\":{\"@type\":\"ImageObject\",\"url\":\"https:\\\/\\\/candas365.es\\\/noticias\\\/wp-content\\\/uploads\\\/2024\\\/09\\\/Candas-365-Redes.jpg\",\"@id\":\"https:\\\/\\\/candas365.es\\\/noticias\\\/la-gladiator-race-llega-a-asturias-el-proximo-fin-de-semana\\\/#organizationLogo\",\"width\":1152,\"height\":864,\"caption\":\"Cand\\u00e1s 365 Redes\"},\"image\":{\"@id\":\"https:\\\/\\\/candas365.es\\\/noticias\\\/la-gladiator-race-llega-a-asturias-el-proximo-fin-de-semana\\\/#organizationLogo\"},\"sameAs\":[\"https:\\\/\\\/www.facebook.com\\\/Nachofdezber\",\"https:\\\/\\\/x.com\\\/NabercoDigital\",\"https:\\\/\\\/www.instagram.com\\\/nachofdezber\\\/\",\"https:\\\/\\\/www.youtube.com\\\/channel\\\/UCZP-2wLEB9Rv6erhFmqVnvg\"],\"address\":{\"@id\":\"https:\\\/\\\/candas365.es\\\/noticias\\\/#postaladdress\",\"@type\":\"PostalAddress\",\"streetAddress\":\"san antonio 4, san antonio 4\",\"postalCode\":\"33430\",\"addressLocality\":\"Cand\\u00e1s\",\"addressRegion\":\"Asturias\",\"addressCountry\":\"ES\"}},{\"@type\":\"Person\",\"@id\":\"https:\\\/\\\/candas365.es\\\/noticias\\\/author\\\/admin\\\/#author\",\"url\":\"https:\\\/\\\/candas365.es\\\/noticias\\\/author\\\/admin\\\/\",\"name\":\"Cand\\u00e1s 365\",\"image\":{\"@type\":\"ImageObject\",\"@id\":\"https:\\\/\\\/candas365.es\\\/noticias\\\/la-gladiator-race-llega-a-asturias-el-proximo-fin-de-semana\\\/#authorImage\",\"url\":\"https:\\\/\\\/secure.gravatar.com\\\/avatar\\\/496a8e03d0c493ede1718b7934145dbdf8d89be1036b0eec9544e1094c9de390?s=96&d=mm&r=g\",\"width\":96,\"height\":96,\"caption\":\"Cand\\u00e1s 365\"},\"sameAs\":[\"https:\\\/\\\/www.facebook.com\\\/carrenoactualidad\",\"https:\\\/\\\/twitter.com\\\/nbasturias\",\"https:\\\/\\\/www.instagram.com\\\/nachofdezber\\\/\",\"https:\\\/\\\/www.youtube.com\\\/channel\\\/UCZP-2wLEB9Rv6erhFmqVnvg\"]},{\"@type\":\"WebPage\",\"@id\":\"https:\\\/\\\/candas365.es\\\/noticias\\\/la-gladiator-race-llega-a-asturias-el-proximo-fin-de-semana\\\/#webpage\",\"url\":\"https:\\\/\\\/candas365.es\\\/noticias\\\/la-gladiator-race-llega-a-asturias-el-proximo-fin-de-semana\\\/\",\"name\":\"La Gladiator Race llega a Asturias el pr\\u00f3ximo fin de semana | Cand\\u00e1s 365\",\"description\":\"La carrera de obst\\u00e1culos Gladiator Race llegar\\u00e1 a Asturias el pr\\u00f3ximo 2 de julio. La prueba se disputar\\u00e1 en La Fresneda (Siero) y ya cuenta con cerca de 600 participantes confirmados. Las inscripciones contin\\u00faan abiertas en su web oficial www.gladiatorrace.es hasta el martes 28 de junio. Seg\\u00fan explica la organizaci\\u00f3n en una nota de prensa,\",\"inLanguage\":\"es-ES\",\"isPartOf\":{\"@id\":\"https:\\\/\\\/candas365.es\\\/noticias\\\/#website\"},\"breadcrumb\":{\"@id\":\"https:\\\/\\\/candas365.es\\\/noticias\\\/la-gladiator-race-llega-a-asturias-el-proximo-fin-de-semana\\\/#breadcrumblist\"},\"author\":{\"@id\":\"https:\\\/\\\/candas365.es\\\/noticias\\\/author\\\/admin\\\/#author\"},\"creator\":{\"@id\":\"https:\\\/\\\/candas365.es\\\/noticias\\\/author\\\/admin\\\/#author\"},\"image\":{\"@type\":\"ImageObject\",\"url\":\"https:\\\/\\\/candas365.es\\\/noticias\\\/wp-content\\\/uploads\\\/2016\\\/06\\\/fotonoticia_20160626112951_800.jpg\",\"@id\":\"https:\\\/\\\/candas365.es\\\/noticias\\\/la-gladiator-race-llega-a-asturias-el-proximo-fin-de-semana\\\/#mainImage\",\"width\":800,\"height\":418},\"primaryImageOfPage\":{\"@id\":\"https:\\\/\\\/candas365.es\\\/noticias\\\/la-gladiator-race-llega-a-asturias-el-proximo-fin-de-semana\\\/#mainImage\"},\"datePublished\":\"2016-06-26T22:32:27+02:00\",\"dateModified\":\"2016-06-26T22:33:35+02:00\"},{\"@type\":\"WebSite\",\"@id\":\"https:\\\/\\\/candas365.es\\\/noticias\\\/#website\",\"url\":\"https:\\\/\\\/candas365.es\\\/noticias\\\/\",\"name\":\"Cand\\u00e1s 365\",\"alternateName\":\"Cand\\u00e1s 365 Noticias\",\"description\":\"Actualidad desde Carre\\u00f1o para el mundo\",\"inLanguage\":\"es-ES\",\"publisher\":{\"@id\":\"https:\\\/\\\/candas365.es\\\/noticias\\\/#organization\"}}]}\n\t\t<\/script>\n\t\t<!-- All in One SEO Pro -->\r\n\t\t<title>La Gladiator Race llega a Asturias el pr\u00f3ximo fin de semana | Cand\u00e1s 365<\/title>\n\n","aioseo_head_json":{"title":"La Gladiator Race llega a Asturias el pr\u00f3ximo fin de semana | Cand\u00e1s 365","description":"La carrera de obst\u00e1culos Gladiator Race llegar\u00e1 a Asturias el pr\u00f3ximo 2 de julio. La prueba se disputar\u00e1 en La Fresneda (Siero) y ya cuenta con cerca de 600 participantes confirmados. Las inscripciones contin\u00faan abiertas en su web oficial www.gladiatorrace.es hasta el martes 28 de junio. Seg\u00fan explica la organizaci\u00f3n en una nota de prensa,","canonical_url":"https:\/\/candas365.es\/noticias\/la-gladiator-race-llega-a-asturias-el-proximo-fin-de-semana\/","robots":"max-image-preview:large","keywords":"actualidad","webmasterTools":{"google-site-verification":"UA-32230408-1","msvalidate.01":"354F3CDFB2DA171B47FBE9ABF1F88D5","miscellaneous":""},"schema":{"@context":"https:\/\/schema.org","@graph":[{"@type":"BreadcrumbList","@id":"https:\/\/candas365.es\/noticias\/la-gladiator-race-llega-a-asturias-el-proximo-fin-de-semana\/#breadcrumblist","itemListElement":[{"@type":"ListItem","@id":"https:\/\/candas365.es\/noticias#listItem","position":1,"name":"Home","item":"https:\/\/candas365.es\/noticias","nextItem":{"@type":"ListItem","@id":"https:\/\/candas365.es\/noticias\/category\/actualidad\/#listItem","name":"Actualidad"}},{"@type":"ListItem","@id":"https:\/\/candas365.es\/noticias\/category\/actualidad\/#listItem","position":2,"name":"Actualidad","item":"https:\/\/candas365.es\/noticias\/category\/actualidad\/","nextItem":{"@type":"ListItem","@id":"https:\/\/candas365.es\/noticias\/la-gladiator-race-llega-a-asturias-el-proximo-fin-de-semana\/#listItem","name":"La Gladiator Race llega a Asturias el pr\u00f3ximo fin de semana"},"previousItem":{"@type":"ListItem","@id":"https:\/\/candas365.es\/noticias#listItem","name":"Home"}},{"@type":"ListItem","@id":"https:\/\/candas365.es\/noticias\/la-gladiator-race-llega-a-asturias-el-proximo-fin-de-semana\/#listItem","position":3,"name":"La Gladiator Race llega a Asturias el pr\u00f3ximo fin de semana","previousItem":{"@type":"ListItem","@id":"https:\/\/candas365.es\/noticias\/category\/actualidad\/#listItem","name":"Actualidad"}}]},{"@type":"NewsArticle","@id":"https:\/\/candas365.es\/noticias\/la-gladiator-race-llega-a-asturias-el-proximo-fin-de-semana\/#newsarticle","name":"La Gladiator Race llega a Asturias el pr\u00f3ximo fin de semana | Cand\u00e1s 365","headline":"La Gladiator Race llega a Asturias el pr\u00f3ximo fin de semana","author":{"@id":"https:\/\/candas365.es\/noticias\/author\/admin\/#author"},"publisher":{"@id":"https:\/\/candas365.es\/noticias\/#organization"},"image":{"@type":"ImageObject","url":"https:\/\/candas365.es\/noticias\/wp-content\/uploads\/2016\/06\/fotonoticia_20160626112951_800.jpg","width":800,"height":418},"datePublished":"2016-06-26T22:32:27+02:00","dateModified":"2016-06-26T22:33:35+02:00","inLanguage":"es-ES","mainEntityOfPage":{"@id":"https:\/\/candas365.es\/noticias\/la-gladiator-race-llega-a-asturias-el-proximo-fin-de-semana\/#webpage"},"isPartOf":{"@id":"https:\/\/candas365.es\/noticias\/la-gladiator-race-llega-a-asturias-el-proximo-fin-de-semana\/#webpage"},"articleSection":"Actualidad","dateline":"Publicado el junio 26, 2016."},{"@type":"Organization","@id":"https:\/\/candas365.es\/noticias\/#organization","name":"Cand\u00e1s 365","description":"Cand\u00e1s 365 es un diario digital independiente, fundado en 2012, con base en Asturias. Informamos con rigor sobre actualidad, sociedad, cultura y ocio, con una mirada local y global.","url":"https:\/\/candas365.es\/noticias\/","email":"info@candas365.es","telephone":"+34652131393","foundingDate":"2012-06-10","logo":{"@type":"ImageObject","url":"https:\/\/candas365.es\/noticias\/wp-content\/uploads\/2024\/09\/Candas-365-Redes.jpg","@id":"https:\/\/candas365.es\/noticias\/la-gladiator-race-llega-a-asturias-el-proximo-fin-de-semana\/#organizationLogo","width":1152,"height":864,"caption":"Cand\u00e1s 365 Redes"},"image":{"@id":"https:\/\/candas365.es\/noticias\/la-gladiator-race-llega-a-asturias-el-proximo-fin-de-semana\/#organizationLogo"},"sameAs":["https:\/\/www.facebook.com\/Nachofdezber","https:\/\/x.com\/NabercoDigital","https:\/\/www.instagram.com\/nachofdezber\/","https:\/\/www.youtube.com\/channel\/UCZP-2wLEB9Rv6erhFmqVnvg"],"address":{"@id":"https:\/\/candas365.es\/noticias\/#postaladdress","@type":"PostalAddress","streetAddress":"san antonio 4, san antonio 4","postalCode":"33430","addressLocality":"Cand\u00e1s","addressRegion":"Asturias","addressCountry":"ES"}},{"@type":"Person","@id":"https:\/\/candas365.es\/noticias\/author\/admin\/#author","url":"https:\/\/candas365.es\/noticias\/author\/admin\/","name":"Cand\u00e1s 365","image":{"@type":"ImageObject","@id":"https:\/\/candas365.es\/noticias\/la-gladiator-race-llega-a-asturias-el-proximo-fin-de-semana\/#authorImage","url":"https:\/\/secure.gravatar.com\/avatar\/496a8e03d0c493ede1718b7934145dbdf8d89be1036b0eec9544e1094c9de390?s=96&d=mm&r=g","width":96,"height":96,"caption":"Cand\u00e1s 365"},"sameAs":["https:\/\/www.facebook.com\/carrenoactualidad","https:\/\/twitter.com\/nbasturias","https:\/\/www.instagram.com\/nachofdezber\/","https:\/\/www.youtube.com\/channel\/UCZP-2wLEB9Rv6erhFmqVnvg"]},{"@type":"WebPage","@id":"https:\/\/candas365.es\/noticias\/la-gladiator-race-llega-a-asturias-el-proximo-fin-de-semana\/#webpage","url":"https:\/\/candas365.es\/noticias\/la-gladiator-race-llega-a-asturias-el-proximo-fin-de-semana\/","name":"La Gladiator Race llega a Asturias el pr\u00f3ximo fin de semana | Cand\u00e1s 365","description":"La carrera de obst\u00e1culos Gladiator Race llegar\u00e1 a Asturias el pr\u00f3ximo 2 de julio. La prueba se disputar\u00e1 en La Fresneda (Siero) y ya cuenta con cerca de 600 participantes confirmados. Las inscripciones contin\u00faan abiertas en su web oficial www.gladiatorrace.es hasta el martes 28 de junio. Seg\u00fan explica la organizaci\u00f3n en una nota de prensa,","inLanguage":"es-ES","isPartOf":{"@id":"https:\/\/candas365.es\/noticias\/#website"},"breadcrumb":{"@id":"https:\/\/candas365.es\/noticias\/la-gladiator-race-llega-a-asturias-el-proximo-fin-de-semana\/#breadcrumblist"},"author":{"@id":"https:\/\/candas365.es\/noticias\/author\/admin\/#author"},"creator":{"@id":"https:\/\/candas365.es\/noticias\/author\/admin\/#author"},"image":{"@type":"ImageObject","url":"https:\/\/candas365.es\/noticias\/wp-content\/uploads\/2016\/06\/fotonoticia_20160626112951_800.jpg","@id":"https:\/\/candas365.es\/noticias\/la-gladiator-race-llega-a-asturias-el-proximo-fin-de-semana\/#mainImage","width":800,"height":418},"primaryImageOfPage":{"@id":"https:\/\/candas365.es\/noticias\/la-gladiator-race-llega-a-asturias-el-proximo-fin-de-semana\/#mainImage"},"datePublished":"2016-06-26T22:32:27+02:00","dateModified":"2016-06-26T22:33:35+02:00"},{"@type":"WebSite","@id":"https:\/\/candas365.es\/noticias\/#website","url":"https:\/\/candas365.es\/noticias\/","name":"Cand\u00e1s 365","alternateName":"Cand\u00e1s 365 Noticias","description":"Actualidad desde Carre\u00f1o para el mundo","inLanguage":"es-ES","publisher":{"@id":"https:\/\/candas365.es\/noticias\/#organization"}}]},"og:locale":"es_ES","og:site_name":"Cand\u00e1s 365","og:type":"article","og:title":"La Gladiator Race llega a Asturias el pr\u00f3ximo fin de semana | Cand\u00e1s 365","og:description":"La carrera de obst\u00e1culos Gladiator Race llegar\u00e1 a Asturias el pr\u00f3ximo 2 de julio. La prueba se disputar\u00e1 en La Fresneda (Siero) y ya cuenta con cerca de 600 participantes confirmados. Las inscripciones contin\u00faan abiertas en su web oficial www.gladiatorrace.es hasta el martes 28 de junio. Seg\u00fan explica la organizaci\u00f3n en una nota de prensa,","og:url":"https:\/\/candas365.es\/noticias\/la-gladiator-race-llega-a-asturias-el-proximo-fin-de-semana\/","og:image":"https:\/\/candas365.es\/noticias\/wp-content\/uploads\/2016\/06\/fotonoticia_20160626112951_800.jpg","og:image:secure_url":"https:\/\/candas365.es\/noticias\/wp-content\/uploads\/2016\/06\/fotonoticia_20160626112951_800.jpg","og:image:width":800,"og:image:height":418,"article:published_time":"2016-06-26T21:02:27+00:00","article:modified_time":"2016-06-26T21:03:35+00:00","article:publisher":"https:\/\/www.facebook.com\/Nachofdezber","article:author":"https:\/\/www.facebook.com\/carrenoactualidad","twitter:card":"summary_large_image","twitter:site":"@NabercoDigital","twitter:title":"La Gladiator Race llega a Asturias el pr\u00f3ximo fin de semana | Cand\u00e1s 365","twitter:description":"La carrera de obst\u00e1culos Gladiator Race llegar\u00e1 a Asturias el pr\u00f3ximo 2 de julio. La prueba se disputar\u00e1 en La Fresneda (Siero) y ya cuenta con cerca de 600 participantes confirmados. Las inscripciones contin\u00faan abiertas en su web oficial www.gladiatorrace.es hasta el martes 28 de junio. Seg\u00fan explica la organizaci\u00f3n en una nota de prensa,","twitter:creator":"@nbasturias","twitter:image":"https:\/\/candas365.es\/noticias\/wp-content\/uploads\/2016\/06\/fotonoticia_20160626112951_800.jpg","twitter:label1":"Escrito por","twitter:data1":"Cand\u00e1s 365","twitter:label2":"Tiempo de lectura estimado","twitter:data2":"2 minutos"},"aioseo_meta_data":{"post_id":"31353","title":null,"description":null,"keywords":null,"keyphrases":null,"primary_term":null,"canonical_url":null,"og_title":null,"og_description":null,"og_object_type":"default","og_image_type":"default","og_image_url":null,"og_image_width":null,"og_image_height":null,"og_image_custom_url":null,"og_image_custom_fields":null,"og_video":null,"og_custom_url":null,"og_article_section":null,"og_article_tags":null,"twitter_use_og":false,"twitter_card":"default","twitter_image_type":"default","twitter_image_url":null,"twitter_image_custom_url":null,"twitter_image_custom_fields":null,"twitter_title":null,"twitter_description":null,"schema":{"blockGraphs":[],"customGraphs":[],"default":{"data":{"Article":[],"Course":[],"Dataset":[],"FAQPage":[],"Movie":[],"Person":[],"Product":[],"ProductReview":[],"Car":[],"Recipe":[],"Service":[],"SoftwareApplication":[],"WebPage":[]},"graphName":"","isEnabled":true},"graphs":[],"defaultGraph":"","defaultPostTypeGraph":""},"schema_type":null,"schema_type_options":null,"pillar_content":false,"robots_default":true,"robots_noindex":false,"robots_noarchive":false,"robots_nosnippet":false,"robots_nofollow":false,"robots_noimageindex":false,"robots_noodp":false,"robots_notranslate":false,"robots_max_snippet":null,"robots_max_videopreview":null,"robots_max_imagepreview":"large","priority":null,"frequency":null,"location":null,"local_seo":null,"seo_analyzer_scan_date":"2025-08-24 13:46:13","breadcrumb_settings":null,"limit_modified_date":false,"reviewed_by":null,"open_ai":null,"ai":null,"created":"2020-12-21 13:00:54","updated":"2025-08-24 13:46:13"},"aioseo_breadcrumb":"<div class=\"aioseo-breadcrumbs\"><span class=\"aioseo-breadcrumb\">\n\t<a href=\"https:\/\/candas365.es\/noticias\" title=\"Home\">Home<\/a>\n<\/span><span class=\"aioseo-breadcrumb-separator\">&ndash;<\/span><span class=\"aioseo-breadcrumb\">\n\t<a href=\"https:\/\/candas365.es\/noticias\/category\/actualidad\/\" title=\"Actualidad\">Actualidad<\/a>\n<\/span><span class=\"aioseo-breadcrumb-separator\">&ndash;<\/span><span class=\"aioseo-breadcrumb\">\n\tLa Gladiator Race llega a Asturias el pr\u00f3ximo fin de semana\n<\/span><\/div>","aioseo_breadcrumb_json":[{"label":"Home","link":"https:\/\/candas365.es\/noticias"},{"label":"Actualidad","link":"https:\/\/candas365.es\/noticias\/category\/actualidad\/"},{"label":"La Gladiator Race llega a Asturias el pr\u00f3ximo fin de semana","link":"https:\/\/candas365.es\/noticias\/la-gladiator-race-llega-a-asturias-el-proximo-fin-de-semana\/"}],"_links":{"self":[{"href":"https:\/\/candas365.es\/noticias\/wp-json\/wp\/v2\/posts\/31353","targetHints":{"allow":["GET"]}}],"collection":[{"href":"https:\/\/candas365.es\/noticias\/wp-json\/wp\/v2\/posts"}],"about":[{"href":"https:\/\/candas365.es\/noticias\/wp-json\/wp\/v2\/types\/post"}],"author":[{"embeddable":true,"href":"https:\/\/candas365.es\/noticias\/wp-json\/wp\/v2\/users\/1"}],"replies":[{"embeddable":true,"href":"https:\/\/candas365.es\/noticias\/wp-json\/wp\/v2\/comments?post=31353"}],"version-history":[{"count":0,"href":"https:\/\/candas365.es\/noticias\/wp-json\/wp\/v2\/posts\/31353\/revisions"}],"wp:featuredmedia":[{"embeddable":true,"href":"https:\/\/candas365.es\/noticias\/wp-json\/wp\/v2\/media\/31354"}],"wp:attachment":[{"href":"https:\/\/candas365.es\/noticias\/wp-json\/wp\/v2\/media?parent=31353"}],"wp:term":[{"taxonomy":"category","embeddable":true,"href":"https:\/\/candas365.es\/noticias\/wp-json\/wp\/v2\/categories?post=31353"},{"taxonomy":"post_tag","embeddable":true,"href":"https:\/\/candas365.es\/noticias\/wp-json\/wp\/v2\/tags?post=31353"}],"curies":[{"name":"wp","href":"https:\/\/api.w.org\/{rel}","templated":true}]}}