{"id":31325,"date":"2016-06-26T00:22:33","date_gmt":"2016-06-25T22:52:33","guid":{"rendered":"http:\/\/candas365.es\/noticias\/?p=31325"},"modified":"2016-06-26T00:22:33","modified_gmt":"2016-06-25T22:52:33","slug":"abierto-el-plazo-de-inscripcion-para-la-vii-edicion-de-liferay-symposium-spain","status":"publish","type":"post","link":"https:\/\/candas365.es\/noticias\/abierto-el-plazo-de-inscripcion-para-la-vii-edicion-de-liferay-symposium-spain\/","title":{"rendered":"Abierto el plazo de inscripci\u00f3n para la VII edici\u00f3n de Liferay Symposium Spain"},"content":{"rendered":"<p><img fetchpriority=\"high\" decoding=\"async\" class=\"alignleft size-medium wp-image-31326\" src=\"https:\/\/candas365.es\/noticias\/wp-content\/uploads\/2016\/06\/1466697350_Liferay_Symposium_15_036-360x240.jpg\" alt=\"1466697350_Liferay_Symposium_15_036\" width=\"360\" height=\"240\" srcset=\"https:\/\/candas365.es\/noticias\/wp-content\/uploads\/2016\/06\/1466697350_Liferay_Symposium_15_036-360x240.jpg 360w, https:\/\/candas365.es\/noticias\/wp-content\/uploads\/2016\/06\/1466697350_Liferay_Symposium_15_036-650x433.jpg 650w, https:\/\/candas365.es\/noticias\/wp-content\/uploads\/2016\/06\/1466697350_Liferay_Symposium_15_036-768x512.jpg 768w, https:\/\/candas365.es\/noticias\/wp-content\/uploads\/2016\/06\/1466697350_Liferay_Symposium_15_036-150x100.jpg 150w, https:\/\/candas365.es\/noticias\/wp-content\/uploads\/2016\/06\/1466697350_Liferay_Symposium_15_036-450x300.jpg 450w, https:\/\/candas365.es\/noticias\/wp-content\/uploads\/2016\/06\/1466697350_Liferay_Symposium_15_036-655x436.jpg 655w, https:\/\/candas365.es\/noticias\/wp-content\/uploads\/2016\/06\/1466697350_Liferay_Symposium_15_036-696x464.jpg 696w, https:\/\/candas365.es\/noticias\/wp-content\/uploads\/2016\/06\/1466697350_Liferay_Symposium_15_036-630x420.jpg 630w, https:\/\/candas365.es\/noticias\/wp-content\/uploads\/2016\/06\/1466697350_Liferay_Symposium_15_036-84x55.jpg 84w, https:\/\/candas365.es\/noticias\/wp-content\/uploads\/2016\/06\/1466697350_Liferay_Symposium_15_036.jpg 800w\" sizes=\"(max-width: 360px) 100vw, 360px\" \/>Liferay Inc., proveedor de la plataforma Open Source l\u00edder para la creaci\u00f3n de experiencias digitales, ha anunciado hoy la apertura del plazo de inscripci\u00f3n para la VII edici\u00f3n de su Symposium anual en Espa\u00f1a. Se trata de una nueva edici\u00f3n dirigida a un amplio p\u00fablico de profesionales interesados en saber m\u00e1s sobre innovaci\u00f3n y c\u00f3mo sentar las bases de la transformaci\u00f3n digital; desde CIOs, project managers o responsables de marketing, comunicaci\u00f3n o estrategia digital, a tecn\u00f3logos y usuarios de Liferay en general.<\/p>\n<p>Liferay Symposium Spain 2016 tendr\u00e1 lugar los d\u00edas 19 y 20 de octubre en el hotel Eurostars Mirasierra de Madrid y en su agenda incluye m\u00e1s de 40 sesiones t\u00e9cnicas y de negocio, talleres, mesas redondas y casos de usuario contados en primera persona por sus protagonistas. El evento se centrar\u00e1, a trav\u00e9s de todas estas actividades, en c\u00f3mo las empresas pueden modernizar sus procesos de negocios y mejorar las experiencias digitales que ofrecen a sus usuarios a trav\u00e9s de cualquier tipo de dispositivo conectado a internet, ya sea fijo o m\u00f3vil.<\/p>\n<p>Concretamente, los asistentes podr\u00e1n profundizar en tem\u00e1ticas como innovaci\u00f3n digital, business agility, integraci\u00f3n, experiencias m\u00f3viles o tecnolog\u00eda multicanal. \u201cQueremos que Liferay Symposium sea un lugar donde obtener las mejores pr\u00e1cticas para sentar las bases de la transformaci\u00f3n digital en cualquier empresa y conseguir el objetivo final de esa transformaci\u00f3n, que no es otro que una \u00f3ptima y consistente experiencia de usuario\u201d, destaca Carolina Moreno, directora general de Liferay para el Sur de Europa.<\/p>\n<p>Liferay Symposium Spain 2016 contar\u00e1 con la presencia de los principales directivos de la multinacional, entre ellos el espa\u00f1ol Jorge Ferrer, vicepresidente de Ingenier\u00eda y Bryan Cheung, CEO de Liferay. La compa\u00f1\u00eda contar\u00e1 tambi\u00e9n con la colaboraci\u00f3n y patrocinio platinum de sus partners Deloitte, everis y VASS.<\/p>\n<p><strong>Tecnolog\u00eda flexible para optimizar las experiencias<\/strong><\/p>\n<p>Liferay anunciaba recientemente el lanzamiento de la nueva plataforma Liferay Digital Experience Platform (Liferay DXP), dise\u00f1ada para ayudar a las empresas a crear y gestionar experiencias que den soporte al ciclo de vida completo de la relaci\u00f3n con el cliente. \u201cLa experiencia del cliente es ahora m\u00e1s importante que nunca. La estrategia de Liferay se focaliza en optimizarla y, en el marco del Symposium, pretendemos trasladar a los asistentes soluciones pr\u00e1cticas a esta necesidad y nuevas perspectivas para estrechar la relaci\u00f3n con sus clientes\u201d, destaca Moreno.<\/p>\n<p>La tecnolog\u00eda de Liferay es ya utilizada en nuestro pa\u00eds por empresas como ADIF, Pullmantur, Liberty Seguros, Caser o RACE; organismos p\u00fablicos como la Comunidad de Madrid, el Principado de Asturias, Diputaci\u00f3n de Barcelona o el Gobierno de Cantabria; ONGs como Cruz Roja y universidades como la Aut\u00f3noma de Barcelona o la Universidad del Pa\u00eds Vasco, entre muchas otras.<\/p>\n<p>&nbsp;<\/p>\n","protected":false},"excerpt":{"rendered":"<p>Liferay Inc., proveedor de la plataforma Open Source l\u00edder para la creaci\u00f3n de experiencias digitales, ha anunciado hoy la apertura del plazo de inscripci\u00f3n para la VII edici\u00f3n de su Symposium anual en Espa\u00f1a. Se trata de una nueva edici\u00f3n dirigida a un amplio p\u00fablico de profesionales interesados en saber m\u00e1s sobre innovaci\u00f3n y c\u00f3mo<\/p>\n","protected":false},"author":1,"featured_media":31326,"comment_status":"closed","ping_status":"closed","sticky":false,"template":"","format":"standard","meta":{"footnotes":""},"categories":[343],"tags":[],"class_list":{"0":"post-31325","1":"post","2":"type-post","3":"status-publish","4":"format-standard","5":"has-post-thumbnail","7":"category-actualidad"},"aioseo_notices":[],"aioseo_head":"\n\t\t<!-- All in One SEO Pro 4.9.6.2 - aioseo.com -->\n\t<meta name=\"description\" content=\"Liferay Inc., proveedor de la plataforma Open Source l\u00edder para la creaci\u00f3n de experiencias digitales, ha anunciado hoy la apertura del plazo de inscripci\u00f3n para la VII edici\u00f3n de su Symposium anual en Espa\u00f1a. Se trata de una nueva edici\u00f3n dirigida a un amplio p\u00fablico de profesionales interesados en saber m\u00e1s sobre innovaci\u00f3n y c\u00f3mo\" \/>\n\t<meta name=\"robots\" content=\"max-image-preview:large\" \/>\n\t<meta name=\"author\" content=\"Cand\u00e1s 365\"\/>\n\t<meta name=\"google-site-verification\" content=\"UA-32230408-1\" \/>\n\t<meta name=\"msvalidate.01\" content=\"354F3CDFB2DA171B47FBE9ABF1F88D5\" \/>\n\t<meta name=\"keywords\" content=\"actualidad\" \/>\n\t<link rel=\"canonical\" href=\"https:\/\/candas365.es\/noticias\/abierto-el-plazo-de-inscripcion-para-la-vii-edicion-de-liferay-symposium-spain\/\" \/>\n\t<meta name=\"generator\" content=\"All in One SEO Pro (AIOSEO) 4.9.6.2\" \/>\n\t\t<meta property=\"og:locale\" content=\"es_ES\" \/>\n\t\t<meta property=\"og:site_name\" content=\"Cand\u00e1s 365\" \/>\n\t\t<meta property=\"og:type\" content=\"article\" \/>\n\t\t<meta property=\"og:title\" content=\"Abierto el plazo de inscripci\u00f3n para la VII edici\u00f3n de Liferay Symposium Spain | Cand\u00e1s 365\" \/>\n\t\t<meta property=\"og:description\" content=\"Liferay Inc., proveedor de la plataforma Open Source l\u00edder para la creaci\u00f3n de experiencias digitales, ha anunciado hoy la apertura del plazo de inscripci\u00f3n para la VII edici\u00f3n de su Symposium anual en Espa\u00f1a. Se trata de una nueva edici\u00f3n dirigida a un amplio p\u00fablico de profesionales interesados en saber m\u00e1s sobre innovaci\u00f3n y c\u00f3mo\" \/>\n\t\t<meta property=\"og:url\" content=\"https:\/\/candas365.es\/noticias\/abierto-el-plazo-de-inscripcion-para-la-vii-edicion-de-liferay-symposium-spain\/\" \/>\n\t\t<meta property=\"og:image\" content=\"https:\/\/candas365.es\/noticias\/wp-content\/uploads\/2016\/06\/1466697350_Liferay_Symposium_15_036.jpg\" \/>\n\t\t<meta property=\"og:image:secure_url\" content=\"https:\/\/candas365.es\/noticias\/wp-content\/uploads\/2016\/06\/1466697350_Liferay_Symposium_15_036.jpg\" \/>\n\t\t<meta property=\"og:image:width\" content=\"800\" \/>\n\t\t<meta property=\"og:image:height\" content=\"533\" \/>\n\t\t<meta property=\"article:published_time\" content=\"2016-06-25T22:52:33+00:00\" \/>\n\t\t<meta property=\"article:modified_time\" content=\"2016-06-25T22:52:33+00:00\" \/>\n\t\t<meta property=\"article:publisher\" content=\"https:\/\/www.facebook.com\/Nachofdezber\" \/>\n\t\t<meta property=\"article:author\" content=\"https:\/\/www.facebook.com\/carrenoactualidad\" \/>\n\t\t<meta name=\"twitter:card\" content=\"summary_large_image\" \/>\n\t\t<meta name=\"twitter:site\" content=\"@NabercoDigital\" \/>\n\t\t<meta name=\"twitter:title\" content=\"Abierto el plazo de inscripci\u00f3n para la VII edici\u00f3n de Liferay Symposium Spain | Cand\u00e1s 365\" \/>\n\t\t<meta name=\"twitter:description\" content=\"Liferay Inc., proveedor de la plataforma Open Source l\u00edder para la creaci\u00f3n de experiencias digitales, ha anunciado hoy la apertura del plazo de inscripci\u00f3n para la VII edici\u00f3n de su Symposium anual en Espa\u00f1a. Se trata de una nueva edici\u00f3n dirigida a un amplio p\u00fablico de profesionales interesados en saber m\u00e1s sobre innovaci\u00f3n y c\u00f3mo\" \/>\n\t\t<meta name=\"twitter:creator\" content=\"@nbasturias\" \/>\n\t\t<meta name=\"twitter:image\" content=\"https:\/\/candas365.es\/noticias\/wp-content\/uploads\/2016\/06\/1466697350_Liferay_Symposium_15_036.jpg\" \/>\n\t\t<meta name=\"twitter:label1\" content=\"Escrito por\" \/>\n\t\t<meta name=\"twitter:data1\" content=\"Cand\u00e1s 365\" \/>\n\t\t<meta name=\"twitter:label2\" content=\"Tiempo de lectura estimado\" \/>\n\t\t<meta name=\"twitter:data2\" content=\"2 minutos\" \/>\n\t\t<script type=\"application\/ld+json\" class=\"aioseo-schema\">\n\t\t\t{\"@context\":\"https:\\\/\\\/schema.org\",\"@graph\":[{\"@type\":\"BreadcrumbList\",\"@id\":\"https:\\\/\\\/candas365.es\\\/noticias\\\/abierto-el-plazo-de-inscripcion-para-la-vii-edicion-de-liferay-symposium-spain\\\/#breadcrumblist\",\"itemListElement\":[{\"@type\":\"ListItem\",\"@id\":\"https:\\\/\\\/candas365.es\\\/noticias#listItem\",\"position\":1,\"name\":\"Home\",\"item\":\"https:\\\/\\\/candas365.es\\\/noticias\",\"nextItem\":{\"@type\":\"ListItem\",\"@id\":\"https:\\\/\\\/candas365.es\\\/noticias\\\/category\\\/actualidad\\\/#listItem\",\"name\":\"Actualidad\"}},{\"@type\":\"ListItem\",\"@id\":\"https:\\\/\\\/candas365.es\\\/noticias\\\/category\\\/actualidad\\\/#listItem\",\"position\":2,\"name\":\"Actualidad\",\"item\":\"https:\\\/\\\/candas365.es\\\/noticias\\\/category\\\/actualidad\\\/\",\"nextItem\":{\"@type\":\"ListItem\",\"@id\":\"https:\\\/\\\/candas365.es\\\/noticias\\\/abierto-el-plazo-de-inscripcion-para-la-vii-edicion-de-liferay-symposium-spain\\\/#listItem\",\"name\":\"Abierto el plazo de inscripci\\u00f3n para la VII edici\\u00f3n de Liferay Symposium Spain\"},\"previousItem\":{\"@type\":\"ListItem\",\"@id\":\"https:\\\/\\\/candas365.es\\\/noticias#listItem\",\"name\":\"Home\"}},{\"@type\":\"ListItem\",\"@id\":\"https:\\\/\\\/candas365.es\\\/noticias\\\/abierto-el-plazo-de-inscripcion-para-la-vii-edicion-de-liferay-symposium-spain\\\/#listItem\",\"position\":3,\"name\":\"Abierto el plazo de inscripci\\u00f3n para la VII edici\\u00f3n de Liferay Symposium Spain\",\"previousItem\":{\"@type\":\"ListItem\",\"@id\":\"https:\\\/\\\/candas365.es\\\/noticias\\\/category\\\/actualidad\\\/#listItem\",\"name\":\"Actualidad\"}}]},{\"@type\":\"NewsArticle\",\"@id\":\"https:\\\/\\\/candas365.es\\\/noticias\\\/abierto-el-plazo-de-inscripcion-para-la-vii-edicion-de-liferay-symposium-spain\\\/#newsarticle\",\"name\":\"Abierto el plazo de inscripci\\u00f3n para la VII edici\\u00f3n de Liferay Symposium Spain | Cand\\u00e1s 365\",\"headline\":\"Abierto el plazo de inscripci\\u00f3n para la VII edici\\u00f3n de Liferay Symposium Spain\",\"author\":{\"@id\":\"https:\\\/\\\/candas365.es\\\/noticias\\\/author\\\/admin\\\/#author\"},\"publisher\":{\"@id\":\"https:\\\/\\\/candas365.es\\\/noticias\\\/#organization\"},\"image\":{\"@type\":\"ImageObject\",\"url\":\"https:\\\/\\\/candas365.es\\\/noticias\\\/wp-content\\\/uploads\\\/2016\\\/06\\\/1466697350_Liferay_Symposium_15_036.jpg\",\"width\":800,\"height\":533},\"datePublished\":\"2016-06-26T00:22:33+02:00\",\"dateModified\":\"2016-06-26T00:22:33+02:00\",\"inLanguage\":\"es-ES\",\"mainEntityOfPage\":{\"@id\":\"https:\\\/\\\/candas365.es\\\/noticias\\\/abierto-el-plazo-de-inscripcion-para-la-vii-edicion-de-liferay-symposium-spain\\\/#webpage\"},\"isPartOf\":{\"@id\":\"https:\\\/\\\/candas365.es\\\/noticias\\\/abierto-el-plazo-de-inscripcion-para-la-vii-edicion-de-liferay-symposium-spain\\\/#webpage\"},\"articleSection\":\"Actualidad\",\"dateline\":\"Publicado el junio 26, 2016.\"},{\"@type\":\"Organization\",\"@id\":\"https:\\\/\\\/candas365.es\\\/noticias\\\/#organization\",\"name\":\"Cand\\u00e1s 365\",\"description\":\"Cand\\u00e1s 365 es un diario digital independiente, fundado en 2012, con base en Asturias. Informamos con rigor sobre actualidad, sociedad, cultura y ocio, con una mirada local y global.\",\"url\":\"https:\\\/\\\/candas365.es\\\/noticias\\\/\",\"email\":\"info@candas365.es\",\"telephone\":\"+34652131393\",\"foundingDate\":\"2012-06-10\",\"logo\":{\"@type\":\"ImageObject\",\"url\":\"https:\\\/\\\/candas365.es\\\/noticias\\\/wp-content\\\/uploads\\\/2024\\\/09\\\/Candas-365-Redes.jpg\",\"@id\":\"https:\\\/\\\/candas365.es\\\/noticias\\\/abierto-el-plazo-de-inscripcion-para-la-vii-edicion-de-liferay-symposium-spain\\\/#organizationLogo\",\"width\":1152,\"height\":864,\"caption\":\"Cand\\u00e1s 365 Redes\"},\"image\":{\"@id\":\"https:\\\/\\\/candas365.es\\\/noticias\\\/abierto-el-plazo-de-inscripcion-para-la-vii-edicion-de-liferay-symposium-spain\\\/#organizationLogo\"},\"sameAs\":[\"https:\\\/\\\/www.facebook.com\\\/Nachofdezber\",\"https:\\\/\\\/x.com\\\/NabercoDigital\",\"https:\\\/\\\/www.instagram.com\\\/nachofdezber\\\/\",\"https:\\\/\\\/www.youtube.com\\\/channel\\\/UCZP-2wLEB9Rv6erhFmqVnvg\"],\"address\":{\"@id\":\"https:\\\/\\\/candas365.es\\\/noticias\\\/#postaladdress\",\"@type\":\"PostalAddress\",\"streetAddress\":\"san antonio 4, san antonio 4\",\"postalCode\":\"33430\",\"addressLocality\":\"Cand\\u00e1s\",\"addressRegion\":\"Asturias\",\"addressCountry\":\"ES\"}},{\"@type\":\"Person\",\"@id\":\"https:\\\/\\\/candas365.es\\\/noticias\\\/author\\\/admin\\\/#author\",\"url\":\"https:\\\/\\\/candas365.es\\\/noticias\\\/author\\\/admin\\\/\",\"name\":\"Cand\\u00e1s 365\",\"image\":{\"@type\":\"ImageObject\",\"@id\":\"https:\\\/\\\/candas365.es\\\/noticias\\\/abierto-el-plazo-de-inscripcion-para-la-vii-edicion-de-liferay-symposium-spain\\\/#authorImage\",\"url\":\"https:\\\/\\\/secure.gravatar.com\\\/avatar\\\/496a8e03d0c493ede1718b7934145dbdf8d89be1036b0eec9544e1094c9de390?s=96&d=mm&r=g\",\"width\":96,\"height\":96,\"caption\":\"Cand\\u00e1s 365\"},\"sameAs\":[\"https:\\\/\\\/www.facebook.com\\\/carrenoactualidad\",\"https:\\\/\\\/twitter.com\\\/nbasturias\",\"https:\\\/\\\/www.instagram.com\\\/nachofdezber\\\/\",\"https:\\\/\\\/www.youtube.com\\\/channel\\\/UCZP-2wLEB9Rv6erhFmqVnvg\"]},{\"@type\":\"WebPage\",\"@id\":\"https:\\\/\\\/candas365.es\\\/noticias\\\/abierto-el-plazo-de-inscripcion-para-la-vii-edicion-de-liferay-symposium-spain\\\/#webpage\",\"url\":\"https:\\\/\\\/candas365.es\\\/noticias\\\/abierto-el-plazo-de-inscripcion-para-la-vii-edicion-de-liferay-symposium-spain\\\/\",\"name\":\"Abierto el plazo de inscripci\\u00f3n para la VII edici\\u00f3n de Liferay Symposium Spain | Cand\\u00e1s 365\",\"description\":\"Liferay Inc., proveedor de la plataforma Open Source l\\u00edder para la creaci\\u00f3n de experiencias digitales, ha anunciado hoy la apertura del plazo de inscripci\\u00f3n para la VII edici\\u00f3n de su Symposium anual en Espa\\u00f1a. Se trata de una nueva edici\\u00f3n dirigida a un amplio p\\u00fablico de profesionales interesados en saber m\\u00e1s sobre innovaci\\u00f3n y c\\u00f3mo\",\"inLanguage\":\"es-ES\",\"isPartOf\":{\"@id\":\"https:\\\/\\\/candas365.es\\\/noticias\\\/#website\"},\"breadcrumb\":{\"@id\":\"https:\\\/\\\/candas365.es\\\/noticias\\\/abierto-el-plazo-de-inscripcion-para-la-vii-edicion-de-liferay-symposium-spain\\\/#breadcrumblist\"},\"author\":{\"@id\":\"https:\\\/\\\/candas365.es\\\/noticias\\\/author\\\/admin\\\/#author\"},\"creator\":{\"@id\":\"https:\\\/\\\/candas365.es\\\/noticias\\\/author\\\/admin\\\/#author\"},\"image\":{\"@type\":\"ImageObject\",\"url\":\"https:\\\/\\\/candas365.es\\\/noticias\\\/wp-content\\\/uploads\\\/2016\\\/06\\\/1466697350_Liferay_Symposium_15_036.jpg\",\"@id\":\"https:\\\/\\\/candas365.es\\\/noticias\\\/abierto-el-plazo-de-inscripcion-para-la-vii-edicion-de-liferay-symposium-spain\\\/#mainImage\",\"width\":800,\"height\":533},\"primaryImageOfPage\":{\"@id\":\"https:\\\/\\\/candas365.es\\\/noticias\\\/abierto-el-plazo-de-inscripcion-para-la-vii-edicion-de-liferay-symposium-spain\\\/#mainImage\"},\"datePublished\":\"2016-06-26T00:22:33+02:00\",\"dateModified\":\"2016-06-26T00:22:33+02:00\"},{\"@type\":\"WebSite\",\"@id\":\"https:\\\/\\\/candas365.es\\\/noticias\\\/#website\",\"url\":\"https:\\\/\\\/candas365.es\\\/noticias\\\/\",\"name\":\"Cand\\u00e1s 365\",\"alternateName\":\"Cand\\u00e1s 365 Noticias\",\"description\":\"Actualidad desde Carre\\u00f1o para el mundo\",\"inLanguage\":\"es-ES\",\"publisher\":{\"@id\":\"https:\\\/\\\/candas365.es\\\/noticias\\\/#organization\"}}]}\n\t\t<\/script>\n\t\t<!-- All in One SEO Pro -->\r\n\t\t<title>Abierto el plazo de inscripci\u00f3n para la VII edici\u00f3n de Liferay Symposium Spain | Cand\u00e1s 365<\/title>\n\n","aioseo_head_json":{"title":"Abierto el plazo de inscripci\u00f3n para la VII edici\u00f3n de Liferay Symposium Spain | Cand\u00e1s 365","description":"Liferay Inc., proveedor de la plataforma Open Source l\u00edder para la creaci\u00f3n de experiencias digitales, ha anunciado hoy la apertura del plazo de inscripci\u00f3n para la VII edici\u00f3n de su Symposium anual en Espa\u00f1a. Se trata de una nueva edici\u00f3n dirigida a un amplio p\u00fablico de profesionales interesados en saber m\u00e1s sobre innovaci\u00f3n y c\u00f3mo","canonical_url":"https:\/\/candas365.es\/noticias\/abierto-el-plazo-de-inscripcion-para-la-vii-edicion-de-liferay-symposium-spain\/","robots":"max-image-preview:large","keywords":"actualidad","webmasterTools":{"google-site-verification":"UA-32230408-1","msvalidate.01":"354F3CDFB2DA171B47FBE9ABF1F88D5","miscellaneous":""},"schema":{"@context":"https:\/\/schema.org","@graph":[{"@type":"BreadcrumbList","@id":"https:\/\/candas365.es\/noticias\/abierto-el-plazo-de-inscripcion-para-la-vii-edicion-de-liferay-symposium-spain\/#breadcrumblist","itemListElement":[{"@type":"ListItem","@id":"https:\/\/candas365.es\/noticias#listItem","position":1,"name":"Home","item":"https:\/\/candas365.es\/noticias","nextItem":{"@type":"ListItem","@id":"https:\/\/candas365.es\/noticias\/category\/actualidad\/#listItem","name":"Actualidad"}},{"@type":"ListItem","@id":"https:\/\/candas365.es\/noticias\/category\/actualidad\/#listItem","position":2,"name":"Actualidad","item":"https:\/\/candas365.es\/noticias\/category\/actualidad\/","nextItem":{"@type":"ListItem","@id":"https:\/\/candas365.es\/noticias\/abierto-el-plazo-de-inscripcion-para-la-vii-edicion-de-liferay-symposium-spain\/#listItem","name":"Abierto el plazo de inscripci\u00f3n para la VII edici\u00f3n de Liferay Symposium Spain"},"previousItem":{"@type":"ListItem","@id":"https:\/\/candas365.es\/noticias#listItem","name":"Home"}},{"@type":"ListItem","@id":"https:\/\/candas365.es\/noticias\/abierto-el-plazo-de-inscripcion-para-la-vii-edicion-de-liferay-symposium-spain\/#listItem","position":3,"name":"Abierto el plazo de inscripci\u00f3n para la VII edici\u00f3n de Liferay Symposium Spain","previousItem":{"@type":"ListItem","@id":"https:\/\/candas365.es\/noticias\/category\/actualidad\/#listItem","name":"Actualidad"}}]},{"@type":"NewsArticle","@id":"https:\/\/candas365.es\/noticias\/abierto-el-plazo-de-inscripcion-para-la-vii-edicion-de-liferay-symposium-spain\/#newsarticle","name":"Abierto el plazo de inscripci\u00f3n para la VII edici\u00f3n de Liferay Symposium Spain | Cand\u00e1s 365","headline":"Abierto el plazo de inscripci\u00f3n para la VII edici\u00f3n de Liferay Symposium Spain","author":{"@id":"https:\/\/candas365.es\/noticias\/author\/admin\/#author"},"publisher":{"@id":"https:\/\/candas365.es\/noticias\/#organization"},"image":{"@type":"ImageObject","url":"https:\/\/candas365.es\/noticias\/wp-content\/uploads\/2016\/06\/1466697350_Liferay_Symposium_15_036.jpg","width":800,"height":533},"datePublished":"2016-06-26T00:22:33+02:00","dateModified":"2016-06-26T00:22:33+02:00","inLanguage":"es-ES","mainEntityOfPage":{"@id":"https:\/\/candas365.es\/noticias\/abierto-el-plazo-de-inscripcion-para-la-vii-edicion-de-liferay-symposium-spain\/#webpage"},"isPartOf":{"@id":"https:\/\/candas365.es\/noticias\/abierto-el-plazo-de-inscripcion-para-la-vii-edicion-de-liferay-symposium-spain\/#webpage"},"articleSection":"Actualidad","dateline":"Publicado el junio 26, 2016."},{"@type":"Organization","@id":"https:\/\/candas365.es\/noticias\/#organization","name":"Cand\u00e1s 365","description":"Cand\u00e1s 365 es un diario digital independiente, fundado en 2012, con base en Asturias. Informamos con rigor sobre actualidad, sociedad, cultura y ocio, con una mirada local y global.","url":"https:\/\/candas365.es\/noticias\/","email":"info@candas365.es","telephone":"+34652131393","foundingDate":"2012-06-10","logo":{"@type":"ImageObject","url":"https:\/\/candas365.es\/noticias\/wp-content\/uploads\/2024\/09\/Candas-365-Redes.jpg","@id":"https:\/\/candas365.es\/noticias\/abierto-el-plazo-de-inscripcion-para-la-vii-edicion-de-liferay-symposium-spain\/#organizationLogo","width":1152,"height":864,"caption":"Cand\u00e1s 365 Redes"},"image":{"@id":"https:\/\/candas365.es\/noticias\/abierto-el-plazo-de-inscripcion-para-la-vii-edicion-de-liferay-symposium-spain\/#organizationLogo"},"sameAs":["https:\/\/www.facebook.com\/Nachofdezber","https:\/\/x.com\/NabercoDigital","https:\/\/www.instagram.com\/nachofdezber\/","https:\/\/www.youtube.com\/channel\/UCZP-2wLEB9Rv6erhFmqVnvg"],"address":{"@id":"https:\/\/candas365.es\/noticias\/#postaladdress","@type":"PostalAddress","streetAddress":"san antonio 4, san antonio 4","postalCode":"33430","addressLocality":"Cand\u00e1s","addressRegion":"Asturias","addressCountry":"ES"}},{"@type":"Person","@id":"https:\/\/candas365.es\/noticias\/author\/admin\/#author","url":"https:\/\/candas365.es\/noticias\/author\/admin\/","name":"Cand\u00e1s 365","image":{"@type":"ImageObject","@id":"https:\/\/candas365.es\/noticias\/abierto-el-plazo-de-inscripcion-para-la-vii-edicion-de-liferay-symposium-spain\/#authorImage","url":"https:\/\/secure.gravatar.com\/avatar\/496a8e03d0c493ede1718b7934145dbdf8d89be1036b0eec9544e1094c9de390?s=96&d=mm&r=g","width":96,"height":96,"caption":"Cand\u00e1s 365"},"sameAs":["https:\/\/www.facebook.com\/carrenoactualidad","https:\/\/twitter.com\/nbasturias","https:\/\/www.instagram.com\/nachofdezber\/","https:\/\/www.youtube.com\/channel\/UCZP-2wLEB9Rv6erhFmqVnvg"]},{"@type":"WebPage","@id":"https:\/\/candas365.es\/noticias\/abierto-el-plazo-de-inscripcion-para-la-vii-edicion-de-liferay-symposium-spain\/#webpage","url":"https:\/\/candas365.es\/noticias\/abierto-el-plazo-de-inscripcion-para-la-vii-edicion-de-liferay-symposium-spain\/","name":"Abierto el plazo de inscripci\u00f3n para la VII edici\u00f3n de Liferay Symposium Spain | Cand\u00e1s 365","description":"Liferay Inc., proveedor de la plataforma Open Source l\u00edder para la creaci\u00f3n de experiencias digitales, ha anunciado hoy la apertura del plazo de inscripci\u00f3n para la VII edici\u00f3n de su Symposium anual en Espa\u00f1a. Se trata de una nueva edici\u00f3n dirigida a un amplio p\u00fablico de profesionales interesados en saber m\u00e1s sobre innovaci\u00f3n y c\u00f3mo","inLanguage":"es-ES","isPartOf":{"@id":"https:\/\/candas365.es\/noticias\/#website"},"breadcrumb":{"@id":"https:\/\/candas365.es\/noticias\/abierto-el-plazo-de-inscripcion-para-la-vii-edicion-de-liferay-symposium-spain\/#breadcrumblist"},"author":{"@id":"https:\/\/candas365.es\/noticias\/author\/admin\/#author"},"creator":{"@id":"https:\/\/candas365.es\/noticias\/author\/admin\/#author"},"image":{"@type":"ImageObject","url":"https:\/\/candas365.es\/noticias\/wp-content\/uploads\/2016\/06\/1466697350_Liferay_Symposium_15_036.jpg","@id":"https:\/\/candas365.es\/noticias\/abierto-el-plazo-de-inscripcion-para-la-vii-edicion-de-liferay-symposium-spain\/#mainImage","width":800,"height":533},"primaryImageOfPage":{"@id":"https:\/\/candas365.es\/noticias\/abierto-el-plazo-de-inscripcion-para-la-vii-edicion-de-liferay-symposium-spain\/#mainImage"},"datePublished":"2016-06-26T00:22:33+02:00","dateModified":"2016-06-26T00:22:33+02:00"},{"@type":"WebSite","@id":"https:\/\/candas365.es\/noticias\/#website","url":"https:\/\/candas365.es\/noticias\/","name":"Cand\u00e1s 365","alternateName":"Cand\u00e1s 365 Noticias","description":"Actualidad desde Carre\u00f1o para el mundo","inLanguage":"es-ES","publisher":{"@id":"https:\/\/candas365.es\/noticias\/#organization"}}]},"og:locale":"es_ES","og:site_name":"Cand\u00e1s 365","og:type":"article","og:title":"Abierto el plazo de inscripci\u00f3n para la VII edici\u00f3n de Liferay Symposium Spain | Cand\u00e1s 365","og:description":"Liferay Inc., proveedor de la plataforma Open Source l\u00edder para la creaci\u00f3n de experiencias digitales, ha anunciado hoy la apertura del plazo de inscripci\u00f3n para la VII edici\u00f3n de su Symposium anual en Espa\u00f1a. Se trata de una nueva edici\u00f3n dirigida a un amplio p\u00fablico de profesionales interesados en saber m\u00e1s sobre innovaci\u00f3n y c\u00f3mo","og:url":"https:\/\/candas365.es\/noticias\/abierto-el-plazo-de-inscripcion-para-la-vii-edicion-de-liferay-symposium-spain\/","og:image":"https:\/\/candas365.es\/noticias\/wp-content\/uploads\/2016\/06\/1466697350_Liferay_Symposium_15_036.jpg","og:image:secure_url":"https:\/\/candas365.es\/noticias\/wp-content\/uploads\/2016\/06\/1466697350_Liferay_Symposium_15_036.jpg","og:image:width":800,"og:image:height":533,"article:published_time":"2016-06-25T22:52:33+00:00","article:modified_time":"2016-06-25T22:52:33+00:00","article:publisher":"https:\/\/www.facebook.com\/Nachofdezber","article:author":"https:\/\/www.facebook.com\/carrenoactualidad","twitter:card":"summary_large_image","twitter:site":"@NabercoDigital","twitter:title":"Abierto el plazo de inscripci\u00f3n para la VII edici\u00f3n de Liferay Symposium Spain | Cand\u00e1s 365","twitter:description":"Liferay Inc., proveedor de la plataforma Open Source l\u00edder para la creaci\u00f3n de experiencias digitales, ha anunciado hoy la apertura del plazo de inscripci\u00f3n para la VII edici\u00f3n de su Symposium anual en Espa\u00f1a. Se trata de una nueva edici\u00f3n dirigida a un amplio p\u00fablico de profesionales interesados en saber m\u00e1s sobre innovaci\u00f3n y c\u00f3mo","twitter:creator":"@nbasturias","twitter:image":"https:\/\/candas365.es\/noticias\/wp-content\/uploads\/2016\/06\/1466697350_Liferay_Symposium_15_036.jpg","twitter:label1":"Escrito por","twitter:data1":"Cand\u00e1s 365","twitter:label2":"Tiempo de lectura estimado","twitter:data2":"2 minutos"},"aioseo_meta_data":{"post_id":"31325","title":null,"description":null,"keywords":null,"keyphrases":null,"primary_term":null,"canonical_url":null,"og_title":null,"og_description":null,"og_object_type":"default","og_image_type":"default","og_image_url":null,"og_image_width":null,"og_image_height":null,"og_image_custom_url":null,"og_image_custom_fields":null,"og_video":null,"og_custom_url":null,"og_article_section":null,"og_article_tags":null,"twitter_use_og":false,"twitter_card":"default","twitter_image_type":"default","twitter_image_url":null,"twitter_image_custom_url":null,"twitter_image_custom_fields":null,"twitter_title":null,"twitter_description":null,"schema":{"blockGraphs":[],"customGraphs":[],"default":{"data":{"Article":[],"Course":[],"Dataset":[],"FAQPage":[],"Movie":[],"Person":[],"Product":[],"ProductReview":[],"Car":[],"Recipe":[],"Service":[],"SoftwareApplication":[],"WebPage":[]},"graphName":"","isEnabled":true},"graphs":[]},"schema_type":null,"schema_type_options":null,"pillar_content":false,"robots_default":true,"robots_noindex":false,"robots_noarchive":false,"robots_nosnippet":false,"robots_nofollow":false,"robots_noimageindex":false,"robots_noodp":false,"robots_notranslate":false,"robots_max_snippet":null,"robots_max_videopreview":null,"robots_max_imagepreview":"large","priority":null,"frequency":null,"location":null,"local_seo":null,"seo_analyzer_scan_date":"2025-08-24 13:43:13","breadcrumb_settings":null,"limit_modified_date":false,"reviewed_by":null,"open_ai":null,"ai":null,"created":"2020-12-21 13:00:39","updated":"2025-08-24 13:43:13"},"aioseo_breadcrumb":"<div class=\"aioseo-breadcrumbs\"><span class=\"aioseo-breadcrumb\">\n\t<a href=\"https:\/\/candas365.es\/noticias\" title=\"Home\">Home<\/a>\n<\/span><span class=\"aioseo-breadcrumb-separator\">&ndash;<\/span><span class=\"aioseo-breadcrumb\">\n\t<a href=\"https:\/\/candas365.es\/noticias\/category\/actualidad\/\" title=\"Actualidad\">Actualidad<\/a>\n<\/span><span class=\"aioseo-breadcrumb-separator\">&ndash;<\/span><span class=\"aioseo-breadcrumb\">\n\tAbierto el plazo de inscripci\u00f3n para la VII edici\u00f3n de Liferay Symposium Spain\n<\/span><\/div>","aioseo_breadcrumb_json":[{"label":"Home","link":"https:\/\/candas365.es\/noticias"},{"label":"Actualidad","link":"https:\/\/candas365.es\/noticias\/category\/actualidad\/"},{"label":"Abierto el plazo de inscripci\u00f3n para la VII edici\u00f3n de Liferay Symposium Spain","link":"https:\/\/candas365.es\/noticias\/abierto-el-plazo-de-inscripcion-para-la-vii-edicion-de-liferay-symposium-spain\/"}],"_links":{"self":[{"href":"https:\/\/candas365.es\/noticias\/wp-json\/wp\/v2\/posts\/31325","targetHints":{"allow":["GET"]}}],"collection":[{"href":"https:\/\/candas365.es\/noticias\/wp-json\/wp\/v2\/posts"}],"about":[{"href":"https:\/\/candas365.es\/noticias\/wp-json\/wp\/v2\/types\/post"}],"author":[{"embeddable":true,"href":"https:\/\/candas365.es\/noticias\/wp-json\/wp\/v2\/users\/1"}],"replies":[{"embeddable":true,"href":"https:\/\/candas365.es\/noticias\/wp-json\/wp\/v2\/comments?post=31325"}],"version-history":[{"count":0,"href":"https:\/\/candas365.es\/noticias\/wp-json\/wp\/v2\/posts\/31325\/revisions"}],"wp:featuredmedia":[{"embeddable":true,"href":"https:\/\/candas365.es\/noticias\/wp-json\/wp\/v2\/media\/31326"}],"wp:attachment":[{"href":"https:\/\/candas365.es\/noticias\/wp-json\/wp\/v2\/media?parent=31325"}],"wp:term":[{"taxonomy":"category","embeddable":true,"href":"https:\/\/candas365.es\/noticias\/wp-json\/wp\/v2\/categories?post=31325"},{"taxonomy":"post_tag","embeddable":true,"href":"https:\/\/candas365.es\/noticias\/wp-json\/wp\/v2\/tags?post=31325"}],"curies":[{"name":"wp","href":"https:\/\/api.w.org\/{rel}","templated":true}]}}