{"id":31308,"date":"2016-06-26T00:11:08","date_gmt":"2016-06-25T22:41:08","guid":{"rendered":"http:\/\/candas365.es\/noticias\/?p=31308"},"modified":"2016-06-26T00:11:08","modified_gmt":"2016-06-25T22:41:08","slug":"espana-celebra-manana-sus-decimoterceras-elecciones-de-la-democracia","status":"publish","type":"post","link":"https:\/\/candas365.es\/noticias\/espana-celebra-manana-sus-decimoterceras-elecciones-de-la-democracia\/","title":{"rendered":"Espa\u00f1a celebra ma\u00f1ana sus decimoterceras elecciones de la democracia"},"content":{"rendered":"<p><img fetchpriority=\"high\" decoding=\"async\" class=\"alignleft size-medium wp-image-31309\" src=\"https:\/\/candas365.es\/noticias\/wp-content\/uploads\/2016\/06\/fotonoticia_20160625191859_800-360x270.jpg\" alt=\"fotonoticia_20160625191859_800\" width=\"360\" height=\"270\" srcset=\"https:\/\/candas365.es\/noticias\/wp-content\/uploads\/2016\/06\/fotonoticia_20160625191859_800-360x270.jpg 360w, https:\/\/candas365.es\/noticias\/wp-content\/uploads\/2016\/06\/fotonoticia_20160625191859_800-640x480.jpg 640w, https:\/\/candas365.es\/noticias\/wp-content\/uploads\/2016\/06\/fotonoticia_20160625191859_800-768x576.jpg 768w, https:\/\/candas365.es\/noticias\/wp-content\/uploads\/2016\/06\/fotonoticia_20160625191859_800-150x113.jpg 150w, https:\/\/candas365.es\/noticias\/wp-content\/uploads\/2016\/06\/fotonoticia_20160625191859_800-450x338.jpg 450w, https:\/\/candas365.es\/noticias\/wp-content\/uploads\/2016\/06\/fotonoticia_20160625191859_800-80x60.jpg 80w, https:\/\/candas365.es\/noticias\/wp-content\/uploads\/2016\/06\/fotonoticia_20160625191859_800-265x198.jpg 265w, https:\/\/candas365.es\/noticias\/wp-content\/uploads\/2016\/06\/fotonoticia_20160625191859_800-696x522.jpg 696w, https:\/\/candas365.es\/noticias\/wp-content\/uploads\/2016\/06\/fotonoticia_20160625191859_800-560x420.jpg 560w, https:\/\/candas365.es\/noticias\/wp-content\/uploads\/2016\/06\/fotonoticia_20160625191859_800-90x67.jpg 90w, https:\/\/candas365.es\/noticias\/wp-content\/uploads\/2016\/06\/fotonoticia_20160625191859_800.jpg 800w\" sizes=\"(max-width: 360px) 100vw, 360px\" \/>Espa\u00f1a celebrar\u00e1 este domingo las decimoterceras elecciones generales tras el fin de la dictadura y el retorno de la democracia, una cita en la que, descartadas las mayor\u00edas absolutas y ca\u00eddo el bipartidismo imperante hasta hace un a\u00f1o, cuatro partidos intentar\u00e1n formar o condicionar el Gobierno: PP, PSOE, Unidos Podemos y Ciudadanos.<\/p>\n<p>Las elecciones del pasado 20 de diciembre acabaron con el bipartidismo hegem\u00f3nico desde la transici\u00f3n, pero no hubo consenso suficiente para alumbrar un nuevo Gobierno. Por primera vez en su historia reciente, Espa\u00f1a ha tenido que repetir sus elecciones generales debido a la falta de acuerdo entre los partidos para que un candidato lograse la confianza del Congreso.<\/p>\n<p>El punto \u00e1lgido del bipartidismo se alcanz\u00f3 2004, cuando PP y PSOE sumaron 312 diputados, y sobre todo en 2008, elecciones en las que coparon el 83,61 por ciento de los votos y llegaron incluso a los 323 esca\u00f1os, dejando s\u00f3lo 27 plazas del Congreso para todas las formaciones minoritarias.<\/p>\n<p>En 2011 el bipartidismo empez\u00f3 a perder fuelle y el PP y el PSOE se conformaron con el 73% de los votos y 296 diputados, mientras que las minor\u00edas duplicaron su presencia logrando 54 esca\u00f1os repartidos entre doce formaciones: CiU, IU-ICV, UPyD, Amaiur, PNV, BNG, Esquerra (ERC), Coalici\u00f3n Canaria, Comprom\u00eds-Equo, Foro Asturias y Geroa Bai. La clave estuvo en el derrumbamiento del PSOE, pues los &#8216;populares&#8217; ganaron aquellas elecciones con mayor\u00eda absoluta.<\/p>\n<p class=\"ladillo\">TODOS EST\u00c1N LEJOS DE LA MAYOR\u00cdA ABSOLUTA<\/p>\n<p>En la XI Legislatura, nacida de los comicios del 20 de diciembre, irrumpieron Podemos y Ciudadanos y el bipartidismo dio paso a otro modelo en el que nadie se acerca a la mayor\u00eda absoluta y son cuatro los partidos con opci\u00f3n a gobernar. Estos fueron los resultados de aquella noche:<\/p>\n<p>&nbsp;<\/p>\n<table class=\"tabla-elecciones\" border=\"1\" cellspacing=\"0\" cellpadding=\"4\" align=\"center\" bgcolor=\"#ffffff\">\n<tbody>\n<tr class=\"TablaTextoCabecera\">\n<td align=\"left\" nowrap=\"nowrap\" width=\"25%\">PARTIDOS<\/td>\n<td align=\"right\" width=\"25%\">Esca\u00f1os<\/td>\n<td align=\"right\" width=\"25%\">Porcentaje<\/td>\n<td align=\"right\" width=\"25%\">Votos<\/td>\n<\/tr>\n<tr class=\"TablaTexto\">\n<td align=\"left\" nowrap=\"nowrap\" width=\"25%\">PP<\/td>\n<td align=\"right\" width=\"25%\">123<\/td>\n<td align=\"right\" width=\"25%\">28,72%<\/td>\n<td align=\"right\" width=\"25%\">7.215.752<\/td>\n<\/tr>\n<tr class=\"TablaTexto\">\n<td align=\"left\" nowrap=\"nowrap\" width=\"25%\">PSOE<\/td>\n<td align=\"right\" width=\"25%\">90<\/td>\n<td align=\"right\" width=\"25%\">22,01%<\/td>\n<td align=\"right\" width=\"25%\">5.530.779<\/td>\n<\/tr>\n<tr class=\"TablaTexto\">\n<td align=\"left\" nowrap=\"nowrap\" width=\"25%\">Podemos<\/td>\n<td align=\"right\" width=\"25%\">42<\/td>\n<td align=\"right\" width=\"25%\">12,67%<\/td>\n<td align=\"right\" width=\"25%\">3.182.082<\/td>\n<\/tr>\n<tr class=\"TablaTexto\">\n<td align=\"left\" nowrap=\"nowrap\" width=\"25%\">En_Com\u00fa\/Podem<\/td>\n<td align=\"right\" width=\"25%\">12<\/td>\n<td align=\"right\" width=\"25%\">3,69%<\/td>\n<td align=\"right\" width=\"25%\">927.940<\/td>\n<\/tr>\n<tr class=\"TablaTexto\">\n<td align=\"left\" nowrap=\"nowrap\" width=\"25%\">Comprom\u00eds\/Podemos<\/td>\n<td align=\"right\" width=\"25%\">9<\/td>\n<td align=\"right\" width=\"25%\">2,67%<\/td>\n<td align=\"right\" width=\"25%\">671.071<\/td>\n<\/tr>\n<tr class=\"TablaTexto\">\n<td align=\"left\" nowrap=\"nowrap\" width=\"25%\">En_Marea\/Podemos<\/td>\n<td align=\"right\" width=\"25%\">6<\/td>\n<td align=\"right\" width=\"25%\">1,63%<\/td>\n<td align=\"right\" width=\"25%\">408.370<\/td>\n<\/tr>\n<tr class=\"TablaTexto\">\n<td align=\"left\" nowrap=\"nowrap\" width=\"25%\">Ciudadanos<\/td>\n<td align=\"right\" width=\"25%\">40<\/td>\n<td align=\"right\" width=\"25%\">13,93%<\/td>\n<td align=\"right\" width=\"25%\">3.500.541<\/td>\n<\/tr>\n<tr class=\"TablaTexto\">\n<td align=\"left\" nowrap=\"nowrap\" width=\"25%\">ERC<\/td>\n<td align=\"right\" width=\"25%\">9<\/td>\n<td align=\"right\" width=\"25%\">2,39%<\/td>\n<td align=\"right\" width=\"25%\">599.289<\/td>\n<\/tr>\n<tr class=\"TablaTexto\">\n<td align=\"left\" nowrap=\"nowrap\" width=\"25%\">DL\/CDC<\/td>\n<td align=\"right\" width=\"25%\">8<\/td>\n<td align=\"right\" width=\"25%\">2,25%<\/td>\n<td align=\"right\" width=\"25%\">565.501<\/td>\n<\/tr>\n<tr class=\"TablaTexto\">\n<td align=\"left\" nowrap=\"nowrap\" width=\"25%\">PNV<\/td>\n<td align=\"right\" width=\"25%\">6<\/td>\n<td align=\"right\" width=\"25%\">1,20%<\/td>\n<td align=\"right\" width=\"25%\">301.585<\/td>\n<\/tr>\n<tr class=\"TablaTexto\">\n<td align=\"left\" nowrap=\"nowrap\" width=\"25%\">UP-IU(4)<\/td>\n<td align=\"right\" width=\"25%\">2<\/td>\n<td align=\"right\" width=\"25%\">3,67%<\/td>\n<td align=\"right\" width=\"25%\">923.133<\/td>\n<\/tr>\n<tr class=\"TablaTexto\">\n<td align=\"left\" nowrap=\"nowrap\" width=\"25%\">EH_Bildu<\/td>\n<td align=\"right\" width=\"25%\">2<\/td>\n<td align=\"right\" width=\"25%\">0,87%<\/td>\n<td align=\"right\" width=\"25%\">218.467<\/td>\n<\/tr>\n<tr class=\"TablaTexto\">\n<td align=\"left\" nowrap=\"nowrap\" width=\"25%\">CC<\/td>\n<td align=\"right\" width=\"25%\">1<\/td>\n<td align=\"right\" width=\"25%\">0,33%<\/td>\n<td align=\"right\" width=\"25%\">81.750<\/td>\n<\/tr>\n<\/tbody>\n<\/table>\n<h2 class=\"ladillo\">.<\/h2>\n<p>Pero los pactos no fructificaron y ning\u00fan candidato logr\u00f3 los votos suficientes para ser investido presidente del Gobierno, lo que ha obligado a repetir las elecciones. Este domingo arranca la XII Legislatura en busca de un presidente.<\/p>\n<p class=\"ladillo\">VAN SEIS PRESIDENTES DE GOBIERNO<\/p>\n<p>Las primeras elecciones democr\u00e1ticas tras el franquismo, celebradas en junio de 1977, asentaron en la Moncloa a Adolfo Su\u00e1rez, l\u00edder de la entonces Uni\u00f3n de Centro Democr\u00e1tico (UCD) y a quien el Rey hab\u00eda nombrado jefe del Gobierno un a\u00f1o antes. Tras el nacimiento de la vigente Constituci\u00f3n de 1978, Su\u00e1rez revalid\u00f3 el cargo con otro triunfo de la UCD en las generales de 1979.<\/p>\n<p>Las siguientes elecciones generales tuvieron lugar en 1982, un a\u00f1o despu\u00e9s de que Leopoldo Calvo Sotelo fuera elegido por el Congreso presidente tras la dimisi\u00f3n de Su\u00e1rez. En esa cita electoral, el socialista Felipe Gonz\u00e1lez protagoniz\u00f3 un triunfo hist\u00f3rico de la izquierda logrando mayor\u00eda absoluta para el PSOE, que repetir\u00eda en 1986.<\/p>\n<p>En los comicios de 1989 los socialistas se quedaron a tan s\u00f3lo un esca\u00f1o de la mayor\u00eda absoluta, aunque Gonz\u00e1lez pudo gobernar debido a que los diputados de Herri Batasuna se ausentaron durante toda la legislatura. Y en 1993 Gonz\u00e1lez volver\u00eda a ganar las elecciones por cuarta vez consecutiva.<\/p>\n<p>Ya en 1996, el PP logra su primera victoria en las elecciones generales y lleva al Palacio de la Moncloa a Jos\u00e9 Mar\u00eda Aznar, que revalid\u00f3 su mandato con mayor\u00eda absoluta cuatro a\u00f1os despu\u00e9s, en los comicios del a\u00f1o 2000.<\/p>\n<p>Las siguientes elecciones se celebraron el 14 de marzo de 2004, cuando el PSOE volvi\u00f3 al poder de la mano de Jos\u00e9 Luis Rodr\u00edguez Zapatero. El socialista repiti\u00f3 cuatro a\u00f1os m\u00e1s tras ganar los comicios del 9 de marzo de 2008. En ninguno de los dos mandatos Zapatero goz\u00f3 de mayor\u00eda absoluta.<\/p>\n<p>El 20 de noviembre de 2011, despu\u00e9s de que Zapatero decidiera adelantar cuatro meses los comicios, lo que supuso el s\u00e9ptimo adelanto electoral de la democracia, el presidente del PP, Mariano Rajoy, logr\u00f3 la victoria con mayor\u00eda absoluta y se convirti\u00f3 en el sexto presidente del Gobierno desde la restauraci\u00f3n de la democracia. Rajoy sigue en el Palacio de la Moncloa, aunque est\u00e1 en funciones desde los comicios del pasado 20 de diciembre.<\/p>\n<p>&nbsp;<\/p>\n","protected":false},"excerpt":{"rendered":"<p>Espa\u00f1a celebrar\u00e1 este domingo las decimoterceras elecciones generales tras el fin de la dictadura y el retorno de la democracia, una cita en la que, descartadas las mayor\u00edas absolutas y ca\u00eddo el bipartidismo imperante hasta hace un a\u00f1o, cuatro partidos intentar\u00e1n formar o condicionar el Gobierno: PP, PSOE, Unidos Podemos y Ciudadanos. Las elecciones del<\/p>\n","protected":false},"author":1,"featured_media":31309,"comment_status":"closed","ping_status":"closed","sticky":false,"template":"","format":"standard","meta":{"footnotes":""},"categories":[343],"tags":[],"class_list":{"0":"post-31308","1":"post","2":"type-post","3":"status-publish","4":"format-standard","5":"has-post-thumbnail","7":"category-actualidad"},"aioseo_notices":[],"aioseo_head":"\n\t\t<!-- All in One SEO Pro 4.9.6.2 - aioseo.com -->\n\t<meta name=\"description\" content=\"Espa\u00f1a celebrar\u00e1 este domingo las decimoterceras elecciones generales tras el fin de la dictadura y el retorno de la democracia, una cita en la que, descartadas las mayor\u00edas absolutas y ca\u00eddo el bipartidismo imperante hasta hace un a\u00f1o, cuatro partidos intentar\u00e1n formar o condicionar el Gobierno: PP, PSOE, Unidos Podemos y Ciudadanos. Las elecciones del\" \/>\n\t<meta name=\"robots\" content=\"max-image-preview:large\" \/>\n\t<meta name=\"author\" content=\"Cand\u00e1s 365\"\/>\n\t<meta name=\"google-site-verification\" content=\"UA-32230408-1\" \/>\n\t<meta name=\"msvalidate.01\" content=\"354F3CDFB2DA171B47FBE9ABF1F88D5\" \/>\n\t<meta name=\"keywords\" content=\"actualidad\" \/>\n\t<link rel=\"canonical\" href=\"https:\/\/candas365.es\/noticias\/espana-celebra-manana-sus-decimoterceras-elecciones-de-la-democracia\/\" \/>\n\t<meta name=\"generator\" content=\"All in One SEO Pro (AIOSEO) 4.9.6.2\" \/>\n\t\t<meta property=\"og:locale\" content=\"es_ES\" \/>\n\t\t<meta property=\"og:site_name\" content=\"Cand\u00e1s 365\" \/>\n\t\t<meta property=\"og:type\" content=\"article\" \/>\n\t\t<meta property=\"og:title\" content=\"Espa\u00f1a celebra ma\u00f1ana sus decimoterceras elecciones de la democracia | Cand\u00e1s 365\" \/>\n\t\t<meta property=\"og:description\" content=\"Espa\u00f1a celebrar\u00e1 este domingo las decimoterceras elecciones generales tras el fin de la dictadura y el retorno de la democracia, una cita en la que, descartadas las mayor\u00edas absolutas y ca\u00eddo el bipartidismo imperante hasta hace un a\u00f1o, cuatro partidos intentar\u00e1n formar o condicionar el Gobierno: PP, PSOE, Unidos Podemos y Ciudadanos. Las elecciones del\" \/>\n\t\t<meta property=\"og:url\" content=\"https:\/\/candas365.es\/noticias\/espana-celebra-manana-sus-decimoterceras-elecciones-de-la-democracia\/\" \/>\n\t\t<meta property=\"og:image\" content=\"https:\/\/candas365.es\/noticias\/wp-content\/uploads\/2016\/06\/fotonoticia_20160625191859_800.jpg\" \/>\n\t\t<meta property=\"og:image:secure_url\" content=\"https:\/\/candas365.es\/noticias\/wp-content\/uploads\/2016\/06\/fotonoticia_20160625191859_800.jpg\" \/>\n\t\t<meta property=\"og:image:width\" content=\"800\" \/>\n\t\t<meta property=\"og:image:height\" content=\"600\" \/>\n\t\t<meta property=\"article:published_time\" content=\"2016-06-25T22:41:08+00:00\" \/>\n\t\t<meta property=\"article:modified_time\" content=\"2016-06-25T22:41:08+00:00\" \/>\n\t\t<meta property=\"article:publisher\" content=\"https:\/\/www.facebook.com\/Nachofdezber\" \/>\n\t\t<meta property=\"article:author\" content=\"https:\/\/www.facebook.com\/carrenoactualidad\" \/>\n\t\t<meta name=\"twitter:card\" content=\"summary_large_image\" \/>\n\t\t<meta name=\"twitter:site\" content=\"@NabercoDigital\" \/>\n\t\t<meta name=\"twitter:title\" content=\"Espa\u00f1a celebra ma\u00f1ana sus decimoterceras elecciones de la democracia | Cand\u00e1s 365\" \/>\n\t\t<meta name=\"twitter:description\" content=\"Espa\u00f1a celebrar\u00e1 este domingo las decimoterceras elecciones generales tras el fin de la dictadura y el retorno de la democracia, una cita en la que, descartadas las mayor\u00edas absolutas y ca\u00eddo el bipartidismo imperante hasta hace un a\u00f1o, cuatro partidos intentar\u00e1n formar o condicionar el Gobierno: PP, PSOE, Unidos Podemos y Ciudadanos. Las elecciones del\" \/>\n\t\t<meta name=\"twitter:creator\" content=\"@nbasturias\" \/>\n\t\t<meta name=\"twitter:image\" content=\"https:\/\/candas365.es\/noticias\/wp-content\/uploads\/2016\/06\/fotonoticia_20160625191859_800.jpg\" \/>\n\t\t<meta name=\"twitter:label1\" content=\"Escrito por\" \/>\n\t\t<meta name=\"twitter:data1\" content=\"Cand\u00e1s 365\" \/>\n\t\t<meta name=\"twitter:label2\" content=\"Tiempo de lectura estimado\" \/>\n\t\t<meta name=\"twitter:data2\" content=\"4 minutos\" \/>\n\t\t<script type=\"application\/ld+json\" class=\"aioseo-schema\">\n\t\t\t{\"@context\":\"https:\\\/\\\/schema.org\",\"@graph\":[{\"@type\":\"BreadcrumbList\",\"@id\":\"https:\\\/\\\/candas365.es\\\/noticias\\\/espana-celebra-manana-sus-decimoterceras-elecciones-de-la-democracia\\\/#breadcrumblist\",\"itemListElement\":[{\"@type\":\"ListItem\",\"@id\":\"https:\\\/\\\/candas365.es\\\/noticias#listItem\",\"position\":1,\"name\":\"Home\",\"item\":\"https:\\\/\\\/candas365.es\\\/noticias\",\"nextItem\":{\"@type\":\"ListItem\",\"@id\":\"https:\\\/\\\/candas365.es\\\/noticias\\\/category\\\/actualidad\\\/#listItem\",\"name\":\"Actualidad\"}},{\"@type\":\"ListItem\",\"@id\":\"https:\\\/\\\/candas365.es\\\/noticias\\\/category\\\/actualidad\\\/#listItem\",\"position\":2,\"name\":\"Actualidad\",\"item\":\"https:\\\/\\\/candas365.es\\\/noticias\\\/category\\\/actualidad\\\/\",\"nextItem\":{\"@type\":\"ListItem\",\"@id\":\"https:\\\/\\\/candas365.es\\\/noticias\\\/espana-celebra-manana-sus-decimoterceras-elecciones-de-la-democracia\\\/#listItem\",\"name\":\"Espa\\u00f1a celebra ma\\u00f1ana sus decimoterceras elecciones de la democracia\"},\"previousItem\":{\"@type\":\"ListItem\",\"@id\":\"https:\\\/\\\/candas365.es\\\/noticias#listItem\",\"name\":\"Home\"}},{\"@type\":\"ListItem\",\"@id\":\"https:\\\/\\\/candas365.es\\\/noticias\\\/espana-celebra-manana-sus-decimoterceras-elecciones-de-la-democracia\\\/#listItem\",\"position\":3,\"name\":\"Espa\\u00f1a celebra ma\\u00f1ana sus decimoterceras elecciones de la democracia\",\"previousItem\":{\"@type\":\"ListItem\",\"@id\":\"https:\\\/\\\/candas365.es\\\/noticias\\\/category\\\/actualidad\\\/#listItem\",\"name\":\"Actualidad\"}}]},{\"@type\":\"NewsArticle\",\"@id\":\"https:\\\/\\\/candas365.es\\\/noticias\\\/espana-celebra-manana-sus-decimoterceras-elecciones-de-la-democracia\\\/#newsarticle\",\"name\":\"Espa\\u00f1a celebra ma\\u00f1ana sus decimoterceras elecciones de la democracia | Cand\\u00e1s 365\",\"headline\":\"Espa\\u00f1a celebra ma\\u00f1ana sus decimoterceras elecciones de la democracia\",\"author\":{\"@id\":\"https:\\\/\\\/candas365.es\\\/noticias\\\/author\\\/admin\\\/#author\"},\"publisher\":{\"@id\":\"https:\\\/\\\/candas365.es\\\/noticias\\\/#organization\"},\"image\":{\"@type\":\"ImageObject\",\"url\":\"https:\\\/\\\/candas365.es\\\/noticias\\\/wp-content\\\/uploads\\\/2016\\\/06\\\/fotonoticia_20160625191859_800.jpg\",\"width\":800,\"height\":600},\"datePublished\":\"2016-06-26T00:11:08+02:00\",\"dateModified\":\"2016-06-26T00:11:08+02:00\",\"inLanguage\":\"es-ES\",\"mainEntityOfPage\":{\"@id\":\"https:\\\/\\\/candas365.es\\\/noticias\\\/espana-celebra-manana-sus-decimoterceras-elecciones-de-la-democracia\\\/#webpage\"},\"isPartOf\":{\"@id\":\"https:\\\/\\\/candas365.es\\\/noticias\\\/espana-celebra-manana-sus-decimoterceras-elecciones-de-la-democracia\\\/#webpage\"},\"articleSection\":\"Actualidad\",\"dateline\":\"Publicado el junio 26, 2016.\"},{\"@type\":\"Organization\",\"@id\":\"https:\\\/\\\/candas365.es\\\/noticias\\\/#organization\",\"name\":\"Cand\\u00e1s 365\",\"description\":\"Cand\\u00e1s 365 es un diario digital independiente, fundado en 2012, con base en Asturias. Informamos con rigor sobre actualidad, sociedad, cultura y ocio, con una mirada local y global.\",\"url\":\"https:\\\/\\\/candas365.es\\\/noticias\\\/\",\"email\":\"info@candas365.es\",\"telephone\":\"+34652131393\",\"foundingDate\":\"2012-06-10\",\"logo\":{\"@type\":\"ImageObject\",\"url\":\"https:\\\/\\\/candas365.es\\\/noticias\\\/wp-content\\\/uploads\\\/2024\\\/09\\\/Candas-365-Redes.jpg\",\"@id\":\"https:\\\/\\\/candas365.es\\\/noticias\\\/espana-celebra-manana-sus-decimoterceras-elecciones-de-la-democracia\\\/#organizationLogo\",\"width\":1152,\"height\":864,\"caption\":\"Cand\\u00e1s 365 Redes\"},\"image\":{\"@id\":\"https:\\\/\\\/candas365.es\\\/noticias\\\/espana-celebra-manana-sus-decimoterceras-elecciones-de-la-democracia\\\/#organizationLogo\"},\"sameAs\":[\"https:\\\/\\\/www.facebook.com\\\/Nachofdezber\",\"https:\\\/\\\/x.com\\\/NabercoDigital\",\"https:\\\/\\\/www.instagram.com\\\/nachofdezber\\\/\",\"https:\\\/\\\/www.youtube.com\\\/channel\\\/UCZP-2wLEB9Rv6erhFmqVnvg\"],\"address\":{\"@id\":\"https:\\\/\\\/candas365.es\\\/noticias\\\/#postaladdress\",\"@type\":\"PostalAddress\",\"streetAddress\":\"san antonio 4, san antonio 4\",\"postalCode\":\"33430\",\"addressLocality\":\"Cand\\u00e1s\",\"addressRegion\":\"Asturias\",\"addressCountry\":\"ES\"}},{\"@type\":\"Person\",\"@id\":\"https:\\\/\\\/candas365.es\\\/noticias\\\/author\\\/admin\\\/#author\",\"url\":\"https:\\\/\\\/candas365.es\\\/noticias\\\/author\\\/admin\\\/\",\"name\":\"Cand\\u00e1s 365\",\"image\":{\"@type\":\"ImageObject\",\"@id\":\"https:\\\/\\\/candas365.es\\\/noticias\\\/espana-celebra-manana-sus-decimoterceras-elecciones-de-la-democracia\\\/#authorImage\",\"url\":\"https:\\\/\\\/secure.gravatar.com\\\/avatar\\\/496a8e03d0c493ede1718b7934145dbdf8d89be1036b0eec9544e1094c9de390?s=96&d=mm&r=g\",\"width\":96,\"height\":96,\"caption\":\"Cand\\u00e1s 365\"},\"sameAs\":[\"https:\\\/\\\/www.facebook.com\\\/carrenoactualidad\",\"https:\\\/\\\/twitter.com\\\/nbasturias\",\"https:\\\/\\\/www.instagram.com\\\/nachofdezber\\\/\",\"https:\\\/\\\/www.youtube.com\\\/channel\\\/UCZP-2wLEB9Rv6erhFmqVnvg\"]},{\"@type\":\"WebPage\",\"@id\":\"https:\\\/\\\/candas365.es\\\/noticias\\\/espana-celebra-manana-sus-decimoterceras-elecciones-de-la-democracia\\\/#webpage\",\"url\":\"https:\\\/\\\/candas365.es\\\/noticias\\\/espana-celebra-manana-sus-decimoterceras-elecciones-de-la-democracia\\\/\",\"name\":\"Espa\\u00f1a celebra ma\\u00f1ana sus decimoterceras elecciones de la democracia | Cand\\u00e1s 365\",\"description\":\"Espa\\u00f1a celebrar\\u00e1 este domingo las decimoterceras elecciones generales tras el fin de la dictadura y el retorno de la democracia, una cita en la que, descartadas las mayor\\u00edas absolutas y ca\\u00eddo el bipartidismo imperante hasta hace un a\\u00f1o, cuatro partidos intentar\\u00e1n formar o condicionar el Gobierno: PP, PSOE, Unidos Podemos y Ciudadanos. Las elecciones del\",\"inLanguage\":\"es-ES\",\"isPartOf\":{\"@id\":\"https:\\\/\\\/candas365.es\\\/noticias\\\/#website\"},\"breadcrumb\":{\"@id\":\"https:\\\/\\\/candas365.es\\\/noticias\\\/espana-celebra-manana-sus-decimoterceras-elecciones-de-la-democracia\\\/#breadcrumblist\"},\"author\":{\"@id\":\"https:\\\/\\\/candas365.es\\\/noticias\\\/author\\\/admin\\\/#author\"},\"creator\":{\"@id\":\"https:\\\/\\\/candas365.es\\\/noticias\\\/author\\\/admin\\\/#author\"},\"image\":{\"@type\":\"ImageObject\",\"url\":\"https:\\\/\\\/candas365.es\\\/noticias\\\/wp-content\\\/uploads\\\/2016\\\/06\\\/fotonoticia_20160625191859_800.jpg\",\"@id\":\"https:\\\/\\\/candas365.es\\\/noticias\\\/espana-celebra-manana-sus-decimoterceras-elecciones-de-la-democracia\\\/#mainImage\",\"width\":800,\"height\":600},\"primaryImageOfPage\":{\"@id\":\"https:\\\/\\\/candas365.es\\\/noticias\\\/espana-celebra-manana-sus-decimoterceras-elecciones-de-la-democracia\\\/#mainImage\"},\"datePublished\":\"2016-06-26T00:11:08+02:00\",\"dateModified\":\"2016-06-26T00:11:08+02:00\"},{\"@type\":\"WebSite\",\"@id\":\"https:\\\/\\\/candas365.es\\\/noticias\\\/#website\",\"url\":\"https:\\\/\\\/candas365.es\\\/noticias\\\/\",\"name\":\"Cand\\u00e1s 365\",\"alternateName\":\"Cand\\u00e1s 365 Noticias\",\"description\":\"Actualidad desde Carre\\u00f1o para el mundo\",\"inLanguage\":\"es-ES\",\"publisher\":{\"@id\":\"https:\\\/\\\/candas365.es\\\/noticias\\\/#organization\"}}]}\n\t\t<\/script>\n\t\t<!-- All in One SEO Pro -->\r\n\t\t<title>Espa\u00f1a celebra ma\u00f1ana sus decimoterceras elecciones de la democracia | Cand\u00e1s 365<\/title>\n\n","aioseo_head_json":{"title":"Espa\u00f1a celebra ma\u00f1ana sus decimoterceras elecciones de la democracia | Cand\u00e1s 365","description":"Espa\u00f1a celebrar\u00e1 este domingo las decimoterceras elecciones generales tras el fin de la dictadura y el retorno de la democracia, una cita en la que, descartadas las mayor\u00edas absolutas y ca\u00eddo el bipartidismo imperante hasta hace un a\u00f1o, cuatro partidos intentar\u00e1n formar o condicionar el Gobierno: PP, PSOE, Unidos Podemos y Ciudadanos. Las elecciones del","canonical_url":"https:\/\/candas365.es\/noticias\/espana-celebra-manana-sus-decimoterceras-elecciones-de-la-democracia\/","robots":"max-image-preview:large","keywords":"actualidad","webmasterTools":{"google-site-verification":"UA-32230408-1","msvalidate.01":"354F3CDFB2DA171B47FBE9ABF1F88D5","miscellaneous":""},"schema":{"@context":"https:\/\/schema.org","@graph":[{"@type":"BreadcrumbList","@id":"https:\/\/candas365.es\/noticias\/espana-celebra-manana-sus-decimoterceras-elecciones-de-la-democracia\/#breadcrumblist","itemListElement":[{"@type":"ListItem","@id":"https:\/\/candas365.es\/noticias#listItem","position":1,"name":"Home","item":"https:\/\/candas365.es\/noticias","nextItem":{"@type":"ListItem","@id":"https:\/\/candas365.es\/noticias\/category\/actualidad\/#listItem","name":"Actualidad"}},{"@type":"ListItem","@id":"https:\/\/candas365.es\/noticias\/category\/actualidad\/#listItem","position":2,"name":"Actualidad","item":"https:\/\/candas365.es\/noticias\/category\/actualidad\/","nextItem":{"@type":"ListItem","@id":"https:\/\/candas365.es\/noticias\/espana-celebra-manana-sus-decimoterceras-elecciones-de-la-democracia\/#listItem","name":"Espa\u00f1a celebra ma\u00f1ana sus decimoterceras elecciones de la democracia"},"previousItem":{"@type":"ListItem","@id":"https:\/\/candas365.es\/noticias#listItem","name":"Home"}},{"@type":"ListItem","@id":"https:\/\/candas365.es\/noticias\/espana-celebra-manana-sus-decimoterceras-elecciones-de-la-democracia\/#listItem","position":3,"name":"Espa\u00f1a celebra ma\u00f1ana sus decimoterceras elecciones de la democracia","previousItem":{"@type":"ListItem","@id":"https:\/\/candas365.es\/noticias\/category\/actualidad\/#listItem","name":"Actualidad"}}]},{"@type":"NewsArticle","@id":"https:\/\/candas365.es\/noticias\/espana-celebra-manana-sus-decimoterceras-elecciones-de-la-democracia\/#newsarticle","name":"Espa\u00f1a celebra ma\u00f1ana sus decimoterceras elecciones de la democracia | Cand\u00e1s 365","headline":"Espa\u00f1a celebra ma\u00f1ana sus decimoterceras elecciones de la democracia","author":{"@id":"https:\/\/candas365.es\/noticias\/author\/admin\/#author"},"publisher":{"@id":"https:\/\/candas365.es\/noticias\/#organization"},"image":{"@type":"ImageObject","url":"https:\/\/candas365.es\/noticias\/wp-content\/uploads\/2016\/06\/fotonoticia_20160625191859_800.jpg","width":800,"height":600},"datePublished":"2016-06-26T00:11:08+02:00","dateModified":"2016-06-26T00:11:08+02:00","inLanguage":"es-ES","mainEntityOfPage":{"@id":"https:\/\/candas365.es\/noticias\/espana-celebra-manana-sus-decimoterceras-elecciones-de-la-democracia\/#webpage"},"isPartOf":{"@id":"https:\/\/candas365.es\/noticias\/espana-celebra-manana-sus-decimoterceras-elecciones-de-la-democracia\/#webpage"},"articleSection":"Actualidad","dateline":"Publicado el junio 26, 2016."},{"@type":"Organization","@id":"https:\/\/candas365.es\/noticias\/#organization","name":"Cand\u00e1s 365","description":"Cand\u00e1s 365 es un diario digital independiente, fundado en 2012, con base en Asturias. Informamos con rigor sobre actualidad, sociedad, cultura y ocio, con una mirada local y global.","url":"https:\/\/candas365.es\/noticias\/","email":"info@candas365.es","telephone":"+34652131393","foundingDate":"2012-06-10","logo":{"@type":"ImageObject","url":"https:\/\/candas365.es\/noticias\/wp-content\/uploads\/2024\/09\/Candas-365-Redes.jpg","@id":"https:\/\/candas365.es\/noticias\/espana-celebra-manana-sus-decimoterceras-elecciones-de-la-democracia\/#organizationLogo","width":1152,"height":864,"caption":"Cand\u00e1s 365 Redes"},"image":{"@id":"https:\/\/candas365.es\/noticias\/espana-celebra-manana-sus-decimoterceras-elecciones-de-la-democracia\/#organizationLogo"},"sameAs":["https:\/\/www.facebook.com\/Nachofdezber","https:\/\/x.com\/NabercoDigital","https:\/\/www.instagram.com\/nachofdezber\/","https:\/\/www.youtube.com\/channel\/UCZP-2wLEB9Rv6erhFmqVnvg"],"address":{"@id":"https:\/\/candas365.es\/noticias\/#postaladdress","@type":"PostalAddress","streetAddress":"san antonio 4, san antonio 4","postalCode":"33430","addressLocality":"Cand\u00e1s","addressRegion":"Asturias","addressCountry":"ES"}},{"@type":"Person","@id":"https:\/\/candas365.es\/noticias\/author\/admin\/#author","url":"https:\/\/candas365.es\/noticias\/author\/admin\/","name":"Cand\u00e1s 365","image":{"@type":"ImageObject","@id":"https:\/\/candas365.es\/noticias\/espana-celebra-manana-sus-decimoterceras-elecciones-de-la-democracia\/#authorImage","url":"https:\/\/secure.gravatar.com\/avatar\/496a8e03d0c493ede1718b7934145dbdf8d89be1036b0eec9544e1094c9de390?s=96&d=mm&r=g","width":96,"height":96,"caption":"Cand\u00e1s 365"},"sameAs":["https:\/\/www.facebook.com\/carrenoactualidad","https:\/\/twitter.com\/nbasturias","https:\/\/www.instagram.com\/nachofdezber\/","https:\/\/www.youtube.com\/channel\/UCZP-2wLEB9Rv6erhFmqVnvg"]},{"@type":"WebPage","@id":"https:\/\/candas365.es\/noticias\/espana-celebra-manana-sus-decimoterceras-elecciones-de-la-democracia\/#webpage","url":"https:\/\/candas365.es\/noticias\/espana-celebra-manana-sus-decimoterceras-elecciones-de-la-democracia\/","name":"Espa\u00f1a celebra ma\u00f1ana sus decimoterceras elecciones de la democracia | Cand\u00e1s 365","description":"Espa\u00f1a celebrar\u00e1 este domingo las decimoterceras elecciones generales tras el fin de la dictadura y el retorno de la democracia, una cita en la que, descartadas las mayor\u00edas absolutas y ca\u00eddo el bipartidismo imperante hasta hace un a\u00f1o, cuatro partidos intentar\u00e1n formar o condicionar el Gobierno: PP, PSOE, Unidos Podemos y Ciudadanos. Las elecciones del","inLanguage":"es-ES","isPartOf":{"@id":"https:\/\/candas365.es\/noticias\/#website"},"breadcrumb":{"@id":"https:\/\/candas365.es\/noticias\/espana-celebra-manana-sus-decimoterceras-elecciones-de-la-democracia\/#breadcrumblist"},"author":{"@id":"https:\/\/candas365.es\/noticias\/author\/admin\/#author"},"creator":{"@id":"https:\/\/candas365.es\/noticias\/author\/admin\/#author"},"image":{"@type":"ImageObject","url":"https:\/\/candas365.es\/noticias\/wp-content\/uploads\/2016\/06\/fotonoticia_20160625191859_800.jpg","@id":"https:\/\/candas365.es\/noticias\/espana-celebra-manana-sus-decimoterceras-elecciones-de-la-democracia\/#mainImage","width":800,"height":600},"primaryImageOfPage":{"@id":"https:\/\/candas365.es\/noticias\/espana-celebra-manana-sus-decimoterceras-elecciones-de-la-democracia\/#mainImage"},"datePublished":"2016-06-26T00:11:08+02:00","dateModified":"2016-06-26T00:11:08+02:00"},{"@type":"WebSite","@id":"https:\/\/candas365.es\/noticias\/#website","url":"https:\/\/candas365.es\/noticias\/","name":"Cand\u00e1s 365","alternateName":"Cand\u00e1s 365 Noticias","description":"Actualidad desde Carre\u00f1o para el mundo","inLanguage":"es-ES","publisher":{"@id":"https:\/\/candas365.es\/noticias\/#organization"}}]},"og:locale":"es_ES","og:site_name":"Cand\u00e1s 365","og:type":"article","og:title":"Espa\u00f1a celebra ma\u00f1ana sus decimoterceras elecciones de la democracia | Cand\u00e1s 365","og:description":"Espa\u00f1a celebrar\u00e1 este domingo las decimoterceras elecciones generales tras el fin de la dictadura y el retorno de la democracia, una cita en la que, descartadas las mayor\u00edas absolutas y ca\u00eddo el bipartidismo imperante hasta hace un a\u00f1o, cuatro partidos intentar\u00e1n formar o condicionar el Gobierno: PP, PSOE, Unidos Podemos y Ciudadanos. Las elecciones del","og:url":"https:\/\/candas365.es\/noticias\/espana-celebra-manana-sus-decimoterceras-elecciones-de-la-democracia\/","og:image":"https:\/\/candas365.es\/noticias\/wp-content\/uploads\/2016\/06\/fotonoticia_20160625191859_800.jpg","og:image:secure_url":"https:\/\/candas365.es\/noticias\/wp-content\/uploads\/2016\/06\/fotonoticia_20160625191859_800.jpg","og:image:width":800,"og:image:height":600,"article:published_time":"2016-06-25T22:41:08+00:00","article:modified_time":"2016-06-25T22:41:08+00:00","article:publisher":"https:\/\/www.facebook.com\/Nachofdezber","article:author":"https:\/\/www.facebook.com\/carrenoactualidad","twitter:card":"summary_large_image","twitter:site":"@NabercoDigital","twitter:title":"Espa\u00f1a celebra ma\u00f1ana sus decimoterceras elecciones de la democracia | Cand\u00e1s 365","twitter:description":"Espa\u00f1a celebrar\u00e1 este domingo las decimoterceras elecciones generales tras el fin de la dictadura y el retorno de la democracia, una cita en la que, descartadas las mayor\u00edas absolutas y ca\u00eddo el bipartidismo imperante hasta hace un a\u00f1o, cuatro partidos intentar\u00e1n formar o condicionar el Gobierno: PP, PSOE, Unidos Podemos y Ciudadanos. Las elecciones del","twitter:creator":"@nbasturias","twitter:image":"https:\/\/candas365.es\/noticias\/wp-content\/uploads\/2016\/06\/fotonoticia_20160625191859_800.jpg","twitter:label1":"Escrito por","twitter:data1":"Cand\u00e1s 365","twitter:label2":"Tiempo de lectura estimado","twitter:data2":"4 minutos"},"aioseo_meta_data":{"post_id":"31308","title":null,"description":null,"keywords":null,"keyphrases":null,"primary_term":null,"canonical_url":null,"og_title":null,"og_description":null,"og_object_type":"default","og_image_type":"default","og_image_url":null,"og_image_width":null,"og_image_height":null,"og_image_custom_url":null,"og_image_custom_fields":null,"og_video":null,"og_custom_url":null,"og_article_section":null,"og_article_tags":null,"twitter_use_og":false,"twitter_card":"default","twitter_image_type":"default","twitter_image_url":null,"twitter_image_custom_url":null,"twitter_image_custom_fields":null,"twitter_title":null,"twitter_description":null,"schema":{"blockGraphs":[],"customGraphs":[],"default":{"data":{"Article":[],"Course":[],"Dataset":[],"FAQPage":[],"Movie":[],"Person":[],"Product":[],"ProductReview":[],"Car":[],"Recipe":[],"Service":[],"SoftwareApplication":[],"WebPage":[]},"graphName":"","isEnabled":true},"graphs":[]},"schema_type":null,"schema_type_options":null,"pillar_content":false,"robots_default":true,"robots_noindex":false,"robots_noarchive":false,"robots_nosnippet":false,"robots_nofollow":false,"robots_noimageindex":false,"robots_noodp":false,"robots_notranslate":false,"robots_max_snippet":null,"robots_max_videopreview":null,"robots_max_imagepreview":"large","priority":null,"frequency":null,"location":null,"local_seo":null,"seo_analyzer_scan_date":"2025-08-24 13:41:17","breadcrumb_settings":null,"limit_modified_date":false,"reviewed_by":null,"open_ai":null,"ai":null,"created":"2020-12-21 13:00:39","updated":"2025-08-24 13:41:17"},"aioseo_breadcrumb":"<div class=\"aioseo-breadcrumbs\"><span class=\"aioseo-breadcrumb\">\n\t<a href=\"https:\/\/candas365.es\/noticias\" title=\"Home\">Home<\/a>\n<\/span><span class=\"aioseo-breadcrumb-separator\">&ndash;<\/span><span class=\"aioseo-breadcrumb\">\n\t<a href=\"https:\/\/candas365.es\/noticias\/category\/actualidad\/\" title=\"Actualidad\">Actualidad<\/a>\n<\/span><span class=\"aioseo-breadcrumb-separator\">&ndash;<\/span><span class=\"aioseo-breadcrumb\">\n\tEspa\u00f1a celebra ma\u00f1ana sus decimoterceras elecciones de la democracia\n<\/span><\/div>","aioseo_breadcrumb_json":[{"label":"Home","link":"https:\/\/candas365.es\/noticias"},{"label":"Actualidad","link":"https:\/\/candas365.es\/noticias\/category\/actualidad\/"},{"label":"Espa\u00f1a celebra ma\u00f1ana sus decimoterceras elecciones de la democracia","link":"https:\/\/candas365.es\/noticias\/espana-celebra-manana-sus-decimoterceras-elecciones-de-la-democracia\/"}],"_links":{"self":[{"href":"https:\/\/candas365.es\/noticias\/wp-json\/wp\/v2\/posts\/31308","targetHints":{"allow":["GET"]}}],"collection":[{"href":"https:\/\/candas365.es\/noticias\/wp-json\/wp\/v2\/posts"}],"about":[{"href":"https:\/\/candas365.es\/noticias\/wp-json\/wp\/v2\/types\/post"}],"author":[{"embeddable":true,"href":"https:\/\/candas365.es\/noticias\/wp-json\/wp\/v2\/users\/1"}],"replies":[{"embeddable":true,"href":"https:\/\/candas365.es\/noticias\/wp-json\/wp\/v2\/comments?post=31308"}],"version-history":[{"count":0,"href":"https:\/\/candas365.es\/noticias\/wp-json\/wp\/v2\/posts\/31308\/revisions"}],"wp:featuredmedia":[{"embeddable":true,"href":"https:\/\/candas365.es\/noticias\/wp-json\/wp\/v2\/media\/31309"}],"wp:attachment":[{"href":"https:\/\/candas365.es\/noticias\/wp-json\/wp\/v2\/media?parent=31308"}],"wp:term":[{"taxonomy":"category","embeddable":true,"href":"https:\/\/candas365.es\/noticias\/wp-json\/wp\/v2\/categories?post=31308"},{"taxonomy":"post_tag","embeddable":true,"href":"https:\/\/candas365.es\/noticias\/wp-json\/wp\/v2\/tags?post=31308"}],"curies":[{"name":"wp","href":"https:\/\/api.w.org\/{rel}","templated":true}]}}