{"id":31298,"date":"2016-06-26T00:04:03","date_gmt":"2016-06-25T22:34:03","guid":{"rendered":"http:\/\/candas365.es\/noticias\/?p=31298"},"modified":"2016-06-26T00:04:03","modified_gmt":"2016-06-25T22:34:03","slug":"un-pescador-herido-en-la-zona-de-cabo-negro","status":"publish","type":"post","link":"https:\/\/candas365.es\/noticias\/un-pescador-herido-en-la-zona-de-cabo-negro\/","title":{"rendered":"Un pescador herido en la zona de Cabo Negro"},"content":{"rendered":"<p><img fetchpriority=\"high\" decoding=\"async\" class=\"alignleft size-medium wp-image-31299\" src=\"https:\/\/candas365.es\/noticias\/wp-content\/uploads\/2016\/06\/fotonoticia_20160625161332_800-225x300.jpg\" alt=\"fotonoticia_20160625161332_800\" width=\"225\" height=\"300\" srcset=\"https:\/\/candas365.es\/noticias\/wp-content\/uploads\/2016\/06\/fotonoticia_20160625161332_800-225x300.jpg 225w, https:\/\/candas365.es\/noticias\/wp-content\/uploads\/2016\/06\/fotonoticia_20160625161332_800-360x480.jpg 360w, https:\/\/candas365.es\/noticias\/wp-content\/uploads\/2016\/06\/fotonoticia_20160625161332_800-768x1024.jpg 768w, https:\/\/candas365.es\/noticias\/wp-content\/uploads\/2016\/06\/fotonoticia_20160625161332_800-150x200.jpg 150w, https:\/\/candas365.es\/noticias\/wp-content\/uploads\/2016\/06\/fotonoticia_20160625161332_800-450x600.jpg 450w, https:\/\/candas365.es\/noticias\/wp-content\/uploads\/2016\/06\/fotonoticia_20160625161332_800-696x928.jpg 696w, https:\/\/candas365.es\/noticias\/wp-content\/uploads\/2016\/06\/fotonoticia_20160625161332_800-315x420.jpg 315w, https:\/\/candas365.es\/noticias\/wp-content\/uploads\/2016\/06\/fotonoticia_20160625161332_800.jpg 800w\" sizes=\"(max-width: 225px) 100vw, 225px\" \/>Un hombre ha resultado herido mientras estaba pescando en la zona de Cabo Negro, en Goz\u00f3n. El afectado, que presentaba un golpe en la cabeza tras caer por un acantilado, ha sido evacuado por el Grupo de Rescate de Bomberos del Servicio de Emergencias del Principado de Asturias (SEPA), a bordo del helic\u00f3ptero medicalizado del organismo aut\u00f3nomo, al Hospital San Agust\u00edn de Avil\u00e9s. A expensas de m\u00e1s pruebas y hasta nueva valoraci\u00f3n m\u00e9dica su pron\u00f3stico es reservado.<\/p>\n<p>El Centro de Coordinaci\u00f3n de Emergencias recibi\u00f3 el aviso a las 12.32 horas. En la llamada se indic\u00f3 que un pescador hab\u00eda sufrido una ca\u00edda y ten\u00eda una brecha en la cabeza y no pod\u00eda caminar. El acceso al lugar en el que se encontraba era a trav\u00e9s de una senda. De inmediato se moviliz\u00f3 al Grupo de Rescate de Bomberos del SEPA, a bordo del helic\u00f3ptero medicalizado, y a dos efectivos de bomberos, del parque de Avil\u00e9s, que se trasladaron con el furg\u00f3n multisocorro.<\/p>\n<p>Una vez en la zona, el equipo de rescate comprob\u00f3 que el afectado hab\u00eda sufrido una ca\u00edda de unos 15 metros y se encontraba en una terraza del acantilado.<\/p>\n<p>Tras acceder al herido, al que el m\u00e9dico-rescatador vend\u00f3 y estabiliz\u00f3, se procedi\u00f3 a su izado, mediante una operaci\u00f3n de gr\u00faa, a la aeronave y su posterior evacuaci\u00f3n al Hospital San Agust\u00edn, a donde llegaron a las 13.23 horas.<\/p>\n<p>&nbsp;<\/p>\n","protected":false},"excerpt":{"rendered":"<p>Un hombre ha resultado herido mientras estaba pescando en la zona de Cabo Negro, en Goz\u00f3n. El afectado, que presentaba un golpe en la cabeza tras caer por un acantilado, ha sido evacuado por el Grupo de Rescate de Bomberos del Servicio de Emergencias del Principado de Asturias (SEPA), a bordo del helic\u00f3ptero medicalizado del<\/p>\n","protected":false},"author":1,"featured_media":31299,"comment_status":"closed","ping_status":"closed","sticky":false,"template":"","format":"standard","meta":{"footnotes":""},"categories":[343],"tags":[],"class_list":{"0":"post-31298","1":"post","2":"type-post","3":"status-publish","4":"format-standard","5":"has-post-thumbnail","7":"category-actualidad"},"aioseo_notices":[],"aioseo_head":"\n\t\t<!-- All in One SEO Pro 4.9.6.2 - aioseo.com -->\n\t<meta name=\"description\" content=\"Un hombre ha resultado herido mientras estaba pescando en la zona de Cabo Negro, en Goz\u00f3n. El afectado, que presentaba un golpe en la cabeza tras caer por un acantilado, ha sido evacuado por el Grupo de Rescate de Bomberos del Servicio de Emergencias del Principado de Asturias (SEPA), a bordo del helic\u00f3ptero medicalizado del\" \/>\n\t<meta name=\"robots\" content=\"max-image-preview:large\" \/>\n\t<meta name=\"author\" content=\"Cand\u00e1s 365\"\/>\n\t<meta name=\"google-site-verification\" content=\"UA-32230408-1\" \/>\n\t<meta name=\"msvalidate.01\" content=\"354F3CDFB2DA171B47FBE9ABF1F88D5\" \/>\n\t<meta name=\"keywords\" content=\"actualidad\" \/>\n\t<link rel=\"canonical\" href=\"https:\/\/candas365.es\/noticias\/un-pescador-herido-en-la-zona-de-cabo-negro\/\" \/>\n\t<meta name=\"generator\" content=\"All in One SEO Pro (AIOSEO) 4.9.6.2\" \/>\n\t\t<meta property=\"og:locale\" content=\"es_ES\" \/>\n\t\t<meta property=\"og:site_name\" content=\"Cand\u00e1s 365\" \/>\n\t\t<meta property=\"og:type\" content=\"article\" \/>\n\t\t<meta property=\"og:title\" content=\"Un pescador herido en la zona de Cabo Negro | Cand\u00e1s 365\" \/>\n\t\t<meta property=\"og:description\" content=\"Un hombre ha resultado herido mientras estaba pescando en la zona de Cabo Negro, en Goz\u00f3n. El afectado, que presentaba un golpe en la cabeza tras caer por un acantilado, ha sido evacuado por el Grupo de Rescate de Bomberos del Servicio de Emergencias del Principado de Asturias (SEPA), a bordo del helic\u00f3ptero medicalizado del\" \/>\n\t\t<meta property=\"og:url\" content=\"https:\/\/candas365.es\/noticias\/un-pescador-herido-en-la-zona-de-cabo-negro\/\" \/>\n\t\t<meta property=\"og:image\" content=\"https:\/\/candas365.es\/noticias\/wp-content\/uploads\/2016\/06\/fotonoticia_20160625161332_800.jpg\" \/>\n\t\t<meta property=\"og:image:secure_url\" content=\"https:\/\/candas365.es\/noticias\/wp-content\/uploads\/2016\/06\/fotonoticia_20160625161332_800.jpg\" \/>\n\t\t<meta property=\"og:image:width\" content=\"800\" \/>\n\t\t<meta property=\"og:image:height\" content=\"1067\" \/>\n\t\t<meta property=\"article:published_time\" content=\"2016-06-25T22:34:03+00:00\" \/>\n\t\t<meta property=\"article:modified_time\" content=\"2016-06-25T22:34:03+00:00\" \/>\n\t\t<meta property=\"article:publisher\" content=\"https:\/\/www.facebook.com\/Nachofdezber\" \/>\n\t\t<meta property=\"article:author\" content=\"https:\/\/www.facebook.com\/carrenoactualidad\" \/>\n\t\t<meta name=\"twitter:card\" content=\"summary_large_image\" \/>\n\t\t<meta name=\"twitter:site\" content=\"@NabercoDigital\" \/>\n\t\t<meta name=\"twitter:title\" content=\"Un pescador herido en la zona de Cabo Negro | Cand\u00e1s 365\" \/>\n\t\t<meta name=\"twitter:description\" content=\"Un hombre ha resultado herido mientras estaba pescando en la zona de Cabo Negro, en Goz\u00f3n. El afectado, que presentaba un golpe en la cabeza tras caer por un acantilado, ha sido evacuado por el Grupo de Rescate de Bomberos del Servicio de Emergencias del Principado de Asturias (SEPA), a bordo del helic\u00f3ptero medicalizado del\" \/>\n\t\t<meta name=\"twitter:creator\" content=\"@nbasturias\" \/>\n\t\t<meta name=\"twitter:image\" content=\"https:\/\/candas365.es\/noticias\/wp-content\/uploads\/2016\/06\/fotonoticia_20160625161332_800.jpg\" \/>\n\t\t<meta name=\"twitter:label1\" content=\"Escrito por\" \/>\n\t\t<meta name=\"twitter:data1\" content=\"Cand\u00e1s 365\" \/>\n\t\t<meta name=\"twitter:label2\" content=\"Tiempo de lectura estimado\" \/>\n\t\t<meta name=\"twitter:data2\" content=\"1 minuto\" \/>\n\t\t<script type=\"application\/ld+json\" class=\"aioseo-schema\">\n\t\t\t{\"@context\":\"https:\\\/\\\/schema.org\",\"@graph\":[{\"@type\":\"BreadcrumbList\",\"@id\":\"https:\\\/\\\/candas365.es\\\/noticias\\\/un-pescador-herido-en-la-zona-de-cabo-negro\\\/#breadcrumblist\",\"itemListElement\":[{\"@type\":\"ListItem\",\"@id\":\"https:\\\/\\\/candas365.es\\\/noticias#listItem\",\"position\":1,\"name\":\"Home\",\"item\":\"https:\\\/\\\/candas365.es\\\/noticias\",\"nextItem\":{\"@type\":\"ListItem\",\"@id\":\"https:\\\/\\\/candas365.es\\\/noticias\\\/category\\\/actualidad\\\/#listItem\",\"name\":\"Actualidad\"}},{\"@type\":\"ListItem\",\"@id\":\"https:\\\/\\\/candas365.es\\\/noticias\\\/category\\\/actualidad\\\/#listItem\",\"position\":2,\"name\":\"Actualidad\",\"item\":\"https:\\\/\\\/candas365.es\\\/noticias\\\/category\\\/actualidad\\\/\",\"nextItem\":{\"@type\":\"ListItem\",\"@id\":\"https:\\\/\\\/candas365.es\\\/noticias\\\/un-pescador-herido-en-la-zona-de-cabo-negro\\\/#listItem\",\"name\":\"Un pescador herido en la zona de Cabo Negro\"},\"previousItem\":{\"@type\":\"ListItem\",\"@id\":\"https:\\\/\\\/candas365.es\\\/noticias#listItem\",\"name\":\"Home\"}},{\"@type\":\"ListItem\",\"@id\":\"https:\\\/\\\/candas365.es\\\/noticias\\\/un-pescador-herido-en-la-zona-de-cabo-negro\\\/#listItem\",\"position\":3,\"name\":\"Un pescador herido en la zona de Cabo Negro\",\"previousItem\":{\"@type\":\"ListItem\",\"@id\":\"https:\\\/\\\/candas365.es\\\/noticias\\\/category\\\/actualidad\\\/#listItem\",\"name\":\"Actualidad\"}}]},{\"@type\":\"NewsArticle\",\"@id\":\"https:\\\/\\\/candas365.es\\\/noticias\\\/un-pescador-herido-en-la-zona-de-cabo-negro\\\/#newsarticle\",\"name\":\"Un pescador herido en la zona de Cabo Negro | Cand\\u00e1s 365\",\"headline\":\"Un pescador herido en la zona de Cabo Negro\",\"author\":{\"@id\":\"https:\\\/\\\/candas365.es\\\/noticias\\\/author\\\/admin\\\/#author\"},\"publisher\":{\"@id\":\"https:\\\/\\\/candas365.es\\\/noticias\\\/#organization\"},\"image\":{\"@type\":\"ImageObject\",\"url\":\"https:\\\/\\\/candas365.es\\\/noticias\\\/wp-content\\\/uploads\\\/2016\\\/06\\\/fotonoticia_20160625161332_800.jpg\",\"width\":800,\"height\":1067},\"datePublished\":\"2016-06-26T00:04:03+02:00\",\"dateModified\":\"2016-06-26T00:04:03+02:00\",\"inLanguage\":\"es-ES\",\"mainEntityOfPage\":{\"@id\":\"https:\\\/\\\/candas365.es\\\/noticias\\\/un-pescador-herido-en-la-zona-de-cabo-negro\\\/#webpage\"},\"isPartOf\":{\"@id\":\"https:\\\/\\\/candas365.es\\\/noticias\\\/un-pescador-herido-en-la-zona-de-cabo-negro\\\/#webpage\"},\"articleSection\":\"Actualidad\",\"dateline\":\"Publicado el junio 26, 2016.\"},{\"@type\":\"Organization\",\"@id\":\"https:\\\/\\\/candas365.es\\\/noticias\\\/#organization\",\"name\":\"Cand\\u00e1s 365\",\"description\":\"Cand\\u00e1s 365 es un diario digital independiente, fundado en 2012, con base en Asturias. Informamos con rigor sobre actualidad, sociedad, cultura y ocio, con una mirada local y global.\",\"url\":\"https:\\\/\\\/candas365.es\\\/noticias\\\/\",\"email\":\"info@candas365.es\",\"telephone\":\"+34652131393\",\"foundingDate\":\"2012-06-10\",\"logo\":{\"@type\":\"ImageObject\",\"url\":\"https:\\\/\\\/candas365.es\\\/noticias\\\/wp-content\\\/uploads\\\/2024\\\/09\\\/Candas-365-Redes.jpg\",\"@id\":\"https:\\\/\\\/candas365.es\\\/noticias\\\/un-pescador-herido-en-la-zona-de-cabo-negro\\\/#organizationLogo\",\"width\":1152,\"height\":864,\"caption\":\"Cand\\u00e1s 365 Redes\"},\"image\":{\"@id\":\"https:\\\/\\\/candas365.es\\\/noticias\\\/un-pescador-herido-en-la-zona-de-cabo-negro\\\/#organizationLogo\"},\"sameAs\":[\"https:\\\/\\\/www.facebook.com\\\/Nachofdezber\",\"https:\\\/\\\/x.com\\\/NabercoDigital\",\"https:\\\/\\\/www.instagram.com\\\/nachofdezber\\\/\",\"https:\\\/\\\/www.youtube.com\\\/channel\\\/UCZP-2wLEB9Rv6erhFmqVnvg\"],\"address\":{\"@id\":\"https:\\\/\\\/candas365.es\\\/noticias\\\/#postaladdress\",\"@type\":\"PostalAddress\",\"streetAddress\":\"san antonio 4, san antonio 4\",\"postalCode\":\"33430\",\"addressLocality\":\"Cand\\u00e1s\",\"addressRegion\":\"Asturias\",\"addressCountry\":\"ES\"}},{\"@type\":\"Person\",\"@id\":\"https:\\\/\\\/candas365.es\\\/noticias\\\/author\\\/admin\\\/#author\",\"url\":\"https:\\\/\\\/candas365.es\\\/noticias\\\/author\\\/admin\\\/\",\"name\":\"Cand\\u00e1s 365\",\"image\":{\"@type\":\"ImageObject\",\"@id\":\"https:\\\/\\\/candas365.es\\\/noticias\\\/un-pescador-herido-en-la-zona-de-cabo-negro\\\/#authorImage\",\"url\":\"https:\\\/\\\/secure.gravatar.com\\\/avatar\\\/496a8e03d0c493ede1718b7934145dbdf8d89be1036b0eec9544e1094c9de390?s=96&d=mm&r=g\",\"width\":96,\"height\":96,\"caption\":\"Cand\\u00e1s 365\"},\"sameAs\":[\"https:\\\/\\\/www.facebook.com\\\/carrenoactualidad\",\"https:\\\/\\\/twitter.com\\\/nbasturias\",\"https:\\\/\\\/www.instagram.com\\\/nachofdezber\\\/\",\"https:\\\/\\\/www.youtube.com\\\/channel\\\/UCZP-2wLEB9Rv6erhFmqVnvg\"]},{\"@type\":\"WebPage\",\"@id\":\"https:\\\/\\\/candas365.es\\\/noticias\\\/un-pescador-herido-en-la-zona-de-cabo-negro\\\/#webpage\",\"url\":\"https:\\\/\\\/candas365.es\\\/noticias\\\/un-pescador-herido-en-la-zona-de-cabo-negro\\\/\",\"name\":\"Un pescador herido en la zona de Cabo Negro | Cand\\u00e1s 365\",\"description\":\"Un hombre ha resultado herido mientras estaba pescando en la zona de Cabo Negro, en Goz\\u00f3n. El afectado, que presentaba un golpe en la cabeza tras caer por un acantilado, ha sido evacuado por el Grupo de Rescate de Bomberos del Servicio de Emergencias del Principado de Asturias (SEPA), a bordo del helic\\u00f3ptero medicalizado del\",\"inLanguage\":\"es-ES\",\"isPartOf\":{\"@id\":\"https:\\\/\\\/candas365.es\\\/noticias\\\/#website\"},\"breadcrumb\":{\"@id\":\"https:\\\/\\\/candas365.es\\\/noticias\\\/un-pescador-herido-en-la-zona-de-cabo-negro\\\/#breadcrumblist\"},\"author\":{\"@id\":\"https:\\\/\\\/candas365.es\\\/noticias\\\/author\\\/admin\\\/#author\"},\"creator\":{\"@id\":\"https:\\\/\\\/candas365.es\\\/noticias\\\/author\\\/admin\\\/#author\"},\"image\":{\"@type\":\"ImageObject\",\"url\":\"https:\\\/\\\/candas365.es\\\/noticias\\\/wp-content\\\/uploads\\\/2016\\\/06\\\/fotonoticia_20160625161332_800.jpg\",\"@id\":\"https:\\\/\\\/candas365.es\\\/noticias\\\/un-pescador-herido-en-la-zona-de-cabo-negro\\\/#mainImage\",\"width\":800,\"height\":1067},\"primaryImageOfPage\":{\"@id\":\"https:\\\/\\\/candas365.es\\\/noticias\\\/un-pescador-herido-en-la-zona-de-cabo-negro\\\/#mainImage\"},\"datePublished\":\"2016-06-26T00:04:03+02:00\",\"dateModified\":\"2016-06-26T00:04:03+02:00\"},{\"@type\":\"WebSite\",\"@id\":\"https:\\\/\\\/candas365.es\\\/noticias\\\/#website\",\"url\":\"https:\\\/\\\/candas365.es\\\/noticias\\\/\",\"name\":\"Cand\\u00e1s 365\",\"alternateName\":\"Cand\\u00e1s 365 Noticias\",\"description\":\"Actualidad desde Carre\\u00f1o para el mundo\",\"inLanguage\":\"es-ES\",\"publisher\":{\"@id\":\"https:\\\/\\\/candas365.es\\\/noticias\\\/#organization\"}}]}\n\t\t<\/script>\n\t\t<!-- All in One SEO Pro -->\r\n\t\t<title>Un pescador herido en la zona de Cabo Negro | Cand\u00e1s 365<\/title>\n\n","aioseo_head_json":{"title":"Un pescador herido en la zona de Cabo Negro | Cand\u00e1s 365","description":"Un hombre ha resultado herido mientras estaba pescando en la zona de Cabo Negro, en Goz\u00f3n. El afectado, que presentaba un golpe en la cabeza tras caer por un acantilado, ha sido evacuado por el Grupo de Rescate de Bomberos del Servicio de Emergencias del Principado de Asturias (SEPA), a bordo del helic\u00f3ptero medicalizado del","canonical_url":"https:\/\/candas365.es\/noticias\/un-pescador-herido-en-la-zona-de-cabo-negro\/","robots":"max-image-preview:large","keywords":"actualidad","webmasterTools":{"google-site-verification":"UA-32230408-1","msvalidate.01":"354F3CDFB2DA171B47FBE9ABF1F88D5","miscellaneous":""},"schema":{"@context":"https:\/\/schema.org","@graph":[{"@type":"BreadcrumbList","@id":"https:\/\/candas365.es\/noticias\/un-pescador-herido-en-la-zona-de-cabo-negro\/#breadcrumblist","itemListElement":[{"@type":"ListItem","@id":"https:\/\/candas365.es\/noticias#listItem","position":1,"name":"Home","item":"https:\/\/candas365.es\/noticias","nextItem":{"@type":"ListItem","@id":"https:\/\/candas365.es\/noticias\/category\/actualidad\/#listItem","name":"Actualidad"}},{"@type":"ListItem","@id":"https:\/\/candas365.es\/noticias\/category\/actualidad\/#listItem","position":2,"name":"Actualidad","item":"https:\/\/candas365.es\/noticias\/category\/actualidad\/","nextItem":{"@type":"ListItem","@id":"https:\/\/candas365.es\/noticias\/un-pescador-herido-en-la-zona-de-cabo-negro\/#listItem","name":"Un pescador herido en la zona de Cabo Negro"},"previousItem":{"@type":"ListItem","@id":"https:\/\/candas365.es\/noticias#listItem","name":"Home"}},{"@type":"ListItem","@id":"https:\/\/candas365.es\/noticias\/un-pescador-herido-en-la-zona-de-cabo-negro\/#listItem","position":3,"name":"Un pescador herido en la zona de Cabo Negro","previousItem":{"@type":"ListItem","@id":"https:\/\/candas365.es\/noticias\/category\/actualidad\/#listItem","name":"Actualidad"}}]},{"@type":"NewsArticle","@id":"https:\/\/candas365.es\/noticias\/un-pescador-herido-en-la-zona-de-cabo-negro\/#newsarticle","name":"Un pescador herido en la zona de Cabo Negro | Cand\u00e1s 365","headline":"Un pescador herido en la zona de Cabo Negro","author":{"@id":"https:\/\/candas365.es\/noticias\/author\/admin\/#author"},"publisher":{"@id":"https:\/\/candas365.es\/noticias\/#organization"},"image":{"@type":"ImageObject","url":"https:\/\/candas365.es\/noticias\/wp-content\/uploads\/2016\/06\/fotonoticia_20160625161332_800.jpg","width":800,"height":1067},"datePublished":"2016-06-26T00:04:03+02:00","dateModified":"2016-06-26T00:04:03+02:00","inLanguage":"es-ES","mainEntityOfPage":{"@id":"https:\/\/candas365.es\/noticias\/un-pescador-herido-en-la-zona-de-cabo-negro\/#webpage"},"isPartOf":{"@id":"https:\/\/candas365.es\/noticias\/un-pescador-herido-en-la-zona-de-cabo-negro\/#webpage"},"articleSection":"Actualidad","dateline":"Publicado el junio 26, 2016."},{"@type":"Organization","@id":"https:\/\/candas365.es\/noticias\/#organization","name":"Cand\u00e1s 365","description":"Cand\u00e1s 365 es un diario digital independiente, fundado en 2012, con base en Asturias. Informamos con rigor sobre actualidad, sociedad, cultura y ocio, con una mirada local y global.","url":"https:\/\/candas365.es\/noticias\/","email":"info@candas365.es","telephone":"+34652131393","foundingDate":"2012-06-10","logo":{"@type":"ImageObject","url":"https:\/\/candas365.es\/noticias\/wp-content\/uploads\/2024\/09\/Candas-365-Redes.jpg","@id":"https:\/\/candas365.es\/noticias\/un-pescador-herido-en-la-zona-de-cabo-negro\/#organizationLogo","width":1152,"height":864,"caption":"Cand\u00e1s 365 Redes"},"image":{"@id":"https:\/\/candas365.es\/noticias\/un-pescador-herido-en-la-zona-de-cabo-negro\/#organizationLogo"},"sameAs":["https:\/\/www.facebook.com\/Nachofdezber","https:\/\/x.com\/NabercoDigital","https:\/\/www.instagram.com\/nachofdezber\/","https:\/\/www.youtube.com\/channel\/UCZP-2wLEB9Rv6erhFmqVnvg"],"address":{"@id":"https:\/\/candas365.es\/noticias\/#postaladdress","@type":"PostalAddress","streetAddress":"san antonio 4, san antonio 4","postalCode":"33430","addressLocality":"Cand\u00e1s","addressRegion":"Asturias","addressCountry":"ES"}},{"@type":"Person","@id":"https:\/\/candas365.es\/noticias\/author\/admin\/#author","url":"https:\/\/candas365.es\/noticias\/author\/admin\/","name":"Cand\u00e1s 365","image":{"@type":"ImageObject","@id":"https:\/\/candas365.es\/noticias\/un-pescador-herido-en-la-zona-de-cabo-negro\/#authorImage","url":"https:\/\/secure.gravatar.com\/avatar\/496a8e03d0c493ede1718b7934145dbdf8d89be1036b0eec9544e1094c9de390?s=96&d=mm&r=g","width":96,"height":96,"caption":"Cand\u00e1s 365"},"sameAs":["https:\/\/www.facebook.com\/carrenoactualidad","https:\/\/twitter.com\/nbasturias","https:\/\/www.instagram.com\/nachofdezber\/","https:\/\/www.youtube.com\/channel\/UCZP-2wLEB9Rv6erhFmqVnvg"]},{"@type":"WebPage","@id":"https:\/\/candas365.es\/noticias\/un-pescador-herido-en-la-zona-de-cabo-negro\/#webpage","url":"https:\/\/candas365.es\/noticias\/un-pescador-herido-en-la-zona-de-cabo-negro\/","name":"Un pescador herido en la zona de Cabo Negro | Cand\u00e1s 365","description":"Un hombre ha resultado herido mientras estaba pescando en la zona de Cabo Negro, en Goz\u00f3n. El afectado, que presentaba un golpe en la cabeza tras caer por un acantilado, ha sido evacuado por el Grupo de Rescate de Bomberos del Servicio de Emergencias del Principado de Asturias (SEPA), a bordo del helic\u00f3ptero medicalizado del","inLanguage":"es-ES","isPartOf":{"@id":"https:\/\/candas365.es\/noticias\/#website"},"breadcrumb":{"@id":"https:\/\/candas365.es\/noticias\/un-pescador-herido-en-la-zona-de-cabo-negro\/#breadcrumblist"},"author":{"@id":"https:\/\/candas365.es\/noticias\/author\/admin\/#author"},"creator":{"@id":"https:\/\/candas365.es\/noticias\/author\/admin\/#author"},"image":{"@type":"ImageObject","url":"https:\/\/candas365.es\/noticias\/wp-content\/uploads\/2016\/06\/fotonoticia_20160625161332_800.jpg","@id":"https:\/\/candas365.es\/noticias\/un-pescador-herido-en-la-zona-de-cabo-negro\/#mainImage","width":800,"height":1067},"primaryImageOfPage":{"@id":"https:\/\/candas365.es\/noticias\/un-pescador-herido-en-la-zona-de-cabo-negro\/#mainImage"},"datePublished":"2016-06-26T00:04:03+02:00","dateModified":"2016-06-26T00:04:03+02:00"},{"@type":"WebSite","@id":"https:\/\/candas365.es\/noticias\/#website","url":"https:\/\/candas365.es\/noticias\/","name":"Cand\u00e1s 365","alternateName":"Cand\u00e1s 365 Noticias","description":"Actualidad desde Carre\u00f1o para el mundo","inLanguage":"es-ES","publisher":{"@id":"https:\/\/candas365.es\/noticias\/#organization"}}]},"og:locale":"es_ES","og:site_name":"Cand\u00e1s 365","og:type":"article","og:title":"Un pescador herido en la zona de Cabo Negro | Cand\u00e1s 365","og:description":"Un hombre ha resultado herido mientras estaba pescando en la zona de Cabo Negro, en Goz\u00f3n. El afectado, que presentaba un golpe en la cabeza tras caer por un acantilado, ha sido evacuado por el Grupo de Rescate de Bomberos del Servicio de Emergencias del Principado de Asturias (SEPA), a bordo del helic\u00f3ptero medicalizado del","og:url":"https:\/\/candas365.es\/noticias\/un-pescador-herido-en-la-zona-de-cabo-negro\/","og:image":"https:\/\/candas365.es\/noticias\/wp-content\/uploads\/2016\/06\/fotonoticia_20160625161332_800.jpg","og:image:secure_url":"https:\/\/candas365.es\/noticias\/wp-content\/uploads\/2016\/06\/fotonoticia_20160625161332_800.jpg","og:image:width":800,"og:image:height":1067,"article:published_time":"2016-06-25T22:34:03+00:00","article:modified_time":"2016-06-25T22:34:03+00:00","article:publisher":"https:\/\/www.facebook.com\/Nachofdezber","article:author":"https:\/\/www.facebook.com\/carrenoactualidad","twitter:card":"summary_large_image","twitter:site":"@NabercoDigital","twitter:title":"Un pescador herido en la zona de Cabo Negro | Cand\u00e1s 365","twitter:description":"Un hombre ha resultado herido mientras estaba pescando en la zona de Cabo Negro, en Goz\u00f3n. El afectado, que presentaba un golpe en la cabeza tras caer por un acantilado, ha sido evacuado por el Grupo de Rescate de Bomberos del Servicio de Emergencias del Principado de Asturias (SEPA), a bordo del helic\u00f3ptero medicalizado del","twitter:creator":"@nbasturias","twitter:image":"https:\/\/candas365.es\/noticias\/wp-content\/uploads\/2016\/06\/fotonoticia_20160625161332_800.jpg","twitter:label1":"Escrito por","twitter:data1":"Cand\u00e1s 365","twitter:label2":"Tiempo de lectura estimado","twitter:data2":"1 minuto"},"aioseo_meta_data":{"post_id":"31298","title":null,"description":null,"keywords":null,"keyphrases":null,"primary_term":null,"canonical_url":null,"og_title":null,"og_description":null,"og_object_type":"default","og_image_type":"default","og_image_url":null,"og_image_width":null,"og_image_height":null,"og_image_custom_url":null,"og_image_custom_fields":null,"og_video":null,"og_custom_url":null,"og_article_section":null,"og_article_tags":null,"twitter_use_og":false,"twitter_card":"default","twitter_image_type":"default","twitter_image_url":null,"twitter_image_custom_url":null,"twitter_image_custom_fields":null,"twitter_title":null,"twitter_description":null,"schema":{"blockGraphs":[],"customGraphs":[],"default":{"data":{"Article":[],"Course":[],"Dataset":[],"FAQPage":[],"Movie":[],"Person":[],"Product":[],"ProductReview":[],"Car":[],"Recipe":[],"Service":[],"SoftwareApplication":[],"WebPage":[]},"graphName":"","isEnabled":true},"graphs":[],"defaultGraph":"","defaultPostTypeGraph":""},"schema_type":null,"schema_type_options":null,"pillar_content":false,"robots_default":true,"robots_noindex":false,"robots_noarchive":false,"robots_nosnippet":false,"robots_nofollow":false,"robots_noimageindex":false,"robots_noodp":false,"robots_notranslate":false,"robots_max_snippet":null,"robots_max_videopreview":null,"robots_max_imagepreview":"large","priority":null,"frequency":null,"location":null,"local_seo":null,"seo_analyzer_scan_date":"2025-08-24 13:41:14","breadcrumb_settings":null,"limit_modified_date":false,"reviewed_by":null,"open_ai":null,"ai":null,"created":"2020-12-21 13:00:38","updated":"2025-08-24 13:41:14"},"aioseo_breadcrumb":"<div class=\"aioseo-breadcrumbs\"><span class=\"aioseo-breadcrumb\">\n\t<a href=\"https:\/\/candas365.es\/noticias\" title=\"Home\">Home<\/a>\n<\/span><span class=\"aioseo-breadcrumb-separator\">&ndash;<\/span><span class=\"aioseo-breadcrumb\">\n\t<a href=\"https:\/\/candas365.es\/noticias\/category\/actualidad\/\" title=\"Actualidad\">Actualidad<\/a>\n<\/span><span class=\"aioseo-breadcrumb-separator\">&ndash;<\/span><span class=\"aioseo-breadcrumb\">\n\tUn pescador herido en la zona de Cabo Negro\n<\/span><\/div>","aioseo_breadcrumb_json":[{"label":"Home","link":"https:\/\/candas365.es\/noticias"},{"label":"Actualidad","link":"https:\/\/candas365.es\/noticias\/category\/actualidad\/"},{"label":"Un pescador herido en la zona de Cabo Negro","link":"https:\/\/candas365.es\/noticias\/un-pescador-herido-en-la-zona-de-cabo-negro\/"}],"_links":{"self":[{"href":"https:\/\/candas365.es\/noticias\/wp-json\/wp\/v2\/posts\/31298","targetHints":{"allow":["GET"]}}],"collection":[{"href":"https:\/\/candas365.es\/noticias\/wp-json\/wp\/v2\/posts"}],"about":[{"href":"https:\/\/candas365.es\/noticias\/wp-json\/wp\/v2\/types\/post"}],"author":[{"embeddable":true,"href":"https:\/\/candas365.es\/noticias\/wp-json\/wp\/v2\/users\/1"}],"replies":[{"embeddable":true,"href":"https:\/\/candas365.es\/noticias\/wp-json\/wp\/v2\/comments?post=31298"}],"version-history":[{"count":0,"href":"https:\/\/candas365.es\/noticias\/wp-json\/wp\/v2\/posts\/31298\/revisions"}],"wp:featuredmedia":[{"embeddable":true,"href":"https:\/\/candas365.es\/noticias\/wp-json\/wp\/v2\/media\/31299"}],"wp:attachment":[{"href":"https:\/\/candas365.es\/noticias\/wp-json\/wp\/v2\/media?parent=31298"}],"wp:term":[{"taxonomy":"category","embeddable":true,"href":"https:\/\/candas365.es\/noticias\/wp-json\/wp\/v2\/categories?post=31298"},{"taxonomy":"post_tag","embeddable":true,"href":"https:\/\/candas365.es\/noticias\/wp-json\/wp\/v2\/tags?post=31298"}],"curies":[{"name":"wp","href":"https:\/\/api.w.org\/{rel}","templated":true}]}}