{"id":31292,"date":"2016-06-26T00:01:08","date_gmt":"2016-06-25T22:31:08","guid":{"rendered":"http:\/\/candas365.es\/noticias\/?p=31292"},"modified":"2016-06-26T00:01:08","modified_gmt":"2016-06-25T22:31:08","slug":"un-matrimonio-de-asturias-visitante-numero-500-000-de-la-villa-romana-de-la-olmeda","status":"publish","type":"post","link":"https:\/\/candas365.es\/noticias\/un-matrimonio-de-asturias-visitante-numero-500-000-de-la-villa-romana-de-la-olmeda\/","title":{"rendered":"Un matrimonio de Asturias, visitante n\u00famero 500.000 de la Villa Romana de La Olmeda"},"content":{"rendered":"<p><img fetchpriority=\"high\" decoding=\"async\" class=\"alignleft size-medium wp-image-31293\" src=\"https:\/\/candas365.es\/noticias\/wp-content\/uploads\/2016\/06\/fotonoticia_20160625132520_800-360x203.jpg\" alt=\"fotonoticia_20160625132520_800\" width=\"360\" height=\"203\" srcset=\"https:\/\/candas365.es\/noticias\/wp-content\/uploads\/2016\/06\/fotonoticia_20160625132520_800-360x203.jpg 360w, https:\/\/candas365.es\/noticias\/wp-content\/uploads\/2016\/06\/fotonoticia_20160625132520_800-650x366.jpg 650w, https:\/\/candas365.es\/noticias\/wp-content\/uploads\/2016\/06\/fotonoticia_20160625132520_800-768x432.jpg 768w, https:\/\/candas365.es\/noticias\/wp-content\/uploads\/2016\/06\/fotonoticia_20160625132520_800-150x84.jpg 150w, https:\/\/candas365.es\/noticias\/wp-content\/uploads\/2016\/06\/fotonoticia_20160625132520_800-450x253.jpg 450w, https:\/\/candas365.es\/noticias\/wp-content\/uploads\/2016\/06\/fotonoticia_20160625132520_800-655x368.jpg 655w, https:\/\/candas365.es\/noticias\/wp-content\/uploads\/2016\/06\/fotonoticia_20160625132520_800-696x392.jpg 696w, https:\/\/candas365.es\/noticias\/wp-content\/uploads\/2016\/06\/fotonoticia_20160625132520_800-747x420.jpg 747w, https:\/\/candas365.es\/noticias\/wp-content\/uploads\/2016\/06\/fotonoticia_20160625132520_800-499x280.jpg 499w, https:\/\/candas365.es\/noticias\/wp-content\/uploads\/2016\/06\/fotonoticia_20160625132520_800.jpg 800w\" sizes=\"(max-width: 360px) 100vw, 360px\" \/>La Villa Romana La Olmeda ha recibido este s\u00e1bado, 25 de junio, al visitante n\u00famero 500.000, uno de los c\u00f3nyuges de un matrimonio de Oviedo (Asturias) que se ha acercado a la provincia palentina para conocer los municipios de Carri\u00f3n de los Condes y Fr\u00f3mista, donde fueron informados de la posibilidad de conocer el yacimiento.<\/p>\n<p>El matrimonio ha sido recibido por el diputado de la Villa Romana, Javier Villafruela, al que los visitantes han trasladado su \u00absorpresa\u00bb por el \u00abmaravilloso yacimiento\u00bb y por \u00ablo cuidado que est\u00e1\u00bb.<\/p>\n<p>Seg\u00fan ha asegurado este matrimonio asturiano, que pasa unos d\u00edas de vacaciones en Le\u00f3n, tras esta primera visita a La Olmeda volver\u00e1n con un grupo de amigos para que conozcan tambi\u00e9n los yacimientos.<\/p>\n<p>&nbsp;<\/p>\n","protected":false},"excerpt":{"rendered":"<p>La Villa Romana La Olmeda ha recibido este s\u00e1bado, 25 de junio, al visitante n\u00famero 500.000, uno de los c\u00f3nyuges de un matrimonio de Oviedo (Asturias) que se ha acercado a la provincia palentina para conocer los municipios de Carri\u00f3n de los Condes y Fr\u00f3mista, donde fueron informados de la posibilidad de conocer el yacimiento.<\/p>\n","protected":false},"author":1,"featured_media":31293,"comment_status":"closed","ping_status":"closed","sticky":false,"template":"","format":"standard","meta":{"footnotes":""},"categories":[343],"tags":[],"class_list":{"0":"post-31292","1":"post","2":"type-post","3":"status-publish","4":"format-standard","5":"has-post-thumbnail","7":"category-actualidad"},"aioseo_notices":[],"aioseo_head":"\n\t\t<!-- All in One SEO Pro 4.9.6.2 - aioseo.com -->\n\t<meta name=\"description\" content=\"La Villa Romana La Olmeda ha recibido este s\u00e1bado, 25 de junio, al visitante n\u00famero 500.000, uno de los c\u00f3nyuges de un matrimonio de Oviedo (Asturias) que se ha acercado a la provincia palentina para conocer los municipios de Carri\u00f3n de los Condes y Fr\u00f3mista, donde fueron informados de la posibilidad de conocer el yacimiento.\" \/>\n\t<meta name=\"robots\" content=\"max-image-preview:large\" \/>\n\t<meta name=\"author\" content=\"Cand\u00e1s 365\"\/>\n\t<meta name=\"google-site-verification\" content=\"UA-32230408-1\" \/>\n\t<meta name=\"msvalidate.01\" content=\"354F3CDFB2DA171B47FBE9ABF1F88D5\" \/>\n\t<meta name=\"keywords\" content=\"actualidad\" \/>\n\t<link rel=\"canonical\" href=\"https:\/\/candas365.es\/noticias\/un-matrimonio-de-asturias-visitante-numero-500-000-de-la-villa-romana-de-la-olmeda\/\" \/>\n\t<meta name=\"generator\" content=\"All in One SEO Pro (AIOSEO) 4.9.6.2\" \/>\n\t\t<meta property=\"og:locale\" content=\"es_ES\" \/>\n\t\t<meta property=\"og:site_name\" content=\"Cand\u00e1s 365\" \/>\n\t\t<meta property=\"og:type\" content=\"article\" \/>\n\t\t<meta property=\"og:title\" content=\"Un matrimonio de Asturias, visitante n\u00famero 500.000 de la Villa Romana de La Olmeda | Cand\u00e1s 365\" \/>\n\t\t<meta property=\"og:description\" content=\"La Villa Romana La Olmeda ha recibido este s\u00e1bado, 25 de junio, al visitante n\u00famero 500.000, uno de los c\u00f3nyuges de un matrimonio de Oviedo (Asturias) que se ha acercado a la provincia palentina para conocer los municipios de Carri\u00f3n de los Condes y Fr\u00f3mista, donde fueron informados de la posibilidad de conocer el yacimiento.\" \/>\n\t\t<meta property=\"og:url\" content=\"https:\/\/candas365.es\/noticias\/un-matrimonio-de-asturias-visitante-numero-500-000-de-la-villa-romana-de-la-olmeda\/\" \/>\n\t\t<meta property=\"og:image\" content=\"https:\/\/candas365.es\/noticias\/wp-content\/uploads\/2016\/06\/fotonoticia_20160625132520_800.jpg\" \/>\n\t\t<meta property=\"og:image:secure_url\" content=\"https:\/\/candas365.es\/noticias\/wp-content\/uploads\/2016\/06\/fotonoticia_20160625132520_800.jpg\" \/>\n\t\t<meta property=\"og:image:width\" content=\"800\" \/>\n\t\t<meta property=\"og:image:height\" content=\"450\" \/>\n\t\t<meta property=\"article:published_time\" content=\"2016-06-25T22:31:08+00:00\" \/>\n\t\t<meta property=\"article:modified_time\" content=\"2016-06-25T22:31:08+00:00\" \/>\n\t\t<meta property=\"article:publisher\" content=\"https:\/\/www.facebook.com\/Nachofdezber\" \/>\n\t\t<meta property=\"article:author\" content=\"https:\/\/www.facebook.com\/carrenoactualidad\" \/>\n\t\t<meta name=\"twitter:card\" content=\"summary_large_image\" \/>\n\t\t<meta name=\"twitter:site\" content=\"@NabercoDigital\" \/>\n\t\t<meta name=\"twitter:title\" content=\"Un matrimonio de Asturias, visitante n\u00famero 500.000 de la Villa Romana de La Olmeda | Cand\u00e1s 365\" \/>\n\t\t<meta name=\"twitter:description\" content=\"La Villa Romana La Olmeda ha recibido este s\u00e1bado, 25 de junio, al visitante n\u00famero 500.000, uno de los c\u00f3nyuges de un matrimonio de Oviedo (Asturias) que se ha acercado a la provincia palentina para conocer los municipios de Carri\u00f3n de los Condes y Fr\u00f3mista, donde fueron informados de la posibilidad de conocer el yacimiento.\" \/>\n\t\t<meta name=\"twitter:creator\" content=\"@nbasturias\" \/>\n\t\t<meta name=\"twitter:image\" content=\"https:\/\/candas365.es\/noticias\/wp-content\/uploads\/2016\/06\/fotonoticia_20160625132520_800.jpg\" \/>\n\t\t<meta name=\"twitter:label1\" content=\"Escrito por\" \/>\n\t\t<meta name=\"twitter:data1\" content=\"Cand\u00e1s 365\" \/>\n\t\t<meta name=\"twitter:label2\" content=\"Tiempo de lectura estimado\" \/>\n\t\t<meta name=\"twitter:data2\" content=\"1 minuto\" \/>\n\t\t<script type=\"application\/ld+json\" class=\"aioseo-schema\">\n\t\t\t{\"@context\":\"https:\\\/\\\/schema.org\",\"@graph\":[{\"@type\":\"BreadcrumbList\",\"@id\":\"https:\\\/\\\/candas365.es\\\/noticias\\\/un-matrimonio-de-asturias-visitante-numero-500-000-de-la-villa-romana-de-la-olmeda\\\/#breadcrumblist\",\"itemListElement\":[{\"@type\":\"ListItem\",\"@id\":\"https:\\\/\\\/candas365.es\\\/noticias#listItem\",\"position\":1,\"name\":\"Home\",\"item\":\"https:\\\/\\\/candas365.es\\\/noticias\",\"nextItem\":{\"@type\":\"ListItem\",\"@id\":\"https:\\\/\\\/candas365.es\\\/noticias\\\/category\\\/actualidad\\\/#listItem\",\"name\":\"Actualidad\"}},{\"@type\":\"ListItem\",\"@id\":\"https:\\\/\\\/candas365.es\\\/noticias\\\/category\\\/actualidad\\\/#listItem\",\"position\":2,\"name\":\"Actualidad\",\"item\":\"https:\\\/\\\/candas365.es\\\/noticias\\\/category\\\/actualidad\\\/\",\"nextItem\":{\"@type\":\"ListItem\",\"@id\":\"https:\\\/\\\/candas365.es\\\/noticias\\\/un-matrimonio-de-asturias-visitante-numero-500-000-de-la-villa-romana-de-la-olmeda\\\/#listItem\",\"name\":\"Un matrimonio de Asturias, visitante n\\u00famero 500.000 de la Villa Romana de La Olmeda\"},\"previousItem\":{\"@type\":\"ListItem\",\"@id\":\"https:\\\/\\\/candas365.es\\\/noticias#listItem\",\"name\":\"Home\"}},{\"@type\":\"ListItem\",\"@id\":\"https:\\\/\\\/candas365.es\\\/noticias\\\/un-matrimonio-de-asturias-visitante-numero-500-000-de-la-villa-romana-de-la-olmeda\\\/#listItem\",\"position\":3,\"name\":\"Un matrimonio de Asturias, visitante n\\u00famero 500.000 de la Villa Romana de La Olmeda\",\"previousItem\":{\"@type\":\"ListItem\",\"@id\":\"https:\\\/\\\/candas365.es\\\/noticias\\\/category\\\/actualidad\\\/#listItem\",\"name\":\"Actualidad\"}}]},{\"@type\":\"NewsArticle\",\"@id\":\"https:\\\/\\\/candas365.es\\\/noticias\\\/un-matrimonio-de-asturias-visitante-numero-500-000-de-la-villa-romana-de-la-olmeda\\\/#newsarticle\",\"name\":\"Un matrimonio de Asturias, visitante n\\u00famero 500.000 de la Villa Romana de La Olmeda | Cand\\u00e1s 365\",\"headline\":\"Un matrimonio de Asturias, visitante n\\u00famero 500.000 de la Villa Romana de La Olmeda\",\"author\":{\"@id\":\"https:\\\/\\\/candas365.es\\\/noticias\\\/author\\\/admin\\\/#author\"},\"publisher\":{\"@id\":\"https:\\\/\\\/candas365.es\\\/noticias\\\/#organization\"},\"image\":{\"@type\":\"ImageObject\",\"url\":\"https:\\\/\\\/candas365.es\\\/noticias\\\/wp-content\\\/uploads\\\/2016\\\/06\\\/fotonoticia_20160625132520_800.jpg\",\"width\":800,\"height\":450},\"datePublished\":\"2016-06-26T00:01:08+02:00\",\"dateModified\":\"2016-06-26T00:01:08+02:00\",\"inLanguage\":\"es-ES\",\"mainEntityOfPage\":{\"@id\":\"https:\\\/\\\/candas365.es\\\/noticias\\\/un-matrimonio-de-asturias-visitante-numero-500-000-de-la-villa-romana-de-la-olmeda\\\/#webpage\"},\"isPartOf\":{\"@id\":\"https:\\\/\\\/candas365.es\\\/noticias\\\/un-matrimonio-de-asturias-visitante-numero-500-000-de-la-villa-romana-de-la-olmeda\\\/#webpage\"},\"articleSection\":\"Actualidad\",\"dateline\":\"Publicado el junio 26, 2016.\"},{\"@type\":\"Organization\",\"@id\":\"https:\\\/\\\/candas365.es\\\/noticias\\\/#organization\",\"name\":\"Cand\\u00e1s 365\",\"description\":\"Cand\\u00e1s 365 es un diario digital independiente, fundado en 2012, con base en Asturias. Informamos con rigor sobre actualidad, sociedad, cultura y ocio, con una mirada local y global.\",\"url\":\"https:\\\/\\\/candas365.es\\\/noticias\\\/\",\"email\":\"info@candas365.es\",\"telephone\":\"+34652131393\",\"foundingDate\":\"2012-06-10\",\"logo\":{\"@type\":\"ImageObject\",\"url\":\"https:\\\/\\\/candas365.es\\\/noticias\\\/wp-content\\\/uploads\\\/2024\\\/09\\\/Candas-365-Redes.jpg\",\"@id\":\"https:\\\/\\\/candas365.es\\\/noticias\\\/un-matrimonio-de-asturias-visitante-numero-500-000-de-la-villa-romana-de-la-olmeda\\\/#organizationLogo\",\"width\":1152,\"height\":864,\"caption\":\"Cand\\u00e1s 365 Redes\"},\"image\":{\"@id\":\"https:\\\/\\\/candas365.es\\\/noticias\\\/un-matrimonio-de-asturias-visitante-numero-500-000-de-la-villa-romana-de-la-olmeda\\\/#organizationLogo\"},\"sameAs\":[\"https:\\\/\\\/www.facebook.com\\\/Nachofdezber\",\"https:\\\/\\\/x.com\\\/NabercoDigital\",\"https:\\\/\\\/www.instagram.com\\\/nachofdezber\\\/\",\"https:\\\/\\\/www.youtube.com\\\/channel\\\/UCZP-2wLEB9Rv6erhFmqVnvg\"],\"address\":{\"@id\":\"https:\\\/\\\/candas365.es\\\/noticias\\\/#postaladdress\",\"@type\":\"PostalAddress\",\"streetAddress\":\"san antonio 4, san antonio 4\",\"postalCode\":\"33430\",\"addressLocality\":\"Cand\\u00e1s\",\"addressRegion\":\"Asturias\",\"addressCountry\":\"ES\"}},{\"@type\":\"Person\",\"@id\":\"https:\\\/\\\/candas365.es\\\/noticias\\\/author\\\/admin\\\/#author\",\"url\":\"https:\\\/\\\/candas365.es\\\/noticias\\\/author\\\/admin\\\/\",\"name\":\"Cand\\u00e1s 365\",\"image\":{\"@type\":\"ImageObject\",\"@id\":\"https:\\\/\\\/candas365.es\\\/noticias\\\/un-matrimonio-de-asturias-visitante-numero-500-000-de-la-villa-romana-de-la-olmeda\\\/#authorImage\",\"url\":\"https:\\\/\\\/secure.gravatar.com\\\/avatar\\\/496a8e03d0c493ede1718b7934145dbdf8d89be1036b0eec9544e1094c9de390?s=96&d=mm&r=g\",\"width\":96,\"height\":96,\"caption\":\"Cand\\u00e1s 365\"},\"sameAs\":[\"https:\\\/\\\/www.facebook.com\\\/carrenoactualidad\",\"https:\\\/\\\/twitter.com\\\/nbasturias\",\"https:\\\/\\\/www.instagram.com\\\/nachofdezber\\\/\",\"https:\\\/\\\/www.youtube.com\\\/channel\\\/UCZP-2wLEB9Rv6erhFmqVnvg\"]},{\"@type\":\"WebPage\",\"@id\":\"https:\\\/\\\/candas365.es\\\/noticias\\\/un-matrimonio-de-asturias-visitante-numero-500-000-de-la-villa-romana-de-la-olmeda\\\/#webpage\",\"url\":\"https:\\\/\\\/candas365.es\\\/noticias\\\/un-matrimonio-de-asturias-visitante-numero-500-000-de-la-villa-romana-de-la-olmeda\\\/\",\"name\":\"Un matrimonio de Asturias, visitante n\\u00famero 500.000 de la Villa Romana de La Olmeda | Cand\\u00e1s 365\",\"description\":\"La Villa Romana La Olmeda ha recibido este s\\u00e1bado, 25 de junio, al visitante n\\u00famero 500.000, uno de los c\\u00f3nyuges de un matrimonio de Oviedo (Asturias) que se ha acercado a la provincia palentina para conocer los municipios de Carri\\u00f3n de los Condes y Fr\\u00f3mista, donde fueron informados de la posibilidad de conocer el yacimiento.\",\"inLanguage\":\"es-ES\",\"isPartOf\":{\"@id\":\"https:\\\/\\\/candas365.es\\\/noticias\\\/#website\"},\"breadcrumb\":{\"@id\":\"https:\\\/\\\/candas365.es\\\/noticias\\\/un-matrimonio-de-asturias-visitante-numero-500-000-de-la-villa-romana-de-la-olmeda\\\/#breadcrumblist\"},\"author\":{\"@id\":\"https:\\\/\\\/candas365.es\\\/noticias\\\/author\\\/admin\\\/#author\"},\"creator\":{\"@id\":\"https:\\\/\\\/candas365.es\\\/noticias\\\/author\\\/admin\\\/#author\"},\"image\":{\"@type\":\"ImageObject\",\"url\":\"https:\\\/\\\/candas365.es\\\/noticias\\\/wp-content\\\/uploads\\\/2016\\\/06\\\/fotonoticia_20160625132520_800.jpg\",\"@id\":\"https:\\\/\\\/candas365.es\\\/noticias\\\/un-matrimonio-de-asturias-visitante-numero-500-000-de-la-villa-romana-de-la-olmeda\\\/#mainImage\",\"width\":800,\"height\":450},\"primaryImageOfPage\":{\"@id\":\"https:\\\/\\\/candas365.es\\\/noticias\\\/un-matrimonio-de-asturias-visitante-numero-500-000-de-la-villa-romana-de-la-olmeda\\\/#mainImage\"},\"datePublished\":\"2016-06-26T00:01:08+02:00\",\"dateModified\":\"2016-06-26T00:01:08+02:00\"},{\"@type\":\"WebSite\",\"@id\":\"https:\\\/\\\/candas365.es\\\/noticias\\\/#website\",\"url\":\"https:\\\/\\\/candas365.es\\\/noticias\\\/\",\"name\":\"Cand\\u00e1s 365\",\"alternateName\":\"Cand\\u00e1s 365 Noticias\",\"description\":\"Actualidad desde Carre\\u00f1o para el mundo\",\"inLanguage\":\"es-ES\",\"publisher\":{\"@id\":\"https:\\\/\\\/candas365.es\\\/noticias\\\/#organization\"}}]}\n\t\t<\/script>\n\t\t<!-- All in One SEO Pro -->\r\n\t\t<title>Un matrimonio de Asturias, visitante n\u00famero 500.000 de la Villa Romana de La Olmeda | Cand\u00e1s 365<\/title>\n\n","aioseo_head_json":{"title":"Un matrimonio de Asturias, visitante n\u00famero 500.000 de la Villa Romana de La Olmeda | Cand\u00e1s 365","description":"La Villa Romana La Olmeda ha recibido este s\u00e1bado, 25 de junio, al visitante n\u00famero 500.000, uno de los c\u00f3nyuges de un matrimonio de Oviedo (Asturias) que se ha acercado a la provincia palentina para conocer los municipios de Carri\u00f3n de los Condes y Fr\u00f3mista, donde fueron informados de la posibilidad de conocer el yacimiento.","canonical_url":"https:\/\/candas365.es\/noticias\/un-matrimonio-de-asturias-visitante-numero-500-000-de-la-villa-romana-de-la-olmeda\/","robots":"max-image-preview:large","keywords":"actualidad","webmasterTools":{"google-site-verification":"UA-32230408-1","msvalidate.01":"354F3CDFB2DA171B47FBE9ABF1F88D5","miscellaneous":""},"schema":{"@context":"https:\/\/schema.org","@graph":[{"@type":"BreadcrumbList","@id":"https:\/\/candas365.es\/noticias\/un-matrimonio-de-asturias-visitante-numero-500-000-de-la-villa-romana-de-la-olmeda\/#breadcrumblist","itemListElement":[{"@type":"ListItem","@id":"https:\/\/candas365.es\/noticias#listItem","position":1,"name":"Home","item":"https:\/\/candas365.es\/noticias","nextItem":{"@type":"ListItem","@id":"https:\/\/candas365.es\/noticias\/category\/actualidad\/#listItem","name":"Actualidad"}},{"@type":"ListItem","@id":"https:\/\/candas365.es\/noticias\/category\/actualidad\/#listItem","position":2,"name":"Actualidad","item":"https:\/\/candas365.es\/noticias\/category\/actualidad\/","nextItem":{"@type":"ListItem","@id":"https:\/\/candas365.es\/noticias\/un-matrimonio-de-asturias-visitante-numero-500-000-de-la-villa-romana-de-la-olmeda\/#listItem","name":"Un matrimonio de Asturias, visitante n\u00famero 500.000 de la Villa Romana de La Olmeda"},"previousItem":{"@type":"ListItem","@id":"https:\/\/candas365.es\/noticias#listItem","name":"Home"}},{"@type":"ListItem","@id":"https:\/\/candas365.es\/noticias\/un-matrimonio-de-asturias-visitante-numero-500-000-de-la-villa-romana-de-la-olmeda\/#listItem","position":3,"name":"Un matrimonio de Asturias, visitante n\u00famero 500.000 de la Villa Romana de La Olmeda","previousItem":{"@type":"ListItem","@id":"https:\/\/candas365.es\/noticias\/category\/actualidad\/#listItem","name":"Actualidad"}}]},{"@type":"NewsArticle","@id":"https:\/\/candas365.es\/noticias\/un-matrimonio-de-asturias-visitante-numero-500-000-de-la-villa-romana-de-la-olmeda\/#newsarticle","name":"Un matrimonio de Asturias, visitante n\u00famero 500.000 de la Villa Romana de La Olmeda | Cand\u00e1s 365","headline":"Un matrimonio de Asturias, visitante n\u00famero 500.000 de la Villa Romana de La Olmeda","author":{"@id":"https:\/\/candas365.es\/noticias\/author\/admin\/#author"},"publisher":{"@id":"https:\/\/candas365.es\/noticias\/#organization"},"image":{"@type":"ImageObject","url":"https:\/\/candas365.es\/noticias\/wp-content\/uploads\/2016\/06\/fotonoticia_20160625132520_800.jpg","width":800,"height":450},"datePublished":"2016-06-26T00:01:08+02:00","dateModified":"2016-06-26T00:01:08+02:00","inLanguage":"es-ES","mainEntityOfPage":{"@id":"https:\/\/candas365.es\/noticias\/un-matrimonio-de-asturias-visitante-numero-500-000-de-la-villa-romana-de-la-olmeda\/#webpage"},"isPartOf":{"@id":"https:\/\/candas365.es\/noticias\/un-matrimonio-de-asturias-visitante-numero-500-000-de-la-villa-romana-de-la-olmeda\/#webpage"},"articleSection":"Actualidad","dateline":"Publicado el junio 26, 2016."},{"@type":"Organization","@id":"https:\/\/candas365.es\/noticias\/#organization","name":"Cand\u00e1s 365","description":"Cand\u00e1s 365 es un diario digital independiente, fundado en 2012, con base en Asturias. Informamos con rigor sobre actualidad, sociedad, cultura y ocio, con una mirada local y global.","url":"https:\/\/candas365.es\/noticias\/","email":"info@candas365.es","telephone":"+34652131393","foundingDate":"2012-06-10","logo":{"@type":"ImageObject","url":"https:\/\/candas365.es\/noticias\/wp-content\/uploads\/2024\/09\/Candas-365-Redes.jpg","@id":"https:\/\/candas365.es\/noticias\/un-matrimonio-de-asturias-visitante-numero-500-000-de-la-villa-romana-de-la-olmeda\/#organizationLogo","width":1152,"height":864,"caption":"Cand\u00e1s 365 Redes"},"image":{"@id":"https:\/\/candas365.es\/noticias\/un-matrimonio-de-asturias-visitante-numero-500-000-de-la-villa-romana-de-la-olmeda\/#organizationLogo"},"sameAs":["https:\/\/www.facebook.com\/Nachofdezber","https:\/\/x.com\/NabercoDigital","https:\/\/www.instagram.com\/nachofdezber\/","https:\/\/www.youtube.com\/channel\/UCZP-2wLEB9Rv6erhFmqVnvg"],"address":{"@id":"https:\/\/candas365.es\/noticias\/#postaladdress","@type":"PostalAddress","streetAddress":"san antonio 4, san antonio 4","postalCode":"33430","addressLocality":"Cand\u00e1s","addressRegion":"Asturias","addressCountry":"ES"}},{"@type":"Person","@id":"https:\/\/candas365.es\/noticias\/author\/admin\/#author","url":"https:\/\/candas365.es\/noticias\/author\/admin\/","name":"Cand\u00e1s 365","image":{"@type":"ImageObject","@id":"https:\/\/candas365.es\/noticias\/un-matrimonio-de-asturias-visitante-numero-500-000-de-la-villa-romana-de-la-olmeda\/#authorImage","url":"https:\/\/secure.gravatar.com\/avatar\/496a8e03d0c493ede1718b7934145dbdf8d89be1036b0eec9544e1094c9de390?s=96&d=mm&r=g","width":96,"height":96,"caption":"Cand\u00e1s 365"},"sameAs":["https:\/\/www.facebook.com\/carrenoactualidad","https:\/\/twitter.com\/nbasturias","https:\/\/www.instagram.com\/nachofdezber\/","https:\/\/www.youtube.com\/channel\/UCZP-2wLEB9Rv6erhFmqVnvg"]},{"@type":"WebPage","@id":"https:\/\/candas365.es\/noticias\/un-matrimonio-de-asturias-visitante-numero-500-000-de-la-villa-romana-de-la-olmeda\/#webpage","url":"https:\/\/candas365.es\/noticias\/un-matrimonio-de-asturias-visitante-numero-500-000-de-la-villa-romana-de-la-olmeda\/","name":"Un matrimonio de Asturias, visitante n\u00famero 500.000 de la Villa Romana de La Olmeda | Cand\u00e1s 365","description":"La Villa Romana La Olmeda ha recibido este s\u00e1bado, 25 de junio, al visitante n\u00famero 500.000, uno de los c\u00f3nyuges de un matrimonio de Oviedo (Asturias) que se ha acercado a la provincia palentina para conocer los municipios de Carri\u00f3n de los Condes y Fr\u00f3mista, donde fueron informados de la posibilidad de conocer el yacimiento.","inLanguage":"es-ES","isPartOf":{"@id":"https:\/\/candas365.es\/noticias\/#website"},"breadcrumb":{"@id":"https:\/\/candas365.es\/noticias\/un-matrimonio-de-asturias-visitante-numero-500-000-de-la-villa-romana-de-la-olmeda\/#breadcrumblist"},"author":{"@id":"https:\/\/candas365.es\/noticias\/author\/admin\/#author"},"creator":{"@id":"https:\/\/candas365.es\/noticias\/author\/admin\/#author"},"image":{"@type":"ImageObject","url":"https:\/\/candas365.es\/noticias\/wp-content\/uploads\/2016\/06\/fotonoticia_20160625132520_800.jpg","@id":"https:\/\/candas365.es\/noticias\/un-matrimonio-de-asturias-visitante-numero-500-000-de-la-villa-romana-de-la-olmeda\/#mainImage","width":800,"height":450},"primaryImageOfPage":{"@id":"https:\/\/candas365.es\/noticias\/un-matrimonio-de-asturias-visitante-numero-500-000-de-la-villa-romana-de-la-olmeda\/#mainImage"},"datePublished":"2016-06-26T00:01:08+02:00","dateModified":"2016-06-26T00:01:08+02:00"},{"@type":"WebSite","@id":"https:\/\/candas365.es\/noticias\/#website","url":"https:\/\/candas365.es\/noticias\/","name":"Cand\u00e1s 365","alternateName":"Cand\u00e1s 365 Noticias","description":"Actualidad desde Carre\u00f1o para el mundo","inLanguage":"es-ES","publisher":{"@id":"https:\/\/candas365.es\/noticias\/#organization"}}]},"og:locale":"es_ES","og:site_name":"Cand\u00e1s 365","og:type":"article","og:title":"Un matrimonio de Asturias, visitante n\u00famero 500.000 de la Villa Romana de La Olmeda | Cand\u00e1s 365","og:description":"La Villa Romana La Olmeda ha recibido este s\u00e1bado, 25 de junio, al visitante n\u00famero 500.000, uno de los c\u00f3nyuges de un matrimonio de Oviedo (Asturias) que se ha acercado a la provincia palentina para conocer los municipios de Carri\u00f3n de los Condes y Fr\u00f3mista, donde fueron informados de la posibilidad de conocer el yacimiento.","og:url":"https:\/\/candas365.es\/noticias\/un-matrimonio-de-asturias-visitante-numero-500-000-de-la-villa-romana-de-la-olmeda\/","og:image":"https:\/\/candas365.es\/noticias\/wp-content\/uploads\/2016\/06\/fotonoticia_20160625132520_800.jpg","og:image:secure_url":"https:\/\/candas365.es\/noticias\/wp-content\/uploads\/2016\/06\/fotonoticia_20160625132520_800.jpg","og:image:width":800,"og:image:height":450,"article:published_time":"2016-06-25T22:31:08+00:00","article:modified_time":"2016-06-25T22:31:08+00:00","article:publisher":"https:\/\/www.facebook.com\/Nachofdezber","article:author":"https:\/\/www.facebook.com\/carrenoactualidad","twitter:card":"summary_large_image","twitter:site":"@NabercoDigital","twitter:title":"Un matrimonio de Asturias, visitante n\u00famero 500.000 de la Villa Romana de La Olmeda | Cand\u00e1s 365","twitter:description":"La Villa Romana La Olmeda ha recibido este s\u00e1bado, 25 de junio, al visitante n\u00famero 500.000, uno de los c\u00f3nyuges de un matrimonio de Oviedo (Asturias) que se ha acercado a la provincia palentina para conocer los municipios de Carri\u00f3n de los Condes y Fr\u00f3mista, donde fueron informados de la posibilidad de conocer el yacimiento.","twitter:creator":"@nbasturias","twitter:image":"https:\/\/candas365.es\/noticias\/wp-content\/uploads\/2016\/06\/fotonoticia_20160625132520_800.jpg","twitter:label1":"Escrito por","twitter:data1":"Cand\u00e1s 365","twitter:label2":"Tiempo de lectura estimado","twitter:data2":"1 minuto"},"aioseo_meta_data":{"post_id":"31292","title":null,"description":null,"keywords":null,"keyphrases":null,"primary_term":null,"canonical_url":null,"og_title":null,"og_description":null,"og_object_type":"default","og_image_type":"default","og_image_url":null,"og_image_width":null,"og_image_height":null,"og_image_custom_url":null,"og_image_custom_fields":null,"og_video":null,"og_custom_url":null,"og_article_section":null,"og_article_tags":null,"twitter_use_og":false,"twitter_card":"default","twitter_image_type":"default","twitter_image_url":null,"twitter_image_custom_url":null,"twitter_image_custom_fields":null,"twitter_title":null,"twitter_description":null,"schema":{"blockGraphs":[],"customGraphs":[],"default":{"data":{"Article":[],"Course":[],"Dataset":[],"FAQPage":[],"Movie":[],"Person":[],"Product":[],"ProductReview":[],"Car":[],"Recipe":[],"Service":[],"SoftwareApplication":[],"WebPage":[]},"graphName":"","isEnabled":true},"graphs":[]},"schema_type":null,"schema_type_options":null,"pillar_content":false,"robots_default":true,"robots_noindex":false,"robots_noarchive":false,"robots_nosnippet":false,"robots_nofollow":false,"robots_noimageindex":false,"robots_noodp":false,"robots_notranslate":false,"robots_max_snippet":null,"robots_max_videopreview":null,"robots_max_imagepreview":"large","priority":null,"frequency":null,"location":null,"local_seo":null,"seo_analyzer_scan_date":"2025-08-24 13:41:11","breadcrumb_settings":null,"limit_modified_date":false,"reviewed_by":null,"open_ai":null,"ai":null,"created":"2020-12-21 13:00:38","updated":"2025-08-24 13:41:11"},"aioseo_breadcrumb":"<div class=\"aioseo-breadcrumbs\"><span class=\"aioseo-breadcrumb\">\n\t<a href=\"https:\/\/candas365.es\/noticias\" title=\"Home\">Home<\/a>\n<\/span><span class=\"aioseo-breadcrumb-separator\">&ndash;<\/span><span class=\"aioseo-breadcrumb\">\n\t<a href=\"https:\/\/candas365.es\/noticias\/category\/actualidad\/\" title=\"Actualidad\">Actualidad<\/a>\n<\/span><span class=\"aioseo-breadcrumb-separator\">&ndash;<\/span><span class=\"aioseo-breadcrumb\">\n\tUn matrimonio de Asturias, visitante n\u00famero 500.000 de la Villa Romana de La Olmeda\n<\/span><\/div>","aioseo_breadcrumb_json":[{"label":"Home","link":"https:\/\/candas365.es\/noticias"},{"label":"Actualidad","link":"https:\/\/candas365.es\/noticias\/category\/actualidad\/"},{"label":"Un matrimonio de Asturias, visitante n\u00famero 500.000 de la Villa Romana de La Olmeda","link":"https:\/\/candas365.es\/noticias\/un-matrimonio-de-asturias-visitante-numero-500-000-de-la-villa-romana-de-la-olmeda\/"}],"_links":{"self":[{"href":"https:\/\/candas365.es\/noticias\/wp-json\/wp\/v2\/posts\/31292","targetHints":{"allow":["GET"]}}],"collection":[{"href":"https:\/\/candas365.es\/noticias\/wp-json\/wp\/v2\/posts"}],"about":[{"href":"https:\/\/candas365.es\/noticias\/wp-json\/wp\/v2\/types\/post"}],"author":[{"embeddable":true,"href":"https:\/\/candas365.es\/noticias\/wp-json\/wp\/v2\/users\/1"}],"replies":[{"embeddable":true,"href":"https:\/\/candas365.es\/noticias\/wp-json\/wp\/v2\/comments?post=31292"}],"version-history":[{"count":0,"href":"https:\/\/candas365.es\/noticias\/wp-json\/wp\/v2\/posts\/31292\/revisions"}],"wp:featuredmedia":[{"embeddable":true,"href":"https:\/\/candas365.es\/noticias\/wp-json\/wp\/v2\/media\/31293"}],"wp:attachment":[{"href":"https:\/\/candas365.es\/noticias\/wp-json\/wp\/v2\/media?parent=31292"}],"wp:term":[{"taxonomy":"category","embeddable":true,"href":"https:\/\/candas365.es\/noticias\/wp-json\/wp\/v2\/categories?post=31292"},{"taxonomy":"post_tag","embeddable":true,"href":"https:\/\/candas365.es\/noticias\/wp-json\/wp\/v2\/tags?post=31292"}],"curies":[{"name":"wp","href":"https:\/\/api.w.org\/{rel}","templated":true}]}}