{"id":31270,"date":"2016-06-25T23:47:48","date_gmt":"2016-06-25T22:17:48","guid":{"rendered":"http:\/\/candas365.es\/noticias\/?p=31270"},"modified":"2016-06-25T23:47:48","modified_gmt":"2016-06-25T22:17:48","slug":"los-fundadores-de-la-ue-presionan-a-londres-para-activar-el-brexit","status":"publish","type":"post","link":"https:\/\/candas365.es\/noticias\/los-fundadores-de-la-ue-presionan-a-londres-para-activar-el-brexit\/","title":{"rendered":"Los fundadores de la UE presionan a Londres para activar el \u00abBrexit\u00bb"},"content":{"rendered":"<p>Berl\u00edn, 25 jun (dpa) &#8211; Los ministros de Exteriores de los seis pa\u00edses fundadores de la Comunidad Econ\u00f3mica Europea presionaron hoy a Londres para que active lo antes posible el proceso para su salida ordenada del bloque comunitario.<\/p>\n<p>\u00abEse proceso debe comenzar cuanto antes\u00bb, subray\u00f3 el jefe de la diplomacia alemana, Frank-Walter Steinmeier, al t\u00e9rmino de la reuni\u00f3n de urgencia celebrada en Villa Borsig, la residencia de invitados del Ministerio alem\u00e1n de Exteriores, a las afueras de la capital. S\u00f3lo as\u00ed podr\u00e1 evitarse una situaci\u00f3n de par\u00e1lisis, explic\u00f3.<\/p>\n<p>\u00abEspero que no juguemos al rat\u00f3n y al gato\u00bb retrasando las negociaciones, coincidi\u00f3 el ministro luxemburgu\u00e9s, Jean Asselborn. \u00abAqu\u00ed tiene que haber claridad\u00bb.<\/p>\n<p>Los representantes de Alemania, Francia, Italia, Pa\u00edses Bajos, B\u00e9lgica y Luxemburgo ped\u00edan as\u00ed que se active el Art\u00edculo 50 del tratado europeo de Lisboa, que es el que prev\u00e9 el procedimiento para la salida de un pa\u00eds miembro de la Uni\u00f3n Europea (UE).<\/p>\n<p>Si Londres no act\u00faa con celeridad, puede abrirse un periodo de enorme inseguridad, alert\u00f3 Asselborn. Para las relaciones econ\u00f3micas y para las cuestiones sociales de la uni\u00f3n es importante que el proceso se inicie lo m\u00e1s r\u00e1pido posible, insisti\u00f3.<\/p>\n<p>En este primer encuentro multilateral convocado tras el refer\u00e9ndum brit\u00e1nico para empezar a dise\u00f1ar una UE sin Reino Unido, los ministros de los seis pa\u00edses fundadores aprovecharon tambi\u00e9n para lanzar un mensaje de unidad y llamaron a considerar la salida del Reino Unido como una oportunidad.<\/p>\n<p>\u00abEuropa debe demostrar ahora que es necesaria y que tiene capacidad de actuaci\u00f3n\u00bb, apunt\u00f3 Steinmeier, haciendo referencia a desaf\u00edos como la crisis de refugiados, el alto desempleo juvenil y la amenaza del terrorismo yihadista.<\/p>\n<p>\u00abTenemos que aprovechar esta oportunidad no s\u00f3lo para pensar, sino para escuchar a los dem\u00e1s, que es lo que hemos hecho hoy aqu\u00ed\u00bb, enfatiz\u00f3. El socialdem\u00f3crata alem\u00e1n inst\u00f3 a la UE a cerrar filas y reiter\u00f3 que la situaci\u00f3n actual \u00abno admite histeria ni par\u00e1lisis\u00bb.<\/p>\n<p>Por otro lado, respondi\u00f3 a las cr\u00edticas expresadas por algunos de los pa\u00edses europeos que no fueron invitados a este primer encuentro. En los pr\u00f3ximos d\u00edas habr\u00e1 muchas m\u00e1s conversaciones en formatos distintos, dijo. \u00abPrimero hay que escuchar un poco y tantear donde est\u00e1n las expectactivas y c\u00f3mo es el margen de actuaci\u00f3n\u00bb.<\/p>\n<p>El lunes, la canciller Angela Merkel recibir\u00e1 en Berl\u00edn al presidente del Consejo Europeo, Donald Tusk. Ese mismo lunes se entrevistar\u00e1 con el jefe de Estado franc\u00e9s, Fran\u00e7ois Hollande, y el jefe del gobierno italiano, Matteo Renzi. Ser\u00e1 un d\u00eda antes de que se celebre otra cumbre de la Uni\u00f3n Europea en Bruselas, en la que ya podr\u00eda faltar el brit\u00e1nico David Cameron.<\/p>\n","protected":false},"excerpt":{"rendered":"<p>Berl\u00edn, 25 jun (dpa) &#8211; Los ministros de Exteriores de los seis pa\u00edses fundadores de la Comunidad Econ\u00f3mica Europea presionaron hoy a Londres para que active lo antes posible el proceso para su salida ordenada del bloque comunitario. \u00abEse proceso debe comenzar cuanto antes\u00bb, subray\u00f3 el jefe de la diplomacia alemana, Frank-Walter Steinmeier, al t\u00e9rmino<\/p>\n","protected":false},"author":1,"featured_media":16457,"comment_status":"closed","ping_status":"closed","sticky":false,"template":"","format":"standard","meta":{"footnotes":""},"categories":[343],"tags":[],"class_list":{"0":"post-31270","1":"post","2":"type-post","3":"status-publish","4":"format-standard","5":"has-post-thumbnail","7":"category-actualidad"},"aioseo_notices":[],"aioseo_head":"\n\t\t<!-- All in One SEO Pro 4.9.6.2 - aioseo.com -->\n\t<meta name=\"description\" content=\"Berl\u00edn, 25 jun (dpa) - Los ministros de Exteriores de los seis pa\u00edses fundadores de la Comunidad Econ\u00f3mica Europea presionaron hoy a Londres para que active lo antes posible el proceso para su salida ordenada del bloque comunitario. &quot;Ese proceso debe comenzar cuanto antes&quot;, subray\u00f3 el jefe de la diplomacia alemana, Frank-Walter Steinmeier, al t\u00e9rmino\" \/>\n\t<meta name=\"robots\" content=\"max-image-preview:large\" \/>\n\t<meta name=\"author\" content=\"Cand\u00e1s 365\"\/>\n\t<meta name=\"google-site-verification\" content=\"UA-32230408-1\" \/>\n\t<meta name=\"msvalidate.01\" content=\"354F3CDFB2DA171B47FBE9ABF1F88D5\" \/>\n\t<meta name=\"keywords\" content=\"actualidad\" \/>\n\t<link rel=\"canonical\" href=\"https:\/\/candas365.es\/noticias\/los-fundadores-de-la-ue-presionan-a-londres-para-activar-el-brexit\/\" \/>\n\t<meta name=\"generator\" content=\"All in One SEO Pro (AIOSEO) 4.9.6.2\" \/>\n\t\t<meta property=\"og:locale\" content=\"es_ES\" \/>\n\t\t<meta property=\"og:site_name\" content=\"Cand\u00e1s 365\" \/>\n\t\t<meta property=\"og:type\" content=\"article\" \/>\n\t\t<meta property=\"og:title\" content=\"Los fundadores de la UE presionan a Londres para activar el \u00abBrexit\u00bb | Cand\u00e1s 365\" \/>\n\t\t<meta property=\"og:description\" content=\"Berl\u00edn, 25 jun (dpa) - Los ministros de Exteriores de los seis pa\u00edses fundadores de la Comunidad Econ\u00f3mica Europea presionaron hoy a Londres para que active lo antes posible el proceso para su salida ordenada del bloque comunitario. &quot;Ese proceso debe comenzar cuanto antes&quot;, subray\u00f3 el jefe de la diplomacia alemana, Frank-Walter Steinmeier, al t\u00e9rmino\" \/>\n\t\t<meta property=\"og:url\" content=\"https:\/\/candas365.es\/noticias\/los-fundadores-de-la-ue-presionan-a-londres-para-activar-el-brexit\/\" \/>\n\t\t<meta property=\"og:image\" content=\"https:\/\/candas365.es\/noticias\/wp-content\/uploads\/2015\/09\/c365noticias.jpg\" \/>\n\t\t<meta property=\"og:image:secure_url\" content=\"https:\/\/candas365.es\/noticias\/wp-content\/uploads\/2015\/09\/c365noticias.jpg\" \/>\n\t\t<meta property=\"og:image:width\" content=\"655\" \/>\n\t\t<meta property=\"og:image:height\" content=\"360\" \/>\n\t\t<meta property=\"article:published_time\" content=\"2016-06-25T22:17:48+00:00\" \/>\n\t\t<meta property=\"article:modified_time\" content=\"2016-06-25T22:17:48+00:00\" \/>\n\t\t<meta property=\"article:publisher\" content=\"https:\/\/www.facebook.com\/Nachofdezber\" \/>\n\t\t<meta property=\"article:author\" content=\"https:\/\/www.facebook.com\/carrenoactualidad\" \/>\n\t\t<meta name=\"twitter:card\" content=\"summary_large_image\" \/>\n\t\t<meta name=\"twitter:site\" content=\"@NabercoDigital\" \/>\n\t\t<meta name=\"twitter:title\" content=\"Los fundadores de la UE presionan a Londres para activar el \u00abBrexit\u00bb | Cand\u00e1s 365\" \/>\n\t\t<meta name=\"twitter:description\" content=\"Berl\u00edn, 25 jun (dpa) - Los ministros de Exteriores de los seis pa\u00edses fundadores de la Comunidad Econ\u00f3mica Europea presionaron hoy a Londres para que active lo antes posible el proceso para su salida ordenada del bloque comunitario. &quot;Ese proceso debe comenzar cuanto antes&quot;, subray\u00f3 el jefe de la diplomacia alemana, Frank-Walter Steinmeier, al t\u00e9rmino\" \/>\n\t\t<meta name=\"twitter:creator\" content=\"@nbasturias\" \/>\n\t\t<meta name=\"twitter:image\" content=\"https:\/\/candas365.es\/noticias\/wp-content\/uploads\/2015\/09\/c365noticias.jpg\" \/>\n\t\t<meta name=\"twitter:label1\" content=\"Escrito por\" \/>\n\t\t<meta name=\"twitter:data1\" content=\"Cand\u00e1s 365\" \/>\n\t\t<meta name=\"twitter:label2\" content=\"Tiempo de lectura estimado\" \/>\n\t\t<meta name=\"twitter:data2\" content=\"2 minutos\" \/>\n\t\t<script type=\"application\/ld+json\" class=\"aioseo-schema\">\n\t\t\t{\"@context\":\"https:\\\/\\\/schema.org\",\"@graph\":[{\"@type\":\"BreadcrumbList\",\"@id\":\"https:\\\/\\\/candas365.es\\\/noticias\\\/los-fundadores-de-la-ue-presionan-a-londres-para-activar-el-brexit\\\/#breadcrumblist\",\"itemListElement\":[{\"@type\":\"ListItem\",\"@id\":\"https:\\\/\\\/candas365.es\\\/noticias#listItem\",\"position\":1,\"name\":\"Home\",\"item\":\"https:\\\/\\\/candas365.es\\\/noticias\",\"nextItem\":{\"@type\":\"ListItem\",\"@id\":\"https:\\\/\\\/candas365.es\\\/noticias\\\/category\\\/actualidad\\\/#listItem\",\"name\":\"Actualidad\"}},{\"@type\":\"ListItem\",\"@id\":\"https:\\\/\\\/candas365.es\\\/noticias\\\/category\\\/actualidad\\\/#listItem\",\"position\":2,\"name\":\"Actualidad\",\"item\":\"https:\\\/\\\/candas365.es\\\/noticias\\\/category\\\/actualidad\\\/\",\"nextItem\":{\"@type\":\"ListItem\",\"@id\":\"https:\\\/\\\/candas365.es\\\/noticias\\\/los-fundadores-de-la-ue-presionan-a-londres-para-activar-el-brexit\\\/#listItem\",\"name\":\"Los fundadores de la UE presionan a Londres para activar el \\u00abBrexit\\u00bb\"},\"previousItem\":{\"@type\":\"ListItem\",\"@id\":\"https:\\\/\\\/candas365.es\\\/noticias#listItem\",\"name\":\"Home\"}},{\"@type\":\"ListItem\",\"@id\":\"https:\\\/\\\/candas365.es\\\/noticias\\\/los-fundadores-de-la-ue-presionan-a-londres-para-activar-el-brexit\\\/#listItem\",\"position\":3,\"name\":\"Los fundadores de la UE presionan a Londres para activar el \\u00abBrexit\\u00bb\",\"previousItem\":{\"@type\":\"ListItem\",\"@id\":\"https:\\\/\\\/candas365.es\\\/noticias\\\/category\\\/actualidad\\\/#listItem\",\"name\":\"Actualidad\"}}]},{\"@type\":\"NewsArticle\",\"@id\":\"https:\\\/\\\/candas365.es\\\/noticias\\\/los-fundadores-de-la-ue-presionan-a-londres-para-activar-el-brexit\\\/#newsarticle\",\"name\":\"Los fundadores de la UE presionan a Londres para activar el \\u00abBrexit\\u00bb | Cand\\u00e1s 365\",\"headline\":\"Los fundadores de la UE presionan a Londres para activar el \\u00abBrexit\\u00bb\",\"author\":{\"@id\":\"https:\\\/\\\/candas365.es\\\/noticias\\\/author\\\/admin\\\/#author\"},\"publisher\":{\"@id\":\"https:\\\/\\\/candas365.es\\\/noticias\\\/#organization\"},\"image\":{\"@type\":\"ImageObject\",\"url\":\"https:\\\/\\\/candas365.es\\\/noticias\\\/wp-content\\\/uploads\\\/2015\\\/09\\\/c365noticias.jpg\",\"width\":655,\"height\":360},\"datePublished\":\"2016-06-25T23:47:48+02:00\",\"dateModified\":\"2016-06-25T23:47:48+02:00\",\"inLanguage\":\"es-ES\",\"mainEntityOfPage\":{\"@id\":\"https:\\\/\\\/candas365.es\\\/noticias\\\/los-fundadores-de-la-ue-presionan-a-londres-para-activar-el-brexit\\\/#webpage\"},\"isPartOf\":{\"@id\":\"https:\\\/\\\/candas365.es\\\/noticias\\\/los-fundadores-de-la-ue-presionan-a-londres-para-activar-el-brexit\\\/#webpage\"},\"articleSection\":\"Actualidad\",\"dateline\":\"Publicado el junio 25, 2016.\"},{\"@type\":\"Organization\",\"@id\":\"https:\\\/\\\/candas365.es\\\/noticias\\\/#organization\",\"name\":\"Cand\\u00e1s 365\",\"description\":\"Cand\\u00e1s 365 es un diario digital independiente, fundado en 2012, con base en Asturias. Informamos con rigor sobre actualidad, sociedad, cultura y ocio, con una mirada local y global.\",\"url\":\"https:\\\/\\\/candas365.es\\\/noticias\\\/\",\"email\":\"info@candas365.es\",\"telephone\":\"+34652131393\",\"foundingDate\":\"2012-06-10\",\"logo\":{\"@type\":\"ImageObject\",\"url\":\"https:\\\/\\\/candas365.es\\\/noticias\\\/wp-content\\\/uploads\\\/2024\\\/09\\\/Candas-365-Redes.jpg\",\"@id\":\"https:\\\/\\\/candas365.es\\\/noticias\\\/los-fundadores-de-la-ue-presionan-a-londres-para-activar-el-brexit\\\/#organizationLogo\",\"width\":1152,\"height\":864,\"caption\":\"Cand\\u00e1s 365 Redes\"},\"image\":{\"@id\":\"https:\\\/\\\/candas365.es\\\/noticias\\\/los-fundadores-de-la-ue-presionan-a-londres-para-activar-el-brexit\\\/#organizationLogo\"},\"sameAs\":[\"https:\\\/\\\/www.facebook.com\\\/Nachofdezber\",\"https:\\\/\\\/x.com\\\/NabercoDigital\",\"https:\\\/\\\/www.instagram.com\\\/nachofdezber\\\/\",\"https:\\\/\\\/www.youtube.com\\\/channel\\\/UCZP-2wLEB9Rv6erhFmqVnvg\"],\"address\":{\"@id\":\"https:\\\/\\\/candas365.es\\\/noticias\\\/#postaladdress\",\"@type\":\"PostalAddress\",\"streetAddress\":\"san antonio 4, san antonio 4\",\"postalCode\":\"33430\",\"addressLocality\":\"Cand\\u00e1s\",\"addressRegion\":\"Asturias\",\"addressCountry\":\"ES\"}},{\"@type\":\"Person\",\"@id\":\"https:\\\/\\\/candas365.es\\\/noticias\\\/author\\\/admin\\\/#author\",\"url\":\"https:\\\/\\\/candas365.es\\\/noticias\\\/author\\\/admin\\\/\",\"name\":\"Cand\\u00e1s 365\",\"image\":{\"@type\":\"ImageObject\",\"@id\":\"https:\\\/\\\/candas365.es\\\/noticias\\\/los-fundadores-de-la-ue-presionan-a-londres-para-activar-el-brexit\\\/#authorImage\",\"url\":\"https:\\\/\\\/secure.gravatar.com\\\/avatar\\\/496a8e03d0c493ede1718b7934145dbdf8d89be1036b0eec9544e1094c9de390?s=96&d=mm&r=g\",\"width\":96,\"height\":96,\"caption\":\"Cand\\u00e1s 365\"},\"sameAs\":[\"https:\\\/\\\/www.facebook.com\\\/carrenoactualidad\",\"https:\\\/\\\/twitter.com\\\/nbasturias\",\"https:\\\/\\\/www.instagram.com\\\/nachofdezber\\\/\",\"https:\\\/\\\/www.youtube.com\\\/channel\\\/UCZP-2wLEB9Rv6erhFmqVnvg\"]},{\"@type\":\"WebPage\",\"@id\":\"https:\\\/\\\/candas365.es\\\/noticias\\\/los-fundadores-de-la-ue-presionan-a-londres-para-activar-el-brexit\\\/#webpage\",\"url\":\"https:\\\/\\\/candas365.es\\\/noticias\\\/los-fundadores-de-la-ue-presionan-a-londres-para-activar-el-brexit\\\/\",\"name\":\"Los fundadores de la UE presionan a Londres para activar el \\u00abBrexit\\u00bb | Cand\\u00e1s 365\",\"description\":\"Berl\\u00edn, 25 jun (dpa) - Los ministros de Exteriores de los seis pa\\u00edses fundadores de la Comunidad Econ\\u00f3mica Europea presionaron hoy a Londres para que active lo antes posible el proceso para su salida ordenada del bloque comunitario. \\\"Ese proceso debe comenzar cuanto antes\\\", subray\\u00f3 el jefe de la diplomacia alemana, Frank-Walter Steinmeier, al t\\u00e9rmino\",\"inLanguage\":\"es-ES\",\"isPartOf\":{\"@id\":\"https:\\\/\\\/candas365.es\\\/noticias\\\/#website\"},\"breadcrumb\":{\"@id\":\"https:\\\/\\\/candas365.es\\\/noticias\\\/los-fundadores-de-la-ue-presionan-a-londres-para-activar-el-brexit\\\/#breadcrumblist\"},\"author\":{\"@id\":\"https:\\\/\\\/candas365.es\\\/noticias\\\/author\\\/admin\\\/#author\"},\"creator\":{\"@id\":\"https:\\\/\\\/candas365.es\\\/noticias\\\/author\\\/admin\\\/#author\"},\"image\":{\"@type\":\"ImageObject\",\"url\":\"https:\\\/\\\/candas365.es\\\/noticias\\\/wp-content\\\/uploads\\\/2015\\\/09\\\/c365noticias.jpg\",\"@id\":\"https:\\\/\\\/candas365.es\\\/noticias\\\/los-fundadores-de-la-ue-presionan-a-londres-para-activar-el-brexit\\\/#mainImage\",\"width\":655,\"height\":360},\"primaryImageOfPage\":{\"@id\":\"https:\\\/\\\/candas365.es\\\/noticias\\\/los-fundadores-de-la-ue-presionan-a-londres-para-activar-el-brexit\\\/#mainImage\"},\"datePublished\":\"2016-06-25T23:47:48+02:00\",\"dateModified\":\"2016-06-25T23:47:48+02:00\"},{\"@type\":\"WebSite\",\"@id\":\"https:\\\/\\\/candas365.es\\\/noticias\\\/#website\",\"url\":\"https:\\\/\\\/candas365.es\\\/noticias\\\/\",\"name\":\"Cand\\u00e1s 365\",\"alternateName\":\"Cand\\u00e1s 365 Noticias\",\"description\":\"Actualidad desde Carre\\u00f1o para el mundo\",\"inLanguage\":\"es-ES\",\"publisher\":{\"@id\":\"https:\\\/\\\/candas365.es\\\/noticias\\\/#organization\"}}]}\n\t\t<\/script>\n\t\t<!-- All in One SEO Pro -->\r\n\t\t<title>Los fundadores de la UE presionan a Londres para activar el \u00abBrexit\u00bb | Cand\u00e1s 365<\/title>\n\n","aioseo_head_json":{"title":"Los fundadores de la UE presionan a Londres para activar el \u00abBrexit\u00bb | Cand\u00e1s 365","description":"Berl\u00edn, 25 jun (dpa) - Los ministros de Exteriores de los seis pa\u00edses fundadores de la Comunidad Econ\u00f3mica Europea presionaron hoy a Londres para que active lo antes posible el proceso para su salida ordenada del bloque comunitario. \"Ese proceso debe comenzar cuanto antes\", subray\u00f3 el jefe de la diplomacia alemana, Frank-Walter Steinmeier, al t\u00e9rmino","canonical_url":"https:\/\/candas365.es\/noticias\/los-fundadores-de-la-ue-presionan-a-londres-para-activar-el-brexit\/","robots":"max-image-preview:large","keywords":"actualidad","webmasterTools":{"google-site-verification":"UA-32230408-1","msvalidate.01":"354F3CDFB2DA171B47FBE9ABF1F88D5","miscellaneous":""},"schema":{"@context":"https:\/\/schema.org","@graph":[{"@type":"BreadcrumbList","@id":"https:\/\/candas365.es\/noticias\/los-fundadores-de-la-ue-presionan-a-londres-para-activar-el-brexit\/#breadcrumblist","itemListElement":[{"@type":"ListItem","@id":"https:\/\/candas365.es\/noticias#listItem","position":1,"name":"Home","item":"https:\/\/candas365.es\/noticias","nextItem":{"@type":"ListItem","@id":"https:\/\/candas365.es\/noticias\/category\/actualidad\/#listItem","name":"Actualidad"}},{"@type":"ListItem","@id":"https:\/\/candas365.es\/noticias\/category\/actualidad\/#listItem","position":2,"name":"Actualidad","item":"https:\/\/candas365.es\/noticias\/category\/actualidad\/","nextItem":{"@type":"ListItem","@id":"https:\/\/candas365.es\/noticias\/los-fundadores-de-la-ue-presionan-a-londres-para-activar-el-brexit\/#listItem","name":"Los fundadores de la UE presionan a Londres para activar el \u00abBrexit\u00bb"},"previousItem":{"@type":"ListItem","@id":"https:\/\/candas365.es\/noticias#listItem","name":"Home"}},{"@type":"ListItem","@id":"https:\/\/candas365.es\/noticias\/los-fundadores-de-la-ue-presionan-a-londres-para-activar-el-brexit\/#listItem","position":3,"name":"Los fundadores de la UE presionan a Londres para activar el \u00abBrexit\u00bb","previousItem":{"@type":"ListItem","@id":"https:\/\/candas365.es\/noticias\/category\/actualidad\/#listItem","name":"Actualidad"}}]},{"@type":"NewsArticle","@id":"https:\/\/candas365.es\/noticias\/los-fundadores-de-la-ue-presionan-a-londres-para-activar-el-brexit\/#newsarticle","name":"Los fundadores de la UE presionan a Londres para activar el \u00abBrexit\u00bb | Cand\u00e1s 365","headline":"Los fundadores de la UE presionan a Londres para activar el \u00abBrexit\u00bb","author":{"@id":"https:\/\/candas365.es\/noticias\/author\/admin\/#author"},"publisher":{"@id":"https:\/\/candas365.es\/noticias\/#organization"},"image":{"@type":"ImageObject","url":"https:\/\/candas365.es\/noticias\/wp-content\/uploads\/2015\/09\/c365noticias.jpg","width":655,"height":360},"datePublished":"2016-06-25T23:47:48+02:00","dateModified":"2016-06-25T23:47:48+02:00","inLanguage":"es-ES","mainEntityOfPage":{"@id":"https:\/\/candas365.es\/noticias\/los-fundadores-de-la-ue-presionan-a-londres-para-activar-el-brexit\/#webpage"},"isPartOf":{"@id":"https:\/\/candas365.es\/noticias\/los-fundadores-de-la-ue-presionan-a-londres-para-activar-el-brexit\/#webpage"},"articleSection":"Actualidad","dateline":"Publicado el junio 25, 2016."},{"@type":"Organization","@id":"https:\/\/candas365.es\/noticias\/#organization","name":"Cand\u00e1s 365","description":"Cand\u00e1s 365 es un diario digital independiente, fundado en 2012, con base en Asturias. Informamos con rigor sobre actualidad, sociedad, cultura y ocio, con una mirada local y global.","url":"https:\/\/candas365.es\/noticias\/","email":"info@candas365.es","telephone":"+34652131393","foundingDate":"2012-06-10","logo":{"@type":"ImageObject","url":"https:\/\/candas365.es\/noticias\/wp-content\/uploads\/2024\/09\/Candas-365-Redes.jpg","@id":"https:\/\/candas365.es\/noticias\/los-fundadores-de-la-ue-presionan-a-londres-para-activar-el-brexit\/#organizationLogo","width":1152,"height":864,"caption":"Cand\u00e1s 365 Redes"},"image":{"@id":"https:\/\/candas365.es\/noticias\/los-fundadores-de-la-ue-presionan-a-londres-para-activar-el-brexit\/#organizationLogo"},"sameAs":["https:\/\/www.facebook.com\/Nachofdezber","https:\/\/x.com\/NabercoDigital","https:\/\/www.instagram.com\/nachofdezber\/","https:\/\/www.youtube.com\/channel\/UCZP-2wLEB9Rv6erhFmqVnvg"],"address":{"@id":"https:\/\/candas365.es\/noticias\/#postaladdress","@type":"PostalAddress","streetAddress":"san antonio 4, san antonio 4","postalCode":"33430","addressLocality":"Cand\u00e1s","addressRegion":"Asturias","addressCountry":"ES"}},{"@type":"Person","@id":"https:\/\/candas365.es\/noticias\/author\/admin\/#author","url":"https:\/\/candas365.es\/noticias\/author\/admin\/","name":"Cand\u00e1s 365","image":{"@type":"ImageObject","@id":"https:\/\/candas365.es\/noticias\/los-fundadores-de-la-ue-presionan-a-londres-para-activar-el-brexit\/#authorImage","url":"https:\/\/secure.gravatar.com\/avatar\/496a8e03d0c493ede1718b7934145dbdf8d89be1036b0eec9544e1094c9de390?s=96&d=mm&r=g","width":96,"height":96,"caption":"Cand\u00e1s 365"},"sameAs":["https:\/\/www.facebook.com\/carrenoactualidad","https:\/\/twitter.com\/nbasturias","https:\/\/www.instagram.com\/nachofdezber\/","https:\/\/www.youtube.com\/channel\/UCZP-2wLEB9Rv6erhFmqVnvg"]},{"@type":"WebPage","@id":"https:\/\/candas365.es\/noticias\/los-fundadores-de-la-ue-presionan-a-londres-para-activar-el-brexit\/#webpage","url":"https:\/\/candas365.es\/noticias\/los-fundadores-de-la-ue-presionan-a-londres-para-activar-el-brexit\/","name":"Los fundadores de la UE presionan a Londres para activar el \u00abBrexit\u00bb | Cand\u00e1s 365","description":"Berl\u00edn, 25 jun (dpa) - Los ministros de Exteriores de los seis pa\u00edses fundadores de la Comunidad Econ\u00f3mica Europea presionaron hoy a Londres para que active lo antes posible el proceso para su salida ordenada del bloque comunitario. \"Ese proceso debe comenzar cuanto antes\", subray\u00f3 el jefe de la diplomacia alemana, Frank-Walter Steinmeier, al t\u00e9rmino","inLanguage":"es-ES","isPartOf":{"@id":"https:\/\/candas365.es\/noticias\/#website"},"breadcrumb":{"@id":"https:\/\/candas365.es\/noticias\/los-fundadores-de-la-ue-presionan-a-londres-para-activar-el-brexit\/#breadcrumblist"},"author":{"@id":"https:\/\/candas365.es\/noticias\/author\/admin\/#author"},"creator":{"@id":"https:\/\/candas365.es\/noticias\/author\/admin\/#author"},"image":{"@type":"ImageObject","url":"https:\/\/candas365.es\/noticias\/wp-content\/uploads\/2015\/09\/c365noticias.jpg","@id":"https:\/\/candas365.es\/noticias\/los-fundadores-de-la-ue-presionan-a-londres-para-activar-el-brexit\/#mainImage","width":655,"height":360},"primaryImageOfPage":{"@id":"https:\/\/candas365.es\/noticias\/los-fundadores-de-la-ue-presionan-a-londres-para-activar-el-brexit\/#mainImage"},"datePublished":"2016-06-25T23:47:48+02:00","dateModified":"2016-06-25T23:47:48+02:00"},{"@type":"WebSite","@id":"https:\/\/candas365.es\/noticias\/#website","url":"https:\/\/candas365.es\/noticias\/","name":"Cand\u00e1s 365","alternateName":"Cand\u00e1s 365 Noticias","description":"Actualidad desde Carre\u00f1o para el mundo","inLanguage":"es-ES","publisher":{"@id":"https:\/\/candas365.es\/noticias\/#organization"}}]},"og:locale":"es_ES","og:site_name":"Cand\u00e1s 365","og:type":"article","og:title":"Los fundadores de la UE presionan a Londres para activar el \u00abBrexit\u00bb | Cand\u00e1s 365","og:description":"Berl\u00edn, 25 jun (dpa) - Los ministros de Exteriores de los seis pa\u00edses fundadores de la Comunidad Econ\u00f3mica Europea presionaron hoy a Londres para que active lo antes posible el proceso para su salida ordenada del bloque comunitario. &quot;Ese proceso debe comenzar cuanto antes&quot;, subray\u00f3 el jefe de la diplomacia alemana, Frank-Walter Steinmeier, al t\u00e9rmino","og:url":"https:\/\/candas365.es\/noticias\/los-fundadores-de-la-ue-presionan-a-londres-para-activar-el-brexit\/","og:image":"https:\/\/candas365.es\/noticias\/wp-content\/uploads\/2015\/09\/c365noticias.jpg","og:image:secure_url":"https:\/\/candas365.es\/noticias\/wp-content\/uploads\/2015\/09\/c365noticias.jpg","og:image:width":655,"og:image:height":360,"article:published_time":"2016-06-25T22:17:48+00:00","article:modified_time":"2016-06-25T22:17:48+00:00","article:publisher":"https:\/\/www.facebook.com\/Nachofdezber","article:author":"https:\/\/www.facebook.com\/carrenoactualidad","twitter:card":"summary_large_image","twitter:site":"@NabercoDigital","twitter:title":"Los fundadores de la UE presionan a Londres para activar el \u00abBrexit\u00bb | Cand\u00e1s 365","twitter:description":"Berl\u00edn, 25 jun (dpa) - Los ministros de Exteriores de los seis pa\u00edses fundadores de la Comunidad Econ\u00f3mica Europea presionaron hoy a Londres para que active lo antes posible el proceso para su salida ordenada del bloque comunitario. &quot;Ese proceso debe comenzar cuanto antes&quot;, subray\u00f3 el jefe de la diplomacia alemana, Frank-Walter Steinmeier, al t\u00e9rmino","twitter:creator":"@nbasturias","twitter:image":"https:\/\/candas365.es\/noticias\/wp-content\/uploads\/2015\/09\/c365noticias.jpg","twitter:label1":"Escrito por","twitter:data1":"Cand\u00e1s 365","twitter:label2":"Tiempo de lectura estimado","twitter:data2":"2 minutos"},"aioseo_meta_data":{"post_id":"31270","title":null,"description":null,"keywords":null,"keyphrases":null,"primary_term":null,"canonical_url":null,"og_title":null,"og_description":null,"og_object_type":"default","og_image_type":"default","og_image_url":null,"og_image_width":null,"og_image_height":null,"og_image_custom_url":null,"og_image_custom_fields":null,"og_video":null,"og_custom_url":null,"og_article_section":null,"og_article_tags":null,"twitter_use_og":false,"twitter_card":"default","twitter_image_type":"default","twitter_image_url":null,"twitter_image_custom_url":null,"twitter_image_custom_fields":null,"twitter_title":null,"twitter_description":null,"schema":{"blockGraphs":[],"customGraphs":[],"default":{"data":{"Article":[],"Course":[],"Dataset":[],"FAQPage":[],"Movie":[],"Person":[],"Product":[],"ProductReview":[],"Car":[],"Recipe":[],"Service":[],"SoftwareApplication":[],"WebPage":[]},"graphName":"","isEnabled":true},"graphs":[],"defaultGraph":"","defaultPostTypeGraph":""},"schema_type":null,"schema_type_options":null,"pillar_content":false,"robots_default":true,"robots_noindex":false,"robots_noarchive":false,"robots_nosnippet":false,"robots_nofollow":false,"robots_noimageindex":false,"robots_noodp":false,"robots_notranslate":false,"robots_max_snippet":null,"robots_max_videopreview":null,"robots_max_imagepreview":"large","priority":null,"frequency":null,"location":null,"local_seo":null,"seo_analyzer_scan_date":"2025-08-24 13:39:12","breadcrumb_settings":null,"limit_modified_date":false,"reviewed_by":null,"open_ai":null,"ai":null,"created":"2020-12-21 13:00:38","updated":"2025-08-24 13:39:12"},"aioseo_breadcrumb":"<div class=\"aioseo-breadcrumbs\"><span class=\"aioseo-breadcrumb\">\n\t<a href=\"https:\/\/candas365.es\/noticias\" title=\"Home\">Home<\/a>\n<\/span><span class=\"aioseo-breadcrumb-separator\">&ndash;<\/span><span class=\"aioseo-breadcrumb\">\n\t<a href=\"https:\/\/candas365.es\/noticias\/category\/actualidad\/\" title=\"Actualidad\">Actualidad<\/a>\n<\/span><span class=\"aioseo-breadcrumb-separator\">&ndash;<\/span><span class=\"aioseo-breadcrumb\">\n\tLos fundadores de la UE presionan a Londres para activar el \u00abBrexit\u00bb\n<\/span><\/div>","aioseo_breadcrumb_json":[{"label":"Home","link":"https:\/\/candas365.es\/noticias"},{"label":"Actualidad","link":"https:\/\/candas365.es\/noticias\/category\/actualidad\/"},{"label":"Los fundadores de la UE presionan a Londres para activar el \u00abBrexit\u00bb","link":"https:\/\/candas365.es\/noticias\/los-fundadores-de-la-ue-presionan-a-londres-para-activar-el-brexit\/"}],"_links":{"self":[{"href":"https:\/\/candas365.es\/noticias\/wp-json\/wp\/v2\/posts\/31270","targetHints":{"allow":["GET"]}}],"collection":[{"href":"https:\/\/candas365.es\/noticias\/wp-json\/wp\/v2\/posts"}],"about":[{"href":"https:\/\/candas365.es\/noticias\/wp-json\/wp\/v2\/types\/post"}],"author":[{"embeddable":true,"href":"https:\/\/candas365.es\/noticias\/wp-json\/wp\/v2\/users\/1"}],"replies":[{"embeddable":true,"href":"https:\/\/candas365.es\/noticias\/wp-json\/wp\/v2\/comments?post=31270"}],"version-history":[{"count":0,"href":"https:\/\/candas365.es\/noticias\/wp-json\/wp\/v2\/posts\/31270\/revisions"}],"wp:featuredmedia":[{"embeddable":true,"href":"https:\/\/candas365.es\/noticias\/wp-json\/wp\/v2\/media\/16457"}],"wp:attachment":[{"href":"https:\/\/candas365.es\/noticias\/wp-json\/wp\/v2\/media?parent=31270"}],"wp:term":[{"taxonomy":"category","embeddable":true,"href":"https:\/\/candas365.es\/noticias\/wp-json\/wp\/v2\/categories?post=31270"},{"taxonomy":"post_tag","embeddable":true,"href":"https:\/\/candas365.es\/noticias\/wp-json\/wp\/v2\/tags?post=31270"}],"curies":[{"name":"wp","href":"https:\/\/api.w.org\/{rel}","templated":true}]}}