{"id":31266,"date":"2016-06-25T23:45:46","date_gmt":"2016-06-25T22:15:46","guid":{"rendered":"http:\/\/candas365.es\/noticias\/?p=31266"},"modified":"2016-06-25T23:45:46","modified_gmt":"2016-06-25T22:15:46","slug":"periodista-carolin-emcke-premio-de-la-paz-de-libreros-alemanes","status":"publish","type":"post","link":"https:\/\/candas365.es\/noticias\/periodista-carolin-emcke-premio-de-la-paz-de-libreros-alemanes\/","title":{"rendered":"Periodista Carolin Emcke, \u00abPremio de la Paz\u00bb de libreros alemanes"},"content":{"rendered":"<p><img fetchpriority=\"high\" decoding=\"async\" class=\"alignleft size-medium wp-image-22984\" src=\"https:\/\/candas365.es\/noticias\/wp-content\/uploads\/2015\/12\/libro1-360x198.jpg\" alt=\"libro1\" width=\"360\" height=\"198\" srcset=\"https:\/\/candas365.es\/noticias\/wp-content\/uploads\/2015\/12\/libro1-360x198.jpg 360w, https:\/\/candas365.es\/noticias\/wp-content\/uploads\/2015\/12\/libro1-650x357.jpg 650w, https:\/\/candas365.es\/noticias\/wp-content\/uploads\/2015\/12\/libro1-150x82.jpg 150w, https:\/\/candas365.es\/noticias\/wp-content\/uploads\/2015\/12\/libro1-450x247.jpg 450w, https:\/\/candas365.es\/noticias\/wp-content\/uploads\/2015\/12\/libro1.jpg 655w\" sizes=\"(max-width: 360px) 100vw, 360px\" \/>Fr\u00e1ncfort\/Leipzig, 25 jun (dpa) &#8211; La escritora y periodista alemana Carolin Emcke recibir\u00e1 el Premio de la Paz de los libreros alemanes, inform\u00f3 el viernes la asociaci\u00f3n que representa al sector.<\/p>\n<p>\u00abEmcke ha contribuido con sus libros, sus art\u00edculos y sus discursos de forma notable al di\u00e1logo social y a la paz\u00bb, indicaron los libreros en un comunicado publicado tras una asamblea general del colectivo celebrada en Leipzig.<\/p>\n<p>As\u00ed, resaltaron que la autora ha centrado su atenci\u00f3n de manera preferente en aquellos momentos, situaciones y temas en los que el di\u00e1logo amenazaba con romperse y ya no parec\u00eda posible.<\/p>\n<p>El galard\u00f3n, dotado con 25.000 euros, reconoce la labor de personalidades que, a trav\u00e9s de su actividad, han contribuido de forma notable a la configuraci\u00f3n de un pensamiento de paz en \u00e1reas como literatura, la ciencia y el arte.<\/p>\n<p>La periodista recibir\u00e1 el premio el pr\u00f3ximo 23 de octubre coincidiendo con la celebraci\u00f3n de la Feria del Libro de Fr\u00e1ncfort, la m\u00e1s grande del mundo.<\/p>\n<p>Carolin Emcke, de 48 a\u00f1os, naci\u00f3 en la cuenca del Ruhr y reside actualmente en Berl\u00edn. Como periodista, ha trabajado en la revista \u00abDer Spiegel\u00bb y tambi\u00e9n ha colaborado con el semanario \u00abDie Zeit\u00bb. En la actualidad, escribe una columna semanal en el diario muniqu\u00e9s \u00abS\u00fcddeutsche Zeitung\u00bb.<\/p>\n<p>En sus art\u00edculos y ensayos informa sobre la situaci\u00f3n que se vive en \u00e1reas de conflicto y de guerra, tales como Afganist\u00e1n, Pakist\u00e1n o la franja de Gaza.<\/p>\n<p>El \u00abPremio de la Paz\u00bb reconoce desde el a\u00f1o 1950 el trabajo de escritores, fil\u00f3sofos o cient\u00edficos tanto alemanes como extranjeros.<\/p>\n<p>&nbsp;<\/p>\n","protected":false},"excerpt":{"rendered":"<p>Fr\u00e1ncfort\/Leipzig, 25 jun (dpa) &#8211; La escritora y periodista alemana Carolin Emcke recibir\u00e1 el Premio de la Paz de los libreros alemanes, inform\u00f3 el viernes la asociaci\u00f3n que representa al sector. \u00abEmcke ha contribuido con sus libros, sus art\u00edculos y sus discursos de forma notable al di\u00e1logo social y a la paz\u00bb, indicaron los libreros<\/p>\n","protected":false},"author":1,"featured_media":22984,"comment_status":"closed","ping_status":"closed","sticky":false,"template":"","format":"standard","meta":{"footnotes":""},"categories":[343],"tags":[],"class_list":{"0":"post-31266","1":"post","2":"type-post","3":"status-publish","4":"format-standard","5":"has-post-thumbnail","7":"category-actualidad"},"aioseo_notices":[],"aioseo_head":"\n\t\t<!-- All in One SEO Pro 4.9.6.2 - aioseo.com -->\n\t<meta name=\"description\" content=\"Fr\u00e1ncfort\/Leipzig, 25 jun (dpa) - La escritora y periodista alemana Carolin Emcke recibir\u00e1 el Premio de la Paz de los libreros alemanes, inform\u00f3 el viernes la asociaci\u00f3n que representa al sector. &quot;Emcke ha contribuido con sus libros, sus art\u00edculos y sus discursos de forma notable al di\u00e1logo social y a la paz&quot;, indicaron los libreros\" \/>\n\t<meta name=\"robots\" content=\"max-image-preview:large\" \/>\n\t<meta name=\"author\" content=\"Cand\u00e1s 365\"\/>\n\t<meta name=\"google-site-verification\" content=\"UA-32230408-1\" \/>\n\t<meta name=\"msvalidate.01\" content=\"354F3CDFB2DA171B47FBE9ABF1F88D5\" \/>\n\t<meta name=\"keywords\" content=\"actualidad\" \/>\n\t<link rel=\"canonical\" href=\"https:\/\/candas365.es\/noticias\/periodista-carolin-emcke-premio-de-la-paz-de-libreros-alemanes\/\" \/>\n\t<meta name=\"generator\" content=\"All in One SEO Pro (AIOSEO) 4.9.6.2\" \/>\n\t\t<meta property=\"og:locale\" content=\"es_ES\" \/>\n\t\t<meta property=\"og:site_name\" content=\"Cand\u00e1s 365\" \/>\n\t\t<meta property=\"og:type\" content=\"article\" \/>\n\t\t<meta property=\"og:title\" content=\"Periodista Carolin Emcke, \u00abPremio de la Paz\u00bb de libreros alemanes | Cand\u00e1s 365\" \/>\n\t\t<meta property=\"og:description\" content=\"Fr\u00e1ncfort\/Leipzig, 25 jun (dpa) - La escritora y periodista alemana Carolin Emcke recibir\u00e1 el Premio de la Paz de los libreros alemanes, inform\u00f3 el viernes la asociaci\u00f3n que representa al sector. &quot;Emcke ha contribuido con sus libros, sus art\u00edculos y sus discursos de forma notable al di\u00e1logo social y a la paz&quot;, indicaron los libreros\" \/>\n\t\t<meta property=\"og:url\" content=\"https:\/\/candas365.es\/noticias\/periodista-carolin-emcke-premio-de-la-paz-de-libreros-alemanes\/\" \/>\n\t\t<meta property=\"og:image\" content=\"https:\/\/candas365.es\/noticias\/wp-content\/uploads\/2015\/12\/libro1.jpg\" \/>\n\t\t<meta property=\"og:image:secure_url\" content=\"https:\/\/candas365.es\/noticias\/wp-content\/uploads\/2015\/12\/libro1.jpg\" \/>\n\t\t<meta property=\"og:image:width\" content=\"655\" \/>\n\t\t<meta property=\"og:image:height\" content=\"360\" \/>\n\t\t<meta property=\"article:published_time\" content=\"2016-06-25T22:15:46+00:00\" \/>\n\t\t<meta property=\"article:modified_time\" content=\"2016-06-25T22:15:46+00:00\" \/>\n\t\t<meta property=\"article:publisher\" content=\"https:\/\/www.facebook.com\/Nachofdezber\" \/>\n\t\t<meta property=\"article:author\" content=\"https:\/\/www.facebook.com\/carrenoactualidad\" \/>\n\t\t<meta name=\"twitter:card\" content=\"summary_large_image\" \/>\n\t\t<meta name=\"twitter:site\" content=\"@NabercoDigital\" \/>\n\t\t<meta name=\"twitter:title\" content=\"Periodista Carolin Emcke, \u00abPremio de la Paz\u00bb de libreros alemanes | Cand\u00e1s 365\" \/>\n\t\t<meta name=\"twitter:description\" content=\"Fr\u00e1ncfort\/Leipzig, 25 jun (dpa) - La escritora y periodista alemana Carolin Emcke recibir\u00e1 el Premio de la Paz de los libreros alemanes, inform\u00f3 el viernes la asociaci\u00f3n que representa al sector. &quot;Emcke ha contribuido con sus libros, sus art\u00edculos y sus discursos de forma notable al di\u00e1logo social y a la paz&quot;, indicaron los libreros\" \/>\n\t\t<meta name=\"twitter:creator\" content=\"@nbasturias\" \/>\n\t\t<meta name=\"twitter:image\" content=\"https:\/\/candas365.es\/noticias\/wp-content\/uploads\/2015\/12\/libro1.jpg\" \/>\n\t\t<meta name=\"twitter:label1\" content=\"Escrito por\" \/>\n\t\t<meta name=\"twitter:data1\" content=\"Cand\u00e1s 365\" \/>\n\t\t<meta name=\"twitter:label2\" content=\"Tiempo de lectura estimado\" \/>\n\t\t<meta name=\"twitter:data2\" content=\"1 minuto\" \/>\n\t\t<script type=\"application\/ld+json\" class=\"aioseo-schema\">\n\t\t\t{\"@context\":\"https:\\\/\\\/schema.org\",\"@graph\":[{\"@type\":\"BreadcrumbList\",\"@id\":\"https:\\\/\\\/candas365.es\\\/noticias\\\/periodista-carolin-emcke-premio-de-la-paz-de-libreros-alemanes\\\/#breadcrumblist\",\"itemListElement\":[{\"@type\":\"ListItem\",\"@id\":\"https:\\\/\\\/candas365.es\\\/noticias#listItem\",\"position\":1,\"name\":\"Home\",\"item\":\"https:\\\/\\\/candas365.es\\\/noticias\",\"nextItem\":{\"@type\":\"ListItem\",\"@id\":\"https:\\\/\\\/candas365.es\\\/noticias\\\/category\\\/actualidad\\\/#listItem\",\"name\":\"Actualidad\"}},{\"@type\":\"ListItem\",\"@id\":\"https:\\\/\\\/candas365.es\\\/noticias\\\/category\\\/actualidad\\\/#listItem\",\"position\":2,\"name\":\"Actualidad\",\"item\":\"https:\\\/\\\/candas365.es\\\/noticias\\\/category\\\/actualidad\\\/\",\"nextItem\":{\"@type\":\"ListItem\",\"@id\":\"https:\\\/\\\/candas365.es\\\/noticias\\\/periodista-carolin-emcke-premio-de-la-paz-de-libreros-alemanes\\\/#listItem\",\"name\":\"Periodista Carolin Emcke, \\u00abPremio de la Paz\\u00bb de libreros alemanes\"},\"previousItem\":{\"@type\":\"ListItem\",\"@id\":\"https:\\\/\\\/candas365.es\\\/noticias#listItem\",\"name\":\"Home\"}},{\"@type\":\"ListItem\",\"@id\":\"https:\\\/\\\/candas365.es\\\/noticias\\\/periodista-carolin-emcke-premio-de-la-paz-de-libreros-alemanes\\\/#listItem\",\"position\":3,\"name\":\"Periodista Carolin Emcke, \\u00abPremio de la Paz\\u00bb de libreros alemanes\",\"previousItem\":{\"@type\":\"ListItem\",\"@id\":\"https:\\\/\\\/candas365.es\\\/noticias\\\/category\\\/actualidad\\\/#listItem\",\"name\":\"Actualidad\"}}]},{\"@type\":\"NewsArticle\",\"@id\":\"https:\\\/\\\/candas365.es\\\/noticias\\\/periodista-carolin-emcke-premio-de-la-paz-de-libreros-alemanes\\\/#newsarticle\",\"name\":\"Periodista Carolin Emcke, \\u00abPremio de la Paz\\u00bb de libreros alemanes | Cand\\u00e1s 365\",\"headline\":\"Periodista Carolin Emcke, \\u00abPremio de la Paz\\u00bb de libreros alemanes\",\"author\":{\"@id\":\"https:\\\/\\\/candas365.es\\\/noticias\\\/author\\\/admin\\\/#author\"},\"publisher\":{\"@id\":\"https:\\\/\\\/candas365.es\\\/noticias\\\/#organization\"},\"image\":{\"@type\":\"ImageObject\",\"url\":\"https:\\\/\\\/candas365.es\\\/noticias\\\/wp-content\\\/uploads\\\/2015\\\/12\\\/libro1.jpg\",\"width\":655,\"height\":360},\"datePublished\":\"2016-06-25T23:45:46+02:00\",\"dateModified\":\"2016-06-25T23:45:46+02:00\",\"inLanguage\":\"es-ES\",\"mainEntityOfPage\":{\"@id\":\"https:\\\/\\\/candas365.es\\\/noticias\\\/periodista-carolin-emcke-premio-de-la-paz-de-libreros-alemanes\\\/#webpage\"},\"isPartOf\":{\"@id\":\"https:\\\/\\\/candas365.es\\\/noticias\\\/periodista-carolin-emcke-premio-de-la-paz-de-libreros-alemanes\\\/#webpage\"},\"articleSection\":\"Actualidad\",\"dateline\":\"Publicado el junio 25, 2016.\"},{\"@type\":\"Organization\",\"@id\":\"https:\\\/\\\/candas365.es\\\/noticias\\\/#organization\",\"name\":\"Cand\\u00e1s 365\",\"description\":\"Cand\\u00e1s 365 es un diario digital independiente, fundado en 2012, con base en Asturias. Informamos con rigor sobre actualidad, sociedad, cultura y ocio, con una mirada local y global.\",\"url\":\"https:\\\/\\\/candas365.es\\\/noticias\\\/\",\"email\":\"info@candas365.es\",\"telephone\":\"+34652131393\",\"foundingDate\":\"2012-06-10\",\"logo\":{\"@type\":\"ImageObject\",\"url\":\"https:\\\/\\\/candas365.es\\\/noticias\\\/wp-content\\\/uploads\\\/2024\\\/09\\\/Candas-365-Redes.jpg\",\"@id\":\"https:\\\/\\\/candas365.es\\\/noticias\\\/periodista-carolin-emcke-premio-de-la-paz-de-libreros-alemanes\\\/#organizationLogo\",\"width\":1152,\"height\":864,\"caption\":\"Cand\\u00e1s 365 Redes\"},\"image\":{\"@id\":\"https:\\\/\\\/candas365.es\\\/noticias\\\/periodista-carolin-emcke-premio-de-la-paz-de-libreros-alemanes\\\/#organizationLogo\"},\"sameAs\":[\"https:\\\/\\\/www.facebook.com\\\/Nachofdezber\",\"https:\\\/\\\/x.com\\\/NabercoDigital\",\"https:\\\/\\\/www.instagram.com\\\/nachofdezber\\\/\",\"https:\\\/\\\/www.youtube.com\\\/channel\\\/UCZP-2wLEB9Rv6erhFmqVnvg\"],\"address\":{\"@id\":\"https:\\\/\\\/candas365.es\\\/noticias\\\/#postaladdress\",\"@type\":\"PostalAddress\",\"streetAddress\":\"san antonio 4, san antonio 4\",\"postalCode\":\"33430\",\"addressLocality\":\"Cand\\u00e1s\",\"addressRegion\":\"Asturias\",\"addressCountry\":\"ES\"}},{\"@type\":\"Person\",\"@id\":\"https:\\\/\\\/candas365.es\\\/noticias\\\/author\\\/admin\\\/#author\",\"url\":\"https:\\\/\\\/candas365.es\\\/noticias\\\/author\\\/admin\\\/\",\"name\":\"Cand\\u00e1s 365\",\"image\":{\"@type\":\"ImageObject\",\"@id\":\"https:\\\/\\\/candas365.es\\\/noticias\\\/periodista-carolin-emcke-premio-de-la-paz-de-libreros-alemanes\\\/#authorImage\",\"url\":\"https:\\\/\\\/secure.gravatar.com\\\/avatar\\\/496a8e03d0c493ede1718b7934145dbdf8d89be1036b0eec9544e1094c9de390?s=96&d=mm&r=g\",\"width\":96,\"height\":96,\"caption\":\"Cand\\u00e1s 365\"},\"sameAs\":[\"https:\\\/\\\/www.facebook.com\\\/carrenoactualidad\",\"https:\\\/\\\/twitter.com\\\/nbasturias\",\"https:\\\/\\\/www.instagram.com\\\/nachofdezber\\\/\",\"https:\\\/\\\/www.youtube.com\\\/channel\\\/UCZP-2wLEB9Rv6erhFmqVnvg\"]},{\"@type\":\"WebPage\",\"@id\":\"https:\\\/\\\/candas365.es\\\/noticias\\\/periodista-carolin-emcke-premio-de-la-paz-de-libreros-alemanes\\\/#webpage\",\"url\":\"https:\\\/\\\/candas365.es\\\/noticias\\\/periodista-carolin-emcke-premio-de-la-paz-de-libreros-alemanes\\\/\",\"name\":\"Periodista Carolin Emcke, \\u00abPremio de la Paz\\u00bb de libreros alemanes | Cand\\u00e1s 365\",\"description\":\"Fr\\u00e1ncfort\\\/Leipzig, 25 jun (dpa) - La escritora y periodista alemana Carolin Emcke recibir\\u00e1 el Premio de la Paz de los libreros alemanes, inform\\u00f3 el viernes la asociaci\\u00f3n que representa al sector. \\\"Emcke ha contribuido con sus libros, sus art\\u00edculos y sus discursos de forma notable al di\\u00e1logo social y a la paz\\\", indicaron los libreros\",\"inLanguage\":\"es-ES\",\"isPartOf\":{\"@id\":\"https:\\\/\\\/candas365.es\\\/noticias\\\/#website\"},\"breadcrumb\":{\"@id\":\"https:\\\/\\\/candas365.es\\\/noticias\\\/periodista-carolin-emcke-premio-de-la-paz-de-libreros-alemanes\\\/#breadcrumblist\"},\"author\":{\"@id\":\"https:\\\/\\\/candas365.es\\\/noticias\\\/author\\\/admin\\\/#author\"},\"creator\":{\"@id\":\"https:\\\/\\\/candas365.es\\\/noticias\\\/author\\\/admin\\\/#author\"},\"image\":{\"@type\":\"ImageObject\",\"url\":\"https:\\\/\\\/candas365.es\\\/noticias\\\/wp-content\\\/uploads\\\/2015\\\/12\\\/libro1.jpg\",\"@id\":\"https:\\\/\\\/candas365.es\\\/noticias\\\/periodista-carolin-emcke-premio-de-la-paz-de-libreros-alemanes\\\/#mainImage\",\"width\":655,\"height\":360},\"primaryImageOfPage\":{\"@id\":\"https:\\\/\\\/candas365.es\\\/noticias\\\/periodista-carolin-emcke-premio-de-la-paz-de-libreros-alemanes\\\/#mainImage\"},\"datePublished\":\"2016-06-25T23:45:46+02:00\",\"dateModified\":\"2016-06-25T23:45:46+02:00\"},{\"@type\":\"WebSite\",\"@id\":\"https:\\\/\\\/candas365.es\\\/noticias\\\/#website\",\"url\":\"https:\\\/\\\/candas365.es\\\/noticias\\\/\",\"name\":\"Cand\\u00e1s 365\",\"alternateName\":\"Cand\\u00e1s 365 Noticias\",\"description\":\"Actualidad desde Carre\\u00f1o para el mundo\",\"inLanguage\":\"es-ES\",\"publisher\":{\"@id\":\"https:\\\/\\\/candas365.es\\\/noticias\\\/#organization\"}}]}\n\t\t<\/script>\n\t\t<!-- All in One SEO Pro -->\r\n\t\t<title>Periodista Carolin Emcke, \u00abPremio de la Paz\u00bb de libreros alemanes | Cand\u00e1s 365<\/title>\n\n","aioseo_head_json":{"title":"Periodista Carolin Emcke, \u00abPremio de la Paz\u00bb de libreros alemanes | Cand\u00e1s 365","description":"Fr\u00e1ncfort\/Leipzig, 25 jun (dpa) - La escritora y periodista alemana Carolin Emcke recibir\u00e1 el Premio de la Paz de los libreros alemanes, inform\u00f3 el viernes la asociaci\u00f3n que representa al sector. \"Emcke ha contribuido con sus libros, sus art\u00edculos y sus discursos de forma notable al di\u00e1logo social y a la paz\", indicaron los libreros","canonical_url":"https:\/\/candas365.es\/noticias\/periodista-carolin-emcke-premio-de-la-paz-de-libreros-alemanes\/","robots":"max-image-preview:large","keywords":"actualidad","webmasterTools":{"google-site-verification":"UA-32230408-1","msvalidate.01":"354F3CDFB2DA171B47FBE9ABF1F88D5","miscellaneous":""},"schema":{"@context":"https:\/\/schema.org","@graph":[{"@type":"BreadcrumbList","@id":"https:\/\/candas365.es\/noticias\/periodista-carolin-emcke-premio-de-la-paz-de-libreros-alemanes\/#breadcrumblist","itemListElement":[{"@type":"ListItem","@id":"https:\/\/candas365.es\/noticias#listItem","position":1,"name":"Home","item":"https:\/\/candas365.es\/noticias","nextItem":{"@type":"ListItem","@id":"https:\/\/candas365.es\/noticias\/category\/actualidad\/#listItem","name":"Actualidad"}},{"@type":"ListItem","@id":"https:\/\/candas365.es\/noticias\/category\/actualidad\/#listItem","position":2,"name":"Actualidad","item":"https:\/\/candas365.es\/noticias\/category\/actualidad\/","nextItem":{"@type":"ListItem","@id":"https:\/\/candas365.es\/noticias\/periodista-carolin-emcke-premio-de-la-paz-de-libreros-alemanes\/#listItem","name":"Periodista Carolin Emcke, \u00abPremio de la Paz\u00bb de libreros alemanes"},"previousItem":{"@type":"ListItem","@id":"https:\/\/candas365.es\/noticias#listItem","name":"Home"}},{"@type":"ListItem","@id":"https:\/\/candas365.es\/noticias\/periodista-carolin-emcke-premio-de-la-paz-de-libreros-alemanes\/#listItem","position":3,"name":"Periodista Carolin Emcke, \u00abPremio de la Paz\u00bb de libreros alemanes","previousItem":{"@type":"ListItem","@id":"https:\/\/candas365.es\/noticias\/category\/actualidad\/#listItem","name":"Actualidad"}}]},{"@type":"NewsArticle","@id":"https:\/\/candas365.es\/noticias\/periodista-carolin-emcke-premio-de-la-paz-de-libreros-alemanes\/#newsarticle","name":"Periodista Carolin Emcke, \u00abPremio de la Paz\u00bb de libreros alemanes | Cand\u00e1s 365","headline":"Periodista Carolin Emcke, \u00abPremio de la Paz\u00bb de libreros alemanes","author":{"@id":"https:\/\/candas365.es\/noticias\/author\/admin\/#author"},"publisher":{"@id":"https:\/\/candas365.es\/noticias\/#organization"},"image":{"@type":"ImageObject","url":"https:\/\/candas365.es\/noticias\/wp-content\/uploads\/2015\/12\/libro1.jpg","width":655,"height":360},"datePublished":"2016-06-25T23:45:46+02:00","dateModified":"2016-06-25T23:45:46+02:00","inLanguage":"es-ES","mainEntityOfPage":{"@id":"https:\/\/candas365.es\/noticias\/periodista-carolin-emcke-premio-de-la-paz-de-libreros-alemanes\/#webpage"},"isPartOf":{"@id":"https:\/\/candas365.es\/noticias\/periodista-carolin-emcke-premio-de-la-paz-de-libreros-alemanes\/#webpage"},"articleSection":"Actualidad","dateline":"Publicado el junio 25, 2016."},{"@type":"Organization","@id":"https:\/\/candas365.es\/noticias\/#organization","name":"Cand\u00e1s 365","description":"Cand\u00e1s 365 es un diario digital independiente, fundado en 2012, con base en Asturias. Informamos con rigor sobre actualidad, sociedad, cultura y ocio, con una mirada local y global.","url":"https:\/\/candas365.es\/noticias\/","email":"info@candas365.es","telephone":"+34652131393","foundingDate":"2012-06-10","logo":{"@type":"ImageObject","url":"https:\/\/candas365.es\/noticias\/wp-content\/uploads\/2024\/09\/Candas-365-Redes.jpg","@id":"https:\/\/candas365.es\/noticias\/periodista-carolin-emcke-premio-de-la-paz-de-libreros-alemanes\/#organizationLogo","width":1152,"height":864,"caption":"Cand\u00e1s 365 Redes"},"image":{"@id":"https:\/\/candas365.es\/noticias\/periodista-carolin-emcke-premio-de-la-paz-de-libreros-alemanes\/#organizationLogo"},"sameAs":["https:\/\/www.facebook.com\/Nachofdezber","https:\/\/x.com\/NabercoDigital","https:\/\/www.instagram.com\/nachofdezber\/","https:\/\/www.youtube.com\/channel\/UCZP-2wLEB9Rv6erhFmqVnvg"],"address":{"@id":"https:\/\/candas365.es\/noticias\/#postaladdress","@type":"PostalAddress","streetAddress":"san antonio 4, san antonio 4","postalCode":"33430","addressLocality":"Cand\u00e1s","addressRegion":"Asturias","addressCountry":"ES"}},{"@type":"Person","@id":"https:\/\/candas365.es\/noticias\/author\/admin\/#author","url":"https:\/\/candas365.es\/noticias\/author\/admin\/","name":"Cand\u00e1s 365","image":{"@type":"ImageObject","@id":"https:\/\/candas365.es\/noticias\/periodista-carolin-emcke-premio-de-la-paz-de-libreros-alemanes\/#authorImage","url":"https:\/\/secure.gravatar.com\/avatar\/496a8e03d0c493ede1718b7934145dbdf8d89be1036b0eec9544e1094c9de390?s=96&d=mm&r=g","width":96,"height":96,"caption":"Cand\u00e1s 365"},"sameAs":["https:\/\/www.facebook.com\/carrenoactualidad","https:\/\/twitter.com\/nbasturias","https:\/\/www.instagram.com\/nachofdezber\/","https:\/\/www.youtube.com\/channel\/UCZP-2wLEB9Rv6erhFmqVnvg"]},{"@type":"WebPage","@id":"https:\/\/candas365.es\/noticias\/periodista-carolin-emcke-premio-de-la-paz-de-libreros-alemanes\/#webpage","url":"https:\/\/candas365.es\/noticias\/periodista-carolin-emcke-premio-de-la-paz-de-libreros-alemanes\/","name":"Periodista Carolin Emcke, \u00abPremio de la Paz\u00bb de libreros alemanes | Cand\u00e1s 365","description":"Fr\u00e1ncfort\/Leipzig, 25 jun (dpa) - La escritora y periodista alemana Carolin Emcke recibir\u00e1 el Premio de la Paz de los libreros alemanes, inform\u00f3 el viernes la asociaci\u00f3n que representa al sector. \"Emcke ha contribuido con sus libros, sus art\u00edculos y sus discursos de forma notable al di\u00e1logo social y a la paz\", indicaron los libreros","inLanguage":"es-ES","isPartOf":{"@id":"https:\/\/candas365.es\/noticias\/#website"},"breadcrumb":{"@id":"https:\/\/candas365.es\/noticias\/periodista-carolin-emcke-premio-de-la-paz-de-libreros-alemanes\/#breadcrumblist"},"author":{"@id":"https:\/\/candas365.es\/noticias\/author\/admin\/#author"},"creator":{"@id":"https:\/\/candas365.es\/noticias\/author\/admin\/#author"},"image":{"@type":"ImageObject","url":"https:\/\/candas365.es\/noticias\/wp-content\/uploads\/2015\/12\/libro1.jpg","@id":"https:\/\/candas365.es\/noticias\/periodista-carolin-emcke-premio-de-la-paz-de-libreros-alemanes\/#mainImage","width":655,"height":360},"primaryImageOfPage":{"@id":"https:\/\/candas365.es\/noticias\/periodista-carolin-emcke-premio-de-la-paz-de-libreros-alemanes\/#mainImage"},"datePublished":"2016-06-25T23:45:46+02:00","dateModified":"2016-06-25T23:45:46+02:00"},{"@type":"WebSite","@id":"https:\/\/candas365.es\/noticias\/#website","url":"https:\/\/candas365.es\/noticias\/","name":"Cand\u00e1s 365","alternateName":"Cand\u00e1s 365 Noticias","description":"Actualidad desde Carre\u00f1o para el mundo","inLanguage":"es-ES","publisher":{"@id":"https:\/\/candas365.es\/noticias\/#organization"}}]},"og:locale":"es_ES","og:site_name":"Cand\u00e1s 365","og:type":"article","og:title":"Periodista Carolin Emcke, \u00abPremio de la Paz\u00bb de libreros alemanes | Cand\u00e1s 365","og:description":"Fr\u00e1ncfort\/Leipzig, 25 jun (dpa) - La escritora y periodista alemana Carolin Emcke recibir\u00e1 el Premio de la Paz de los libreros alemanes, inform\u00f3 el viernes la asociaci\u00f3n que representa al sector. &quot;Emcke ha contribuido con sus libros, sus art\u00edculos y sus discursos de forma notable al di\u00e1logo social y a la paz&quot;, indicaron los libreros","og:url":"https:\/\/candas365.es\/noticias\/periodista-carolin-emcke-premio-de-la-paz-de-libreros-alemanes\/","og:image":"https:\/\/candas365.es\/noticias\/wp-content\/uploads\/2015\/12\/libro1.jpg","og:image:secure_url":"https:\/\/candas365.es\/noticias\/wp-content\/uploads\/2015\/12\/libro1.jpg","og:image:width":655,"og:image:height":360,"article:published_time":"2016-06-25T22:15:46+00:00","article:modified_time":"2016-06-25T22:15:46+00:00","article:publisher":"https:\/\/www.facebook.com\/Nachofdezber","article:author":"https:\/\/www.facebook.com\/carrenoactualidad","twitter:card":"summary_large_image","twitter:site":"@NabercoDigital","twitter:title":"Periodista Carolin Emcke, \u00abPremio de la Paz\u00bb de libreros alemanes | Cand\u00e1s 365","twitter:description":"Fr\u00e1ncfort\/Leipzig, 25 jun (dpa) - La escritora y periodista alemana Carolin Emcke recibir\u00e1 el Premio de la Paz de los libreros alemanes, inform\u00f3 el viernes la asociaci\u00f3n que representa al sector. &quot;Emcke ha contribuido con sus libros, sus art\u00edculos y sus discursos de forma notable al di\u00e1logo social y a la paz&quot;, indicaron los libreros","twitter:creator":"@nbasturias","twitter:image":"https:\/\/candas365.es\/noticias\/wp-content\/uploads\/2015\/12\/libro1.jpg","twitter:label1":"Escrito por","twitter:data1":"Cand\u00e1s 365","twitter:label2":"Tiempo de lectura estimado","twitter:data2":"1 minuto"},"aioseo_meta_data":{"post_id":"31266","title":null,"description":null,"keywords":null,"keyphrases":null,"primary_term":null,"canonical_url":null,"og_title":null,"og_description":null,"og_object_type":"default","og_image_type":"default","og_image_url":null,"og_image_width":null,"og_image_height":null,"og_image_custom_url":null,"og_image_custom_fields":null,"og_video":null,"og_custom_url":null,"og_article_section":null,"og_article_tags":null,"twitter_use_og":false,"twitter_card":"default","twitter_image_type":"default","twitter_image_url":null,"twitter_image_custom_url":null,"twitter_image_custom_fields":null,"twitter_title":null,"twitter_description":null,"schema":{"blockGraphs":[],"customGraphs":[],"default":{"data":{"Article":[],"Course":[],"Dataset":[],"FAQPage":[],"Movie":[],"Person":[],"Product":[],"ProductReview":[],"Car":[],"Recipe":[],"Service":[],"SoftwareApplication":[],"WebPage":[]},"graphName":"","isEnabled":true},"graphs":[],"defaultGraph":"","defaultPostTypeGraph":""},"schema_type":null,"schema_type_options":null,"pillar_content":false,"robots_default":true,"robots_noindex":false,"robots_noarchive":false,"robots_nosnippet":false,"robots_nofollow":false,"robots_noimageindex":false,"robots_noodp":false,"robots_notranslate":false,"robots_max_snippet":null,"robots_max_videopreview":null,"robots_max_imagepreview":"large","priority":null,"frequency":null,"location":null,"local_seo":null,"seo_analyzer_scan_date":"2025-08-24 13:39:09","breadcrumb_settings":null,"limit_modified_date":false,"reviewed_by":null,"open_ai":null,"ai":null,"created":"2020-12-21 13:00:38","updated":"2025-08-24 13:39:09"},"aioseo_breadcrumb":"<div class=\"aioseo-breadcrumbs\"><span class=\"aioseo-breadcrumb\">\n\t<a href=\"https:\/\/candas365.es\/noticias\" title=\"Home\">Home<\/a>\n<\/span><span class=\"aioseo-breadcrumb-separator\">&ndash;<\/span><span class=\"aioseo-breadcrumb\">\n\t<a href=\"https:\/\/candas365.es\/noticias\/category\/actualidad\/\" title=\"Actualidad\">Actualidad<\/a>\n<\/span><span class=\"aioseo-breadcrumb-separator\">&ndash;<\/span><span class=\"aioseo-breadcrumb\">\n\tPeriodista Carolin Emcke, \u00abPremio de la Paz\u00bb de libreros alemanes\n<\/span><\/div>","aioseo_breadcrumb_json":[{"label":"Home","link":"https:\/\/candas365.es\/noticias"},{"label":"Actualidad","link":"https:\/\/candas365.es\/noticias\/category\/actualidad\/"},{"label":"Periodista Carolin Emcke, \u00abPremio de la Paz\u00bb de libreros alemanes","link":"https:\/\/candas365.es\/noticias\/periodista-carolin-emcke-premio-de-la-paz-de-libreros-alemanes\/"}],"_links":{"self":[{"href":"https:\/\/candas365.es\/noticias\/wp-json\/wp\/v2\/posts\/31266","targetHints":{"allow":["GET"]}}],"collection":[{"href":"https:\/\/candas365.es\/noticias\/wp-json\/wp\/v2\/posts"}],"about":[{"href":"https:\/\/candas365.es\/noticias\/wp-json\/wp\/v2\/types\/post"}],"author":[{"embeddable":true,"href":"https:\/\/candas365.es\/noticias\/wp-json\/wp\/v2\/users\/1"}],"replies":[{"embeddable":true,"href":"https:\/\/candas365.es\/noticias\/wp-json\/wp\/v2\/comments?post=31266"}],"version-history":[{"count":0,"href":"https:\/\/candas365.es\/noticias\/wp-json\/wp\/v2\/posts\/31266\/revisions"}],"wp:featuredmedia":[{"embeddable":true,"href":"https:\/\/candas365.es\/noticias\/wp-json\/wp\/v2\/media\/22984"}],"wp:attachment":[{"href":"https:\/\/candas365.es\/noticias\/wp-json\/wp\/v2\/media?parent=31266"}],"wp:term":[{"taxonomy":"category","embeddable":true,"href":"https:\/\/candas365.es\/noticias\/wp-json\/wp\/v2\/categories?post=31266"},{"taxonomy":"post_tag","embeddable":true,"href":"https:\/\/candas365.es\/noticias\/wp-json\/wp\/v2\/tags?post=31266"}],"curies":[{"name":"wp","href":"https:\/\/api.w.org\/{rel}","templated":true}]}}