{"id":31250,"date":"2016-06-25T23:36:52","date_gmt":"2016-06-25T22:06:52","guid":{"rendered":"http:\/\/candas365.es\/noticias\/?p=31250"},"modified":"2016-06-25T23:36:52","modified_gmt":"2016-06-25T22:06:52","slug":"neuer-asegura-que-alemania-esta-preparada-para-la-fase-decisiva","status":"publish","type":"post","link":"https:\/\/candas365.es\/noticias\/neuer-asegura-que-alemania-esta-preparada-para-la-fase-decisiva\/","title":{"rendered":"Neuer asegura que Alemania est\u00e1 preparada para la fase decisiva"},"content":{"rendered":"<p>\u00c9vian-les-Bains (Francia), 25 jun (dpa) &#8211; El arquero Manuel Neuer asegur\u00f3 el viernes que la selecci\u00f3n alemana de f\u00fatbol est\u00e1 preparada para competir en la fase decisiva de la Eurocopa de Francia.<\/p>\n<p>\u00abHemos hecho nuestro trabajo en los primeros partidos. Ahora llegan las rondas de eliminaci\u00f3n y sabemos lo que se necesita\u00bb, indic\u00f3 el viernes en rueda de prensa el guardameta alem\u00e1n.<\/p>\n<p>La campeona del mundo se medir\u00e1 el domingo en Lille a Eslovaquia en los octavos de final y de ganar tendr\u00e1 un cruce de m\u00e1xima exigencia ante Espa\u00f1a o Italia.<\/p>\n<p>\u00abEstamos muy bien preparados y vamos a tratar de resolver el partido lo antes posible para alcanzar los cuartos de final\u00bb, se\u00f1al\u00f3 Neuer, aunque sin confiarse ante Eslovaquia. \u00abNo podemos tomar ning\u00fan rival a la ligera, sabemos que en estas rondas hay una presi\u00f3n diferente\u00bb.<\/p>\n<p>Neuer, quien suele portar la cinta de capit\u00e1n cuando no juega Bastian Schweinsteiger, se refiri\u00f3 adem\u00e1s a los problemas f\u00edsicos de Jerome Boateng y le sugiri\u00f3 al defensor no apurar su recuperaci\u00f3n si no se siente en condiciones. <\/p>\n<p>\u00abEs importante que Jerome escuche a su cuerpo. Es lo suficientemente profesional como para decir &#8216;s\u00ed&#8217; o &#8216;no&#8217; por su cuenta. La falsa ambici\u00f3n es una mala consejera\u00bb, afirm\u00f3 el portero del Bayern M\u00fanich.<\/p>\n<p>Boateng, con una lesi\u00f3n muscular en la pantorrilla, es la principal duda que tiene el seleccionador Joachim L\u00f6w para el choque de octavos. De no poder jugar, ser\u00e9 reemplazado por Benedikt H\u00f6wedes o Skhodran Mustafi. Mats Hummels, ya recuperado de sus problemas f\u00edsicos, ocupar\u00e1 el otro lugar de la zaga.<\/p>\n","protected":false},"excerpt":{"rendered":"<p>\u00c9vian-les-Bains (Francia), 25 jun (dpa) &#8211; El arquero Manuel Neuer asegur\u00f3 el viernes que la selecci\u00f3n alemana de f\u00fatbol est\u00e1 preparada para competir en la fase decisiva de la Eurocopa de Francia. \u00abHemos hecho nuestro trabajo en los primeros partidos. Ahora llegan las rondas de eliminaci\u00f3n y sabemos lo que se necesita\u00bb, indic\u00f3 el viernes<\/p>\n","protected":false},"author":1,"featured_media":29884,"comment_status":"closed","ping_status":"closed","sticky":false,"template":"","format":"standard","meta":{"footnotes":""},"categories":[343],"tags":[],"class_list":{"0":"post-31250","1":"post","2":"type-post","3":"status-publish","4":"format-standard","5":"has-post-thumbnail","7":"category-actualidad"},"aioseo_notices":[],"aioseo_head":"\n\t\t<!-- All in One SEO Pro 4.9.6.2 - aioseo.com -->\n\t<meta name=\"description\" content=\"\u00c9vian-les-Bains (Francia), 25 jun (dpa) - El arquero Manuel Neuer asegur\u00f3 el viernes que la selecci\u00f3n alemana de f\u00fatbol est\u00e1 preparada para competir en la fase decisiva de la Eurocopa de Francia. &quot;Hemos hecho nuestro trabajo en los primeros partidos. Ahora llegan las rondas de eliminaci\u00f3n y sabemos lo que se necesita&quot;, indic\u00f3 el viernes\" \/>\n\t<meta name=\"robots\" content=\"max-image-preview:large\" \/>\n\t<meta name=\"author\" content=\"Cand\u00e1s 365\"\/>\n\t<meta name=\"google-site-verification\" content=\"UA-32230408-1\" \/>\n\t<meta name=\"msvalidate.01\" content=\"354F3CDFB2DA171B47FBE9ABF1F88D5\" \/>\n\t<meta name=\"keywords\" content=\"actualidad\" \/>\n\t<link rel=\"canonical\" href=\"https:\/\/candas365.es\/noticias\/neuer-asegura-que-alemania-esta-preparada-para-la-fase-decisiva\/\" \/>\n\t<meta name=\"generator\" content=\"All in One SEO Pro (AIOSEO) 4.9.6.2\" \/>\n\t\t<meta property=\"og:locale\" content=\"es_ES\" \/>\n\t\t<meta property=\"og:site_name\" content=\"Cand\u00e1s 365\" \/>\n\t\t<meta property=\"og:type\" content=\"article\" \/>\n\t\t<meta property=\"og:title\" content=\"Neuer asegura que Alemania est\u00e1 preparada para la fase decisiva | Cand\u00e1s 365\" \/>\n\t\t<meta property=\"og:description\" content=\"\u00c9vian-les-Bains (Francia), 25 jun (dpa) - El arquero Manuel Neuer asegur\u00f3 el viernes que la selecci\u00f3n alemana de f\u00fatbol est\u00e1 preparada para competir en la fase decisiva de la Eurocopa de Francia. &quot;Hemos hecho nuestro trabajo en los primeros partidos. Ahora llegan las rondas de eliminaci\u00f3n y sabemos lo que se necesita&quot;, indic\u00f3 el viernes\" \/>\n\t\t<meta property=\"og:url\" content=\"https:\/\/candas365.es\/noticias\/neuer-asegura-que-alemania-esta-preparada-para-la-fase-decisiva\/\" \/>\n\t\t<meta property=\"og:image\" content=\"https:\/\/candas365.es\/noticias\/wp-content\/uploads\/2016\/06\/euro2016.jpg\" \/>\n\t\t<meta property=\"og:image:secure_url\" content=\"https:\/\/candas365.es\/noticias\/wp-content\/uploads\/2016\/06\/euro2016.jpg\" \/>\n\t\t<meta property=\"og:image:width\" content=\"800\" \/>\n\t\t<meta property=\"og:image:height\" content=\"478\" \/>\n\t\t<meta property=\"article:published_time\" content=\"2016-06-25T22:06:52+00:00\" \/>\n\t\t<meta property=\"article:modified_time\" content=\"2016-06-25T22:06:52+00:00\" \/>\n\t\t<meta property=\"article:publisher\" content=\"https:\/\/www.facebook.com\/Nachofdezber\" \/>\n\t\t<meta property=\"article:author\" content=\"https:\/\/www.facebook.com\/carrenoactualidad\" \/>\n\t\t<meta name=\"twitter:card\" content=\"summary_large_image\" \/>\n\t\t<meta name=\"twitter:site\" content=\"@NabercoDigital\" \/>\n\t\t<meta name=\"twitter:title\" content=\"Neuer asegura que Alemania est\u00e1 preparada para la fase decisiva | Cand\u00e1s 365\" \/>\n\t\t<meta name=\"twitter:description\" content=\"\u00c9vian-les-Bains (Francia), 25 jun (dpa) - El arquero Manuel Neuer asegur\u00f3 el viernes que la selecci\u00f3n alemana de f\u00fatbol est\u00e1 preparada para competir en la fase decisiva de la Eurocopa de Francia. &quot;Hemos hecho nuestro trabajo en los primeros partidos. Ahora llegan las rondas de eliminaci\u00f3n y sabemos lo que se necesita&quot;, indic\u00f3 el viernes\" \/>\n\t\t<meta name=\"twitter:creator\" content=\"@nbasturias\" \/>\n\t\t<meta name=\"twitter:image\" content=\"https:\/\/candas365.es\/noticias\/wp-content\/uploads\/2016\/06\/euro2016.jpg\" \/>\n\t\t<meta name=\"twitter:label1\" content=\"Escrito por\" \/>\n\t\t<meta name=\"twitter:data1\" content=\"Cand\u00e1s 365\" \/>\n\t\t<meta name=\"twitter:label2\" content=\"Tiempo de lectura estimado\" \/>\n\t\t<meta name=\"twitter:data2\" content=\"1 minuto\" \/>\n\t\t<script type=\"application\/ld+json\" class=\"aioseo-schema\">\n\t\t\t{\"@context\":\"https:\\\/\\\/schema.org\",\"@graph\":[{\"@type\":\"BreadcrumbList\",\"@id\":\"https:\\\/\\\/candas365.es\\\/noticias\\\/neuer-asegura-que-alemania-esta-preparada-para-la-fase-decisiva\\\/#breadcrumblist\",\"itemListElement\":[{\"@type\":\"ListItem\",\"@id\":\"https:\\\/\\\/candas365.es\\\/noticias#listItem\",\"position\":1,\"name\":\"Home\",\"item\":\"https:\\\/\\\/candas365.es\\\/noticias\",\"nextItem\":{\"@type\":\"ListItem\",\"@id\":\"https:\\\/\\\/candas365.es\\\/noticias\\\/category\\\/actualidad\\\/#listItem\",\"name\":\"Actualidad\"}},{\"@type\":\"ListItem\",\"@id\":\"https:\\\/\\\/candas365.es\\\/noticias\\\/category\\\/actualidad\\\/#listItem\",\"position\":2,\"name\":\"Actualidad\",\"item\":\"https:\\\/\\\/candas365.es\\\/noticias\\\/category\\\/actualidad\\\/\",\"nextItem\":{\"@type\":\"ListItem\",\"@id\":\"https:\\\/\\\/candas365.es\\\/noticias\\\/neuer-asegura-que-alemania-esta-preparada-para-la-fase-decisiva\\\/#listItem\",\"name\":\"Neuer asegura que Alemania est\\u00e1 preparada para la fase decisiva\"},\"previousItem\":{\"@type\":\"ListItem\",\"@id\":\"https:\\\/\\\/candas365.es\\\/noticias#listItem\",\"name\":\"Home\"}},{\"@type\":\"ListItem\",\"@id\":\"https:\\\/\\\/candas365.es\\\/noticias\\\/neuer-asegura-que-alemania-esta-preparada-para-la-fase-decisiva\\\/#listItem\",\"position\":3,\"name\":\"Neuer asegura que Alemania est\\u00e1 preparada para la fase decisiva\",\"previousItem\":{\"@type\":\"ListItem\",\"@id\":\"https:\\\/\\\/candas365.es\\\/noticias\\\/category\\\/actualidad\\\/#listItem\",\"name\":\"Actualidad\"}}]},{\"@type\":\"NewsArticle\",\"@id\":\"https:\\\/\\\/candas365.es\\\/noticias\\\/neuer-asegura-que-alemania-esta-preparada-para-la-fase-decisiva\\\/#newsarticle\",\"name\":\"Neuer asegura que Alemania est\\u00e1 preparada para la fase decisiva | Cand\\u00e1s 365\",\"headline\":\"Neuer asegura que Alemania est\\u00e1 preparada para la fase decisiva\",\"author\":{\"@id\":\"https:\\\/\\\/candas365.es\\\/noticias\\\/author\\\/admin\\\/#author\"},\"publisher\":{\"@id\":\"https:\\\/\\\/candas365.es\\\/noticias\\\/#organization\"},\"image\":{\"@type\":\"ImageObject\",\"url\":\"https:\\\/\\\/candas365.es\\\/noticias\\\/wp-content\\\/uploads\\\/2016\\\/06\\\/euro2016.jpg\",\"width\":800,\"height\":478},\"datePublished\":\"2016-06-25T23:36:52+02:00\",\"dateModified\":\"2016-06-25T23:36:52+02:00\",\"inLanguage\":\"es-ES\",\"mainEntityOfPage\":{\"@id\":\"https:\\\/\\\/candas365.es\\\/noticias\\\/neuer-asegura-que-alemania-esta-preparada-para-la-fase-decisiva\\\/#webpage\"},\"isPartOf\":{\"@id\":\"https:\\\/\\\/candas365.es\\\/noticias\\\/neuer-asegura-que-alemania-esta-preparada-para-la-fase-decisiva\\\/#webpage\"},\"articleSection\":\"Actualidad\",\"dateline\":\"Publicado el junio 25, 2016.\"},{\"@type\":\"Organization\",\"@id\":\"https:\\\/\\\/candas365.es\\\/noticias\\\/#organization\",\"name\":\"Cand\\u00e1s 365\",\"description\":\"Cand\\u00e1s 365 es un diario digital independiente, fundado en 2012, con base en Asturias. Informamos con rigor sobre actualidad, sociedad, cultura y ocio, con una mirada local y global.\",\"url\":\"https:\\\/\\\/candas365.es\\\/noticias\\\/\",\"email\":\"info@candas365.es\",\"telephone\":\"+34652131393\",\"foundingDate\":\"2012-06-10\",\"logo\":{\"@type\":\"ImageObject\",\"url\":\"https:\\\/\\\/candas365.es\\\/noticias\\\/wp-content\\\/uploads\\\/2024\\\/09\\\/Candas-365-Redes.jpg\",\"@id\":\"https:\\\/\\\/candas365.es\\\/noticias\\\/neuer-asegura-que-alemania-esta-preparada-para-la-fase-decisiva\\\/#organizationLogo\",\"width\":1152,\"height\":864,\"caption\":\"Cand\\u00e1s 365 Redes\"},\"image\":{\"@id\":\"https:\\\/\\\/candas365.es\\\/noticias\\\/neuer-asegura-que-alemania-esta-preparada-para-la-fase-decisiva\\\/#organizationLogo\"},\"sameAs\":[\"https:\\\/\\\/www.facebook.com\\\/Nachofdezber\",\"https:\\\/\\\/x.com\\\/NabercoDigital\",\"https:\\\/\\\/www.instagram.com\\\/nachofdezber\\\/\",\"https:\\\/\\\/www.youtube.com\\\/channel\\\/UCZP-2wLEB9Rv6erhFmqVnvg\"],\"address\":{\"@id\":\"https:\\\/\\\/candas365.es\\\/noticias\\\/#postaladdress\",\"@type\":\"PostalAddress\",\"streetAddress\":\"san antonio 4, san antonio 4\",\"postalCode\":\"33430\",\"addressLocality\":\"Cand\\u00e1s\",\"addressRegion\":\"Asturias\",\"addressCountry\":\"ES\"}},{\"@type\":\"Person\",\"@id\":\"https:\\\/\\\/candas365.es\\\/noticias\\\/author\\\/admin\\\/#author\",\"url\":\"https:\\\/\\\/candas365.es\\\/noticias\\\/author\\\/admin\\\/\",\"name\":\"Cand\\u00e1s 365\",\"image\":{\"@type\":\"ImageObject\",\"@id\":\"https:\\\/\\\/candas365.es\\\/noticias\\\/neuer-asegura-que-alemania-esta-preparada-para-la-fase-decisiva\\\/#authorImage\",\"url\":\"https:\\\/\\\/secure.gravatar.com\\\/avatar\\\/496a8e03d0c493ede1718b7934145dbdf8d89be1036b0eec9544e1094c9de390?s=96&d=mm&r=g\",\"width\":96,\"height\":96,\"caption\":\"Cand\\u00e1s 365\"},\"sameAs\":[\"https:\\\/\\\/www.facebook.com\\\/carrenoactualidad\",\"https:\\\/\\\/twitter.com\\\/nbasturias\",\"https:\\\/\\\/www.instagram.com\\\/nachofdezber\\\/\",\"https:\\\/\\\/www.youtube.com\\\/channel\\\/UCZP-2wLEB9Rv6erhFmqVnvg\"]},{\"@type\":\"WebPage\",\"@id\":\"https:\\\/\\\/candas365.es\\\/noticias\\\/neuer-asegura-que-alemania-esta-preparada-para-la-fase-decisiva\\\/#webpage\",\"url\":\"https:\\\/\\\/candas365.es\\\/noticias\\\/neuer-asegura-que-alemania-esta-preparada-para-la-fase-decisiva\\\/\",\"name\":\"Neuer asegura que Alemania est\\u00e1 preparada para la fase decisiva | Cand\\u00e1s 365\",\"description\":\"\\u00c9vian-les-Bains (Francia), 25 jun (dpa) - El arquero Manuel Neuer asegur\\u00f3 el viernes que la selecci\\u00f3n alemana de f\\u00fatbol est\\u00e1 preparada para competir en la fase decisiva de la Eurocopa de Francia. \\\"Hemos hecho nuestro trabajo en los primeros partidos. Ahora llegan las rondas de eliminaci\\u00f3n y sabemos lo que se necesita\\\", indic\\u00f3 el viernes\",\"inLanguage\":\"es-ES\",\"isPartOf\":{\"@id\":\"https:\\\/\\\/candas365.es\\\/noticias\\\/#website\"},\"breadcrumb\":{\"@id\":\"https:\\\/\\\/candas365.es\\\/noticias\\\/neuer-asegura-que-alemania-esta-preparada-para-la-fase-decisiva\\\/#breadcrumblist\"},\"author\":{\"@id\":\"https:\\\/\\\/candas365.es\\\/noticias\\\/author\\\/admin\\\/#author\"},\"creator\":{\"@id\":\"https:\\\/\\\/candas365.es\\\/noticias\\\/author\\\/admin\\\/#author\"},\"image\":{\"@type\":\"ImageObject\",\"url\":\"https:\\\/\\\/candas365.es\\\/noticias\\\/wp-content\\\/uploads\\\/2016\\\/06\\\/euro2016.jpg\",\"@id\":\"https:\\\/\\\/candas365.es\\\/noticias\\\/neuer-asegura-que-alemania-esta-preparada-para-la-fase-decisiva\\\/#mainImage\",\"width\":800,\"height\":478},\"primaryImageOfPage\":{\"@id\":\"https:\\\/\\\/candas365.es\\\/noticias\\\/neuer-asegura-que-alemania-esta-preparada-para-la-fase-decisiva\\\/#mainImage\"},\"datePublished\":\"2016-06-25T23:36:52+02:00\",\"dateModified\":\"2016-06-25T23:36:52+02:00\"},{\"@type\":\"WebSite\",\"@id\":\"https:\\\/\\\/candas365.es\\\/noticias\\\/#website\",\"url\":\"https:\\\/\\\/candas365.es\\\/noticias\\\/\",\"name\":\"Cand\\u00e1s 365\",\"alternateName\":\"Cand\\u00e1s 365 Noticias\",\"description\":\"Actualidad desde Carre\\u00f1o para el mundo\",\"inLanguage\":\"es-ES\",\"publisher\":{\"@id\":\"https:\\\/\\\/candas365.es\\\/noticias\\\/#organization\"}}]}\n\t\t<\/script>\n\t\t<!-- All in One SEO Pro -->\r\n\t\t<title>Neuer asegura que Alemania est\u00e1 preparada para la fase decisiva | Cand\u00e1s 365<\/title>\n\n","aioseo_head_json":{"title":"Neuer asegura que Alemania est\u00e1 preparada para la fase decisiva | Cand\u00e1s 365","description":"\u00c9vian-les-Bains (Francia), 25 jun (dpa) - El arquero Manuel Neuer asegur\u00f3 el viernes que la selecci\u00f3n alemana de f\u00fatbol est\u00e1 preparada para competir en la fase decisiva de la Eurocopa de Francia. \"Hemos hecho nuestro trabajo en los primeros partidos. Ahora llegan las rondas de eliminaci\u00f3n y sabemos lo que se necesita\", indic\u00f3 el viernes","canonical_url":"https:\/\/candas365.es\/noticias\/neuer-asegura-que-alemania-esta-preparada-para-la-fase-decisiva\/","robots":"max-image-preview:large","keywords":"actualidad","webmasterTools":{"google-site-verification":"UA-32230408-1","msvalidate.01":"354F3CDFB2DA171B47FBE9ABF1F88D5","miscellaneous":""},"schema":{"@context":"https:\/\/schema.org","@graph":[{"@type":"BreadcrumbList","@id":"https:\/\/candas365.es\/noticias\/neuer-asegura-que-alemania-esta-preparada-para-la-fase-decisiva\/#breadcrumblist","itemListElement":[{"@type":"ListItem","@id":"https:\/\/candas365.es\/noticias#listItem","position":1,"name":"Home","item":"https:\/\/candas365.es\/noticias","nextItem":{"@type":"ListItem","@id":"https:\/\/candas365.es\/noticias\/category\/actualidad\/#listItem","name":"Actualidad"}},{"@type":"ListItem","@id":"https:\/\/candas365.es\/noticias\/category\/actualidad\/#listItem","position":2,"name":"Actualidad","item":"https:\/\/candas365.es\/noticias\/category\/actualidad\/","nextItem":{"@type":"ListItem","@id":"https:\/\/candas365.es\/noticias\/neuer-asegura-que-alemania-esta-preparada-para-la-fase-decisiva\/#listItem","name":"Neuer asegura que Alemania est\u00e1 preparada para la fase decisiva"},"previousItem":{"@type":"ListItem","@id":"https:\/\/candas365.es\/noticias#listItem","name":"Home"}},{"@type":"ListItem","@id":"https:\/\/candas365.es\/noticias\/neuer-asegura-que-alemania-esta-preparada-para-la-fase-decisiva\/#listItem","position":3,"name":"Neuer asegura que Alemania est\u00e1 preparada para la fase decisiva","previousItem":{"@type":"ListItem","@id":"https:\/\/candas365.es\/noticias\/category\/actualidad\/#listItem","name":"Actualidad"}}]},{"@type":"NewsArticle","@id":"https:\/\/candas365.es\/noticias\/neuer-asegura-que-alemania-esta-preparada-para-la-fase-decisiva\/#newsarticle","name":"Neuer asegura que Alemania est\u00e1 preparada para la fase decisiva | Cand\u00e1s 365","headline":"Neuer asegura que Alemania est\u00e1 preparada para la fase decisiva","author":{"@id":"https:\/\/candas365.es\/noticias\/author\/admin\/#author"},"publisher":{"@id":"https:\/\/candas365.es\/noticias\/#organization"},"image":{"@type":"ImageObject","url":"https:\/\/candas365.es\/noticias\/wp-content\/uploads\/2016\/06\/euro2016.jpg","width":800,"height":478},"datePublished":"2016-06-25T23:36:52+02:00","dateModified":"2016-06-25T23:36:52+02:00","inLanguage":"es-ES","mainEntityOfPage":{"@id":"https:\/\/candas365.es\/noticias\/neuer-asegura-que-alemania-esta-preparada-para-la-fase-decisiva\/#webpage"},"isPartOf":{"@id":"https:\/\/candas365.es\/noticias\/neuer-asegura-que-alemania-esta-preparada-para-la-fase-decisiva\/#webpage"},"articleSection":"Actualidad","dateline":"Publicado el junio 25, 2016."},{"@type":"Organization","@id":"https:\/\/candas365.es\/noticias\/#organization","name":"Cand\u00e1s 365","description":"Cand\u00e1s 365 es un diario digital independiente, fundado en 2012, con base en Asturias. Informamos con rigor sobre actualidad, sociedad, cultura y ocio, con una mirada local y global.","url":"https:\/\/candas365.es\/noticias\/","email":"info@candas365.es","telephone":"+34652131393","foundingDate":"2012-06-10","logo":{"@type":"ImageObject","url":"https:\/\/candas365.es\/noticias\/wp-content\/uploads\/2024\/09\/Candas-365-Redes.jpg","@id":"https:\/\/candas365.es\/noticias\/neuer-asegura-que-alemania-esta-preparada-para-la-fase-decisiva\/#organizationLogo","width":1152,"height":864,"caption":"Cand\u00e1s 365 Redes"},"image":{"@id":"https:\/\/candas365.es\/noticias\/neuer-asegura-que-alemania-esta-preparada-para-la-fase-decisiva\/#organizationLogo"},"sameAs":["https:\/\/www.facebook.com\/Nachofdezber","https:\/\/x.com\/NabercoDigital","https:\/\/www.instagram.com\/nachofdezber\/","https:\/\/www.youtube.com\/channel\/UCZP-2wLEB9Rv6erhFmqVnvg"],"address":{"@id":"https:\/\/candas365.es\/noticias\/#postaladdress","@type":"PostalAddress","streetAddress":"san antonio 4, san antonio 4","postalCode":"33430","addressLocality":"Cand\u00e1s","addressRegion":"Asturias","addressCountry":"ES"}},{"@type":"Person","@id":"https:\/\/candas365.es\/noticias\/author\/admin\/#author","url":"https:\/\/candas365.es\/noticias\/author\/admin\/","name":"Cand\u00e1s 365","image":{"@type":"ImageObject","@id":"https:\/\/candas365.es\/noticias\/neuer-asegura-que-alemania-esta-preparada-para-la-fase-decisiva\/#authorImage","url":"https:\/\/secure.gravatar.com\/avatar\/496a8e03d0c493ede1718b7934145dbdf8d89be1036b0eec9544e1094c9de390?s=96&d=mm&r=g","width":96,"height":96,"caption":"Cand\u00e1s 365"},"sameAs":["https:\/\/www.facebook.com\/carrenoactualidad","https:\/\/twitter.com\/nbasturias","https:\/\/www.instagram.com\/nachofdezber\/","https:\/\/www.youtube.com\/channel\/UCZP-2wLEB9Rv6erhFmqVnvg"]},{"@type":"WebPage","@id":"https:\/\/candas365.es\/noticias\/neuer-asegura-que-alemania-esta-preparada-para-la-fase-decisiva\/#webpage","url":"https:\/\/candas365.es\/noticias\/neuer-asegura-que-alemania-esta-preparada-para-la-fase-decisiva\/","name":"Neuer asegura que Alemania est\u00e1 preparada para la fase decisiva | Cand\u00e1s 365","description":"\u00c9vian-les-Bains (Francia), 25 jun (dpa) - El arquero Manuel Neuer asegur\u00f3 el viernes que la selecci\u00f3n alemana de f\u00fatbol est\u00e1 preparada para competir en la fase decisiva de la Eurocopa de Francia. \"Hemos hecho nuestro trabajo en los primeros partidos. Ahora llegan las rondas de eliminaci\u00f3n y sabemos lo que se necesita\", indic\u00f3 el viernes","inLanguage":"es-ES","isPartOf":{"@id":"https:\/\/candas365.es\/noticias\/#website"},"breadcrumb":{"@id":"https:\/\/candas365.es\/noticias\/neuer-asegura-que-alemania-esta-preparada-para-la-fase-decisiva\/#breadcrumblist"},"author":{"@id":"https:\/\/candas365.es\/noticias\/author\/admin\/#author"},"creator":{"@id":"https:\/\/candas365.es\/noticias\/author\/admin\/#author"},"image":{"@type":"ImageObject","url":"https:\/\/candas365.es\/noticias\/wp-content\/uploads\/2016\/06\/euro2016.jpg","@id":"https:\/\/candas365.es\/noticias\/neuer-asegura-que-alemania-esta-preparada-para-la-fase-decisiva\/#mainImage","width":800,"height":478},"primaryImageOfPage":{"@id":"https:\/\/candas365.es\/noticias\/neuer-asegura-que-alemania-esta-preparada-para-la-fase-decisiva\/#mainImage"},"datePublished":"2016-06-25T23:36:52+02:00","dateModified":"2016-06-25T23:36:52+02:00"},{"@type":"WebSite","@id":"https:\/\/candas365.es\/noticias\/#website","url":"https:\/\/candas365.es\/noticias\/","name":"Cand\u00e1s 365","alternateName":"Cand\u00e1s 365 Noticias","description":"Actualidad desde Carre\u00f1o para el mundo","inLanguage":"es-ES","publisher":{"@id":"https:\/\/candas365.es\/noticias\/#organization"}}]},"og:locale":"es_ES","og:site_name":"Cand\u00e1s 365","og:type":"article","og:title":"Neuer asegura que Alemania est\u00e1 preparada para la fase decisiva | Cand\u00e1s 365","og:description":"\u00c9vian-les-Bains (Francia), 25 jun (dpa) - El arquero Manuel Neuer asegur\u00f3 el viernes que la selecci\u00f3n alemana de f\u00fatbol est\u00e1 preparada para competir en la fase decisiva de la Eurocopa de Francia. &quot;Hemos hecho nuestro trabajo en los primeros partidos. Ahora llegan las rondas de eliminaci\u00f3n y sabemos lo que se necesita&quot;, indic\u00f3 el viernes","og:url":"https:\/\/candas365.es\/noticias\/neuer-asegura-que-alemania-esta-preparada-para-la-fase-decisiva\/","og:image":"https:\/\/candas365.es\/noticias\/wp-content\/uploads\/2016\/06\/euro2016.jpg","og:image:secure_url":"https:\/\/candas365.es\/noticias\/wp-content\/uploads\/2016\/06\/euro2016.jpg","og:image:width":800,"og:image:height":478,"article:published_time":"2016-06-25T22:06:52+00:00","article:modified_time":"2016-06-25T22:06:52+00:00","article:publisher":"https:\/\/www.facebook.com\/Nachofdezber","article:author":"https:\/\/www.facebook.com\/carrenoactualidad","twitter:card":"summary_large_image","twitter:site":"@NabercoDigital","twitter:title":"Neuer asegura que Alemania est\u00e1 preparada para la fase decisiva | Cand\u00e1s 365","twitter:description":"\u00c9vian-les-Bains (Francia), 25 jun (dpa) - El arquero Manuel Neuer asegur\u00f3 el viernes que la selecci\u00f3n alemana de f\u00fatbol est\u00e1 preparada para competir en la fase decisiva de la Eurocopa de Francia. &quot;Hemos hecho nuestro trabajo en los primeros partidos. Ahora llegan las rondas de eliminaci\u00f3n y sabemos lo que se necesita&quot;, indic\u00f3 el viernes","twitter:creator":"@nbasturias","twitter:image":"https:\/\/candas365.es\/noticias\/wp-content\/uploads\/2016\/06\/euro2016.jpg","twitter:label1":"Escrito por","twitter:data1":"Cand\u00e1s 365","twitter:label2":"Tiempo de lectura estimado","twitter:data2":"1 minuto"},"aioseo_meta_data":{"post_id":"31250","title":null,"description":null,"keywords":null,"keyphrases":null,"primary_term":null,"canonical_url":null,"og_title":null,"og_description":null,"og_object_type":"default","og_image_type":"default","og_image_url":null,"og_image_width":null,"og_image_height":null,"og_image_custom_url":null,"og_image_custom_fields":null,"og_video":null,"og_custom_url":null,"og_article_section":null,"og_article_tags":null,"twitter_use_og":false,"twitter_card":"default","twitter_image_type":"default","twitter_image_url":null,"twitter_image_custom_url":null,"twitter_image_custom_fields":null,"twitter_title":null,"twitter_description":null,"schema":{"blockGraphs":[],"customGraphs":[],"default":{"data":{"Article":[],"Course":[],"Dataset":[],"FAQPage":[],"Movie":[],"Person":[],"Product":[],"ProductReview":[],"Car":[],"Recipe":[],"Service":[],"SoftwareApplication":[],"WebPage":[]},"graphName":"","isEnabled":true},"graphs":[],"defaultGraph":"","defaultPostTypeGraph":""},"schema_type":null,"schema_type_options":null,"pillar_content":false,"robots_default":true,"robots_noindex":false,"robots_noarchive":false,"robots_nosnippet":false,"robots_nofollow":false,"robots_noimageindex":false,"robots_noodp":false,"robots_notranslate":false,"robots_max_snippet":null,"robots_max_videopreview":null,"robots_max_imagepreview":"large","priority":null,"frequency":null,"location":null,"local_seo":null,"seo_analyzer_scan_date":"2025-08-24 13:37:10","breadcrumb_settings":null,"limit_modified_date":false,"reviewed_by":null,"open_ai":null,"ai":null,"created":"2020-12-21 13:00:38","updated":"2025-08-24 13:37:10"},"aioseo_breadcrumb":"<div class=\"aioseo-breadcrumbs\"><span class=\"aioseo-breadcrumb\">\n\t<a href=\"https:\/\/candas365.es\/noticias\" title=\"Home\">Home<\/a>\n<\/span><span class=\"aioseo-breadcrumb-separator\">&ndash;<\/span><span class=\"aioseo-breadcrumb\">\n\t<a href=\"https:\/\/candas365.es\/noticias\/category\/actualidad\/\" title=\"Actualidad\">Actualidad<\/a>\n<\/span><span class=\"aioseo-breadcrumb-separator\">&ndash;<\/span><span class=\"aioseo-breadcrumb\">\n\tNeuer asegura que Alemania est\u00e1 preparada para la fase decisiva\n<\/span><\/div>","aioseo_breadcrumb_json":[{"label":"Home","link":"https:\/\/candas365.es\/noticias"},{"label":"Actualidad","link":"https:\/\/candas365.es\/noticias\/category\/actualidad\/"},{"label":"Neuer asegura que Alemania est\u00e1 preparada para la fase decisiva","link":"https:\/\/candas365.es\/noticias\/neuer-asegura-que-alemania-esta-preparada-para-la-fase-decisiva\/"}],"_links":{"self":[{"href":"https:\/\/candas365.es\/noticias\/wp-json\/wp\/v2\/posts\/31250","targetHints":{"allow":["GET"]}}],"collection":[{"href":"https:\/\/candas365.es\/noticias\/wp-json\/wp\/v2\/posts"}],"about":[{"href":"https:\/\/candas365.es\/noticias\/wp-json\/wp\/v2\/types\/post"}],"author":[{"embeddable":true,"href":"https:\/\/candas365.es\/noticias\/wp-json\/wp\/v2\/users\/1"}],"replies":[{"embeddable":true,"href":"https:\/\/candas365.es\/noticias\/wp-json\/wp\/v2\/comments?post=31250"}],"version-history":[{"count":0,"href":"https:\/\/candas365.es\/noticias\/wp-json\/wp\/v2\/posts\/31250\/revisions"}],"wp:featuredmedia":[{"embeddable":true,"href":"https:\/\/candas365.es\/noticias\/wp-json\/wp\/v2\/media\/29884"}],"wp:attachment":[{"href":"https:\/\/candas365.es\/noticias\/wp-json\/wp\/v2\/media?parent=31250"}],"wp:term":[{"taxonomy":"category","embeddable":true,"href":"https:\/\/candas365.es\/noticias\/wp-json\/wp\/v2\/categories?post=31250"},{"taxonomy":"post_tag","embeddable":true,"href":"https:\/\/candas365.es\/noticias\/wp-json\/wp\/v2\/tags?post=31250"}],"curies":[{"name":"wp","href":"https:\/\/api.w.org\/{rel}","templated":true}]}}