{"id":31222,"date":"2016-06-25T00:55:36","date_gmt":"2016-06-24T23:25:36","guid":{"rendered":"http:\/\/candas365.es\/noticias\/?p=31222"},"modified":"2016-06-25T00:55:36","modified_gmt":"2016-06-24T23:25:36","slug":"merkel-llama-a-la-calma-y-califica-el-brexit-de-punto-de-inflexion","status":"publish","type":"post","link":"https:\/\/candas365.es\/noticias\/merkel-llama-a-la-calma-y-califica-el-brexit-de-punto-de-inflexion\/","title":{"rendered":"Merkel llama a la calma y califica el Brexit de punto de inflexi\u00f3n"},"content":{"rendered":"<p>Berl\u00edn, 24 jun (dpa) &#8211; La canciller alemana, Angela Merkel, llam\u00f3 hoy a mantener la calma tras la decisi\u00f3n de los brit\u00e1nicos de abandonar la Uni\u00f3n Europea (UE) y alert\u00f3 del peligro de tomar decisiones apresuradas \u00abque solo seguir\u00edan dividiendo\u00bb a Europa.<\/p>\n<p>\u00abLa Uni\u00f3n Europea es lo suficientemente fuerte como para encontrar las respuestas correctas a lo que ha ocurrido hoy\u00bb, dijo la mandataria tras analizar las consecuencias del llamado \u00abBrexit\u00bb con los dirigentes de los principales partidos alemanes y varios ministros en Berl\u00edn.<\/p>\n<p>\u00abEl d\u00eda de hoy es un punto de inflexi\u00f3n para Europa, es un punto de inflexi\u00f3n para el proceso de uni\u00f3n de Europa\u00bb, destac\u00f3 la jefa del Gobierno alem\u00e1n, al tiempo que reconoci\u00f3 que en la poblaci\u00f3n hay cada vez m\u00e1s dudas sobre el rumbo que ha tomado el proceso de integraci\u00f3n.<\/p>\n<p>Por ello llam\u00f3 a las autoridades de la Uni\u00f3n Europea y los gobiernos de todos los Estados miembro a garantizar que los ciudadanos \u00absientan de forma concreta cu\u00e1nto contribuye la UE a mejorar su vida personal\u00bb.<\/p>\n<p>Asimismo destac\u00f3 la necesidad de sacar conclusiones \u00abcon conciencia hist\u00f3rica\u00bb y de no olvidar \u00abnunca y menos en estos momentos que la idea de la uni\u00f3n europea es una idea de paz\u00bb. <\/p>\n<p>Merkel explic\u00f3 que existe un claro procedimiento en los Tratados Europeos para la salida de un Estado de la Uni\u00f3n Europea, que culminar\u00e1 con un acuerdo. <\/p>\n<p>\u00abEl Reino Unido seguir\u00e1 siendo miembro de la Uni\u00f3n Europea mientras duren las negociaciones. Todos los derechos y las obligaciones derivados de ello deber\u00e1n ser respetados y cumplidos plenamente hasta la salida. Esto vale para ambas partes por igual\u00bb.<\/p>\n<p>Merkel propuso entablar \u00abrelaciones estrechas y en cooperaci\u00f3n entre el Reino Unido y la Uni\u00f3n Europea\u00bb. <\/p>\n<p>La mandataria germana convoc\u00f3 para el pr\u00f3ximo lunes una reuni\u00f3n en Berl\u00edn primero con el presidente del Consejo Europeo, Donald Tusk, y despu\u00e9s con el presidente de Francia, Fran\u00e7ois Hollande y el primer ministro italiano, Matteo Renzi, para examinar los pr\u00f3ximos pasos.<\/p>\n<p>Asimismo anunci\u00f3 que expondr\u00e1 la postura de su Gobierno en la sesi\u00f3n extraordinaria que celebrar\u00e1 el martes el Parlamento alem\u00e1n, horas antes de la cumbre de la Uni\u00f3n Europea en Bruselas.<\/p>\n","protected":false},"excerpt":{"rendered":"<p>Berl\u00edn, 24 jun (dpa) &#8211; La canciller alemana, Angela Merkel, llam\u00f3 hoy a mantener la calma tras la decisi\u00f3n de los brit\u00e1nicos de abandonar la Uni\u00f3n Europea (UE) y alert\u00f3 del peligro de tomar decisiones apresuradas \u00abque solo seguir\u00edan dividiendo\u00bb a Europa. \u00abLa Uni\u00f3n Europea es lo suficientemente fuerte como para encontrar las respuestas correctas<\/p>\n","protected":false},"author":1,"featured_media":14622,"comment_status":"closed","ping_status":"closed","sticky":false,"template":"","format":"standard","meta":{"footnotes":""},"categories":[343],"tags":[],"class_list":{"0":"post-31222","1":"post","2":"type-post","3":"status-publish","4":"format-standard","5":"has-post-thumbnail","7":"category-actualidad"},"aioseo_notices":[],"aioseo_head":"\n\t\t<!-- All in One SEO Pro 4.9.6.2 - aioseo.com -->\n\t<meta name=\"description\" content=\"Berl\u00edn, 24 jun (dpa) - La canciller alemana, Angela Merkel, llam\u00f3 hoy a mantener la calma tras la decisi\u00f3n de los brit\u00e1nicos de abandonar la Uni\u00f3n Europea (UE) y alert\u00f3 del peligro de tomar decisiones apresuradas &quot;que solo seguir\u00edan dividiendo&quot; a Europa. &quot;La Uni\u00f3n Europea es lo suficientemente fuerte como para encontrar las respuestas correctas\" \/>\n\t<meta name=\"robots\" content=\"max-image-preview:large\" \/>\n\t<meta name=\"author\" content=\"Cand\u00e1s 365\"\/>\n\t<meta name=\"google-site-verification\" content=\"UA-32230408-1\" \/>\n\t<meta name=\"msvalidate.01\" content=\"354F3CDFB2DA171B47FBE9ABF1F88D5\" \/>\n\t<meta name=\"keywords\" content=\"actualidad\" \/>\n\t<link rel=\"canonical\" href=\"https:\/\/candas365.es\/noticias\/merkel-llama-a-la-calma-y-califica-el-brexit-de-punto-de-inflexion\/\" \/>\n\t<meta name=\"generator\" content=\"All in One SEO Pro (AIOSEO) 4.9.6.2\" \/>\n\t\t<meta property=\"og:locale\" content=\"es_ES\" \/>\n\t\t<meta property=\"og:site_name\" content=\"Cand\u00e1s 365\" \/>\n\t\t<meta property=\"og:type\" content=\"article\" \/>\n\t\t<meta property=\"og:title\" content=\"Merkel llama a la calma y califica el Brexit de punto de inflexi\u00f3n | Cand\u00e1s 365\" \/>\n\t\t<meta property=\"og:description\" content=\"Berl\u00edn, 24 jun (dpa) - La canciller alemana, Angela Merkel, llam\u00f3 hoy a mantener la calma tras la decisi\u00f3n de los brit\u00e1nicos de abandonar la Uni\u00f3n Europea (UE) y alert\u00f3 del peligro de tomar decisiones apresuradas &quot;que solo seguir\u00edan dividiendo&quot; a Europa. &quot;La Uni\u00f3n Europea es lo suficientemente fuerte como para encontrar las respuestas correctas\" \/>\n\t\t<meta property=\"og:url\" content=\"https:\/\/candas365.es\/noticias\/merkel-llama-a-la-calma-y-califica-el-brexit-de-punto-de-inflexion\/\" \/>\n\t\t<meta property=\"og:image\" content=\"https:\/\/candas365.es\/noticias\/wp-content\/uploads\/2015\/08\/merkel.jpg\" \/>\n\t\t<meta property=\"og:image:secure_url\" content=\"https:\/\/candas365.es\/noticias\/wp-content\/uploads\/2015\/08\/merkel.jpg\" \/>\n\t\t<meta property=\"og:image:width\" content=\"655\" \/>\n\t\t<meta property=\"og:image:height\" content=\"360\" \/>\n\t\t<meta property=\"article:published_time\" content=\"2016-06-24T23:25:36+00:00\" \/>\n\t\t<meta property=\"article:modified_time\" content=\"2016-06-24T23:25:36+00:00\" \/>\n\t\t<meta property=\"article:publisher\" content=\"https:\/\/www.facebook.com\/Nachofdezber\" \/>\n\t\t<meta property=\"article:author\" content=\"https:\/\/www.facebook.com\/carrenoactualidad\" \/>\n\t\t<meta name=\"twitter:card\" content=\"summary_large_image\" \/>\n\t\t<meta name=\"twitter:site\" content=\"@NabercoDigital\" \/>\n\t\t<meta name=\"twitter:title\" content=\"Merkel llama a la calma y califica el Brexit de punto de inflexi\u00f3n | Cand\u00e1s 365\" \/>\n\t\t<meta name=\"twitter:description\" content=\"Berl\u00edn, 24 jun (dpa) - La canciller alemana, Angela Merkel, llam\u00f3 hoy a mantener la calma tras la decisi\u00f3n de los brit\u00e1nicos de abandonar la Uni\u00f3n Europea (UE) y alert\u00f3 del peligro de tomar decisiones apresuradas &quot;que solo seguir\u00edan dividiendo&quot; a Europa. &quot;La Uni\u00f3n Europea es lo suficientemente fuerte como para encontrar las respuestas correctas\" \/>\n\t\t<meta name=\"twitter:creator\" content=\"@nbasturias\" \/>\n\t\t<meta name=\"twitter:image\" content=\"https:\/\/candas365.es\/noticias\/wp-content\/uploads\/2015\/08\/merkel.jpg\" \/>\n\t\t<meta name=\"twitter:label1\" content=\"Escrito por\" \/>\n\t\t<meta name=\"twitter:data1\" content=\"Cand\u00e1s 365\" \/>\n\t\t<meta name=\"twitter:label2\" content=\"Tiempo de lectura estimado\" \/>\n\t\t<meta name=\"twitter:data2\" content=\"2 minutos\" \/>\n\t\t<script type=\"application\/ld+json\" class=\"aioseo-schema\">\n\t\t\t{\"@context\":\"https:\\\/\\\/schema.org\",\"@graph\":[{\"@type\":\"BreadcrumbList\",\"@id\":\"https:\\\/\\\/candas365.es\\\/noticias\\\/merkel-llama-a-la-calma-y-califica-el-brexit-de-punto-de-inflexion\\\/#breadcrumblist\",\"itemListElement\":[{\"@type\":\"ListItem\",\"@id\":\"https:\\\/\\\/candas365.es\\\/noticias#listItem\",\"position\":1,\"name\":\"Home\",\"item\":\"https:\\\/\\\/candas365.es\\\/noticias\",\"nextItem\":{\"@type\":\"ListItem\",\"@id\":\"https:\\\/\\\/candas365.es\\\/noticias\\\/category\\\/actualidad\\\/#listItem\",\"name\":\"Actualidad\"}},{\"@type\":\"ListItem\",\"@id\":\"https:\\\/\\\/candas365.es\\\/noticias\\\/category\\\/actualidad\\\/#listItem\",\"position\":2,\"name\":\"Actualidad\",\"item\":\"https:\\\/\\\/candas365.es\\\/noticias\\\/category\\\/actualidad\\\/\",\"nextItem\":{\"@type\":\"ListItem\",\"@id\":\"https:\\\/\\\/candas365.es\\\/noticias\\\/merkel-llama-a-la-calma-y-califica-el-brexit-de-punto-de-inflexion\\\/#listItem\",\"name\":\"Merkel llama a la calma y califica el Brexit de punto de inflexi\\u00f3n\"},\"previousItem\":{\"@type\":\"ListItem\",\"@id\":\"https:\\\/\\\/candas365.es\\\/noticias#listItem\",\"name\":\"Home\"}},{\"@type\":\"ListItem\",\"@id\":\"https:\\\/\\\/candas365.es\\\/noticias\\\/merkel-llama-a-la-calma-y-califica-el-brexit-de-punto-de-inflexion\\\/#listItem\",\"position\":3,\"name\":\"Merkel llama a la calma y califica el Brexit de punto de inflexi\\u00f3n\",\"previousItem\":{\"@type\":\"ListItem\",\"@id\":\"https:\\\/\\\/candas365.es\\\/noticias\\\/category\\\/actualidad\\\/#listItem\",\"name\":\"Actualidad\"}}]},{\"@type\":\"NewsArticle\",\"@id\":\"https:\\\/\\\/candas365.es\\\/noticias\\\/merkel-llama-a-la-calma-y-califica-el-brexit-de-punto-de-inflexion\\\/#newsarticle\",\"name\":\"Merkel llama a la calma y califica el Brexit de punto de inflexi\\u00f3n | Cand\\u00e1s 365\",\"headline\":\"Merkel llama a la calma y califica el Brexit de punto de inflexi\\u00f3n\",\"author\":{\"@id\":\"https:\\\/\\\/candas365.es\\\/noticias\\\/author\\\/admin\\\/#author\"},\"publisher\":{\"@id\":\"https:\\\/\\\/candas365.es\\\/noticias\\\/#organization\"},\"image\":{\"@type\":\"ImageObject\",\"url\":\"https:\\\/\\\/candas365.es\\\/noticias\\\/wp-content\\\/uploads\\\/2015\\\/08\\\/merkel.jpg\",\"width\":655,\"height\":360},\"datePublished\":\"2016-06-25T00:55:36+02:00\",\"dateModified\":\"2016-06-25T00:55:36+02:00\",\"inLanguage\":\"es-ES\",\"mainEntityOfPage\":{\"@id\":\"https:\\\/\\\/candas365.es\\\/noticias\\\/merkel-llama-a-la-calma-y-califica-el-brexit-de-punto-de-inflexion\\\/#webpage\"},\"isPartOf\":{\"@id\":\"https:\\\/\\\/candas365.es\\\/noticias\\\/merkel-llama-a-la-calma-y-califica-el-brexit-de-punto-de-inflexion\\\/#webpage\"},\"articleSection\":\"Actualidad\",\"dateline\":\"Publicado el junio 25, 2016.\"},{\"@type\":\"Organization\",\"@id\":\"https:\\\/\\\/candas365.es\\\/noticias\\\/#organization\",\"name\":\"Cand\\u00e1s 365\",\"description\":\"Cand\\u00e1s 365 es un diario digital independiente, fundado en 2012, con base en Asturias. Informamos con rigor sobre actualidad, sociedad, cultura y ocio, con una mirada local y global.\",\"url\":\"https:\\\/\\\/candas365.es\\\/noticias\\\/\",\"email\":\"info@candas365.es\",\"telephone\":\"+34652131393\",\"foundingDate\":\"2012-06-10\",\"logo\":{\"@type\":\"ImageObject\",\"url\":\"https:\\\/\\\/candas365.es\\\/noticias\\\/wp-content\\\/uploads\\\/2024\\\/09\\\/Candas-365-Redes.jpg\",\"@id\":\"https:\\\/\\\/candas365.es\\\/noticias\\\/merkel-llama-a-la-calma-y-califica-el-brexit-de-punto-de-inflexion\\\/#organizationLogo\",\"width\":1152,\"height\":864,\"caption\":\"Cand\\u00e1s 365 Redes\"},\"image\":{\"@id\":\"https:\\\/\\\/candas365.es\\\/noticias\\\/merkel-llama-a-la-calma-y-califica-el-brexit-de-punto-de-inflexion\\\/#organizationLogo\"},\"sameAs\":[\"https:\\\/\\\/www.facebook.com\\\/Nachofdezber\",\"https:\\\/\\\/x.com\\\/NabercoDigital\",\"https:\\\/\\\/www.instagram.com\\\/nachofdezber\\\/\",\"https:\\\/\\\/www.youtube.com\\\/channel\\\/UCZP-2wLEB9Rv6erhFmqVnvg\"],\"address\":{\"@id\":\"https:\\\/\\\/candas365.es\\\/noticias\\\/#postaladdress\",\"@type\":\"PostalAddress\",\"streetAddress\":\"san antonio 4, san antonio 4\",\"postalCode\":\"33430\",\"addressLocality\":\"Cand\\u00e1s\",\"addressRegion\":\"Asturias\",\"addressCountry\":\"ES\"}},{\"@type\":\"Person\",\"@id\":\"https:\\\/\\\/candas365.es\\\/noticias\\\/author\\\/admin\\\/#author\",\"url\":\"https:\\\/\\\/candas365.es\\\/noticias\\\/author\\\/admin\\\/\",\"name\":\"Cand\\u00e1s 365\",\"image\":{\"@type\":\"ImageObject\",\"@id\":\"https:\\\/\\\/candas365.es\\\/noticias\\\/merkel-llama-a-la-calma-y-califica-el-brexit-de-punto-de-inflexion\\\/#authorImage\",\"url\":\"https:\\\/\\\/secure.gravatar.com\\\/avatar\\\/496a8e03d0c493ede1718b7934145dbdf8d89be1036b0eec9544e1094c9de390?s=96&d=mm&r=g\",\"width\":96,\"height\":96,\"caption\":\"Cand\\u00e1s 365\"},\"sameAs\":[\"https:\\\/\\\/www.facebook.com\\\/carrenoactualidad\",\"https:\\\/\\\/twitter.com\\\/nbasturias\",\"https:\\\/\\\/www.instagram.com\\\/nachofdezber\\\/\",\"https:\\\/\\\/www.youtube.com\\\/channel\\\/UCZP-2wLEB9Rv6erhFmqVnvg\"]},{\"@type\":\"WebPage\",\"@id\":\"https:\\\/\\\/candas365.es\\\/noticias\\\/merkel-llama-a-la-calma-y-califica-el-brexit-de-punto-de-inflexion\\\/#webpage\",\"url\":\"https:\\\/\\\/candas365.es\\\/noticias\\\/merkel-llama-a-la-calma-y-califica-el-brexit-de-punto-de-inflexion\\\/\",\"name\":\"Merkel llama a la calma y califica el Brexit de punto de inflexi\\u00f3n | Cand\\u00e1s 365\",\"description\":\"Berl\\u00edn, 24 jun (dpa) - La canciller alemana, Angela Merkel, llam\\u00f3 hoy a mantener la calma tras la decisi\\u00f3n de los brit\\u00e1nicos de abandonar la Uni\\u00f3n Europea (UE) y alert\\u00f3 del peligro de tomar decisiones apresuradas \\\"que solo seguir\\u00edan dividiendo\\\" a Europa. \\\"La Uni\\u00f3n Europea es lo suficientemente fuerte como para encontrar las respuestas correctas\",\"inLanguage\":\"es-ES\",\"isPartOf\":{\"@id\":\"https:\\\/\\\/candas365.es\\\/noticias\\\/#website\"},\"breadcrumb\":{\"@id\":\"https:\\\/\\\/candas365.es\\\/noticias\\\/merkel-llama-a-la-calma-y-califica-el-brexit-de-punto-de-inflexion\\\/#breadcrumblist\"},\"author\":{\"@id\":\"https:\\\/\\\/candas365.es\\\/noticias\\\/author\\\/admin\\\/#author\"},\"creator\":{\"@id\":\"https:\\\/\\\/candas365.es\\\/noticias\\\/author\\\/admin\\\/#author\"},\"image\":{\"@type\":\"ImageObject\",\"url\":\"https:\\\/\\\/candas365.es\\\/noticias\\\/wp-content\\\/uploads\\\/2015\\\/08\\\/merkel.jpg\",\"@id\":\"https:\\\/\\\/candas365.es\\\/noticias\\\/merkel-llama-a-la-calma-y-califica-el-brexit-de-punto-de-inflexion\\\/#mainImage\",\"width\":655,\"height\":360},\"primaryImageOfPage\":{\"@id\":\"https:\\\/\\\/candas365.es\\\/noticias\\\/merkel-llama-a-la-calma-y-califica-el-brexit-de-punto-de-inflexion\\\/#mainImage\"},\"datePublished\":\"2016-06-25T00:55:36+02:00\",\"dateModified\":\"2016-06-25T00:55:36+02:00\"},{\"@type\":\"WebSite\",\"@id\":\"https:\\\/\\\/candas365.es\\\/noticias\\\/#website\",\"url\":\"https:\\\/\\\/candas365.es\\\/noticias\\\/\",\"name\":\"Cand\\u00e1s 365\",\"alternateName\":\"Cand\\u00e1s 365 Noticias\",\"description\":\"Actualidad desde Carre\\u00f1o para el mundo\",\"inLanguage\":\"es-ES\",\"publisher\":{\"@id\":\"https:\\\/\\\/candas365.es\\\/noticias\\\/#organization\"}}]}\n\t\t<\/script>\n\t\t<!-- All in One SEO Pro -->\r\n\t\t<title>Merkel llama a la calma y califica el Brexit de punto de inflexi\u00f3n | Cand\u00e1s 365<\/title>\n\n","aioseo_head_json":{"title":"Merkel llama a la calma y califica el Brexit de punto de inflexi\u00f3n | Cand\u00e1s 365","description":"Berl\u00edn, 24 jun (dpa) - La canciller alemana, Angela Merkel, llam\u00f3 hoy a mantener la calma tras la decisi\u00f3n de los brit\u00e1nicos de abandonar la Uni\u00f3n Europea (UE) y alert\u00f3 del peligro de tomar decisiones apresuradas \"que solo seguir\u00edan dividiendo\" a Europa. \"La Uni\u00f3n Europea es lo suficientemente fuerte como para encontrar las respuestas correctas","canonical_url":"https:\/\/candas365.es\/noticias\/merkel-llama-a-la-calma-y-califica-el-brexit-de-punto-de-inflexion\/","robots":"max-image-preview:large","keywords":"actualidad","webmasterTools":{"google-site-verification":"UA-32230408-1","msvalidate.01":"354F3CDFB2DA171B47FBE9ABF1F88D5","miscellaneous":""},"schema":{"@context":"https:\/\/schema.org","@graph":[{"@type":"BreadcrumbList","@id":"https:\/\/candas365.es\/noticias\/merkel-llama-a-la-calma-y-califica-el-brexit-de-punto-de-inflexion\/#breadcrumblist","itemListElement":[{"@type":"ListItem","@id":"https:\/\/candas365.es\/noticias#listItem","position":1,"name":"Home","item":"https:\/\/candas365.es\/noticias","nextItem":{"@type":"ListItem","@id":"https:\/\/candas365.es\/noticias\/category\/actualidad\/#listItem","name":"Actualidad"}},{"@type":"ListItem","@id":"https:\/\/candas365.es\/noticias\/category\/actualidad\/#listItem","position":2,"name":"Actualidad","item":"https:\/\/candas365.es\/noticias\/category\/actualidad\/","nextItem":{"@type":"ListItem","@id":"https:\/\/candas365.es\/noticias\/merkel-llama-a-la-calma-y-califica-el-brexit-de-punto-de-inflexion\/#listItem","name":"Merkel llama a la calma y califica el Brexit de punto de inflexi\u00f3n"},"previousItem":{"@type":"ListItem","@id":"https:\/\/candas365.es\/noticias#listItem","name":"Home"}},{"@type":"ListItem","@id":"https:\/\/candas365.es\/noticias\/merkel-llama-a-la-calma-y-califica-el-brexit-de-punto-de-inflexion\/#listItem","position":3,"name":"Merkel llama a la calma y califica el Brexit de punto de inflexi\u00f3n","previousItem":{"@type":"ListItem","@id":"https:\/\/candas365.es\/noticias\/category\/actualidad\/#listItem","name":"Actualidad"}}]},{"@type":"NewsArticle","@id":"https:\/\/candas365.es\/noticias\/merkel-llama-a-la-calma-y-califica-el-brexit-de-punto-de-inflexion\/#newsarticle","name":"Merkel llama a la calma y califica el Brexit de punto de inflexi\u00f3n | Cand\u00e1s 365","headline":"Merkel llama a la calma y califica el Brexit de punto de inflexi\u00f3n","author":{"@id":"https:\/\/candas365.es\/noticias\/author\/admin\/#author"},"publisher":{"@id":"https:\/\/candas365.es\/noticias\/#organization"},"image":{"@type":"ImageObject","url":"https:\/\/candas365.es\/noticias\/wp-content\/uploads\/2015\/08\/merkel.jpg","width":655,"height":360},"datePublished":"2016-06-25T00:55:36+02:00","dateModified":"2016-06-25T00:55:36+02:00","inLanguage":"es-ES","mainEntityOfPage":{"@id":"https:\/\/candas365.es\/noticias\/merkel-llama-a-la-calma-y-califica-el-brexit-de-punto-de-inflexion\/#webpage"},"isPartOf":{"@id":"https:\/\/candas365.es\/noticias\/merkel-llama-a-la-calma-y-califica-el-brexit-de-punto-de-inflexion\/#webpage"},"articleSection":"Actualidad","dateline":"Publicado el junio 25, 2016."},{"@type":"Organization","@id":"https:\/\/candas365.es\/noticias\/#organization","name":"Cand\u00e1s 365","description":"Cand\u00e1s 365 es un diario digital independiente, fundado en 2012, con base en Asturias. Informamos con rigor sobre actualidad, sociedad, cultura y ocio, con una mirada local y global.","url":"https:\/\/candas365.es\/noticias\/","email":"info@candas365.es","telephone":"+34652131393","foundingDate":"2012-06-10","logo":{"@type":"ImageObject","url":"https:\/\/candas365.es\/noticias\/wp-content\/uploads\/2024\/09\/Candas-365-Redes.jpg","@id":"https:\/\/candas365.es\/noticias\/merkel-llama-a-la-calma-y-califica-el-brexit-de-punto-de-inflexion\/#organizationLogo","width":1152,"height":864,"caption":"Cand\u00e1s 365 Redes"},"image":{"@id":"https:\/\/candas365.es\/noticias\/merkel-llama-a-la-calma-y-califica-el-brexit-de-punto-de-inflexion\/#organizationLogo"},"sameAs":["https:\/\/www.facebook.com\/Nachofdezber","https:\/\/x.com\/NabercoDigital","https:\/\/www.instagram.com\/nachofdezber\/","https:\/\/www.youtube.com\/channel\/UCZP-2wLEB9Rv6erhFmqVnvg"],"address":{"@id":"https:\/\/candas365.es\/noticias\/#postaladdress","@type":"PostalAddress","streetAddress":"san antonio 4, san antonio 4","postalCode":"33430","addressLocality":"Cand\u00e1s","addressRegion":"Asturias","addressCountry":"ES"}},{"@type":"Person","@id":"https:\/\/candas365.es\/noticias\/author\/admin\/#author","url":"https:\/\/candas365.es\/noticias\/author\/admin\/","name":"Cand\u00e1s 365","image":{"@type":"ImageObject","@id":"https:\/\/candas365.es\/noticias\/merkel-llama-a-la-calma-y-califica-el-brexit-de-punto-de-inflexion\/#authorImage","url":"https:\/\/secure.gravatar.com\/avatar\/496a8e03d0c493ede1718b7934145dbdf8d89be1036b0eec9544e1094c9de390?s=96&d=mm&r=g","width":96,"height":96,"caption":"Cand\u00e1s 365"},"sameAs":["https:\/\/www.facebook.com\/carrenoactualidad","https:\/\/twitter.com\/nbasturias","https:\/\/www.instagram.com\/nachofdezber\/","https:\/\/www.youtube.com\/channel\/UCZP-2wLEB9Rv6erhFmqVnvg"]},{"@type":"WebPage","@id":"https:\/\/candas365.es\/noticias\/merkel-llama-a-la-calma-y-califica-el-brexit-de-punto-de-inflexion\/#webpage","url":"https:\/\/candas365.es\/noticias\/merkel-llama-a-la-calma-y-califica-el-brexit-de-punto-de-inflexion\/","name":"Merkel llama a la calma y califica el Brexit de punto de inflexi\u00f3n | Cand\u00e1s 365","description":"Berl\u00edn, 24 jun (dpa) - La canciller alemana, Angela Merkel, llam\u00f3 hoy a mantener la calma tras la decisi\u00f3n de los brit\u00e1nicos de abandonar la Uni\u00f3n Europea (UE) y alert\u00f3 del peligro de tomar decisiones apresuradas \"que solo seguir\u00edan dividiendo\" a Europa. \"La Uni\u00f3n Europea es lo suficientemente fuerte como para encontrar las respuestas correctas","inLanguage":"es-ES","isPartOf":{"@id":"https:\/\/candas365.es\/noticias\/#website"},"breadcrumb":{"@id":"https:\/\/candas365.es\/noticias\/merkel-llama-a-la-calma-y-califica-el-brexit-de-punto-de-inflexion\/#breadcrumblist"},"author":{"@id":"https:\/\/candas365.es\/noticias\/author\/admin\/#author"},"creator":{"@id":"https:\/\/candas365.es\/noticias\/author\/admin\/#author"},"image":{"@type":"ImageObject","url":"https:\/\/candas365.es\/noticias\/wp-content\/uploads\/2015\/08\/merkel.jpg","@id":"https:\/\/candas365.es\/noticias\/merkel-llama-a-la-calma-y-califica-el-brexit-de-punto-de-inflexion\/#mainImage","width":655,"height":360},"primaryImageOfPage":{"@id":"https:\/\/candas365.es\/noticias\/merkel-llama-a-la-calma-y-califica-el-brexit-de-punto-de-inflexion\/#mainImage"},"datePublished":"2016-06-25T00:55:36+02:00","dateModified":"2016-06-25T00:55:36+02:00"},{"@type":"WebSite","@id":"https:\/\/candas365.es\/noticias\/#website","url":"https:\/\/candas365.es\/noticias\/","name":"Cand\u00e1s 365","alternateName":"Cand\u00e1s 365 Noticias","description":"Actualidad desde Carre\u00f1o para el mundo","inLanguage":"es-ES","publisher":{"@id":"https:\/\/candas365.es\/noticias\/#organization"}}]},"og:locale":"es_ES","og:site_name":"Cand\u00e1s 365","og:type":"article","og:title":"Merkel llama a la calma y califica el Brexit de punto de inflexi\u00f3n | Cand\u00e1s 365","og:description":"Berl\u00edn, 24 jun (dpa) - La canciller alemana, Angela Merkel, llam\u00f3 hoy a mantener la calma tras la decisi\u00f3n de los brit\u00e1nicos de abandonar la Uni\u00f3n Europea (UE) y alert\u00f3 del peligro de tomar decisiones apresuradas &quot;que solo seguir\u00edan dividiendo&quot; a Europa. &quot;La Uni\u00f3n Europea es lo suficientemente fuerte como para encontrar las respuestas correctas","og:url":"https:\/\/candas365.es\/noticias\/merkel-llama-a-la-calma-y-califica-el-brexit-de-punto-de-inflexion\/","og:image":"https:\/\/candas365.es\/noticias\/wp-content\/uploads\/2015\/08\/merkel.jpg","og:image:secure_url":"https:\/\/candas365.es\/noticias\/wp-content\/uploads\/2015\/08\/merkel.jpg","og:image:width":655,"og:image:height":360,"article:published_time":"2016-06-24T23:25:36+00:00","article:modified_time":"2016-06-24T23:25:36+00:00","article:publisher":"https:\/\/www.facebook.com\/Nachofdezber","article:author":"https:\/\/www.facebook.com\/carrenoactualidad","twitter:card":"summary_large_image","twitter:site":"@NabercoDigital","twitter:title":"Merkel llama a la calma y califica el Brexit de punto de inflexi\u00f3n | Cand\u00e1s 365","twitter:description":"Berl\u00edn, 24 jun (dpa) - La canciller alemana, Angela Merkel, llam\u00f3 hoy a mantener la calma tras la decisi\u00f3n de los brit\u00e1nicos de abandonar la Uni\u00f3n Europea (UE) y alert\u00f3 del peligro de tomar decisiones apresuradas &quot;que solo seguir\u00edan dividiendo&quot; a Europa. &quot;La Uni\u00f3n Europea es lo suficientemente fuerte como para encontrar las respuestas correctas","twitter:creator":"@nbasturias","twitter:image":"https:\/\/candas365.es\/noticias\/wp-content\/uploads\/2015\/08\/merkel.jpg","twitter:label1":"Escrito por","twitter:data1":"Cand\u00e1s 365","twitter:label2":"Tiempo de lectura estimado","twitter:data2":"2 minutos"},"aioseo_meta_data":{"post_id":"31222","title":null,"description":null,"keywords":null,"keyphrases":null,"primary_term":null,"canonical_url":null,"og_title":null,"og_description":null,"og_object_type":"default","og_image_type":"default","og_image_url":null,"og_image_width":null,"og_image_height":null,"og_image_custom_url":null,"og_image_custom_fields":null,"og_video":null,"og_custom_url":null,"og_article_section":null,"og_article_tags":null,"twitter_use_og":false,"twitter_card":"default","twitter_image_type":"default","twitter_image_url":null,"twitter_image_custom_url":null,"twitter_image_custom_fields":null,"twitter_title":null,"twitter_description":null,"schema":{"blockGraphs":[],"customGraphs":[],"default":{"data":{"Article":[],"Course":[],"Dataset":[],"FAQPage":[],"Movie":[],"Person":[],"Product":[],"ProductReview":[],"Car":[],"Recipe":[],"Service":[],"SoftwareApplication":[],"WebPage":[]},"graphName":"","isEnabled":true},"graphs":[],"defaultGraph":"","defaultPostTypeGraph":""},"schema_type":null,"schema_type_options":null,"pillar_content":false,"robots_default":true,"robots_noindex":false,"robots_noarchive":false,"robots_nosnippet":false,"robots_nofollow":false,"robots_noimageindex":false,"robots_noodp":false,"robots_notranslate":false,"robots_max_snippet":null,"robots_max_videopreview":null,"robots_max_imagepreview":"large","priority":null,"frequency":null,"location":null,"local_seo":null,"seo_analyzer_scan_date":"2025-08-24 13:35:11","breadcrumb_settings":null,"limit_modified_date":false,"reviewed_by":null,"open_ai":null,"ai":null,"created":"2020-12-21 13:00:37","updated":"2025-08-24 13:35:11"},"aioseo_breadcrumb":"<div class=\"aioseo-breadcrumbs\"><span class=\"aioseo-breadcrumb\">\n\t<a href=\"https:\/\/candas365.es\/noticias\" title=\"Home\">Home<\/a>\n<\/span><span class=\"aioseo-breadcrumb-separator\">&ndash;<\/span><span class=\"aioseo-breadcrumb\">\n\t<a href=\"https:\/\/candas365.es\/noticias\/category\/actualidad\/\" title=\"Actualidad\">Actualidad<\/a>\n<\/span><span class=\"aioseo-breadcrumb-separator\">&ndash;<\/span><span class=\"aioseo-breadcrumb\">\n\tMerkel llama a la calma y califica el Brexit de punto de inflexi\u00f3n\n<\/span><\/div>","aioseo_breadcrumb_json":[{"label":"Home","link":"https:\/\/candas365.es\/noticias"},{"label":"Actualidad","link":"https:\/\/candas365.es\/noticias\/category\/actualidad\/"},{"label":"Merkel llama a la calma y califica el Brexit de punto de inflexi\u00f3n","link":"https:\/\/candas365.es\/noticias\/merkel-llama-a-la-calma-y-califica-el-brexit-de-punto-de-inflexion\/"}],"_links":{"self":[{"href":"https:\/\/candas365.es\/noticias\/wp-json\/wp\/v2\/posts\/31222","targetHints":{"allow":["GET"]}}],"collection":[{"href":"https:\/\/candas365.es\/noticias\/wp-json\/wp\/v2\/posts"}],"about":[{"href":"https:\/\/candas365.es\/noticias\/wp-json\/wp\/v2\/types\/post"}],"author":[{"embeddable":true,"href":"https:\/\/candas365.es\/noticias\/wp-json\/wp\/v2\/users\/1"}],"replies":[{"embeddable":true,"href":"https:\/\/candas365.es\/noticias\/wp-json\/wp\/v2\/comments?post=31222"}],"version-history":[{"count":0,"href":"https:\/\/candas365.es\/noticias\/wp-json\/wp\/v2\/posts\/31222\/revisions"}],"wp:featuredmedia":[{"embeddable":true,"href":"https:\/\/candas365.es\/noticias\/wp-json\/wp\/v2\/media\/14622"}],"wp:attachment":[{"href":"https:\/\/candas365.es\/noticias\/wp-json\/wp\/v2\/media?parent=31222"}],"wp:term":[{"taxonomy":"category","embeddable":true,"href":"https:\/\/candas365.es\/noticias\/wp-json\/wp\/v2\/categories?post=31222"},{"taxonomy":"post_tag","embeddable":true,"href":"https:\/\/candas365.es\/noticias\/wp-json\/wp\/v2\/tags?post=31222"}],"curies":[{"name":"wp","href":"https:\/\/api.w.org\/{rel}","templated":true}]}}