{"id":31218,"date":"2016-06-25T00:54:24","date_gmt":"2016-06-24T23:24:24","guid":{"rendered":"http:\/\/candas365.es\/noticias\/?p=31218"},"modified":"2016-06-25T00:54:24","modified_gmt":"2016-06-24T23:24:24","slug":"el-brexit-un-mazazo-para-la-economia-alemana","status":"publish","type":"post","link":"https:\/\/candas365.es\/noticias\/el-brexit-un-mazazo-para-la-economia-alemana\/","title":{"rendered":"El \u00abBrexit\u00bb, un mazazo para la econom\u00eda alemana"},"content":{"rendered":"<p>Berl\u00edn\/Fr\u00e1ncfort, 24 jun (dpa) &#8211; Representantes de las principales organizaciones econ\u00f3micas de Alemania exigieron hoy claridad a los gobernantes europeos despu\u00e9s de que se confirmase el triunfo del \u00abBrexit\u00bb en el refer\u00e9ndum celebrado este jueves en Reino Unido. <\/p>\n<p>El ambiente era tenso en la principal econom\u00eda europea, que cuenta con grandes inversiones y numerosas empresas radicadas en la isla. <\/p>\n<p>Desde la industria expresaron temores sobre las consecuencias que se puedan derivar de forma inmediata para las compa\u00f1\u00edas germanas que operan en suelo brit\u00e1nico y emplean a casi 400.000 trabajadores. <\/p>\n<p>\u00abEl \u00abBrexit\u00bb es un mazazo para la econom\u00eda alemana\u00bb, dijo este viernes el presidente de la C\u00e1mara Alemana de Comercio e Industria (DIHK), Eric Schweitzer. <\/p>\n<p>En su opini\u00f3n, es previsible que a corto plazo se produzca una nueva devaluaci\u00f3n de la libra y caiga la demanda de productos alemanes en Gran Breta\u00f1a. \u00abEn general, el comercio entre Alemania y Reino Unido se va a complicar\u00bb, pronostic\u00f3. <\/p>\n<p>El sector exportador tampoco ocult\u00f3 su preocupaci\u00f3n por el triunfo de los euroesc\u00e9pticos y, a tenor de los resultados del plebiscito, habl\u00f3 de una cat\u00e1strofe para Reino Unido, Europa y Alemania. <\/p>\n<p>\u00abEs asombroso que la democracia m\u00e1s antigua del mundo nos d\u00e9 la espalda. Los brit\u00e1nicos van a ser los primeros que sufran las consecuencias econ\u00f3micas\u00bb, se\u00f1al\u00f3 Anton B\u00f6rner, presidente de la Federaci\u00f3n de Comercio Exterior BGA. <\/p>\n<p>El pesimismo era compartido tambi\u00e9n por el director general de la Federaci\u00f3n de la Industria Alemana (BDI), Markus Kerber, quien asumi\u00f3 que el \u00abBrexit\u00bb tendr\u00e1 un impacto negativo directo en las relaciones econ\u00f3micas con Reino Unido. <\/p>\n<p>\u00abEsperamos que en los pr\u00f3ximos meses se produzca un claro descenso de los negocios con los brit\u00e1nicos. No se puede contar con nuevas inversiones directas de Alemania en la isla\u00bb, destac\u00f3 Kerber. <\/p>\n<p>En las empresas alemanas radicadas en Reino Unido reinaba la incertidumbre. Las compa\u00f1\u00edas del sector automovil\u00edstico, la energ\u00eda, las telecomunicaciones, la electr\u00f3nica, la metalurgia, el comercio al por menor y las finanzas ser\u00edan las m\u00e1s afectadas por el \u00abBrexit\u00bb. <\/p>\n<p>Tambi\u00e9n el sector bancario tem\u00eda las posibles consecuencias que se deriven en el corto plazo para las entidades germanas que cuentan con negocios en Gran Breta\u00f1a. No obstante, desde el principal banco alem\u00e1n, el Deutsche Bank, aseguraron estar bien preparados para lo que pueda venir. <\/p>\n<p>\u00abEs un mal d\u00eda para Europa y las consecuencias no se pueden prever en su totalidad pero nosotros, que tenemos un gran negocio en Gran Breta\u00f1a, estamos preparados para amortiguar los efectos de una salida\u00bb, aclar\u00f3 el presidente del Deutsche Bank, John Cryan.<\/p>\n<p>Una opini\u00f3n que compartieron tambi\u00e9n en la empresa automovil\u00edstica BMW, que a trav\u00e9s de un comunicado indic\u00f3 que no esperan que sus actividades en la isla se vean afectadas de forma inmediata. <\/p>\n<p>Reino Unido es el tercer mercado m\u00e1s importante para BMW, despu\u00e9s de Estados Unidos y China. De hecho, la empresa vende m\u00e1s del diez por cien de sus autom\u00f3viles en la isla, un total de 236.000 autos el a\u00f1o pasado. Adem\u00e1s, esta compa\u00f1\u00eda fabrica en Reino Unido m\u00e1s de 200.000 Minis y limusinas Rolls-Royce y emplea a 24.000 trabajadores. <\/p>\n<p>Por otra parte, la empresa aeron\u00e1utica Airbus anunci\u00f3 su intenci\u00f3n de revisar sus planes de inversi\u00f3n en la isla tras el \u00abBrexit\u00bb. <\/p>\n<p>\u00abReino Unido se va a centrar ahora en la capacidad competitiva de su econom\u00eda frente a la UE y frente al mundo y, por supuesto, que vamos a reconsiderar nuestras inversiones all\u00ed, como todos\u00bb, afirm\u00f3 hoy el presidente de Airbus, Tom Enders. <\/p>\n<p>Asimismo, indic\u00f3 que espera que los da\u00f1os econ\u00f3micos provocados por la salida de Gran Breta\u00f1a de la UE tengan poco alcance. <\/p>\n","protected":false},"excerpt":{"rendered":"<p>Berl\u00edn\/Fr\u00e1ncfort, 24 jun (dpa) &#8211; Representantes de las principales organizaciones econ\u00f3micas de Alemania exigieron hoy claridad a los gobernantes europeos despu\u00e9s de que se confirmase el triunfo del \u00abBrexit\u00bb en el refer\u00e9ndum celebrado este jueves en Reino Unido. El ambiente era tenso en la principal econom\u00eda europea, que cuenta con grandes inversiones y numerosas empresas<\/p>\n","protected":false},"author":1,"featured_media":14622,"comment_status":"closed","ping_status":"closed","sticky":false,"template":"","format":"standard","meta":{"footnotes":""},"categories":[343],"tags":[],"class_list":{"0":"post-31218","1":"post","2":"type-post","3":"status-publish","4":"format-standard","5":"has-post-thumbnail","7":"category-actualidad"},"aioseo_notices":[],"aioseo_head":"\n\t\t<!-- All in One SEO Pro 4.9.6.2 - aioseo.com -->\n\t<meta name=\"description\" content=\"Berl\u00edn\/Fr\u00e1ncfort, 24 jun (dpa) - Representantes de las principales organizaciones econ\u00f3micas de Alemania exigieron hoy claridad a los gobernantes europeos despu\u00e9s de que se confirmase el triunfo del &quot;Brexit&quot; en el refer\u00e9ndum celebrado este jueves en Reino Unido. El ambiente era tenso en la principal econom\u00eda europea, que cuenta con grandes inversiones y numerosas empresas\" \/>\n\t<meta name=\"robots\" content=\"max-image-preview:large\" \/>\n\t<meta name=\"author\" content=\"Cand\u00e1s 365\"\/>\n\t<meta name=\"google-site-verification\" content=\"UA-32230408-1\" \/>\n\t<meta name=\"msvalidate.01\" content=\"354F3CDFB2DA171B47FBE9ABF1F88D5\" \/>\n\t<meta name=\"keywords\" content=\"actualidad\" \/>\n\t<link rel=\"canonical\" href=\"https:\/\/candas365.es\/noticias\/el-brexit-un-mazazo-para-la-economia-alemana\/\" \/>\n\t<meta name=\"generator\" content=\"All in One SEO Pro (AIOSEO) 4.9.6.2\" \/>\n\t\t<meta property=\"og:locale\" content=\"es_ES\" \/>\n\t\t<meta property=\"og:site_name\" content=\"Cand\u00e1s 365\" \/>\n\t\t<meta property=\"og:type\" content=\"article\" \/>\n\t\t<meta property=\"og:title\" content=\"El \u00abBrexit\u00bb, un mazazo para la econom\u00eda alemana | Cand\u00e1s 365\" \/>\n\t\t<meta property=\"og:description\" content=\"Berl\u00edn\/Fr\u00e1ncfort, 24 jun (dpa) - Representantes de las principales organizaciones econ\u00f3micas de Alemania exigieron hoy claridad a los gobernantes europeos despu\u00e9s de que se confirmase el triunfo del &quot;Brexit&quot; en el refer\u00e9ndum celebrado este jueves en Reino Unido. El ambiente era tenso en la principal econom\u00eda europea, que cuenta con grandes inversiones y numerosas empresas\" \/>\n\t\t<meta property=\"og:url\" content=\"https:\/\/candas365.es\/noticias\/el-brexit-un-mazazo-para-la-economia-alemana\/\" \/>\n\t\t<meta property=\"og:image\" content=\"https:\/\/candas365.es\/noticias\/wp-content\/uploads\/2015\/08\/merkel.jpg\" \/>\n\t\t<meta property=\"og:image:secure_url\" content=\"https:\/\/candas365.es\/noticias\/wp-content\/uploads\/2015\/08\/merkel.jpg\" \/>\n\t\t<meta property=\"og:image:width\" content=\"655\" \/>\n\t\t<meta property=\"og:image:height\" content=\"360\" \/>\n\t\t<meta property=\"article:published_time\" content=\"2016-06-24T23:24:24+00:00\" \/>\n\t\t<meta property=\"article:modified_time\" content=\"2016-06-24T23:24:24+00:00\" \/>\n\t\t<meta property=\"article:publisher\" content=\"https:\/\/www.facebook.com\/Nachofdezber\" \/>\n\t\t<meta property=\"article:author\" content=\"https:\/\/www.facebook.com\/carrenoactualidad\" \/>\n\t\t<meta name=\"twitter:card\" content=\"summary_large_image\" \/>\n\t\t<meta name=\"twitter:site\" content=\"@NabercoDigital\" \/>\n\t\t<meta name=\"twitter:title\" content=\"El \u00abBrexit\u00bb, un mazazo para la econom\u00eda alemana | Cand\u00e1s 365\" \/>\n\t\t<meta name=\"twitter:description\" content=\"Berl\u00edn\/Fr\u00e1ncfort, 24 jun (dpa) - Representantes de las principales organizaciones econ\u00f3micas de Alemania exigieron hoy claridad a los gobernantes europeos despu\u00e9s de que se confirmase el triunfo del &quot;Brexit&quot; en el refer\u00e9ndum celebrado este jueves en Reino Unido. El ambiente era tenso en la principal econom\u00eda europea, que cuenta con grandes inversiones y numerosas empresas\" \/>\n\t\t<meta name=\"twitter:creator\" content=\"@nbasturias\" \/>\n\t\t<meta name=\"twitter:image\" content=\"https:\/\/candas365.es\/noticias\/wp-content\/uploads\/2015\/08\/merkel.jpg\" \/>\n\t\t<meta name=\"twitter:label1\" content=\"Escrito por\" \/>\n\t\t<meta name=\"twitter:data1\" content=\"Cand\u00e1s 365\" \/>\n\t\t<meta name=\"twitter:label2\" content=\"Tiempo de lectura estimado\" \/>\n\t\t<meta name=\"twitter:data2\" content=\"3 minutos\" \/>\n\t\t<script type=\"application\/ld+json\" class=\"aioseo-schema\">\n\t\t\t{\"@context\":\"https:\\\/\\\/schema.org\",\"@graph\":[{\"@type\":\"BreadcrumbList\",\"@id\":\"https:\\\/\\\/candas365.es\\\/noticias\\\/el-brexit-un-mazazo-para-la-economia-alemana\\\/#breadcrumblist\",\"itemListElement\":[{\"@type\":\"ListItem\",\"@id\":\"https:\\\/\\\/candas365.es\\\/noticias#listItem\",\"position\":1,\"name\":\"Home\",\"item\":\"https:\\\/\\\/candas365.es\\\/noticias\",\"nextItem\":{\"@type\":\"ListItem\",\"@id\":\"https:\\\/\\\/candas365.es\\\/noticias\\\/category\\\/actualidad\\\/#listItem\",\"name\":\"Actualidad\"}},{\"@type\":\"ListItem\",\"@id\":\"https:\\\/\\\/candas365.es\\\/noticias\\\/category\\\/actualidad\\\/#listItem\",\"position\":2,\"name\":\"Actualidad\",\"item\":\"https:\\\/\\\/candas365.es\\\/noticias\\\/category\\\/actualidad\\\/\",\"nextItem\":{\"@type\":\"ListItem\",\"@id\":\"https:\\\/\\\/candas365.es\\\/noticias\\\/el-brexit-un-mazazo-para-la-economia-alemana\\\/#listItem\",\"name\":\"El \\u00abBrexit\\u00bb, un mazazo para la econom\\u00eda alemana\"},\"previousItem\":{\"@type\":\"ListItem\",\"@id\":\"https:\\\/\\\/candas365.es\\\/noticias#listItem\",\"name\":\"Home\"}},{\"@type\":\"ListItem\",\"@id\":\"https:\\\/\\\/candas365.es\\\/noticias\\\/el-brexit-un-mazazo-para-la-economia-alemana\\\/#listItem\",\"position\":3,\"name\":\"El \\u00abBrexit\\u00bb, un mazazo para la econom\\u00eda alemana\",\"previousItem\":{\"@type\":\"ListItem\",\"@id\":\"https:\\\/\\\/candas365.es\\\/noticias\\\/category\\\/actualidad\\\/#listItem\",\"name\":\"Actualidad\"}}]},{\"@type\":\"NewsArticle\",\"@id\":\"https:\\\/\\\/candas365.es\\\/noticias\\\/el-brexit-un-mazazo-para-la-economia-alemana\\\/#newsarticle\",\"name\":\"El \\u00abBrexit\\u00bb, un mazazo para la econom\\u00eda alemana | Cand\\u00e1s 365\",\"headline\":\"El \\u00abBrexit\\u00bb, un mazazo para la econom\\u00eda alemana\",\"author\":{\"@id\":\"https:\\\/\\\/candas365.es\\\/noticias\\\/author\\\/admin\\\/#author\"},\"publisher\":{\"@id\":\"https:\\\/\\\/candas365.es\\\/noticias\\\/#organization\"},\"image\":{\"@type\":\"ImageObject\",\"url\":\"https:\\\/\\\/candas365.es\\\/noticias\\\/wp-content\\\/uploads\\\/2015\\\/08\\\/merkel.jpg\",\"width\":655,\"height\":360},\"datePublished\":\"2016-06-25T00:54:24+02:00\",\"dateModified\":\"2016-06-25T00:54:24+02:00\",\"inLanguage\":\"es-ES\",\"mainEntityOfPage\":{\"@id\":\"https:\\\/\\\/candas365.es\\\/noticias\\\/el-brexit-un-mazazo-para-la-economia-alemana\\\/#webpage\"},\"isPartOf\":{\"@id\":\"https:\\\/\\\/candas365.es\\\/noticias\\\/el-brexit-un-mazazo-para-la-economia-alemana\\\/#webpage\"},\"articleSection\":\"Actualidad\",\"dateline\":\"Publicado el junio 25, 2016.\"},{\"@type\":\"Organization\",\"@id\":\"https:\\\/\\\/candas365.es\\\/noticias\\\/#organization\",\"name\":\"Cand\\u00e1s 365\",\"description\":\"Cand\\u00e1s 365 es un diario digital independiente, fundado en 2012, con base en Asturias. Informamos con rigor sobre actualidad, sociedad, cultura y ocio, con una mirada local y global.\",\"url\":\"https:\\\/\\\/candas365.es\\\/noticias\\\/\",\"email\":\"info@candas365.es\",\"telephone\":\"+34652131393\",\"foundingDate\":\"2012-06-10\",\"logo\":{\"@type\":\"ImageObject\",\"url\":\"https:\\\/\\\/candas365.es\\\/noticias\\\/wp-content\\\/uploads\\\/2024\\\/09\\\/Candas-365-Redes.jpg\",\"@id\":\"https:\\\/\\\/candas365.es\\\/noticias\\\/el-brexit-un-mazazo-para-la-economia-alemana\\\/#organizationLogo\",\"width\":1152,\"height\":864,\"caption\":\"Cand\\u00e1s 365 Redes\"},\"image\":{\"@id\":\"https:\\\/\\\/candas365.es\\\/noticias\\\/el-brexit-un-mazazo-para-la-economia-alemana\\\/#organizationLogo\"},\"sameAs\":[\"https:\\\/\\\/www.facebook.com\\\/Nachofdezber\",\"https:\\\/\\\/x.com\\\/NabercoDigital\",\"https:\\\/\\\/www.instagram.com\\\/nachofdezber\\\/\",\"https:\\\/\\\/www.youtube.com\\\/channel\\\/UCZP-2wLEB9Rv6erhFmqVnvg\"],\"address\":{\"@id\":\"https:\\\/\\\/candas365.es\\\/noticias\\\/#postaladdress\",\"@type\":\"PostalAddress\",\"streetAddress\":\"san antonio 4, san antonio 4\",\"postalCode\":\"33430\",\"addressLocality\":\"Cand\\u00e1s\",\"addressRegion\":\"Asturias\",\"addressCountry\":\"ES\"}},{\"@type\":\"Person\",\"@id\":\"https:\\\/\\\/candas365.es\\\/noticias\\\/author\\\/admin\\\/#author\",\"url\":\"https:\\\/\\\/candas365.es\\\/noticias\\\/author\\\/admin\\\/\",\"name\":\"Cand\\u00e1s 365\",\"image\":{\"@type\":\"ImageObject\",\"@id\":\"https:\\\/\\\/candas365.es\\\/noticias\\\/el-brexit-un-mazazo-para-la-economia-alemana\\\/#authorImage\",\"url\":\"https:\\\/\\\/secure.gravatar.com\\\/avatar\\\/496a8e03d0c493ede1718b7934145dbdf8d89be1036b0eec9544e1094c9de390?s=96&d=mm&r=g\",\"width\":96,\"height\":96,\"caption\":\"Cand\\u00e1s 365\"},\"sameAs\":[\"https:\\\/\\\/www.facebook.com\\\/carrenoactualidad\",\"https:\\\/\\\/twitter.com\\\/nbasturias\",\"https:\\\/\\\/www.instagram.com\\\/nachofdezber\\\/\",\"https:\\\/\\\/www.youtube.com\\\/channel\\\/UCZP-2wLEB9Rv6erhFmqVnvg\"]},{\"@type\":\"WebPage\",\"@id\":\"https:\\\/\\\/candas365.es\\\/noticias\\\/el-brexit-un-mazazo-para-la-economia-alemana\\\/#webpage\",\"url\":\"https:\\\/\\\/candas365.es\\\/noticias\\\/el-brexit-un-mazazo-para-la-economia-alemana\\\/\",\"name\":\"El \\u00abBrexit\\u00bb, un mazazo para la econom\\u00eda alemana | Cand\\u00e1s 365\",\"description\":\"Berl\\u00edn\\\/Fr\\u00e1ncfort, 24 jun (dpa) - Representantes de las principales organizaciones econ\\u00f3micas de Alemania exigieron hoy claridad a los gobernantes europeos despu\\u00e9s de que se confirmase el triunfo del \\\"Brexit\\\" en el refer\\u00e9ndum celebrado este jueves en Reino Unido. El ambiente era tenso en la principal econom\\u00eda europea, que cuenta con grandes inversiones y numerosas empresas\",\"inLanguage\":\"es-ES\",\"isPartOf\":{\"@id\":\"https:\\\/\\\/candas365.es\\\/noticias\\\/#website\"},\"breadcrumb\":{\"@id\":\"https:\\\/\\\/candas365.es\\\/noticias\\\/el-brexit-un-mazazo-para-la-economia-alemana\\\/#breadcrumblist\"},\"author\":{\"@id\":\"https:\\\/\\\/candas365.es\\\/noticias\\\/author\\\/admin\\\/#author\"},\"creator\":{\"@id\":\"https:\\\/\\\/candas365.es\\\/noticias\\\/author\\\/admin\\\/#author\"},\"image\":{\"@type\":\"ImageObject\",\"url\":\"https:\\\/\\\/candas365.es\\\/noticias\\\/wp-content\\\/uploads\\\/2015\\\/08\\\/merkel.jpg\",\"@id\":\"https:\\\/\\\/candas365.es\\\/noticias\\\/el-brexit-un-mazazo-para-la-economia-alemana\\\/#mainImage\",\"width\":655,\"height\":360},\"primaryImageOfPage\":{\"@id\":\"https:\\\/\\\/candas365.es\\\/noticias\\\/el-brexit-un-mazazo-para-la-economia-alemana\\\/#mainImage\"},\"datePublished\":\"2016-06-25T00:54:24+02:00\",\"dateModified\":\"2016-06-25T00:54:24+02:00\"},{\"@type\":\"WebSite\",\"@id\":\"https:\\\/\\\/candas365.es\\\/noticias\\\/#website\",\"url\":\"https:\\\/\\\/candas365.es\\\/noticias\\\/\",\"name\":\"Cand\\u00e1s 365\",\"alternateName\":\"Cand\\u00e1s 365 Noticias\",\"description\":\"Actualidad desde Carre\\u00f1o para el mundo\",\"inLanguage\":\"es-ES\",\"publisher\":{\"@id\":\"https:\\\/\\\/candas365.es\\\/noticias\\\/#organization\"}}]}\n\t\t<\/script>\n\t\t<!-- All in One SEO Pro -->\r\n\t\t<title>El \u00abBrexit\u00bb, un mazazo para la econom\u00eda alemana | Cand\u00e1s 365<\/title>\n\n","aioseo_head_json":{"title":"El \u00abBrexit\u00bb, un mazazo para la econom\u00eda alemana | Cand\u00e1s 365","description":"Berl\u00edn\/Fr\u00e1ncfort, 24 jun (dpa) - Representantes de las principales organizaciones econ\u00f3micas de Alemania exigieron hoy claridad a los gobernantes europeos despu\u00e9s de que se confirmase el triunfo del \"Brexit\" en el refer\u00e9ndum celebrado este jueves en Reino Unido. El ambiente era tenso en la principal econom\u00eda europea, que cuenta con grandes inversiones y numerosas empresas","canonical_url":"https:\/\/candas365.es\/noticias\/el-brexit-un-mazazo-para-la-economia-alemana\/","robots":"max-image-preview:large","keywords":"actualidad","webmasterTools":{"google-site-verification":"UA-32230408-1","msvalidate.01":"354F3CDFB2DA171B47FBE9ABF1F88D5","miscellaneous":""},"schema":{"@context":"https:\/\/schema.org","@graph":[{"@type":"BreadcrumbList","@id":"https:\/\/candas365.es\/noticias\/el-brexit-un-mazazo-para-la-economia-alemana\/#breadcrumblist","itemListElement":[{"@type":"ListItem","@id":"https:\/\/candas365.es\/noticias#listItem","position":1,"name":"Home","item":"https:\/\/candas365.es\/noticias","nextItem":{"@type":"ListItem","@id":"https:\/\/candas365.es\/noticias\/category\/actualidad\/#listItem","name":"Actualidad"}},{"@type":"ListItem","@id":"https:\/\/candas365.es\/noticias\/category\/actualidad\/#listItem","position":2,"name":"Actualidad","item":"https:\/\/candas365.es\/noticias\/category\/actualidad\/","nextItem":{"@type":"ListItem","@id":"https:\/\/candas365.es\/noticias\/el-brexit-un-mazazo-para-la-economia-alemana\/#listItem","name":"El \u00abBrexit\u00bb, un mazazo para la econom\u00eda alemana"},"previousItem":{"@type":"ListItem","@id":"https:\/\/candas365.es\/noticias#listItem","name":"Home"}},{"@type":"ListItem","@id":"https:\/\/candas365.es\/noticias\/el-brexit-un-mazazo-para-la-economia-alemana\/#listItem","position":3,"name":"El \u00abBrexit\u00bb, un mazazo para la econom\u00eda alemana","previousItem":{"@type":"ListItem","@id":"https:\/\/candas365.es\/noticias\/category\/actualidad\/#listItem","name":"Actualidad"}}]},{"@type":"NewsArticle","@id":"https:\/\/candas365.es\/noticias\/el-brexit-un-mazazo-para-la-economia-alemana\/#newsarticle","name":"El \u00abBrexit\u00bb, un mazazo para la econom\u00eda alemana | Cand\u00e1s 365","headline":"El \u00abBrexit\u00bb, un mazazo para la econom\u00eda alemana","author":{"@id":"https:\/\/candas365.es\/noticias\/author\/admin\/#author"},"publisher":{"@id":"https:\/\/candas365.es\/noticias\/#organization"},"image":{"@type":"ImageObject","url":"https:\/\/candas365.es\/noticias\/wp-content\/uploads\/2015\/08\/merkel.jpg","width":655,"height":360},"datePublished":"2016-06-25T00:54:24+02:00","dateModified":"2016-06-25T00:54:24+02:00","inLanguage":"es-ES","mainEntityOfPage":{"@id":"https:\/\/candas365.es\/noticias\/el-brexit-un-mazazo-para-la-economia-alemana\/#webpage"},"isPartOf":{"@id":"https:\/\/candas365.es\/noticias\/el-brexit-un-mazazo-para-la-economia-alemana\/#webpage"},"articleSection":"Actualidad","dateline":"Publicado el junio 25, 2016."},{"@type":"Organization","@id":"https:\/\/candas365.es\/noticias\/#organization","name":"Cand\u00e1s 365","description":"Cand\u00e1s 365 es un diario digital independiente, fundado en 2012, con base en Asturias. Informamos con rigor sobre actualidad, sociedad, cultura y ocio, con una mirada local y global.","url":"https:\/\/candas365.es\/noticias\/","email":"info@candas365.es","telephone":"+34652131393","foundingDate":"2012-06-10","logo":{"@type":"ImageObject","url":"https:\/\/candas365.es\/noticias\/wp-content\/uploads\/2024\/09\/Candas-365-Redes.jpg","@id":"https:\/\/candas365.es\/noticias\/el-brexit-un-mazazo-para-la-economia-alemana\/#organizationLogo","width":1152,"height":864,"caption":"Cand\u00e1s 365 Redes"},"image":{"@id":"https:\/\/candas365.es\/noticias\/el-brexit-un-mazazo-para-la-economia-alemana\/#organizationLogo"},"sameAs":["https:\/\/www.facebook.com\/Nachofdezber","https:\/\/x.com\/NabercoDigital","https:\/\/www.instagram.com\/nachofdezber\/","https:\/\/www.youtube.com\/channel\/UCZP-2wLEB9Rv6erhFmqVnvg"],"address":{"@id":"https:\/\/candas365.es\/noticias\/#postaladdress","@type":"PostalAddress","streetAddress":"san antonio 4, san antonio 4","postalCode":"33430","addressLocality":"Cand\u00e1s","addressRegion":"Asturias","addressCountry":"ES"}},{"@type":"Person","@id":"https:\/\/candas365.es\/noticias\/author\/admin\/#author","url":"https:\/\/candas365.es\/noticias\/author\/admin\/","name":"Cand\u00e1s 365","image":{"@type":"ImageObject","@id":"https:\/\/candas365.es\/noticias\/el-brexit-un-mazazo-para-la-economia-alemana\/#authorImage","url":"https:\/\/secure.gravatar.com\/avatar\/496a8e03d0c493ede1718b7934145dbdf8d89be1036b0eec9544e1094c9de390?s=96&d=mm&r=g","width":96,"height":96,"caption":"Cand\u00e1s 365"},"sameAs":["https:\/\/www.facebook.com\/carrenoactualidad","https:\/\/twitter.com\/nbasturias","https:\/\/www.instagram.com\/nachofdezber\/","https:\/\/www.youtube.com\/channel\/UCZP-2wLEB9Rv6erhFmqVnvg"]},{"@type":"WebPage","@id":"https:\/\/candas365.es\/noticias\/el-brexit-un-mazazo-para-la-economia-alemana\/#webpage","url":"https:\/\/candas365.es\/noticias\/el-brexit-un-mazazo-para-la-economia-alemana\/","name":"El \u00abBrexit\u00bb, un mazazo para la econom\u00eda alemana | Cand\u00e1s 365","description":"Berl\u00edn\/Fr\u00e1ncfort, 24 jun (dpa) - Representantes de las principales organizaciones econ\u00f3micas de Alemania exigieron hoy claridad a los gobernantes europeos despu\u00e9s de que se confirmase el triunfo del \"Brexit\" en el refer\u00e9ndum celebrado este jueves en Reino Unido. El ambiente era tenso en la principal econom\u00eda europea, que cuenta con grandes inversiones y numerosas empresas","inLanguage":"es-ES","isPartOf":{"@id":"https:\/\/candas365.es\/noticias\/#website"},"breadcrumb":{"@id":"https:\/\/candas365.es\/noticias\/el-brexit-un-mazazo-para-la-economia-alemana\/#breadcrumblist"},"author":{"@id":"https:\/\/candas365.es\/noticias\/author\/admin\/#author"},"creator":{"@id":"https:\/\/candas365.es\/noticias\/author\/admin\/#author"},"image":{"@type":"ImageObject","url":"https:\/\/candas365.es\/noticias\/wp-content\/uploads\/2015\/08\/merkel.jpg","@id":"https:\/\/candas365.es\/noticias\/el-brexit-un-mazazo-para-la-economia-alemana\/#mainImage","width":655,"height":360},"primaryImageOfPage":{"@id":"https:\/\/candas365.es\/noticias\/el-brexit-un-mazazo-para-la-economia-alemana\/#mainImage"},"datePublished":"2016-06-25T00:54:24+02:00","dateModified":"2016-06-25T00:54:24+02:00"},{"@type":"WebSite","@id":"https:\/\/candas365.es\/noticias\/#website","url":"https:\/\/candas365.es\/noticias\/","name":"Cand\u00e1s 365","alternateName":"Cand\u00e1s 365 Noticias","description":"Actualidad desde Carre\u00f1o para el mundo","inLanguage":"es-ES","publisher":{"@id":"https:\/\/candas365.es\/noticias\/#organization"}}]},"og:locale":"es_ES","og:site_name":"Cand\u00e1s 365","og:type":"article","og:title":"El \u00abBrexit\u00bb, un mazazo para la econom\u00eda alemana | Cand\u00e1s 365","og:description":"Berl\u00edn\/Fr\u00e1ncfort, 24 jun (dpa) - Representantes de las principales organizaciones econ\u00f3micas de Alemania exigieron hoy claridad a los gobernantes europeos despu\u00e9s de que se confirmase el triunfo del &quot;Brexit&quot; en el refer\u00e9ndum celebrado este jueves en Reino Unido. El ambiente era tenso en la principal econom\u00eda europea, que cuenta con grandes inversiones y numerosas empresas","og:url":"https:\/\/candas365.es\/noticias\/el-brexit-un-mazazo-para-la-economia-alemana\/","og:image":"https:\/\/candas365.es\/noticias\/wp-content\/uploads\/2015\/08\/merkel.jpg","og:image:secure_url":"https:\/\/candas365.es\/noticias\/wp-content\/uploads\/2015\/08\/merkel.jpg","og:image:width":655,"og:image:height":360,"article:published_time":"2016-06-24T23:24:24+00:00","article:modified_time":"2016-06-24T23:24:24+00:00","article:publisher":"https:\/\/www.facebook.com\/Nachofdezber","article:author":"https:\/\/www.facebook.com\/carrenoactualidad","twitter:card":"summary_large_image","twitter:site":"@NabercoDigital","twitter:title":"El \u00abBrexit\u00bb, un mazazo para la econom\u00eda alemana | Cand\u00e1s 365","twitter:description":"Berl\u00edn\/Fr\u00e1ncfort, 24 jun (dpa) - Representantes de las principales organizaciones econ\u00f3micas de Alemania exigieron hoy claridad a los gobernantes europeos despu\u00e9s de que se confirmase el triunfo del &quot;Brexit&quot; en el refer\u00e9ndum celebrado este jueves en Reino Unido. El ambiente era tenso en la principal econom\u00eda europea, que cuenta con grandes inversiones y numerosas empresas","twitter:creator":"@nbasturias","twitter:image":"https:\/\/candas365.es\/noticias\/wp-content\/uploads\/2015\/08\/merkel.jpg","twitter:label1":"Escrito por","twitter:data1":"Cand\u00e1s 365","twitter:label2":"Tiempo de lectura estimado","twitter:data2":"3 minutos"},"aioseo_meta_data":{"post_id":"31218","title":null,"description":null,"keywords":null,"keyphrases":null,"primary_term":null,"canonical_url":null,"og_title":null,"og_description":null,"og_object_type":"default","og_image_type":"default","og_image_url":null,"og_image_width":null,"og_image_height":null,"og_image_custom_url":null,"og_image_custom_fields":null,"og_video":null,"og_custom_url":null,"og_article_section":null,"og_article_tags":null,"twitter_use_og":false,"twitter_card":"default","twitter_image_type":"default","twitter_image_url":null,"twitter_image_custom_url":null,"twitter_image_custom_fields":null,"twitter_title":null,"twitter_description":null,"schema":{"blockGraphs":[],"customGraphs":[],"default":{"data":{"Article":[],"Course":[],"Dataset":[],"FAQPage":[],"Movie":[],"Person":[],"Product":[],"ProductReview":[],"Car":[],"Recipe":[],"Service":[],"SoftwareApplication":[],"WebPage":[]},"graphName":"","isEnabled":true},"graphs":[],"defaultGraph":"","defaultPostTypeGraph":""},"schema_type":null,"schema_type_options":null,"pillar_content":false,"robots_default":true,"robots_noindex":false,"robots_noarchive":false,"robots_nosnippet":false,"robots_nofollow":false,"robots_noimageindex":false,"robots_noodp":false,"robots_notranslate":false,"robots_max_snippet":null,"robots_max_videopreview":null,"robots_max_imagepreview":"large","priority":null,"frequency":null,"location":null,"local_seo":null,"seo_analyzer_scan_date":"2025-08-24 13:34:20","breadcrumb_settings":null,"limit_modified_date":false,"reviewed_by":null,"open_ai":null,"ai":null,"created":"2020-12-21 13:00:37","updated":"2025-08-24 13:34:20"},"aioseo_breadcrumb":"<div class=\"aioseo-breadcrumbs\"><span class=\"aioseo-breadcrumb\">\n\t<a href=\"https:\/\/candas365.es\/noticias\" title=\"Home\">Home<\/a>\n<\/span><span class=\"aioseo-breadcrumb-separator\">&ndash;<\/span><span class=\"aioseo-breadcrumb\">\n\t<a href=\"https:\/\/candas365.es\/noticias\/category\/actualidad\/\" title=\"Actualidad\">Actualidad<\/a>\n<\/span><span class=\"aioseo-breadcrumb-separator\">&ndash;<\/span><span class=\"aioseo-breadcrumb\">\n\tEl \u00abBrexit\u00bb, un mazazo para la econom\u00eda alemana\n<\/span><\/div>","aioseo_breadcrumb_json":[{"label":"Home","link":"https:\/\/candas365.es\/noticias"},{"label":"Actualidad","link":"https:\/\/candas365.es\/noticias\/category\/actualidad\/"},{"label":"El \u00abBrexit\u00bb, un mazazo para la econom\u00eda alemana","link":"https:\/\/candas365.es\/noticias\/el-brexit-un-mazazo-para-la-economia-alemana\/"}],"_links":{"self":[{"href":"https:\/\/candas365.es\/noticias\/wp-json\/wp\/v2\/posts\/31218","targetHints":{"allow":["GET"]}}],"collection":[{"href":"https:\/\/candas365.es\/noticias\/wp-json\/wp\/v2\/posts"}],"about":[{"href":"https:\/\/candas365.es\/noticias\/wp-json\/wp\/v2\/types\/post"}],"author":[{"embeddable":true,"href":"https:\/\/candas365.es\/noticias\/wp-json\/wp\/v2\/users\/1"}],"replies":[{"embeddable":true,"href":"https:\/\/candas365.es\/noticias\/wp-json\/wp\/v2\/comments?post=31218"}],"version-history":[{"count":0,"href":"https:\/\/candas365.es\/noticias\/wp-json\/wp\/v2\/posts\/31218\/revisions"}],"wp:featuredmedia":[{"embeddable":true,"href":"https:\/\/candas365.es\/noticias\/wp-json\/wp\/v2\/media\/14622"}],"wp:attachment":[{"href":"https:\/\/candas365.es\/noticias\/wp-json\/wp\/v2\/media?parent=31218"}],"wp:term":[{"taxonomy":"category","embeddable":true,"href":"https:\/\/candas365.es\/noticias\/wp-json\/wp\/v2\/categories?post=31218"},{"taxonomy":"post_tag","embeddable":true,"href":"https:\/\/candas365.es\/noticias\/wp-json\/wp\/v2\/tags?post=31218"}],"curies":[{"name":"wp","href":"https:\/\/api.w.org\/{rel}","templated":true}]}}