{"id":31216,"date":"2016-06-25T00:53:45","date_gmt":"2016-06-24T23:23:45","guid":{"rendered":"http:\/\/candas365.es\/noticias\/?p=31216"},"modified":"2016-06-25T00:53:45","modified_gmt":"2016-06-24T23:23:45","slug":"chile-declara-patrimonio-nacional-archivos-de-la-colonia-dignidad","status":"publish","type":"post","link":"https:\/\/candas365.es\/noticias\/chile-declara-patrimonio-nacional-archivos-de-la-colonia-dignidad\/","title":{"rendered":"Chile declara Patrimonio Nacional archivos de la Colonia Dignidad"},"content":{"rendered":"<p>Santiago de Chile, 24 jun (dpa) &#8211; Chile declar\u00f3 Patrimonio Nacional los archivos incautados en la \u00abColonia Dignidad\u00bb, un asentamiento habitado por alemanes en el sur del pa\u00eds que fue escenario de torturas, abusos de ni\u00f1os y sirvi\u00f3 de campo de concentraci\u00f3n durante la dictadura de Augusto Pinochet (1973-1990).<\/p>\n<p>Los archivos confiscados entre 2000 y 2005 son los primeros \u00abde la represi\u00f3n en ser declarado Monumento Nacional\u00bb por el Consejo de Monumentos Chile, se\u00f1al\u00f3 el jueves un comunicado de la Asociaci\u00f3n por la Memoria y los Derechos Humanos Colonia Dignidad.<\/p>\n<p>Los documentos dan cuenta \u00abdel trabajo de espionaje e inteligencia efectuado por la Colonia Dignidad desde su asentamiento en Chile en 1961 hasta entrada la d\u00e9cada de los noventa, incluyendo el per\u00edodo de la dictadura\u00bb de Pinochet, agreg\u00f3 la nota.<\/p>\n<p>Los archivos son de car\u00e1cter administrativo, pero tambi\u00e9n son documentos \u00abderivados del espionaje\u00bb que la Colonia realizaba a todo tipo de personas, \u00abincluidas aquellas perseguidas por la dictadura y que, en varios casos, estuvieron secuestradas en el lugar\u00bb o que \u00abdesaparecieron\u00bb desde all\u00ed.<\/p>\n<p>En sus contenidos se aprecian \u00abinterrogatorios bajo tortura, seguimiento a personas, historias de vida, informaci\u00f3n recogida por el aparato de inteligencia de Colonia Dignidad, adem\u00e1s de la planificaci\u00f3n de acciones represivas\u00bb, se\u00f1ala la Asociaci\u00f3n.<\/p>\n<p>Colonia Dignidad comenz\u00f3 a funcionar en los &#8217;60 en las cercan\u00edas de la localidad de Parral, a unos 350 kil\u00f3metros al sur de Santiago de Chile, como una comunidad cerrada de inmigrantes alemanes fundada por Paul Sch\u00e4fer, ex enfermero del Ej\u00e9rcito alem\u00e1n que particip\u00f3 en la Segunda Guerra Mundial.<\/p>\n<p>Sch\u00e4fer fue detenido en 2006 y condenado a 20 a\u00f1os de prisi\u00f3n. Muri\u00f3 en la c\u00e1rcel a los 88 a\u00f1os en 2010.<\/p>\n<p>En abril pasado, el ministro del Exterior de Alemania, Frank-Walter Steinmeier, anunci\u00f3 la desclasificaci\u00f3n anticipada de los archivos oficiales que tiene el Gobierno, en un acto celebrado en Berl\u00edn con v\u00edctimas del cuestionado asentamiento.<\/p>\n","protected":false},"excerpt":{"rendered":"<p>Santiago de Chile, 24 jun (dpa) &#8211; Chile declar\u00f3 Patrimonio Nacional los archivos incautados en la \u00abColonia Dignidad\u00bb, un asentamiento habitado por alemanes en el sur del pa\u00eds que fue escenario de torturas, abusos de ni\u00f1os y sirvi\u00f3 de campo de concentraci\u00f3n durante la dictadura de Augusto Pinochet (1973-1990). Los archivos confiscados entre 2000 y<\/p>\n","protected":false},"author":1,"featured_media":16457,"comment_status":"closed","ping_status":"closed","sticky":false,"template":"","format":"standard","meta":{"footnotes":""},"categories":[343],"tags":[],"class_list":{"0":"post-31216","1":"post","2":"type-post","3":"status-publish","4":"format-standard","5":"has-post-thumbnail","7":"category-actualidad"},"aioseo_notices":[],"aioseo_head":"\n\t\t<!-- All in One SEO Pro 4.9.6.2 - aioseo.com -->\n\t<meta name=\"description\" content=\"Santiago de Chile, 24 jun (dpa) - Chile declar\u00f3 Patrimonio Nacional los archivos incautados en la &quot;Colonia Dignidad&quot;, un asentamiento habitado por alemanes en el sur del pa\u00eds que fue escenario de torturas, abusos de ni\u00f1os y sirvi\u00f3 de campo de concentraci\u00f3n durante la dictadura de Augusto Pinochet (1973-1990). Los archivos confiscados entre 2000 y\" \/>\n\t<meta name=\"robots\" content=\"max-image-preview:large\" \/>\n\t<meta name=\"author\" content=\"Cand\u00e1s 365\"\/>\n\t<meta name=\"google-site-verification\" content=\"UA-32230408-1\" \/>\n\t<meta name=\"msvalidate.01\" content=\"354F3CDFB2DA171B47FBE9ABF1F88D5\" \/>\n\t<meta name=\"keywords\" content=\"actualidad\" \/>\n\t<link rel=\"canonical\" href=\"https:\/\/candas365.es\/noticias\/chile-declara-patrimonio-nacional-archivos-de-la-colonia-dignidad\/\" \/>\n\t<meta name=\"generator\" content=\"All in One SEO Pro (AIOSEO) 4.9.6.2\" \/>\n\t\t<meta property=\"og:locale\" content=\"es_ES\" \/>\n\t\t<meta property=\"og:site_name\" content=\"Cand\u00e1s 365\" \/>\n\t\t<meta property=\"og:type\" content=\"article\" \/>\n\t\t<meta property=\"og:title\" content=\"Chile declara Patrimonio Nacional archivos de la Colonia Dignidad | Cand\u00e1s 365\" \/>\n\t\t<meta property=\"og:description\" content=\"Santiago de Chile, 24 jun (dpa) - Chile declar\u00f3 Patrimonio Nacional los archivos incautados en la &quot;Colonia Dignidad&quot;, un asentamiento habitado por alemanes en el sur del pa\u00eds que fue escenario de torturas, abusos de ni\u00f1os y sirvi\u00f3 de campo de concentraci\u00f3n durante la dictadura de Augusto Pinochet (1973-1990). Los archivos confiscados entre 2000 y\" \/>\n\t\t<meta property=\"og:url\" content=\"https:\/\/candas365.es\/noticias\/chile-declara-patrimonio-nacional-archivos-de-la-colonia-dignidad\/\" \/>\n\t\t<meta property=\"og:image\" content=\"https:\/\/candas365.es\/noticias\/wp-content\/uploads\/2015\/09\/c365noticias.jpg\" \/>\n\t\t<meta property=\"og:image:secure_url\" content=\"https:\/\/candas365.es\/noticias\/wp-content\/uploads\/2015\/09\/c365noticias.jpg\" \/>\n\t\t<meta property=\"og:image:width\" content=\"655\" \/>\n\t\t<meta property=\"og:image:height\" content=\"360\" \/>\n\t\t<meta property=\"article:published_time\" content=\"2016-06-24T23:23:45+00:00\" \/>\n\t\t<meta property=\"article:modified_time\" content=\"2016-06-24T23:23:45+00:00\" \/>\n\t\t<meta property=\"article:publisher\" content=\"https:\/\/www.facebook.com\/Nachofdezber\" \/>\n\t\t<meta property=\"article:author\" content=\"https:\/\/www.facebook.com\/carrenoactualidad\" \/>\n\t\t<meta name=\"twitter:card\" content=\"summary_large_image\" \/>\n\t\t<meta name=\"twitter:site\" content=\"@NabercoDigital\" \/>\n\t\t<meta name=\"twitter:title\" content=\"Chile declara Patrimonio Nacional archivos de la Colonia Dignidad | Cand\u00e1s 365\" \/>\n\t\t<meta name=\"twitter:description\" content=\"Santiago de Chile, 24 jun (dpa) - Chile declar\u00f3 Patrimonio Nacional los archivos incautados en la &quot;Colonia Dignidad&quot;, un asentamiento habitado por alemanes en el sur del pa\u00eds que fue escenario de torturas, abusos de ni\u00f1os y sirvi\u00f3 de campo de concentraci\u00f3n durante la dictadura de Augusto Pinochet (1973-1990). Los archivos confiscados entre 2000 y\" \/>\n\t\t<meta name=\"twitter:creator\" content=\"@nbasturias\" \/>\n\t\t<meta name=\"twitter:image\" content=\"https:\/\/candas365.es\/noticias\/wp-content\/uploads\/2015\/09\/c365noticias.jpg\" \/>\n\t\t<meta name=\"twitter:label1\" content=\"Escrito por\" \/>\n\t\t<meta name=\"twitter:data1\" content=\"Cand\u00e1s 365\" \/>\n\t\t<meta name=\"twitter:label2\" content=\"Tiempo de lectura estimado\" \/>\n\t\t<meta name=\"twitter:data2\" content=\"2 minutos\" \/>\n\t\t<script type=\"application\/ld+json\" class=\"aioseo-schema\">\n\t\t\t{\"@context\":\"https:\\\/\\\/schema.org\",\"@graph\":[{\"@type\":\"BreadcrumbList\",\"@id\":\"https:\\\/\\\/candas365.es\\\/noticias\\\/chile-declara-patrimonio-nacional-archivos-de-la-colonia-dignidad\\\/#breadcrumblist\",\"itemListElement\":[{\"@type\":\"ListItem\",\"@id\":\"https:\\\/\\\/candas365.es\\\/noticias#listItem\",\"position\":1,\"name\":\"Home\",\"item\":\"https:\\\/\\\/candas365.es\\\/noticias\",\"nextItem\":{\"@type\":\"ListItem\",\"@id\":\"https:\\\/\\\/candas365.es\\\/noticias\\\/category\\\/actualidad\\\/#listItem\",\"name\":\"Actualidad\"}},{\"@type\":\"ListItem\",\"@id\":\"https:\\\/\\\/candas365.es\\\/noticias\\\/category\\\/actualidad\\\/#listItem\",\"position\":2,\"name\":\"Actualidad\",\"item\":\"https:\\\/\\\/candas365.es\\\/noticias\\\/category\\\/actualidad\\\/\",\"nextItem\":{\"@type\":\"ListItem\",\"@id\":\"https:\\\/\\\/candas365.es\\\/noticias\\\/chile-declara-patrimonio-nacional-archivos-de-la-colonia-dignidad\\\/#listItem\",\"name\":\"Chile declara Patrimonio Nacional archivos de la Colonia Dignidad\"},\"previousItem\":{\"@type\":\"ListItem\",\"@id\":\"https:\\\/\\\/candas365.es\\\/noticias#listItem\",\"name\":\"Home\"}},{\"@type\":\"ListItem\",\"@id\":\"https:\\\/\\\/candas365.es\\\/noticias\\\/chile-declara-patrimonio-nacional-archivos-de-la-colonia-dignidad\\\/#listItem\",\"position\":3,\"name\":\"Chile declara Patrimonio Nacional archivos de la Colonia Dignidad\",\"previousItem\":{\"@type\":\"ListItem\",\"@id\":\"https:\\\/\\\/candas365.es\\\/noticias\\\/category\\\/actualidad\\\/#listItem\",\"name\":\"Actualidad\"}}]},{\"@type\":\"NewsArticle\",\"@id\":\"https:\\\/\\\/candas365.es\\\/noticias\\\/chile-declara-patrimonio-nacional-archivos-de-la-colonia-dignidad\\\/#newsarticle\",\"name\":\"Chile declara Patrimonio Nacional archivos de la Colonia Dignidad | Cand\\u00e1s 365\",\"headline\":\"Chile declara Patrimonio Nacional archivos de la Colonia Dignidad\",\"author\":{\"@id\":\"https:\\\/\\\/candas365.es\\\/noticias\\\/author\\\/admin\\\/#author\"},\"publisher\":{\"@id\":\"https:\\\/\\\/candas365.es\\\/noticias\\\/#organization\"},\"image\":{\"@type\":\"ImageObject\",\"url\":\"https:\\\/\\\/candas365.es\\\/noticias\\\/wp-content\\\/uploads\\\/2015\\\/09\\\/c365noticias.jpg\",\"width\":655,\"height\":360},\"datePublished\":\"2016-06-25T00:53:45+02:00\",\"dateModified\":\"2016-06-25T00:53:45+02:00\",\"inLanguage\":\"es-ES\",\"mainEntityOfPage\":{\"@id\":\"https:\\\/\\\/candas365.es\\\/noticias\\\/chile-declara-patrimonio-nacional-archivos-de-la-colonia-dignidad\\\/#webpage\"},\"isPartOf\":{\"@id\":\"https:\\\/\\\/candas365.es\\\/noticias\\\/chile-declara-patrimonio-nacional-archivos-de-la-colonia-dignidad\\\/#webpage\"},\"articleSection\":\"Actualidad\",\"dateline\":\"Publicado el junio 25, 2016.\"},{\"@type\":\"Organization\",\"@id\":\"https:\\\/\\\/candas365.es\\\/noticias\\\/#organization\",\"name\":\"Cand\\u00e1s 365\",\"description\":\"Cand\\u00e1s 365 es un diario digital independiente, fundado en 2012, con base en Asturias. Informamos con rigor sobre actualidad, sociedad, cultura y ocio, con una mirada local y global.\",\"url\":\"https:\\\/\\\/candas365.es\\\/noticias\\\/\",\"email\":\"info@candas365.es\",\"telephone\":\"+34652131393\",\"foundingDate\":\"2012-06-10\",\"logo\":{\"@type\":\"ImageObject\",\"url\":\"https:\\\/\\\/candas365.es\\\/noticias\\\/wp-content\\\/uploads\\\/2024\\\/09\\\/Candas-365-Redes.jpg\",\"@id\":\"https:\\\/\\\/candas365.es\\\/noticias\\\/chile-declara-patrimonio-nacional-archivos-de-la-colonia-dignidad\\\/#organizationLogo\",\"width\":1152,\"height\":864,\"caption\":\"Cand\\u00e1s 365 Redes\"},\"image\":{\"@id\":\"https:\\\/\\\/candas365.es\\\/noticias\\\/chile-declara-patrimonio-nacional-archivos-de-la-colonia-dignidad\\\/#organizationLogo\"},\"sameAs\":[\"https:\\\/\\\/www.facebook.com\\\/Nachofdezber\",\"https:\\\/\\\/x.com\\\/NabercoDigital\",\"https:\\\/\\\/www.instagram.com\\\/nachofdezber\\\/\",\"https:\\\/\\\/www.youtube.com\\\/channel\\\/UCZP-2wLEB9Rv6erhFmqVnvg\"],\"address\":{\"@id\":\"https:\\\/\\\/candas365.es\\\/noticias\\\/#postaladdress\",\"@type\":\"PostalAddress\",\"streetAddress\":\"san antonio 4, san antonio 4\",\"postalCode\":\"33430\",\"addressLocality\":\"Cand\\u00e1s\",\"addressRegion\":\"Asturias\",\"addressCountry\":\"ES\"}},{\"@type\":\"Person\",\"@id\":\"https:\\\/\\\/candas365.es\\\/noticias\\\/author\\\/admin\\\/#author\",\"url\":\"https:\\\/\\\/candas365.es\\\/noticias\\\/author\\\/admin\\\/\",\"name\":\"Cand\\u00e1s 365\",\"image\":{\"@type\":\"ImageObject\",\"@id\":\"https:\\\/\\\/candas365.es\\\/noticias\\\/chile-declara-patrimonio-nacional-archivos-de-la-colonia-dignidad\\\/#authorImage\",\"url\":\"https:\\\/\\\/secure.gravatar.com\\\/avatar\\\/496a8e03d0c493ede1718b7934145dbdf8d89be1036b0eec9544e1094c9de390?s=96&d=mm&r=g\",\"width\":96,\"height\":96,\"caption\":\"Cand\\u00e1s 365\"},\"sameAs\":[\"https:\\\/\\\/www.facebook.com\\\/carrenoactualidad\",\"https:\\\/\\\/twitter.com\\\/nbasturias\",\"https:\\\/\\\/www.instagram.com\\\/nachofdezber\\\/\",\"https:\\\/\\\/www.youtube.com\\\/channel\\\/UCZP-2wLEB9Rv6erhFmqVnvg\"]},{\"@type\":\"WebPage\",\"@id\":\"https:\\\/\\\/candas365.es\\\/noticias\\\/chile-declara-patrimonio-nacional-archivos-de-la-colonia-dignidad\\\/#webpage\",\"url\":\"https:\\\/\\\/candas365.es\\\/noticias\\\/chile-declara-patrimonio-nacional-archivos-de-la-colonia-dignidad\\\/\",\"name\":\"Chile declara Patrimonio Nacional archivos de la Colonia Dignidad | Cand\\u00e1s 365\",\"description\":\"Santiago de Chile, 24 jun (dpa) - Chile declar\\u00f3 Patrimonio Nacional los archivos incautados en la \\\"Colonia Dignidad\\\", un asentamiento habitado por alemanes en el sur del pa\\u00eds que fue escenario de torturas, abusos de ni\\u00f1os y sirvi\\u00f3 de campo de concentraci\\u00f3n durante la dictadura de Augusto Pinochet (1973-1990). Los archivos confiscados entre 2000 y\",\"inLanguage\":\"es-ES\",\"isPartOf\":{\"@id\":\"https:\\\/\\\/candas365.es\\\/noticias\\\/#website\"},\"breadcrumb\":{\"@id\":\"https:\\\/\\\/candas365.es\\\/noticias\\\/chile-declara-patrimonio-nacional-archivos-de-la-colonia-dignidad\\\/#breadcrumblist\"},\"author\":{\"@id\":\"https:\\\/\\\/candas365.es\\\/noticias\\\/author\\\/admin\\\/#author\"},\"creator\":{\"@id\":\"https:\\\/\\\/candas365.es\\\/noticias\\\/author\\\/admin\\\/#author\"},\"image\":{\"@type\":\"ImageObject\",\"url\":\"https:\\\/\\\/candas365.es\\\/noticias\\\/wp-content\\\/uploads\\\/2015\\\/09\\\/c365noticias.jpg\",\"@id\":\"https:\\\/\\\/candas365.es\\\/noticias\\\/chile-declara-patrimonio-nacional-archivos-de-la-colonia-dignidad\\\/#mainImage\",\"width\":655,\"height\":360},\"primaryImageOfPage\":{\"@id\":\"https:\\\/\\\/candas365.es\\\/noticias\\\/chile-declara-patrimonio-nacional-archivos-de-la-colonia-dignidad\\\/#mainImage\"},\"datePublished\":\"2016-06-25T00:53:45+02:00\",\"dateModified\":\"2016-06-25T00:53:45+02:00\"},{\"@type\":\"WebSite\",\"@id\":\"https:\\\/\\\/candas365.es\\\/noticias\\\/#website\",\"url\":\"https:\\\/\\\/candas365.es\\\/noticias\\\/\",\"name\":\"Cand\\u00e1s 365\",\"alternateName\":\"Cand\\u00e1s 365 Noticias\",\"description\":\"Actualidad desde Carre\\u00f1o para el mundo\",\"inLanguage\":\"es-ES\",\"publisher\":{\"@id\":\"https:\\\/\\\/candas365.es\\\/noticias\\\/#organization\"}}]}\n\t\t<\/script>\n\t\t<!-- All in One SEO Pro -->\r\n\t\t<title>Chile declara Patrimonio Nacional archivos de la Colonia Dignidad | Cand\u00e1s 365<\/title>\n\n","aioseo_head_json":{"title":"Chile declara Patrimonio Nacional archivos de la Colonia Dignidad | Cand\u00e1s 365","description":"Santiago de Chile, 24 jun (dpa) - Chile declar\u00f3 Patrimonio Nacional los archivos incautados en la \"Colonia Dignidad\", un asentamiento habitado por alemanes en el sur del pa\u00eds que fue escenario de torturas, abusos de ni\u00f1os y sirvi\u00f3 de campo de concentraci\u00f3n durante la dictadura de Augusto Pinochet (1973-1990). Los archivos confiscados entre 2000 y","canonical_url":"https:\/\/candas365.es\/noticias\/chile-declara-patrimonio-nacional-archivos-de-la-colonia-dignidad\/","robots":"max-image-preview:large","keywords":"actualidad","webmasterTools":{"google-site-verification":"UA-32230408-1","msvalidate.01":"354F3CDFB2DA171B47FBE9ABF1F88D5","miscellaneous":""},"schema":{"@context":"https:\/\/schema.org","@graph":[{"@type":"BreadcrumbList","@id":"https:\/\/candas365.es\/noticias\/chile-declara-patrimonio-nacional-archivos-de-la-colonia-dignidad\/#breadcrumblist","itemListElement":[{"@type":"ListItem","@id":"https:\/\/candas365.es\/noticias#listItem","position":1,"name":"Home","item":"https:\/\/candas365.es\/noticias","nextItem":{"@type":"ListItem","@id":"https:\/\/candas365.es\/noticias\/category\/actualidad\/#listItem","name":"Actualidad"}},{"@type":"ListItem","@id":"https:\/\/candas365.es\/noticias\/category\/actualidad\/#listItem","position":2,"name":"Actualidad","item":"https:\/\/candas365.es\/noticias\/category\/actualidad\/","nextItem":{"@type":"ListItem","@id":"https:\/\/candas365.es\/noticias\/chile-declara-patrimonio-nacional-archivos-de-la-colonia-dignidad\/#listItem","name":"Chile declara Patrimonio Nacional archivos de la Colonia Dignidad"},"previousItem":{"@type":"ListItem","@id":"https:\/\/candas365.es\/noticias#listItem","name":"Home"}},{"@type":"ListItem","@id":"https:\/\/candas365.es\/noticias\/chile-declara-patrimonio-nacional-archivos-de-la-colonia-dignidad\/#listItem","position":3,"name":"Chile declara Patrimonio Nacional archivos de la Colonia Dignidad","previousItem":{"@type":"ListItem","@id":"https:\/\/candas365.es\/noticias\/category\/actualidad\/#listItem","name":"Actualidad"}}]},{"@type":"NewsArticle","@id":"https:\/\/candas365.es\/noticias\/chile-declara-patrimonio-nacional-archivos-de-la-colonia-dignidad\/#newsarticle","name":"Chile declara Patrimonio Nacional archivos de la Colonia Dignidad | Cand\u00e1s 365","headline":"Chile declara Patrimonio Nacional archivos de la Colonia Dignidad","author":{"@id":"https:\/\/candas365.es\/noticias\/author\/admin\/#author"},"publisher":{"@id":"https:\/\/candas365.es\/noticias\/#organization"},"image":{"@type":"ImageObject","url":"https:\/\/candas365.es\/noticias\/wp-content\/uploads\/2015\/09\/c365noticias.jpg","width":655,"height":360},"datePublished":"2016-06-25T00:53:45+02:00","dateModified":"2016-06-25T00:53:45+02:00","inLanguage":"es-ES","mainEntityOfPage":{"@id":"https:\/\/candas365.es\/noticias\/chile-declara-patrimonio-nacional-archivos-de-la-colonia-dignidad\/#webpage"},"isPartOf":{"@id":"https:\/\/candas365.es\/noticias\/chile-declara-patrimonio-nacional-archivos-de-la-colonia-dignidad\/#webpage"},"articleSection":"Actualidad","dateline":"Publicado el junio 25, 2016."},{"@type":"Organization","@id":"https:\/\/candas365.es\/noticias\/#organization","name":"Cand\u00e1s 365","description":"Cand\u00e1s 365 es un diario digital independiente, fundado en 2012, con base en Asturias. Informamos con rigor sobre actualidad, sociedad, cultura y ocio, con una mirada local y global.","url":"https:\/\/candas365.es\/noticias\/","email":"info@candas365.es","telephone":"+34652131393","foundingDate":"2012-06-10","logo":{"@type":"ImageObject","url":"https:\/\/candas365.es\/noticias\/wp-content\/uploads\/2024\/09\/Candas-365-Redes.jpg","@id":"https:\/\/candas365.es\/noticias\/chile-declara-patrimonio-nacional-archivos-de-la-colonia-dignidad\/#organizationLogo","width":1152,"height":864,"caption":"Cand\u00e1s 365 Redes"},"image":{"@id":"https:\/\/candas365.es\/noticias\/chile-declara-patrimonio-nacional-archivos-de-la-colonia-dignidad\/#organizationLogo"},"sameAs":["https:\/\/www.facebook.com\/Nachofdezber","https:\/\/x.com\/NabercoDigital","https:\/\/www.instagram.com\/nachofdezber\/","https:\/\/www.youtube.com\/channel\/UCZP-2wLEB9Rv6erhFmqVnvg"],"address":{"@id":"https:\/\/candas365.es\/noticias\/#postaladdress","@type":"PostalAddress","streetAddress":"san antonio 4, san antonio 4","postalCode":"33430","addressLocality":"Cand\u00e1s","addressRegion":"Asturias","addressCountry":"ES"}},{"@type":"Person","@id":"https:\/\/candas365.es\/noticias\/author\/admin\/#author","url":"https:\/\/candas365.es\/noticias\/author\/admin\/","name":"Cand\u00e1s 365","image":{"@type":"ImageObject","@id":"https:\/\/candas365.es\/noticias\/chile-declara-patrimonio-nacional-archivos-de-la-colonia-dignidad\/#authorImage","url":"https:\/\/secure.gravatar.com\/avatar\/496a8e03d0c493ede1718b7934145dbdf8d89be1036b0eec9544e1094c9de390?s=96&d=mm&r=g","width":96,"height":96,"caption":"Cand\u00e1s 365"},"sameAs":["https:\/\/www.facebook.com\/carrenoactualidad","https:\/\/twitter.com\/nbasturias","https:\/\/www.instagram.com\/nachofdezber\/","https:\/\/www.youtube.com\/channel\/UCZP-2wLEB9Rv6erhFmqVnvg"]},{"@type":"WebPage","@id":"https:\/\/candas365.es\/noticias\/chile-declara-patrimonio-nacional-archivos-de-la-colonia-dignidad\/#webpage","url":"https:\/\/candas365.es\/noticias\/chile-declara-patrimonio-nacional-archivos-de-la-colonia-dignidad\/","name":"Chile declara Patrimonio Nacional archivos de la Colonia Dignidad | Cand\u00e1s 365","description":"Santiago de Chile, 24 jun (dpa) - Chile declar\u00f3 Patrimonio Nacional los archivos incautados en la \"Colonia Dignidad\", un asentamiento habitado por alemanes en el sur del pa\u00eds que fue escenario de torturas, abusos de ni\u00f1os y sirvi\u00f3 de campo de concentraci\u00f3n durante la dictadura de Augusto Pinochet (1973-1990). Los archivos confiscados entre 2000 y","inLanguage":"es-ES","isPartOf":{"@id":"https:\/\/candas365.es\/noticias\/#website"},"breadcrumb":{"@id":"https:\/\/candas365.es\/noticias\/chile-declara-patrimonio-nacional-archivos-de-la-colonia-dignidad\/#breadcrumblist"},"author":{"@id":"https:\/\/candas365.es\/noticias\/author\/admin\/#author"},"creator":{"@id":"https:\/\/candas365.es\/noticias\/author\/admin\/#author"},"image":{"@type":"ImageObject","url":"https:\/\/candas365.es\/noticias\/wp-content\/uploads\/2015\/09\/c365noticias.jpg","@id":"https:\/\/candas365.es\/noticias\/chile-declara-patrimonio-nacional-archivos-de-la-colonia-dignidad\/#mainImage","width":655,"height":360},"primaryImageOfPage":{"@id":"https:\/\/candas365.es\/noticias\/chile-declara-patrimonio-nacional-archivos-de-la-colonia-dignidad\/#mainImage"},"datePublished":"2016-06-25T00:53:45+02:00","dateModified":"2016-06-25T00:53:45+02:00"},{"@type":"WebSite","@id":"https:\/\/candas365.es\/noticias\/#website","url":"https:\/\/candas365.es\/noticias\/","name":"Cand\u00e1s 365","alternateName":"Cand\u00e1s 365 Noticias","description":"Actualidad desde Carre\u00f1o para el mundo","inLanguage":"es-ES","publisher":{"@id":"https:\/\/candas365.es\/noticias\/#organization"}}]},"og:locale":"es_ES","og:site_name":"Cand\u00e1s 365","og:type":"article","og:title":"Chile declara Patrimonio Nacional archivos de la Colonia Dignidad | Cand\u00e1s 365","og:description":"Santiago de Chile, 24 jun (dpa) - Chile declar\u00f3 Patrimonio Nacional los archivos incautados en la &quot;Colonia Dignidad&quot;, un asentamiento habitado por alemanes en el sur del pa\u00eds que fue escenario de torturas, abusos de ni\u00f1os y sirvi\u00f3 de campo de concentraci\u00f3n durante la dictadura de Augusto Pinochet (1973-1990). Los archivos confiscados entre 2000 y","og:url":"https:\/\/candas365.es\/noticias\/chile-declara-patrimonio-nacional-archivos-de-la-colonia-dignidad\/","og:image":"https:\/\/candas365.es\/noticias\/wp-content\/uploads\/2015\/09\/c365noticias.jpg","og:image:secure_url":"https:\/\/candas365.es\/noticias\/wp-content\/uploads\/2015\/09\/c365noticias.jpg","og:image:width":655,"og:image:height":360,"article:published_time":"2016-06-24T23:23:45+00:00","article:modified_time":"2016-06-24T23:23:45+00:00","article:publisher":"https:\/\/www.facebook.com\/Nachofdezber","article:author":"https:\/\/www.facebook.com\/carrenoactualidad","twitter:card":"summary_large_image","twitter:site":"@NabercoDigital","twitter:title":"Chile declara Patrimonio Nacional archivos de la Colonia Dignidad | Cand\u00e1s 365","twitter:description":"Santiago de Chile, 24 jun (dpa) - Chile declar\u00f3 Patrimonio Nacional los archivos incautados en la &quot;Colonia Dignidad&quot;, un asentamiento habitado por alemanes en el sur del pa\u00eds que fue escenario de torturas, abusos de ni\u00f1os y sirvi\u00f3 de campo de concentraci\u00f3n durante la dictadura de Augusto Pinochet (1973-1990). Los archivos confiscados entre 2000 y","twitter:creator":"@nbasturias","twitter:image":"https:\/\/candas365.es\/noticias\/wp-content\/uploads\/2015\/09\/c365noticias.jpg","twitter:label1":"Escrito por","twitter:data1":"Cand\u00e1s 365","twitter:label2":"Tiempo de lectura estimado","twitter:data2":"2 minutos"},"aioseo_meta_data":{"post_id":"31216","title":null,"description":null,"keywords":null,"keyphrases":null,"primary_term":null,"canonical_url":null,"og_title":null,"og_description":null,"og_object_type":"default","og_image_type":"default","og_image_url":null,"og_image_width":null,"og_image_height":null,"og_image_custom_url":null,"og_image_custom_fields":null,"og_video":null,"og_custom_url":null,"og_article_section":null,"og_article_tags":null,"twitter_use_og":false,"twitter_card":"default","twitter_image_type":"default","twitter_image_url":null,"twitter_image_custom_url":null,"twitter_image_custom_fields":null,"twitter_title":null,"twitter_description":null,"schema":{"blockGraphs":[],"customGraphs":[],"default":{"data":{"Article":[],"Course":[],"Dataset":[],"FAQPage":[],"Movie":[],"Person":[],"Product":[],"ProductReview":[],"Car":[],"Recipe":[],"Service":[],"SoftwareApplication":[],"WebPage":[]},"graphName":"","isEnabled":true},"graphs":[],"defaultGraph":"","defaultPostTypeGraph":""},"schema_type":null,"schema_type_options":null,"pillar_content":false,"robots_default":true,"robots_noindex":false,"robots_noarchive":false,"robots_nosnippet":false,"robots_nofollow":false,"robots_noimageindex":false,"robots_noodp":false,"robots_notranslate":false,"robots_max_snippet":null,"robots_max_videopreview":null,"robots_max_imagepreview":"large","priority":null,"frequency":null,"location":null,"local_seo":null,"seo_analyzer_scan_date":"2025-08-24 13:34:19","breadcrumb_settings":null,"limit_modified_date":false,"reviewed_by":null,"open_ai":null,"ai":null,"created":"2020-12-21 13:00:37","updated":"2025-08-24 13:34:19"},"aioseo_breadcrumb":"<div class=\"aioseo-breadcrumbs\"><span class=\"aioseo-breadcrumb\">\n\t<a href=\"https:\/\/candas365.es\/noticias\" title=\"Home\">Home<\/a>\n<\/span><span class=\"aioseo-breadcrumb-separator\">&ndash;<\/span><span class=\"aioseo-breadcrumb\">\n\t<a href=\"https:\/\/candas365.es\/noticias\/category\/actualidad\/\" title=\"Actualidad\">Actualidad<\/a>\n<\/span><span class=\"aioseo-breadcrumb-separator\">&ndash;<\/span><span class=\"aioseo-breadcrumb\">\n\tChile declara Patrimonio Nacional archivos de la Colonia Dignidad\n<\/span><\/div>","aioseo_breadcrumb_json":[{"label":"Home","link":"https:\/\/candas365.es\/noticias"},{"label":"Actualidad","link":"https:\/\/candas365.es\/noticias\/category\/actualidad\/"},{"label":"Chile declara Patrimonio Nacional archivos de la Colonia Dignidad","link":"https:\/\/candas365.es\/noticias\/chile-declara-patrimonio-nacional-archivos-de-la-colonia-dignidad\/"}],"_links":{"self":[{"href":"https:\/\/candas365.es\/noticias\/wp-json\/wp\/v2\/posts\/31216","targetHints":{"allow":["GET"]}}],"collection":[{"href":"https:\/\/candas365.es\/noticias\/wp-json\/wp\/v2\/posts"}],"about":[{"href":"https:\/\/candas365.es\/noticias\/wp-json\/wp\/v2\/types\/post"}],"author":[{"embeddable":true,"href":"https:\/\/candas365.es\/noticias\/wp-json\/wp\/v2\/users\/1"}],"replies":[{"embeddable":true,"href":"https:\/\/candas365.es\/noticias\/wp-json\/wp\/v2\/comments?post=31216"}],"version-history":[{"count":0,"href":"https:\/\/candas365.es\/noticias\/wp-json\/wp\/v2\/posts\/31216\/revisions"}],"wp:featuredmedia":[{"embeddable":true,"href":"https:\/\/candas365.es\/noticias\/wp-json\/wp\/v2\/media\/16457"}],"wp:attachment":[{"href":"https:\/\/candas365.es\/noticias\/wp-json\/wp\/v2\/media?parent=31216"}],"wp:term":[{"taxonomy":"category","embeddable":true,"href":"https:\/\/candas365.es\/noticias\/wp-json\/wp\/v2\/categories?post=31216"},{"taxonomy":"post_tag","embeddable":true,"href":"https:\/\/candas365.es\/noticias\/wp-json\/wp\/v2\/tags?post=31216"}],"curies":[{"name":"wp","href":"https:\/\/api.w.org\/{rel}","templated":true}]}}