{"id":31214,"date":"2016-06-25T00:53:06","date_gmt":"2016-06-24T23:23:06","guid":{"rendered":"http:\/\/candas365.es\/noticias\/?p=31214"},"modified":"2016-06-25T00:53:06","modified_gmt":"2016-06-24T23:23:06","slug":"schweinsteiger-esta-a-punto","status":"publish","type":"post","link":"https:\/\/candas365.es\/noticias\/schweinsteiger-esta-a-punto\/","title":{"rendered":"Schweinsteiger est\u00e1 \u00aba punto\u00bb"},"content":{"rendered":"<p>\u00c9vian-les-Bains (Francia), 24 jun (dpa) &#8211; Alemania sigue manteniendo la duda del lesionado central J\u00e9r\u00f4me Boateng para el partido del domingo por los octavos de final de la Eurocopa de f\u00fatbol de Francia, donde sin embargo podr\u00eda recuperar desde el comienzo al capit\u00e1n, Bastian Schweinsteiger.<\/p>\n<p>La contractura en el gemelo del jefe de la defensa alemana no evoluciona lo r\u00e1pido que le gustar\u00eda al equipo t\u00e9cnico, admiti\u00f3 el jueves el entrenador asistente Marcus Sorg, en un d\u00eda libre de entrenamientos en la concentraci\u00f3n del campe\u00f3n del mundo en \u00c9vian.<\/p>\n<p>\u00abPero tampoco soy profeta\u00bb, a\u00f1adi\u00f3 no obstante el ayudante de Joachim L\u00f6w respecto a la presencia o no del jugador del Bayern M\u00fanich en Lille ante Eslovaquia. <\/p>\n<p>Los m\u00e9dicos de la selecci\u00f3n alemana trabajan con la m\u00e1xima presi\u00f3n para recuperar a tiempo a Boateng, pero la evoluci\u00f3n de las molestias fue regresiva.<\/p>\n<p>Por el contrario, Schweinsteiger, que ha pasado largos periodos de lesi\u00f3n esta temporada, parece ser ya una opci\u00f3n real para integrar el once titular, seg\u00fan advirti\u00f3 otro de los t\u00e9cnicos asistentes, Thomas Schneider.<\/p>\n<p>Despu\u00e9s de su larga inactividad, el centrocampista del Manchester United est\u00e1 recuperando poco a poco el nivel necesario para aportar desde el comienzo. \u00abEst\u00e1 bien a punto\u00bb, dijo Schneider.<\/p>\n<p>La preparaci\u00f3n espec\u00edfica para el duelo contra Eslovaquia comenz\u00f3 el viernes por la ma\u00f1ana.<\/p>\n<p>Schneider cree que la reciente derrota por 3-1 en un amistoso ante los eslovacos en Augsburgo \u00abno es una medida\u00bb para analizar el duelo del domingo, ya que Alemania jug\u00f3 con un equipo B.<\/p>\n<p>\u00abAhora estamos en la fase del K.O. Para nosotros Eslovaquia es un reto dif\u00edcil, pero uno que podemos y debemos resolver\u00bb, se\u00f1al\u00f3.<\/p>\n<p>La selecci\u00f3n eslovaca teme por la participaci\u00f3n entre otros de jugadores con molestias f\u00edsicas como Peter Pekarik, Dusan Svento y Robert Mak. <\/p>\n<p>Svento, lateral izquierdo, y Mak, centrocampista, tienen problemas musculares, mientras que Pekarik, lateral derecho, se rompi\u00f3 la nariz en el \u00faltimo partido, ante Inglaterra, inform\u00f3 la federaci\u00f3n del pa\u00eds. Este \u00faltimo, sin embargo, podr\u00e1 probablemente jugar con una m\u00e1scara protectora.<\/p>\n","protected":false},"excerpt":{"rendered":"<p>\u00c9vian-les-Bains (Francia), 24 jun (dpa) &#8211; Alemania sigue manteniendo la duda del lesionado central J\u00e9r\u00f4me Boateng para el partido del domingo por los octavos de final de la Eurocopa de f\u00fatbol de Francia, donde sin embargo podr\u00eda recuperar desde el comienzo al capit\u00e1n, Bastian Schweinsteiger. La contractura en el gemelo del jefe de la defensa<\/p>\n","protected":false},"author":1,"featured_media":29884,"comment_status":"closed","ping_status":"closed","sticky":false,"template":"","format":"standard","meta":{"footnotes":""},"categories":[343],"tags":[],"class_list":{"0":"post-31214","1":"post","2":"type-post","3":"status-publish","4":"format-standard","5":"has-post-thumbnail","7":"category-actualidad"},"aioseo_notices":[],"aioseo_head":"\n\t\t<!-- All in One SEO Pro 4.9.6.2 - aioseo.com -->\n\t<meta name=\"description\" content=\"\u00c9vian-les-Bains (Francia), 24 jun (dpa) - Alemania sigue manteniendo la duda del lesionado central J\u00e9r\u00f4me Boateng para el partido del domingo por los octavos de final de la Eurocopa de f\u00fatbol de Francia, donde sin embargo podr\u00eda recuperar desde el comienzo al capit\u00e1n, Bastian Schweinsteiger. La contractura en el gemelo del jefe de la defensa\" \/>\n\t<meta name=\"robots\" content=\"max-image-preview:large\" \/>\n\t<meta name=\"author\" content=\"Cand\u00e1s 365\"\/>\n\t<meta name=\"google-site-verification\" content=\"UA-32230408-1\" \/>\n\t<meta name=\"msvalidate.01\" content=\"354F3CDFB2DA171B47FBE9ABF1F88D5\" \/>\n\t<meta name=\"keywords\" content=\"actualidad\" \/>\n\t<link rel=\"canonical\" href=\"https:\/\/candas365.es\/noticias\/schweinsteiger-esta-a-punto\/\" \/>\n\t<meta name=\"generator\" content=\"All in One SEO Pro (AIOSEO) 4.9.6.2\" \/>\n\t\t<meta property=\"og:locale\" content=\"es_ES\" \/>\n\t\t<meta property=\"og:site_name\" content=\"Cand\u00e1s 365\" \/>\n\t\t<meta property=\"og:type\" content=\"article\" \/>\n\t\t<meta property=\"og:title\" content=\"Schweinsteiger est\u00e1 \u00aba punto\u00bb | Cand\u00e1s 365\" \/>\n\t\t<meta property=\"og:description\" content=\"\u00c9vian-les-Bains (Francia), 24 jun (dpa) - Alemania sigue manteniendo la duda del lesionado central J\u00e9r\u00f4me Boateng para el partido del domingo por los octavos de final de la Eurocopa de f\u00fatbol de Francia, donde sin embargo podr\u00eda recuperar desde el comienzo al capit\u00e1n, Bastian Schweinsteiger. La contractura en el gemelo del jefe de la defensa\" \/>\n\t\t<meta property=\"og:url\" content=\"https:\/\/candas365.es\/noticias\/schweinsteiger-esta-a-punto\/\" \/>\n\t\t<meta property=\"og:image\" content=\"https:\/\/candas365.es\/noticias\/wp-content\/uploads\/2016\/06\/euro2016.jpg\" \/>\n\t\t<meta property=\"og:image:secure_url\" content=\"https:\/\/candas365.es\/noticias\/wp-content\/uploads\/2016\/06\/euro2016.jpg\" \/>\n\t\t<meta property=\"og:image:width\" content=\"800\" \/>\n\t\t<meta property=\"og:image:height\" content=\"478\" \/>\n\t\t<meta property=\"article:published_time\" content=\"2016-06-24T23:23:06+00:00\" \/>\n\t\t<meta property=\"article:modified_time\" content=\"2016-06-24T23:23:06+00:00\" \/>\n\t\t<meta property=\"article:publisher\" content=\"https:\/\/www.facebook.com\/Nachofdezber\" \/>\n\t\t<meta property=\"article:author\" content=\"https:\/\/www.facebook.com\/carrenoactualidad\" \/>\n\t\t<meta name=\"twitter:card\" content=\"summary_large_image\" \/>\n\t\t<meta name=\"twitter:site\" content=\"@NabercoDigital\" \/>\n\t\t<meta name=\"twitter:title\" content=\"Schweinsteiger est\u00e1 \u00aba punto\u00bb | Cand\u00e1s 365\" \/>\n\t\t<meta name=\"twitter:description\" content=\"\u00c9vian-les-Bains (Francia), 24 jun (dpa) - Alemania sigue manteniendo la duda del lesionado central J\u00e9r\u00f4me Boateng para el partido del domingo por los octavos de final de la Eurocopa de f\u00fatbol de Francia, donde sin embargo podr\u00eda recuperar desde el comienzo al capit\u00e1n, Bastian Schweinsteiger. La contractura en el gemelo del jefe de la defensa\" \/>\n\t\t<meta name=\"twitter:creator\" content=\"@nbasturias\" \/>\n\t\t<meta name=\"twitter:image\" content=\"https:\/\/candas365.es\/noticias\/wp-content\/uploads\/2016\/06\/euro2016.jpg\" \/>\n\t\t<meta name=\"twitter:label1\" content=\"Escrito por\" \/>\n\t\t<meta name=\"twitter:data1\" content=\"Cand\u00e1s 365\" \/>\n\t\t<meta name=\"twitter:label2\" content=\"Tiempo de lectura estimado\" \/>\n\t\t<meta name=\"twitter:data2\" content=\"2 minutos\" \/>\n\t\t<script type=\"application\/ld+json\" class=\"aioseo-schema\">\n\t\t\t{\"@context\":\"https:\\\/\\\/schema.org\",\"@graph\":[{\"@type\":\"BreadcrumbList\",\"@id\":\"https:\\\/\\\/candas365.es\\\/noticias\\\/schweinsteiger-esta-a-punto\\\/#breadcrumblist\",\"itemListElement\":[{\"@type\":\"ListItem\",\"@id\":\"https:\\\/\\\/candas365.es\\\/noticias#listItem\",\"position\":1,\"name\":\"Home\",\"item\":\"https:\\\/\\\/candas365.es\\\/noticias\",\"nextItem\":{\"@type\":\"ListItem\",\"@id\":\"https:\\\/\\\/candas365.es\\\/noticias\\\/category\\\/actualidad\\\/#listItem\",\"name\":\"Actualidad\"}},{\"@type\":\"ListItem\",\"@id\":\"https:\\\/\\\/candas365.es\\\/noticias\\\/category\\\/actualidad\\\/#listItem\",\"position\":2,\"name\":\"Actualidad\",\"item\":\"https:\\\/\\\/candas365.es\\\/noticias\\\/category\\\/actualidad\\\/\",\"nextItem\":{\"@type\":\"ListItem\",\"@id\":\"https:\\\/\\\/candas365.es\\\/noticias\\\/schweinsteiger-esta-a-punto\\\/#listItem\",\"name\":\"Schweinsteiger est\\u00e1 \\u00aba punto\\u00bb\"},\"previousItem\":{\"@type\":\"ListItem\",\"@id\":\"https:\\\/\\\/candas365.es\\\/noticias#listItem\",\"name\":\"Home\"}},{\"@type\":\"ListItem\",\"@id\":\"https:\\\/\\\/candas365.es\\\/noticias\\\/schweinsteiger-esta-a-punto\\\/#listItem\",\"position\":3,\"name\":\"Schweinsteiger est\\u00e1 \\u00aba punto\\u00bb\",\"previousItem\":{\"@type\":\"ListItem\",\"@id\":\"https:\\\/\\\/candas365.es\\\/noticias\\\/category\\\/actualidad\\\/#listItem\",\"name\":\"Actualidad\"}}]},{\"@type\":\"NewsArticle\",\"@id\":\"https:\\\/\\\/candas365.es\\\/noticias\\\/schweinsteiger-esta-a-punto\\\/#newsarticle\",\"name\":\"Schweinsteiger est\\u00e1 \\u00aba punto\\u00bb | Cand\\u00e1s 365\",\"headline\":\"Schweinsteiger est\\u00e1 \\u00aba punto\\u00bb\",\"author\":{\"@id\":\"https:\\\/\\\/candas365.es\\\/noticias\\\/author\\\/admin\\\/#author\"},\"publisher\":{\"@id\":\"https:\\\/\\\/candas365.es\\\/noticias\\\/#organization\"},\"image\":{\"@type\":\"ImageObject\",\"url\":\"https:\\\/\\\/candas365.es\\\/noticias\\\/wp-content\\\/uploads\\\/2016\\\/06\\\/euro2016.jpg\",\"width\":800,\"height\":478},\"datePublished\":\"2016-06-25T00:53:06+02:00\",\"dateModified\":\"2016-06-25T00:53:06+02:00\",\"inLanguage\":\"es-ES\",\"mainEntityOfPage\":{\"@id\":\"https:\\\/\\\/candas365.es\\\/noticias\\\/schweinsteiger-esta-a-punto\\\/#webpage\"},\"isPartOf\":{\"@id\":\"https:\\\/\\\/candas365.es\\\/noticias\\\/schweinsteiger-esta-a-punto\\\/#webpage\"},\"articleSection\":\"Actualidad\",\"dateline\":\"Publicado el junio 25, 2016.\"},{\"@type\":\"Organization\",\"@id\":\"https:\\\/\\\/candas365.es\\\/noticias\\\/#organization\",\"name\":\"Cand\\u00e1s 365\",\"description\":\"Cand\\u00e1s 365 es un diario digital independiente, fundado en 2012, con base en Asturias. Informamos con rigor sobre actualidad, sociedad, cultura y ocio, con una mirada local y global.\",\"url\":\"https:\\\/\\\/candas365.es\\\/noticias\\\/\",\"email\":\"info@candas365.es\",\"telephone\":\"+34652131393\",\"foundingDate\":\"2012-06-10\",\"logo\":{\"@type\":\"ImageObject\",\"url\":\"https:\\\/\\\/candas365.es\\\/noticias\\\/wp-content\\\/uploads\\\/2024\\\/09\\\/Candas-365-Redes.jpg\",\"@id\":\"https:\\\/\\\/candas365.es\\\/noticias\\\/schweinsteiger-esta-a-punto\\\/#organizationLogo\",\"width\":1152,\"height\":864,\"caption\":\"Cand\\u00e1s 365 Redes\"},\"image\":{\"@id\":\"https:\\\/\\\/candas365.es\\\/noticias\\\/schweinsteiger-esta-a-punto\\\/#organizationLogo\"},\"sameAs\":[\"https:\\\/\\\/www.facebook.com\\\/Nachofdezber\",\"https:\\\/\\\/x.com\\\/NabercoDigital\",\"https:\\\/\\\/www.instagram.com\\\/nachofdezber\\\/\",\"https:\\\/\\\/www.youtube.com\\\/channel\\\/UCZP-2wLEB9Rv6erhFmqVnvg\"],\"address\":{\"@id\":\"https:\\\/\\\/candas365.es\\\/noticias\\\/#postaladdress\",\"@type\":\"PostalAddress\",\"streetAddress\":\"san antonio 4, san antonio 4\",\"postalCode\":\"33430\",\"addressLocality\":\"Cand\\u00e1s\",\"addressRegion\":\"Asturias\",\"addressCountry\":\"ES\"}},{\"@type\":\"Person\",\"@id\":\"https:\\\/\\\/candas365.es\\\/noticias\\\/author\\\/admin\\\/#author\",\"url\":\"https:\\\/\\\/candas365.es\\\/noticias\\\/author\\\/admin\\\/\",\"name\":\"Cand\\u00e1s 365\",\"image\":{\"@type\":\"ImageObject\",\"@id\":\"https:\\\/\\\/candas365.es\\\/noticias\\\/schweinsteiger-esta-a-punto\\\/#authorImage\",\"url\":\"https:\\\/\\\/secure.gravatar.com\\\/avatar\\\/496a8e03d0c493ede1718b7934145dbdf8d89be1036b0eec9544e1094c9de390?s=96&d=mm&r=g\",\"width\":96,\"height\":96,\"caption\":\"Cand\\u00e1s 365\"},\"sameAs\":[\"https:\\\/\\\/www.facebook.com\\\/carrenoactualidad\",\"https:\\\/\\\/twitter.com\\\/nbasturias\",\"https:\\\/\\\/www.instagram.com\\\/nachofdezber\\\/\",\"https:\\\/\\\/www.youtube.com\\\/channel\\\/UCZP-2wLEB9Rv6erhFmqVnvg\"]},{\"@type\":\"WebPage\",\"@id\":\"https:\\\/\\\/candas365.es\\\/noticias\\\/schweinsteiger-esta-a-punto\\\/#webpage\",\"url\":\"https:\\\/\\\/candas365.es\\\/noticias\\\/schweinsteiger-esta-a-punto\\\/\",\"name\":\"Schweinsteiger est\\u00e1 \\u00aba punto\\u00bb | Cand\\u00e1s 365\",\"description\":\"\\u00c9vian-les-Bains (Francia), 24 jun (dpa) - Alemania sigue manteniendo la duda del lesionado central J\\u00e9r\\u00f4me Boateng para el partido del domingo por los octavos de final de la Eurocopa de f\\u00fatbol de Francia, donde sin embargo podr\\u00eda recuperar desde el comienzo al capit\\u00e1n, Bastian Schweinsteiger. La contractura en el gemelo del jefe de la defensa\",\"inLanguage\":\"es-ES\",\"isPartOf\":{\"@id\":\"https:\\\/\\\/candas365.es\\\/noticias\\\/#website\"},\"breadcrumb\":{\"@id\":\"https:\\\/\\\/candas365.es\\\/noticias\\\/schweinsteiger-esta-a-punto\\\/#breadcrumblist\"},\"author\":{\"@id\":\"https:\\\/\\\/candas365.es\\\/noticias\\\/author\\\/admin\\\/#author\"},\"creator\":{\"@id\":\"https:\\\/\\\/candas365.es\\\/noticias\\\/author\\\/admin\\\/#author\"},\"image\":{\"@type\":\"ImageObject\",\"url\":\"https:\\\/\\\/candas365.es\\\/noticias\\\/wp-content\\\/uploads\\\/2016\\\/06\\\/euro2016.jpg\",\"@id\":\"https:\\\/\\\/candas365.es\\\/noticias\\\/schweinsteiger-esta-a-punto\\\/#mainImage\",\"width\":800,\"height\":478},\"primaryImageOfPage\":{\"@id\":\"https:\\\/\\\/candas365.es\\\/noticias\\\/schweinsteiger-esta-a-punto\\\/#mainImage\"},\"datePublished\":\"2016-06-25T00:53:06+02:00\",\"dateModified\":\"2016-06-25T00:53:06+02:00\"},{\"@type\":\"WebSite\",\"@id\":\"https:\\\/\\\/candas365.es\\\/noticias\\\/#website\",\"url\":\"https:\\\/\\\/candas365.es\\\/noticias\\\/\",\"name\":\"Cand\\u00e1s 365\",\"alternateName\":\"Cand\\u00e1s 365 Noticias\",\"description\":\"Actualidad desde Carre\\u00f1o para el mundo\",\"inLanguage\":\"es-ES\",\"publisher\":{\"@id\":\"https:\\\/\\\/candas365.es\\\/noticias\\\/#organization\"}}]}\n\t\t<\/script>\n\t\t<!-- All in One SEO Pro -->\r\n\t\t<title>Schweinsteiger est\u00e1 \u00aba punto\u00bb | Cand\u00e1s 365<\/title>\n\n","aioseo_head_json":{"title":"Schweinsteiger est\u00e1 \u00aba punto\u00bb | Cand\u00e1s 365","description":"\u00c9vian-les-Bains (Francia), 24 jun (dpa) - Alemania sigue manteniendo la duda del lesionado central J\u00e9r\u00f4me Boateng para el partido del domingo por los octavos de final de la Eurocopa de f\u00fatbol de Francia, donde sin embargo podr\u00eda recuperar desde el comienzo al capit\u00e1n, Bastian Schweinsteiger. La contractura en el gemelo del jefe de la defensa","canonical_url":"https:\/\/candas365.es\/noticias\/schweinsteiger-esta-a-punto\/","robots":"max-image-preview:large","keywords":"actualidad","webmasterTools":{"google-site-verification":"UA-32230408-1","msvalidate.01":"354F3CDFB2DA171B47FBE9ABF1F88D5","miscellaneous":""},"schema":{"@context":"https:\/\/schema.org","@graph":[{"@type":"BreadcrumbList","@id":"https:\/\/candas365.es\/noticias\/schweinsteiger-esta-a-punto\/#breadcrumblist","itemListElement":[{"@type":"ListItem","@id":"https:\/\/candas365.es\/noticias#listItem","position":1,"name":"Home","item":"https:\/\/candas365.es\/noticias","nextItem":{"@type":"ListItem","@id":"https:\/\/candas365.es\/noticias\/category\/actualidad\/#listItem","name":"Actualidad"}},{"@type":"ListItem","@id":"https:\/\/candas365.es\/noticias\/category\/actualidad\/#listItem","position":2,"name":"Actualidad","item":"https:\/\/candas365.es\/noticias\/category\/actualidad\/","nextItem":{"@type":"ListItem","@id":"https:\/\/candas365.es\/noticias\/schweinsteiger-esta-a-punto\/#listItem","name":"Schweinsteiger est\u00e1 \u00aba punto\u00bb"},"previousItem":{"@type":"ListItem","@id":"https:\/\/candas365.es\/noticias#listItem","name":"Home"}},{"@type":"ListItem","@id":"https:\/\/candas365.es\/noticias\/schweinsteiger-esta-a-punto\/#listItem","position":3,"name":"Schweinsteiger est\u00e1 \u00aba punto\u00bb","previousItem":{"@type":"ListItem","@id":"https:\/\/candas365.es\/noticias\/category\/actualidad\/#listItem","name":"Actualidad"}}]},{"@type":"NewsArticle","@id":"https:\/\/candas365.es\/noticias\/schweinsteiger-esta-a-punto\/#newsarticle","name":"Schweinsteiger est\u00e1 \u00aba punto\u00bb | Cand\u00e1s 365","headline":"Schweinsteiger est\u00e1 \u00aba punto\u00bb","author":{"@id":"https:\/\/candas365.es\/noticias\/author\/admin\/#author"},"publisher":{"@id":"https:\/\/candas365.es\/noticias\/#organization"},"image":{"@type":"ImageObject","url":"https:\/\/candas365.es\/noticias\/wp-content\/uploads\/2016\/06\/euro2016.jpg","width":800,"height":478},"datePublished":"2016-06-25T00:53:06+02:00","dateModified":"2016-06-25T00:53:06+02:00","inLanguage":"es-ES","mainEntityOfPage":{"@id":"https:\/\/candas365.es\/noticias\/schweinsteiger-esta-a-punto\/#webpage"},"isPartOf":{"@id":"https:\/\/candas365.es\/noticias\/schweinsteiger-esta-a-punto\/#webpage"},"articleSection":"Actualidad","dateline":"Publicado el junio 25, 2016."},{"@type":"Organization","@id":"https:\/\/candas365.es\/noticias\/#organization","name":"Cand\u00e1s 365","description":"Cand\u00e1s 365 es un diario digital independiente, fundado en 2012, con base en Asturias. Informamos con rigor sobre actualidad, sociedad, cultura y ocio, con una mirada local y global.","url":"https:\/\/candas365.es\/noticias\/","email":"info@candas365.es","telephone":"+34652131393","foundingDate":"2012-06-10","logo":{"@type":"ImageObject","url":"https:\/\/candas365.es\/noticias\/wp-content\/uploads\/2024\/09\/Candas-365-Redes.jpg","@id":"https:\/\/candas365.es\/noticias\/schweinsteiger-esta-a-punto\/#organizationLogo","width":1152,"height":864,"caption":"Cand\u00e1s 365 Redes"},"image":{"@id":"https:\/\/candas365.es\/noticias\/schweinsteiger-esta-a-punto\/#organizationLogo"},"sameAs":["https:\/\/www.facebook.com\/Nachofdezber","https:\/\/x.com\/NabercoDigital","https:\/\/www.instagram.com\/nachofdezber\/","https:\/\/www.youtube.com\/channel\/UCZP-2wLEB9Rv6erhFmqVnvg"],"address":{"@id":"https:\/\/candas365.es\/noticias\/#postaladdress","@type":"PostalAddress","streetAddress":"san antonio 4, san antonio 4","postalCode":"33430","addressLocality":"Cand\u00e1s","addressRegion":"Asturias","addressCountry":"ES"}},{"@type":"Person","@id":"https:\/\/candas365.es\/noticias\/author\/admin\/#author","url":"https:\/\/candas365.es\/noticias\/author\/admin\/","name":"Cand\u00e1s 365","image":{"@type":"ImageObject","@id":"https:\/\/candas365.es\/noticias\/schweinsteiger-esta-a-punto\/#authorImage","url":"https:\/\/secure.gravatar.com\/avatar\/496a8e03d0c493ede1718b7934145dbdf8d89be1036b0eec9544e1094c9de390?s=96&d=mm&r=g","width":96,"height":96,"caption":"Cand\u00e1s 365"},"sameAs":["https:\/\/www.facebook.com\/carrenoactualidad","https:\/\/twitter.com\/nbasturias","https:\/\/www.instagram.com\/nachofdezber\/","https:\/\/www.youtube.com\/channel\/UCZP-2wLEB9Rv6erhFmqVnvg"]},{"@type":"WebPage","@id":"https:\/\/candas365.es\/noticias\/schweinsteiger-esta-a-punto\/#webpage","url":"https:\/\/candas365.es\/noticias\/schweinsteiger-esta-a-punto\/","name":"Schweinsteiger est\u00e1 \u00aba punto\u00bb | Cand\u00e1s 365","description":"\u00c9vian-les-Bains (Francia), 24 jun (dpa) - Alemania sigue manteniendo la duda del lesionado central J\u00e9r\u00f4me Boateng para el partido del domingo por los octavos de final de la Eurocopa de f\u00fatbol de Francia, donde sin embargo podr\u00eda recuperar desde el comienzo al capit\u00e1n, Bastian Schweinsteiger. La contractura en el gemelo del jefe de la defensa","inLanguage":"es-ES","isPartOf":{"@id":"https:\/\/candas365.es\/noticias\/#website"},"breadcrumb":{"@id":"https:\/\/candas365.es\/noticias\/schweinsteiger-esta-a-punto\/#breadcrumblist"},"author":{"@id":"https:\/\/candas365.es\/noticias\/author\/admin\/#author"},"creator":{"@id":"https:\/\/candas365.es\/noticias\/author\/admin\/#author"},"image":{"@type":"ImageObject","url":"https:\/\/candas365.es\/noticias\/wp-content\/uploads\/2016\/06\/euro2016.jpg","@id":"https:\/\/candas365.es\/noticias\/schweinsteiger-esta-a-punto\/#mainImage","width":800,"height":478},"primaryImageOfPage":{"@id":"https:\/\/candas365.es\/noticias\/schweinsteiger-esta-a-punto\/#mainImage"},"datePublished":"2016-06-25T00:53:06+02:00","dateModified":"2016-06-25T00:53:06+02:00"},{"@type":"WebSite","@id":"https:\/\/candas365.es\/noticias\/#website","url":"https:\/\/candas365.es\/noticias\/","name":"Cand\u00e1s 365","alternateName":"Cand\u00e1s 365 Noticias","description":"Actualidad desde Carre\u00f1o para el mundo","inLanguage":"es-ES","publisher":{"@id":"https:\/\/candas365.es\/noticias\/#organization"}}]},"og:locale":"es_ES","og:site_name":"Cand\u00e1s 365","og:type":"article","og:title":"Schweinsteiger est\u00e1 \u00aba punto\u00bb | Cand\u00e1s 365","og:description":"\u00c9vian-les-Bains (Francia), 24 jun (dpa) - Alemania sigue manteniendo la duda del lesionado central J\u00e9r\u00f4me Boateng para el partido del domingo por los octavos de final de la Eurocopa de f\u00fatbol de Francia, donde sin embargo podr\u00eda recuperar desde el comienzo al capit\u00e1n, Bastian Schweinsteiger. La contractura en el gemelo del jefe de la defensa","og:url":"https:\/\/candas365.es\/noticias\/schweinsteiger-esta-a-punto\/","og:image":"https:\/\/candas365.es\/noticias\/wp-content\/uploads\/2016\/06\/euro2016.jpg","og:image:secure_url":"https:\/\/candas365.es\/noticias\/wp-content\/uploads\/2016\/06\/euro2016.jpg","og:image:width":800,"og:image:height":478,"article:published_time":"2016-06-24T23:23:06+00:00","article:modified_time":"2016-06-24T23:23:06+00:00","article:publisher":"https:\/\/www.facebook.com\/Nachofdezber","article:author":"https:\/\/www.facebook.com\/carrenoactualidad","twitter:card":"summary_large_image","twitter:site":"@NabercoDigital","twitter:title":"Schweinsteiger est\u00e1 \u00aba punto\u00bb | Cand\u00e1s 365","twitter:description":"\u00c9vian-les-Bains (Francia), 24 jun (dpa) - Alemania sigue manteniendo la duda del lesionado central J\u00e9r\u00f4me Boateng para el partido del domingo por los octavos de final de la Eurocopa de f\u00fatbol de Francia, donde sin embargo podr\u00eda recuperar desde el comienzo al capit\u00e1n, Bastian Schweinsteiger. La contractura en el gemelo del jefe de la defensa","twitter:creator":"@nbasturias","twitter:image":"https:\/\/candas365.es\/noticias\/wp-content\/uploads\/2016\/06\/euro2016.jpg","twitter:label1":"Escrito por","twitter:data1":"Cand\u00e1s 365","twitter:label2":"Tiempo de lectura estimado","twitter:data2":"2 minutos"},"aioseo_meta_data":{"post_id":"31214","title":null,"description":null,"keywords":null,"keyphrases":null,"primary_term":null,"canonical_url":null,"og_title":null,"og_description":null,"og_object_type":"default","og_image_type":"default","og_image_url":null,"og_image_width":null,"og_image_height":null,"og_image_custom_url":null,"og_image_custom_fields":null,"og_video":null,"og_custom_url":null,"og_article_section":null,"og_article_tags":null,"twitter_use_og":false,"twitter_card":"default","twitter_image_type":"default","twitter_image_url":null,"twitter_image_custom_url":null,"twitter_image_custom_fields":null,"twitter_title":null,"twitter_description":null,"schema":{"blockGraphs":[],"customGraphs":[],"default":{"data":{"Article":[],"Course":[],"Dataset":[],"FAQPage":[],"Movie":[],"Person":[],"Product":[],"ProductReview":[],"Car":[],"Recipe":[],"Service":[],"SoftwareApplication":[],"WebPage":[]},"graphName":"","isEnabled":true},"graphs":[],"defaultGraph":"","defaultPostTypeGraph":""},"schema_type":null,"schema_type_options":null,"pillar_content":false,"robots_default":true,"robots_noindex":false,"robots_noarchive":false,"robots_nosnippet":false,"robots_nofollow":false,"robots_noimageindex":false,"robots_noodp":false,"robots_notranslate":false,"robots_max_snippet":null,"robots_max_videopreview":null,"robots_max_imagepreview":"large","priority":null,"frequency":null,"location":null,"local_seo":null,"seo_analyzer_scan_date":"2025-08-24 13:34:18","breadcrumb_settings":null,"limit_modified_date":false,"reviewed_by":null,"open_ai":null,"ai":null,"created":"2020-12-21 13:00:37","updated":"2025-08-24 13:34:18"},"aioseo_breadcrumb":"<div class=\"aioseo-breadcrumbs\"><span class=\"aioseo-breadcrumb\">\n\t<a href=\"https:\/\/candas365.es\/noticias\" title=\"Home\">Home<\/a>\n<\/span><span class=\"aioseo-breadcrumb-separator\">&ndash;<\/span><span class=\"aioseo-breadcrumb\">\n\t<a href=\"https:\/\/candas365.es\/noticias\/category\/actualidad\/\" title=\"Actualidad\">Actualidad<\/a>\n<\/span><span class=\"aioseo-breadcrumb-separator\">&ndash;<\/span><span class=\"aioseo-breadcrumb\">\n\tSchweinsteiger est\u00e1 \u00aba punto\u00bb\n<\/span><\/div>","aioseo_breadcrumb_json":[{"label":"Home","link":"https:\/\/candas365.es\/noticias"},{"label":"Actualidad","link":"https:\/\/candas365.es\/noticias\/category\/actualidad\/"},{"label":"Schweinsteiger est\u00e1 \u00aba punto\u00bb","link":"https:\/\/candas365.es\/noticias\/schweinsteiger-esta-a-punto\/"}],"_links":{"self":[{"href":"https:\/\/candas365.es\/noticias\/wp-json\/wp\/v2\/posts\/31214","targetHints":{"allow":["GET"]}}],"collection":[{"href":"https:\/\/candas365.es\/noticias\/wp-json\/wp\/v2\/posts"}],"about":[{"href":"https:\/\/candas365.es\/noticias\/wp-json\/wp\/v2\/types\/post"}],"author":[{"embeddable":true,"href":"https:\/\/candas365.es\/noticias\/wp-json\/wp\/v2\/users\/1"}],"replies":[{"embeddable":true,"href":"https:\/\/candas365.es\/noticias\/wp-json\/wp\/v2\/comments?post=31214"}],"version-history":[{"count":0,"href":"https:\/\/candas365.es\/noticias\/wp-json\/wp\/v2\/posts\/31214\/revisions"}],"wp:featuredmedia":[{"embeddable":true,"href":"https:\/\/candas365.es\/noticias\/wp-json\/wp\/v2\/media\/29884"}],"wp:attachment":[{"href":"https:\/\/candas365.es\/noticias\/wp-json\/wp\/v2\/media?parent=31214"}],"wp:term":[{"taxonomy":"category","embeddable":true,"href":"https:\/\/candas365.es\/noticias\/wp-json\/wp\/v2\/categories?post=31214"},{"taxonomy":"post_tag","embeddable":true,"href":"https:\/\/candas365.es\/noticias\/wp-json\/wp\/v2\/tags?post=31214"}],"curies":[{"name":"wp","href":"https:\/\/api.w.org\/{rel}","templated":true}]}}